{"id":10546,"date":"2026-04-01T12:42:15","date_gmt":"2026-04-01T11:42:15","guid":{"rendered":"https:\/\/biblioteca.blanes.cat\/salajove\/?p=10546"},"modified":"2026-04-11T12:51:37","modified_gmt":"2026-04-11T11:51:37","slug":"activitats-abril-2026","status":"publish","type":"post","link":"https:\/\/biblioteca.blanes.cat\/salajove\/2026\/04\/01\/activitats-abril-2026\/","title":{"rendered":"Activitats ABRIL 2026"},"content":{"rendered":"\n<p>Aquest mes d&#8217;abril totes les activitats juvenils s&#8217;emmarquen dins la programaci\u00f3 de Sant Jordi:<\/p>\n<p><img fetchpriority=\"high\" decoding=\"async\" class=\"aligncenter  wp-image-10548\" src=\"https:\/\/biblioteca.blanes.cat\/salajove\/wp-content\/uploads\/sites\/3\/2026\/04\/Activitats-Sant-Jordi-2026-212x300.jpg\" alt=\"\" width=\"264\" height=\"374\" srcset=\"https:\/\/biblioteca.blanes.cat\/salajove\/wp-content\/uploads\/sites\/3\/2026\/04\/Activitats-Sant-Jordi-2026-212x300.jpg 212w, https:\/\/biblioteca.blanes.cat\/salajove\/wp-content\/uploads\/sites\/3\/2026\/04\/Activitats-Sant-Jordi-2026-724x1024.jpg 724w, https:\/\/biblioteca.blanes.cat\/salajove\/wp-content\/uploads\/sites\/3\/2026\/04\/Activitats-Sant-Jordi-2026-768x1086.jpg 768w, https:\/\/biblioteca.blanes.cat\/salajove\/wp-content\/uploads\/sites\/3\/2026\/04\/Activitats-Sant-Jordi-2026-1086x1536.jpg 1086w, https:\/\/biblioteca.blanes.cat\/salajove\/wp-content\/uploads\/sites\/3\/2026\/04\/Activitats-Sant-Jordi-2026-1448x2048.jpg 1448w, https:\/\/biblioteca.blanes.cat\/salajove\/wp-content\/uploads\/sites\/3\/2026\/04\/Activitats-Sant-Jordi-2026.jpg 1587w\" sizes=\"(max-width: 264px) 100vw, 264px\" \/><\/p>\n<p><span style=\"color: #339966;\"><strong>Club de Lectura Juvenil #emblanats<\/strong><\/span>: comentarem <a href=\"https:\/\/www.edicionssidilla.cat\/els-nostres-llibres\/el-trebinell\/1057-les-veus-de-la-muntanya\"><span style=\"color: #339966;\"><strong><em>Les veus de la muntanya<\/em><\/strong><\/span><\/a>, un recull de llegendes <strong>escrit per Marta Mas\u00f3 i il\u00b7lustrat per Laia Gim\u00e9nez<\/strong> que t\u00e9 l&#8217;objectiu d&#8217;acostar la natura i les criatures fant\u00e0stiques de casa nostra als m\u00e9s joves. La sessi\u00f3 ser\u00e0 el 24 d&#8217;abril a les 17.30 h.<\/p>\n<p><img decoding=\"async\" class=\"aligncenter  wp-image-10547\" src=\"https:\/\/biblioteca.blanes.cat\/salajove\/wp-content\/uploads\/sites\/3\/2026\/04\/CLJ_Les-veus-de-la-muntanya-abr26-212x300.jpg\" alt=\"\" width=\"295\" height=\"417\" srcset=\"https:\/\/biblioteca.blanes.cat\/salajove\/wp-content\/uploads\/sites\/3\/2026\/04\/CLJ_Les-veus-de-la-muntanya-abr26-212x300.jpg 212w, https:\/\/biblioteca.blanes.cat\/salajove\/wp-content\/uploads\/sites\/3\/2026\/04\/CLJ_Les-veus-de-la-muntanya-abr26-724x1024.jpg 724w, https:\/\/biblioteca.blanes.cat\/salajove\/wp-content\/uploads\/sites\/3\/2026\/04\/CLJ_Les-veus-de-la-muntanya-abr26-768x1086.jpg 768w, https:\/\/biblioteca.blanes.cat\/salajove\/wp-content\/uploads\/sites\/3\/2026\/04\/CLJ_Les-veus-de-la-muntanya-abr26-1086x1536.jpg 1086w, https:\/\/biblioteca.blanes.cat\/salajove\/wp-content\/uploads\/sites\/3\/2026\/04\/CLJ_Les-veus-de-la-muntanya-abr26-1448x2048.jpg 1448w, https:\/\/biblioteca.blanes.cat\/salajove\/wp-content\/uploads\/sites\/3\/2026\/04\/CLJ_Les-veus-de-la-muntanya-abr26.jpg 1587w\" sizes=\"(max-width: 295px) 100vw, 295px\" \/><span style=\"color: #339966;\"><strong>Concurs Fes-me pensar:<\/strong><\/span> lliurament de premis el <strong>divendres, 17 d&#8217;abril, a les 9 h del mat\u00ed<\/strong>.<\/p>\n<p><img decoding=\"async\" class=\"aligncenter  wp-image-10549\" src=\"https:\/\/biblioteca.blanes.cat\/salajove\/wp-content\/uploads\/sites\/3\/2026\/04\/Concurs_Fes-me-pensar-abr26-212x300.jpg\" alt=\"\" width=\"285\" height=\"403\" srcset=\"https:\/\/biblioteca.blanes.cat\/salajove\/wp-content\/uploads\/sites\/3\/2026\/04\/Concurs_Fes-me-pensar-abr26-212x300.jpg 212w, https:\/\/biblioteca.blanes.cat\/salajove\/wp-content\/uploads\/sites\/3\/2026\/04\/Concurs_Fes-me-pensar-abr26-724x1024.jpg 724w, https:\/\/biblioteca.blanes.cat\/salajove\/wp-content\/uploads\/sites\/3\/2026\/04\/Concurs_Fes-me-pensar-abr26-768x1086.jpg 768w, https:\/\/biblioteca.blanes.cat\/salajove\/wp-content\/uploads\/sites\/3\/2026\/04\/Concurs_Fes-me-pensar-abr26-1086x1536.jpg 1086w, https:\/\/biblioteca.blanes.cat\/salajove\/wp-content\/uploads\/sites\/3\/2026\/04\/Concurs_Fes-me-pensar-abr26-1448x2048.jpg 1448w, https:\/\/biblioteca.blanes.cat\/salajove\/wp-content\/uploads\/sites\/3\/2026\/04\/Concurs_Fes-me-pensar-abr26.jpg 1587w\" sizes=\"(max-width: 285px) 100vw, 285px\" \/><\/p>\n<p><span style=\"color: #339966;\"><strong>Concurs Boller\u00e9<\/strong><\/span>: el veredicte dels premis de relats breus ser\u00e0 el <strong>22 d&#8217;abril a les 7 de la tarda<\/strong>.<\/p>\n\n\n","protected":false},"excerpt":{"rendered":"<p>Aquest mes d&#8217;abril totes les activitats juvenils s&#8217;emmarquen dins la programaci\u00f3 de Sant Jordi: Club de Lectura Juvenil #emblanats: comentarem Les veus de la muntanya, un recull de llegendes escrit per Marta Mas\u00f3 i il\u00b7lustrat per Laia Gim\u00e9nez que t\u00e9<\/p>\n","protected":false},"author":4,"featured_media":10053,"comment_status":"open","ping_status":"open","sticky":false,"template":"","format":"standard","meta":{"sfsi_plus_gutenberg_text_before_share":"","sfsi_plus_gutenberg_show_text_before_share":"","sfsi_plus_gutenberg_icon_type":"","sfsi_plus_gutenberg_icon_alignemt":"","sfsi_plus_gutenburg_max_per_row":"","footnotes":""},"categories":[3],"tags":[24,98,52,26,19,21],"class_list":["post-10546","post","type-post","status-publish","format-standard","has-post-thumbnail","hentry","category-activitats","tag-activitats","tag-guia-lectura-literatura-llibres","tag-joves","tag-lectura","tag-literatura","tag-llibres"],"yoast_head":"<!-- This site is optimized with the Yoast SEO plugin v27.5 - https:\/\/yoast.com\/product\/yoast-seo-wordpress\/ -->\n<title>Activitats ABRIL 2026 - Sala Jove<\/title>\n<meta name=\"robots\" content=\"index, follow, max-snippet:-1, max-image-preview:large, max-video-preview:-1\" \/>\n<link rel=\"canonical\" href=\"https:\/\/biblioteca.blanes.cat\/salajove\/2026\/04\/01\/activitats-abril-2026\/\" \/>\n<meta property=\"og:locale\" content=\"ca_ES\" \/>\n<meta property=\"og:type\" content=\"article\" \/>\n<meta property=\"og:title\" content=\"Activitats ABRIL 2026 - Sala Jove\" \/>\n<meta property=\"og:description\" content=\"Aquest mes d&#8217;abril totes les activitats juvenils s&#8217;emmarquen dins la programaci\u00f3 de Sant Jordi: Club de Lectura Juvenil #emblanats: comentarem Les veus de la muntanya, un recull de llegendes escrit per Marta Mas\u00f3 i il\u00b7lustrat per Laia Gim\u00e9nez que t\u00e9\" \/>\n<meta property=\"og:url\" content=\"https:\/\/biblioteca.blanes.cat\/salajove\/2026\/04\/01\/activitats-abril-2026\/\" \/>\n<meta property=\"og:site_name\" content=\"Sala Jove\" \/>\n<meta property=\"article:publisher\" content=\"https:\/\/www.facebook.com\/BilbiotecaComarcaldeBlanes\/\" \/>\n<meta property=\"article:published_time\" content=\"2026-04-01T11:42:15+00:00\" \/>\n<meta property=\"article:modified_time\" content=\"2026-04-11T11:51:37+00:00\" \/>\n<meta property=\"og:image\" content=\"https:\/\/biblioteca.blanes.cat\/salajove\/wp-content\/uploads\/sites\/3\/2025\/09\/activitats-joves.jpg\" \/>\n\t<meta property=\"og:image:width\" content=\"1748\" \/>\n\t<meta property=\"og:image:height\" content=\"1240\" \/>\n\t<meta property=\"og:image:type\" content=\"image\/jpeg\" \/>\n<meta name=\"author\" content=\"biblioblanes\" \/>\n<meta name=\"twitter:card\" content=\"summary_large_image\" \/>\n<meta name=\"twitter:creator\" content=\"@biblioblanes\" \/>\n<meta name=\"twitter:site\" content=\"@BiblioBlanes\" \/>\n<meta name=\"twitter:label1\" content=\"Escrit per\" \/>\n\t<meta name=\"twitter:data1\" content=\"biblioblanes\" \/>\n\t<meta name=\"twitter:label2\" content=\"Temps estimat de lectura\" \/>\n\t<meta name=\"twitter:data2\" content=\"2 minuts\" \/>\n<script type=\"application\/ld+json\" class=\"yoast-schema-graph\">{\"@context\":\"https:\\\/\\\/schema.org\",\"@graph\":[{\"@type\":\"Article\",\"@id\":\"https:\\\/\\\/biblioteca.blanes.cat\\\/salajove\\\/2026\\\/04\\\/01\\\/activitats-abril-2026\\\/#article\",\"isPartOf\":{\"@id\":\"https:\\\/\\\/biblioteca.blanes.cat\\\/salajove\\\/2026\\\/04\\\/01\\\/activitats-abril-2026\\\/\"},\"author\":{\"name\":\"biblioblanes\",\"@id\":\"https:\\\/\\\/biblioteca.blanes.cat\\\/salajove\\\/#\\\/schema\\\/person\\\/5a7b46760d9dd611d098bbf571a341dc\"},\"headline\":\"Activitats ABRIL 2026\",\"datePublished\":\"2026-04-01T11:42:15+00:00\",\"dateModified\":\"2026-04-11T11:51:37+00:00\",\"mainEntityOfPage\":{\"@id\":\"https:\\\/\\\/biblioteca.blanes.cat\\\/salajove\\\/2026\\\/04\\\/01\\\/activitats-abril-2026\\\/\"},\"wordCount\":106,\"commentCount\":0,\"publisher\":{\"@id\":\"https:\\\/\\\/biblioteca.blanes.cat\\\/salajove\\\/#organization\"},\"image\":{\"@id\":\"https:\\\/\\\/biblioteca.blanes.cat\\\/salajove\\\/2026\\\/04\\\/01\\\/activitats-abril-2026\\\/#primaryimage\"},\"thumbnailUrl\":\"https:\\\/\\\/biblioteca.blanes.cat\\\/salajove\\\/wp-content\\\/uploads\\\/sites\\\/3\\\/2025\\\/09\\\/activitats-joves.jpg\",\"keywords\":[\"#Activitats\",\"#Guia #Lectura #Literatura #Llibres\",\"#Joves\",\"#Lectura\",\"#Literatura\",\"#Llibres\"],\"articleSection\":[\"AGENDA\"],\"inLanguage\":\"ca\",\"potentialAction\":[{\"@type\":\"CommentAction\",\"name\":\"Comment\",\"target\":[\"https:\\\/\\\/biblioteca.blanes.cat\\\/salajove\\\/2026\\\/04\\\/01\\\/activitats-abril-2026\\\/#respond\"]}]},{\"@type\":\"WebPage\",\"@id\":\"https:\\\/\\\/biblioteca.blanes.cat\\\/salajove\\\/2026\\\/04\\\/01\\\/activitats-abril-2026\\\/\",\"url\":\"https:\\\/\\\/biblioteca.blanes.cat\\\/salajove\\\/2026\\\/04\\\/01\\\/activitats-abril-2026\\\/\",\"name\":\"Activitats ABRIL 2026 - Sala Jove\",\"isPartOf\":{\"@id\":\"https:\\\/\\\/biblioteca.blanes.cat\\\/salajove\\\/#website\"},\"primaryImageOfPage\":{\"@id\":\"https:\\\/\\\/biblioteca.blanes.cat\\\/salajove\\\/2026\\\/04\\\/01\\\/activitats-abril-2026\\\/#primaryimage\"},\"image\":{\"@id\":\"https:\\\/\\\/biblioteca.blanes.cat\\\/salajove\\\/2026\\\/04\\\/01\\\/activitats-abril-2026\\\/#primaryimage\"},\"thumbnailUrl\":\"https:\\\/\\\/biblioteca.blanes.cat\\\/salajove\\\/wp-content\\\/uploads\\\/sites\\\/3\\\/2025\\\/09\\\/activitats-joves.jpg\",\"datePublished\":\"2026-04-01T11:42:15+00:00\",\"dateModified\":\"2026-04-11T11:51:37+00:00\",\"breadcrumb\":{\"@id\":\"https:\\\/\\\/biblioteca.blanes.cat\\\/salajove\\\/2026\\\/04\\\/01\\\/activitats-abril-2026\\\/#breadcrumb\"},\"inLanguage\":\"ca\",\"potentialAction\":[{\"@type\":\"ReadAction\",\"target\":[\"https:\\\/\\\/biblioteca.blanes.cat\\\/salajove\\\/2026\\\/04\\\/01\\\/activitats-abril-2026\\\/\"]}]},{\"@type\":\"ImageObject\",\"inLanguage\":\"ca\",\"@id\":\"https:\\\/\\\/biblioteca.blanes.cat\\\/salajove\\\/2026\\\/04\\\/01\\\/activitats-abril-2026\\\/#primaryimage\",\"url\":\"https:\\\/\\\/biblioteca.blanes.cat\\\/salajove\\\/wp-content\\\/uploads\\\/sites\\\/3\\\/2025\\\/09\\\/activitats-joves.jpg\",\"contentUrl\":\"https:\\\/\\\/biblioteca.blanes.cat\\\/salajove\\\/wp-content\\\/uploads\\\/sites\\\/3\\\/2025\\\/09\\\/activitats-joves.jpg\",\"width\":1748,\"height\":1240},{\"@type\":\"BreadcrumbList\",\"@id\":\"https:\\\/\\\/biblioteca.blanes.cat\\\/salajove\\\/2026\\\/04\\\/01\\\/activitats-abril-2026\\\/#breadcrumb\",\"itemListElement\":[{\"@type\":\"ListItem\",\"position\":1,\"name\":\"Inici\",\"item\":\"https:\\\/\\\/biblioteca.blanes.cat\\\/salajove\\\/\"},{\"@type\":\"ListItem\",\"position\":2,\"name\":\"Activitats ABRIL 2026\"}]},{\"@type\":\"WebSite\",\"@id\":\"https:\\\/\\\/biblioteca.blanes.cat\\\/salajove\\\/#website\",\"url\":\"https:\\\/\\\/biblioteca.blanes.cat\\\/salajove\\\/\",\"name\":\"Sala Jove\",\"description\":\"Biblioteca Comarcal de Blanes\",\"publisher\":{\"@id\":\"https:\\\/\\\/biblioteca.blanes.cat\\\/salajove\\\/#organization\"},\"potentialAction\":[{\"@type\":\"SearchAction\",\"target\":{\"@type\":\"EntryPoint\",\"urlTemplate\":\"https:\\\/\\\/biblioteca.blanes.cat\\\/salajove\\\/?s={search_term_string}\"},\"query-input\":{\"@type\":\"PropertyValueSpecification\",\"valueRequired\":true,\"valueName\":\"search_term_string\"}}],\"inLanguage\":\"ca\"},{\"@type\":\"Organization\",\"@id\":\"https:\\\/\\\/biblioteca.blanes.cat\\\/salajove\\\/#organization\",\"name\":\"Biblioteca Comarcal de Blanes\",\"url\":\"https:\\\/\\\/biblioteca.blanes.cat\\\/salajove\\\/\",\"logo\":{\"@type\":\"ImageObject\",\"inLanguage\":\"ca\",\"@id\":\"https:\\\/\\\/biblioteca.blanes.cat\\\/salajove\\\/#\\\/schema\\\/logo\\\/image\\\/\",\"url\":\"https:\\\/\\\/biblioteca.blanes.cat\\\/salajove\\\/wp-content\\\/uploads\\\/sites\\\/3\\\/2017\\\/09\\\/cropped-Bib-blau-e1518869380535.png\",\"contentUrl\":\"https:\\\/\\\/biblioteca.blanes.cat\\\/salajove\\\/wp-content\\\/uploads\\\/sites\\\/3\\\/2017\\\/09\\\/cropped-Bib-blau-e1518869380535.png\",\"width\":166,\"height\":166,\"caption\":\"Biblioteca Comarcal de Blanes\"},\"image\":{\"@id\":\"https:\\\/\\\/biblioteca.blanes.cat\\\/salajove\\\/#\\\/schema\\\/logo\\\/image\\\/\"},\"sameAs\":[\"https:\\\/\\\/www.facebook.com\\\/BilbiotecaComarcaldeBlanes\\\/\",\"https:\\\/\\\/x.com\\\/BiblioBlanes\",\"https:\\\/\\\/www.instagram.com\\\/biblioblanes\\\/\",\"https:\\\/\\\/www.pinterest.es\\\/bblanes\\\/\",\"https:\\\/\\\/www.youtube.com\\\/c\\\/BibliotecaComarcalBlanes\"]},{\"@type\":\"Person\",\"@id\":\"https:\\\/\\\/biblioteca.blanes.cat\\\/salajove\\\/#\\\/schema\\\/person\\\/5a7b46760d9dd611d098bbf571a341dc\",\"name\":\"biblioblanes\",\"image\":{\"@type\":\"ImageObject\",\"inLanguage\":\"ca\",\"@id\":\"https:\\\/\\\/secure.gravatar.com\\\/avatar\\\/6593ca6cc90e5a70939f51c95e8315483b9c281bafba597292bee47992030f99?s=96&d=mm&r=g\",\"url\":\"https:\\\/\\\/secure.gravatar.com\\\/avatar\\\/6593ca6cc90e5a70939f51c95e8315483b9c281bafba597292bee47992030f99?s=96&d=mm&r=g\",\"contentUrl\":\"https:\\\/\\\/secure.gravatar.com\\\/avatar\\\/6593ca6cc90e5a70939f51c95e8315483b9c281bafba597292bee47992030f99?s=96&d=mm&r=g\",\"caption\":\"biblioblanes\"},\"sameAs\":[\"http:\\\/\\\/www.bibgirona.cat\\\/biblioteca\\\/blanes\",\"https:\\\/\\\/x.com\\\/biblioblanes\"],\"url\":\"https:\\\/\\\/biblioteca.blanes.cat\\\/salajove\\\/author\\\/biblioblanes\\\/\"}]}<\/script>\n<!-- \/ Yoast SEO plugin. -->","yoast_head_json":{"title":"Activitats ABRIL 2026 - Sala Jove","robots":{"index":"index","follow":"follow","max-snippet":"max-snippet:-1","max-image-preview":"max-image-preview:large","max-video-preview":"max-video-preview:-1"},"canonical":"https:\/\/biblioteca.blanes.cat\/salajove\/2026\/04\/01\/activitats-abril-2026\/","og_locale":"ca_ES","og_type":"article","og_title":"Activitats ABRIL 2026 - Sala Jove","og_description":"Aquest mes d&#8217;abril totes les activitats juvenils s&#8217;emmarquen dins la programaci\u00f3 de Sant Jordi: Club de Lectura Juvenil #emblanats: comentarem Les veus de la muntanya, un recull de llegendes escrit per Marta Mas\u00f3 i il\u00b7lustrat per Laia Gim\u00e9nez que t\u00e9","og_url":"https:\/\/biblioteca.blanes.cat\/salajove\/2026\/04\/01\/activitats-abril-2026\/","og_site_name":"Sala Jove","article_publisher":"https:\/\/www.facebook.com\/BilbiotecaComarcaldeBlanes\/","article_published_time":"2026-04-01T11:42:15+00:00","article_modified_time":"2026-04-11T11:51:37+00:00","og_image":[{"width":1748,"height":1240,"url":"https:\/\/biblioteca.blanes.cat\/salajove\/wp-content\/uploads\/sites\/3\/2025\/09\/activitats-joves.jpg","type":"image\/jpeg"}],"author":"biblioblanes","twitter_card":"summary_large_image","twitter_creator":"@biblioblanes","twitter_site":"@BiblioBlanes","twitter_misc":{"Escrit per":"biblioblanes","Temps estimat de lectura":"2 minuts"},"schema":{"@context":"https:\/\/schema.org","@graph":[{"@type":"Article","@id":"https:\/\/biblioteca.blanes.cat\/salajove\/2026\/04\/01\/activitats-abril-2026\/#article","isPartOf":{"@id":"https:\/\/biblioteca.blanes.cat\/salajove\/2026\/04\/01\/activitats-abril-2026\/"},"author":{"name":"biblioblanes","@id":"https:\/\/biblioteca.blanes.cat\/salajove\/#\/schema\/person\/5a7b46760d9dd611d098bbf571a341dc"},"headline":"Activitats ABRIL 2026","datePublished":"2026-04-01T11:42:15+00:00","dateModified":"2026-04-11T11:51:37+00:00","mainEntityOfPage":{"@id":"https:\/\/biblioteca.blanes.cat\/salajove\/2026\/04\/01\/activitats-abril-2026\/"},"wordCount":106,"commentCount":0,"publisher":{"@id":"https:\/\/biblioteca.blanes.cat\/salajove\/#organization"},"image":{"@id":"https:\/\/biblioteca.blanes.cat\/salajove\/2026\/04\/01\/activitats-abril-2026\/#primaryimage"},"thumbnailUrl":"https:\/\/biblioteca.blanes.cat\/salajove\/wp-content\/uploads\/sites\/3\/2025\/09\/activitats-joves.jpg","keywords":["#Activitats","#Guia #Lectura #Literatura #Llibres","#Joves","#Lectura","#Literatura","#Llibres"],"articleSection":["AGENDA"],"inLanguage":"ca","potentialAction":[{"@type":"CommentAction","name":"Comment","target":["https:\/\/biblioteca.blanes.cat\/salajove\/2026\/04\/01\/activitats-abril-2026\/#respond"]}]},{"@type":"WebPage","@id":"https:\/\/biblioteca.blanes.cat\/salajove\/2026\/04\/01\/activitats-abril-2026\/","url":"https:\/\/biblioteca.blanes.cat\/salajove\/2026\/04\/01\/activitats-abril-2026\/","name":"Activitats ABRIL 2026 - Sala Jove","isPartOf":{"@id":"https:\/\/biblioteca.blanes.cat\/salajove\/#website"},"primaryImageOfPage":{"@id":"https:\/\/biblioteca.blanes.cat\/salajove\/2026\/04\/01\/activitats-abril-2026\/#primaryimage"},"image":{"@id":"https:\/\/biblioteca.blanes.cat\/salajove\/2026\/04\/01\/activitats-abril-2026\/#primaryimage"},"thumbnailUrl":"https:\/\/biblioteca.blanes.cat\/salajove\/wp-content\/uploads\/sites\/3\/2025\/09\/activitats-joves.jpg","datePublished":"2026-04-01T11:42:15+00:00","dateModified":"2026-04-11T11:51:37+00:00","breadcrumb":{"@id":"https:\/\/biblioteca.blanes.cat\/salajove\/2026\/04\/01\/activitats-abril-2026\/#breadcrumb"},"inLanguage":"ca","potentialAction":[{"@type":"ReadAction","target":["https:\/\/biblioteca.blanes.cat\/salajove\/2026\/04\/01\/activitats-abril-2026\/"]}]},{"@type":"ImageObject","inLanguage":"ca","@id":"https:\/\/biblioteca.blanes.cat\/salajove\/2026\/04\/01\/activitats-abril-2026\/#primaryimage","url":"https:\/\/biblioteca.blanes.cat\/salajove\/wp-content\/uploads\/sites\/3\/2025\/09\/activitats-joves.jpg","contentUrl":"https:\/\/biblioteca.blanes.cat\/salajove\/wp-content\/uploads\/sites\/3\/2025\/09\/activitats-joves.jpg","width":1748,"height":1240},{"@type":"BreadcrumbList","@id":"https:\/\/biblioteca.blanes.cat\/salajove\/2026\/04\/01\/activitats-abril-2026\/#breadcrumb","itemListElement":[{"@type":"ListItem","position":1,"name":"Inici","item":"https:\/\/biblioteca.blanes.cat\/salajove\/"},{"@type":"ListItem","position":2,"name":"Activitats ABRIL 2026"}]},{"@type":"WebSite","@id":"https:\/\/biblioteca.blanes.cat\/salajove\/#website","url":"https:\/\/biblioteca.blanes.cat\/salajove\/","name":"Sala Jove","description":"Biblioteca Comarcal de Blanes","publisher":{"@id":"https:\/\/biblioteca.blanes.cat\/salajove\/#organization"},"potentialAction":[{"@type":"SearchAction","target":{"@type":"EntryPoint","urlTemplate":"https:\/\/biblioteca.blanes.cat\/salajove\/?s={search_term_string}"},"query-input":{"@type":"PropertyValueSpecification","valueRequired":true,"valueName":"search_term_string"}}],"inLanguage":"ca"},{"@type":"Organization","@id":"https:\/\/biblioteca.blanes.cat\/salajove\/#organization","name":"Biblioteca Comarcal de Blanes","url":"https:\/\/biblioteca.blanes.cat\/salajove\/","logo":{"@type":"ImageObject","inLanguage":"ca","@id":"https:\/\/biblioteca.blanes.cat\/salajove\/#\/schema\/logo\/image\/","url":"https:\/\/biblioteca.blanes.cat\/salajove\/wp-content\/uploads\/sites\/3\/2017\/09\/cropped-Bib-blau-e1518869380535.png","contentUrl":"https:\/\/biblioteca.blanes.cat\/salajove\/wp-content\/uploads\/sites\/3\/2017\/09\/cropped-Bib-blau-e1518869380535.png","width":166,"height":166,"caption":"Biblioteca Comarcal de Blanes"},"image":{"@id":"https:\/\/biblioteca.blanes.cat\/salajove\/#\/schema\/logo\/image\/"},"sameAs":["https:\/\/www.facebook.com\/BilbiotecaComarcaldeBlanes\/","https:\/\/x.com\/BiblioBlanes","https:\/\/www.instagram.com\/biblioblanes\/","https:\/\/www.pinterest.es\/bblanes\/","https:\/\/www.youtube.com\/c\/BibliotecaComarcalBlanes"]},{"@type":"Person","@id":"https:\/\/biblioteca.blanes.cat\/salajove\/#\/schema\/person\/5a7b46760d9dd611d098bbf571a341dc","name":"biblioblanes","image":{"@type":"ImageObject","inLanguage":"ca","@id":"https:\/\/secure.gravatar.com\/avatar\/6593ca6cc90e5a70939f51c95e8315483b9c281bafba597292bee47992030f99?s=96&d=mm&r=g","url":"https:\/\/secure.gravatar.com\/avatar\/6593ca6cc90e5a70939f51c95e8315483b9c281bafba597292bee47992030f99?s=96&d=mm&r=g","contentUrl":"https:\/\/secure.gravatar.com\/avatar\/6593ca6cc90e5a70939f51c95e8315483b9c281bafba597292bee47992030f99?s=96&d=mm&r=g","caption":"biblioblanes"},"sameAs":["http:\/\/www.bibgirona.cat\/biblioteca\/blanes","https:\/\/x.com\/biblioblanes"],"url":"https:\/\/biblioteca.blanes.cat\/salajove\/author\/biblioblanes\/"}]}},"_links":{"self":[{"href":"https:\/\/biblioteca.blanes.cat\/salajove\/wp-json\/wp\/v2\/posts\/10546","targetHints":{"allow":["GET"]}}],"collection":[{"href":"https:\/\/biblioteca.blanes.cat\/salajove\/wp-json\/wp\/v2\/posts"}],"about":[{"href":"https:\/\/biblioteca.blanes.cat\/salajove\/wp-json\/wp\/v2\/types\/post"}],"author":[{"embeddable":true,"href":"https:\/\/biblioteca.blanes.cat\/salajove\/wp-json\/wp\/v2\/users\/4"}],"replies":[{"embeddable":true,"href":"https:\/\/biblioteca.blanes.cat\/salajove\/wp-json\/wp\/v2\/comments?post=10546"}],"version-history":[{"count":1,"href":"https:\/\/biblioteca.blanes.cat\/salajove\/wp-json\/wp\/v2\/posts\/10546\/revisions"}],"predecessor-version":[{"id":10550,"href":"https:\/\/biblioteca.blanes.cat\/salajove\/wp-json\/wp\/v2\/posts\/10546\/revisions\/10550"}],"wp:featuredmedia":[{"embeddable":true,"href":"https:\/\/biblioteca.blanes.cat\/salajove\/wp-json\/wp\/v2\/media\/10053"}],"wp:attachment":[{"href":"https:\/\/biblioteca.blanes.cat\/salajove\/wp-json\/wp\/v2\/media?parent=10546"}],"wp:term":[{"taxonomy":"category","embeddable":true,"href":"https:\/\/biblioteca.blanes.cat\/salajove\/wp-json\/wp\/v2\/categories?post=10546"},{"taxonomy":"post_tag","embeddable":true,"href":"https:\/\/biblioteca.blanes.cat\/salajove\/wp-json\/wp\/v2\/tags?post=10546"}],"curies":[{"name":"wp","href":"https:\/\/api.w.org\/{rel}","templated":true}]}}