{"id":10511,"date":"2026-04-01T12:36:36","date_gmt":"2026-04-01T11:36:36","guid":{"rendered":"https:\/\/biblioteca.blanes.cat\/salajove\/?p=10511"},"modified":"2026-04-11T12:41:47","modified_gmt":"2026-04-11T11:41:47","slug":"biblioteca-jove-blanes-novetats-abril","status":"publish","type":"post","link":"https:\/\/biblioteca.blanes.cat\/salajove\/2026\/04\/01\/biblioteca-jove-blanes-novetats-abril\/","title":{"rendered":"Biblioteca Jove Blanes \u2013 Novetats abril"},"content":{"rendered":"\n\n\n<p>Aqu\u00ed teniu les novetats de mar\u00e7 de la Sala Jove: novel\u00b7les, c\u00f2mics, audiovisuals, mat\u00e8ries, centres d\u2019inter\u00e8s i Mar.<\/p>\n<h1 style=\"text-align: center;\"><strong>NOVEL\u00b7LES<\/strong><\/h1>\n<div id='gallery-1' class='gallery galleryid-10511 gallery-columns-3 gallery-size-medium'><figure class='gallery-item'>\n\t\t\t<div class='gallery-icon portrait'>\n\t\t\t\t<a href='https:\/\/biblioteca.blanes.cat\/salajove\/2026\/04\/01\/biblioteca-jove-blanes-novetats-abril\/blue-jeans-lultima-vegada-que-penso-en-tu\/'><img fetchpriority=\"high\" decoding=\"async\" width=\"183\" height=\"276\" src=\"https:\/\/biblioteca.blanes.cat\/salajove\/wp-content\/uploads\/sites\/3\/2026\/04\/BLUE-JEANS.-Lultima-vegada-que-penso-en-tu.jpg\" class=\"attachment-medium size-medium\" alt=\"\" \/><\/a>\n\t\t\t<\/div><\/figure><figure class='gallery-item'>\n\t\t\t<div class='gallery-icon portrait'>\n\t\t\t\t<a href='https:\/\/biblioteca.blanes.cat\/salajove\/2026\/04\/01\/biblioteca-jove-blanes-novetats-abril\/broadbent-carissa-la-serp-i-les-ales-de-la-nit\/'><img decoding=\"async\" width=\"185\" height=\"273\" src=\"https:\/\/biblioteca.blanes.cat\/salajove\/wp-content\/uploads\/sites\/3\/2026\/04\/BROADBENT-Carissa.-La-serp-i-les-ales-de-la-nit.jpg\" class=\"attachment-medium size-medium\" alt=\"\" \/><\/a>\n\t\t\t<\/div><\/figure><figure class='gallery-item'>\n\t\t\t<div class='gallery-icon portrait'>\n\t\t\t\t<a href='https:\/\/biblioteca.blanes.cat\/salajove\/2026\/04\/01\/biblioteca-jove-blanes-novetats-abril\/cawthon-scott-splat\/'><img decoding=\"async\" width=\"183\" height=\"275\" src=\"https:\/\/biblioteca.blanes.cat\/salajove\/wp-content\/uploads\/sites\/3\/2026\/04\/CAWTHON-Scott.-Splat.jpg\" class=\"attachment-medium size-medium\" alt=\"\" \/><\/a>\n\t\t\t<\/div><\/figure><figure class='gallery-item'>\n\t\t\t<div class='gallery-icon landscape'>\n\t\t\t\t<a href='https:\/\/biblioteca.blanes.cat\/salajove\/2026\/04\/01\/biblioteca-jove-blanes-novetats-abril\/frances-jose-antonio-una-setmana-sense-mobil\/'><img loading=\"lazy\" decoding=\"async\" width=\"225\" height=\"225\" src=\"https:\/\/biblioteca.blanes.cat\/salajove\/wp-content\/uploads\/sites\/3\/2026\/04\/FRANCES-Jose-Antonio.-Una-setmana-sense-mobil.jpg\" class=\"attachment-medium size-medium\" alt=\"\" srcset=\"https:\/\/biblioteca.blanes.cat\/salajove\/wp-content\/uploads\/sites\/3\/2026\/04\/FRANCES-Jose-Antonio.-Una-setmana-sense-mobil.jpg 225w, https:\/\/biblioteca.blanes.cat\/salajove\/wp-content\/uploads\/sites\/3\/2026\/04\/FRANCES-Jose-Antonio.-Una-setmana-sense-mobil-150x150.jpg 150w\" sizes=\"(max-width: 225px) 100vw, 225px\" \/><\/a>\n\t\t\t<\/div><\/figure><figure class='gallery-item'>\n\t\t\t<div class='gallery-icon portrait'>\n\t\t\t\t<a href='https:\/\/biblioteca.blanes.cat\/salajove\/2026\/04\/01\/biblioteca-jove-blanes-novetats-abril\/garcia-torrico-pedro-tres-histories-sorprenents-primera-part\/'><img loading=\"lazy\" decoding=\"async\" width=\"191\" height=\"263\" src=\"https:\/\/biblioteca.blanes.cat\/salajove\/wp-content\/uploads\/sites\/3\/2026\/04\/GARCIA-TORRICO-Pedro.-Tres-histories-sorprenents-primera-part.jpg\" class=\"attachment-medium size-medium\" alt=\"\" \/><\/a>\n\t\t\t<\/div><\/figure><figure class='gallery-item'>\n\t\t\t<div class='gallery-icon portrait'>\n\t\t\t\t<a href='https:\/\/biblioteca.blanes.cat\/salajove\/2026\/04\/01\/biblioteca-jove-blanes-novetats-abril\/gil-cheza-angel-nunca-amanece-en-la-isla-de-los-alacranes\/'><img loading=\"lazy\" decoding=\"async\" width=\"183\" height=\"275\" src=\"https:\/\/biblioteca.blanes.cat\/salajove\/wp-content\/uploads\/sites\/3\/2026\/04\/GIL-CHEZA-Angel.-Nunca-amanece-en-la-isla-de-los-alacranes.png\" class=\"attachment-medium size-medium\" alt=\"\" \/><\/a>\n\t\t\t<\/div><\/figure><figure class='gallery-item'>\n\t\t\t<div class='gallery-icon portrait'>\n\t\t\t\t<a href='https:\/\/biblioteca.blanes.cat\/salajove\/2026\/04\/01\/biblioteca-jove-blanes-novetats-abril\/mas-aubanell-ramon-lultima-nit-abans-de-perdrens\/'><img loading=\"lazy\" decoding=\"async\" width=\"182\" height=\"276\" src=\"https:\/\/biblioteca.blanes.cat\/salajove\/wp-content\/uploads\/sites\/3\/2026\/04\/MAS-AUBANELL-Ramon.-LUltima-nit-abans-de-perdrens.jpg\" class=\"attachment-medium size-medium\" alt=\"\" \/><\/a>\n\t\t\t<\/div><\/figure><figure class='gallery-item'>\n\t\t\t<div class='gallery-icon portrait'>\n\t\t\t\t<a href='https:\/\/biblioteca.blanes.cat\/salajove\/2026\/04\/01\/biblioteca-jove-blanes-novetats-abril\/oses-beatriz-la-tumba-de-walter-malone\/'><img loading=\"lazy\" decoding=\"async\" width=\"189\" height=\"267\" src=\"https:\/\/biblioteca.blanes.cat\/salajove\/wp-content\/uploads\/sites\/3\/2026\/04\/OSES-Beatriz.-La-Tumba-de-Walter-Malone.jpg\" class=\"attachment-medium size-medium\" alt=\"\" \/><\/a>\n\t\t\t<\/div><\/figure><figure class='gallery-item'>\n\t\t\t<div class='gallery-icon portrait'>\n\t\t\t\t<a href='https:\/\/biblioteca.blanes.cat\/salajove\/2026\/04\/01\/biblioteca-jove-blanes-novetats-abril\/pilkey-dav-hi-havia-una-vegada-el-joanot\/'><img loading=\"lazy\" decoding=\"async\" width=\"183\" height=\"276\" src=\"https:\/\/biblioteca.blanes.cat\/salajove\/wp-content\/uploads\/sites\/3\/2026\/04\/PILKEY-Dav.-Hi-havia-una-vegada-el-Joanot.jpg\" class=\"attachment-medium size-medium\" alt=\"\" \/><\/a>\n\t\t\t<\/div><\/figure><figure class='gallery-item'>\n\t\t\t<div class='gallery-icon portrait'>\n\t\t\t\t<a href='https:\/\/biblioteca.blanes.cat\/salajove\/2026\/04\/01\/biblioteca-jove-blanes-novetats-abril\/rodriguez-ferrer-josep-mentre-les-ales-mho-permetin\/'><img loading=\"lazy\" decoding=\"async\" width=\"185\" height=\"273\" src=\"https:\/\/biblioteca.blanes.cat\/salajove\/wp-content\/uploads\/sites\/3\/2026\/04\/RODRIGUEZ-FERRER-Josep.-Mentre-les-ales-mho-permetin.jpg\" class=\"attachment-medium size-medium\" alt=\"\" \/><\/a>\n\t\t\t<\/div><\/figure><figure class='gallery-item'>\n\t\t\t<div class='gallery-icon portrait'>\n\t\t\t\t<a href='https:\/\/biblioteca.blanes.cat\/salajove\/2026\/04\/01\/biblioteca-jove-blanes-novetats-abril\/rodriguez-francesca-la-vida-a-mitges\/'><img loading=\"lazy\" decoding=\"async\" width=\"185\" height=\"272\" src=\"https:\/\/biblioteca.blanes.cat\/salajove\/wp-content\/uploads\/sites\/3\/2026\/04\/RODRIGUEZ-Francesca.-La-vida-a-mitges.jpg\" class=\"attachment-medium size-medium\" alt=\"\" \/><\/a>\n\t\t\t<\/div><\/figure><figure class='gallery-item'>\n\t\t\t<div class='gallery-icon portrait'>\n\t\t\t\t<a href='https:\/\/biblioteca.blanes.cat\/salajove\/2026\/04\/01\/biblioteca-jove-blanes-novetats-abril\/rubiales-imma-todos-los-lugares-que-mantuvimos-en-secreto\/'><img loading=\"lazy\" decoding=\"async\" width=\"181\" height=\"278\" src=\"https:\/\/biblioteca.blanes.cat\/salajove\/wp-content\/uploads\/sites\/3\/2026\/04\/RUBIALES-Imma.-Todos-los-lugares-que-mantuvimos-en-secreto.jpg\" class=\"attachment-medium size-medium\" alt=\"\" \/><\/a>\n\t\t\t<\/div><\/figure><figure class='gallery-item'>\n\t\t\t<div class='gallery-icon portrait'>\n\t\t\t\t<a href='https:\/\/biblioteca.blanes.cat\/salajove\/2026\/04\/01\/biblioteca-jove-blanes-novetats-abril\/sabate-victor-la-profecia-equivocada\/'><img loading=\"lazy\" decoding=\"async\" width=\"183\" height=\"276\" src=\"https:\/\/biblioteca.blanes.cat\/salajove\/wp-content\/uploads\/sites\/3\/2026\/04\/SABATE-Victor.-La-Profecia-equivocada.jpg\" class=\"attachment-medium size-medium\" alt=\"\" \/><\/a>\n\t\t\t<\/div><\/figure><figure class='gallery-item'>\n\t\t\t<div class='gallery-icon portrait'>\n\t\t\t\t<a href='https:\/\/biblioteca.blanes.cat\/salajove\/2026\/04\/01\/biblioteca-jove-blanes-novetats-abril\/ventura-joan-carles-planeta-indultat\/'><img loading=\"lazy\" decoding=\"async\" width=\"186\" height=\"271\" src=\"https:\/\/biblioteca.blanes.cat\/salajove\/wp-content\/uploads\/sites\/3\/2026\/04\/VENTURA-Joan-Carles.-Planeta-indultat.jpg\" class=\"attachment-medium size-medium\" alt=\"\" \/><\/a>\n\t\t\t<\/div><\/figure><figure class='gallery-item'>\n\t\t\t<div class='gallery-icon portrait'>\n\t\t\t\t<a href='https:\/\/biblioteca.blanes.cat\/salajove\/2026\/04\/01\/biblioteca-jove-blanes-novetats-abril\/yu-yeong-gwang-la-tienda-que-abre-al-llover\/'><img loading=\"lazy\" decoding=\"async\" width=\"190\" height=\"266\" src=\"https:\/\/biblioteca.blanes.cat\/salajove\/wp-content\/uploads\/sites\/3\/2026\/04\/YU-Yeong-Gwang.-La-Tienda-que-abre-al-llover.jpg\" class=\"attachment-medium size-medium\" alt=\"\" \/><\/a>\n\t\t\t<\/div><\/figure>\n\t\t<\/div>\n\n<h1 style=\"text-align: center;\"><strong>C\u00d2MICS<\/strong><\/h1>\n<div id='gallery-2' class='gallery galleryid-10511 gallery-columns-3 gallery-size-medium'><figure class='gallery-item'>\n\t\t\t<div class='gallery-icon landscape'>\n\t\t\t\t<a href='https:\/\/biblioteca.blanes.cat\/salajove\/2026\/04\/01\/biblioteca-jove-blanes-novetats-abril\/brubaker-ed-friday-llibre-3-ja-torna\/'><img loading=\"lazy\" decoding=\"async\" width=\"225\" height=\"225\" src=\"https:\/\/biblioteca.blanes.cat\/salajove\/wp-content\/uploads\/sites\/3\/2026\/04\/BRUBAKER-Ed.-Friday.-Llibre-3-Ja-torna.jpg\" class=\"attachment-medium size-medium\" alt=\"\" srcset=\"https:\/\/biblioteca.blanes.cat\/salajove\/wp-content\/uploads\/sites\/3\/2026\/04\/BRUBAKER-Ed.-Friday.-Llibre-3-Ja-torna.jpg 225w, https:\/\/biblioteca.blanes.cat\/salajove\/wp-content\/uploads\/sites\/3\/2026\/04\/BRUBAKER-Ed.-Friday.-Llibre-3-Ja-torna-150x150.jpg 150w\" sizes=\"(max-width: 225px) 100vw, 225px\" \/><\/a>\n\t\t\t<\/div><\/figure><figure class='gallery-item'>\n\t\t\t<div class='gallery-icon portrait'>\n\t\t\t\t<a href='https:\/\/biblioteca.blanes.cat\/salajove\/2026\/04\/01\/biblioteca-jove-blanes-novetats-abril\/gonzalez-vilar-catalina-caperucita-en-manhattan\/'><img loading=\"lazy\" decoding=\"async\" width=\"195\" height=\"258\" src=\"https:\/\/biblioteca.blanes.cat\/salajove\/wp-content\/uploads\/sites\/3\/2026\/04\/GONZALEZ-VILAR-Catalina.-Caperucita-en-Manhattan.jpg\" class=\"attachment-medium size-medium\" alt=\"\" \/><\/a>\n\t\t\t<\/div><\/figure><figure class='gallery-item'>\n\t\t\t<div class='gallery-icon portrait'>\n\t\t\t\t<a href='https:\/\/biblioteca.blanes.cat\/salajove\/2026\/04\/01\/biblioteca-jove-blanes-novetats-abril\/horikoshi-kohei-my-hero-academia-vol-18\/'><img loading=\"lazy\" decoding=\"async\" width=\"183\" height=\"275\" src=\"https:\/\/biblioteca.blanes.cat\/salajove\/wp-content\/uploads\/sites\/3\/2026\/04\/HORIKOSHI-Kohei.-My-hero-academia-vol.18.jpg\" class=\"attachment-medium size-medium\" alt=\"\" \/><\/a>\n\t\t\t<\/div><\/figure><figure class='gallery-item'>\n\t\t\t<div class='gallery-icon portrait'>\n\t\t\t\t<a href='https:\/\/biblioteca.blanes.cat\/salajove\/2026\/04\/01\/biblioteca-jove-blanes-novetats-abril\/horikoshi-kohei-my-hero-academia-vol-19\/'><img loading=\"lazy\" decoding=\"async\" width=\"183\" height=\"275\" src=\"https:\/\/biblioteca.blanes.cat\/salajove\/wp-content\/uploads\/sites\/3\/2026\/04\/HORIKOSHI-Kohei.-My-hero-academia-vol.19.jpg\" class=\"attachment-medium size-medium\" alt=\"\" \/><\/a>\n\t\t\t<\/div><\/figure><figure class='gallery-item'>\n\t\t\t<div class='gallery-icon portrait'>\n\t\t\t\t<a href='https:\/\/biblioteca.blanes.cat\/salajove\/2026\/04\/01\/biblioteca-jove-blanes-novetats-abril\/horikoshi-kohei-my-hero-academia-vol-20\/'><img loading=\"lazy\" decoding=\"async\" width=\"180\" height=\"280\" src=\"https:\/\/biblioteca.blanes.cat\/salajove\/wp-content\/uploads\/sites\/3\/2026\/04\/HORIKOSHI-Kohei.-My-hero-academia-vol.20.jpg\" class=\"attachment-medium size-medium\" alt=\"\" \/><\/a>\n\t\t\t<\/div><\/figure><figure class='gallery-item'>\n\t\t\t<div class='gallery-icon portrait'>\n\t\t\t\t<a href='https:\/\/biblioteca.blanes.cat\/salajove\/2026\/04\/01\/biblioteca-jove-blanes-novetats-abril\/ibanez-francisco-monstruos-de-pacotilla-que-pesadilla\/'><img loading=\"lazy\" decoding=\"async\" width=\"190\" height=\"265\" src=\"https:\/\/biblioteca.blanes.cat\/salajove\/wp-content\/uploads\/sites\/3\/2026\/04\/IBANEZ-Francisco.-Monstruos-de-pacotilla.-\u00a1que-pesadilla.jpg\" class=\"attachment-medium size-medium\" alt=\"\" \/><\/a>\n\t\t\t<\/div><\/figure><figure class='gallery-item'>\n\t\t\t<div class='gallery-icon portrait'>\n\t\t\t\t<a href='https:\/\/biblioteca.blanes.cat\/salajove\/2026\/04\/01\/biblioteca-jove-blanes-novetats-abril\/kishimoto-masahi-naruto-vol-7\/'><img loading=\"lazy\" decoding=\"async\" width=\"182\" height=\"277\" src=\"https:\/\/biblioteca.blanes.cat\/salajove\/wp-content\/uploads\/sites\/3\/2026\/04\/KISHIMOTO-Masahi.-Naruto-vol.-7.jpg\" class=\"attachment-medium size-medium\" alt=\"\" \/><\/a>\n\t\t\t<\/div><\/figure><figure class='gallery-item'>\n\t\t\t<div class='gallery-icon portrait'>\n\t\t\t\t<a href='https:\/\/biblioteca.blanes.cat\/salajove\/2026\/04\/01\/biblioteca-jove-blanes-novetats-abril\/ogle-rex-cara-pizza\/'><img loading=\"lazy\" decoding=\"async\" width=\"186\" height=\"271\" src=\"https:\/\/biblioteca.blanes.cat\/salajove\/wp-content\/uploads\/sites\/3\/2026\/04\/OGLE-Rex.-Cara-pizza.jpg\" class=\"attachment-medium size-medium\" alt=\"\" \/><\/a>\n\t\t\t<\/div><\/figure>\n\t\t<\/div>\n\n<h1 style=\"text-align: center;\"><strong>MAT\u00c8RIES<\/strong><\/h1>\n<div id='gallery-3' class='gallery galleryid-10511 gallery-columns-3 gallery-size-medium'><figure class='gallery-item'>\n\t\t\t<div class='gallery-icon portrait'>\n\t\t\t\t<a href='https:\/\/biblioteca.blanes.cat\/salajove\/2026\/04\/01\/biblioteca-jove-blanes-novetats-abril\/bertran-mo-rebels-pel-clima-dones-que-defensen\/'><img loading=\"lazy\" decoding=\"async\" width=\"190\" height=\"265\" src=\"https:\/\/biblioteca.blanes.cat\/salajove\/wp-content\/uploads\/sites\/3\/2026\/04\/BERTRAN-Mo.-Rebels-pel-clima-dones-que-defensen.jpg\" class=\"attachment-medium size-medium\" alt=\"\" \/><\/a>\n\t\t\t<\/div><\/figure><figure class='gallery-item'>\n\t\t\t<div class='gallery-icon portrait'>\n\t\t\t\t<a href='https:\/\/biblioteca.blanes.cat\/salajove\/2026\/04\/01\/biblioteca-jove-blanes-novetats-abril\/maso-marta-les-veus-de-la-muntanya-llegendes\/'><img loading=\"lazy\" decoding=\"async\" width=\"188\" height=\"268\" src=\"https:\/\/biblioteca.blanes.cat\/salajove\/wp-content\/uploads\/sites\/3\/2026\/04\/MASO-Marta.-Les-Veus-de-la-muntanya-llegendes.jpg\" class=\"attachment-medium size-medium\" alt=\"\" \/><\/a>\n\t\t\t<\/div><\/figure><figure class='gallery-item'>\n\t\t\t<div class='gallery-icon portrait'>\n\t\t\t\t<a href='https:\/\/biblioteca.blanes.cat\/salajove\/2026\/04\/01\/biblioteca-jove-blanes-novetats-abril\/pretor-pinney-gavin-observar-las-nubes\/'><img loading=\"lazy\" decoding=\"async\" width=\"198\" height=\"255\" src=\"https:\/\/biblioteca.blanes.cat\/salajove\/wp-content\/uploads\/sites\/3\/2026\/04\/PRETOR-PINNEY-Gavin-Observar-las-nubes.jpg\" class=\"attachment-medium size-medium\" alt=\"\" \/><\/a>\n\t\t\t<\/div><\/figure><figure class='gallery-item'>\n\t\t\t<div class='gallery-icon portrait'>\n\t\t\t\t<a href='https:\/\/biblioteca.blanes.cat\/salajove\/2026\/04\/01\/biblioteca-jove-blanes-novetats-abril\/saura-estapa-victor-aquest-confus-i-desigual-mon\/'><img loading=\"lazy\" decoding=\"async\" width=\"190\" height=\"266\" src=\"https:\/\/biblioteca.blanes.cat\/salajove\/wp-content\/uploads\/sites\/3\/2026\/04\/SAURA-ESTAPA-Victor.-Aquest-confus-i-desigual-mon.jpg\" class=\"attachment-medium size-medium\" alt=\"\" \/><\/a>\n\t\t\t<\/div><\/figure>\n\t\t<\/div>\n\n<h1 style=\"text-align: center;\"><strong>AUDIOVISUALS<\/strong><\/h1>\n<div id='gallery-4' class='gallery galleryid-10511 gallery-columns-3 gallery-size-medium'><figure class='gallery-item'>\n\t\t\t<div class='gallery-icon portrait'>\n\t\t\t\t<a href='https:\/\/biblioteca.blanes.cat\/salajove\/2026\/04\/01\/biblioteca-jove-blanes-novetats-abril\/absolutamente-todo-terry-jones\/'><img loading=\"lazy\" decoding=\"async\" width=\"187\" height=\"270\" src=\"https:\/\/biblioteca.blanes.cat\/salajove\/wp-content\/uploads\/sites\/3\/2026\/04\/Absolutamente-todo-Terry-Jones.jpg\" class=\"attachment-medium size-medium\" alt=\"\" \/><\/a>\n\t\t\t<\/div><\/figure><figure class='gallery-item'>\n\t\t\t<div class='gallery-icon portrait'>\n\t\t\t\t<a href='https:\/\/biblioteca.blanes.cat\/salajove\/2026\/04\/01\/biblioteca-jove-blanes-novetats-abril\/jurassic-world-dominion-colin-trevorrow\/'><img loading=\"lazy\" decoding=\"async\" width=\"158\" height=\"225\" src=\"https:\/\/biblioteca.blanes.cat\/salajove\/wp-content\/uploads\/sites\/3\/2026\/04\/Jurassic-world-dominion-Colin-Trevorrow.jpg\" class=\"attachment-medium size-medium\" alt=\"\" \/><\/a>\n\t\t\t<\/div><\/figure>\n\t\t<\/div>\n\n<h1 style=\"text-align: center;\"><strong>CENTRES D&#8217;INTER\u00c8S I MAR<\/strong><\/h1>\n<div id='gallery-5' class='gallery galleryid-10511 gallery-columns-3 gallery-size-medium'><figure class='gallery-item'>\n\t\t\t<div class='gallery-icon portrait'>\n\t\t\t\t<a href='https:\/\/biblioteca.blanes.cat\/salajove\/2026\/04\/01\/biblioteca-jove-blanes-novetats-abril\/melchers-bettina-wir-alle-1-1\/'><img loading=\"lazy\" decoding=\"async\" width=\"209\" height=\"279\" src=\"https:\/\/biblioteca.blanes.cat\/salajove\/wp-content\/uploads\/sites\/3\/2026\/04\/MELCHERS-Bettina.-Wir-alle-1.1.jpg\" class=\"attachment-medium size-medium\" alt=\"\" \/><\/a>\n\t\t\t<\/div><\/figure><figure class='gallery-item'>\n\t\t\t<div class='gallery-icon portrait'>\n\t\t\t\t<a href='https:\/\/biblioteca.blanes.cat\/salajove\/2026\/04\/01\/biblioteca-jove-blanes-novetats-abril\/gutierrez-diego-la-mansion-del-acantilado\/'><img loading=\"lazy\" decoding=\"async\" width=\"180\" height=\"279\" src=\"https:\/\/biblioteca.blanes.cat\/salajove\/wp-content\/uploads\/sites\/3\/2026\/04\/GUTIERREZ-Diego.-La-Mansion-del-acantilado.jpg\" class=\"attachment-medium size-medium\" alt=\"\" \/><\/a>\n\t\t\t<\/div><\/figure><figure class='gallery-item'>\n\t\t\t<div class='gallery-icon portrait'>\n\t\t\t\t<a href='https:\/\/biblioteca.blanes.cat\/salajove\/2026\/04\/01\/biblioteca-jove-blanes-novetats-abril\/nesme-alexis-los-hijos-del-capitan-grant-de-julio\/'><img loading=\"lazy\" decoding=\"async\" width=\"183\" height=\"275\" src=\"https:\/\/biblioteca.blanes.cat\/salajove\/wp-content\/uploads\/sites\/3\/2026\/04\/NESME-Alexis.-Los-Hijos-del-Capitan-Grant-de-Julio.jpg\" class=\"attachment-medium size-medium\" alt=\"\" \/><\/a>\n\t\t\t<\/div><\/figure><figure class='gallery-item'>\n\t\t\t<div class='gallery-icon portrait'>\n\t\t\t\t<a href='https:\/\/biblioteca.blanes.cat\/salajove\/2026\/04\/01\/biblioteca-jove-blanes-novetats-abril\/one-piece-film-red-goro-taniguchi-2\/'><img loading=\"lazy\" decoding=\"async\" width=\"164\" height=\"300\" src=\"https:\/\/biblioteca.blanes.cat\/salajove\/wp-content\/uploads\/sites\/3\/2026\/04\/One-Piece-film-red-Goro-Taniguchi-164x300.jpg\" class=\"attachment-medium size-medium\" alt=\"\" srcset=\"https:\/\/biblioteca.blanes.cat\/salajove\/wp-content\/uploads\/sites\/3\/2026\/04\/One-Piece-film-red-Goro-Taniguchi-164x300.jpg 164w, https:\/\/biblioteca.blanes.cat\/salajove\/wp-content\/uploads\/sites\/3\/2026\/04\/One-Piece-film-red-Goro-Taniguchi.jpg 166w\" sizes=\"(max-width: 164px) 100vw, 164px\" \/><\/a>\n\t\t\t<\/div><\/figure>\n\t\t<\/div>\n\n<p>\u00a0<\/p>\n\n\n\n\n","protected":false},"excerpt":{"rendered":"<p>Aqu\u00ed teniu les novetats de mar\u00e7 de la Sala Jove: novel\u00b7les, c\u00f2mics, audiovisuals, mat\u00e8ries, centres d\u2019inter\u00e8s i Mar. NOVEL\u00b7LES C\u00d2MICS MAT\u00c8RIES AUDIOVISUALS CENTRES D&#8217;INTER\u00c8S I MAR \u00a0<\/p>\n","protected":false},"author":4,"featured_media":8873,"comment_status":"open","ping_status":"open","sticky":false,"template":"","format":"standard","meta":{"sfsi_plus_gutenberg_text_before_share":"","sfsi_plus_gutenberg_show_text_before_share":"","sfsi_plus_gutenberg_icon_type":"","sfsi_plus_gutenberg_icon_alignemt":"","sfsi_plus_gutenburg_max_per_row":"","footnotes":""},"categories":[7],"tags":[98,52,26,19,21],"class_list":["post-10511","post","type-post","status-publish","format-standard","has-post-thumbnail","hentry","category-novetats","tag-guia-lectura-literatura-llibres","tag-joves","tag-lectura","tag-literatura","tag-llibres"],"yoast_head":"<!-- This site is optimized with the Yoast SEO plugin v27.5 - https:\/\/yoast.com\/product\/yoast-seo-wordpress\/ -->\n<title>Biblioteca Jove Blanes \u2013 Novetats abril - Sala Jove<\/title>\n<meta name=\"robots\" content=\"index, follow, max-snippet:-1, max-image-preview:large, max-video-preview:-1\" \/>\n<link rel=\"canonical\" href=\"https:\/\/biblioteca.blanes.cat\/salajove\/2026\/04\/01\/biblioteca-jove-blanes-novetats-abril\/\" \/>\n<meta property=\"og:locale\" content=\"ca_ES\" \/>\n<meta property=\"og:type\" content=\"article\" \/>\n<meta property=\"og:title\" content=\"Biblioteca Jove Blanes \u2013 Novetats abril - Sala Jove\" \/>\n<meta property=\"og:description\" content=\"Aqu\u00ed teniu les novetats de mar\u00e7 de la Sala Jove: novel\u00b7les, c\u00f2mics, audiovisuals, mat\u00e8ries, centres d\u2019inter\u00e8s i Mar. NOVEL\u00b7LES C\u00d2MICS MAT\u00c8RIES AUDIOVISUALS CENTRES D&#8217;INTER\u00c8S I MAR \u00a0\" \/>\n<meta property=\"og:url\" content=\"https:\/\/biblioteca.blanes.cat\/salajove\/2026\/04\/01\/biblioteca-jove-blanes-novetats-abril\/\" \/>\n<meta property=\"og:site_name\" content=\"Sala Jove\" \/>\n<meta property=\"article:publisher\" content=\"https:\/\/www.facebook.com\/BilbiotecaComarcaldeBlanes\/\" \/>\n<meta property=\"article:published_time\" content=\"2026-04-01T11:36:36+00:00\" \/>\n<meta property=\"article:modified_time\" content=\"2026-04-11T11:41:47+00:00\" \/>\n<meta property=\"og:image\" content=\"https:\/\/biblioteca.blanes.cat\/salajove\/wp-content\/uploads\/sites\/3\/2024\/06\/novetats-primavera-2.jpg\" \/>\n\t<meta property=\"og:image:width\" content=\"1748\" \/>\n\t<meta property=\"og:image:height\" content=\"1240\" \/>\n\t<meta property=\"og:image:type\" content=\"image\/jpeg\" \/>\n<meta name=\"author\" content=\"biblioblanes\" \/>\n<meta name=\"twitter:card\" content=\"summary_large_image\" \/>\n<meta name=\"twitter:creator\" content=\"@biblioblanes\" \/>\n<meta name=\"twitter:site\" content=\"@BiblioBlanes\" \/>\n<meta name=\"twitter:label1\" content=\"Escrit per\" \/>\n\t<meta name=\"twitter:data1\" content=\"biblioblanes\" \/>\n\t<meta name=\"twitter:label2\" content=\"Temps estimat de lectura\" \/>\n\t<meta name=\"twitter:data2\" content=\"1 minut\" \/>\n<script type=\"application\/ld+json\" class=\"yoast-schema-graph\">{\"@context\":\"https:\\\/\\\/schema.org\",\"@graph\":[{\"@type\":\"Article\",\"@id\":\"https:\\\/\\\/biblioteca.blanes.cat\\\/salajove\\\/2026\\\/04\\\/01\\\/biblioteca-jove-blanes-novetats-abril\\\/#article\",\"isPartOf\":{\"@id\":\"https:\\\/\\\/biblioteca.blanes.cat\\\/salajove\\\/2026\\\/04\\\/01\\\/biblioteca-jove-blanes-novetats-abril\\\/\"},\"author\":{\"name\":\"biblioblanes\",\"@id\":\"https:\\\/\\\/biblioteca.blanes.cat\\\/salajove\\\/#\\\/schema\\\/person\\\/5a7b46760d9dd611d098bbf571a341dc\"},\"headline\":\"Biblioteca Jove Blanes \u2013 Novetats abril\",\"datePublished\":\"2026-04-01T11:36:36+00:00\",\"dateModified\":\"2026-04-11T11:41:47+00:00\",\"mainEntityOfPage\":{\"@id\":\"https:\\\/\\\/biblioteca.blanes.cat\\\/salajove\\\/2026\\\/04\\\/01\\\/biblioteca-jove-blanes-novetats-abril\\\/\"},\"wordCount\":51,\"commentCount\":0,\"publisher\":{\"@id\":\"https:\\\/\\\/biblioteca.blanes.cat\\\/salajove\\\/#organization\"},\"image\":{\"@id\":\"https:\\\/\\\/biblioteca.blanes.cat\\\/salajove\\\/2026\\\/04\\\/01\\\/biblioteca-jove-blanes-novetats-abril\\\/#primaryimage\"},\"thumbnailUrl\":\"https:\\\/\\\/biblioteca.blanes.cat\\\/salajove\\\/wp-content\\\/uploads\\\/sites\\\/3\\\/2024\\\/06\\\/novetats-primavera-2.jpg\",\"keywords\":[\"#Guia #Lectura #Literatura #Llibres\",\"#Joves\",\"#Lectura\",\"#Literatura\",\"#Llibres\"],\"articleSection\":[\"Novetats\"],\"inLanguage\":\"ca\",\"potentialAction\":[{\"@type\":\"CommentAction\",\"name\":\"Comment\",\"target\":[\"https:\\\/\\\/biblioteca.blanes.cat\\\/salajove\\\/2026\\\/04\\\/01\\\/biblioteca-jove-blanes-novetats-abril\\\/#respond\"]}]},{\"@type\":\"WebPage\",\"@id\":\"https:\\\/\\\/biblioteca.blanes.cat\\\/salajove\\\/2026\\\/04\\\/01\\\/biblioteca-jove-blanes-novetats-abril\\\/\",\"url\":\"https:\\\/\\\/biblioteca.blanes.cat\\\/salajove\\\/2026\\\/04\\\/01\\\/biblioteca-jove-blanes-novetats-abril\\\/\",\"name\":\"Biblioteca Jove Blanes \u2013 Novetats abril - Sala Jove\",\"isPartOf\":{\"@id\":\"https:\\\/\\\/biblioteca.blanes.cat\\\/salajove\\\/#website\"},\"primaryImageOfPage\":{\"@id\":\"https:\\\/\\\/biblioteca.blanes.cat\\\/salajove\\\/2026\\\/04\\\/01\\\/biblioteca-jove-blanes-novetats-abril\\\/#primaryimage\"},\"image\":{\"@id\":\"https:\\\/\\\/biblioteca.blanes.cat\\\/salajove\\\/2026\\\/04\\\/01\\\/biblioteca-jove-blanes-novetats-abril\\\/#primaryimage\"},\"thumbnailUrl\":\"https:\\\/\\\/biblioteca.blanes.cat\\\/salajove\\\/wp-content\\\/uploads\\\/sites\\\/3\\\/2024\\\/06\\\/novetats-primavera-2.jpg\",\"datePublished\":\"2026-04-01T11:36:36+00:00\",\"dateModified\":\"2026-04-11T11:41:47+00:00\",\"breadcrumb\":{\"@id\":\"https:\\\/\\\/biblioteca.blanes.cat\\\/salajove\\\/2026\\\/04\\\/01\\\/biblioteca-jove-blanes-novetats-abril\\\/#breadcrumb\"},\"inLanguage\":\"ca\",\"potentialAction\":[{\"@type\":\"ReadAction\",\"target\":[\"https:\\\/\\\/biblioteca.blanes.cat\\\/salajove\\\/2026\\\/04\\\/01\\\/biblioteca-jove-blanes-novetats-abril\\\/\"]}]},{\"@type\":\"ImageObject\",\"inLanguage\":\"ca\",\"@id\":\"https:\\\/\\\/biblioteca.blanes.cat\\\/salajove\\\/2026\\\/04\\\/01\\\/biblioteca-jove-blanes-novetats-abril\\\/#primaryimage\",\"url\":\"https:\\\/\\\/biblioteca.blanes.cat\\\/salajove\\\/wp-content\\\/uploads\\\/sites\\\/3\\\/2024\\\/06\\\/novetats-primavera-2.jpg\",\"contentUrl\":\"https:\\\/\\\/biblioteca.blanes.cat\\\/salajove\\\/wp-content\\\/uploads\\\/sites\\\/3\\\/2024\\\/06\\\/novetats-primavera-2.jpg\",\"width\":1748,\"height\":1240},{\"@type\":\"BreadcrumbList\",\"@id\":\"https:\\\/\\\/biblioteca.blanes.cat\\\/salajove\\\/2026\\\/04\\\/01\\\/biblioteca-jove-blanes-novetats-abril\\\/#breadcrumb\",\"itemListElement\":[{\"@type\":\"ListItem\",\"position\":1,\"name\":\"Inici\",\"item\":\"https:\\\/\\\/biblioteca.blanes.cat\\\/salajove\\\/\"},{\"@type\":\"ListItem\",\"position\":2,\"name\":\"Biblioteca Jove Blanes \u2013 Novetats abril\"}]},{\"@type\":\"WebSite\",\"@id\":\"https:\\\/\\\/biblioteca.blanes.cat\\\/salajove\\\/#website\",\"url\":\"https:\\\/\\\/biblioteca.blanes.cat\\\/salajove\\\/\",\"name\":\"Sala Jove\",\"description\":\"Biblioteca Comarcal de Blanes\",\"publisher\":{\"@id\":\"https:\\\/\\\/biblioteca.blanes.cat\\\/salajove\\\/#organization\"},\"potentialAction\":[{\"@type\":\"SearchAction\",\"target\":{\"@type\":\"EntryPoint\",\"urlTemplate\":\"https:\\\/\\\/biblioteca.blanes.cat\\\/salajove\\\/?s={search_term_string}\"},\"query-input\":{\"@type\":\"PropertyValueSpecification\",\"valueRequired\":true,\"valueName\":\"search_term_string\"}}],\"inLanguage\":\"ca\"},{\"@type\":\"Organization\",\"@id\":\"https:\\\/\\\/biblioteca.blanes.cat\\\/salajove\\\/#organization\",\"name\":\"Biblioteca Comarcal de Blanes\",\"url\":\"https:\\\/\\\/biblioteca.blanes.cat\\\/salajove\\\/\",\"logo\":{\"@type\":\"ImageObject\",\"inLanguage\":\"ca\",\"@id\":\"https:\\\/\\\/biblioteca.blanes.cat\\\/salajove\\\/#\\\/schema\\\/logo\\\/image\\\/\",\"url\":\"https:\\\/\\\/biblioteca.blanes.cat\\\/salajove\\\/wp-content\\\/uploads\\\/sites\\\/3\\\/2017\\\/09\\\/cropped-Bib-blau-e1518869380535.png\",\"contentUrl\":\"https:\\\/\\\/biblioteca.blanes.cat\\\/salajove\\\/wp-content\\\/uploads\\\/sites\\\/3\\\/2017\\\/09\\\/cropped-Bib-blau-e1518869380535.png\",\"width\":166,\"height\":166,\"caption\":\"Biblioteca Comarcal de Blanes\"},\"image\":{\"@id\":\"https:\\\/\\\/biblioteca.blanes.cat\\\/salajove\\\/#\\\/schema\\\/logo\\\/image\\\/\"},\"sameAs\":[\"https:\\\/\\\/www.facebook.com\\\/BilbiotecaComarcaldeBlanes\\\/\",\"https:\\\/\\\/x.com\\\/BiblioBlanes\",\"https:\\\/\\\/www.instagram.com\\\/biblioblanes\\\/\",\"https:\\\/\\\/www.pinterest.es\\\/bblanes\\\/\",\"https:\\\/\\\/www.youtube.com\\\/c\\\/BibliotecaComarcalBlanes\"]},{\"@type\":\"Person\",\"@id\":\"https:\\\/\\\/biblioteca.blanes.cat\\\/salajove\\\/#\\\/schema\\\/person\\\/5a7b46760d9dd611d098bbf571a341dc\",\"name\":\"biblioblanes\",\"image\":{\"@type\":\"ImageObject\",\"inLanguage\":\"ca\",\"@id\":\"https:\\\/\\\/secure.gravatar.com\\\/avatar\\\/6593ca6cc90e5a70939f51c95e8315483b9c281bafba597292bee47992030f99?s=96&d=mm&r=g\",\"url\":\"https:\\\/\\\/secure.gravatar.com\\\/avatar\\\/6593ca6cc90e5a70939f51c95e8315483b9c281bafba597292bee47992030f99?s=96&d=mm&r=g\",\"contentUrl\":\"https:\\\/\\\/secure.gravatar.com\\\/avatar\\\/6593ca6cc90e5a70939f51c95e8315483b9c281bafba597292bee47992030f99?s=96&d=mm&r=g\",\"caption\":\"biblioblanes\"},\"sameAs\":[\"http:\\\/\\\/www.bibgirona.cat\\\/biblioteca\\\/blanes\",\"https:\\\/\\\/x.com\\\/biblioblanes\"],\"url\":\"https:\\\/\\\/biblioteca.blanes.cat\\\/salajove\\\/author\\\/biblioblanes\\\/\"}]}<\/script>\n<!-- \/ Yoast SEO plugin. -->","yoast_head_json":{"title":"Biblioteca Jove Blanes \u2013 Novetats abril - Sala Jove","robots":{"index":"index","follow":"follow","max-snippet":"max-snippet:-1","max-image-preview":"max-image-preview:large","max-video-preview":"max-video-preview:-1"},"canonical":"https:\/\/biblioteca.blanes.cat\/salajove\/2026\/04\/01\/biblioteca-jove-blanes-novetats-abril\/","og_locale":"ca_ES","og_type":"article","og_title":"Biblioteca Jove Blanes \u2013 Novetats abril - Sala Jove","og_description":"Aqu\u00ed teniu les novetats de mar\u00e7 de la Sala Jove: novel\u00b7les, c\u00f2mics, audiovisuals, mat\u00e8ries, centres d\u2019inter\u00e8s i Mar. NOVEL\u00b7LES C\u00d2MICS MAT\u00c8RIES AUDIOVISUALS CENTRES D&#8217;INTER\u00c8S I MAR \u00a0","og_url":"https:\/\/biblioteca.blanes.cat\/salajove\/2026\/04\/01\/biblioteca-jove-blanes-novetats-abril\/","og_site_name":"Sala Jove","article_publisher":"https:\/\/www.facebook.com\/BilbiotecaComarcaldeBlanes\/","article_published_time":"2026-04-01T11:36:36+00:00","article_modified_time":"2026-04-11T11:41:47+00:00","og_image":[{"width":1748,"height":1240,"url":"https:\/\/biblioteca.blanes.cat\/salajove\/wp-content\/uploads\/sites\/3\/2024\/06\/novetats-primavera-2.jpg","type":"image\/jpeg"}],"author":"biblioblanes","twitter_card":"summary_large_image","twitter_creator":"@biblioblanes","twitter_site":"@BiblioBlanes","twitter_misc":{"Escrit per":"biblioblanes","Temps estimat de lectura":"1 minut"},"schema":{"@context":"https:\/\/schema.org","@graph":[{"@type":"Article","@id":"https:\/\/biblioteca.blanes.cat\/salajove\/2026\/04\/01\/biblioteca-jove-blanes-novetats-abril\/#article","isPartOf":{"@id":"https:\/\/biblioteca.blanes.cat\/salajove\/2026\/04\/01\/biblioteca-jove-blanes-novetats-abril\/"},"author":{"name":"biblioblanes","@id":"https:\/\/biblioteca.blanes.cat\/salajove\/#\/schema\/person\/5a7b46760d9dd611d098bbf571a341dc"},"headline":"Biblioteca Jove Blanes \u2013 Novetats abril","datePublished":"2026-04-01T11:36:36+00:00","dateModified":"2026-04-11T11:41:47+00:00","mainEntityOfPage":{"@id":"https:\/\/biblioteca.blanes.cat\/salajove\/2026\/04\/01\/biblioteca-jove-blanes-novetats-abril\/"},"wordCount":51,"commentCount":0,"publisher":{"@id":"https:\/\/biblioteca.blanes.cat\/salajove\/#organization"},"image":{"@id":"https:\/\/biblioteca.blanes.cat\/salajove\/2026\/04\/01\/biblioteca-jove-blanes-novetats-abril\/#primaryimage"},"thumbnailUrl":"https:\/\/biblioteca.blanes.cat\/salajove\/wp-content\/uploads\/sites\/3\/2024\/06\/novetats-primavera-2.jpg","keywords":["#Guia #Lectura #Literatura #Llibres","#Joves","#Lectura","#Literatura","#Llibres"],"articleSection":["Novetats"],"inLanguage":"ca","potentialAction":[{"@type":"CommentAction","name":"Comment","target":["https:\/\/biblioteca.blanes.cat\/salajove\/2026\/04\/01\/biblioteca-jove-blanes-novetats-abril\/#respond"]}]},{"@type":"WebPage","@id":"https:\/\/biblioteca.blanes.cat\/salajove\/2026\/04\/01\/biblioteca-jove-blanes-novetats-abril\/","url":"https:\/\/biblioteca.blanes.cat\/salajove\/2026\/04\/01\/biblioteca-jove-blanes-novetats-abril\/","name":"Biblioteca Jove Blanes \u2013 Novetats abril - Sala Jove","isPartOf":{"@id":"https:\/\/biblioteca.blanes.cat\/salajove\/#website"},"primaryImageOfPage":{"@id":"https:\/\/biblioteca.blanes.cat\/salajove\/2026\/04\/01\/biblioteca-jove-blanes-novetats-abril\/#primaryimage"},"image":{"@id":"https:\/\/biblioteca.blanes.cat\/salajove\/2026\/04\/01\/biblioteca-jove-blanes-novetats-abril\/#primaryimage"},"thumbnailUrl":"https:\/\/biblioteca.blanes.cat\/salajove\/wp-content\/uploads\/sites\/3\/2024\/06\/novetats-primavera-2.jpg","datePublished":"2026-04-01T11:36:36+00:00","dateModified":"2026-04-11T11:41:47+00:00","breadcrumb":{"@id":"https:\/\/biblioteca.blanes.cat\/salajove\/2026\/04\/01\/biblioteca-jove-blanes-novetats-abril\/#breadcrumb"},"inLanguage":"ca","potentialAction":[{"@type":"ReadAction","target":["https:\/\/biblioteca.blanes.cat\/salajove\/2026\/04\/01\/biblioteca-jove-blanes-novetats-abril\/"]}]},{"@type":"ImageObject","inLanguage":"ca","@id":"https:\/\/biblioteca.blanes.cat\/salajove\/2026\/04\/01\/biblioteca-jove-blanes-novetats-abril\/#primaryimage","url":"https:\/\/biblioteca.blanes.cat\/salajove\/wp-content\/uploads\/sites\/3\/2024\/06\/novetats-primavera-2.jpg","contentUrl":"https:\/\/biblioteca.blanes.cat\/salajove\/wp-content\/uploads\/sites\/3\/2024\/06\/novetats-primavera-2.jpg","width":1748,"height":1240},{"@type":"BreadcrumbList","@id":"https:\/\/biblioteca.blanes.cat\/salajove\/2026\/04\/01\/biblioteca-jove-blanes-novetats-abril\/#breadcrumb","itemListElement":[{"@type":"ListItem","position":1,"name":"Inici","item":"https:\/\/biblioteca.blanes.cat\/salajove\/"},{"@type":"ListItem","position":2,"name":"Biblioteca Jove Blanes \u2013 Novetats abril"}]},{"@type":"WebSite","@id":"https:\/\/biblioteca.blanes.cat\/salajove\/#website","url":"https:\/\/biblioteca.blanes.cat\/salajove\/","name":"Sala Jove","description":"Biblioteca Comarcal de Blanes","publisher":{"@id":"https:\/\/biblioteca.blanes.cat\/salajove\/#organization"},"potentialAction":[{"@type":"SearchAction","target":{"@type":"EntryPoint","urlTemplate":"https:\/\/biblioteca.blanes.cat\/salajove\/?s={search_term_string}"},"query-input":{"@type":"PropertyValueSpecification","valueRequired":true,"valueName":"search_term_string"}}],"inLanguage":"ca"},{"@type":"Organization","@id":"https:\/\/biblioteca.blanes.cat\/salajove\/#organization","name":"Biblioteca Comarcal de Blanes","url":"https:\/\/biblioteca.blanes.cat\/salajove\/","logo":{"@type":"ImageObject","inLanguage":"ca","@id":"https:\/\/biblioteca.blanes.cat\/salajove\/#\/schema\/logo\/image\/","url":"https:\/\/biblioteca.blanes.cat\/salajove\/wp-content\/uploads\/sites\/3\/2017\/09\/cropped-Bib-blau-e1518869380535.png","contentUrl":"https:\/\/biblioteca.blanes.cat\/salajove\/wp-content\/uploads\/sites\/3\/2017\/09\/cropped-Bib-blau-e1518869380535.png","width":166,"height":166,"caption":"Biblioteca Comarcal de Blanes"},"image":{"@id":"https:\/\/biblioteca.blanes.cat\/salajove\/#\/schema\/logo\/image\/"},"sameAs":["https:\/\/www.facebook.com\/BilbiotecaComarcaldeBlanes\/","https:\/\/x.com\/BiblioBlanes","https:\/\/www.instagram.com\/biblioblanes\/","https:\/\/www.pinterest.es\/bblanes\/","https:\/\/www.youtube.com\/c\/BibliotecaComarcalBlanes"]},{"@type":"Person","@id":"https:\/\/biblioteca.blanes.cat\/salajove\/#\/schema\/person\/5a7b46760d9dd611d098bbf571a341dc","name":"biblioblanes","image":{"@type":"ImageObject","inLanguage":"ca","@id":"https:\/\/secure.gravatar.com\/avatar\/6593ca6cc90e5a70939f51c95e8315483b9c281bafba597292bee47992030f99?s=96&d=mm&r=g","url":"https:\/\/secure.gravatar.com\/avatar\/6593ca6cc90e5a70939f51c95e8315483b9c281bafba597292bee47992030f99?s=96&d=mm&r=g","contentUrl":"https:\/\/secure.gravatar.com\/avatar\/6593ca6cc90e5a70939f51c95e8315483b9c281bafba597292bee47992030f99?s=96&d=mm&r=g","caption":"biblioblanes"},"sameAs":["http:\/\/www.bibgirona.cat\/biblioteca\/blanes","https:\/\/x.com\/biblioblanes"],"url":"https:\/\/biblioteca.blanes.cat\/salajove\/author\/biblioblanes\/"}]}},"_links":{"self":[{"href":"https:\/\/biblioteca.blanes.cat\/salajove\/wp-json\/wp\/v2\/posts\/10511","targetHints":{"allow":["GET"]}}],"collection":[{"href":"https:\/\/biblioteca.blanes.cat\/salajove\/wp-json\/wp\/v2\/posts"}],"about":[{"href":"https:\/\/biblioteca.blanes.cat\/salajove\/wp-json\/wp\/v2\/types\/post"}],"author":[{"embeddable":true,"href":"https:\/\/biblioteca.blanes.cat\/salajove\/wp-json\/wp\/v2\/users\/4"}],"replies":[{"embeddable":true,"href":"https:\/\/biblioteca.blanes.cat\/salajove\/wp-json\/wp\/v2\/comments?post=10511"}],"version-history":[{"count":1,"href":"https:\/\/biblioteca.blanes.cat\/salajove\/wp-json\/wp\/v2\/posts\/10511\/revisions"}],"predecessor-version":[{"id":10545,"href":"https:\/\/biblioteca.blanes.cat\/salajove\/wp-json\/wp\/v2\/posts\/10511\/revisions\/10545"}],"wp:featuredmedia":[{"embeddable":true,"href":"https:\/\/biblioteca.blanes.cat\/salajove\/wp-json\/wp\/v2\/media\/8873"}],"wp:attachment":[{"href":"https:\/\/biblioteca.blanes.cat\/salajove\/wp-json\/wp\/v2\/media?parent=10511"}],"wp:term":[{"taxonomy":"category","embeddable":true,"href":"https:\/\/biblioteca.blanes.cat\/salajove\/wp-json\/wp\/v2\/categories?post=10511"},{"taxonomy":"post_tag","embeddable":true,"href":"https:\/\/biblioteca.blanes.cat\/salajove\/wp-json\/wp\/v2\/tags?post=10511"}],"curies":[{"name":"wp","href":"https:\/\/api.w.org\/{rel}","templated":true}]}}