{"id":1043,"date":"2018-02-19T11:13:12","date_gmt":"2018-02-19T10:13:12","guid":{"rendered":"https:\/\/biblioteca.blanes.cat\/salajove\/?p=1043"},"modified":"2018-11-09T18:54:10","modified_gmt":"2018-11-09T17:54:10","slug":"clj-febrer-2018","status":"publish","type":"post","link":"https:\/\/biblioteca.blanes.cat\/salajove\/2018\/02\/19\/clj-febrer-2018\/","title":{"rendered":"CLJ: Febrer 2018"},"content":{"rendered":"<h2 style=\"text-align: center;\">Un llibre emocionant<\/h2>\n<p style=\"text-align: justify;\">Divendres vam tornar a fer trobada del Club de Lectura, dos cops en un mes! Encara que hem tingut poquet temps per llegir-lo, i no ens ha donat temps d&#8217;acabar-lo, els nois i noies creuen que \u00e9s un llibre emocionant.<\/p>\n<p style=\"text-align: justify;\">Hem de dir, que aquest \u00e9s un t\u00edtol que els membres del nostre club esperaven poder llegir amb delit. Una novel\u00b7la juvenil guardonada amb diferents premis el 2012 i 2013. Per fi ha arribat l&#8217;hora!<\/p>\n<p style=\"text-align: justify;\">Aquest cop hem comentat <em>Noel et busca<\/em> d&#8217;<a href=\"http:\/\/www.angelburgas.cat\/2.html\" target=\"_blank\" rel=\"noopener\"><strong>\u00c0ngel Burgas<\/strong><\/a>. \u00c9s un llibre ple d&#8217;intrigues que comen\u00e7a poc a poc. Ja des de l&#8217;inici comen\u00e7a el suspens doncs no coneixem els trets caracter\u00edstics del protagonista, no sabem ben be que ha passat i la hist\u00f2ria es desenvolupa lentament. El protagonista, que no \u00e9s en Noel sin\u00f2 l&#8217;Enric,\u00a0 que es deixa con\u00e8ixer poc a poc a mesura que es desenvolupa la trama. Al mateix temps que som coneixedors de la hist\u00f2ria aquesta es va envolicant de forma que el lector pot anar teixint la seva versi\u00f3 del desenlla\u00e7 per\u00f2&#8230; com acaba?<\/p>\n<p style=\"text-align: justify;\">Nosaltres necessitarem uns dies mes per acabar aquesta lectura que ens ha captivat, per\u00f2 aix\u00ed evitarem fer-vos un <em>spoiler \ud83d\ude09 <br \/>\n <\/em><\/p>\n<h2>Aquest son alguns dels comentaris que van sorgir a la trobada:<\/h2>\n<blockquote style=\"background-color: #efccff;\">\n<ul>\n<li>El recomanaria a gent amb paci\u00e8ncia i que li agradi la intriga.<\/li>\n<li>\u00c9s un llibre interessant i divertit, on en algun moment hi ha alguna escena una mica pujada de to.<\/li>\n<li>Destacaria que da miedo despertarse en un sitio y no saber quien eres.<\/li>\n<li>A mi me ha gustado el <a href=\"https:\/\/youtu.be\/cWgIud9jQHw\" target=\"_blank\" rel=\"noopener\">booktrailer.<\/a><\/li>\n<li>Jo el recomanaria a tothom.<\/li>\n<\/ul>\n<\/blockquote>\n<p style=\"text-align: center;\"><a href=\"https:\/\/biblioteca.blanes.cat\/salajove\/wp-content\/uploads\/sites\/3\/2018\/02\/IMG_20180216_175059.jpg\"><img fetchpriority=\"high\" decoding=\"async\" class=\"aligncenter wp-image-1053 size-medium\" src=\"https:\/\/biblioteca.blanes.cat\/salajove\/wp-content\/uploads\/sites\/3\/2018\/02\/IMG_20180216_175059-300x225.jpg\" alt=\"CLJ: Febrer 2018\" width=\"300\" height=\"225\" srcset=\"https:\/\/biblioteca.blanes.cat\/salajove\/wp-content\/uploads\/sites\/3\/2018\/02\/IMG_20180216_175059-300x225.jpg 300w, https:\/\/biblioteca.blanes.cat\/salajove\/wp-content\/uploads\/sites\/3\/2018\/02\/IMG_20180216_175059-768x576.jpg 768w, https:\/\/biblioteca.blanes.cat\/salajove\/wp-content\/uploads\/sites\/3\/2018\/02\/IMG_20180216_175059-1024x768.jpg 1024w\" sizes=\"(max-width: 300px) 100vw, 300px\" \/><\/a><a href=\"https:\/\/biblioteca.blanes.cat\/salajove\/club-lectura-jove\/\" target=\"_blank\" rel=\"noopener\"><img decoding=\"async\" class=\"aligncenter wp-image-560 size-large\" src=\"https:\/\/biblioteca.blanes.cat\/salajove\/wp-content\/uploads\/sites\/3\/2017\/12\/Slide-Club-de-Lectura-1024x124.png\" alt=\"Club de Lectura Jove\" width=\"750\" height=\"91\" srcset=\"https:\/\/biblioteca.blanes.cat\/salajove\/wp-content\/uploads\/sites\/3\/2017\/12\/Slide-Club-de-Lectura-1024x124.png 1024w, https:\/\/biblioteca.blanes.cat\/salajove\/wp-content\/uploads\/sites\/3\/2017\/12\/Slide-Club-de-Lectura-300x36.png 300w, https:\/\/biblioteca.blanes.cat\/salajove\/wp-content\/uploads\/sites\/3\/2017\/12\/Slide-Club-de-Lectura-768x93.png 768w\" sizes=\"(max-width: 750px) 100vw, 750px\" \/><\/a><\/p>\n<p>&nbsp;<\/p>\n","protected":false},"excerpt":{"rendered":"<p>Un llibre emocionant Divendres vam tornar a fer trobada del Club de Lectura, dos cops en un mes! Encara que hem tingut poquet temps per llegir-lo, i no ens ha donat temps d&#8217;acabar-lo, els nois i noies creuen que \u00e9s<\/p>\n","protected":false},"author":4,"featured_media":291,"comment_status":"open","ping_status":"open","sticky":false,"template":"","format":"standard","meta":{"sfsi_plus_gutenberg_text_before_share":"","sfsi_plus_gutenberg_show_text_before_share":"","sfsi_plus_gutenberg_icon_type":"","sfsi_plus_gutenberg_icon_alignemt":"","sfsi_plus_gutenburg_max_per_row":"","footnotes":""},"categories":[5],"tags":[24,29,26,19,21,22],"class_list":["post-1043","post","type-post","status-publish","format-standard","has-post-thumbnail","hentry","category-club-de-lectura","tag-activitats","tag-club-de-lectura","tag-lectura","tag-literatura","tag-llibres","tag-ressenya"],"yoast_head":"<!-- This site is optimized with the Yoast SEO plugin v27.5 - https:\/\/yoast.com\/product\/yoast-seo-wordpress\/ -->\n<title>CLJ: Febrer 2018 - Divendres vam tornar a fer trobada del Club de Lectura<\/title>\n<meta name=\"description\" content=\"CLJ: Febrer 2018 - Hem comentat Noel et busca d&#039;\u00c0ngel Burgas. \u00c9s un llibre ple d&#039;intrigues que comen\u00e7a poc a poc. Una novel\u00b7la juvenil guardonada...\" \/>\n<meta name=\"robots\" content=\"index, follow, max-snippet:-1, max-image-preview:large, max-video-preview:-1\" \/>\n<link rel=\"canonical\" href=\"https:\/\/biblioteca.blanes.cat\/salajove\/2018\/02\/19\/clj-febrer-2018\/\" \/>\n<meta property=\"og:locale\" content=\"ca_ES\" \/>\n<meta property=\"og:type\" content=\"article\" \/>\n<meta property=\"og:title\" content=\"CLJ: Febrer 2018 - Divendres vam tornar a fer trobada del Club de Lectura\" \/>\n<meta property=\"og:description\" content=\"CLJ: Febrer 2018 - Hem comentat Noel et busca d&#039;\u00c0ngel Burgas. \u00c9s un llibre ple d&#039;intrigues que comen\u00e7a poc a poc. Una novel\u00b7la juvenil guardonada...\" \/>\n<meta property=\"og:url\" content=\"https:\/\/biblioteca.blanes.cat\/salajove\/2018\/02\/19\/clj-febrer-2018\/\" \/>\n<meta property=\"og:site_name\" content=\"Sala Jove\" \/>\n<meta property=\"article:publisher\" content=\"https:\/\/www.facebook.com\/BilbiotecaComarcaldeBlanes\/\" \/>\n<meta property=\"article:published_time\" content=\"2018-02-19T10:13:12+00:00\" \/>\n<meta property=\"article:modified_time\" content=\"2018-11-09T17:54:10+00:00\" \/>\n<meta property=\"og:image\" content=\"https:\/\/biblioteca.blanes.cat\/salajove\/wp-content\/uploads\/sites\/3\/2017\/10\/CLJ.png\" \/>\n\t<meta property=\"og:image:width\" content=\"1487\" \/>\n\t<meta property=\"og:image:height\" content=\"906\" \/>\n\t<meta property=\"og:image:type\" content=\"image\/png\" \/>\n<meta name=\"author\" content=\"biblioblanes\" \/>\n<meta name=\"twitter:card\" content=\"summary_large_image\" \/>\n<meta name=\"twitter:creator\" content=\"@biblioblanes\" \/>\n<meta name=\"twitter:site\" content=\"@BiblioBlanes\" \/>\n<meta name=\"twitter:label1\" content=\"Escrit per\" \/>\n\t<meta name=\"twitter:data1\" content=\"biblioblanes\" \/>\n\t<meta name=\"twitter:label2\" content=\"Temps estimat de lectura\" \/>\n\t<meta name=\"twitter:data2\" content=\"1 minut\" \/>\n<script type=\"application\/ld+json\" class=\"yoast-schema-graph\">{\"@context\":\"https:\\\/\\\/schema.org\",\"@graph\":[{\"@type\":\"Article\",\"@id\":\"https:\\\/\\\/biblioteca.blanes.cat\\\/salajove\\\/2018\\\/02\\\/19\\\/clj-febrer-2018\\\/#article\",\"isPartOf\":{\"@id\":\"https:\\\/\\\/biblioteca.blanes.cat\\\/salajove\\\/2018\\\/02\\\/19\\\/clj-febrer-2018\\\/\"},\"author\":{\"name\":\"biblioblanes\",\"@id\":\"https:\\\/\\\/biblioteca.blanes.cat\\\/salajove\\\/#\\\/schema\\\/person\\\/5a7b46760d9dd611d098bbf571a341dc\"},\"headline\":\"CLJ: Febrer 2018\",\"datePublished\":\"2018-02-19T10:13:12+00:00\",\"dateModified\":\"2018-11-09T17:54:10+00:00\",\"mainEntityOfPage\":{\"@id\":\"https:\\\/\\\/biblioteca.blanes.cat\\\/salajove\\\/2018\\\/02\\\/19\\\/clj-febrer-2018\\\/\"},\"wordCount\":280,\"commentCount\":0,\"publisher\":{\"@id\":\"https:\\\/\\\/biblioteca.blanes.cat\\\/salajove\\\/#organization\"},\"image\":{\"@id\":\"https:\\\/\\\/biblioteca.blanes.cat\\\/salajove\\\/2018\\\/02\\\/19\\\/clj-febrer-2018\\\/#primaryimage\"},\"thumbnailUrl\":\"https:\\\/\\\/biblioteca.blanes.cat\\\/salajove\\\/wp-content\\\/uploads\\\/sites\\\/3\\\/2017\\\/10\\\/CLJ.png\",\"keywords\":[\"#Activitats\",\"#ClubdeLectura\",\"#Lectura\",\"#Literatura\",\"#Llibres\",\"#Ressenya\"],\"articleSection\":[\"Club de Lectura\"],\"inLanguage\":\"ca\",\"potentialAction\":[{\"@type\":\"CommentAction\",\"name\":\"Comment\",\"target\":[\"https:\\\/\\\/biblioteca.blanes.cat\\\/salajove\\\/2018\\\/02\\\/19\\\/clj-febrer-2018\\\/#respond\"]}]},{\"@type\":\"WebPage\",\"@id\":\"https:\\\/\\\/biblioteca.blanes.cat\\\/salajove\\\/2018\\\/02\\\/19\\\/clj-febrer-2018\\\/\",\"url\":\"https:\\\/\\\/biblioteca.blanes.cat\\\/salajove\\\/2018\\\/02\\\/19\\\/clj-febrer-2018\\\/\",\"name\":\"CLJ: Febrer 2018 - Divendres vam tornar a fer trobada del Club de Lectura\",\"isPartOf\":{\"@id\":\"https:\\\/\\\/biblioteca.blanes.cat\\\/salajove\\\/#website\"},\"primaryImageOfPage\":{\"@id\":\"https:\\\/\\\/biblioteca.blanes.cat\\\/salajove\\\/2018\\\/02\\\/19\\\/clj-febrer-2018\\\/#primaryimage\"},\"image\":{\"@id\":\"https:\\\/\\\/biblioteca.blanes.cat\\\/salajove\\\/2018\\\/02\\\/19\\\/clj-febrer-2018\\\/#primaryimage\"},\"thumbnailUrl\":\"https:\\\/\\\/biblioteca.blanes.cat\\\/salajove\\\/wp-content\\\/uploads\\\/sites\\\/3\\\/2017\\\/10\\\/CLJ.png\",\"datePublished\":\"2018-02-19T10:13:12+00:00\",\"dateModified\":\"2018-11-09T17:54:10+00:00\",\"description\":\"CLJ: Febrer 2018 - Hem comentat Noel et busca d'\u00c0ngel Burgas. \u00c9s un llibre ple d'intrigues que comen\u00e7a poc a poc. Una novel\u00b7la juvenil guardonada...\",\"breadcrumb\":{\"@id\":\"https:\\\/\\\/biblioteca.blanes.cat\\\/salajove\\\/2018\\\/02\\\/19\\\/clj-febrer-2018\\\/#breadcrumb\"},\"inLanguage\":\"ca\",\"potentialAction\":[{\"@type\":\"ReadAction\",\"target\":[\"https:\\\/\\\/biblioteca.blanes.cat\\\/salajove\\\/2018\\\/02\\\/19\\\/clj-febrer-2018\\\/\"]}]},{\"@type\":\"ImageObject\",\"inLanguage\":\"ca\",\"@id\":\"https:\\\/\\\/biblioteca.blanes.cat\\\/salajove\\\/2018\\\/02\\\/19\\\/clj-febrer-2018\\\/#primaryimage\",\"url\":\"https:\\\/\\\/biblioteca.blanes.cat\\\/salajove\\\/wp-content\\\/uploads\\\/sites\\\/3\\\/2017\\\/10\\\/CLJ.png\",\"contentUrl\":\"https:\\\/\\\/biblioteca.blanes.cat\\\/salajove\\\/wp-content\\\/uploads\\\/sites\\\/3\\\/2017\\\/10\\\/CLJ.png\",\"width\":1487,\"height\":906},{\"@type\":\"BreadcrumbList\",\"@id\":\"https:\\\/\\\/biblioteca.blanes.cat\\\/salajove\\\/2018\\\/02\\\/19\\\/clj-febrer-2018\\\/#breadcrumb\",\"itemListElement\":[{\"@type\":\"ListItem\",\"position\":1,\"name\":\"Inici\",\"item\":\"https:\\\/\\\/biblioteca.blanes.cat\\\/salajove\\\/\"},{\"@type\":\"ListItem\",\"position\":2,\"name\":\"CLJ: Febrer 2018\"}]},{\"@type\":\"WebSite\",\"@id\":\"https:\\\/\\\/biblioteca.blanes.cat\\\/salajove\\\/#website\",\"url\":\"https:\\\/\\\/biblioteca.blanes.cat\\\/salajove\\\/\",\"name\":\"Sala Jove\",\"description\":\"Biblioteca Comarcal de Blanes\",\"publisher\":{\"@id\":\"https:\\\/\\\/biblioteca.blanes.cat\\\/salajove\\\/#organization\"},\"potentialAction\":[{\"@type\":\"SearchAction\",\"target\":{\"@type\":\"EntryPoint\",\"urlTemplate\":\"https:\\\/\\\/biblioteca.blanes.cat\\\/salajove\\\/?s={search_term_string}\"},\"query-input\":{\"@type\":\"PropertyValueSpecification\",\"valueRequired\":true,\"valueName\":\"search_term_string\"}}],\"inLanguage\":\"ca\"},{\"@type\":\"Organization\",\"@id\":\"https:\\\/\\\/biblioteca.blanes.cat\\\/salajove\\\/#organization\",\"name\":\"Biblioteca Comarcal de Blanes\",\"url\":\"https:\\\/\\\/biblioteca.blanes.cat\\\/salajove\\\/\",\"logo\":{\"@type\":\"ImageObject\",\"inLanguage\":\"ca\",\"@id\":\"https:\\\/\\\/biblioteca.blanes.cat\\\/salajove\\\/#\\\/schema\\\/logo\\\/image\\\/\",\"url\":\"https:\\\/\\\/biblioteca.blanes.cat\\\/salajove\\\/wp-content\\\/uploads\\\/sites\\\/3\\\/2017\\\/09\\\/cropped-Bib-blau-e1518869380535.png\",\"contentUrl\":\"https:\\\/\\\/biblioteca.blanes.cat\\\/salajove\\\/wp-content\\\/uploads\\\/sites\\\/3\\\/2017\\\/09\\\/cropped-Bib-blau-e1518869380535.png\",\"width\":166,\"height\":166,\"caption\":\"Biblioteca Comarcal de Blanes\"},\"image\":{\"@id\":\"https:\\\/\\\/biblioteca.blanes.cat\\\/salajove\\\/#\\\/schema\\\/logo\\\/image\\\/\"},\"sameAs\":[\"https:\\\/\\\/www.facebook.com\\\/BilbiotecaComarcaldeBlanes\\\/\",\"https:\\\/\\\/x.com\\\/BiblioBlanes\",\"https:\\\/\\\/www.instagram.com\\\/biblioblanes\\\/\",\"https:\\\/\\\/www.pinterest.es\\\/bblanes\\\/\",\"https:\\\/\\\/www.youtube.com\\\/c\\\/BibliotecaComarcalBlanes\"]},{\"@type\":\"Person\",\"@id\":\"https:\\\/\\\/biblioteca.blanes.cat\\\/salajove\\\/#\\\/schema\\\/person\\\/5a7b46760d9dd611d098bbf571a341dc\",\"name\":\"biblioblanes\",\"image\":{\"@type\":\"ImageObject\",\"inLanguage\":\"ca\",\"@id\":\"https:\\\/\\\/secure.gravatar.com\\\/avatar\\\/6593ca6cc90e5a70939f51c95e8315483b9c281bafba597292bee47992030f99?s=96&d=mm&r=g\",\"url\":\"https:\\\/\\\/secure.gravatar.com\\\/avatar\\\/6593ca6cc90e5a70939f51c95e8315483b9c281bafba597292bee47992030f99?s=96&d=mm&r=g\",\"contentUrl\":\"https:\\\/\\\/secure.gravatar.com\\\/avatar\\\/6593ca6cc90e5a70939f51c95e8315483b9c281bafba597292bee47992030f99?s=96&d=mm&r=g\",\"caption\":\"biblioblanes\"},\"sameAs\":[\"http:\\\/\\\/www.bibgirona.cat\\\/biblioteca\\\/blanes\",\"https:\\\/\\\/x.com\\\/biblioblanes\"],\"url\":\"https:\\\/\\\/biblioteca.blanes.cat\\\/salajove\\\/author\\\/biblioblanes\\\/\"}]}<\/script>\n<!-- \/ Yoast SEO plugin. -->","yoast_head_json":{"title":"CLJ: Febrer 2018 - Divendres vam tornar a fer trobada del Club de Lectura","description":"CLJ: Febrer 2018 - Hem comentat Noel et busca d'\u00c0ngel Burgas. \u00c9s un llibre ple d'intrigues que comen\u00e7a poc a poc. Una novel\u00b7la juvenil guardonada...","robots":{"index":"index","follow":"follow","max-snippet":"max-snippet:-1","max-image-preview":"max-image-preview:large","max-video-preview":"max-video-preview:-1"},"canonical":"https:\/\/biblioteca.blanes.cat\/salajove\/2018\/02\/19\/clj-febrer-2018\/","og_locale":"ca_ES","og_type":"article","og_title":"CLJ: Febrer 2018 - Divendres vam tornar a fer trobada del Club de Lectura","og_description":"CLJ: Febrer 2018 - Hem comentat Noel et busca d'\u00c0ngel Burgas. \u00c9s un llibre ple d'intrigues que comen\u00e7a poc a poc. Una novel\u00b7la juvenil guardonada...","og_url":"https:\/\/biblioteca.blanes.cat\/salajove\/2018\/02\/19\/clj-febrer-2018\/","og_site_name":"Sala Jove","article_publisher":"https:\/\/www.facebook.com\/BilbiotecaComarcaldeBlanes\/","article_published_time":"2018-02-19T10:13:12+00:00","article_modified_time":"2018-11-09T17:54:10+00:00","og_image":[{"width":1487,"height":906,"url":"https:\/\/biblioteca.blanes.cat\/salajove\/wp-content\/uploads\/sites\/3\/2017\/10\/CLJ.png","type":"image\/png"}],"author":"biblioblanes","twitter_card":"summary_large_image","twitter_creator":"@biblioblanes","twitter_site":"@BiblioBlanes","twitter_misc":{"Escrit per":"biblioblanes","Temps estimat de lectura":"1 minut"},"schema":{"@context":"https:\/\/schema.org","@graph":[{"@type":"Article","@id":"https:\/\/biblioteca.blanes.cat\/salajove\/2018\/02\/19\/clj-febrer-2018\/#article","isPartOf":{"@id":"https:\/\/biblioteca.blanes.cat\/salajove\/2018\/02\/19\/clj-febrer-2018\/"},"author":{"name":"biblioblanes","@id":"https:\/\/biblioteca.blanes.cat\/salajove\/#\/schema\/person\/5a7b46760d9dd611d098bbf571a341dc"},"headline":"CLJ: Febrer 2018","datePublished":"2018-02-19T10:13:12+00:00","dateModified":"2018-11-09T17:54:10+00:00","mainEntityOfPage":{"@id":"https:\/\/biblioteca.blanes.cat\/salajove\/2018\/02\/19\/clj-febrer-2018\/"},"wordCount":280,"commentCount":0,"publisher":{"@id":"https:\/\/biblioteca.blanes.cat\/salajove\/#organization"},"image":{"@id":"https:\/\/biblioteca.blanes.cat\/salajove\/2018\/02\/19\/clj-febrer-2018\/#primaryimage"},"thumbnailUrl":"https:\/\/biblioteca.blanes.cat\/salajove\/wp-content\/uploads\/sites\/3\/2017\/10\/CLJ.png","keywords":["#Activitats","#ClubdeLectura","#Lectura","#Literatura","#Llibres","#Ressenya"],"articleSection":["Club de Lectura"],"inLanguage":"ca","potentialAction":[{"@type":"CommentAction","name":"Comment","target":["https:\/\/biblioteca.blanes.cat\/salajove\/2018\/02\/19\/clj-febrer-2018\/#respond"]}]},{"@type":"WebPage","@id":"https:\/\/biblioteca.blanes.cat\/salajove\/2018\/02\/19\/clj-febrer-2018\/","url":"https:\/\/biblioteca.blanes.cat\/salajove\/2018\/02\/19\/clj-febrer-2018\/","name":"CLJ: Febrer 2018 - Divendres vam tornar a fer trobada del Club de Lectura","isPartOf":{"@id":"https:\/\/biblioteca.blanes.cat\/salajove\/#website"},"primaryImageOfPage":{"@id":"https:\/\/biblioteca.blanes.cat\/salajove\/2018\/02\/19\/clj-febrer-2018\/#primaryimage"},"image":{"@id":"https:\/\/biblioteca.blanes.cat\/salajove\/2018\/02\/19\/clj-febrer-2018\/#primaryimage"},"thumbnailUrl":"https:\/\/biblioteca.blanes.cat\/salajove\/wp-content\/uploads\/sites\/3\/2017\/10\/CLJ.png","datePublished":"2018-02-19T10:13:12+00:00","dateModified":"2018-11-09T17:54:10+00:00","description":"CLJ: Febrer 2018 - Hem comentat Noel et busca d'\u00c0ngel Burgas. \u00c9s un llibre ple d'intrigues que comen\u00e7a poc a poc. Una novel\u00b7la juvenil guardonada...","breadcrumb":{"@id":"https:\/\/biblioteca.blanes.cat\/salajove\/2018\/02\/19\/clj-febrer-2018\/#breadcrumb"},"inLanguage":"ca","potentialAction":[{"@type":"ReadAction","target":["https:\/\/biblioteca.blanes.cat\/salajove\/2018\/02\/19\/clj-febrer-2018\/"]}]},{"@type":"ImageObject","inLanguage":"ca","@id":"https:\/\/biblioteca.blanes.cat\/salajove\/2018\/02\/19\/clj-febrer-2018\/#primaryimage","url":"https:\/\/biblioteca.blanes.cat\/salajove\/wp-content\/uploads\/sites\/3\/2017\/10\/CLJ.png","contentUrl":"https:\/\/biblioteca.blanes.cat\/salajove\/wp-content\/uploads\/sites\/3\/2017\/10\/CLJ.png","width":1487,"height":906},{"@type":"BreadcrumbList","@id":"https:\/\/biblioteca.blanes.cat\/salajove\/2018\/02\/19\/clj-febrer-2018\/#breadcrumb","itemListElement":[{"@type":"ListItem","position":1,"name":"Inici","item":"https:\/\/biblioteca.blanes.cat\/salajove\/"},{"@type":"ListItem","position":2,"name":"CLJ: Febrer 2018"}]},{"@type":"WebSite","@id":"https:\/\/biblioteca.blanes.cat\/salajove\/#website","url":"https:\/\/biblioteca.blanes.cat\/salajove\/","name":"Sala Jove","description":"Biblioteca Comarcal de Blanes","publisher":{"@id":"https:\/\/biblioteca.blanes.cat\/salajove\/#organization"},"potentialAction":[{"@type":"SearchAction","target":{"@type":"EntryPoint","urlTemplate":"https:\/\/biblioteca.blanes.cat\/salajove\/?s={search_term_string}"},"query-input":{"@type":"PropertyValueSpecification","valueRequired":true,"valueName":"search_term_string"}}],"inLanguage":"ca"},{"@type":"Organization","@id":"https:\/\/biblioteca.blanes.cat\/salajove\/#organization","name":"Biblioteca Comarcal de Blanes","url":"https:\/\/biblioteca.blanes.cat\/salajove\/","logo":{"@type":"ImageObject","inLanguage":"ca","@id":"https:\/\/biblioteca.blanes.cat\/salajove\/#\/schema\/logo\/image\/","url":"https:\/\/biblioteca.blanes.cat\/salajove\/wp-content\/uploads\/sites\/3\/2017\/09\/cropped-Bib-blau-e1518869380535.png","contentUrl":"https:\/\/biblioteca.blanes.cat\/salajove\/wp-content\/uploads\/sites\/3\/2017\/09\/cropped-Bib-blau-e1518869380535.png","width":166,"height":166,"caption":"Biblioteca Comarcal de Blanes"},"image":{"@id":"https:\/\/biblioteca.blanes.cat\/salajove\/#\/schema\/logo\/image\/"},"sameAs":["https:\/\/www.facebook.com\/BilbiotecaComarcaldeBlanes\/","https:\/\/x.com\/BiblioBlanes","https:\/\/www.instagram.com\/biblioblanes\/","https:\/\/www.pinterest.es\/bblanes\/","https:\/\/www.youtube.com\/c\/BibliotecaComarcalBlanes"]},{"@type":"Person","@id":"https:\/\/biblioteca.blanes.cat\/salajove\/#\/schema\/person\/5a7b46760d9dd611d098bbf571a341dc","name":"biblioblanes","image":{"@type":"ImageObject","inLanguage":"ca","@id":"https:\/\/secure.gravatar.com\/avatar\/6593ca6cc90e5a70939f51c95e8315483b9c281bafba597292bee47992030f99?s=96&d=mm&r=g","url":"https:\/\/secure.gravatar.com\/avatar\/6593ca6cc90e5a70939f51c95e8315483b9c281bafba597292bee47992030f99?s=96&d=mm&r=g","contentUrl":"https:\/\/secure.gravatar.com\/avatar\/6593ca6cc90e5a70939f51c95e8315483b9c281bafba597292bee47992030f99?s=96&d=mm&r=g","caption":"biblioblanes"},"sameAs":["http:\/\/www.bibgirona.cat\/biblioteca\/blanes","https:\/\/x.com\/biblioblanes"],"url":"https:\/\/biblioteca.blanes.cat\/salajove\/author\/biblioblanes\/"}]}},"_links":{"self":[{"href":"https:\/\/biblioteca.blanes.cat\/salajove\/wp-json\/wp\/v2\/posts\/1043","targetHints":{"allow":["GET"]}}],"collection":[{"href":"https:\/\/biblioteca.blanes.cat\/salajove\/wp-json\/wp\/v2\/posts"}],"about":[{"href":"https:\/\/biblioteca.blanes.cat\/salajove\/wp-json\/wp\/v2\/types\/post"}],"author":[{"embeddable":true,"href":"https:\/\/biblioteca.blanes.cat\/salajove\/wp-json\/wp\/v2\/users\/4"}],"replies":[{"embeddable":true,"href":"https:\/\/biblioteca.blanes.cat\/salajove\/wp-json\/wp\/v2\/comments?post=1043"}],"version-history":[{"count":11,"href":"https:\/\/biblioteca.blanes.cat\/salajove\/wp-json\/wp\/v2\/posts\/1043\/revisions"}],"predecessor-version":[{"id":1056,"href":"https:\/\/biblioteca.blanes.cat\/salajove\/wp-json\/wp\/v2\/posts\/1043\/revisions\/1056"}],"wp:featuredmedia":[{"embeddable":true,"href":"https:\/\/biblioteca.blanes.cat\/salajove\/wp-json\/wp\/v2\/media\/291"}],"wp:attachment":[{"href":"https:\/\/biblioteca.blanes.cat\/salajove\/wp-json\/wp\/v2\/media?parent=1043"}],"wp:term":[{"taxonomy":"category","embeddable":true,"href":"https:\/\/biblioteca.blanes.cat\/salajove\/wp-json\/wp\/v2\/categories?post=1043"},{"taxonomy":"post_tag","embeddable":true,"href":"https:\/\/biblioteca.blanes.cat\/salajove\/wp-json\/wp\/v2\/tags?post=1043"}],"curies":[{"name":"wp","href":"https:\/\/api.w.org\/{rel}","templated":true}]}}