{"id":10423,"date":"2026-02-06T17:00:30","date_gmt":"2026-02-06T16:00:30","guid":{"rendered":"https:\/\/biblioteca.blanes.cat\/salajove\/?p=10423"},"modified":"2026-02-09T16:37:00","modified_gmt":"2026-02-09T15:37:00","slug":"17a-edicio-del-concurs-de-relats-breus-bollere","status":"publish","type":"post","link":"https:\/\/biblioteca.blanes.cat\/salajove\/2026\/02\/06\/17a-edicio-del-concurs-de-relats-breus-bollere\/","title":{"rendered":"17a edici\u00f3 del concurs de relats breus BOLLER\u00c9"},"content":{"rendered":"\n<p>L\u2019any 2006, es va iniciar el concurs de relats breus\u00a0<strong>Boller\u00e9<\/strong>, uns premis que\u00a0han estat molt ben rebuts\u00a0<strong>entre la poblaci\u00f3 jove amb vocaci\u00f3 liter\u00e0ria<\/strong>,\u00a0 ja que \u00e9s una oportunitat per poder donar a con\u00e8ixer els seus escrits.\u00a0<\/p>\n<p>La finalitat del concurs \u00e9s promoure la creaci\u00f3 liter\u00e0ria entre els joves de 17 a 25 anys. A les \u00faltimes edicions s\u2019ha afegit la franja de joves de 12 a 16 anys. Per aix\u00f2, actualment, el certamen recull dues categories: la\u00a0<strong>categoria A<\/strong>, per a joves de 17 a 25 anys, i la\u00a0<strong>categoria B<\/strong>, per a joves de 12 a 16 anys.<\/p>\n<p>Podeu llegir les bases del concurs a en <strong><a href=\"https:\/\/www.blanes.cat\/docweb\/bollere\" target=\"_blank\" rel=\"noopener\">aquest enlla\u00e7<\/a><\/strong>.\u00a0El termini de presentaci\u00f3 dels relats \u00e9s\u00a0<strong>del 6 al 23 de febrer del 2026. <\/strong>Podeu accedir al tr\u00e0mit espec\u00edfic a trav\u00e9s del <a href=\"https:\/\/seu.blanes.cat\/sta\/CarpetaPublic\/doEvent?APP_CODE=STA&amp;PAGE_CODE=PTS_CATSERV&amp;DETALLE=6269010727593384906004\"><strong>Cat\u00e0leg de tr\u00e0mits<\/strong><\/a> de l&#8217;Ajuntament de Blanes.<\/p>\n<ul style=\"list-style-type: circle;\">\n<li><a href=\"https:\/\/biblioteca.blanes.cat\/salajove\/wp-content\/uploads\/sites\/3\/2026\/02\/Bollere_2026_17_Edicio.pdf\" target=\"_blank\" rel=\"noopener\">Bases en catal\u00e0<\/a><\/li>\n<li><a href=\"https:\/\/biblioteca.blanes.cat\/salajove\/wp-content\/uploads\/sites\/3\/2026\/02\/Bases17aBollere_2026_cast.pdf\" target=\"_blank\" rel=\"noopener\">Bases en castell\u00e0<\/a><\/li>\n<li><a href=\"https:\/\/biblioteca.blanes.cat\/salajove\/wp-content\/uploads\/sites\/3\/2026\/02\/Sollicitud-per-participar-al-concurs-literari-Bollere-2026-CATALA.pdf\" target=\"_blank\" rel=\"noopener\">Formulari en catal\u00e0<\/a><\/li>\n<li><a href=\"https:\/\/biblioteca.blanes.cat\/salajove\/wp-content\/uploads\/sites\/3\/2026\/02\/Solicitud-para-participar-en-el-concurso-literario-Bollere-2026-CASTELLANO.pdf\" target=\"_blank\" rel=\"noopener\">Formulari en castell\u00e0<\/a><\/li>\n<\/ul>\n<p><img fetchpriority=\"high\" decoding=\"async\" class=\"aligncenter  wp-image-10424\" src=\"https:\/\/biblioteca.blanes.cat\/salajove\/wp-content\/uploads\/sites\/3\/2026\/02\/Bollere-2026-_-anunci-web-212x300.jpg\" alt=\"\" width=\"359\" height=\"508\" srcset=\"https:\/\/biblioteca.blanes.cat\/salajove\/wp-content\/uploads\/sites\/3\/2026\/02\/Bollere-2026-_-anunci-web-212x300.jpg 212w, https:\/\/biblioteca.blanes.cat\/salajove\/wp-content\/uploads\/sites\/3\/2026\/02\/Bollere-2026-_-anunci-web-722x1024.jpg 722w, https:\/\/biblioteca.blanes.cat\/salajove\/wp-content\/uploads\/sites\/3\/2026\/02\/Bollere-2026-_-anunci-web-768x1089.jpg 768w, https:\/\/biblioteca.blanes.cat\/salajove\/wp-content\/uploads\/sites\/3\/2026\/02\/Bollere-2026-_-anunci-web-1083x1536.jpg 1083w, https:\/\/biblioteca.blanes.cat\/salajove\/wp-content\/uploads\/sites\/3\/2026\/02\/Bollere-2026-_-anunci-web.jpg 1410w\" sizes=\"(max-width: 359px) 100vw, 359px\" \/><\/p>\n","protected":false},"excerpt":{"rendered":"<p>L\u2019any 2006, es va iniciar el concurs de relats breus\u00a0Boller\u00e9, uns premis que\u00a0han estat molt ben rebuts\u00a0entre la poblaci\u00f3 jove amb vocaci\u00f3 liter\u00e0ria,\u00a0 ja que \u00e9s una oportunitat per poder donar a con\u00e8ixer els seus escrits.\u00a0 La finalitat del concurs<\/p>\n","protected":false},"author":4,"featured_media":10424,"comment_status":"open","ping_status":"open","sticky":false,"template":"","format":"standard","meta":{"sfsi_plus_gutenberg_text_before_share":"","sfsi_plus_gutenberg_show_text_before_share":"","sfsi_plus_gutenberg_icon_type":"","sfsi_plus_gutenberg_icon_alignemt":"","sfsi_plus_gutenburg_max_per_row":"","footnotes":""},"categories":[15],"tags":[24,52,26,19,21],"class_list":["post-10423","post","type-post","status-publish","format-standard","has-post-thumbnail","hentry","category-bollere","tag-activitats","tag-joves","tag-lectura","tag-literatura","tag-llibres"],"yoast_head":"<!-- This site is optimized with the Yoast SEO plugin v27.5 - https:\/\/yoast.com\/product\/yoast-seo-wordpress\/ -->\n<title>17a edici\u00f3 del concurs de relats breus BOLLER\u00c9 - Sala Jove<\/title>\n<meta name=\"robots\" content=\"index, follow, max-snippet:-1, max-image-preview:large, max-video-preview:-1\" \/>\n<link rel=\"canonical\" href=\"https:\/\/biblioteca.blanes.cat\/salajove\/2026\/02\/06\/17a-edicio-del-concurs-de-relats-breus-bollere\/\" \/>\n<meta property=\"og:locale\" content=\"ca_ES\" \/>\n<meta property=\"og:type\" content=\"article\" \/>\n<meta property=\"og:title\" content=\"17a edici\u00f3 del concurs de relats breus BOLLER\u00c9 - Sala Jove\" \/>\n<meta property=\"og:description\" content=\"L\u2019any 2006, es va iniciar el concurs de relats breus\u00a0Boller\u00e9, uns premis que\u00a0han estat molt ben rebuts\u00a0entre la poblaci\u00f3 jove amb vocaci\u00f3 liter\u00e0ria,\u00a0 ja que \u00e9s una oportunitat per poder donar a con\u00e8ixer els seus escrits.\u00a0 La finalitat del concurs\" \/>\n<meta property=\"og:url\" content=\"https:\/\/biblioteca.blanes.cat\/salajove\/2026\/02\/06\/17a-edicio-del-concurs-de-relats-breus-bollere\/\" \/>\n<meta property=\"og:site_name\" content=\"Sala Jove\" \/>\n<meta property=\"article:publisher\" content=\"https:\/\/www.facebook.com\/BilbiotecaComarcaldeBlanes\/\" \/>\n<meta property=\"article:published_time\" content=\"2026-02-06T16:00:30+00:00\" \/>\n<meta property=\"article:modified_time\" content=\"2026-02-09T15:37:00+00:00\" \/>\n<meta property=\"og:image\" content=\"https:\/\/biblioteca.blanes.cat\/salajove\/wp-content\/uploads\/sites\/3\/2026\/02\/Bollere-2026-_-anunci-web.jpg\" \/>\n\t<meta property=\"og:image:width\" content=\"1410\" \/>\n\t<meta property=\"og:image:height\" content=\"2000\" \/>\n\t<meta property=\"og:image:type\" content=\"image\/jpeg\" \/>\n<meta name=\"author\" content=\"biblioblanes\" \/>\n<meta name=\"twitter:card\" content=\"summary_large_image\" \/>\n<meta name=\"twitter:creator\" content=\"@biblioblanes\" \/>\n<meta name=\"twitter:site\" content=\"@BiblioBlanes\" \/>\n<meta name=\"twitter:label1\" content=\"Escrit per\" \/>\n\t<meta name=\"twitter:data1\" content=\"biblioblanes\" \/>\n\t<meta name=\"twitter:label2\" content=\"Temps estimat de lectura\" \/>\n\t<meta name=\"twitter:data2\" content=\"2 minuts\" \/>\n<script type=\"application\/ld+json\" class=\"yoast-schema-graph\">{\"@context\":\"https:\\\/\\\/schema.org\",\"@graph\":[{\"@type\":\"Article\",\"@id\":\"https:\\\/\\\/biblioteca.blanes.cat\\\/salajove\\\/2026\\\/02\\\/06\\\/17a-edicio-del-concurs-de-relats-breus-bollere\\\/#article\",\"isPartOf\":{\"@id\":\"https:\\\/\\\/biblioteca.blanes.cat\\\/salajove\\\/2026\\\/02\\\/06\\\/17a-edicio-del-concurs-de-relats-breus-bollere\\\/\"},\"author\":{\"name\":\"biblioblanes\",\"@id\":\"https:\\\/\\\/biblioteca.blanes.cat\\\/salajove\\\/#\\\/schema\\\/person\\\/5a7b46760d9dd611d098bbf571a341dc\"},\"headline\":\"17a edici\u00f3 del concurs de relats breus BOLLER\u00c9\",\"datePublished\":\"2026-02-06T16:00:30+00:00\",\"dateModified\":\"2026-02-09T15:37:00+00:00\",\"mainEntityOfPage\":{\"@id\":\"https:\\\/\\\/biblioteca.blanes.cat\\\/salajove\\\/2026\\\/02\\\/06\\\/17a-edicio-del-concurs-de-relats-breus-bollere\\\/\"},\"wordCount\":161,\"commentCount\":0,\"publisher\":{\"@id\":\"https:\\\/\\\/biblioteca.blanes.cat\\\/salajove\\\/#organization\"},\"image\":{\"@id\":\"https:\\\/\\\/biblioteca.blanes.cat\\\/salajove\\\/2026\\\/02\\\/06\\\/17a-edicio-del-concurs-de-relats-breus-bollere\\\/#primaryimage\"},\"thumbnailUrl\":\"https:\\\/\\\/biblioteca.blanes.cat\\\/salajove\\\/wp-content\\\/uploads\\\/sites\\\/3\\\/2026\\\/02\\\/Bollere-2026-_-anunci-web.jpg\",\"keywords\":[\"#Activitats\",\"#Joves\",\"#Lectura\",\"#Literatura\",\"#Llibres\"],\"articleSection\":[\"Boller\u00e9\"],\"inLanguage\":\"ca\",\"potentialAction\":[{\"@type\":\"CommentAction\",\"name\":\"Comment\",\"target\":[\"https:\\\/\\\/biblioteca.blanes.cat\\\/salajove\\\/2026\\\/02\\\/06\\\/17a-edicio-del-concurs-de-relats-breus-bollere\\\/#respond\"]}]},{\"@type\":\"WebPage\",\"@id\":\"https:\\\/\\\/biblioteca.blanes.cat\\\/salajove\\\/2026\\\/02\\\/06\\\/17a-edicio-del-concurs-de-relats-breus-bollere\\\/\",\"url\":\"https:\\\/\\\/biblioteca.blanes.cat\\\/salajove\\\/2026\\\/02\\\/06\\\/17a-edicio-del-concurs-de-relats-breus-bollere\\\/\",\"name\":\"17a edici\u00f3 del concurs de relats breus BOLLER\u00c9 - Sala Jove\",\"isPartOf\":{\"@id\":\"https:\\\/\\\/biblioteca.blanes.cat\\\/salajove\\\/#website\"},\"primaryImageOfPage\":{\"@id\":\"https:\\\/\\\/biblioteca.blanes.cat\\\/salajove\\\/2026\\\/02\\\/06\\\/17a-edicio-del-concurs-de-relats-breus-bollere\\\/#primaryimage\"},\"image\":{\"@id\":\"https:\\\/\\\/biblioteca.blanes.cat\\\/salajove\\\/2026\\\/02\\\/06\\\/17a-edicio-del-concurs-de-relats-breus-bollere\\\/#primaryimage\"},\"thumbnailUrl\":\"https:\\\/\\\/biblioteca.blanes.cat\\\/salajove\\\/wp-content\\\/uploads\\\/sites\\\/3\\\/2026\\\/02\\\/Bollere-2026-_-anunci-web.jpg\",\"datePublished\":\"2026-02-06T16:00:30+00:00\",\"dateModified\":\"2026-02-09T15:37:00+00:00\",\"breadcrumb\":{\"@id\":\"https:\\\/\\\/biblioteca.blanes.cat\\\/salajove\\\/2026\\\/02\\\/06\\\/17a-edicio-del-concurs-de-relats-breus-bollere\\\/#breadcrumb\"},\"inLanguage\":\"ca\",\"potentialAction\":[{\"@type\":\"ReadAction\",\"target\":[\"https:\\\/\\\/biblioteca.blanes.cat\\\/salajove\\\/2026\\\/02\\\/06\\\/17a-edicio-del-concurs-de-relats-breus-bollere\\\/\"]}]},{\"@type\":\"ImageObject\",\"inLanguage\":\"ca\",\"@id\":\"https:\\\/\\\/biblioteca.blanes.cat\\\/salajove\\\/2026\\\/02\\\/06\\\/17a-edicio-del-concurs-de-relats-breus-bollere\\\/#primaryimage\",\"url\":\"https:\\\/\\\/biblioteca.blanes.cat\\\/salajove\\\/wp-content\\\/uploads\\\/sites\\\/3\\\/2026\\\/02\\\/Bollere-2026-_-anunci-web.jpg\",\"contentUrl\":\"https:\\\/\\\/biblioteca.blanes.cat\\\/salajove\\\/wp-content\\\/uploads\\\/sites\\\/3\\\/2026\\\/02\\\/Bollere-2026-_-anunci-web.jpg\",\"width\":1410,\"height\":2000},{\"@type\":\"BreadcrumbList\",\"@id\":\"https:\\\/\\\/biblioteca.blanes.cat\\\/salajove\\\/2026\\\/02\\\/06\\\/17a-edicio-del-concurs-de-relats-breus-bollere\\\/#breadcrumb\",\"itemListElement\":[{\"@type\":\"ListItem\",\"position\":1,\"name\":\"Inici\",\"item\":\"https:\\\/\\\/biblioteca.blanes.cat\\\/salajove\\\/\"},{\"@type\":\"ListItem\",\"position\":2,\"name\":\"17a edici\u00f3 del concurs de relats breus BOLLER\u00c9\"}]},{\"@type\":\"WebSite\",\"@id\":\"https:\\\/\\\/biblioteca.blanes.cat\\\/salajove\\\/#website\",\"url\":\"https:\\\/\\\/biblioteca.blanes.cat\\\/salajove\\\/\",\"name\":\"Sala Jove\",\"description\":\"Biblioteca Comarcal de Blanes\",\"publisher\":{\"@id\":\"https:\\\/\\\/biblioteca.blanes.cat\\\/salajove\\\/#organization\"},\"potentialAction\":[{\"@type\":\"SearchAction\",\"target\":{\"@type\":\"EntryPoint\",\"urlTemplate\":\"https:\\\/\\\/biblioteca.blanes.cat\\\/salajove\\\/?s={search_term_string}\"},\"query-input\":{\"@type\":\"PropertyValueSpecification\",\"valueRequired\":true,\"valueName\":\"search_term_string\"}}],\"inLanguage\":\"ca\"},{\"@type\":\"Organization\",\"@id\":\"https:\\\/\\\/biblioteca.blanes.cat\\\/salajove\\\/#organization\",\"name\":\"Biblioteca Comarcal de Blanes\",\"url\":\"https:\\\/\\\/biblioteca.blanes.cat\\\/salajove\\\/\",\"logo\":{\"@type\":\"ImageObject\",\"inLanguage\":\"ca\",\"@id\":\"https:\\\/\\\/biblioteca.blanes.cat\\\/salajove\\\/#\\\/schema\\\/logo\\\/image\\\/\",\"url\":\"https:\\\/\\\/biblioteca.blanes.cat\\\/salajove\\\/wp-content\\\/uploads\\\/sites\\\/3\\\/2017\\\/09\\\/cropped-Bib-blau-e1518869380535.png\",\"contentUrl\":\"https:\\\/\\\/biblioteca.blanes.cat\\\/salajove\\\/wp-content\\\/uploads\\\/sites\\\/3\\\/2017\\\/09\\\/cropped-Bib-blau-e1518869380535.png\",\"width\":166,\"height\":166,\"caption\":\"Biblioteca Comarcal de Blanes\"},\"image\":{\"@id\":\"https:\\\/\\\/biblioteca.blanes.cat\\\/salajove\\\/#\\\/schema\\\/logo\\\/image\\\/\"},\"sameAs\":[\"https:\\\/\\\/www.facebook.com\\\/BilbiotecaComarcaldeBlanes\\\/\",\"https:\\\/\\\/x.com\\\/BiblioBlanes\",\"https:\\\/\\\/www.instagram.com\\\/biblioblanes\\\/\",\"https:\\\/\\\/www.pinterest.es\\\/bblanes\\\/\",\"https:\\\/\\\/www.youtube.com\\\/c\\\/BibliotecaComarcalBlanes\"]},{\"@type\":\"Person\",\"@id\":\"https:\\\/\\\/biblioteca.blanes.cat\\\/salajove\\\/#\\\/schema\\\/person\\\/5a7b46760d9dd611d098bbf571a341dc\",\"name\":\"biblioblanes\",\"image\":{\"@type\":\"ImageObject\",\"inLanguage\":\"ca\",\"@id\":\"https:\\\/\\\/secure.gravatar.com\\\/avatar\\\/6593ca6cc90e5a70939f51c95e8315483b9c281bafba597292bee47992030f99?s=96&d=mm&r=g\",\"url\":\"https:\\\/\\\/secure.gravatar.com\\\/avatar\\\/6593ca6cc90e5a70939f51c95e8315483b9c281bafba597292bee47992030f99?s=96&d=mm&r=g\",\"contentUrl\":\"https:\\\/\\\/secure.gravatar.com\\\/avatar\\\/6593ca6cc90e5a70939f51c95e8315483b9c281bafba597292bee47992030f99?s=96&d=mm&r=g\",\"caption\":\"biblioblanes\"},\"sameAs\":[\"http:\\\/\\\/www.bibgirona.cat\\\/biblioteca\\\/blanes\",\"https:\\\/\\\/x.com\\\/biblioblanes\"],\"url\":\"https:\\\/\\\/biblioteca.blanes.cat\\\/salajove\\\/author\\\/biblioblanes\\\/\"}]}<\/script>\n<!-- \/ Yoast SEO plugin. -->","yoast_head_json":{"title":"17a edici\u00f3 del concurs de relats breus BOLLER\u00c9 - Sala Jove","robots":{"index":"index","follow":"follow","max-snippet":"max-snippet:-1","max-image-preview":"max-image-preview:large","max-video-preview":"max-video-preview:-1"},"canonical":"https:\/\/biblioteca.blanes.cat\/salajove\/2026\/02\/06\/17a-edicio-del-concurs-de-relats-breus-bollere\/","og_locale":"ca_ES","og_type":"article","og_title":"17a edici\u00f3 del concurs de relats breus BOLLER\u00c9 - Sala Jove","og_description":"L\u2019any 2006, es va iniciar el concurs de relats breus\u00a0Boller\u00e9, uns premis que\u00a0han estat molt ben rebuts\u00a0entre la poblaci\u00f3 jove amb vocaci\u00f3 liter\u00e0ria,\u00a0 ja que \u00e9s una oportunitat per poder donar a con\u00e8ixer els seus escrits.\u00a0 La finalitat del concurs","og_url":"https:\/\/biblioteca.blanes.cat\/salajove\/2026\/02\/06\/17a-edicio-del-concurs-de-relats-breus-bollere\/","og_site_name":"Sala Jove","article_publisher":"https:\/\/www.facebook.com\/BilbiotecaComarcaldeBlanes\/","article_published_time":"2026-02-06T16:00:30+00:00","article_modified_time":"2026-02-09T15:37:00+00:00","og_image":[{"width":1410,"height":2000,"url":"https:\/\/biblioteca.blanes.cat\/salajove\/wp-content\/uploads\/sites\/3\/2026\/02\/Bollere-2026-_-anunci-web.jpg","type":"image\/jpeg"}],"author":"biblioblanes","twitter_card":"summary_large_image","twitter_creator":"@biblioblanes","twitter_site":"@BiblioBlanes","twitter_misc":{"Escrit per":"biblioblanes","Temps estimat de lectura":"2 minuts"},"schema":{"@context":"https:\/\/schema.org","@graph":[{"@type":"Article","@id":"https:\/\/biblioteca.blanes.cat\/salajove\/2026\/02\/06\/17a-edicio-del-concurs-de-relats-breus-bollere\/#article","isPartOf":{"@id":"https:\/\/biblioteca.blanes.cat\/salajove\/2026\/02\/06\/17a-edicio-del-concurs-de-relats-breus-bollere\/"},"author":{"name":"biblioblanes","@id":"https:\/\/biblioteca.blanes.cat\/salajove\/#\/schema\/person\/5a7b46760d9dd611d098bbf571a341dc"},"headline":"17a edici\u00f3 del concurs de relats breus BOLLER\u00c9","datePublished":"2026-02-06T16:00:30+00:00","dateModified":"2026-02-09T15:37:00+00:00","mainEntityOfPage":{"@id":"https:\/\/biblioteca.blanes.cat\/salajove\/2026\/02\/06\/17a-edicio-del-concurs-de-relats-breus-bollere\/"},"wordCount":161,"commentCount":0,"publisher":{"@id":"https:\/\/biblioteca.blanes.cat\/salajove\/#organization"},"image":{"@id":"https:\/\/biblioteca.blanes.cat\/salajove\/2026\/02\/06\/17a-edicio-del-concurs-de-relats-breus-bollere\/#primaryimage"},"thumbnailUrl":"https:\/\/biblioteca.blanes.cat\/salajove\/wp-content\/uploads\/sites\/3\/2026\/02\/Bollere-2026-_-anunci-web.jpg","keywords":["#Activitats","#Joves","#Lectura","#Literatura","#Llibres"],"articleSection":["Boller\u00e9"],"inLanguage":"ca","potentialAction":[{"@type":"CommentAction","name":"Comment","target":["https:\/\/biblioteca.blanes.cat\/salajove\/2026\/02\/06\/17a-edicio-del-concurs-de-relats-breus-bollere\/#respond"]}]},{"@type":"WebPage","@id":"https:\/\/biblioteca.blanes.cat\/salajove\/2026\/02\/06\/17a-edicio-del-concurs-de-relats-breus-bollere\/","url":"https:\/\/biblioteca.blanes.cat\/salajove\/2026\/02\/06\/17a-edicio-del-concurs-de-relats-breus-bollere\/","name":"17a edici\u00f3 del concurs de relats breus BOLLER\u00c9 - Sala Jove","isPartOf":{"@id":"https:\/\/biblioteca.blanes.cat\/salajove\/#website"},"primaryImageOfPage":{"@id":"https:\/\/biblioteca.blanes.cat\/salajove\/2026\/02\/06\/17a-edicio-del-concurs-de-relats-breus-bollere\/#primaryimage"},"image":{"@id":"https:\/\/biblioteca.blanes.cat\/salajove\/2026\/02\/06\/17a-edicio-del-concurs-de-relats-breus-bollere\/#primaryimage"},"thumbnailUrl":"https:\/\/biblioteca.blanes.cat\/salajove\/wp-content\/uploads\/sites\/3\/2026\/02\/Bollere-2026-_-anunci-web.jpg","datePublished":"2026-02-06T16:00:30+00:00","dateModified":"2026-02-09T15:37:00+00:00","breadcrumb":{"@id":"https:\/\/biblioteca.blanes.cat\/salajove\/2026\/02\/06\/17a-edicio-del-concurs-de-relats-breus-bollere\/#breadcrumb"},"inLanguage":"ca","potentialAction":[{"@type":"ReadAction","target":["https:\/\/biblioteca.blanes.cat\/salajove\/2026\/02\/06\/17a-edicio-del-concurs-de-relats-breus-bollere\/"]}]},{"@type":"ImageObject","inLanguage":"ca","@id":"https:\/\/biblioteca.blanes.cat\/salajove\/2026\/02\/06\/17a-edicio-del-concurs-de-relats-breus-bollere\/#primaryimage","url":"https:\/\/biblioteca.blanes.cat\/salajove\/wp-content\/uploads\/sites\/3\/2026\/02\/Bollere-2026-_-anunci-web.jpg","contentUrl":"https:\/\/biblioteca.blanes.cat\/salajove\/wp-content\/uploads\/sites\/3\/2026\/02\/Bollere-2026-_-anunci-web.jpg","width":1410,"height":2000},{"@type":"BreadcrumbList","@id":"https:\/\/biblioteca.blanes.cat\/salajove\/2026\/02\/06\/17a-edicio-del-concurs-de-relats-breus-bollere\/#breadcrumb","itemListElement":[{"@type":"ListItem","position":1,"name":"Inici","item":"https:\/\/biblioteca.blanes.cat\/salajove\/"},{"@type":"ListItem","position":2,"name":"17a edici\u00f3 del concurs de relats breus BOLLER\u00c9"}]},{"@type":"WebSite","@id":"https:\/\/biblioteca.blanes.cat\/salajove\/#website","url":"https:\/\/biblioteca.blanes.cat\/salajove\/","name":"Sala Jove","description":"Biblioteca Comarcal de Blanes","publisher":{"@id":"https:\/\/biblioteca.blanes.cat\/salajove\/#organization"},"potentialAction":[{"@type":"SearchAction","target":{"@type":"EntryPoint","urlTemplate":"https:\/\/biblioteca.blanes.cat\/salajove\/?s={search_term_string}"},"query-input":{"@type":"PropertyValueSpecification","valueRequired":true,"valueName":"search_term_string"}}],"inLanguage":"ca"},{"@type":"Organization","@id":"https:\/\/biblioteca.blanes.cat\/salajove\/#organization","name":"Biblioteca Comarcal de Blanes","url":"https:\/\/biblioteca.blanes.cat\/salajove\/","logo":{"@type":"ImageObject","inLanguage":"ca","@id":"https:\/\/biblioteca.blanes.cat\/salajove\/#\/schema\/logo\/image\/","url":"https:\/\/biblioteca.blanes.cat\/salajove\/wp-content\/uploads\/sites\/3\/2017\/09\/cropped-Bib-blau-e1518869380535.png","contentUrl":"https:\/\/biblioteca.blanes.cat\/salajove\/wp-content\/uploads\/sites\/3\/2017\/09\/cropped-Bib-blau-e1518869380535.png","width":166,"height":166,"caption":"Biblioteca Comarcal de Blanes"},"image":{"@id":"https:\/\/biblioteca.blanes.cat\/salajove\/#\/schema\/logo\/image\/"},"sameAs":["https:\/\/www.facebook.com\/BilbiotecaComarcaldeBlanes\/","https:\/\/x.com\/BiblioBlanes","https:\/\/www.instagram.com\/biblioblanes\/","https:\/\/www.pinterest.es\/bblanes\/","https:\/\/www.youtube.com\/c\/BibliotecaComarcalBlanes"]},{"@type":"Person","@id":"https:\/\/biblioteca.blanes.cat\/salajove\/#\/schema\/person\/5a7b46760d9dd611d098bbf571a341dc","name":"biblioblanes","image":{"@type":"ImageObject","inLanguage":"ca","@id":"https:\/\/secure.gravatar.com\/avatar\/6593ca6cc90e5a70939f51c95e8315483b9c281bafba597292bee47992030f99?s=96&d=mm&r=g","url":"https:\/\/secure.gravatar.com\/avatar\/6593ca6cc90e5a70939f51c95e8315483b9c281bafba597292bee47992030f99?s=96&d=mm&r=g","contentUrl":"https:\/\/secure.gravatar.com\/avatar\/6593ca6cc90e5a70939f51c95e8315483b9c281bafba597292bee47992030f99?s=96&d=mm&r=g","caption":"biblioblanes"},"sameAs":["http:\/\/www.bibgirona.cat\/biblioteca\/blanes","https:\/\/x.com\/biblioblanes"],"url":"https:\/\/biblioteca.blanes.cat\/salajove\/author\/biblioblanes\/"}]}},"_links":{"self":[{"href":"https:\/\/biblioteca.blanes.cat\/salajove\/wp-json\/wp\/v2\/posts\/10423","targetHints":{"allow":["GET"]}}],"collection":[{"href":"https:\/\/biblioteca.blanes.cat\/salajove\/wp-json\/wp\/v2\/posts"}],"about":[{"href":"https:\/\/biblioteca.blanes.cat\/salajove\/wp-json\/wp\/v2\/types\/post"}],"author":[{"embeddable":true,"href":"https:\/\/biblioteca.blanes.cat\/salajove\/wp-json\/wp\/v2\/users\/4"}],"replies":[{"embeddable":true,"href":"https:\/\/biblioteca.blanes.cat\/salajove\/wp-json\/wp\/v2\/comments?post=10423"}],"version-history":[{"count":2,"href":"https:\/\/biblioteca.blanes.cat\/salajove\/wp-json\/wp\/v2\/posts\/10423\/revisions"}],"predecessor-version":[{"id":10431,"href":"https:\/\/biblioteca.blanes.cat\/salajove\/wp-json\/wp\/v2\/posts\/10423\/revisions\/10431"}],"wp:featuredmedia":[{"embeddable":true,"href":"https:\/\/biblioteca.blanes.cat\/salajove\/wp-json\/wp\/v2\/media\/10424"}],"wp:attachment":[{"href":"https:\/\/biblioteca.blanes.cat\/salajove\/wp-json\/wp\/v2\/media?parent=10423"}],"wp:term":[{"taxonomy":"category","embeddable":true,"href":"https:\/\/biblioteca.blanes.cat\/salajove\/wp-json\/wp\/v2\/categories?post=10423"},{"taxonomy":"post_tag","embeddable":true,"href":"https:\/\/biblioteca.blanes.cat\/salajove\/wp-json\/wp\/v2\/tags?post=10423"}],"curies":[{"name":"wp","href":"https:\/\/api.w.org\/{rel}","templated":true}]}}