{"id":10344,"date":"2026-01-22T12:28:54","date_gmt":"2026-01-22T11:28:54","guid":{"rendered":"https:\/\/biblioteca.blanes.cat\/salajove\/?p=10344"},"modified":"2026-01-22T12:30:35","modified_gmt":"2026-01-22T11:30:35","slug":"14a-edicio-del-fes-me-pensar","status":"publish","type":"post","link":"https:\/\/biblioteca.blanes.cat\/salajove\/2026\/01\/22\/14a-edicio-del-fes-me-pensar\/","title":{"rendered":"14a edici\u00f3 del Fes-me pensar"},"content":{"rendered":"\n\n\n<p><strong>Fes-me pensar<\/strong> \u00e9s una iniciativa dels tres instituts de secund\u00e0ria del municipi de Blanes (S&#8217;Agulla, Sa Palomera i Serrallarga) que proposa per a l\u2019alumnat un repte filos\u00f2fic de caire fotogr\u00e0fic.<\/p>\n<p><img fetchpriority=\"high\" decoding=\"async\" class=\"aligncenter  wp-image-10348\" src=\"https:\/\/biblioteca.blanes.cat\/salajove\/wp-content\/uploads\/sites\/3\/2026\/01\/Fes-me-pensar2026_Concurs-2-212x300.jpg\" alt=\"\" width=\"363\" height=\"514\" srcset=\"https:\/\/biblioteca.blanes.cat\/salajove\/wp-content\/uploads\/sites\/3\/2026\/01\/Fes-me-pensar2026_Concurs-2-212x300.jpg 212w, https:\/\/biblioteca.blanes.cat\/salajove\/wp-content\/uploads\/sites\/3\/2026\/01\/Fes-me-pensar2026_Concurs-2-724x1024.jpg 724w, https:\/\/biblioteca.blanes.cat\/salajove\/wp-content\/uploads\/sites\/3\/2026\/01\/Fes-me-pensar2026_Concurs-2-768x1086.jpg 768w, https:\/\/biblioteca.blanes.cat\/salajove\/wp-content\/uploads\/sites\/3\/2026\/01\/Fes-me-pensar2026_Concurs-2-1086x1536.jpg 1086w, https:\/\/biblioteca.blanes.cat\/salajove\/wp-content\/uploads\/sites\/3\/2026\/01\/Fes-me-pensar2026_Concurs-2-1448x2048.jpg 1448w, https:\/\/biblioteca.blanes.cat\/salajove\/wp-content\/uploads\/sites\/3\/2026\/01\/Fes-me-pensar2026_Concurs-2.jpg 1587w\" sizes=\"(max-width: 363px) 100vw, 363px\" \/><\/p>\n<ul style=\"list-style-type: circle;\">\n<li><span style=\"color: #008000;\"><strong>23 de gener de 2026:<\/strong><\/span> <strong>acte d\u2019obertura del concurs edici\u00f3 2025-2026<\/strong><\/li>\n<li><span style=\"color: #008000;\"><strong>Del 23 de gener al 20 de mar\u00e7 de 2026:<\/strong><\/span> per\u00edode d\u2019entrega de les fotografies per part dels participants al concurs a l\u2019enlla\u00e7 del concurs.<\/li>\n<li><span style=\"color: #008000;\"><strong>17 d\u2019abril de 2026:<\/strong><\/span> acte de defensa de les fotografies seleccionades i votaci\u00f3 de la fotografia guanyadora de l\u2019edici\u00f3 2025-2026.<\/li>\n<\/ul>\n<p><strong>Bases del concurs:<\/strong><br \/>\u25cf Est\u00e0 adre\u00e7ada a l\u2019alumnat de 4t d\u2019ESO i batxillerat.<br \/>\u25cf Les imatges s\u00f3n d\u2019autoria individual.<br \/>\u25cf El tema \u00e9s obert per\u00f2 la fotografia filos\u00f2fica ha de connectar inequ\u00edvocament amb Blanes, ja sigui a trav\u00e9s de la imatge, de la pregunta o d&#8217;ambdues.<br \/>\u25cf Les fotografies han d\u2019incloure de forma visible una PREGUNTA de car\u00e0cter filos\u00f2fic que estigui relacionada i interactu\u00ef amb la imatge.<br \/>\u25cf La pregunta formar\u00e0 part de la composici\u00f3 i estar\u00e0 impresa en la fotografia. Aquesta pregunta ser\u00e0 l\u2019\u00fanic text escrit que es pot afegir a la imatge. Aquesta restricci\u00f3 no afecta a textos que pertanyin als objectes fotografiats.<br \/>\u25cf Es permet realitzar composicions i\/o modificacions d\u2019una o m\u00e9s fotografies originals.<br \/>\u25cf Les fotografies han de ser originals. El\/la participant manifesta i garanteix que \u00e9s l&#8217;\u00fanic titular de tots els drets d\u2019autor sobre la fotografia que presenta al concurs i es responsabilitza totalment que no existeixin drets de tercers en les obres presentades, aix\u00ed com de tota reclamaci\u00f3 de tercers per drets d\u2019imatge.<br \/>\u25cf Les fotografies en qu\u00e8 apareguin persones que es poden recon\u00e8ixer hauran d\u2019anar acompanyades d\u2019una carta signada per aquestes persones o pels seus tutors legals autoritzant l\u2019\u00fas de la seva imatge.<br \/>\u25cf Les fotografies seran enviades dins del termini establert.<br \/>\u25cf Totes les fotografies seran publicades a un perfil d\u2019Instagram espec\u00edfic.<br \/>\u25cf El jurat seleccionar\u00e0 10 fotografies d\u2019entre totes les participants.<br \/>\u25cf Els estudiants finalistes defensaran p\u00fablicament les seves fotografies a partir d\u2019una conversa amb el jurat que far\u00e0 preguntes per aprofundir en la voluntat filos\u00f2fica del treball. El temps m\u00e0xim d\u2019exposici\u00f3 i conversa per a cada finalista ser\u00e0 de 5 minuts.<br \/>\u25cf La proposta guanyadora tindr\u00e0 el premi d\u2019estar en exposici\u00f3 a la Biblioteca Roberto Bola\u00f1o de Blanes.<br \/>\u25cf Addicionalment l\u2019AFIC obsequiar\u00e0 a la fotografia de millor qualitat est\u00e8tica i t\u00e8cnica.<br \/>\u25cf En <a href=\"https:\/\/blocs.xtec.cat\/filolimp\/fotografia-filosofica\/\" target=\"_blank\" rel=\"noopener\">aquest enlla\u00e7<\/a> hi ha uns exemples que serveixen d&#8217;inspiraci\u00f3.<\/p>\n<p>Formulari del concurs: fes clic <span style=\"color: #0000ff;\"><a style=\"color: #0000ff;\" href=\"https:\/\/docs.google.com\/forms\/d\/e\/1FAIpQLSd0nuFMkeaPiH9NwM5EmfPI6amHq3twX_MOf7X5En0ca1QRTw\/viewform\" target=\"_blank\" rel=\"noopener\"><strong>aqu\u00ed<\/strong><\/a><\/span><\/p>\n<p>\u00a0<\/p>\n","protected":false},"excerpt":{"rendered":"<p>Fes-me pensar \u00e9s una iniciativa dels tres instituts de secund\u00e0ria del municipi de Blanes (S&#8217;Agulla, Sa Palomera i Serrallarga) que proposa per a l\u2019alumnat un repte filos\u00f2fic de caire fotogr\u00e0fic. 23 de gener de 2026: acte d\u2019obertura del concurs edici\u00f3<\/p>\n","protected":false},"author":4,"featured_media":10348,"comment_status":"open","ping_status":"open","sticky":false,"template":"","format":"standard","meta":{"sfsi_plus_gutenberg_text_before_share":"","sfsi_plus_gutenberg_show_text_before_share":"","sfsi_plus_gutenberg_icon_type":"","sfsi_plus_gutenberg_icon_alignemt":"","sfsi_plus_gutenburg_max_per_row":"","footnotes":""},"categories":[1],"tags":[24,49,52],"class_list":["post-10344","post","type-post","status-publish","format-standard","has-post-thumbnail","hentry","category-general","tag-activitats","tag-actualitat","tag-joves"],"yoast_head":"<!-- This site is optimized with the Yoast SEO plugin v27.5 - https:\/\/yoast.com\/product\/yoast-seo-wordpress\/ -->\n<title>14a edici\u00f3 del Fes-me pensar - Sala Jove<\/title>\n<meta name=\"robots\" content=\"index, follow, max-snippet:-1, max-image-preview:large, max-video-preview:-1\" \/>\n<link rel=\"canonical\" href=\"https:\/\/biblioteca.blanes.cat\/salajove\/2026\/01\/22\/14a-edicio-del-fes-me-pensar\/\" \/>\n<meta property=\"og:locale\" content=\"ca_ES\" \/>\n<meta property=\"og:type\" content=\"article\" \/>\n<meta property=\"og:title\" content=\"14a edici\u00f3 del Fes-me pensar - Sala Jove\" \/>\n<meta property=\"og:description\" content=\"Fes-me pensar \u00e9s una iniciativa dels tres instituts de secund\u00e0ria del municipi de Blanes (S&#8217;Agulla, Sa Palomera i Serrallarga) que proposa per a l\u2019alumnat un repte filos\u00f2fic de caire fotogr\u00e0fic. 23 de gener de 2026: acte d\u2019obertura del concurs edici\u00f3\" \/>\n<meta property=\"og:url\" content=\"https:\/\/biblioteca.blanes.cat\/salajove\/2026\/01\/22\/14a-edicio-del-fes-me-pensar\/\" \/>\n<meta property=\"og:site_name\" content=\"Sala Jove\" \/>\n<meta property=\"article:publisher\" content=\"https:\/\/www.facebook.com\/BilbiotecaComarcaldeBlanes\/\" \/>\n<meta property=\"article:published_time\" content=\"2026-01-22T11:28:54+00:00\" \/>\n<meta property=\"article:modified_time\" content=\"2026-01-22T11:30:35+00:00\" \/>\n<meta property=\"og:image\" content=\"https:\/\/biblioteca.blanes.cat\/salajove\/wp-content\/uploads\/sites\/3\/2026\/01\/Fes-me-pensar2026_Concurs-2.jpg\" \/>\n\t<meta property=\"og:image:width\" content=\"1587\" \/>\n\t<meta property=\"og:image:height\" content=\"2245\" \/>\n\t<meta property=\"og:image:type\" content=\"image\/jpeg\" \/>\n<meta name=\"author\" content=\"biblioblanes\" \/>\n<meta name=\"twitter:card\" content=\"summary_large_image\" \/>\n<meta name=\"twitter:creator\" content=\"@biblioblanes\" \/>\n<meta name=\"twitter:site\" content=\"@BiblioBlanes\" \/>\n<meta name=\"twitter:label1\" content=\"Escrit per\" \/>\n\t<meta name=\"twitter:data1\" content=\"biblioblanes\" \/>\n\t<meta name=\"twitter:label2\" content=\"Temps estimat de lectura\" \/>\n\t<meta name=\"twitter:data2\" content=\"3 minuts\" \/>\n<script type=\"application\/ld+json\" class=\"yoast-schema-graph\">{\"@context\":\"https:\\\/\\\/schema.org\",\"@graph\":[{\"@type\":\"Article\",\"@id\":\"https:\\\/\\\/biblioteca.blanes.cat\\\/salajove\\\/2026\\\/01\\\/22\\\/14a-edicio-del-fes-me-pensar\\\/#article\",\"isPartOf\":{\"@id\":\"https:\\\/\\\/biblioteca.blanes.cat\\\/salajove\\\/2026\\\/01\\\/22\\\/14a-edicio-del-fes-me-pensar\\\/\"},\"author\":{\"name\":\"biblioblanes\",\"@id\":\"https:\\\/\\\/biblioteca.blanes.cat\\\/salajove\\\/#\\\/schema\\\/person\\\/5a7b46760d9dd611d098bbf571a341dc\"},\"headline\":\"14a edici\u00f3 del Fes-me pensar\",\"datePublished\":\"2026-01-22T11:28:54+00:00\",\"dateModified\":\"2026-01-22T11:30:35+00:00\",\"mainEntityOfPage\":{\"@id\":\"https:\\\/\\\/biblioteca.blanes.cat\\\/salajove\\\/2026\\\/01\\\/22\\\/14a-edicio-del-fes-me-pensar\\\/\"},\"wordCount\":434,\"commentCount\":0,\"publisher\":{\"@id\":\"https:\\\/\\\/biblioteca.blanes.cat\\\/salajove\\\/#organization\"},\"image\":{\"@id\":\"https:\\\/\\\/biblioteca.blanes.cat\\\/salajove\\\/2026\\\/01\\\/22\\\/14a-edicio-del-fes-me-pensar\\\/#primaryimage\"},\"thumbnailUrl\":\"https:\\\/\\\/biblioteca.blanes.cat\\\/salajove\\\/wp-content\\\/uploads\\\/sites\\\/3\\\/2026\\\/01\\\/Fes-me-pensar2026_Concurs-2.jpg\",\"keywords\":[\"#Activitats\",\"#Actualitat\",\"#Joves\"],\"articleSection\":[\"Not\u00edcies\"],\"inLanguage\":\"ca\",\"potentialAction\":[{\"@type\":\"CommentAction\",\"name\":\"Comment\",\"target\":[\"https:\\\/\\\/biblioteca.blanes.cat\\\/salajove\\\/2026\\\/01\\\/22\\\/14a-edicio-del-fes-me-pensar\\\/#respond\"]}]},{\"@type\":\"WebPage\",\"@id\":\"https:\\\/\\\/biblioteca.blanes.cat\\\/salajove\\\/2026\\\/01\\\/22\\\/14a-edicio-del-fes-me-pensar\\\/\",\"url\":\"https:\\\/\\\/biblioteca.blanes.cat\\\/salajove\\\/2026\\\/01\\\/22\\\/14a-edicio-del-fes-me-pensar\\\/\",\"name\":\"14a edici\u00f3 del Fes-me pensar - Sala Jove\",\"isPartOf\":{\"@id\":\"https:\\\/\\\/biblioteca.blanes.cat\\\/salajove\\\/#website\"},\"primaryImageOfPage\":{\"@id\":\"https:\\\/\\\/biblioteca.blanes.cat\\\/salajove\\\/2026\\\/01\\\/22\\\/14a-edicio-del-fes-me-pensar\\\/#primaryimage\"},\"image\":{\"@id\":\"https:\\\/\\\/biblioteca.blanes.cat\\\/salajove\\\/2026\\\/01\\\/22\\\/14a-edicio-del-fes-me-pensar\\\/#primaryimage\"},\"thumbnailUrl\":\"https:\\\/\\\/biblioteca.blanes.cat\\\/salajove\\\/wp-content\\\/uploads\\\/sites\\\/3\\\/2026\\\/01\\\/Fes-me-pensar2026_Concurs-2.jpg\",\"datePublished\":\"2026-01-22T11:28:54+00:00\",\"dateModified\":\"2026-01-22T11:30:35+00:00\",\"breadcrumb\":{\"@id\":\"https:\\\/\\\/biblioteca.blanes.cat\\\/salajove\\\/2026\\\/01\\\/22\\\/14a-edicio-del-fes-me-pensar\\\/#breadcrumb\"},\"inLanguage\":\"ca\",\"potentialAction\":[{\"@type\":\"ReadAction\",\"target\":[\"https:\\\/\\\/biblioteca.blanes.cat\\\/salajove\\\/2026\\\/01\\\/22\\\/14a-edicio-del-fes-me-pensar\\\/\"]}]},{\"@type\":\"ImageObject\",\"inLanguage\":\"ca\",\"@id\":\"https:\\\/\\\/biblioteca.blanes.cat\\\/salajove\\\/2026\\\/01\\\/22\\\/14a-edicio-del-fes-me-pensar\\\/#primaryimage\",\"url\":\"https:\\\/\\\/biblioteca.blanes.cat\\\/salajove\\\/wp-content\\\/uploads\\\/sites\\\/3\\\/2026\\\/01\\\/Fes-me-pensar2026_Concurs-2.jpg\",\"contentUrl\":\"https:\\\/\\\/biblioteca.blanes.cat\\\/salajove\\\/wp-content\\\/uploads\\\/sites\\\/3\\\/2026\\\/01\\\/Fes-me-pensar2026_Concurs-2.jpg\",\"width\":1587,\"height\":2245},{\"@type\":\"BreadcrumbList\",\"@id\":\"https:\\\/\\\/biblioteca.blanes.cat\\\/salajove\\\/2026\\\/01\\\/22\\\/14a-edicio-del-fes-me-pensar\\\/#breadcrumb\",\"itemListElement\":[{\"@type\":\"ListItem\",\"position\":1,\"name\":\"Inici\",\"item\":\"https:\\\/\\\/biblioteca.blanes.cat\\\/salajove\\\/\"},{\"@type\":\"ListItem\",\"position\":2,\"name\":\"14a edici\u00f3 del Fes-me pensar\"}]},{\"@type\":\"WebSite\",\"@id\":\"https:\\\/\\\/biblioteca.blanes.cat\\\/salajove\\\/#website\",\"url\":\"https:\\\/\\\/biblioteca.blanes.cat\\\/salajove\\\/\",\"name\":\"Sala Jove\",\"description\":\"Biblioteca Comarcal de Blanes\",\"publisher\":{\"@id\":\"https:\\\/\\\/biblioteca.blanes.cat\\\/salajove\\\/#organization\"},\"potentialAction\":[{\"@type\":\"SearchAction\",\"target\":{\"@type\":\"EntryPoint\",\"urlTemplate\":\"https:\\\/\\\/biblioteca.blanes.cat\\\/salajove\\\/?s={search_term_string}\"},\"query-input\":{\"@type\":\"PropertyValueSpecification\",\"valueRequired\":true,\"valueName\":\"search_term_string\"}}],\"inLanguage\":\"ca\"},{\"@type\":\"Organization\",\"@id\":\"https:\\\/\\\/biblioteca.blanes.cat\\\/salajove\\\/#organization\",\"name\":\"Biblioteca Comarcal de Blanes\",\"url\":\"https:\\\/\\\/biblioteca.blanes.cat\\\/salajove\\\/\",\"logo\":{\"@type\":\"ImageObject\",\"inLanguage\":\"ca\",\"@id\":\"https:\\\/\\\/biblioteca.blanes.cat\\\/salajove\\\/#\\\/schema\\\/logo\\\/image\\\/\",\"url\":\"https:\\\/\\\/biblioteca.blanes.cat\\\/salajove\\\/wp-content\\\/uploads\\\/sites\\\/3\\\/2017\\\/09\\\/cropped-Bib-blau-e1518869380535.png\",\"contentUrl\":\"https:\\\/\\\/biblioteca.blanes.cat\\\/salajove\\\/wp-content\\\/uploads\\\/sites\\\/3\\\/2017\\\/09\\\/cropped-Bib-blau-e1518869380535.png\",\"width\":166,\"height\":166,\"caption\":\"Biblioteca Comarcal de Blanes\"},\"image\":{\"@id\":\"https:\\\/\\\/biblioteca.blanes.cat\\\/salajove\\\/#\\\/schema\\\/logo\\\/image\\\/\"},\"sameAs\":[\"https:\\\/\\\/www.facebook.com\\\/BilbiotecaComarcaldeBlanes\\\/\",\"https:\\\/\\\/x.com\\\/BiblioBlanes\",\"https:\\\/\\\/www.instagram.com\\\/biblioblanes\\\/\",\"https:\\\/\\\/www.pinterest.es\\\/bblanes\\\/\",\"https:\\\/\\\/www.youtube.com\\\/c\\\/BibliotecaComarcalBlanes\"]},{\"@type\":\"Person\",\"@id\":\"https:\\\/\\\/biblioteca.blanes.cat\\\/salajove\\\/#\\\/schema\\\/person\\\/5a7b46760d9dd611d098bbf571a341dc\",\"name\":\"biblioblanes\",\"image\":{\"@type\":\"ImageObject\",\"inLanguage\":\"ca\",\"@id\":\"https:\\\/\\\/secure.gravatar.com\\\/avatar\\\/6593ca6cc90e5a70939f51c95e8315483b9c281bafba597292bee47992030f99?s=96&d=mm&r=g\",\"url\":\"https:\\\/\\\/secure.gravatar.com\\\/avatar\\\/6593ca6cc90e5a70939f51c95e8315483b9c281bafba597292bee47992030f99?s=96&d=mm&r=g\",\"contentUrl\":\"https:\\\/\\\/secure.gravatar.com\\\/avatar\\\/6593ca6cc90e5a70939f51c95e8315483b9c281bafba597292bee47992030f99?s=96&d=mm&r=g\",\"caption\":\"biblioblanes\"},\"sameAs\":[\"http:\\\/\\\/www.bibgirona.cat\\\/biblioteca\\\/blanes\",\"https:\\\/\\\/x.com\\\/biblioblanes\"],\"url\":\"https:\\\/\\\/biblioteca.blanes.cat\\\/salajove\\\/author\\\/biblioblanes\\\/\"}]}<\/script>\n<!-- \/ Yoast SEO plugin. -->","yoast_head_json":{"title":"14a edici\u00f3 del Fes-me pensar - Sala Jove","robots":{"index":"index","follow":"follow","max-snippet":"max-snippet:-1","max-image-preview":"max-image-preview:large","max-video-preview":"max-video-preview:-1"},"canonical":"https:\/\/biblioteca.blanes.cat\/salajove\/2026\/01\/22\/14a-edicio-del-fes-me-pensar\/","og_locale":"ca_ES","og_type":"article","og_title":"14a edici\u00f3 del Fes-me pensar - Sala Jove","og_description":"Fes-me pensar \u00e9s una iniciativa dels tres instituts de secund\u00e0ria del municipi de Blanes (S&#8217;Agulla, Sa Palomera i Serrallarga) que proposa per a l\u2019alumnat un repte filos\u00f2fic de caire fotogr\u00e0fic. 23 de gener de 2026: acte d\u2019obertura del concurs edici\u00f3","og_url":"https:\/\/biblioteca.blanes.cat\/salajove\/2026\/01\/22\/14a-edicio-del-fes-me-pensar\/","og_site_name":"Sala Jove","article_publisher":"https:\/\/www.facebook.com\/BilbiotecaComarcaldeBlanes\/","article_published_time":"2026-01-22T11:28:54+00:00","article_modified_time":"2026-01-22T11:30:35+00:00","og_image":[{"width":1587,"height":2245,"url":"https:\/\/biblioteca.blanes.cat\/salajove\/wp-content\/uploads\/sites\/3\/2026\/01\/Fes-me-pensar2026_Concurs-2.jpg","type":"image\/jpeg"}],"author":"biblioblanes","twitter_card":"summary_large_image","twitter_creator":"@biblioblanes","twitter_site":"@BiblioBlanes","twitter_misc":{"Escrit per":"biblioblanes","Temps estimat de lectura":"3 minuts"},"schema":{"@context":"https:\/\/schema.org","@graph":[{"@type":"Article","@id":"https:\/\/biblioteca.blanes.cat\/salajove\/2026\/01\/22\/14a-edicio-del-fes-me-pensar\/#article","isPartOf":{"@id":"https:\/\/biblioteca.blanes.cat\/salajove\/2026\/01\/22\/14a-edicio-del-fes-me-pensar\/"},"author":{"name":"biblioblanes","@id":"https:\/\/biblioteca.blanes.cat\/salajove\/#\/schema\/person\/5a7b46760d9dd611d098bbf571a341dc"},"headline":"14a edici\u00f3 del Fes-me pensar","datePublished":"2026-01-22T11:28:54+00:00","dateModified":"2026-01-22T11:30:35+00:00","mainEntityOfPage":{"@id":"https:\/\/biblioteca.blanes.cat\/salajove\/2026\/01\/22\/14a-edicio-del-fes-me-pensar\/"},"wordCount":434,"commentCount":0,"publisher":{"@id":"https:\/\/biblioteca.blanes.cat\/salajove\/#organization"},"image":{"@id":"https:\/\/biblioteca.blanes.cat\/salajove\/2026\/01\/22\/14a-edicio-del-fes-me-pensar\/#primaryimage"},"thumbnailUrl":"https:\/\/biblioteca.blanes.cat\/salajove\/wp-content\/uploads\/sites\/3\/2026\/01\/Fes-me-pensar2026_Concurs-2.jpg","keywords":["#Activitats","#Actualitat","#Joves"],"articleSection":["Not\u00edcies"],"inLanguage":"ca","potentialAction":[{"@type":"CommentAction","name":"Comment","target":["https:\/\/biblioteca.blanes.cat\/salajove\/2026\/01\/22\/14a-edicio-del-fes-me-pensar\/#respond"]}]},{"@type":"WebPage","@id":"https:\/\/biblioteca.blanes.cat\/salajove\/2026\/01\/22\/14a-edicio-del-fes-me-pensar\/","url":"https:\/\/biblioteca.blanes.cat\/salajove\/2026\/01\/22\/14a-edicio-del-fes-me-pensar\/","name":"14a edici\u00f3 del Fes-me pensar - Sala Jove","isPartOf":{"@id":"https:\/\/biblioteca.blanes.cat\/salajove\/#website"},"primaryImageOfPage":{"@id":"https:\/\/biblioteca.blanes.cat\/salajove\/2026\/01\/22\/14a-edicio-del-fes-me-pensar\/#primaryimage"},"image":{"@id":"https:\/\/biblioteca.blanes.cat\/salajove\/2026\/01\/22\/14a-edicio-del-fes-me-pensar\/#primaryimage"},"thumbnailUrl":"https:\/\/biblioteca.blanes.cat\/salajove\/wp-content\/uploads\/sites\/3\/2026\/01\/Fes-me-pensar2026_Concurs-2.jpg","datePublished":"2026-01-22T11:28:54+00:00","dateModified":"2026-01-22T11:30:35+00:00","breadcrumb":{"@id":"https:\/\/biblioteca.blanes.cat\/salajove\/2026\/01\/22\/14a-edicio-del-fes-me-pensar\/#breadcrumb"},"inLanguage":"ca","potentialAction":[{"@type":"ReadAction","target":["https:\/\/biblioteca.blanes.cat\/salajove\/2026\/01\/22\/14a-edicio-del-fes-me-pensar\/"]}]},{"@type":"ImageObject","inLanguage":"ca","@id":"https:\/\/biblioteca.blanes.cat\/salajove\/2026\/01\/22\/14a-edicio-del-fes-me-pensar\/#primaryimage","url":"https:\/\/biblioteca.blanes.cat\/salajove\/wp-content\/uploads\/sites\/3\/2026\/01\/Fes-me-pensar2026_Concurs-2.jpg","contentUrl":"https:\/\/biblioteca.blanes.cat\/salajove\/wp-content\/uploads\/sites\/3\/2026\/01\/Fes-me-pensar2026_Concurs-2.jpg","width":1587,"height":2245},{"@type":"BreadcrumbList","@id":"https:\/\/biblioteca.blanes.cat\/salajove\/2026\/01\/22\/14a-edicio-del-fes-me-pensar\/#breadcrumb","itemListElement":[{"@type":"ListItem","position":1,"name":"Inici","item":"https:\/\/biblioteca.blanes.cat\/salajove\/"},{"@type":"ListItem","position":2,"name":"14a edici\u00f3 del Fes-me pensar"}]},{"@type":"WebSite","@id":"https:\/\/biblioteca.blanes.cat\/salajove\/#website","url":"https:\/\/biblioteca.blanes.cat\/salajove\/","name":"Sala Jove","description":"Biblioteca Comarcal de Blanes","publisher":{"@id":"https:\/\/biblioteca.blanes.cat\/salajove\/#organization"},"potentialAction":[{"@type":"SearchAction","target":{"@type":"EntryPoint","urlTemplate":"https:\/\/biblioteca.blanes.cat\/salajove\/?s={search_term_string}"},"query-input":{"@type":"PropertyValueSpecification","valueRequired":true,"valueName":"search_term_string"}}],"inLanguage":"ca"},{"@type":"Organization","@id":"https:\/\/biblioteca.blanes.cat\/salajove\/#organization","name":"Biblioteca Comarcal de Blanes","url":"https:\/\/biblioteca.blanes.cat\/salajove\/","logo":{"@type":"ImageObject","inLanguage":"ca","@id":"https:\/\/biblioteca.blanes.cat\/salajove\/#\/schema\/logo\/image\/","url":"https:\/\/biblioteca.blanes.cat\/salajove\/wp-content\/uploads\/sites\/3\/2017\/09\/cropped-Bib-blau-e1518869380535.png","contentUrl":"https:\/\/biblioteca.blanes.cat\/salajove\/wp-content\/uploads\/sites\/3\/2017\/09\/cropped-Bib-blau-e1518869380535.png","width":166,"height":166,"caption":"Biblioteca Comarcal de Blanes"},"image":{"@id":"https:\/\/biblioteca.blanes.cat\/salajove\/#\/schema\/logo\/image\/"},"sameAs":["https:\/\/www.facebook.com\/BilbiotecaComarcaldeBlanes\/","https:\/\/x.com\/BiblioBlanes","https:\/\/www.instagram.com\/biblioblanes\/","https:\/\/www.pinterest.es\/bblanes\/","https:\/\/www.youtube.com\/c\/BibliotecaComarcalBlanes"]},{"@type":"Person","@id":"https:\/\/biblioteca.blanes.cat\/salajove\/#\/schema\/person\/5a7b46760d9dd611d098bbf571a341dc","name":"biblioblanes","image":{"@type":"ImageObject","inLanguage":"ca","@id":"https:\/\/secure.gravatar.com\/avatar\/6593ca6cc90e5a70939f51c95e8315483b9c281bafba597292bee47992030f99?s=96&d=mm&r=g","url":"https:\/\/secure.gravatar.com\/avatar\/6593ca6cc90e5a70939f51c95e8315483b9c281bafba597292bee47992030f99?s=96&d=mm&r=g","contentUrl":"https:\/\/secure.gravatar.com\/avatar\/6593ca6cc90e5a70939f51c95e8315483b9c281bafba597292bee47992030f99?s=96&d=mm&r=g","caption":"biblioblanes"},"sameAs":["http:\/\/www.bibgirona.cat\/biblioteca\/blanes","https:\/\/x.com\/biblioblanes"],"url":"https:\/\/biblioteca.blanes.cat\/salajove\/author\/biblioblanes\/"}]}},"_links":{"self":[{"href":"https:\/\/biblioteca.blanes.cat\/salajove\/wp-json\/wp\/v2\/posts\/10344","targetHints":{"allow":["GET"]}}],"collection":[{"href":"https:\/\/biblioteca.blanes.cat\/salajove\/wp-json\/wp\/v2\/posts"}],"about":[{"href":"https:\/\/biblioteca.blanes.cat\/salajove\/wp-json\/wp\/v2\/types\/post"}],"author":[{"embeddable":true,"href":"https:\/\/biblioteca.blanes.cat\/salajove\/wp-json\/wp\/v2\/users\/4"}],"replies":[{"embeddable":true,"href":"https:\/\/biblioteca.blanes.cat\/salajove\/wp-json\/wp\/v2\/comments?post=10344"}],"version-history":[{"count":2,"href":"https:\/\/biblioteca.blanes.cat\/salajove\/wp-json\/wp\/v2\/posts\/10344\/revisions"}],"predecessor-version":[{"id":10350,"href":"https:\/\/biblioteca.blanes.cat\/salajove\/wp-json\/wp\/v2\/posts\/10344\/revisions\/10350"}],"wp:featuredmedia":[{"embeddable":true,"href":"https:\/\/biblioteca.blanes.cat\/salajove\/wp-json\/wp\/v2\/media\/10348"}],"wp:attachment":[{"href":"https:\/\/biblioteca.blanes.cat\/salajove\/wp-json\/wp\/v2\/media?parent=10344"}],"wp:term":[{"taxonomy":"category","embeddable":true,"href":"https:\/\/biblioteca.blanes.cat\/salajove\/wp-json\/wp\/v2\/categories?post=10344"},{"taxonomy":"post_tag","embeddable":true,"href":"https:\/\/biblioteca.blanes.cat\/salajove\/wp-json\/wp\/v2\/tags?post=10344"}],"curies":[{"name":"wp","href":"https:\/\/api.w.org\/{rel}","templated":true}]}}