{"id":1033,"date":"2017-12-01T22:21:17","date_gmt":"2017-12-01T21:21:17","guid":{"rendered":"https:\/\/biblioteca.blanes.cat\/salajove\/?p=1033"},"modified":"2018-02-14T15:47:04","modified_gmt":"2018-02-14T14:47:04","slug":"1033","status":"publish","type":"post","link":"https:\/\/biblioteca.blanes.cat\/salajove\/2017\/12\/01\/1033\/","title":{"rendered":"EL S\u00d3TANO de Natasha Preston"},"content":{"rendered":"<h4>-\u00bfLily? &#8211; Mi est\u00f3mago se contrajo de miedo.<\/h4>\n<h4>\u00bfSe hab\u00eda estado escondiendo entre los \u00e1rboles?<\/h4>\n<h4>\u2014\u00bfPerd\u00f3n? \u2014contuve la respiraci\u00f3n y di otro paso hacia atr\u00e1s\u2014. Yo no soy Lily.<\/h4>\n<h4>\u00c9l se inclin\u00f3 hacia m\u00ed de forma agresiva, clavando en m\u00ed sus aterradores ojos negros:<\/h4>\n<h4>\u2014No. T\u00fa eres Lily.<\/h4>\n<h4>\u2014Est\u00e1 confundido, se\u00f1or, me llamo Summer \u2014 \u00a1pedazo de subnormal! Pod\u00eda sentir el golpeteo de mi propio pulso. C\u00f3mo pude ser tan est\u00fapida al decirle mi verdadero nombre.<\/h4>\n<h4>\u00c9l segu\u00eda mir\u00e1ndome fijamente, sonriendo. Sent\u00ed n\u00e1useas.<\/h4>\n<h4>\u2014S\u00ed, t\u00fa eres Lily \u2014volvi\u00f3 a decir \u00e9l.<\/h4>\n<h4>Antes de que pudiera siquiera parpadear, el hombre se lanz\u00f3 hacia m\u00ed y me atrap\u00f3 entre sus brazos. Trat\u00e9 de gritar, pero \u00e9l apret\u00f3 su mano contra mi boca para callarme. Voy a morir. Va a asesinarme.<\/h4>\n<p>\u201cEl s\u00f3tano\u201d, de Natasha Preston, ens porta una hist\u00f2ria d\u2019aquelles que t\u2019atrapen fins al final.<\/p>\n<p>La hist\u00f2ria ens presenta a la Summer, una jove segrestada per un home que insisteix en dir-li Lily. Clover, el segrestador, porta a la noia a casa seva i la tanca al soterrani, on es troba amb tres noies m\u00e9s: Rose, Poppy i Violet.<\/p>\n<p>La intenci\u00f3 d\u2019en Clover es formar la seva pr\u00f2pia fam\u00edlia. Una fam\u00edlia pura composta per quatre noies que tindran que oblidar la seva anterior vida i convertir-se en les flors qu<\/p>\n<h4>e en ell desitja, del contrari, no tindran opci\u00f3 de seguir amb vida. A m\u00e9s el seu fanatisme va m\u00e9s enll\u00e0. Intentar\u00e0 acabar amb totes les dones que no siguin dignes, les prostitutes i totes les que ell consideri impures.<\/h4>\n<p>Resumint una mica la idea d\u2019aquest thriller, tot gira al voltant de la vida de quatre noies que han estat tancades en un soterrani i les seves \u00e0nsies de llibertat.<\/p>\n<p>Summer es veu atrapada en aquell soterrani, pulcre i decorat amb gust, i acompanyada d\u2019aquelles noies que ja s\u2019han donat per ven\u00e7udes es sent molt sola. Ella necessita escapar. Tornar amb la seva fam\u00edlia i recuperar la seva vida. Malgrat tot, la situaci\u00f3 cada dia est\u00e0 m\u00e9s delicada i perillosa i les esperances de tornar a veure la llum del dia cada vegada s\u00f3n m\u00e9s petites.<\/p>\n<h3>Realment vaig quedar molt impactada amb aquesta hist\u00f2ria. La forma en qu\u00e8 les noies s\u00f3n sotmeses i obligades a oblidar la seva vida em va deixar una mica tocada.<\/h3>\n<p>Crec que l\u2019autora ha fet molt bona feina a l\u2019hora de descriure el perfil dels personatges. La hist\u00f2ria la narren tres personatges diferents permetent-nos veure el quadre complert. Per una banda, la Summer reflexa la seva preocupaci\u00f3 i desesperaci\u00f3, per\u00f2 sempre la guanya l\u2019esperan\u00e7a de sortir d\u2019all\u00e0. Una esperan\u00e7a que va minvant conforma avan\u00e7a la hist\u00f2ria.<\/p>\n<h4>\u00a0<\/h4>\n<p>Per l\u2019altra banda ens trobem a la veu d\u2019en Clover intentant mostrar les raons que el porten a actuar d\u2019aquesta manera. Vaig intentar posar-me en la seva pell, veure la hist\u00f2ria des del seu punt de vista, comprendre el malament que ho va passar en la seva inf\u00e0ncia i la gran influ\u00e8ncia que va tenir la seva mare en ell, per\u00f2 no ho vaig aconseguir. En aquest terreny l\u2019autora intenta mostrar-nos uns motius que xoquen amb la realitat, que ens faran odiar-lo i t\u00e9mer-lo igual que les noies fins al final del llibre<\/p>\n<p>Per \u00faltim la veu d\u2019en Lewis reflexa la lluita constant per trobar a la Summer. La parella protagonitza un dels roman\u00e7os juvenils m\u00e9s bonics i perfecte<img fetchpriority=\"high\" decoding=\"async\" class=\"alignright\" src=\"https:\/\/static6planetadelibroscom.cdnstatics.com\/usuaris\/libros\/fotos\/252\/original\/portada_el-sotano_natasha-preston_201705311105.jpg\" width=\"276\" height=\"423\" \/>s, tant que en ocasions perd credibilitat.<\/p>\n<h4>\u00a0<\/h4>\n<h3>Considero que el m\u00f3n dibuixat dintre del soterrani t\u00e9 molta m\u00e9s profunditat que la part exterior on s\u2019acaba teixint la trama de forma casual i poc realista.<\/h3>\n<p>Aquest \u00e9s el punt fluix que destacaria de la novel\u00b7la, el desenlla\u00e7 final. Sentia que necessitava m\u00e9s p\u00e0gines per anar filant la trama, les casualitats existeixen per\u00f2 no d\u2019una forma tant evident. Tot aix\u00ed, us puc assegurar que enganxa molt\u00edssim i que en el meu cas vaig arribar a sentir la desesperaci\u00f3 dels personatges.<\/p>\n<p>I ara unes quantes frases:<\/p>\n<h3 style=\"text-align: center\"><em>\u201c\u00c9l era juez, jurado y verdugo.\u201d<\/em><\/h3>\n<h3 style=\"text-align: center\"><em>\u201cPero madre ya no vivia para decirme que deb\u00eda hacer o dejar de hacer. Hab\u00eda llegado mi momento. Yo controlaba mi vida.&#8221;<\/em><\/h3>\n<h3 style=\"text-align: center\"><em>&#8220;\u00bfPor qu\u00e9 seguimos aqu\u00ed si somos cuatro contra uno?<\/em><br \/>\n <em> Buana pregunta. Por el miedo. Eso era lo que nos detenia a Poppy y a mi de intentar escapar. Aunque el caso de Rose, por supuesto, era distinto. \u201c<\/em><\/h3>\n<p>I ara unes quantes an\u00e8cdotes:<\/p>\n<p>* Natasha Preston, una escriptora anglesa que va comen\u00e7ar a escriure a Wattpad el 2011. Actualment \u00e9s un referent pels joves escriptors de thriller.<\/p>\n<p>*A Wattpad hi ha la segona part que es diu \u201cHis\u201d. Les cr\u00edtiques diuen que no es tan bona com la primera.<\/p>\n","protected":false},"excerpt":{"rendered":"<p>-\u00bfLily? &#8211; Mi est\u00f3mago se contrajo de miedo. \u00bfSe hab\u00eda estado escondiendo entre los \u00e1rboles? \u2014\u00bfPerd\u00f3n? \u2014contuve la respiraci\u00f3n y di otro paso hacia atr\u00e1s\u2014. Yo no soy Lily. \u00c9l se inclin\u00f3 hacia m\u00ed de forma agresiva, clavando en m\u00ed<\/p>\n","protected":false},"author":6,"featured_media":154,"comment_status":"open","ping_status":"open","sticky":false,"template":"","format":"standard","meta":{"sfsi_plus_gutenberg_text_before_share":"","sfsi_plus_gutenberg_show_text_before_share":"","sfsi_plus_gutenberg_icon_type":"","sfsi_plus_gutenberg_icon_alignemt":"","sfsi_plus_gutenburg_max_per_row":"","footnotes":""},"categories":[9,10],"tags":[33,19],"class_list":["post-1033","post","type-post","status-publish","format-standard","has-post-thumbnail","hentry","category-raco-de-la-paula","category-novetat","tag-el-raco-de-la-paula","tag-literatura"],"yoast_head":"<!-- This site is optimized with the Yoast SEO plugin v27.5 - https:\/\/yoast.com\/product\/yoast-seo-wordpress\/ -->\n<title>Sala Jove: El Rac\u00f3 de la Paula - EL S\u00d3TANO de Natasha Preston<\/title>\n<meta name=\"description\" content=\"\u201cEl s\u00f3tano\u201d, de Natasha Preston, ens porta una hist\u00f2ria d\u2019aquelles que t\u2019atrapen fins al final. La hist\u00f2ria ens presenta a la Summer,\" \/>\n<meta name=\"robots\" content=\"index, follow, max-snippet:-1, max-image-preview:large, max-video-preview:-1\" \/>\n<link rel=\"canonical\" href=\"https:\/\/biblioteca.blanes.cat\/salajove\/2017\/12\/01\/1033\/\" \/>\n<meta property=\"og:locale\" content=\"ca_ES\" \/>\n<meta property=\"og:type\" content=\"article\" \/>\n<meta property=\"og:title\" content=\"Sala Jove: El Rac\u00f3 de la Paula - EL S\u00d3TANO de Natasha Preston\" \/>\n<meta property=\"og:description\" content=\"\u201cEl s\u00f3tano\u201d, de Natasha Preston, ens porta una hist\u00f2ria d\u2019aquelles que t\u2019atrapen fins al final. La hist\u00f2ria ens presenta a la Summer,\" \/>\n<meta property=\"og:url\" content=\"https:\/\/biblioteca.blanes.cat\/salajove\/2017\/12\/01\/1033\/\" \/>\n<meta property=\"og:site_name\" content=\"Sala Jove\" \/>\n<meta property=\"article:publisher\" content=\"https:\/\/www.facebook.com\/BilbiotecaComarcaldeBlanes\/\" \/>\n<meta property=\"article:published_time\" content=\"2017-12-01T21:21:17+00:00\" \/>\n<meta property=\"article:modified_time\" content=\"2018-02-14T14:47:04+00:00\" \/>\n<meta property=\"og:image\" content=\"https:\/\/biblioteca.blanes.cat\/salajove\/wp-content\/uploads\/sites\/3\/2017\/10\/Destacat_rac\u00f3_Paula.png\" \/>\n\t<meta property=\"og:image:width\" content=\"3719\" \/>\n\t<meta property=\"og:image:height\" content=\"2265\" \/>\n\t<meta property=\"og:image:type\" content=\"image\/png\" \/>\n<meta name=\"author\" content=\"paula\" \/>\n<meta name=\"twitter:card\" content=\"summary_large_image\" \/>\n<meta name=\"twitter:creator\" content=\"@BiblioBlanes\" \/>\n<meta name=\"twitter:site\" content=\"@BiblioBlanes\" \/>\n<meta name=\"twitter:label1\" content=\"Escrit per\" \/>\n\t<meta name=\"twitter:data1\" content=\"paula\" \/>\n\t<meta name=\"twitter:label2\" content=\"Temps estimat de lectura\" \/>\n\t<meta name=\"twitter:data2\" content=\"4 minuts\" \/>\n<script type=\"application\/ld+json\" class=\"yoast-schema-graph\">{\"@context\":\"https:\\\/\\\/schema.org\",\"@graph\":[{\"@type\":\"Article\",\"@id\":\"https:\\\/\\\/biblioteca.blanes.cat\\\/salajove\\\/2017\\\/12\\\/01\\\/1033\\\/#article\",\"isPartOf\":{\"@id\":\"https:\\\/\\\/biblioteca.blanes.cat\\\/salajove\\\/2017\\\/12\\\/01\\\/1033\\\/\"},\"author\":{\"name\":\"paula\",\"@id\":\"https:\\\/\\\/biblioteca.blanes.cat\\\/salajove\\\/#\\\/schema\\\/person\\\/8dbc45cdf5d1c7e2d100d147517ba7f3\"},\"headline\":\"EL S\u00d3TANO de Natasha Preston\",\"datePublished\":\"2017-12-01T21:21:17+00:00\",\"dateModified\":\"2018-02-14T14:47:04+00:00\",\"mainEntityOfPage\":{\"@id\":\"https:\\\/\\\/biblioteca.blanes.cat\\\/salajove\\\/2017\\\/12\\\/01\\\/1033\\\/\"},\"wordCount\":837,\"commentCount\":0,\"publisher\":{\"@id\":\"https:\\\/\\\/biblioteca.blanes.cat\\\/salajove\\\/#organization\"},\"image\":{\"@id\":\"https:\\\/\\\/biblioteca.blanes.cat\\\/salajove\\\/2017\\\/12\\\/01\\\/1033\\\/#primaryimage\"},\"thumbnailUrl\":\"https:\\\/\\\/biblioteca.blanes.cat\\\/salajove\\\/wp-content\\\/uploads\\\/sites\\\/3\\\/2017\\\/10\\\/Destacat_rac\u00f3_Paula.png\",\"keywords\":[\"#ElRac\u00f3delaPaula\",\"#Literatura\"],\"articleSection\":[\"Rac\u00f3 de la Paula\",\"RP_Novetat\"],\"inLanguage\":\"ca\",\"potentialAction\":[{\"@type\":\"CommentAction\",\"name\":\"Comment\",\"target\":[\"https:\\\/\\\/biblioteca.blanes.cat\\\/salajove\\\/2017\\\/12\\\/01\\\/1033\\\/#respond\"]}]},{\"@type\":\"WebPage\",\"@id\":\"https:\\\/\\\/biblioteca.blanes.cat\\\/salajove\\\/2017\\\/12\\\/01\\\/1033\\\/\",\"url\":\"https:\\\/\\\/biblioteca.blanes.cat\\\/salajove\\\/2017\\\/12\\\/01\\\/1033\\\/\",\"name\":\"Sala Jove: El Rac\u00f3 de la Paula - EL S\u00d3TANO de Natasha Preston\",\"isPartOf\":{\"@id\":\"https:\\\/\\\/biblioteca.blanes.cat\\\/salajove\\\/#website\"},\"primaryImageOfPage\":{\"@id\":\"https:\\\/\\\/biblioteca.blanes.cat\\\/salajove\\\/2017\\\/12\\\/01\\\/1033\\\/#primaryimage\"},\"image\":{\"@id\":\"https:\\\/\\\/biblioteca.blanes.cat\\\/salajove\\\/2017\\\/12\\\/01\\\/1033\\\/#primaryimage\"},\"thumbnailUrl\":\"https:\\\/\\\/biblioteca.blanes.cat\\\/salajove\\\/wp-content\\\/uploads\\\/sites\\\/3\\\/2017\\\/10\\\/Destacat_rac\u00f3_Paula.png\",\"datePublished\":\"2017-12-01T21:21:17+00:00\",\"dateModified\":\"2018-02-14T14:47:04+00:00\",\"description\":\"\u201cEl s\u00f3tano\u201d, de Natasha Preston, ens porta una hist\u00f2ria d\u2019aquelles que t\u2019atrapen fins al final. La hist\u00f2ria ens presenta a la Summer,\",\"breadcrumb\":{\"@id\":\"https:\\\/\\\/biblioteca.blanes.cat\\\/salajove\\\/2017\\\/12\\\/01\\\/1033\\\/#breadcrumb\"},\"inLanguage\":\"ca\",\"potentialAction\":[{\"@type\":\"ReadAction\",\"target\":[\"https:\\\/\\\/biblioteca.blanes.cat\\\/salajove\\\/2017\\\/12\\\/01\\\/1033\\\/\"]}]},{\"@type\":\"ImageObject\",\"inLanguage\":\"ca\",\"@id\":\"https:\\\/\\\/biblioteca.blanes.cat\\\/salajove\\\/2017\\\/12\\\/01\\\/1033\\\/#primaryimage\",\"url\":\"https:\\\/\\\/biblioteca.blanes.cat\\\/salajove\\\/wp-content\\\/uploads\\\/sites\\\/3\\\/2017\\\/10\\\/Destacat_rac\u00f3_Paula.png\",\"contentUrl\":\"https:\\\/\\\/biblioteca.blanes.cat\\\/salajove\\\/wp-content\\\/uploads\\\/sites\\\/3\\\/2017\\\/10\\\/Destacat_rac\u00f3_Paula.png\",\"width\":3719,\"height\":2265,\"caption\":\"Rac\u00f3 de la Paula\"},{\"@type\":\"BreadcrumbList\",\"@id\":\"https:\\\/\\\/biblioteca.blanes.cat\\\/salajove\\\/2017\\\/12\\\/01\\\/1033\\\/#breadcrumb\",\"itemListElement\":[{\"@type\":\"ListItem\",\"position\":1,\"name\":\"Inici\",\"item\":\"https:\\\/\\\/biblioteca.blanes.cat\\\/salajove\\\/\"},{\"@type\":\"ListItem\",\"position\":2,\"name\":\"EL S\u00d3TANO de Natasha Preston\"}]},{\"@type\":\"WebSite\",\"@id\":\"https:\\\/\\\/biblioteca.blanes.cat\\\/salajove\\\/#website\",\"url\":\"https:\\\/\\\/biblioteca.blanes.cat\\\/salajove\\\/\",\"name\":\"Sala Jove\",\"description\":\"Biblioteca Comarcal de Blanes\",\"publisher\":{\"@id\":\"https:\\\/\\\/biblioteca.blanes.cat\\\/salajove\\\/#organization\"},\"potentialAction\":[{\"@type\":\"SearchAction\",\"target\":{\"@type\":\"EntryPoint\",\"urlTemplate\":\"https:\\\/\\\/biblioteca.blanes.cat\\\/salajove\\\/?s={search_term_string}\"},\"query-input\":{\"@type\":\"PropertyValueSpecification\",\"valueRequired\":true,\"valueName\":\"search_term_string\"}}],\"inLanguage\":\"ca\"},{\"@type\":\"Organization\",\"@id\":\"https:\\\/\\\/biblioteca.blanes.cat\\\/salajove\\\/#organization\",\"name\":\"Biblioteca Comarcal de Blanes\",\"url\":\"https:\\\/\\\/biblioteca.blanes.cat\\\/salajove\\\/\",\"logo\":{\"@type\":\"ImageObject\",\"inLanguage\":\"ca\",\"@id\":\"https:\\\/\\\/biblioteca.blanes.cat\\\/salajove\\\/#\\\/schema\\\/logo\\\/image\\\/\",\"url\":\"https:\\\/\\\/biblioteca.blanes.cat\\\/salajove\\\/wp-content\\\/uploads\\\/sites\\\/3\\\/2017\\\/09\\\/cropped-Bib-blau-e1518869380535.png\",\"contentUrl\":\"https:\\\/\\\/biblioteca.blanes.cat\\\/salajove\\\/wp-content\\\/uploads\\\/sites\\\/3\\\/2017\\\/09\\\/cropped-Bib-blau-e1518869380535.png\",\"width\":166,\"height\":166,\"caption\":\"Biblioteca Comarcal de Blanes\"},\"image\":{\"@id\":\"https:\\\/\\\/biblioteca.blanes.cat\\\/salajove\\\/#\\\/schema\\\/logo\\\/image\\\/\"},\"sameAs\":[\"https:\\\/\\\/www.facebook.com\\\/BilbiotecaComarcaldeBlanes\\\/\",\"https:\\\/\\\/x.com\\\/BiblioBlanes\",\"https:\\\/\\\/www.instagram.com\\\/biblioblanes\\\/\",\"https:\\\/\\\/www.pinterest.es\\\/bblanes\\\/\",\"https:\\\/\\\/www.youtube.com\\\/c\\\/BibliotecaComarcalBlanes\"]},{\"@type\":\"Person\",\"@id\":\"https:\\\/\\\/biblioteca.blanes.cat\\\/salajove\\\/#\\\/schema\\\/person\\\/8dbc45cdf5d1c7e2d100d147517ba7f3\",\"name\":\"paula\",\"image\":{\"@type\":\"ImageObject\",\"inLanguage\":\"ca\",\"@id\":\"https:\\\/\\\/secure.gravatar.com\\\/avatar\\\/7dc0a9399589f36ddc6864e8335b73854871aa22921ee390cb50776e7ddfc136?s=96&d=mm&r=g\",\"url\":\"https:\\\/\\\/secure.gravatar.com\\\/avatar\\\/7dc0a9399589f36ddc6864e8335b73854871aa22921ee390cb50776e7ddfc136?s=96&d=mm&r=g\",\"contentUrl\":\"https:\\\/\\\/secure.gravatar.com\\\/avatar\\\/7dc0a9399589f36ddc6864e8335b73854871aa22921ee390cb50776e7ddfc136?s=96&d=mm&r=g\",\"caption\":\"paula\"},\"url\":\"https:\\\/\\\/biblioteca.blanes.cat\\\/salajove\\\/author\\\/paula\\\/\"}]}<\/script>\n<!-- \/ Yoast SEO plugin. -->","yoast_head_json":{"title":"Sala Jove: El Rac\u00f3 de la Paula - EL S\u00d3TANO de Natasha Preston","description":"\u201cEl s\u00f3tano\u201d, de Natasha Preston, ens porta una hist\u00f2ria d\u2019aquelles que t\u2019atrapen fins al final. La hist\u00f2ria ens presenta a la Summer,","robots":{"index":"index","follow":"follow","max-snippet":"max-snippet:-1","max-image-preview":"max-image-preview:large","max-video-preview":"max-video-preview:-1"},"canonical":"https:\/\/biblioteca.blanes.cat\/salajove\/2017\/12\/01\/1033\/","og_locale":"ca_ES","og_type":"article","og_title":"Sala Jove: El Rac\u00f3 de la Paula - EL S\u00d3TANO de Natasha Preston","og_description":"\u201cEl s\u00f3tano\u201d, de Natasha Preston, ens porta una hist\u00f2ria d\u2019aquelles que t\u2019atrapen fins al final. La hist\u00f2ria ens presenta a la Summer,","og_url":"https:\/\/biblioteca.blanes.cat\/salajove\/2017\/12\/01\/1033\/","og_site_name":"Sala Jove","article_publisher":"https:\/\/www.facebook.com\/BilbiotecaComarcaldeBlanes\/","article_published_time":"2017-12-01T21:21:17+00:00","article_modified_time":"2018-02-14T14:47:04+00:00","og_image":[{"width":3719,"height":2265,"url":"https:\/\/biblioteca.blanes.cat\/salajove\/wp-content\/uploads\/sites\/3\/2017\/10\/Destacat_rac\u00f3_Paula.png","type":"image\/png"}],"author":"paula","twitter_card":"summary_large_image","twitter_creator":"@BiblioBlanes","twitter_site":"@BiblioBlanes","twitter_misc":{"Escrit per":"paula","Temps estimat de lectura":"4 minuts"},"schema":{"@context":"https:\/\/schema.org","@graph":[{"@type":"Article","@id":"https:\/\/biblioteca.blanes.cat\/salajove\/2017\/12\/01\/1033\/#article","isPartOf":{"@id":"https:\/\/biblioteca.blanes.cat\/salajove\/2017\/12\/01\/1033\/"},"author":{"name":"paula","@id":"https:\/\/biblioteca.blanes.cat\/salajove\/#\/schema\/person\/8dbc45cdf5d1c7e2d100d147517ba7f3"},"headline":"EL S\u00d3TANO de Natasha Preston","datePublished":"2017-12-01T21:21:17+00:00","dateModified":"2018-02-14T14:47:04+00:00","mainEntityOfPage":{"@id":"https:\/\/biblioteca.blanes.cat\/salajove\/2017\/12\/01\/1033\/"},"wordCount":837,"commentCount":0,"publisher":{"@id":"https:\/\/biblioteca.blanes.cat\/salajove\/#organization"},"image":{"@id":"https:\/\/biblioteca.blanes.cat\/salajove\/2017\/12\/01\/1033\/#primaryimage"},"thumbnailUrl":"https:\/\/biblioteca.blanes.cat\/salajove\/wp-content\/uploads\/sites\/3\/2017\/10\/Destacat_rac\u00f3_Paula.png","keywords":["#ElRac\u00f3delaPaula","#Literatura"],"articleSection":["Rac\u00f3 de la Paula","RP_Novetat"],"inLanguage":"ca","potentialAction":[{"@type":"CommentAction","name":"Comment","target":["https:\/\/biblioteca.blanes.cat\/salajove\/2017\/12\/01\/1033\/#respond"]}]},{"@type":"WebPage","@id":"https:\/\/biblioteca.blanes.cat\/salajove\/2017\/12\/01\/1033\/","url":"https:\/\/biblioteca.blanes.cat\/salajove\/2017\/12\/01\/1033\/","name":"Sala Jove: El Rac\u00f3 de la Paula - EL S\u00d3TANO de Natasha Preston","isPartOf":{"@id":"https:\/\/biblioteca.blanes.cat\/salajove\/#website"},"primaryImageOfPage":{"@id":"https:\/\/biblioteca.blanes.cat\/salajove\/2017\/12\/01\/1033\/#primaryimage"},"image":{"@id":"https:\/\/biblioteca.blanes.cat\/salajove\/2017\/12\/01\/1033\/#primaryimage"},"thumbnailUrl":"https:\/\/biblioteca.blanes.cat\/salajove\/wp-content\/uploads\/sites\/3\/2017\/10\/Destacat_rac\u00f3_Paula.png","datePublished":"2017-12-01T21:21:17+00:00","dateModified":"2018-02-14T14:47:04+00:00","description":"\u201cEl s\u00f3tano\u201d, de Natasha Preston, ens porta una hist\u00f2ria d\u2019aquelles que t\u2019atrapen fins al final. La hist\u00f2ria ens presenta a la Summer,","breadcrumb":{"@id":"https:\/\/biblioteca.blanes.cat\/salajove\/2017\/12\/01\/1033\/#breadcrumb"},"inLanguage":"ca","potentialAction":[{"@type":"ReadAction","target":["https:\/\/biblioteca.blanes.cat\/salajove\/2017\/12\/01\/1033\/"]}]},{"@type":"ImageObject","inLanguage":"ca","@id":"https:\/\/biblioteca.blanes.cat\/salajove\/2017\/12\/01\/1033\/#primaryimage","url":"https:\/\/biblioteca.blanes.cat\/salajove\/wp-content\/uploads\/sites\/3\/2017\/10\/Destacat_rac\u00f3_Paula.png","contentUrl":"https:\/\/biblioteca.blanes.cat\/salajove\/wp-content\/uploads\/sites\/3\/2017\/10\/Destacat_rac\u00f3_Paula.png","width":3719,"height":2265,"caption":"Rac\u00f3 de la Paula"},{"@type":"BreadcrumbList","@id":"https:\/\/biblioteca.blanes.cat\/salajove\/2017\/12\/01\/1033\/#breadcrumb","itemListElement":[{"@type":"ListItem","position":1,"name":"Inici","item":"https:\/\/biblioteca.blanes.cat\/salajove\/"},{"@type":"ListItem","position":2,"name":"EL S\u00d3TANO de Natasha Preston"}]},{"@type":"WebSite","@id":"https:\/\/biblioteca.blanes.cat\/salajove\/#website","url":"https:\/\/biblioteca.blanes.cat\/salajove\/","name":"Sala Jove","description":"Biblioteca Comarcal de Blanes","publisher":{"@id":"https:\/\/biblioteca.blanes.cat\/salajove\/#organization"},"potentialAction":[{"@type":"SearchAction","target":{"@type":"EntryPoint","urlTemplate":"https:\/\/biblioteca.blanes.cat\/salajove\/?s={search_term_string}"},"query-input":{"@type":"PropertyValueSpecification","valueRequired":true,"valueName":"search_term_string"}}],"inLanguage":"ca"},{"@type":"Organization","@id":"https:\/\/biblioteca.blanes.cat\/salajove\/#organization","name":"Biblioteca Comarcal de Blanes","url":"https:\/\/biblioteca.blanes.cat\/salajove\/","logo":{"@type":"ImageObject","inLanguage":"ca","@id":"https:\/\/biblioteca.blanes.cat\/salajove\/#\/schema\/logo\/image\/","url":"https:\/\/biblioteca.blanes.cat\/salajove\/wp-content\/uploads\/sites\/3\/2017\/09\/cropped-Bib-blau-e1518869380535.png","contentUrl":"https:\/\/biblioteca.blanes.cat\/salajove\/wp-content\/uploads\/sites\/3\/2017\/09\/cropped-Bib-blau-e1518869380535.png","width":166,"height":166,"caption":"Biblioteca Comarcal de Blanes"},"image":{"@id":"https:\/\/biblioteca.blanes.cat\/salajove\/#\/schema\/logo\/image\/"},"sameAs":["https:\/\/www.facebook.com\/BilbiotecaComarcaldeBlanes\/","https:\/\/x.com\/BiblioBlanes","https:\/\/www.instagram.com\/biblioblanes\/","https:\/\/www.pinterest.es\/bblanes\/","https:\/\/www.youtube.com\/c\/BibliotecaComarcalBlanes"]},{"@type":"Person","@id":"https:\/\/biblioteca.blanes.cat\/salajove\/#\/schema\/person\/8dbc45cdf5d1c7e2d100d147517ba7f3","name":"paula","image":{"@type":"ImageObject","inLanguage":"ca","@id":"https:\/\/secure.gravatar.com\/avatar\/7dc0a9399589f36ddc6864e8335b73854871aa22921ee390cb50776e7ddfc136?s=96&d=mm&r=g","url":"https:\/\/secure.gravatar.com\/avatar\/7dc0a9399589f36ddc6864e8335b73854871aa22921ee390cb50776e7ddfc136?s=96&d=mm&r=g","contentUrl":"https:\/\/secure.gravatar.com\/avatar\/7dc0a9399589f36ddc6864e8335b73854871aa22921ee390cb50776e7ddfc136?s=96&d=mm&r=g","caption":"paula"},"url":"https:\/\/biblioteca.blanes.cat\/salajove\/author\/paula\/"}]}},"_links":{"self":[{"href":"https:\/\/biblioteca.blanes.cat\/salajove\/wp-json\/wp\/v2\/posts\/1033","targetHints":{"allow":["GET"]}}],"collection":[{"href":"https:\/\/biblioteca.blanes.cat\/salajove\/wp-json\/wp\/v2\/posts"}],"about":[{"href":"https:\/\/biblioteca.blanes.cat\/salajove\/wp-json\/wp\/v2\/types\/post"}],"author":[{"embeddable":true,"href":"https:\/\/biblioteca.blanes.cat\/salajove\/wp-json\/wp\/v2\/users\/6"}],"replies":[{"embeddable":true,"href":"https:\/\/biblioteca.blanes.cat\/salajove\/wp-json\/wp\/v2\/comments?post=1033"}],"version-history":[{"count":6,"href":"https:\/\/biblioteca.blanes.cat\/salajove\/wp-json\/wp\/v2\/posts\/1033\/revisions"}],"predecessor-version":[{"id":1039,"href":"https:\/\/biblioteca.blanes.cat\/salajove\/wp-json\/wp\/v2\/posts\/1033\/revisions\/1039"}],"wp:featuredmedia":[{"embeddable":true,"href":"https:\/\/biblioteca.blanes.cat\/salajove\/wp-json\/wp\/v2\/media\/154"}],"wp:attachment":[{"href":"https:\/\/biblioteca.blanes.cat\/salajove\/wp-json\/wp\/v2\/media?parent=1033"}],"wp:term":[{"taxonomy":"category","embeddable":true,"href":"https:\/\/biblioteca.blanes.cat\/salajove\/wp-json\/wp\/v2\/categories?post=1033"},{"taxonomy":"post_tag","embeddable":true,"href":"https:\/\/biblioteca.blanes.cat\/salajove\/wp-json\/wp\/v2\/tags?post=1033"}],"curies":[{"name":"wp","href":"https:\/\/api.w.org\/{rel}","templated":true}]}}