{"id":10286,"date":"2025-12-10T19:21:31","date_gmt":"2025-12-10T18:21:31","guid":{"rendered":"https:\/\/biblioteca.blanes.cat\/salajove\/?p=10286"},"modified":"2025-12-10T19:22:00","modified_gmt":"2025-12-10T18:22:00","slug":"clj-emblanats-el-petit-princep","status":"publish","type":"post","link":"https:\/\/biblioteca.blanes.cat\/salajove\/2025\/12\/10\/clj-emblanats-el-petit-princep\/","title":{"rendered":"CLJ #emblanats: EL PETIT PR\u00cdNCEP"},"content":{"rendered":"\n<p>I quina millor manera que acabar l\u2019any del Club de Lectura Juvenil #emblanats que llegint un dels cl\u00e0ssics universals m\u00e9s importants: <a href=\"https:\/\/www.grup62.cat\/llibre-el-petit-princep-nova-edicio-amb-les-aquareles-de-lautor\/424285\" target=\"_blank\" rel=\"noopener\"><span style=\"color: #008000;\"><strong><em>El Petit Pr\u00edncep<\/em><\/strong><\/span><\/a>, d\u2019<span style=\"color: #008000;\"><strong>Antoine de Saint-Exup\u00e9ry<\/strong><\/span>.<\/p>\n<p><img fetchpriority=\"high\" decoding=\"async\" class=\"aligncenter  wp-image-10288\" src=\"https:\/\/biblioteca.blanes.cat\/salajove\/wp-content\/uploads\/sites\/3\/2025\/12\/CLJ_desembre-11-225x300.jpg\" alt=\"\" width=\"250\" height=\"333\" srcset=\"https:\/\/biblioteca.blanes.cat\/salajove\/wp-content\/uploads\/sites\/3\/2025\/12\/CLJ_desembre-11-225x300.jpg 225w, https:\/\/biblioteca.blanes.cat\/salajove\/wp-content\/uploads\/sites\/3\/2025\/12\/CLJ_desembre-11-768x1024.jpg 768w, https:\/\/biblioteca.blanes.cat\/salajove\/wp-content\/uploads\/sites\/3\/2025\/12\/CLJ_desembre-11-1152x1536.jpg 1152w, https:\/\/biblioteca.blanes.cat\/salajove\/wp-content\/uploads\/sites\/3\/2025\/12\/CLJ_desembre-11-1536x2048.jpg 1536w, https:\/\/biblioteca.blanes.cat\/salajove\/wp-content\/uploads\/sites\/3\/2025\/12\/CLJ_desembre-11-scaled.jpg 1920w\" sizes=\"(max-width: 250px) 100vw, 250px\" \/><\/p>\n<p>Ja \u00e9s tradici\u00f3 llegir un cl\u00e0ssic a cada curs del club de lectura i aquesta hist\u00f2ria \u00e9s una d\u2019aquestes imprescindibles que han marcat generacions de lectors. Vam coincidir que \u00e9s un <span style=\"color: #008000;\"><strong>llibre per a totes les edats<\/strong><\/span>, tot dep\u00e8n dels ulls que s\u2019ho mirin. L\u2019edat hi fa molt a l\u2019hora d\u2019enfrontar-se al conte d\u2019Antoine de Saint-Exup\u00e9ry i dep\u00e8n del recorregut vital de cada persona, la interpretaci\u00f3 que se\u2019n pot fer pot variar. Per als m\u00e9s menuts, per exemple, pot ser un conte fant\u00e0stic. Les persones adultes, en canvi, aprofundeixen m\u00e9s en altres temes. Els #emblanats, com que estem entremig d\u2019una i altres, tamb\u00e9 hi tenim coses a dir!<\/p>\n<p><img decoding=\"async\" class=\"wp-image-10289  alignright\" src=\"https:\/\/biblioteca.blanes.cat\/salajove\/wp-content\/uploads\/sites\/3\/2025\/12\/CLJ_desembre-3-scaled-e1765388731189-300x197.jpg\" alt=\"\" width=\"376\" height=\"247\" srcset=\"https:\/\/biblioteca.blanes.cat\/salajove\/wp-content\/uploads\/sites\/3\/2025\/12\/CLJ_desembre-3-scaled-e1765388731189-300x197.jpg 300w, https:\/\/biblioteca.blanes.cat\/salajove\/wp-content\/uploads\/sites\/3\/2025\/12\/CLJ_desembre-3-scaled-e1765388731189-1024x672.jpg 1024w, https:\/\/biblioteca.blanes.cat\/salajove\/wp-content\/uploads\/sites\/3\/2025\/12\/CLJ_desembre-3-scaled-e1765388731189-768x504.jpg 768w, https:\/\/biblioteca.blanes.cat\/salajove\/wp-content\/uploads\/sites\/3\/2025\/12\/CLJ_desembre-3-scaled-e1765388731189-1536x1008.jpg 1536w, https:\/\/biblioteca.blanes.cat\/salajove\/wp-content\/uploads\/sites\/3\/2025\/12\/CLJ_desembre-3-scaled-e1765388731189.jpg 1920w\" sizes=\"(max-width: 376px) 100vw, 376px\" \/><\/p>\n<p>Per comen\u00e7ar, hem parat atenci\u00f3 a la <span style=\"color: #008000;\"><strong>dedicat\u00f2ria<\/strong><\/span>. No sempre ens hi aturem, per\u00f2 en aquest cas ho hem considerat important perqu\u00e8 fa una bona <span style=\"color: #008000;\"><strong>picada d\u2019ullet a l\u2019infant<\/strong> <strong>que tots portem dintre<\/strong><\/span>. Tot seguit, ens topem amb la famosa imatge del barret, que en realitat \u00e9s una boa que s\u2019ha menjat un elefant! Alguns dels participants van fer la prova amb els seus pares i els van demanar qu\u00e8 hi veien i, efectivament, el barret \u00e9s l\u2019opci\u00f3 majorit\u00e0ria. Aquest \u00e9s el primer contacte amb un dels missatges principals del llibre: la percepci\u00f3 que tenen els nens i les nenes de la realitat, sovint ben diferent i molt m\u00e9s pura que la de les persones grans.<\/p>\n<p><img decoding=\"async\" class=\"size-medium wp-image-10290 alignleft\" src=\"https:\/\/biblioteca.blanes.cat\/salajove\/wp-content\/uploads\/sites\/3\/2025\/12\/CLJ_desembre-13-1-225x300.jpg\" alt=\"\" width=\"225\" height=\"300\" srcset=\"https:\/\/biblioteca.blanes.cat\/salajove\/wp-content\/uploads\/sites\/3\/2025\/12\/CLJ_desembre-13-1-225x300.jpg 225w, https:\/\/biblioteca.blanes.cat\/salajove\/wp-content\/uploads\/sites\/3\/2025\/12\/CLJ_desembre-13-1-768x1024.jpg 768w, https:\/\/biblioteca.blanes.cat\/salajove\/wp-content\/uploads\/sites\/3\/2025\/12\/CLJ_desembre-13-1-1152x1536.jpg 1152w, https:\/\/biblioteca.blanes.cat\/salajove\/wp-content\/uploads\/sites\/3\/2025\/12\/CLJ_desembre-13-1-1536x2048.jpg 1536w, https:\/\/biblioteca.blanes.cat\/salajove\/wp-content\/uploads\/sites\/3\/2025\/12\/CLJ_desembre-13-1-scaled.jpg 1920w\" sizes=\"(max-width: 225px) 100vw, 225px\" \/>Continuem comentant la hist\u00f2ria d\u2019<em>El Petit Pr\u00edncep <\/em>seguint el fil de les <span style=\"color: #008000;\">il\u00b7lustracions dels personatges<\/span> (fetes en aquarel\u00b7la pel mateix autor), que s\u00f3n fonamentals, ja que cada un d\u2019ells ens dona un missatge que ens permetr\u00e0 <span style=\"color: #008000;\"><strong>reflexionar sobre q\u00fcestions socials i emocionals<\/strong><\/span> que ens preocupen: un borratxo que ensopega cada vegada amb la mateixa pedra; un vanit\u00f3s que necessita constantment que l\u2019afalaguin; un home de negocis amb set de poder i de diners; una rosa presumida que ens ensenya el valor dels or\u00edgens&#8230;<\/p>\n<p>I arribem a una de les frases m\u00e9s c\u00e8lebres: <span style=\"color: #008000;\"><strong>\u201cNom\u00e9s s\u2019hi veu b\u00e9 amb el cor. L\u2019essencial \u00e9s invisible als ulls\u201d<\/strong><\/span>, dita per una guineu, que representa l&#8217;amistat.<\/p>\n<p>Reflexionem, tamb\u00e9, sobre el desenlla\u00e7, que ens sembla ambigu, poc definit, per\u00f2 amb tot el sentit del m\u00f3n. On va a parar el Petit Pr\u00edncep? Desapareix? Mor? Torna a casa? Aquest <span style=\"color: #008000;\"><strong>final una mica obert<\/strong><\/span> \u00e9s una de les m\u00e0gies d\u2019aquesta hist\u00f2ria.<\/p>\n<p><em>El Petit Pr\u00edncep<\/em> \u00e9s, doncs, una <span style=\"color: #008000;\"><strong>al\u00b7legoria que navega entre la realitat i la fantasia<\/strong><\/span> i que posa sobre la taula el <span style=\"color: #008000;\"><strong>valor de l\u2019amistat i la responsabilitat<\/strong><\/span> i reflexiona sobre la mirada pura i neta que tenen els infants enfront de la dels adults.<\/p>\n<p>Per posar punt final a la sessi\u00f3, escoltem una can\u00e7\u00f3 molt bonica del musical de Manu Guix i \u00c0ngel Ll\u00e0cer: <a href=\"https:\/\/www.youtube.com\/watch?v=sEcexq7vbnk\" data-wplink-edit=\"true\"><span style=\"color: #008000;\"><strong><em>Vaig aprendre<\/em><\/strong><\/span><\/a>, la qual resumeix molt b\u00e9 l\u2019ess\u00e8ncia d\u2019aquesta faula. I, \u00e9s clar, no pod\u00edem marxar sense fer de <span style=\"color: #008000;\"><strong>prescriptors del nostre rac\u00f3<\/strong><\/span> i recomanar alguns llibres que creiem que si us agrada <em>El Petit Pr\u00edncep<\/em> tamb\u00e9 us poden agradar: <em>Momo<\/em>, <em>Peter Pan<\/em>, <em>Paraules de Caramel<\/em>&#8230;<\/p>\n<p><img loading=\"lazy\" decoding=\"async\" class=\"aligncenter  wp-image-10287\" src=\"https:\/\/biblioteca.blanes.cat\/salajove\/wp-content\/uploads\/sites\/3\/2025\/12\/CLJ_desembre-1-225x300.jpg\" alt=\"\" width=\"252\" height=\"336\" srcset=\"https:\/\/biblioteca.blanes.cat\/salajove\/wp-content\/uploads\/sites\/3\/2025\/12\/CLJ_desembre-1-225x300.jpg 225w, https:\/\/biblioteca.blanes.cat\/salajove\/wp-content\/uploads\/sites\/3\/2025\/12\/CLJ_desembre-1-768x1024.jpg 768w, https:\/\/biblioteca.blanes.cat\/salajove\/wp-content\/uploads\/sites\/3\/2025\/12\/CLJ_desembre-1-1152x1536.jpg 1152w, https:\/\/biblioteca.blanes.cat\/salajove\/wp-content\/uploads\/sites\/3\/2025\/12\/CLJ_desembre-1-1536x2048.jpg 1536w, https:\/\/biblioteca.blanes.cat\/salajove\/wp-content\/uploads\/sites\/3\/2025\/12\/CLJ_desembre-1-scaled.jpg 1920w\" sizes=\"(max-width: 252px) 100vw, 252px\" \/><\/p>\n<p>Ens veiem el mes vinent per celebrar tots junts l\u2019aniversari de la Biblioteca Jove amb el laboratori de llibres emocionals de Mar Gonz\u00e1lez!<\/p>\n","protected":false},"excerpt":{"rendered":"<p>I quina millor manera que acabar l\u2019any del Club de Lectura Juvenil #emblanats que llegint un dels cl\u00e0ssics universals m\u00e9s importants: El Petit Pr\u00edncep, d\u2019Antoine de Saint-Exup\u00e9ry. Ja \u00e9s tradici\u00f3 llegir un cl\u00e0ssic a cada curs del club de lectura<\/p>\n","protected":false},"author":4,"featured_media":10288,"comment_status":"open","ping_status":"open","sticky":false,"template":"","format":"standard","meta":{"sfsi_plus_gutenberg_text_before_share":"","sfsi_plus_gutenberg_show_text_before_share":"","sfsi_plus_gutenberg_icon_type":"","sfsi_plus_gutenberg_icon_alignemt":"","sfsi_plus_gutenburg_max_per_row":"","footnotes":""},"categories":[5],"tags":[24,97,29,52,26,19,21],"class_list":["post-10286","post","type-post","status-publish","format-standard","has-post-thumbnail","hentry","category-club-de-lectura","tag-activitats","tag-activitats-actualitat-joves","tag-club-de-lectura","tag-joves","tag-lectura","tag-literatura","tag-llibres"],"yoast_head":"<!-- This site is optimized with the Yoast SEO plugin v27.5 - https:\/\/yoast.com\/product\/yoast-seo-wordpress\/ -->\n<title>CLJ #emblanats: EL PETIT PR\u00cdNCEP - Sala Jove<\/title>\n<meta name=\"robots\" content=\"index, follow, max-snippet:-1, max-image-preview:large, max-video-preview:-1\" \/>\n<link rel=\"canonical\" href=\"https:\/\/biblioteca.blanes.cat\/salajove\/2025\/12\/10\/clj-emblanats-el-petit-princep\/\" \/>\n<meta property=\"og:locale\" content=\"ca_ES\" \/>\n<meta property=\"og:type\" content=\"article\" \/>\n<meta property=\"og:title\" content=\"CLJ #emblanats: EL PETIT PR\u00cdNCEP - Sala Jove\" \/>\n<meta property=\"og:description\" content=\"I quina millor manera que acabar l\u2019any del Club de Lectura Juvenil #emblanats que llegint un dels cl\u00e0ssics universals m\u00e9s importants: El Petit Pr\u00edncep, d\u2019Antoine de Saint-Exup\u00e9ry. Ja \u00e9s tradici\u00f3 llegir un cl\u00e0ssic a cada curs del club de lectura\" \/>\n<meta property=\"og:url\" content=\"https:\/\/biblioteca.blanes.cat\/salajove\/2025\/12\/10\/clj-emblanats-el-petit-princep\/\" \/>\n<meta property=\"og:site_name\" content=\"Sala Jove\" \/>\n<meta property=\"article:publisher\" content=\"https:\/\/www.facebook.com\/BilbiotecaComarcaldeBlanes\/\" \/>\n<meta property=\"article:published_time\" content=\"2025-12-10T18:21:31+00:00\" \/>\n<meta property=\"article:modified_time\" content=\"2025-12-10T18:22:00+00:00\" \/>\n<meta property=\"og:image\" content=\"https:\/\/biblioteca.blanes.cat\/salajove\/wp-content\/uploads\/sites\/3\/2025\/12\/CLJ_desembre-11-scaled.jpg\" \/>\n\t<meta property=\"og:image:width\" content=\"1920\" \/>\n\t<meta property=\"og:image:height\" content=\"2560\" \/>\n\t<meta property=\"og:image:type\" content=\"image\/jpeg\" \/>\n<meta name=\"author\" content=\"biblioblanes\" \/>\n<meta name=\"twitter:card\" content=\"summary_large_image\" \/>\n<meta name=\"twitter:creator\" content=\"@biblioblanes\" \/>\n<meta name=\"twitter:site\" content=\"@BiblioBlanes\" \/>\n<meta name=\"twitter:label1\" content=\"Escrit per\" \/>\n\t<meta name=\"twitter:data1\" content=\"biblioblanes\" \/>\n\t<meta name=\"twitter:label2\" content=\"Temps estimat de lectura\" \/>\n\t<meta name=\"twitter:data2\" content=\"4 minuts\" \/>\n<script type=\"application\/ld+json\" class=\"yoast-schema-graph\">{\"@context\":\"https:\\\/\\\/schema.org\",\"@graph\":[{\"@type\":\"Article\",\"@id\":\"https:\\\/\\\/biblioteca.blanes.cat\\\/salajove\\\/2025\\\/12\\\/10\\\/clj-emblanats-el-petit-princep\\\/#article\",\"isPartOf\":{\"@id\":\"https:\\\/\\\/biblioteca.blanes.cat\\\/salajove\\\/2025\\\/12\\\/10\\\/clj-emblanats-el-petit-princep\\\/\"},\"author\":{\"name\":\"biblioblanes\",\"@id\":\"https:\\\/\\\/biblioteca.blanes.cat\\\/salajove\\\/#\\\/schema\\\/person\\\/5a7b46760d9dd611d098bbf571a341dc\"},\"headline\":\"CLJ #emblanats: EL PETIT PR\u00cdNCEP\",\"datePublished\":\"2025-12-10T18:21:31+00:00\",\"dateModified\":\"2025-12-10T18:22:00+00:00\",\"mainEntityOfPage\":{\"@id\":\"https:\\\/\\\/biblioteca.blanes.cat\\\/salajove\\\/2025\\\/12\\\/10\\\/clj-emblanats-el-petit-princep\\\/\"},\"wordCount\":607,\"commentCount\":0,\"publisher\":{\"@id\":\"https:\\\/\\\/biblioteca.blanes.cat\\\/salajove\\\/#organization\"},\"image\":{\"@id\":\"https:\\\/\\\/biblioteca.blanes.cat\\\/salajove\\\/2025\\\/12\\\/10\\\/clj-emblanats-el-petit-princep\\\/#primaryimage\"},\"thumbnailUrl\":\"https:\\\/\\\/biblioteca.blanes.cat\\\/salajove\\\/wp-content\\\/uploads\\\/sites\\\/3\\\/2025\\\/12\\\/CLJ_desembre-11-scaled.jpg\",\"keywords\":[\"#Activitats\",\"#Activitats #Actualitat #Joves\",\"#ClubdeLectura\",\"#Joves\",\"#Lectura\",\"#Literatura\",\"#Llibres\"],\"articleSection\":[\"Club de Lectura\"],\"inLanguage\":\"ca\",\"potentialAction\":[{\"@type\":\"CommentAction\",\"name\":\"Comment\",\"target\":[\"https:\\\/\\\/biblioteca.blanes.cat\\\/salajove\\\/2025\\\/12\\\/10\\\/clj-emblanats-el-petit-princep\\\/#respond\"]}]},{\"@type\":\"WebPage\",\"@id\":\"https:\\\/\\\/biblioteca.blanes.cat\\\/salajove\\\/2025\\\/12\\\/10\\\/clj-emblanats-el-petit-princep\\\/\",\"url\":\"https:\\\/\\\/biblioteca.blanes.cat\\\/salajove\\\/2025\\\/12\\\/10\\\/clj-emblanats-el-petit-princep\\\/\",\"name\":\"CLJ #emblanats: EL PETIT PR\u00cdNCEP - Sala Jove\",\"isPartOf\":{\"@id\":\"https:\\\/\\\/biblioteca.blanes.cat\\\/salajove\\\/#website\"},\"primaryImageOfPage\":{\"@id\":\"https:\\\/\\\/biblioteca.blanes.cat\\\/salajove\\\/2025\\\/12\\\/10\\\/clj-emblanats-el-petit-princep\\\/#primaryimage\"},\"image\":{\"@id\":\"https:\\\/\\\/biblioteca.blanes.cat\\\/salajove\\\/2025\\\/12\\\/10\\\/clj-emblanats-el-petit-princep\\\/#primaryimage\"},\"thumbnailUrl\":\"https:\\\/\\\/biblioteca.blanes.cat\\\/salajove\\\/wp-content\\\/uploads\\\/sites\\\/3\\\/2025\\\/12\\\/CLJ_desembre-11-scaled.jpg\",\"datePublished\":\"2025-12-10T18:21:31+00:00\",\"dateModified\":\"2025-12-10T18:22:00+00:00\",\"breadcrumb\":{\"@id\":\"https:\\\/\\\/biblioteca.blanes.cat\\\/salajove\\\/2025\\\/12\\\/10\\\/clj-emblanats-el-petit-princep\\\/#breadcrumb\"},\"inLanguage\":\"ca\",\"potentialAction\":[{\"@type\":\"ReadAction\",\"target\":[\"https:\\\/\\\/biblioteca.blanes.cat\\\/salajove\\\/2025\\\/12\\\/10\\\/clj-emblanats-el-petit-princep\\\/\"]}]},{\"@type\":\"ImageObject\",\"inLanguage\":\"ca\",\"@id\":\"https:\\\/\\\/biblioteca.blanes.cat\\\/salajove\\\/2025\\\/12\\\/10\\\/clj-emblanats-el-petit-princep\\\/#primaryimage\",\"url\":\"https:\\\/\\\/biblioteca.blanes.cat\\\/salajove\\\/wp-content\\\/uploads\\\/sites\\\/3\\\/2025\\\/12\\\/CLJ_desembre-11-scaled.jpg\",\"contentUrl\":\"https:\\\/\\\/biblioteca.blanes.cat\\\/salajove\\\/wp-content\\\/uploads\\\/sites\\\/3\\\/2025\\\/12\\\/CLJ_desembre-11-scaled.jpg\",\"width\":1920,\"height\":2560},{\"@type\":\"BreadcrumbList\",\"@id\":\"https:\\\/\\\/biblioteca.blanes.cat\\\/salajove\\\/2025\\\/12\\\/10\\\/clj-emblanats-el-petit-princep\\\/#breadcrumb\",\"itemListElement\":[{\"@type\":\"ListItem\",\"position\":1,\"name\":\"Inici\",\"item\":\"https:\\\/\\\/biblioteca.blanes.cat\\\/salajove\\\/\"},{\"@type\":\"ListItem\",\"position\":2,\"name\":\"CLJ #emblanats: EL PETIT PR\u00cdNCEP\"}]},{\"@type\":\"WebSite\",\"@id\":\"https:\\\/\\\/biblioteca.blanes.cat\\\/salajove\\\/#website\",\"url\":\"https:\\\/\\\/biblioteca.blanes.cat\\\/salajove\\\/\",\"name\":\"Sala Jove\",\"description\":\"Biblioteca Comarcal de Blanes\",\"publisher\":{\"@id\":\"https:\\\/\\\/biblioteca.blanes.cat\\\/salajove\\\/#organization\"},\"potentialAction\":[{\"@type\":\"SearchAction\",\"target\":{\"@type\":\"EntryPoint\",\"urlTemplate\":\"https:\\\/\\\/biblioteca.blanes.cat\\\/salajove\\\/?s={search_term_string}\"},\"query-input\":{\"@type\":\"PropertyValueSpecification\",\"valueRequired\":true,\"valueName\":\"search_term_string\"}}],\"inLanguage\":\"ca\"},{\"@type\":\"Organization\",\"@id\":\"https:\\\/\\\/biblioteca.blanes.cat\\\/salajove\\\/#organization\",\"name\":\"Biblioteca Comarcal de Blanes\",\"url\":\"https:\\\/\\\/biblioteca.blanes.cat\\\/salajove\\\/\",\"logo\":{\"@type\":\"ImageObject\",\"inLanguage\":\"ca\",\"@id\":\"https:\\\/\\\/biblioteca.blanes.cat\\\/salajove\\\/#\\\/schema\\\/logo\\\/image\\\/\",\"url\":\"https:\\\/\\\/biblioteca.blanes.cat\\\/salajove\\\/wp-content\\\/uploads\\\/sites\\\/3\\\/2017\\\/09\\\/cropped-Bib-blau-e1518869380535.png\",\"contentUrl\":\"https:\\\/\\\/biblioteca.blanes.cat\\\/salajove\\\/wp-content\\\/uploads\\\/sites\\\/3\\\/2017\\\/09\\\/cropped-Bib-blau-e1518869380535.png\",\"width\":166,\"height\":166,\"caption\":\"Biblioteca Comarcal de Blanes\"},\"image\":{\"@id\":\"https:\\\/\\\/biblioteca.blanes.cat\\\/salajove\\\/#\\\/schema\\\/logo\\\/image\\\/\"},\"sameAs\":[\"https:\\\/\\\/www.facebook.com\\\/BilbiotecaComarcaldeBlanes\\\/\",\"https:\\\/\\\/x.com\\\/BiblioBlanes\",\"https:\\\/\\\/www.instagram.com\\\/biblioblanes\\\/\",\"https:\\\/\\\/www.pinterest.es\\\/bblanes\\\/\",\"https:\\\/\\\/www.youtube.com\\\/c\\\/BibliotecaComarcalBlanes\"]},{\"@type\":\"Person\",\"@id\":\"https:\\\/\\\/biblioteca.blanes.cat\\\/salajove\\\/#\\\/schema\\\/person\\\/5a7b46760d9dd611d098bbf571a341dc\",\"name\":\"biblioblanes\",\"image\":{\"@type\":\"ImageObject\",\"inLanguage\":\"ca\",\"@id\":\"https:\\\/\\\/secure.gravatar.com\\\/avatar\\\/6593ca6cc90e5a70939f51c95e8315483b9c281bafba597292bee47992030f99?s=96&d=mm&r=g\",\"url\":\"https:\\\/\\\/secure.gravatar.com\\\/avatar\\\/6593ca6cc90e5a70939f51c95e8315483b9c281bafba597292bee47992030f99?s=96&d=mm&r=g\",\"contentUrl\":\"https:\\\/\\\/secure.gravatar.com\\\/avatar\\\/6593ca6cc90e5a70939f51c95e8315483b9c281bafba597292bee47992030f99?s=96&d=mm&r=g\",\"caption\":\"biblioblanes\"},\"sameAs\":[\"http:\\\/\\\/www.bibgirona.cat\\\/biblioteca\\\/blanes\",\"https:\\\/\\\/x.com\\\/biblioblanes\"],\"url\":\"https:\\\/\\\/biblioteca.blanes.cat\\\/salajove\\\/author\\\/biblioblanes\\\/\"}]}<\/script>\n<!-- \/ Yoast SEO plugin. -->","yoast_head_json":{"title":"CLJ #emblanats: EL PETIT PR\u00cdNCEP - Sala Jove","robots":{"index":"index","follow":"follow","max-snippet":"max-snippet:-1","max-image-preview":"max-image-preview:large","max-video-preview":"max-video-preview:-1"},"canonical":"https:\/\/biblioteca.blanes.cat\/salajove\/2025\/12\/10\/clj-emblanats-el-petit-princep\/","og_locale":"ca_ES","og_type":"article","og_title":"CLJ #emblanats: EL PETIT PR\u00cdNCEP - Sala Jove","og_description":"I quina millor manera que acabar l\u2019any del Club de Lectura Juvenil #emblanats que llegint un dels cl\u00e0ssics universals m\u00e9s importants: El Petit Pr\u00edncep, d\u2019Antoine de Saint-Exup\u00e9ry. Ja \u00e9s tradici\u00f3 llegir un cl\u00e0ssic a cada curs del club de lectura","og_url":"https:\/\/biblioteca.blanes.cat\/salajove\/2025\/12\/10\/clj-emblanats-el-petit-princep\/","og_site_name":"Sala Jove","article_publisher":"https:\/\/www.facebook.com\/BilbiotecaComarcaldeBlanes\/","article_published_time":"2025-12-10T18:21:31+00:00","article_modified_time":"2025-12-10T18:22:00+00:00","og_image":[{"width":1920,"height":2560,"url":"https:\/\/biblioteca.blanes.cat\/salajove\/wp-content\/uploads\/sites\/3\/2025\/12\/CLJ_desembre-11-scaled.jpg","type":"image\/jpeg"}],"author":"biblioblanes","twitter_card":"summary_large_image","twitter_creator":"@biblioblanes","twitter_site":"@BiblioBlanes","twitter_misc":{"Escrit per":"biblioblanes","Temps estimat de lectura":"4 minuts"},"schema":{"@context":"https:\/\/schema.org","@graph":[{"@type":"Article","@id":"https:\/\/biblioteca.blanes.cat\/salajove\/2025\/12\/10\/clj-emblanats-el-petit-princep\/#article","isPartOf":{"@id":"https:\/\/biblioteca.blanes.cat\/salajove\/2025\/12\/10\/clj-emblanats-el-petit-princep\/"},"author":{"name":"biblioblanes","@id":"https:\/\/biblioteca.blanes.cat\/salajove\/#\/schema\/person\/5a7b46760d9dd611d098bbf571a341dc"},"headline":"CLJ #emblanats: EL PETIT PR\u00cdNCEP","datePublished":"2025-12-10T18:21:31+00:00","dateModified":"2025-12-10T18:22:00+00:00","mainEntityOfPage":{"@id":"https:\/\/biblioteca.blanes.cat\/salajove\/2025\/12\/10\/clj-emblanats-el-petit-princep\/"},"wordCount":607,"commentCount":0,"publisher":{"@id":"https:\/\/biblioteca.blanes.cat\/salajove\/#organization"},"image":{"@id":"https:\/\/biblioteca.blanes.cat\/salajove\/2025\/12\/10\/clj-emblanats-el-petit-princep\/#primaryimage"},"thumbnailUrl":"https:\/\/biblioteca.blanes.cat\/salajove\/wp-content\/uploads\/sites\/3\/2025\/12\/CLJ_desembre-11-scaled.jpg","keywords":["#Activitats","#Activitats #Actualitat #Joves","#ClubdeLectura","#Joves","#Lectura","#Literatura","#Llibres"],"articleSection":["Club de Lectura"],"inLanguage":"ca","potentialAction":[{"@type":"CommentAction","name":"Comment","target":["https:\/\/biblioteca.blanes.cat\/salajove\/2025\/12\/10\/clj-emblanats-el-petit-princep\/#respond"]}]},{"@type":"WebPage","@id":"https:\/\/biblioteca.blanes.cat\/salajove\/2025\/12\/10\/clj-emblanats-el-petit-princep\/","url":"https:\/\/biblioteca.blanes.cat\/salajove\/2025\/12\/10\/clj-emblanats-el-petit-princep\/","name":"CLJ #emblanats: EL PETIT PR\u00cdNCEP - Sala Jove","isPartOf":{"@id":"https:\/\/biblioteca.blanes.cat\/salajove\/#website"},"primaryImageOfPage":{"@id":"https:\/\/biblioteca.blanes.cat\/salajove\/2025\/12\/10\/clj-emblanats-el-petit-princep\/#primaryimage"},"image":{"@id":"https:\/\/biblioteca.blanes.cat\/salajove\/2025\/12\/10\/clj-emblanats-el-petit-princep\/#primaryimage"},"thumbnailUrl":"https:\/\/biblioteca.blanes.cat\/salajove\/wp-content\/uploads\/sites\/3\/2025\/12\/CLJ_desembre-11-scaled.jpg","datePublished":"2025-12-10T18:21:31+00:00","dateModified":"2025-12-10T18:22:00+00:00","breadcrumb":{"@id":"https:\/\/biblioteca.blanes.cat\/salajove\/2025\/12\/10\/clj-emblanats-el-petit-princep\/#breadcrumb"},"inLanguage":"ca","potentialAction":[{"@type":"ReadAction","target":["https:\/\/biblioteca.blanes.cat\/salajove\/2025\/12\/10\/clj-emblanats-el-petit-princep\/"]}]},{"@type":"ImageObject","inLanguage":"ca","@id":"https:\/\/biblioteca.blanes.cat\/salajove\/2025\/12\/10\/clj-emblanats-el-petit-princep\/#primaryimage","url":"https:\/\/biblioteca.blanes.cat\/salajove\/wp-content\/uploads\/sites\/3\/2025\/12\/CLJ_desembre-11-scaled.jpg","contentUrl":"https:\/\/biblioteca.blanes.cat\/salajove\/wp-content\/uploads\/sites\/3\/2025\/12\/CLJ_desembre-11-scaled.jpg","width":1920,"height":2560},{"@type":"BreadcrumbList","@id":"https:\/\/biblioteca.blanes.cat\/salajove\/2025\/12\/10\/clj-emblanats-el-petit-princep\/#breadcrumb","itemListElement":[{"@type":"ListItem","position":1,"name":"Inici","item":"https:\/\/biblioteca.blanes.cat\/salajove\/"},{"@type":"ListItem","position":2,"name":"CLJ #emblanats: EL PETIT PR\u00cdNCEP"}]},{"@type":"WebSite","@id":"https:\/\/biblioteca.blanes.cat\/salajove\/#website","url":"https:\/\/biblioteca.blanes.cat\/salajove\/","name":"Sala Jove","description":"Biblioteca Comarcal de Blanes","publisher":{"@id":"https:\/\/biblioteca.blanes.cat\/salajove\/#organization"},"potentialAction":[{"@type":"SearchAction","target":{"@type":"EntryPoint","urlTemplate":"https:\/\/biblioteca.blanes.cat\/salajove\/?s={search_term_string}"},"query-input":{"@type":"PropertyValueSpecification","valueRequired":true,"valueName":"search_term_string"}}],"inLanguage":"ca"},{"@type":"Organization","@id":"https:\/\/biblioteca.blanes.cat\/salajove\/#organization","name":"Biblioteca Comarcal de Blanes","url":"https:\/\/biblioteca.blanes.cat\/salajove\/","logo":{"@type":"ImageObject","inLanguage":"ca","@id":"https:\/\/biblioteca.blanes.cat\/salajove\/#\/schema\/logo\/image\/","url":"https:\/\/biblioteca.blanes.cat\/salajove\/wp-content\/uploads\/sites\/3\/2017\/09\/cropped-Bib-blau-e1518869380535.png","contentUrl":"https:\/\/biblioteca.blanes.cat\/salajove\/wp-content\/uploads\/sites\/3\/2017\/09\/cropped-Bib-blau-e1518869380535.png","width":166,"height":166,"caption":"Biblioteca Comarcal de Blanes"},"image":{"@id":"https:\/\/biblioteca.blanes.cat\/salajove\/#\/schema\/logo\/image\/"},"sameAs":["https:\/\/www.facebook.com\/BilbiotecaComarcaldeBlanes\/","https:\/\/x.com\/BiblioBlanes","https:\/\/www.instagram.com\/biblioblanes\/","https:\/\/www.pinterest.es\/bblanes\/","https:\/\/www.youtube.com\/c\/BibliotecaComarcalBlanes"]},{"@type":"Person","@id":"https:\/\/biblioteca.blanes.cat\/salajove\/#\/schema\/person\/5a7b46760d9dd611d098bbf571a341dc","name":"biblioblanes","image":{"@type":"ImageObject","inLanguage":"ca","@id":"https:\/\/secure.gravatar.com\/avatar\/6593ca6cc90e5a70939f51c95e8315483b9c281bafba597292bee47992030f99?s=96&d=mm&r=g","url":"https:\/\/secure.gravatar.com\/avatar\/6593ca6cc90e5a70939f51c95e8315483b9c281bafba597292bee47992030f99?s=96&d=mm&r=g","contentUrl":"https:\/\/secure.gravatar.com\/avatar\/6593ca6cc90e5a70939f51c95e8315483b9c281bafba597292bee47992030f99?s=96&d=mm&r=g","caption":"biblioblanes"},"sameAs":["http:\/\/www.bibgirona.cat\/biblioteca\/blanes","https:\/\/x.com\/biblioblanes"],"url":"https:\/\/biblioteca.blanes.cat\/salajove\/author\/biblioblanes\/"}]}},"_links":{"self":[{"href":"https:\/\/biblioteca.blanes.cat\/salajove\/wp-json\/wp\/v2\/posts\/10286","targetHints":{"allow":["GET"]}}],"collection":[{"href":"https:\/\/biblioteca.blanes.cat\/salajove\/wp-json\/wp\/v2\/posts"}],"about":[{"href":"https:\/\/biblioteca.blanes.cat\/salajove\/wp-json\/wp\/v2\/types\/post"}],"author":[{"embeddable":true,"href":"https:\/\/biblioteca.blanes.cat\/salajove\/wp-json\/wp\/v2\/users\/4"}],"replies":[{"embeddable":true,"href":"https:\/\/biblioteca.blanes.cat\/salajove\/wp-json\/wp\/v2\/comments?post=10286"}],"version-history":[{"count":2,"href":"https:\/\/biblioteca.blanes.cat\/salajove\/wp-json\/wp\/v2\/posts\/10286\/revisions"}],"predecessor-version":[{"id":10292,"href":"https:\/\/biblioteca.blanes.cat\/salajove\/wp-json\/wp\/v2\/posts\/10286\/revisions\/10292"}],"wp:featuredmedia":[{"embeddable":true,"href":"https:\/\/biblioteca.blanes.cat\/salajove\/wp-json\/wp\/v2\/media\/10288"}],"wp:attachment":[{"href":"https:\/\/biblioteca.blanes.cat\/salajove\/wp-json\/wp\/v2\/media?parent=10286"}],"wp:term":[{"taxonomy":"category","embeddable":true,"href":"https:\/\/biblioteca.blanes.cat\/salajove\/wp-json\/wp\/v2\/categories?post=10286"},{"taxonomy":"post_tag","embeddable":true,"href":"https:\/\/biblioteca.blanes.cat\/salajove\/wp-json\/wp\/v2\/tags?post=10286"}],"curies":[{"name":"wp","href":"https:\/\/api.w.org\/{rel}","templated":true}]}}