{"id":1025,"date":"2017-08-02T22:09:19","date_gmt":"2017-08-02T21:09:19","guid":{"rendered":"https:\/\/biblioteca.blanes.cat\/salajove\/?p=1025"},"modified":"2018-02-14T15:47:31","modified_gmt":"2018-02-14T14:47:31","slug":"1025","status":"publish","type":"post","link":"https:\/\/biblioteca.blanes.cat\/salajove\/2017\/08\/02\/1025\/","title":{"rendered":"EL SECRETO DE EMMALINE de Megan Shephered"},"content":{"rendered":"<h1 style=\"text-align: center\">ME LLAMO EMMALINE<br \/>\n Y TENGO UN SECRETO<\/h1>\n<h3 style=\"text-align: center\">\n No voy a cont\u00e1rselo a nadie, ni a Benny, ni a Anna,<br \/>\n ni siquiera a la hermana Constance<br \/>\n Mi secreto se esconde en los espejos que reflejan las elegantes<br \/>\n habitaciones que anta\u00f1o fueron el hogar de una princesa<br \/>\n hermosa y que hoy habitamos nosotros.<br \/>\n Pero a ti si te lo contar\u00e9;<br \/>\n hay caballos alados que viven en los espejos.<br \/>\n Diciembre de 1941. Los bombardeos alemanes asolan las ciudades de Inglaterra y muchos ni\u00f1os son evacuadosa a la campi\u00f1a. Los m\u00e1s enfermos y trauumatizados son trasladados a hospitales especiales. Emmalina es una de esas ni\u00f1as. Pero ella es diferente, ya que posee algo de lo que carecen los dem\u00e1s. Un secreto que le permitir\u00e1 encontrar el color en un mundo gris porqu\u00e9\u2026<br \/>\n Solo la mirada de un ni\u00f1o puede<br \/>\n combatir la oscuridad.<\/h3>\n<h1 style=\"text-align: center\">OPIN\u00d3 PERSONAL<\/h1>\n<p>Aquesta novel\u00b7la est\u00e0 escrita per la autora de Naturaleza Salavaje, Megan Shephered. \u00c9s una escriptora americana. La seva primera novel\u00b7la es titula \u201cLa filla del boig\u201d. Es va publicar el 2013. Megan Shephered va treballar en el cos diplom\u00e0tic i es va unir als Cossos de la Pau, una ag\u00e8ncia federal independent de Estats Units.<\/p>\n<p>Els fets passen l\u2019any 1941, els bombardejos alemanys destrueixen les ciutats d\u2019Anglaterra. Per protegir els nens els evacuen a llocs m\u00e9s segurs i els que estan molt malalts els traslladen a hospitals especials. Aquest es el cas de Emmaline.<\/p>\n<p>Emmaline \u00e9s la puresa, la tendresa i la innoc\u00e8ncia dins d\u2019un marc tan terrible com pot ser la Segona Guerra Mundial. Es tracta d\u2019una nena especial obligada a madurar abans del previst per conseq\u00fc\u00e8ncies de la vida que li ha tocat viure. A causa dels bombardejos constants \u00e9s evacuada i traslladada l\u2019hospital Briar Hill. All\u00e0 Emmaline quedar\u00e0 fascinada pels preciosos cavalls alats que nom\u00e9s ella pot veure a trav\u00e9s dels miralls. Els cavalls tindran un significat particular i \u00fanic a la vida de Emmaline.<\/p>\n<h3 style=\"text-align: center\"><em>\u201cUn caballo asoma la cabeza por la esquina. Es casi por completo blanco: tiene largas cuerdas de crines blancas y sedosas, y un hocico suave y gris, y alas, unas alas blancas como la nieve, unas alas que son suaves, gigantes y reales.\u201d<\/em><\/h3>\n<p>A m\u00e9s no nom\u00e9s coneixem la seva hist\u00f2ria sin\u00f3 la de molts m\u00e9s nens i nenes que viuen amb ella a Briar Hill durant el conflicte belga. Perqu\u00e8 en aquest cas l\u2019autora ens ha volgut retratar la situaci\u00f3 dels m\u00e9s petits i necessitats. \u00c9s un escenari delicat i dif\u00edcil des del punt de vista d\u2019una nena innocent. Personalment m\u2019ha semblat molt interessant, ja que no havia llegit res sobre la Segona Guerra Mundial i, concretamanet, els nens que van marxar del costat del seus parees per culpa de la guerra, Apropar-me per primera vegada a un personatge que ho viu m\u2019ha impressionat perqu\u00e8 ho he viscut de molt aprop.<img fetchpriority=\"high\" decoding=\"async\" class=\" alignright\" src=\"http:\/\/www.editorialmolino.com\/el-secreto-de-emmaline_megan-shepherd_libro-MONL380.jpg\" width=\"291\" height=\"440\" \/><\/p>\n<p>Encara que tota la rellev\u00e0ncia i vitalitat d\u2019aquesta hist\u00f2ria recauen sobre el personatge de Emmaline, tamb\u00e9 s\u00f3n molt importants els cavalls alats. Ells li enseneyen una gran lli\u00e7\u00f3 i l\u2019ajuden a tenir una visi\u00f3 molt peculiar del m\u00f3n en qu\u00e8 viu.<\/p>\n<p>I ara unes quantes frases ca\u00e7ades al vol:<\/p>\n<h3 style=\"text-align: center\"><em>\u201cSe me da muy bien guardar secretos. Y este secreto \u2013 este caballo \u2013 es mi secreto. Algo solo para mi.\u201d<\/em><\/h3>\n<h3 style=\"text-align: center\"><em>\u201cSi existen \u2013 replico \u2013Solo que no en nuestro mundo. Viven en el otro mundo, en el que hay detr\u00e1s de los espejos. Si miraras los ver\u00edas.\u201d<\/em><\/h3>\n<h3 style=\"text-align: center\"><em>\u201cPuede que el mundo del caballor alado sea siempre asi: hermoso y blanco, blando y fr\u00edo. \u201c<\/em><\/h3>\n<h3 style=\"text-align: center\"><em>\u201cSupongo que los caballos perciben muchas cosas de las personas.\u201d<\/em><\/h3>\n<p>I ara unes an\u00e8cdotes:<\/p>\n<p>*Megan Shephered va cr\u00e8ixer a la llibreria de la seva familia a Carolina del Nord. Megan ara viu amb el seu marit a Asheville, Carolina del Nord.<\/p>\n<p>*Les seves obres liter\u00e0ries s\u2019inscriuen dins del g\u00e8nere per joves adults, on ha publicat varies obres.<\/p>\n<p>*Va estudiar diversos idiomes com franc\u00e8s, alemany i rus. Es va graduar a la Universitat de Carolina del Nord a Chapel Hill. Ha viscut i ha treballat a Costa Rica, Senegal, Esc\u00f2cia i Espanya.<\/p>\n<p>*Aquest es el seus bloc on podreu trobar m\u00e9s informaci\u00f3 sobre ella: http:\/\/meganshepherd.com\/<\/p>\n<p>En definitiva, El secreto de Emmaline \u00e9s una lectura que fa reflexionar el lector, molt bonica, m\u00e0gica, agredol\u00e7a i entranyable. Per mi ha estat una lectura diferent i m\u2019ha fascinat.<\/p>\n<p>\u201cHe oido que los caballos son capaces de oler si una persona es buena o no. Imagino que la fragancia se asemeja a las flores, tal vez de lavanda o de salvia rusa, pero no de rosas, porque incluso los caballos saben que las rosas tienen espinas.\u201d<\/p>\n","protected":false},"excerpt":{"rendered":"<p>ME LLAMO EMMALINE Y TENGO UN SECRETO No voy a cont\u00e1rselo a nadie, ni a Benny, ni a Anna, ni siquiera a la hermana Constance Mi secreto se esconde en los espejos que reflejan las elegantes habitaciones que anta\u00f1o fueron<\/p>\n","protected":false},"author":6,"featured_media":154,"comment_status":"open","ping_status":"open","sticky":false,"template":"","format":"standard","meta":{"sfsi_plus_gutenberg_text_before_share":"","sfsi_plus_gutenberg_show_text_before_share":"","sfsi_plus_gutenberg_icon_type":"","sfsi_plus_gutenberg_icon_alignemt":"","sfsi_plus_gutenburg_max_per_row":"","footnotes":""},"categories":[9,10],"tags":[19,21,23],"class_list":["post-1025","post","type-post","status-publish","format-standard","has-post-thumbnail","hentry","category-raco-de-la-paula","category-novetat","tag-literatura","tag-llibres","tag-sinopsi"],"yoast_head":"<!-- This site is optimized with the Yoast SEO plugin v27.5 - https:\/\/yoast.com\/product\/yoast-seo-wordpress\/ -->\n<title>EL SECRETO DE EMMALINE de Megan Shephered - Sala Jove<\/title>\n<meta name=\"description\" content=\"Megan Shephered ens explica uns fets passen l\u2019any 1941, els bombardejos alemanys destrueixen les ciutats d\u2019Anglaterra. Els nens els portaven a llocs segurs.\" \/>\n<meta name=\"robots\" content=\"index, follow, max-snippet:-1, max-image-preview:large, max-video-preview:-1\" \/>\n<link rel=\"canonical\" href=\"https:\/\/biblioteca.blanes.cat\/salajove\/2017\/08\/02\/1025\/\" \/>\n<meta property=\"og:locale\" content=\"ca_ES\" \/>\n<meta property=\"og:type\" content=\"article\" \/>\n<meta property=\"og:title\" content=\"EL SECRETO DE EMMALINE de Megan Shephered - Sala Jove\" \/>\n<meta property=\"og:description\" content=\"Megan Shephered ens explica uns fets passen l\u2019any 1941, els bombardejos alemanys destrueixen les ciutats d\u2019Anglaterra. Els nens els portaven a llocs segurs.\" \/>\n<meta property=\"og:url\" content=\"https:\/\/biblioteca.blanes.cat\/salajove\/2017\/08\/02\/1025\/\" \/>\n<meta property=\"og:site_name\" content=\"Sala Jove\" \/>\n<meta property=\"article:publisher\" content=\"https:\/\/www.facebook.com\/BilbiotecaComarcaldeBlanes\/\" \/>\n<meta property=\"article:published_time\" content=\"2017-08-02T21:09:19+00:00\" \/>\n<meta property=\"article:modified_time\" content=\"2018-02-14T14:47:31+00:00\" \/>\n<meta property=\"og:image\" content=\"https:\/\/biblioteca.blanes.cat\/salajove\/wp-content\/uploads\/sites\/3\/2017\/10\/Destacat_rac\u00f3_Paula.png\" \/>\n\t<meta property=\"og:image:width\" content=\"3719\" \/>\n\t<meta property=\"og:image:height\" content=\"2265\" \/>\n\t<meta property=\"og:image:type\" content=\"image\/png\" \/>\n<meta name=\"author\" content=\"paula\" \/>\n<meta name=\"twitter:card\" content=\"summary_large_image\" \/>\n<meta name=\"twitter:creator\" content=\"@BiblioBlanes\" \/>\n<meta name=\"twitter:site\" content=\"@BiblioBlanes\" \/>\n<meta name=\"twitter:label1\" content=\"Escrit per\" \/>\n\t<meta name=\"twitter:data1\" content=\"paula\" \/>\n\t<meta name=\"twitter:label2\" content=\"Temps estimat de lectura\" \/>\n\t<meta name=\"twitter:data2\" content=\"4 minuts\" \/>\n<script type=\"application\/ld+json\" class=\"yoast-schema-graph\">{\"@context\":\"https:\\\/\\\/schema.org\",\"@graph\":[{\"@type\":\"Article\",\"@id\":\"https:\\\/\\\/biblioteca.blanes.cat\\\/salajove\\\/2017\\\/08\\\/02\\\/1025\\\/#article\",\"isPartOf\":{\"@id\":\"https:\\\/\\\/biblioteca.blanes.cat\\\/salajove\\\/2017\\\/08\\\/02\\\/1025\\\/\"},\"author\":{\"name\":\"paula\",\"@id\":\"https:\\\/\\\/biblioteca.blanes.cat\\\/salajove\\\/#\\\/schema\\\/person\\\/8dbc45cdf5d1c7e2d100d147517ba7f3\"},\"headline\":\"EL SECRETO DE EMMALINE de Megan Shephered\",\"datePublished\":\"2017-08-02T21:09:19+00:00\",\"dateModified\":\"2018-02-14T14:47:31+00:00\",\"mainEntityOfPage\":{\"@id\":\"https:\\\/\\\/biblioteca.blanes.cat\\\/salajove\\\/2017\\\/08\\\/02\\\/1025\\\/\"},\"wordCount\":820,\"commentCount\":0,\"publisher\":{\"@id\":\"https:\\\/\\\/biblioteca.blanes.cat\\\/salajove\\\/#organization\"},\"image\":{\"@id\":\"https:\\\/\\\/biblioteca.blanes.cat\\\/salajove\\\/2017\\\/08\\\/02\\\/1025\\\/#primaryimage\"},\"thumbnailUrl\":\"https:\\\/\\\/biblioteca.blanes.cat\\\/salajove\\\/wp-content\\\/uploads\\\/sites\\\/3\\\/2017\\\/10\\\/Destacat_rac\u00f3_Paula.png\",\"keywords\":[\"#Literatura\",\"#Llibres\",\"#Sinopsi\"],\"articleSection\":[\"Rac\u00f3 de la Paula\",\"RP_Novetat\"],\"inLanguage\":\"ca\",\"potentialAction\":[{\"@type\":\"CommentAction\",\"name\":\"Comment\",\"target\":[\"https:\\\/\\\/biblioteca.blanes.cat\\\/salajove\\\/2017\\\/08\\\/02\\\/1025\\\/#respond\"]}]},{\"@type\":\"WebPage\",\"@id\":\"https:\\\/\\\/biblioteca.blanes.cat\\\/salajove\\\/2017\\\/08\\\/02\\\/1025\\\/\",\"url\":\"https:\\\/\\\/biblioteca.blanes.cat\\\/salajove\\\/2017\\\/08\\\/02\\\/1025\\\/\",\"name\":\"EL SECRETO DE EMMALINE de Megan Shephered - Sala Jove\",\"isPartOf\":{\"@id\":\"https:\\\/\\\/biblioteca.blanes.cat\\\/salajove\\\/#website\"},\"primaryImageOfPage\":{\"@id\":\"https:\\\/\\\/biblioteca.blanes.cat\\\/salajove\\\/2017\\\/08\\\/02\\\/1025\\\/#primaryimage\"},\"image\":{\"@id\":\"https:\\\/\\\/biblioteca.blanes.cat\\\/salajove\\\/2017\\\/08\\\/02\\\/1025\\\/#primaryimage\"},\"thumbnailUrl\":\"https:\\\/\\\/biblioteca.blanes.cat\\\/salajove\\\/wp-content\\\/uploads\\\/sites\\\/3\\\/2017\\\/10\\\/Destacat_rac\u00f3_Paula.png\",\"datePublished\":\"2017-08-02T21:09:19+00:00\",\"dateModified\":\"2018-02-14T14:47:31+00:00\",\"description\":\"Megan Shephered ens explica uns fets passen l\u2019any 1941, els bombardejos alemanys destrueixen les ciutats d\u2019Anglaterra. Els nens els portaven a llocs segurs.\",\"breadcrumb\":{\"@id\":\"https:\\\/\\\/biblioteca.blanes.cat\\\/salajove\\\/2017\\\/08\\\/02\\\/1025\\\/#breadcrumb\"},\"inLanguage\":\"ca\",\"potentialAction\":[{\"@type\":\"ReadAction\",\"target\":[\"https:\\\/\\\/biblioteca.blanes.cat\\\/salajove\\\/2017\\\/08\\\/02\\\/1025\\\/\"]}]},{\"@type\":\"ImageObject\",\"inLanguage\":\"ca\",\"@id\":\"https:\\\/\\\/biblioteca.blanes.cat\\\/salajove\\\/2017\\\/08\\\/02\\\/1025\\\/#primaryimage\",\"url\":\"https:\\\/\\\/biblioteca.blanes.cat\\\/salajove\\\/wp-content\\\/uploads\\\/sites\\\/3\\\/2017\\\/10\\\/Destacat_rac\u00f3_Paula.png\",\"contentUrl\":\"https:\\\/\\\/biblioteca.blanes.cat\\\/salajove\\\/wp-content\\\/uploads\\\/sites\\\/3\\\/2017\\\/10\\\/Destacat_rac\u00f3_Paula.png\",\"width\":3719,\"height\":2265,\"caption\":\"Rac\u00f3 de la Paula\"},{\"@type\":\"BreadcrumbList\",\"@id\":\"https:\\\/\\\/biblioteca.blanes.cat\\\/salajove\\\/2017\\\/08\\\/02\\\/1025\\\/#breadcrumb\",\"itemListElement\":[{\"@type\":\"ListItem\",\"position\":1,\"name\":\"Inici\",\"item\":\"https:\\\/\\\/biblioteca.blanes.cat\\\/salajove\\\/\"},{\"@type\":\"ListItem\",\"position\":2,\"name\":\"EL SECRETO DE EMMALINE de Megan Shephered\"}]},{\"@type\":\"WebSite\",\"@id\":\"https:\\\/\\\/biblioteca.blanes.cat\\\/salajove\\\/#website\",\"url\":\"https:\\\/\\\/biblioteca.blanes.cat\\\/salajove\\\/\",\"name\":\"Sala Jove\",\"description\":\"Biblioteca Comarcal de Blanes\",\"publisher\":{\"@id\":\"https:\\\/\\\/biblioteca.blanes.cat\\\/salajove\\\/#organization\"},\"potentialAction\":[{\"@type\":\"SearchAction\",\"target\":{\"@type\":\"EntryPoint\",\"urlTemplate\":\"https:\\\/\\\/biblioteca.blanes.cat\\\/salajove\\\/?s={search_term_string}\"},\"query-input\":{\"@type\":\"PropertyValueSpecification\",\"valueRequired\":true,\"valueName\":\"search_term_string\"}}],\"inLanguage\":\"ca\"},{\"@type\":\"Organization\",\"@id\":\"https:\\\/\\\/biblioteca.blanes.cat\\\/salajove\\\/#organization\",\"name\":\"Biblioteca Comarcal de Blanes\",\"url\":\"https:\\\/\\\/biblioteca.blanes.cat\\\/salajove\\\/\",\"logo\":{\"@type\":\"ImageObject\",\"inLanguage\":\"ca\",\"@id\":\"https:\\\/\\\/biblioteca.blanes.cat\\\/salajove\\\/#\\\/schema\\\/logo\\\/image\\\/\",\"url\":\"https:\\\/\\\/biblioteca.blanes.cat\\\/salajove\\\/wp-content\\\/uploads\\\/sites\\\/3\\\/2017\\\/09\\\/cropped-Bib-blau-e1518869380535.png\",\"contentUrl\":\"https:\\\/\\\/biblioteca.blanes.cat\\\/salajove\\\/wp-content\\\/uploads\\\/sites\\\/3\\\/2017\\\/09\\\/cropped-Bib-blau-e1518869380535.png\",\"width\":166,\"height\":166,\"caption\":\"Biblioteca Comarcal de Blanes\"},\"image\":{\"@id\":\"https:\\\/\\\/biblioteca.blanes.cat\\\/salajove\\\/#\\\/schema\\\/logo\\\/image\\\/\"},\"sameAs\":[\"https:\\\/\\\/www.facebook.com\\\/BilbiotecaComarcaldeBlanes\\\/\",\"https:\\\/\\\/x.com\\\/BiblioBlanes\",\"https:\\\/\\\/www.instagram.com\\\/biblioblanes\\\/\",\"https:\\\/\\\/www.pinterest.es\\\/bblanes\\\/\",\"https:\\\/\\\/www.youtube.com\\\/c\\\/BibliotecaComarcalBlanes\"]},{\"@type\":\"Person\",\"@id\":\"https:\\\/\\\/biblioteca.blanes.cat\\\/salajove\\\/#\\\/schema\\\/person\\\/8dbc45cdf5d1c7e2d100d147517ba7f3\",\"name\":\"paula\",\"image\":{\"@type\":\"ImageObject\",\"inLanguage\":\"ca\",\"@id\":\"https:\\\/\\\/secure.gravatar.com\\\/avatar\\\/7dc0a9399589f36ddc6864e8335b73854871aa22921ee390cb50776e7ddfc136?s=96&d=mm&r=g\",\"url\":\"https:\\\/\\\/secure.gravatar.com\\\/avatar\\\/7dc0a9399589f36ddc6864e8335b73854871aa22921ee390cb50776e7ddfc136?s=96&d=mm&r=g\",\"contentUrl\":\"https:\\\/\\\/secure.gravatar.com\\\/avatar\\\/7dc0a9399589f36ddc6864e8335b73854871aa22921ee390cb50776e7ddfc136?s=96&d=mm&r=g\",\"caption\":\"paula\"},\"url\":\"https:\\\/\\\/biblioteca.blanes.cat\\\/salajove\\\/author\\\/paula\\\/\"}]}<\/script>\n<!-- \/ Yoast SEO plugin. -->","yoast_head_json":{"title":"EL SECRETO DE EMMALINE de Megan Shephered - Sala Jove","description":"Megan Shephered ens explica uns fets passen l\u2019any 1941, els bombardejos alemanys destrueixen les ciutats d\u2019Anglaterra. Els nens els portaven a llocs segurs.","robots":{"index":"index","follow":"follow","max-snippet":"max-snippet:-1","max-image-preview":"max-image-preview:large","max-video-preview":"max-video-preview:-1"},"canonical":"https:\/\/biblioteca.blanes.cat\/salajove\/2017\/08\/02\/1025\/","og_locale":"ca_ES","og_type":"article","og_title":"EL SECRETO DE EMMALINE de Megan Shephered - Sala Jove","og_description":"Megan Shephered ens explica uns fets passen l\u2019any 1941, els bombardejos alemanys destrueixen les ciutats d\u2019Anglaterra. Els nens els portaven a llocs segurs.","og_url":"https:\/\/biblioteca.blanes.cat\/salajove\/2017\/08\/02\/1025\/","og_site_name":"Sala Jove","article_publisher":"https:\/\/www.facebook.com\/BilbiotecaComarcaldeBlanes\/","article_published_time":"2017-08-02T21:09:19+00:00","article_modified_time":"2018-02-14T14:47:31+00:00","og_image":[{"width":3719,"height":2265,"url":"https:\/\/biblioteca.blanes.cat\/salajove\/wp-content\/uploads\/sites\/3\/2017\/10\/Destacat_rac\u00f3_Paula.png","type":"image\/png"}],"author":"paula","twitter_card":"summary_large_image","twitter_creator":"@BiblioBlanes","twitter_site":"@BiblioBlanes","twitter_misc":{"Escrit per":"paula","Temps estimat de lectura":"4 minuts"},"schema":{"@context":"https:\/\/schema.org","@graph":[{"@type":"Article","@id":"https:\/\/biblioteca.blanes.cat\/salajove\/2017\/08\/02\/1025\/#article","isPartOf":{"@id":"https:\/\/biblioteca.blanes.cat\/salajove\/2017\/08\/02\/1025\/"},"author":{"name":"paula","@id":"https:\/\/biblioteca.blanes.cat\/salajove\/#\/schema\/person\/8dbc45cdf5d1c7e2d100d147517ba7f3"},"headline":"EL SECRETO DE EMMALINE de Megan Shephered","datePublished":"2017-08-02T21:09:19+00:00","dateModified":"2018-02-14T14:47:31+00:00","mainEntityOfPage":{"@id":"https:\/\/biblioteca.blanes.cat\/salajove\/2017\/08\/02\/1025\/"},"wordCount":820,"commentCount":0,"publisher":{"@id":"https:\/\/biblioteca.blanes.cat\/salajove\/#organization"},"image":{"@id":"https:\/\/biblioteca.blanes.cat\/salajove\/2017\/08\/02\/1025\/#primaryimage"},"thumbnailUrl":"https:\/\/biblioteca.blanes.cat\/salajove\/wp-content\/uploads\/sites\/3\/2017\/10\/Destacat_rac\u00f3_Paula.png","keywords":["#Literatura","#Llibres","#Sinopsi"],"articleSection":["Rac\u00f3 de la Paula","RP_Novetat"],"inLanguage":"ca","potentialAction":[{"@type":"CommentAction","name":"Comment","target":["https:\/\/biblioteca.blanes.cat\/salajove\/2017\/08\/02\/1025\/#respond"]}]},{"@type":"WebPage","@id":"https:\/\/biblioteca.blanes.cat\/salajove\/2017\/08\/02\/1025\/","url":"https:\/\/biblioteca.blanes.cat\/salajove\/2017\/08\/02\/1025\/","name":"EL SECRETO DE EMMALINE de Megan Shephered - Sala Jove","isPartOf":{"@id":"https:\/\/biblioteca.blanes.cat\/salajove\/#website"},"primaryImageOfPage":{"@id":"https:\/\/biblioteca.blanes.cat\/salajove\/2017\/08\/02\/1025\/#primaryimage"},"image":{"@id":"https:\/\/biblioteca.blanes.cat\/salajove\/2017\/08\/02\/1025\/#primaryimage"},"thumbnailUrl":"https:\/\/biblioteca.blanes.cat\/salajove\/wp-content\/uploads\/sites\/3\/2017\/10\/Destacat_rac\u00f3_Paula.png","datePublished":"2017-08-02T21:09:19+00:00","dateModified":"2018-02-14T14:47:31+00:00","description":"Megan Shephered ens explica uns fets passen l\u2019any 1941, els bombardejos alemanys destrueixen les ciutats d\u2019Anglaterra. Els nens els portaven a llocs segurs.","breadcrumb":{"@id":"https:\/\/biblioteca.blanes.cat\/salajove\/2017\/08\/02\/1025\/#breadcrumb"},"inLanguage":"ca","potentialAction":[{"@type":"ReadAction","target":["https:\/\/biblioteca.blanes.cat\/salajove\/2017\/08\/02\/1025\/"]}]},{"@type":"ImageObject","inLanguage":"ca","@id":"https:\/\/biblioteca.blanes.cat\/salajove\/2017\/08\/02\/1025\/#primaryimage","url":"https:\/\/biblioteca.blanes.cat\/salajove\/wp-content\/uploads\/sites\/3\/2017\/10\/Destacat_rac\u00f3_Paula.png","contentUrl":"https:\/\/biblioteca.blanes.cat\/salajove\/wp-content\/uploads\/sites\/3\/2017\/10\/Destacat_rac\u00f3_Paula.png","width":3719,"height":2265,"caption":"Rac\u00f3 de la Paula"},{"@type":"BreadcrumbList","@id":"https:\/\/biblioteca.blanes.cat\/salajove\/2017\/08\/02\/1025\/#breadcrumb","itemListElement":[{"@type":"ListItem","position":1,"name":"Inici","item":"https:\/\/biblioteca.blanes.cat\/salajove\/"},{"@type":"ListItem","position":2,"name":"EL SECRETO DE EMMALINE de Megan Shephered"}]},{"@type":"WebSite","@id":"https:\/\/biblioteca.blanes.cat\/salajove\/#website","url":"https:\/\/biblioteca.blanes.cat\/salajove\/","name":"Sala Jove","description":"Biblioteca Comarcal de Blanes","publisher":{"@id":"https:\/\/biblioteca.blanes.cat\/salajove\/#organization"},"potentialAction":[{"@type":"SearchAction","target":{"@type":"EntryPoint","urlTemplate":"https:\/\/biblioteca.blanes.cat\/salajove\/?s={search_term_string}"},"query-input":{"@type":"PropertyValueSpecification","valueRequired":true,"valueName":"search_term_string"}}],"inLanguage":"ca"},{"@type":"Organization","@id":"https:\/\/biblioteca.blanes.cat\/salajove\/#organization","name":"Biblioteca Comarcal de Blanes","url":"https:\/\/biblioteca.blanes.cat\/salajove\/","logo":{"@type":"ImageObject","inLanguage":"ca","@id":"https:\/\/biblioteca.blanes.cat\/salajove\/#\/schema\/logo\/image\/","url":"https:\/\/biblioteca.blanes.cat\/salajove\/wp-content\/uploads\/sites\/3\/2017\/09\/cropped-Bib-blau-e1518869380535.png","contentUrl":"https:\/\/biblioteca.blanes.cat\/salajove\/wp-content\/uploads\/sites\/3\/2017\/09\/cropped-Bib-blau-e1518869380535.png","width":166,"height":166,"caption":"Biblioteca Comarcal de Blanes"},"image":{"@id":"https:\/\/biblioteca.blanes.cat\/salajove\/#\/schema\/logo\/image\/"},"sameAs":["https:\/\/www.facebook.com\/BilbiotecaComarcaldeBlanes\/","https:\/\/x.com\/BiblioBlanes","https:\/\/www.instagram.com\/biblioblanes\/","https:\/\/www.pinterest.es\/bblanes\/","https:\/\/www.youtube.com\/c\/BibliotecaComarcalBlanes"]},{"@type":"Person","@id":"https:\/\/biblioteca.blanes.cat\/salajove\/#\/schema\/person\/8dbc45cdf5d1c7e2d100d147517ba7f3","name":"paula","image":{"@type":"ImageObject","inLanguage":"ca","@id":"https:\/\/secure.gravatar.com\/avatar\/7dc0a9399589f36ddc6864e8335b73854871aa22921ee390cb50776e7ddfc136?s=96&d=mm&r=g","url":"https:\/\/secure.gravatar.com\/avatar\/7dc0a9399589f36ddc6864e8335b73854871aa22921ee390cb50776e7ddfc136?s=96&d=mm&r=g","contentUrl":"https:\/\/secure.gravatar.com\/avatar\/7dc0a9399589f36ddc6864e8335b73854871aa22921ee390cb50776e7ddfc136?s=96&d=mm&r=g","caption":"paula"},"url":"https:\/\/biblioteca.blanes.cat\/salajove\/author\/paula\/"}]}},"_links":{"self":[{"href":"https:\/\/biblioteca.blanes.cat\/salajove\/wp-json\/wp\/v2\/posts\/1025","targetHints":{"allow":["GET"]}}],"collection":[{"href":"https:\/\/biblioteca.blanes.cat\/salajove\/wp-json\/wp\/v2\/posts"}],"about":[{"href":"https:\/\/biblioteca.blanes.cat\/salajove\/wp-json\/wp\/v2\/types\/post"}],"author":[{"embeddable":true,"href":"https:\/\/biblioteca.blanes.cat\/salajove\/wp-json\/wp\/v2\/users\/6"}],"replies":[{"embeddable":true,"href":"https:\/\/biblioteca.blanes.cat\/salajove\/wp-json\/wp\/v2\/comments?post=1025"}],"version-history":[{"count":3,"href":"https:\/\/biblioteca.blanes.cat\/salajove\/wp-json\/wp\/v2\/posts\/1025\/revisions"}],"predecessor-version":[{"id":1028,"href":"https:\/\/biblioteca.blanes.cat\/salajove\/wp-json\/wp\/v2\/posts\/1025\/revisions\/1028"}],"wp:featuredmedia":[{"embeddable":true,"href":"https:\/\/biblioteca.blanes.cat\/salajove\/wp-json\/wp\/v2\/media\/154"}],"wp:attachment":[{"href":"https:\/\/biblioteca.blanes.cat\/salajove\/wp-json\/wp\/v2\/media?parent=1025"}],"wp:term":[{"taxonomy":"category","embeddable":true,"href":"https:\/\/biblioteca.blanes.cat\/salajove\/wp-json\/wp\/v2\/categories?post=1025"},{"taxonomy":"post_tag","embeddable":true,"href":"https:\/\/biblioteca.blanes.cat\/salajove\/wp-json\/wp\/v2\/tags?post=1025"}],"curies":[{"name":"wp","href":"https:\/\/api.w.org\/{rel}","templated":true}]}}