{"id":10236,"date":"2025-12-01T17:27:46","date_gmt":"2025-12-01T16:27:46","guid":{"rendered":"https:\/\/biblioteca.blanes.cat\/salajove\/?p=10236"},"modified":"2025-12-01T17:27:49","modified_gmt":"2025-12-01T16:27:49","slug":"novetats-desembre-2025","status":"publish","type":"post","link":"https:\/\/biblioteca.blanes.cat\/salajove\/2025\/12\/01\/novetats-desembre-2025\/","title":{"rendered":"Novetats: DESEMBRE 2025"},"content":{"rendered":"\n\n\n<h1><strong data-rich-text-format-boundary=\"true\">Biblioteca Jove Blanes \u2013 Novetats desembre<\/strong><\/h1>\n<p>Us presentem les novetats de la Sala Jove del mes de l&#8217;\u00faltim mes de l&#8217;any: novel\u00b7les, c\u00f2mic, un \u00e0lbum i\u00b7lustrat, audiovisuals i mat\u00e8ries.<\/p>\n<h1 style=\"text-align: center;\"><strong>NOVEL\u00b7LA<\/strong><\/h1>\n<div id='gallery-1' class='gallery galleryid-10236 gallery-columns-3 gallery-size-medium'><figure class='gallery-item'>\n\t\t\t<div class='gallery-icon portrait'>\n\t\t\t\t<a href='https:\/\/biblioteca.blanes.cat\/salajove\/2025\/12\/01\/novetats-desembre-2025\/aristotil-i-dante\/'><img fetchpriority=\"high\" decoding=\"async\" width=\"207\" height=\"300\" src=\"https:\/\/biblioteca.blanes.cat\/salajove\/wp-content\/uploads\/sites\/3\/2025\/12\/Aristotil-i-dante-207x300.jpg\" class=\"attachment-medium size-medium\" alt=\"\" srcset=\"https:\/\/biblioteca.blanes.cat\/salajove\/wp-content\/uploads\/sites\/3\/2025\/12\/Aristotil-i-dante-207x300.jpg 207w, https:\/\/biblioteca.blanes.cat\/salajove\/wp-content\/uploads\/sites\/3\/2025\/12\/Aristotil-i-dante.jpg 256w\" sizes=\"(max-width: 207px) 100vw, 207px\" \/><\/a>\n\t\t\t<\/div><\/figure><figure class='gallery-item'>\n\t\t\t<div class='gallery-icon portrait'>\n\t\t\t\t<a href='https:\/\/biblioteca.blanes.cat\/salajove\/2025\/12\/01\/novetats-desembre-2025\/atrapallegendes\/'><img decoding=\"async\" width=\"203\" height=\"300\" src=\"https:\/\/biblioteca.blanes.cat\/salajove\/wp-content\/uploads\/sites\/3\/2025\/12\/Atrapallegendes-203x300.jpg\" class=\"attachment-medium size-medium\" alt=\"\" srcset=\"https:\/\/biblioteca.blanes.cat\/salajove\/wp-content\/uploads\/sites\/3\/2025\/12\/Atrapallegendes-203x300.jpg 203w, https:\/\/biblioteca.blanes.cat\/salajove\/wp-content\/uploads\/sites\/3\/2025\/12\/Atrapallegendes.jpg 229w\" sizes=\"(max-width: 203px) 100vw, 203px\" \/><\/a>\n\t\t\t<\/div><\/figure><figure class='gallery-item'>\n\t\t\t<div class='gallery-icon portrait'>\n\t\t\t\t<a href='https:\/\/biblioteca.blanes.cat\/salajove\/2025\/12\/01\/novetats-desembre-2025\/baby-carrington\/'><img decoding=\"async\" width=\"218\" height=\"300\" src=\"https:\/\/biblioteca.blanes.cat\/salajove\/wp-content\/uploads\/sites\/3\/2025\/12\/Baby-Carrington-218x300.jpg\" class=\"attachment-medium size-medium\" alt=\"\" srcset=\"https:\/\/biblioteca.blanes.cat\/salajove\/wp-content\/uploads\/sites\/3\/2025\/12\/Baby-Carrington-218x300.jpg 218w, https:\/\/biblioteca.blanes.cat\/salajove\/wp-content\/uploads\/sites\/3\/2025\/12\/Baby-Carrington.jpg 229w\" sizes=\"(max-width: 218px) 100vw, 218px\" \/><\/a>\n\t\t\t<\/div><\/figure><figure class='gallery-item'>\n\t\t\t<div class='gallery-icon portrait'>\n\t\t\t\t<a href='https:\/\/biblioteca.blanes.cat\/salajove\/2025\/12\/01\/novetats-desembre-2025\/claudia-pi\/'><img loading=\"lazy\" decoding=\"async\" width=\"182\" height=\"277\" src=\"https:\/\/biblioteca.blanes.cat\/salajove\/wp-content\/uploads\/sites\/3\/2025\/12\/Claudia-pi.jpg\" class=\"attachment-medium size-medium\" alt=\"\" \/><\/a>\n\t\t\t<\/div><\/figure><figure class='gallery-item'>\n\t\t\t<div class='gallery-icon portrait'>\n\t\t\t\t<a href='https:\/\/biblioteca.blanes.cat\/salajove\/2025\/12\/01\/novetats-desembre-2025\/dos-per-un\/'><img loading=\"lazy\" decoding=\"async\" width=\"197\" height=\"300\" src=\"https:\/\/biblioteca.blanes.cat\/salajove\/wp-content\/uploads\/sites\/3\/2025\/12\/Dos-per-un-197x300.jpg\" class=\"attachment-medium size-medium\" alt=\"\" srcset=\"https:\/\/biblioteca.blanes.cat\/salajove\/wp-content\/uploads\/sites\/3\/2025\/12\/Dos-per-un-197x300.jpg 197w, https:\/\/biblioteca.blanes.cat\/salajove\/wp-content\/uploads\/sites\/3\/2025\/12\/Dos-per-un.jpg 229w\" sizes=\"(max-width: 197px) 100vw, 197px\" \/><\/a>\n\t\t\t<\/div><\/figure><figure class='gallery-item'>\n\t\t\t<div class='gallery-icon landscape'>\n\t\t\t\t<a href='https:\/\/biblioteca.blanes.cat\/salajove\/2025\/12\/01\/novetats-desembre-2025\/el-cor-del-bosc\/'><img loading=\"lazy\" decoding=\"async\" width=\"300\" height=\"300\" src=\"https:\/\/biblioteca.blanes.cat\/salajove\/wp-content\/uploads\/sites\/3\/2025\/12\/El-cor-del-bosc-300x300.png\" class=\"attachment-medium size-medium\" alt=\"\" srcset=\"https:\/\/biblioteca.blanes.cat\/salajove\/wp-content\/uploads\/sites\/3\/2025\/12\/El-cor-del-bosc-300x300.png 300w, https:\/\/biblioteca.blanes.cat\/salajove\/wp-content\/uploads\/sites\/3\/2025\/12\/El-cor-del-bosc-150x150.png 150w, https:\/\/biblioteca.blanes.cat\/salajove\/wp-content\/uploads\/sites\/3\/2025\/12\/El-cor-del-bosc-270x270.png 270w, https:\/\/biblioteca.blanes.cat\/salajove\/wp-content\/uploads\/sites\/3\/2025\/12\/El-cor-del-bosc-230x230.png 230w, https:\/\/biblioteca.blanes.cat\/salajove\/wp-content\/uploads\/sites\/3\/2025\/12\/El-cor-del-bosc.png 458w\" sizes=\"(max-width: 300px) 100vw, 300px\" \/><\/a>\n\t\t\t<\/div><\/figure><figure class='gallery-item'>\n\t\t\t<div class='gallery-icon portrait'>\n\t\t\t\t<a href='https:\/\/biblioteca.blanes.cat\/salajove\/2025\/12\/01\/novetats-desembre-2025\/el-nou-viatge\/'><img loading=\"lazy\" decoding=\"async\" width=\"195\" height=\"300\" src=\"https:\/\/biblioteca.blanes.cat\/salajove\/wp-content\/uploads\/sites\/3\/2025\/12\/El-nou-viatge-195x300.jpg\" class=\"attachment-medium size-medium\" alt=\"\" srcset=\"https:\/\/biblioteca.blanes.cat\/salajove\/wp-content\/uploads\/sites\/3\/2025\/12\/El-nou-viatge-195x300.jpg 195w, https:\/\/biblioteca.blanes.cat\/salajove\/wp-content\/uploads\/sites\/3\/2025\/12\/El-nou-viatge.jpg 604w\" sizes=\"(max-width: 195px) 100vw, 195px\" \/><\/a>\n\t\t\t<\/div><\/figure><figure class='gallery-item'>\n\t\t\t<div class='gallery-icon portrait'>\n\t\t\t\t<a href='https:\/\/biblioteca.blanes.cat\/salajove\/2025\/12\/01\/novetats-desembre-2025\/el-torneig\/'><img loading=\"lazy\" decoding=\"async\" width=\"196\" height=\"300\" src=\"https:\/\/biblioteca.blanes.cat\/salajove\/wp-content\/uploads\/sites\/3\/2025\/12\/El-torneig-196x300.jpg\" class=\"attachment-medium size-medium\" alt=\"\" srcset=\"https:\/\/biblioteca.blanes.cat\/salajove\/wp-content\/uploads\/sites\/3\/2025\/12\/El-torneig-196x300.jpg 196w, https:\/\/biblioteca.blanes.cat\/salajove\/wp-content\/uploads\/sites\/3\/2025\/12\/El-torneig.jpg 229w\" sizes=\"(max-width: 196px) 100vw, 196px\" \/><\/a>\n\t\t\t<\/div><\/figure><figure class='gallery-item'>\n\t\t\t<div class='gallery-icon portrait'>\n\t\t\t\t<a href='https:\/\/biblioteca.blanes.cat\/salajove\/2025\/12\/01\/novetats-desembre-2025\/koko\/'><img loading=\"lazy\" decoding=\"async\" width=\"191\" height=\"300\" src=\"https:\/\/biblioteca.blanes.cat\/salajove\/wp-content\/uploads\/sites\/3\/2025\/12\/Koko-191x300.jpg\" class=\"attachment-medium size-medium\" alt=\"\" srcset=\"https:\/\/biblioteca.blanes.cat\/salajove\/wp-content\/uploads\/sites\/3\/2025\/12\/Koko-191x300.jpg 191w, https:\/\/biblioteca.blanes.cat\/salajove\/wp-content\/uploads\/sites\/3\/2025\/12\/Koko.jpg 229w\" sizes=\"(max-width: 191px) 100vw, 191px\" \/><\/a>\n\t\t\t<\/div><\/figure><figure class='gallery-item'>\n\t\t\t<div class='gallery-icon portrait'>\n\t\t\t\t<a href='https:\/\/biblioteca.blanes.cat\/salajove\/2025\/12\/01\/novetats-desembre-2025\/la-llibreta\/'><img loading=\"lazy\" decoding=\"async\" width=\"198\" height=\"300\" src=\"https:\/\/biblioteca.blanes.cat\/salajove\/wp-content\/uploads\/sites\/3\/2025\/12\/La-llibreta-198x300.jpg\" class=\"attachment-medium size-medium\" alt=\"\" srcset=\"https:\/\/biblioteca.blanes.cat\/salajove\/wp-content\/uploads\/sites\/3\/2025\/12\/La-llibreta-198x300.jpg 198w, https:\/\/biblioteca.blanes.cat\/salajove\/wp-content\/uploads\/sites\/3\/2025\/12\/La-llibreta-677x1024.jpg 677w, https:\/\/biblioteca.blanes.cat\/salajove\/wp-content\/uploads\/sites\/3\/2025\/12\/La-llibreta-768x1161.jpg 768w, https:\/\/biblioteca.blanes.cat\/salajove\/wp-content\/uploads\/sites\/3\/2025\/12\/La-llibreta.jpg 898w\" sizes=\"(max-width: 198px) 100vw, 198px\" \/><\/a>\n\t\t\t<\/div><\/figure><figure class='gallery-item'>\n\t\t\t<div class='gallery-icon portrait'>\n\t\t\t\t<a href='https:\/\/biblioteca.blanes.cat\/salajove\/2025\/12\/01\/novetats-desembre-2025\/navidades\/'><img loading=\"lazy\" decoding=\"async\" width=\"180\" height=\"280\" src=\"https:\/\/biblioteca.blanes.cat\/salajove\/wp-content\/uploads\/sites\/3\/2025\/12\/Navidades.jpg\" class=\"attachment-medium size-medium\" alt=\"\" \/><\/a>\n\t\t\t<\/div><\/figure><figure class='gallery-item'>\n\t\t\t<div class='gallery-icon portrait'>\n\t\t\t\t<a href='https:\/\/biblioteca.blanes.cat\/salajove\/2025\/12\/01\/novetats-desembre-2025\/on-es-la-julia\/'><img loading=\"lazy\" decoding=\"async\" width=\"197\" height=\"300\" src=\"https:\/\/biblioteca.blanes.cat\/salajove\/wp-content\/uploads\/sites\/3\/2025\/12\/On-es-la-julia-197x300.jpg\" class=\"attachment-medium size-medium\" alt=\"\" srcset=\"https:\/\/biblioteca.blanes.cat\/salajove\/wp-content\/uploads\/sites\/3\/2025\/12\/On-es-la-julia-197x300.jpg 197w, https:\/\/biblioteca.blanes.cat\/salajove\/wp-content\/uploads\/sites\/3\/2025\/12\/On-es-la-julia.jpg 229w\" sizes=\"(max-width: 197px) 100vw, 197px\" \/><\/a>\n\t\t\t<\/div><\/figure><figure class='gallery-item'>\n\t\t\t<div class='gallery-icon portrait'>\n\t\t\t\t<a href='https:\/\/biblioteca.blanes.cat\/salajove\/2025\/12\/01\/novetats-desembre-2025\/otra-vuelta\/'><img loading=\"lazy\" decoding=\"async\" width=\"210\" height=\"300\" src=\"https:\/\/biblioteca.blanes.cat\/salajove\/wp-content\/uploads\/sites\/3\/2025\/12\/Otra-vuelta-210x300.jpg\" class=\"attachment-medium size-medium\" alt=\"\" srcset=\"https:\/\/biblioteca.blanes.cat\/salajove\/wp-content\/uploads\/sites\/3\/2025\/12\/Otra-vuelta-210x300.jpg 210w, https:\/\/biblioteca.blanes.cat\/salajove\/wp-content\/uploads\/sites\/3\/2025\/12\/Otra-vuelta.jpg 229w\" sizes=\"(max-width: 210px) 100vw, 210px\" \/><\/a>\n\t\t\t<\/div><\/figure><figure class='gallery-item'>\n\t\t\t<div class='gallery-icon portrait'>\n\t\t\t\t<a href='https:\/\/biblioteca.blanes.cat\/salajove\/2025\/12\/01\/novetats-desembre-2025\/quatre-llunes\/'><img loading=\"lazy\" decoding=\"async\" width=\"199\" height=\"300\" src=\"https:\/\/biblioteca.blanes.cat\/salajove\/wp-content\/uploads\/sites\/3\/2025\/12\/Quatre-llunes-199x300.jpg\" class=\"attachment-medium size-medium\" alt=\"\" srcset=\"https:\/\/biblioteca.blanes.cat\/salajove\/wp-content\/uploads\/sites\/3\/2025\/12\/Quatre-llunes-199x300.jpg 199w, https:\/\/biblioteca.blanes.cat\/salajove\/wp-content\/uploads\/sites\/3\/2025\/12\/Quatre-llunes.jpg 229w\" sizes=\"(max-width: 199px) 100vw, 199px\" \/><\/a>\n\t\t\t<\/div><\/figure><figure class='gallery-item'>\n\t\t\t<div class='gallery-icon portrait'>\n\t\t\t\t<a href='https:\/\/biblioteca.blanes.cat\/salajove\/2025\/12\/01\/novetats-desembre-2025\/un-monstre\/'><img loading=\"lazy\" decoding=\"async\" width=\"196\" height=\"300\" src=\"https:\/\/biblioteca.blanes.cat\/salajove\/wp-content\/uploads\/sites\/3\/2025\/12\/Un-monstre-196x300.jpg\" class=\"attachment-medium size-medium\" alt=\"\" srcset=\"https:\/\/biblioteca.blanes.cat\/salajove\/wp-content\/uploads\/sites\/3\/2025\/12\/Un-monstre-196x300.jpg 196w, https:\/\/biblioteca.blanes.cat\/salajove\/wp-content\/uploads\/sites\/3\/2025\/12\/Un-monstre.jpg 229w\" sizes=\"(max-width: 196px) 100vw, 196px\" \/><\/a>\n\t\t\t<\/div><\/figure><figure class='gallery-item'>\n\t\t\t<div class='gallery-icon portrait'>\n\t\t\t\t<a href='https:\/\/biblioteca.blanes.cat\/salajove\/2025\/12\/01\/novetats-desembre-2025\/welcome-goa\/'><img loading=\"lazy\" decoding=\"async\" width=\"212\" height=\"300\" src=\"https:\/\/biblioteca.blanes.cat\/salajove\/wp-content\/uploads\/sites\/3\/2025\/12\/Welcome-Goa-212x300.jpg\" class=\"attachment-medium size-medium\" alt=\"\" srcset=\"https:\/\/biblioteca.blanes.cat\/salajove\/wp-content\/uploads\/sites\/3\/2025\/12\/Welcome-Goa-212x300.jpg 212w, https:\/\/biblioteca.blanes.cat\/salajove\/wp-content\/uploads\/sites\/3\/2025\/12\/Welcome-Goa.jpg 552w\" sizes=\"(max-width: 212px) 100vw, 212px\" \/><\/a>\n\t\t\t<\/div><\/figure>\n\t\t<\/div>\n\n<h1 style=\"text-align: center;\"><strong>C\u00d2MIC<\/strong><\/h1>\n<div id='gallery-2' class='gallery galleryid-10236 gallery-columns-3 gallery-size-medium'><figure class='gallery-item'>\n\t\t\t<div class='gallery-icon portrait'>\n\t\t\t\t<a href='https:\/\/biblioteca.blanes.cat\/salajove\/2025\/12\/01\/novetats-desembre-2025\/dragon-1\/'><img loading=\"lazy\" decoding=\"async\" width=\"193\" height=\"300\" src=\"https:\/\/biblioteca.blanes.cat\/salajove\/wp-content\/uploads\/sites\/3\/2025\/12\/Dragon-1-193x300.jpg\" class=\"attachment-medium size-medium\" alt=\"\" srcset=\"https:\/\/biblioteca.blanes.cat\/salajove\/wp-content\/uploads\/sites\/3\/2025\/12\/Dragon-1-193x300.jpg 193w, https:\/\/biblioteca.blanes.cat\/salajove\/wp-content\/uploads\/sites\/3\/2025\/12\/Dragon-1.jpg 229w\" sizes=\"(max-width: 193px) 100vw, 193px\" \/><\/a>\n\t\t\t<\/div><\/figure><figure class='gallery-item'>\n\t\t\t<div class='gallery-icon portrait'>\n\t\t\t\t<a href='https:\/\/biblioteca.blanes.cat\/salajove\/2025\/12\/01\/novetats-desembre-2025\/dragon-2\/'><img loading=\"lazy\" decoding=\"async\" width=\"187\" height=\"300\" src=\"https:\/\/biblioteca.blanes.cat\/salajove\/wp-content\/uploads\/sites\/3\/2025\/12\/Dragon-2-187x300.jpg\" class=\"attachment-medium size-medium\" alt=\"\" srcset=\"https:\/\/biblioteca.blanes.cat\/salajove\/wp-content\/uploads\/sites\/3\/2025\/12\/Dragon-2-187x300.jpg 187w, https:\/\/biblioteca.blanes.cat\/salajove\/wp-content\/uploads\/sites\/3\/2025\/12\/Dragon-2.jpg 229w\" sizes=\"(max-width: 187px) 100vw, 187px\" \/><\/a>\n\t\t\t<\/div><\/figure><figure class='gallery-item'>\n\t\t\t<div class='gallery-icon portrait'>\n\t\t\t\t<a href='https:\/\/biblioteca.blanes.cat\/salajove\/2025\/12\/01\/novetats-desembre-2025\/guardians-21c\/'><img loading=\"lazy\" decoding=\"async\" width=\"195\" height=\"300\" src=\"https:\/\/biblioteca.blanes.cat\/salajove\/wp-content\/uploads\/sites\/3\/2025\/12\/Guardians-21c-195x300.jpg\" class=\"attachment-medium size-medium\" alt=\"\" srcset=\"https:\/\/biblioteca.blanes.cat\/salajove\/wp-content\/uploads\/sites\/3\/2025\/12\/Guardians-21c-195x300.jpg 195w, https:\/\/biblioteca.blanes.cat\/salajove\/wp-content\/uploads\/sites\/3\/2025\/12\/Guardians-21c.jpg 406w\" sizes=\"(max-width: 195px) 100vw, 195px\" \/><\/a>\n\t\t\t<\/div><\/figure><figure class='gallery-item'>\n\t\t\t<div class='gallery-icon portrait'>\n\t\t\t\t<a href='https:\/\/biblioteca.blanes.cat\/salajove\/2025\/12\/01\/novetats-desembre-2025\/guardians-22\/'><img loading=\"lazy\" decoding=\"async\" width=\"197\" height=\"300\" src=\"https:\/\/biblioteca.blanes.cat\/salajove\/wp-content\/uploads\/sites\/3\/2025\/12\/Guardians-22-197x300.jpg\" class=\"attachment-medium size-medium\" alt=\"\" srcset=\"https:\/\/biblioteca.blanes.cat\/salajove\/wp-content\/uploads\/sites\/3\/2025\/12\/Guardians-22-197x300.jpg 197w, https:\/\/biblioteca.blanes.cat\/salajove\/wp-content\/uploads\/sites\/3\/2025\/12\/Guardians-22.jpg 418w\" sizes=\"(max-width: 197px) 100vw, 197px\" \/><\/a>\n\t\t\t<\/div><\/figure><figure class='gallery-item'>\n\t\t\t<div class='gallery-icon portrait'>\n\t\t\t\t<a href='https:\/\/biblioteca.blanes.cat\/salajove\/2025\/12\/01\/novetats-desembre-2025\/hechiceros-21\/'><img loading=\"lazy\" decoding=\"async\" width=\"197\" height=\"300\" src=\"https:\/\/biblioteca.blanes.cat\/salajove\/wp-content\/uploads\/sites\/3\/2025\/12\/Hechiceros-21-197x300.jpg\" class=\"attachment-medium size-medium\" alt=\"\" srcset=\"https:\/\/biblioteca.blanes.cat\/salajove\/wp-content\/uploads\/sites\/3\/2025\/12\/Hechiceros-21-197x300.jpg 197w, https:\/\/biblioteca.blanes.cat\/salajove\/wp-content\/uploads\/sites\/3\/2025\/12\/Hechiceros-21.jpg 465w\" sizes=\"(max-width: 197px) 100vw, 197px\" \/><\/a>\n\t\t\t<\/div><\/figure><figure class='gallery-item'>\n\t\t\t<div class='gallery-icon portrait'>\n\t\t\t\t<a href='https:\/\/biblioteca.blanes.cat\/salajove\/2025\/12\/01\/novetats-desembre-2025\/hechiceros-22\/'><img loading=\"lazy\" decoding=\"async\" width=\"197\" height=\"300\" src=\"https:\/\/biblioteca.blanes.cat\/salajove\/wp-content\/uploads\/sites\/3\/2025\/12\/Hechiceros-22-197x300.jpg\" class=\"attachment-medium size-medium\" alt=\"\" srcset=\"https:\/\/biblioteca.blanes.cat\/salajove\/wp-content\/uploads\/sites\/3\/2025\/12\/Hechiceros-22-197x300.jpg 197w, https:\/\/biblioteca.blanes.cat\/salajove\/wp-content\/uploads\/sites\/3\/2025\/12\/Hechiceros-22.jpg 229w\" sizes=\"(max-width: 197px) 100vw, 197px\" \/><\/a>\n\t\t\t<\/div><\/figure><figure class='gallery-item'>\n\t\t\t<div class='gallery-icon portrait'>\n\t\t\t\t<a href='https:\/\/biblioteca.blanes.cat\/salajove\/2025\/12\/01\/novetats-desembre-2025\/naruto-1\/'><img loading=\"lazy\" decoding=\"async\" width=\"213\" height=\"300\" src=\"https:\/\/biblioteca.blanes.cat\/salajove\/wp-content\/uploads\/sites\/3\/2025\/12\/Naruto-1-213x300.jpg\" class=\"attachment-medium size-medium\" alt=\"\" srcset=\"https:\/\/biblioteca.blanes.cat\/salajove\/wp-content\/uploads\/sites\/3\/2025\/12\/Naruto-1-213x300.jpg 213w, https:\/\/biblioteca.blanes.cat\/salajove\/wp-content\/uploads\/sites\/3\/2025\/12\/Naruto-1.jpg 229w\" sizes=\"(max-width: 213px) 100vw, 213px\" \/><\/a>\n\t\t\t<\/div><\/figure><figure class='gallery-item'>\n\t\t\t<div class='gallery-icon portrait'>\n\t\t\t\t<a href='https:\/\/biblioteca.blanes.cat\/salajove\/2025\/12\/01\/novetats-desembre-2025\/naruto-2-2\/'><img loading=\"lazy\" decoding=\"async\" width=\"211\" height=\"300\" src=\"https:\/\/biblioteca.blanes.cat\/salajove\/wp-content\/uploads\/sites\/3\/2025\/12\/Naruto-2-211x300.jpg\" class=\"attachment-medium size-medium\" alt=\"\" srcset=\"https:\/\/biblioteca.blanes.cat\/salajove\/wp-content\/uploads\/sites\/3\/2025\/12\/Naruto-2-211x300.jpg 211w, https:\/\/biblioteca.blanes.cat\/salajove\/wp-content\/uploads\/sites\/3\/2025\/12\/Naruto-2.jpg 229w\" sizes=\"(max-width: 211px) 100vw, 211px\" \/><\/a>\n\t\t\t<\/div><\/figure>\n\t\t<\/div>\n\n<h1 style=\"text-align: center;\"><strong>MAT\u00c8RIES<\/strong><\/h1>\n<div id='gallery-3' class='gallery galleryid-10236 gallery-columns-3 gallery-size-medium'><figure class='gallery-item'>\n\t\t\t<div class='gallery-icon portrait'>\n\t\t\t\t<a href='https:\/\/biblioteca.blanes.cat\/salajove\/2025\/12\/01\/novetats-desembre-2025\/animales-divinos\/'><img loading=\"lazy\" decoding=\"async\" width=\"199\" height=\"300\" src=\"https:\/\/biblioteca.blanes.cat\/salajove\/wp-content\/uploads\/sites\/3\/2025\/12\/Animales-divinos-199x300.jpg\" class=\"attachment-medium size-medium\" alt=\"\" srcset=\"https:\/\/biblioteca.blanes.cat\/salajove\/wp-content\/uploads\/sites\/3\/2025\/12\/Animales-divinos-199x300.jpg 199w, https:\/\/biblioteca.blanes.cat\/salajove\/wp-content\/uploads\/sites\/3\/2025\/12\/Animales-divinos.jpg 229w\" sizes=\"(max-width: 199px) 100vw, 199px\" \/><\/a>\n\t\t\t<\/div><\/figure><figure class='gallery-item'>\n\t\t\t<div class='gallery-icon portrait'>\n\t\t\t\t<a href='https:\/\/biblioteca.blanes.cat\/salajove\/2025\/12\/01\/novetats-desembre-2025\/herbologia\/'><img loading=\"lazy\" decoding=\"async\" width=\"229\" height=\"284\" src=\"https:\/\/biblioteca.blanes.cat\/salajove\/wp-content\/uploads\/sites\/3\/2025\/12\/Herbologia.jpg\" class=\"attachment-medium size-medium\" alt=\"\" \/><\/a>\n\t\t\t<\/div><\/figure><figure class='gallery-item'>\n\t\t\t<div class='gallery-icon portrait'>\n\t\t\t\t<a href='https:\/\/biblioteca.blanes.cat\/salajove\/2025\/12\/01\/novetats-desembre-2025\/tu-eres-cherlock\/'><img loading=\"lazy\" decoding=\"async\" width=\"212\" height=\"300\" src=\"https:\/\/biblioteca.blanes.cat\/salajove\/wp-content\/uploads\/sites\/3\/2025\/12\/tu-eres-Cherlock-212x300.jpg\" class=\"attachment-medium size-medium\" alt=\"\" srcset=\"https:\/\/biblioteca.blanes.cat\/salajove\/wp-content\/uploads\/sites\/3\/2025\/12\/tu-eres-Cherlock-212x300.jpg 212w, https:\/\/biblioteca.blanes.cat\/salajove\/wp-content\/uploads\/sites\/3\/2025\/12\/tu-eres-Cherlock.jpg 229w\" sizes=\"(max-width: 212px) 100vw, 212px\" \/><\/a>\n\t\t\t<\/div><\/figure>\n\t\t<\/div>\n\n<h1 style=\"text-align: center;\"><strong>AUDIOVISUALS<\/strong><\/h1>\n<div id='gallery-4' class='gallery galleryid-10236 gallery-columns-3 gallery-size-medium'><figure class='gallery-item'>\n\t\t\t<div class='gallery-icon portrait'>\n\t\t\t\t<a href='https:\/\/biblioteca.blanes.cat\/salajove\/2025\/12\/01\/novetats-desembre-2025\/harry-potter-4\/'><img loading=\"lazy\" decoding=\"async\" width=\"201\" height=\"300\" src=\"https:\/\/biblioteca.blanes.cat\/salajove\/wp-content\/uploads\/sites\/3\/2025\/12\/Harry-Potter-201x300.jpg\" class=\"attachment-medium size-medium\" alt=\"\" srcset=\"https:\/\/biblioteca.blanes.cat\/salajove\/wp-content\/uploads\/sites\/3\/2025\/12\/Harry-Potter-201x300.jpg 201w, https:\/\/biblioteca.blanes.cat\/salajove\/wp-content\/uploads\/sites\/3\/2025\/12\/Harry-Potter.jpg 670w\" sizes=\"(max-width: 201px) 100vw, 201px\" \/><\/a>\n\t\t\t<\/div><\/figure><figure class='gallery-item'>\n\t\t\t<div class='gallery-icon portrait'>\n\t\t\t\t<a href='https:\/\/biblioteca.blanes.cat\/salajove\/2025\/12\/01\/novetats-desembre-2025\/thor\/'><img loading=\"lazy\" decoding=\"async\" width=\"184\" height=\"273\" src=\"https:\/\/biblioteca.blanes.cat\/salajove\/wp-content\/uploads\/sites\/3\/2025\/12\/thor.jpg\" class=\"attachment-medium size-medium\" alt=\"\" \/><\/a>\n\t\t\t<\/div><\/figure>\n\t\t<\/div>\n\n\n\n\n<h1 style=\"text-align: center;\"><strong>CENTRES D&#8217;INTER\u00c8S<\/strong><\/h1>\n<div id='gallery-5' class='gallery galleryid-10236 gallery-columns-3 gallery-size-medium'><figure class='gallery-item'>\n\t\t\t<div class='gallery-icon portrait'>\n\t\t\t\t<a href='https:\/\/biblioteca.blanes.cat\/salajove\/2025\/12\/01\/novetats-desembre-2025\/el-mar-dins-meu\/'><img loading=\"lazy\" decoding=\"async\" width=\"212\" height=\"300\" src=\"https:\/\/biblioteca.blanes.cat\/salajove\/wp-content\/uploads\/sites\/3\/2025\/12\/El-mar-dins-meu-212x300.jpg\" class=\"attachment-medium size-medium\" alt=\"\" srcset=\"https:\/\/biblioteca.blanes.cat\/salajove\/wp-content\/uploads\/sites\/3\/2025\/12\/El-mar-dins-meu-212x300.jpg 212w, https:\/\/biblioteca.blanes.cat\/salajove\/wp-content\/uploads\/sites\/3\/2025\/12\/El-mar-dins-meu.jpg 229w\" sizes=\"(max-width: 212px) 100vw, 212px\" \/><\/a>\n\t\t\t<\/div><\/figure>\n\t\t<\/div>\n\n\n\n","protected":false},"excerpt":{"rendered":"<p>Biblioteca Jove Blanes \u2013 Novetats desembre Us presentem les novetats de la Sala Jove del mes de l&#8217;\u00faltim mes de l&#8217;any: novel\u00b7les, c\u00f2mic, un \u00e0lbum i\u00b7lustrat, audiovisuals i mat\u00e8ries. NOVEL\u00b7LA C\u00d2MIC MAT\u00c8RIES AUDIOVISUALS CENTRES D&#8217;INTER\u00c8S<\/p>\n","protected":false},"author":4,"featured_media":9147,"comment_status":"open","ping_status":"open","sticky":false,"template":"","format":"standard","meta":{"sfsi_plus_gutenberg_text_before_share":"","sfsi_plus_gutenberg_show_text_before_share":"","sfsi_plus_gutenberg_icon_type":"","sfsi_plus_gutenberg_icon_alignemt":"","sfsi_plus_gutenburg_max_per_row":"","footnotes":""},"categories":[1],"tags":[52,26,21],"class_list":["post-10236","post","type-post","status-publish","format-standard","has-post-thumbnail","hentry","category-general","tag-joves","tag-lectura","tag-llibres"],"yoast_head":"<!-- This site is optimized with the Yoast SEO plugin v27.5 - https:\/\/yoast.com\/product\/yoast-seo-wordpress\/ -->\n<title>Novetats: DESEMBRE 2025 - Sala Jove<\/title>\n<meta name=\"robots\" content=\"index, follow, max-snippet:-1, max-image-preview:large, max-video-preview:-1\" \/>\n<link rel=\"canonical\" href=\"https:\/\/biblioteca.blanes.cat\/salajove\/2025\/12\/01\/novetats-desembre-2025\/\" \/>\n<meta property=\"og:locale\" content=\"ca_ES\" \/>\n<meta property=\"og:type\" content=\"article\" \/>\n<meta property=\"og:title\" content=\"Novetats: DESEMBRE 2025 - Sala Jove\" \/>\n<meta property=\"og:description\" content=\"Biblioteca Jove Blanes \u2013 Novetats desembre Us presentem les novetats de la Sala Jove del mes de l&#8217;\u00faltim mes de l&#8217;any: novel\u00b7les, c\u00f2mic, un \u00e0lbum i\u00b7lustrat, audiovisuals i mat\u00e8ries. NOVEL\u00b7LA C\u00d2MIC MAT\u00c8RIES AUDIOVISUALS CENTRES D&#8217;INTER\u00c8S\" \/>\n<meta property=\"og:url\" content=\"https:\/\/biblioteca.blanes.cat\/salajove\/2025\/12\/01\/novetats-desembre-2025\/\" \/>\n<meta property=\"og:site_name\" content=\"Sala Jove\" \/>\n<meta property=\"article:publisher\" content=\"https:\/\/www.facebook.com\/BilbiotecaComarcaldeBlanes\/\" \/>\n<meta property=\"article:published_time\" content=\"2025-12-01T16:27:46+00:00\" \/>\n<meta property=\"article:modified_time\" content=\"2025-12-01T16:27:49+00:00\" \/>\n<meta property=\"og:image\" content=\"https:\/\/biblioteca.blanes.cat\/salajove\/wp-content\/uploads\/sites\/3\/2024\/12\/novetats-tardor-1.jpg\" \/>\n\t<meta property=\"og:image:width\" content=\"1748\" \/>\n\t<meta property=\"og:image:height\" content=\"1240\" \/>\n\t<meta property=\"og:image:type\" content=\"image\/jpeg\" \/>\n<meta name=\"author\" content=\"biblioblanes\" \/>\n<meta name=\"twitter:card\" content=\"summary_large_image\" \/>\n<meta name=\"twitter:creator\" content=\"@biblioblanes\" \/>\n<meta name=\"twitter:site\" content=\"@BiblioBlanes\" \/>\n<meta name=\"twitter:label1\" content=\"Escrit per\" \/>\n\t<meta name=\"twitter:data1\" content=\"biblioblanes\" \/>\n\t<meta name=\"twitter:label2\" content=\"Temps estimat de lectura\" \/>\n\t<meta name=\"twitter:data2\" content=\"1 minut\" \/>\n<script type=\"application\/ld+json\" class=\"yoast-schema-graph\">{\"@context\":\"https:\\\/\\\/schema.org\",\"@graph\":[{\"@type\":\"Article\",\"@id\":\"https:\\\/\\\/biblioteca.blanes.cat\\\/salajove\\\/2025\\\/12\\\/01\\\/novetats-desembre-2025\\\/#article\",\"isPartOf\":{\"@id\":\"https:\\\/\\\/biblioteca.blanes.cat\\\/salajove\\\/2025\\\/12\\\/01\\\/novetats-desembre-2025\\\/\"},\"author\":{\"name\":\"biblioblanes\",\"@id\":\"https:\\\/\\\/biblioteca.blanes.cat\\\/salajove\\\/#\\\/schema\\\/person\\\/5a7b46760d9dd611d098bbf571a341dc\"},\"headline\":\"Novetats: DESEMBRE 2025\",\"datePublished\":\"2025-12-01T16:27:46+00:00\",\"dateModified\":\"2025-12-01T16:27:49+00:00\",\"mainEntityOfPage\":{\"@id\":\"https:\\\/\\\/biblioteca.blanes.cat\\\/salajove\\\/2025\\\/12\\\/01\\\/novetats-desembre-2025\\\/\"},\"wordCount\":57,\"commentCount\":0,\"publisher\":{\"@id\":\"https:\\\/\\\/biblioteca.blanes.cat\\\/salajove\\\/#organization\"},\"image\":{\"@id\":\"https:\\\/\\\/biblioteca.blanes.cat\\\/salajove\\\/2025\\\/12\\\/01\\\/novetats-desembre-2025\\\/#primaryimage\"},\"thumbnailUrl\":\"https:\\\/\\\/biblioteca.blanes.cat\\\/salajove\\\/wp-content\\\/uploads\\\/sites\\\/3\\\/2024\\\/12\\\/novetats-tardor-1.jpg\",\"keywords\":[\"#Joves\",\"#Lectura\",\"#Llibres\"],\"articleSection\":[\"Not\u00edcies\"],\"inLanguage\":\"ca\",\"potentialAction\":[{\"@type\":\"CommentAction\",\"name\":\"Comment\",\"target\":[\"https:\\\/\\\/biblioteca.blanes.cat\\\/salajove\\\/2025\\\/12\\\/01\\\/novetats-desembre-2025\\\/#respond\"]}]},{\"@type\":\"WebPage\",\"@id\":\"https:\\\/\\\/biblioteca.blanes.cat\\\/salajove\\\/2025\\\/12\\\/01\\\/novetats-desembre-2025\\\/\",\"url\":\"https:\\\/\\\/biblioteca.blanes.cat\\\/salajove\\\/2025\\\/12\\\/01\\\/novetats-desembre-2025\\\/\",\"name\":\"Novetats: DESEMBRE 2025 - Sala Jove\",\"isPartOf\":{\"@id\":\"https:\\\/\\\/biblioteca.blanes.cat\\\/salajove\\\/#website\"},\"primaryImageOfPage\":{\"@id\":\"https:\\\/\\\/biblioteca.blanes.cat\\\/salajove\\\/2025\\\/12\\\/01\\\/novetats-desembre-2025\\\/#primaryimage\"},\"image\":{\"@id\":\"https:\\\/\\\/biblioteca.blanes.cat\\\/salajove\\\/2025\\\/12\\\/01\\\/novetats-desembre-2025\\\/#primaryimage\"},\"thumbnailUrl\":\"https:\\\/\\\/biblioteca.blanes.cat\\\/salajove\\\/wp-content\\\/uploads\\\/sites\\\/3\\\/2024\\\/12\\\/novetats-tardor-1.jpg\",\"datePublished\":\"2025-12-01T16:27:46+00:00\",\"dateModified\":\"2025-12-01T16:27:49+00:00\",\"breadcrumb\":{\"@id\":\"https:\\\/\\\/biblioteca.blanes.cat\\\/salajove\\\/2025\\\/12\\\/01\\\/novetats-desembre-2025\\\/#breadcrumb\"},\"inLanguage\":\"ca\",\"potentialAction\":[{\"@type\":\"ReadAction\",\"target\":[\"https:\\\/\\\/biblioteca.blanes.cat\\\/salajove\\\/2025\\\/12\\\/01\\\/novetats-desembre-2025\\\/\"]}]},{\"@type\":\"ImageObject\",\"inLanguage\":\"ca\",\"@id\":\"https:\\\/\\\/biblioteca.blanes.cat\\\/salajove\\\/2025\\\/12\\\/01\\\/novetats-desembre-2025\\\/#primaryimage\",\"url\":\"https:\\\/\\\/biblioteca.blanes.cat\\\/salajove\\\/wp-content\\\/uploads\\\/sites\\\/3\\\/2024\\\/12\\\/novetats-tardor-1.jpg\",\"contentUrl\":\"https:\\\/\\\/biblioteca.blanes.cat\\\/salajove\\\/wp-content\\\/uploads\\\/sites\\\/3\\\/2024\\\/12\\\/novetats-tardor-1.jpg\",\"width\":1748,\"height\":1240},{\"@type\":\"BreadcrumbList\",\"@id\":\"https:\\\/\\\/biblioteca.blanes.cat\\\/salajove\\\/2025\\\/12\\\/01\\\/novetats-desembre-2025\\\/#breadcrumb\",\"itemListElement\":[{\"@type\":\"ListItem\",\"position\":1,\"name\":\"Inici\",\"item\":\"https:\\\/\\\/biblioteca.blanes.cat\\\/salajove\\\/\"},{\"@type\":\"ListItem\",\"position\":2,\"name\":\"Novetats: DESEMBRE 2025\"}]},{\"@type\":\"WebSite\",\"@id\":\"https:\\\/\\\/biblioteca.blanes.cat\\\/salajove\\\/#website\",\"url\":\"https:\\\/\\\/biblioteca.blanes.cat\\\/salajove\\\/\",\"name\":\"Sala Jove\",\"description\":\"Biblioteca Comarcal de Blanes\",\"publisher\":{\"@id\":\"https:\\\/\\\/biblioteca.blanes.cat\\\/salajove\\\/#organization\"},\"potentialAction\":[{\"@type\":\"SearchAction\",\"target\":{\"@type\":\"EntryPoint\",\"urlTemplate\":\"https:\\\/\\\/biblioteca.blanes.cat\\\/salajove\\\/?s={search_term_string}\"},\"query-input\":{\"@type\":\"PropertyValueSpecification\",\"valueRequired\":true,\"valueName\":\"search_term_string\"}}],\"inLanguage\":\"ca\"},{\"@type\":\"Organization\",\"@id\":\"https:\\\/\\\/biblioteca.blanes.cat\\\/salajove\\\/#organization\",\"name\":\"Biblioteca Comarcal de Blanes\",\"url\":\"https:\\\/\\\/biblioteca.blanes.cat\\\/salajove\\\/\",\"logo\":{\"@type\":\"ImageObject\",\"inLanguage\":\"ca\",\"@id\":\"https:\\\/\\\/biblioteca.blanes.cat\\\/salajove\\\/#\\\/schema\\\/logo\\\/image\\\/\",\"url\":\"https:\\\/\\\/biblioteca.blanes.cat\\\/salajove\\\/wp-content\\\/uploads\\\/sites\\\/3\\\/2017\\\/09\\\/cropped-Bib-blau-e1518869380535.png\",\"contentUrl\":\"https:\\\/\\\/biblioteca.blanes.cat\\\/salajove\\\/wp-content\\\/uploads\\\/sites\\\/3\\\/2017\\\/09\\\/cropped-Bib-blau-e1518869380535.png\",\"width\":166,\"height\":166,\"caption\":\"Biblioteca Comarcal de Blanes\"},\"image\":{\"@id\":\"https:\\\/\\\/biblioteca.blanes.cat\\\/salajove\\\/#\\\/schema\\\/logo\\\/image\\\/\"},\"sameAs\":[\"https:\\\/\\\/www.facebook.com\\\/BilbiotecaComarcaldeBlanes\\\/\",\"https:\\\/\\\/x.com\\\/BiblioBlanes\",\"https:\\\/\\\/www.instagram.com\\\/biblioblanes\\\/\",\"https:\\\/\\\/www.pinterest.es\\\/bblanes\\\/\",\"https:\\\/\\\/www.youtube.com\\\/c\\\/BibliotecaComarcalBlanes\"]},{\"@type\":\"Person\",\"@id\":\"https:\\\/\\\/biblioteca.blanes.cat\\\/salajove\\\/#\\\/schema\\\/person\\\/5a7b46760d9dd611d098bbf571a341dc\",\"name\":\"biblioblanes\",\"image\":{\"@type\":\"ImageObject\",\"inLanguage\":\"ca\",\"@id\":\"https:\\\/\\\/secure.gravatar.com\\\/avatar\\\/6593ca6cc90e5a70939f51c95e8315483b9c281bafba597292bee47992030f99?s=96&d=mm&r=g\",\"url\":\"https:\\\/\\\/secure.gravatar.com\\\/avatar\\\/6593ca6cc90e5a70939f51c95e8315483b9c281bafba597292bee47992030f99?s=96&d=mm&r=g\",\"contentUrl\":\"https:\\\/\\\/secure.gravatar.com\\\/avatar\\\/6593ca6cc90e5a70939f51c95e8315483b9c281bafba597292bee47992030f99?s=96&d=mm&r=g\",\"caption\":\"biblioblanes\"},\"sameAs\":[\"http:\\\/\\\/www.bibgirona.cat\\\/biblioteca\\\/blanes\",\"https:\\\/\\\/x.com\\\/biblioblanes\"],\"url\":\"https:\\\/\\\/biblioteca.blanes.cat\\\/salajove\\\/author\\\/biblioblanes\\\/\"}]}<\/script>\n<!-- \/ Yoast SEO plugin. -->","yoast_head_json":{"title":"Novetats: DESEMBRE 2025 - Sala Jove","robots":{"index":"index","follow":"follow","max-snippet":"max-snippet:-1","max-image-preview":"max-image-preview:large","max-video-preview":"max-video-preview:-1"},"canonical":"https:\/\/biblioteca.blanes.cat\/salajove\/2025\/12\/01\/novetats-desembre-2025\/","og_locale":"ca_ES","og_type":"article","og_title":"Novetats: DESEMBRE 2025 - Sala Jove","og_description":"Biblioteca Jove Blanes \u2013 Novetats desembre Us presentem les novetats de la Sala Jove del mes de l&#8217;\u00faltim mes de l&#8217;any: novel\u00b7les, c\u00f2mic, un \u00e0lbum i\u00b7lustrat, audiovisuals i mat\u00e8ries. NOVEL\u00b7LA C\u00d2MIC MAT\u00c8RIES AUDIOVISUALS CENTRES D&#8217;INTER\u00c8S","og_url":"https:\/\/biblioteca.blanes.cat\/salajove\/2025\/12\/01\/novetats-desembre-2025\/","og_site_name":"Sala Jove","article_publisher":"https:\/\/www.facebook.com\/BilbiotecaComarcaldeBlanes\/","article_published_time":"2025-12-01T16:27:46+00:00","article_modified_time":"2025-12-01T16:27:49+00:00","og_image":[{"width":1748,"height":1240,"url":"https:\/\/biblioteca.blanes.cat\/salajove\/wp-content\/uploads\/sites\/3\/2024\/12\/novetats-tardor-1.jpg","type":"image\/jpeg"}],"author":"biblioblanes","twitter_card":"summary_large_image","twitter_creator":"@biblioblanes","twitter_site":"@BiblioBlanes","twitter_misc":{"Escrit per":"biblioblanes","Temps estimat de lectura":"1 minut"},"schema":{"@context":"https:\/\/schema.org","@graph":[{"@type":"Article","@id":"https:\/\/biblioteca.blanes.cat\/salajove\/2025\/12\/01\/novetats-desembre-2025\/#article","isPartOf":{"@id":"https:\/\/biblioteca.blanes.cat\/salajove\/2025\/12\/01\/novetats-desembre-2025\/"},"author":{"name":"biblioblanes","@id":"https:\/\/biblioteca.blanes.cat\/salajove\/#\/schema\/person\/5a7b46760d9dd611d098bbf571a341dc"},"headline":"Novetats: DESEMBRE 2025","datePublished":"2025-12-01T16:27:46+00:00","dateModified":"2025-12-01T16:27:49+00:00","mainEntityOfPage":{"@id":"https:\/\/biblioteca.blanes.cat\/salajove\/2025\/12\/01\/novetats-desembre-2025\/"},"wordCount":57,"commentCount":0,"publisher":{"@id":"https:\/\/biblioteca.blanes.cat\/salajove\/#organization"},"image":{"@id":"https:\/\/biblioteca.blanes.cat\/salajove\/2025\/12\/01\/novetats-desembre-2025\/#primaryimage"},"thumbnailUrl":"https:\/\/biblioteca.blanes.cat\/salajove\/wp-content\/uploads\/sites\/3\/2024\/12\/novetats-tardor-1.jpg","keywords":["#Joves","#Lectura","#Llibres"],"articleSection":["Not\u00edcies"],"inLanguage":"ca","potentialAction":[{"@type":"CommentAction","name":"Comment","target":["https:\/\/biblioteca.blanes.cat\/salajove\/2025\/12\/01\/novetats-desembre-2025\/#respond"]}]},{"@type":"WebPage","@id":"https:\/\/biblioteca.blanes.cat\/salajove\/2025\/12\/01\/novetats-desembre-2025\/","url":"https:\/\/biblioteca.blanes.cat\/salajove\/2025\/12\/01\/novetats-desembre-2025\/","name":"Novetats: DESEMBRE 2025 - Sala Jove","isPartOf":{"@id":"https:\/\/biblioteca.blanes.cat\/salajove\/#website"},"primaryImageOfPage":{"@id":"https:\/\/biblioteca.blanes.cat\/salajove\/2025\/12\/01\/novetats-desembre-2025\/#primaryimage"},"image":{"@id":"https:\/\/biblioteca.blanes.cat\/salajove\/2025\/12\/01\/novetats-desembre-2025\/#primaryimage"},"thumbnailUrl":"https:\/\/biblioteca.blanes.cat\/salajove\/wp-content\/uploads\/sites\/3\/2024\/12\/novetats-tardor-1.jpg","datePublished":"2025-12-01T16:27:46+00:00","dateModified":"2025-12-01T16:27:49+00:00","breadcrumb":{"@id":"https:\/\/biblioteca.blanes.cat\/salajove\/2025\/12\/01\/novetats-desembre-2025\/#breadcrumb"},"inLanguage":"ca","potentialAction":[{"@type":"ReadAction","target":["https:\/\/biblioteca.blanes.cat\/salajove\/2025\/12\/01\/novetats-desembre-2025\/"]}]},{"@type":"ImageObject","inLanguage":"ca","@id":"https:\/\/biblioteca.blanes.cat\/salajove\/2025\/12\/01\/novetats-desembre-2025\/#primaryimage","url":"https:\/\/biblioteca.blanes.cat\/salajove\/wp-content\/uploads\/sites\/3\/2024\/12\/novetats-tardor-1.jpg","contentUrl":"https:\/\/biblioteca.blanes.cat\/salajove\/wp-content\/uploads\/sites\/3\/2024\/12\/novetats-tardor-1.jpg","width":1748,"height":1240},{"@type":"BreadcrumbList","@id":"https:\/\/biblioteca.blanes.cat\/salajove\/2025\/12\/01\/novetats-desembre-2025\/#breadcrumb","itemListElement":[{"@type":"ListItem","position":1,"name":"Inici","item":"https:\/\/biblioteca.blanes.cat\/salajove\/"},{"@type":"ListItem","position":2,"name":"Novetats: DESEMBRE 2025"}]},{"@type":"WebSite","@id":"https:\/\/biblioteca.blanes.cat\/salajove\/#website","url":"https:\/\/biblioteca.blanes.cat\/salajove\/","name":"Sala Jove","description":"Biblioteca Comarcal de Blanes","publisher":{"@id":"https:\/\/biblioteca.blanes.cat\/salajove\/#organization"},"potentialAction":[{"@type":"SearchAction","target":{"@type":"EntryPoint","urlTemplate":"https:\/\/biblioteca.blanes.cat\/salajove\/?s={search_term_string}"},"query-input":{"@type":"PropertyValueSpecification","valueRequired":true,"valueName":"search_term_string"}}],"inLanguage":"ca"},{"@type":"Organization","@id":"https:\/\/biblioteca.blanes.cat\/salajove\/#organization","name":"Biblioteca Comarcal de Blanes","url":"https:\/\/biblioteca.blanes.cat\/salajove\/","logo":{"@type":"ImageObject","inLanguage":"ca","@id":"https:\/\/biblioteca.blanes.cat\/salajove\/#\/schema\/logo\/image\/","url":"https:\/\/biblioteca.blanes.cat\/salajove\/wp-content\/uploads\/sites\/3\/2017\/09\/cropped-Bib-blau-e1518869380535.png","contentUrl":"https:\/\/biblioteca.blanes.cat\/salajove\/wp-content\/uploads\/sites\/3\/2017\/09\/cropped-Bib-blau-e1518869380535.png","width":166,"height":166,"caption":"Biblioteca Comarcal de Blanes"},"image":{"@id":"https:\/\/biblioteca.blanes.cat\/salajove\/#\/schema\/logo\/image\/"},"sameAs":["https:\/\/www.facebook.com\/BilbiotecaComarcaldeBlanes\/","https:\/\/x.com\/BiblioBlanes","https:\/\/www.instagram.com\/biblioblanes\/","https:\/\/www.pinterest.es\/bblanes\/","https:\/\/www.youtube.com\/c\/BibliotecaComarcalBlanes"]},{"@type":"Person","@id":"https:\/\/biblioteca.blanes.cat\/salajove\/#\/schema\/person\/5a7b46760d9dd611d098bbf571a341dc","name":"biblioblanes","image":{"@type":"ImageObject","inLanguage":"ca","@id":"https:\/\/secure.gravatar.com\/avatar\/6593ca6cc90e5a70939f51c95e8315483b9c281bafba597292bee47992030f99?s=96&d=mm&r=g","url":"https:\/\/secure.gravatar.com\/avatar\/6593ca6cc90e5a70939f51c95e8315483b9c281bafba597292bee47992030f99?s=96&d=mm&r=g","contentUrl":"https:\/\/secure.gravatar.com\/avatar\/6593ca6cc90e5a70939f51c95e8315483b9c281bafba597292bee47992030f99?s=96&d=mm&r=g","caption":"biblioblanes"},"sameAs":["http:\/\/www.bibgirona.cat\/biblioteca\/blanes","https:\/\/x.com\/biblioblanes"],"url":"https:\/\/biblioteca.blanes.cat\/salajove\/author\/biblioblanes\/"}]}},"_links":{"self":[{"href":"https:\/\/biblioteca.blanes.cat\/salajove\/wp-json\/wp\/v2\/posts\/10236","targetHints":{"allow":["GET"]}}],"collection":[{"href":"https:\/\/biblioteca.blanes.cat\/salajove\/wp-json\/wp\/v2\/posts"}],"about":[{"href":"https:\/\/biblioteca.blanes.cat\/salajove\/wp-json\/wp\/v2\/types\/post"}],"author":[{"embeddable":true,"href":"https:\/\/biblioteca.blanes.cat\/salajove\/wp-json\/wp\/v2\/users\/4"}],"replies":[{"embeddable":true,"href":"https:\/\/biblioteca.blanes.cat\/salajove\/wp-json\/wp\/v2\/comments?post=10236"}],"version-history":[{"count":1,"href":"https:\/\/biblioteca.blanes.cat\/salajove\/wp-json\/wp\/v2\/posts\/10236\/revisions"}],"predecessor-version":[{"id":10267,"href":"https:\/\/biblioteca.blanes.cat\/salajove\/wp-json\/wp\/v2\/posts\/10236\/revisions\/10267"}],"wp:featuredmedia":[{"embeddable":true,"href":"https:\/\/biblioteca.blanes.cat\/salajove\/wp-json\/wp\/v2\/media\/9147"}],"wp:attachment":[{"href":"https:\/\/biblioteca.blanes.cat\/salajove\/wp-json\/wp\/v2\/media?parent=10236"}],"wp:term":[{"taxonomy":"category","embeddable":true,"href":"https:\/\/biblioteca.blanes.cat\/salajove\/wp-json\/wp\/v2\/categories?post=10236"},{"taxonomy":"post_tag","embeddable":true,"href":"https:\/\/biblioteca.blanes.cat\/salajove\/wp-json\/wp\/v2\/tags?post=10236"}],"curies":[{"name":"wp","href":"https:\/\/api.w.org\/{rel}","templated":true}]}}