{"id":10215,"date":"2025-11-26T16:55:13","date_gmt":"2025-11-26T15:55:13","guid":{"rendered":"https:\/\/biblioteca.blanes.cat\/salajove\/?p=10215"},"modified":"2025-11-26T19:37:23","modified_gmt":"2025-11-26T18:37:23","slug":"clj-emblanats-el-mur-que-ens-separa","status":"publish","type":"post","link":"https:\/\/biblioteca.blanes.cat\/salajove\/2025\/11\/26\/clj-emblanats-el-mur-que-ens-separa\/","title":{"rendered":"CLJ #emblanats: EL MUR QUE ENS SEPARA"},"content":{"rendered":"\n\n\n<p>El passat <span style=\"color: #000080;\"><strong>9 de novembre<\/strong><\/span> va fer 36 anys de l\u2019enderrocament del <strong><span style=\"color: #000080;\">Mur de Berl\u00edn<\/span><\/strong>, el qual va separar la ciutat en dues bandes (Est i Oest) durant 28 anys. Per commemorar aquesta data, la setmana passada al <span style=\"color: #000080;\"><strong>Club de Lectura Juvenil #emblanats<\/strong><\/span> vam comentar <a href=\"https:\/\/animallibres.cat\/l-arca\/9456-el-mur-que-ens-separa-9788410302020.html\" target=\"_blank\" rel=\"noopener\"><span style=\"color: #000080;\"><strong><em>El mur que ens separa<\/em><\/strong><\/span><\/a>, de <strong><span style=\"color: #000080;\">Dan Smith<\/span><\/strong>, una novel\u00b7la que t\u00e9 com a protagonistes dues adolescents, l\u2019Anja i la Monika, amigues i cosines, que viuen amb molta intensitat i incertesa aquest succ\u00e9s que va separar amics i fam\u00edlia.<img fetchpriority=\"high\" decoding=\"async\" class=\"aligncenter size-medium wp-image-10224\" src=\"https:\/\/biblioteca.blanes.cat\/salajove\/wp-content\/uploads\/sites\/3\/2025\/11\/IMG_20251121_191634-1-225x300.jpg\" alt=\"\" width=\"225\" height=\"300\" srcset=\"https:\/\/biblioteca.blanes.cat\/salajove\/wp-content\/uploads\/sites\/3\/2025\/11\/IMG_20251121_191634-1-225x300.jpg 225w, https:\/\/biblioteca.blanes.cat\/salajove\/wp-content\/uploads\/sites\/3\/2025\/11\/IMG_20251121_191634-1-768x1024.jpg 768w, https:\/\/biblioteca.blanes.cat\/salajove\/wp-content\/uploads\/sites\/3\/2025\/11\/IMG_20251121_191634-1-1152x1536.jpg 1152w, https:\/\/biblioteca.blanes.cat\/salajove\/wp-content\/uploads\/sites\/3\/2025\/11\/IMG_20251121_191634-1-1536x2048.jpg 1536w, https:\/\/biblioteca.blanes.cat\/salajove\/wp-content\/uploads\/sites\/3\/2025\/11\/IMG_20251121_191634-1-scaled.jpg 1920w\" sizes=\"(max-width: 225px) 100vw, 225px\" \/><\/p>\n<p><img decoding=\"async\" class=\" wp-image-10217 alignright\" src=\"https:\/\/biblioteca.blanes.cat\/salajove\/wp-content\/uploads\/sites\/3\/2025\/11\/CLJ_novembre_blog-5-225x300.jpg\" alt=\"\" width=\"252\" height=\"336\" srcset=\"https:\/\/biblioteca.blanes.cat\/salajove\/wp-content\/uploads\/sites\/3\/2025\/11\/CLJ_novembre_blog-5-225x300.jpg 225w, https:\/\/biblioteca.blanes.cat\/salajove\/wp-content\/uploads\/sites\/3\/2025\/11\/CLJ_novembre_blog-5-768x1024.jpg 768w, https:\/\/biblioteca.blanes.cat\/salajove\/wp-content\/uploads\/sites\/3\/2025\/11\/CLJ_novembre_blog-5-1152x1536.jpg 1152w, https:\/\/biblioteca.blanes.cat\/salajove\/wp-content\/uploads\/sites\/3\/2025\/11\/CLJ_novembre_blog-5-1536x2048.jpg 1536w, https:\/\/biblioteca.blanes.cat\/salajove\/wp-content\/uploads\/sites\/3\/2025\/11\/CLJ_novembre_blog-5-scaled.jpg 1920w\" sizes=\"(max-width: 252px) 100vw, 252px\" \/>La novel\u00b7la presenta dos punts de vista, el de l\u2019Anja, que queda a la banda Est, i el de la Monika, a la banda Oest. La primera ens explica la seva experi\u00e8ncia per mitj\u00e0 del seu <span style=\"color: #000080;\"><strong>diari personal<\/strong><\/span> i la segona, a trav\u00e9s d\u2019unes <span style=\"color: #000080;\"><strong>cartes<\/strong><\/span> que escriu a l\u2019Anja i no li arribar\u00e0 a enviar mai. Tots plegats vam coincidir que \u00e9s un encert haver explicat la hist\u00f2ria des de les <span style=\"color: #000080;\"><strong>dues perspectives<\/strong><\/span> perqu\u00e8 aix\u00f2 ens permet posar-nos a la pell de l\u2019una i de l\u2019altra. A m\u00e9s, el llibre des d&#8217;un inici ens dona una pista molt interessant sobre la trama: a la primera p\u00e0gina ja sabrem que una de les protagonostes ser\u00e0 detinguda i aquest recurs narratiu fa que la resta del llibre el llegim amb tensi\u00f3 i expectativa esperant aquest moment.<\/p>\n<p>Aquesta novel\u00b7la, juntament amb un <span style=\"color: #000080;\"><strong>mapa interactiu<\/strong><\/span>, ens va servir per con\u00e8ixer molt millor les causes i les conseq\u00fc\u00e8ncies d\u2019aquest fet amb implicacions pol\u00edtiques i socials que va tenir lloc a Alemanya del 1961 al 1989 i els b\u00e0ndols que es van crear: la <span style=\"color: #000080;\"><strong>Rep\u00fablica Federal Alemanya<\/strong><\/span> (Est), formada pel <span style=\"color: #000080;\"><strong>bloc capitalista<\/strong><\/span> (Regne Unit, els EUA i Frabn\u00e7a) i la <span style=\"color: #000080;\"><strong>Rep\u00fablica Democr\u00e0tica Alemanya<\/strong><\/span> (Oest), formada per la Uni\u00f3 Sovi\u00e8tica, <span style=\"color: #000080;\"><strong>comunista<\/strong><\/span>. Vam arribar a la conclusi\u00f3 que \u00e9s molt important <span style=\"color: #000080;\"><strong>recuperar la mem\u00f2ria hist\u00f2rica a trav\u00e9s de novel\u00b7les com aquesta<\/strong><\/span>, de caire realista, ja que, si no, estem condemnats a repetir-la.<\/p>\n<p><img decoding=\"async\" class=\"aligncenter size-medium wp-image-10218\" src=\"https:\/\/biblioteca.blanes.cat\/salajove\/wp-content\/uploads\/sites\/3\/2025\/11\/CLJ_novembre_blog-3-300x225.jpg\" alt=\"\" width=\"300\" height=\"225\" srcset=\"https:\/\/biblioteca.blanes.cat\/salajove\/wp-content\/uploads\/sites\/3\/2025\/11\/CLJ_novembre_blog-3-300x225.jpg 300w, https:\/\/biblioteca.blanes.cat\/salajove\/wp-content\/uploads\/sites\/3\/2025\/11\/CLJ_novembre_blog-3-1024x768.jpg 1024w, https:\/\/biblioteca.blanes.cat\/salajove\/wp-content\/uploads\/sites\/3\/2025\/11\/CLJ_novembre_blog-3-768x576.jpg 768w, https:\/\/biblioteca.blanes.cat\/salajove\/wp-content\/uploads\/sites\/3\/2025\/11\/CLJ_novembre_blog-3-1536x1152.jpg 1536w, https:\/\/biblioteca.blanes.cat\/salajove\/wp-content\/uploads\/sites\/3\/2025\/11\/CLJ_novembre_blog-3-2048x1536.jpg 2048w\" sizes=\"(max-width: 300px) 100vw, 300px\" \/><\/p>\n<p>A banda d\u2019aprendre sobre hist\u00f2ria, <em>El mur que ens separa<\/em> ens va donar peu a debatre sobre altres temes que, de fet, estan \u00edntimament relacionats amb tot el que comporta viure un esdeveniment hist\u00f2ric d\u2019aquestes caracter\u00edstiques: les <span style=\"color: #000080;\"><strong>emocions<\/strong><\/span> de cada una de les protagonistes, des de la por, l\u2019emoci\u00f3, passant per la por, el sentiment de culpabilitat i la tra\u00efci\u00f3.<\/p>\n<p><img loading=\"lazy\" decoding=\"async\" class=\"size-medium wp-image-10219 alignleft\" src=\"https:\/\/biblioteca.blanes.cat\/salajove\/wp-content\/uploads\/sites\/3\/2025\/11\/CLJ_novembre_blog-4-300x225.jpg\" alt=\"\" width=\"300\" height=\"225\" srcset=\"https:\/\/biblioteca.blanes.cat\/salajove\/wp-content\/uploads\/sites\/3\/2025\/11\/CLJ_novembre_blog-4-300x225.jpg 300w, https:\/\/biblioteca.blanes.cat\/salajove\/wp-content\/uploads\/sites\/3\/2025\/11\/CLJ_novembre_blog-4-1024x768.jpg 1024w, https:\/\/biblioteca.blanes.cat\/salajove\/wp-content\/uploads\/sites\/3\/2025\/11\/CLJ_novembre_blog-4-768x576.jpg 768w, https:\/\/biblioteca.blanes.cat\/salajove\/wp-content\/uploads\/sites\/3\/2025\/11\/CLJ_novembre_blog-4-1536x1152.jpg 1536w, https:\/\/biblioteca.blanes.cat\/salajove\/wp-content\/uploads\/sites\/3\/2025\/11\/CLJ_novembre_blog-4-2048x1536.jpg 2048w\" sizes=\"(max-width: 300px) 100vw, 300px\" \/><\/p>\n<p><img loading=\"lazy\" decoding=\"async\" class=\"size-medium wp-image-10220 alignleft\" src=\"https:\/\/biblioteca.blanes.cat\/salajove\/wp-content\/uploads\/sites\/3\/2025\/11\/CLJ_novembre_blog-2-300x225.jpg\" alt=\"\" width=\"300\" height=\"225\" srcset=\"https:\/\/biblioteca.blanes.cat\/salajove\/wp-content\/uploads\/sites\/3\/2025\/11\/CLJ_novembre_blog-2-300x225.jpg 300w, https:\/\/biblioteca.blanes.cat\/salajove\/wp-content\/uploads\/sites\/3\/2025\/11\/CLJ_novembre_blog-2-1024x768.jpg 1024w, https:\/\/biblioteca.blanes.cat\/salajove\/wp-content\/uploads\/sites\/3\/2025\/11\/CLJ_novembre_blog-2-768x576.jpg 768w, https:\/\/biblioteca.blanes.cat\/salajove\/wp-content\/uploads\/sites\/3\/2025\/11\/CLJ_novembre_blog-2-1536x1152.jpg 1536w, https:\/\/biblioteca.blanes.cat\/salajove\/wp-content\/uploads\/sites\/3\/2025\/11\/CLJ_novembre_blog-2-2048x1536.jpg 2048w\" sizes=\"(max-width: 300px) 100vw, 300px\" \/><\/p>\n<p>\u00a0<\/p>\n<p>\u00a0<\/p>\n<p>\u00a0<\/p>\n<p>\u00a0<\/p>\n<p>\u00a0<\/p>\n<p>\u00a0<\/p>\n<p>\u00a0<\/p>\n<p>Al final de la sessi\u00f3, vam completar el <span style=\"color: #000080;\"><strong>rac\u00f3 de Prescripci\u00f3 Lectora<\/strong><\/span> de la Sala Jove amb algunes recomanacions de tem\u00e0tica hist\u00f2rica i realista. Van sortir t\u00edtols com <em>El noi del pijama de ratlles<\/em>, <em>Ara que estem junts<\/em>, <em>El diari d&#8217;Anna Frank<\/em> o <em>Serena<\/em>. Us animeu a llegir-ne algun?<\/p>\n<p>Ens veiem el mes que ve amb la lectura d\u2019<span style=\"color: #99cc00;\"><strong><em>El petit pr\u00edncep<\/em><\/strong><\/span>! Tot un cl\u00e0ssic!<\/p>\n\n\n\n\n","protected":false},"excerpt":{"rendered":"<p>El passat 9 de novembre va fer 36 anys de l\u2019enderrocament del Mur de Berl\u00edn, el qual va separar la ciutat en dues bandes (Est i Oest) durant 28 anys. Per commemorar aquesta data, la setmana passada al Club de<\/p>\n","protected":false},"author":4,"featured_media":10216,"comment_status":"open","ping_status":"open","sticky":false,"template":"","format":"standard","meta":{"sfsi_plus_gutenberg_text_before_share":"","sfsi_plus_gutenberg_show_text_before_share":"","sfsi_plus_gutenberg_icon_type":"","sfsi_plus_gutenberg_icon_alignemt":"","sfsi_plus_gutenburg_max_per_row":"","footnotes":""},"categories":[5],"tags":[],"class_list":["post-10215","post","type-post","status-publish","format-standard","has-post-thumbnail","hentry","category-club-de-lectura"],"yoast_head":"<!-- This site is optimized with the Yoast SEO plugin v27.5 - https:\/\/yoast.com\/product\/yoast-seo-wordpress\/ -->\n<title>CLJ #emblanats: EL MUR QUE ENS SEPARA - Sala Jove<\/title>\n<meta name=\"robots\" content=\"index, follow, max-snippet:-1, max-image-preview:large, max-video-preview:-1\" \/>\n<link rel=\"canonical\" href=\"https:\/\/biblioteca.blanes.cat\/salajove\/2025\/11\/26\/clj-emblanats-el-mur-que-ens-separa\/\" \/>\n<meta property=\"og:locale\" content=\"ca_ES\" \/>\n<meta property=\"og:type\" content=\"article\" \/>\n<meta property=\"og:title\" content=\"CLJ #emblanats: EL MUR QUE ENS SEPARA - Sala Jove\" \/>\n<meta property=\"og:description\" content=\"El passat 9 de novembre va fer 36 anys de l\u2019enderrocament del Mur de Berl\u00edn, el qual va separar la ciutat en dues bandes (Est i Oest) durant 28 anys. Per commemorar aquesta data, la setmana passada al Club de\" \/>\n<meta property=\"og:url\" content=\"https:\/\/biblioteca.blanes.cat\/salajove\/2025\/11\/26\/clj-emblanats-el-mur-que-ens-separa\/\" \/>\n<meta property=\"og:site_name\" content=\"Sala Jove\" \/>\n<meta property=\"article:publisher\" content=\"https:\/\/www.facebook.com\/BilbiotecaComarcaldeBlanes\/\" \/>\n<meta property=\"article:published_time\" content=\"2025-11-26T15:55:13+00:00\" \/>\n<meta property=\"article:modified_time\" content=\"2025-11-26T18:37:23+00:00\" \/>\n<meta property=\"og:image\" content=\"https:\/\/biblioteca.blanes.cat\/salajove\/wp-content\/uploads\/sites\/3\/2025\/11\/CLJ_novembre_blog-6-scaled.jpg\" \/>\n\t<meta property=\"og:image:width\" content=\"1920\" \/>\n\t<meta property=\"og:image:height\" content=\"2560\" \/>\n\t<meta property=\"og:image:type\" content=\"image\/jpeg\" \/>\n<meta name=\"author\" content=\"biblioblanes\" \/>\n<meta name=\"twitter:card\" content=\"summary_large_image\" \/>\n<meta name=\"twitter:creator\" content=\"@biblioblanes\" \/>\n<meta name=\"twitter:site\" content=\"@BiblioBlanes\" \/>\n<meta name=\"twitter:label1\" content=\"Escrit per\" \/>\n\t<meta name=\"twitter:data1\" content=\"biblioblanes\" \/>\n\t<meta name=\"twitter:label2\" content=\"Temps estimat de lectura\" \/>\n\t<meta name=\"twitter:data2\" content=\"4 minuts\" \/>\n<script type=\"application\/ld+json\" class=\"yoast-schema-graph\">{\"@context\":\"https:\\\/\\\/schema.org\",\"@graph\":[{\"@type\":\"Article\",\"@id\":\"https:\\\/\\\/biblioteca.blanes.cat\\\/salajove\\\/2025\\\/11\\\/26\\\/clj-emblanats-el-mur-que-ens-separa\\\/#article\",\"isPartOf\":{\"@id\":\"https:\\\/\\\/biblioteca.blanes.cat\\\/salajove\\\/2025\\\/11\\\/26\\\/clj-emblanats-el-mur-que-ens-separa\\\/\"},\"author\":{\"name\":\"biblioblanes\",\"@id\":\"https:\\\/\\\/biblioteca.blanes.cat\\\/salajove\\\/#\\\/schema\\\/person\\\/5a7b46760d9dd611d098bbf571a341dc\"},\"headline\":\"CLJ #emblanats: EL MUR QUE ENS SEPARA\",\"datePublished\":\"2025-11-26T15:55:13+00:00\",\"dateModified\":\"2025-11-26T18:37:23+00:00\",\"mainEntityOfPage\":{\"@id\":\"https:\\\/\\\/biblioteca.blanes.cat\\\/salajove\\\/2025\\\/11\\\/26\\\/clj-emblanats-el-mur-que-ens-separa\\\/\"},\"wordCount\":491,\"commentCount\":0,\"publisher\":{\"@id\":\"https:\\\/\\\/biblioteca.blanes.cat\\\/salajove\\\/#organization\"},\"image\":{\"@id\":\"https:\\\/\\\/biblioteca.blanes.cat\\\/salajove\\\/2025\\\/11\\\/26\\\/clj-emblanats-el-mur-que-ens-separa\\\/#primaryimage\"},\"thumbnailUrl\":\"https:\\\/\\\/biblioteca.blanes.cat\\\/salajove\\\/wp-content\\\/uploads\\\/sites\\\/3\\\/2025\\\/11\\\/CLJ_novembre_blog-6-scaled.jpg\",\"articleSection\":[\"Club de Lectura\"],\"inLanguage\":\"ca\",\"potentialAction\":[{\"@type\":\"CommentAction\",\"name\":\"Comment\",\"target\":[\"https:\\\/\\\/biblioteca.blanes.cat\\\/salajove\\\/2025\\\/11\\\/26\\\/clj-emblanats-el-mur-que-ens-separa\\\/#respond\"]}]},{\"@type\":\"WebPage\",\"@id\":\"https:\\\/\\\/biblioteca.blanes.cat\\\/salajove\\\/2025\\\/11\\\/26\\\/clj-emblanats-el-mur-que-ens-separa\\\/\",\"url\":\"https:\\\/\\\/biblioteca.blanes.cat\\\/salajove\\\/2025\\\/11\\\/26\\\/clj-emblanats-el-mur-que-ens-separa\\\/\",\"name\":\"CLJ #emblanats: EL MUR QUE ENS SEPARA - Sala Jove\",\"isPartOf\":{\"@id\":\"https:\\\/\\\/biblioteca.blanes.cat\\\/salajove\\\/#website\"},\"primaryImageOfPage\":{\"@id\":\"https:\\\/\\\/biblioteca.blanes.cat\\\/salajove\\\/2025\\\/11\\\/26\\\/clj-emblanats-el-mur-que-ens-separa\\\/#primaryimage\"},\"image\":{\"@id\":\"https:\\\/\\\/biblioteca.blanes.cat\\\/salajove\\\/2025\\\/11\\\/26\\\/clj-emblanats-el-mur-que-ens-separa\\\/#primaryimage\"},\"thumbnailUrl\":\"https:\\\/\\\/biblioteca.blanes.cat\\\/salajove\\\/wp-content\\\/uploads\\\/sites\\\/3\\\/2025\\\/11\\\/CLJ_novembre_blog-6-scaled.jpg\",\"datePublished\":\"2025-11-26T15:55:13+00:00\",\"dateModified\":\"2025-11-26T18:37:23+00:00\",\"breadcrumb\":{\"@id\":\"https:\\\/\\\/biblioteca.blanes.cat\\\/salajove\\\/2025\\\/11\\\/26\\\/clj-emblanats-el-mur-que-ens-separa\\\/#breadcrumb\"},\"inLanguage\":\"ca\",\"potentialAction\":[{\"@type\":\"ReadAction\",\"target\":[\"https:\\\/\\\/biblioteca.blanes.cat\\\/salajove\\\/2025\\\/11\\\/26\\\/clj-emblanats-el-mur-que-ens-separa\\\/\"]}]},{\"@type\":\"ImageObject\",\"inLanguage\":\"ca\",\"@id\":\"https:\\\/\\\/biblioteca.blanes.cat\\\/salajove\\\/2025\\\/11\\\/26\\\/clj-emblanats-el-mur-que-ens-separa\\\/#primaryimage\",\"url\":\"https:\\\/\\\/biblioteca.blanes.cat\\\/salajove\\\/wp-content\\\/uploads\\\/sites\\\/3\\\/2025\\\/11\\\/CLJ_novembre_blog-6-scaled.jpg\",\"contentUrl\":\"https:\\\/\\\/biblioteca.blanes.cat\\\/salajove\\\/wp-content\\\/uploads\\\/sites\\\/3\\\/2025\\\/11\\\/CLJ_novembre_blog-6-scaled.jpg\",\"width\":1920,\"height\":2560},{\"@type\":\"BreadcrumbList\",\"@id\":\"https:\\\/\\\/biblioteca.blanes.cat\\\/salajove\\\/2025\\\/11\\\/26\\\/clj-emblanats-el-mur-que-ens-separa\\\/#breadcrumb\",\"itemListElement\":[{\"@type\":\"ListItem\",\"position\":1,\"name\":\"Inici\",\"item\":\"https:\\\/\\\/biblioteca.blanes.cat\\\/salajove\\\/\"},{\"@type\":\"ListItem\",\"position\":2,\"name\":\"CLJ #emblanats: EL MUR QUE ENS SEPARA\"}]},{\"@type\":\"WebSite\",\"@id\":\"https:\\\/\\\/biblioteca.blanes.cat\\\/salajove\\\/#website\",\"url\":\"https:\\\/\\\/biblioteca.blanes.cat\\\/salajove\\\/\",\"name\":\"Sala Jove\",\"description\":\"Biblioteca Comarcal de Blanes\",\"publisher\":{\"@id\":\"https:\\\/\\\/biblioteca.blanes.cat\\\/salajove\\\/#organization\"},\"potentialAction\":[{\"@type\":\"SearchAction\",\"target\":{\"@type\":\"EntryPoint\",\"urlTemplate\":\"https:\\\/\\\/biblioteca.blanes.cat\\\/salajove\\\/?s={search_term_string}\"},\"query-input\":{\"@type\":\"PropertyValueSpecification\",\"valueRequired\":true,\"valueName\":\"search_term_string\"}}],\"inLanguage\":\"ca\"},{\"@type\":\"Organization\",\"@id\":\"https:\\\/\\\/biblioteca.blanes.cat\\\/salajove\\\/#organization\",\"name\":\"Biblioteca Comarcal de Blanes\",\"url\":\"https:\\\/\\\/biblioteca.blanes.cat\\\/salajove\\\/\",\"logo\":{\"@type\":\"ImageObject\",\"inLanguage\":\"ca\",\"@id\":\"https:\\\/\\\/biblioteca.blanes.cat\\\/salajove\\\/#\\\/schema\\\/logo\\\/image\\\/\",\"url\":\"https:\\\/\\\/biblioteca.blanes.cat\\\/salajove\\\/wp-content\\\/uploads\\\/sites\\\/3\\\/2017\\\/09\\\/cropped-Bib-blau-e1518869380535.png\",\"contentUrl\":\"https:\\\/\\\/biblioteca.blanes.cat\\\/salajove\\\/wp-content\\\/uploads\\\/sites\\\/3\\\/2017\\\/09\\\/cropped-Bib-blau-e1518869380535.png\",\"width\":166,\"height\":166,\"caption\":\"Biblioteca Comarcal de Blanes\"},\"image\":{\"@id\":\"https:\\\/\\\/biblioteca.blanes.cat\\\/salajove\\\/#\\\/schema\\\/logo\\\/image\\\/\"},\"sameAs\":[\"https:\\\/\\\/www.facebook.com\\\/BilbiotecaComarcaldeBlanes\\\/\",\"https:\\\/\\\/x.com\\\/BiblioBlanes\",\"https:\\\/\\\/www.instagram.com\\\/biblioblanes\\\/\",\"https:\\\/\\\/www.pinterest.es\\\/bblanes\\\/\",\"https:\\\/\\\/www.youtube.com\\\/c\\\/BibliotecaComarcalBlanes\"]},{\"@type\":\"Person\",\"@id\":\"https:\\\/\\\/biblioteca.blanes.cat\\\/salajove\\\/#\\\/schema\\\/person\\\/5a7b46760d9dd611d098bbf571a341dc\",\"name\":\"biblioblanes\",\"image\":{\"@type\":\"ImageObject\",\"inLanguage\":\"ca\",\"@id\":\"https:\\\/\\\/secure.gravatar.com\\\/avatar\\\/6593ca6cc90e5a70939f51c95e8315483b9c281bafba597292bee47992030f99?s=96&d=mm&r=g\",\"url\":\"https:\\\/\\\/secure.gravatar.com\\\/avatar\\\/6593ca6cc90e5a70939f51c95e8315483b9c281bafba597292bee47992030f99?s=96&d=mm&r=g\",\"contentUrl\":\"https:\\\/\\\/secure.gravatar.com\\\/avatar\\\/6593ca6cc90e5a70939f51c95e8315483b9c281bafba597292bee47992030f99?s=96&d=mm&r=g\",\"caption\":\"biblioblanes\"},\"sameAs\":[\"http:\\\/\\\/www.bibgirona.cat\\\/biblioteca\\\/blanes\",\"https:\\\/\\\/x.com\\\/biblioblanes\"],\"url\":\"https:\\\/\\\/biblioteca.blanes.cat\\\/salajove\\\/author\\\/biblioblanes\\\/\"}]}<\/script>\n<!-- \/ Yoast SEO plugin. -->","yoast_head_json":{"title":"CLJ #emblanats: EL MUR QUE ENS SEPARA - Sala Jove","robots":{"index":"index","follow":"follow","max-snippet":"max-snippet:-1","max-image-preview":"max-image-preview:large","max-video-preview":"max-video-preview:-1"},"canonical":"https:\/\/biblioteca.blanes.cat\/salajove\/2025\/11\/26\/clj-emblanats-el-mur-que-ens-separa\/","og_locale":"ca_ES","og_type":"article","og_title":"CLJ #emblanats: EL MUR QUE ENS SEPARA - Sala Jove","og_description":"El passat 9 de novembre va fer 36 anys de l\u2019enderrocament del Mur de Berl\u00edn, el qual va separar la ciutat en dues bandes (Est i Oest) durant 28 anys. Per commemorar aquesta data, la setmana passada al Club de","og_url":"https:\/\/biblioteca.blanes.cat\/salajove\/2025\/11\/26\/clj-emblanats-el-mur-que-ens-separa\/","og_site_name":"Sala Jove","article_publisher":"https:\/\/www.facebook.com\/BilbiotecaComarcaldeBlanes\/","article_published_time":"2025-11-26T15:55:13+00:00","article_modified_time":"2025-11-26T18:37:23+00:00","og_image":[{"width":1920,"height":2560,"url":"https:\/\/biblioteca.blanes.cat\/salajove\/wp-content\/uploads\/sites\/3\/2025\/11\/CLJ_novembre_blog-6-scaled.jpg","type":"image\/jpeg"}],"author":"biblioblanes","twitter_card":"summary_large_image","twitter_creator":"@biblioblanes","twitter_site":"@BiblioBlanes","twitter_misc":{"Escrit per":"biblioblanes","Temps estimat de lectura":"4 minuts"},"schema":{"@context":"https:\/\/schema.org","@graph":[{"@type":"Article","@id":"https:\/\/biblioteca.blanes.cat\/salajove\/2025\/11\/26\/clj-emblanats-el-mur-que-ens-separa\/#article","isPartOf":{"@id":"https:\/\/biblioteca.blanes.cat\/salajove\/2025\/11\/26\/clj-emblanats-el-mur-que-ens-separa\/"},"author":{"name":"biblioblanes","@id":"https:\/\/biblioteca.blanes.cat\/salajove\/#\/schema\/person\/5a7b46760d9dd611d098bbf571a341dc"},"headline":"CLJ #emblanats: EL MUR QUE ENS SEPARA","datePublished":"2025-11-26T15:55:13+00:00","dateModified":"2025-11-26T18:37:23+00:00","mainEntityOfPage":{"@id":"https:\/\/biblioteca.blanes.cat\/salajove\/2025\/11\/26\/clj-emblanats-el-mur-que-ens-separa\/"},"wordCount":491,"commentCount":0,"publisher":{"@id":"https:\/\/biblioteca.blanes.cat\/salajove\/#organization"},"image":{"@id":"https:\/\/biblioteca.blanes.cat\/salajove\/2025\/11\/26\/clj-emblanats-el-mur-que-ens-separa\/#primaryimage"},"thumbnailUrl":"https:\/\/biblioteca.blanes.cat\/salajove\/wp-content\/uploads\/sites\/3\/2025\/11\/CLJ_novembre_blog-6-scaled.jpg","articleSection":["Club de Lectura"],"inLanguage":"ca","potentialAction":[{"@type":"CommentAction","name":"Comment","target":["https:\/\/biblioteca.blanes.cat\/salajove\/2025\/11\/26\/clj-emblanats-el-mur-que-ens-separa\/#respond"]}]},{"@type":"WebPage","@id":"https:\/\/biblioteca.blanes.cat\/salajove\/2025\/11\/26\/clj-emblanats-el-mur-que-ens-separa\/","url":"https:\/\/biblioteca.blanes.cat\/salajove\/2025\/11\/26\/clj-emblanats-el-mur-que-ens-separa\/","name":"CLJ #emblanats: EL MUR QUE ENS SEPARA - Sala Jove","isPartOf":{"@id":"https:\/\/biblioteca.blanes.cat\/salajove\/#website"},"primaryImageOfPage":{"@id":"https:\/\/biblioteca.blanes.cat\/salajove\/2025\/11\/26\/clj-emblanats-el-mur-que-ens-separa\/#primaryimage"},"image":{"@id":"https:\/\/biblioteca.blanes.cat\/salajove\/2025\/11\/26\/clj-emblanats-el-mur-que-ens-separa\/#primaryimage"},"thumbnailUrl":"https:\/\/biblioteca.blanes.cat\/salajove\/wp-content\/uploads\/sites\/3\/2025\/11\/CLJ_novembre_blog-6-scaled.jpg","datePublished":"2025-11-26T15:55:13+00:00","dateModified":"2025-11-26T18:37:23+00:00","breadcrumb":{"@id":"https:\/\/biblioteca.blanes.cat\/salajove\/2025\/11\/26\/clj-emblanats-el-mur-que-ens-separa\/#breadcrumb"},"inLanguage":"ca","potentialAction":[{"@type":"ReadAction","target":["https:\/\/biblioteca.blanes.cat\/salajove\/2025\/11\/26\/clj-emblanats-el-mur-que-ens-separa\/"]}]},{"@type":"ImageObject","inLanguage":"ca","@id":"https:\/\/biblioteca.blanes.cat\/salajove\/2025\/11\/26\/clj-emblanats-el-mur-que-ens-separa\/#primaryimage","url":"https:\/\/biblioteca.blanes.cat\/salajove\/wp-content\/uploads\/sites\/3\/2025\/11\/CLJ_novembre_blog-6-scaled.jpg","contentUrl":"https:\/\/biblioteca.blanes.cat\/salajove\/wp-content\/uploads\/sites\/3\/2025\/11\/CLJ_novembre_blog-6-scaled.jpg","width":1920,"height":2560},{"@type":"BreadcrumbList","@id":"https:\/\/biblioteca.blanes.cat\/salajove\/2025\/11\/26\/clj-emblanats-el-mur-que-ens-separa\/#breadcrumb","itemListElement":[{"@type":"ListItem","position":1,"name":"Inici","item":"https:\/\/biblioteca.blanes.cat\/salajove\/"},{"@type":"ListItem","position":2,"name":"CLJ #emblanats: EL MUR QUE ENS SEPARA"}]},{"@type":"WebSite","@id":"https:\/\/biblioteca.blanes.cat\/salajove\/#website","url":"https:\/\/biblioteca.blanes.cat\/salajove\/","name":"Sala Jove","description":"Biblioteca Comarcal de Blanes","publisher":{"@id":"https:\/\/biblioteca.blanes.cat\/salajove\/#organization"},"potentialAction":[{"@type":"SearchAction","target":{"@type":"EntryPoint","urlTemplate":"https:\/\/biblioteca.blanes.cat\/salajove\/?s={search_term_string}"},"query-input":{"@type":"PropertyValueSpecification","valueRequired":true,"valueName":"search_term_string"}}],"inLanguage":"ca"},{"@type":"Organization","@id":"https:\/\/biblioteca.blanes.cat\/salajove\/#organization","name":"Biblioteca Comarcal de Blanes","url":"https:\/\/biblioteca.blanes.cat\/salajove\/","logo":{"@type":"ImageObject","inLanguage":"ca","@id":"https:\/\/biblioteca.blanes.cat\/salajove\/#\/schema\/logo\/image\/","url":"https:\/\/biblioteca.blanes.cat\/salajove\/wp-content\/uploads\/sites\/3\/2017\/09\/cropped-Bib-blau-e1518869380535.png","contentUrl":"https:\/\/biblioteca.blanes.cat\/salajove\/wp-content\/uploads\/sites\/3\/2017\/09\/cropped-Bib-blau-e1518869380535.png","width":166,"height":166,"caption":"Biblioteca Comarcal de Blanes"},"image":{"@id":"https:\/\/biblioteca.blanes.cat\/salajove\/#\/schema\/logo\/image\/"},"sameAs":["https:\/\/www.facebook.com\/BilbiotecaComarcaldeBlanes\/","https:\/\/x.com\/BiblioBlanes","https:\/\/www.instagram.com\/biblioblanes\/","https:\/\/www.pinterest.es\/bblanes\/","https:\/\/www.youtube.com\/c\/BibliotecaComarcalBlanes"]},{"@type":"Person","@id":"https:\/\/biblioteca.blanes.cat\/salajove\/#\/schema\/person\/5a7b46760d9dd611d098bbf571a341dc","name":"biblioblanes","image":{"@type":"ImageObject","inLanguage":"ca","@id":"https:\/\/secure.gravatar.com\/avatar\/6593ca6cc90e5a70939f51c95e8315483b9c281bafba597292bee47992030f99?s=96&d=mm&r=g","url":"https:\/\/secure.gravatar.com\/avatar\/6593ca6cc90e5a70939f51c95e8315483b9c281bafba597292bee47992030f99?s=96&d=mm&r=g","contentUrl":"https:\/\/secure.gravatar.com\/avatar\/6593ca6cc90e5a70939f51c95e8315483b9c281bafba597292bee47992030f99?s=96&d=mm&r=g","caption":"biblioblanes"},"sameAs":["http:\/\/www.bibgirona.cat\/biblioteca\/blanes","https:\/\/x.com\/biblioblanes"],"url":"https:\/\/biblioteca.blanes.cat\/salajove\/author\/biblioblanes\/"}]}},"_links":{"self":[{"href":"https:\/\/biblioteca.blanes.cat\/salajove\/wp-json\/wp\/v2\/posts\/10215","targetHints":{"allow":["GET"]}}],"collection":[{"href":"https:\/\/biblioteca.blanes.cat\/salajove\/wp-json\/wp\/v2\/posts"}],"about":[{"href":"https:\/\/biblioteca.blanes.cat\/salajove\/wp-json\/wp\/v2\/types\/post"}],"author":[{"embeddable":true,"href":"https:\/\/biblioteca.blanes.cat\/salajove\/wp-json\/wp\/v2\/users\/4"}],"replies":[{"embeddable":true,"href":"https:\/\/biblioteca.blanes.cat\/salajove\/wp-json\/wp\/v2\/comments?post=10215"}],"version-history":[{"count":6,"href":"https:\/\/biblioteca.blanes.cat\/salajove\/wp-json\/wp\/v2\/posts\/10215\/revisions"}],"predecessor-version":[{"id":10233,"href":"https:\/\/biblioteca.blanes.cat\/salajove\/wp-json\/wp\/v2\/posts\/10215\/revisions\/10233"}],"wp:featuredmedia":[{"embeddable":true,"href":"https:\/\/biblioteca.blanes.cat\/salajove\/wp-json\/wp\/v2\/media\/10216"}],"wp:attachment":[{"href":"https:\/\/biblioteca.blanes.cat\/salajove\/wp-json\/wp\/v2\/media?parent=10215"}],"wp:term":[{"taxonomy":"category","embeddable":true,"href":"https:\/\/biblioteca.blanes.cat\/salajove\/wp-json\/wp\/v2\/categories?post=10215"},{"taxonomy":"post_tag","embeddable":true,"href":"https:\/\/biblioteca.blanes.cat\/salajove\/wp-json\/wp\/v2\/tags?post=10215"}],"curies":[{"name":"wp","href":"https:\/\/api.w.org\/{rel}","templated":true}]}}