{"id":1018,"date":"2017-10-27T21:58:57","date_gmt":"2017-10-27T20:58:57","guid":{"rendered":"https:\/\/biblioteca.blanes.cat\/salajove\/?p=1018"},"modified":"2018-02-14T15:42:53","modified_gmt":"2018-02-14T14:42:53","slug":"__trashed","status":"publish","type":"post","link":"https:\/\/biblioteca.blanes.cat\/salajove\/2017\/10\/27\/__trashed\/","title":{"rendered":"EL MEU GERM\u00c0 PERSEGUEIX DINOSAURES de Giacomo Mazzariol"},"content":{"rendered":"<h4 style=\"text-align: justify;\"><img fetchpriority=\"high\" decoding=\"async\" class=\"alignright\" src=\"https:\/\/imagessl4.casadellibro.com\/a\/l\/t0\/04\/9788416588404.jpg\" width=\"287\" height=\"437\" \/>Especial. \u00c9s una paraula que s\u2019utilitza moltes vegades i en diferents circumst\u00e0ncies. \u00c9s una paraula que molt poques persones saben el veritable significat. Doncs b\u00e9, pels que no ho saben la paraula \u201cespecial\u201d nom\u00e9s t\u00e9 dos significats. Primer. Que es diferencia del que es normal, com\u00fa o general. I segon. Que \u00e9s molt adequat o propi per a un fi determinat.<br \/>\n Tothom t\u00e9 el seu punt de vista. Per\u00f2 des del meu propi veig que la paraula especial nom\u00e9s s\u2019utilitza per anomenar a les coses o persones que ens fan sentir diferents. I per aquest motiu pensem que s\u00f3n especials perqu\u00e8 no s\u2019assemblen a nosaltres. Aix\u00ed de senzill.<\/h4>\n<p>El meu germ\u00e0 persegueix dinosaures est\u00e0 escrit per Giacomo Mazzariol, un noi de 19 anys amb un germ\u00e0 amb la s\u00edndrome de Down. El llibre t\u00e9 poc m\u00e9s de 200 p\u00e0gines. Est\u00e0 escrit d\u2019una manera senzilla i propera.<\/p>\n<p>Tot comen\u00e7a quan en Giacomo Mazzariol va penjar al Youtube un curt en el que recreava una entrevista amb el seu germ\u00e0 Giovanni. El v\u00eddeo es va fer viral a It\u00e0lia fins al punt que el jove va escriure el llibre. Est\u00e0 narrat en primera persona i sense inventar-se res. El protagonista ens porta una tendra hist\u00f2ria on coneixerem la vida d\u2019en Giovanni des del seu naixement fins a l\u2019actualitat.<\/p>\n<p>Aquesta novel\u00b7la \u00e9s una hist\u00f2ria completament diferent de les que he llegit. Sovint quan estava entre les seves p\u00e0gines em venia a la mem\u00f2ria moments de la meva vida: petits records del meu germ\u00e0 i jo jugant les tardes d\u2019estiu i d\u2019hivern, dinars o sopars familiars, el dia de reis&#8230; No entenc ben b\u00e9 perqu\u00e8, per\u00f2 m\u2019agradava sentir-me aix\u00ed. Potser \u00e9s perqu\u00e8 la fam\u00edlia d\u2019en Giacomo s\u2019assembla a la meva o potser \u00e9s perqu\u00e8 la hist\u00f2ria \u00e9s tant senzilla i propera que m\u2019acollia com si form\u00e9s part d\u2019ella. No s\u00e9 si m\u2019enteneu, era una sensaci\u00f3 que em feia sentir com a casa.<\/p>\n<h4>El m\u00e9s original del llibre \u00e9s con\u00e8ixer de prop la vida d\u2019un nen amb la s\u00edndrome de Down i entendre-la des del punt de vista d\u2019un altre nen en el seu cam\u00ed cap a l\u2019adolesc\u00e8ncia. Acompanyem en Giacomo en el proc\u00e9s primer de negaci\u00f3 i despr\u00e9s d\u2019acceptaci\u00f3 del seu germ\u00e0 especial.<\/h4>\n<p>Si alguna cosa predomina entre les seves p\u00e0gines \u00e9s la tendresa. Des del proc\u00e9s d\u2019adaptaci\u00f3 d\u2019en Giacomo en els primers mesos de vida del seu germ\u00e0 fins a la multitud de grans moments que viu al seu costat. \u00c9s molt real: a m\u00e9s de mostrar el positivisme davant la situaci\u00f3 tamb\u00e9 mostra amb sinceritat els problemes als que s\u2019enfronta la seva fam\u00edlia.<\/p>\n<p>Els moments en els que Giacomo es mostra covard i vol ocultar el seu germ\u00e0 a ulls dels dem\u00e9s van ser la part m\u00e9s dura del llibre. Per\u00f2 aix\u00f2 \u00e9s va compensant amb la quantitat de moments que viu al seu costat posteriorment.<\/p>\n<p>I ara us poso aquesta frase, que per mi ho diu tot del llibre:<\/p>\n<h2 style=\"text-align: center;\">&#8220;La meva mare deia que estimar a un germ\u00e0 no significa escollir alg\u00fa a qui estimar: sin\u00f3 a trobar-te al teu costat a alg\u00fa a qui no has escollit i estimar-lo.&#8221;<\/h2>\n<p>I ara unes an\u00e8cdotes:<\/p>\n<p>*Giacomo Mazzariol va n\u00e9ixer l\u2019any 1997 a Castelfranco, on viu amb la seva fam\u00edlia.<\/p>\n<p>*El mar\u00e7 del 2015 va penjar a Youtube un curtmetratge The Simple Interview, gravat amb el seu germ\u00e0 petit Giovanni.<\/p>\n<p>*En el v\u00eddeo en Giacomo entrevistava al seu germ\u00e0 petit i en ell plasmava la meravellosa visi\u00f3 de la vida que tenia en Giovanni. El v\u00eddeo es va fer viral i va tenir molt d\u2019\u00e8xit en la premsa italiana.<\/p>\n<p>Penso que hauria de ser un llibre de lectura obligat\u00f2ria per tothom, et commou i et fa reflexionar molt.<\/p>\n<h2>L\u2019amor incondicional entre germans i l\u2019acceptaci\u00f3 de les difer\u00e8ncies, caminen de la m\u00e0 en una hist\u00f2ria tendra, fresca i f\u00e0cil de llegir que ajuda a con\u00e8ixer de prop el s\u00edndrome de Down des de la perspectiva d\u2019un adolescent.<\/h2>\n<p><a href=\"https:\/\/biblioteca.blanes.cat\/salajove\/club-lectura-jove\/\" target=\"_blank\" rel=\"noopener\"><img decoding=\"async\" class=\"aligncenter wp-image-560 size-large\" src=\"https:\/\/biblioteca.blanes.cat\/salajove\/wp-content\/uploads\/sites\/3\/2017\/12\/Slide-Club-de-Lectura-1024x124.png\" alt=\"Club de Lectura Jove\" width=\"750\" height=\"91\" srcset=\"https:\/\/biblioteca.blanes.cat\/salajove\/wp-content\/uploads\/sites\/3\/2017\/12\/Slide-Club-de-Lectura-1024x124.png 1024w, https:\/\/biblioteca.blanes.cat\/salajove\/wp-content\/uploads\/sites\/3\/2017\/12\/Slide-Club-de-Lectura-300x36.png 300w, https:\/\/biblioteca.blanes.cat\/salajove\/wp-content\/uploads\/sites\/3\/2017\/12\/Slide-Club-de-Lectura-768x93.png 768w\" sizes=\"(max-width: 750px) 100vw, 750px\" \/><\/a><\/p>\n","protected":false},"excerpt":{"rendered":"<p>Especial. \u00c9s una paraula que s\u2019utilitza moltes vegades i en diferents circumst\u00e0ncies. \u00c9s una paraula que molt poques persones saben el veritable significat. Doncs b\u00e9, pels que no ho saben la paraula \u201cespecial\u201d nom\u00e9s t\u00e9 dos significats. Primer. Que es<\/p>\n","protected":false},"author":6,"featured_media":154,"comment_status":"open","ping_status":"open","sticky":false,"template":"","format":"standard","meta":{"sfsi_plus_gutenberg_text_before_share":"","sfsi_plus_gutenberg_show_text_before_share":"","sfsi_plus_gutenberg_icon_type":"","sfsi_plus_gutenberg_icon_alignemt":"","sfsi_plus_gutenburg_max_per_row":"","footnotes":""},"categories":[9,28,10],"tags":[34,33,19],"class_list":["post-1018","post","type-post","status-publish","format-standard","has-post-thumbnail","hentry","category-raco-de-la-paula","category-rp_club-de-lectura","category-novetat","tag-blog-de-lectura","tag-el-raco-de-la-paula","tag-literatura"],"yoast_head":"<!-- This site is optimized with the Yoast SEO plugin v27.5 - https:\/\/yoast.com\/product\/yoast-seo-wordpress\/ -->\n<title>Sala jove: El meu germ\u00e0 persegueix dinosaures - Giacomo Mazzariol<\/title>\n<meta name=\"description\" content=\"El meu germ\u00e0 persegueix dinosaures est\u00e0 escrit per Giacomo Mazzariol, un noi de 19 anys amb un germ\u00e0 amb la s\u00edndrome de Down.\" \/>\n<meta name=\"robots\" content=\"index, follow, max-snippet:-1, max-image-preview:large, max-video-preview:-1\" \/>\n<link rel=\"canonical\" href=\"https:\/\/biblioteca.blanes.cat\/salajove\/2017\/10\/27\/__trashed\/\" \/>\n<meta property=\"og:locale\" content=\"ca_ES\" \/>\n<meta property=\"og:type\" content=\"article\" \/>\n<meta property=\"og:title\" content=\"Sala jove: El meu germ\u00e0 persegueix dinosaures - Giacomo Mazzariol\" \/>\n<meta property=\"og:description\" content=\"El meu germ\u00e0 persegueix dinosaures est\u00e0 escrit per Giacomo Mazzariol, un noi de 19 anys amb un germ\u00e0 amb la s\u00edndrome de Down.\" \/>\n<meta property=\"og:url\" content=\"https:\/\/biblioteca.blanes.cat\/salajove\/2017\/10\/27\/__trashed\/\" \/>\n<meta property=\"og:site_name\" content=\"Sala Jove\" \/>\n<meta property=\"article:publisher\" content=\"https:\/\/www.facebook.com\/BilbiotecaComarcaldeBlanes\/\" \/>\n<meta property=\"article:published_time\" content=\"2017-10-27T20:58:57+00:00\" \/>\n<meta property=\"article:modified_time\" content=\"2018-02-14T14:42:53+00:00\" \/>\n<meta property=\"og:image\" content=\"https:\/\/biblioteca.blanes.cat\/salajove\/wp-content\/uploads\/sites\/3\/2017\/10\/Destacat_rac\u00f3_Paula.png\" \/>\n\t<meta property=\"og:image:width\" content=\"3719\" \/>\n\t<meta property=\"og:image:height\" content=\"2265\" \/>\n\t<meta property=\"og:image:type\" content=\"image\/png\" \/>\n<meta name=\"author\" content=\"paula\" \/>\n<meta name=\"twitter:card\" content=\"summary_large_image\" \/>\n<meta name=\"twitter:creator\" content=\"@BiblioBlanes\" \/>\n<meta name=\"twitter:site\" content=\"@BiblioBlanes\" \/>\n<meta name=\"twitter:label1\" content=\"Escrit per\" \/>\n\t<meta name=\"twitter:data1\" content=\"paula\" \/>\n\t<meta name=\"twitter:label2\" content=\"Temps estimat de lectura\" \/>\n\t<meta name=\"twitter:data2\" content=\"4 minuts\" \/>\n<script type=\"application\/ld+json\" class=\"yoast-schema-graph\">{\"@context\":\"https:\\\/\\\/schema.org\",\"@graph\":[{\"@type\":\"Article\",\"@id\":\"https:\\\/\\\/biblioteca.blanes.cat\\\/salajove\\\/2017\\\/10\\\/27\\\/__trashed\\\/#article\",\"isPartOf\":{\"@id\":\"https:\\\/\\\/biblioteca.blanes.cat\\\/salajove\\\/2017\\\/10\\\/27\\\/__trashed\\\/\"},\"author\":{\"name\":\"paula\",\"@id\":\"https:\\\/\\\/biblioteca.blanes.cat\\\/salajove\\\/#\\\/schema\\\/person\\\/8dbc45cdf5d1c7e2d100d147517ba7f3\"},\"headline\":\"EL MEU GERM\u00c0 PERSEGUEIX DINOSAURES de Giacomo Mazzariol\",\"datePublished\":\"2017-10-27T20:58:57+00:00\",\"dateModified\":\"2018-02-14T14:42:53+00:00\",\"mainEntityOfPage\":{\"@id\":\"https:\\\/\\\/biblioteca.blanes.cat\\\/salajove\\\/2017\\\/10\\\/27\\\/__trashed\\\/\"},\"wordCount\":724,\"commentCount\":0,\"publisher\":{\"@id\":\"https:\\\/\\\/biblioteca.blanes.cat\\\/salajove\\\/#organization\"},\"image\":{\"@id\":\"https:\\\/\\\/biblioteca.blanes.cat\\\/salajove\\\/2017\\\/10\\\/27\\\/__trashed\\\/#primaryimage\"},\"thumbnailUrl\":\"https:\\\/\\\/biblioteca.blanes.cat\\\/salajove\\\/wp-content\\\/uploads\\\/sites\\\/3\\\/2017\\\/10\\\/Destacat_rac\u00f3_Paula.png\",\"keywords\":[\"#BlogdeLectura\",\"#ElRac\u00f3delaPaula\",\"#Literatura\"],\"articleSection\":[\"Rac\u00f3 de la Paula\",\"RP_Club de Lectura\",\"RP_Novetat\"],\"inLanguage\":\"ca\",\"potentialAction\":[{\"@type\":\"CommentAction\",\"name\":\"Comment\",\"target\":[\"https:\\\/\\\/biblioteca.blanes.cat\\\/salajove\\\/2017\\\/10\\\/27\\\/__trashed\\\/#respond\"]}]},{\"@type\":\"WebPage\",\"@id\":\"https:\\\/\\\/biblioteca.blanes.cat\\\/salajove\\\/2017\\\/10\\\/27\\\/__trashed\\\/\",\"url\":\"https:\\\/\\\/biblioteca.blanes.cat\\\/salajove\\\/2017\\\/10\\\/27\\\/__trashed\\\/\",\"name\":\"Sala jove: El meu germ\u00e0 persegueix dinosaures - Giacomo Mazzariol\",\"isPartOf\":{\"@id\":\"https:\\\/\\\/biblioteca.blanes.cat\\\/salajove\\\/#website\"},\"primaryImageOfPage\":{\"@id\":\"https:\\\/\\\/biblioteca.blanes.cat\\\/salajove\\\/2017\\\/10\\\/27\\\/__trashed\\\/#primaryimage\"},\"image\":{\"@id\":\"https:\\\/\\\/biblioteca.blanes.cat\\\/salajove\\\/2017\\\/10\\\/27\\\/__trashed\\\/#primaryimage\"},\"thumbnailUrl\":\"https:\\\/\\\/biblioteca.blanes.cat\\\/salajove\\\/wp-content\\\/uploads\\\/sites\\\/3\\\/2017\\\/10\\\/Destacat_rac\u00f3_Paula.png\",\"datePublished\":\"2017-10-27T20:58:57+00:00\",\"dateModified\":\"2018-02-14T14:42:53+00:00\",\"description\":\"El meu germ\u00e0 persegueix dinosaures est\u00e0 escrit per Giacomo Mazzariol, un noi de 19 anys amb un germ\u00e0 amb la s\u00edndrome de Down.\",\"breadcrumb\":{\"@id\":\"https:\\\/\\\/biblioteca.blanes.cat\\\/salajove\\\/2017\\\/10\\\/27\\\/__trashed\\\/#breadcrumb\"},\"inLanguage\":\"ca\",\"potentialAction\":[{\"@type\":\"ReadAction\",\"target\":[\"https:\\\/\\\/biblioteca.blanes.cat\\\/salajove\\\/2017\\\/10\\\/27\\\/__trashed\\\/\"]}]},{\"@type\":\"ImageObject\",\"inLanguage\":\"ca\",\"@id\":\"https:\\\/\\\/biblioteca.blanes.cat\\\/salajove\\\/2017\\\/10\\\/27\\\/__trashed\\\/#primaryimage\",\"url\":\"https:\\\/\\\/biblioteca.blanes.cat\\\/salajove\\\/wp-content\\\/uploads\\\/sites\\\/3\\\/2017\\\/10\\\/Destacat_rac\u00f3_Paula.png\",\"contentUrl\":\"https:\\\/\\\/biblioteca.blanes.cat\\\/salajove\\\/wp-content\\\/uploads\\\/sites\\\/3\\\/2017\\\/10\\\/Destacat_rac\u00f3_Paula.png\",\"width\":3719,\"height\":2265,\"caption\":\"Rac\u00f3 de la Paula\"},{\"@type\":\"BreadcrumbList\",\"@id\":\"https:\\\/\\\/biblioteca.blanes.cat\\\/salajove\\\/2017\\\/10\\\/27\\\/__trashed\\\/#breadcrumb\",\"itemListElement\":[{\"@type\":\"ListItem\",\"position\":1,\"name\":\"Inici\",\"item\":\"https:\\\/\\\/biblioteca.blanes.cat\\\/salajove\\\/\"},{\"@type\":\"ListItem\",\"position\":2,\"name\":\"EL MEU GERM\u00c0 PERSEGUEIX DINOSAURES de Giacomo Mazzariol\"}]},{\"@type\":\"WebSite\",\"@id\":\"https:\\\/\\\/biblioteca.blanes.cat\\\/salajove\\\/#website\",\"url\":\"https:\\\/\\\/biblioteca.blanes.cat\\\/salajove\\\/\",\"name\":\"Sala Jove\",\"description\":\"Biblioteca Comarcal de Blanes\",\"publisher\":{\"@id\":\"https:\\\/\\\/biblioteca.blanes.cat\\\/salajove\\\/#organization\"},\"potentialAction\":[{\"@type\":\"SearchAction\",\"target\":{\"@type\":\"EntryPoint\",\"urlTemplate\":\"https:\\\/\\\/biblioteca.blanes.cat\\\/salajove\\\/?s={search_term_string}\"},\"query-input\":{\"@type\":\"PropertyValueSpecification\",\"valueRequired\":true,\"valueName\":\"search_term_string\"}}],\"inLanguage\":\"ca\"},{\"@type\":\"Organization\",\"@id\":\"https:\\\/\\\/biblioteca.blanes.cat\\\/salajove\\\/#organization\",\"name\":\"Biblioteca Comarcal de Blanes\",\"url\":\"https:\\\/\\\/biblioteca.blanes.cat\\\/salajove\\\/\",\"logo\":{\"@type\":\"ImageObject\",\"inLanguage\":\"ca\",\"@id\":\"https:\\\/\\\/biblioteca.blanes.cat\\\/salajove\\\/#\\\/schema\\\/logo\\\/image\\\/\",\"url\":\"https:\\\/\\\/biblioteca.blanes.cat\\\/salajove\\\/wp-content\\\/uploads\\\/sites\\\/3\\\/2017\\\/09\\\/cropped-Bib-blau-e1518869380535.png\",\"contentUrl\":\"https:\\\/\\\/biblioteca.blanes.cat\\\/salajove\\\/wp-content\\\/uploads\\\/sites\\\/3\\\/2017\\\/09\\\/cropped-Bib-blau-e1518869380535.png\",\"width\":166,\"height\":166,\"caption\":\"Biblioteca Comarcal de Blanes\"},\"image\":{\"@id\":\"https:\\\/\\\/biblioteca.blanes.cat\\\/salajove\\\/#\\\/schema\\\/logo\\\/image\\\/\"},\"sameAs\":[\"https:\\\/\\\/www.facebook.com\\\/BilbiotecaComarcaldeBlanes\\\/\",\"https:\\\/\\\/x.com\\\/BiblioBlanes\",\"https:\\\/\\\/www.instagram.com\\\/biblioblanes\\\/\",\"https:\\\/\\\/www.pinterest.es\\\/bblanes\\\/\",\"https:\\\/\\\/www.youtube.com\\\/c\\\/BibliotecaComarcalBlanes\"]},{\"@type\":\"Person\",\"@id\":\"https:\\\/\\\/biblioteca.blanes.cat\\\/salajove\\\/#\\\/schema\\\/person\\\/8dbc45cdf5d1c7e2d100d147517ba7f3\",\"name\":\"paula\",\"image\":{\"@type\":\"ImageObject\",\"inLanguage\":\"ca\",\"@id\":\"https:\\\/\\\/secure.gravatar.com\\\/avatar\\\/7dc0a9399589f36ddc6864e8335b73854871aa22921ee390cb50776e7ddfc136?s=96&d=mm&r=g\",\"url\":\"https:\\\/\\\/secure.gravatar.com\\\/avatar\\\/7dc0a9399589f36ddc6864e8335b73854871aa22921ee390cb50776e7ddfc136?s=96&d=mm&r=g\",\"contentUrl\":\"https:\\\/\\\/secure.gravatar.com\\\/avatar\\\/7dc0a9399589f36ddc6864e8335b73854871aa22921ee390cb50776e7ddfc136?s=96&d=mm&r=g\",\"caption\":\"paula\"},\"url\":\"https:\\\/\\\/biblioteca.blanes.cat\\\/salajove\\\/author\\\/paula\\\/\"}]}<\/script>\n<!-- \/ Yoast SEO plugin. -->","yoast_head_json":{"title":"Sala jove: El meu germ\u00e0 persegueix dinosaures - Giacomo Mazzariol","description":"El meu germ\u00e0 persegueix dinosaures est\u00e0 escrit per Giacomo Mazzariol, un noi de 19 anys amb un germ\u00e0 amb la s\u00edndrome de Down.","robots":{"index":"index","follow":"follow","max-snippet":"max-snippet:-1","max-image-preview":"max-image-preview:large","max-video-preview":"max-video-preview:-1"},"canonical":"https:\/\/biblioteca.blanes.cat\/salajove\/2017\/10\/27\/__trashed\/","og_locale":"ca_ES","og_type":"article","og_title":"Sala jove: El meu germ\u00e0 persegueix dinosaures - Giacomo Mazzariol","og_description":"El meu germ\u00e0 persegueix dinosaures est\u00e0 escrit per Giacomo Mazzariol, un noi de 19 anys amb un germ\u00e0 amb la s\u00edndrome de Down.","og_url":"https:\/\/biblioteca.blanes.cat\/salajove\/2017\/10\/27\/__trashed\/","og_site_name":"Sala Jove","article_publisher":"https:\/\/www.facebook.com\/BilbiotecaComarcaldeBlanes\/","article_published_time":"2017-10-27T20:58:57+00:00","article_modified_time":"2018-02-14T14:42:53+00:00","og_image":[{"width":3719,"height":2265,"url":"https:\/\/biblioteca.blanes.cat\/salajove\/wp-content\/uploads\/sites\/3\/2017\/10\/Destacat_rac\u00f3_Paula.png","type":"image\/png"}],"author":"paula","twitter_card":"summary_large_image","twitter_creator":"@BiblioBlanes","twitter_site":"@BiblioBlanes","twitter_misc":{"Escrit per":"paula","Temps estimat de lectura":"4 minuts"},"schema":{"@context":"https:\/\/schema.org","@graph":[{"@type":"Article","@id":"https:\/\/biblioteca.blanes.cat\/salajove\/2017\/10\/27\/__trashed\/#article","isPartOf":{"@id":"https:\/\/biblioteca.blanes.cat\/salajove\/2017\/10\/27\/__trashed\/"},"author":{"name":"paula","@id":"https:\/\/biblioteca.blanes.cat\/salajove\/#\/schema\/person\/8dbc45cdf5d1c7e2d100d147517ba7f3"},"headline":"EL MEU GERM\u00c0 PERSEGUEIX DINOSAURES de Giacomo Mazzariol","datePublished":"2017-10-27T20:58:57+00:00","dateModified":"2018-02-14T14:42:53+00:00","mainEntityOfPage":{"@id":"https:\/\/biblioteca.blanes.cat\/salajove\/2017\/10\/27\/__trashed\/"},"wordCount":724,"commentCount":0,"publisher":{"@id":"https:\/\/biblioteca.blanes.cat\/salajove\/#organization"},"image":{"@id":"https:\/\/biblioteca.blanes.cat\/salajove\/2017\/10\/27\/__trashed\/#primaryimage"},"thumbnailUrl":"https:\/\/biblioteca.blanes.cat\/salajove\/wp-content\/uploads\/sites\/3\/2017\/10\/Destacat_rac\u00f3_Paula.png","keywords":["#BlogdeLectura","#ElRac\u00f3delaPaula","#Literatura"],"articleSection":["Rac\u00f3 de la Paula","RP_Club de Lectura","RP_Novetat"],"inLanguage":"ca","potentialAction":[{"@type":"CommentAction","name":"Comment","target":["https:\/\/biblioteca.blanes.cat\/salajove\/2017\/10\/27\/__trashed\/#respond"]}]},{"@type":"WebPage","@id":"https:\/\/biblioteca.blanes.cat\/salajove\/2017\/10\/27\/__trashed\/","url":"https:\/\/biblioteca.blanes.cat\/salajove\/2017\/10\/27\/__trashed\/","name":"Sala jove: El meu germ\u00e0 persegueix dinosaures - Giacomo Mazzariol","isPartOf":{"@id":"https:\/\/biblioteca.blanes.cat\/salajove\/#website"},"primaryImageOfPage":{"@id":"https:\/\/biblioteca.blanes.cat\/salajove\/2017\/10\/27\/__trashed\/#primaryimage"},"image":{"@id":"https:\/\/biblioteca.blanes.cat\/salajove\/2017\/10\/27\/__trashed\/#primaryimage"},"thumbnailUrl":"https:\/\/biblioteca.blanes.cat\/salajove\/wp-content\/uploads\/sites\/3\/2017\/10\/Destacat_rac\u00f3_Paula.png","datePublished":"2017-10-27T20:58:57+00:00","dateModified":"2018-02-14T14:42:53+00:00","description":"El meu germ\u00e0 persegueix dinosaures est\u00e0 escrit per Giacomo Mazzariol, un noi de 19 anys amb un germ\u00e0 amb la s\u00edndrome de Down.","breadcrumb":{"@id":"https:\/\/biblioteca.blanes.cat\/salajove\/2017\/10\/27\/__trashed\/#breadcrumb"},"inLanguage":"ca","potentialAction":[{"@type":"ReadAction","target":["https:\/\/biblioteca.blanes.cat\/salajove\/2017\/10\/27\/__trashed\/"]}]},{"@type":"ImageObject","inLanguage":"ca","@id":"https:\/\/biblioteca.blanes.cat\/salajove\/2017\/10\/27\/__trashed\/#primaryimage","url":"https:\/\/biblioteca.blanes.cat\/salajove\/wp-content\/uploads\/sites\/3\/2017\/10\/Destacat_rac\u00f3_Paula.png","contentUrl":"https:\/\/biblioteca.blanes.cat\/salajove\/wp-content\/uploads\/sites\/3\/2017\/10\/Destacat_rac\u00f3_Paula.png","width":3719,"height":2265,"caption":"Rac\u00f3 de la Paula"},{"@type":"BreadcrumbList","@id":"https:\/\/biblioteca.blanes.cat\/salajove\/2017\/10\/27\/__trashed\/#breadcrumb","itemListElement":[{"@type":"ListItem","position":1,"name":"Inici","item":"https:\/\/biblioteca.blanes.cat\/salajove\/"},{"@type":"ListItem","position":2,"name":"EL MEU GERM\u00c0 PERSEGUEIX DINOSAURES de Giacomo Mazzariol"}]},{"@type":"WebSite","@id":"https:\/\/biblioteca.blanes.cat\/salajove\/#website","url":"https:\/\/biblioteca.blanes.cat\/salajove\/","name":"Sala Jove","description":"Biblioteca Comarcal de Blanes","publisher":{"@id":"https:\/\/biblioteca.blanes.cat\/salajove\/#organization"},"potentialAction":[{"@type":"SearchAction","target":{"@type":"EntryPoint","urlTemplate":"https:\/\/biblioteca.blanes.cat\/salajove\/?s={search_term_string}"},"query-input":{"@type":"PropertyValueSpecification","valueRequired":true,"valueName":"search_term_string"}}],"inLanguage":"ca"},{"@type":"Organization","@id":"https:\/\/biblioteca.blanes.cat\/salajove\/#organization","name":"Biblioteca Comarcal de Blanes","url":"https:\/\/biblioteca.blanes.cat\/salajove\/","logo":{"@type":"ImageObject","inLanguage":"ca","@id":"https:\/\/biblioteca.blanes.cat\/salajove\/#\/schema\/logo\/image\/","url":"https:\/\/biblioteca.blanes.cat\/salajove\/wp-content\/uploads\/sites\/3\/2017\/09\/cropped-Bib-blau-e1518869380535.png","contentUrl":"https:\/\/biblioteca.blanes.cat\/salajove\/wp-content\/uploads\/sites\/3\/2017\/09\/cropped-Bib-blau-e1518869380535.png","width":166,"height":166,"caption":"Biblioteca Comarcal de Blanes"},"image":{"@id":"https:\/\/biblioteca.blanes.cat\/salajove\/#\/schema\/logo\/image\/"},"sameAs":["https:\/\/www.facebook.com\/BilbiotecaComarcaldeBlanes\/","https:\/\/x.com\/BiblioBlanes","https:\/\/www.instagram.com\/biblioblanes\/","https:\/\/www.pinterest.es\/bblanes\/","https:\/\/www.youtube.com\/c\/BibliotecaComarcalBlanes"]},{"@type":"Person","@id":"https:\/\/biblioteca.blanes.cat\/salajove\/#\/schema\/person\/8dbc45cdf5d1c7e2d100d147517ba7f3","name":"paula","image":{"@type":"ImageObject","inLanguage":"ca","@id":"https:\/\/secure.gravatar.com\/avatar\/7dc0a9399589f36ddc6864e8335b73854871aa22921ee390cb50776e7ddfc136?s=96&d=mm&r=g","url":"https:\/\/secure.gravatar.com\/avatar\/7dc0a9399589f36ddc6864e8335b73854871aa22921ee390cb50776e7ddfc136?s=96&d=mm&r=g","contentUrl":"https:\/\/secure.gravatar.com\/avatar\/7dc0a9399589f36ddc6864e8335b73854871aa22921ee390cb50776e7ddfc136?s=96&d=mm&r=g","caption":"paula"},"url":"https:\/\/biblioteca.blanes.cat\/salajove\/author\/paula\/"}]}},"_links":{"self":[{"href":"https:\/\/biblioteca.blanes.cat\/salajove\/wp-json\/wp\/v2\/posts\/1018","targetHints":{"allow":["GET"]}}],"collection":[{"href":"https:\/\/biblioteca.blanes.cat\/salajove\/wp-json\/wp\/v2\/posts"}],"about":[{"href":"https:\/\/biblioteca.blanes.cat\/salajove\/wp-json\/wp\/v2\/types\/post"}],"author":[{"embeddable":true,"href":"https:\/\/biblioteca.blanes.cat\/salajove\/wp-json\/wp\/v2\/users\/6"}],"replies":[{"embeddable":true,"href":"https:\/\/biblioteca.blanes.cat\/salajove\/wp-json\/wp\/v2\/comments?post=1018"}],"version-history":[{"count":9,"href":"https:\/\/biblioteca.blanes.cat\/salajove\/wp-json\/wp\/v2\/posts\/1018\/revisions"}],"predecessor-version":[{"id":1041,"href":"https:\/\/biblioteca.blanes.cat\/salajove\/wp-json\/wp\/v2\/posts\/1018\/revisions\/1041"}],"wp:featuredmedia":[{"embeddable":true,"href":"https:\/\/biblioteca.blanes.cat\/salajove\/wp-json\/wp\/v2\/media\/154"}],"wp:attachment":[{"href":"https:\/\/biblioteca.blanes.cat\/salajove\/wp-json\/wp\/v2\/media?parent=1018"}],"wp:term":[{"taxonomy":"category","embeddable":true,"href":"https:\/\/biblioteca.blanes.cat\/salajove\/wp-json\/wp\/v2\/categories?post=1018"},{"taxonomy":"post_tag","embeddable":true,"href":"https:\/\/biblioteca.blanes.cat\/salajove\/wp-json\/wp\/v2\/tags?post=1018"}],"curies":[{"name":"wp","href":"https:\/\/api.w.org\/{rel}","templated":true}]}}