{"id":10155,"date":"2025-11-03T10:12:00","date_gmt":"2025-11-03T09:12:00","guid":{"rendered":"https:\/\/biblioteca.blanes.cat\/salajove\/?p=10155"},"modified":"2025-10-24T17:55:01","modified_gmt":"2025-10-24T16:55:01","slug":"novetats-novembre-2025","status":"publish","type":"post","link":"https:\/\/biblioteca.blanes.cat\/salajove\/2025\/11\/03\/novetats-novembre-2025\/","title":{"rendered":"Novetats: NOVEMBRE 2025"},"content":{"rendered":"\n<h1><strong data-rich-text-format-boundary=\"true\">Biblioteca Jove Blanes \u2013 Novetats novembre<\/strong><\/h1>\n<p>Us presentem les novetats de la Sala Jove del mes de novembre: novel\u00b7les, c\u00f2mic, centres d\u2019inter\u00e8s (inclosos Mar i Dansa), audiovisuals i mat\u00e8ries.<\/p>\n<h1 style=\"text-align: center;\"><strong>NOVEL\u00b7LES<\/strong><\/h1>\n<div id='gallery-1' class='gallery galleryid-10155 gallery-columns-3 gallery-size-medium'><figure class='gallery-item'>\n\t\t\t<div class='gallery-icon portrait'>\n\t\t\t\t<a href='https:\/\/biblioteca.blanes.cat\/salajove\/2025\/11\/03\/novetats-novembre-2025\/bescos-garcia-estela-besos-de-canela-y-hielo\/'><img fetchpriority=\"high\" decoding=\"async\" width=\"189\" height=\"267\" src=\"https:\/\/biblioteca.blanes.cat\/salajove\/wp-content\/uploads\/sites\/3\/2025\/10\/BESCOS-GARCIA-Estela.-Besos-de-canela-y-hielo.jpg\" class=\"attachment-medium size-medium\" alt=\"\" \/><\/a>\n\t\t\t<\/div><\/figure><figure class='gallery-item'>\n\t\t\t<div class='gallery-icon portrait'>\n\t\t\t\t<a href='https:\/\/biblioteca.blanes.cat\/salajove\/2025\/11\/03\/novetats-novembre-2025\/black-holy-muneca-de-huesos\/'><img decoding=\"async\" width=\"179\" height=\"282\" src=\"https:\/\/biblioteca.blanes.cat\/salajove\/wp-content\/uploads\/sites\/3\/2025\/10\/BLACK-Holy.-Muneca-de-huesos.jpg\" class=\"attachment-medium size-medium\" alt=\"\" \/><\/a>\n\t\t\t<\/div><\/figure><figure class='gallery-item'>\n\t\t\t<div class='gallery-icon portrait'>\n\t\t\t\t<a href='https:\/\/biblioteca.blanes.cat\/salajove\/2025\/11\/03\/novetats-novembre-2025\/bolta-m-jesus-atena-tespera\/'><img decoding=\"async\" width=\"186\" height=\"272\" src=\"https:\/\/biblioteca.blanes.cat\/salajove\/wp-content\/uploads\/sites\/3\/2025\/10\/BOLTA-M.-Jesus.-Atena-tespera.jpg\" class=\"attachment-medium size-medium\" alt=\"\" \/><\/a>\n\t\t\t<\/div><\/figure><figure class='gallery-item'>\n\t\t\t<div class='gallery-icon portrait'>\n\t\t\t\t<a href='https:\/\/biblioteca.blanes.cat\/salajove\/2025\/11\/03\/novetats-novembre-2025\/cortes-jesus-per-cent-corones\/'><img loading=\"lazy\" decoding=\"async\" width=\"179\" height=\"282\" src=\"https:\/\/biblioteca.blanes.cat\/salajove\/wp-content\/uploads\/sites\/3\/2025\/10\/CORTES-Jesus.-Per-cent-corones.jpg\" class=\"attachment-medium size-medium\" alt=\"\" \/><\/a>\n\t\t\t<\/div><\/figure><figure class='gallery-item'>\n\t\t\t<div class='gallery-icon portrait'>\n\t\t\t\t<a href='https:\/\/biblioteca.blanes.cat\/salajove\/2025\/11\/03\/novetats-novembre-2025\/gillilg-rachel-una-ventana-a-la-oscuridad\/'><img loading=\"lazy\" decoding=\"async\" width=\"185\" height=\"272\" src=\"https:\/\/biblioteca.blanes.cat\/salajove\/wp-content\/uploads\/sites\/3\/2025\/10\/GILLILG-Rachel.-Una-Ventana-a-la-oscuridad.jpg\" class=\"attachment-medium size-medium\" alt=\"\" \/><\/a>\n\t\t\t<\/div><\/figure><figure class='gallery-item'>\n\t\t\t<div class='gallery-icon portrait'>\n\t\t\t\t<a href='https:\/\/biblioteca.blanes.cat\/salajove\/2025\/11\/03\/novetats-novembre-2025\/jones-diana-wyne-el-castell-de-laire\/'><img loading=\"lazy\" decoding=\"async\" width=\"183\" height=\"275\" src=\"https:\/\/biblioteca.blanes.cat\/salajove\/wp-content\/uploads\/sites\/3\/2025\/10\/JONES-Diana-Wyne.-El-Castell-de-laire.jpg\" class=\"attachment-medium size-medium\" alt=\"\" \/><\/a>\n\t\t\t<\/div><\/figure><figure class='gallery-item'>\n\t\t\t<div class='gallery-icon portrait'>\n\t\t\t\t<a href='https:\/\/biblioteca.blanes.cat\/salajove\/2025\/11\/03\/novetats-novembre-2025\/kingfisher-t-illuminacions\/'><img loading=\"lazy\" decoding=\"async\" width=\"183\" height=\"275\" src=\"https:\/\/biblioteca.blanes.cat\/salajove\/wp-content\/uploads\/sites\/3\/2025\/10\/KINGFISHER-T.-Illuminacions.jpg\" class=\"attachment-medium size-medium\" alt=\"\" \/><\/a>\n\t\t\t<\/div><\/figure><figure class='gallery-item'>\n\t\t\t<div class='gallery-icon portrait'>\n\t\t\t\t<a href='https:\/\/biblioteca.blanes.cat\/salajove\/2025\/11\/03\/novetats-novembre-2025\/llorca-sureda-enriqueta-una-aventura-entre-el-mar-y-el-cielo-el-extraordinario-viaje-de-escafi-y-fosca\/'><img loading=\"lazy\" decoding=\"async\" width=\"182\" height=\"277\" src=\"https:\/\/biblioteca.blanes.cat\/salajove\/wp-content\/uploads\/sites\/3\/2025\/10\/LLORCA-SUREDA-Enriqueta.-Una-Aventura-entre-el-mar-y-el-cielo-el-extraordinario-viaje-de-Escafi-y-Fosca.jpg\" class=\"attachment-medium size-medium\" alt=\"\" \/><\/a>\n\t\t\t<\/div><\/figure><figure class='gallery-item'>\n\t\t\t<div class='gallery-icon portrait'>\n\t\t\t\t<a href='https:\/\/biblioteca.blanes.cat\/salajove\/2025\/11\/03\/novetats-novembre-2025\/lunde-maja-la-travesia\/'><img loading=\"lazy\" decoding=\"async\" width=\"190\" height=\"265\" src=\"https:\/\/biblioteca.blanes.cat\/salajove\/wp-content\/uploads\/sites\/3\/2025\/10\/LUNDE-Maja.-La-Travesia.jpg\" class=\"attachment-medium size-medium\" alt=\"\" \/><\/a>\n\t\t\t<\/div><\/figure><figure class='gallery-item'>\n\t\t\t<div class='gallery-icon portrait'>\n\t\t\t\t<a href='https:\/\/biblioteca.blanes.cat\/salajove\/2025\/11\/03\/novetats-novembre-2025\/rodrigo-irene-lunivers-de-les-idees-perdudes\/'><img loading=\"lazy\" decoding=\"async\" width=\"179\" height=\"282\" src=\"https:\/\/biblioteca.blanes.cat\/salajove\/wp-content\/uploads\/sites\/3\/2025\/10\/RODRIGO-Irene.-LUnivers-de-les-idees-perdudes.jpg\" class=\"attachment-medium size-medium\" alt=\"\" \/><\/a>\n\t\t\t<\/div><\/figure><figure class='gallery-item'>\n\t\t\t<div class='gallery-icon portrait'>\n\t\t\t\t<a href='https:\/\/biblioteca.blanes.cat\/salajove\/2025\/11\/03\/novetats-novembre-2025\/sanhermelando-vicent-lany-de-la-rata\/'><img loading=\"lazy\" decoding=\"async\" width=\"191\" height=\"263\" src=\"https:\/\/biblioteca.blanes.cat\/salajove\/wp-content\/uploads\/sites\/3\/2025\/10\/SANHERMELANDO-Vicent.-LAny-de-la-rata.jpg\" class=\"attachment-medium size-medium\" alt=\"\" \/><\/a>\n\t\t\t<\/div><\/figure>\n\t\t<\/div>\n\n<h1 style=\"text-align: center;\"><strong>C\u00d2MIC<\/strong><\/h1>\n<div id='gallery-2' class='gallery galleryid-10155 gallery-columns-3 gallery-size-medium'><figure class='gallery-item'>\n\t\t\t<div class='gallery-icon portrait'>\n\t\t\t\t<a href='https:\/\/biblioteca.blanes.cat\/salajove\/2025\/11\/03\/novetats-novembre-2025\/akutami-gege-jujutsu-kaisen-guerra-de-hechiceros-19\/'><img loading=\"lazy\" decoding=\"async\" width=\"183\" height=\"275\" src=\"https:\/\/biblioteca.blanes.cat\/salajove\/wp-content\/uploads\/sites\/3\/2025\/10\/AKUTAMI-Gege.-Jujutsu-kaisen-guerra-de-hechiceros-19.jpg\" class=\"attachment-medium size-medium\" alt=\"\" \/><\/a>\n\t\t\t<\/div><\/figure><figure class='gallery-item'>\n\t\t\t<div class='gallery-icon portrait'>\n\t\t\t\t<a href='https:\/\/biblioteca.blanes.cat\/salajove\/2025\/11\/03\/novetats-novembre-2025\/akutami-gege-jujutsu-kaisen-guerra-de-hechiceros-20\/'><img loading=\"lazy\" decoding=\"async\" width=\"182\" height=\"277\" src=\"https:\/\/biblioteca.blanes.cat\/salajove\/wp-content\/uploads\/sites\/3\/2025\/10\/AKUTAMI-Gege.-Jujutsu-kaisen-guerra-de-hechiceros-20.jpg\" class=\"attachment-medium size-medium\" alt=\"\" \/><\/a>\n\t\t\t<\/div><\/figure><figure class='gallery-item'>\n\t\t\t<div class='gallery-icon portrait'>\n\t\t\t\t<a href='https:\/\/biblioteca.blanes.cat\/salajove\/2025\/11\/03\/novetats-novembre-2025\/akutami-gege-jujutsu-kaisen-guerra-de-hechiceros-18\/'><img loading=\"lazy\" decoding=\"async\" width=\"182\" height=\"277\" src=\"https:\/\/biblioteca.blanes.cat\/salajove\/wp-content\/uploads\/sites\/3\/2025\/10\/AKUTAMI-Gege.-Jujutsu-kaisen-guerra-de-hechiceros-18.jpg\" class=\"attachment-medium size-medium\" alt=\"\" \/><\/a>\n\t\t\t<\/div><\/figure><figure class='gallery-item'>\n\t\t\t<div class='gallery-icon portrait'>\n\t\t\t\t<a href='https:\/\/biblioteca.blanes.cat\/salajove\/2025\/11\/03\/novetats-novembre-2025\/comotto-agustin-oikia-relats-dinfantesa\/'><img loading=\"lazy\" decoding=\"async\" width=\"201\" height=\"251\" src=\"https:\/\/biblioteca.blanes.cat\/salajove\/wp-content\/uploads\/sites\/3\/2025\/10\/COMOTTO-Agustin.-Oikia-relats-dinfantesa.jpg\" class=\"attachment-medium size-medium\" alt=\"\" \/><\/a>\n\t\t\t<\/div><\/figure><figure class='gallery-item'>\n\t\t\t<div class='gallery-icon portrait'>\n\t\t\t\t<a href='https:\/\/biblioteca.blanes.cat\/salajove\/2025\/11\/03\/novetats-novembre-2025\/duarte-isa-vulpes\/'><img loading=\"lazy\" decoding=\"async\" width=\"190\" height=\"265\" src=\"https:\/\/biblioteca.blanes.cat\/salajove\/wp-content\/uploads\/sites\/3\/2025\/10\/DUARTE-Isa.-Vulpes.jpg\" class=\"attachment-medium size-medium\" alt=\"\" \/><\/a>\n\t\t\t<\/div><\/figure><figure class='gallery-item'>\n\t\t\t<div class='gallery-icon portrait'>\n\t\t\t\t<a href='https:\/\/biblioteca.blanes.cat\/salajove\/2025\/11\/03\/novetats-novembre-2025\/gotouge-koyoharu-guardians-de-la-nit-vol-17\/'><img loading=\"lazy\" decoding=\"async\" width=\"181\" height=\"279\" src=\"https:\/\/biblioteca.blanes.cat\/salajove\/wp-content\/uploads\/sites\/3\/2025\/10\/GOTOUGE-Koyoharu.-Guardians-de-la-nit-vol.-17.jpg\" class=\"attachment-medium size-medium\" alt=\"\" \/><\/a>\n\t\t\t<\/div><\/figure><figure class='gallery-item'>\n\t\t\t<div class='gallery-icon portrait'>\n\t\t\t\t<a href='https:\/\/biblioteca.blanes.cat\/salajove\/2025\/11\/03\/novetats-novembre-2025\/gotouge-koyoharu-guardians-de-la-nit-vol-18\/'><img loading=\"lazy\" decoding=\"async\" width=\"182\" height=\"277\" src=\"https:\/\/biblioteca.blanes.cat\/salajove\/wp-content\/uploads\/sites\/3\/2025\/10\/GOTOUGE-Koyoharu.-Guardians-de-la-nit-vol.-18.jpg\" class=\"attachment-medium size-medium\" alt=\"\" \/><\/a>\n\t\t\t<\/div><\/figure><figure class='gallery-item'>\n\t\t\t<div class='gallery-icon portrait'>\n\t\t\t\t<a href='https:\/\/biblioteca.blanes.cat\/salajove\/2025\/11\/03\/novetats-novembre-2025\/gotouge-koyoharu-guardians-de-la-nit-vol-19\/'><img loading=\"lazy\" decoding=\"async\" width=\"182\" height=\"277\" src=\"https:\/\/biblioteca.blanes.cat\/salajove\/wp-content\/uploads\/sites\/3\/2025\/10\/GOTOUGE-Koyoharu.-Guardians-de-la-nit-vol.-19.jpg\" class=\"attachment-medium size-medium\" alt=\"\" \/><\/a>\n\t\t\t<\/div><\/figure><figure class='gallery-item'>\n\t\t\t<div class='gallery-icon portrait'>\n\t\t\t\t<a href='https:\/\/biblioteca.blanes.cat\/salajove\/2025\/11\/03\/novetats-novembre-2025\/valente-tony-radiant-vol-13\/'><img loading=\"lazy\" decoding=\"async\" width=\"183\" height=\"275\" src=\"https:\/\/biblioteca.blanes.cat\/salajove\/wp-content\/uploads\/sites\/3\/2025\/10\/VALENTE-Tony.-Radiant-vol.-13.jpg\" class=\"attachment-medium size-medium\" alt=\"\" \/><\/a>\n\t\t\t<\/div><\/figure><figure class='gallery-item'>\n\t\t\t<div class='gallery-icon portrait'>\n\t\t\t\t<a href='https:\/\/biblioteca.blanes.cat\/salajove\/2025\/11\/03\/novetats-novembre-2025\/valente-tony-radiant-vol-14\/'><img loading=\"lazy\" decoding=\"async\" width=\"183\" height=\"275\" src=\"https:\/\/biblioteca.blanes.cat\/salajove\/wp-content\/uploads\/sites\/3\/2025\/10\/VALENTE-Tony.-Radiant-vol.-14.jpg\" class=\"attachment-medium size-medium\" alt=\"\" \/><\/a>\n\t\t\t<\/div><\/figure><figure class='gallery-item'>\n\t\t\t<div class='gallery-icon portrait'>\n\t\t\t\t<a href='https:\/\/biblioteca.blanes.cat\/salajove\/2025\/11\/03\/novetats-novembre-2025\/valente-tony-radiant-vol-15\/'><img loading=\"lazy\" decoding=\"async\" width=\"183\" height=\"275\" src=\"https:\/\/biblioteca.blanes.cat\/salajove\/wp-content\/uploads\/sites\/3\/2025\/10\/VALENTE-Tony.-Radiant-vol.-15.jpg\" class=\"attachment-medium size-medium\" alt=\"\" \/><\/a>\n\t\t\t<\/div><\/figure>\n\t\t<\/div>\n\n<h1 style=\"text-align: center;\"><strong>MAT\u00c8RIES<\/strong><\/h1>\n<div id='gallery-3' class='gallery galleryid-10155 gallery-columns-3 gallery-size-medium'><figure class='gallery-item'>\n\t\t\t<div class='gallery-icon portrait'>\n\t\t\t\t<a href='https:\/\/biblioteca.blanes.cat\/salajove\/2025\/11\/03\/novetats-novembre-2025\/sancho-esteban-susana-viatge-a-la-terra-de-la-lluna-rosa-un-mapa-cap-a-la-primera-menstruacio\/'><img loading=\"lazy\" decoding=\"async\" width=\"182\" height=\"277\" src=\"https:\/\/biblioteca.blanes.cat\/salajove\/wp-content\/uploads\/sites\/3\/2025\/10\/SANCHO-ESTEBAN-Susana.-Viatge-a-la-terra-de-la-lluna-rosa-un-mapa-cap-a-la-primera-menstruacio.jpg\" class=\"attachment-medium size-medium\" alt=\"\" \/><\/a>\n\t\t\t<\/div><\/figure><figure class='gallery-item'>\n\t\t\t<div class='gallery-icon portrait'>\n\t\t\t\t<a href='https:\/\/biblioteca.blanes.cat\/salajove\/2025\/11\/03\/novetats-novembre-2025\/tanaka-masato-gran-historia-visual-de-la-filosofia\/'><img loading=\"lazy\" decoding=\"async\" width=\"182\" height=\"277\" src=\"https:\/\/biblioteca.blanes.cat\/salajove\/wp-content\/uploads\/sites\/3\/2025\/10\/TANAKA-Masato.-Gran-historia-visual-de-la-filosofia.jpg\" class=\"attachment-medium size-medium\" alt=\"\" \/><\/a>\n\t\t\t<\/div><\/figure><figure class='gallery-item'>\n\t\t\t<div class='gallery-icon portrait'>\n\t\t\t\t<a href='https:\/\/biblioteca.blanes.cat\/salajove\/2025\/11\/03\/novetats-novembre-2025\/tirado-miriam-moles-molt-una-guia-per-surfejar-ladolescencia\/'><img loading=\"lazy\" decoding=\"async\" width=\"209\" height=\"300\" src=\"https:\/\/biblioteca.blanes.cat\/salajove\/wp-content\/uploads\/sites\/3\/2025\/10\/TIRADO-Miriam.-Moles-molt-una-guia-per-surfejar-ladolescencia-209x300.jpg\" class=\"attachment-medium size-medium\" alt=\"\" srcset=\"https:\/\/biblioteca.blanes.cat\/salajove\/wp-content\/uploads\/sites\/3\/2025\/10\/TIRADO-Miriam.-Moles-molt-una-guia-per-surfejar-ladolescencia-209x300.jpg 209w, https:\/\/biblioteca.blanes.cat\/salajove\/wp-content\/uploads\/sites\/3\/2025\/10\/TIRADO-Miriam.-Moles-molt-una-guia-per-surfejar-ladolescencia.jpg 713w\" sizes=\"(max-width: 209px) 100vw, 209px\" \/><\/a>\n\t\t\t<\/div><\/figure><figure class='gallery-item'>\n\t\t\t<div class='gallery-icon portrait'>\n\t\t\t\t<a href='https:\/\/biblioteca.blanes.cat\/salajove\/2025\/11\/03\/novetats-novembre-2025\/zep-la-guia-sexual-de-titeuf\/'><img loading=\"lazy\" decoding=\"async\" width=\"202\" height=\"250\" src=\"https:\/\/biblioteca.blanes.cat\/salajove\/wp-content\/uploads\/sites\/3\/2025\/10\/ZEP.-La-Guia-sexual-de-Titeuf.jpg\" class=\"attachment-medium size-medium\" alt=\"\" \/><\/a>\n\t\t\t<\/div><\/figure>\n\t\t<\/div>\n\n<h1 style=\"text-align: center;\"><strong>CENTRES D&#8217;INTER\u00c8S<\/strong><\/h1>\n<div id='gallery-4' class='gallery galleryid-10155 gallery-columns-3 gallery-size-medium'><figure class='gallery-item'>\n\t\t\t<div class='gallery-icon portrait'>\n\t\t\t\t<a href='https:\/\/biblioteca.blanes.cat\/salajove\/2025\/11\/03\/novetats-novembre-2025\/beneyto-maria-una-dona-forta\/'><img loading=\"lazy\" decoding=\"async\" width=\"201\" height=\"251\" src=\"https:\/\/biblioteca.blanes.cat\/salajove\/wp-content\/uploads\/sites\/3\/2025\/10\/BENEYTO-Maria.-Una-dona-forta.jpg\" class=\"attachment-medium size-medium\" alt=\"\" \/><\/a>\n\t\t\t<\/div><\/figure><figure class='gallery-item'>\n\t\t\t<div class='gallery-icon portrait'>\n\t\t\t\t<a href='https:\/\/biblioteca.blanes.cat\/salajove\/2025\/11\/03\/novetats-novembre-2025\/richard-dominique-los-discursos-de-rosemarie\/'><img loading=\"lazy\" decoding=\"async\" width=\"189\" height=\"267\" src=\"https:\/\/biblioteca.blanes.cat\/salajove\/wp-content\/uploads\/sites\/3\/2025\/10\/RICHARD-Dominique.-Los-Discursos-de-Rosemarie.jpg\" class=\"attachment-medium size-medium\" alt=\"\" \/><\/a>\n\t\t\t<\/div><\/figure>\n\t\t<\/div>\n\n<h1 style=\"text-align: center;\"><strong>MAR I DANSA<\/strong><\/h1>\n<div id='gallery-5' class='gallery galleryid-10155 gallery-columns-3 gallery-size-medium'><figure class='gallery-item'>\n\t\t\t<div class='gallery-icon portrait'>\n\t\t\t\t<a href='https:\/\/biblioteca.blanes.cat\/salajove\/2025\/11\/03\/novetats-novembre-2025\/alcala-alejandro-cuentos-y-leyendas-sobre-piratas-y-corsarios-del-caribe\/'><img loading=\"lazy\" decoding=\"async\" width=\"190\" height=\"265\" src=\"https:\/\/biblioteca.blanes.cat\/salajove\/wp-content\/uploads\/sites\/3\/2025\/10\/ALCALA-Alejandro.-Cuentos-y-leyendas-sobre-piratas-y-corsarios-del-Caribe.jpg\" class=\"attachment-medium size-medium\" alt=\"\" \/><\/a>\n\t\t\t<\/div><\/figure><figure class='gallery-item'>\n\t\t\t<div class='gallery-icon portrait'>\n\t\t\t\t<a href='https:\/\/biblioteca.blanes.cat\/salajove\/2025\/11\/03\/novetats-novembre-2025\/spalding-alistar-danza\/'><img loading=\"lazy\" decoding=\"async\" width=\"191\" height=\"264\" src=\"https:\/\/biblioteca.blanes.cat\/salajove\/wp-content\/uploads\/sites\/3\/2025\/10\/SPALDING-Alistar.-Danza.jpg\" class=\"attachment-medium size-medium\" alt=\"\" \/><\/a>\n\t\t\t<\/div><\/figure>\n\t\t<\/div>\n\n<h1 style=\"text-align: center;\"><strong>AUDIOVISUALS<\/strong><\/h1>\n<div id='gallery-6' class='gallery galleryid-10155 gallery-columns-3 gallery-size-medium'><figure class='gallery-item'>\n\t\t\t<div class='gallery-icon portrait'>\n\t\t\t\t<a href='https:\/\/biblioteca.blanes.cat\/salajove\/2025\/11\/03\/novetats-novembre-2025\/batman-forever-joel-schumacher\/'><img loading=\"lazy\" decoding=\"async\" width=\"185\" height=\"273\" src=\"https:\/\/biblioteca.blanes.cat\/salajove\/wp-content\/uploads\/sites\/3\/2025\/10\/Batman-forever-Joel-Schumacher.jpg\" class=\"attachment-medium size-medium\" alt=\"\" \/><\/a>\n\t\t\t<\/div><\/figure><figure class='gallery-item'>\n\t\t\t<div class='gallery-icon portrait'>\n\t\t\t\t<a href='https:\/\/biblioteca.blanes.cat\/salajove\/2025\/11\/03\/novetats-novembre-2025\/batman-y-robin-joel-schumacher\/'><img loading=\"lazy\" decoding=\"async\" width=\"184\" height=\"273\" src=\"https:\/\/biblioteca.blanes.cat\/salajove\/wp-content\/uploads\/sites\/3\/2025\/10\/Batman-y-Robin-Joel-Schumacher.jpg\" class=\"attachment-medium size-medium\" alt=\"\" \/><\/a>\n\t\t\t<\/div><\/figure><figure class='gallery-item'>\n\t\t\t<div class='gallery-icon portrait'>\n\t\t\t\t<a href='https:\/\/biblioteca.blanes.cat\/salajove\/2025\/11\/03\/novetats-novembre-2025\/cantando-bajo-la-lluvia-geny-kelly-y-stanley-donen\/'><img loading=\"lazy\" decoding=\"async\" width=\"182\" height=\"277\" src=\"https:\/\/biblioteca.blanes.cat\/salajove\/wp-content\/uploads\/sites\/3\/2025\/10\/Cantando-bajo-la-lluvia-Geny-Kelly-y-Stanley-Donen.jpg\" class=\"attachment-medium size-medium\" alt=\"\" \/><\/a>\n\t\t\t<\/div><\/figure><figure class='gallery-item'>\n\t\t\t<div class='gallery-icon portrait'>\n\t\t\t\t<a href='https:\/\/biblioteca.blanes.cat\/salajove\/2025\/11\/03\/novetats-novembre-2025\/el-escuadron-suicida-james-gunn\/'><img loading=\"lazy\" decoding=\"async\" width=\"201\" height=\"251\" src=\"https:\/\/biblioteca.blanes.cat\/salajove\/wp-content\/uploads\/sites\/3\/2025\/10\/El-Escuadron-suicida-James-Gunn.jpg\" class=\"attachment-medium size-medium\" alt=\"\" \/><\/a>\n\t\t\t<\/div><\/figure><figure class='gallery-item'>\n\t\t\t<div class='gallery-icon portrait'>\n\t\t\t\t<a href='https:\/\/biblioteca.blanes.cat\/salajove\/2025\/11\/03\/novetats-novembre-2025\/guardianes-de-la-galaxia-vol-2-james-gunn\/'><img loading=\"lazy\" decoding=\"async\" width=\"184\" height=\"273\" src=\"https:\/\/biblioteca.blanes.cat\/salajove\/wp-content\/uploads\/sites\/3\/2025\/10\/Guardianes-de-la-galaxia-vol.-2-James-Gunn.jpg\" class=\"attachment-medium size-medium\" alt=\"\" \/><\/a>\n\t\t\t<\/div><\/figure><figure class='gallery-item'>\n\t\t\t<div class='gallery-icon portrait'>\n\t\t\t\t<a href='https:\/\/biblioteca.blanes.cat\/salajove\/2025\/11\/03\/novetats-novembre-2025\/guardianes-de-la-galaxia-volumen-3-james-gunn\/'><img loading=\"lazy\" decoding=\"async\" width=\"194\" height=\"259\" src=\"https:\/\/biblioteca.blanes.cat\/salajove\/wp-content\/uploads\/sites\/3\/2025\/10\/Guardianes-de-la-galaxia.-Volumen-3-James-Gunn.jpg\" class=\"attachment-medium size-medium\" alt=\"\" \/><\/a>\n\t\t\t<\/div><\/figure><figure class='gallery-item'>\n\t\t\t<div class='gallery-icon portrait'>\n\t\t\t\t<a href='https:\/\/biblioteca.blanes.cat\/salajove\/2025\/11\/03\/novetats-novembre-2025\/millennium-actress-satoshi-kon\/'><img loading=\"lazy\" decoding=\"async\" width=\"189\" height=\"266\" src=\"https:\/\/biblioteca.blanes.cat\/salajove\/wp-content\/uploads\/sites\/3\/2025\/10\/Millennium-actress-Satoshi-Kon.jpg\" class=\"attachment-medium size-medium\" alt=\"\" \/><\/a>\n\t\t\t<\/div><\/figure><figure class='gallery-item'>\n\t\t\t<div class='gallery-icon portrait'>\n\t\t\t\t<a href='https:\/\/biblioteca.blanes.cat\/salajove\/2025\/11\/03\/novetats-novembre-2025\/odio-el-verano-fer-garcia-ruiz\/'><img loading=\"lazy\" decoding=\"async\" width=\"188\" height=\"268\" src=\"https:\/\/biblioteca.blanes.cat\/salajove\/wp-content\/uploads\/sites\/3\/2025\/10\/Odio-el-verano-Fer-Garcia-Ruiz.jpg\" class=\"attachment-medium size-medium\" alt=\"\" \/><\/a>\n\t\t\t<\/div><\/figure><figure class='gallery-item'>\n\t\t\t<div class='gallery-icon portrait'>\n\t\t\t\t<a href='https:\/\/biblioteca.blanes.cat\/salajove\/2025\/11\/03\/novetats-novembre-2025\/ouaga-girls-theresa-traore-dahlberg\/'><img loading=\"lazy\" decoding=\"async\" width=\"188\" height=\"268\" src=\"https:\/\/biblioteca.blanes.cat\/salajove\/wp-content\/uploads\/sites\/3\/2025\/10\/Ouaga-Girls-Theresa-Traore-Dahlberg.jpg\" class=\"attachment-medium size-medium\" alt=\"\" \/><\/a>\n\t\t\t<\/div><\/figure><figure class='gallery-item'>\n\t\t\t<div class='gallery-icon portrait'>\n\t\t\t\t<a href='https:\/\/biblioteca.blanes.cat\/salajove\/2025\/11\/03\/novetats-novembre-2025\/suzume-makoto-shinkai\/'><img loading=\"lazy\" decoding=\"async\" width=\"184\" height=\"273\" src=\"https:\/\/biblioteca.blanes.cat\/salajove\/wp-content\/uploads\/sites\/3\/2025\/10\/Suzume-Makoto-Shinkai.jpg\" class=\"attachment-medium size-medium\" alt=\"\" \/><\/a>\n\t\t\t<\/div><\/figure>\n\t\t<\/div>\n\n<p>\u00a0<\/p>\n<p>\u00a0<\/p>\n<p>\u00a0<\/p>\n","protected":false},"excerpt":{"rendered":"<p>Biblioteca Jove Blanes \u2013 Novetats novembre Us presentem les novetats de la Sala Jove del mes de novembre: novel\u00b7les, c\u00f2mic, centres d\u2019inter\u00e8s (inclosos Mar i Dansa), audiovisuals i mat\u00e8ries. NOVEL\u00b7LES C\u00d2MIC MAT\u00c8RIES CENTRES D&#8217;INTER\u00c8S MAR I DANSA AUDIOVISUALS \u00a0 \u00a0<\/p>\n","protected":false},"author":4,"featured_media":9147,"comment_status":"open","ping_status":"open","sticky":false,"template":"","format":"standard","meta":{"sfsi_plus_gutenberg_text_before_share":"","sfsi_plus_gutenberg_show_text_before_share":"","sfsi_plus_gutenberg_icon_type":"","sfsi_plus_gutenberg_icon_alignemt":"","sfsi_plus_gutenburg_max_per_row":"","footnotes":""},"categories":[7],"tags":[52,26,21],"class_list":["post-10155","post","type-post","status-publish","format-standard","has-post-thumbnail","hentry","category-novetats","tag-joves","tag-lectura","tag-llibres"],"yoast_head":"<!-- This site is optimized with the Yoast SEO plugin v27.5 - https:\/\/yoast.com\/product\/yoast-seo-wordpress\/ -->\n<title>Novetats: NOVEMBRE 2025 - Sala Jove<\/title>\n<meta name=\"robots\" content=\"index, follow, max-snippet:-1, max-image-preview:large, max-video-preview:-1\" \/>\n<link rel=\"canonical\" href=\"https:\/\/biblioteca.blanes.cat\/salajove\/2025\/11\/03\/novetats-novembre-2025\/\" \/>\n<meta property=\"og:locale\" content=\"ca_ES\" \/>\n<meta property=\"og:type\" content=\"article\" \/>\n<meta property=\"og:title\" content=\"Novetats: NOVEMBRE 2025 - Sala Jove\" \/>\n<meta property=\"og:description\" content=\"Biblioteca Jove Blanes \u2013 Novetats novembre Us presentem les novetats de la Sala Jove del mes de novembre: novel\u00b7les, c\u00f2mic, centres d\u2019inter\u00e8s (inclosos Mar i Dansa), audiovisuals i mat\u00e8ries. NOVEL\u00b7LES C\u00d2MIC MAT\u00c8RIES CENTRES D&#8217;INTER\u00c8S MAR I DANSA AUDIOVISUALS \u00a0 \u00a0\" \/>\n<meta property=\"og:url\" content=\"https:\/\/biblioteca.blanes.cat\/salajove\/2025\/11\/03\/novetats-novembre-2025\/\" \/>\n<meta property=\"og:site_name\" content=\"Sala Jove\" \/>\n<meta property=\"article:publisher\" content=\"https:\/\/www.facebook.com\/BilbiotecaComarcaldeBlanes\/\" \/>\n<meta property=\"article:published_time\" content=\"2025-11-03T09:12:00+00:00\" \/>\n<meta property=\"og:image\" content=\"https:\/\/biblioteca.blanes.cat\/salajove\/wp-content\/uploads\/sites\/3\/2024\/12\/novetats-tardor-1.jpg\" \/>\n\t<meta property=\"og:image:width\" content=\"1748\" \/>\n\t<meta property=\"og:image:height\" content=\"1240\" \/>\n\t<meta property=\"og:image:type\" content=\"image\/jpeg\" \/>\n<meta name=\"author\" content=\"biblioblanes\" \/>\n<meta name=\"twitter:card\" content=\"summary_large_image\" \/>\n<meta name=\"twitter:creator\" content=\"@biblioblanes\" \/>\n<meta name=\"twitter:site\" content=\"@BiblioBlanes\" \/>\n<meta name=\"twitter:label1\" content=\"Escrit per\" \/>\n\t<meta name=\"twitter:data1\" content=\"biblioblanes\" \/>\n\t<meta name=\"twitter:label2\" content=\"Temps estimat de lectura\" \/>\n\t<meta name=\"twitter:data2\" content=\"1 minut\" \/>\n<script type=\"application\/ld+json\" class=\"yoast-schema-graph\">{\"@context\":\"https:\\\/\\\/schema.org\",\"@graph\":[{\"@type\":\"Article\",\"@id\":\"https:\\\/\\\/biblioteca.blanes.cat\\\/salajove\\\/2025\\\/11\\\/03\\\/novetats-novembre-2025\\\/#article\",\"isPartOf\":{\"@id\":\"https:\\\/\\\/biblioteca.blanes.cat\\\/salajove\\\/2025\\\/11\\\/03\\\/novetats-novembre-2025\\\/\"},\"author\":{\"name\":\"biblioblanes\",\"@id\":\"https:\\\/\\\/biblioteca.blanes.cat\\\/salajove\\\/#\\\/schema\\\/person\\\/5a7b46760d9dd611d098bbf571a341dc\"},\"headline\":\"Novetats: NOVEMBRE 2025\",\"datePublished\":\"2025-11-03T09:12:00+00:00\",\"mainEntityOfPage\":{\"@id\":\"https:\\\/\\\/biblioteca.blanes.cat\\\/salajove\\\/2025\\\/11\\\/03\\\/novetats-novembre-2025\\\/\"},\"wordCount\":61,\"commentCount\":0,\"publisher\":{\"@id\":\"https:\\\/\\\/biblioteca.blanes.cat\\\/salajove\\\/#organization\"},\"image\":{\"@id\":\"https:\\\/\\\/biblioteca.blanes.cat\\\/salajove\\\/2025\\\/11\\\/03\\\/novetats-novembre-2025\\\/#primaryimage\"},\"thumbnailUrl\":\"https:\\\/\\\/biblioteca.blanes.cat\\\/salajove\\\/wp-content\\\/uploads\\\/sites\\\/3\\\/2024\\\/12\\\/novetats-tardor-1.jpg\",\"keywords\":[\"#Joves\",\"#Lectura\",\"#Llibres\"],\"articleSection\":[\"Novetats\"],\"inLanguage\":\"ca\",\"potentialAction\":[{\"@type\":\"CommentAction\",\"name\":\"Comment\",\"target\":[\"https:\\\/\\\/biblioteca.blanes.cat\\\/salajove\\\/2025\\\/11\\\/03\\\/novetats-novembre-2025\\\/#respond\"]}]},{\"@type\":\"WebPage\",\"@id\":\"https:\\\/\\\/biblioteca.blanes.cat\\\/salajove\\\/2025\\\/11\\\/03\\\/novetats-novembre-2025\\\/\",\"url\":\"https:\\\/\\\/biblioteca.blanes.cat\\\/salajove\\\/2025\\\/11\\\/03\\\/novetats-novembre-2025\\\/\",\"name\":\"Novetats: NOVEMBRE 2025 - Sala Jove\",\"isPartOf\":{\"@id\":\"https:\\\/\\\/biblioteca.blanes.cat\\\/salajove\\\/#website\"},\"primaryImageOfPage\":{\"@id\":\"https:\\\/\\\/biblioteca.blanes.cat\\\/salajove\\\/2025\\\/11\\\/03\\\/novetats-novembre-2025\\\/#primaryimage\"},\"image\":{\"@id\":\"https:\\\/\\\/biblioteca.blanes.cat\\\/salajove\\\/2025\\\/11\\\/03\\\/novetats-novembre-2025\\\/#primaryimage\"},\"thumbnailUrl\":\"https:\\\/\\\/biblioteca.blanes.cat\\\/salajove\\\/wp-content\\\/uploads\\\/sites\\\/3\\\/2024\\\/12\\\/novetats-tardor-1.jpg\",\"datePublished\":\"2025-11-03T09:12:00+00:00\",\"breadcrumb\":{\"@id\":\"https:\\\/\\\/biblioteca.blanes.cat\\\/salajove\\\/2025\\\/11\\\/03\\\/novetats-novembre-2025\\\/#breadcrumb\"},\"inLanguage\":\"ca\",\"potentialAction\":[{\"@type\":\"ReadAction\",\"target\":[\"https:\\\/\\\/biblioteca.blanes.cat\\\/salajove\\\/2025\\\/11\\\/03\\\/novetats-novembre-2025\\\/\"]}]},{\"@type\":\"ImageObject\",\"inLanguage\":\"ca\",\"@id\":\"https:\\\/\\\/biblioteca.blanes.cat\\\/salajove\\\/2025\\\/11\\\/03\\\/novetats-novembre-2025\\\/#primaryimage\",\"url\":\"https:\\\/\\\/biblioteca.blanes.cat\\\/salajove\\\/wp-content\\\/uploads\\\/sites\\\/3\\\/2024\\\/12\\\/novetats-tardor-1.jpg\",\"contentUrl\":\"https:\\\/\\\/biblioteca.blanes.cat\\\/salajove\\\/wp-content\\\/uploads\\\/sites\\\/3\\\/2024\\\/12\\\/novetats-tardor-1.jpg\",\"width\":1748,\"height\":1240},{\"@type\":\"BreadcrumbList\",\"@id\":\"https:\\\/\\\/biblioteca.blanes.cat\\\/salajove\\\/2025\\\/11\\\/03\\\/novetats-novembre-2025\\\/#breadcrumb\",\"itemListElement\":[{\"@type\":\"ListItem\",\"position\":1,\"name\":\"Inici\",\"item\":\"https:\\\/\\\/biblioteca.blanes.cat\\\/salajove\\\/\"},{\"@type\":\"ListItem\",\"position\":2,\"name\":\"Novetats: NOVEMBRE 2025\"}]},{\"@type\":\"WebSite\",\"@id\":\"https:\\\/\\\/biblioteca.blanes.cat\\\/salajove\\\/#website\",\"url\":\"https:\\\/\\\/biblioteca.blanes.cat\\\/salajove\\\/\",\"name\":\"Sala Jove\",\"description\":\"Biblioteca Comarcal de Blanes\",\"publisher\":{\"@id\":\"https:\\\/\\\/biblioteca.blanes.cat\\\/salajove\\\/#organization\"},\"potentialAction\":[{\"@type\":\"SearchAction\",\"target\":{\"@type\":\"EntryPoint\",\"urlTemplate\":\"https:\\\/\\\/biblioteca.blanes.cat\\\/salajove\\\/?s={search_term_string}\"},\"query-input\":{\"@type\":\"PropertyValueSpecification\",\"valueRequired\":true,\"valueName\":\"search_term_string\"}}],\"inLanguage\":\"ca\"},{\"@type\":\"Organization\",\"@id\":\"https:\\\/\\\/biblioteca.blanes.cat\\\/salajove\\\/#organization\",\"name\":\"Biblioteca Comarcal de Blanes\",\"url\":\"https:\\\/\\\/biblioteca.blanes.cat\\\/salajove\\\/\",\"logo\":{\"@type\":\"ImageObject\",\"inLanguage\":\"ca\",\"@id\":\"https:\\\/\\\/biblioteca.blanes.cat\\\/salajove\\\/#\\\/schema\\\/logo\\\/image\\\/\",\"url\":\"https:\\\/\\\/biblioteca.blanes.cat\\\/salajove\\\/wp-content\\\/uploads\\\/sites\\\/3\\\/2017\\\/09\\\/cropped-Bib-blau-e1518869380535.png\",\"contentUrl\":\"https:\\\/\\\/biblioteca.blanes.cat\\\/salajove\\\/wp-content\\\/uploads\\\/sites\\\/3\\\/2017\\\/09\\\/cropped-Bib-blau-e1518869380535.png\",\"width\":166,\"height\":166,\"caption\":\"Biblioteca Comarcal de Blanes\"},\"image\":{\"@id\":\"https:\\\/\\\/biblioteca.blanes.cat\\\/salajove\\\/#\\\/schema\\\/logo\\\/image\\\/\"},\"sameAs\":[\"https:\\\/\\\/www.facebook.com\\\/BilbiotecaComarcaldeBlanes\\\/\",\"https:\\\/\\\/x.com\\\/BiblioBlanes\",\"https:\\\/\\\/www.instagram.com\\\/biblioblanes\\\/\",\"https:\\\/\\\/www.pinterest.es\\\/bblanes\\\/\",\"https:\\\/\\\/www.youtube.com\\\/c\\\/BibliotecaComarcalBlanes\"]},{\"@type\":\"Person\",\"@id\":\"https:\\\/\\\/biblioteca.blanes.cat\\\/salajove\\\/#\\\/schema\\\/person\\\/5a7b46760d9dd611d098bbf571a341dc\",\"name\":\"biblioblanes\",\"image\":{\"@type\":\"ImageObject\",\"inLanguage\":\"ca\",\"@id\":\"https:\\\/\\\/secure.gravatar.com\\\/avatar\\\/6593ca6cc90e5a70939f51c95e8315483b9c281bafba597292bee47992030f99?s=96&d=mm&r=g\",\"url\":\"https:\\\/\\\/secure.gravatar.com\\\/avatar\\\/6593ca6cc90e5a70939f51c95e8315483b9c281bafba597292bee47992030f99?s=96&d=mm&r=g\",\"contentUrl\":\"https:\\\/\\\/secure.gravatar.com\\\/avatar\\\/6593ca6cc90e5a70939f51c95e8315483b9c281bafba597292bee47992030f99?s=96&d=mm&r=g\",\"caption\":\"biblioblanes\"},\"sameAs\":[\"http:\\\/\\\/www.bibgirona.cat\\\/biblioteca\\\/blanes\",\"https:\\\/\\\/x.com\\\/biblioblanes\"],\"url\":\"https:\\\/\\\/biblioteca.blanes.cat\\\/salajove\\\/author\\\/biblioblanes\\\/\"}]}<\/script>\n<!-- \/ Yoast SEO plugin. -->","yoast_head_json":{"title":"Novetats: NOVEMBRE 2025 - Sala Jove","robots":{"index":"index","follow":"follow","max-snippet":"max-snippet:-1","max-image-preview":"max-image-preview:large","max-video-preview":"max-video-preview:-1"},"canonical":"https:\/\/biblioteca.blanes.cat\/salajove\/2025\/11\/03\/novetats-novembre-2025\/","og_locale":"ca_ES","og_type":"article","og_title":"Novetats: NOVEMBRE 2025 - Sala Jove","og_description":"Biblioteca Jove Blanes \u2013 Novetats novembre Us presentem les novetats de la Sala Jove del mes de novembre: novel\u00b7les, c\u00f2mic, centres d\u2019inter\u00e8s (inclosos Mar i Dansa), audiovisuals i mat\u00e8ries. NOVEL\u00b7LES C\u00d2MIC MAT\u00c8RIES CENTRES D&#8217;INTER\u00c8S MAR I DANSA AUDIOVISUALS \u00a0 \u00a0","og_url":"https:\/\/biblioteca.blanes.cat\/salajove\/2025\/11\/03\/novetats-novembre-2025\/","og_site_name":"Sala Jove","article_publisher":"https:\/\/www.facebook.com\/BilbiotecaComarcaldeBlanes\/","article_published_time":"2025-11-03T09:12:00+00:00","og_image":[{"width":1748,"height":1240,"url":"https:\/\/biblioteca.blanes.cat\/salajove\/wp-content\/uploads\/sites\/3\/2024\/12\/novetats-tardor-1.jpg","type":"image\/jpeg"}],"author":"biblioblanes","twitter_card":"summary_large_image","twitter_creator":"@biblioblanes","twitter_site":"@BiblioBlanes","twitter_misc":{"Escrit per":"biblioblanes","Temps estimat de lectura":"1 minut"},"schema":{"@context":"https:\/\/schema.org","@graph":[{"@type":"Article","@id":"https:\/\/biblioteca.blanes.cat\/salajove\/2025\/11\/03\/novetats-novembre-2025\/#article","isPartOf":{"@id":"https:\/\/biblioteca.blanes.cat\/salajove\/2025\/11\/03\/novetats-novembre-2025\/"},"author":{"name":"biblioblanes","@id":"https:\/\/biblioteca.blanes.cat\/salajove\/#\/schema\/person\/5a7b46760d9dd611d098bbf571a341dc"},"headline":"Novetats: NOVEMBRE 2025","datePublished":"2025-11-03T09:12:00+00:00","mainEntityOfPage":{"@id":"https:\/\/biblioteca.blanes.cat\/salajove\/2025\/11\/03\/novetats-novembre-2025\/"},"wordCount":61,"commentCount":0,"publisher":{"@id":"https:\/\/biblioteca.blanes.cat\/salajove\/#organization"},"image":{"@id":"https:\/\/biblioteca.blanes.cat\/salajove\/2025\/11\/03\/novetats-novembre-2025\/#primaryimage"},"thumbnailUrl":"https:\/\/biblioteca.blanes.cat\/salajove\/wp-content\/uploads\/sites\/3\/2024\/12\/novetats-tardor-1.jpg","keywords":["#Joves","#Lectura","#Llibres"],"articleSection":["Novetats"],"inLanguage":"ca","potentialAction":[{"@type":"CommentAction","name":"Comment","target":["https:\/\/biblioteca.blanes.cat\/salajove\/2025\/11\/03\/novetats-novembre-2025\/#respond"]}]},{"@type":"WebPage","@id":"https:\/\/biblioteca.blanes.cat\/salajove\/2025\/11\/03\/novetats-novembre-2025\/","url":"https:\/\/biblioteca.blanes.cat\/salajove\/2025\/11\/03\/novetats-novembre-2025\/","name":"Novetats: NOVEMBRE 2025 - Sala Jove","isPartOf":{"@id":"https:\/\/biblioteca.blanes.cat\/salajove\/#website"},"primaryImageOfPage":{"@id":"https:\/\/biblioteca.blanes.cat\/salajove\/2025\/11\/03\/novetats-novembre-2025\/#primaryimage"},"image":{"@id":"https:\/\/biblioteca.blanes.cat\/salajove\/2025\/11\/03\/novetats-novembre-2025\/#primaryimage"},"thumbnailUrl":"https:\/\/biblioteca.blanes.cat\/salajove\/wp-content\/uploads\/sites\/3\/2024\/12\/novetats-tardor-1.jpg","datePublished":"2025-11-03T09:12:00+00:00","breadcrumb":{"@id":"https:\/\/biblioteca.blanes.cat\/salajove\/2025\/11\/03\/novetats-novembre-2025\/#breadcrumb"},"inLanguage":"ca","potentialAction":[{"@type":"ReadAction","target":["https:\/\/biblioteca.blanes.cat\/salajove\/2025\/11\/03\/novetats-novembre-2025\/"]}]},{"@type":"ImageObject","inLanguage":"ca","@id":"https:\/\/biblioteca.blanes.cat\/salajove\/2025\/11\/03\/novetats-novembre-2025\/#primaryimage","url":"https:\/\/biblioteca.blanes.cat\/salajove\/wp-content\/uploads\/sites\/3\/2024\/12\/novetats-tardor-1.jpg","contentUrl":"https:\/\/biblioteca.blanes.cat\/salajove\/wp-content\/uploads\/sites\/3\/2024\/12\/novetats-tardor-1.jpg","width":1748,"height":1240},{"@type":"BreadcrumbList","@id":"https:\/\/biblioteca.blanes.cat\/salajove\/2025\/11\/03\/novetats-novembre-2025\/#breadcrumb","itemListElement":[{"@type":"ListItem","position":1,"name":"Inici","item":"https:\/\/biblioteca.blanes.cat\/salajove\/"},{"@type":"ListItem","position":2,"name":"Novetats: NOVEMBRE 2025"}]},{"@type":"WebSite","@id":"https:\/\/biblioteca.blanes.cat\/salajove\/#website","url":"https:\/\/biblioteca.blanes.cat\/salajove\/","name":"Sala Jove","description":"Biblioteca Comarcal de Blanes","publisher":{"@id":"https:\/\/biblioteca.blanes.cat\/salajove\/#organization"},"potentialAction":[{"@type":"SearchAction","target":{"@type":"EntryPoint","urlTemplate":"https:\/\/biblioteca.blanes.cat\/salajove\/?s={search_term_string}"},"query-input":{"@type":"PropertyValueSpecification","valueRequired":true,"valueName":"search_term_string"}}],"inLanguage":"ca"},{"@type":"Organization","@id":"https:\/\/biblioteca.blanes.cat\/salajove\/#organization","name":"Biblioteca Comarcal de Blanes","url":"https:\/\/biblioteca.blanes.cat\/salajove\/","logo":{"@type":"ImageObject","inLanguage":"ca","@id":"https:\/\/biblioteca.blanes.cat\/salajove\/#\/schema\/logo\/image\/","url":"https:\/\/biblioteca.blanes.cat\/salajove\/wp-content\/uploads\/sites\/3\/2017\/09\/cropped-Bib-blau-e1518869380535.png","contentUrl":"https:\/\/biblioteca.blanes.cat\/salajove\/wp-content\/uploads\/sites\/3\/2017\/09\/cropped-Bib-blau-e1518869380535.png","width":166,"height":166,"caption":"Biblioteca Comarcal de Blanes"},"image":{"@id":"https:\/\/biblioteca.blanes.cat\/salajove\/#\/schema\/logo\/image\/"},"sameAs":["https:\/\/www.facebook.com\/BilbiotecaComarcaldeBlanes\/","https:\/\/x.com\/BiblioBlanes","https:\/\/www.instagram.com\/biblioblanes\/","https:\/\/www.pinterest.es\/bblanes\/","https:\/\/www.youtube.com\/c\/BibliotecaComarcalBlanes"]},{"@type":"Person","@id":"https:\/\/biblioteca.blanes.cat\/salajove\/#\/schema\/person\/5a7b46760d9dd611d098bbf571a341dc","name":"biblioblanes","image":{"@type":"ImageObject","inLanguage":"ca","@id":"https:\/\/secure.gravatar.com\/avatar\/6593ca6cc90e5a70939f51c95e8315483b9c281bafba597292bee47992030f99?s=96&d=mm&r=g","url":"https:\/\/secure.gravatar.com\/avatar\/6593ca6cc90e5a70939f51c95e8315483b9c281bafba597292bee47992030f99?s=96&d=mm&r=g","contentUrl":"https:\/\/secure.gravatar.com\/avatar\/6593ca6cc90e5a70939f51c95e8315483b9c281bafba597292bee47992030f99?s=96&d=mm&r=g","caption":"biblioblanes"},"sameAs":["http:\/\/www.bibgirona.cat\/biblioteca\/blanes","https:\/\/x.com\/biblioblanes"],"url":"https:\/\/biblioteca.blanes.cat\/salajove\/author\/biblioblanes\/"}]}},"_links":{"self":[{"href":"https:\/\/biblioteca.blanes.cat\/salajove\/wp-json\/wp\/v2\/posts\/10155","targetHints":{"allow":["GET"]}}],"collection":[{"href":"https:\/\/biblioteca.blanes.cat\/salajove\/wp-json\/wp\/v2\/posts"}],"about":[{"href":"https:\/\/biblioteca.blanes.cat\/salajove\/wp-json\/wp\/v2\/types\/post"}],"author":[{"embeddable":true,"href":"https:\/\/biblioteca.blanes.cat\/salajove\/wp-json\/wp\/v2\/users\/4"}],"replies":[{"embeddable":true,"href":"https:\/\/biblioteca.blanes.cat\/salajove\/wp-json\/wp\/v2\/comments?post=10155"}],"version-history":[{"count":1,"href":"https:\/\/biblioteca.blanes.cat\/salajove\/wp-json\/wp\/v2\/posts\/10155\/revisions"}],"predecessor-version":[{"id":10198,"href":"https:\/\/biblioteca.blanes.cat\/salajove\/wp-json\/wp\/v2\/posts\/10155\/revisions\/10198"}],"wp:featuredmedia":[{"embeddable":true,"href":"https:\/\/biblioteca.blanes.cat\/salajove\/wp-json\/wp\/v2\/media\/9147"}],"wp:attachment":[{"href":"https:\/\/biblioteca.blanes.cat\/salajove\/wp-json\/wp\/v2\/media?parent=10155"}],"wp:term":[{"taxonomy":"category","embeddable":true,"href":"https:\/\/biblioteca.blanes.cat\/salajove\/wp-json\/wp\/v2\/categories?post=10155"},{"taxonomy":"post_tag","embeddable":true,"href":"https:\/\/biblioteca.blanes.cat\/salajove\/wp-json\/wp\/v2\/tags?post=10155"}],"curies":[{"name":"wp","href":"https:\/\/api.w.org\/{rel}","templated":true}]}}