{"id":10142,"date":"2025-10-18T09:39:31","date_gmt":"2025-10-18T08:39:31","guid":{"rendered":"https:\/\/biblioteca.blanes.cat\/salajove\/?p=10142"},"modified":"2025-10-18T09:40:05","modified_gmt":"2025-10-18T08:40:05","slug":"clj-emblanats-octubre-stardust","status":"publish","type":"post","link":"https:\/\/biblioteca.blanes.cat\/salajove\/2025\/10\/18\/clj-emblanats-octubre-stardust\/","title":{"rendered":"CLJ #emblanats octubre: STARDUST"},"content":{"rendered":"\n<p>Aquest divendres hem comentat la primera lectura del Club de Lectura Juvenil #emblanats: <a href=\"https:\/\/obscura.es\/products\/stardust-una-aventura-escrita-als-estels?srsltid=AfmBOop02jLsw3XYOiHTwLGYa7B7LWUU98yYwV58niURMB-rBmOwtb5j\" target=\"_blank\" rel=\"noopener\"><strong><span style=\"color: #800080;\"><em>Stardust<\/em><\/span><\/strong><\/a>, una novel\u00b7la d\u2019<span style=\"color: #800080;\"><strong>un dels grans mestres de la literatura fant\u00e0stica, Neil Gaiman<\/strong><\/span>.<\/p>\n<p>En aquesta primera sessi\u00f3 com a <span style=\"color: #800080;\"><strong>prescriptors de lectura<\/strong><\/span> hem parlat sobre tot el que implica una bona an\u00e0lisi liter\u00e0ria, des de l\u2019argument que tracta el llibre, passant per l\u2019autor i les seves refer\u00e8ncies, el context i, finalment, la nostra opini\u00f3 sobre la novel\u00b7la.<\/p>\n<p><a href=\"https:\/\/biblioteca.blanes.cat\/salajove\/2025\/10\/18\/clj-emblanats-octubre-stardust\/clj_20251017_blog-5-2\/\" rel=\"attachment wp-att-10145\"><img fetchpriority=\"high\" decoding=\"async\" class=\"aligncenter size-medium wp-image-10145\" src=\"https:\/\/biblioteca.blanes.cat\/salajove\/wp-content\/uploads\/sites\/3\/2025\/10\/CLJ_20251017_blog-5-1-225x300.jpg\" alt=\"\" width=\"225\" height=\"300\" srcset=\"https:\/\/biblioteca.blanes.cat\/salajove\/wp-content\/uploads\/sites\/3\/2025\/10\/CLJ_20251017_blog-5-1-225x300.jpg 225w, https:\/\/biblioteca.blanes.cat\/salajove\/wp-content\/uploads\/sites\/3\/2025\/10\/CLJ_20251017_blog-5-1-768x1024.jpg 768w, https:\/\/biblioteca.blanes.cat\/salajove\/wp-content\/uploads\/sites\/3\/2025\/10\/CLJ_20251017_blog-5-1-1152x1536.jpg 1152w, https:\/\/biblioteca.blanes.cat\/salajove\/wp-content\/uploads\/sites\/3\/2025\/10\/CLJ_20251017_blog-5-1-1536x2048.jpg 1536w, https:\/\/biblioteca.blanes.cat\/salajove\/wp-content\/uploads\/sites\/3\/2025\/10\/CLJ_20251017_blog-5-1-scaled.jpg 1920w\" sizes=\"(max-width: 225px) 100vw, 225px\" \/><\/a><\/p>\n<p>En general, hem coincidit que es tracta d\u2019una <span style=\"color: #800080;\"><strong>hist\u00f2ria de fades i fantasia<\/strong><\/span> amb una ambientaci\u00f3 molt encertada, amb un punt de suspens per\u00f2 tamb\u00e9 amb un llenguatge complex i alguns embolics que han costat de desxifrar, ja que a vegades se&#8217;ns ha fet dif\u00edcil situar-nos a la hist\u00f2ria. Hi ha molts personatges i molts fronts oberts i, per tant, \u00e9s un llibre que <span style=\"color: #800080;\"><strong>s\u2019ha de llegir amb els cinc sentits<\/strong><\/span> si no ens en volem perdre detall.<a href=\"https:\/\/biblioteca.blanes.cat\/salajove\/2025\/10\/18\/clj-emblanats-octubre-stardust\/clj_20251017_blog-2\/\" rel=\"attachment wp-att-10146\"><img decoding=\"async\" class=\"size-medium wp-image-10146 alignright\" src=\"https:\/\/biblioteca.blanes.cat\/salajove\/wp-content\/uploads\/sites\/3\/2025\/10\/CLJ_20251017_blog-2-225x300.jpg\" alt=\"\" width=\"225\" height=\"300\" srcset=\"https:\/\/biblioteca.blanes.cat\/salajove\/wp-content\/uploads\/sites\/3\/2025\/10\/CLJ_20251017_blog-2-225x300.jpg 225w, https:\/\/biblioteca.blanes.cat\/salajove\/wp-content\/uploads\/sites\/3\/2025\/10\/CLJ_20251017_blog-2-768x1024.jpg 768w, https:\/\/biblioteca.blanes.cat\/salajove\/wp-content\/uploads\/sites\/3\/2025\/10\/CLJ_20251017_blog-2-1152x1536.jpg 1152w, https:\/\/biblioteca.blanes.cat\/salajove\/wp-content\/uploads\/sites\/3\/2025\/10\/CLJ_20251017_blog-2-1536x2048.jpg 1536w, https:\/\/biblioteca.blanes.cat\/salajove\/wp-content\/uploads\/sites\/3\/2025\/10\/CLJ_20251017_blog-2-scaled.jpg 1920w\" sizes=\"(max-width: 225px) 100vw, 225px\" \/><\/a><\/p>\n<p><em>Stardust<\/em> \u00e9s una novel\u00b7la que s\u2019inscriu perfectament al g\u00e8nere fant\u00e0stic amb uns tocs d\u2019aventura. Ens ha semblat de ritme m\u00e9s aviat pausat, sense grans trames fren\u00e8tiques, i aix\u00f2 ha agradat a alguns dels lectors i, en canvi, no ha entusiasmat a d\u2019altres. El m\u00e9s important, per\u00f2, \u00e9s que ens ha perm\u00e8s <span style=\"color: #800080;\"><strong>debatre sobre un pil\u00f3 de temes<\/strong><\/span>: la immortalitat (us agradaria viure eternament?), el rebuig a la vellesa i el pas del temps, l\u2019obsessi\u00f3 per la bellesa, l\u2019amor (hi ha un amor per sempre o pot anar fluint i canviant amb els anys?), la recerca de la pr\u00f2pia identitat\u2026 I tamb\u00e9 hem parlat sobre al seva adaptaci\u00f3 al cinema.\u00a0<\/p>\n<p>Pel que fa als <span style=\"color: #800080;\"><strong>referents literaris de Neil Gaiman<\/strong><\/span>, hem sabut que <strong><span style=\"color: #800080;\">Tolkien i Ursula K. LeGuin<\/span><\/strong> s\u00f3n alguns dels escriptors que l&#8217;han inspirat quant als elements fant\u00e0stics i<span style=\"color: #800080;\"><strong> Edgar Allan Poe<\/strong><\/span> m\u00e9s aviat per les tem\u00e0tiques de suspens.<a href=\"https:\/\/biblioteca.blanes.cat\/salajove\/2025\/10\/18\/clj-emblanats-octubre-stardust\/clj_20251017_blog-2\/\" rel=\"attachment wp-att-10146\"><br \/><\/a><\/p>\n<p>Tot plegat ens ha portat a parlar sobre altres llibres que ens han fet pensar en <em>Stardust <\/em>i comen\u00e7ar a omplir el <span style=\"color: #800080;\"><strong>rac\u00f3 de Prescripci\u00f3 Lectora<\/strong><\/span> de la Sala Jove amb recomanacions de llibres similars a aquest que ens poden agradar: les novel\u00b7les de Laura Gallego, <em>El castell ambulant<\/em> o <em>Momo<\/em>.<\/p>\n<p><a href=\"https:\/\/biblioteca.blanes.cat\/salajove\/2025\/10\/18\/clj-emblanats-octubre-stardust\/clj_20251017_blog-3\/\" rel=\"attachment wp-att-10147\"><img decoding=\"async\" class=\"size-medium wp-image-10147 alignleft\" src=\"https:\/\/biblioteca.blanes.cat\/salajove\/wp-content\/uploads\/sites\/3\/2025\/10\/CLJ_20251017_blog-3-300x225.jpg\" alt=\"\" width=\"300\" height=\"225\" srcset=\"https:\/\/biblioteca.blanes.cat\/salajove\/wp-content\/uploads\/sites\/3\/2025\/10\/CLJ_20251017_blog-3-300x225.jpg 300w, https:\/\/biblioteca.blanes.cat\/salajove\/wp-content\/uploads\/sites\/3\/2025\/10\/CLJ_20251017_blog-3-1024x768.jpg 1024w, https:\/\/biblioteca.blanes.cat\/salajove\/wp-content\/uploads\/sites\/3\/2025\/10\/CLJ_20251017_blog-3-768x576.jpg 768w, https:\/\/biblioteca.blanes.cat\/salajove\/wp-content\/uploads\/sites\/3\/2025\/10\/CLJ_20251017_blog-3-1536x1152.jpg 1536w, https:\/\/biblioteca.blanes.cat\/salajove\/wp-content\/uploads\/sites\/3\/2025\/10\/CLJ_20251017_blog-3-2048x1536.jpg 2048w\" sizes=\"(max-width: 300px) 100vw, 300px\" \/><\/a><\/p>\n<p><a href=\"https:\/\/biblioteca.blanes.cat\/salajove\/2025\/10\/18\/clj-emblanats-octubre-stardust\/clj_20251017_blog-4\/\" rel=\"attachment wp-att-10148\"><img loading=\"lazy\" decoding=\"async\" class=\"size-medium wp-image-10148 alignleft\" src=\"https:\/\/biblioteca.blanes.cat\/salajove\/wp-content\/uploads\/sites\/3\/2025\/10\/CLJ_20251017_blog-4-300x225.jpg\" alt=\"\" width=\"300\" height=\"225\" srcset=\"https:\/\/biblioteca.blanes.cat\/salajove\/wp-content\/uploads\/sites\/3\/2025\/10\/CLJ_20251017_blog-4-300x225.jpg 300w, https:\/\/biblioteca.blanes.cat\/salajove\/wp-content\/uploads\/sites\/3\/2025\/10\/CLJ_20251017_blog-4-1024x768.jpg 1024w, https:\/\/biblioteca.blanes.cat\/salajove\/wp-content\/uploads\/sites\/3\/2025\/10\/CLJ_20251017_blog-4-768x576.jpg 768w, https:\/\/biblioteca.blanes.cat\/salajove\/wp-content\/uploads\/sites\/3\/2025\/10\/CLJ_20251017_blog-4-1536x1152.jpg 1536w, https:\/\/biblioteca.blanes.cat\/salajove\/wp-content\/uploads\/sites\/3\/2025\/10\/CLJ_20251017_blog-4-2048x1536.jpg 2048w\" sizes=\"(max-width: 300px) 100vw, 300px\" \/><\/a><\/p>\n<p>\u00a0<\/p>\n<p>\u00a0<\/p>\n<p>\u00a0<\/p>\n<p>\u00a0<\/p>\n<p>\u00a0<\/p>\n<p>\u00a0<\/p>\n<p>\u00a0<\/p>\n<p>Abans d\u2019acabar la sessi\u00f3, hem introdu\u00eft el proper llibre, ben diferent d\u2019aquest, ja que es tracta d\u2019una novel\u00b7la realista: <em>El mur que ens separa<\/em>, de Dan Smith.<\/p>\n<p>Fins al mes vinent, #emblanats!<\/p>\n\n\n\n\n","protected":false},"excerpt":{"rendered":"<p>Aquest divendres hem comentat la primera lectura del Club de Lectura Juvenil #emblanats: Stardust, una novel\u00b7la d\u2019un dels grans mestres de la literatura fant\u00e0stica, Neil Gaiman. En aquesta primera sessi\u00f3 com a prescriptors de lectura hem parlat sobre tot el<\/p>\n","protected":false},"author":4,"featured_media":10144,"comment_status":"open","ping_status":"open","sticky":false,"template":"","format":"standard","meta":{"sfsi_plus_gutenberg_text_before_share":"","sfsi_plus_gutenberg_show_text_before_share":"","sfsi_plus_gutenberg_icon_type":"","sfsi_plus_gutenberg_icon_alignemt":"","sfsi_plus_gutenburg_max_per_row":"","footnotes":""},"categories":[5],"tags":[24,29,52,26,19,21],"class_list":["post-10142","post","type-post","status-publish","format-standard","has-post-thumbnail","hentry","category-club-de-lectura","tag-activitats","tag-club-de-lectura","tag-joves","tag-lectura","tag-literatura","tag-llibres"],"yoast_head":"<!-- This site is optimized with the Yoast SEO plugin v27.5 - https:\/\/yoast.com\/product\/yoast-seo-wordpress\/ -->\n<title>CLJ #emblanats octubre: STARDUST - Sala Jove<\/title>\n<meta name=\"robots\" content=\"index, follow, max-snippet:-1, max-image-preview:large, max-video-preview:-1\" \/>\n<link rel=\"canonical\" href=\"https:\/\/biblioteca.blanes.cat\/salajove\/2025\/10\/18\/clj-emblanats-octubre-stardust\/\" \/>\n<meta property=\"og:locale\" content=\"ca_ES\" \/>\n<meta property=\"og:type\" content=\"article\" \/>\n<meta property=\"og:title\" content=\"CLJ #emblanats octubre: STARDUST - Sala Jove\" \/>\n<meta property=\"og:description\" content=\"Aquest divendres hem comentat la primera lectura del Club de Lectura Juvenil #emblanats: Stardust, una novel\u00b7la d\u2019un dels grans mestres de la literatura fant\u00e0stica, Neil Gaiman. En aquesta primera sessi\u00f3 com a prescriptors de lectura hem parlat sobre tot el\" \/>\n<meta property=\"og:url\" content=\"https:\/\/biblioteca.blanes.cat\/salajove\/2025\/10\/18\/clj-emblanats-octubre-stardust\/\" \/>\n<meta property=\"og:site_name\" content=\"Sala Jove\" \/>\n<meta property=\"article:publisher\" content=\"https:\/\/www.facebook.com\/BilbiotecaComarcaldeBlanes\/\" \/>\n<meta property=\"article:published_time\" content=\"2025-10-18T08:39:31+00:00\" \/>\n<meta property=\"article:modified_time\" content=\"2025-10-18T08:40:05+00:00\" \/>\n<meta property=\"og:image\" content=\"https:\/\/biblioteca.blanes.cat\/salajove\/wp-content\/uploads\/sites\/3\/2025\/10\/CLJ_20251017_blog-5-scaled.jpg\" \/>\n\t<meta property=\"og:image:width\" content=\"1920\" \/>\n\t<meta property=\"og:image:height\" content=\"2560\" \/>\n\t<meta property=\"og:image:type\" content=\"image\/jpeg\" \/>\n<meta name=\"author\" content=\"biblioblanes\" \/>\n<meta name=\"twitter:card\" content=\"summary_large_image\" \/>\n<meta name=\"twitter:creator\" content=\"@biblioblanes\" \/>\n<meta name=\"twitter:site\" content=\"@BiblioBlanes\" \/>\n<meta name=\"twitter:label1\" content=\"Escrit per\" \/>\n\t<meta name=\"twitter:data1\" content=\"biblioblanes\" \/>\n\t<meta name=\"twitter:label2\" content=\"Temps estimat de lectura\" \/>\n\t<meta name=\"twitter:data2\" content=\"4 minuts\" \/>\n<script type=\"application\/ld+json\" class=\"yoast-schema-graph\">{\"@context\":\"https:\\\/\\\/schema.org\",\"@graph\":[{\"@type\":\"Article\",\"@id\":\"https:\\\/\\\/biblioteca.blanes.cat\\\/salajove\\\/2025\\\/10\\\/18\\\/clj-emblanats-octubre-stardust\\\/#article\",\"isPartOf\":{\"@id\":\"https:\\\/\\\/biblioteca.blanes.cat\\\/salajove\\\/2025\\\/10\\\/18\\\/clj-emblanats-octubre-stardust\\\/\"},\"author\":{\"name\":\"biblioblanes\",\"@id\":\"https:\\\/\\\/biblioteca.blanes.cat\\\/salajove\\\/#\\\/schema\\\/person\\\/5a7b46760d9dd611d098bbf571a341dc\"},\"headline\":\"CLJ #emblanats octubre: STARDUST\",\"datePublished\":\"2025-10-18T08:39:31+00:00\",\"dateModified\":\"2025-10-18T08:40:05+00:00\",\"mainEntityOfPage\":{\"@id\":\"https:\\\/\\\/biblioteca.blanes.cat\\\/salajove\\\/2025\\\/10\\\/18\\\/clj-emblanats-octubre-stardust\\\/\"},\"wordCount\":423,\"commentCount\":0,\"publisher\":{\"@id\":\"https:\\\/\\\/biblioteca.blanes.cat\\\/salajove\\\/#organization\"},\"image\":{\"@id\":\"https:\\\/\\\/biblioteca.blanes.cat\\\/salajove\\\/2025\\\/10\\\/18\\\/clj-emblanats-octubre-stardust\\\/#primaryimage\"},\"thumbnailUrl\":\"https:\\\/\\\/biblioteca.blanes.cat\\\/salajove\\\/wp-content\\\/uploads\\\/sites\\\/3\\\/2025\\\/10\\\/CLJ_20251017_blog-5-scaled.jpg\",\"keywords\":[\"#Activitats\",\"#ClubdeLectura\",\"#Joves\",\"#Lectura\",\"#Literatura\",\"#Llibres\"],\"articleSection\":[\"Club de Lectura\"],\"inLanguage\":\"ca\",\"potentialAction\":[{\"@type\":\"CommentAction\",\"name\":\"Comment\",\"target\":[\"https:\\\/\\\/biblioteca.blanes.cat\\\/salajove\\\/2025\\\/10\\\/18\\\/clj-emblanats-octubre-stardust\\\/#respond\"]}]},{\"@type\":\"WebPage\",\"@id\":\"https:\\\/\\\/biblioteca.blanes.cat\\\/salajove\\\/2025\\\/10\\\/18\\\/clj-emblanats-octubre-stardust\\\/\",\"url\":\"https:\\\/\\\/biblioteca.blanes.cat\\\/salajove\\\/2025\\\/10\\\/18\\\/clj-emblanats-octubre-stardust\\\/\",\"name\":\"CLJ #emblanats octubre: STARDUST - Sala Jove\",\"isPartOf\":{\"@id\":\"https:\\\/\\\/biblioteca.blanes.cat\\\/salajove\\\/#website\"},\"primaryImageOfPage\":{\"@id\":\"https:\\\/\\\/biblioteca.blanes.cat\\\/salajove\\\/2025\\\/10\\\/18\\\/clj-emblanats-octubre-stardust\\\/#primaryimage\"},\"image\":{\"@id\":\"https:\\\/\\\/biblioteca.blanes.cat\\\/salajove\\\/2025\\\/10\\\/18\\\/clj-emblanats-octubre-stardust\\\/#primaryimage\"},\"thumbnailUrl\":\"https:\\\/\\\/biblioteca.blanes.cat\\\/salajove\\\/wp-content\\\/uploads\\\/sites\\\/3\\\/2025\\\/10\\\/CLJ_20251017_blog-5-scaled.jpg\",\"datePublished\":\"2025-10-18T08:39:31+00:00\",\"dateModified\":\"2025-10-18T08:40:05+00:00\",\"breadcrumb\":{\"@id\":\"https:\\\/\\\/biblioteca.blanes.cat\\\/salajove\\\/2025\\\/10\\\/18\\\/clj-emblanats-octubre-stardust\\\/#breadcrumb\"},\"inLanguage\":\"ca\",\"potentialAction\":[{\"@type\":\"ReadAction\",\"target\":[\"https:\\\/\\\/biblioteca.blanes.cat\\\/salajove\\\/2025\\\/10\\\/18\\\/clj-emblanats-octubre-stardust\\\/\"]}]},{\"@type\":\"ImageObject\",\"inLanguage\":\"ca\",\"@id\":\"https:\\\/\\\/biblioteca.blanes.cat\\\/salajove\\\/2025\\\/10\\\/18\\\/clj-emblanats-octubre-stardust\\\/#primaryimage\",\"url\":\"https:\\\/\\\/biblioteca.blanes.cat\\\/salajove\\\/wp-content\\\/uploads\\\/sites\\\/3\\\/2025\\\/10\\\/CLJ_20251017_blog-5-scaled.jpg\",\"contentUrl\":\"https:\\\/\\\/biblioteca.blanes.cat\\\/salajove\\\/wp-content\\\/uploads\\\/sites\\\/3\\\/2025\\\/10\\\/CLJ_20251017_blog-5-scaled.jpg\",\"width\":1920,\"height\":2560},{\"@type\":\"BreadcrumbList\",\"@id\":\"https:\\\/\\\/biblioteca.blanes.cat\\\/salajove\\\/2025\\\/10\\\/18\\\/clj-emblanats-octubre-stardust\\\/#breadcrumb\",\"itemListElement\":[{\"@type\":\"ListItem\",\"position\":1,\"name\":\"Inici\",\"item\":\"https:\\\/\\\/biblioteca.blanes.cat\\\/salajove\\\/\"},{\"@type\":\"ListItem\",\"position\":2,\"name\":\"CLJ #emblanats octubre: STARDUST\"}]},{\"@type\":\"WebSite\",\"@id\":\"https:\\\/\\\/biblioteca.blanes.cat\\\/salajove\\\/#website\",\"url\":\"https:\\\/\\\/biblioteca.blanes.cat\\\/salajove\\\/\",\"name\":\"Sala Jove\",\"description\":\"Biblioteca Comarcal de Blanes\",\"publisher\":{\"@id\":\"https:\\\/\\\/biblioteca.blanes.cat\\\/salajove\\\/#organization\"},\"potentialAction\":[{\"@type\":\"SearchAction\",\"target\":{\"@type\":\"EntryPoint\",\"urlTemplate\":\"https:\\\/\\\/biblioteca.blanes.cat\\\/salajove\\\/?s={search_term_string}\"},\"query-input\":{\"@type\":\"PropertyValueSpecification\",\"valueRequired\":true,\"valueName\":\"search_term_string\"}}],\"inLanguage\":\"ca\"},{\"@type\":\"Organization\",\"@id\":\"https:\\\/\\\/biblioteca.blanes.cat\\\/salajove\\\/#organization\",\"name\":\"Biblioteca Comarcal de Blanes\",\"url\":\"https:\\\/\\\/biblioteca.blanes.cat\\\/salajove\\\/\",\"logo\":{\"@type\":\"ImageObject\",\"inLanguage\":\"ca\",\"@id\":\"https:\\\/\\\/biblioteca.blanes.cat\\\/salajove\\\/#\\\/schema\\\/logo\\\/image\\\/\",\"url\":\"https:\\\/\\\/biblioteca.blanes.cat\\\/salajove\\\/wp-content\\\/uploads\\\/sites\\\/3\\\/2017\\\/09\\\/cropped-Bib-blau-e1518869380535.png\",\"contentUrl\":\"https:\\\/\\\/biblioteca.blanes.cat\\\/salajove\\\/wp-content\\\/uploads\\\/sites\\\/3\\\/2017\\\/09\\\/cropped-Bib-blau-e1518869380535.png\",\"width\":166,\"height\":166,\"caption\":\"Biblioteca Comarcal de Blanes\"},\"image\":{\"@id\":\"https:\\\/\\\/biblioteca.blanes.cat\\\/salajove\\\/#\\\/schema\\\/logo\\\/image\\\/\"},\"sameAs\":[\"https:\\\/\\\/www.facebook.com\\\/BilbiotecaComarcaldeBlanes\\\/\",\"https:\\\/\\\/x.com\\\/BiblioBlanes\",\"https:\\\/\\\/www.instagram.com\\\/biblioblanes\\\/\",\"https:\\\/\\\/www.pinterest.es\\\/bblanes\\\/\",\"https:\\\/\\\/www.youtube.com\\\/c\\\/BibliotecaComarcalBlanes\"]},{\"@type\":\"Person\",\"@id\":\"https:\\\/\\\/biblioteca.blanes.cat\\\/salajove\\\/#\\\/schema\\\/person\\\/5a7b46760d9dd611d098bbf571a341dc\",\"name\":\"biblioblanes\",\"image\":{\"@type\":\"ImageObject\",\"inLanguage\":\"ca\",\"@id\":\"https:\\\/\\\/secure.gravatar.com\\\/avatar\\\/6593ca6cc90e5a70939f51c95e8315483b9c281bafba597292bee47992030f99?s=96&d=mm&r=g\",\"url\":\"https:\\\/\\\/secure.gravatar.com\\\/avatar\\\/6593ca6cc90e5a70939f51c95e8315483b9c281bafba597292bee47992030f99?s=96&d=mm&r=g\",\"contentUrl\":\"https:\\\/\\\/secure.gravatar.com\\\/avatar\\\/6593ca6cc90e5a70939f51c95e8315483b9c281bafba597292bee47992030f99?s=96&d=mm&r=g\",\"caption\":\"biblioblanes\"},\"sameAs\":[\"http:\\\/\\\/www.bibgirona.cat\\\/biblioteca\\\/blanes\",\"https:\\\/\\\/x.com\\\/biblioblanes\"],\"url\":\"https:\\\/\\\/biblioteca.blanes.cat\\\/salajove\\\/author\\\/biblioblanes\\\/\"}]}<\/script>\n<!-- \/ Yoast SEO plugin. -->","yoast_head_json":{"title":"CLJ #emblanats octubre: STARDUST - Sala Jove","robots":{"index":"index","follow":"follow","max-snippet":"max-snippet:-1","max-image-preview":"max-image-preview:large","max-video-preview":"max-video-preview:-1"},"canonical":"https:\/\/biblioteca.blanes.cat\/salajove\/2025\/10\/18\/clj-emblanats-octubre-stardust\/","og_locale":"ca_ES","og_type":"article","og_title":"CLJ #emblanats octubre: STARDUST - Sala Jove","og_description":"Aquest divendres hem comentat la primera lectura del Club de Lectura Juvenil #emblanats: Stardust, una novel\u00b7la d\u2019un dels grans mestres de la literatura fant\u00e0stica, Neil Gaiman. En aquesta primera sessi\u00f3 com a prescriptors de lectura hem parlat sobre tot el","og_url":"https:\/\/biblioteca.blanes.cat\/salajove\/2025\/10\/18\/clj-emblanats-octubre-stardust\/","og_site_name":"Sala Jove","article_publisher":"https:\/\/www.facebook.com\/BilbiotecaComarcaldeBlanes\/","article_published_time":"2025-10-18T08:39:31+00:00","article_modified_time":"2025-10-18T08:40:05+00:00","og_image":[{"width":1920,"height":2560,"url":"https:\/\/biblioteca.blanes.cat\/salajove\/wp-content\/uploads\/sites\/3\/2025\/10\/CLJ_20251017_blog-5-scaled.jpg","type":"image\/jpeg"}],"author":"biblioblanes","twitter_card":"summary_large_image","twitter_creator":"@biblioblanes","twitter_site":"@BiblioBlanes","twitter_misc":{"Escrit per":"biblioblanes","Temps estimat de lectura":"4 minuts"},"schema":{"@context":"https:\/\/schema.org","@graph":[{"@type":"Article","@id":"https:\/\/biblioteca.blanes.cat\/salajove\/2025\/10\/18\/clj-emblanats-octubre-stardust\/#article","isPartOf":{"@id":"https:\/\/biblioteca.blanes.cat\/salajove\/2025\/10\/18\/clj-emblanats-octubre-stardust\/"},"author":{"name":"biblioblanes","@id":"https:\/\/biblioteca.blanes.cat\/salajove\/#\/schema\/person\/5a7b46760d9dd611d098bbf571a341dc"},"headline":"CLJ #emblanats octubre: STARDUST","datePublished":"2025-10-18T08:39:31+00:00","dateModified":"2025-10-18T08:40:05+00:00","mainEntityOfPage":{"@id":"https:\/\/biblioteca.blanes.cat\/salajove\/2025\/10\/18\/clj-emblanats-octubre-stardust\/"},"wordCount":423,"commentCount":0,"publisher":{"@id":"https:\/\/biblioteca.blanes.cat\/salajove\/#organization"},"image":{"@id":"https:\/\/biblioteca.blanes.cat\/salajove\/2025\/10\/18\/clj-emblanats-octubre-stardust\/#primaryimage"},"thumbnailUrl":"https:\/\/biblioteca.blanes.cat\/salajove\/wp-content\/uploads\/sites\/3\/2025\/10\/CLJ_20251017_blog-5-scaled.jpg","keywords":["#Activitats","#ClubdeLectura","#Joves","#Lectura","#Literatura","#Llibres"],"articleSection":["Club de Lectura"],"inLanguage":"ca","potentialAction":[{"@type":"CommentAction","name":"Comment","target":["https:\/\/biblioteca.blanes.cat\/salajove\/2025\/10\/18\/clj-emblanats-octubre-stardust\/#respond"]}]},{"@type":"WebPage","@id":"https:\/\/biblioteca.blanes.cat\/salajove\/2025\/10\/18\/clj-emblanats-octubre-stardust\/","url":"https:\/\/biblioteca.blanes.cat\/salajove\/2025\/10\/18\/clj-emblanats-octubre-stardust\/","name":"CLJ #emblanats octubre: STARDUST - Sala Jove","isPartOf":{"@id":"https:\/\/biblioteca.blanes.cat\/salajove\/#website"},"primaryImageOfPage":{"@id":"https:\/\/biblioteca.blanes.cat\/salajove\/2025\/10\/18\/clj-emblanats-octubre-stardust\/#primaryimage"},"image":{"@id":"https:\/\/biblioteca.blanes.cat\/salajove\/2025\/10\/18\/clj-emblanats-octubre-stardust\/#primaryimage"},"thumbnailUrl":"https:\/\/biblioteca.blanes.cat\/salajove\/wp-content\/uploads\/sites\/3\/2025\/10\/CLJ_20251017_blog-5-scaled.jpg","datePublished":"2025-10-18T08:39:31+00:00","dateModified":"2025-10-18T08:40:05+00:00","breadcrumb":{"@id":"https:\/\/biblioteca.blanes.cat\/salajove\/2025\/10\/18\/clj-emblanats-octubre-stardust\/#breadcrumb"},"inLanguage":"ca","potentialAction":[{"@type":"ReadAction","target":["https:\/\/biblioteca.blanes.cat\/salajove\/2025\/10\/18\/clj-emblanats-octubre-stardust\/"]}]},{"@type":"ImageObject","inLanguage":"ca","@id":"https:\/\/biblioteca.blanes.cat\/salajove\/2025\/10\/18\/clj-emblanats-octubre-stardust\/#primaryimage","url":"https:\/\/biblioteca.blanes.cat\/salajove\/wp-content\/uploads\/sites\/3\/2025\/10\/CLJ_20251017_blog-5-scaled.jpg","contentUrl":"https:\/\/biblioteca.blanes.cat\/salajove\/wp-content\/uploads\/sites\/3\/2025\/10\/CLJ_20251017_blog-5-scaled.jpg","width":1920,"height":2560},{"@type":"BreadcrumbList","@id":"https:\/\/biblioteca.blanes.cat\/salajove\/2025\/10\/18\/clj-emblanats-octubre-stardust\/#breadcrumb","itemListElement":[{"@type":"ListItem","position":1,"name":"Inici","item":"https:\/\/biblioteca.blanes.cat\/salajove\/"},{"@type":"ListItem","position":2,"name":"CLJ #emblanats octubre: STARDUST"}]},{"@type":"WebSite","@id":"https:\/\/biblioteca.blanes.cat\/salajove\/#website","url":"https:\/\/biblioteca.blanes.cat\/salajove\/","name":"Sala Jove","description":"Biblioteca Comarcal de Blanes","publisher":{"@id":"https:\/\/biblioteca.blanes.cat\/salajove\/#organization"},"potentialAction":[{"@type":"SearchAction","target":{"@type":"EntryPoint","urlTemplate":"https:\/\/biblioteca.blanes.cat\/salajove\/?s={search_term_string}"},"query-input":{"@type":"PropertyValueSpecification","valueRequired":true,"valueName":"search_term_string"}}],"inLanguage":"ca"},{"@type":"Organization","@id":"https:\/\/biblioteca.blanes.cat\/salajove\/#organization","name":"Biblioteca Comarcal de Blanes","url":"https:\/\/biblioteca.blanes.cat\/salajove\/","logo":{"@type":"ImageObject","inLanguage":"ca","@id":"https:\/\/biblioteca.blanes.cat\/salajove\/#\/schema\/logo\/image\/","url":"https:\/\/biblioteca.blanes.cat\/salajove\/wp-content\/uploads\/sites\/3\/2017\/09\/cropped-Bib-blau-e1518869380535.png","contentUrl":"https:\/\/biblioteca.blanes.cat\/salajove\/wp-content\/uploads\/sites\/3\/2017\/09\/cropped-Bib-blau-e1518869380535.png","width":166,"height":166,"caption":"Biblioteca Comarcal de Blanes"},"image":{"@id":"https:\/\/biblioteca.blanes.cat\/salajove\/#\/schema\/logo\/image\/"},"sameAs":["https:\/\/www.facebook.com\/BilbiotecaComarcaldeBlanes\/","https:\/\/x.com\/BiblioBlanes","https:\/\/www.instagram.com\/biblioblanes\/","https:\/\/www.pinterest.es\/bblanes\/","https:\/\/www.youtube.com\/c\/BibliotecaComarcalBlanes"]},{"@type":"Person","@id":"https:\/\/biblioteca.blanes.cat\/salajove\/#\/schema\/person\/5a7b46760d9dd611d098bbf571a341dc","name":"biblioblanes","image":{"@type":"ImageObject","inLanguage":"ca","@id":"https:\/\/secure.gravatar.com\/avatar\/6593ca6cc90e5a70939f51c95e8315483b9c281bafba597292bee47992030f99?s=96&d=mm&r=g","url":"https:\/\/secure.gravatar.com\/avatar\/6593ca6cc90e5a70939f51c95e8315483b9c281bafba597292bee47992030f99?s=96&d=mm&r=g","contentUrl":"https:\/\/secure.gravatar.com\/avatar\/6593ca6cc90e5a70939f51c95e8315483b9c281bafba597292bee47992030f99?s=96&d=mm&r=g","caption":"biblioblanes"},"sameAs":["http:\/\/www.bibgirona.cat\/biblioteca\/blanes","https:\/\/x.com\/biblioblanes"],"url":"https:\/\/biblioteca.blanes.cat\/salajove\/author\/biblioblanes\/"}]}},"_links":{"self":[{"href":"https:\/\/biblioteca.blanes.cat\/salajove\/wp-json\/wp\/v2\/posts\/10142","targetHints":{"allow":["GET"]}}],"collection":[{"href":"https:\/\/biblioteca.blanes.cat\/salajove\/wp-json\/wp\/v2\/posts"}],"about":[{"href":"https:\/\/biblioteca.blanes.cat\/salajove\/wp-json\/wp\/v2\/types\/post"}],"author":[{"embeddable":true,"href":"https:\/\/biblioteca.blanes.cat\/salajove\/wp-json\/wp\/v2\/users\/4"}],"replies":[{"embeddable":true,"href":"https:\/\/biblioteca.blanes.cat\/salajove\/wp-json\/wp\/v2\/comments?post=10142"}],"version-history":[{"count":5,"href":"https:\/\/biblioteca.blanes.cat\/salajove\/wp-json\/wp\/v2\/posts\/10142\/revisions"}],"predecessor-version":[{"id":10152,"href":"https:\/\/biblioteca.blanes.cat\/salajove\/wp-json\/wp\/v2\/posts\/10142\/revisions\/10152"}],"wp:featuredmedia":[{"embeddable":true,"href":"https:\/\/biblioteca.blanes.cat\/salajove\/wp-json\/wp\/v2\/media\/10144"}],"wp:attachment":[{"href":"https:\/\/biblioteca.blanes.cat\/salajove\/wp-json\/wp\/v2\/media?parent=10142"}],"wp:term":[{"taxonomy":"category","embeddable":true,"href":"https:\/\/biblioteca.blanes.cat\/salajove\/wp-json\/wp\/v2\/categories?post=10142"},{"taxonomy":"post_tag","embeddable":true,"href":"https:\/\/biblioteca.blanes.cat\/salajove\/wp-json\/wp\/v2\/tags?post=10142"}],"curies":[{"name":"wp","href":"https:\/\/api.w.org\/{rel}","templated":true}]}}