{"id":1012,"date":"2017-07-26T21:48:24","date_gmt":"2017-07-26T20:48:24","guid":{"rendered":"https:\/\/biblioteca.blanes.cat\/salajove\/?p=1012"},"modified":"2018-02-14T15:47:51","modified_gmt":"2018-02-14T14:47:51","slug":"por-trece-razones-jay-asher","status":"publish","type":"post","link":"https:\/\/biblioteca.blanes.cat\/salajove\/2017\/07\/26\/por-trece-razones-jay-asher\/","title":{"rendered":"CON UN PAR DE ALAS de Alba Saskia"},"content":{"rendered":"<h1 style=\"text-align: center\"><img fetchpriority=\"high\" decoding=\"async\" class=\"alignright\" src=\"https:\/\/static9planetadelibroscom.cdnstatics.com\/usuaris\/libros\/fotos\/251\/original\/portada_con-un-par-de-alas_alba-saskia_201703101415.jpg\" width=\"248\" height=\"377\" \/>&#8220;Lector, ven. Ven. No seas t\u00edmido. Ven, anda sin miedo. Sin miedo. Ven, ac\u00e9rcate que te cuento un secreto: SUE\u00d1A.<\/h1>\n<h2 style=\"text-align: center\">Sue\u00f1a alto. Sue\u00f1a sin remedio. Sue\u00f1a y vive al mismo tiempo.<\/h2>\n<h2 style=\"text-align: center\">Despliega tus alas. Y vuela por cualquier cielo.&#8221;<\/h2>\n<p>L&#8217;Alba Saskia es una escriptora blanenca que va n\u00e8ixer l&#8217;any 1991.<\/p>\n<p>Jo s\u00f3c una gran admiradora de l&#8217;Alba Saskia, l&#8217;autora d&#8217;aquest llibre, tant per la seva valentia i for\u00e7a com la seva manera de escriure. Haig de dir-vos que quan vaig acabar de llegir el llibre vaig tenir un desig molt gran de con\u00e8ixer a l&#8217;Alba Saskia, perqu\u00e8 en petits fragments del llibre m&#8217;hi sentia identificada.<\/p>\n<h2 style=\"text-align: justify\">\u00ab-Cari\u00f1o, y este cuaderno \u00bfqu\u00e9 es? \u00bfSon deberes?<br \/>\n -\u201cCon un par de alas\u201d, mam\u00e1<br \/>\n -\u00bfQu\u00e9 dices L\u00eda?<br \/>\n -Que se llama \u201cCon un par de alas\u201d. Es como un diario, pero no.<br \/>\n -\u00a1Ah! Est\u00e1 bien eso, pero el nombre\u2026, telita.<br \/>\n -\u00bfQuieres saber por qu\u00e9 se llama as\u00ed? A m\u00ed me gustar\u00eda tener dos alas en la espalda, o en el coraz\u00f3n, para hacer de lo cotidiano un vuelo\u00bb.<\/h2>\n<h1 style=\"text-align: center\">CON UN PAR DE ALAS&#8230;<\/h1>\n<h2>\u00abMi nombre es L\u00eda y no es ning\u00fan diminutivo, Me llamo L\u00eda, a secas.<br \/>\n Creo que me he perdido y es muy probable que tarde en saber cu\u00e1l es mi camino. Para ser sincera, no me asusta. Estar desamparada se va convirtiendo en mi filosof\u00eda materna. La \u00fanica pega de esta transici\u00f3n es que me siento tocada y hundida, pero, por lo dem\u00e1s, estoy bien. Bien jodida, pero bien. Bien mutilada, pero bien. Bien acabada, pero bien. Bien de penas, pero bien\u00bb.<\/h2>\n<p>Lia es una noia de trenta-dos anys. Ella va estar vivint a Tarifa una complicada i dolorosa hist\u00f2ria d&#8217;amor amb l&#8217;Hugo que per motius de infidelitat va acabar dram\u00e0ticament. Lia completament afligida va c\u00f3rrer a refugiar-se a casa de la seva amiga Manuela, que la va acollir amb una condici\u00f3&#8230;<\/p>\n<h2 style=\"text-align: center\">\u00abTe doy treinta d\u00edas para reponerte y volver. No le dejes ni retales de tu vida, L\u00eda. Prep\u00e1rate para una jodida mudanza\u00bb.<\/h2>\n<p>Mentre vivia a Tarifa amb l&#8217;Hugo va complir el somni d&#8217;ell: tots dos van fundar una escola de surf. En aquesta aventura Lia va deixar arraconats els seus projectes personals i es va dedicar plenament al seu amor. Per aix\u00f2 quan la relaci\u00f3 va fracassar ella sentia que no tenia res.<\/p>\n<p>Frustrada, ferida i desil\u00b7lusionada continua usant el sentit del humor, el qual el sentirem durant tota la novel\u00b7la.<\/p>\n<h2 style=\"text-align: center\">\u00abHe dejado que me hicieras polvo. No polvo de hadas, ya me gustar\u00eda ser una Campanilla metomentodo. Polvo frustrado y desmenuzado de algo que fui\u00bb.<\/h2>\n<p>Lia menteix al seu avi i a la seva mare fent-li&#8217;s creure que encara viu a Tarifa amb l&#8217;Hugo. En molts moments de la hist\u00f2ria es descriu com la mare li envia cartes a Tarifa.<\/p>\n<p>Poc a poc Lia es va donant compte de que encara que estigues i estigui completament enamorada d&#8217;ell, aquella historia d&#8217;amor era sense dubte una relaci\u00f3 sense futur.<\/p>\n<h2 style=\"text-align: center\"><em>\u00ab<\/em>Ten\u00edamos todas las papeletas para ser nada. Para ser un 8 cortado por la mitad. Un 0 a la izquierda. Un 0,00 sin decimales por resolver\u00bb.<\/h2>\n<p>Una nova amistat en la seva vida fa canviar el rumb de la seva vida que provocar\u00e0 un desenlla\u00e7 sorprenent.<\/p>\n<p>Un recurs que usa l&#8217;autora molt original \u00e9s finalitzar cada breu cap\u00edtol amb un poema breus, desesperan\u00e7at, melanc\u00f2lic&#8230;<\/p>\n<h2 style=\"text-align: center\">&lt;&lt;Minti\u00e9ndome me encontr\u00e9 con dos balas. Balas fieras con verdaderas medias, balas sinceras esperando un apag\u00f3n. Dos balas que no se quisieron separar y terminaron en mi coraz\u00f3n&gt;&gt;<\/h2>\n<p>I ara unes an\u00e8cdotes:<\/p>\n<p>*Con un par de alas, va quedar finalista del Premi Planeta 2016.<\/p>\n<p>*Alba Saskia va viure a Blanes i va estudiar a l&#8217;Escola Cor de Maria.<\/p>\n<p>*L&#8217;Alba va fer una xerrada a la meva escola sobre el seu nou llibre. Em va causar molt orgull i satisfacci\u00f3 que malgrat totes les dificultats que ha tingut al llarg de la seva vida hagi complert el seu somni de ser escriptora!<\/p>\n<p>*Actualment amb els seus estudis de infermera i secret\u00e0ria, porta una organitzaci\u00f3 que vetlla per les malalties rares. L&#8217;Alba despr\u00e9s de batallar amb una d&#8217;aquelles patologies minorit\u00e0ries, es dedica a fer realitat el seu somni literari.<\/p>\n<p>*L&#8217;Alba va decidir apuntar-se al concurs del Premi Planeta dues setmanes abans de que es tanques el termini.<\/p>\n<p>*Ella declara que aquest cam\u00ed no l&#8217;hagu\u00e9s pogut emprendre sense HOPE, el seu pseud\u00f2nim literari que porta tatuat com a dilema de vida.<\/p>\n<p>*L&#8217;Alba Saskia te un bloc https:\/\/infinity-hope.com\/ on escriu petits relats molt bells. Us el recomano.<\/p>\n<h1 style=\"text-align: center\">\u201cTe estoy tejiendo un par de alas, se que te ir\u00e1s cuando termine&#8230; Pero no soporto verte sin volar.<br \/>\n Se siempre HOPE.\u201d<\/h1>\n","protected":false},"excerpt":{"rendered":"<p>&#8220;Lector, ven. Ven. No seas t\u00edmido. Ven, anda sin miedo. Sin miedo. Ven, ac\u00e9rcate que te cuento un secreto: SUE\u00d1A. Sue\u00f1a alto. Sue\u00f1a sin remedio. Sue\u00f1a y vive al mismo tiempo. Despliega tus alas. Y vuela por cualquier cielo.&#8221; L&#8217;Alba<\/p>\n","protected":false},"author":6,"featured_media":154,"comment_status":"open","ping_status":"open","sticky":false,"template":"","format":"standard","meta":{"sfsi_plus_gutenberg_text_before_share":"","sfsi_plus_gutenberg_show_text_before_share":"","sfsi_plus_gutenberg_icon_type":"","sfsi_plus_gutenberg_icon_alignemt":"","sfsi_plus_gutenburg_max_per_row":"","footnotes":""},"categories":[9,10],"tags":[33,21,23],"class_list":["post-1012","post","type-post","status-publish","format-standard","has-post-thumbnail","hentry","category-raco-de-la-paula","category-novetat","tag-el-raco-de-la-paula","tag-llibres","tag-sinopsi"],"yoast_head":"<!-- This site is optimized with the Yoast SEO plugin v27.5 - https:\/\/yoast.com\/product\/yoast-seo-wordpress\/ -->\n<title>CON UN PAR DE ALAS de Alba Saskia - Sala Jove<\/title>\n<meta name=\"description\" content=\"Jo s\u00f3c una gran admiradora de la Alba Saskia, l&#039;autora d&#039;aquest llibre, tant per la seva valentia i for\u00e7a com la seva manera de escriure.\" \/>\n<meta name=\"robots\" content=\"index, follow, max-snippet:-1, max-image-preview:large, max-video-preview:-1\" \/>\n<link rel=\"canonical\" href=\"https:\/\/biblioteca.blanes.cat\/salajove\/2017\/07\/26\/por-trece-razones-jay-asher\/\" \/>\n<meta property=\"og:locale\" content=\"ca_ES\" \/>\n<meta property=\"og:type\" content=\"article\" \/>\n<meta property=\"og:title\" content=\"CON UN PAR DE ALAS de Alba Saskia - Sala Jove\" \/>\n<meta property=\"og:description\" content=\"Jo s\u00f3c una gran admiradora de la Alba Saskia, l&#039;autora d&#039;aquest llibre, tant per la seva valentia i for\u00e7a com la seva manera de escriure.\" \/>\n<meta property=\"og:url\" content=\"https:\/\/biblioteca.blanes.cat\/salajove\/2017\/07\/26\/por-trece-razones-jay-asher\/\" \/>\n<meta property=\"og:site_name\" content=\"Sala Jove\" \/>\n<meta property=\"article:publisher\" content=\"https:\/\/www.facebook.com\/BilbiotecaComarcaldeBlanes\/\" \/>\n<meta property=\"article:published_time\" content=\"2017-07-26T20:48:24+00:00\" \/>\n<meta property=\"article:modified_time\" content=\"2018-02-14T14:47:51+00:00\" \/>\n<meta property=\"og:image\" content=\"https:\/\/biblioteca.blanes.cat\/salajove\/wp-content\/uploads\/sites\/3\/2017\/10\/Destacat_rac\u00f3_Paula.png\" \/>\n\t<meta property=\"og:image:width\" content=\"3719\" \/>\n\t<meta property=\"og:image:height\" content=\"2265\" \/>\n\t<meta property=\"og:image:type\" content=\"image\/png\" \/>\n<meta name=\"author\" content=\"paula\" \/>\n<meta name=\"twitter:card\" content=\"summary_large_image\" \/>\n<meta name=\"twitter:creator\" content=\"@BiblioBlanes\" \/>\n<meta name=\"twitter:site\" content=\"@BiblioBlanes\" \/>\n<meta name=\"twitter:label1\" content=\"Escrit per\" \/>\n\t<meta name=\"twitter:data1\" content=\"paula\" \/>\n\t<meta name=\"twitter:label2\" content=\"Temps estimat de lectura\" \/>\n\t<meta name=\"twitter:data2\" content=\"4 minuts\" \/>\n<script type=\"application\/ld+json\" class=\"yoast-schema-graph\">{\"@context\":\"https:\\\/\\\/schema.org\",\"@graph\":[{\"@type\":\"Article\",\"@id\":\"https:\\\/\\\/biblioteca.blanes.cat\\\/salajove\\\/2017\\\/07\\\/26\\\/por-trece-razones-jay-asher\\\/#article\",\"isPartOf\":{\"@id\":\"https:\\\/\\\/biblioteca.blanes.cat\\\/salajove\\\/2017\\\/07\\\/26\\\/por-trece-razones-jay-asher\\\/\"},\"author\":{\"name\":\"paula\",\"@id\":\"https:\\\/\\\/biblioteca.blanes.cat\\\/salajove\\\/#\\\/schema\\\/person\\\/8dbc45cdf5d1c7e2d100d147517ba7f3\"},\"headline\":\"CON UN PAR DE ALAS de Alba Saskia\",\"datePublished\":\"2017-07-26T20:48:24+00:00\",\"dateModified\":\"2018-02-14T14:47:51+00:00\",\"mainEntityOfPage\":{\"@id\":\"https:\\\/\\\/biblioteca.blanes.cat\\\/salajove\\\/2017\\\/07\\\/26\\\/por-trece-razones-jay-asher\\\/\"},\"wordCount\":848,\"commentCount\":0,\"publisher\":{\"@id\":\"https:\\\/\\\/biblioteca.blanes.cat\\\/salajove\\\/#organization\"},\"image\":{\"@id\":\"https:\\\/\\\/biblioteca.blanes.cat\\\/salajove\\\/2017\\\/07\\\/26\\\/por-trece-razones-jay-asher\\\/#primaryimage\"},\"thumbnailUrl\":\"https:\\\/\\\/biblioteca.blanes.cat\\\/salajove\\\/wp-content\\\/uploads\\\/sites\\\/3\\\/2017\\\/10\\\/Destacat_rac\u00f3_Paula.png\",\"keywords\":[\"#ElRac\u00f3delaPaula\",\"#Llibres\",\"#Sinopsi\"],\"articleSection\":[\"Rac\u00f3 de la Paula\",\"RP_Novetat\"],\"inLanguage\":\"ca\",\"potentialAction\":[{\"@type\":\"CommentAction\",\"name\":\"Comment\",\"target\":[\"https:\\\/\\\/biblioteca.blanes.cat\\\/salajove\\\/2017\\\/07\\\/26\\\/por-trece-razones-jay-asher\\\/#respond\"]}]},{\"@type\":\"WebPage\",\"@id\":\"https:\\\/\\\/biblioteca.blanes.cat\\\/salajove\\\/2017\\\/07\\\/26\\\/por-trece-razones-jay-asher\\\/\",\"url\":\"https:\\\/\\\/biblioteca.blanes.cat\\\/salajove\\\/2017\\\/07\\\/26\\\/por-trece-razones-jay-asher\\\/\",\"name\":\"CON UN PAR DE ALAS de Alba Saskia - Sala Jove\",\"isPartOf\":{\"@id\":\"https:\\\/\\\/biblioteca.blanes.cat\\\/salajove\\\/#website\"},\"primaryImageOfPage\":{\"@id\":\"https:\\\/\\\/biblioteca.blanes.cat\\\/salajove\\\/2017\\\/07\\\/26\\\/por-trece-razones-jay-asher\\\/#primaryimage\"},\"image\":{\"@id\":\"https:\\\/\\\/biblioteca.blanes.cat\\\/salajove\\\/2017\\\/07\\\/26\\\/por-trece-razones-jay-asher\\\/#primaryimage\"},\"thumbnailUrl\":\"https:\\\/\\\/biblioteca.blanes.cat\\\/salajove\\\/wp-content\\\/uploads\\\/sites\\\/3\\\/2017\\\/10\\\/Destacat_rac\u00f3_Paula.png\",\"datePublished\":\"2017-07-26T20:48:24+00:00\",\"dateModified\":\"2018-02-14T14:47:51+00:00\",\"description\":\"Jo s\u00f3c una gran admiradora de la Alba Saskia, l'autora d'aquest llibre, tant per la seva valentia i for\u00e7a com la seva manera de escriure.\",\"breadcrumb\":{\"@id\":\"https:\\\/\\\/biblioteca.blanes.cat\\\/salajove\\\/2017\\\/07\\\/26\\\/por-trece-razones-jay-asher\\\/#breadcrumb\"},\"inLanguage\":\"ca\",\"potentialAction\":[{\"@type\":\"ReadAction\",\"target\":[\"https:\\\/\\\/biblioteca.blanes.cat\\\/salajove\\\/2017\\\/07\\\/26\\\/por-trece-razones-jay-asher\\\/\"]}]},{\"@type\":\"ImageObject\",\"inLanguage\":\"ca\",\"@id\":\"https:\\\/\\\/biblioteca.blanes.cat\\\/salajove\\\/2017\\\/07\\\/26\\\/por-trece-razones-jay-asher\\\/#primaryimage\",\"url\":\"https:\\\/\\\/biblioteca.blanes.cat\\\/salajove\\\/wp-content\\\/uploads\\\/sites\\\/3\\\/2017\\\/10\\\/Destacat_rac\u00f3_Paula.png\",\"contentUrl\":\"https:\\\/\\\/biblioteca.blanes.cat\\\/salajove\\\/wp-content\\\/uploads\\\/sites\\\/3\\\/2017\\\/10\\\/Destacat_rac\u00f3_Paula.png\",\"width\":3719,\"height\":2265,\"caption\":\"Rac\u00f3 de la Paula\"},{\"@type\":\"BreadcrumbList\",\"@id\":\"https:\\\/\\\/biblioteca.blanes.cat\\\/salajove\\\/2017\\\/07\\\/26\\\/por-trece-razones-jay-asher\\\/#breadcrumb\",\"itemListElement\":[{\"@type\":\"ListItem\",\"position\":1,\"name\":\"Inici\",\"item\":\"https:\\\/\\\/biblioteca.blanes.cat\\\/salajove\\\/\"},{\"@type\":\"ListItem\",\"position\":2,\"name\":\"CON UN PAR DE ALAS de Alba Saskia\"}]},{\"@type\":\"WebSite\",\"@id\":\"https:\\\/\\\/biblioteca.blanes.cat\\\/salajove\\\/#website\",\"url\":\"https:\\\/\\\/biblioteca.blanes.cat\\\/salajove\\\/\",\"name\":\"Sala Jove\",\"description\":\"Biblioteca Comarcal de Blanes\",\"publisher\":{\"@id\":\"https:\\\/\\\/biblioteca.blanes.cat\\\/salajove\\\/#organization\"},\"potentialAction\":[{\"@type\":\"SearchAction\",\"target\":{\"@type\":\"EntryPoint\",\"urlTemplate\":\"https:\\\/\\\/biblioteca.blanes.cat\\\/salajove\\\/?s={search_term_string}\"},\"query-input\":{\"@type\":\"PropertyValueSpecification\",\"valueRequired\":true,\"valueName\":\"search_term_string\"}}],\"inLanguage\":\"ca\"},{\"@type\":\"Organization\",\"@id\":\"https:\\\/\\\/biblioteca.blanes.cat\\\/salajove\\\/#organization\",\"name\":\"Biblioteca Comarcal de Blanes\",\"url\":\"https:\\\/\\\/biblioteca.blanes.cat\\\/salajove\\\/\",\"logo\":{\"@type\":\"ImageObject\",\"inLanguage\":\"ca\",\"@id\":\"https:\\\/\\\/biblioteca.blanes.cat\\\/salajove\\\/#\\\/schema\\\/logo\\\/image\\\/\",\"url\":\"https:\\\/\\\/biblioteca.blanes.cat\\\/salajove\\\/wp-content\\\/uploads\\\/sites\\\/3\\\/2017\\\/09\\\/cropped-Bib-blau-e1518869380535.png\",\"contentUrl\":\"https:\\\/\\\/biblioteca.blanes.cat\\\/salajove\\\/wp-content\\\/uploads\\\/sites\\\/3\\\/2017\\\/09\\\/cropped-Bib-blau-e1518869380535.png\",\"width\":166,\"height\":166,\"caption\":\"Biblioteca Comarcal de Blanes\"},\"image\":{\"@id\":\"https:\\\/\\\/biblioteca.blanes.cat\\\/salajove\\\/#\\\/schema\\\/logo\\\/image\\\/\"},\"sameAs\":[\"https:\\\/\\\/www.facebook.com\\\/BilbiotecaComarcaldeBlanes\\\/\",\"https:\\\/\\\/x.com\\\/BiblioBlanes\",\"https:\\\/\\\/www.instagram.com\\\/biblioblanes\\\/\",\"https:\\\/\\\/www.pinterest.es\\\/bblanes\\\/\",\"https:\\\/\\\/www.youtube.com\\\/c\\\/BibliotecaComarcalBlanes\"]},{\"@type\":\"Person\",\"@id\":\"https:\\\/\\\/biblioteca.blanes.cat\\\/salajove\\\/#\\\/schema\\\/person\\\/8dbc45cdf5d1c7e2d100d147517ba7f3\",\"name\":\"paula\",\"image\":{\"@type\":\"ImageObject\",\"inLanguage\":\"ca\",\"@id\":\"https:\\\/\\\/secure.gravatar.com\\\/avatar\\\/7dc0a9399589f36ddc6864e8335b73854871aa22921ee390cb50776e7ddfc136?s=96&d=mm&r=g\",\"url\":\"https:\\\/\\\/secure.gravatar.com\\\/avatar\\\/7dc0a9399589f36ddc6864e8335b73854871aa22921ee390cb50776e7ddfc136?s=96&d=mm&r=g\",\"contentUrl\":\"https:\\\/\\\/secure.gravatar.com\\\/avatar\\\/7dc0a9399589f36ddc6864e8335b73854871aa22921ee390cb50776e7ddfc136?s=96&d=mm&r=g\",\"caption\":\"paula\"},\"url\":\"https:\\\/\\\/biblioteca.blanes.cat\\\/salajove\\\/author\\\/paula\\\/\"}]}<\/script>\n<!-- \/ Yoast SEO plugin. -->","yoast_head_json":{"title":"CON UN PAR DE ALAS de Alba Saskia - Sala Jove","description":"Jo s\u00f3c una gran admiradora de la Alba Saskia, l'autora d'aquest llibre, tant per la seva valentia i for\u00e7a com la seva manera de escriure.","robots":{"index":"index","follow":"follow","max-snippet":"max-snippet:-1","max-image-preview":"max-image-preview:large","max-video-preview":"max-video-preview:-1"},"canonical":"https:\/\/biblioteca.blanes.cat\/salajove\/2017\/07\/26\/por-trece-razones-jay-asher\/","og_locale":"ca_ES","og_type":"article","og_title":"CON UN PAR DE ALAS de Alba Saskia - Sala Jove","og_description":"Jo s\u00f3c una gran admiradora de la Alba Saskia, l'autora d'aquest llibre, tant per la seva valentia i for\u00e7a com la seva manera de escriure.","og_url":"https:\/\/biblioteca.blanes.cat\/salajove\/2017\/07\/26\/por-trece-razones-jay-asher\/","og_site_name":"Sala Jove","article_publisher":"https:\/\/www.facebook.com\/BilbiotecaComarcaldeBlanes\/","article_published_time":"2017-07-26T20:48:24+00:00","article_modified_time":"2018-02-14T14:47:51+00:00","og_image":[{"width":3719,"height":2265,"url":"https:\/\/biblioteca.blanes.cat\/salajove\/wp-content\/uploads\/sites\/3\/2017\/10\/Destacat_rac\u00f3_Paula.png","type":"image\/png"}],"author":"paula","twitter_card":"summary_large_image","twitter_creator":"@BiblioBlanes","twitter_site":"@BiblioBlanes","twitter_misc":{"Escrit per":"paula","Temps estimat de lectura":"4 minuts"},"schema":{"@context":"https:\/\/schema.org","@graph":[{"@type":"Article","@id":"https:\/\/biblioteca.blanes.cat\/salajove\/2017\/07\/26\/por-trece-razones-jay-asher\/#article","isPartOf":{"@id":"https:\/\/biblioteca.blanes.cat\/salajove\/2017\/07\/26\/por-trece-razones-jay-asher\/"},"author":{"name":"paula","@id":"https:\/\/biblioteca.blanes.cat\/salajove\/#\/schema\/person\/8dbc45cdf5d1c7e2d100d147517ba7f3"},"headline":"CON UN PAR DE ALAS de Alba Saskia","datePublished":"2017-07-26T20:48:24+00:00","dateModified":"2018-02-14T14:47:51+00:00","mainEntityOfPage":{"@id":"https:\/\/biblioteca.blanes.cat\/salajove\/2017\/07\/26\/por-trece-razones-jay-asher\/"},"wordCount":848,"commentCount":0,"publisher":{"@id":"https:\/\/biblioteca.blanes.cat\/salajove\/#organization"},"image":{"@id":"https:\/\/biblioteca.blanes.cat\/salajove\/2017\/07\/26\/por-trece-razones-jay-asher\/#primaryimage"},"thumbnailUrl":"https:\/\/biblioteca.blanes.cat\/salajove\/wp-content\/uploads\/sites\/3\/2017\/10\/Destacat_rac\u00f3_Paula.png","keywords":["#ElRac\u00f3delaPaula","#Llibres","#Sinopsi"],"articleSection":["Rac\u00f3 de la Paula","RP_Novetat"],"inLanguage":"ca","potentialAction":[{"@type":"CommentAction","name":"Comment","target":["https:\/\/biblioteca.blanes.cat\/salajove\/2017\/07\/26\/por-trece-razones-jay-asher\/#respond"]}]},{"@type":"WebPage","@id":"https:\/\/biblioteca.blanes.cat\/salajove\/2017\/07\/26\/por-trece-razones-jay-asher\/","url":"https:\/\/biblioteca.blanes.cat\/salajove\/2017\/07\/26\/por-trece-razones-jay-asher\/","name":"CON UN PAR DE ALAS de Alba Saskia - Sala Jove","isPartOf":{"@id":"https:\/\/biblioteca.blanes.cat\/salajove\/#website"},"primaryImageOfPage":{"@id":"https:\/\/biblioteca.blanes.cat\/salajove\/2017\/07\/26\/por-trece-razones-jay-asher\/#primaryimage"},"image":{"@id":"https:\/\/biblioteca.blanes.cat\/salajove\/2017\/07\/26\/por-trece-razones-jay-asher\/#primaryimage"},"thumbnailUrl":"https:\/\/biblioteca.blanes.cat\/salajove\/wp-content\/uploads\/sites\/3\/2017\/10\/Destacat_rac\u00f3_Paula.png","datePublished":"2017-07-26T20:48:24+00:00","dateModified":"2018-02-14T14:47:51+00:00","description":"Jo s\u00f3c una gran admiradora de la Alba Saskia, l'autora d'aquest llibre, tant per la seva valentia i for\u00e7a com la seva manera de escriure.","breadcrumb":{"@id":"https:\/\/biblioteca.blanes.cat\/salajove\/2017\/07\/26\/por-trece-razones-jay-asher\/#breadcrumb"},"inLanguage":"ca","potentialAction":[{"@type":"ReadAction","target":["https:\/\/biblioteca.blanes.cat\/salajove\/2017\/07\/26\/por-trece-razones-jay-asher\/"]}]},{"@type":"ImageObject","inLanguage":"ca","@id":"https:\/\/biblioteca.blanes.cat\/salajove\/2017\/07\/26\/por-trece-razones-jay-asher\/#primaryimage","url":"https:\/\/biblioteca.blanes.cat\/salajove\/wp-content\/uploads\/sites\/3\/2017\/10\/Destacat_rac\u00f3_Paula.png","contentUrl":"https:\/\/biblioteca.blanes.cat\/salajove\/wp-content\/uploads\/sites\/3\/2017\/10\/Destacat_rac\u00f3_Paula.png","width":3719,"height":2265,"caption":"Rac\u00f3 de la Paula"},{"@type":"BreadcrumbList","@id":"https:\/\/biblioteca.blanes.cat\/salajove\/2017\/07\/26\/por-trece-razones-jay-asher\/#breadcrumb","itemListElement":[{"@type":"ListItem","position":1,"name":"Inici","item":"https:\/\/biblioteca.blanes.cat\/salajove\/"},{"@type":"ListItem","position":2,"name":"CON UN PAR DE ALAS de Alba Saskia"}]},{"@type":"WebSite","@id":"https:\/\/biblioteca.blanes.cat\/salajove\/#website","url":"https:\/\/biblioteca.blanes.cat\/salajove\/","name":"Sala Jove","description":"Biblioteca Comarcal de Blanes","publisher":{"@id":"https:\/\/biblioteca.blanes.cat\/salajove\/#organization"},"potentialAction":[{"@type":"SearchAction","target":{"@type":"EntryPoint","urlTemplate":"https:\/\/biblioteca.blanes.cat\/salajove\/?s={search_term_string}"},"query-input":{"@type":"PropertyValueSpecification","valueRequired":true,"valueName":"search_term_string"}}],"inLanguage":"ca"},{"@type":"Organization","@id":"https:\/\/biblioteca.blanes.cat\/salajove\/#organization","name":"Biblioteca Comarcal de Blanes","url":"https:\/\/biblioteca.blanes.cat\/salajove\/","logo":{"@type":"ImageObject","inLanguage":"ca","@id":"https:\/\/biblioteca.blanes.cat\/salajove\/#\/schema\/logo\/image\/","url":"https:\/\/biblioteca.blanes.cat\/salajove\/wp-content\/uploads\/sites\/3\/2017\/09\/cropped-Bib-blau-e1518869380535.png","contentUrl":"https:\/\/biblioteca.blanes.cat\/salajove\/wp-content\/uploads\/sites\/3\/2017\/09\/cropped-Bib-blau-e1518869380535.png","width":166,"height":166,"caption":"Biblioteca Comarcal de Blanes"},"image":{"@id":"https:\/\/biblioteca.blanes.cat\/salajove\/#\/schema\/logo\/image\/"},"sameAs":["https:\/\/www.facebook.com\/BilbiotecaComarcaldeBlanes\/","https:\/\/x.com\/BiblioBlanes","https:\/\/www.instagram.com\/biblioblanes\/","https:\/\/www.pinterest.es\/bblanes\/","https:\/\/www.youtube.com\/c\/BibliotecaComarcalBlanes"]},{"@type":"Person","@id":"https:\/\/biblioteca.blanes.cat\/salajove\/#\/schema\/person\/8dbc45cdf5d1c7e2d100d147517ba7f3","name":"paula","image":{"@type":"ImageObject","inLanguage":"ca","@id":"https:\/\/secure.gravatar.com\/avatar\/7dc0a9399589f36ddc6864e8335b73854871aa22921ee390cb50776e7ddfc136?s=96&d=mm&r=g","url":"https:\/\/secure.gravatar.com\/avatar\/7dc0a9399589f36ddc6864e8335b73854871aa22921ee390cb50776e7ddfc136?s=96&d=mm&r=g","contentUrl":"https:\/\/secure.gravatar.com\/avatar\/7dc0a9399589f36ddc6864e8335b73854871aa22921ee390cb50776e7ddfc136?s=96&d=mm&r=g","caption":"paula"},"url":"https:\/\/biblioteca.blanes.cat\/salajove\/author\/paula\/"}]}},"_links":{"self":[{"href":"https:\/\/biblioteca.blanes.cat\/salajove\/wp-json\/wp\/v2\/posts\/1012","targetHints":{"allow":["GET"]}}],"collection":[{"href":"https:\/\/biblioteca.blanes.cat\/salajove\/wp-json\/wp\/v2\/posts"}],"about":[{"href":"https:\/\/biblioteca.blanes.cat\/salajove\/wp-json\/wp\/v2\/types\/post"}],"author":[{"embeddable":true,"href":"https:\/\/biblioteca.blanes.cat\/salajove\/wp-json\/wp\/v2\/users\/6"}],"replies":[{"embeddable":true,"href":"https:\/\/biblioteca.blanes.cat\/salajove\/wp-json\/wp\/v2\/comments?post=1012"}],"version-history":[{"count":7,"href":"https:\/\/biblioteca.blanes.cat\/salajove\/wp-json\/wp\/v2\/posts\/1012\/revisions"}],"predecessor-version":[{"id":1032,"href":"https:\/\/biblioteca.blanes.cat\/salajove\/wp-json\/wp\/v2\/posts\/1012\/revisions\/1032"}],"wp:featuredmedia":[{"embeddable":true,"href":"https:\/\/biblioteca.blanes.cat\/salajove\/wp-json\/wp\/v2\/media\/154"}],"wp:attachment":[{"href":"https:\/\/biblioteca.blanes.cat\/salajove\/wp-json\/wp\/v2\/media?parent=1012"}],"wp:term":[{"taxonomy":"category","embeddable":true,"href":"https:\/\/biblioteca.blanes.cat\/salajove\/wp-json\/wp\/v2\/categories?post=1012"},{"taxonomy":"post_tag","embeddable":true,"href":"https:\/\/biblioteca.blanes.cat\/salajove\/wp-json\/wp\/v2\/tags?post=1012"}],"curies":[{"name":"wp","href":"https:\/\/api.w.org\/{rel}","templated":true}]}}