{"id":10104,"date":"2025-10-01T10:32:00","date_gmt":"2025-10-01T09:32:00","guid":{"rendered":"https:\/\/biblioteca.blanes.cat\/salajove\/?p=10104"},"modified":"2025-10-24T17:54:30","modified_gmt":"2025-10-24T16:54:30","slug":"novetats-octubre-2025","status":"publish","type":"post","link":"https:\/\/biblioteca.blanes.cat\/salajove\/2025\/10\/01\/novetats-octubre-2025\/","title":{"rendered":"Novetats: OCTUBRE 2025"},"content":{"rendered":"\n<h1><strong data-rich-text-format-boundary=\"true\">Biblioteca Jove Blanes \u2013 Novetats octubre<\/strong><\/h1>\n<p>Us presentem les novetats de la Sala Jove del mes d&#8217;octubre: novel\u00b7les, c\u00f2mic, centres d\u2019inter\u00e8s, audiovisuals, mat\u00e8ries i mar.<\/p>\n<h1 style=\"text-align: center;\"><strong>NOVEL\u00b7LES<\/strong><\/h1>\n<div id='gallery-1' class='gallery galleryid-10104 gallery-columns-3 gallery-size-medium'><figure class='gallery-item'>\n\t\t\t<div class='gallery-icon portrait'>\n\t\t\t\t<a href='https:\/\/biblioteca.blanes.cat\/salajove\/2025\/10\/01\/novetats-octubre-2025\/carusino-laura-amistat-en-perill\/'><img fetchpriority=\"high\" decoding=\"async\" width=\"210\" height=\"300\" src=\"https:\/\/biblioteca.blanes.cat\/salajove\/wp-content\/uploads\/sites\/3\/2025\/09\/CARUSINO-Laura.-Amistat-en-perill-210x300.jpg\" class=\"attachment-medium size-medium\" alt=\"\" srcset=\"https:\/\/biblioteca.blanes.cat\/salajove\/wp-content\/uploads\/sites\/3\/2025\/09\/CARUSINO-Laura.-Amistat-en-perill-210x300.jpg 210w, https:\/\/biblioteca.blanes.cat\/salajove\/wp-content\/uploads\/sites\/3\/2025\/09\/CARUSINO-Laura.-Amistat-en-perill.jpg 229w\" sizes=\"(max-width: 210px) 100vw, 210px\" \/><\/a>\n\t\t\t<\/div><\/figure><figure class='gallery-item'>\n\t\t\t<div class='gallery-icon portrait'>\n\t\t\t\t<a href='https:\/\/biblioteca.blanes.cat\/salajove\/2025\/10\/01\/novetats-octubre-2025\/el-hachmi-najat-els-secrets-de-la-nur\/'><img decoding=\"async\" width=\"187\" height=\"270\" src=\"https:\/\/biblioteca.blanes.cat\/salajove\/wp-content\/uploads\/sites\/3\/2025\/09\/EL-HACHMI-Najat.-Els-Secrets-de-la-Nur.jpg\" class=\"attachment-medium size-medium\" alt=\"\" \/><\/a>\n\t\t\t<\/div><\/figure><figure class='gallery-item'>\n\t\t\t<div class='gallery-icon portrait'>\n\t\t\t\t<a href='https:\/\/biblioteca.blanes.cat\/salajove\/2025\/10\/01\/novetats-octubre-2025\/ernshaw-shea-larga-vida-a-la-reina-de-halloween\/'><img decoding=\"async\" width=\"217\" height=\"300\" src=\"https:\/\/biblioteca.blanes.cat\/salajove\/wp-content\/uploads\/sites\/3\/2025\/09\/ERNSHAW-Shea.-Larga-vida-a-la-reina-de-Halloween-217x300.jpg\" class=\"attachment-medium size-medium\" alt=\"\" srcset=\"https:\/\/biblioteca.blanes.cat\/salajove\/wp-content\/uploads\/sites\/3\/2025\/09\/ERNSHAW-Shea.-Larga-vida-a-la-reina-de-Halloween-217x300.jpg 217w, https:\/\/biblioteca.blanes.cat\/salajove\/wp-content\/uploads\/sites\/3\/2025\/09\/ERNSHAW-Shea.-Larga-vida-a-la-reina-de-Halloween-741x1024.jpg 741w, https:\/\/biblioteca.blanes.cat\/salajove\/wp-content\/uploads\/sites\/3\/2025\/09\/ERNSHAW-Shea.-Larga-vida-a-la-reina-de-Halloween-768x1061.jpg 768w, https:\/\/biblioteca.blanes.cat\/salajove\/wp-content\/uploads\/sites\/3\/2025\/09\/ERNSHAW-Shea.-Larga-vida-a-la-reina-de-Halloween-1112x1536.jpg 1112w, https:\/\/biblioteca.blanes.cat\/salajove\/wp-content\/uploads\/sites\/3\/2025\/09\/ERNSHAW-Shea.-Larga-vida-a-la-reina-de-Halloween-1482x2048.jpg 1482w, https:\/\/biblioteca.blanes.cat\/salajove\/wp-content\/uploads\/sites\/3\/2025\/09\/ERNSHAW-Shea.-Larga-vida-a-la-reina-de-Halloween.jpg 1853w\" sizes=\"(max-width: 217px) 100vw, 217px\" \/><\/a>\n\t\t\t<\/div><\/figure><figure class='gallery-item'>\n\t\t\t<div class='gallery-icon portrait'>\n\t\t\t\t<a href='https:\/\/biblioteca.blanes.cat\/salajove\/2025\/10\/01\/novetats-octubre-2025\/lakshminarayan-lavanya-la-lladre-del-deu-per-cent\/'><img loading=\"lazy\" decoding=\"async\" width=\"200\" height=\"300\" src=\"https:\/\/biblioteca.blanes.cat\/salajove\/wp-content\/uploads\/sites\/3\/2025\/09\/LAKSHMINARAYAN-Lavanya.-La-lladre-del-deu-per-cent-200x300.jpg\" class=\"attachment-medium size-medium\" alt=\"\" srcset=\"https:\/\/biblioteca.blanes.cat\/salajove\/wp-content\/uploads\/sites\/3\/2025\/09\/LAKSHMINARAYAN-Lavanya.-La-lladre-del-deu-per-cent-200x300.jpg 200w, https:\/\/biblioteca.blanes.cat\/salajove\/wp-content\/uploads\/sites\/3\/2025\/09\/LAKSHMINARAYAN-Lavanya.-La-lladre-del-deu-per-cent.jpg 400w\" sizes=\"(max-width: 200px) 100vw, 200px\" \/><\/a>\n\t\t\t<\/div><\/figure><figure class='gallery-item'>\n\t\t\t<div class='gallery-icon portrait'>\n\t\t\t\t<a href='https:\/\/biblioteca.blanes.cat\/salajove\/2025\/10\/01\/novetats-octubre-2025\/le-guin-ursula-k-la-costa-mes-llunyana\/'><img loading=\"lazy\" decoding=\"async\" width=\"195\" height=\"300\" src=\"https:\/\/biblioteca.blanes.cat\/salajove\/wp-content\/uploads\/sites\/3\/2025\/09\/LE-GUIN-Ursula-K.-La-Costa-mes-llunyana-195x300.jpg\" class=\"attachment-medium size-medium\" alt=\"\" srcset=\"https:\/\/biblioteca.blanes.cat\/salajove\/wp-content\/uploads\/sites\/3\/2025\/09\/LE-GUIN-Ursula-K.-La-Costa-mes-llunyana-195x300.jpg 195w, https:\/\/biblioteca.blanes.cat\/salajove\/wp-content\/uploads\/sites\/3\/2025\/09\/LE-GUIN-Ursula-K.-La-Costa-mes-llunyana-666x1024.jpg 666w, https:\/\/biblioteca.blanes.cat\/salajove\/wp-content\/uploads\/sites\/3\/2025\/09\/LE-GUIN-Ursula-K.-La-Costa-mes-llunyana-768x1181.jpg 768w, https:\/\/biblioteca.blanes.cat\/salajove\/wp-content\/uploads\/sites\/3\/2025\/09\/LE-GUIN-Ursula-K.-La-Costa-mes-llunyana.jpg 800w\" sizes=\"(max-width: 195px) 100vw, 195px\" \/><\/a>\n\t\t\t<\/div><\/figure><figure class='gallery-item'>\n\t\t\t<div class='gallery-icon portrait'>\n\t\t\t\t<a href='https:\/\/biblioteca.blanes.cat\/salajove\/2025\/10\/01\/novetats-octubre-2025\/lindgren-astrid-el-rescat-de-la-rosa-blanca\/'><img loading=\"lazy\" decoding=\"async\" width=\"196\" height=\"300\" src=\"https:\/\/biblioteca.blanes.cat\/salajove\/wp-content\/uploads\/sites\/3\/2025\/09\/LINDGREN-Astrid.-El-Rescat-de-la-rosa-blanca-196x300.jpg\" class=\"attachment-medium size-medium\" alt=\"\" srcset=\"https:\/\/biblioteca.blanes.cat\/salajove\/wp-content\/uploads\/sites\/3\/2025\/09\/LINDGREN-Astrid.-El-Rescat-de-la-rosa-blanca-196x300.jpg 196w, https:\/\/biblioteca.blanes.cat\/salajove\/wp-content\/uploads\/sites\/3\/2025\/09\/LINDGREN-Astrid.-El-Rescat-de-la-rosa-blanca.jpg 229w\" sizes=\"(max-width: 196px) 100vw, 196px\" \/><\/a>\n\t\t\t<\/div><\/figure><figure class='gallery-item'>\n\t\t\t<div class='gallery-icon portrait'>\n\t\t\t\t<a href='https:\/\/biblioteca.blanes.cat\/salajove\/2025\/10\/01\/novetats-octubre-2025\/manuel-jordi-de-la-ciutat-del-cel-porcs\/'><img loading=\"lazy\" decoding=\"async\" width=\"185\" height=\"273\" src=\"https:\/\/biblioteca.blanes.cat\/salajove\/wp-content\/uploads\/sites\/3\/2025\/09\/MANUEL-Jordi-de.-La-ciutat-del-cel-porcs.jpg\" class=\"attachment-medium size-medium\" alt=\"\" \/><\/a>\n\t\t\t<\/div><\/figure><figure class='gallery-item'>\n\t\t\t<div class='gallery-icon portrait'>\n\t\t\t\t<a href='https:\/\/biblioteca.blanes.cat\/salajove\/2025\/10\/01\/novetats-octubre-2025\/marquis-krystal-els-davenport-mes-enlla-dels-somnis\/'><img loading=\"lazy\" decoding=\"async\" width=\"212\" height=\"300\" src=\"https:\/\/biblioteca.blanes.cat\/salajove\/wp-content\/uploads\/sites\/3\/2025\/09\/MARQUIS-Krystal.-Els-Davenport-mes-enlla-dels-somnis-212x300.jpg\" class=\"attachment-medium size-medium\" alt=\"\" srcset=\"https:\/\/biblioteca.blanes.cat\/salajove\/wp-content\/uploads\/sites\/3\/2025\/09\/MARQUIS-Krystal.-Els-Davenport-mes-enlla-dels-somnis-212x300.jpg 212w, https:\/\/biblioteca.blanes.cat\/salajove\/wp-content\/uploads\/sites\/3\/2025\/09\/MARQUIS-Krystal.-Els-Davenport-mes-enlla-dels-somnis.jpg 707w\" sizes=\"(max-width: 212px) 100vw, 212px\" \/><\/a>\n\t\t\t<\/div><\/figure><figure class='gallery-item'>\n\t\t\t<div class='gallery-icon portrait'>\n\t\t\t\t<a href='https:\/\/biblioteca.blanes.cat\/salajove\/2025\/10\/01\/novetats-octubre-2025\/martin-pinol-la-lliga-de-la-llum\/'><img loading=\"lazy\" decoding=\"async\" width=\"180\" height=\"245\" src=\"https:\/\/biblioteca.blanes.cat\/salajove\/wp-content\/uploads\/sites\/3\/2025\/09\/MARTIN-PINOL.-La-Lliga-de-la-llum.gif\" class=\"attachment-medium size-medium\" alt=\"\" \/><\/a>\n\t\t\t<\/div><\/figure><figure class='gallery-item'>\n\t\t\t<div class='gallery-icon portrait'>\n\t\t\t\t<a href='https:\/\/biblioteca.blanes.cat\/salajove\/2025\/10\/01\/novetats-octubre-2025\/melina-berling-laura-la-selma-els-petons-i-els-embolics\/'><img loading=\"lazy\" decoding=\"async\" width=\"211\" height=\"300\" src=\"https:\/\/biblioteca.blanes.cat\/salajove\/wp-content\/uploads\/sites\/3\/2025\/09\/MELINA-BERLING-Laura.-La-Selma-els-petons-i-els-embolics-211x300.jpg\" class=\"attachment-medium size-medium\" alt=\"\" srcset=\"https:\/\/biblioteca.blanes.cat\/salajove\/wp-content\/uploads\/sites\/3\/2025\/09\/MELINA-BERLING-Laura.-La-Selma-els-petons-i-els-embolics-211x300.jpg 211w, https:\/\/biblioteca.blanes.cat\/salajove\/wp-content\/uploads\/sites\/3\/2025\/09\/MELINA-BERLING-Laura.-La-Selma-els-petons-i-els-embolics-719x1024.jpg 719w, https:\/\/biblioteca.blanes.cat\/salajove\/wp-content\/uploads\/sites\/3\/2025\/09\/MELINA-BERLING-Laura.-La-Selma-els-petons-i-els-embolics-768x1093.jpg 768w, https:\/\/biblioteca.blanes.cat\/salajove\/wp-content\/uploads\/sites\/3\/2025\/09\/MELINA-BERLING-Laura.-La-Selma-els-petons-i-els-embolics-1079x1536.jpg 1079w, https:\/\/biblioteca.blanes.cat\/salajove\/wp-content\/uploads\/sites\/3\/2025\/09\/MELINA-BERLING-Laura.-La-Selma-els-petons-i-els-embolics-1439x2048.jpg 1439w, https:\/\/biblioteca.blanes.cat\/salajove\/wp-content\/uploads\/sites\/3\/2025\/09\/MELINA-BERLING-Laura.-La-Selma-els-petons-i-els-embolics.jpg 1701w\" sizes=\"(max-width: 211px) 100vw, 211px\" \/><\/a>\n\t\t\t<\/div><\/figure><figure class='gallery-item'>\n\t\t\t<div class='gallery-icon portrait'>\n\t\t\t\t<a href='https:\/\/biblioteca.blanes.cat\/salajove\/2025\/10\/01\/novetats-octubre-2025\/roberts-lauren-powerful\/'><img loading=\"lazy\" decoding=\"async\" width=\"213\" height=\"300\" src=\"https:\/\/biblioteca.blanes.cat\/salajove\/wp-content\/uploads\/sites\/3\/2025\/09\/ROBERTS-Lauren.-Powerful-213x300.jpg\" class=\"attachment-medium size-medium\" alt=\"\" srcset=\"https:\/\/biblioteca.blanes.cat\/salajove\/wp-content\/uploads\/sites\/3\/2025\/09\/ROBERTS-Lauren.-Powerful-213x300.jpg 213w, https:\/\/biblioteca.blanes.cat\/salajove\/wp-content\/uploads\/sites\/3\/2025\/09\/ROBERTS-Lauren.-Powerful.jpg 711w\" sizes=\"(max-width: 213px) 100vw, 213px\" \/><\/a>\n\t\t\t<\/div><\/figure><figure class='gallery-item'>\n\t\t\t<div class='gallery-icon landscape'>\n\t\t\t\t<a href='https:\/\/biblioteca.blanes.cat\/salajove\/2025\/10\/01\/novetats-octubre-2025\/shelley-mary-wollstonecraft-frankenstein-o-el-prometeu-modern\/'><img loading=\"lazy\" decoding=\"async\" width=\"300\" height=\"300\" src=\"https:\/\/biblioteca.blanes.cat\/salajove\/wp-content\/uploads\/sites\/3\/2025\/09\/SHELLEY-Mary-Wollstonecraft.-Frankenstein-o-el-Prometeu-modern-300x300.jpg\" class=\"attachment-medium size-medium\" alt=\"\" srcset=\"https:\/\/biblioteca.blanes.cat\/salajove\/wp-content\/uploads\/sites\/3\/2025\/09\/SHELLEY-Mary-Wollstonecraft.-Frankenstein-o-el-Prometeu-modern-300x300.jpg 300w, https:\/\/biblioteca.blanes.cat\/salajove\/wp-content\/uploads\/sites\/3\/2025\/09\/SHELLEY-Mary-Wollstonecraft.-Frankenstein-o-el-Prometeu-modern-150x150.jpg 150w, https:\/\/biblioteca.blanes.cat\/salajove\/wp-content\/uploads\/sites\/3\/2025\/09\/SHELLEY-Mary-Wollstonecraft.-Frankenstein-o-el-Prometeu-modern-270x270.jpg 270w, https:\/\/biblioteca.blanes.cat\/salajove\/wp-content\/uploads\/sites\/3\/2025\/09\/SHELLEY-Mary-Wollstonecraft.-Frankenstein-o-el-Prometeu-modern-230x230.jpg 230w, https:\/\/biblioteca.blanes.cat\/salajove\/wp-content\/uploads\/sites\/3\/2025\/09\/SHELLEY-Mary-Wollstonecraft.-Frankenstein-o-el-Prometeu-modern.jpg 340w\" sizes=\"(max-width: 300px) 100vw, 300px\" \/><\/a>\n\t\t\t<\/div><\/figure>\n\t\t<\/div>\n\n<h1 style=\"text-align: center;\"><strong>C\u00d2MICS<\/strong><\/h1>\n<div id='gallery-2' class='gallery galleryid-10104 gallery-columns-3 gallery-size-medium'><figure class='gallery-item'>\n\t\t\t<div class='gallery-icon landscape'>\n\t\t\t\t<a href='https:\/\/biblioteca.blanes.cat\/salajove\/2025\/10\/01\/novetats-octubre-2025\/akutami-gege-jujutsu-kaisen-guerra-de-hechiceros-vol-15\/'><img loading=\"lazy\" decoding=\"async\" width=\"300\" height=\"300\" src=\"https:\/\/biblioteca.blanes.cat\/salajove\/wp-content\/uploads\/sites\/3\/2025\/09\/AKUTAMI-Gege.-Jujutsu-kaisen-guerra-de-hechiceros-vol.15-300x300.jpg\" class=\"attachment-medium size-medium\" alt=\"\" srcset=\"https:\/\/biblioteca.blanes.cat\/salajove\/wp-content\/uploads\/sites\/3\/2025\/09\/AKUTAMI-Gege.-Jujutsu-kaisen-guerra-de-hechiceros-vol.15-300x300.jpg 300w, https:\/\/biblioteca.blanes.cat\/salajove\/wp-content\/uploads\/sites\/3\/2025\/09\/AKUTAMI-Gege.-Jujutsu-kaisen-guerra-de-hechiceros-vol.15-150x150.jpg 150w, https:\/\/biblioteca.blanes.cat\/salajove\/wp-content\/uploads\/sites\/3\/2025\/09\/AKUTAMI-Gege.-Jujutsu-kaisen-guerra-de-hechiceros-vol.15-768x768.jpg 768w, https:\/\/biblioteca.blanes.cat\/salajove\/wp-content\/uploads\/sites\/3\/2025\/09\/AKUTAMI-Gege.-Jujutsu-kaisen-guerra-de-hechiceros-vol.15-270x270.jpg 270w, https:\/\/biblioteca.blanes.cat\/salajove\/wp-content\/uploads\/sites\/3\/2025\/09\/AKUTAMI-Gege.-Jujutsu-kaisen-guerra-de-hechiceros-vol.15-230x230.jpg 230w, https:\/\/biblioteca.blanes.cat\/salajove\/wp-content\/uploads\/sites\/3\/2025\/09\/AKUTAMI-Gege.-Jujutsu-kaisen-guerra-de-hechiceros-vol.15.jpg 800w\" sizes=\"(max-width: 300px) 100vw, 300px\" \/><\/a>\n\t\t\t<\/div><\/figure><figure class='gallery-item'>\n\t\t\t<div class='gallery-icon portrait'>\n\t\t\t\t<a href='https:\/\/biblioteca.blanes.cat\/salajove\/2025\/10\/01\/novetats-octubre-2025\/akutami-gege-jujutsu-kaisen-guerra-de-hechiceros-vol-16\/'><img loading=\"lazy\" decoding=\"async\" width=\"197\" height=\"300\" src=\"https:\/\/biblioteca.blanes.cat\/salajove\/wp-content\/uploads\/sites\/3\/2025\/09\/AKUTAMI-Gege.-Jujutsu-kaisen-guerra-de-hechiceros-vol.16-197x300.jpeg\" class=\"attachment-medium size-medium\" alt=\"\" srcset=\"https:\/\/biblioteca.blanes.cat\/salajove\/wp-content\/uploads\/sites\/3\/2025\/09\/AKUTAMI-Gege.-Jujutsu-kaisen-guerra-de-hechiceros-vol.16-197x300.jpeg 197w, https:\/\/biblioteca.blanes.cat\/salajove\/wp-content\/uploads\/sites\/3\/2025\/09\/AKUTAMI-Gege.-Jujutsu-kaisen-guerra-de-hechiceros-vol.16-673x1024.jpeg 673w, https:\/\/biblioteca.blanes.cat\/salajove\/wp-content\/uploads\/sites\/3\/2025\/09\/AKUTAMI-Gege.-Jujutsu-kaisen-guerra-de-hechiceros-vol.16-768x1169.jpeg 768w, https:\/\/biblioteca.blanes.cat\/salajove\/wp-content\/uploads\/sites\/3\/2025\/09\/AKUTAMI-Gege.-Jujutsu-kaisen-guerra-de-hechiceros-vol.16-1009x1536.jpeg 1009w, https:\/\/biblioteca.blanes.cat\/salajove\/wp-content\/uploads\/sites\/3\/2025\/09\/AKUTAMI-Gege.-Jujutsu-kaisen-guerra-de-hechiceros-vol.16.jpeg 1200w\" sizes=\"(max-width: 197px) 100vw, 197px\" \/><\/a>\n\t\t\t<\/div><\/figure><figure class='gallery-item'>\n\t\t\t<div class='gallery-icon portrait'>\n\t\t\t\t<a href='https:\/\/biblioteca.blanes.cat\/salajove\/2025\/10\/01\/novetats-octubre-2025\/akutami-gege-jujutsu-kaisen-guerra-de-hechiceros-vol-17\/'><img loading=\"lazy\" decoding=\"async\" width=\"196\" height=\"300\" src=\"https:\/\/biblioteca.blanes.cat\/salajove\/wp-content\/uploads\/sites\/3\/2025\/09\/AKUTAMI-Gege.-Jujutsu-kaisen-guerra-de-hechiceros-vol.17-196x300.jpg\" class=\"attachment-medium size-medium\" alt=\"\" srcset=\"https:\/\/biblioteca.blanes.cat\/salajove\/wp-content\/uploads\/sites\/3\/2025\/09\/AKUTAMI-Gege.-Jujutsu-kaisen-guerra-de-hechiceros-vol.17-196x300.jpg 196w, https:\/\/biblioteca.blanes.cat\/salajove\/wp-content\/uploads\/sites\/3\/2025\/09\/AKUTAMI-Gege.-Jujutsu-kaisen-guerra-de-hechiceros-vol.17.jpg 229w\" sizes=\"(max-width: 196px) 100vw, 196px\" \/><\/a>\n\t\t\t<\/div><\/figure><figure class='gallery-item'>\n\t\t\t<div class='gallery-icon portrait'>\n\t\t\t\t<a href='https:\/\/biblioteca.blanes.cat\/salajove\/2025\/10\/01\/novetats-octubre-2025\/gotouge-koyoharu-guardians-de-la-nit-vol-15\/'><img loading=\"lazy\" decoding=\"async\" width=\"197\" height=\"300\" src=\"https:\/\/biblioteca.blanes.cat\/salajove\/wp-content\/uploads\/sites\/3\/2025\/09\/GOTOUGE-Koyoharu.-Guardians-de-la-nit-vol.-15-197x300.jpg\" class=\"attachment-medium size-medium\" alt=\"\" srcset=\"https:\/\/biblioteca.blanes.cat\/salajove\/wp-content\/uploads\/sites\/3\/2025\/09\/GOTOUGE-Koyoharu.-Guardians-de-la-nit-vol.-15-197x300.jpg 197w, https:\/\/biblioteca.blanes.cat\/salajove\/wp-content\/uploads\/sites\/3\/2025\/09\/GOTOUGE-Koyoharu.-Guardians-de-la-nit-vol.-15.jpg 409w\" sizes=\"(max-width: 197px) 100vw, 197px\" \/><\/a>\n\t\t\t<\/div><\/figure><figure class='gallery-item'>\n\t\t\t<div class='gallery-icon portrait'>\n\t\t\t\t<a href='https:\/\/biblioteca.blanes.cat\/salajove\/2025\/10\/01\/novetats-octubre-2025\/gotouge-koyoharu-guardians-de-la-nit-vol-16\/'><img loading=\"lazy\" decoding=\"async\" width=\"197\" height=\"300\" src=\"https:\/\/biblioteca.blanes.cat\/salajove\/wp-content\/uploads\/sites\/3\/2025\/09\/GOTOUGE-Koyoharu.-Guardians-de-la-nit-vol.-16-197x300.jpg\" class=\"attachment-medium size-medium\" alt=\"\" srcset=\"https:\/\/biblioteca.blanes.cat\/salajove\/wp-content\/uploads\/sites\/3\/2025\/09\/GOTOUGE-Koyoharu.-Guardians-de-la-nit-vol.-16-197x300.jpg 197w, https:\/\/biblioteca.blanes.cat\/salajove\/wp-content\/uploads\/sites\/3\/2025\/09\/GOTOUGE-Koyoharu.-Guardians-de-la-nit-vol.-16.jpg 655w\" sizes=\"(max-width: 197px) 100vw, 197px\" \/><\/a>\n\t\t\t<\/div><\/figure><figure class='gallery-item'>\n\t\t\t<div class='gallery-icon portrait'>\n\t\t\t\t<a href='https:\/\/biblioteca.blanes.cat\/salajove\/2025\/10\/01\/novetats-octubre-2025\/horikoshi-kohei-my-hero-academia-vol-11\/'><img loading=\"lazy\" decoding=\"async\" width=\"189\" height=\"300\" src=\"https:\/\/biblioteca.blanes.cat\/salajove\/wp-content\/uploads\/sites\/3\/2025\/09\/HORIKOSHI-Kohei.-My-hero-academia-vol.-11-189x300.jpg\" class=\"attachment-medium size-medium\" alt=\"\" srcset=\"https:\/\/biblioteca.blanes.cat\/salajove\/wp-content\/uploads\/sites\/3\/2025\/09\/HORIKOSHI-Kohei.-My-hero-academia-vol.-11-189x300.jpg 189w, https:\/\/biblioteca.blanes.cat\/salajove\/wp-content\/uploads\/sites\/3\/2025\/09\/HORIKOSHI-Kohei.-My-hero-academia-vol.-11-645x1024.jpg 645w, https:\/\/biblioteca.blanes.cat\/salajove\/wp-content\/uploads\/sites\/3\/2025\/09\/HORIKOSHI-Kohei.-My-hero-academia-vol.-11.jpg 661w\" sizes=\"(max-width: 189px) 100vw, 189px\" \/><\/a>\n\t\t\t<\/div><\/figure><figure class='gallery-item'>\n\t\t\t<div class='gallery-icon portrait'>\n\t\t\t\t<a href='https:\/\/biblioteca.blanes.cat\/salajove\/2025\/10\/01\/novetats-octubre-2025\/horikoshi-kohei-my-hero-academia-vol-12\/'><img loading=\"lazy\" decoding=\"async\" width=\"189\" height=\"300\" src=\"https:\/\/biblioteca.blanes.cat\/salajove\/wp-content\/uploads\/sites\/3\/2025\/09\/HORIKOSHI-Kohei.-My-hero-academia-vol.-12-189x300.jpg\" class=\"attachment-medium size-medium\" alt=\"\" srcset=\"https:\/\/biblioteca.blanes.cat\/salajove\/wp-content\/uploads\/sites\/3\/2025\/09\/HORIKOSHI-Kohei.-My-hero-academia-vol.-12-189x300.jpg 189w, https:\/\/biblioteca.blanes.cat\/salajove\/wp-content\/uploads\/sites\/3\/2025\/09\/HORIKOSHI-Kohei.-My-hero-academia-vol.-12.jpg 300w\" sizes=\"(max-width: 189px) 100vw, 189px\" \/><\/a>\n\t\t\t<\/div><\/figure><figure class='gallery-item'>\n\t\t\t<div class='gallery-icon portrait'>\n\t\t\t\t<a href='https:\/\/biblioteca.blanes.cat\/salajove\/2025\/10\/01\/novetats-octubre-2025\/rey-javier-li-deiem-bebeto\/'><img loading=\"lazy\" decoding=\"async\" width=\"236\" height=\"300\" src=\"https:\/\/biblioteca.blanes.cat\/salajove\/wp-content\/uploads\/sites\/3\/2025\/09\/REY-Javier.-Li-deiem-Bebeto-236x300.jpg\" class=\"attachment-medium size-medium\" alt=\"\" srcset=\"https:\/\/biblioteca.blanes.cat\/salajove\/wp-content\/uploads\/sites\/3\/2025\/09\/REY-Javier.-Li-deiem-Bebeto-236x300.jpg 236w, https:\/\/biblioteca.blanes.cat\/salajove\/wp-content\/uploads\/sites\/3\/2025\/09\/REY-Javier.-Li-deiem-Bebeto.jpg 700w\" sizes=\"(max-width: 236px) 100vw, 236px\" \/><\/a>\n\t\t\t<\/div><\/figure><figure class='gallery-item'>\n\t\t\t<div class='gallery-icon portrait'>\n\t\t\t\t<a href='https:\/\/biblioteca.blanes.cat\/salajove\/2025\/10\/01\/novetats-octubre-2025\/valente-tony-radiant-vol-12\/'><img loading=\"lazy\" decoding=\"async\" width=\"200\" height=\"300\" src=\"https:\/\/biblioteca.blanes.cat\/salajove\/wp-content\/uploads\/sites\/3\/2025\/09\/VALENTE-Tony.-Radiant-vol.-12-200x300.jpg\" class=\"attachment-medium size-medium\" alt=\"\" srcset=\"https:\/\/biblioteca.blanes.cat\/salajove\/wp-content\/uploads\/sites\/3\/2025\/09\/VALENTE-Tony.-Radiant-vol.-12-200x300.jpg 200w, https:\/\/biblioteca.blanes.cat\/salajove\/wp-content\/uploads\/sites\/3\/2025\/09\/VALENTE-Tony.-Radiant-vol.-12.jpg 667w\" sizes=\"(max-width: 200px) 100vw, 200px\" \/><\/a>\n\t\t\t<\/div><\/figure>\n\t\t<\/div>\n\n<h1 style=\"text-align: center;\"><strong>CENTRES D&#8217;INTER\u00c8S I MAR<\/strong><\/h1>\n<div id='gallery-3' class='gallery galleryid-10104 gallery-columns-3 gallery-size-medium'><figure class='gallery-item'>\n\t\t\t<div class='gallery-icon portrait'>\n\t\t\t\t<a href='https:\/\/biblioteca.blanes.cat\/salajove\/2025\/10\/01\/novetats-octubre-2025\/odell-scott-la-isla-de-los-delfines-azules\/'><img loading=\"lazy\" decoding=\"async\" width=\"202\" height=\"300\" src=\"https:\/\/biblioteca.blanes.cat\/salajove\/wp-content\/uploads\/sites\/3\/2025\/09\/ODell-Scott.-La-Isla-de-los-delfines-azules-202x300.jpg\" class=\"attachment-medium size-medium\" alt=\"\" srcset=\"https:\/\/biblioteca.blanes.cat\/salajove\/wp-content\/uploads\/sites\/3\/2025\/09\/ODell-Scott.-La-Isla-de-los-delfines-azules-202x300.jpg 202w, https:\/\/biblioteca.blanes.cat\/salajove\/wp-content\/uploads\/sites\/3\/2025\/09\/ODell-Scott.-La-Isla-de-los-delfines-azules.jpg 672w\" sizes=\"(max-width: 202px) 100vw, 202px\" \/><\/a>\n\t\t\t<\/div><\/figure><figure class='gallery-item'>\n\t\t\t<div class='gallery-icon portrait'>\n\t\t\t\t<a href='https:\/\/biblioteca.blanes.cat\/salajove\/2025\/10\/01\/novetats-octubre-2025\/princeses-cavallers-i-dracs-el-dia-que-deixarem-de-ser-xiquets\/'><img loading=\"lazy\" decoding=\"async\" width=\"190\" height=\"300\" src=\"https:\/\/biblioteca.blanes.cat\/salajove\/wp-content\/uploads\/sites\/3\/2025\/09\/Princeses-cavallers-i-dracs-el-dia-que-deixarem-de-ser-xiquets-190x300.jpg\" class=\"attachment-medium size-medium\" alt=\"\" srcset=\"https:\/\/biblioteca.blanes.cat\/salajove\/wp-content\/uploads\/sites\/3\/2025\/09\/Princeses-cavallers-i-dracs-el-dia-que-deixarem-de-ser-xiquets-190x300.jpg 190w, https:\/\/biblioteca.blanes.cat\/salajove\/wp-content\/uploads\/sites\/3\/2025\/09\/Princeses-cavallers-i-dracs-el-dia-que-deixarem-de-ser-xiquets-649x1024.jpg 649w, https:\/\/biblioteca.blanes.cat\/salajove\/wp-content\/uploads\/sites\/3\/2025\/09\/Princeses-cavallers-i-dracs-el-dia-que-deixarem-de-ser-xiquets-768x1211.jpg 768w, https:\/\/biblioteca.blanes.cat\/salajove\/wp-content\/uploads\/sites\/3\/2025\/09\/Princeses-cavallers-i-dracs-el-dia-que-deixarem-de-ser-xiquets-974x1536.jpg 974w, https:\/\/biblioteca.blanes.cat\/salajove\/wp-content\/uploads\/sites\/3\/2025\/09\/Princeses-cavallers-i-dracs-el-dia-que-deixarem-de-ser-xiquets-1299x2048.jpg 1299w, https:\/\/biblioteca.blanes.cat\/salajove\/wp-content\/uploads\/sites\/3\/2025\/09\/Princeses-cavallers-i-dracs-el-dia-que-deixarem-de-ser-xiquets.jpg 1535w\" sizes=\"(max-width: 190px) 100vw, 190px\" \/><\/a>\n\t\t\t<\/div><\/figure>\n\t\t<\/div>\n\n<h1 style=\"text-align: center;\"><strong>AUDIOVISUALS<\/strong><\/h1>\n<div id='gallery-4' class='gallery galleryid-10104 gallery-columns-3 gallery-size-medium'><figure class='gallery-item'>\n\t\t\t<div class='gallery-icon portrait'>\n\t\t\t\t<a href='https:\/\/biblioteca.blanes.cat\/salajove\/2025\/10\/01\/novetats-octubre-2025\/capitan-america-brave-new-world-julius-onah\/'><img loading=\"lazy\" decoding=\"async\" width=\"225\" height=\"300\" src=\"https:\/\/biblioteca.blanes.cat\/salajove\/wp-content\/uploads\/sites\/3\/2025\/09\/Capitan-America-brave-new-world-Julius-Onah-225x300.jpg\" class=\"attachment-medium size-medium\" alt=\"\" srcset=\"https:\/\/biblioteca.blanes.cat\/salajove\/wp-content\/uploads\/sites\/3\/2025\/09\/Capitan-America-brave-new-world-Julius-Onah-225x300.jpg 225w, https:\/\/biblioteca.blanes.cat\/salajove\/wp-content\/uploads\/sites\/3\/2025\/09\/Capitan-America-brave-new-world-Julius-Onah.jpg 400w\" sizes=\"(max-width: 225px) 100vw, 225px\" \/><\/a>\n\t\t\t<\/div><\/figure><figure class='gallery-item'>\n\t\t\t<div class='gallery-icon landscape'>\n\t\t\t\t<a href='https:\/\/biblioteca.blanes.cat\/salajove\/2025\/10\/01\/novetats-octubre-2025\/jurassic-park-parque-jurasico-steven-spielberg\/'><img loading=\"lazy\" decoding=\"async\" width=\"300\" height=\"300\" src=\"https:\/\/biblioteca.blanes.cat\/salajove\/wp-content\/uploads\/sites\/3\/2025\/09\/Jurassic-Park-Parque-Jurasico-Steven-Spielberg-300x300.jpg\" class=\"attachment-medium size-medium\" alt=\"\" srcset=\"https:\/\/biblioteca.blanes.cat\/salajove\/wp-content\/uploads\/sites\/3\/2025\/09\/Jurassic-Park-Parque-Jurasico-Steven-Spielberg-300x300.jpg 300w, https:\/\/biblioteca.blanes.cat\/salajove\/wp-content\/uploads\/sites\/3\/2025\/09\/Jurassic-Park-Parque-Jurasico-Steven-Spielberg-150x150.jpg 150w, https:\/\/biblioteca.blanes.cat\/salajove\/wp-content\/uploads\/sites\/3\/2025\/09\/Jurassic-Park-Parque-Jurasico-Steven-Spielberg-270x270.jpg 270w, https:\/\/biblioteca.blanes.cat\/salajove\/wp-content\/uploads\/sites\/3\/2025\/09\/Jurassic-Park-Parque-Jurasico-Steven-Spielberg-230x230.jpg 230w, https:\/\/biblioteca.blanes.cat\/salajove\/wp-content\/uploads\/sites\/3\/2025\/09\/Jurassic-Park-Parque-Jurasico-Steven-Spielberg.jpg 340w\" sizes=\"(max-width: 300px) 100vw, 300px\" \/><\/a>\n\t\t\t<\/div><\/figure><figure class='gallery-item'>\n\t\t\t<div class='gallery-icon portrait'>\n\t\t\t\t<a href='https:\/\/biblioteca.blanes.cat\/salajove\/2025\/10\/01\/novetats-octubre-2025\/jurassic-world-el-reino-caido-j-a-bayona\/'><img loading=\"lazy\" decoding=\"async\" width=\"225\" height=\"300\" src=\"https:\/\/biblioteca.blanes.cat\/salajove\/wp-content\/uploads\/sites\/3\/2025\/09\/Jurassic-World-el-reino-caido-J.A.-Bayona-225x300.jpg\" class=\"attachment-medium size-medium\" alt=\"\" srcset=\"https:\/\/biblioteca.blanes.cat\/salajove\/wp-content\/uploads\/sites\/3\/2025\/09\/Jurassic-World-el-reino-caido-J.A.-Bayona-225x300.jpg 225w, https:\/\/biblioteca.blanes.cat\/salajove\/wp-content\/uploads\/sites\/3\/2025\/09\/Jurassic-World-el-reino-caido-J.A.-Bayona.jpg 750w\" sizes=\"(max-width: 225px) 100vw, 225px\" \/><\/a>\n\t\t\t<\/div><\/figure><figure class='gallery-item'>\n\t\t\t<div class='gallery-icon portrait'>\n\t\t\t\t<a href='https:\/\/biblioteca.blanes.cat\/salajove\/2025\/10\/01\/novetats-octubre-2025\/la-guerra-de-los-rohirrim-kenji-kamiyama\/'><img loading=\"lazy\" decoding=\"async\" width=\"202\" height=\"300\" src=\"https:\/\/biblioteca.blanes.cat\/salajove\/wp-content\/uploads\/sites\/3\/2025\/09\/La-Guerra-de-los-Rohirrim-Kenji-Kamiyama-202x300.png\" class=\"attachment-medium size-medium\" alt=\"\" srcset=\"https:\/\/biblioteca.blanes.cat\/salajove\/wp-content\/uploads\/sites\/3\/2025\/09\/La-Guerra-de-los-Rohirrim-Kenji-Kamiyama-202x300.png 202w, https:\/\/biblioteca.blanes.cat\/salajove\/wp-content\/uploads\/sites\/3\/2025\/09\/La-Guerra-de-los-Rohirrim-Kenji-Kamiyama-690x1024.png 690w, https:\/\/biblioteca.blanes.cat\/salajove\/wp-content\/uploads\/sites\/3\/2025\/09\/La-Guerra-de-los-Rohirrim-Kenji-Kamiyama-768x1139.png 768w, https:\/\/biblioteca.blanes.cat\/salajove\/wp-content\/uploads\/sites\/3\/2025\/09\/La-Guerra-de-los-Rohirrim-Kenji-Kamiyama.png 809w\" sizes=\"(max-width: 202px) 100vw, 202px\" \/><\/a>\n\t\t\t<\/div><\/figure><figure class='gallery-item'>\n\t\t\t<div class='gallery-icon portrait'>\n\t\t\t\t<a href='https:\/\/biblioteca.blanes.cat\/salajove\/2025\/10\/01\/novetats-octubre-2025\/nausicaa-del-valle-del-viento-hayao-miyazaki\/'><img loading=\"lazy\" decoding=\"async\" width=\"233\" height=\"300\" src=\"https:\/\/biblioteca.blanes.cat\/salajove\/wp-content\/uploads\/sites\/3\/2025\/09\/Nausicaa-del-valle-del-viento-Hayao-Miyazaki-233x300.jpg\" class=\"attachment-medium size-medium\" alt=\"\" srcset=\"https:\/\/biblioteca.blanes.cat\/salajove\/wp-content\/uploads\/sites\/3\/2025\/09\/Nausicaa-del-valle-del-viento-Hayao-Miyazaki-233x300.jpg 233w, https:\/\/biblioteca.blanes.cat\/salajove\/wp-content\/uploads\/sites\/3\/2025\/09\/Nausicaa-del-valle-del-viento-Hayao-Miyazaki.jpg 400w\" sizes=\"(max-width: 233px) 100vw, 233px\" \/><\/a>\n\t\t\t<\/div><\/figure><figure class='gallery-item'>\n\t\t\t<div class='gallery-icon portrait'>\n\t\t\t\t<a href='https:\/\/biblioteca.blanes.cat\/salajove\/2025\/10\/01\/novetats-octubre-2025\/piratas-del-caribe-la-venganza-de-salazar-joachim-ronning-and-espen-sandberg\/'><img loading=\"lazy\" decoding=\"async\" width=\"225\" height=\"300\" src=\"https:\/\/biblioteca.blanes.cat\/salajove\/wp-content\/uploads\/sites\/3\/2025\/09\/Piratas-del-Caribe-la-venganza-de-Salazar-Joachim-Ronning-and-Espen-Sandberg-225x300.jpg\" class=\"attachment-medium size-medium\" alt=\"\" srcset=\"https:\/\/biblioteca.blanes.cat\/salajove\/wp-content\/uploads\/sites\/3\/2025\/09\/Piratas-del-Caribe-la-venganza-de-Salazar-Joachim-Ronning-and-Espen-Sandberg-225x300.jpg 225w, https:\/\/biblioteca.blanes.cat\/salajove\/wp-content\/uploads\/sites\/3\/2025\/09\/Piratas-del-Caribe-la-venganza-de-Salazar-Joachim-Ronning-and-Espen-Sandberg-768x1024.jpg 768w, https:\/\/biblioteca.blanes.cat\/salajove\/wp-content\/uploads\/sites\/3\/2025\/09\/Piratas-del-Caribe-la-venganza-de-Salazar-Joachim-Ronning-and-Espen-Sandberg-1152x1536.jpg 1152w, https:\/\/biblioteca.blanes.cat\/salajove\/wp-content\/uploads\/sites\/3\/2025\/09\/Piratas-del-Caribe-la-venganza-de-Salazar-Joachim-Ronning-and-Espen-Sandberg-1536x2048.jpg 1536w, https:\/\/biblioteca.blanes.cat\/salajove\/wp-content\/uploads\/sites\/3\/2025\/09\/Piratas-del-Caribe-la-venganza-de-Salazar-Joachim-Ronning-and-Espen-Sandberg.jpg 1800w\" sizes=\"(max-width: 225px) 100vw, 225px\" \/><\/a>\n\t\t\t<\/div><\/figure><figure class='gallery-item'>\n\t\t\t<div class='gallery-icon landscape'>\n\t\t\t\t<a href='https:\/\/biblioteca.blanes.cat\/salajove\/2025\/10\/01\/novetats-octubre-2025\/star-trek-seccion-31-olatunde-osunsanmi\/'><img loading=\"lazy\" decoding=\"async\" width=\"300\" height=\"300\" src=\"https:\/\/biblioteca.blanes.cat\/salajove\/wp-content\/uploads\/sites\/3\/2025\/09\/Star-trek-seccion-31-Olatunde-Osunsanmi-300x300.jpg\" class=\"attachment-medium size-medium\" alt=\"\" srcset=\"https:\/\/biblioteca.blanes.cat\/salajove\/wp-content\/uploads\/sites\/3\/2025\/09\/Star-trek-seccion-31-Olatunde-Osunsanmi-300x300.jpg 300w, https:\/\/biblioteca.blanes.cat\/salajove\/wp-content\/uploads\/sites\/3\/2025\/09\/Star-trek-seccion-31-Olatunde-Osunsanmi-150x150.jpg 150w, https:\/\/biblioteca.blanes.cat\/salajove\/wp-content\/uploads\/sites\/3\/2025\/09\/Star-trek-seccion-31-Olatunde-Osunsanmi-270x270.jpg 270w, https:\/\/biblioteca.blanes.cat\/salajove\/wp-content\/uploads\/sites\/3\/2025\/09\/Star-trek-seccion-31-Olatunde-Osunsanmi-230x230.jpg 230w, https:\/\/biblioteca.blanes.cat\/salajove\/wp-content\/uploads\/sites\/3\/2025\/09\/Star-trek-seccion-31-Olatunde-Osunsanmi.jpg 340w\" sizes=\"(max-width: 300px) 100vw, 300px\" \/><\/a>\n\t\t\t<\/div><\/figure>\n\t\t<\/div>\n\n<h1 style=\"text-align: center;\"><strong>MAT\u00c8RIES<\/strong><\/h1>\n<div id='gallery-5' class='gallery galleryid-10104 gallery-columns-3 gallery-size-medium'><figure class='gallery-item'>\n\t\t\t<div class='gallery-icon portrait'>\n\t\t\t\t<a href='https:\/\/biblioteca.blanes.cat\/salajove\/2025\/10\/01\/novetats-octubre-2025\/aymerich-pere-110-flors-dalta-muntanya-dels-pirineus-que-cal-coneixer\/'><img loading=\"lazy\" decoding=\"async\" width=\"188\" height=\"300\" src=\"https:\/\/biblioteca.blanes.cat\/salajove\/wp-content\/uploads\/sites\/3\/2025\/09\/AYMERICH-Pere.-110-flors-dalta-muntanya-dels-Pirineus-que-cal-coneixer-188x300.jpg\" class=\"attachment-medium size-medium\" alt=\"\" srcset=\"https:\/\/biblioteca.blanes.cat\/salajove\/wp-content\/uploads\/sites\/3\/2025\/09\/AYMERICH-Pere.-110-flors-dalta-muntanya-dels-Pirineus-que-cal-coneixer-188x300.jpg 188w, https:\/\/biblioteca.blanes.cat\/salajove\/wp-content\/uploads\/sites\/3\/2025\/09\/AYMERICH-Pere.-110-flors-dalta-muntanya-dels-Pirineus-que-cal-coneixer.jpg 600w\" sizes=\"(max-width: 188px) 100vw, 188px\" \/><\/a>\n\t\t\t<\/div><\/figure><figure class='gallery-item'>\n\t\t\t<div class='gallery-icon portrait'>\n\t\t\t\t<a href='https:\/\/biblioteca.blanes.cat\/salajove\/2025\/10\/01\/novetats-octubre-2025\/cervantes-saavedra-miguel-de-la-gitanilla\/'><img loading=\"lazy\" decoding=\"async\" width=\"229\" height=\"300\" src=\"https:\/\/biblioteca.blanes.cat\/salajove\/wp-content\/uploads\/sites\/3\/2025\/09\/CERVANTES-SAAVEDRA-Miguel-de.-La-gitanilla-229x300.jpg\" class=\"attachment-medium size-medium\" alt=\"\" srcset=\"https:\/\/biblioteca.blanes.cat\/salajove\/wp-content\/uploads\/sites\/3\/2025\/09\/CERVANTES-SAAVEDRA-Miguel-de.-La-gitanilla-229x300.jpg 229w, https:\/\/biblioteca.blanes.cat\/salajove\/wp-content\/uploads\/sites\/3\/2025\/09\/CERVANTES-SAAVEDRA-Miguel-de.-La-gitanilla.jpg 762w\" sizes=\"(max-width: 229px) 100vw, 229px\" \/><\/a>\n\t\t\t<\/div><\/figure>\n\t\t<\/div>\n\n<p>\u00a0<\/p>\n","protected":false},"excerpt":{"rendered":"<p>Biblioteca Jove Blanes \u2013 Novetats octubre Us presentem les novetats de la Sala Jove del mes d&#8217;octubre: novel\u00b7les, c\u00f2mic, centres d\u2019inter\u00e8s, audiovisuals, mat\u00e8ries i mar. NOVEL\u00b7LES C\u00d2MICS CENTRES D&#8217;INTER\u00c8S I MAR AUDIOVISUALS MAT\u00c8RIES \u00a0<\/p>\n","protected":false},"author":4,"featured_media":9147,"comment_status":"open","ping_status":"open","sticky":false,"template":"","format":"standard","meta":{"sfsi_plus_gutenberg_text_before_share":"","sfsi_plus_gutenberg_show_text_before_share":"","sfsi_plus_gutenberg_icon_type":"","sfsi_plus_gutenberg_icon_alignemt":"","sfsi_plus_gutenburg_max_per_row":"","footnotes":""},"categories":[7],"tags":[98,52,26,19,21],"class_list":["post-10104","post","type-post","status-publish","format-standard","has-post-thumbnail","hentry","category-novetats","tag-guia-lectura-literatura-llibres","tag-joves","tag-lectura","tag-literatura","tag-llibres"],"yoast_head":"<!-- This site is optimized with the Yoast SEO plugin v27.5 - https:\/\/yoast.com\/product\/yoast-seo-wordpress\/ -->\n<title>Novetats: OCTUBRE 2025 - Sala Jove<\/title>\n<meta name=\"robots\" content=\"index, follow, max-snippet:-1, max-image-preview:large, max-video-preview:-1\" \/>\n<link rel=\"canonical\" href=\"https:\/\/biblioteca.blanes.cat\/salajove\/2025\/10\/01\/novetats-octubre-2025\/\" \/>\n<meta property=\"og:locale\" content=\"ca_ES\" \/>\n<meta property=\"og:type\" content=\"article\" \/>\n<meta property=\"og:title\" content=\"Novetats: OCTUBRE 2025 - Sala Jove\" \/>\n<meta property=\"og:description\" content=\"Biblioteca Jove Blanes \u2013 Novetats octubre Us presentem les novetats de la Sala Jove del mes d&#8217;octubre: novel\u00b7les, c\u00f2mic, centres d\u2019inter\u00e8s, audiovisuals, mat\u00e8ries i mar. NOVEL\u00b7LES C\u00d2MICS CENTRES D&#8217;INTER\u00c8S I MAR AUDIOVISUALS MAT\u00c8RIES \u00a0\" \/>\n<meta property=\"og:url\" content=\"https:\/\/biblioteca.blanes.cat\/salajove\/2025\/10\/01\/novetats-octubre-2025\/\" \/>\n<meta property=\"og:site_name\" content=\"Sala Jove\" \/>\n<meta property=\"article:publisher\" content=\"https:\/\/www.facebook.com\/BilbiotecaComarcaldeBlanes\/\" \/>\n<meta property=\"article:published_time\" content=\"2025-10-01T09:32:00+00:00\" \/>\n<meta property=\"article:modified_time\" content=\"2025-10-24T16:54:30+00:00\" \/>\n<meta property=\"og:image\" content=\"https:\/\/biblioteca.blanes.cat\/salajove\/wp-content\/uploads\/sites\/3\/2024\/12\/novetats-tardor-1.jpg\" \/>\n\t<meta property=\"og:image:width\" content=\"1748\" \/>\n\t<meta property=\"og:image:height\" content=\"1240\" \/>\n\t<meta property=\"og:image:type\" content=\"image\/jpeg\" \/>\n<meta name=\"author\" content=\"biblioblanes\" \/>\n<meta name=\"twitter:card\" content=\"summary_large_image\" \/>\n<meta name=\"twitter:creator\" content=\"@biblioblanes\" \/>\n<meta name=\"twitter:site\" content=\"@BiblioBlanes\" \/>\n<meta name=\"twitter:label1\" content=\"Escrit per\" \/>\n\t<meta name=\"twitter:data1\" content=\"biblioblanes\" \/>\n\t<meta name=\"twitter:label2\" content=\"Temps estimat de lectura\" \/>\n\t<meta name=\"twitter:data2\" content=\"1 minut\" \/>\n<script type=\"application\/ld+json\" class=\"yoast-schema-graph\">{\"@context\":\"https:\\\/\\\/schema.org\",\"@graph\":[{\"@type\":\"Article\",\"@id\":\"https:\\\/\\\/biblioteca.blanes.cat\\\/salajove\\\/2025\\\/10\\\/01\\\/novetats-octubre-2025\\\/#article\",\"isPartOf\":{\"@id\":\"https:\\\/\\\/biblioteca.blanes.cat\\\/salajove\\\/2025\\\/10\\\/01\\\/novetats-octubre-2025\\\/\"},\"author\":{\"name\":\"biblioblanes\",\"@id\":\"https:\\\/\\\/biblioteca.blanes.cat\\\/salajove\\\/#\\\/schema\\\/person\\\/5a7b46760d9dd611d098bbf571a341dc\"},\"headline\":\"Novetats: OCTUBRE 2025\",\"datePublished\":\"2025-10-01T09:32:00+00:00\",\"dateModified\":\"2025-10-24T16:54:30+00:00\",\"mainEntityOfPage\":{\"@id\":\"https:\\\/\\\/biblioteca.blanes.cat\\\/salajove\\\/2025\\\/10\\\/01\\\/novetats-octubre-2025\\\/\"},\"wordCount\":55,\"commentCount\":0,\"publisher\":{\"@id\":\"https:\\\/\\\/biblioteca.blanes.cat\\\/salajove\\\/#organization\"},\"image\":{\"@id\":\"https:\\\/\\\/biblioteca.blanes.cat\\\/salajove\\\/2025\\\/10\\\/01\\\/novetats-octubre-2025\\\/#primaryimage\"},\"thumbnailUrl\":\"https:\\\/\\\/biblioteca.blanes.cat\\\/salajove\\\/wp-content\\\/uploads\\\/sites\\\/3\\\/2024\\\/12\\\/novetats-tardor-1.jpg\",\"keywords\":[\"#Guia #Lectura #Literatura #Llibres\",\"#Joves\",\"#Lectura\",\"#Literatura\",\"#Llibres\"],\"articleSection\":[\"Novetats\"],\"inLanguage\":\"ca\",\"potentialAction\":[{\"@type\":\"CommentAction\",\"name\":\"Comment\",\"target\":[\"https:\\\/\\\/biblioteca.blanes.cat\\\/salajove\\\/2025\\\/10\\\/01\\\/novetats-octubre-2025\\\/#respond\"]}]},{\"@type\":\"WebPage\",\"@id\":\"https:\\\/\\\/biblioteca.blanes.cat\\\/salajove\\\/2025\\\/10\\\/01\\\/novetats-octubre-2025\\\/\",\"url\":\"https:\\\/\\\/biblioteca.blanes.cat\\\/salajove\\\/2025\\\/10\\\/01\\\/novetats-octubre-2025\\\/\",\"name\":\"Novetats: OCTUBRE 2025 - Sala Jove\",\"isPartOf\":{\"@id\":\"https:\\\/\\\/biblioteca.blanes.cat\\\/salajove\\\/#website\"},\"primaryImageOfPage\":{\"@id\":\"https:\\\/\\\/biblioteca.blanes.cat\\\/salajove\\\/2025\\\/10\\\/01\\\/novetats-octubre-2025\\\/#primaryimage\"},\"image\":{\"@id\":\"https:\\\/\\\/biblioteca.blanes.cat\\\/salajove\\\/2025\\\/10\\\/01\\\/novetats-octubre-2025\\\/#primaryimage\"},\"thumbnailUrl\":\"https:\\\/\\\/biblioteca.blanes.cat\\\/salajove\\\/wp-content\\\/uploads\\\/sites\\\/3\\\/2024\\\/12\\\/novetats-tardor-1.jpg\",\"datePublished\":\"2025-10-01T09:32:00+00:00\",\"dateModified\":\"2025-10-24T16:54:30+00:00\",\"breadcrumb\":{\"@id\":\"https:\\\/\\\/biblioteca.blanes.cat\\\/salajove\\\/2025\\\/10\\\/01\\\/novetats-octubre-2025\\\/#breadcrumb\"},\"inLanguage\":\"ca\",\"potentialAction\":[{\"@type\":\"ReadAction\",\"target\":[\"https:\\\/\\\/biblioteca.blanes.cat\\\/salajove\\\/2025\\\/10\\\/01\\\/novetats-octubre-2025\\\/\"]}]},{\"@type\":\"ImageObject\",\"inLanguage\":\"ca\",\"@id\":\"https:\\\/\\\/biblioteca.blanes.cat\\\/salajove\\\/2025\\\/10\\\/01\\\/novetats-octubre-2025\\\/#primaryimage\",\"url\":\"https:\\\/\\\/biblioteca.blanes.cat\\\/salajove\\\/wp-content\\\/uploads\\\/sites\\\/3\\\/2024\\\/12\\\/novetats-tardor-1.jpg\",\"contentUrl\":\"https:\\\/\\\/biblioteca.blanes.cat\\\/salajove\\\/wp-content\\\/uploads\\\/sites\\\/3\\\/2024\\\/12\\\/novetats-tardor-1.jpg\",\"width\":1748,\"height\":1240},{\"@type\":\"BreadcrumbList\",\"@id\":\"https:\\\/\\\/biblioteca.blanes.cat\\\/salajove\\\/2025\\\/10\\\/01\\\/novetats-octubre-2025\\\/#breadcrumb\",\"itemListElement\":[{\"@type\":\"ListItem\",\"position\":1,\"name\":\"Inici\",\"item\":\"https:\\\/\\\/biblioteca.blanes.cat\\\/salajove\\\/\"},{\"@type\":\"ListItem\",\"position\":2,\"name\":\"Novetats: OCTUBRE 2025\"}]},{\"@type\":\"WebSite\",\"@id\":\"https:\\\/\\\/biblioteca.blanes.cat\\\/salajove\\\/#website\",\"url\":\"https:\\\/\\\/biblioteca.blanes.cat\\\/salajove\\\/\",\"name\":\"Sala Jove\",\"description\":\"Biblioteca Comarcal de Blanes\",\"publisher\":{\"@id\":\"https:\\\/\\\/biblioteca.blanes.cat\\\/salajove\\\/#organization\"},\"potentialAction\":[{\"@type\":\"SearchAction\",\"target\":{\"@type\":\"EntryPoint\",\"urlTemplate\":\"https:\\\/\\\/biblioteca.blanes.cat\\\/salajove\\\/?s={search_term_string}\"},\"query-input\":{\"@type\":\"PropertyValueSpecification\",\"valueRequired\":true,\"valueName\":\"search_term_string\"}}],\"inLanguage\":\"ca\"},{\"@type\":\"Organization\",\"@id\":\"https:\\\/\\\/biblioteca.blanes.cat\\\/salajove\\\/#organization\",\"name\":\"Biblioteca Comarcal de Blanes\",\"url\":\"https:\\\/\\\/biblioteca.blanes.cat\\\/salajove\\\/\",\"logo\":{\"@type\":\"ImageObject\",\"inLanguage\":\"ca\",\"@id\":\"https:\\\/\\\/biblioteca.blanes.cat\\\/salajove\\\/#\\\/schema\\\/logo\\\/image\\\/\",\"url\":\"https:\\\/\\\/biblioteca.blanes.cat\\\/salajove\\\/wp-content\\\/uploads\\\/sites\\\/3\\\/2017\\\/09\\\/cropped-Bib-blau-e1518869380535.png\",\"contentUrl\":\"https:\\\/\\\/biblioteca.blanes.cat\\\/salajove\\\/wp-content\\\/uploads\\\/sites\\\/3\\\/2017\\\/09\\\/cropped-Bib-blau-e1518869380535.png\",\"width\":166,\"height\":166,\"caption\":\"Biblioteca Comarcal de Blanes\"},\"image\":{\"@id\":\"https:\\\/\\\/biblioteca.blanes.cat\\\/salajove\\\/#\\\/schema\\\/logo\\\/image\\\/\"},\"sameAs\":[\"https:\\\/\\\/www.facebook.com\\\/BilbiotecaComarcaldeBlanes\\\/\",\"https:\\\/\\\/x.com\\\/BiblioBlanes\",\"https:\\\/\\\/www.instagram.com\\\/biblioblanes\\\/\",\"https:\\\/\\\/www.pinterest.es\\\/bblanes\\\/\",\"https:\\\/\\\/www.youtube.com\\\/c\\\/BibliotecaComarcalBlanes\"]},{\"@type\":\"Person\",\"@id\":\"https:\\\/\\\/biblioteca.blanes.cat\\\/salajove\\\/#\\\/schema\\\/person\\\/5a7b46760d9dd611d098bbf571a341dc\",\"name\":\"biblioblanes\",\"image\":{\"@type\":\"ImageObject\",\"inLanguage\":\"ca\",\"@id\":\"https:\\\/\\\/secure.gravatar.com\\\/avatar\\\/6593ca6cc90e5a70939f51c95e8315483b9c281bafba597292bee47992030f99?s=96&d=mm&r=g\",\"url\":\"https:\\\/\\\/secure.gravatar.com\\\/avatar\\\/6593ca6cc90e5a70939f51c95e8315483b9c281bafba597292bee47992030f99?s=96&d=mm&r=g\",\"contentUrl\":\"https:\\\/\\\/secure.gravatar.com\\\/avatar\\\/6593ca6cc90e5a70939f51c95e8315483b9c281bafba597292bee47992030f99?s=96&d=mm&r=g\",\"caption\":\"biblioblanes\"},\"sameAs\":[\"http:\\\/\\\/www.bibgirona.cat\\\/biblioteca\\\/blanes\",\"https:\\\/\\\/x.com\\\/biblioblanes\"],\"url\":\"https:\\\/\\\/biblioteca.blanes.cat\\\/salajove\\\/author\\\/biblioblanes\\\/\"}]}<\/script>\n<!-- \/ Yoast SEO plugin. -->","yoast_head_json":{"title":"Novetats: OCTUBRE 2025 - Sala Jove","robots":{"index":"index","follow":"follow","max-snippet":"max-snippet:-1","max-image-preview":"max-image-preview:large","max-video-preview":"max-video-preview:-1"},"canonical":"https:\/\/biblioteca.blanes.cat\/salajove\/2025\/10\/01\/novetats-octubre-2025\/","og_locale":"ca_ES","og_type":"article","og_title":"Novetats: OCTUBRE 2025 - Sala Jove","og_description":"Biblioteca Jove Blanes \u2013 Novetats octubre Us presentem les novetats de la Sala Jove del mes d&#8217;octubre: novel\u00b7les, c\u00f2mic, centres d\u2019inter\u00e8s, audiovisuals, mat\u00e8ries i mar. NOVEL\u00b7LES C\u00d2MICS CENTRES D&#8217;INTER\u00c8S I MAR AUDIOVISUALS MAT\u00c8RIES \u00a0","og_url":"https:\/\/biblioteca.blanes.cat\/salajove\/2025\/10\/01\/novetats-octubre-2025\/","og_site_name":"Sala Jove","article_publisher":"https:\/\/www.facebook.com\/BilbiotecaComarcaldeBlanes\/","article_published_time":"2025-10-01T09:32:00+00:00","article_modified_time":"2025-10-24T16:54:30+00:00","og_image":[{"width":1748,"height":1240,"url":"https:\/\/biblioteca.blanes.cat\/salajove\/wp-content\/uploads\/sites\/3\/2024\/12\/novetats-tardor-1.jpg","type":"image\/jpeg"}],"author":"biblioblanes","twitter_card":"summary_large_image","twitter_creator":"@biblioblanes","twitter_site":"@BiblioBlanes","twitter_misc":{"Escrit per":"biblioblanes","Temps estimat de lectura":"1 minut"},"schema":{"@context":"https:\/\/schema.org","@graph":[{"@type":"Article","@id":"https:\/\/biblioteca.blanes.cat\/salajove\/2025\/10\/01\/novetats-octubre-2025\/#article","isPartOf":{"@id":"https:\/\/biblioteca.blanes.cat\/salajove\/2025\/10\/01\/novetats-octubre-2025\/"},"author":{"name":"biblioblanes","@id":"https:\/\/biblioteca.blanes.cat\/salajove\/#\/schema\/person\/5a7b46760d9dd611d098bbf571a341dc"},"headline":"Novetats: OCTUBRE 2025","datePublished":"2025-10-01T09:32:00+00:00","dateModified":"2025-10-24T16:54:30+00:00","mainEntityOfPage":{"@id":"https:\/\/biblioteca.blanes.cat\/salajove\/2025\/10\/01\/novetats-octubre-2025\/"},"wordCount":55,"commentCount":0,"publisher":{"@id":"https:\/\/biblioteca.blanes.cat\/salajove\/#organization"},"image":{"@id":"https:\/\/biblioteca.blanes.cat\/salajove\/2025\/10\/01\/novetats-octubre-2025\/#primaryimage"},"thumbnailUrl":"https:\/\/biblioteca.blanes.cat\/salajove\/wp-content\/uploads\/sites\/3\/2024\/12\/novetats-tardor-1.jpg","keywords":["#Guia #Lectura #Literatura #Llibres","#Joves","#Lectura","#Literatura","#Llibres"],"articleSection":["Novetats"],"inLanguage":"ca","potentialAction":[{"@type":"CommentAction","name":"Comment","target":["https:\/\/biblioteca.blanes.cat\/salajove\/2025\/10\/01\/novetats-octubre-2025\/#respond"]}]},{"@type":"WebPage","@id":"https:\/\/biblioteca.blanes.cat\/salajove\/2025\/10\/01\/novetats-octubre-2025\/","url":"https:\/\/biblioteca.blanes.cat\/salajove\/2025\/10\/01\/novetats-octubre-2025\/","name":"Novetats: OCTUBRE 2025 - Sala Jove","isPartOf":{"@id":"https:\/\/biblioteca.blanes.cat\/salajove\/#website"},"primaryImageOfPage":{"@id":"https:\/\/biblioteca.blanes.cat\/salajove\/2025\/10\/01\/novetats-octubre-2025\/#primaryimage"},"image":{"@id":"https:\/\/biblioteca.blanes.cat\/salajove\/2025\/10\/01\/novetats-octubre-2025\/#primaryimage"},"thumbnailUrl":"https:\/\/biblioteca.blanes.cat\/salajove\/wp-content\/uploads\/sites\/3\/2024\/12\/novetats-tardor-1.jpg","datePublished":"2025-10-01T09:32:00+00:00","dateModified":"2025-10-24T16:54:30+00:00","breadcrumb":{"@id":"https:\/\/biblioteca.blanes.cat\/salajove\/2025\/10\/01\/novetats-octubre-2025\/#breadcrumb"},"inLanguage":"ca","potentialAction":[{"@type":"ReadAction","target":["https:\/\/biblioteca.blanes.cat\/salajove\/2025\/10\/01\/novetats-octubre-2025\/"]}]},{"@type":"ImageObject","inLanguage":"ca","@id":"https:\/\/biblioteca.blanes.cat\/salajove\/2025\/10\/01\/novetats-octubre-2025\/#primaryimage","url":"https:\/\/biblioteca.blanes.cat\/salajove\/wp-content\/uploads\/sites\/3\/2024\/12\/novetats-tardor-1.jpg","contentUrl":"https:\/\/biblioteca.blanes.cat\/salajove\/wp-content\/uploads\/sites\/3\/2024\/12\/novetats-tardor-1.jpg","width":1748,"height":1240},{"@type":"BreadcrumbList","@id":"https:\/\/biblioteca.blanes.cat\/salajove\/2025\/10\/01\/novetats-octubre-2025\/#breadcrumb","itemListElement":[{"@type":"ListItem","position":1,"name":"Inici","item":"https:\/\/biblioteca.blanes.cat\/salajove\/"},{"@type":"ListItem","position":2,"name":"Novetats: OCTUBRE 2025"}]},{"@type":"WebSite","@id":"https:\/\/biblioteca.blanes.cat\/salajove\/#website","url":"https:\/\/biblioteca.blanes.cat\/salajove\/","name":"Sala Jove","description":"Biblioteca Comarcal de Blanes","publisher":{"@id":"https:\/\/biblioteca.blanes.cat\/salajove\/#organization"},"potentialAction":[{"@type":"SearchAction","target":{"@type":"EntryPoint","urlTemplate":"https:\/\/biblioteca.blanes.cat\/salajove\/?s={search_term_string}"},"query-input":{"@type":"PropertyValueSpecification","valueRequired":true,"valueName":"search_term_string"}}],"inLanguage":"ca"},{"@type":"Organization","@id":"https:\/\/biblioteca.blanes.cat\/salajove\/#organization","name":"Biblioteca Comarcal de Blanes","url":"https:\/\/biblioteca.blanes.cat\/salajove\/","logo":{"@type":"ImageObject","inLanguage":"ca","@id":"https:\/\/biblioteca.blanes.cat\/salajove\/#\/schema\/logo\/image\/","url":"https:\/\/biblioteca.blanes.cat\/salajove\/wp-content\/uploads\/sites\/3\/2017\/09\/cropped-Bib-blau-e1518869380535.png","contentUrl":"https:\/\/biblioteca.blanes.cat\/salajove\/wp-content\/uploads\/sites\/3\/2017\/09\/cropped-Bib-blau-e1518869380535.png","width":166,"height":166,"caption":"Biblioteca Comarcal de Blanes"},"image":{"@id":"https:\/\/biblioteca.blanes.cat\/salajove\/#\/schema\/logo\/image\/"},"sameAs":["https:\/\/www.facebook.com\/BilbiotecaComarcaldeBlanes\/","https:\/\/x.com\/BiblioBlanes","https:\/\/www.instagram.com\/biblioblanes\/","https:\/\/www.pinterest.es\/bblanes\/","https:\/\/www.youtube.com\/c\/BibliotecaComarcalBlanes"]},{"@type":"Person","@id":"https:\/\/biblioteca.blanes.cat\/salajove\/#\/schema\/person\/5a7b46760d9dd611d098bbf571a341dc","name":"biblioblanes","image":{"@type":"ImageObject","inLanguage":"ca","@id":"https:\/\/secure.gravatar.com\/avatar\/6593ca6cc90e5a70939f51c95e8315483b9c281bafba597292bee47992030f99?s=96&d=mm&r=g","url":"https:\/\/secure.gravatar.com\/avatar\/6593ca6cc90e5a70939f51c95e8315483b9c281bafba597292bee47992030f99?s=96&d=mm&r=g","contentUrl":"https:\/\/secure.gravatar.com\/avatar\/6593ca6cc90e5a70939f51c95e8315483b9c281bafba597292bee47992030f99?s=96&d=mm&r=g","caption":"biblioblanes"},"sameAs":["http:\/\/www.bibgirona.cat\/biblioteca\/blanes","https:\/\/x.com\/biblioblanes"],"url":"https:\/\/biblioteca.blanes.cat\/salajove\/author\/biblioblanes\/"}]}},"_links":{"self":[{"href":"https:\/\/biblioteca.blanes.cat\/salajove\/wp-json\/wp\/v2\/posts\/10104","targetHints":{"allow":["GET"]}}],"collection":[{"href":"https:\/\/biblioteca.blanes.cat\/salajove\/wp-json\/wp\/v2\/posts"}],"about":[{"href":"https:\/\/biblioteca.blanes.cat\/salajove\/wp-json\/wp\/v2\/types\/post"}],"author":[{"embeddable":true,"href":"https:\/\/biblioteca.blanes.cat\/salajove\/wp-json\/wp\/v2\/users\/4"}],"replies":[{"embeddable":true,"href":"https:\/\/biblioteca.blanes.cat\/salajove\/wp-json\/wp\/v2\/comments?post=10104"}],"version-history":[{"count":2,"href":"https:\/\/biblioteca.blanes.cat\/salajove\/wp-json\/wp\/v2\/posts\/10104\/revisions"}],"predecessor-version":[{"id":10157,"href":"https:\/\/biblioteca.blanes.cat\/salajove\/wp-json\/wp\/v2\/posts\/10104\/revisions\/10157"}],"wp:featuredmedia":[{"embeddable":true,"href":"https:\/\/biblioteca.blanes.cat\/salajove\/wp-json\/wp\/v2\/media\/9147"}],"wp:attachment":[{"href":"https:\/\/biblioteca.blanes.cat\/salajove\/wp-json\/wp\/v2\/media?parent=10104"}],"wp:term":[{"taxonomy":"category","embeddable":true,"href":"https:\/\/biblioteca.blanes.cat\/salajove\/wp-json\/wp\/v2\/categories?post=10104"},{"taxonomy":"post_tag","embeddable":true,"href":"https:\/\/biblioteca.blanes.cat\/salajove\/wp-json\/wp\/v2\/tags?post=10104"}],"curies":[{"name":"wp","href":"https:\/\/api.w.org\/{rel}","templated":true}]}}