{"id":10064,"date":"2025-09-22T19:13:16","date_gmt":"2025-09-22T18:13:16","guid":{"rendered":"https:\/\/biblioteca.blanes.cat\/salajove\/?p=10064"},"modified":"2025-09-22T19:20:50","modified_gmt":"2025-09-22T18:20:50","slug":"club-de-lectura-juvenil-emblanats-presentacio","status":"publish","type":"post","link":"https:\/\/biblioteca.blanes.cat\/salajove\/2025\/09\/22\/club-de-lectura-juvenil-emblanats-presentacio\/","title":{"rendered":"Club de Lectura Juvenil #emblanats: presentaci\u00f3"},"content":{"rendered":"\n<p>Divendres passat vam encetar un nou curs del <span style=\"color: #339966;\"><strong>Club de Lectura Juvenil #emblanats<\/strong><\/span> a la Sala Jove de la biblioteca. Ens vam posar al dia despr\u00e9s de les vacances d\u2019estiu i vam con\u00e8ixer cares noves.<\/p>\n<p><a href=\"https:\/\/biblioteca.blanes.cat\/salajove\/2025\/09\/22\/club-de-lectura-juvenil-emblanats-presentacio\/20250919_cljpresentacio-20-comprimida\/\" rel=\"attachment wp-att-10067\"><img fetchpriority=\"high\" decoding=\"async\" class=\"aligncenter  wp-image-10067\" src=\"https:\/\/biblioteca.blanes.cat\/salajove\/wp-content\/uploads\/sites\/3\/2025\/09\/20250919_CLJpresentacio-20-comprimida-225x300.jpg\" alt=\"\" width=\"320\" height=\"427\" srcset=\"https:\/\/biblioteca.blanes.cat\/salajove\/wp-content\/uploads\/sites\/3\/2025\/09\/20250919_CLJpresentacio-20-comprimida-225x300.jpg 225w, https:\/\/biblioteca.blanes.cat\/salajove\/wp-content\/uploads\/sites\/3\/2025\/09\/20250919_CLJpresentacio-20-comprimida-768x1024.jpg 768w, https:\/\/biblioteca.blanes.cat\/salajove\/wp-content\/uploads\/sites\/3\/2025\/09\/20250919_CLJpresentacio-20-comprimida-1152x1536.jpg 1152w, https:\/\/biblioteca.blanes.cat\/salajove\/wp-content\/uploads\/sites\/3\/2025\/09\/20250919_CLJpresentacio-20-comprimida-1536x2048.jpg 1536w, https:\/\/biblioteca.blanes.cat\/salajove\/wp-content\/uploads\/sites\/3\/2025\/09\/20250919_CLJpresentacio-20-comprimida-scaled.jpg 1920w\" sizes=\"(max-width: 320px) 100vw, 320px\" \/><\/a><\/p>\n<p>Aquest any el CLJ girar\u00e0 a l\u2019entorn de la figura del <span style=\"color: #339966;\"><strong>prescriptor literari<\/strong><\/span>. Primer de tot, hem de saber qu\u00e8 \u00e9s i com funciona la prescripci\u00f3 liter\u00e0ria i qui se\u2019n fa c\u00e0rrec: un prescriptor literari \u00e9s una persona (o grup de persones) que <span style=\"color: #339966;\"><strong>recomana llibres<\/strong><\/span> i lectures a altres persones i que, fins i tot, pot acabar influint en els seus h\u00e0bits lectors o gustos literaris. Sol ser alg\u00fa amb criteri propi, passi\u00f3 i coneixement de la literatura i amb un cert bagatge lector. La seva tasca consisteix a donar a con\u00e8ixer nous autors, g\u00e8neres i\/o obres als quals potser no hi haurien arribat pel seu compte o que potser no havien sigut prou interessants per a aquesta persona fins aleshores.<\/p>\n<p>El seu objectiu principal \u00e9s fomentar la lectura i acompanyar l\u2019h\u00e0bit lector en el descobriment d\u2019obres que s\u2019adaptin als seus interessos o necessitats o, incl\u00fas, ajudar a sortir de la zona de confort i obrir horitzons. Per tant, un prescriptor no nom\u00e9s recomana llibres, sin\u00f3 que t\u00e9 la capacitat d\u2019influir en les decisions lectores d\u2019altres persones.<\/p>\n<p><span style=\"color: #339966;\"><strong>Llibreries, biblioteques, cr\u00edtics literaris o docents<\/strong><\/span> s\u00f3n un cas clar\u00edssim de prescriptor literari. A dia d\u2019avui, tamb\u00e9 s\u2019hi han afegit els <span style=\"color: #339966;\"><strong>creadors de contingut a les xarxes socials<\/strong><\/span>. I aquest any els #emblanats tamb\u00e9 desenvoluparem aquest paper en un rac\u00f3 de la Sala Jove preparat per a la prescripci\u00f3 lectora.<\/p>\n<p>De cada lectura que farem, els participants en recomanaran alguna altra del mateix estil o que els hagi fet pensar en la tem\u00e0tica o alguna situaci\u00f3. La din\u00e0mica agafar\u00e0 la forma seg\u00fcent:<span style=\"color: #339966;\"><strong> \u201cSi t\u2019agrada <em>aquest llibre<\/em> tamb\u00e9 t\u2019agradar\u00e0 <em>aquest altre<\/em>\u201d<\/strong><\/span>. Les cobertes dels llibres estaran penjades amb un cordill a la paret de marbre de la sala i al costat cada lector hi posar\u00e0 un paperet amb una recomanaci\u00f3. La idea \u00e9s crear un <span style=\"color: #339966;\"><strong>espai interactiu entre tots que dialogui tamb\u00e9 amb la resta d\u2019usuaris i visitants de la biblioteca<\/strong><\/span>, a banda de consolidar i entendre la import\u00e0ncia de la figura del prescriptor literari.<\/p>\n<p><a href=\"https:\/\/biblioteca.blanes.cat\/salajove\/2025\/09\/22\/club-de-lectura-juvenil-emblanats-presentacio\/20250919_cljpresentacio-23-comprimida\/\" rel=\"attachment wp-att-10066\"><img decoding=\"async\" class=\"aligncenter  wp-image-10066\" src=\"https:\/\/biblioteca.blanes.cat\/salajove\/wp-content\/uploads\/sites\/3\/2025\/09\/20250919_CLJpresentacio-23-comprimida-225x300.jpg\" alt=\"\" width=\"332\" height=\"443\" srcset=\"https:\/\/biblioteca.blanes.cat\/salajove\/wp-content\/uploads\/sites\/3\/2025\/09\/20250919_CLJpresentacio-23-comprimida-225x300.jpg 225w, https:\/\/biblioteca.blanes.cat\/salajove\/wp-content\/uploads\/sites\/3\/2025\/09\/20250919_CLJpresentacio-23-comprimida-768x1024.jpg 768w, https:\/\/biblioteca.blanes.cat\/salajove\/wp-content\/uploads\/sites\/3\/2025\/09\/20250919_CLJpresentacio-23-comprimida-1152x1536.jpg 1152w, https:\/\/biblioteca.blanes.cat\/salajove\/wp-content\/uploads\/sites\/3\/2025\/09\/20250919_CLJpresentacio-23-comprimida-1536x2048.jpg 1536w, https:\/\/biblioteca.blanes.cat\/salajove\/wp-content\/uploads\/sites\/3\/2025\/09\/20250919_CLJpresentacio-23-comprimida-scaled.jpg 1920w\" sizes=\"(max-width: 332px) 100vw, 332px\" \/><\/a><\/p>\n<p>Si voleu saber les lectures d\u2019aquest curs, descarregueu-vos la <a href=\"https:\/\/biblioteca.blanes.cat\/salajove\/2025\/09\/22\/club-de-lectura-juvenil-emblanats-presentacio\/llibres-2025-2026\/\" target=\"_blank\" rel=\"attachment noopener wp-att-10065\"><strong>guia de lectura<\/strong><\/a>. De moment, ja hem repartit la primera: <span style=\"color: #800080;\"><strong><em>Stardust<\/em><\/strong><\/span>, de <span style=\"color: #800080;\"><strong>Neil Gaiman<\/strong><\/span>.<\/p>\n\n\n","protected":false},"excerpt":{"rendered":"<p>Divendres passat vam encetar un nou curs del Club de Lectura Juvenil #emblanats a la Sala Jove de la biblioteca. Ens vam posar al dia despr\u00e9s de les vacances d\u2019estiu i vam con\u00e8ixer cares noves. Aquest any el CLJ girar\u00e0<\/p>\n","protected":false},"author":4,"featured_media":10067,"comment_status":"open","ping_status":"open","sticky":false,"template":"","format":"standard","meta":{"sfsi_plus_gutenberg_text_before_share":"","sfsi_plus_gutenberg_show_text_before_share":"","sfsi_plus_gutenberg_icon_type":"","sfsi_plus_gutenberg_icon_alignemt":"","sfsi_plus_gutenburg_max_per_row":"","footnotes":""},"categories":[5],"tags":[24,91,29,52,26,21],"class_list":["post-10064","post","type-post","status-publish","format-standard","has-post-thumbnail","hentry","category-club-de-lectura","tag-activitats","tag-activitats-clubdelectura-gamificacio-jocs-joves-lectura-literatura-llibres","tag-club-de-lectura","tag-joves","tag-lectura","tag-llibres"],"yoast_head":"<!-- This site is optimized with the Yoast SEO plugin v27.5 - https:\/\/yoast.com\/product\/yoast-seo-wordpress\/ -->\n<title>Club de Lectura Juvenil #emblanats: presentaci\u00f3 - Sala Jove<\/title>\n<meta name=\"robots\" content=\"index, follow, max-snippet:-1, max-image-preview:large, max-video-preview:-1\" \/>\n<link rel=\"canonical\" href=\"https:\/\/biblioteca.blanes.cat\/salajove\/2025\/09\/22\/club-de-lectura-juvenil-emblanats-presentacio\/\" \/>\n<meta property=\"og:locale\" content=\"ca_ES\" \/>\n<meta property=\"og:type\" content=\"article\" \/>\n<meta property=\"og:title\" content=\"Club de Lectura Juvenil #emblanats: presentaci\u00f3 - Sala Jove\" \/>\n<meta property=\"og:description\" content=\"Divendres passat vam encetar un nou curs del Club de Lectura Juvenil #emblanats a la Sala Jove de la biblioteca. Ens vam posar al dia despr\u00e9s de les vacances d\u2019estiu i vam con\u00e8ixer cares noves. Aquest any el CLJ girar\u00e0\" \/>\n<meta property=\"og:url\" content=\"https:\/\/biblioteca.blanes.cat\/salajove\/2025\/09\/22\/club-de-lectura-juvenil-emblanats-presentacio\/\" \/>\n<meta property=\"og:site_name\" content=\"Sala Jove\" \/>\n<meta property=\"article:publisher\" content=\"https:\/\/www.facebook.com\/BilbiotecaComarcaldeBlanes\/\" \/>\n<meta property=\"article:published_time\" content=\"2025-09-22T18:13:16+00:00\" \/>\n<meta property=\"article:modified_time\" content=\"2025-09-22T18:20:50+00:00\" \/>\n<meta property=\"og:image\" content=\"https:\/\/biblioteca.blanes.cat\/salajove\/wp-content\/uploads\/sites\/3\/2025\/09\/20250919_CLJpresentacio-20-comprimida-scaled.jpg\" \/>\n\t<meta property=\"og:image:width\" content=\"1920\" \/>\n\t<meta property=\"og:image:height\" content=\"2560\" \/>\n\t<meta property=\"og:image:type\" content=\"image\/jpeg\" \/>\n<meta name=\"author\" content=\"biblioblanes\" \/>\n<meta name=\"twitter:card\" content=\"summary_large_image\" \/>\n<meta name=\"twitter:creator\" content=\"@biblioblanes\" \/>\n<meta name=\"twitter:site\" content=\"@BiblioBlanes\" \/>\n<meta name=\"twitter:label1\" content=\"Escrit per\" \/>\n\t<meta name=\"twitter:data1\" content=\"biblioblanes\" \/>\n\t<meta name=\"twitter:label2\" content=\"Temps estimat de lectura\" \/>\n\t<meta name=\"twitter:data2\" content=\"3 minuts\" \/>\n<script type=\"application\/ld+json\" class=\"yoast-schema-graph\">{\"@context\":\"https:\\\/\\\/schema.org\",\"@graph\":[{\"@type\":\"Article\",\"@id\":\"https:\\\/\\\/biblioteca.blanes.cat\\\/salajove\\\/2025\\\/09\\\/22\\\/club-de-lectura-juvenil-emblanats-presentacio\\\/#article\",\"isPartOf\":{\"@id\":\"https:\\\/\\\/biblioteca.blanes.cat\\\/salajove\\\/2025\\\/09\\\/22\\\/club-de-lectura-juvenil-emblanats-presentacio\\\/\"},\"author\":{\"name\":\"biblioblanes\",\"@id\":\"https:\\\/\\\/biblioteca.blanes.cat\\\/salajove\\\/#\\\/schema\\\/person\\\/5a7b46760d9dd611d098bbf571a341dc\"},\"headline\":\"Club de Lectura Juvenil #emblanats: presentaci\u00f3\",\"datePublished\":\"2025-09-22T18:13:16+00:00\",\"dateModified\":\"2025-09-22T18:20:50+00:00\",\"mainEntityOfPage\":{\"@id\":\"https:\\\/\\\/biblioteca.blanes.cat\\\/salajove\\\/2025\\\/09\\\/22\\\/club-de-lectura-juvenil-emblanats-presentacio\\\/\"},\"wordCount\":427,\"commentCount\":0,\"publisher\":{\"@id\":\"https:\\\/\\\/biblioteca.blanes.cat\\\/salajove\\\/#organization\"},\"image\":{\"@id\":\"https:\\\/\\\/biblioteca.blanes.cat\\\/salajove\\\/2025\\\/09\\\/22\\\/club-de-lectura-juvenil-emblanats-presentacio\\\/#primaryimage\"},\"thumbnailUrl\":\"https:\\\/\\\/biblioteca.blanes.cat\\\/salajove\\\/wp-content\\\/uploads\\\/sites\\\/3\\\/2025\\\/09\\\/20250919_CLJpresentacio-20-comprimida-scaled.jpg\",\"keywords\":[\"#Activitats\",\"#Activitats #ClubdeLectura #Gamificaci\u00f3 #jocs #Joves #Lectura #Literatura #Llibres\",\"#ClubdeLectura\",\"#Joves\",\"#Lectura\",\"#Llibres\"],\"articleSection\":[\"Club de Lectura\"],\"inLanguage\":\"ca\",\"potentialAction\":[{\"@type\":\"CommentAction\",\"name\":\"Comment\",\"target\":[\"https:\\\/\\\/biblioteca.blanes.cat\\\/salajove\\\/2025\\\/09\\\/22\\\/club-de-lectura-juvenil-emblanats-presentacio\\\/#respond\"]}]},{\"@type\":\"WebPage\",\"@id\":\"https:\\\/\\\/biblioteca.blanes.cat\\\/salajove\\\/2025\\\/09\\\/22\\\/club-de-lectura-juvenil-emblanats-presentacio\\\/\",\"url\":\"https:\\\/\\\/biblioteca.blanes.cat\\\/salajove\\\/2025\\\/09\\\/22\\\/club-de-lectura-juvenil-emblanats-presentacio\\\/\",\"name\":\"Club de Lectura Juvenil #emblanats: presentaci\u00f3 - Sala Jove\",\"isPartOf\":{\"@id\":\"https:\\\/\\\/biblioteca.blanes.cat\\\/salajove\\\/#website\"},\"primaryImageOfPage\":{\"@id\":\"https:\\\/\\\/biblioteca.blanes.cat\\\/salajove\\\/2025\\\/09\\\/22\\\/club-de-lectura-juvenil-emblanats-presentacio\\\/#primaryimage\"},\"image\":{\"@id\":\"https:\\\/\\\/biblioteca.blanes.cat\\\/salajove\\\/2025\\\/09\\\/22\\\/club-de-lectura-juvenil-emblanats-presentacio\\\/#primaryimage\"},\"thumbnailUrl\":\"https:\\\/\\\/biblioteca.blanes.cat\\\/salajove\\\/wp-content\\\/uploads\\\/sites\\\/3\\\/2025\\\/09\\\/20250919_CLJpresentacio-20-comprimida-scaled.jpg\",\"datePublished\":\"2025-09-22T18:13:16+00:00\",\"dateModified\":\"2025-09-22T18:20:50+00:00\",\"breadcrumb\":{\"@id\":\"https:\\\/\\\/biblioteca.blanes.cat\\\/salajove\\\/2025\\\/09\\\/22\\\/club-de-lectura-juvenil-emblanats-presentacio\\\/#breadcrumb\"},\"inLanguage\":\"ca\",\"potentialAction\":[{\"@type\":\"ReadAction\",\"target\":[\"https:\\\/\\\/biblioteca.blanes.cat\\\/salajove\\\/2025\\\/09\\\/22\\\/club-de-lectura-juvenil-emblanats-presentacio\\\/\"]}]},{\"@type\":\"ImageObject\",\"inLanguage\":\"ca\",\"@id\":\"https:\\\/\\\/biblioteca.blanes.cat\\\/salajove\\\/2025\\\/09\\\/22\\\/club-de-lectura-juvenil-emblanats-presentacio\\\/#primaryimage\",\"url\":\"https:\\\/\\\/biblioteca.blanes.cat\\\/salajove\\\/wp-content\\\/uploads\\\/sites\\\/3\\\/2025\\\/09\\\/20250919_CLJpresentacio-20-comprimida-scaled.jpg\",\"contentUrl\":\"https:\\\/\\\/biblioteca.blanes.cat\\\/salajove\\\/wp-content\\\/uploads\\\/sites\\\/3\\\/2025\\\/09\\\/20250919_CLJpresentacio-20-comprimida-scaled.jpg\",\"width\":1920,\"height\":2560},{\"@type\":\"BreadcrumbList\",\"@id\":\"https:\\\/\\\/biblioteca.blanes.cat\\\/salajove\\\/2025\\\/09\\\/22\\\/club-de-lectura-juvenil-emblanats-presentacio\\\/#breadcrumb\",\"itemListElement\":[{\"@type\":\"ListItem\",\"position\":1,\"name\":\"Inici\",\"item\":\"https:\\\/\\\/biblioteca.blanes.cat\\\/salajove\\\/\"},{\"@type\":\"ListItem\",\"position\":2,\"name\":\"Club de Lectura Juvenil #emblanats: presentaci\u00f3\"}]},{\"@type\":\"WebSite\",\"@id\":\"https:\\\/\\\/biblioteca.blanes.cat\\\/salajove\\\/#website\",\"url\":\"https:\\\/\\\/biblioteca.blanes.cat\\\/salajove\\\/\",\"name\":\"Sala Jove\",\"description\":\"Biblioteca Comarcal de Blanes\",\"publisher\":{\"@id\":\"https:\\\/\\\/biblioteca.blanes.cat\\\/salajove\\\/#organization\"},\"potentialAction\":[{\"@type\":\"SearchAction\",\"target\":{\"@type\":\"EntryPoint\",\"urlTemplate\":\"https:\\\/\\\/biblioteca.blanes.cat\\\/salajove\\\/?s={search_term_string}\"},\"query-input\":{\"@type\":\"PropertyValueSpecification\",\"valueRequired\":true,\"valueName\":\"search_term_string\"}}],\"inLanguage\":\"ca\"},{\"@type\":\"Organization\",\"@id\":\"https:\\\/\\\/biblioteca.blanes.cat\\\/salajove\\\/#organization\",\"name\":\"Biblioteca Comarcal de Blanes\",\"url\":\"https:\\\/\\\/biblioteca.blanes.cat\\\/salajove\\\/\",\"logo\":{\"@type\":\"ImageObject\",\"inLanguage\":\"ca\",\"@id\":\"https:\\\/\\\/biblioteca.blanes.cat\\\/salajove\\\/#\\\/schema\\\/logo\\\/image\\\/\",\"url\":\"https:\\\/\\\/biblioteca.blanes.cat\\\/salajove\\\/wp-content\\\/uploads\\\/sites\\\/3\\\/2017\\\/09\\\/cropped-Bib-blau-e1518869380535.png\",\"contentUrl\":\"https:\\\/\\\/biblioteca.blanes.cat\\\/salajove\\\/wp-content\\\/uploads\\\/sites\\\/3\\\/2017\\\/09\\\/cropped-Bib-blau-e1518869380535.png\",\"width\":166,\"height\":166,\"caption\":\"Biblioteca Comarcal de Blanes\"},\"image\":{\"@id\":\"https:\\\/\\\/biblioteca.blanes.cat\\\/salajove\\\/#\\\/schema\\\/logo\\\/image\\\/\"},\"sameAs\":[\"https:\\\/\\\/www.facebook.com\\\/BilbiotecaComarcaldeBlanes\\\/\",\"https:\\\/\\\/x.com\\\/BiblioBlanes\",\"https:\\\/\\\/www.instagram.com\\\/biblioblanes\\\/\",\"https:\\\/\\\/www.pinterest.es\\\/bblanes\\\/\",\"https:\\\/\\\/www.youtube.com\\\/c\\\/BibliotecaComarcalBlanes\"]},{\"@type\":\"Person\",\"@id\":\"https:\\\/\\\/biblioteca.blanes.cat\\\/salajove\\\/#\\\/schema\\\/person\\\/5a7b46760d9dd611d098bbf571a341dc\",\"name\":\"biblioblanes\",\"image\":{\"@type\":\"ImageObject\",\"inLanguage\":\"ca\",\"@id\":\"https:\\\/\\\/secure.gravatar.com\\\/avatar\\\/6593ca6cc90e5a70939f51c95e8315483b9c281bafba597292bee47992030f99?s=96&d=mm&r=g\",\"url\":\"https:\\\/\\\/secure.gravatar.com\\\/avatar\\\/6593ca6cc90e5a70939f51c95e8315483b9c281bafba597292bee47992030f99?s=96&d=mm&r=g\",\"contentUrl\":\"https:\\\/\\\/secure.gravatar.com\\\/avatar\\\/6593ca6cc90e5a70939f51c95e8315483b9c281bafba597292bee47992030f99?s=96&d=mm&r=g\",\"caption\":\"biblioblanes\"},\"sameAs\":[\"http:\\\/\\\/www.bibgirona.cat\\\/biblioteca\\\/blanes\",\"https:\\\/\\\/x.com\\\/biblioblanes\"],\"url\":\"https:\\\/\\\/biblioteca.blanes.cat\\\/salajove\\\/author\\\/biblioblanes\\\/\"}]}<\/script>\n<!-- \/ Yoast SEO plugin. -->","yoast_head_json":{"title":"Club de Lectura Juvenil #emblanats: presentaci\u00f3 - Sala Jove","robots":{"index":"index","follow":"follow","max-snippet":"max-snippet:-1","max-image-preview":"max-image-preview:large","max-video-preview":"max-video-preview:-1"},"canonical":"https:\/\/biblioteca.blanes.cat\/salajove\/2025\/09\/22\/club-de-lectura-juvenil-emblanats-presentacio\/","og_locale":"ca_ES","og_type":"article","og_title":"Club de Lectura Juvenil #emblanats: presentaci\u00f3 - Sala Jove","og_description":"Divendres passat vam encetar un nou curs del Club de Lectura Juvenil #emblanats a la Sala Jove de la biblioteca. Ens vam posar al dia despr\u00e9s de les vacances d\u2019estiu i vam con\u00e8ixer cares noves. Aquest any el CLJ girar\u00e0","og_url":"https:\/\/biblioteca.blanes.cat\/salajove\/2025\/09\/22\/club-de-lectura-juvenil-emblanats-presentacio\/","og_site_name":"Sala Jove","article_publisher":"https:\/\/www.facebook.com\/BilbiotecaComarcaldeBlanes\/","article_published_time":"2025-09-22T18:13:16+00:00","article_modified_time":"2025-09-22T18:20:50+00:00","og_image":[{"width":1920,"height":2560,"url":"https:\/\/biblioteca.blanes.cat\/salajove\/wp-content\/uploads\/sites\/3\/2025\/09\/20250919_CLJpresentacio-20-comprimida-scaled.jpg","type":"image\/jpeg"}],"author":"biblioblanes","twitter_card":"summary_large_image","twitter_creator":"@biblioblanes","twitter_site":"@BiblioBlanes","twitter_misc":{"Escrit per":"biblioblanes","Temps estimat de lectura":"3 minuts"},"schema":{"@context":"https:\/\/schema.org","@graph":[{"@type":"Article","@id":"https:\/\/biblioteca.blanes.cat\/salajove\/2025\/09\/22\/club-de-lectura-juvenil-emblanats-presentacio\/#article","isPartOf":{"@id":"https:\/\/biblioteca.blanes.cat\/salajove\/2025\/09\/22\/club-de-lectura-juvenil-emblanats-presentacio\/"},"author":{"name":"biblioblanes","@id":"https:\/\/biblioteca.blanes.cat\/salajove\/#\/schema\/person\/5a7b46760d9dd611d098bbf571a341dc"},"headline":"Club de Lectura Juvenil #emblanats: presentaci\u00f3","datePublished":"2025-09-22T18:13:16+00:00","dateModified":"2025-09-22T18:20:50+00:00","mainEntityOfPage":{"@id":"https:\/\/biblioteca.blanes.cat\/salajove\/2025\/09\/22\/club-de-lectura-juvenil-emblanats-presentacio\/"},"wordCount":427,"commentCount":0,"publisher":{"@id":"https:\/\/biblioteca.blanes.cat\/salajove\/#organization"},"image":{"@id":"https:\/\/biblioteca.blanes.cat\/salajove\/2025\/09\/22\/club-de-lectura-juvenil-emblanats-presentacio\/#primaryimage"},"thumbnailUrl":"https:\/\/biblioteca.blanes.cat\/salajove\/wp-content\/uploads\/sites\/3\/2025\/09\/20250919_CLJpresentacio-20-comprimida-scaled.jpg","keywords":["#Activitats","#Activitats #ClubdeLectura #Gamificaci\u00f3 #jocs #Joves #Lectura #Literatura #Llibres","#ClubdeLectura","#Joves","#Lectura","#Llibres"],"articleSection":["Club de Lectura"],"inLanguage":"ca","potentialAction":[{"@type":"CommentAction","name":"Comment","target":["https:\/\/biblioteca.blanes.cat\/salajove\/2025\/09\/22\/club-de-lectura-juvenil-emblanats-presentacio\/#respond"]}]},{"@type":"WebPage","@id":"https:\/\/biblioteca.blanes.cat\/salajove\/2025\/09\/22\/club-de-lectura-juvenil-emblanats-presentacio\/","url":"https:\/\/biblioteca.blanes.cat\/salajove\/2025\/09\/22\/club-de-lectura-juvenil-emblanats-presentacio\/","name":"Club de Lectura Juvenil #emblanats: presentaci\u00f3 - Sala Jove","isPartOf":{"@id":"https:\/\/biblioteca.blanes.cat\/salajove\/#website"},"primaryImageOfPage":{"@id":"https:\/\/biblioteca.blanes.cat\/salajove\/2025\/09\/22\/club-de-lectura-juvenil-emblanats-presentacio\/#primaryimage"},"image":{"@id":"https:\/\/biblioteca.blanes.cat\/salajove\/2025\/09\/22\/club-de-lectura-juvenil-emblanats-presentacio\/#primaryimage"},"thumbnailUrl":"https:\/\/biblioteca.blanes.cat\/salajove\/wp-content\/uploads\/sites\/3\/2025\/09\/20250919_CLJpresentacio-20-comprimida-scaled.jpg","datePublished":"2025-09-22T18:13:16+00:00","dateModified":"2025-09-22T18:20:50+00:00","breadcrumb":{"@id":"https:\/\/biblioteca.blanes.cat\/salajove\/2025\/09\/22\/club-de-lectura-juvenil-emblanats-presentacio\/#breadcrumb"},"inLanguage":"ca","potentialAction":[{"@type":"ReadAction","target":["https:\/\/biblioteca.blanes.cat\/salajove\/2025\/09\/22\/club-de-lectura-juvenil-emblanats-presentacio\/"]}]},{"@type":"ImageObject","inLanguage":"ca","@id":"https:\/\/biblioteca.blanes.cat\/salajove\/2025\/09\/22\/club-de-lectura-juvenil-emblanats-presentacio\/#primaryimage","url":"https:\/\/biblioteca.blanes.cat\/salajove\/wp-content\/uploads\/sites\/3\/2025\/09\/20250919_CLJpresentacio-20-comprimida-scaled.jpg","contentUrl":"https:\/\/biblioteca.blanes.cat\/salajove\/wp-content\/uploads\/sites\/3\/2025\/09\/20250919_CLJpresentacio-20-comprimida-scaled.jpg","width":1920,"height":2560},{"@type":"BreadcrumbList","@id":"https:\/\/biblioteca.blanes.cat\/salajove\/2025\/09\/22\/club-de-lectura-juvenil-emblanats-presentacio\/#breadcrumb","itemListElement":[{"@type":"ListItem","position":1,"name":"Inici","item":"https:\/\/biblioteca.blanes.cat\/salajove\/"},{"@type":"ListItem","position":2,"name":"Club de Lectura Juvenil #emblanats: presentaci\u00f3"}]},{"@type":"WebSite","@id":"https:\/\/biblioteca.blanes.cat\/salajove\/#website","url":"https:\/\/biblioteca.blanes.cat\/salajove\/","name":"Sala Jove","description":"Biblioteca Comarcal de Blanes","publisher":{"@id":"https:\/\/biblioteca.blanes.cat\/salajove\/#organization"},"potentialAction":[{"@type":"SearchAction","target":{"@type":"EntryPoint","urlTemplate":"https:\/\/biblioteca.blanes.cat\/salajove\/?s={search_term_string}"},"query-input":{"@type":"PropertyValueSpecification","valueRequired":true,"valueName":"search_term_string"}}],"inLanguage":"ca"},{"@type":"Organization","@id":"https:\/\/biblioteca.blanes.cat\/salajove\/#organization","name":"Biblioteca Comarcal de Blanes","url":"https:\/\/biblioteca.blanes.cat\/salajove\/","logo":{"@type":"ImageObject","inLanguage":"ca","@id":"https:\/\/biblioteca.blanes.cat\/salajove\/#\/schema\/logo\/image\/","url":"https:\/\/biblioteca.blanes.cat\/salajove\/wp-content\/uploads\/sites\/3\/2017\/09\/cropped-Bib-blau-e1518869380535.png","contentUrl":"https:\/\/biblioteca.blanes.cat\/salajove\/wp-content\/uploads\/sites\/3\/2017\/09\/cropped-Bib-blau-e1518869380535.png","width":166,"height":166,"caption":"Biblioteca Comarcal de Blanes"},"image":{"@id":"https:\/\/biblioteca.blanes.cat\/salajove\/#\/schema\/logo\/image\/"},"sameAs":["https:\/\/www.facebook.com\/BilbiotecaComarcaldeBlanes\/","https:\/\/x.com\/BiblioBlanes","https:\/\/www.instagram.com\/biblioblanes\/","https:\/\/www.pinterest.es\/bblanes\/","https:\/\/www.youtube.com\/c\/BibliotecaComarcalBlanes"]},{"@type":"Person","@id":"https:\/\/biblioteca.blanes.cat\/salajove\/#\/schema\/person\/5a7b46760d9dd611d098bbf571a341dc","name":"biblioblanes","image":{"@type":"ImageObject","inLanguage":"ca","@id":"https:\/\/secure.gravatar.com\/avatar\/6593ca6cc90e5a70939f51c95e8315483b9c281bafba597292bee47992030f99?s=96&d=mm&r=g","url":"https:\/\/secure.gravatar.com\/avatar\/6593ca6cc90e5a70939f51c95e8315483b9c281bafba597292bee47992030f99?s=96&d=mm&r=g","contentUrl":"https:\/\/secure.gravatar.com\/avatar\/6593ca6cc90e5a70939f51c95e8315483b9c281bafba597292bee47992030f99?s=96&d=mm&r=g","caption":"biblioblanes"},"sameAs":["http:\/\/www.bibgirona.cat\/biblioteca\/blanes","https:\/\/x.com\/biblioblanes"],"url":"https:\/\/biblioteca.blanes.cat\/salajove\/author\/biblioblanes\/"}]}},"_links":{"self":[{"href":"https:\/\/biblioteca.blanes.cat\/salajove\/wp-json\/wp\/v2\/posts\/10064","targetHints":{"allow":["GET"]}}],"collection":[{"href":"https:\/\/biblioteca.blanes.cat\/salajove\/wp-json\/wp\/v2\/posts"}],"about":[{"href":"https:\/\/biblioteca.blanes.cat\/salajove\/wp-json\/wp\/v2\/types\/post"}],"author":[{"embeddable":true,"href":"https:\/\/biblioteca.blanes.cat\/salajove\/wp-json\/wp\/v2\/users\/4"}],"replies":[{"embeddable":true,"href":"https:\/\/biblioteca.blanes.cat\/salajove\/wp-json\/wp\/v2\/comments?post=10064"}],"version-history":[{"count":4,"href":"https:\/\/biblioteca.blanes.cat\/salajove\/wp-json\/wp\/v2\/posts\/10064\/revisions"}],"predecessor-version":[{"id":10072,"href":"https:\/\/biblioteca.blanes.cat\/salajove\/wp-json\/wp\/v2\/posts\/10064\/revisions\/10072"}],"wp:featuredmedia":[{"embeddable":true,"href":"https:\/\/biblioteca.blanes.cat\/salajove\/wp-json\/wp\/v2\/media\/10067"}],"wp:attachment":[{"href":"https:\/\/biblioteca.blanes.cat\/salajove\/wp-json\/wp\/v2\/media?parent=10064"}],"wp:term":[{"taxonomy":"category","embeddable":true,"href":"https:\/\/biblioteca.blanes.cat\/salajove\/wp-json\/wp\/v2\/categories?post=10064"},{"taxonomy":"post_tag","embeddable":true,"href":"https:\/\/biblioteca.blanes.cat\/salajove\/wp-json\/wp\/v2\/tags?post=10064"}],"curies":[{"name":"wp","href":"https:\/\/api.w.org\/{rel}","templated":true}]}}