{"id":1003,"date":"2018-02-12T10:49:18","date_gmt":"2018-02-12T09:49:18","guid":{"rendered":"https:\/\/biblioteca.blanes.cat\/salajove\/?p=1003"},"modified":"2018-06-29T10:47:22","modified_gmt":"2018-06-29T09:47:22","slug":"clj-noel-et-busca","status":"publish","type":"post","link":"https:\/\/biblioteca.blanes.cat\/salajove\/2018\/02\/12\/clj-noel-et-busca\/","title":{"rendered":"CLJ: Noel et busca"},"content":{"rendered":"<h2 style=\"text-align: center;\">Aquesta setmana comentarem<\/h2>\n<h2 style=\"text-align: center;\">Noel et busca d&#8217;\u00c0ngel Burgas.<\/h2>\n<p style=\"text-align: center;\"><iframe src=\"https:\/\/www.youtube.com\/embed\/cWgIud9jQHw\" width=\"560\" height=\"315\" frameborder=\"0\" align=\"middle\" allowfullscreen=\"allowfullscreen\"><\/iframe><\/p>\n<h3>Sinopsi:<\/h3>\n<p style=\"text-align: justify;\">L&#8217;Enric es desperta a l&#8217;hospital. No recorda gaireb\u00e9 res i nom\u00e9s sent un dolor intens per tot el cos. Un desconegut afirma coneixe&#8217;l i haver compartit pis amb ell. Per\u00f2 tot i la desorientaci\u00f3 \u00e9s capa\u00e7 de detectar que alguna cosa no va a l&#8217;hora&#8230; si no, perqu\u00e8 hi ha d&#8217;haver vigil\u00e0ncia policial a la porta de l&#8217;habitaci\u00f3? Perqu\u00e8 el desconegut li escriu una nota on diu: \u00abNoel et busca\u00bb? Perqu\u00e8 li diuen que t\u00e9 petits senyals de cirurgia facial?Nom\u00e9s els imcomprensibles records que li retornen poden posar llum a totes aquestes inc\u00f2gnites abans que el passat no l&#8217;atrapi i l&#8217;engoleixi.<\/p>\n<h3>L&#8217;autor:<\/h3>\n<p style=\"text-align: justify;\"><strong>\u00c0ngel Burgas<\/strong> (Figueres, 1965) pertany al consell de redacci\u00f3 de la revista <i>Faristol <\/i>especialitzada en literatura infantil i juvenil. \u00c9s un dels membres de &#8220;Libres al repl\u00e0&#8221;, bloc especialitzat en LIJ. Compagina la literatura per adults amb la literatura per a joves. Ha obtingut guardons com ara el Premi Merc\u00e8 Rodoreda, el Folch i Torres, el Joaquim Ruyra o el Galera J\u00f3venes Lectores. Ha fet cursos de narrativa creativa i ha impartit classes al m\u00e0ster de Foment de la lectura a la UB. Actualment \u00e9s jurat del Premi Merc\u00e8 Rodoreda de Contes i Narracions, porta els clubs de lectura del Premi Crexells de l&#8217;Ateneu Barcelon\u00e8s.<\/p>\n<p style=\"text-align: justify;\">La seva darrera novel\u00b7la per a joves, <i>Noel et busca <\/i>(la Galera 2012) ha obtingut el premi Cr\u00edtica Serra d&#8217;Or 2013, ha estat seleccionat per a la llista d&#8217;honor de l&#8217;IBBY i com a finalista al Premio Nacional de Literatura Infantil y Juvenil del Ministerio de Cultura espanyol.<\/p>\n<p style=\"text-align: right;\"><span style=\"font-size: 12px;\">Font: <\/span><a href=\"http:\/\/www.lagaleraeditorial.com\/ca\/noel-et-busca-978-84-246-4459-8#.Wn2gpLgpXgw\" target=\"_blank\" rel=\"noopener\"><span style=\"font-size: 12px;\">Editorial La Galera<\/span><\/a><\/p>\n<p>&nbsp;<\/p>\n<p style=\"text-align: center;\"><a href=\"https:\/\/biblioteca.blanes.cat\/salajove\/club-lectura-jove\/\"><img fetchpriority=\"high\" decoding=\"async\" class=\"aligncenter wp-image-933\" src=\"https:\/\/biblioteca.blanes.cat\/salajove\/wp-content\/uploads\/sites\/3\/2018\/02\/CLJ_Noel-et-busca-212x300.jpg\" alt=\"club de lectura\" width=\"354\" height=\"500\" srcset=\"https:\/\/biblioteca.blanes.cat\/salajove\/wp-content\/uploads\/sites\/3\/2018\/02\/CLJ_Noel-et-busca-212x300.jpg 212w, https:\/\/biblioteca.blanes.cat\/salajove\/wp-content\/uploads\/sites\/3\/2018\/02\/CLJ_Noel-et-busca-768x1086.jpg 768w, https:\/\/biblioteca.blanes.cat\/salajove\/wp-content\/uploads\/sites\/3\/2018\/02\/CLJ_Noel-et-busca-724x1024.jpg 724w, https:\/\/biblioteca.blanes.cat\/salajove\/wp-content\/uploads\/sites\/3\/2018\/02\/CLJ_Noel-et-busca.jpg 1754w\" sizes=\"(max-width: 354px) 100vw, 354px\" \/><\/a><\/p>\n","protected":false},"excerpt":{"rendered":"<p>Aquesta setmana comentarem Noel et busca d&#8217;\u00c0ngel Burgas. Sinopsi: L&#8217;Enric es desperta a l&#8217;hospital. No recorda gaireb\u00e9 res i nom\u00e9s sent un dolor intens per tot el cos. Un desconegut afirma coneixe&#8217;l i haver compartit pis amb ell. Per\u00f2 tot<\/p>\n","protected":false},"author":4,"featured_media":933,"comment_status":"open","ping_status":"open","sticky":false,"template":"","format":"standard","meta":{"sfsi_plus_gutenberg_text_before_share":"","sfsi_plus_gutenberg_show_text_before_share":"","sfsi_plus_gutenberg_icon_type":"","sfsi_plus_gutenberg_icon_alignemt":"","sfsi_plus_gutenburg_max_per_row":"","footnotes":""},"categories":[5],"tags":[24,29,19,21,23],"class_list":["post-1003","post","type-post","status-publish","format-standard","has-post-thumbnail","hentry","category-club-de-lectura","tag-activitats","tag-club-de-lectura","tag-literatura","tag-llibres","tag-sinopsi"],"yoast_head":"<!-- This site is optimized with the Yoast SEO plugin v27.5 - https:\/\/yoast.com\/product\/yoast-seo-wordpress\/ -->\n<title>Club de lectura Jove: Noel et busca d&#039; \u00c0ngel Burgas<\/title>\n<meta name=\"description\" content=\"Noel et busca \u00e9s el t\u00edtol que ens estem llegint aquest mes al CLJ i que comentarem el proper divendres 16 de febrer de 2018 a les 5h de la tarda Sinopsi: ...\" \/>\n<meta name=\"robots\" content=\"index, follow, max-snippet:-1, max-image-preview:large, max-video-preview:-1\" \/>\n<link rel=\"canonical\" href=\"https:\/\/biblioteca.blanes.cat\/salajove\/2018\/02\/12\/clj-noel-et-busca\/\" \/>\n<meta property=\"og:locale\" content=\"ca_ES\" \/>\n<meta property=\"og:type\" content=\"article\" \/>\n<meta property=\"og:title\" content=\"Club de lectura Jove: Noel et busca d&#039; \u00c0ngel Burgas\" \/>\n<meta property=\"og:description\" content=\"Noel et busca \u00e9s el t\u00edtol que ens estem llegint aquest mes al CLJ i que comentarem el proper divendres 16 de febrer de 2018 a les 5h de la tarda Sinopsi: ...\" \/>\n<meta property=\"og:url\" content=\"https:\/\/biblioteca.blanes.cat\/salajove\/2018\/02\/12\/clj-noel-et-busca\/\" \/>\n<meta property=\"og:site_name\" content=\"Sala Jove\" \/>\n<meta property=\"article:publisher\" content=\"https:\/\/www.facebook.com\/BilbiotecaComarcaldeBlanes\/\" \/>\n<meta property=\"article:published_time\" content=\"2018-02-12T09:49:18+00:00\" \/>\n<meta property=\"article:modified_time\" content=\"2018-06-29T09:47:22+00:00\" \/>\n<meta property=\"og:image\" content=\"https:\/\/biblioteca.blanes.cat\/salajove\/wp-content\/uploads\/sites\/3\/2018\/02\/CLJ_Noel-et-busca.jpg\" \/>\n\t<meta property=\"og:image:width\" content=\"1754\" \/>\n\t<meta property=\"og:image:height\" content=\"2480\" \/>\n\t<meta property=\"og:image:type\" content=\"image\/jpeg\" \/>\n<meta name=\"author\" content=\"biblioblanes\" \/>\n<meta name=\"twitter:card\" content=\"summary_large_image\" \/>\n<meta name=\"twitter:creator\" content=\"@biblioblanes\" \/>\n<meta name=\"twitter:site\" content=\"@BiblioBlanes\" \/>\n<meta name=\"twitter:label1\" content=\"Escrit per\" \/>\n\t<meta name=\"twitter:data1\" content=\"biblioblanes\" \/>\n\t<meta name=\"twitter:label2\" content=\"Temps estimat de lectura\" \/>\n\t<meta name=\"twitter:data2\" content=\"1 minut\" \/>\n<script type=\"application\/ld+json\" class=\"yoast-schema-graph\">{\"@context\":\"https:\\\/\\\/schema.org\",\"@graph\":[{\"@type\":\"Article\",\"@id\":\"https:\\\/\\\/biblioteca.blanes.cat\\\/salajove\\\/2018\\\/02\\\/12\\\/clj-noel-et-busca\\\/#article\",\"isPartOf\":{\"@id\":\"https:\\\/\\\/biblioteca.blanes.cat\\\/salajove\\\/2018\\\/02\\\/12\\\/clj-noel-et-busca\\\/\"},\"author\":{\"name\":\"biblioblanes\",\"@id\":\"https:\\\/\\\/biblioteca.blanes.cat\\\/salajove\\\/#\\\/schema\\\/person\\\/5a7b46760d9dd611d098bbf571a341dc\"},\"headline\":\"CLJ: Noel et busca\",\"datePublished\":\"2018-02-12T09:49:18+00:00\",\"dateModified\":\"2018-06-29T09:47:22+00:00\",\"mainEntityOfPage\":{\"@id\":\"https:\\\/\\\/biblioteca.blanes.cat\\\/salajove\\\/2018\\\/02\\\/12\\\/clj-noel-et-busca\\\/\"},\"wordCount\":294,\"commentCount\":0,\"publisher\":{\"@id\":\"https:\\\/\\\/biblioteca.blanes.cat\\\/salajove\\\/#organization\"},\"image\":{\"@id\":\"https:\\\/\\\/biblioteca.blanes.cat\\\/salajove\\\/2018\\\/02\\\/12\\\/clj-noel-et-busca\\\/#primaryimage\"},\"thumbnailUrl\":\"https:\\\/\\\/biblioteca.blanes.cat\\\/salajove\\\/wp-content\\\/uploads\\\/sites\\\/3\\\/2018\\\/02\\\/CLJ_Noel-et-busca.jpg\",\"keywords\":[\"#Activitats\",\"#ClubdeLectura\",\"#Literatura\",\"#Llibres\",\"#Sinopsi\"],\"articleSection\":[\"Club de Lectura\"],\"inLanguage\":\"ca\",\"potentialAction\":[{\"@type\":\"CommentAction\",\"name\":\"Comment\",\"target\":[\"https:\\\/\\\/biblioteca.blanes.cat\\\/salajove\\\/2018\\\/02\\\/12\\\/clj-noel-et-busca\\\/#respond\"]}]},{\"@type\":\"WebPage\",\"@id\":\"https:\\\/\\\/biblioteca.blanes.cat\\\/salajove\\\/2018\\\/02\\\/12\\\/clj-noel-et-busca\\\/\",\"url\":\"https:\\\/\\\/biblioteca.blanes.cat\\\/salajove\\\/2018\\\/02\\\/12\\\/clj-noel-et-busca\\\/\",\"name\":\"Club de lectura Jove: Noel et busca d' \u00c0ngel Burgas\",\"isPartOf\":{\"@id\":\"https:\\\/\\\/biblioteca.blanes.cat\\\/salajove\\\/#website\"},\"primaryImageOfPage\":{\"@id\":\"https:\\\/\\\/biblioteca.blanes.cat\\\/salajove\\\/2018\\\/02\\\/12\\\/clj-noel-et-busca\\\/#primaryimage\"},\"image\":{\"@id\":\"https:\\\/\\\/biblioteca.blanes.cat\\\/salajove\\\/2018\\\/02\\\/12\\\/clj-noel-et-busca\\\/#primaryimage\"},\"thumbnailUrl\":\"https:\\\/\\\/biblioteca.blanes.cat\\\/salajove\\\/wp-content\\\/uploads\\\/sites\\\/3\\\/2018\\\/02\\\/CLJ_Noel-et-busca.jpg\",\"datePublished\":\"2018-02-12T09:49:18+00:00\",\"dateModified\":\"2018-06-29T09:47:22+00:00\",\"description\":\"Noel et busca \u00e9s el t\u00edtol que ens estem llegint aquest mes al CLJ i que comentarem el proper divendres 16 de febrer de 2018 a les 5h de la tarda Sinopsi: ...\",\"breadcrumb\":{\"@id\":\"https:\\\/\\\/biblioteca.blanes.cat\\\/salajove\\\/2018\\\/02\\\/12\\\/clj-noel-et-busca\\\/#breadcrumb\"},\"inLanguage\":\"ca\",\"potentialAction\":[{\"@type\":\"ReadAction\",\"target\":[\"https:\\\/\\\/biblioteca.blanes.cat\\\/salajove\\\/2018\\\/02\\\/12\\\/clj-noel-et-busca\\\/\"]}]},{\"@type\":\"ImageObject\",\"inLanguage\":\"ca\",\"@id\":\"https:\\\/\\\/biblioteca.blanes.cat\\\/salajove\\\/2018\\\/02\\\/12\\\/clj-noel-et-busca\\\/#primaryimage\",\"url\":\"https:\\\/\\\/biblioteca.blanes.cat\\\/salajove\\\/wp-content\\\/uploads\\\/sites\\\/3\\\/2018\\\/02\\\/CLJ_Noel-et-busca.jpg\",\"contentUrl\":\"https:\\\/\\\/biblioteca.blanes.cat\\\/salajove\\\/wp-content\\\/uploads\\\/sites\\\/3\\\/2018\\\/02\\\/CLJ_Noel-et-busca.jpg\",\"width\":1754,\"height\":2480},{\"@type\":\"BreadcrumbList\",\"@id\":\"https:\\\/\\\/biblioteca.blanes.cat\\\/salajove\\\/2018\\\/02\\\/12\\\/clj-noel-et-busca\\\/#breadcrumb\",\"itemListElement\":[{\"@type\":\"ListItem\",\"position\":1,\"name\":\"Inici\",\"item\":\"https:\\\/\\\/biblioteca.blanes.cat\\\/salajove\\\/\"},{\"@type\":\"ListItem\",\"position\":2,\"name\":\"CLJ: Noel et busca\"}]},{\"@type\":\"WebSite\",\"@id\":\"https:\\\/\\\/biblioteca.blanes.cat\\\/salajove\\\/#website\",\"url\":\"https:\\\/\\\/biblioteca.blanes.cat\\\/salajove\\\/\",\"name\":\"Sala Jove\",\"description\":\"Biblioteca Comarcal de Blanes\",\"publisher\":{\"@id\":\"https:\\\/\\\/biblioteca.blanes.cat\\\/salajove\\\/#organization\"},\"potentialAction\":[{\"@type\":\"SearchAction\",\"target\":{\"@type\":\"EntryPoint\",\"urlTemplate\":\"https:\\\/\\\/biblioteca.blanes.cat\\\/salajove\\\/?s={search_term_string}\"},\"query-input\":{\"@type\":\"PropertyValueSpecification\",\"valueRequired\":true,\"valueName\":\"search_term_string\"}}],\"inLanguage\":\"ca\"},{\"@type\":\"Organization\",\"@id\":\"https:\\\/\\\/biblioteca.blanes.cat\\\/salajove\\\/#organization\",\"name\":\"Biblioteca Comarcal de Blanes\",\"url\":\"https:\\\/\\\/biblioteca.blanes.cat\\\/salajove\\\/\",\"logo\":{\"@type\":\"ImageObject\",\"inLanguage\":\"ca\",\"@id\":\"https:\\\/\\\/biblioteca.blanes.cat\\\/salajove\\\/#\\\/schema\\\/logo\\\/image\\\/\",\"url\":\"https:\\\/\\\/biblioteca.blanes.cat\\\/salajove\\\/wp-content\\\/uploads\\\/sites\\\/3\\\/2017\\\/09\\\/cropped-Bib-blau-e1518869380535.png\",\"contentUrl\":\"https:\\\/\\\/biblioteca.blanes.cat\\\/salajove\\\/wp-content\\\/uploads\\\/sites\\\/3\\\/2017\\\/09\\\/cropped-Bib-blau-e1518869380535.png\",\"width\":166,\"height\":166,\"caption\":\"Biblioteca Comarcal de Blanes\"},\"image\":{\"@id\":\"https:\\\/\\\/biblioteca.blanes.cat\\\/salajove\\\/#\\\/schema\\\/logo\\\/image\\\/\"},\"sameAs\":[\"https:\\\/\\\/www.facebook.com\\\/BilbiotecaComarcaldeBlanes\\\/\",\"https:\\\/\\\/x.com\\\/BiblioBlanes\",\"https:\\\/\\\/www.instagram.com\\\/biblioblanes\\\/\",\"https:\\\/\\\/www.pinterest.es\\\/bblanes\\\/\",\"https:\\\/\\\/www.youtube.com\\\/c\\\/BibliotecaComarcalBlanes\"]},{\"@type\":\"Person\",\"@id\":\"https:\\\/\\\/biblioteca.blanes.cat\\\/salajove\\\/#\\\/schema\\\/person\\\/5a7b46760d9dd611d098bbf571a341dc\",\"name\":\"biblioblanes\",\"image\":{\"@type\":\"ImageObject\",\"inLanguage\":\"ca\",\"@id\":\"https:\\\/\\\/secure.gravatar.com\\\/avatar\\\/6593ca6cc90e5a70939f51c95e8315483b9c281bafba597292bee47992030f99?s=96&d=mm&r=g\",\"url\":\"https:\\\/\\\/secure.gravatar.com\\\/avatar\\\/6593ca6cc90e5a70939f51c95e8315483b9c281bafba597292bee47992030f99?s=96&d=mm&r=g\",\"contentUrl\":\"https:\\\/\\\/secure.gravatar.com\\\/avatar\\\/6593ca6cc90e5a70939f51c95e8315483b9c281bafba597292bee47992030f99?s=96&d=mm&r=g\",\"caption\":\"biblioblanes\"},\"sameAs\":[\"http:\\\/\\\/www.bibgirona.cat\\\/biblioteca\\\/blanes\",\"https:\\\/\\\/x.com\\\/biblioblanes\"],\"url\":\"https:\\\/\\\/biblioteca.blanes.cat\\\/salajove\\\/author\\\/biblioblanes\\\/\"}]}<\/script>\n<!-- \/ Yoast SEO plugin. -->","yoast_head_json":{"title":"Club de lectura Jove: Noel et busca d' \u00c0ngel Burgas","description":"Noel et busca \u00e9s el t\u00edtol que ens estem llegint aquest mes al CLJ i que comentarem el proper divendres 16 de febrer de 2018 a les 5h de la tarda Sinopsi: ...","robots":{"index":"index","follow":"follow","max-snippet":"max-snippet:-1","max-image-preview":"max-image-preview:large","max-video-preview":"max-video-preview:-1"},"canonical":"https:\/\/biblioteca.blanes.cat\/salajove\/2018\/02\/12\/clj-noel-et-busca\/","og_locale":"ca_ES","og_type":"article","og_title":"Club de lectura Jove: Noel et busca d' \u00c0ngel Burgas","og_description":"Noel et busca \u00e9s el t\u00edtol que ens estem llegint aquest mes al CLJ i que comentarem el proper divendres 16 de febrer de 2018 a les 5h de la tarda Sinopsi: ...","og_url":"https:\/\/biblioteca.blanes.cat\/salajove\/2018\/02\/12\/clj-noel-et-busca\/","og_site_name":"Sala Jove","article_publisher":"https:\/\/www.facebook.com\/BilbiotecaComarcaldeBlanes\/","article_published_time":"2018-02-12T09:49:18+00:00","article_modified_time":"2018-06-29T09:47:22+00:00","og_image":[{"width":1754,"height":2480,"url":"https:\/\/biblioteca.blanes.cat\/salajove\/wp-content\/uploads\/sites\/3\/2018\/02\/CLJ_Noel-et-busca.jpg","type":"image\/jpeg"}],"author":"biblioblanes","twitter_card":"summary_large_image","twitter_creator":"@biblioblanes","twitter_site":"@BiblioBlanes","twitter_misc":{"Escrit per":"biblioblanes","Temps estimat de lectura":"1 minut"},"schema":{"@context":"https:\/\/schema.org","@graph":[{"@type":"Article","@id":"https:\/\/biblioteca.blanes.cat\/salajove\/2018\/02\/12\/clj-noel-et-busca\/#article","isPartOf":{"@id":"https:\/\/biblioteca.blanes.cat\/salajove\/2018\/02\/12\/clj-noel-et-busca\/"},"author":{"name":"biblioblanes","@id":"https:\/\/biblioteca.blanes.cat\/salajove\/#\/schema\/person\/5a7b46760d9dd611d098bbf571a341dc"},"headline":"CLJ: Noel et busca","datePublished":"2018-02-12T09:49:18+00:00","dateModified":"2018-06-29T09:47:22+00:00","mainEntityOfPage":{"@id":"https:\/\/biblioteca.blanes.cat\/salajove\/2018\/02\/12\/clj-noel-et-busca\/"},"wordCount":294,"commentCount":0,"publisher":{"@id":"https:\/\/biblioteca.blanes.cat\/salajove\/#organization"},"image":{"@id":"https:\/\/biblioteca.blanes.cat\/salajove\/2018\/02\/12\/clj-noel-et-busca\/#primaryimage"},"thumbnailUrl":"https:\/\/biblioteca.blanes.cat\/salajove\/wp-content\/uploads\/sites\/3\/2018\/02\/CLJ_Noel-et-busca.jpg","keywords":["#Activitats","#ClubdeLectura","#Literatura","#Llibres","#Sinopsi"],"articleSection":["Club de Lectura"],"inLanguage":"ca","potentialAction":[{"@type":"CommentAction","name":"Comment","target":["https:\/\/biblioteca.blanes.cat\/salajove\/2018\/02\/12\/clj-noel-et-busca\/#respond"]}]},{"@type":"WebPage","@id":"https:\/\/biblioteca.blanes.cat\/salajove\/2018\/02\/12\/clj-noel-et-busca\/","url":"https:\/\/biblioteca.blanes.cat\/salajove\/2018\/02\/12\/clj-noel-et-busca\/","name":"Club de lectura Jove: Noel et busca d' \u00c0ngel Burgas","isPartOf":{"@id":"https:\/\/biblioteca.blanes.cat\/salajove\/#website"},"primaryImageOfPage":{"@id":"https:\/\/biblioteca.blanes.cat\/salajove\/2018\/02\/12\/clj-noel-et-busca\/#primaryimage"},"image":{"@id":"https:\/\/biblioteca.blanes.cat\/salajove\/2018\/02\/12\/clj-noel-et-busca\/#primaryimage"},"thumbnailUrl":"https:\/\/biblioteca.blanes.cat\/salajove\/wp-content\/uploads\/sites\/3\/2018\/02\/CLJ_Noel-et-busca.jpg","datePublished":"2018-02-12T09:49:18+00:00","dateModified":"2018-06-29T09:47:22+00:00","description":"Noel et busca \u00e9s el t\u00edtol que ens estem llegint aquest mes al CLJ i que comentarem el proper divendres 16 de febrer de 2018 a les 5h de la tarda Sinopsi: ...","breadcrumb":{"@id":"https:\/\/biblioteca.blanes.cat\/salajove\/2018\/02\/12\/clj-noel-et-busca\/#breadcrumb"},"inLanguage":"ca","potentialAction":[{"@type":"ReadAction","target":["https:\/\/biblioteca.blanes.cat\/salajove\/2018\/02\/12\/clj-noel-et-busca\/"]}]},{"@type":"ImageObject","inLanguage":"ca","@id":"https:\/\/biblioteca.blanes.cat\/salajove\/2018\/02\/12\/clj-noel-et-busca\/#primaryimage","url":"https:\/\/biblioteca.blanes.cat\/salajove\/wp-content\/uploads\/sites\/3\/2018\/02\/CLJ_Noel-et-busca.jpg","contentUrl":"https:\/\/biblioteca.blanes.cat\/salajove\/wp-content\/uploads\/sites\/3\/2018\/02\/CLJ_Noel-et-busca.jpg","width":1754,"height":2480},{"@type":"BreadcrumbList","@id":"https:\/\/biblioteca.blanes.cat\/salajove\/2018\/02\/12\/clj-noel-et-busca\/#breadcrumb","itemListElement":[{"@type":"ListItem","position":1,"name":"Inici","item":"https:\/\/biblioteca.blanes.cat\/salajove\/"},{"@type":"ListItem","position":2,"name":"CLJ: Noel et busca"}]},{"@type":"WebSite","@id":"https:\/\/biblioteca.blanes.cat\/salajove\/#website","url":"https:\/\/biblioteca.blanes.cat\/salajove\/","name":"Sala Jove","description":"Biblioteca Comarcal de Blanes","publisher":{"@id":"https:\/\/biblioteca.blanes.cat\/salajove\/#organization"},"potentialAction":[{"@type":"SearchAction","target":{"@type":"EntryPoint","urlTemplate":"https:\/\/biblioteca.blanes.cat\/salajove\/?s={search_term_string}"},"query-input":{"@type":"PropertyValueSpecification","valueRequired":true,"valueName":"search_term_string"}}],"inLanguage":"ca"},{"@type":"Organization","@id":"https:\/\/biblioteca.blanes.cat\/salajove\/#organization","name":"Biblioteca Comarcal de Blanes","url":"https:\/\/biblioteca.blanes.cat\/salajove\/","logo":{"@type":"ImageObject","inLanguage":"ca","@id":"https:\/\/biblioteca.blanes.cat\/salajove\/#\/schema\/logo\/image\/","url":"https:\/\/biblioteca.blanes.cat\/salajove\/wp-content\/uploads\/sites\/3\/2017\/09\/cropped-Bib-blau-e1518869380535.png","contentUrl":"https:\/\/biblioteca.blanes.cat\/salajove\/wp-content\/uploads\/sites\/3\/2017\/09\/cropped-Bib-blau-e1518869380535.png","width":166,"height":166,"caption":"Biblioteca Comarcal de Blanes"},"image":{"@id":"https:\/\/biblioteca.blanes.cat\/salajove\/#\/schema\/logo\/image\/"},"sameAs":["https:\/\/www.facebook.com\/BilbiotecaComarcaldeBlanes\/","https:\/\/x.com\/BiblioBlanes","https:\/\/www.instagram.com\/biblioblanes\/","https:\/\/www.pinterest.es\/bblanes\/","https:\/\/www.youtube.com\/c\/BibliotecaComarcalBlanes"]},{"@type":"Person","@id":"https:\/\/biblioteca.blanes.cat\/salajove\/#\/schema\/person\/5a7b46760d9dd611d098bbf571a341dc","name":"biblioblanes","image":{"@type":"ImageObject","inLanguage":"ca","@id":"https:\/\/secure.gravatar.com\/avatar\/6593ca6cc90e5a70939f51c95e8315483b9c281bafba597292bee47992030f99?s=96&d=mm&r=g","url":"https:\/\/secure.gravatar.com\/avatar\/6593ca6cc90e5a70939f51c95e8315483b9c281bafba597292bee47992030f99?s=96&d=mm&r=g","contentUrl":"https:\/\/secure.gravatar.com\/avatar\/6593ca6cc90e5a70939f51c95e8315483b9c281bafba597292bee47992030f99?s=96&d=mm&r=g","caption":"biblioblanes"},"sameAs":["http:\/\/www.bibgirona.cat\/biblioteca\/blanes","https:\/\/x.com\/biblioblanes"],"url":"https:\/\/biblioteca.blanes.cat\/salajove\/author\/biblioblanes\/"}]}},"_links":{"self":[{"href":"https:\/\/biblioteca.blanes.cat\/salajove\/wp-json\/wp\/v2\/posts\/1003","targetHints":{"allow":["GET"]}}],"collection":[{"href":"https:\/\/biblioteca.blanes.cat\/salajove\/wp-json\/wp\/v2\/posts"}],"about":[{"href":"https:\/\/biblioteca.blanes.cat\/salajove\/wp-json\/wp\/v2\/types\/post"}],"author":[{"embeddable":true,"href":"https:\/\/biblioteca.blanes.cat\/salajove\/wp-json\/wp\/v2\/users\/4"}],"replies":[{"embeddable":true,"href":"https:\/\/biblioteca.blanes.cat\/salajove\/wp-json\/wp\/v2\/comments?post=1003"}],"version-history":[{"count":7,"href":"https:\/\/biblioteca.blanes.cat\/salajove\/wp-json\/wp\/v2\/posts\/1003\/revisions"}],"predecessor-version":[{"id":1458,"href":"https:\/\/biblioteca.blanes.cat\/salajove\/wp-json\/wp\/v2\/posts\/1003\/revisions\/1458"}],"wp:featuredmedia":[{"embeddable":true,"href":"https:\/\/biblioteca.blanes.cat\/salajove\/wp-json\/wp\/v2\/media\/933"}],"wp:attachment":[{"href":"https:\/\/biblioteca.blanes.cat\/salajove\/wp-json\/wp\/v2\/media?parent=1003"}],"wp:term":[{"taxonomy":"category","embeddable":true,"href":"https:\/\/biblioteca.blanes.cat\/salajove\/wp-json\/wp\/v2\/categories?post=1003"},{"taxonomy":"post_tag","embeddable":true,"href":"https:\/\/biblioteca.blanes.cat\/salajove\/wp-json\/wp\/v2\/tags?post=1003"}],"curies":[{"name":"wp","href":"https:\/\/api.w.org\/{rel}","templated":true}]}}