{"id":9678,"date":"2024-10-26T12:03:36","date_gmt":"2024-10-26T11:03:36","guid":{"rendered":"https:\/\/biblioteca.blanes.cat\/salainfantil\/?p=9678"},"modified":"2024-10-26T12:03:37","modified_gmt":"2024-10-26T11:03:37","slug":"club-de-lectura-benjami-octubre","status":"publish","type":"post","link":"https:\/\/biblioteca.blanes.cat\/salainfantil\/club-de-lectura-benjami-octubre\/","title":{"rendered":"Club de Lectura Benjam\u00ed. Octubre"},"content":{"rendered":"\n<p>El Club de Lectura Benjam\u00ed tamb\u00e9 ha comen\u00e7at el curs amb un llibre ple d\u2019humor, aventures i misteri: <strong>Els Buscapistes, el cas del castell encantat <\/strong>de Teresa Blanch.<\/p>\n\n\n\n<p><\/p>\n\n\n\n<figure class=\"wp-block-image size-large is-resized\"><img fetchpriority=\"high\" decoding=\"async\" width=\"663\" height=\"1024\" src=\"https:\/\/biblioteca.blanes.cat\/salainfantil\/wp-content\/uploads\/sites\/2\/2024\/10\/els-buscapistes-1-el-cas-del-castell-encantat-663x1024.jpg\" alt=\"\" class=\"wp-image-9679\" style=\"width:364px;height:auto\" srcset=\"https:\/\/biblioteca.blanes.cat\/salainfantil\/wp-content\/uploads\/sites\/2\/2024\/10\/els-buscapistes-1-el-cas-del-castell-encantat-663x1024.jpg 663w, https:\/\/biblioteca.blanes.cat\/salainfantil\/wp-content\/uploads\/sites\/2\/2024\/10\/els-buscapistes-1-el-cas-del-castell-encantat-194x300.jpg 194w, https:\/\/biblioteca.blanes.cat\/salainfantil\/wp-content\/uploads\/sites\/2\/2024\/10\/els-buscapistes-1-el-cas-del-castell-encantat-768x1186.jpg 768w, https:\/\/biblioteca.blanes.cat\/salainfantil\/wp-content\/uploads\/sites\/2\/2024\/10\/els-buscapistes-1-el-cas-del-castell-encantat-995x1536.jpg 995w, https:\/\/biblioteca.blanes.cat\/salainfantil\/wp-content\/uploads\/sites\/2\/2024\/10\/els-buscapistes-1-el-cas-del-castell-encantat.jpg 1100w\" sizes=\"(max-width: 663px) 100vw, 663px\" \/><\/figure>\n\n\n\n<p>Els protagonistes d\u2019aquesta hist\u00f2ria s\u00f3n la <strong>Pepa Pistes<\/strong> i en <strong>Maxi Casos<\/strong>, dos grans detectius que viatgen a un enigm\u00e0tic castell junt amb l\u2019avi de la Pepa i el seu germ\u00e0 petit. All\u00e0 descobriran quadres que mouen els ulls, armadures medievals bellugadisses, passadissos secrets&#8230; Tot un grapat de misteris que tamb\u00e9 ens ha convertit a nosaltres en detectius!<\/p>\n<p>Hem fet una din\u00e0mica on hem pogut demostrar els nostres dots de detectius. Si la voleu posar en pr\u00e0ctica amb els vostres amics i amigues, aqu\u00ed us deixem les indicacions:<\/p>\n<p><span style=\"color: #3366ff;\"><em>Una persona que fa de detectiu surt de la sala per no saber qui ser\u00e0 el l\u00edder. Aquesta persona iniciar\u00e0 una s\u00e8rie de moviments que la resta haur\u00e0 de copiar a l\u2019hora. \u00c9s important que la resta segueixi exactament els moviments del l\u00edder i que adoptin qualsevol canvi tan aviat com se\u2019n adonin. Tamb\u00e9 caldr\u00e0 vigilar que les mirades no siguin massa obvies per mantenir en secret la identitat del l\u00edder.<\/em><\/span><\/p>\n<p>\u00a0<\/p>\n\n\n\n<figure class=\"wp-block-image size-large is-resized\"><img decoding=\"async\" width=\"768\" height=\"1024\" src=\"https:\/\/biblioteca.blanes.cat\/salainfantil\/wp-content\/uploads\/sites\/2\/2024\/10\/20241024_181716-768x1024.jpg\" alt=\"\" class=\"wp-image-9680\" style=\"width:334px;height:auto\" srcset=\"https:\/\/biblioteca.blanes.cat\/salainfantil\/wp-content\/uploads\/sites\/2\/2024\/10\/20241024_181716-768x1024.jpg 768w, https:\/\/biblioteca.blanes.cat\/salainfantil\/wp-content\/uploads\/sites\/2\/2024\/10\/20241024_181716-225x300.jpg 225w, https:\/\/biblioteca.blanes.cat\/salainfantil\/wp-content\/uploads\/sites\/2\/2024\/10\/20241024_181716-1152x1536.jpg 1152w, https:\/\/biblioteca.blanes.cat\/salainfantil\/wp-content\/uploads\/sites\/2\/2024\/10\/20241024_181716-1536x2048.jpg 1536w, https:\/\/biblioteca.blanes.cat\/salainfantil\/wp-content\/uploads\/sites\/2\/2024\/10\/20241024_181716-scaled.jpg 1920w\" sizes=\"(max-width: 768px) 100vw, 768px\" \/><\/figure>\n\n\n\n<figure class=\"wp-block-image size-large is-resized\"><img decoding=\"async\" width=\"768\" height=\"1024\" src=\"https:\/\/biblioteca.blanes.cat\/salainfantil\/wp-content\/uploads\/sites\/2\/2024\/10\/20241024_181712-768x1024.jpg\" alt=\"\" class=\"wp-image-9681\" style=\"width:335px;height:auto\" srcset=\"https:\/\/biblioteca.blanes.cat\/salainfantil\/wp-content\/uploads\/sites\/2\/2024\/10\/20241024_181712-768x1024.jpg 768w, https:\/\/biblioteca.blanes.cat\/salainfantil\/wp-content\/uploads\/sites\/2\/2024\/10\/20241024_181712-225x300.jpg 225w, https:\/\/biblioteca.blanes.cat\/salainfantil\/wp-content\/uploads\/sites\/2\/2024\/10\/20241024_181712-1152x1536.jpg 1152w, https:\/\/biblioteca.blanes.cat\/salainfantil\/wp-content\/uploads\/sites\/2\/2024\/10\/20241024_181712-1536x2048.jpg 1536w, https:\/\/biblioteca.blanes.cat\/salainfantil\/wp-content\/uploads\/sites\/2\/2024\/10\/20241024_181712-scaled.jpg 1920w\" sizes=\"(max-width: 768px) 100vw, 768px\" \/><\/figure>\n\n\n\n<p>Despr\u00e8s hem continuat fent de detectius resolent <span style=\"color: #ff0000;\"><strong>enigmes i misteris<\/strong> <\/span>de diferents llibres.<\/p>\n<p>\u00a0<\/p>\n\n\n\n<figure class=\"wp-block-image size-large is-resized\"><img loading=\"lazy\" decoding=\"async\" width=\"768\" height=\"1024\" src=\"https:\/\/biblioteca.blanes.cat\/salainfantil\/wp-content\/uploads\/sites\/2\/2024\/10\/20241024_182554-768x1024.jpg\" alt=\"\" class=\"wp-image-9682\" style=\"width:350px;height:auto\" srcset=\"https:\/\/biblioteca.blanes.cat\/salainfantil\/wp-content\/uploads\/sites\/2\/2024\/10\/20241024_182554-768x1024.jpg 768w, https:\/\/biblioteca.blanes.cat\/salainfantil\/wp-content\/uploads\/sites\/2\/2024\/10\/20241024_182554-225x300.jpg 225w, https:\/\/biblioteca.blanes.cat\/salainfantil\/wp-content\/uploads\/sites\/2\/2024\/10\/20241024_182554-1152x1536.jpg 1152w, https:\/\/biblioteca.blanes.cat\/salainfantil\/wp-content\/uploads\/sites\/2\/2024\/10\/20241024_182554-1536x2048.jpg 1536w, https:\/\/biblioteca.blanes.cat\/salainfantil\/wp-content\/uploads\/sites\/2\/2024\/10\/20241024_182554-rotated.jpg 1734w\" sizes=\"(max-width: 768px) 100vw, 768px\" \/><\/figure>\n\n\n\n<p>En acabar, hem comentat les nostres respostes del <span style=\"color: #ff0000;\"><strong>Passaport lector<\/strong><\/span>, com per exemple, quina part i quina frase del llibre ens ha agradat m\u00e9s o com s\u00f3n els personatges principals. Tamb\u00e9 hem escollit l\u2019<span style=\"color: #ff0000;\"><strong>emoji<\/strong> <\/span>per valorar la lectura segons la nostra opini\u00f3.<\/p>\n<p>\u00a0<\/p>\n\n\n\n<figure class=\"wp-block-image size-large is-resized\"><img loading=\"lazy\" decoding=\"async\" width=\"768\" height=\"1024\" src=\"https:\/\/biblioteca.blanes.cat\/salainfantil\/wp-content\/uploads\/sites\/2\/2024\/10\/20241024_180944-768x1024.jpg\" alt=\"\" class=\"wp-image-9683\" style=\"width:385px;height:auto\" srcset=\"https:\/\/biblioteca.blanes.cat\/salainfantil\/wp-content\/uploads\/sites\/2\/2024\/10\/20241024_180944-768x1024.jpg 768w, https:\/\/biblioteca.blanes.cat\/salainfantil\/wp-content\/uploads\/sites\/2\/2024\/10\/20241024_180944-225x300.jpg 225w, https:\/\/biblioteca.blanes.cat\/salainfantil\/wp-content\/uploads\/sites\/2\/2024\/10\/20241024_180944-1152x1536.jpg 1152w, https:\/\/biblioteca.blanes.cat\/salainfantil\/wp-content\/uploads\/sites\/2\/2024\/10\/20241024_180944-1536x2048.jpg 1536w, https:\/\/biblioteca.blanes.cat\/salainfantil\/wp-content\/uploads\/sites\/2\/2024\/10\/20241024_180944-rotated.jpg 1734w\" sizes=\"(max-width: 768px) 100vw, 768px\" \/><\/figure>\n\n\n\n<h3><span style=\"color: #ff0000;\"><strong>Fins la pr\u00f2xima trobada!<\/strong><\/span><\/h3>\n","protected":false},"excerpt":{"rendered":"<p>El Club de Lectura Benjam\u00ed tamb\u00e9 ha comen\u00e7at el curs amb un llibre ple d\u2019humor, aventures i misteri: Els Buscapistes, el cas del castell encantat de Teresa Blanch. Els protagonistes d\u2019aquesta hist\u00f2ria s\u00f3n la Pepa Pistes i en Maxi Casos,<\/p>\n","protected":false},"author":4,"featured_media":8046,"comment_status":"open","ping_status":"open","sticky":false,"template":"","format":"standard","meta":{"sfsi_plus_gutenberg_text_before_share":"","sfsi_plus_gutenberg_show_text_before_share":"","sfsi_plus_gutenberg_icon_type":"","sfsi_plus_gutenberg_icon_alignemt":"","sfsi_plus_gutenburg_max_per_row":"","footnotes":""},"categories":[1,8],"tags":[21,18],"class_list":["post-9678","post","type-post","status-publish","format-standard","has-post-thumbnail","hentry","category-general","category-trobades-cli","tag-club-de-lectura-infantil","tag-fes-una-ullada"],"yoast_head":"<!-- This site is optimized with the Yoast SEO plugin v27.5 - https:\/\/yoast.com\/product\/yoast-seo-wordpress\/ -->\n<title>Club de Lectura Benjam\u00ed. Octubre - SALA INFANTIL<\/title>\n<meta name=\"robots\" content=\"index, follow, max-snippet:-1, max-image-preview:large, max-video-preview:-1\" \/>\n<link rel=\"canonical\" href=\"https:\/\/biblioteca.blanes.cat\/salainfantil\/club-de-lectura-benjami-octubre\/\" \/>\n<meta property=\"og:locale\" content=\"ca_ES\" \/>\n<meta property=\"og:type\" content=\"article\" \/>\n<meta property=\"og:title\" content=\"Club de Lectura Benjam\u00ed. Octubre - SALA INFANTIL\" \/>\n<meta property=\"og:description\" content=\"El Club de Lectura Benjam\u00ed tamb\u00e9 ha comen\u00e7at el curs amb un llibre ple d\u2019humor, aventures i misteri: Els Buscapistes, el cas del castell encantat de Teresa Blanch. Els protagonistes d\u2019aquesta hist\u00f2ria s\u00f3n la Pepa Pistes i en Maxi Casos,\" \/>\n<meta property=\"og:url\" content=\"https:\/\/biblioteca.blanes.cat\/salainfantil\/club-de-lectura-benjami-octubre\/\" \/>\n<meta property=\"og:site_name\" content=\"SALA INFANTIL\" \/>\n<meta property=\"article:published_time\" content=\"2024-10-26T11:03:36+00:00\" \/>\n<meta property=\"article:modified_time\" content=\"2024-10-26T11:03:37+00:00\" \/>\n<meta property=\"og:image\" content=\"https:\/\/biblioteca.blanes.cat\/salainfantil\/wp-content\/uploads\/sites\/2\/2023\/11\/Destacat-Benjami.png\" \/>\n\t<meta property=\"og:image:width\" content=\"270\" \/>\n\t<meta property=\"og:image:height\" content=\"270\" \/>\n\t<meta property=\"og:image:type\" content=\"image\/png\" \/>\n<meta name=\"author\" content=\"biblioblanes\" \/>\n<meta name=\"twitter:card\" content=\"summary_large_image\" \/>\n<meta name=\"twitter:creator\" content=\"@biblioblanes\" \/>\n<meta name=\"twitter:label1\" content=\"Escrit per\" \/>\n\t<meta name=\"twitter:data1\" content=\"biblioblanes\" \/>\n\t<meta name=\"twitter:label2\" content=\"Temps estimat de lectura\" \/>\n\t<meta name=\"twitter:data2\" content=\"3 minuts\" \/>\n<script type=\"application\/ld+json\" class=\"yoast-schema-graph\">{\"@context\":\"https:\\\/\\\/schema.org\",\"@graph\":[{\"@type\":\"Article\",\"@id\":\"https:\\\/\\\/biblioteca.blanes.cat\\\/salainfantil\\\/club-de-lectura-benjami-octubre\\\/#article\",\"isPartOf\":{\"@id\":\"https:\\\/\\\/biblioteca.blanes.cat\\\/salainfantil\\\/club-de-lectura-benjami-octubre\\\/\"},\"author\":{\"name\":\"biblioblanes\",\"@id\":\"https:\\\/\\\/biblioteca.blanes.cat\\\/salainfantil\\\/#\\\/schema\\\/person\\\/5a7b46760d9dd611d098bbf571a341dc\"},\"headline\":\"Club de Lectura Benjam\u00ed. Octubre\",\"datePublished\":\"2024-10-26T11:03:36+00:00\",\"dateModified\":\"2024-10-26T11:03:37+00:00\",\"mainEntityOfPage\":{\"@id\":\"https:\\\/\\\/biblioteca.blanes.cat\\\/salainfantil\\\/club-de-lectura-benjami-octubre\\\/\"},\"wordCount\":271,\"commentCount\":0,\"image\":{\"@id\":\"https:\\\/\\\/biblioteca.blanes.cat\\\/salainfantil\\\/club-de-lectura-benjami-octubre\\\/#primaryimage\"},\"thumbnailUrl\":\"https:\\\/\\\/biblioteca.blanes.cat\\\/salainfantil\\\/wp-content\\\/uploads\\\/sites\\\/2\\\/2023\\\/11\\\/Destacat-Benjami.png\",\"keywords\":[\"club de lectura infantil\",\"Fes una ullada\"],\"articleSection\":[\"Fes una ullada\",\"Trobades CLI\"],\"inLanguage\":\"ca\",\"potentialAction\":[{\"@type\":\"CommentAction\",\"name\":\"Comment\",\"target\":[\"https:\\\/\\\/biblioteca.blanes.cat\\\/salainfantil\\\/club-de-lectura-benjami-octubre\\\/#respond\"]}]},{\"@type\":\"WebPage\",\"@id\":\"https:\\\/\\\/biblioteca.blanes.cat\\\/salainfantil\\\/club-de-lectura-benjami-octubre\\\/\",\"url\":\"https:\\\/\\\/biblioteca.blanes.cat\\\/salainfantil\\\/club-de-lectura-benjami-octubre\\\/\",\"name\":\"Club de Lectura Benjam\u00ed. Octubre - SALA INFANTIL\",\"isPartOf\":{\"@id\":\"https:\\\/\\\/biblioteca.blanes.cat\\\/salainfantil\\\/#website\"},\"primaryImageOfPage\":{\"@id\":\"https:\\\/\\\/biblioteca.blanes.cat\\\/salainfantil\\\/club-de-lectura-benjami-octubre\\\/#primaryimage\"},\"image\":{\"@id\":\"https:\\\/\\\/biblioteca.blanes.cat\\\/salainfantil\\\/club-de-lectura-benjami-octubre\\\/#primaryimage\"},\"thumbnailUrl\":\"https:\\\/\\\/biblioteca.blanes.cat\\\/salainfantil\\\/wp-content\\\/uploads\\\/sites\\\/2\\\/2023\\\/11\\\/Destacat-Benjami.png\",\"datePublished\":\"2024-10-26T11:03:36+00:00\",\"dateModified\":\"2024-10-26T11:03:37+00:00\",\"author\":{\"@id\":\"https:\\\/\\\/biblioteca.blanes.cat\\\/salainfantil\\\/#\\\/schema\\\/person\\\/5a7b46760d9dd611d098bbf571a341dc\"},\"breadcrumb\":{\"@id\":\"https:\\\/\\\/biblioteca.blanes.cat\\\/salainfantil\\\/club-de-lectura-benjami-octubre\\\/#breadcrumb\"},\"inLanguage\":\"ca\",\"potentialAction\":[{\"@type\":\"ReadAction\",\"target\":[\"https:\\\/\\\/biblioteca.blanes.cat\\\/salainfantil\\\/club-de-lectura-benjami-octubre\\\/\"]}]},{\"@type\":\"ImageObject\",\"inLanguage\":\"ca\",\"@id\":\"https:\\\/\\\/biblioteca.blanes.cat\\\/salainfantil\\\/club-de-lectura-benjami-octubre\\\/#primaryimage\",\"url\":\"https:\\\/\\\/biblioteca.blanes.cat\\\/salainfantil\\\/wp-content\\\/uploads\\\/sites\\\/2\\\/2023\\\/11\\\/Destacat-Benjami.png\",\"contentUrl\":\"https:\\\/\\\/biblioteca.blanes.cat\\\/salainfantil\\\/wp-content\\\/uploads\\\/sites\\\/2\\\/2023\\\/11\\\/Destacat-Benjami.png\",\"width\":270,\"height\":270},{\"@type\":\"BreadcrumbList\",\"@id\":\"https:\\\/\\\/biblioteca.blanes.cat\\\/salainfantil\\\/club-de-lectura-benjami-octubre\\\/#breadcrumb\",\"itemListElement\":[{\"@type\":\"ListItem\",\"position\":1,\"name\":\"Inici\",\"item\":\"https:\\\/\\\/biblioteca.blanes.cat\\\/salainfantil\\\/\"},{\"@type\":\"ListItem\",\"position\":2,\"name\":\"Club de Lectura Benjam\u00ed. Octubre\"}]},{\"@type\":\"WebSite\",\"@id\":\"https:\\\/\\\/biblioteca.blanes.cat\\\/salainfantil\\\/#website\",\"url\":\"https:\\\/\\\/biblioteca.blanes.cat\\\/salainfantil\\\/\",\"name\":\"SALA INFANTIL\",\"description\":\"Biblioteca Roberto Bola\u00f1o\",\"potentialAction\":[{\"@type\":\"SearchAction\",\"target\":{\"@type\":\"EntryPoint\",\"urlTemplate\":\"https:\\\/\\\/biblioteca.blanes.cat\\\/salainfantil\\\/?s={search_term_string}\"},\"query-input\":{\"@type\":\"PropertyValueSpecification\",\"valueRequired\":true,\"valueName\":\"search_term_string\"}}],\"inLanguage\":\"ca\"},{\"@type\":\"Person\",\"@id\":\"https:\\\/\\\/biblioteca.blanes.cat\\\/salainfantil\\\/#\\\/schema\\\/person\\\/5a7b46760d9dd611d098bbf571a341dc\",\"name\":\"biblioblanes\",\"image\":{\"@type\":\"ImageObject\",\"inLanguage\":\"ca\",\"@id\":\"https:\\\/\\\/secure.gravatar.com\\\/avatar\\\/6593ca6cc90e5a70939f51c95e8315483b9c281bafba597292bee47992030f99?s=96&d=mm&r=g\",\"url\":\"https:\\\/\\\/secure.gravatar.com\\\/avatar\\\/6593ca6cc90e5a70939f51c95e8315483b9c281bafba597292bee47992030f99?s=96&d=mm&r=g\",\"contentUrl\":\"https:\\\/\\\/secure.gravatar.com\\\/avatar\\\/6593ca6cc90e5a70939f51c95e8315483b9c281bafba597292bee47992030f99?s=96&d=mm&r=g\",\"caption\":\"biblioblanes\"},\"sameAs\":[\"http:\\\/\\\/www.bibgirona.cat\\\/biblioteca\\\/blanes\",\"https:\\\/\\\/x.com\\\/biblioblanes\"],\"url\":\"https:\\\/\\\/biblioteca.blanes.cat\\\/salainfantil\\\/author\\\/biblioblanes\\\/\"}]}<\/script>\n<!-- \/ Yoast SEO plugin. -->","yoast_head_json":{"title":"Club de Lectura Benjam\u00ed. Octubre - SALA INFANTIL","robots":{"index":"index","follow":"follow","max-snippet":"max-snippet:-1","max-image-preview":"max-image-preview:large","max-video-preview":"max-video-preview:-1"},"canonical":"https:\/\/biblioteca.blanes.cat\/salainfantil\/club-de-lectura-benjami-octubre\/","og_locale":"ca_ES","og_type":"article","og_title":"Club de Lectura Benjam\u00ed. Octubre - SALA INFANTIL","og_description":"El Club de Lectura Benjam\u00ed tamb\u00e9 ha comen\u00e7at el curs amb un llibre ple d\u2019humor, aventures i misteri: Els Buscapistes, el cas del castell encantat de Teresa Blanch. Els protagonistes d\u2019aquesta hist\u00f2ria s\u00f3n la Pepa Pistes i en Maxi Casos,","og_url":"https:\/\/biblioteca.blanes.cat\/salainfantil\/club-de-lectura-benjami-octubre\/","og_site_name":"SALA INFANTIL","article_published_time":"2024-10-26T11:03:36+00:00","article_modified_time":"2024-10-26T11:03:37+00:00","og_image":[{"width":270,"height":270,"url":"https:\/\/biblioteca.blanes.cat\/salainfantil\/wp-content\/uploads\/sites\/2\/2023\/11\/Destacat-Benjami.png","type":"image\/png"}],"author":"biblioblanes","twitter_card":"summary_large_image","twitter_creator":"@biblioblanes","twitter_misc":{"Escrit per":"biblioblanes","Temps estimat de lectura":"3 minuts"},"schema":{"@context":"https:\/\/schema.org","@graph":[{"@type":"Article","@id":"https:\/\/biblioteca.blanes.cat\/salainfantil\/club-de-lectura-benjami-octubre\/#article","isPartOf":{"@id":"https:\/\/biblioteca.blanes.cat\/salainfantil\/club-de-lectura-benjami-octubre\/"},"author":{"name":"biblioblanes","@id":"https:\/\/biblioteca.blanes.cat\/salainfantil\/#\/schema\/person\/5a7b46760d9dd611d098bbf571a341dc"},"headline":"Club de Lectura Benjam\u00ed. Octubre","datePublished":"2024-10-26T11:03:36+00:00","dateModified":"2024-10-26T11:03:37+00:00","mainEntityOfPage":{"@id":"https:\/\/biblioteca.blanes.cat\/salainfantil\/club-de-lectura-benjami-octubre\/"},"wordCount":271,"commentCount":0,"image":{"@id":"https:\/\/biblioteca.blanes.cat\/salainfantil\/club-de-lectura-benjami-octubre\/#primaryimage"},"thumbnailUrl":"https:\/\/biblioteca.blanes.cat\/salainfantil\/wp-content\/uploads\/sites\/2\/2023\/11\/Destacat-Benjami.png","keywords":["club de lectura infantil","Fes una ullada"],"articleSection":["Fes una ullada","Trobades CLI"],"inLanguage":"ca","potentialAction":[{"@type":"CommentAction","name":"Comment","target":["https:\/\/biblioteca.blanes.cat\/salainfantil\/club-de-lectura-benjami-octubre\/#respond"]}]},{"@type":"WebPage","@id":"https:\/\/biblioteca.blanes.cat\/salainfantil\/club-de-lectura-benjami-octubre\/","url":"https:\/\/biblioteca.blanes.cat\/salainfantil\/club-de-lectura-benjami-octubre\/","name":"Club de Lectura Benjam\u00ed. Octubre - SALA INFANTIL","isPartOf":{"@id":"https:\/\/biblioteca.blanes.cat\/salainfantil\/#website"},"primaryImageOfPage":{"@id":"https:\/\/biblioteca.blanes.cat\/salainfantil\/club-de-lectura-benjami-octubre\/#primaryimage"},"image":{"@id":"https:\/\/biblioteca.blanes.cat\/salainfantil\/club-de-lectura-benjami-octubre\/#primaryimage"},"thumbnailUrl":"https:\/\/biblioteca.blanes.cat\/salainfantil\/wp-content\/uploads\/sites\/2\/2023\/11\/Destacat-Benjami.png","datePublished":"2024-10-26T11:03:36+00:00","dateModified":"2024-10-26T11:03:37+00:00","author":{"@id":"https:\/\/biblioteca.blanes.cat\/salainfantil\/#\/schema\/person\/5a7b46760d9dd611d098bbf571a341dc"},"breadcrumb":{"@id":"https:\/\/biblioteca.blanes.cat\/salainfantil\/club-de-lectura-benjami-octubre\/#breadcrumb"},"inLanguage":"ca","potentialAction":[{"@type":"ReadAction","target":["https:\/\/biblioteca.blanes.cat\/salainfantil\/club-de-lectura-benjami-octubre\/"]}]},{"@type":"ImageObject","inLanguage":"ca","@id":"https:\/\/biblioteca.blanes.cat\/salainfantil\/club-de-lectura-benjami-octubre\/#primaryimage","url":"https:\/\/biblioteca.blanes.cat\/salainfantil\/wp-content\/uploads\/sites\/2\/2023\/11\/Destacat-Benjami.png","contentUrl":"https:\/\/biblioteca.blanes.cat\/salainfantil\/wp-content\/uploads\/sites\/2\/2023\/11\/Destacat-Benjami.png","width":270,"height":270},{"@type":"BreadcrumbList","@id":"https:\/\/biblioteca.blanes.cat\/salainfantil\/club-de-lectura-benjami-octubre\/#breadcrumb","itemListElement":[{"@type":"ListItem","position":1,"name":"Inici","item":"https:\/\/biblioteca.blanes.cat\/salainfantil\/"},{"@type":"ListItem","position":2,"name":"Club de Lectura Benjam\u00ed. Octubre"}]},{"@type":"WebSite","@id":"https:\/\/biblioteca.blanes.cat\/salainfantil\/#website","url":"https:\/\/biblioteca.blanes.cat\/salainfantil\/","name":"SALA INFANTIL","description":"Biblioteca Roberto Bola\u00f1o","potentialAction":[{"@type":"SearchAction","target":{"@type":"EntryPoint","urlTemplate":"https:\/\/biblioteca.blanes.cat\/salainfantil\/?s={search_term_string}"},"query-input":{"@type":"PropertyValueSpecification","valueRequired":true,"valueName":"search_term_string"}}],"inLanguage":"ca"},{"@type":"Person","@id":"https:\/\/biblioteca.blanes.cat\/salainfantil\/#\/schema\/person\/5a7b46760d9dd611d098bbf571a341dc","name":"biblioblanes","image":{"@type":"ImageObject","inLanguage":"ca","@id":"https:\/\/secure.gravatar.com\/avatar\/6593ca6cc90e5a70939f51c95e8315483b9c281bafba597292bee47992030f99?s=96&d=mm&r=g","url":"https:\/\/secure.gravatar.com\/avatar\/6593ca6cc90e5a70939f51c95e8315483b9c281bafba597292bee47992030f99?s=96&d=mm&r=g","contentUrl":"https:\/\/secure.gravatar.com\/avatar\/6593ca6cc90e5a70939f51c95e8315483b9c281bafba597292bee47992030f99?s=96&d=mm&r=g","caption":"biblioblanes"},"sameAs":["http:\/\/www.bibgirona.cat\/biblioteca\/blanes","https:\/\/x.com\/biblioblanes"],"url":"https:\/\/biblioteca.blanes.cat\/salainfantil\/author\/biblioblanes\/"}]}},"_links":{"self":[{"href":"https:\/\/biblioteca.blanes.cat\/salainfantil\/wp-json\/wp\/v2\/posts\/9678","targetHints":{"allow":["GET"]}}],"collection":[{"href":"https:\/\/biblioteca.blanes.cat\/salainfantil\/wp-json\/wp\/v2\/posts"}],"about":[{"href":"https:\/\/biblioteca.blanes.cat\/salainfantil\/wp-json\/wp\/v2\/types\/post"}],"author":[{"embeddable":true,"href":"https:\/\/biblioteca.blanes.cat\/salainfantil\/wp-json\/wp\/v2\/users\/4"}],"replies":[{"embeddable":true,"href":"https:\/\/biblioteca.blanes.cat\/salainfantil\/wp-json\/wp\/v2\/comments?post=9678"}],"version-history":[{"count":1,"href":"https:\/\/biblioteca.blanes.cat\/salainfantil\/wp-json\/wp\/v2\/posts\/9678\/revisions"}],"predecessor-version":[{"id":9684,"href":"https:\/\/biblioteca.blanes.cat\/salainfantil\/wp-json\/wp\/v2\/posts\/9678\/revisions\/9684"}],"wp:featuredmedia":[{"embeddable":true,"href":"https:\/\/biblioteca.blanes.cat\/salainfantil\/wp-json\/wp\/v2\/media\/8046"}],"wp:attachment":[{"href":"https:\/\/biblioteca.blanes.cat\/salainfantil\/wp-json\/wp\/v2\/media?parent=9678"}],"wp:term":[{"taxonomy":"category","embeddable":true,"href":"https:\/\/biblioteca.blanes.cat\/salainfantil\/wp-json\/wp\/v2\/categories?post=9678"},{"taxonomy":"post_tag","embeddable":true,"href":"https:\/\/biblioteca.blanes.cat\/salainfantil\/wp-json\/wp\/v2\/tags?post=9678"}],"curies":[{"name":"wp","href":"https:\/\/api.w.org\/{rel}","templated":true}]}}