{"id":9624,"date":"2024-10-24T14:24:42","date_gmt":"2024-10-24T13:24:42","guid":{"rendered":"https:\/\/biblioteca.blanes.cat\/salainfantil\/?p=9624"},"modified":"2024-10-24T14:24:44","modified_gmt":"2024-10-24T13:24:44","slug":"miniclub-octubre-2","status":"publish","type":"post","link":"https:\/\/biblioteca.blanes.cat\/salainfantil\/miniclub-octubre-2\/","title":{"rendered":"Miniclub: Octubre"},"content":{"rendered":"\n<p style=\"text-align: center;\">Al Miniclub de lectura d&#8217;aquest mes hem comentat<\/p>\n<h4 style=\"text-align: center;\">&#8220;El lladre de fulles&#8221; de Alice Hemming<\/h4>\n<p style=\"text-align: center;\">\u00a0<\/p>\n<p><img fetchpriority=\"high\" decoding=\"async\" class=\"aligncenter wp-image-9625 size-large\" src=\"https:\/\/biblioteca.blanes.cat\/salainfantil\/wp-content\/uploads\/sites\/2\/2024\/10\/Miniclub_-Octubre_-Blanes-2024-7-1024x461.jpg\" alt=\"\" width=\"750\" height=\"338\" srcset=\"https:\/\/biblioteca.blanes.cat\/salainfantil\/wp-content\/uploads\/sites\/2\/2024\/10\/Miniclub_-Octubre_-Blanes-2024-7-1024x461.jpg 1024w, https:\/\/biblioteca.blanes.cat\/salainfantil\/wp-content\/uploads\/sites\/2\/2024\/10\/Miniclub_-Octubre_-Blanes-2024-7-300x135.jpg 300w, https:\/\/biblioteca.blanes.cat\/salainfantil\/wp-content\/uploads\/sites\/2\/2024\/10\/Miniclub_-Octubre_-Blanes-2024-7-768x346.jpg 768w, https:\/\/biblioteca.blanes.cat\/salainfantil\/wp-content\/uploads\/sites\/2\/2024\/10\/Miniclub_-Octubre_-Blanes-2024-7-1536x691.jpg 1536w, https:\/\/biblioteca.blanes.cat\/salainfantil\/wp-content\/uploads\/sites\/2\/2024\/10\/Miniclub_-Octubre_-Blanes-2024-7.jpg 2040w\" sizes=\"(max-width: 750px) 100vw, 750px\" \/><\/p>\n<p>\u00a0<\/p>\n<p>\u00a0<\/p>\n<p>Vermell, groc, taronja&#8230; Vermell, groc, taronja&#8230; Vermell, groc&#8230;<\/p>\n<p>EP miniclubers! Alg\u00fa ens ha robat les fulles de la sala infantil de la Biblioteca. Has estat tu senyor ocell? <\/p>\n<p>\u00a0<\/p>\n<p>L&#8217;\u00e0lbum d&#8217;aquest mes \u00e9s un tresor de tardor que mostra molt b\u00e9 aquesta estaci\u00f3 de l&#8217;any des del punt de vista d&#8217;un esquirol molt amo\u00efnat per descobrir qui est\u00e0 robant les seves fulles.<\/p>\n<p>Aquest mes els nostres petits que ja s\u00f3n uns experts en lectura d&#8217;\u00e0lbums han descobert els secrets que amaguen les il.lustracions del conte, com llegir la portada, l&#8217;autor, il.lustrador i editorial. La ra\u00f3 \u00e9s que al club aprenem molt\u00edssim sobre lectura per\u00f2 sobretot ens ho passem molt b\u00e9.<\/p>\n<p>\u00a0<\/p>\n<p><strong><em>Com \u00e9s que les fulles cauen a la tardor? Quins altres secrets amaga aquesta estaci\u00f3 de l&#8217;any? Qu\u00e8 far\u00edeu si un dia us trob\u00e9ssiu que alg\u00fa us ha pres alguna cosa? Com gestioneu les emocions? Quines eines feu servir per relaxar-vos quan alguna cosa us angoixa?<\/em>\u00a0<\/strong> Al club sempre sorgeixen idees, dubtes i les compartim entre els nens per\u00f2 tamb\u00e9 amb les fam\u00edlies. Aix\u00f2 fa que la trobada sempre sigui \u00fanica i especial.<\/p>\n<p>\u00a0<\/p>\n<p style=\"text-align: center;\">I per acabar: Amb unes fulles, cola i una mica d&#8217;imaginaci\u00f3 veieu quines obres d&#8217;art m\u00e9s boniques!<\/p>\n<div id='gallery-1' class='gallery galleryid-9624 gallery-columns-3 gallery-size-medium'><figure class='gallery-item'>\n\t\t\t<div class='gallery-icon portrait'>\n\t\t\t\t<a href='https:\/\/biblioteca.blanes.cat\/salainfantil\/miniclub-octubre-2\/miniclub_-octubre_-blanes-2024-28-2\/'><img decoding=\"async\" width=\"135\" height=\"300\" src=\"https:\/\/biblioteca.blanes.cat\/salainfantil\/wp-content\/uploads\/sites\/2\/2024\/10\/Miniclub_-Octubre_-Blanes-2024-28-1-135x300.jpg\" class=\"attachment-medium size-medium\" alt=\"\" srcset=\"https:\/\/biblioteca.blanes.cat\/salainfantil\/wp-content\/uploads\/sites\/2\/2024\/10\/Miniclub_-Octubre_-Blanes-2024-28-1-135x300.jpg 135w, https:\/\/biblioteca.blanes.cat\/salainfantil\/wp-content\/uploads\/sites\/2\/2024\/10\/Miniclub_-Octubre_-Blanes-2024-28-1-461x1024.jpg 461w, https:\/\/biblioteca.blanes.cat\/salainfantil\/wp-content\/uploads\/sites\/2\/2024\/10\/Miniclub_-Octubre_-Blanes-2024-28-1-768x1707.jpg 768w, https:\/\/biblioteca.blanes.cat\/salainfantil\/wp-content\/uploads\/sites\/2\/2024\/10\/Miniclub_-Octubre_-Blanes-2024-28-1-691x1536.jpg 691w, https:\/\/biblioteca.blanes.cat\/salainfantil\/wp-content\/uploads\/sites\/2\/2024\/10\/Miniclub_-Octubre_-Blanes-2024-28-1.jpg 918w\" sizes=\"(max-width: 135px) 100vw, 135px\" \/><\/a>\n\t\t\t<\/div><\/figure><figure class='gallery-item'>\n\t\t\t<div class='gallery-icon portrait'>\n\t\t\t\t<a href='https:\/\/biblioteca.blanes.cat\/salainfantil\/miniclub-octubre-2\/miniclub_-octubre_-blanes-2024-27-2\/'><img decoding=\"async\" width=\"135\" height=\"300\" src=\"https:\/\/biblioteca.blanes.cat\/salainfantil\/wp-content\/uploads\/sites\/2\/2024\/10\/Miniclub_-Octubre_-Blanes-2024-27-1-135x300.jpg\" class=\"attachment-medium size-medium\" alt=\"\" srcset=\"https:\/\/biblioteca.blanes.cat\/salainfantil\/wp-content\/uploads\/sites\/2\/2024\/10\/Miniclub_-Octubre_-Blanes-2024-27-1-135x300.jpg 135w, https:\/\/biblioteca.blanes.cat\/salainfantil\/wp-content\/uploads\/sites\/2\/2024\/10\/Miniclub_-Octubre_-Blanes-2024-27-1-461x1024.jpg 461w, https:\/\/biblioteca.blanes.cat\/salainfantil\/wp-content\/uploads\/sites\/2\/2024\/10\/Miniclub_-Octubre_-Blanes-2024-27-1-768x1707.jpg 768w, https:\/\/biblioteca.blanes.cat\/salainfantil\/wp-content\/uploads\/sites\/2\/2024\/10\/Miniclub_-Octubre_-Blanes-2024-27-1-691x1536.jpg 691w, https:\/\/biblioteca.blanes.cat\/salainfantil\/wp-content\/uploads\/sites\/2\/2024\/10\/Miniclub_-Octubre_-Blanes-2024-27-1.jpg 918w\" sizes=\"(max-width: 135px) 100vw, 135px\" \/><\/a>\n\t\t\t<\/div><\/figure><figure class='gallery-item'>\n\t\t\t<div class='gallery-icon portrait'>\n\t\t\t\t<a href='https:\/\/biblioteca.blanes.cat\/salainfantil\/miniclub-octubre-2\/miniclub_-octubre_-blanes-2024-26-2\/'><img loading=\"lazy\" decoding=\"async\" width=\"135\" height=\"300\" src=\"https:\/\/biblioteca.blanes.cat\/salainfantil\/wp-content\/uploads\/sites\/2\/2024\/10\/Miniclub_-Octubre_-Blanes-2024-26-1-135x300.jpg\" class=\"attachment-medium size-medium\" alt=\"\" srcset=\"https:\/\/biblioteca.blanes.cat\/salainfantil\/wp-content\/uploads\/sites\/2\/2024\/10\/Miniclub_-Octubre_-Blanes-2024-26-1-135x300.jpg 135w, https:\/\/biblioteca.blanes.cat\/salainfantil\/wp-content\/uploads\/sites\/2\/2024\/10\/Miniclub_-Octubre_-Blanes-2024-26-1-461x1024.jpg 461w, https:\/\/biblioteca.blanes.cat\/salainfantil\/wp-content\/uploads\/sites\/2\/2024\/10\/Miniclub_-Octubre_-Blanes-2024-26-1-768x1707.jpg 768w, https:\/\/biblioteca.blanes.cat\/salainfantil\/wp-content\/uploads\/sites\/2\/2024\/10\/Miniclub_-Octubre_-Blanes-2024-26-1-691x1536.jpg 691w, https:\/\/biblioteca.blanes.cat\/salainfantil\/wp-content\/uploads\/sites\/2\/2024\/10\/Miniclub_-Octubre_-Blanes-2024-26-1.jpg 918w\" sizes=\"(max-width: 135px) 100vw, 135px\" \/><\/a>\n\t\t\t<\/div><\/figure><figure class='gallery-item'>\n\t\t\t<div class='gallery-icon portrait'>\n\t\t\t\t<a href='https:\/\/biblioteca.blanes.cat\/salainfantil\/miniclub-octubre-2\/miniclub_-octubre_-blanes-2024-25-2\/'><img loading=\"lazy\" decoding=\"async\" width=\"135\" height=\"300\" src=\"https:\/\/biblioteca.blanes.cat\/salainfantil\/wp-content\/uploads\/sites\/2\/2024\/10\/Miniclub_-Octubre_-Blanes-2024-25-1-135x300.jpg\" class=\"attachment-medium size-medium\" alt=\"\" srcset=\"https:\/\/biblioteca.blanes.cat\/salainfantil\/wp-content\/uploads\/sites\/2\/2024\/10\/Miniclub_-Octubre_-Blanes-2024-25-1-135x300.jpg 135w, https:\/\/biblioteca.blanes.cat\/salainfantil\/wp-content\/uploads\/sites\/2\/2024\/10\/Miniclub_-Octubre_-Blanes-2024-25-1-461x1024.jpg 461w, https:\/\/biblioteca.blanes.cat\/salainfantil\/wp-content\/uploads\/sites\/2\/2024\/10\/Miniclub_-Octubre_-Blanes-2024-25-1-768x1707.jpg 768w, https:\/\/biblioteca.blanes.cat\/salainfantil\/wp-content\/uploads\/sites\/2\/2024\/10\/Miniclub_-Octubre_-Blanes-2024-25-1-691x1536.jpg 691w, https:\/\/biblioteca.blanes.cat\/salainfantil\/wp-content\/uploads\/sites\/2\/2024\/10\/Miniclub_-Octubre_-Blanes-2024-25-1.jpg 918w\" sizes=\"(max-width: 135px) 100vw, 135px\" \/><\/a>\n\t\t\t<\/div><\/figure><figure class='gallery-item'>\n\t\t\t<div class='gallery-icon portrait'>\n\t\t\t\t<a href='https:\/\/biblioteca.blanes.cat\/salainfantil\/miniclub-octubre-2\/miniclub_-octubre_-blanes-2024-24-2\/'><img loading=\"lazy\" decoding=\"async\" width=\"135\" height=\"300\" src=\"https:\/\/biblioteca.blanes.cat\/salainfantil\/wp-content\/uploads\/sites\/2\/2024\/10\/Miniclub_-Octubre_-Blanes-2024-24-1-135x300.jpg\" class=\"attachment-medium size-medium\" alt=\"\" srcset=\"https:\/\/biblioteca.blanes.cat\/salainfantil\/wp-content\/uploads\/sites\/2\/2024\/10\/Miniclub_-Octubre_-Blanes-2024-24-1-135x300.jpg 135w, https:\/\/biblioteca.blanes.cat\/salainfantil\/wp-content\/uploads\/sites\/2\/2024\/10\/Miniclub_-Octubre_-Blanes-2024-24-1-461x1024.jpg 461w, https:\/\/biblioteca.blanes.cat\/salainfantil\/wp-content\/uploads\/sites\/2\/2024\/10\/Miniclub_-Octubre_-Blanes-2024-24-1-768x1707.jpg 768w, https:\/\/biblioteca.blanes.cat\/salainfantil\/wp-content\/uploads\/sites\/2\/2024\/10\/Miniclub_-Octubre_-Blanes-2024-24-1-691x1536.jpg 691w, https:\/\/biblioteca.blanes.cat\/salainfantil\/wp-content\/uploads\/sites\/2\/2024\/10\/Miniclub_-Octubre_-Blanes-2024-24-1.jpg 918w\" sizes=\"(max-width: 135px) 100vw, 135px\" \/><\/a>\n\t\t\t<\/div><\/figure><figure class='gallery-item'>\n\t\t\t<div class='gallery-icon portrait'>\n\t\t\t\t<a href='https:\/\/biblioteca.blanes.cat\/salainfantil\/miniclub-octubre-2\/miniclub_-octubre_-blanes-2024-23-2\/'><img loading=\"lazy\" decoding=\"async\" width=\"135\" height=\"300\" src=\"https:\/\/biblioteca.blanes.cat\/salainfantil\/wp-content\/uploads\/sites\/2\/2024\/10\/Miniclub_-Octubre_-Blanes-2024-23-1-135x300.jpg\" class=\"attachment-medium size-medium\" alt=\"\" srcset=\"https:\/\/biblioteca.blanes.cat\/salainfantil\/wp-content\/uploads\/sites\/2\/2024\/10\/Miniclub_-Octubre_-Blanes-2024-23-1-135x300.jpg 135w, https:\/\/biblioteca.blanes.cat\/salainfantil\/wp-content\/uploads\/sites\/2\/2024\/10\/Miniclub_-Octubre_-Blanes-2024-23-1-461x1024.jpg 461w, https:\/\/biblioteca.blanes.cat\/salainfantil\/wp-content\/uploads\/sites\/2\/2024\/10\/Miniclub_-Octubre_-Blanes-2024-23-1-768x1707.jpg 768w, https:\/\/biblioteca.blanes.cat\/salainfantil\/wp-content\/uploads\/sites\/2\/2024\/10\/Miniclub_-Octubre_-Blanes-2024-23-1-691x1536.jpg 691w, https:\/\/biblioteca.blanes.cat\/salainfantil\/wp-content\/uploads\/sites\/2\/2024\/10\/Miniclub_-Octubre_-Blanes-2024-23-1.jpg 918w\" sizes=\"(max-width: 135px) 100vw, 135px\" \/><\/a>\n\t\t\t<\/div><\/figure><figure class='gallery-item'>\n\t\t\t<div class='gallery-icon portrait'>\n\t\t\t\t<a href='https:\/\/biblioteca.blanes.cat\/salainfantil\/miniclub-octubre-2\/miniclub_-octubre_-blanes-2024-22-2\/'><img loading=\"lazy\" decoding=\"async\" width=\"135\" height=\"300\" src=\"https:\/\/biblioteca.blanes.cat\/salainfantil\/wp-content\/uploads\/sites\/2\/2024\/10\/Miniclub_-Octubre_-Blanes-2024-22-1-135x300.jpg\" class=\"attachment-medium size-medium\" alt=\"\" srcset=\"https:\/\/biblioteca.blanes.cat\/salainfantil\/wp-content\/uploads\/sites\/2\/2024\/10\/Miniclub_-Octubre_-Blanes-2024-22-1-135x300.jpg 135w, https:\/\/biblioteca.blanes.cat\/salainfantil\/wp-content\/uploads\/sites\/2\/2024\/10\/Miniclub_-Octubre_-Blanes-2024-22-1-461x1024.jpg 461w, https:\/\/biblioteca.blanes.cat\/salainfantil\/wp-content\/uploads\/sites\/2\/2024\/10\/Miniclub_-Octubre_-Blanes-2024-22-1-768x1707.jpg 768w, https:\/\/biblioteca.blanes.cat\/salainfantil\/wp-content\/uploads\/sites\/2\/2024\/10\/Miniclub_-Octubre_-Blanes-2024-22-1-691x1536.jpg 691w, https:\/\/biblioteca.blanes.cat\/salainfantil\/wp-content\/uploads\/sites\/2\/2024\/10\/Miniclub_-Octubre_-Blanes-2024-22-1.jpg 918w\" sizes=\"(max-width: 135px) 100vw, 135px\" \/><\/a>\n\t\t\t<\/div><\/figure><figure class='gallery-item'>\n\t\t\t<div class='gallery-icon portrait'>\n\t\t\t\t<a href='https:\/\/biblioteca.blanes.cat\/salainfantil\/miniclub-octubre-2\/miniclub_-octubre_-blanes-2024-21-2\/'><img loading=\"lazy\" decoding=\"async\" width=\"135\" height=\"300\" src=\"https:\/\/biblioteca.blanes.cat\/salainfantil\/wp-content\/uploads\/sites\/2\/2024\/10\/Miniclub_-Octubre_-Blanes-2024-21-1-135x300.jpg\" class=\"attachment-medium size-medium\" alt=\"\" srcset=\"https:\/\/biblioteca.blanes.cat\/salainfantil\/wp-content\/uploads\/sites\/2\/2024\/10\/Miniclub_-Octubre_-Blanes-2024-21-1-135x300.jpg 135w, https:\/\/biblioteca.blanes.cat\/salainfantil\/wp-content\/uploads\/sites\/2\/2024\/10\/Miniclub_-Octubre_-Blanes-2024-21-1-461x1024.jpg 461w, https:\/\/biblioteca.blanes.cat\/salainfantil\/wp-content\/uploads\/sites\/2\/2024\/10\/Miniclub_-Octubre_-Blanes-2024-21-1-768x1707.jpg 768w, https:\/\/biblioteca.blanes.cat\/salainfantil\/wp-content\/uploads\/sites\/2\/2024\/10\/Miniclub_-Octubre_-Blanes-2024-21-1-691x1536.jpg 691w, https:\/\/biblioteca.blanes.cat\/salainfantil\/wp-content\/uploads\/sites\/2\/2024\/10\/Miniclub_-Octubre_-Blanes-2024-21-1.jpg 918w\" sizes=\"(max-width: 135px) 100vw, 135px\" \/><\/a>\n\t\t\t<\/div><\/figure><figure class='gallery-item'>\n\t\t\t<div class='gallery-icon portrait'>\n\t\t\t\t<a href='https:\/\/biblioteca.blanes.cat\/salainfantil\/miniclub-octubre-2\/miniclub_-octubre_-blanes-2024-20-2\/'><img loading=\"lazy\" decoding=\"async\" width=\"135\" height=\"300\" src=\"https:\/\/biblioteca.blanes.cat\/salainfantil\/wp-content\/uploads\/sites\/2\/2024\/10\/Miniclub_-Octubre_-Blanes-2024-20-1-135x300.jpg\" class=\"attachment-medium size-medium\" alt=\"\" srcset=\"https:\/\/biblioteca.blanes.cat\/salainfantil\/wp-content\/uploads\/sites\/2\/2024\/10\/Miniclub_-Octubre_-Blanes-2024-20-1-135x300.jpg 135w, https:\/\/biblioteca.blanes.cat\/salainfantil\/wp-content\/uploads\/sites\/2\/2024\/10\/Miniclub_-Octubre_-Blanes-2024-20-1-461x1024.jpg 461w, https:\/\/biblioteca.blanes.cat\/salainfantil\/wp-content\/uploads\/sites\/2\/2024\/10\/Miniclub_-Octubre_-Blanes-2024-20-1-768x1707.jpg 768w, https:\/\/biblioteca.blanes.cat\/salainfantil\/wp-content\/uploads\/sites\/2\/2024\/10\/Miniclub_-Octubre_-Blanes-2024-20-1-691x1536.jpg 691w, https:\/\/biblioteca.blanes.cat\/salainfantil\/wp-content\/uploads\/sites\/2\/2024\/10\/Miniclub_-Octubre_-Blanes-2024-20-1.jpg 918w\" sizes=\"(max-width: 135px) 100vw, 135px\" \/><\/a>\n\t\t\t<\/div><\/figure><figure class='gallery-item'>\n\t\t\t<div class='gallery-icon portrait'>\n\t\t\t\t<a href='https:\/\/biblioteca.blanes.cat\/salainfantil\/miniclub-octubre-2\/miniclub_-octubre_-blanes-2024-19-2\/'><img loading=\"lazy\" decoding=\"async\" width=\"135\" height=\"300\" src=\"https:\/\/biblioteca.blanes.cat\/salainfantil\/wp-content\/uploads\/sites\/2\/2024\/10\/Miniclub_-Octubre_-Blanes-2024-19-1-135x300.jpg\" class=\"attachment-medium size-medium\" alt=\"\" srcset=\"https:\/\/biblioteca.blanes.cat\/salainfantil\/wp-content\/uploads\/sites\/2\/2024\/10\/Miniclub_-Octubre_-Blanes-2024-19-1-135x300.jpg 135w, https:\/\/biblioteca.blanes.cat\/salainfantil\/wp-content\/uploads\/sites\/2\/2024\/10\/Miniclub_-Octubre_-Blanes-2024-19-1-461x1024.jpg 461w, https:\/\/biblioteca.blanes.cat\/salainfantil\/wp-content\/uploads\/sites\/2\/2024\/10\/Miniclub_-Octubre_-Blanes-2024-19-1-768x1707.jpg 768w, https:\/\/biblioteca.blanes.cat\/salainfantil\/wp-content\/uploads\/sites\/2\/2024\/10\/Miniclub_-Octubre_-Blanes-2024-19-1-691x1536.jpg 691w, https:\/\/biblioteca.blanes.cat\/salainfantil\/wp-content\/uploads\/sites\/2\/2024\/10\/Miniclub_-Octubre_-Blanes-2024-19-1.jpg 918w\" sizes=\"(max-width: 135px) 100vw, 135px\" \/><\/a>\n\t\t\t<\/div><\/figure><figure class='gallery-item'>\n\t\t\t<div class='gallery-icon landscape'>\n\t\t\t\t<a href='https:\/\/biblioteca.blanes.cat\/salainfantil\/miniclub-octubre-2\/miniclub_-octubre_-blanes-2024-18-2\/'><img loading=\"lazy\" decoding=\"async\" width=\"300\" height=\"135\" src=\"https:\/\/biblioteca.blanes.cat\/salainfantil\/wp-content\/uploads\/sites\/2\/2024\/10\/Miniclub_-Octubre_-Blanes-2024-18-1-300x135.jpg\" class=\"attachment-medium size-medium\" alt=\"\" srcset=\"https:\/\/biblioteca.blanes.cat\/salainfantil\/wp-content\/uploads\/sites\/2\/2024\/10\/Miniclub_-Octubre_-Blanes-2024-18-1-300x135.jpg 300w, https:\/\/biblioteca.blanes.cat\/salainfantil\/wp-content\/uploads\/sites\/2\/2024\/10\/Miniclub_-Octubre_-Blanes-2024-18-1-1024x461.jpg 1024w, https:\/\/biblioteca.blanes.cat\/salainfantil\/wp-content\/uploads\/sites\/2\/2024\/10\/Miniclub_-Octubre_-Blanes-2024-18-1-768x346.jpg 768w, https:\/\/biblioteca.blanes.cat\/salainfantil\/wp-content\/uploads\/sites\/2\/2024\/10\/Miniclub_-Octubre_-Blanes-2024-18-1-1536x691.jpg 1536w, https:\/\/biblioteca.blanes.cat\/salainfantil\/wp-content\/uploads\/sites\/2\/2024\/10\/Miniclub_-Octubre_-Blanes-2024-18-1.jpg 2040w\" sizes=\"(max-width: 300px) 100vw, 300px\" \/><\/a>\n\t\t\t<\/div><\/figure><figure class='gallery-item'>\n\t\t\t<div class='gallery-icon portrait'>\n\t\t\t\t<a href='https:\/\/biblioteca.blanes.cat\/salainfantil\/miniclub-octubre-2\/miniclub_-octubre_-blanes-2024-14-2\/'><img loading=\"lazy\" decoding=\"async\" width=\"135\" height=\"300\" src=\"https:\/\/biblioteca.blanes.cat\/salainfantil\/wp-content\/uploads\/sites\/2\/2024\/10\/Miniclub_-Octubre_-Blanes-2024-14-1-135x300.jpg\" class=\"attachment-medium size-medium\" alt=\"\" srcset=\"https:\/\/biblioteca.blanes.cat\/salainfantil\/wp-content\/uploads\/sites\/2\/2024\/10\/Miniclub_-Octubre_-Blanes-2024-14-1-135x300.jpg 135w, https:\/\/biblioteca.blanes.cat\/salainfantil\/wp-content\/uploads\/sites\/2\/2024\/10\/Miniclub_-Octubre_-Blanes-2024-14-1-461x1024.jpg 461w, https:\/\/biblioteca.blanes.cat\/salainfantil\/wp-content\/uploads\/sites\/2\/2024\/10\/Miniclub_-Octubre_-Blanes-2024-14-1-768x1707.jpg 768w, https:\/\/biblioteca.blanes.cat\/salainfantil\/wp-content\/uploads\/sites\/2\/2024\/10\/Miniclub_-Octubre_-Blanes-2024-14-1-691x1536.jpg 691w, https:\/\/biblioteca.blanes.cat\/salainfantil\/wp-content\/uploads\/sites\/2\/2024\/10\/Miniclub_-Octubre_-Blanes-2024-14-1.jpg 918w\" sizes=\"(max-width: 135px) 100vw, 135px\" \/><\/a>\n\t\t\t<\/div><\/figure><figure class='gallery-item'>\n\t\t\t<div class='gallery-icon portrait'>\n\t\t\t\t<a href='https:\/\/biblioteca.blanes.cat\/salainfantil\/miniclub-octubre-2\/miniclub_-octubre_-blanes-2024-15-2\/'><img loading=\"lazy\" decoding=\"async\" width=\"135\" height=\"300\" src=\"https:\/\/biblioteca.blanes.cat\/salainfantil\/wp-content\/uploads\/sites\/2\/2024\/10\/Miniclub_-Octubre_-Blanes-2024-15-1-135x300.jpg\" class=\"attachment-medium size-medium\" alt=\"\" srcset=\"https:\/\/biblioteca.blanes.cat\/salainfantil\/wp-content\/uploads\/sites\/2\/2024\/10\/Miniclub_-Octubre_-Blanes-2024-15-1-135x300.jpg 135w, https:\/\/biblioteca.blanes.cat\/salainfantil\/wp-content\/uploads\/sites\/2\/2024\/10\/Miniclub_-Octubre_-Blanes-2024-15-1-461x1024.jpg 461w, https:\/\/biblioteca.blanes.cat\/salainfantil\/wp-content\/uploads\/sites\/2\/2024\/10\/Miniclub_-Octubre_-Blanes-2024-15-1-768x1707.jpg 768w, https:\/\/biblioteca.blanes.cat\/salainfantil\/wp-content\/uploads\/sites\/2\/2024\/10\/Miniclub_-Octubre_-Blanes-2024-15-1-691x1536.jpg 691w, https:\/\/biblioteca.blanes.cat\/salainfantil\/wp-content\/uploads\/sites\/2\/2024\/10\/Miniclub_-Octubre_-Blanes-2024-15-1.jpg 918w\" sizes=\"(max-width: 135px) 100vw, 135px\" \/><\/a>\n\t\t\t<\/div><\/figure><figure class='gallery-item'>\n\t\t\t<div class='gallery-icon portrait'>\n\t\t\t\t<a href='https:\/\/biblioteca.blanes.cat\/salainfantil\/miniclub-octubre-2\/miniclub_-octubre_-blanes-2024-13-2\/'><img loading=\"lazy\" decoding=\"async\" width=\"135\" height=\"300\" src=\"https:\/\/biblioteca.blanes.cat\/salainfantil\/wp-content\/uploads\/sites\/2\/2024\/10\/Miniclub_-Octubre_-Blanes-2024-13-1-135x300.jpg\" class=\"attachment-medium size-medium\" alt=\"\" srcset=\"https:\/\/biblioteca.blanes.cat\/salainfantil\/wp-content\/uploads\/sites\/2\/2024\/10\/Miniclub_-Octubre_-Blanes-2024-13-1-135x300.jpg 135w, https:\/\/biblioteca.blanes.cat\/salainfantil\/wp-content\/uploads\/sites\/2\/2024\/10\/Miniclub_-Octubre_-Blanes-2024-13-1-461x1024.jpg 461w, https:\/\/biblioteca.blanes.cat\/salainfantil\/wp-content\/uploads\/sites\/2\/2024\/10\/Miniclub_-Octubre_-Blanes-2024-13-1-768x1707.jpg 768w, https:\/\/biblioteca.blanes.cat\/salainfantil\/wp-content\/uploads\/sites\/2\/2024\/10\/Miniclub_-Octubre_-Blanes-2024-13-1-691x1536.jpg 691w, https:\/\/biblioteca.blanes.cat\/salainfantil\/wp-content\/uploads\/sites\/2\/2024\/10\/Miniclub_-Octubre_-Blanes-2024-13-1.jpg 918w\" sizes=\"(max-width: 135px) 100vw, 135px\" \/><\/a>\n\t\t\t<\/div><\/figure><figure class='gallery-item'>\n\t\t\t<div class='gallery-icon portrait'>\n\t\t\t\t<a href='https:\/\/biblioteca.blanes.cat\/salainfantil\/miniclub-octubre-2\/miniclub_-octubre_-blanes-2024-11-2\/'><img loading=\"lazy\" decoding=\"async\" width=\"135\" height=\"300\" src=\"https:\/\/biblioteca.blanes.cat\/salainfantil\/wp-content\/uploads\/sites\/2\/2024\/10\/Miniclub_-Octubre_-Blanes-2024-11-1-135x300.jpg\" class=\"attachment-medium size-medium\" alt=\"\" srcset=\"https:\/\/biblioteca.blanes.cat\/salainfantil\/wp-content\/uploads\/sites\/2\/2024\/10\/Miniclub_-Octubre_-Blanes-2024-11-1-135x300.jpg 135w, https:\/\/biblioteca.blanes.cat\/salainfantil\/wp-content\/uploads\/sites\/2\/2024\/10\/Miniclub_-Octubre_-Blanes-2024-11-1-461x1024.jpg 461w, https:\/\/biblioteca.blanes.cat\/salainfantil\/wp-content\/uploads\/sites\/2\/2024\/10\/Miniclub_-Octubre_-Blanes-2024-11-1-768x1707.jpg 768w, https:\/\/biblioteca.blanes.cat\/salainfantil\/wp-content\/uploads\/sites\/2\/2024\/10\/Miniclub_-Octubre_-Blanes-2024-11-1-691x1536.jpg 691w, https:\/\/biblioteca.blanes.cat\/salainfantil\/wp-content\/uploads\/sites\/2\/2024\/10\/Miniclub_-Octubre_-Blanes-2024-11-1.jpg 918w\" sizes=\"(max-width: 135px) 100vw, 135px\" \/><\/a>\n\t\t\t<\/div><\/figure><figure class='gallery-item'>\n\t\t\t<div class='gallery-icon portrait'>\n\t\t\t\t<a href='https:\/\/biblioteca.blanes.cat\/salainfantil\/miniclub-octubre-2\/miniclub_-octubre_-blanes-2024-10-2\/'><img loading=\"lazy\" decoding=\"async\" width=\"135\" height=\"300\" src=\"https:\/\/biblioteca.blanes.cat\/salainfantil\/wp-content\/uploads\/sites\/2\/2024\/10\/Miniclub_-Octubre_-Blanes-2024-10-1-135x300.jpg\" class=\"attachment-medium size-medium\" alt=\"\" srcset=\"https:\/\/biblioteca.blanes.cat\/salainfantil\/wp-content\/uploads\/sites\/2\/2024\/10\/Miniclub_-Octubre_-Blanes-2024-10-1-135x300.jpg 135w, https:\/\/biblioteca.blanes.cat\/salainfantil\/wp-content\/uploads\/sites\/2\/2024\/10\/Miniclub_-Octubre_-Blanes-2024-10-1-461x1024.jpg 461w, https:\/\/biblioteca.blanes.cat\/salainfantil\/wp-content\/uploads\/sites\/2\/2024\/10\/Miniclub_-Octubre_-Blanes-2024-10-1-768x1707.jpg 768w, https:\/\/biblioteca.blanes.cat\/salainfantil\/wp-content\/uploads\/sites\/2\/2024\/10\/Miniclub_-Octubre_-Blanes-2024-10-1-691x1536.jpg 691w, https:\/\/biblioteca.blanes.cat\/salainfantil\/wp-content\/uploads\/sites\/2\/2024\/10\/Miniclub_-Octubre_-Blanes-2024-10-1.jpg 918w\" sizes=\"(max-width: 135px) 100vw, 135px\" \/><\/a>\n\t\t\t<\/div><\/figure><figure class='gallery-item'>\n\t\t\t<div class='gallery-icon portrait'>\n\t\t\t\t<a href='https:\/\/biblioteca.blanes.cat\/salainfantil\/miniclub-octubre-2\/miniclub_-octubre_-blanes-2024-9-2\/'><img loading=\"lazy\" decoding=\"async\" width=\"135\" height=\"300\" src=\"https:\/\/biblioteca.blanes.cat\/salainfantil\/wp-content\/uploads\/sites\/2\/2024\/10\/Miniclub_-Octubre_-Blanes-2024-9-1-135x300.jpg\" class=\"attachment-medium size-medium\" alt=\"\" srcset=\"https:\/\/biblioteca.blanes.cat\/salainfantil\/wp-content\/uploads\/sites\/2\/2024\/10\/Miniclub_-Octubre_-Blanes-2024-9-1-135x300.jpg 135w, https:\/\/biblioteca.blanes.cat\/salainfantil\/wp-content\/uploads\/sites\/2\/2024\/10\/Miniclub_-Octubre_-Blanes-2024-9-1-461x1024.jpg 461w, https:\/\/biblioteca.blanes.cat\/salainfantil\/wp-content\/uploads\/sites\/2\/2024\/10\/Miniclub_-Octubre_-Blanes-2024-9-1-768x1707.jpg 768w, https:\/\/biblioteca.blanes.cat\/salainfantil\/wp-content\/uploads\/sites\/2\/2024\/10\/Miniclub_-Octubre_-Blanes-2024-9-1-691x1536.jpg 691w, https:\/\/biblioteca.blanes.cat\/salainfantil\/wp-content\/uploads\/sites\/2\/2024\/10\/Miniclub_-Octubre_-Blanes-2024-9-1.jpg 918w\" sizes=\"(max-width: 135px) 100vw, 135px\" \/><\/a>\n\t\t\t<\/div><\/figure><figure class='gallery-item'>\n\t\t\t<div class='gallery-icon portrait'>\n\t\t\t\t<a href='https:\/\/biblioteca.blanes.cat\/salainfantil\/miniclub-octubre-2\/miniclub_-octubre_-blanes-2024-8-2\/'><img loading=\"lazy\" decoding=\"async\" width=\"135\" height=\"300\" src=\"https:\/\/biblioteca.blanes.cat\/salainfantil\/wp-content\/uploads\/sites\/2\/2024\/10\/Miniclub_-Octubre_-Blanes-2024-8-1-135x300.jpg\" class=\"attachment-medium size-medium\" alt=\"\" srcset=\"https:\/\/biblioteca.blanes.cat\/salainfantil\/wp-content\/uploads\/sites\/2\/2024\/10\/Miniclub_-Octubre_-Blanes-2024-8-1-135x300.jpg 135w, https:\/\/biblioteca.blanes.cat\/salainfantil\/wp-content\/uploads\/sites\/2\/2024\/10\/Miniclub_-Octubre_-Blanes-2024-8-1-461x1024.jpg 461w, https:\/\/biblioteca.blanes.cat\/salainfantil\/wp-content\/uploads\/sites\/2\/2024\/10\/Miniclub_-Octubre_-Blanes-2024-8-1-768x1707.jpg 768w, https:\/\/biblioteca.blanes.cat\/salainfantil\/wp-content\/uploads\/sites\/2\/2024\/10\/Miniclub_-Octubre_-Blanes-2024-8-1-691x1536.jpg 691w, https:\/\/biblioteca.blanes.cat\/salainfantil\/wp-content\/uploads\/sites\/2\/2024\/10\/Miniclub_-Octubre_-Blanes-2024-8-1.jpg 918w\" sizes=\"(max-width: 135px) 100vw, 135px\" \/><\/a>\n\t\t\t<\/div><\/figure><figure class='gallery-item'>\n\t\t\t<div class='gallery-icon portrait'>\n\t\t\t\t<a href='https:\/\/biblioteca.blanes.cat\/salainfantil\/miniclub-octubre-2\/miniclub_-octubre_-blanes-2024-6-2\/'><img loading=\"lazy\" decoding=\"async\" width=\"135\" height=\"300\" src=\"https:\/\/biblioteca.blanes.cat\/salainfantil\/wp-content\/uploads\/sites\/2\/2024\/10\/Miniclub_-Octubre_-Blanes-2024-6-1-135x300.jpg\" class=\"attachment-medium size-medium\" alt=\"\" srcset=\"https:\/\/biblioteca.blanes.cat\/salainfantil\/wp-content\/uploads\/sites\/2\/2024\/10\/Miniclub_-Octubre_-Blanes-2024-6-1-135x300.jpg 135w, https:\/\/biblioteca.blanes.cat\/salainfantil\/wp-content\/uploads\/sites\/2\/2024\/10\/Miniclub_-Octubre_-Blanes-2024-6-1-461x1024.jpg 461w, https:\/\/biblioteca.blanes.cat\/salainfantil\/wp-content\/uploads\/sites\/2\/2024\/10\/Miniclub_-Octubre_-Blanes-2024-6-1-768x1707.jpg 768w, https:\/\/biblioteca.blanes.cat\/salainfantil\/wp-content\/uploads\/sites\/2\/2024\/10\/Miniclub_-Octubre_-Blanes-2024-6-1-691x1536.jpg 691w, https:\/\/biblioteca.blanes.cat\/salainfantil\/wp-content\/uploads\/sites\/2\/2024\/10\/Miniclub_-Octubre_-Blanes-2024-6-1.jpg 918w\" sizes=\"(max-width: 135px) 100vw, 135px\" \/><\/a>\n\t\t\t<\/div><\/figure><figure class='gallery-item'>\n\t\t\t<div class='gallery-icon portrait'>\n\t\t\t\t<a href='https:\/\/biblioteca.blanes.cat\/salainfantil\/miniclub-octubre-2\/miniclub_-octubre_-blanes-2024-3-2\/'><img loading=\"lazy\" decoding=\"async\" width=\"135\" height=\"300\" src=\"https:\/\/biblioteca.blanes.cat\/salainfantil\/wp-content\/uploads\/sites\/2\/2024\/10\/Miniclub_-Octubre_-Blanes-2024-3-1-135x300.jpg\" class=\"attachment-medium size-medium\" alt=\"\" srcset=\"https:\/\/biblioteca.blanes.cat\/salainfantil\/wp-content\/uploads\/sites\/2\/2024\/10\/Miniclub_-Octubre_-Blanes-2024-3-1-135x300.jpg 135w, https:\/\/biblioteca.blanes.cat\/salainfantil\/wp-content\/uploads\/sites\/2\/2024\/10\/Miniclub_-Octubre_-Blanes-2024-3-1-461x1024.jpg 461w, https:\/\/biblioteca.blanes.cat\/salainfantil\/wp-content\/uploads\/sites\/2\/2024\/10\/Miniclub_-Octubre_-Blanes-2024-3-1-768x1707.jpg 768w, https:\/\/biblioteca.blanes.cat\/salainfantil\/wp-content\/uploads\/sites\/2\/2024\/10\/Miniclub_-Octubre_-Blanes-2024-3-1-691x1536.jpg 691w, https:\/\/biblioteca.blanes.cat\/salainfantil\/wp-content\/uploads\/sites\/2\/2024\/10\/Miniclub_-Octubre_-Blanes-2024-3-1.jpg 918w\" sizes=\"(max-width: 135px) 100vw, 135px\" \/><\/a>\n\t\t\t<\/div><\/figure>\n\t\t<\/div>\n\n<p>\u00a0<\/p>\n<p>\u00a0<\/p>\n","protected":false},"excerpt":{"rendered":"<p>Al Miniclub de lectura d&#8217;aquest mes hem comentat &#8220;El lladre de fulles&#8221; de Alice Hemming \u00a0 \u00a0 \u00a0 Vermell, groc, taronja&#8230; Vermell, groc, taronja&#8230; Vermell, groc&#8230; EP miniclubers! Alg\u00fa ens ha robat les fulles de la sala infantil de la<\/p>\n","protected":false},"author":4,"featured_media":9413,"comment_status":"open","ping_status":"open","sticky":false,"template":"","format":"standard","meta":{"sfsi_plus_gutenberg_text_before_share":"","sfsi_plus_gutenberg_show_text_before_share":"","sfsi_plus_gutenberg_icon_type":"","sfsi_plus_gutenberg_icon_alignemt":"","sfsi_plus_gutenburg_max_per_row":"","footnotes":""},"categories":[1,9],"tags":[22],"class_list":["post-9624","post","type-post","status-publish","format-standard","has-post-thumbnail","hentry","category-general","category-trobades-miniclub","tag-miniclub"],"yoast_head":"<!-- This site is optimized with the Yoast SEO plugin v27.5 - https:\/\/yoast.com\/product\/yoast-seo-wordpress\/ -->\n<title>Miniclub: Octubre - SALA INFANTIL<\/title>\n<meta name=\"robots\" content=\"index, follow, max-snippet:-1, max-image-preview:large, max-video-preview:-1\" \/>\n<link rel=\"canonical\" href=\"https:\/\/biblioteca.blanes.cat\/salainfantil\/miniclub-octubre-2\/\" \/>\n<meta property=\"og:locale\" content=\"ca_ES\" \/>\n<meta property=\"og:type\" content=\"article\" \/>\n<meta property=\"og:title\" content=\"Miniclub: Octubre - SALA INFANTIL\" \/>\n<meta property=\"og:description\" content=\"Al Miniclub de lectura d&#8217;aquest mes hem comentat &#8220;El lladre de fulles&#8221; de Alice Hemming \u00a0 \u00a0 \u00a0 Vermell, groc, taronja&#8230; Vermell, groc, taronja&#8230; Vermell, groc&#8230; EP miniclubers! Alg\u00fa ens ha robat les fulles de la sala infantil de la\" \/>\n<meta property=\"og:url\" content=\"https:\/\/biblioteca.blanes.cat\/salainfantil\/miniclub-octubre-2\/\" \/>\n<meta property=\"og:site_name\" content=\"SALA INFANTIL\" \/>\n<meta property=\"article:published_time\" content=\"2024-10-24T13:24:42+00:00\" \/>\n<meta property=\"article:modified_time\" content=\"2024-10-24T13:24:44+00:00\" \/>\n<meta property=\"og:image\" content=\"https:\/\/biblioteca.blanes.cat\/salainfantil\/wp-content\/uploads\/sites\/2\/2024\/09\/Miniclub-695x350-logo.png\" \/>\n\t<meta property=\"og:image:width\" content=\"695\" \/>\n\t<meta property=\"og:image:height\" content=\"350\" \/>\n\t<meta property=\"og:image:type\" content=\"image\/png\" \/>\n<meta name=\"author\" content=\"biblioblanes\" \/>\n<meta name=\"twitter:card\" content=\"summary_large_image\" \/>\n<meta name=\"twitter:creator\" content=\"@biblioblanes\" \/>\n<meta name=\"twitter:label1\" content=\"Escrit per\" \/>\n\t<meta name=\"twitter:data1\" content=\"biblioblanes\" \/>\n\t<meta name=\"twitter:label2\" content=\"Temps estimat de lectura\" \/>\n\t<meta name=\"twitter:data2\" content=\"2 minuts\" \/>\n<script type=\"application\/ld+json\" class=\"yoast-schema-graph\">{\"@context\":\"https:\\\/\\\/schema.org\",\"@graph\":[{\"@type\":\"Article\",\"@id\":\"https:\\\/\\\/biblioteca.blanes.cat\\\/salainfantil\\\/miniclub-octubre-2\\\/#article\",\"isPartOf\":{\"@id\":\"https:\\\/\\\/biblioteca.blanes.cat\\\/salainfantil\\\/miniclub-octubre-2\\\/\"},\"author\":{\"name\":\"biblioblanes\",\"@id\":\"https:\\\/\\\/biblioteca.blanes.cat\\\/salainfantil\\\/#\\\/schema\\\/person\\\/5a7b46760d9dd611d098bbf571a341dc\"},\"headline\":\"Miniclub: Octubre\",\"datePublished\":\"2024-10-24T13:24:42+00:00\",\"dateModified\":\"2024-10-24T13:24:44+00:00\",\"mainEntityOfPage\":{\"@id\":\"https:\\\/\\\/biblioteca.blanes.cat\\\/salainfantil\\\/miniclub-octubre-2\\\/\"},\"wordCount\":239,\"commentCount\":0,\"image\":{\"@id\":\"https:\\\/\\\/biblioteca.blanes.cat\\\/salainfantil\\\/miniclub-octubre-2\\\/#primaryimage\"},\"thumbnailUrl\":\"https:\\\/\\\/biblioteca.blanes.cat\\\/salainfantil\\\/wp-content\\\/uploads\\\/sites\\\/2\\\/2024\\\/09\\\/Miniclub-695x350-logo.png\",\"keywords\":[\"MINICLUB\"],\"articleSection\":[\"Fes una ullada\",\"Trobades miniclub\"],\"inLanguage\":\"ca\",\"potentialAction\":[{\"@type\":\"CommentAction\",\"name\":\"Comment\",\"target\":[\"https:\\\/\\\/biblioteca.blanes.cat\\\/salainfantil\\\/miniclub-octubre-2\\\/#respond\"]}]},{\"@type\":\"WebPage\",\"@id\":\"https:\\\/\\\/biblioteca.blanes.cat\\\/salainfantil\\\/miniclub-octubre-2\\\/\",\"url\":\"https:\\\/\\\/biblioteca.blanes.cat\\\/salainfantil\\\/miniclub-octubre-2\\\/\",\"name\":\"Miniclub: Octubre - SALA INFANTIL\",\"isPartOf\":{\"@id\":\"https:\\\/\\\/biblioteca.blanes.cat\\\/salainfantil\\\/#website\"},\"primaryImageOfPage\":{\"@id\":\"https:\\\/\\\/biblioteca.blanes.cat\\\/salainfantil\\\/miniclub-octubre-2\\\/#primaryimage\"},\"image\":{\"@id\":\"https:\\\/\\\/biblioteca.blanes.cat\\\/salainfantil\\\/miniclub-octubre-2\\\/#primaryimage\"},\"thumbnailUrl\":\"https:\\\/\\\/biblioteca.blanes.cat\\\/salainfantil\\\/wp-content\\\/uploads\\\/sites\\\/2\\\/2024\\\/09\\\/Miniclub-695x350-logo.png\",\"datePublished\":\"2024-10-24T13:24:42+00:00\",\"dateModified\":\"2024-10-24T13:24:44+00:00\",\"author\":{\"@id\":\"https:\\\/\\\/biblioteca.blanes.cat\\\/salainfantil\\\/#\\\/schema\\\/person\\\/5a7b46760d9dd611d098bbf571a341dc\"},\"breadcrumb\":{\"@id\":\"https:\\\/\\\/biblioteca.blanes.cat\\\/salainfantil\\\/miniclub-octubre-2\\\/#breadcrumb\"},\"inLanguage\":\"ca\",\"potentialAction\":[{\"@type\":\"ReadAction\",\"target\":[\"https:\\\/\\\/biblioteca.blanes.cat\\\/salainfantil\\\/miniclub-octubre-2\\\/\"]}]},{\"@type\":\"ImageObject\",\"inLanguage\":\"ca\",\"@id\":\"https:\\\/\\\/biblioteca.blanes.cat\\\/salainfantil\\\/miniclub-octubre-2\\\/#primaryimage\",\"url\":\"https:\\\/\\\/biblioteca.blanes.cat\\\/salainfantil\\\/wp-content\\\/uploads\\\/sites\\\/2\\\/2024\\\/09\\\/Miniclub-695x350-logo.png\",\"contentUrl\":\"https:\\\/\\\/biblioteca.blanes.cat\\\/salainfantil\\\/wp-content\\\/uploads\\\/sites\\\/2\\\/2024\\\/09\\\/Miniclub-695x350-logo.png\",\"width\":695,\"height\":350},{\"@type\":\"BreadcrumbList\",\"@id\":\"https:\\\/\\\/biblioteca.blanes.cat\\\/salainfantil\\\/miniclub-octubre-2\\\/#breadcrumb\",\"itemListElement\":[{\"@type\":\"ListItem\",\"position\":1,\"name\":\"Inici\",\"item\":\"https:\\\/\\\/biblioteca.blanes.cat\\\/salainfantil\\\/\"},{\"@type\":\"ListItem\",\"position\":2,\"name\":\"Miniclub: Octubre\"}]},{\"@type\":\"WebSite\",\"@id\":\"https:\\\/\\\/biblioteca.blanes.cat\\\/salainfantil\\\/#website\",\"url\":\"https:\\\/\\\/biblioteca.blanes.cat\\\/salainfantil\\\/\",\"name\":\"SALA INFANTIL\",\"description\":\"Biblioteca Roberto Bola\u00f1o\",\"potentialAction\":[{\"@type\":\"SearchAction\",\"target\":{\"@type\":\"EntryPoint\",\"urlTemplate\":\"https:\\\/\\\/biblioteca.blanes.cat\\\/salainfantil\\\/?s={search_term_string}\"},\"query-input\":{\"@type\":\"PropertyValueSpecification\",\"valueRequired\":true,\"valueName\":\"search_term_string\"}}],\"inLanguage\":\"ca\"},{\"@type\":\"Person\",\"@id\":\"https:\\\/\\\/biblioteca.blanes.cat\\\/salainfantil\\\/#\\\/schema\\\/person\\\/5a7b46760d9dd611d098bbf571a341dc\",\"name\":\"biblioblanes\",\"image\":{\"@type\":\"ImageObject\",\"inLanguage\":\"ca\",\"@id\":\"https:\\\/\\\/secure.gravatar.com\\\/avatar\\\/6593ca6cc90e5a70939f51c95e8315483b9c281bafba597292bee47992030f99?s=96&d=mm&r=g\",\"url\":\"https:\\\/\\\/secure.gravatar.com\\\/avatar\\\/6593ca6cc90e5a70939f51c95e8315483b9c281bafba597292bee47992030f99?s=96&d=mm&r=g\",\"contentUrl\":\"https:\\\/\\\/secure.gravatar.com\\\/avatar\\\/6593ca6cc90e5a70939f51c95e8315483b9c281bafba597292bee47992030f99?s=96&d=mm&r=g\",\"caption\":\"biblioblanes\"},\"sameAs\":[\"http:\\\/\\\/www.bibgirona.cat\\\/biblioteca\\\/blanes\",\"https:\\\/\\\/x.com\\\/biblioblanes\"],\"url\":\"https:\\\/\\\/biblioteca.blanes.cat\\\/salainfantil\\\/author\\\/biblioblanes\\\/\"}]}<\/script>\n<!-- \/ Yoast SEO plugin. -->","yoast_head_json":{"title":"Miniclub: Octubre - SALA INFANTIL","robots":{"index":"index","follow":"follow","max-snippet":"max-snippet:-1","max-image-preview":"max-image-preview:large","max-video-preview":"max-video-preview:-1"},"canonical":"https:\/\/biblioteca.blanes.cat\/salainfantil\/miniclub-octubre-2\/","og_locale":"ca_ES","og_type":"article","og_title":"Miniclub: Octubre - SALA INFANTIL","og_description":"Al Miniclub de lectura d&#8217;aquest mes hem comentat &#8220;El lladre de fulles&#8221; de Alice Hemming \u00a0 \u00a0 \u00a0 Vermell, groc, taronja&#8230; Vermell, groc, taronja&#8230; Vermell, groc&#8230; EP miniclubers! Alg\u00fa ens ha robat les fulles de la sala infantil de la","og_url":"https:\/\/biblioteca.blanes.cat\/salainfantil\/miniclub-octubre-2\/","og_site_name":"SALA INFANTIL","article_published_time":"2024-10-24T13:24:42+00:00","article_modified_time":"2024-10-24T13:24:44+00:00","og_image":[{"width":695,"height":350,"url":"https:\/\/biblioteca.blanes.cat\/salainfantil\/wp-content\/uploads\/sites\/2\/2024\/09\/Miniclub-695x350-logo.png","type":"image\/png"}],"author":"biblioblanes","twitter_card":"summary_large_image","twitter_creator":"@biblioblanes","twitter_misc":{"Escrit per":"biblioblanes","Temps estimat de lectura":"2 minuts"},"schema":{"@context":"https:\/\/schema.org","@graph":[{"@type":"Article","@id":"https:\/\/biblioteca.blanes.cat\/salainfantil\/miniclub-octubre-2\/#article","isPartOf":{"@id":"https:\/\/biblioteca.blanes.cat\/salainfantil\/miniclub-octubre-2\/"},"author":{"name":"biblioblanes","@id":"https:\/\/biblioteca.blanes.cat\/salainfantil\/#\/schema\/person\/5a7b46760d9dd611d098bbf571a341dc"},"headline":"Miniclub: Octubre","datePublished":"2024-10-24T13:24:42+00:00","dateModified":"2024-10-24T13:24:44+00:00","mainEntityOfPage":{"@id":"https:\/\/biblioteca.blanes.cat\/salainfantil\/miniclub-octubre-2\/"},"wordCount":239,"commentCount":0,"image":{"@id":"https:\/\/biblioteca.blanes.cat\/salainfantil\/miniclub-octubre-2\/#primaryimage"},"thumbnailUrl":"https:\/\/biblioteca.blanes.cat\/salainfantil\/wp-content\/uploads\/sites\/2\/2024\/09\/Miniclub-695x350-logo.png","keywords":["MINICLUB"],"articleSection":["Fes una ullada","Trobades miniclub"],"inLanguage":"ca","potentialAction":[{"@type":"CommentAction","name":"Comment","target":["https:\/\/biblioteca.blanes.cat\/salainfantil\/miniclub-octubre-2\/#respond"]}]},{"@type":"WebPage","@id":"https:\/\/biblioteca.blanes.cat\/salainfantil\/miniclub-octubre-2\/","url":"https:\/\/biblioteca.blanes.cat\/salainfantil\/miniclub-octubre-2\/","name":"Miniclub: Octubre - SALA INFANTIL","isPartOf":{"@id":"https:\/\/biblioteca.blanes.cat\/salainfantil\/#website"},"primaryImageOfPage":{"@id":"https:\/\/biblioteca.blanes.cat\/salainfantil\/miniclub-octubre-2\/#primaryimage"},"image":{"@id":"https:\/\/biblioteca.blanes.cat\/salainfantil\/miniclub-octubre-2\/#primaryimage"},"thumbnailUrl":"https:\/\/biblioteca.blanes.cat\/salainfantil\/wp-content\/uploads\/sites\/2\/2024\/09\/Miniclub-695x350-logo.png","datePublished":"2024-10-24T13:24:42+00:00","dateModified":"2024-10-24T13:24:44+00:00","author":{"@id":"https:\/\/biblioteca.blanes.cat\/salainfantil\/#\/schema\/person\/5a7b46760d9dd611d098bbf571a341dc"},"breadcrumb":{"@id":"https:\/\/biblioteca.blanes.cat\/salainfantil\/miniclub-octubre-2\/#breadcrumb"},"inLanguage":"ca","potentialAction":[{"@type":"ReadAction","target":["https:\/\/biblioteca.blanes.cat\/salainfantil\/miniclub-octubre-2\/"]}]},{"@type":"ImageObject","inLanguage":"ca","@id":"https:\/\/biblioteca.blanes.cat\/salainfantil\/miniclub-octubre-2\/#primaryimage","url":"https:\/\/biblioteca.blanes.cat\/salainfantil\/wp-content\/uploads\/sites\/2\/2024\/09\/Miniclub-695x350-logo.png","contentUrl":"https:\/\/biblioteca.blanes.cat\/salainfantil\/wp-content\/uploads\/sites\/2\/2024\/09\/Miniclub-695x350-logo.png","width":695,"height":350},{"@type":"BreadcrumbList","@id":"https:\/\/biblioteca.blanes.cat\/salainfantil\/miniclub-octubre-2\/#breadcrumb","itemListElement":[{"@type":"ListItem","position":1,"name":"Inici","item":"https:\/\/biblioteca.blanes.cat\/salainfantil\/"},{"@type":"ListItem","position":2,"name":"Miniclub: Octubre"}]},{"@type":"WebSite","@id":"https:\/\/biblioteca.blanes.cat\/salainfantil\/#website","url":"https:\/\/biblioteca.blanes.cat\/salainfantil\/","name":"SALA INFANTIL","description":"Biblioteca Roberto Bola\u00f1o","potentialAction":[{"@type":"SearchAction","target":{"@type":"EntryPoint","urlTemplate":"https:\/\/biblioteca.blanes.cat\/salainfantil\/?s={search_term_string}"},"query-input":{"@type":"PropertyValueSpecification","valueRequired":true,"valueName":"search_term_string"}}],"inLanguage":"ca"},{"@type":"Person","@id":"https:\/\/biblioteca.blanes.cat\/salainfantil\/#\/schema\/person\/5a7b46760d9dd611d098bbf571a341dc","name":"biblioblanes","image":{"@type":"ImageObject","inLanguage":"ca","@id":"https:\/\/secure.gravatar.com\/avatar\/6593ca6cc90e5a70939f51c95e8315483b9c281bafba597292bee47992030f99?s=96&d=mm&r=g","url":"https:\/\/secure.gravatar.com\/avatar\/6593ca6cc90e5a70939f51c95e8315483b9c281bafba597292bee47992030f99?s=96&d=mm&r=g","contentUrl":"https:\/\/secure.gravatar.com\/avatar\/6593ca6cc90e5a70939f51c95e8315483b9c281bafba597292bee47992030f99?s=96&d=mm&r=g","caption":"biblioblanes"},"sameAs":["http:\/\/www.bibgirona.cat\/biblioteca\/blanes","https:\/\/x.com\/biblioblanes"],"url":"https:\/\/biblioteca.blanes.cat\/salainfantil\/author\/biblioblanes\/"}]}},"_links":{"self":[{"href":"https:\/\/biblioteca.blanes.cat\/salainfantil\/wp-json\/wp\/v2\/posts\/9624","targetHints":{"allow":["GET"]}}],"collection":[{"href":"https:\/\/biblioteca.blanes.cat\/salainfantil\/wp-json\/wp\/v2\/posts"}],"about":[{"href":"https:\/\/biblioteca.blanes.cat\/salainfantil\/wp-json\/wp\/v2\/types\/post"}],"author":[{"embeddable":true,"href":"https:\/\/biblioteca.blanes.cat\/salainfantil\/wp-json\/wp\/v2\/users\/4"}],"replies":[{"embeddable":true,"href":"https:\/\/biblioteca.blanes.cat\/salainfantil\/wp-json\/wp\/v2\/comments?post=9624"}],"version-history":[{"count":1,"href":"https:\/\/biblioteca.blanes.cat\/salainfantil\/wp-json\/wp\/v2\/posts\/9624\/revisions"}],"predecessor-version":[{"id":9666,"href":"https:\/\/biblioteca.blanes.cat\/salainfantil\/wp-json\/wp\/v2\/posts\/9624\/revisions\/9666"}],"wp:featuredmedia":[{"embeddable":true,"href":"https:\/\/biblioteca.blanes.cat\/salainfantil\/wp-json\/wp\/v2\/media\/9413"}],"wp:attachment":[{"href":"https:\/\/biblioteca.blanes.cat\/salainfantil\/wp-json\/wp\/v2\/media?parent=9624"}],"wp:term":[{"taxonomy":"category","embeddable":true,"href":"https:\/\/biblioteca.blanes.cat\/salainfantil\/wp-json\/wp\/v2\/categories?post=9624"},{"taxonomy":"post_tag","embeddable":true,"href":"https:\/\/biblioteca.blanes.cat\/salainfantil\/wp-json\/wp\/v2\/tags?post=9624"}],"curies":[{"name":"wp","href":"https:\/\/api.w.org\/{rel}","templated":true}]}}