{"id":9573,"date":"2024-09-28T12:00:52","date_gmt":"2024-09-28T11:00:52","guid":{"rendered":"https:\/\/biblioteca.blanes.cat\/salainfantil\/?p=9573"},"modified":"2024-09-28T12:27:29","modified_gmt":"2024-09-28T11:27:29","slug":"presentacio-del-club-de-lectura-alevi","status":"publish","type":"post","link":"https:\/\/biblioteca.blanes.cat\/salainfantil\/presentacio-del-club-de-lectura-alevi\/","title":{"rendered":"Presentaci\u00f3 del Club de Lectura Alev\u00ed 2024-2025"},"content":{"rendered":"\n<p>Benvinguts petits-grans lectors i lectores!<\/p>\n\n\n\n<p>Despr\u00e8s d\u2019un estiu molt entretingut amb el Bibliovacances, ha arribat el moment que tothom esperava: amb molta il\u00b7lusi\u00f3, aquesta setmana hem engegat el <strong><mark style=\"background-color:rgba(0, 0, 0, 0)\" class=\"has-inline-color has-vivid-red-color\">Club de Lectura Alev\u00ed<\/mark><\/strong>!<\/p>\n\n\n\n<p>En aquesta sessi\u00f3 de presentaci\u00f3, per tal de con\u00e8ixer els nous companys i companyes, hem fet diferents jocs i din\u00e0miques on em compartit els nostres gustos lectors, les nostres aficions, trets de personalitat, etc.<\/p>\n\n\n\n<figure class=\"wp-block-image size-large is-resized\"><img fetchpriority=\"high\" decoding=\"async\" width=\"1024\" height=\"768\" src=\"https:\/\/biblioteca.blanes.cat\/salainfantil\/wp-content\/uploads\/sites\/2\/2024\/09\/Presentacio_CLA-4-1024x768.jpg\" alt=\"\" class=\"wp-image-9586\" style=\"width:688px;height:auto\" srcset=\"https:\/\/biblioteca.blanes.cat\/salainfantil\/wp-content\/uploads\/sites\/2\/2024\/09\/Presentacio_CLA-4-1024x768.jpg 1024w, https:\/\/biblioteca.blanes.cat\/salainfantil\/wp-content\/uploads\/sites\/2\/2024\/09\/Presentacio_CLA-4-300x225.jpg 300w, https:\/\/biblioteca.blanes.cat\/salainfantil\/wp-content\/uploads\/sites\/2\/2024\/09\/Presentacio_CLA-4-768x576.jpg 768w, https:\/\/biblioteca.blanes.cat\/salainfantil\/wp-content\/uploads\/sites\/2\/2024\/09\/Presentacio_CLA-4-1536x1152.jpg 1536w, https:\/\/biblioteca.blanes.cat\/salainfantil\/wp-content\/uploads\/sites\/2\/2024\/09\/Presentacio_CLA-4-2048x1536.jpg 2048w\" sizes=\"(max-width: 1024px) 100vw, 1024px\" \/><\/figure>\n\n\n\n<p><br>Tot seguit hem deixat volar la imaginaci\u00f3 per crear la sinopsi del pr\u00f2xim <mark style=\"background-color:rgba(0, 0, 0, 0)\" class=\"has-inline-color has-light-green-cyan-color\"><strong>Best-seller literari<\/strong><\/mark>. Per inspirar-nos per crear la millor hist\u00f2ria, hem repartit a cada grup 3 cartes del Dixit, les quals estan il\u00b7lustrades amb unes imatges plenes de fantasia i originalitat.<\/p>\n\n\n\n<figure class=\"wp-block-image size-large is-resized\"><img decoding=\"async\" width=\"1024\" height=\"768\" src=\"https:\/\/biblioteca.blanes.cat\/salainfantil\/wp-content\/uploads\/sites\/2\/2024\/09\/Presentacio_CLA-1-1024x768.jpg\" alt=\"\" class=\"wp-image-9588\" style=\"width:691px;height:auto\" srcset=\"https:\/\/biblioteca.blanes.cat\/salainfantil\/wp-content\/uploads\/sites\/2\/2024\/09\/Presentacio_CLA-1-1024x768.jpg 1024w, https:\/\/biblioteca.blanes.cat\/salainfantil\/wp-content\/uploads\/sites\/2\/2024\/09\/Presentacio_CLA-1-300x225.jpg 300w, https:\/\/biblioteca.blanes.cat\/salainfantil\/wp-content\/uploads\/sites\/2\/2024\/09\/Presentacio_CLA-1-768x576.jpg 768w, https:\/\/biblioteca.blanes.cat\/salainfantil\/wp-content\/uploads\/sites\/2\/2024\/09\/Presentacio_CLA-1-1536x1152.jpg 1536w, https:\/\/biblioteca.blanes.cat\/salainfantil\/wp-content\/uploads\/sites\/2\/2024\/09\/Presentacio_CLA-1-2048x1536.jpg 2048w\" sizes=\"(max-width: 1024px) 100vw, 1024px\" \/><\/figure>\n\n\n\n<figure class=\"wp-block-image size-large is-resized\"><img decoding=\"async\" width=\"1024\" height=\"768\" src=\"https:\/\/biblioteca.blanes.cat\/salainfantil\/wp-content\/uploads\/sites\/2\/2024\/09\/Presentacio_CLA-2-1024x768.jpg\" alt=\"\" class=\"wp-image-9589\" style=\"width:405px;height:auto\" srcset=\"https:\/\/biblioteca.blanes.cat\/salainfantil\/wp-content\/uploads\/sites\/2\/2024\/09\/Presentacio_CLA-2-1024x768.jpg 1024w, https:\/\/biblioteca.blanes.cat\/salainfantil\/wp-content\/uploads\/sites\/2\/2024\/09\/Presentacio_CLA-2-300x225.jpg 300w, https:\/\/biblioteca.blanes.cat\/salainfantil\/wp-content\/uploads\/sites\/2\/2024\/09\/Presentacio_CLA-2-768x576.jpg 768w, https:\/\/biblioteca.blanes.cat\/salainfantil\/wp-content\/uploads\/sites\/2\/2024\/09\/Presentacio_CLA-2-1536x1152.jpg 1536w, https:\/\/biblioteca.blanes.cat\/salainfantil\/wp-content\/uploads\/sites\/2\/2024\/09\/Presentacio_CLA-2-2048x1536.jpg 2048w\" sizes=\"(max-width: 1024px) 100vw, 1024px\" \/><\/figure>\n\n\n\n<figure class=\"wp-block-image size-large is-resized\"><img loading=\"lazy\" decoding=\"async\" width=\"768\" height=\"1024\" src=\"https:\/\/biblioteca.blanes.cat\/salainfantil\/wp-content\/uploads\/sites\/2\/2024\/09\/Presentacio_CLA-5-768x1024.jpg\" alt=\"\" class=\"wp-image-9590\" style=\"width:405px;height:auto\" srcset=\"https:\/\/biblioteca.blanes.cat\/salainfantil\/wp-content\/uploads\/sites\/2\/2024\/09\/Presentacio_CLA-5-768x1024.jpg 768w, https:\/\/biblioteca.blanes.cat\/salainfantil\/wp-content\/uploads\/sites\/2\/2024\/09\/Presentacio_CLA-5-225x300.jpg 225w, https:\/\/biblioteca.blanes.cat\/salainfantil\/wp-content\/uploads\/sites\/2\/2024\/09\/Presentacio_CLA-5-1152x1536.jpg 1152w, https:\/\/biblioteca.blanes.cat\/salainfantil\/wp-content\/uploads\/sites\/2\/2024\/09\/Presentacio_CLA-5-1536x2048.jpg 1536w, https:\/\/biblioteca.blanes.cat\/salainfantil\/wp-content\/uploads\/sites\/2\/2024\/09\/Presentacio_CLA-5-rotated.jpg 1734w\" sizes=\"(max-width: 768px) 100vw, 768px\" \/><\/figure>\n\n\n\n<p>Creieu que d\u2019aquest club en sortir\u00e0 el llibre m\u00e9s venut de 2025?<\/p>\n\n\n\n<p>Durant aquest estiu, la majoria dels nostres lectors i lectores, han participat al Bibliovacances i han pogut gaudir del seu temps lliure llegint un munt d\u2019hist\u00f2ries. Per aix\u00f2, hem volgut fer-nos unes <mark style=\"background-color:rgba(0, 0, 0, 0)\" class=\"has-inline-color has-light-green-cyan-color\">recomanacions lectores<\/mark> i compartir les que m\u00e9s ens han agradat. I vosaltres, en teniu algun llibre preferit que hagueu llegit aquest estiu?<\/p>\n\n\n\n<p>Per acabar, hem anunciat les lectures del curs 2024-2025 (les qual podeu veure a la publicaci\u00f3 anterior) i el sistema que seguirem per puntuar-les; ho farem mitjan\u00e7ant unes <mark style=\"background-color:rgba(0, 0, 0, 0)\" class=\"has-inline-color has-light-green-cyan-color\">emoticones<\/mark> que enganxarem a una graella on trobarem les lectures mes a mes i els noms de totes les persones participants:<\/p>\n\n\n\n<figure class=\"wp-block-image size-large is-resized\"><img loading=\"lazy\" decoding=\"async\" width=\"1024\" height=\"724\" src=\"https:\/\/biblioteca.blanes.cat\/salainfantil\/wp-content\/uploads\/sites\/2\/2024\/09\/Poster-puntuacions-1-1024x724.png\" alt=\"\" class=\"wp-image-9577\" style=\"width:485px;height:auto\" srcset=\"https:\/\/biblioteca.blanes.cat\/salainfantil\/wp-content\/uploads\/sites\/2\/2024\/09\/Poster-puntuacions-1-1024x724.png 1024w, https:\/\/biblioteca.blanes.cat\/salainfantil\/wp-content\/uploads\/sites\/2\/2024\/09\/Poster-puntuacions-1-300x212.png 300w, https:\/\/biblioteca.blanes.cat\/salainfantil\/wp-content\/uploads\/sites\/2\/2024\/09\/Poster-puntuacions-1-768x543.png 768w, https:\/\/biblioteca.blanes.cat\/salainfantil\/wp-content\/uploads\/sites\/2\/2024\/09\/Poster-puntuacions-1-1536x1086.png 1536w, https:\/\/biblioteca.blanes.cat\/salainfantil\/wp-content\/uploads\/sites\/2\/2024\/09\/Poster-puntuacions-1-2048x1448.png 2048w\" sizes=\"(max-width: 1024px) 100vw, 1024px\" \/><\/figure>\n\n\n\n<figure class=\"wp-block-image size-large is-resized\"><img loading=\"lazy\" decoding=\"async\" width=\"1024\" height=\"724\" src=\"https:\/\/biblioteca.blanes.cat\/salainfantil\/wp-content\/uploads\/sites\/2\/2024\/09\/CLI_EMOJIS-1024x724.png\" alt=\"\" class=\"wp-image-9578\" style=\"width:484px;height:auto\" srcset=\"https:\/\/biblioteca.blanes.cat\/salainfantil\/wp-content\/uploads\/sites\/2\/2024\/09\/CLI_EMOJIS-1024x724.png 1024w, https:\/\/biblioteca.blanes.cat\/salainfantil\/wp-content\/uploads\/sites\/2\/2024\/09\/CLI_EMOJIS-300x212.png 300w, https:\/\/biblioteca.blanes.cat\/salainfantil\/wp-content\/uploads\/sites\/2\/2024\/09\/CLI_EMOJIS-768x543.png 768w, https:\/\/biblioteca.blanes.cat\/salainfantil\/wp-content\/uploads\/sites\/2\/2024\/09\/CLI_EMOJIS-1536x1086.png 1536w, https:\/\/biblioteca.blanes.cat\/salainfantil\/wp-content\/uploads\/sites\/2\/2024\/09\/CLI_EMOJIS-2048x1448.png 2048w\" sizes=\"(max-width: 1024px) 100vw, 1024px\" \/><\/figure>\n\n\n\n<figure class=\"wp-block-image size-large is-resized\"><img loading=\"lazy\" decoding=\"async\" width=\"1024\" height=\"724\" src=\"https:\/\/biblioteca.blanes.cat\/salainfantil\/wp-content\/uploads\/sites\/2\/2024\/09\/3-1024x724.png\" alt=\"\" class=\"wp-image-9579\" style=\"width:450px;height:auto\" srcset=\"https:\/\/biblioteca.blanes.cat\/salainfantil\/wp-content\/uploads\/sites\/2\/2024\/09\/3-1024x724.png 1024w, https:\/\/biblioteca.blanes.cat\/salainfantil\/wp-content\/uploads\/sites\/2\/2024\/09\/3-300x212.png 300w, https:\/\/biblioteca.blanes.cat\/salainfantil\/wp-content\/uploads\/sites\/2\/2024\/09\/3-768x543.png 768w, https:\/\/biblioteca.blanes.cat\/salainfantil\/wp-content\/uploads\/sites\/2\/2024\/09\/3-1536x1086.png 1536w, https:\/\/biblioteca.blanes.cat\/salainfantil\/wp-content\/uploads\/sites\/2\/2024\/09\/3-2048x1448.png 2048w\" sizes=\"(max-width: 1024px) 100vw, 1024px\" \/><\/figure>\n\n\n\n<p>A m\u00e9s, cada participant tindr\u00e0 un <mark style=\"background-color:rgba(0, 0, 0, 0)\" class=\"has-inline-color has-light-green-cyan-color\">Passaport Lector<\/mark> on podr\u00e0 omplir una fitxa que ens ajudar\u00e0 a compartir idees de la hist\u00f2ria el dia de la trobada i que segellarem per donar per finalitzada la lectura. <\/p>\n\n\n\n<p>La persona o persones que tinguin m\u00e9s segells a final de curs, aconseguiran un premi!<\/p>\n\n\n\n<figure class=\"wp-block-image size-large is-resized\"><img loading=\"lazy\" decoding=\"async\" width=\"732\" height=\"1024\" src=\"https:\/\/biblioteca.blanes.cat\/salainfantil\/wp-content\/uploads\/sites\/2\/2024\/09\/1-1-732x1024.png\" alt=\"\" class=\"wp-image-9581\" style=\"width:349px;height:auto\" srcset=\"https:\/\/biblioteca.blanes.cat\/salainfantil\/wp-content\/uploads\/sites\/2\/2024\/09\/1-1-732x1024.png 732w, https:\/\/biblioteca.blanes.cat\/salainfantil\/wp-content\/uploads\/sites\/2\/2024\/09\/1-1-214x300.png 214w, https:\/\/biblioteca.blanes.cat\/salainfantil\/wp-content\/uploads\/sites\/2\/2024\/09\/1-1-768x1075.png 768w, https:\/\/biblioteca.blanes.cat\/salainfantil\/wp-content\/uploads\/sites\/2\/2024\/09\/1-1-1097x1536.png 1097w, https:\/\/biblioteca.blanes.cat\/salainfantil\/wp-content\/uploads\/sites\/2\/2024\/09\/1-1.png 1429w\" sizes=\"(max-width: 732px) 100vw, 732px\" \/><\/figure>\n\n\n\n<figure class=\"wp-block-image size-large is-resized\"><img loading=\"lazy\" decoding=\"async\" width=\"732\" height=\"1024\" src=\"https:\/\/biblioteca.blanes.cat\/salainfantil\/wp-content\/uploads\/sites\/2\/2024\/09\/2-732x1024.png\" alt=\"\" class=\"wp-image-9582\" style=\"width:369px;height:auto\" srcset=\"https:\/\/biblioteca.blanes.cat\/salainfantil\/wp-content\/uploads\/sites\/2\/2024\/09\/2-732x1024.png 732w, https:\/\/biblioteca.blanes.cat\/salainfantil\/wp-content\/uploads\/sites\/2\/2024\/09\/2-214x300.png 214w, https:\/\/biblioteca.blanes.cat\/salainfantil\/wp-content\/uploads\/sites\/2\/2024\/09\/2-768x1075.png 768w, https:\/\/biblioteca.blanes.cat\/salainfantil\/wp-content\/uploads\/sites\/2\/2024\/09\/2-1097x1536.png 1097w, https:\/\/biblioteca.blanes.cat\/salainfantil\/wp-content\/uploads\/sites\/2\/2024\/09\/2.png 1429w\" sizes=\"(max-width: 732px) 100vw, 732px\" \/><\/figure>\n\n\n\n<figure class=\"wp-block-image size-large is-resized\"><img loading=\"lazy\" decoding=\"async\" width=\"732\" height=\"1024\" src=\"https:\/\/biblioteca.blanes.cat\/salainfantil\/wp-content\/uploads\/sites\/2\/2024\/09\/CLA_Passaport-lector-732x1024.png\" alt=\"\" class=\"wp-image-9583\" style=\"width:365px;height:auto\" srcset=\"https:\/\/biblioteca.blanes.cat\/salainfantil\/wp-content\/uploads\/sites\/2\/2024\/09\/CLA_Passaport-lector-732x1024.png 732w, https:\/\/biblioteca.blanes.cat\/salainfantil\/wp-content\/uploads\/sites\/2\/2024\/09\/CLA_Passaport-lector-214x300.png 214w, https:\/\/biblioteca.blanes.cat\/salainfantil\/wp-content\/uploads\/sites\/2\/2024\/09\/CLA_Passaport-lector-768x1075.png 768w, https:\/\/biblioteca.blanes.cat\/salainfantil\/wp-content\/uploads\/sites\/2\/2024\/09\/CLA_Passaport-lector-1097x1536.png 1097w, https:\/\/biblioteca.blanes.cat\/salainfantil\/wp-content\/uploads\/sites\/2\/2024\/09\/CLA_Passaport-lector.png 1429w\" sizes=\"(max-width: 732px) 100vw, 732px\" \/><\/figure>\n\n\n\n<p><br>D\u2019aquesta manera, iniciem el club amb moltes ganes de descobrir les hist\u00f2ries que ens presenta aquest nou curs, i de viure moments \u00fanics compartint l\u2019afici\u00f3 que m\u00e9s ens agrada: <strong><mark style=\"background-color:rgba(0, 0, 0, 0)\" class=\"has-inline-color has-light-green-cyan-color\">la lectura.<\/mark><\/strong><\/p>\n\n\n\n<figure class=\"wp-block-image size-full is-resized\"><img loading=\"lazy\" decoding=\"async\" width=\"1024\" height=\"768\" src=\"https:\/\/biblioteca.blanes.cat\/salainfantil\/wp-content\/uploads\/sites\/2\/2024\/09\/Presentacio_CLA-8.jpg\" alt=\"\" class=\"wp-image-9592\" style=\"width:751px;height:auto\" srcset=\"https:\/\/biblioteca.blanes.cat\/salainfantil\/wp-content\/uploads\/sites\/2\/2024\/09\/Presentacio_CLA-8.jpg 1024w, https:\/\/biblioteca.blanes.cat\/salainfantil\/wp-content\/uploads\/sites\/2\/2024\/09\/Presentacio_CLA-8-300x225.jpg 300w, https:\/\/biblioteca.blanes.cat\/salainfantil\/wp-content\/uploads\/sites\/2\/2024\/09\/Presentacio_CLA-8-768x576.jpg 768w\" sizes=\"(max-width: 1024px) 100vw, 1024px\" \/><\/figure>\n\n\n\n<p><strong>Un any m\u00e9s, gr\u00e0cies per la vostra participaci\u00f3.<\/strong><\/p>\n\n\n\n<p><strong>3, 2, 1&#8230; COMENCEM!<\/strong><\/p>\n","protected":false},"excerpt":{"rendered":"<p>Benvinguts petits-grans lectors i lectores! Despr\u00e8s d\u2019un estiu molt entretingut amb el Bibliovacances, ha arribat el moment que tothom esperava: amb molta il\u00b7lusi\u00f3, aquesta setmana hem engegat el Club de Lectura Alev\u00ed! En aquesta sessi\u00f3 de presentaci\u00f3, per tal de<\/p>\n","protected":false},"author":4,"featured_media":7826,"comment_status":"open","ping_status":"open","sticky":false,"template":"","format":"standard","meta":{"sfsi_plus_gutenberg_text_before_share":"","sfsi_plus_gutenberg_show_text_before_share":"","sfsi_plus_gutenberg_icon_type":"","sfsi_plus_gutenberg_icon_alignemt":"","sfsi_plus_gutenburg_max_per_row":"","footnotes":""},"categories":[1,8],"tags":[21,18],"class_list":["post-9573","post","type-post","status-publish","format-standard","has-post-thumbnail","hentry","category-general","category-trobades-cli","tag-club-de-lectura-infantil","tag-fes-una-ullada"],"yoast_head":"<!-- This site is optimized with the Yoast SEO plugin v27.5 - https:\/\/yoast.com\/product\/yoast-seo-wordpress\/ -->\n<title>Presentaci\u00f3 del Club de Lectura Alev\u00ed 2024-2025 - SALA INFANTIL<\/title>\n<meta name=\"robots\" content=\"index, follow, max-snippet:-1, max-image-preview:large, max-video-preview:-1\" \/>\n<link rel=\"canonical\" href=\"https:\/\/biblioteca.blanes.cat\/salainfantil\/presentacio-del-club-de-lectura-alevi\/\" \/>\n<meta property=\"og:locale\" content=\"ca_ES\" \/>\n<meta property=\"og:type\" content=\"article\" \/>\n<meta property=\"og:title\" content=\"Presentaci\u00f3 del Club de Lectura Alev\u00ed 2024-2025 - SALA INFANTIL\" \/>\n<meta property=\"og:description\" content=\"Benvinguts petits-grans lectors i lectores! Despr\u00e8s d\u2019un estiu molt entretingut amb el Bibliovacances, ha arribat el moment que tothom esperava: amb molta il\u00b7lusi\u00f3, aquesta setmana hem engegat el Club de Lectura Alev\u00ed! En aquesta sessi\u00f3 de presentaci\u00f3, per tal de\" \/>\n<meta property=\"og:url\" content=\"https:\/\/biblioteca.blanes.cat\/salainfantil\/presentacio-del-club-de-lectura-alevi\/\" \/>\n<meta property=\"og:site_name\" content=\"SALA INFANTIL\" \/>\n<meta property=\"article:published_time\" content=\"2024-09-28T11:00:52+00:00\" \/>\n<meta property=\"article:modified_time\" content=\"2024-09-28T11:27:29+00:00\" \/>\n<meta property=\"og:image\" content=\"https:\/\/biblioteca.blanes.cat\/salainfantil\/wp-content\/uploads\/sites\/2\/2023\/09\/Destacat-Alevi.png\" \/>\n\t<meta property=\"og:image:width\" content=\"270\" \/>\n\t<meta property=\"og:image:height\" content=\"270\" \/>\n\t<meta property=\"og:image:type\" content=\"image\/png\" \/>\n<meta name=\"author\" content=\"biblioblanes\" \/>\n<meta name=\"twitter:card\" content=\"summary_large_image\" \/>\n<meta name=\"twitter:creator\" content=\"@biblioblanes\" \/>\n<meta name=\"twitter:label1\" content=\"Escrit per\" \/>\n\t<meta name=\"twitter:data1\" content=\"biblioblanes\" \/>\n\t<meta name=\"twitter:label2\" content=\"Temps estimat de lectura\" \/>\n\t<meta name=\"twitter:data2\" content=\"5 minuts\" \/>\n<script type=\"application\/ld+json\" class=\"yoast-schema-graph\">{\"@context\":\"https:\\\/\\\/schema.org\",\"@graph\":[{\"@type\":\"Article\",\"@id\":\"https:\\\/\\\/biblioteca.blanes.cat\\\/salainfantil\\\/presentacio-del-club-de-lectura-alevi\\\/#article\",\"isPartOf\":{\"@id\":\"https:\\\/\\\/biblioteca.blanes.cat\\\/salainfantil\\\/presentacio-del-club-de-lectura-alevi\\\/\"},\"author\":{\"name\":\"biblioblanes\",\"@id\":\"https:\\\/\\\/biblioteca.blanes.cat\\\/salainfantil\\\/#\\\/schema\\\/person\\\/5a7b46760d9dd611d098bbf571a341dc\"},\"headline\":\"Presentaci\u00f3 del Club de Lectura Alev\u00ed 2024-2025\",\"datePublished\":\"2024-09-28T11:00:52+00:00\",\"dateModified\":\"2024-09-28T11:27:29+00:00\",\"mainEntityOfPage\":{\"@id\":\"https:\\\/\\\/biblioteca.blanes.cat\\\/salainfantil\\\/presentacio-del-club-de-lectura-alevi\\\/\"},\"wordCount\":343,\"commentCount\":0,\"image\":{\"@id\":\"https:\\\/\\\/biblioteca.blanes.cat\\\/salainfantil\\\/presentacio-del-club-de-lectura-alevi\\\/#primaryimage\"},\"thumbnailUrl\":\"https:\\\/\\\/biblioteca.blanes.cat\\\/salainfantil\\\/wp-content\\\/uploads\\\/sites\\\/2\\\/2023\\\/09\\\/Destacat-Alevi.png\",\"keywords\":[\"club de lectura infantil\",\"Fes una ullada\"],\"articleSection\":[\"Fes una ullada\",\"Trobades CLI\"],\"inLanguage\":\"ca\",\"potentialAction\":[{\"@type\":\"CommentAction\",\"name\":\"Comment\",\"target\":[\"https:\\\/\\\/biblioteca.blanes.cat\\\/salainfantil\\\/presentacio-del-club-de-lectura-alevi\\\/#respond\"]}]},{\"@type\":\"WebPage\",\"@id\":\"https:\\\/\\\/biblioteca.blanes.cat\\\/salainfantil\\\/presentacio-del-club-de-lectura-alevi\\\/\",\"url\":\"https:\\\/\\\/biblioteca.blanes.cat\\\/salainfantil\\\/presentacio-del-club-de-lectura-alevi\\\/\",\"name\":\"Presentaci\u00f3 del Club de Lectura Alev\u00ed 2024-2025 - SALA INFANTIL\",\"isPartOf\":{\"@id\":\"https:\\\/\\\/biblioteca.blanes.cat\\\/salainfantil\\\/#website\"},\"primaryImageOfPage\":{\"@id\":\"https:\\\/\\\/biblioteca.blanes.cat\\\/salainfantil\\\/presentacio-del-club-de-lectura-alevi\\\/#primaryimage\"},\"image\":{\"@id\":\"https:\\\/\\\/biblioteca.blanes.cat\\\/salainfantil\\\/presentacio-del-club-de-lectura-alevi\\\/#primaryimage\"},\"thumbnailUrl\":\"https:\\\/\\\/biblioteca.blanes.cat\\\/salainfantil\\\/wp-content\\\/uploads\\\/sites\\\/2\\\/2023\\\/09\\\/Destacat-Alevi.png\",\"datePublished\":\"2024-09-28T11:00:52+00:00\",\"dateModified\":\"2024-09-28T11:27:29+00:00\",\"author\":{\"@id\":\"https:\\\/\\\/biblioteca.blanes.cat\\\/salainfantil\\\/#\\\/schema\\\/person\\\/5a7b46760d9dd611d098bbf571a341dc\"},\"breadcrumb\":{\"@id\":\"https:\\\/\\\/biblioteca.blanes.cat\\\/salainfantil\\\/presentacio-del-club-de-lectura-alevi\\\/#breadcrumb\"},\"inLanguage\":\"ca\",\"potentialAction\":[{\"@type\":\"ReadAction\",\"target\":[\"https:\\\/\\\/biblioteca.blanes.cat\\\/salainfantil\\\/presentacio-del-club-de-lectura-alevi\\\/\"]}]},{\"@type\":\"ImageObject\",\"inLanguage\":\"ca\",\"@id\":\"https:\\\/\\\/biblioteca.blanes.cat\\\/salainfantil\\\/presentacio-del-club-de-lectura-alevi\\\/#primaryimage\",\"url\":\"https:\\\/\\\/biblioteca.blanes.cat\\\/salainfantil\\\/wp-content\\\/uploads\\\/sites\\\/2\\\/2023\\\/09\\\/Destacat-Alevi.png\",\"contentUrl\":\"https:\\\/\\\/biblioteca.blanes.cat\\\/salainfantil\\\/wp-content\\\/uploads\\\/sites\\\/2\\\/2023\\\/09\\\/Destacat-Alevi.png\",\"width\":270,\"height\":270},{\"@type\":\"BreadcrumbList\",\"@id\":\"https:\\\/\\\/biblioteca.blanes.cat\\\/salainfantil\\\/presentacio-del-club-de-lectura-alevi\\\/#breadcrumb\",\"itemListElement\":[{\"@type\":\"ListItem\",\"position\":1,\"name\":\"Inici\",\"item\":\"https:\\\/\\\/biblioteca.blanes.cat\\\/salainfantil\\\/\"},{\"@type\":\"ListItem\",\"position\":2,\"name\":\"Presentaci\u00f3 del Club de Lectura Alev\u00ed 2024-2025\"}]},{\"@type\":\"WebSite\",\"@id\":\"https:\\\/\\\/biblioteca.blanes.cat\\\/salainfantil\\\/#website\",\"url\":\"https:\\\/\\\/biblioteca.blanes.cat\\\/salainfantil\\\/\",\"name\":\"SALA INFANTIL\",\"description\":\"Biblioteca Roberto Bola\u00f1o\",\"potentialAction\":[{\"@type\":\"SearchAction\",\"target\":{\"@type\":\"EntryPoint\",\"urlTemplate\":\"https:\\\/\\\/biblioteca.blanes.cat\\\/salainfantil\\\/?s={search_term_string}\"},\"query-input\":{\"@type\":\"PropertyValueSpecification\",\"valueRequired\":true,\"valueName\":\"search_term_string\"}}],\"inLanguage\":\"ca\"},{\"@type\":\"Person\",\"@id\":\"https:\\\/\\\/biblioteca.blanes.cat\\\/salainfantil\\\/#\\\/schema\\\/person\\\/5a7b46760d9dd611d098bbf571a341dc\",\"name\":\"biblioblanes\",\"image\":{\"@type\":\"ImageObject\",\"inLanguage\":\"ca\",\"@id\":\"https:\\\/\\\/secure.gravatar.com\\\/avatar\\\/6593ca6cc90e5a70939f51c95e8315483b9c281bafba597292bee47992030f99?s=96&d=mm&r=g\",\"url\":\"https:\\\/\\\/secure.gravatar.com\\\/avatar\\\/6593ca6cc90e5a70939f51c95e8315483b9c281bafba597292bee47992030f99?s=96&d=mm&r=g\",\"contentUrl\":\"https:\\\/\\\/secure.gravatar.com\\\/avatar\\\/6593ca6cc90e5a70939f51c95e8315483b9c281bafba597292bee47992030f99?s=96&d=mm&r=g\",\"caption\":\"biblioblanes\"},\"sameAs\":[\"http:\\\/\\\/www.bibgirona.cat\\\/biblioteca\\\/blanes\",\"https:\\\/\\\/x.com\\\/biblioblanes\"],\"url\":\"https:\\\/\\\/biblioteca.blanes.cat\\\/salainfantil\\\/author\\\/biblioblanes\\\/\"}]}<\/script>\n<!-- \/ Yoast SEO plugin. -->","yoast_head_json":{"title":"Presentaci\u00f3 del Club de Lectura Alev\u00ed 2024-2025 - SALA INFANTIL","robots":{"index":"index","follow":"follow","max-snippet":"max-snippet:-1","max-image-preview":"max-image-preview:large","max-video-preview":"max-video-preview:-1"},"canonical":"https:\/\/biblioteca.blanes.cat\/salainfantil\/presentacio-del-club-de-lectura-alevi\/","og_locale":"ca_ES","og_type":"article","og_title":"Presentaci\u00f3 del Club de Lectura Alev\u00ed 2024-2025 - SALA INFANTIL","og_description":"Benvinguts petits-grans lectors i lectores! Despr\u00e8s d\u2019un estiu molt entretingut amb el Bibliovacances, ha arribat el moment que tothom esperava: amb molta il\u00b7lusi\u00f3, aquesta setmana hem engegat el Club de Lectura Alev\u00ed! En aquesta sessi\u00f3 de presentaci\u00f3, per tal de","og_url":"https:\/\/biblioteca.blanes.cat\/salainfantil\/presentacio-del-club-de-lectura-alevi\/","og_site_name":"SALA INFANTIL","article_published_time":"2024-09-28T11:00:52+00:00","article_modified_time":"2024-09-28T11:27:29+00:00","og_image":[{"width":270,"height":270,"url":"https:\/\/biblioteca.blanes.cat\/salainfantil\/wp-content\/uploads\/sites\/2\/2023\/09\/Destacat-Alevi.png","type":"image\/png"}],"author":"biblioblanes","twitter_card":"summary_large_image","twitter_creator":"@biblioblanes","twitter_misc":{"Escrit per":"biblioblanes","Temps estimat de lectura":"5 minuts"},"schema":{"@context":"https:\/\/schema.org","@graph":[{"@type":"Article","@id":"https:\/\/biblioteca.blanes.cat\/salainfantil\/presentacio-del-club-de-lectura-alevi\/#article","isPartOf":{"@id":"https:\/\/biblioteca.blanes.cat\/salainfantil\/presentacio-del-club-de-lectura-alevi\/"},"author":{"name":"biblioblanes","@id":"https:\/\/biblioteca.blanes.cat\/salainfantil\/#\/schema\/person\/5a7b46760d9dd611d098bbf571a341dc"},"headline":"Presentaci\u00f3 del Club de Lectura Alev\u00ed 2024-2025","datePublished":"2024-09-28T11:00:52+00:00","dateModified":"2024-09-28T11:27:29+00:00","mainEntityOfPage":{"@id":"https:\/\/biblioteca.blanes.cat\/salainfantil\/presentacio-del-club-de-lectura-alevi\/"},"wordCount":343,"commentCount":0,"image":{"@id":"https:\/\/biblioteca.blanes.cat\/salainfantil\/presentacio-del-club-de-lectura-alevi\/#primaryimage"},"thumbnailUrl":"https:\/\/biblioteca.blanes.cat\/salainfantil\/wp-content\/uploads\/sites\/2\/2023\/09\/Destacat-Alevi.png","keywords":["club de lectura infantil","Fes una ullada"],"articleSection":["Fes una ullada","Trobades CLI"],"inLanguage":"ca","potentialAction":[{"@type":"CommentAction","name":"Comment","target":["https:\/\/biblioteca.blanes.cat\/salainfantil\/presentacio-del-club-de-lectura-alevi\/#respond"]}]},{"@type":"WebPage","@id":"https:\/\/biblioteca.blanes.cat\/salainfantil\/presentacio-del-club-de-lectura-alevi\/","url":"https:\/\/biblioteca.blanes.cat\/salainfantil\/presentacio-del-club-de-lectura-alevi\/","name":"Presentaci\u00f3 del Club de Lectura Alev\u00ed 2024-2025 - SALA INFANTIL","isPartOf":{"@id":"https:\/\/biblioteca.blanes.cat\/salainfantil\/#website"},"primaryImageOfPage":{"@id":"https:\/\/biblioteca.blanes.cat\/salainfantil\/presentacio-del-club-de-lectura-alevi\/#primaryimage"},"image":{"@id":"https:\/\/biblioteca.blanes.cat\/salainfantil\/presentacio-del-club-de-lectura-alevi\/#primaryimage"},"thumbnailUrl":"https:\/\/biblioteca.blanes.cat\/salainfantil\/wp-content\/uploads\/sites\/2\/2023\/09\/Destacat-Alevi.png","datePublished":"2024-09-28T11:00:52+00:00","dateModified":"2024-09-28T11:27:29+00:00","author":{"@id":"https:\/\/biblioteca.blanes.cat\/salainfantil\/#\/schema\/person\/5a7b46760d9dd611d098bbf571a341dc"},"breadcrumb":{"@id":"https:\/\/biblioteca.blanes.cat\/salainfantil\/presentacio-del-club-de-lectura-alevi\/#breadcrumb"},"inLanguage":"ca","potentialAction":[{"@type":"ReadAction","target":["https:\/\/biblioteca.blanes.cat\/salainfantil\/presentacio-del-club-de-lectura-alevi\/"]}]},{"@type":"ImageObject","inLanguage":"ca","@id":"https:\/\/biblioteca.blanes.cat\/salainfantil\/presentacio-del-club-de-lectura-alevi\/#primaryimage","url":"https:\/\/biblioteca.blanes.cat\/salainfantil\/wp-content\/uploads\/sites\/2\/2023\/09\/Destacat-Alevi.png","contentUrl":"https:\/\/biblioteca.blanes.cat\/salainfantil\/wp-content\/uploads\/sites\/2\/2023\/09\/Destacat-Alevi.png","width":270,"height":270},{"@type":"BreadcrumbList","@id":"https:\/\/biblioteca.blanes.cat\/salainfantil\/presentacio-del-club-de-lectura-alevi\/#breadcrumb","itemListElement":[{"@type":"ListItem","position":1,"name":"Inici","item":"https:\/\/biblioteca.blanes.cat\/salainfantil\/"},{"@type":"ListItem","position":2,"name":"Presentaci\u00f3 del Club de Lectura Alev\u00ed 2024-2025"}]},{"@type":"WebSite","@id":"https:\/\/biblioteca.blanes.cat\/salainfantil\/#website","url":"https:\/\/biblioteca.blanes.cat\/salainfantil\/","name":"SALA INFANTIL","description":"Biblioteca Roberto Bola\u00f1o","potentialAction":[{"@type":"SearchAction","target":{"@type":"EntryPoint","urlTemplate":"https:\/\/biblioteca.blanes.cat\/salainfantil\/?s={search_term_string}"},"query-input":{"@type":"PropertyValueSpecification","valueRequired":true,"valueName":"search_term_string"}}],"inLanguage":"ca"},{"@type":"Person","@id":"https:\/\/biblioteca.blanes.cat\/salainfantil\/#\/schema\/person\/5a7b46760d9dd611d098bbf571a341dc","name":"biblioblanes","image":{"@type":"ImageObject","inLanguage":"ca","@id":"https:\/\/secure.gravatar.com\/avatar\/6593ca6cc90e5a70939f51c95e8315483b9c281bafba597292bee47992030f99?s=96&d=mm&r=g","url":"https:\/\/secure.gravatar.com\/avatar\/6593ca6cc90e5a70939f51c95e8315483b9c281bafba597292bee47992030f99?s=96&d=mm&r=g","contentUrl":"https:\/\/secure.gravatar.com\/avatar\/6593ca6cc90e5a70939f51c95e8315483b9c281bafba597292bee47992030f99?s=96&d=mm&r=g","caption":"biblioblanes"},"sameAs":["http:\/\/www.bibgirona.cat\/biblioteca\/blanes","https:\/\/x.com\/biblioblanes"],"url":"https:\/\/biblioteca.blanes.cat\/salainfantil\/author\/biblioblanes\/"}]}},"_links":{"self":[{"href":"https:\/\/biblioteca.blanes.cat\/salainfantil\/wp-json\/wp\/v2\/posts\/9573","targetHints":{"allow":["GET"]}}],"collection":[{"href":"https:\/\/biblioteca.blanes.cat\/salainfantil\/wp-json\/wp\/v2\/posts"}],"about":[{"href":"https:\/\/biblioteca.blanes.cat\/salainfantil\/wp-json\/wp\/v2\/types\/post"}],"author":[{"embeddable":true,"href":"https:\/\/biblioteca.blanes.cat\/salainfantil\/wp-json\/wp\/v2\/users\/4"}],"replies":[{"embeddable":true,"href":"https:\/\/biblioteca.blanes.cat\/salainfantil\/wp-json\/wp\/v2\/comments?post=9573"}],"version-history":[{"count":11,"href":"https:\/\/biblioteca.blanes.cat\/salainfantil\/wp-json\/wp\/v2\/posts\/9573\/revisions"}],"predecessor-version":[{"id":9616,"href":"https:\/\/biblioteca.blanes.cat\/salainfantil\/wp-json\/wp\/v2\/posts\/9573\/revisions\/9616"}],"wp:featuredmedia":[{"embeddable":true,"href":"https:\/\/biblioteca.blanes.cat\/salainfantil\/wp-json\/wp\/v2\/media\/7826"}],"wp:attachment":[{"href":"https:\/\/biblioteca.blanes.cat\/salainfantil\/wp-json\/wp\/v2\/media?parent=9573"}],"wp:term":[{"taxonomy":"category","embeddable":true,"href":"https:\/\/biblioteca.blanes.cat\/salainfantil\/wp-json\/wp\/v2\/categories?post=9573"},{"taxonomy":"post_tag","embeddable":true,"href":"https:\/\/biblioteca.blanes.cat\/salainfantil\/wp-json\/wp\/v2\/tags?post=9573"}],"curies":[{"name":"wp","href":"https:\/\/api.w.org\/{rel}","templated":true}]}}