{"id":935,"date":"2019-02-15T16:28:59","date_gmt":"2019-02-15T15:28:59","guid":{"rendered":"https:\/\/biblioteca.blanes.cat\/salainfantil\/?p=935"},"modified":"2019-03-13T14:18:36","modified_gmt":"2019-03-13T13:18:36","slug":"miniclub-febrer-2019","status":"publish","type":"post","link":"https:\/\/biblioteca.blanes.cat\/salainfantil\/miniclub-febrer-2019\/","title":{"rendered":"MINICLUB: febrer 2019"},"content":{"rendered":"<h1><span style=\"font-family: Barrio; color: #59527e; font-size: 36px;\"><strong>LA TALPETA QUE VOLIA <a href=\"https:\/\/biblioteca.blanes.cat\/salainfantil\/wp-content\/uploads\/sites\/2\/2019\/01\/talpeta.jpg\"><img decoding=\"async\" class=\" wp-image-726 alignright\" src=\"https:\/\/biblioteca.blanes.cat\/salainfantil\/wp-content\/uploads\/sites\/2\/2019\/01\/talpeta-300x240.jpg\" alt=\"\" width=\"198\" height=\"158\" srcset=\"https:\/\/biblioteca.blanes.cat\/salainfantil\/wp-content\/uploads\/sites\/2\/2019\/01\/talpeta-300x240.jpg 300w, https:\/\/biblioteca.blanes.cat\/salainfantil\/wp-content\/uploads\/sites\/2\/2019\/01\/talpeta-768x614.jpg 768w, https:\/\/biblioteca.blanes.cat\/salainfantil\/wp-content\/uploads\/sites\/2\/2019\/01\/talpeta-1024x818.jpg 1024w, https:\/\/biblioteca.blanes.cat\/salainfantil\/wp-content\/uploads\/sites\/2\/2019\/01\/talpeta.jpg 1681w\" sizes=\"(max-width: 198px) 100vw, 198px\" \/><\/a><\/strong><\/span><\/h1>\n<h1><span style=\"font-family: Lato; color: #59527e; font-size: 36px;\"><strong>SABER QUI LI HAVIA FET <\/strong><\/span><\/h1>\n<h1><span style=\"font-family: Lato; color: #59527e;\"><strong><span style=\"font-size: 36px;\">ALL\u00d2 AL CAP<\/span><br \/>\n<\/strong><\/span><\/h1>\n<p><span style=\"color: #59527e; font-size: 28px;\"><em><span style=\"font-family: Barrio;\">Werner Holzwarth<\/span> <\/em><\/span><\/p>\n<p>&nbsp;<\/p>\n<p><span style=\"font-family: Lato; font-size: 20px;\">Tot comen\u00e7a quan&#8230;. un dia, una talpeta va treure el cap d\u2019entre una muntanyeta de terra per tal de veure si ja sortia el sol i li va passar all\u00f2&#8230;. (era rod\u00f3 i marr\u00f3, s\u2019assemblava una mica a un xori\u00e7o i el pitjor de tot: li va caure justament damunt del cap.)<\/span><\/p>\n<p><span style=\"font-family: Lato; font-size: 20px;\">Li podria passar a qualsevol, per\u00f2 li va tocar a la talpeta. Sortia del seu cau i alguna cosa en forma de barret pudent li va caure al cap. Llavors, la talpeta, molt indignada va rec\u00f3rrer tot el camp investigant quin dels animals que vivien all\u00e0 li havia fet aquella malifeta,<\/span><\/p>\n<p><span style=\"font-family: Lato; font-size: 20px; color: #59527e;\"><strong> el colom, <\/strong><\/span><\/p>\n<p><span style=\"font-family: Lato; font-size: 20px; color: #59527e;\"><strong>el cavall, <\/strong><\/span><\/p>\n<p><span style=\"font-family: Lato; font-size: 20px; color: #59527e;\"><strong>la vaca, <\/strong><\/span><\/p>\n<p><span style=\"font-family: Lato; font-size: 20px; color: #59527e;\"><strong>la\u00a0 llebre&#8230;<\/strong><\/span><\/p>\n<p>&nbsp;<\/p>\n<p><span style=\"font-family: Lato; font-size: 20px;\">Les mosques brunzineres l\u2019ajudaran a decobrir-ho&#8230;i..heus aqui que&#8230; Sant Pere, el gos del carnisser havia estat el culpable. La nostra talpeta opta per venjar-se\u2019n de manera rid\u00edcula.<\/span><\/p>\n<p><a href=\"https:\/\/biblioteca.blanes.cat\/salainfantil\/wp-content\/uploads\/sites\/2\/2019\/02\/BiblioBlanes_miniclub_febrer2019-2.jpg\"><\/a><a href=\"https:\/\/biblioteca.blanes.cat\/salainfantil\/wp-content\/uploads\/sites\/2\/2019\/02\/BiblioBlanes_miniclub_febrer2019-2.jpg\" target=\"_blank\" rel=\"noopener\"><img fetchpriority=\"high\" decoding=\"async\" class=\"aligncenter wp-image-1096 size-medium\" src=\"https:\/\/biblioteca.blanes.cat\/salainfantil\/wp-content\/uploads\/sites\/2\/2019\/02\/BiblioBlanes_miniclub_febrer2019-2-300x225.jpg\" alt=\"\" width=\"300\" height=\"225\" srcset=\"https:\/\/biblioteca.blanes.cat\/salainfantil\/wp-content\/uploads\/sites\/2\/2019\/02\/BiblioBlanes_miniclub_febrer2019-2-300x225.jpg 300w, https:\/\/biblioteca.blanes.cat\/salainfantil\/wp-content\/uploads\/sites\/2\/2019\/02\/BiblioBlanes_miniclub_febrer2019-2-768x576.jpg 768w, https:\/\/biblioteca.blanes.cat\/salainfantil\/wp-content\/uploads\/sites\/2\/2019\/02\/BiblioBlanes_miniclub_febrer2019-2-1024x768.jpg 1024w\" sizes=\"(max-width: 300px) 100vw, 300px\" \/><\/a><\/p>\n<p><span style=\"font-family: Lato; font-size: 20px;\">En cap moment es diu en aquest text de Holzwarth, all\u00f2 que alg\u00fa li ha fet a la talpeta.<\/span><\/p>\n<p><span style=\"font-family: Lato; font-size: 20px;\">En canvi les il\u00b7lustracions de Erlbruch no poden ser m\u00e9s expl\u00edcites, simp\u00e0tiques i expressives. <em>Parlen per si soles.<\/em><\/span><\/p>\n<p><span style=\"font-family: Lato; font-size: 20px;\">Avui, hem oblidat les convencions socials, hem disfrutat i se\u2019ns ha escapat alguna rialla.<\/span><\/p>\n<p>&nbsp;<\/p>\n<p style=\"text-align: center;\"><span style=\"font-family: Lato; font-size: 20px; color: #59527e;\">\u00c9s un conte escatologic altament did\u00e0ctic.<\/span><\/p>\n<p><span style=\"font-family: Lato; font-size: 20px;\">Hem rigut, hem gaudit tots junts, hem apr\u00e9s com fa caca cada animal i, hem pensat quina olor deu fer&#8230;. a m\u00e9s, hem perdut la por a parlar-ne, perqu\u00e8&#8230;. <strong>fer caca \u00e9s natural!<\/strong><\/span><\/p>\n<p><span style=\"font-family: Lato; font-size: 20px;\"><strong>Una sessi\u00f3 la mar de divertida!!!!!<\/strong><\/span><\/p>\n<p style=\"text-align: right;\"><em>By Isabel Brunet<\/em><\/p>\n","protected":false},"excerpt":{"rendered":"<p>LA TALPETA QUE VOLIA SABER QUI LI HAVIA FET ALL\u00d2 AL CAP Werner Holzwarth &nbsp; Tot comen\u00e7a quan&#8230;. un dia, una talpeta va treure el cap d\u2019entre una muntanyeta de terra per tal de veure si ja sortia el sol<\/p>\n","protected":false},"author":4,"featured_media":722,"comment_status":"open","ping_status":"open","sticky":false,"template":"","format":"standard","meta":{"sfsi_plus_gutenberg_text_before_share":"","sfsi_plus_gutenberg_show_text_before_share":"","sfsi_plus_gutenberg_icon_type":"","sfsi_plus_gutenberg_icon_alignemt":"","sfsi_plus_gutenburg_max_per_row":"","footnotes":""},"categories":[9],"tags":[],"class_list":["post-935","post","type-post","status-publish","format-standard","has-post-thumbnail","hentry","category-trobades-miniclub"],"yoast_head":"<!-- This site is optimized with the Yoast SEO plugin v27.5 - https:\/\/yoast.com\/product\/yoast-seo-wordpress\/ -->\n<title>MINICLUB: febrer 2019 - SALA INFANTIL<\/title>\n<meta name=\"robots\" content=\"index, follow, max-snippet:-1, max-image-preview:large, max-video-preview:-1\" \/>\n<link rel=\"canonical\" href=\"https:\/\/biblioteca.blanes.cat\/salainfantil\/miniclub-febrer-2019\/\" \/>\n<meta property=\"og:locale\" content=\"ca_ES\" \/>\n<meta property=\"og:type\" content=\"article\" \/>\n<meta property=\"og:title\" content=\"MINICLUB: febrer 2019 - SALA INFANTIL\" \/>\n<meta property=\"og:description\" content=\"LA TALPETA QUE VOLIA SABER QUI LI HAVIA FET ALL\u00d2 AL CAP Werner Holzwarth &nbsp; Tot comen\u00e7a quan&#8230;. un dia, una talpeta va treure el cap d\u2019entre una muntanyeta de terra per tal de veure si ja sortia el sol\" \/>\n<meta property=\"og:url\" content=\"https:\/\/biblioteca.blanes.cat\/salainfantil\/miniclub-febrer-2019\/\" \/>\n<meta property=\"og:site_name\" content=\"SALA INFANTIL\" \/>\n<meta property=\"article:published_time\" content=\"2019-02-15T15:28:59+00:00\" \/>\n<meta property=\"article:modified_time\" content=\"2019-03-13T13:18:36+00:00\" \/>\n<meta property=\"og:image\" content=\"https:\/\/biblioteca.blanes.cat\/salainfantil\/wp-content\/uploads\/sites\/2\/2019\/01\/Miniclub.png\" \/>\n\t<meta property=\"og:image:width\" content=\"695\" \/>\n\t<meta property=\"og:image:height\" content=\"675\" \/>\n\t<meta property=\"og:image:type\" content=\"image\/png\" \/>\n<meta name=\"author\" content=\"biblioblanes\" \/>\n<meta name=\"twitter:card\" content=\"summary_large_image\" \/>\n<meta name=\"twitter:creator\" content=\"@biblioblanes\" \/>\n<meta name=\"twitter:label1\" content=\"Escrit per\" \/>\n\t<meta name=\"twitter:data1\" content=\"biblioblanes\" \/>\n\t<meta name=\"twitter:label2\" content=\"Temps estimat de lectura\" \/>\n\t<meta name=\"twitter:data2\" content=\"1 minut\" \/>\n<script type=\"application\/ld+json\" class=\"yoast-schema-graph\">{\"@context\":\"https:\\\/\\\/schema.org\",\"@graph\":[{\"@type\":\"Article\",\"@id\":\"https:\\\/\\\/biblioteca.blanes.cat\\\/salainfantil\\\/miniclub-febrer-2019\\\/#article\",\"isPartOf\":{\"@id\":\"https:\\\/\\\/biblioteca.blanes.cat\\\/salainfantil\\\/miniclub-febrer-2019\\\/\"},\"author\":{\"name\":\"biblioblanes\",\"@id\":\"https:\\\/\\\/biblioteca.blanes.cat\\\/salainfantil\\\/#\\\/schema\\\/person\\\/5a7b46760d9dd611d098bbf571a341dc\"},\"headline\":\"MINICLUB: febrer 2019\",\"datePublished\":\"2019-02-15T15:28:59+00:00\",\"dateModified\":\"2019-03-13T13:18:36+00:00\",\"mainEntityOfPage\":{\"@id\":\"https:\\\/\\\/biblioteca.blanes.cat\\\/salainfantil\\\/miniclub-febrer-2019\\\/\"},\"wordCount\":274,\"commentCount\":0,\"image\":{\"@id\":\"https:\\\/\\\/biblioteca.blanes.cat\\\/salainfantil\\\/miniclub-febrer-2019\\\/#primaryimage\"},\"thumbnailUrl\":\"https:\\\/\\\/biblioteca.blanes.cat\\\/salainfantil\\\/wp-content\\\/uploads\\\/sites\\\/2\\\/2019\\\/01\\\/Miniclub.png\",\"articleSection\":[\"Trobades miniclub\"],\"inLanguage\":\"ca\",\"potentialAction\":[{\"@type\":\"CommentAction\",\"name\":\"Comment\",\"target\":[\"https:\\\/\\\/biblioteca.blanes.cat\\\/salainfantil\\\/miniclub-febrer-2019\\\/#respond\"]}]},{\"@type\":\"WebPage\",\"@id\":\"https:\\\/\\\/biblioteca.blanes.cat\\\/salainfantil\\\/miniclub-febrer-2019\\\/\",\"url\":\"https:\\\/\\\/biblioteca.blanes.cat\\\/salainfantil\\\/miniclub-febrer-2019\\\/\",\"name\":\"MINICLUB: febrer 2019 - SALA INFANTIL\",\"isPartOf\":{\"@id\":\"https:\\\/\\\/biblioteca.blanes.cat\\\/salainfantil\\\/#website\"},\"primaryImageOfPage\":{\"@id\":\"https:\\\/\\\/biblioteca.blanes.cat\\\/salainfantil\\\/miniclub-febrer-2019\\\/#primaryimage\"},\"image\":{\"@id\":\"https:\\\/\\\/biblioteca.blanes.cat\\\/salainfantil\\\/miniclub-febrer-2019\\\/#primaryimage\"},\"thumbnailUrl\":\"https:\\\/\\\/biblioteca.blanes.cat\\\/salainfantil\\\/wp-content\\\/uploads\\\/sites\\\/2\\\/2019\\\/01\\\/Miniclub.png\",\"datePublished\":\"2019-02-15T15:28:59+00:00\",\"dateModified\":\"2019-03-13T13:18:36+00:00\",\"author\":{\"@id\":\"https:\\\/\\\/biblioteca.blanes.cat\\\/salainfantil\\\/#\\\/schema\\\/person\\\/5a7b46760d9dd611d098bbf571a341dc\"},\"breadcrumb\":{\"@id\":\"https:\\\/\\\/biblioteca.blanes.cat\\\/salainfantil\\\/miniclub-febrer-2019\\\/#breadcrumb\"},\"inLanguage\":\"ca\",\"potentialAction\":[{\"@type\":\"ReadAction\",\"target\":[\"https:\\\/\\\/biblioteca.blanes.cat\\\/salainfantil\\\/miniclub-febrer-2019\\\/\"]}]},{\"@type\":\"ImageObject\",\"inLanguage\":\"ca\",\"@id\":\"https:\\\/\\\/biblioteca.blanes.cat\\\/salainfantil\\\/miniclub-febrer-2019\\\/#primaryimage\",\"url\":\"https:\\\/\\\/biblioteca.blanes.cat\\\/salainfantil\\\/wp-content\\\/uploads\\\/sites\\\/2\\\/2019\\\/01\\\/Miniclub.png\",\"contentUrl\":\"https:\\\/\\\/biblioteca.blanes.cat\\\/salainfantil\\\/wp-content\\\/uploads\\\/sites\\\/2\\\/2019\\\/01\\\/Miniclub.png\",\"width\":695,\"height\":675},{\"@type\":\"BreadcrumbList\",\"@id\":\"https:\\\/\\\/biblioteca.blanes.cat\\\/salainfantil\\\/miniclub-febrer-2019\\\/#breadcrumb\",\"itemListElement\":[{\"@type\":\"ListItem\",\"position\":1,\"name\":\"Inici\",\"item\":\"https:\\\/\\\/biblioteca.blanes.cat\\\/salainfantil\\\/\"},{\"@type\":\"ListItem\",\"position\":2,\"name\":\"MINICLUB: febrer 2019\"}]},{\"@type\":\"WebSite\",\"@id\":\"https:\\\/\\\/biblioteca.blanes.cat\\\/salainfantil\\\/#website\",\"url\":\"https:\\\/\\\/biblioteca.blanes.cat\\\/salainfantil\\\/\",\"name\":\"SALA INFANTIL\",\"description\":\"Biblioteca Roberto Bola\u00f1o\",\"potentialAction\":[{\"@type\":\"SearchAction\",\"target\":{\"@type\":\"EntryPoint\",\"urlTemplate\":\"https:\\\/\\\/biblioteca.blanes.cat\\\/salainfantil\\\/?s={search_term_string}\"},\"query-input\":{\"@type\":\"PropertyValueSpecification\",\"valueRequired\":true,\"valueName\":\"search_term_string\"}}],\"inLanguage\":\"ca\"},{\"@type\":\"Person\",\"@id\":\"https:\\\/\\\/biblioteca.blanes.cat\\\/salainfantil\\\/#\\\/schema\\\/person\\\/5a7b46760d9dd611d098bbf571a341dc\",\"name\":\"biblioblanes\",\"image\":{\"@type\":\"ImageObject\",\"inLanguage\":\"ca\",\"@id\":\"https:\\\/\\\/secure.gravatar.com\\\/avatar\\\/6593ca6cc90e5a70939f51c95e8315483b9c281bafba597292bee47992030f99?s=96&d=mm&r=g\",\"url\":\"https:\\\/\\\/secure.gravatar.com\\\/avatar\\\/6593ca6cc90e5a70939f51c95e8315483b9c281bafba597292bee47992030f99?s=96&d=mm&r=g\",\"contentUrl\":\"https:\\\/\\\/secure.gravatar.com\\\/avatar\\\/6593ca6cc90e5a70939f51c95e8315483b9c281bafba597292bee47992030f99?s=96&d=mm&r=g\",\"caption\":\"biblioblanes\"},\"sameAs\":[\"http:\\\/\\\/www.bibgirona.cat\\\/biblioteca\\\/blanes\",\"https:\\\/\\\/x.com\\\/biblioblanes\"],\"url\":\"https:\\\/\\\/biblioteca.blanes.cat\\\/salainfantil\\\/author\\\/biblioblanes\\\/\"}]}<\/script>\n<!-- \/ Yoast SEO plugin. -->","yoast_head_json":{"title":"MINICLUB: febrer 2019 - SALA INFANTIL","robots":{"index":"index","follow":"follow","max-snippet":"max-snippet:-1","max-image-preview":"max-image-preview:large","max-video-preview":"max-video-preview:-1"},"canonical":"https:\/\/biblioteca.blanes.cat\/salainfantil\/miniclub-febrer-2019\/","og_locale":"ca_ES","og_type":"article","og_title":"MINICLUB: febrer 2019 - SALA INFANTIL","og_description":"LA TALPETA QUE VOLIA SABER QUI LI HAVIA FET ALL\u00d2 AL CAP Werner Holzwarth &nbsp; Tot comen\u00e7a quan&#8230;. un dia, una talpeta va treure el cap d\u2019entre una muntanyeta de terra per tal de veure si ja sortia el sol","og_url":"https:\/\/biblioteca.blanes.cat\/salainfantil\/miniclub-febrer-2019\/","og_site_name":"SALA INFANTIL","article_published_time":"2019-02-15T15:28:59+00:00","article_modified_time":"2019-03-13T13:18:36+00:00","og_image":[{"width":695,"height":675,"url":"https:\/\/biblioteca.blanes.cat\/salainfantil\/wp-content\/uploads\/sites\/2\/2019\/01\/Miniclub.png","type":"image\/png"}],"author":"biblioblanes","twitter_card":"summary_large_image","twitter_creator":"@biblioblanes","twitter_misc":{"Escrit per":"biblioblanes","Temps estimat de lectura":"1 minut"},"schema":{"@context":"https:\/\/schema.org","@graph":[{"@type":"Article","@id":"https:\/\/biblioteca.blanes.cat\/salainfantil\/miniclub-febrer-2019\/#article","isPartOf":{"@id":"https:\/\/biblioteca.blanes.cat\/salainfantil\/miniclub-febrer-2019\/"},"author":{"name":"biblioblanes","@id":"https:\/\/biblioteca.blanes.cat\/salainfantil\/#\/schema\/person\/5a7b46760d9dd611d098bbf571a341dc"},"headline":"MINICLUB: febrer 2019","datePublished":"2019-02-15T15:28:59+00:00","dateModified":"2019-03-13T13:18:36+00:00","mainEntityOfPage":{"@id":"https:\/\/biblioteca.blanes.cat\/salainfantil\/miniclub-febrer-2019\/"},"wordCount":274,"commentCount":0,"image":{"@id":"https:\/\/biblioteca.blanes.cat\/salainfantil\/miniclub-febrer-2019\/#primaryimage"},"thumbnailUrl":"https:\/\/biblioteca.blanes.cat\/salainfantil\/wp-content\/uploads\/sites\/2\/2019\/01\/Miniclub.png","articleSection":["Trobades miniclub"],"inLanguage":"ca","potentialAction":[{"@type":"CommentAction","name":"Comment","target":["https:\/\/biblioteca.blanes.cat\/salainfantil\/miniclub-febrer-2019\/#respond"]}]},{"@type":"WebPage","@id":"https:\/\/biblioteca.blanes.cat\/salainfantil\/miniclub-febrer-2019\/","url":"https:\/\/biblioteca.blanes.cat\/salainfantil\/miniclub-febrer-2019\/","name":"MINICLUB: febrer 2019 - SALA INFANTIL","isPartOf":{"@id":"https:\/\/biblioteca.blanes.cat\/salainfantil\/#website"},"primaryImageOfPage":{"@id":"https:\/\/biblioteca.blanes.cat\/salainfantil\/miniclub-febrer-2019\/#primaryimage"},"image":{"@id":"https:\/\/biblioteca.blanes.cat\/salainfantil\/miniclub-febrer-2019\/#primaryimage"},"thumbnailUrl":"https:\/\/biblioteca.blanes.cat\/salainfantil\/wp-content\/uploads\/sites\/2\/2019\/01\/Miniclub.png","datePublished":"2019-02-15T15:28:59+00:00","dateModified":"2019-03-13T13:18:36+00:00","author":{"@id":"https:\/\/biblioteca.blanes.cat\/salainfantil\/#\/schema\/person\/5a7b46760d9dd611d098bbf571a341dc"},"breadcrumb":{"@id":"https:\/\/biblioteca.blanes.cat\/salainfantil\/miniclub-febrer-2019\/#breadcrumb"},"inLanguage":"ca","potentialAction":[{"@type":"ReadAction","target":["https:\/\/biblioteca.blanes.cat\/salainfantil\/miniclub-febrer-2019\/"]}]},{"@type":"ImageObject","inLanguage":"ca","@id":"https:\/\/biblioteca.blanes.cat\/salainfantil\/miniclub-febrer-2019\/#primaryimage","url":"https:\/\/biblioteca.blanes.cat\/salainfantil\/wp-content\/uploads\/sites\/2\/2019\/01\/Miniclub.png","contentUrl":"https:\/\/biblioteca.blanes.cat\/salainfantil\/wp-content\/uploads\/sites\/2\/2019\/01\/Miniclub.png","width":695,"height":675},{"@type":"BreadcrumbList","@id":"https:\/\/biblioteca.blanes.cat\/salainfantil\/miniclub-febrer-2019\/#breadcrumb","itemListElement":[{"@type":"ListItem","position":1,"name":"Inici","item":"https:\/\/biblioteca.blanes.cat\/salainfantil\/"},{"@type":"ListItem","position":2,"name":"MINICLUB: febrer 2019"}]},{"@type":"WebSite","@id":"https:\/\/biblioteca.blanes.cat\/salainfantil\/#website","url":"https:\/\/biblioteca.blanes.cat\/salainfantil\/","name":"SALA INFANTIL","description":"Biblioteca Roberto Bola\u00f1o","potentialAction":[{"@type":"SearchAction","target":{"@type":"EntryPoint","urlTemplate":"https:\/\/biblioteca.blanes.cat\/salainfantil\/?s={search_term_string}"},"query-input":{"@type":"PropertyValueSpecification","valueRequired":true,"valueName":"search_term_string"}}],"inLanguage":"ca"},{"@type":"Person","@id":"https:\/\/biblioteca.blanes.cat\/salainfantil\/#\/schema\/person\/5a7b46760d9dd611d098bbf571a341dc","name":"biblioblanes","image":{"@type":"ImageObject","inLanguage":"ca","@id":"https:\/\/secure.gravatar.com\/avatar\/6593ca6cc90e5a70939f51c95e8315483b9c281bafba597292bee47992030f99?s=96&d=mm&r=g","url":"https:\/\/secure.gravatar.com\/avatar\/6593ca6cc90e5a70939f51c95e8315483b9c281bafba597292bee47992030f99?s=96&d=mm&r=g","contentUrl":"https:\/\/secure.gravatar.com\/avatar\/6593ca6cc90e5a70939f51c95e8315483b9c281bafba597292bee47992030f99?s=96&d=mm&r=g","caption":"biblioblanes"},"sameAs":["http:\/\/www.bibgirona.cat\/biblioteca\/blanes","https:\/\/x.com\/biblioblanes"],"url":"https:\/\/biblioteca.blanes.cat\/salainfantil\/author\/biblioblanes\/"}]}},"_links":{"self":[{"href":"https:\/\/biblioteca.blanes.cat\/salainfantil\/wp-json\/wp\/v2\/posts\/935","targetHints":{"allow":["GET"]}}],"collection":[{"href":"https:\/\/biblioteca.blanes.cat\/salainfantil\/wp-json\/wp\/v2\/posts"}],"about":[{"href":"https:\/\/biblioteca.blanes.cat\/salainfantil\/wp-json\/wp\/v2\/types\/post"}],"author":[{"embeddable":true,"href":"https:\/\/biblioteca.blanes.cat\/salainfantil\/wp-json\/wp\/v2\/users\/4"}],"replies":[{"embeddable":true,"href":"https:\/\/biblioteca.blanes.cat\/salainfantil\/wp-json\/wp\/v2\/comments?post=935"}],"version-history":[{"count":3,"href":"https:\/\/biblioteca.blanes.cat\/salainfantil\/wp-json\/wp\/v2\/posts\/935\/revisions"}],"predecessor-version":[{"id":1098,"href":"https:\/\/biblioteca.blanes.cat\/salainfantil\/wp-json\/wp\/v2\/posts\/935\/revisions\/1098"}],"wp:featuredmedia":[{"embeddable":true,"href":"https:\/\/biblioteca.blanes.cat\/salainfantil\/wp-json\/wp\/v2\/media\/722"}],"wp:attachment":[{"href":"https:\/\/biblioteca.blanes.cat\/salainfantil\/wp-json\/wp\/v2\/media?parent=935"}],"wp:term":[{"taxonomy":"category","embeddable":true,"href":"https:\/\/biblioteca.blanes.cat\/salainfantil\/wp-json\/wp\/v2\/categories?post=935"},{"taxonomy":"post_tag","embeddable":true,"href":"https:\/\/biblioteca.blanes.cat\/salainfantil\/wp-json\/wp\/v2\/tags?post=935"}],"curies":[{"name":"wp","href":"https:\/\/api.w.org\/{rel}","templated":true}]}}