{"id":9271,"date":"2024-07-29T11:44:32","date_gmt":"2024-07-29T10:44:32","guid":{"rendered":"https:\/\/biblioteca.blanes.cat\/salainfantil\/?p=9271"},"modified":"2024-07-29T11:44:34","modified_gmt":"2024-07-29T10:44:34","slug":"bibliovacances-2024","status":"publish","type":"post","link":"https:\/\/biblioteca.blanes.cat\/salainfantil\/bibliovacances-2024\/","title":{"rendered":"BIBLIOVACANCES 2024"},"content":{"rendered":"\n<h3 style=\"text-align: left;\"><strong><u>Jocs Ol\u00edmpics de Blanes 2024<\/u><\/strong><\/h3>\n\n\n\n<p>Com va l\u2019estiu petits-grans lectors i lectores? Ben segur que necessiteu unes bones lectures per a aprofitar al m\u00e0xim les vostres vacances. I si \u00e9s aix\u00ed, la Biblioteca de Blanes en t\u00e9 una proposta que us pot ajudar!<\/p>\n<p>Com molts ja sabeu, cada estiu la nostra biblio ofereix una activitat d\u2019all\u00f2 m\u00e9s entretinguda: el <strong>BIBLIOVACANCES<\/strong>! Una iniciativa per a promocionar la lectura entre infants i joves de 5 a 18 anys.<\/p>\n<p>Coincidint aquest any amb les Olimp\u00edades de Par\u00eds que es van iniciar el passat 26 de juliol, la nostra activitat no podia ser d\u2019una altra tem\u00e0tica que no fos els <strong>Jocs Ol\u00edmpics de Blanes 2024<\/strong>. Per tant, si encara no heu escalfat per a participar-hi, ja podeu comen\u00e7ar!<\/p>\n\n\n\n<figure class=\"wp-block-image aligncenter size-large is-resized\"><img fetchpriority=\"high\" decoding=\"async\" width=\"1024\" height=\"768\" src=\"https:\/\/biblioteca.blanes.cat\/salainfantil\/wp-content\/uploads\/sites\/2\/2024\/07\/IMG_20240723_161738-1024x768.jpg\" alt=\"\" class=\"wp-image-9272\" style=\"width:572px;height:auto\" srcset=\"https:\/\/biblioteca.blanes.cat\/salainfantil\/wp-content\/uploads\/sites\/2\/2024\/07\/IMG_20240723_161738-1024x768.jpg 1024w, https:\/\/biblioteca.blanes.cat\/salainfantil\/wp-content\/uploads\/sites\/2\/2024\/07\/IMG_20240723_161738-300x225.jpg 300w, https:\/\/biblioteca.blanes.cat\/salainfantil\/wp-content\/uploads\/sites\/2\/2024\/07\/IMG_20240723_161738-768x576.jpg 768w, https:\/\/biblioteca.blanes.cat\/salainfantil\/wp-content\/uploads\/sites\/2\/2024\/07\/IMG_20240723_161738-1536x1152.jpg 1536w, https:\/\/biblioteca.blanes.cat\/salainfantil\/wp-content\/uploads\/sites\/2\/2024\/07\/IMG_20240723_161738-2048x1536.jpg 2048w\" sizes=\"(max-width: 1024px) 100vw, 1024px\" \/><\/figure>\n\n\n\n<p>Nosaltres vam donar el tret de sortida del Bibliovacances 2024 el passat 1 de juliol i, des de llavors, la cursa no ha parat i hem superat el nombre de participants d\u2019altres anys!<\/p>\n<p>Voleu con\u00e8ixer en qu\u00e8 consisteixen els nostres Jocs Ol\u00edmpics? Doncs primer feu un gran salt literari per a entrar a la Zona Infantil de la Biblioteca!<\/p>\n\n\n\n<p><img decoding=\"async\" class=\"aligncenter  wp-image-9273\" src=\"https:\/\/biblioteca.blanes.cat\/salainfantil\/wp-content\/uploads\/sites\/2\/2024\/07\/IMG_20240723_160038-225x300.jpg\" alt=\"\" width=\"444\" height=\"591\" srcset=\"https:\/\/biblioteca.blanes.cat\/salainfantil\/wp-content\/uploads\/sites\/2\/2024\/07\/IMG_20240723_160038-225x300.jpg 225w, https:\/\/biblioteca.blanes.cat\/salainfantil\/wp-content\/uploads\/sites\/2\/2024\/07\/IMG_20240723_160038-768x1024.jpg 768w, https:\/\/biblioteca.blanes.cat\/salainfantil\/wp-content\/uploads\/sites\/2\/2024\/07\/IMG_20240723_160038-1152x1536.jpg 1152w, https:\/\/biblioteca.blanes.cat\/salainfantil\/wp-content\/uploads\/sites\/2\/2024\/07\/IMG_20240723_160038-1536x2048.jpg 1536w, https:\/\/biblioteca.blanes.cat\/salainfantil\/wp-content\/uploads\/sites\/2\/2024\/07\/IMG_20240723_160038-scaled.jpg 1920w\" sizes=\"(max-width: 444px) 100vw, 444px\" \/><\/p>\n\n\n\n<h3><strong><u>En qu\u00e8 consisteix el Bibliovacances?<\/u><\/strong><\/h3>\n<p>Aquest any necessitareu una acreditaci\u00f3 que us identifiqui com a participants de les nostres Olimpiades. En aquesta anirem marcant les medalles que aneu aconseguint (<strong><span style=\"color: #ff6600;\">medalla de bronze<\/span><\/strong>, <strong><span style=\"color: #999999;\">medalla de plata,<\/span> <span style=\"color: #ffff00;\">medalla d\u2019or<\/span><\/strong> i el <strong><span style=\"color: #00ff00;\">SUPERPREMI<\/span><\/strong>!) i els seus respectius premis els quals no us podem desvetllar\u2026<\/p>\n<p><strong>I com podeu guanyar-les?<\/strong><\/p>\n<p>Haureu d\u2019omplir un dossier amb unes lectures que tenim preparades per a vosaltres. A \u00a0l\u2019entrada de la sala infantil, veureu un petit camp de golf amb unes banderetes que indiquen el nivell lector segons l\u2019edat (<span style=\"color: #00ccff;\"><strong>I1 \u2013 BLAU<\/strong><\/span>, <span style=\"color: #ff0000;\"><strong>I2 \u2013 VERMELL<\/strong><\/span>, <span style=\"color: #00ff00;\"><strong>I3 -VERD<\/strong><\/span> i <span style=\"color: #cc99ff;\"><strong>J<\/strong><strong><span style=\"color: #cc99ff;\">o<\/span>ves &#8211;\u00a0 LILA<\/strong><\/span>), dels lots de llibres que haureu de llegir.<\/p>\n<p>Un cop h\u00e0giu fet el primer dossier, podeu repetir tantes vegades com medalles podeu aconseguir. Us hi animeu?<\/p>\n<p><img decoding=\"async\" class=\"aligncenter  wp-image-9274\" src=\"https:\/\/biblioteca.blanes.cat\/salainfantil\/wp-content\/uploads\/sites\/2\/2024\/07\/IMG_20240723_160002-300x225.jpg\" alt=\"\" width=\"545\" height=\"409\" srcset=\"https:\/\/biblioteca.blanes.cat\/salainfantil\/wp-content\/uploads\/sites\/2\/2024\/07\/IMG_20240723_160002-300x225.jpg 300w, https:\/\/biblioteca.blanes.cat\/salainfantil\/wp-content\/uploads\/sites\/2\/2024\/07\/IMG_20240723_160002-1024x768.jpg 1024w, https:\/\/biblioteca.blanes.cat\/salainfantil\/wp-content\/uploads\/sites\/2\/2024\/07\/IMG_20240723_160002-768x576.jpg 768w, https:\/\/biblioteca.blanes.cat\/salainfantil\/wp-content\/uploads\/sites\/2\/2024\/07\/IMG_20240723_160002-1536x1152.jpg 1536w, https:\/\/biblioteca.blanes.cat\/salainfantil\/wp-content\/uploads\/sites\/2\/2024\/07\/IMG_20240723_160002-2048x1536.jpg 2048w\" sizes=\"(max-width: 545px) 100vw, 545px\" \/><\/p>\n<p><img loading=\"lazy\" decoding=\"async\" class=\"aligncenter  wp-image-9275\" src=\"https:\/\/biblioteca.blanes.cat\/salainfantil\/wp-content\/uploads\/sites\/2\/2024\/07\/IMG_20240723_161023-300x225.jpg\" alt=\"\" width=\"548\" height=\"411\" srcset=\"https:\/\/biblioteca.blanes.cat\/salainfantil\/wp-content\/uploads\/sites\/2\/2024\/07\/IMG_20240723_161023-300x225.jpg 300w, https:\/\/biblioteca.blanes.cat\/salainfantil\/wp-content\/uploads\/sites\/2\/2024\/07\/IMG_20240723_161023-1024x768.jpg 1024w, https:\/\/biblioteca.blanes.cat\/salainfantil\/wp-content\/uploads\/sites\/2\/2024\/07\/IMG_20240723_161023-768x576.jpg 768w, https:\/\/biblioteca.blanes.cat\/salainfantil\/wp-content\/uploads\/sites\/2\/2024\/07\/IMG_20240723_161023-1536x1152.jpg 1536w, https:\/\/biblioteca.blanes.cat\/salainfantil\/wp-content\/uploads\/sites\/2\/2024\/07\/IMG_20240723_161023-2048x1536.jpg 2048w\" sizes=\"(max-width: 548px) 100vw, 548px\" \/><\/p>\n\n\n\n<h3><strong>Una ambientaci\u00f3 Ol\u00edmpica!<\/strong><\/h3>\n<p>Per tal de posar-nos en situaci\u00f3, el personal de la Biblioteca ha preparat una decoraci\u00f3 relacionada amb la tem\u00e0tica on hi destaquen uniformes i material de diferents esports, banderes d\u2019alguns dels pa\u00efsos que hi participen en els Jocs Ol\u00edmpics o les famoses anelles ol\u00edmpiques.<\/p>\n<p><img loading=\"lazy\" decoding=\"async\" class=\"aligncenter  wp-image-9276\" src=\"https:\/\/biblioteca.blanes.cat\/salainfantil\/wp-content\/uploads\/sites\/2\/2024\/07\/IMG_20240723_160408-300x225.jpg\" alt=\"\" width=\"509\" height=\"382\" srcset=\"https:\/\/biblioteca.blanes.cat\/salainfantil\/wp-content\/uploads\/sites\/2\/2024\/07\/IMG_20240723_160408-300x225.jpg 300w, https:\/\/biblioteca.blanes.cat\/salainfantil\/wp-content\/uploads\/sites\/2\/2024\/07\/IMG_20240723_160408-1024x768.jpg 1024w, https:\/\/biblioteca.blanes.cat\/salainfantil\/wp-content\/uploads\/sites\/2\/2024\/07\/IMG_20240723_160408-768x576.jpg 768w, https:\/\/biblioteca.blanes.cat\/salainfantil\/wp-content\/uploads\/sites\/2\/2024\/07\/IMG_20240723_160408-1536x1152.jpg 1536w, https:\/\/biblioteca.blanes.cat\/salainfantil\/wp-content\/uploads\/sites\/2\/2024\/07\/IMG_20240723_160408-2048x1536.jpg 2048w\" sizes=\"(max-width: 509px) 100vw, 509px\" \/><\/p>\n<p><img loading=\"lazy\" decoding=\"async\" class=\"aligncenter  wp-image-9277\" src=\"https:\/\/biblioteca.blanes.cat\/salainfantil\/wp-content\/uploads\/sites\/2\/2024\/07\/IMG_20240723_160434-300x225.jpg\" alt=\"\" width=\"505\" height=\"379\" srcset=\"https:\/\/biblioteca.blanes.cat\/salainfantil\/wp-content\/uploads\/sites\/2\/2024\/07\/IMG_20240723_160434-300x225.jpg 300w, https:\/\/biblioteca.blanes.cat\/salainfantil\/wp-content\/uploads\/sites\/2\/2024\/07\/IMG_20240723_160434-1024x768.jpg 1024w, https:\/\/biblioteca.blanes.cat\/salainfantil\/wp-content\/uploads\/sites\/2\/2024\/07\/IMG_20240723_160434-768x576.jpg 768w, https:\/\/biblioteca.blanes.cat\/salainfantil\/wp-content\/uploads\/sites\/2\/2024\/07\/IMG_20240723_160434-1536x1152.jpg 1536w, https:\/\/biblioteca.blanes.cat\/salainfantil\/wp-content\/uploads\/sites\/2\/2024\/07\/IMG_20240723_160434-2048x1536.jpg 2048w\" sizes=\"(max-width: 505px) 100vw, 505px\" \/><\/p>\n<p><img loading=\"lazy\" decoding=\"async\" class=\"aligncenter  wp-image-9278\" src=\"https:\/\/biblioteca.blanes.cat\/salainfantil\/wp-content\/uploads\/sites\/2\/2024\/07\/IMG_20240723_160506-225x300.jpg\" alt=\"\" width=\"332\" height=\"443\" srcset=\"https:\/\/biblioteca.blanes.cat\/salainfantil\/wp-content\/uploads\/sites\/2\/2024\/07\/IMG_20240723_160506-225x300.jpg 225w, https:\/\/biblioteca.blanes.cat\/salainfantil\/wp-content\/uploads\/sites\/2\/2024\/07\/IMG_20240723_160506-768x1024.jpg 768w, https:\/\/biblioteca.blanes.cat\/salainfantil\/wp-content\/uploads\/sites\/2\/2024\/07\/IMG_20240723_160506-1152x1536.jpg 1152w, https:\/\/biblioteca.blanes.cat\/salainfantil\/wp-content\/uploads\/sites\/2\/2024\/07\/IMG_20240723_160506-1536x2048.jpg 1536w, https:\/\/biblioteca.blanes.cat\/salainfantil\/wp-content\/uploads\/sites\/2\/2024\/07\/IMG_20240723_160506-scaled.jpg 1920w\" sizes=\"(max-width: 332px) 100vw, 332px\" \/><\/p>\n<p><img loading=\"lazy\" decoding=\"async\" class=\"aligncenter  wp-image-9279\" src=\"https:\/\/biblioteca.blanes.cat\/salainfantil\/wp-content\/uploads\/sites\/2\/2024\/07\/IMG_20240723_160644-300x225.jpg\" alt=\"\" width=\"473\" height=\"355\" srcset=\"https:\/\/biblioteca.blanes.cat\/salainfantil\/wp-content\/uploads\/sites\/2\/2024\/07\/IMG_20240723_160644-300x225.jpg 300w, https:\/\/biblioteca.blanes.cat\/salainfantil\/wp-content\/uploads\/sites\/2\/2024\/07\/IMG_20240723_160644-1024x768.jpg 1024w, https:\/\/biblioteca.blanes.cat\/salainfantil\/wp-content\/uploads\/sites\/2\/2024\/07\/IMG_20240723_160644-768x576.jpg 768w, https:\/\/biblioteca.blanes.cat\/salainfantil\/wp-content\/uploads\/sites\/2\/2024\/07\/IMG_20240723_160644-1536x1152.jpg 1536w, https:\/\/biblioteca.blanes.cat\/salainfantil\/wp-content\/uploads\/sites\/2\/2024\/07\/IMG_20240723_160644-2048x1536.jpg 2048w\" sizes=\"(max-width: 473px) 100vw, 473px\" \/><\/p>\n<p><img loading=\"lazy\" decoding=\"async\" class=\"aligncenter  wp-image-9280\" src=\"https:\/\/biblioteca.blanes.cat\/salainfantil\/wp-content\/uploads\/sites\/2\/2024\/07\/IMG_20240723_162152-300x225.jpg\" alt=\"\" width=\"473\" height=\"355\" srcset=\"https:\/\/biblioteca.blanes.cat\/salainfantil\/wp-content\/uploads\/sites\/2\/2024\/07\/IMG_20240723_162152-300x225.jpg 300w, https:\/\/biblioteca.blanes.cat\/salainfantil\/wp-content\/uploads\/sites\/2\/2024\/07\/IMG_20240723_162152-1024x768.jpg 1024w, https:\/\/biblioteca.blanes.cat\/salainfantil\/wp-content\/uploads\/sites\/2\/2024\/07\/IMG_20240723_162152-768x576.jpg 768w, https:\/\/biblioteca.blanes.cat\/salainfantil\/wp-content\/uploads\/sites\/2\/2024\/07\/IMG_20240723_162152-1536x1152.jpg 1536w, https:\/\/biblioteca.blanes.cat\/salainfantil\/wp-content\/uploads\/sites\/2\/2024\/07\/IMG_20240723_162152-2048x1536.jpg 2048w\" sizes=\"(max-width: 473px) 100vw, 473px\" \/><\/p>\n\n\n\n<p>Tant a l\u2019entrada de la Biblioteca, com a la sala jove, tamb\u00e9 hi trobareu altres elements d\u2019ambientaci\u00f3. Ja sabeu a quin esport pertanyen els pictogrames de PARIS 2024?<\/p>\n\n\n\n<figure class=\"wp-block-image aligncenter size-large is-resized\"><img loading=\"lazy\" decoding=\"async\" width=\"768\" height=\"1024\" src=\"https:\/\/biblioteca.blanes.cat\/salainfantil\/wp-content\/uploads\/sites\/2\/2024\/07\/decoracio-11-768x1024.jpg\" alt=\"\" class=\"wp-image-9281\" style=\"width:426px;height:auto\" srcset=\"https:\/\/biblioteca.blanes.cat\/salainfantil\/wp-content\/uploads\/sites\/2\/2024\/07\/decoracio-11-768x1024.jpg 768w, https:\/\/biblioteca.blanes.cat\/salainfantil\/wp-content\/uploads\/sites\/2\/2024\/07\/decoracio-11-225x300.jpg 225w, https:\/\/biblioteca.blanes.cat\/salainfantil\/wp-content\/uploads\/sites\/2\/2024\/07\/decoracio-11-1152x1536.jpg 1152w, https:\/\/biblioteca.blanes.cat\/salainfantil\/wp-content\/uploads\/sites\/2\/2024\/07\/decoracio-11-1536x2048.jpg 1536w, https:\/\/biblioteca.blanes.cat\/salainfantil\/wp-content\/uploads\/sites\/2\/2024\/07\/decoracio-11-scaled.jpg 1920w\" sizes=\"(max-width: 768px) 100vw, 768px\" \/><\/figure>\n\n\n\n<h3><strong><u>A pel p\u00f2dium!<\/u><\/strong><\/h3>\n<p>Els participants dels Jocs Ol\u00edmpics de Blanes 2024 que acabin el primer dossier tindran l\u2019oportunitat de crear la seva pr\u00f2pia medalla ol\u00edmpica i de fer-se una foto al p\u00f2dium.<\/p>\n<p><strong>I vosaltres, us animeu a jugar?<\/strong><\/p>\n<p><img loading=\"lazy\" decoding=\"async\" class=\"aligncenter  wp-image-9282\" src=\"https:\/\/biblioteca.blanes.cat\/salainfantil\/wp-content\/uploads\/sites\/2\/2024\/07\/IMG_20240723_160100-300x225.jpg\" alt=\"\" width=\"488\" height=\"366\" srcset=\"https:\/\/biblioteca.blanes.cat\/salainfantil\/wp-content\/uploads\/sites\/2\/2024\/07\/IMG_20240723_160100-300x225.jpg 300w, https:\/\/biblioteca.blanes.cat\/salainfantil\/wp-content\/uploads\/sites\/2\/2024\/07\/IMG_20240723_160100-1024x768.jpg 1024w, https:\/\/biblioteca.blanes.cat\/salainfantil\/wp-content\/uploads\/sites\/2\/2024\/07\/IMG_20240723_160100-768x576.jpg 768w, https:\/\/biblioteca.blanes.cat\/salainfantil\/wp-content\/uploads\/sites\/2\/2024\/07\/IMG_20240723_160100-1536x1152.jpg 1536w, https:\/\/biblioteca.blanes.cat\/salainfantil\/wp-content\/uploads\/sites\/2\/2024\/07\/IMG_20240723_160100-2048x1536.jpg 2048w\" sizes=\"(max-width: 488px) 100vw, 488px\" \/><\/p>\n<p><img loading=\"lazy\" decoding=\"async\" class=\"aligncenter  wp-image-9283\" src=\"https:\/\/biblioteca.blanes.cat\/salainfantil\/wp-content\/uploads\/sites\/2\/2024\/07\/IMG_20240723_160115-225x300.jpg\" alt=\"\" width=\"334\" height=\"445\" srcset=\"https:\/\/biblioteca.blanes.cat\/salainfantil\/wp-content\/uploads\/sites\/2\/2024\/07\/IMG_20240723_160115-225x300.jpg 225w, https:\/\/biblioteca.blanes.cat\/salainfantil\/wp-content\/uploads\/sites\/2\/2024\/07\/IMG_20240723_160115-768x1024.jpg 768w, https:\/\/biblioteca.blanes.cat\/salainfantil\/wp-content\/uploads\/sites\/2\/2024\/07\/IMG_20240723_160115-1152x1536.jpg 1152w, https:\/\/biblioteca.blanes.cat\/salainfantil\/wp-content\/uploads\/sites\/2\/2024\/07\/IMG_20240723_160115-1536x2048.jpg 1536w, https:\/\/biblioteca.blanes.cat\/salainfantil\/wp-content\/uploads\/sites\/2\/2024\/07\/IMG_20240723_160115-scaled.jpg 1920w\" sizes=\"(max-width: 334px) 100vw, 334px\" \/><\/p>\n","protected":false},"excerpt":{"rendered":"<p>Jocs Ol\u00edmpics de Blanes 2024 Com va l\u2019estiu petits-grans lectors i lectores? Ben segur que necessiteu unes bones lectures per a aprofitar al m\u00e0xim les vostres vacances. I si \u00e9s aix\u00ed, la Biblioteca de Blanes en t\u00e9 una proposta que<\/p>\n","protected":false},"author":4,"featured_media":9287,"comment_status":"open","ping_status":"open","sticky":false,"template":"","format":"standard","meta":{"sfsi_plus_gutenberg_text_before_share":"","sfsi_plus_gutenberg_show_text_before_share":"","sfsi_plus_gutenberg_icon_type":"","sfsi_plus_gutenberg_icon_alignemt":"","sfsi_plus_gutenburg_max_per_row":"","footnotes":""},"categories":[6,1],"tags":[17,18],"class_list":["post-9271","post","type-post","status-publish","format-standard","has-post-thumbnail","hentry","category-activitats","category-general","tag-activitats","tag-fes-una-ullada"],"yoast_head":"<!-- This site is optimized with the Yoast SEO plugin v27.5 - https:\/\/yoast.com\/product\/yoast-seo-wordpress\/ -->\n<title>BIBLIOVACANCES 2024 - SALA INFANTIL<\/title>\n<meta name=\"robots\" content=\"index, follow, max-snippet:-1, max-image-preview:large, max-video-preview:-1\" \/>\n<link rel=\"canonical\" href=\"https:\/\/biblioteca.blanes.cat\/salainfantil\/bibliovacances-2024\/\" \/>\n<meta property=\"og:locale\" content=\"ca_ES\" \/>\n<meta property=\"og:type\" content=\"article\" \/>\n<meta property=\"og:title\" content=\"BIBLIOVACANCES 2024 - SALA INFANTIL\" \/>\n<meta property=\"og:description\" content=\"Jocs Ol\u00edmpics de Blanes 2024 Com va l\u2019estiu petits-grans lectors i lectores? Ben segur que necessiteu unes bones lectures per a aprofitar al m\u00e0xim les vostres vacances. I si \u00e9s aix\u00ed, la Biblioteca de Blanes en t\u00e9 una proposta que\" \/>\n<meta property=\"og:url\" content=\"https:\/\/biblioteca.blanes.cat\/salainfantil\/bibliovacances-2024\/\" \/>\n<meta property=\"og:site_name\" content=\"SALA INFANTIL\" \/>\n<meta property=\"article:published_time\" content=\"2024-07-29T10:44:32+00:00\" \/>\n<meta property=\"article:modified_time\" content=\"2024-07-29T10:44:34+00:00\" \/>\n<meta property=\"og:image\" content=\"https:\/\/biblioteca.blanes.cat\/salainfantil\/wp-content\/uploads\/sites\/2\/2024\/07\/Logo-normal.png\" \/>\n\t<meta property=\"og:image:width\" content=\"500\" \/>\n\t<meta property=\"og:image:height\" content=\"500\" \/>\n\t<meta property=\"og:image:type\" content=\"image\/png\" \/>\n<meta name=\"author\" content=\"biblioblanes\" \/>\n<meta name=\"twitter:card\" content=\"summary_large_image\" \/>\n<meta name=\"twitter:creator\" content=\"@biblioblanes\" \/>\n<meta name=\"twitter:label1\" content=\"Escrit per\" \/>\n\t<meta name=\"twitter:data1\" content=\"biblioblanes\" \/>\n\t<meta name=\"twitter:label2\" content=\"Temps estimat de lectura\" \/>\n\t<meta name=\"twitter:data2\" content=\"5 minuts\" \/>\n<script type=\"application\/ld+json\" class=\"yoast-schema-graph\">{\"@context\":\"https:\\\/\\\/schema.org\",\"@graph\":[{\"@type\":\"Article\",\"@id\":\"https:\\\/\\\/biblioteca.blanes.cat\\\/salainfantil\\\/bibliovacances-2024\\\/#article\",\"isPartOf\":{\"@id\":\"https:\\\/\\\/biblioteca.blanes.cat\\\/salainfantil\\\/bibliovacances-2024\\\/\"},\"author\":{\"name\":\"biblioblanes\",\"@id\":\"https:\\\/\\\/biblioteca.blanes.cat\\\/salainfantil\\\/#\\\/schema\\\/person\\\/5a7b46760d9dd611d098bbf571a341dc\"},\"headline\":\"BIBLIOVACANCES 2024\",\"datePublished\":\"2024-07-29T10:44:32+00:00\",\"dateModified\":\"2024-07-29T10:44:34+00:00\",\"mainEntityOfPage\":{\"@id\":\"https:\\\/\\\/biblioteca.blanes.cat\\\/salainfantil\\\/bibliovacances-2024\\\/\"},\"wordCount\":448,\"commentCount\":0,\"image\":{\"@id\":\"https:\\\/\\\/biblioteca.blanes.cat\\\/salainfantil\\\/bibliovacances-2024\\\/#primaryimage\"},\"thumbnailUrl\":\"https:\\\/\\\/biblioteca.blanes.cat\\\/salainfantil\\\/wp-content\\\/uploads\\\/sites\\\/2\\\/2024\\\/07\\\/Logo-normal.png\",\"keywords\":[\"Activitats\",\"Fes una ullada\"],\"articleSection\":[\"Activitats\",\"Fes una ullada\"],\"inLanguage\":\"ca\",\"potentialAction\":[{\"@type\":\"CommentAction\",\"name\":\"Comment\",\"target\":[\"https:\\\/\\\/biblioteca.blanes.cat\\\/salainfantil\\\/bibliovacances-2024\\\/#respond\"]}]},{\"@type\":\"WebPage\",\"@id\":\"https:\\\/\\\/biblioteca.blanes.cat\\\/salainfantil\\\/bibliovacances-2024\\\/\",\"url\":\"https:\\\/\\\/biblioteca.blanes.cat\\\/salainfantil\\\/bibliovacances-2024\\\/\",\"name\":\"BIBLIOVACANCES 2024 - SALA INFANTIL\",\"isPartOf\":{\"@id\":\"https:\\\/\\\/biblioteca.blanes.cat\\\/salainfantil\\\/#website\"},\"primaryImageOfPage\":{\"@id\":\"https:\\\/\\\/biblioteca.blanes.cat\\\/salainfantil\\\/bibliovacances-2024\\\/#primaryimage\"},\"image\":{\"@id\":\"https:\\\/\\\/biblioteca.blanes.cat\\\/salainfantil\\\/bibliovacances-2024\\\/#primaryimage\"},\"thumbnailUrl\":\"https:\\\/\\\/biblioteca.blanes.cat\\\/salainfantil\\\/wp-content\\\/uploads\\\/sites\\\/2\\\/2024\\\/07\\\/Logo-normal.png\",\"datePublished\":\"2024-07-29T10:44:32+00:00\",\"dateModified\":\"2024-07-29T10:44:34+00:00\",\"author\":{\"@id\":\"https:\\\/\\\/biblioteca.blanes.cat\\\/salainfantil\\\/#\\\/schema\\\/person\\\/5a7b46760d9dd611d098bbf571a341dc\"},\"breadcrumb\":{\"@id\":\"https:\\\/\\\/biblioteca.blanes.cat\\\/salainfantil\\\/bibliovacances-2024\\\/#breadcrumb\"},\"inLanguage\":\"ca\",\"potentialAction\":[{\"@type\":\"ReadAction\",\"target\":[\"https:\\\/\\\/biblioteca.blanes.cat\\\/salainfantil\\\/bibliovacances-2024\\\/\"]}]},{\"@type\":\"ImageObject\",\"inLanguage\":\"ca\",\"@id\":\"https:\\\/\\\/biblioteca.blanes.cat\\\/salainfantil\\\/bibliovacances-2024\\\/#primaryimage\",\"url\":\"https:\\\/\\\/biblioteca.blanes.cat\\\/salainfantil\\\/wp-content\\\/uploads\\\/sites\\\/2\\\/2024\\\/07\\\/Logo-normal.png\",\"contentUrl\":\"https:\\\/\\\/biblioteca.blanes.cat\\\/salainfantil\\\/wp-content\\\/uploads\\\/sites\\\/2\\\/2024\\\/07\\\/Logo-normal.png\",\"width\":500,\"height\":500},{\"@type\":\"BreadcrumbList\",\"@id\":\"https:\\\/\\\/biblioteca.blanes.cat\\\/salainfantil\\\/bibliovacances-2024\\\/#breadcrumb\",\"itemListElement\":[{\"@type\":\"ListItem\",\"position\":1,\"name\":\"Inici\",\"item\":\"https:\\\/\\\/biblioteca.blanes.cat\\\/salainfantil\\\/\"},{\"@type\":\"ListItem\",\"position\":2,\"name\":\"BIBLIOVACANCES 2024\"}]},{\"@type\":\"WebSite\",\"@id\":\"https:\\\/\\\/biblioteca.blanes.cat\\\/salainfantil\\\/#website\",\"url\":\"https:\\\/\\\/biblioteca.blanes.cat\\\/salainfantil\\\/\",\"name\":\"SALA INFANTIL\",\"description\":\"Biblioteca Roberto Bola\u00f1o\",\"potentialAction\":[{\"@type\":\"SearchAction\",\"target\":{\"@type\":\"EntryPoint\",\"urlTemplate\":\"https:\\\/\\\/biblioteca.blanes.cat\\\/salainfantil\\\/?s={search_term_string}\"},\"query-input\":{\"@type\":\"PropertyValueSpecification\",\"valueRequired\":true,\"valueName\":\"search_term_string\"}}],\"inLanguage\":\"ca\"},{\"@type\":\"Person\",\"@id\":\"https:\\\/\\\/biblioteca.blanes.cat\\\/salainfantil\\\/#\\\/schema\\\/person\\\/5a7b46760d9dd611d098bbf571a341dc\",\"name\":\"biblioblanes\",\"image\":{\"@type\":\"ImageObject\",\"inLanguage\":\"ca\",\"@id\":\"https:\\\/\\\/secure.gravatar.com\\\/avatar\\\/6593ca6cc90e5a70939f51c95e8315483b9c281bafba597292bee47992030f99?s=96&d=mm&r=g\",\"url\":\"https:\\\/\\\/secure.gravatar.com\\\/avatar\\\/6593ca6cc90e5a70939f51c95e8315483b9c281bafba597292bee47992030f99?s=96&d=mm&r=g\",\"contentUrl\":\"https:\\\/\\\/secure.gravatar.com\\\/avatar\\\/6593ca6cc90e5a70939f51c95e8315483b9c281bafba597292bee47992030f99?s=96&d=mm&r=g\",\"caption\":\"biblioblanes\"},\"sameAs\":[\"http:\\\/\\\/www.bibgirona.cat\\\/biblioteca\\\/blanes\",\"https:\\\/\\\/x.com\\\/biblioblanes\"],\"url\":\"https:\\\/\\\/biblioteca.blanes.cat\\\/salainfantil\\\/author\\\/biblioblanes\\\/\"}]}<\/script>\n<!-- \/ Yoast SEO plugin. -->","yoast_head_json":{"title":"BIBLIOVACANCES 2024 - SALA INFANTIL","robots":{"index":"index","follow":"follow","max-snippet":"max-snippet:-1","max-image-preview":"max-image-preview:large","max-video-preview":"max-video-preview:-1"},"canonical":"https:\/\/biblioteca.blanes.cat\/salainfantil\/bibliovacances-2024\/","og_locale":"ca_ES","og_type":"article","og_title":"BIBLIOVACANCES 2024 - SALA INFANTIL","og_description":"Jocs Ol\u00edmpics de Blanes 2024 Com va l\u2019estiu petits-grans lectors i lectores? Ben segur que necessiteu unes bones lectures per a aprofitar al m\u00e0xim les vostres vacances. I si \u00e9s aix\u00ed, la Biblioteca de Blanes en t\u00e9 una proposta que","og_url":"https:\/\/biblioteca.blanes.cat\/salainfantil\/bibliovacances-2024\/","og_site_name":"SALA INFANTIL","article_published_time":"2024-07-29T10:44:32+00:00","article_modified_time":"2024-07-29T10:44:34+00:00","og_image":[{"width":500,"height":500,"url":"https:\/\/biblioteca.blanes.cat\/salainfantil\/wp-content\/uploads\/sites\/2\/2024\/07\/Logo-normal.png","type":"image\/png"}],"author":"biblioblanes","twitter_card":"summary_large_image","twitter_creator":"@biblioblanes","twitter_misc":{"Escrit per":"biblioblanes","Temps estimat de lectura":"5 minuts"},"schema":{"@context":"https:\/\/schema.org","@graph":[{"@type":"Article","@id":"https:\/\/biblioteca.blanes.cat\/salainfantil\/bibliovacances-2024\/#article","isPartOf":{"@id":"https:\/\/biblioteca.blanes.cat\/salainfantil\/bibliovacances-2024\/"},"author":{"name":"biblioblanes","@id":"https:\/\/biblioteca.blanes.cat\/salainfantil\/#\/schema\/person\/5a7b46760d9dd611d098bbf571a341dc"},"headline":"BIBLIOVACANCES 2024","datePublished":"2024-07-29T10:44:32+00:00","dateModified":"2024-07-29T10:44:34+00:00","mainEntityOfPage":{"@id":"https:\/\/biblioteca.blanes.cat\/salainfantil\/bibliovacances-2024\/"},"wordCount":448,"commentCount":0,"image":{"@id":"https:\/\/biblioteca.blanes.cat\/salainfantil\/bibliovacances-2024\/#primaryimage"},"thumbnailUrl":"https:\/\/biblioteca.blanes.cat\/salainfantil\/wp-content\/uploads\/sites\/2\/2024\/07\/Logo-normal.png","keywords":["Activitats","Fes una ullada"],"articleSection":["Activitats","Fes una ullada"],"inLanguage":"ca","potentialAction":[{"@type":"CommentAction","name":"Comment","target":["https:\/\/biblioteca.blanes.cat\/salainfantil\/bibliovacances-2024\/#respond"]}]},{"@type":"WebPage","@id":"https:\/\/biblioteca.blanes.cat\/salainfantil\/bibliovacances-2024\/","url":"https:\/\/biblioteca.blanes.cat\/salainfantil\/bibliovacances-2024\/","name":"BIBLIOVACANCES 2024 - SALA INFANTIL","isPartOf":{"@id":"https:\/\/biblioteca.blanes.cat\/salainfantil\/#website"},"primaryImageOfPage":{"@id":"https:\/\/biblioteca.blanes.cat\/salainfantil\/bibliovacances-2024\/#primaryimage"},"image":{"@id":"https:\/\/biblioteca.blanes.cat\/salainfantil\/bibliovacances-2024\/#primaryimage"},"thumbnailUrl":"https:\/\/biblioteca.blanes.cat\/salainfantil\/wp-content\/uploads\/sites\/2\/2024\/07\/Logo-normal.png","datePublished":"2024-07-29T10:44:32+00:00","dateModified":"2024-07-29T10:44:34+00:00","author":{"@id":"https:\/\/biblioteca.blanes.cat\/salainfantil\/#\/schema\/person\/5a7b46760d9dd611d098bbf571a341dc"},"breadcrumb":{"@id":"https:\/\/biblioteca.blanes.cat\/salainfantil\/bibliovacances-2024\/#breadcrumb"},"inLanguage":"ca","potentialAction":[{"@type":"ReadAction","target":["https:\/\/biblioteca.blanes.cat\/salainfantil\/bibliovacances-2024\/"]}]},{"@type":"ImageObject","inLanguage":"ca","@id":"https:\/\/biblioteca.blanes.cat\/salainfantil\/bibliovacances-2024\/#primaryimage","url":"https:\/\/biblioteca.blanes.cat\/salainfantil\/wp-content\/uploads\/sites\/2\/2024\/07\/Logo-normal.png","contentUrl":"https:\/\/biblioteca.blanes.cat\/salainfantil\/wp-content\/uploads\/sites\/2\/2024\/07\/Logo-normal.png","width":500,"height":500},{"@type":"BreadcrumbList","@id":"https:\/\/biblioteca.blanes.cat\/salainfantil\/bibliovacances-2024\/#breadcrumb","itemListElement":[{"@type":"ListItem","position":1,"name":"Inici","item":"https:\/\/biblioteca.blanes.cat\/salainfantil\/"},{"@type":"ListItem","position":2,"name":"BIBLIOVACANCES 2024"}]},{"@type":"WebSite","@id":"https:\/\/biblioteca.blanes.cat\/salainfantil\/#website","url":"https:\/\/biblioteca.blanes.cat\/salainfantil\/","name":"SALA INFANTIL","description":"Biblioteca Roberto Bola\u00f1o","potentialAction":[{"@type":"SearchAction","target":{"@type":"EntryPoint","urlTemplate":"https:\/\/biblioteca.blanes.cat\/salainfantil\/?s={search_term_string}"},"query-input":{"@type":"PropertyValueSpecification","valueRequired":true,"valueName":"search_term_string"}}],"inLanguage":"ca"},{"@type":"Person","@id":"https:\/\/biblioteca.blanes.cat\/salainfantil\/#\/schema\/person\/5a7b46760d9dd611d098bbf571a341dc","name":"biblioblanes","image":{"@type":"ImageObject","inLanguage":"ca","@id":"https:\/\/secure.gravatar.com\/avatar\/6593ca6cc90e5a70939f51c95e8315483b9c281bafba597292bee47992030f99?s=96&d=mm&r=g","url":"https:\/\/secure.gravatar.com\/avatar\/6593ca6cc90e5a70939f51c95e8315483b9c281bafba597292bee47992030f99?s=96&d=mm&r=g","contentUrl":"https:\/\/secure.gravatar.com\/avatar\/6593ca6cc90e5a70939f51c95e8315483b9c281bafba597292bee47992030f99?s=96&d=mm&r=g","caption":"biblioblanes"},"sameAs":["http:\/\/www.bibgirona.cat\/biblioteca\/blanes","https:\/\/x.com\/biblioblanes"],"url":"https:\/\/biblioteca.blanes.cat\/salainfantil\/author\/biblioblanes\/"}]}},"_links":{"self":[{"href":"https:\/\/biblioteca.blanes.cat\/salainfantil\/wp-json\/wp\/v2\/posts\/9271","targetHints":{"allow":["GET"]}}],"collection":[{"href":"https:\/\/biblioteca.blanes.cat\/salainfantil\/wp-json\/wp\/v2\/posts"}],"about":[{"href":"https:\/\/biblioteca.blanes.cat\/salainfantil\/wp-json\/wp\/v2\/types\/post"}],"author":[{"embeddable":true,"href":"https:\/\/biblioteca.blanes.cat\/salainfantil\/wp-json\/wp\/v2\/users\/4"}],"replies":[{"embeddable":true,"href":"https:\/\/biblioteca.blanes.cat\/salainfantil\/wp-json\/wp\/v2\/comments?post=9271"}],"version-history":[{"count":1,"href":"https:\/\/biblioteca.blanes.cat\/salainfantil\/wp-json\/wp\/v2\/posts\/9271\/revisions"}],"predecessor-version":[{"id":9284,"href":"https:\/\/biblioteca.blanes.cat\/salainfantil\/wp-json\/wp\/v2\/posts\/9271\/revisions\/9284"}],"wp:featuredmedia":[{"embeddable":true,"href":"https:\/\/biblioteca.blanes.cat\/salainfantil\/wp-json\/wp\/v2\/media\/9287"}],"wp:attachment":[{"href":"https:\/\/biblioteca.blanes.cat\/salainfantil\/wp-json\/wp\/v2\/media?parent=9271"}],"wp:term":[{"taxonomy":"category","embeddable":true,"href":"https:\/\/biblioteca.blanes.cat\/salainfantil\/wp-json\/wp\/v2\/categories?post=9271"},{"taxonomy":"post_tag","embeddable":true,"href":"https:\/\/biblioteca.blanes.cat\/salainfantil\/wp-json\/wp\/v2\/tags?post=9271"}],"curies":[{"name":"wp","href":"https:\/\/api.w.org\/{rel}","templated":true}]}}