{"id":8934,"date":"2024-06-13T12:45:11","date_gmt":"2024-06-13T11:45:11","guid":{"rendered":"https:\/\/biblioteca.blanes.cat\/salainfantil\/?p=8934"},"modified":"2024-06-13T12:45:12","modified_gmt":"2024-06-13T11:45:12","slug":"miniclub-juny-2","status":"publish","type":"post","link":"https:\/\/biblioteca.blanes.cat\/salainfantil\/miniclub-juny-2\/","title":{"rendered":"Miniclub: juny"},"content":{"rendered":"\n<h1>LA CINTA CAGADUBTES<\/h1>\n<h3>GEMA CIUR\u00d3<\/h3>\n\n\n\n<p>Iep, petits i petites!<\/p>\n<p>Aquest mes al Miniclub hem apr\u00e8s un munt de paraules noves! Cagadubtes, somiatruites, llepafils, panxacontent, etc. I totes elles s\u00f3n especials perqu\u00e8 nom\u00e9s existeixen a la llengua catalana, s\u00f3n intradu\u00efbles a altres lleng\u00fces!<\/p>\n<p><img fetchpriority=\"high\" decoding=\"async\" class=\"size-medium wp-image-8944 alignleft\" src=\"https:\/\/biblioteca.blanes.cat\/salainfantil\/wp-content\/uploads\/sites\/2\/2024\/06\/6.-la-cinta-cagadubtes-300x300.jpg\" alt=\"\" width=\"300\" height=\"300\" srcset=\"https:\/\/biblioteca.blanes.cat\/salainfantil\/wp-content\/uploads\/sites\/2\/2024\/06\/6.-la-cinta-cagadubtes-300x300.jpg 300w, https:\/\/biblioteca.blanes.cat\/salainfantil\/wp-content\/uploads\/sites\/2\/2024\/06\/6.-la-cinta-cagadubtes-150x150.jpg 150w, https:\/\/biblioteca.blanes.cat\/salainfantil\/wp-content\/uploads\/sites\/2\/2024\/06\/6.-la-cinta-cagadubtes-270x270.jpg 270w, https:\/\/biblioteca.blanes.cat\/salainfantil\/wp-content\/uploads\/sites\/2\/2024\/06\/6.-la-cinta-cagadubtes-230x230.jpg 230w, https:\/\/biblioteca.blanes.cat\/salainfantil\/wp-content\/uploads\/sites\/2\/2024\/06\/6.-la-cinta-cagadubtes.jpg 540w\" sizes=\"(max-width: 300px) 100vw, 300px\" \/><\/p>\n\n\n\n<p><em>La Cinta \u00e9s indecisa i es rumia massa les coses. Hi pensa cada acci\u00f3 que ha de prendre perqu\u00e8 t\u00e9 por a que l\u2019opci\u00f3 que ha descartat siga la que realment hagu\u00e9s volgut. Es pot afirmar, sens dubte, que la Cinta \u00e9s una aut\u00e8ntica cagadubtes.<\/em><\/p>\n\n\n\n<p><em>Estiracordetes \u00e9s una col\u00b7lecci\u00f3 de deu contes protagonitzats per nens, que posa en valor alguns mots compostos de la llengua catalana per mantenir-los vius, apropar-los al p\u00fablic infantil i fer-ne con\u00e8ixer el significat d\u2019una manera simp\u00e0tica.<\/em><\/p>\n\n\n\n<p><em>Gema Ciur\u00f3 \u00e9s pedagoga i bibliotec\u00e0ria. Viu i treballa entre llibres i totalment vinculada a la literatura. Est\u00e0 al capdavant d\u2019una biblioteca p\u00fablica des que tenia dinou anys, on, sobretot, treballa el foment de la lectura per a totes les edats i per a tots els p\u00fablics. \u00a0<\/em><\/p>\n\n\n\n<p><\/p>\n\n\n\n<p><\/p>\n\n\n\n<p>Aquesta sessi\u00f3 va ser especial! Ja que ens va visitar i llegir els seus contes l\u2019autora, la Gema Ciur\u00f3. Vam poder saber qu\u00e8 significaven totes aquestes paraules compostes i com utilitzar-les al nostre dia a dia. A m\u00e9s ens va explicar que la Cinta cagadubtes, la Clara Llepafils, en Joan somiatruites i en Ramon panxacontent existeixen de veritat! I que de ben segur que en coneixem m\u00e9s dels que ens pensem!<\/p>\n\n\n\n<p><img decoding=\"async\" class=\"aligncenter size-medium wp-image-8939\" src=\"https:\/\/biblioteca.blanes.cat\/salainfantil\/wp-content\/uploads\/sites\/2\/2024\/06\/Puzzle-1-scaled-e1718278166939-225x300.jpg\" alt=\"\" width=\"225\" height=\"300\" srcset=\"https:\/\/biblioteca.blanes.cat\/salainfantil\/wp-content\/uploads\/sites\/2\/2024\/06\/Puzzle-1-scaled-e1718278166939-225x300.jpg 225w, https:\/\/biblioteca.blanes.cat\/salainfantil\/wp-content\/uploads\/sites\/2\/2024\/06\/Puzzle-1-scaled-e1718278166939-768x1024.jpg 768w, https:\/\/biblioteca.blanes.cat\/salainfantil\/wp-content\/uploads\/sites\/2\/2024\/06\/Puzzle-1-scaled-e1718278166939-1152x1536.jpg 1152w, https:\/\/biblioteca.blanes.cat\/salainfantil\/wp-content\/uploads\/sites\/2\/2024\/06\/Puzzle-1-scaled-e1718278166939-1536x2048.jpg 1536w, https:\/\/biblioteca.blanes.cat\/salainfantil\/wp-content\/uploads\/sites\/2\/2024\/06\/Puzzle-1-scaled-e1718278166939.jpg 1920w\" sizes=\"(max-width: 225px) 100vw, 225px\" \/><\/p>\n\n\n\n<p>Tamb\u00e9 vam fer uns tallers sobre els contes on vam degustar fils, estampar dubtes, fer un collage de somnis i reviure moments que ens fan sentir contents. Tot plegat va fer que tingu\u00e9ssim un bon repertori de noves paraules.<\/p>\n\n\n\n\n\n<p><img decoding=\"async\" class=\"size-medium wp-image-8942 alignleft\" src=\"https:\/\/biblioteca.blanes.cat\/salainfantil\/wp-content\/uploads\/sites\/2\/2024\/06\/taller-3-scaled-e1718278478969-225x300.jpg\" alt=\"\" width=\"225\" height=\"300\" srcset=\"https:\/\/biblioteca.blanes.cat\/salainfantil\/wp-content\/uploads\/sites\/2\/2024\/06\/taller-3-scaled-e1718278478969-225x300.jpg 225w, https:\/\/biblioteca.blanes.cat\/salainfantil\/wp-content\/uploads\/sites\/2\/2024\/06\/taller-3-scaled-e1718278478969-768x1024.jpg 768w, https:\/\/biblioteca.blanes.cat\/salainfantil\/wp-content\/uploads\/sites\/2\/2024\/06\/taller-3-scaled-e1718278478969-1152x1536.jpg 1152w, https:\/\/biblioteca.blanes.cat\/salainfantil\/wp-content\/uploads\/sites\/2\/2024\/06\/taller-3-scaled-e1718278478969-1536x2048.jpg 1536w, https:\/\/biblioteca.blanes.cat\/salainfantil\/wp-content\/uploads\/sites\/2\/2024\/06\/taller-3-scaled-e1718278478969.jpg 1920w\" sizes=\"(max-width: 225px) 100vw, 225px\" \/><img loading=\"lazy\" decoding=\"async\" class=\"size-medium wp-image-8943 alignleft\" src=\"https:\/\/biblioteca.blanes.cat\/salainfantil\/wp-content\/uploads\/sites\/2\/2024\/06\/taller-4-scaled-e1718278462660-225x300.jpg\" alt=\"\" width=\"225\" height=\"300\" srcset=\"https:\/\/biblioteca.blanes.cat\/salainfantil\/wp-content\/uploads\/sites\/2\/2024\/06\/taller-4-scaled-e1718278462660-225x300.jpg 225w, https:\/\/biblioteca.blanes.cat\/salainfantil\/wp-content\/uploads\/sites\/2\/2024\/06\/taller-4-scaled-e1718278462660-768x1024.jpg 768w, https:\/\/biblioteca.blanes.cat\/salainfantil\/wp-content\/uploads\/sites\/2\/2024\/06\/taller-4-scaled-e1718278462660-1152x1536.jpg 1152w, https:\/\/biblioteca.blanes.cat\/salainfantil\/wp-content\/uploads\/sites\/2\/2024\/06\/taller-4-scaled-e1718278462660-1536x2048.jpg 1536w, https:\/\/biblioteca.blanes.cat\/salainfantil\/wp-content\/uploads\/sites\/2\/2024\/06\/taller-4-scaled-e1718278462660.jpg 1920w\" sizes=\"(max-width: 225px) 100vw, 225px\" \/><\/p>\n\n\n\n<p><img loading=\"lazy\" decoding=\"async\" class=\"size-medium wp-image-8941 alignnone\" src=\"https:\/\/biblioteca.blanes.cat\/salainfantil\/wp-content\/uploads\/sites\/2\/2024\/06\/Taller-2-300x300.jpg\" alt=\"\" width=\"300\" height=\"300\" srcset=\"https:\/\/biblioteca.blanes.cat\/salainfantil\/wp-content\/uploads\/sites\/2\/2024\/06\/Taller-2-300x300.jpg 300w, https:\/\/biblioteca.blanes.cat\/salainfantil\/wp-content\/uploads\/sites\/2\/2024\/06\/Taller-2-1024x1024.jpg 1024w, https:\/\/biblioteca.blanes.cat\/salainfantil\/wp-content\/uploads\/sites\/2\/2024\/06\/Taller-2-150x150.jpg 150w, https:\/\/biblioteca.blanes.cat\/salainfantil\/wp-content\/uploads\/sites\/2\/2024\/06\/Taller-2-768x768.jpg 768w, https:\/\/biblioteca.blanes.cat\/salainfantil\/wp-content\/uploads\/sites\/2\/2024\/06\/Taller-2-1536x1536.jpg 1536w, https:\/\/biblioteca.blanes.cat\/salainfantil\/wp-content\/uploads\/sites\/2\/2024\/06\/Taller-2-2048x2048.jpg 2048w, https:\/\/biblioteca.blanes.cat\/salainfantil\/wp-content\/uploads\/sites\/2\/2024\/06\/Taller-2-270x270.jpg 270w, https:\/\/biblioteca.blanes.cat\/salainfantil\/wp-content\/uploads\/sites\/2\/2024\/06\/Taller-2-230x230.jpg 230w\" sizes=\"(max-width: 300px) 100vw, 300px\" \/><\/p>\n\n\n\n<p>I, per \u00faltim, vam rebre uns diplomes, vam acomiadar-nos i ens vam fer aquestes magn\u00edfiques fotos!<\/p>\n\n\n\n<p>Molta sort als miniclubers que el curs que ve passen al club de lectura benjam\u00ed i fins aviat als que continuaran el curs que ve al Miniclub! <\/p>\n\n\n\n<p>Molt bon estiu i bones lectures!<\/p>\n\n\n\n<p><img loading=\"lazy\" decoding=\"async\" class=\" wp-image-8936 alignleft\" src=\"https:\/\/biblioteca.blanes.cat\/salainfantil\/wp-content\/uploads\/sites\/2\/2024\/06\/Diplomes-1-e1718278885494-300x277.jpg\" alt=\"\" width=\"266\" height=\"246\" srcset=\"https:\/\/biblioteca.blanes.cat\/salainfantil\/wp-content\/uploads\/sites\/2\/2024\/06\/Diplomes-1-e1718278885494-300x277.jpg 300w, https:\/\/biblioteca.blanes.cat\/salainfantil\/wp-content\/uploads\/sites\/2\/2024\/06\/Diplomes-1-e1718278885494-1024x947.jpg 1024w, https:\/\/biblioteca.blanes.cat\/salainfantil\/wp-content\/uploads\/sites\/2\/2024\/06\/Diplomes-1-e1718278885494-768x710.jpg 768w, https:\/\/biblioteca.blanes.cat\/salainfantil\/wp-content\/uploads\/sites\/2\/2024\/06\/Diplomes-1-e1718278885494.jpg 1218w\" sizes=\"(max-width: 266px) 100vw, 266px\" \/><img loading=\"lazy\" decoding=\"async\" class=\"size-medium wp-image-8937 alignleft\" src=\"https:\/\/biblioteca.blanes.cat\/salainfantil\/wp-content\/uploads\/sites\/2\/2024\/06\/Diplomes-2-e1718278844466-300x198.jpg\" alt=\"\" width=\"300\" height=\"198\" srcset=\"https:\/\/biblioteca.blanes.cat\/salainfantil\/wp-content\/uploads\/sites\/2\/2024\/06\/Diplomes-2-e1718278844466-300x198.jpg 300w, https:\/\/biblioteca.blanes.cat\/salainfantil\/wp-content\/uploads\/sites\/2\/2024\/06\/Diplomes-2-e1718278844466-1024x675.jpg 1024w, https:\/\/biblioteca.blanes.cat\/salainfantil\/wp-content\/uploads\/sites\/2\/2024\/06\/Diplomes-2-e1718278844466-768x506.jpg 768w, https:\/\/biblioteca.blanes.cat\/salainfantil\/wp-content\/uploads\/sites\/2\/2024\/06\/Diplomes-2-e1718278844466.jpg 1512w\" sizes=\"(max-width: 300px) 100vw, 300px\" \/><\/p>\n","protected":false},"excerpt":{"rendered":"<p>LA CINTA CAGADUBTES GEMA CIUR\u00d3 Iep, petits i petites! Aquest mes al Miniclub hem apr\u00e8s un munt de paraules noves! Cagadubtes, somiatruites, llepafils, panxacontent, etc. I totes elles s\u00f3n especials perqu\u00e8 nom\u00e9s existeixen a la llengua catalana, s\u00f3n intradu\u00efbles a<\/p>\n","protected":false},"author":4,"featured_media":8409,"comment_status":"open","ping_status":"open","sticky":false,"template":"","format":"standard","meta":{"sfsi_plus_gutenberg_text_before_share":"","sfsi_plus_gutenberg_show_text_before_share":"","sfsi_plus_gutenberg_icon_type":"","sfsi_plus_gutenberg_icon_alignemt":"","sfsi_plus_gutenburg_max_per_row":"","footnotes":""},"categories":[6,1,9],"tags":[17,18,22],"class_list":["post-8934","post","type-post","status-publish","format-standard","has-post-thumbnail","hentry","category-activitats","category-general","category-trobades-miniclub","tag-activitats","tag-fes-una-ullada","tag-miniclub"],"yoast_head":"<!-- This site is optimized with the Yoast SEO plugin v27.5 - https:\/\/yoast.com\/product\/yoast-seo-wordpress\/ -->\n<title>Miniclub: juny - SALA INFANTIL<\/title>\n<meta name=\"robots\" content=\"index, follow, max-snippet:-1, max-image-preview:large, max-video-preview:-1\" \/>\n<link rel=\"canonical\" href=\"https:\/\/biblioteca.blanes.cat\/salainfantil\/miniclub-juny-2\/\" \/>\n<meta property=\"og:locale\" content=\"ca_ES\" \/>\n<meta property=\"og:type\" content=\"article\" \/>\n<meta property=\"og:title\" content=\"Miniclub: juny - SALA INFANTIL\" \/>\n<meta property=\"og:description\" content=\"LA CINTA CAGADUBTES GEMA CIUR\u00d3 Iep, petits i petites! Aquest mes al Miniclub hem apr\u00e8s un munt de paraules noves! Cagadubtes, somiatruites, llepafils, panxacontent, etc. I totes elles s\u00f3n especials perqu\u00e8 nom\u00e9s existeixen a la llengua catalana, s\u00f3n intradu\u00efbles a\" \/>\n<meta property=\"og:url\" content=\"https:\/\/biblioteca.blanes.cat\/salainfantil\/miniclub-juny-2\/\" \/>\n<meta property=\"og:site_name\" content=\"SALA INFANTIL\" \/>\n<meta property=\"article:published_time\" content=\"2024-06-13T11:45:11+00:00\" \/>\n<meta property=\"article:modified_time\" content=\"2024-06-13T11:45:12+00:00\" \/>\n<meta property=\"og:image\" content=\"https:\/\/biblioteca.blanes.cat\/salainfantil\/wp-content\/uploads\/sites\/2\/2024\/02\/Miniclub-695x350-1.png\" \/>\n\t<meta property=\"og:image:width\" content=\"695\" \/>\n\t<meta property=\"og:image:height\" content=\"350\" \/>\n\t<meta property=\"og:image:type\" content=\"image\/png\" \/>\n<meta name=\"author\" content=\"biblioblanes\" \/>\n<meta name=\"twitter:card\" content=\"summary_large_image\" \/>\n<meta name=\"twitter:creator\" content=\"@biblioblanes\" \/>\n<meta name=\"twitter:label1\" content=\"Escrit per\" \/>\n\t<meta name=\"twitter:data1\" content=\"biblioblanes\" \/>\n\t<meta name=\"twitter:label2\" content=\"Temps estimat de lectura\" \/>\n\t<meta name=\"twitter:data2\" content=\"4 minuts\" \/>\n<script type=\"application\/ld+json\" class=\"yoast-schema-graph\">{\"@context\":\"https:\\\/\\\/schema.org\",\"@graph\":[{\"@type\":\"Article\",\"@id\":\"https:\\\/\\\/biblioteca.blanes.cat\\\/salainfantil\\\/miniclub-juny-2\\\/#article\",\"isPartOf\":{\"@id\":\"https:\\\/\\\/biblioteca.blanes.cat\\\/salainfantil\\\/miniclub-juny-2\\\/\"},\"author\":{\"name\":\"biblioblanes\",\"@id\":\"https:\\\/\\\/biblioteca.blanes.cat\\\/salainfantil\\\/#\\\/schema\\\/person\\\/5a7b46760d9dd611d098bbf571a341dc\"},\"headline\":\"Miniclub: juny\",\"datePublished\":\"2024-06-13T11:45:11+00:00\",\"dateModified\":\"2024-06-13T11:45:12+00:00\",\"mainEntityOfPage\":{\"@id\":\"https:\\\/\\\/biblioteca.blanes.cat\\\/salainfantil\\\/miniclub-juny-2\\\/\"},\"wordCount\":354,\"commentCount\":0,\"image\":{\"@id\":\"https:\\\/\\\/biblioteca.blanes.cat\\\/salainfantil\\\/miniclub-juny-2\\\/#primaryimage\"},\"thumbnailUrl\":\"https:\\\/\\\/biblioteca.blanes.cat\\\/salainfantil\\\/wp-content\\\/uploads\\\/sites\\\/2\\\/2024\\\/02\\\/Miniclub-695x350-1.png\",\"keywords\":[\"Activitats\",\"Fes una ullada\",\"MINICLUB\"],\"articleSection\":[\"Activitats\",\"Fes una ullada\",\"Trobades miniclub\"],\"inLanguage\":\"ca\",\"potentialAction\":[{\"@type\":\"CommentAction\",\"name\":\"Comment\",\"target\":[\"https:\\\/\\\/biblioteca.blanes.cat\\\/salainfantil\\\/miniclub-juny-2\\\/#respond\"]}]},{\"@type\":\"WebPage\",\"@id\":\"https:\\\/\\\/biblioteca.blanes.cat\\\/salainfantil\\\/miniclub-juny-2\\\/\",\"url\":\"https:\\\/\\\/biblioteca.blanes.cat\\\/salainfantil\\\/miniclub-juny-2\\\/\",\"name\":\"Miniclub: juny - SALA INFANTIL\",\"isPartOf\":{\"@id\":\"https:\\\/\\\/biblioteca.blanes.cat\\\/salainfantil\\\/#website\"},\"primaryImageOfPage\":{\"@id\":\"https:\\\/\\\/biblioteca.blanes.cat\\\/salainfantil\\\/miniclub-juny-2\\\/#primaryimage\"},\"image\":{\"@id\":\"https:\\\/\\\/biblioteca.blanes.cat\\\/salainfantil\\\/miniclub-juny-2\\\/#primaryimage\"},\"thumbnailUrl\":\"https:\\\/\\\/biblioteca.blanes.cat\\\/salainfantil\\\/wp-content\\\/uploads\\\/sites\\\/2\\\/2024\\\/02\\\/Miniclub-695x350-1.png\",\"datePublished\":\"2024-06-13T11:45:11+00:00\",\"dateModified\":\"2024-06-13T11:45:12+00:00\",\"author\":{\"@id\":\"https:\\\/\\\/biblioteca.blanes.cat\\\/salainfantil\\\/#\\\/schema\\\/person\\\/5a7b46760d9dd611d098bbf571a341dc\"},\"breadcrumb\":{\"@id\":\"https:\\\/\\\/biblioteca.blanes.cat\\\/salainfantil\\\/miniclub-juny-2\\\/#breadcrumb\"},\"inLanguage\":\"ca\",\"potentialAction\":[{\"@type\":\"ReadAction\",\"target\":[\"https:\\\/\\\/biblioteca.blanes.cat\\\/salainfantil\\\/miniclub-juny-2\\\/\"]}]},{\"@type\":\"ImageObject\",\"inLanguage\":\"ca\",\"@id\":\"https:\\\/\\\/biblioteca.blanes.cat\\\/salainfantil\\\/miniclub-juny-2\\\/#primaryimage\",\"url\":\"https:\\\/\\\/biblioteca.blanes.cat\\\/salainfantil\\\/wp-content\\\/uploads\\\/sites\\\/2\\\/2024\\\/02\\\/Miniclub-695x350-1.png\",\"contentUrl\":\"https:\\\/\\\/biblioteca.blanes.cat\\\/salainfantil\\\/wp-content\\\/uploads\\\/sites\\\/2\\\/2024\\\/02\\\/Miniclub-695x350-1.png\",\"width\":695,\"height\":350},{\"@type\":\"BreadcrumbList\",\"@id\":\"https:\\\/\\\/biblioteca.blanes.cat\\\/salainfantil\\\/miniclub-juny-2\\\/#breadcrumb\",\"itemListElement\":[{\"@type\":\"ListItem\",\"position\":1,\"name\":\"Inici\",\"item\":\"https:\\\/\\\/biblioteca.blanes.cat\\\/salainfantil\\\/\"},{\"@type\":\"ListItem\",\"position\":2,\"name\":\"Miniclub: juny\"}]},{\"@type\":\"WebSite\",\"@id\":\"https:\\\/\\\/biblioteca.blanes.cat\\\/salainfantil\\\/#website\",\"url\":\"https:\\\/\\\/biblioteca.blanes.cat\\\/salainfantil\\\/\",\"name\":\"SALA INFANTIL\",\"description\":\"Biblioteca Roberto Bola\u00f1o\",\"potentialAction\":[{\"@type\":\"SearchAction\",\"target\":{\"@type\":\"EntryPoint\",\"urlTemplate\":\"https:\\\/\\\/biblioteca.blanes.cat\\\/salainfantil\\\/?s={search_term_string}\"},\"query-input\":{\"@type\":\"PropertyValueSpecification\",\"valueRequired\":true,\"valueName\":\"search_term_string\"}}],\"inLanguage\":\"ca\"},{\"@type\":\"Person\",\"@id\":\"https:\\\/\\\/biblioteca.blanes.cat\\\/salainfantil\\\/#\\\/schema\\\/person\\\/5a7b46760d9dd611d098bbf571a341dc\",\"name\":\"biblioblanes\",\"image\":{\"@type\":\"ImageObject\",\"inLanguage\":\"ca\",\"@id\":\"https:\\\/\\\/secure.gravatar.com\\\/avatar\\\/6593ca6cc90e5a70939f51c95e8315483b9c281bafba597292bee47992030f99?s=96&d=mm&r=g\",\"url\":\"https:\\\/\\\/secure.gravatar.com\\\/avatar\\\/6593ca6cc90e5a70939f51c95e8315483b9c281bafba597292bee47992030f99?s=96&d=mm&r=g\",\"contentUrl\":\"https:\\\/\\\/secure.gravatar.com\\\/avatar\\\/6593ca6cc90e5a70939f51c95e8315483b9c281bafba597292bee47992030f99?s=96&d=mm&r=g\",\"caption\":\"biblioblanes\"},\"sameAs\":[\"http:\\\/\\\/www.bibgirona.cat\\\/biblioteca\\\/blanes\",\"https:\\\/\\\/x.com\\\/biblioblanes\"],\"url\":\"https:\\\/\\\/biblioteca.blanes.cat\\\/salainfantil\\\/author\\\/biblioblanes\\\/\"}]}<\/script>\n<!-- \/ Yoast SEO plugin. -->","yoast_head_json":{"title":"Miniclub: juny - SALA INFANTIL","robots":{"index":"index","follow":"follow","max-snippet":"max-snippet:-1","max-image-preview":"max-image-preview:large","max-video-preview":"max-video-preview:-1"},"canonical":"https:\/\/biblioteca.blanes.cat\/salainfantil\/miniclub-juny-2\/","og_locale":"ca_ES","og_type":"article","og_title":"Miniclub: juny - SALA INFANTIL","og_description":"LA CINTA CAGADUBTES GEMA CIUR\u00d3 Iep, petits i petites! Aquest mes al Miniclub hem apr\u00e8s un munt de paraules noves! Cagadubtes, somiatruites, llepafils, panxacontent, etc. I totes elles s\u00f3n especials perqu\u00e8 nom\u00e9s existeixen a la llengua catalana, s\u00f3n intradu\u00efbles a","og_url":"https:\/\/biblioteca.blanes.cat\/salainfantil\/miniclub-juny-2\/","og_site_name":"SALA INFANTIL","article_published_time":"2024-06-13T11:45:11+00:00","article_modified_time":"2024-06-13T11:45:12+00:00","og_image":[{"width":695,"height":350,"url":"https:\/\/biblioteca.blanes.cat\/salainfantil\/wp-content\/uploads\/sites\/2\/2024\/02\/Miniclub-695x350-1.png","type":"image\/png"}],"author":"biblioblanes","twitter_card":"summary_large_image","twitter_creator":"@biblioblanes","twitter_misc":{"Escrit per":"biblioblanes","Temps estimat de lectura":"4 minuts"},"schema":{"@context":"https:\/\/schema.org","@graph":[{"@type":"Article","@id":"https:\/\/biblioteca.blanes.cat\/salainfantil\/miniclub-juny-2\/#article","isPartOf":{"@id":"https:\/\/biblioteca.blanes.cat\/salainfantil\/miniclub-juny-2\/"},"author":{"name":"biblioblanes","@id":"https:\/\/biblioteca.blanes.cat\/salainfantil\/#\/schema\/person\/5a7b46760d9dd611d098bbf571a341dc"},"headline":"Miniclub: juny","datePublished":"2024-06-13T11:45:11+00:00","dateModified":"2024-06-13T11:45:12+00:00","mainEntityOfPage":{"@id":"https:\/\/biblioteca.blanes.cat\/salainfantil\/miniclub-juny-2\/"},"wordCount":354,"commentCount":0,"image":{"@id":"https:\/\/biblioteca.blanes.cat\/salainfantil\/miniclub-juny-2\/#primaryimage"},"thumbnailUrl":"https:\/\/biblioteca.blanes.cat\/salainfantil\/wp-content\/uploads\/sites\/2\/2024\/02\/Miniclub-695x350-1.png","keywords":["Activitats","Fes una ullada","MINICLUB"],"articleSection":["Activitats","Fes una ullada","Trobades miniclub"],"inLanguage":"ca","potentialAction":[{"@type":"CommentAction","name":"Comment","target":["https:\/\/biblioteca.blanes.cat\/salainfantil\/miniclub-juny-2\/#respond"]}]},{"@type":"WebPage","@id":"https:\/\/biblioteca.blanes.cat\/salainfantil\/miniclub-juny-2\/","url":"https:\/\/biblioteca.blanes.cat\/salainfantil\/miniclub-juny-2\/","name":"Miniclub: juny - SALA INFANTIL","isPartOf":{"@id":"https:\/\/biblioteca.blanes.cat\/salainfantil\/#website"},"primaryImageOfPage":{"@id":"https:\/\/biblioteca.blanes.cat\/salainfantil\/miniclub-juny-2\/#primaryimage"},"image":{"@id":"https:\/\/biblioteca.blanes.cat\/salainfantil\/miniclub-juny-2\/#primaryimage"},"thumbnailUrl":"https:\/\/biblioteca.blanes.cat\/salainfantil\/wp-content\/uploads\/sites\/2\/2024\/02\/Miniclub-695x350-1.png","datePublished":"2024-06-13T11:45:11+00:00","dateModified":"2024-06-13T11:45:12+00:00","author":{"@id":"https:\/\/biblioteca.blanes.cat\/salainfantil\/#\/schema\/person\/5a7b46760d9dd611d098bbf571a341dc"},"breadcrumb":{"@id":"https:\/\/biblioteca.blanes.cat\/salainfantil\/miniclub-juny-2\/#breadcrumb"},"inLanguage":"ca","potentialAction":[{"@type":"ReadAction","target":["https:\/\/biblioteca.blanes.cat\/salainfantil\/miniclub-juny-2\/"]}]},{"@type":"ImageObject","inLanguage":"ca","@id":"https:\/\/biblioteca.blanes.cat\/salainfantil\/miniclub-juny-2\/#primaryimage","url":"https:\/\/biblioteca.blanes.cat\/salainfantil\/wp-content\/uploads\/sites\/2\/2024\/02\/Miniclub-695x350-1.png","contentUrl":"https:\/\/biblioteca.blanes.cat\/salainfantil\/wp-content\/uploads\/sites\/2\/2024\/02\/Miniclub-695x350-1.png","width":695,"height":350},{"@type":"BreadcrumbList","@id":"https:\/\/biblioteca.blanes.cat\/salainfantil\/miniclub-juny-2\/#breadcrumb","itemListElement":[{"@type":"ListItem","position":1,"name":"Inici","item":"https:\/\/biblioteca.blanes.cat\/salainfantil\/"},{"@type":"ListItem","position":2,"name":"Miniclub: juny"}]},{"@type":"WebSite","@id":"https:\/\/biblioteca.blanes.cat\/salainfantil\/#website","url":"https:\/\/biblioteca.blanes.cat\/salainfantil\/","name":"SALA INFANTIL","description":"Biblioteca Roberto Bola\u00f1o","potentialAction":[{"@type":"SearchAction","target":{"@type":"EntryPoint","urlTemplate":"https:\/\/biblioteca.blanes.cat\/salainfantil\/?s={search_term_string}"},"query-input":{"@type":"PropertyValueSpecification","valueRequired":true,"valueName":"search_term_string"}}],"inLanguage":"ca"},{"@type":"Person","@id":"https:\/\/biblioteca.blanes.cat\/salainfantil\/#\/schema\/person\/5a7b46760d9dd611d098bbf571a341dc","name":"biblioblanes","image":{"@type":"ImageObject","inLanguage":"ca","@id":"https:\/\/secure.gravatar.com\/avatar\/6593ca6cc90e5a70939f51c95e8315483b9c281bafba597292bee47992030f99?s=96&d=mm&r=g","url":"https:\/\/secure.gravatar.com\/avatar\/6593ca6cc90e5a70939f51c95e8315483b9c281bafba597292bee47992030f99?s=96&d=mm&r=g","contentUrl":"https:\/\/secure.gravatar.com\/avatar\/6593ca6cc90e5a70939f51c95e8315483b9c281bafba597292bee47992030f99?s=96&d=mm&r=g","caption":"biblioblanes"},"sameAs":["http:\/\/www.bibgirona.cat\/biblioteca\/blanes","https:\/\/x.com\/biblioblanes"],"url":"https:\/\/biblioteca.blanes.cat\/salainfantil\/author\/biblioblanes\/"}]}},"_links":{"self":[{"href":"https:\/\/biblioteca.blanes.cat\/salainfantil\/wp-json\/wp\/v2\/posts\/8934","targetHints":{"allow":["GET"]}}],"collection":[{"href":"https:\/\/biblioteca.blanes.cat\/salainfantil\/wp-json\/wp\/v2\/posts"}],"about":[{"href":"https:\/\/biblioteca.blanes.cat\/salainfantil\/wp-json\/wp\/v2\/types\/post"}],"author":[{"embeddable":true,"href":"https:\/\/biblioteca.blanes.cat\/salainfantil\/wp-json\/wp\/v2\/users\/4"}],"replies":[{"embeddable":true,"href":"https:\/\/biblioteca.blanes.cat\/salainfantil\/wp-json\/wp\/v2\/comments?post=8934"}],"version-history":[{"count":1,"href":"https:\/\/biblioteca.blanes.cat\/salainfantil\/wp-json\/wp\/v2\/posts\/8934\/revisions"}],"predecessor-version":[{"id":8945,"href":"https:\/\/biblioteca.blanes.cat\/salainfantil\/wp-json\/wp\/v2\/posts\/8934\/revisions\/8945"}],"wp:featuredmedia":[{"embeddable":true,"href":"https:\/\/biblioteca.blanes.cat\/salainfantil\/wp-json\/wp\/v2\/media\/8409"}],"wp:attachment":[{"href":"https:\/\/biblioteca.blanes.cat\/salainfantil\/wp-json\/wp\/v2\/media?parent=8934"}],"wp:term":[{"taxonomy":"category","embeddable":true,"href":"https:\/\/biblioteca.blanes.cat\/salainfantil\/wp-json\/wp\/v2\/categories?post=8934"},{"taxonomy":"post_tag","embeddable":true,"href":"https:\/\/biblioteca.blanes.cat\/salainfantil\/wp-json\/wp\/v2\/tags?post=8934"}],"curies":[{"name":"wp","href":"https:\/\/api.w.org\/{rel}","templated":true}]}}