{"id":7998,"date":"2023-11-07T17:42:21","date_gmt":"2023-11-07T16:42:21","guid":{"rendered":"https:\/\/biblioteca.blanes.cat\/salainfantil\/?p=7998"},"modified":"2023-11-07T17:42:22","modified_gmt":"2023-11-07T16:42:22","slug":"matinal-bola-de-drac","status":"publish","type":"post","link":"https:\/\/biblioteca.blanes.cat\/salainfantil\/matinal-bola-de-drac\/","title":{"rendered":"MATINAL BOLA DE DRAC"},"content":{"rendered":"\n<p>El passat dissabte 21 d\u2019octubre va ser espectacular!!<\/p>\n<p><!--more--><\/p>\n<p><img fetchpriority=\"high\" decoding=\"async\" class=\"size-medium wp-image-8000 alignleft\" src=\"https:\/\/biblioteca.blanes.cat\/salainfantil\/wp-content\/uploads\/sites\/2\/2023\/11\/Matinal-Bola-de-Drac-oct-2023-212x300.png\" alt=\"\" width=\"212\" height=\"300\" srcset=\"https:\/\/biblioteca.blanes.cat\/salainfantil\/wp-content\/uploads\/sites\/2\/2023\/11\/Matinal-Bola-de-Drac-oct-2023-212x300.png 212w, https:\/\/biblioteca.blanes.cat\/salainfantil\/wp-content\/uploads\/sites\/2\/2023\/11\/Matinal-Bola-de-Drac-oct-2023-724x1024.png 724w, https:\/\/biblioteca.blanes.cat\/salainfantil\/wp-content\/uploads\/sites\/2\/2023\/11\/Matinal-Bola-de-Drac-oct-2023-768x1086.png 768w, https:\/\/biblioteca.blanes.cat\/salainfantil\/wp-content\/uploads\/sites\/2\/2023\/11\/Matinal-Bola-de-Drac-oct-2023-1086x1536.png 1086w, https:\/\/biblioteca.blanes.cat\/salainfantil\/wp-content\/uploads\/sites\/2\/2023\/11\/Matinal-Bola-de-Drac-oct-2023.png 1191w\" sizes=\"(max-width: 212px) 100vw, 212px\" \/><\/p>\n<p>\u00a0<\/p>\n<p>A la Biblioteca Comarcal de Blanes, juntament amb les biblioteques SELVAtges de la comarca de La Selva, v\u00e0rem passar el mat\u00ed amb un munt de propostes relacionades amb el m\u00f3n de Bola de Drac.<\/p>\n<p>\u00a0<\/p>\n<p><img decoding=\"async\" class=\"aligncenter size-medium wp-image-8004\" src=\"https:\/\/biblioteca.blanes.cat\/salainfantil\/wp-content\/uploads\/sites\/2\/2023\/11\/10-225x300.jpg\" alt=\"\" width=\"225\" height=\"300\" srcset=\"https:\/\/biblioteca.blanes.cat\/salainfantil\/wp-content\/uploads\/sites\/2\/2023\/11\/10-225x300.jpg 225w, https:\/\/biblioteca.blanes.cat\/salainfantil\/wp-content\/uploads\/sites\/2\/2023\/11\/10.jpg 768w\" sizes=\"(max-width: 225px) 100vw, 225px\" \/><\/p>\n<p>\u00a0<\/p>\n<p><strong>Quasi 400 persones<\/strong> van gaudir d\u2019activitats, tallers, balls i trobades lectores. I \u00e9s que durant 4 hores, la biblioteca es va omplir de la cultura japonesa i de tot el que fa refer\u00e8ncia a ella. Fins hi tot alguns dels participants venien ben preparats per endinsar-se en el m\u00f3n d&#8217;en Goku.<\/p>\n<p>\u00a0<\/p>\n<div id='gallery-1' class='gallery galleryid-7998 gallery-columns-2 gallery-size-medium'><figure class='gallery-item'>\n\t\t\t<div class='gallery-icon landscape'>\n\t\t\t\t<a href='https:\/\/biblioteca.blanes.cat\/salainfantil\/matinal-bola-de-drac\/6-2\/'><img decoding=\"async\" width=\"300\" height=\"225\" src=\"https:\/\/biblioteca.blanes.cat\/salainfantil\/wp-content\/uploads\/sites\/2\/2023\/11\/6-300x225.jpg\" class=\"attachment-medium size-medium\" alt=\"\" srcset=\"https:\/\/biblioteca.blanes.cat\/salainfantil\/wp-content\/uploads\/sites\/2\/2023\/11\/6-300x225.jpg 300w, https:\/\/biblioteca.blanes.cat\/salainfantil\/wp-content\/uploads\/sites\/2\/2023\/11\/6-768x576.jpg 768w, https:\/\/biblioteca.blanes.cat\/salainfantil\/wp-content\/uploads\/sites\/2\/2023\/11\/6.jpg 1024w\" sizes=\"(max-width: 300px) 100vw, 300px\" \/><\/a>\n\t\t\t<\/div><\/figure><figure class='gallery-item'>\n\t\t\t<div class='gallery-icon landscape'>\n\t\t\t\t<a href='https:\/\/biblioteca.blanes.cat\/salainfantil\/matinal-bola-de-drac\/7-2\/'><img loading=\"lazy\" decoding=\"async\" width=\"300\" height=\"225\" src=\"https:\/\/biblioteca.blanes.cat\/salainfantil\/wp-content\/uploads\/sites\/2\/2023\/11\/7-300x225.jpg\" class=\"attachment-medium size-medium\" alt=\"\" srcset=\"https:\/\/biblioteca.blanes.cat\/salainfantil\/wp-content\/uploads\/sites\/2\/2023\/11\/7-300x225.jpg 300w, https:\/\/biblioteca.blanes.cat\/salainfantil\/wp-content\/uploads\/sites\/2\/2023\/11\/7-768x576.jpg 768w, https:\/\/biblioteca.blanes.cat\/salainfantil\/wp-content\/uploads\/sites\/2\/2023\/11\/7.jpg 1024w\" sizes=\"(max-width: 300px) 100vw, 300px\" \/><\/a>\n\t\t\t<\/div><\/figure>\n\t\t<\/div>\n\n<p>\u00a0<\/p>\n<p>Es van fer tallers de Furoshiki (embolcalls japonesos), tallers de Shodo (cal\u00b7ligrafia japonesa amb aigua), tallers de Origami (de geishas i samurais), tallers de Bola de Drac, trobada dels clubs de lectura infantils, taller de xapes&#8230; i moltes altres activitats que van fer del dissabte un dia molt i molt especial.<\/p>\n<p>\u00a0<\/p>\n<div id='gallery-2' class='gallery galleryid-7998 gallery-columns-2 gallery-size-medium'><figure class='gallery-item'>\n\t\t\t<div class='gallery-icon landscape'>\n\t\t\t\t<a href='https:\/\/biblioteca.blanes.cat\/salainfantil\/matinal-bola-de-drac\/1-8\/'><img loading=\"lazy\" decoding=\"async\" width=\"300\" height=\"225\" src=\"https:\/\/biblioteca.blanes.cat\/salainfantil\/wp-content\/uploads\/sites\/2\/2023\/11\/1-300x225.jpg\" class=\"attachment-medium size-medium\" alt=\"\" srcset=\"https:\/\/biblioteca.blanes.cat\/salainfantil\/wp-content\/uploads\/sites\/2\/2023\/11\/1-300x225.jpg 300w, https:\/\/biblioteca.blanes.cat\/salainfantil\/wp-content\/uploads\/sites\/2\/2023\/11\/1-768x576.jpg 768w, https:\/\/biblioteca.blanes.cat\/salainfantil\/wp-content\/uploads\/sites\/2\/2023\/11\/1.jpg 1024w\" sizes=\"(max-width: 300px) 100vw, 300px\" \/><\/a>\n\t\t\t<\/div><\/figure><figure class='gallery-item'>\n\t\t\t<div class='gallery-icon portrait'>\n\t\t\t\t<a href='https:\/\/biblioteca.blanes.cat\/salainfantil\/matinal-bola-de-drac\/2-6\/'><img loading=\"lazy\" decoding=\"async\" width=\"225\" height=\"300\" src=\"https:\/\/biblioteca.blanes.cat\/salainfantil\/wp-content\/uploads\/sites\/2\/2023\/11\/2-225x300.jpg\" class=\"attachment-medium size-medium\" alt=\"\" srcset=\"https:\/\/biblioteca.blanes.cat\/salainfantil\/wp-content\/uploads\/sites\/2\/2023\/11\/2-225x300.jpg 225w, https:\/\/biblioteca.blanes.cat\/salainfantil\/wp-content\/uploads\/sites\/2\/2023\/11\/2.jpg 768w\" sizes=\"(max-width: 225px) 100vw, 225px\" \/><\/a>\n\t\t\t<\/div><\/figure><figure class='gallery-item'>\n\t\t\t<div class='gallery-icon landscape'>\n\t\t\t\t<a href='https:\/\/biblioteca.blanes.cat\/salainfantil\/matinal-bola-de-drac\/3-2\/'><img loading=\"lazy\" decoding=\"async\" width=\"300\" height=\"225\" src=\"https:\/\/biblioteca.blanes.cat\/salainfantil\/wp-content\/uploads\/sites\/2\/2023\/11\/3-300x225.jpg\" class=\"attachment-medium size-medium\" alt=\"\" srcset=\"https:\/\/biblioteca.blanes.cat\/salainfantil\/wp-content\/uploads\/sites\/2\/2023\/11\/3-300x225.jpg 300w, https:\/\/biblioteca.blanes.cat\/salainfantil\/wp-content\/uploads\/sites\/2\/2023\/11\/3-768x576.jpg 768w, https:\/\/biblioteca.blanes.cat\/salainfantil\/wp-content\/uploads\/sites\/2\/2023\/11\/3.jpg 1024w\" sizes=\"(max-width: 300px) 100vw, 300px\" \/><\/a>\n\t\t\t<\/div><\/figure><figure class='gallery-item'>\n\t\t\t<div class='gallery-icon portrait'>\n\t\t\t\t<a href='https:\/\/biblioteca.blanes.cat\/salainfantil\/matinal-bola-de-drac\/4-2\/'><img loading=\"lazy\" decoding=\"async\" width=\"225\" height=\"300\" src=\"https:\/\/biblioteca.blanes.cat\/salainfantil\/wp-content\/uploads\/sites\/2\/2023\/11\/4-225x300.jpg\" class=\"attachment-medium size-medium\" alt=\"\" srcset=\"https:\/\/biblioteca.blanes.cat\/salainfantil\/wp-content\/uploads\/sites\/2\/2023\/11\/4-225x300.jpg 225w, https:\/\/biblioteca.blanes.cat\/salainfantil\/wp-content\/uploads\/sites\/2\/2023\/11\/4.jpg 768w\" sizes=\"(max-width: 225px) 100vw, 225px\" \/><\/a>\n\t\t\t<\/div><\/figure><figure class='gallery-item'>\n\t\t\t<div class='gallery-icon portrait'>\n\t\t\t\t<a href='https:\/\/biblioteca.blanes.cat\/salainfantil\/matinal-bola-de-drac\/5-2\/'><img loading=\"lazy\" decoding=\"async\" width=\"225\" height=\"300\" src=\"https:\/\/biblioteca.blanes.cat\/salainfantil\/wp-content\/uploads\/sites\/2\/2023\/11\/5-225x300.jpg\" class=\"attachment-medium size-medium\" alt=\"\" srcset=\"https:\/\/biblioteca.blanes.cat\/salainfantil\/wp-content\/uploads\/sites\/2\/2023\/11\/5-225x300.jpg 225w, https:\/\/biblioteca.blanes.cat\/salainfantil\/wp-content\/uploads\/sites\/2\/2023\/11\/5.jpg 768w\" sizes=\"(max-width: 225px) 100vw, 225px\" \/><\/a>\n\t\t\t<\/div><\/figure><figure class='gallery-item'>\n\t\t\t<div class='gallery-icon landscape'>\n\t\t\t\t<a href='https:\/\/biblioteca.blanes.cat\/salainfantil\/matinal-bola-de-drac\/attachment\/11\/'><img loading=\"lazy\" decoding=\"async\" width=\"300\" height=\"225\" src=\"https:\/\/biblioteca.blanes.cat\/salainfantil\/wp-content\/uploads\/sites\/2\/2023\/11\/11-300x225.jpg\" class=\"attachment-medium size-medium\" alt=\"\" srcset=\"https:\/\/biblioteca.blanes.cat\/salainfantil\/wp-content\/uploads\/sites\/2\/2023\/11\/11-300x225.jpg 300w, https:\/\/biblioteca.blanes.cat\/salainfantil\/wp-content\/uploads\/sites\/2\/2023\/11\/11-768x576.jpg 768w, https:\/\/biblioteca.blanes.cat\/salainfantil\/wp-content\/uploads\/sites\/2\/2023\/11\/11.jpg 1024w\" sizes=\"(max-width: 300px) 100vw, 300px\" \/><\/a>\n\t\t\t<\/div><\/figure><figure class='gallery-item'>\n\t\t\t<div class='gallery-icon landscape'>\n\t\t\t\t<a href='https:\/\/biblioteca.blanes.cat\/salainfantil\/matinal-bola-de-drac\/photo-2023-11-07-14-17\/'><img loading=\"lazy\" decoding=\"async\" width=\"300\" height=\"225\" src=\"https:\/\/biblioteca.blanes.cat\/salainfantil\/wp-content\/uploads\/sites\/2\/2023\/11\/PHOTO-2023-11-07-14-17-300x225.jpg\" class=\"attachment-medium size-medium\" alt=\"\" srcset=\"https:\/\/biblioteca.blanes.cat\/salainfantil\/wp-content\/uploads\/sites\/2\/2023\/11\/PHOTO-2023-11-07-14-17-300x225.jpg 300w, https:\/\/biblioteca.blanes.cat\/salainfantil\/wp-content\/uploads\/sites\/2\/2023\/11\/PHOTO-2023-11-07-14-17-768x576.jpg 768w, https:\/\/biblioteca.blanes.cat\/salainfantil\/wp-content\/uploads\/sites\/2\/2023\/11\/PHOTO-2023-11-07-14-17.jpg 1024w\" sizes=\"(max-width: 300px) 100vw, 300px\" \/><\/a>\n\t\t\t<\/div><\/figure><figure class='gallery-item'>\n\t\t\t<div class='gallery-icon portrait'>\n\t\t\t\t<a href='https:\/\/biblioteca.blanes.cat\/salainfantil\/matinal-bola-de-drac\/photo-2023-11-07-14-17-16\/'><img loading=\"lazy\" decoding=\"async\" width=\"225\" height=\"300\" src=\"https:\/\/biblioteca.blanes.cat\/salainfantil\/wp-content\/uploads\/sites\/2\/2023\/11\/PHOTO-2023-11-07-14-17-16-225x300.jpg\" class=\"attachment-medium size-medium\" alt=\"\" srcset=\"https:\/\/biblioteca.blanes.cat\/salainfantil\/wp-content\/uploads\/sites\/2\/2023\/11\/PHOTO-2023-11-07-14-17-16-225x300.jpg 225w, https:\/\/biblioteca.blanes.cat\/salainfantil\/wp-content\/uploads\/sites\/2\/2023\/11\/PHOTO-2023-11-07-14-17-16.jpg 768w\" sizes=\"(max-width: 225px) 100vw, 225px\" \/><\/a>\n\t\t\t<\/div><\/figure>\n\t\t<\/div>\n\n<p>\u00a0<\/p>\n<h5 style=\"text-align: center;\">I no us penseu que ja en tenim prou&#8230; perqu\u00e8 ja estem preparant la propera matinal del 2024.<\/h5>\n<h5 style=\"text-align: center;\"><strong>Te la perdr\u00e0s?<\/strong><\/h5>\n<p>\u00a0<\/p>\n","protected":false},"excerpt":{"rendered":"<p>El passat dissabte 21 d\u2019octubre va ser espectacular!!<\/p>\n","protected":false},"author":4,"featured_media":7999,"comment_status":"open","ping_status":"open","sticky":false,"template":"","format":"standard","meta":{"sfsi_plus_gutenberg_text_before_share":"","sfsi_plus_gutenberg_show_text_before_share":"","sfsi_plus_gutenberg_icon_type":"","sfsi_plus_gutenberg_icon_alignemt":"","sfsi_plus_gutenburg_max_per_row":"","footnotes":""},"categories":[6,1],"tags":[],"class_list":["post-7998","post","type-post","status-publish","format-standard","has-post-thumbnail","hentry","category-activitats","category-general"],"yoast_head":"<!-- This site is optimized with the Yoast SEO plugin v27.5 - https:\/\/yoast.com\/product\/yoast-seo-wordpress\/ -->\n<title>MATINAL BOLA DE DRAC - SALA INFANTIL<\/title>\n<meta name=\"robots\" content=\"index, follow, max-snippet:-1, max-image-preview:large, max-video-preview:-1\" \/>\n<link rel=\"canonical\" href=\"https:\/\/biblioteca.blanes.cat\/salainfantil\/matinal-bola-de-drac\/\" \/>\n<meta property=\"og:locale\" content=\"ca_ES\" \/>\n<meta property=\"og:type\" content=\"article\" \/>\n<meta property=\"og:title\" content=\"MATINAL BOLA DE DRAC - SALA INFANTIL\" \/>\n<meta property=\"og:description\" content=\"El passat dissabte 21 d\u2019octubre va ser espectacular!!\" \/>\n<meta property=\"og:url\" content=\"https:\/\/biblioteca.blanes.cat\/salainfantil\/matinal-bola-de-drac\/\" \/>\n<meta property=\"og:site_name\" content=\"SALA INFANTIL\" \/>\n<meta property=\"article:published_time\" content=\"2023-11-07T16:42:21+00:00\" \/>\n<meta property=\"article:modified_time\" content=\"2023-11-07T16:42:22+00:00\" \/>\n<meta property=\"og:image\" content=\"https:\/\/biblioteca.blanes.cat\/salainfantil\/wp-content\/uploads\/sites\/2\/2023\/11\/81s5OOYPdbL._AC_UF10001000_QL80_.jpg\" \/>\n\t<meta property=\"og:image:width\" content=\"685\" \/>\n\t<meta property=\"og:image:height\" content=\"1000\" \/>\n\t<meta property=\"og:image:type\" content=\"image\/jpeg\" \/>\n<meta name=\"author\" content=\"biblioblanes\" \/>\n<meta name=\"twitter:card\" content=\"summary_large_image\" \/>\n<meta name=\"twitter:creator\" content=\"@biblioblanes\" \/>\n<meta name=\"twitter:label1\" content=\"Escrit per\" \/>\n\t<meta name=\"twitter:data1\" content=\"biblioblanes\" \/>\n\t<meta name=\"twitter:label2\" content=\"Temps estimat de lectura\" \/>\n\t<meta name=\"twitter:data2\" content=\"2 minuts\" \/>\n<script type=\"application\/ld+json\" class=\"yoast-schema-graph\">{\"@context\":\"https:\\\/\\\/schema.org\",\"@graph\":[{\"@type\":\"Article\",\"@id\":\"https:\\\/\\\/biblioteca.blanes.cat\\\/salainfantil\\\/matinal-bola-de-drac\\\/#article\",\"isPartOf\":{\"@id\":\"https:\\\/\\\/biblioteca.blanes.cat\\\/salainfantil\\\/matinal-bola-de-drac\\\/\"},\"author\":{\"name\":\"biblioblanes\",\"@id\":\"https:\\\/\\\/biblioteca.blanes.cat\\\/salainfantil\\\/#\\\/schema\\\/person\\\/5a7b46760d9dd611d098bbf571a341dc\"},\"headline\":\"MATINAL BOLA DE DRAC\",\"datePublished\":\"2023-11-07T16:42:21+00:00\",\"dateModified\":\"2023-11-07T16:42:22+00:00\",\"mainEntityOfPage\":{\"@id\":\"https:\\\/\\\/biblioteca.blanes.cat\\\/salainfantil\\\/matinal-bola-de-drac\\\/\"},\"wordCount\":184,\"commentCount\":0,\"image\":{\"@id\":\"https:\\\/\\\/biblioteca.blanes.cat\\\/salainfantil\\\/matinal-bola-de-drac\\\/#primaryimage\"},\"thumbnailUrl\":\"https:\\\/\\\/biblioteca.blanes.cat\\\/salainfantil\\\/wp-content\\\/uploads\\\/sites\\\/2\\\/2023\\\/11\\\/81s5OOYPdbL._AC_UF10001000_QL80_.jpg\",\"articleSection\":[\"Activitats\",\"Fes una ullada\"],\"inLanguage\":\"ca\",\"potentialAction\":[{\"@type\":\"CommentAction\",\"name\":\"Comment\",\"target\":[\"https:\\\/\\\/biblioteca.blanes.cat\\\/salainfantil\\\/matinal-bola-de-drac\\\/#respond\"]}]},{\"@type\":\"WebPage\",\"@id\":\"https:\\\/\\\/biblioteca.blanes.cat\\\/salainfantil\\\/matinal-bola-de-drac\\\/\",\"url\":\"https:\\\/\\\/biblioteca.blanes.cat\\\/salainfantil\\\/matinal-bola-de-drac\\\/\",\"name\":\"MATINAL BOLA DE DRAC - SALA INFANTIL\",\"isPartOf\":{\"@id\":\"https:\\\/\\\/biblioteca.blanes.cat\\\/salainfantil\\\/#website\"},\"primaryImageOfPage\":{\"@id\":\"https:\\\/\\\/biblioteca.blanes.cat\\\/salainfantil\\\/matinal-bola-de-drac\\\/#primaryimage\"},\"image\":{\"@id\":\"https:\\\/\\\/biblioteca.blanes.cat\\\/salainfantil\\\/matinal-bola-de-drac\\\/#primaryimage\"},\"thumbnailUrl\":\"https:\\\/\\\/biblioteca.blanes.cat\\\/salainfantil\\\/wp-content\\\/uploads\\\/sites\\\/2\\\/2023\\\/11\\\/81s5OOYPdbL._AC_UF10001000_QL80_.jpg\",\"datePublished\":\"2023-11-07T16:42:21+00:00\",\"dateModified\":\"2023-11-07T16:42:22+00:00\",\"author\":{\"@id\":\"https:\\\/\\\/biblioteca.blanes.cat\\\/salainfantil\\\/#\\\/schema\\\/person\\\/5a7b46760d9dd611d098bbf571a341dc\"},\"breadcrumb\":{\"@id\":\"https:\\\/\\\/biblioteca.blanes.cat\\\/salainfantil\\\/matinal-bola-de-drac\\\/#breadcrumb\"},\"inLanguage\":\"ca\",\"potentialAction\":[{\"@type\":\"ReadAction\",\"target\":[\"https:\\\/\\\/biblioteca.blanes.cat\\\/salainfantil\\\/matinal-bola-de-drac\\\/\"]}]},{\"@type\":\"ImageObject\",\"inLanguage\":\"ca\",\"@id\":\"https:\\\/\\\/biblioteca.blanes.cat\\\/salainfantil\\\/matinal-bola-de-drac\\\/#primaryimage\",\"url\":\"https:\\\/\\\/biblioteca.blanes.cat\\\/salainfantil\\\/wp-content\\\/uploads\\\/sites\\\/2\\\/2023\\\/11\\\/81s5OOYPdbL._AC_UF10001000_QL80_.jpg\",\"contentUrl\":\"https:\\\/\\\/biblioteca.blanes.cat\\\/salainfantil\\\/wp-content\\\/uploads\\\/sites\\\/2\\\/2023\\\/11\\\/81s5OOYPdbL._AC_UF10001000_QL80_.jpg\",\"width\":685,\"height\":1000},{\"@type\":\"BreadcrumbList\",\"@id\":\"https:\\\/\\\/biblioteca.blanes.cat\\\/salainfantil\\\/matinal-bola-de-drac\\\/#breadcrumb\",\"itemListElement\":[{\"@type\":\"ListItem\",\"position\":1,\"name\":\"Inici\",\"item\":\"https:\\\/\\\/biblioteca.blanes.cat\\\/salainfantil\\\/\"},{\"@type\":\"ListItem\",\"position\":2,\"name\":\"MATINAL BOLA DE DRAC\"}]},{\"@type\":\"WebSite\",\"@id\":\"https:\\\/\\\/biblioteca.blanes.cat\\\/salainfantil\\\/#website\",\"url\":\"https:\\\/\\\/biblioteca.blanes.cat\\\/salainfantil\\\/\",\"name\":\"SALA INFANTIL\",\"description\":\"Biblioteca Roberto Bola\u00f1o\",\"potentialAction\":[{\"@type\":\"SearchAction\",\"target\":{\"@type\":\"EntryPoint\",\"urlTemplate\":\"https:\\\/\\\/biblioteca.blanes.cat\\\/salainfantil\\\/?s={search_term_string}\"},\"query-input\":{\"@type\":\"PropertyValueSpecification\",\"valueRequired\":true,\"valueName\":\"search_term_string\"}}],\"inLanguage\":\"ca\"},{\"@type\":\"Person\",\"@id\":\"https:\\\/\\\/biblioteca.blanes.cat\\\/salainfantil\\\/#\\\/schema\\\/person\\\/5a7b46760d9dd611d098bbf571a341dc\",\"name\":\"biblioblanes\",\"image\":{\"@type\":\"ImageObject\",\"inLanguage\":\"ca\",\"@id\":\"https:\\\/\\\/secure.gravatar.com\\\/avatar\\\/6593ca6cc90e5a70939f51c95e8315483b9c281bafba597292bee47992030f99?s=96&d=mm&r=g\",\"url\":\"https:\\\/\\\/secure.gravatar.com\\\/avatar\\\/6593ca6cc90e5a70939f51c95e8315483b9c281bafba597292bee47992030f99?s=96&d=mm&r=g\",\"contentUrl\":\"https:\\\/\\\/secure.gravatar.com\\\/avatar\\\/6593ca6cc90e5a70939f51c95e8315483b9c281bafba597292bee47992030f99?s=96&d=mm&r=g\",\"caption\":\"biblioblanes\"},\"sameAs\":[\"http:\\\/\\\/www.bibgirona.cat\\\/biblioteca\\\/blanes\",\"https:\\\/\\\/x.com\\\/biblioblanes\"],\"url\":\"https:\\\/\\\/biblioteca.blanes.cat\\\/salainfantil\\\/author\\\/biblioblanes\\\/\"}]}<\/script>\n<!-- \/ Yoast SEO plugin. -->","yoast_head_json":{"title":"MATINAL BOLA DE DRAC - SALA INFANTIL","robots":{"index":"index","follow":"follow","max-snippet":"max-snippet:-1","max-image-preview":"max-image-preview:large","max-video-preview":"max-video-preview:-1"},"canonical":"https:\/\/biblioteca.blanes.cat\/salainfantil\/matinal-bola-de-drac\/","og_locale":"ca_ES","og_type":"article","og_title":"MATINAL BOLA DE DRAC - SALA INFANTIL","og_description":"El passat dissabte 21 d\u2019octubre va ser espectacular!!","og_url":"https:\/\/biblioteca.blanes.cat\/salainfantil\/matinal-bola-de-drac\/","og_site_name":"SALA INFANTIL","article_published_time":"2023-11-07T16:42:21+00:00","article_modified_time":"2023-11-07T16:42:22+00:00","og_image":[{"width":685,"height":1000,"url":"https:\/\/biblioteca.blanes.cat\/salainfantil\/wp-content\/uploads\/sites\/2\/2023\/11\/81s5OOYPdbL._AC_UF10001000_QL80_.jpg","type":"image\/jpeg"}],"author":"biblioblanes","twitter_card":"summary_large_image","twitter_creator":"@biblioblanes","twitter_misc":{"Escrit per":"biblioblanes","Temps estimat de lectura":"2 minuts"},"schema":{"@context":"https:\/\/schema.org","@graph":[{"@type":"Article","@id":"https:\/\/biblioteca.blanes.cat\/salainfantil\/matinal-bola-de-drac\/#article","isPartOf":{"@id":"https:\/\/biblioteca.blanes.cat\/salainfantil\/matinal-bola-de-drac\/"},"author":{"name":"biblioblanes","@id":"https:\/\/biblioteca.blanes.cat\/salainfantil\/#\/schema\/person\/5a7b46760d9dd611d098bbf571a341dc"},"headline":"MATINAL BOLA DE DRAC","datePublished":"2023-11-07T16:42:21+00:00","dateModified":"2023-11-07T16:42:22+00:00","mainEntityOfPage":{"@id":"https:\/\/biblioteca.blanes.cat\/salainfantil\/matinal-bola-de-drac\/"},"wordCount":184,"commentCount":0,"image":{"@id":"https:\/\/biblioteca.blanes.cat\/salainfantil\/matinal-bola-de-drac\/#primaryimage"},"thumbnailUrl":"https:\/\/biblioteca.blanes.cat\/salainfantil\/wp-content\/uploads\/sites\/2\/2023\/11\/81s5OOYPdbL._AC_UF10001000_QL80_.jpg","articleSection":["Activitats","Fes una ullada"],"inLanguage":"ca","potentialAction":[{"@type":"CommentAction","name":"Comment","target":["https:\/\/biblioteca.blanes.cat\/salainfantil\/matinal-bola-de-drac\/#respond"]}]},{"@type":"WebPage","@id":"https:\/\/biblioteca.blanes.cat\/salainfantil\/matinal-bola-de-drac\/","url":"https:\/\/biblioteca.blanes.cat\/salainfantil\/matinal-bola-de-drac\/","name":"MATINAL BOLA DE DRAC - SALA INFANTIL","isPartOf":{"@id":"https:\/\/biblioteca.blanes.cat\/salainfantil\/#website"},"primaryImageOfPage":{"@id":"https:\/\/biblioteca.blanes.cat\/salainfantil\/matinal-bola-de-drac\/#primaryimage"},"image":{"@id":"https:\/\/biblioteca.blanes.cat\/salainfantil\/matinal-bola-de-drac\/#primaryimage"},"thumbnailUrl":"https:\/\/biblioteca.blanes.cat\/salainfantil\/wp-content\/uploads\/sites\/2\/2023\/11\/81s5OOYPdbL._AC_UF10001000_QL80_.jpg","datePublished":"2023-11-07T16:42:21+00:00","dateModified":"2023-11-07T16:42:22+00:00","author":{"@id":"https:\/\/biblioteca.blanes.cat\/salainfantil\/#\/schema\/person\/5a7b46760d9dd611d098bbf571a341dc"},"breadcrumb":{"@id":"https:\/\/biblioteca.blanes.cat\/salainfantil\/matinal-bola-de-drac\/#breadcrumb"},"inLanguage":"ca","potentialAction":[{"@type":"ReadAction","target":["https:\/\/biblioteca.blanes.cat\/salainfantil\/matinal-bola-de-drac\/"]}]},{"@type":"ImageObject","inLanguage":"ca","@id":"https:\/\/biblioteca.blanes.cat\/salainfantil\/matinal-bola-de-drac\/#primaryimage","url":"https:\/\/biblioteca.blanes.cat\/salainfantil\/wp-content\/uploads\/sites\/2\/2023\/11\/81s5OOYPdbL._AC_UF10001000_QL80_.jpg","contentUrl":"https:\/\/biblioteca.blanes.cat\/salainfantil\/wp-content\/uploads\/sites\/2\/2023\/11\/81s5OOYPdbL._AC_UF10001000_QL80_.jpg","width":685,"height":1000},{"@type":"BreadcrumbList","@id":"https:\/\/biblioteca.blanes.cat\/salainfantil\/matinal-bola-de-drac\/#breadcrumb","itemListElement":[{"@type":"ListItem","position":1,"name":"Inici","item":"https:\/\/biblioteca.blanes.cat\/salainfantil\/"},{"@type":"ListItem","position":2,"name":"MATINAL BOLA DE DRAC"}]},{"@type":"WebSite","@id":"https:\/\/biblioteca.blanes.cat\/salainfantil\/#website","url":"https:\/\/biblioteca.blanes.cat\/salainfantil\/","name":"SALA INFANTIL","description":"Biblioteca Roberto Bola\u00f1o","potentialAction":[{"@type":"SearchAction","target":{"@type":"EntryPoint","urlTemplate":"https:\/\/biblioteca.blanes.cat\/salainfantil\/?s={search_term_string}"},"query-input":{"@type":"PropertyValueSpecification","valueRequired":true,"valueName":"search_term_string"}}],"inLanguage":"ca"},{"@type":"Person","@id":"https:\/\/biblioteca.blanes.cat\/salainfantil\/#\/schema\/person\/5a7b46760d9dd611d098bbf571a341dc","name":"biblioblanes","image":{"@type":"ImageObject","inLanguage":"ca","@id":"https:\/\/secure.gravatar.com\/avatar\/6593ca6cc90e5a70939f51c95e8315483b9c281bafba597292bee47992030f99?s=96&d=mm&r=g","url":"https:\/\/secure.gravatar.com\/avatar\/6593ca6cc90e5a70939f51c95e8315483b9c281bafba597292bee47992030f99?s=96&d=mm&r=g","contentUrl":"https:\/\/secure.gravatar.com\/avatar\/6593ca6cc90e5a70939f51c95e8315483b9c281bafba597292bee47992030f99?s=96&d=mm&r=g","caption":"biblioblanes"},"sameAs":["http:\/\/www.bibgirona.cat\/biblioteca\/blanes","https:\/\/x.com\/biblioblanes"],"url":"https:\/\/biblioteca.blanes.cat\/salainfantil\/author\/biblioblanes\/"}]}},"_links":{"self":[{"href":"https:\/\/biblioteca.blanes.cat\/salainfantil\/wp-json\/wp\/v2\/posts\/7998","targetHints":{"allow":["GET"]}}],"collection":[{"href":"https:\/\/biblioteca.blanes.cat\/salainfantil\/wp-json\/wp\/v2\/posts"}],"about":[{"href":"https:\/\/biblioteca.blanes.cat\/salainfantil\/wp-json\/wp\/v2\/types\/post"}],"author":[{"embeddable":true,"href":"https:\/\/biblioteca.blanes.cat\/salainfantil\/wp-json\/wp\/v2\/users\/4"}],"replies":[{"embeddable":true,"href":"https:\/\/biblioteca.blanes.cat\/salainfantil\/wp-json\/wp\/v2\/comments?post=7998"}],"version-history":[{"count":2,"href":"https:\/\/biblioteca.blanes.cat\/salainfantil\/wp-json\/wp\/v2\/posts\/7998\/revisions"}],"predecessor-version":[{"id":8015,"href":"https:\/\/biblioteca.blanes.cat\/salainfantil\/wp-json\/wp\/v2\/posts\/7998\/revisions\/8015"}],"wp:featuredmedia":[{"embeddable":true,"href":"https:\/\/biblioteca.blanes.cat\/salainfantil\/wp-json\/wp\/v2\/media\/7999"}],"wp:attachment":[{"href":"https:\/\/biblioteca.blanes.cat\/salainfantil\/wp-json\/wp\/v2\/media?parent=7998"}],"wp:term":[{"taxonomy":"category","embeddable":true,"href":"https:\/\/biblioteca.blanes.cat\/salainfantil\/wp-json\/wp\/v2\/categories?post=7998"},{"taxonomy":"post_tag","embeddable":true,"href":"https:\/\/biblioteca.blanes.cat\/salainfantil\/wp-json\/wp\/v2\/tags?post=7998"}],"curies":[{"name":"wp","href":"https:\/\/api.w.org\/{rel}","templated":true}]}}