{"id":709,"date":"2019-01-18T16:18:46","date_gmt":"2019-01-18T15:18:46","guid":{"rendered":"https:\/\/biblioteca.blanes.cat\/salainfantil\/?p=709"},"modified":"2019-02-01T16:49:36","modified_gmt":"2019-02-01T15:49:36","slug":"miniclub-gener-2019","status":"publish","type":"post","link":"https:\/\/biblioteca.blanes.cat\/salainfantil\/miniclub-gener-2019\/","title":{"rendered":"MINICLUB: gener 2019"},"content":{"rendered":"<h1 style=\"text-align: left;\"><span style=\"color: #829c35; font-size: 36px;\"><span style=\"font-family: Barrio;\"><strong>EL LLADRE DE GALLINES<a href=\"https:\/\/biblioteca.blanes.cat\/salainfantil\/wp-content\/uploads\/sites\/2\/2019\/01\/lladre-gallines.jpg\" target=\"_blank\" rel=\"noopener\"><img decoding=\"async\" class=\"wp-image-712 alignright\" src=\"https:\/\/biblioteca.blanes.cat\/salainfantil\/wp-content\/uploads\/sites\/2\/2019\/01\/lladre-gallines-300x197.jpg\" alt=\"\" width=\"187\" height=\"123\" srcset=\"https:\/\/biblioteca.blanes.cat\/salainfantil\/wp-content\/uploads\/sites\/2\/2019\/01\/lladre-gallines-300x197.jpg 300w, https:\/\/biblioteca.blanes.cat\/salainfantil\/wp-content\/uploads\/sites\/2\/2019\/01\/lladre-gallines-768x505.jpg 768w, https:\/\/biblioteca.blanes.cat\/salainfantil\/wp-content\/uploads\/sites\/2\/2019\/01\/lladre-gallines.jpg 795w\" sizes=\"(max-width: 187px) 100vw, 187px\" \/><\/a><\/strong><\/span><\/span><\/h1>\n<p style=\"text-align: left;\"><span style=\"font-size: 28px;\"><em><span style=\"color: #829c35;\"><span style=\"font-family: Barrio;\">Beatrice Rodr\u00edguez<\/span><\/span><\/em><\/span><\/p>\n<p>&nbsp;<\/p>\n<p><span style=\"font-family: Lato; font-size: 20px;\">Hem encetat l\u2019any amb la lectura d\u2019 aquest \u00e0lbum il\u00b7lustrat \u00a0de la Beatrice Rodr\u00edguez, una mestra de la narraci\u00f3 sense paraules que ens porta una hist\u00f2ria per \u201cllegir\u201d abans de saber llegir.<\/span><\/p>\n<p><span style=\"font-family: Lato; font-size: 20px;\">Des de la primer\u00edssima imatge, el lector entra en la hist\u00f2ria i es veu embrancat en una escena d&#8217;acci\u00f3.<\/span><\/p>\n<p><span style=\"font-family: Lato; font-size: 20px;\">Una guineu rapta a una gallina que viu amb un \u00f3s, un conill, un gall . Amb aquest inici, podem pensar que la vol per menjar-se-la per\u00f2 no, no t\u00e9 gens a veure amb aix\u00f2. <\/span><\/p>\n<p><span style=\"font-family: Lato; font-size: 20px;\">Durant la fugida, l&#8217;\u00f3s, el conill i el gall perseguiran a la guineu fins a la fi del m\u00f3n, enfrontant-se a mil perills per rescatar a la seva amiga gallina. Tan sols tres paraules converteixen l&#8217;escena en un conte, sense pre\u00e0mbuls, sense res m\u00e9s que un t\u00edtol:<\/span><\/p>\n<p style=\"text-align: center;\"><span style=\"font-size: 20px;\"><strong><span style=\"font-family: Lato; color: #829c35;\">LLADRE DE GALLINES<\/span><\/strong><\/span><\/p>\n<p><span style=\"font-family: Lato; font-size: 20px;\">Una hist\u00f2ria de bons i dolents, una faula d\u2019animals amb un final inesperat, una hist\u00f2ria que ens ha emocionat i sorpr\u00e8s als grans i als petits amb diferents punts de vista, diferents veus i com que les il\u00b7lustracions s\u00f3n tan clares i plenes de color els nens han pogut anar donant forma a la hist\u00f2ria sense necessitat de llegir-la.<\/p>\n<p><a href=\"https:\/\/biblioteca.blanes.cat\/salainfantil\/wp-content\/uploads\/sites\/2\/2019\/01\/BiblioBlanes_miniclub_gener2019-2.jpg\" target=\"_blank\" rel=\"noopener\"><img decoding=\"async\" class=\"aligncenter wp-image-713 \" src=\"https:\/\/biblioteca.blanes.cat\/salainfantil\/wp-content\/uploads\/sites\/2\/2019\/01\/BiblioBlanes_miniclub_gener2019-2-300x225.jpg\" alt=\"\" width=\"247\" height=\"185\" srcset=\"https:\/\/biblioteca.blanes.cat\/salainfantil\/wp-content\/uploads\/sites\/2\/2019\/01\/BiblioBlanes_miniclub_gener2019-2-300x225.jpg 300w, https:\/\/biblioteca.blanes.cat\/salainfantil\/wp-content\/uploads\/sites\/2\/2019\/01\/BiblioBlanes_miniclub_gener2019-2-768x576.jpg 768w, https:\/\/biblioteca.blanes.cat\/salainfantil\/wp-content\/uploads\/sites\/2\/2019\/01\/BiblioBlanes_miniclub_gener2019-2-1024x768.jpg 1024w\" sizes=\"(max-width: 247px) 100vw, 247px\" \/><\/a><\/span><\/p>\n<p><span style=\"font-family: Lato; font-size: 20px;\">Els petits lectors, han vist una bonica hist\u00f2ria d\u2019amistat i els m\u00e9s grans han anat m\u00e9s enll\u00e0 i han interpretat la hist\u00f2ria de m\u00faltiples maneres.<\/span><\/p>\n<p><span style=\"font-family: Lato; font-size: 20px;\">El que s\u00ed queda clar \u00e9s que les aparences a vegades enganyen, que hem de deslliurar-nos dels prejudicis i que l\u2019amor no t\u00e9 l\u00edmits de cap mena&#8230; i que la guineu, vermella com la de l\u2019editorial,\u00a0 <em><strong>ens ha robat el cor<\/strong>.<\/em><\/span><\/p>\n<p style=\"text-align: right;\"><em>By Isabel Brunet<\/em><\/p>\n","protected":false},"excerpt":{"rendered":"<p>EL LLADRE DE GALLINES Beatrice Rodr\u00edguez &nbsp; Hem encetat l\u2019any amb la lectura d\u2019 aquest \u00e0lbum il\u00b7lustrat \u00a0de la Beatrice Rodr\u00edguez, una mestra de la narraci\u00f3 sense paraules que ens porta una hist\u00f2ria per \u201cllegir\u201d abans de saber llegir. Des<\/p>\n","protected":false},"author":4,"featured_media":722,"comment_status":"open","ping_status":"open","sticky":false,"template":"","format":"standard","meta":{"sfsi_plus_gutenberg_text_before_share":"","sfsi_plus_gutenberg_show_text_before_share":"","sfsi_plus_gutenberg_icon_type":"","sfsi_plus_gutenberg_icon_alignemt":"","sfsi_plus_gutenburg_max_per_row":"","footnotes":""},"categories":[9],"tags":[],"class_list":["post-709","post","type-post","status-publish","format-standard","has-post-thumbnail","hentry","category-trobades-miniclub"],"yoast_head":"<!-- This site is optimized with the Yoast SEO plugin v27.5 - https:\/\/yoast.com\/product\/yoast-seo-wordpress\/ -->\n<title>MINICLUB: gener 2019 EL LLADRE DE GALLINES<\/title>\n<meta name=\"description\" content=\"Hem encetat l\u2019any amb la lectura d\u2019 aquest \u00e0lbum il\u00b7lustrat de la Beatrice Rodr\u00edguez, una mestra de la narraci\u00f3 sense paraules que ens porta una hist\u00f2ria per \u201cllegir\u201d abans de saber llegir.\" \/>\n<meta name=\"robots\" content=\"index, follow, max-snippet:-1, max-image-preview:large, max-video-preview:-1\" \/>\n<link rel=\"canonical\" href=\"https:\/\/biblioteca.blanes.cat\/salainfantil\/miniclub-gener-2019\/\" \/>\n<meta property=\"og:locale\" content=\"ca_ES\" \/>\n<meta property=\"og:type\" content=\"article\" \/>\n<meta property=\"og:title\" content=\"MINICLUB: gener 2019 EL LLADRE DE GALLINES\" \/>\n<meta property=\"og:description\" content=\"Hem encetat l\u2019any amb la lectura d\u2019 aquest \u00e0lbum il\u00b7lustrat de la Beatrice Rodr\u00edguez, una mestra de la narraci\u00f3 sense paraules que ens porta una hist\u00f2ria per \u201cllegir\u201d abans de saber llegir.\" \/>\n<meta property=\"og:url\" content=\"https:\/\/biblioteca.blanes.cat\/salainfantil\/miniclub-gener-2019\/\" \/>\n<meta property=\"og:site_name\" content=\"SALA INFANTIL\" \/>\n<meta property=\"article:published_time\" content=\"2019-01-18T15:18:46+00:00\" \/>\n<meta property=\"article:modified_time\" content=\"2019-02-01T15:49:36+00:00\" \/>\n<meta property=\"og:image\" content=\"https:\/\/biblioteca.blanes.cat\/salainfantil\/wp-content\/uploads\/sites\/2\/2019\/01\/Miniclub.png\" \/>\n\t<meta property=\"og:image:width\" content=\"695\" \/>\n\t<meta property=\"og:image:height\" content=\"675\" \/>\n\t<meta property=\"og:image:type\" content=\"image\/png\" \/>\n<meta name=\"author\" content=\"biblioblanes\" \/>\n<meta name=\"twitter:card\" content=\"summary_large_image\" \/>\n<meta name=\"twitter:creator\" content=\"@biblioblanes\" \/>\n<meta name=\"twitter:label1\" content=\"Escrit per\" \/>\n\t<meta name=\"twitter:data1\" content=\"biblioblanes\" \/>\n\t<meta name=\"twitter:label2\" content=\"Temps estimat de lectura\" \/>\n\t<meta name=\"twitter:data2\" content=\"1 minut\" \/>\n<script type=\"application\/ld+json\" class=\"yoast-schema-graph\">{\"@context\":\"https:\\\/\\\/schema.org\",\"@graph\":[{\"@type\":\"Article\",\"@id\":\"https:\\\/\\\/biblioteca.blanes.cat\\\/salainfantil\\\/miniclub-gener-2019\\\/#article\",\"isPartOf\":{\"@id\":\"https:\\\/\\\/biblioteca.blanes.cat\\\/salainfantil\\\/miniclub-gener-2019\\\/\"},\"author\":{\"name\":\"biblioblanes\",\"@id\":\"https:\\\/\\\/biblioteca.blanes.cat\\\/salainfantil\\\/#\\\/schema\\\/person\\\/5a7b46760d9dd611d098bbf571a341dc\"},\"headline\":\"MINICLUB: gener 2019\",\"datePublished\":\"2019-01-18T15:18:46+00:00\",\"dateModified\":\"2019-02-01T15:49:36+00:00\",\"mainEntityOfPage\":{\"@id\":\"https:\\\/\\\/biblioteca.blanes.cat\\\/salainfantil\\\/miniclub-gener-2019\\\/\"},\"wordCount\":302,\"commentCount\":0,\"image\":{\"@id\":\"https:\\\/\\\/biblioteca.blanes.cat\\\/salainfantil\\\/miniclub-gener-2019\\\/#primaryimage\"},\"thumbnailUrl\":\"https:\\\/\\\/biblioteca.blanes.cat\\\/salainfantil\\\/wp-content\\\/uploads\\\/sites\\\/2\\\/2019\\\/01\\\/Miniclub.png\",\"articleSection\":[\"Trobades miniclub\"],\"inLanguage\":\"ca\",\"potentialAction\":[{\"@type\":\"CommentAction\",\"name\":\"Comment\",\"target\":[\"https:\\\/\\\/biblioteca.blanes.cat\\\/salainfantil\\\/miniclub-gener-2019\\\/#respond\"]}]},{\"@type\":\"WebPage\",\"@id\":\"https:\\\/\\\/biblioteca.blanes.cat\\\/salainfantil\\\/miniclub-gener-2019\\\/\",\"url\":\"https:\\\/\\\/biblioteca.blanes.cat\\\/salainfantil\\\/miniclub-gener-2019\\\/\",\"name\":\"MINICLUB: gener 2019 EL LLADRE DE GALLINES\",\"isPartOf\":{\"@id\":\"https:\\\/\\\/biblioteca.blanes.cat\\\/salainfantil\\\/#website\"},\"primaryImageOfPage\":{\"@id\":\"https:\\\/\\\/biblioteca.blanes.cat\\\/salainfantil\\\/miniclub-gener-2019\\\/#primaryimage\"},\"image\":{\"@id\":\"https:\\\/\\\/biblioteca.blanes.cat\\\/salainfantil\\\/miniclub-gener-2019\\\/#primaryimage\"},\"thumbnailUrl\":\"https:\\\/\\\/biblioteca.blanes.cat\\\/salainfantil\\\/wp-content\\\/uploads\\\/sites\\\/2\\\/2019\\\/01\\\/Miniclub.png\",\"datePublished\":\"2019-01-18T15:18:46+00:00\",\"dateModified\":\"2019-02-01T15:49:36+00:00\",\"author\":{\"@id\":\"https:\\\/\\\/biblioteca.blanes.cat\\\/salainfantil\\\/#\\\/schema\\\/person\\\/5a7b46760d9dd611d098bbf571a341dc\"},\"description\":\"Hem encetat l\u2019any amb la lectura d\u2019 aquest \u00e0lbum il\u00b7lustrat de la Beatrice Rodr\u00edguez, una mestra de la narraci\u00f3 sense paraules que ens porta una hist\u00f2ria per \u201cllegir\u201d abans de saber llegir.\",\"breadcrumb\":{\"@id\":\"https:\\\/\\\/biblioteca.blanes.cat\\\/salainfantil\\\/miniclub-gener-2019\\\/#breadcrumb\"},\"inLanguage\":\"ca\",\"potentialAction\":[{\"@type\":\"ReadAction\",\"target\":[\"https:\\\/\\\/biblioteca.blanes.cat\\\/salainfantil\\\/miniclub-gener-2019\\\/\"]}]},{\"@type\":\"ImageObject\",\"inLanguage\":\"ca\",\"@id\":\"https:\\\/\\\/biblioteca.blanes.cat\\\/salainfantil\\\/miniclub-gener-2019\\\/#primaryimage\",\"url\":\"https:\\\/\\\/biblioteca.blanes.cat\\\/salainfantil\\\/wp-content\\\/uploads\\\/sites\\\/2\\\/2019\\\/01\\\/Miniclub.png\",\"contentUrl\":\"https:\\\/\\\/biblioteca.blanes.cat\\\/salainfantil\\\/wp-content\\\/uploads\\\/sites\\\/2\\\/2019\\\/01\\\/Miniclub.png\",\"width\":695,\"height\":675},{\"@type\":\"BreadcrumbList\",\"@id\":\"https:\\\/\\\/biblioteca.blanes.cat\\\/salainfantil\\\/miniclub-gener-2019\\\/#breadcrumb\",\"itemListElement\":[{\"@type\":\"ListItem\",\"position\":1,\"name\":\"Inici\",\"item\":\"https:\\\/\\\/biblioteca.blanes.cat\\\/salainfantil\\\/\"},{\"@type\":\"ListItem\",\"position\":2,\"name\":\"MINICLUB: gener 2019\"}]},{\"@type\":\"WebSite\",\"@id\":\"https:\\\/\\\/biblioteca.blanes.cat\\\/salainfantil\\\/#website\",\"url\":\"https:\\\/\\\/biblioteca.blanes.cat\\\/salainfantil\\\/\",\"name\":\"SALA INFANTIL\",\"description\":\"Biblioteca Roberto Bola\u00f1o\",\"potentialAction\":[{\"@type\":\"SearchAction\",\"target\":{\"@type\":\"EntryPoint\",\"urlTemplate\":\"https:\\\/\\\/biblioteca.blanes.cat\\\/salainfantil\\\/?s={search_term_string}\"},\"query-input\":{\"@type\":\"PropertyValueSpecification\",\"valueRequired\":true,\"valueName\":\"search_term_string\"}}],\"inLanguage\":\"ca\"},{\"@type\":\"Person\",\"@id\":\"https:\\\/\\\/biblioteca.blanes.cat\\\/salainfantil\\\/#\\\/schema\\\/person\\\/5a7b46760d9dd611d098bbf571a341dc\",\"name\":\"biblioblanes\",\"image\":{\"@type\":\"ImageObject\",\"inLanguage\":\"ca\",\"@id\":\"https:\\\/\\\/secure.gravatar.com\\\/avatar\\\/6593ca6cc90e5a70939f51c95e8315483b9c281bafba597292bee47992030f99?s=96&d=mm&r=g\",\"url\":\"https:\\\/\\\/secure.gravatar.com\\\/avatar\\\/6593ca6cc90e5a70939f51c95e8315483b9c281bafba597292bee47992030f99?s=96&d=mm&r=g\",\"contentUrl\":\"https:\\\/\\\/secure.gravatar.com\\\/avatar\\\/6593ca6cc90e5a70939f51c95e8315483b9c281bafba597292bee47992030f99?s=96&d=mm&r=g\",\"caption\":\"biblioblanes\"},\"sameAs\":[\"http:\\\/\\\/www.bibgirona.cat\\\/biblioteca\\\/blanes\",\"https:\\\/\\\/x.com\\\/biblioblanes\"],\"url\":\"https:\\\/\\\/biblioteca.blanes.cat\\\/salainfantil\\\/author\\\/biblioblanes\\\/\"}]}<\/script>\n<!-- \/ Yoast SEO plugin. -->","yoast_head_json":{"title":"MINICLUB: gener 2019 EL LLADRE DE GALLINES","description":"Hem encetat l\u2019any amb la lectura d\u2019 aquest \u00e0lbum il\u00b7lustrat de la Beatrice Rodr\u00edguez, una mestra de la narraci\u00f3 sense paraules que ens porta una hist\u00f2ria per \u201cllegir\u201d abans de saber llegir.","robots":{"index":"index","follow":"follow","max-snippet":"max-snippet:-1","max-image-preview":"max-image-preview:large","max-video-preview":"max-video-preview:-1"},"canonical":"https:\/\/biblioteca.blanes.cat\/salainfantil\/miniclub-gener-2019\/","og_locale":"ca_ES","og_type":"article","og_title":"MINICLUB: gener 2019 EL LLADRE DE GALLINES","og_description":"Hem encetat l\u2019any amb la lectura d\u2019 aquest \u00e0lbum il\u00b7lustrat de la Beatrice Rodr\u00edguez, una mestra de la narraci\u00f3 sense paraules que ens porta una hist\u00f2ria per \u201cllegir\u201d abans de saber llegir.","og_url":"https:\/\/biblioteca.blanes.cat\/salainfantil\/miniclub-gener-2019\/","og_site_name":"SALA INFANTIL","article_published_time":"2019-01-18T15:18:46+00:00","article_modified_time":"2019-02-01T15:49:36+00:00","og_image":[{"width":695,"height":675,"url":"https:\/\/biblioteca.blanes.cat\/salainfantil\/wp-content\/uploads\/sites\/2\/2019\/01\/Miniclub.png","type":"image\/png"}],"author":"biblioblanes","twitter_card":"summary_large_image","twitter_creator":"@biblioblanes","twitter_misc":{"Escrit per":"biblioblanes","Temps estimat de lectura":"1 minut"},"schema":{"@context":"https:\/\/schema.org","@graph":[{"@type":"Article","@id":"https:\/\/biblioteca.blanes.cat\/salainfantil\/miniclub-gener-2019\/#article","isPartOf":{"@id":"https:\/\/biblioteca.blanes.cat\/salainfantil\/miniclub-gener-2019\/"},"author":{"name":"biblioblanes","@id":"https:\/\/biblioteca.blanes.cat\/salainfantil\/#\/schema\/person\/5a7b46760d9dd611d098bbf571a341dc"},"headline":"MINICLUB: gener 2019","datePublished":"2019-01-18T15:18:46+00:00","dateModified":"2019-02-01T15:49:36+00:00","mainEntityOfPage":{"@id":"https:\/\/biblioteca.blanes.cat\/salainfantil\/miniclub-gener-2019\/"},"wordCount":302,"commentCount":0,"image":{"@id":"https:\/\/biblioteca.blanes.cat\/salainfantil\/miniclub-gener-2019\/#primaryimage"},"thumbnailUrl":"https:\/\/biblioteca.blanes.cat\/salainfantil\/wp-content\/uploads\/sites\/2\/2019\/01\/Miniclub.png","articleSection":["Trobades miniclub"],"inLanguage":"ca","potentialAction":[{"@type":"CommentAction","name":"Comment","target":["https:\/\/biblioteca.blanes.cat\/salainfantil\/miniclub-gener-2019\/#respond"]}]},{"@type":"WebPage","@id":"https:\/\/biblioteca.blanes.cat\/salainfantil\/miniclub-gener-2019\/","url":"https:\/\/biblioteca.blanes.cat\/salainfantil\/miniclub-gener-2019\/","name":"MINICLUB: gener 2019 EL LLADRE DE GALLINES","isPartOf":{"@id":"https:\/\/biblioteca.blanes.cat\/salainfantil\/#website"},"primaryImageOfPage":{"@id":"https:\/\/biblioteca.blanes.cat\/salainfantil\/miniclub-gener-2019\/#primaryimage"},"image":{"@id":"https:\/\/biblioteca.blanes.cat\/salainfantil\/miniclub-gener-2019\/#primaryimage"},"thumbnailUrl":"https:\/\/biblioteca.blanes.cat\/salainfantil\/wp-content\/uploads\/sites\/2\/2019\/01\/Miniclub.png","datePublished":"2019-01-18T15:18:46+00:00","dateModified":"2019-02-01T15:49:36+00:00","author":{"@id":"https:\/\/biblioteca.blanes.cat\/salainfantil\/#\/schema\/person\/5a7b46760d9dd611d098bbf571a341dc"},"description":"Hem encetat l\u2019any amb la lectura d\u2019 aquest \u00e0lbum il\u00b7lustrat de la Beatrice Rodr\u00edguez, una mestra de la narraci\u00f3 sense paraules que ens porta una hist\u00f2ria per \u201cllegir\u201d abans de saber llegir.","breadcrumb":{"@id":"https:\/\/biblioteca.blanes.cat\/salainfantil\/miniclub-gener-2019\/#breadcrumb"},"inLanguage":"ca","potentialAction":[{"@type":"ReadAction","target":["https:\/\/biblioteca.blanes.cat\/salainfantil\/miniclub-gener-2019\/"]}]},{"@type":"ImageObject","inLanguage":"ca","@id":"https:\/\/biblioteca.blanes.cat\/salainfantil\/miniclub-gener-2019\/#primaryimage","url":"https:\/\/biblioteca.blanes.cat\/salainfantil\/wp-content\/uploads\/sites\/2\/2019\/01\/Miniclub.png","contentUrl":"https:\/\/biblioteca.blanes.cat\/salainfantil\/wp-content\/uploads\/sites\/2\/2019\/01\/Miniclub.png","width":695,"height":675},{"@type":"BreadcrumbList","@id":"https:\/\/biblioteca.blanes.cat\/salainfantil\/miniclub-gener-2019\/#breadcrumb","itemListElement":[{"@type":"ListItem","position":1,"name":"Inici","item":"https:\/\/biblioteca.blanes.cat\/salainfantil\/"},{"@type":"ListItem","position":2,"name":"MINICLUB: gener 2019"}]},{"@type":"WebSite","@id":"https:\/\/biblioteca.blanes.cat\/salainfantil\/#website","url":"https:\/\/biblioteca.blanes.cat\/salainfantil\/","name":"SALA INFANTIL","description":"Biblioteca Roberto Bola\u00f1o","potentialAction":[{"@type":"SearchAction","target":{"@type":"EntryPoint","urlTemplate":"https:\/\/biblioteca.blanes.cat\/salainfantil\/?s={search_term_string}"},"query-input":{"@type":"PropertyValueSpecification","valueRequired":true,"valueName":"search_term_string"}}],"inLanguage":"ca"},{"@type":"Person","@id":"https:\/\/biblioteca.blanes.cat\/salainfantil\/#\/schema\/person\/5a7b46760d9dd611d098bbf571a341dc","name":"biblioblanes","image":{"@type":"ImageObject","inLanguage":"ca","@id":"https:\/\/secure.gravatar.com\/avatar\/6593ca6cc90e5a70939f51c95e8315483b9c281bafba597292bee47992030f99?s=96&d=mm&r=g","url":"https:\/\/secure.gravatar.com\/avatar\/6593ca6cc90e5a70939f51c95e8315483b9c281bafba597292bee47992030f99?s=96&d=mm&r=g","contentUrl":"https:\/\/secure.gravatar.com\/avatar\/6593ca6cc90e5a70939f51c95e8315483b9c281bafba597292bee47992030f99?s=96&d=mm&r=g","caption":"biblioblanes"},"sameAs":["http:\/\/www.bibgirona.cat\/biblioteca\/blanes","https:\/\/x.com\/biblioblanes"],"url":"https:\/\/biblioteca.blanes.cat\/salainfantil\/author\/biblioblanes\/"}]}},"_links":{"self":[{"href":"https:\/\/biblioteca.blanes.cat\/salainfantil\/wp-json\/wp\/v2\/posts\/709","targetHints":{"allow":["GET"]}}],"collection":[{"href":"https:\/\/biblioteca.blanes.cat\/salainfantil\/wp-json\/wp\/v2\/posts"}],"about":[{"href":"https:\/\/biblioteca.blanes.cat\/salainfantil\/wp-json\/wp\/v2\/types\/post"}],"author":[{"embeddable":true,"href":"https:\/\/biblioteca.blanes.cat\/salainfantil\/wp-json\/wp\/v2\/users\/4"}],"replies":[{"embeddable":true,"href":"https:\/\/biblioteca.blanes.cat\/salainfantil\/wp-json\/wp\/v2\/comments?post=709"}],"version-history":[{"count":4,"href":"https:\/\/biblioteca.blanes.cat\/salainfantil\/wp-json\/wp\/v2\/posts\/709\/revisions"}],"predecessor-version":[{"id":717,"href":"https:\/\/biblioteca.blanes.cat\/salainfantil\/wp-json\/wp\/v2\/posts\/709\/revisions\/717"}],"wp:featuredmedia":[{"embeddable":true,"href":"https:\/\/biblioteca.blanes.cat\/salainfantil\/wp-json\/wp\/v2\/media\/722"}],"wp:attachment":[{"href":"https:\/\/biblioteca.blanes.cat\/salainfantil\/wp-json\/wp\/v2\/media?parent=709"}],"wp:term":[{"taxonomy":"category","embeddable":true,"href":"https:\/\/biblioteca.blanes.cat\/salainfantil\/wp-json\/wp\/v2\/categories?post=709"},{"taxonomy":"post_tag","embeddable":true,"href":"https:\/\/biblioteca.blanes.cat\/salainfantil\/wp-json\/wp\/v2\/tags?post=709"}],"curies":[{"name":"wp","href":"https:\/\/api.w.org\/{rel}","templated":true}]}}