{"id":6921,"date":"2023-02-24T17:34:55","date_gmt":"2023-02-24T16:34:55","guid":{"rendered":"https:\/\/biblioteca.blanes.cat\/salainfantil\/?p=6921"},"modified":"2023-02-24T19:42:40","modified_gmt":"2023-02-24T18:42:40","slug":"miniclub-gener","status":"publish","type":"post","link":"https:\/\/biblioteca.blanes.cat\/salainfantil\/miniclub-gener\/","title":{"rendered":"Miniclub: gener"},"content":{"rendered":"\n<h1><strong>FREDERICK<\/strong><\/h1>\n<h4><strong><em>Leo Lionni<\/em><\/strong><\/h4>\n\n\n\n<p>Ja hi tornem a ser! Que tal ha anat Nadal?<\/p>\n<p>L&#8217;escola comen\u00e7a i el club de lectura dels m\u00e9s menuts no s&#8217;atura.<\/p>\n<p>Aquest mes hem somiat amb la tendra hist\u00f2ria de Frederick:<\/p>\n<p><img fetchpriority=\"high\" decoding=\"async\" class=\" wp-image-6922 alignleft\" src=\"https:\/\/biblioteca.blanes.cat\/salainfantil\/wp-content\/uploads\/sites\/2\/2023\/02\/portada-219x300.jpg\" alt=\"\" width=\"268\" height=\"367\" srcset=\"https:\/\/biblioteca.blanes.cat\/salainfantil\/wp-content\/uploads\/sites\/2\/2023\/02\/portada-219x300.jpg 219w, https:\/\/biblioteca.blanes.cat\/salainfantil\/wp-content\/uploads\/sites\/2\/2023\/02\/portada.jpg 229w\" sizes=\"(max-width: 268px) 100vw, 268px\" \/><\/p>\n<p>&nbsp;<\/p>\n<p style=\"text-align: center;\"><em>Un ratol\u00ed que, mentre els seus companys es dediquen a recollir el menjar per l\u2019hivern, sembla que est\u00e0 perdent el temps.<\/em><\/p>\n<p style=\"text-align: center;\"><em>Per\u00f2 quan la resta li pregunten per qu\u00e8 no treballa, ell contesta que s\u00ed que est\u00e0 treballant. De fet, es dedica a recollir els rajos del sol, els colors i les paraules de l\u2019estiu.<\/em><\/p>\n<p style=\"text-align: center;\"><em>Leo Lionni, creador d\u2019aquesta bonica hist\u00f2ria, cl\u00e0ssic contemporani, autor il\u00b7lustrador fonamental de la literatura infantil i juvenil actual. Les seves hist\u00f2ries es caracteritzen per una personal\u00edssima i delicada forma d\u2019escriure i il\u00b7lustrar. <\/em><\/p>\n<p>&nbsp;<\/p>\n<p>&nbsp;<\/p>\n<p>&nbsp;<\/p>\n<p>Sabeu que les coses m\u00e9s importants s\u00f3n les que no es poden tocar amb les mans? L&#8217;Ona i els seus companys del Miniclub ho tenen molt clar. Les paraules, els colors i els rajos del sol s\u00f3n tant o m\u00e9s imprescindibles que menjar o beure.<br><br>El llibre de Frederick ens mostra un petit tastet de poesia a trav\u00e9s del poema final, creat pel protagonista amb les paraules que recull durant l&#8217;hivern. Segurament aquest primer contacte servir\u00e0 per endinsar als m\u00e9s petits a la poesia.<\/p>\n<p>&nbsp;<\/p>\n<p><img decoding=\"async\" class=\"aligncenter  wp-image-6923\" src=\"https:\/\/biblioteca.blanes.cat\/salainfantil\/wp-content\/uploads\/sites\/2\/2023\/02\/Miniclub_-Trobada-gener_-BiblioBlanes-19-300x225.jpg\" alt=\"\" width=\"357\" height=\"268\" srcset=\"https:\/\/biblioteca.blanes.cat\/salainfantil\/wp-content\/uploads\/sites\/2\/2023\/02\/Miniclub_-Trobada-gener_-BiblioBlanes-19-300x225.jpg 300w, https:\/\/biblioteca.blanes.cat\/salainfantil\/wp-content\/uploads\/sites\/2\/2023\/02\/Miniclub_-Trobada-gener_-BiblioBlanes-19-1024x768.jpg 1024w, https:\/\/biblioteca.blanes.cat\/salainfantil\/wp-content\/uploads\/sites\/2\/2023\/02\/Miniclub_-Trobada-gener_-BiblioBlanes-19-768x576.jpg 768w, https:\/\/biblioteca.blanes.cat\/salainfantil\/wp-content\/uploads\/sites\/2\/2023\/02\/Miniclub_-Trobada-gener_-BiblioBlanes-19-1536x1152.jpg 1536w, https:\/\/biblioteca.blanes.cat\/salainfantil\/wp-content\/uploads\/sites\/2\/2023\/02\/Miniclub_-Trobada-gener_-BiblioBlanes-19.jpg 2000w\" sizes=\"(max-width: 357px) 100vw, 357px\" \/><\/p>\n<p>&nbsp;<\/p>\n<p>Com a tancament final, un exercici d&#8217;imaginaci\u00f3. Fer o llegir poesia \u00e9s com somiar, per aix\u00f2 els nostres petits del Miniclub han fabricat els seus propis atrapa somnis. Perqu\u00e8 volem somiar bonic.<\/p>\n<p>&nbsp;<\/p>\n<h5><strong>Fins el mes vinent s\u00faper lectors!<\/strong><\/h5>\n<p>&nbsp;<\/p>\n<p><strong> <img decoding=\"async\" class=\" wp-image-6925 alignleft\" src=\"https:\/\/biblioteca.blanes.cat\/salainfantil\/wp-content\/uploads\/sites\/2\/2023\/02\/Miniclub_-Trobada-gener_-BiblioBlanes-2-225x300.jpg\" alt=\"\" width=\"195\" height=\"260\" srcset=\"https:\/\/biblioteca.blanes.cat\/salainfantil\/wp-content\/uploads\/sites\/2\/2023\/02\/Miniclub_-Trobada-gener_-BiblioBlanes-2-225x300.jpg 225w, https:\/\/biblioteca.blanes.cat\/salainfantil\/wp-content\/uploads\/sites\/2\/2023\/02\/Miniclub_-Trobada-gener_-BiblioBlanes-2-768x1024.jpg 768w, https:\/\/biblioteca.blanes.cat\/salainfantil\/wp-content\/uploads\/sites\/2\/2023\/02\/Miniclub_-Trobada-gener_-BiblioBlanes-2-1152x1536.jpg 1152w, https:\/\/biblioteca.blanes.cat\/salainfantil\/wp-content\/uploads\/sites\/2\/2023\/02\/Miniclub_-Trobada-gener_-BiblioBlanes-2.jpg 1500w\" sizes=\"(max-width: 195px) 100vw, 195px\" \/> <img loading=\"lazy\" decoding=\"async\" class=\" wp-image-6926 alignleft\" src=\"https:\/\/biblioteca.blanes.cat\/salainfantil\/wp-content\/uploads\/sites\/2\/2023\/02\/Miniclub_-Trobada-gener_-BiblioBlanes-3-225x300.jpg\" alt=\"\" width=\"195\" height=\"260\" srcset=\"https:\/\/biblioteca.blanes.cat\/salainfantil\/wp-content\/uploads\/sites\/2\/2023\/02\/Miniclub_-Trobada-gener_-BiblioBlanes-3-225x300.jpg 225w, https:\/\/biblioteca.blanes.cat\/salainfantil\/wp-content\/uploads\/sites\/2\/2023\/02\/Miniclub_-Trobada-gener_-BiblioBlanes-3-768x1024.jpg 768w, https:\/\/biblioteca.blanes.cat\/salainfantil\/wp-content\/uploads\/sites\/2\/2023\/02\/Miniclub_-Trobada-gener_-BiblioBlanes-3-1152x1536.jpg 1152w, https:\/\/biblioteca.blanes.cat\/salainfantil\/wp-content\/uploads\/sites\/2\/2023\/02\/Miniclub_-Trobada-gener_-BiblioBlanes-3.jpg 1500w\" sizes=\"(max-width: 195px) 100vw, 195px\" \/> <img loading=\"lazy\" decoding=\"async\" class=\" wp-image-6927 alignleft\" src=\"https:\/\/biblioteca.blanes.cat\/salainfantil\/wp-content\/uploads\/sites\/2\/2023\/02\/Miniclub_-Trobada-gener_-BiblioBlanes-4-225x300.jpg\" alt=\"\" width=\"195\" height=\"260\" srcset=\"https:\/\/biblioteca.blanes.cat\/salainfantil\/wp-content\/uploads\/sites\/2\/2023\/02\/Miniclub_-Trobada-gener_-BiblioBlanes-4-225x300.jpg 225w, https:\/\/biblioteca.blanes.cat\/salainfantil\/wp-content\/uploads\/sites\/2\/2023\/02\/Miniclub_-Trobada-gener_-BiblioBlanes-4-768x1024.jpg 768w, https:\/\/biblioteca.blanes.cat\/salainfantil\/wp-content\/uploads\/sites\/2\/2023\/02\/Miniclub_-Trobada-gener_-BiblioBlanes-4-1152x1536.jpg 1152w, https:\/\/biblioteca.blanes.cat\/salainfantil\/wp-content\/uploads\/sites\/2\/2023\/02\/Miniclub_-Trobada-gener_-BiblioBlanes-4.jpg 1500w\" sizes=\"(max-width: 195px) 100vw, 195px\" \/> <img loading=\"lazy\" decoding=\"async\" class=\" wp-image-6928 alignleft\" src=\"https:\/\/biblioteca.blanes.cat\/salainfantil\/wp-content\/uploads\/sites\/2\/2023\/02\/Miniclub_-Trobada-gener_-BiblioBlanes-5-225x300.jpg\" alt=\"\" width=\"195\" height=\"260\" srcset=\"https:\/\/biblioteca.blanes.cat\/salainfantil\/wp-content\/uploads\/sites\/2\/2023\/02\/Miniclub_-Trobada-gener_-BiblioBlanes-5-225x300.jpg 225w, https:\/\/biblioteca.blanes.cat\/salainfantil\/wp-content\/uploads\/sites\/2\/2023\/02\/Miniclub_-Trobada-gener_-BiblioBlanes-5-768x1024.jpg 768w, https:\/\/biblioteca.blanes.cat\/salainfantil\/wp-content\/uploads\/sites\/2\/2023\/02\/Miniclub_-Trobada-gener_-BiblioBlanes-5-1152x1536.jpg 1152w, https:\/\/biblioteca.blanes.cat\/salainfantil\/wp-content\/uploads\/sites\/2\/2023\/02\/Miniclub_-Trobada-gener_-BiblioBlanes-5.jpg 1500w\" sizes=\"(max-width: 195px) 100vw, 195px\" \/> <img loading=\"lazy\" decoding=\"async\" class=\" wp-image-6929 alignleft\" src=\"https:\/\/biblioteca.blanes.cat\/salainfantil\/wp-content\/uploads\/sites\/2\/2023\/02\/Miniclub_-Trobada-gener_-BiblioBlanes-6-225x300.jpg\" alt=\"\" width=\"195\" height=\"260\" srcset=\"https:\/\/biblioteca.blanes.cat\/salainfantil\/wp-content\/uploads\/sites\/2\/2023\/02\/Miniclub_-Trobada-gener_-BiblioBlanes-6-225x300.jpg 225w, https:\/\/biblioteca.blanes.cat\/salainfantil\/wp-content\/uploads\/sites\/2\/2023\/02\/Miniclub_-Trobada-gener_-BiblioBlanes-6-768x1024.jpg 768w, https:\/\/biblioteca.blanes.cat\/salainfantil\/wp-content\/uploads\/sites\/2\/2023\/02\/Miniclub_-Trobada-gener_-BiblioBlanes-6-1152x1536.jpg 1152w, https:\/\/biblioteca.blanes.cat\/salainfantil\/wp-content\/uploads\/sites\/2\/2023\/02\/Miniclub_-Trobada-gener_-BiblioBlanes-6.jpg 1500w\" sizes=\"(max-width: 195px) 100vw, 195px\" \/> <img loading=\"lazy\" decoding=\"async\" class=\" wp-image-6930 alignleft\" src=\"https:\/\/biblioteca.blanes.cat\/salainfantil\/wp-content\/uploads\/sites\/2\/2023\/02\/Miniclub_-Trobada-gener_-BiblioBlanes-7-225x300.jpg\" alt=\"\" width=\"195\" height=\"260\" srcset=\"https:\/\/biblioteca.blanes.cat\/salainfantil\/wp-content\/uploads\/sites\/2\/2023\/02\/Miniclub_-Trobada-gener_-BiblioBlanes-7-225x300.jpg 225w, https:\/\/biblioteca.blanes.cat\/salainfantil\/wp-content\/uploads\/sites\/2\/2023\/02\/Miniclub_-Trobada-gener_-BiblioBlanes-7-768x1024.jpg 768w, https:\/\/biblioteca.blanes.cat\/salainfantil\/wp-content\/uploads\/sites\/2\/2023\/02\/Miniclub_-Trobada-gener_-BiblioBlanes-7-1152x1536.jpg 1152w, https:\/\/biblioteca.blanes.cat\/salainfantil\/wp-content\/uploads\/sites\/2\/2023\/02\/Miniclub_-Trobada-gener_-BiblioBlanes-7.jpg 1500w\" sizes=\"(max-width: 195px) 100vw, 195px\" \/> <img loading=\"lazy\" decoding=\"async\" class=\" wp-image-6931 alignleft\" src=\"https:\/\/biblioteca.blanes.cat\/salainfantil\/wp-content\/uploads\/sites\/2\/2023\/02\/Miniclub_-Trobada-gener_-BiblioBlanes-8-225x300.jpg\" alt=\"\" width=\"195\" height=\"260\" srcset=\"https:\/\/biblioteca.blanes.cat\/salainfantil\/wp-content\/uploads\/sites\/2\/2023\/02\/Miniclub_-Trobada-gener_-BiblioBlanes-8-225x300.jpg 225w, https:\/\/biblioteca.blanes.cat\/salainfantil\/wp-content\/uploads\/sites\/2\/2023\/02\/Miniclub_-Trobada-gener_-BiblioBlanes-8-768x1024.jpg 768w, https:\/\/biblioteca.blanes.cat\/salainfantil\/wp-content\/uploads\/sites\/2\/2023\/02\/Miniclub_-Trobada-gener_-BiblioBlanes-8-1152x1536.jpg 1152w, https:\/\/biblioteca.blanes.cat\/salainfantil\/wp-content\/uploads\/sites\/2\/2023\/02\/Miniclub_-Trobada-gener_-BiblioBlanes-8.jpg 1500w\" sizes=\"(max-width: 195px) 100vw, 195px\" \/> <img loading=\"lazy\" decoding=\"async\" class=\" wp-image-6932 alignleft\" src=\"https:\/\/biblioteca.blanes.cat\/salainfantil\/wp-content\/uploads\/sites\/2\/2023\/02\/Miniclub_-Trobada-gener_-BiblioBlanes-9-224x300.jpg\" alt=\"\" width=\"195\" height=\"261\" srcset=\"https:\/\/biblioteca.blanes.cat\/salainfantil\/wp-content\/uploads\/sites\/2\/2023\/02\/Miniclub_-Trobada-gener_-BiblioBlanes-9-224x300.jpg 224w, https:\/\/biblioteca.blanes.cat\/salainfantil\/wp-content\/uploads\/sites\/2\/2023\/02\/Miniclub_-Trobada-gener_-BiblioBlanes-9-766x1024.jpg 766w, https:\/\/biblioteca.blanes.cat\/salainfantil\/wp-content\/uploads\/sites\/2\/2023\/02\/Miniclub_-Trobada-gener_-BiblioBlanes-9-768x1027.jpg 768w, https:\/\/biblioteca.blanes.cat\/salainfantil\/wp-content\/uploads\/sites\/2\/2023\/02\/Miniclub_-Trobada-gener_-BiblioBlanes-9-1149x1536.jpg 1149w, https:\/\/biblioteca.blanes.cat\/salainfantil\/wp-content\/uploads\/sites\/2\/2023\/02\/Miniclub_-Trobada-gener_-BiblioBlanes-9.jpg 1496w\" sizes=\"(max-width: 195px) 100vw, 195px\" \/> <img loading=\"lazy\" decoding=\"async\" class=\" wp-image-6933 alignleft\" src=\"https:\/\/biblioteca.blanes.cat\/salainfantil\/wp-content\/uploads\/sites\/2\/2023\/02\/Miniclub_-Trobada-gener_-BiblioBlanes-10-224x300.jpg\" alt=\"\" width=\"195\" height=\"261\" srcset=\"https:\/\/biblioteca.blanes.cat\/salainfantil\/wp-content\/uploads\/sites\/2\/2023\/02\/Miniclub_-Trobada-gener_-BiblioBlanes-10-224x300.jpg 224w, https:\/\/biblioteca.blanes.cat\/salainfantil\/wp-content\/uploads\/sites\/2\/2023\/02\/Miniclub_-Trobada-gener_-BiblioBlanes-10-766x1024.jpg 766w, https:\/\/biblioteca.blanes.cat\/salainfantil\/wp-content\/uploads\/sites\/2\/2023\/02\/Miniclub_-Trobada-gener_-BiblioBlanes-10-768x1027.jpg 768w, https:\/\/biblioteca.blanes.cat\/salainfantil\/wp-content\/uploads\/sites\/2\/2023\/02\/Miniclub_-Trobada-gener_-BiblioBlanes-10-1149x1536.jpg 1149w, https:\/\/biblioteca.blanes.cat\/salainfantil\/wp-content\/uploads\/sites\/2\/2023\/02\/Miniclub_-Trobada-gener_-BiblioBlanes-10.jpg 1496w\" sizes=\"(max-width: 195px) 100vw, 195px\" \/> <img loading=\"lazy\" decoding=\"async\" class=\" wp-image-6934 alignleft\" src=\"https:\/\/biblioteca.blanes.cat\/salainfantil\/wp-content\/uploads\/sites\/2\/2023\/02\/Miniclub_-Trobada-gener_-BiblioBlanes-11-224x300.jpg\" alt=\"\" width=\"195\" height=\"261\" srcset=\"https:\/\/biblioteca.blanes.cat\/salainfantil\/wp-content\/uploads\/sites\/2\/2023\/02\/Miniclub_-Trobada-gener_-BiblioBlanes-11-224x300.jpg 224w, https:\/\/biblioteca.blanes.cat\/salainfantil\/wp-content\/uploads\/sites\/2\/2023\/02\/Miniclub_-Trobada-gener_-BiblioBlanes-11-766x1024.jpg 766w, https:\/\/biblioteca.blanes.cat\/salainfantil\/wp-content\/uploads\/sites\/2\/2023\/02\/Miniclub_-Trobada-gener_-BiblioBlanes-11-768x1027.jpg 768w, https:\/\/biblioteca.blanes.cat\/salainfantil\/wp-content\/uploads\/sites\/2\/2023\/02\/Miniclub_-Trobada-gener_-BiblioBlanes-11-1149x1536.jpg 1149w, https:\/\/biblioteca.blanes.cat\/salainfantil\/wp-content\/uploads\/sites\/2\/2023\/02\/Miniclub_-Trobada-gener_-BiblioBlanes-11.jpg 1496w\" sizes=\"(max-width: 195px) 100vw, 195px\" \/> <img loading=\"lazy\" decoding=\"async\" class=\" wp-image-6935 alignleft\" src=\"https:\/\/biblioteca.blanes.cat\/salainfantil\/wp-content\/uploads\/sites\/2\/2023\/02\/Miniclub_-Trobada-gener_-BiblioBlanes-12-224x300.jpg\" alt=\"\" width=\"195\" height=\"261\" srcset=\"https:\/\/biblioteca.blanes.cat\/salainfantil\/wp-content\/uploads\/sites\/2\/2023\/02\/Miniclub_-Trobada-gener_-BiblioBlanes-12-224x300.jpg 224w, https:\/\/biblioteca.blanes.cat\/salainfantil\/wp-content\/uploads\/sites\/2\/2023\/02\/Miniclub_-Trobada-gener_-BiblioBlanes-12-766x1024.jpg 766w, https:\/\/biblioteca.blanes.cat\/salainfantil\/wp-content\/uploads\/sites\/2\/2023\/02\/Miniclub_-Trobada-gener_-BiblioBlanes-12-768x1027.jpg 768w, https:\/\/biblioteca.blanes.cat\/salainfantil\/wp-content\/uploads\/sites\/2\/2023\/02\/Miniclub_-Trobada-gener_-BiblioBlanes-12-1149x1536.jpg 1149w, https:\/\/biblioteca.blanes.cat\/salainfantil\/wp-content\/uploads\/sites\/2\/2023\/02\/Miniclub_-Trobada-gener_-BiblioBlanes-12.jpg 1496w\" sizes=\"(max-width: 195px) 100vw, 195px\" \/> <img loading=\"lazy\" decoding=\"async\" class=\" wp-image-6936 alignleft\" src=\"https:\/\/biblioteca.blanes.cat\/salainfantil\/wp-content\/uploads\/sites\/2\/2023\/02\/Miniclub_-Trobada-gener_-BiblioBlanes-13-224x300.jpg\" alt=\"\" width=\"195\" height=\"261\" srcset=\"https:\/\/biblioteca.blanes.cat\/salainfantil\/wp-content\/uploads\/sites\/2\/2023\/02\/Miniclub_-Trobada-gener_-BiblioBlanes-13-224x300.jpg 224w, https:\/\/biblioteca.blanes.cat\/salainfantil\/wp-content\/uploads\/sites\/2\/2023\/02\/Miniclub_-Trobada-gener_-BiblioBlanes-13-766x1024.jpg 766w, https:\/\/biblioteca.blanes.cat\/salainfantil\/wp-content\/uploads\/sites\/2\/2023\/02\/Miniclub_-Trobada-gener_-BiblioBlanes-13-768x1027.jpg 768w, https:\/\/biblioteca.blanes.cat\/salainfantil\/wp-content\/uploads\/sites\/2\/2023\/02\/Miniclub_-Trobada-gener_-BiblioBlanes-13-1149x1536.jpg 1149w, https:\/\/biblioteca.blanes.cat\/salainfantil\/wp-content\/uploads\/sites\/2\/2023\/02\/Miniclub_-Trobada-gener_-BiblioBlanes-13.jpg 1496w\" sizes=\"(max-width: 195px) 100vw, 195px\" \/> <img loading=\"lazy\" decoding=\"async\" class=\" wp-image-6937 alignleft\" src=\"https:\/\/biblioteca.blanes.cat\/salainfantil\/wp-content\/uploads\/sites\/2\/2023\/02\/Miniclub_-Trobada-gener_-BiblioBlanes-14-224x300.jpg\" alt=\"\" width=\"195\" height=\"261\" srcset=\"https:\/\/biblioteca.blanes.cat\/salainfantil\/wp-content\/uploads\/sites\/2\/2023\/02\/Miniclub_-Trobada-gener_-BiblioBlanes-14-224x300.jpg 224w, https:\/\/biblioteca.blanes.cat\/salainfantil\/wp-content\/uploads\/sites\/2\/2023\/02\/Miniclub_-Trobada-gener_-BiblioBlanes-14-766x1024.jpg 766w, https:\/\/biblioteca.blanes.cat\/salainfantil\/wp-content\/uploads\/sites\/2\/2023\/02\/Miniclub_-Trobada-gener_-BiblioBlanes-14-768x1027.jpg 768w, https:\/\/biblioteca.blanes.cat\/salainfantil\/wp-content\/uploads\/sites\/2\/2023\/02\/Miniclub_-Trobada-gener_-BiblioBlanes-14-1149x1536.jpg 1149w, https:\/\/biblioteca.blanes.cat\/salainfantil\/wp-content\/uploads\/sites\/2\/2023\/02\/Miniclub_-Trobada-gener_-BiblioBlanes-14.jpg 1496w\" sizes=\"(max-width: 195px) 100vw, 195px\" \/> <img loading=\"lazy\" decoding=\"async\" class=\" wp-image-6938 alignleft\" src=\"https:\/\/biblioteca.blanes.cat\/salainfantil\/wp-content\/uploads\/sites\/2\/2023\/02\/Miniclub_-Trobada-gener_-BiblioBlanes-15-224x300.jpg\" alt=\"\" width=\"195\" height=\"261\" srcset=\"https:\/\/biblioteca.blanes.cat\/salainfantil\/wp-content\/uploads\/sites\/2\/2023\/02\/Miniclub_-Trobada-gener_-BiblioBlanes-15-224x300.jpg 224w, https:\/\/biblioteca.blanes.cat\/salainfantil\/wp-content\/uploads\/sites\/2\/2023\/02\/Miniclub_-Trobada-gener_-BiblioBlanes-15-766x1024.jpg 766w, https:\/\/biblioteca.blanes.cat\/salainfantil\/wp-content\/uploads\/sites\/2\/2023\/02\/Miniclub_-Trobada-gener_-BiblioBlanes-15-768x1027.jpg 768w, https:\/\/biblioteca.blanes.cat\/salainfantil\/wp-content\/uploads\/sites\/2\/2023\/02\/Miniclub_-Trobada-gener_-BiblioBlanes-15-1149x1536.jpg 1149w, https:\/\/biblioteca.blanes.cat\/salainfantil\/wp-content\/uploads\/sites\/2\/2023\/02\/Miniclub_-Trobada-gener_-BiblioBlanes-15.jpg 1496w\" sizes=\"(max-width: 195px) 100vw, 195px\" \/> <img loading=\"lazy\" decoding=\"async\" class=\" wp-image-6940 alignleft\" src=\"https:\/\/biblioteca.blanes.cat\/salainfantil\/wp-content\/uploads\/sites\/2\/2023\/02\/Miniclub_-Trobada-gener_-BiblioBlanes-17-224x300.jpg\" alt=\"\" width=\"195\" height=\"261\" srcset=\"https:\/\/biblioteca.blanes.cat\/salainfantil\/wp-content\/uploads\/sites\/2\/2023\/02\/Miniclub_-Trobada-gener_-BiblioBlanes-17-224x300.jpg 224w, https:\/\/biblioteca.blanes.cat\/salainfantil\/wp-content\/uploads\/sites\/2\/2023\/02\/Miniclub_-Trobada-gener_-BiblioBlanes-17-766x1024.jpg 766w, https:\/\/biblioteca.blanes.cat\/salainfantil\/wp-content\/uploads\/sites\/2\/2023\/02\/Miniclub_-Trobada-gener_-BiblioBlanes-17-768x1027.jpg 768w, https:\/\/biblioteca.blanes.cat\/salainfantil\/wp-content\/uploads\/sites\/2\/2023\/02\/Miniclub_-Trobada-gener_-BiblioBlanes-17-1149x1536.jpg 1149w, https:\/\/biblioteca.blanes.cat\/salainfantil\/wp-content\/uploads\/sites\/2\/2023\/02\/Miniclub_-Trobada-gener_-BiblioBlanes-17.jpg 1496w\" sizes=\"(max-width: 195px) 100vw, 195px\" \/> <img loading=\"lazy\" decoding=\"async\" class=\" wp-image-6941 alignleft\" src=\"https:\/\/biblioteca.blanes.cat\/salainfantil\/wp-content\/uploads\/sites\/2\/2023\/02\/Miniclub_-Trobada-gener_-BiblioBlanes-18-225x300.jpg\" alt=\"\" width=\"195\" height=\"260\" srcset=\"https:\/\/biblioteca.blanes.cat\/salainfantil\/wp-content\/uploads\/sites\/2\/2023\/02\/Miniclub_-Trobada-gener_-BiblioBlanes-18-225x300.jpg 225w, https:\/\/biblioteca.blanes.cat\/salainfantil\/wp-content\/uploads\/sites\/2\/2023\/02\/Miniclub_-Trobada-gener_-BiblioBlanes-18-768x1024.jpg 768w, https:\/\/biblioteca.blanes.cat\/salainfantil\/wp-content\/uploads\/sites\/2\/2023\/02\/Miniclub_-Trobada-gener_-BiblioBlanes-18-1152x1536.jpg 1152w, https:\/\/biblioteca.blanes.cat\/salainfantil\/wp-content\/uploads\/sites\/2\/2023\/02\/Miniclub_-Trobada-gener_-BiblioBlanes-18.jpg 1500w\" sizes=\"(max-width: 195px) 100vw, 195px\" \/> <\/strong><\/p>\n<h5>&nbsp;<\/h5>\n<h5>&nbsp;<\/h5>\n<h5>&nbsp;<\/h5>\n<h5>&nbsp;<\/h5>\n<h5>&nbsp;<\/h5>\n<h5>&nbsp;<\/h5>\n<h5>&nbsp;<\/h5>\n<h5>&nbsp;<\/h5>\n<h5>&nbsp;<\/h5>\n<h5>&nbsp;<\/h5>\n<h5><img loading=\"lazy\" decoding=\"async\" class=\" wp-image-6942 alignleft\" src=\"https:\/\/biblioteca.blanes.cat\/salainfantil\/wp-content\/uploads\/sites\/2\/2023\/02\/Miniclub_-Trobada-gener_-BiblioBlanes-21-224x300.jpg\" alt=\"\" width=\"195\" height=\"261\" srcset=\"https:\/\/biblioteca.blanes.cat\/salainfantil\/wp-content\/uploads\/sites\/2\/2023\/02\/Miniclub_-Trobada-gener_-BiblioBlanes-21-224x300.jpg 224w, https:\/\/biblioteca.blanes.cat\/salainfantil\/wp-content\/uploads\/sites\/2\/2023\/02\/Miniclub_-Trobada-gener_-BiblioBlanes-21-766x1024.jpg 766w, https:\/\/biblioteca.blanes.cat\/salainfantil\/wp-content\/uploads\/sites\/2\/2023\/02\/Miniclub_-Trobada-gener_-BiblioBlanes-21-768x1027.jpg 768w, https:\/\/biblioteca.blanes.cat\/salainfantil\/wp-content\/uploads\/sites\/2\/2023\/02\/Miniclub_-Trobada-gener_-BiblioBlanes-21-1149x1536.jpg 1149w, https:\/\/biblioteca.blanes.cat\/salainfantil\/wp-content\/uploads\/sites\/2\/2023\/02\/Miniclub_-Trobada-gener_-BiblioBlanes-21.jpg 1496w\" sizes=\"(max-width: 195px) 100vw, 195px\" \/> <img loading=\"lazy\" decoding=\"async\" class=\" wp-image-6939 alignleft\" src=\"https:\/\/biblioteca.blanes.cat\/salainfantil\/wp-content\/uploads\/sites\/2\/2023\/02\/Miniclub_-Trobada-gener_-BiblioBlanes-16-224x300.jpg\" alt=\"\" width=\"195\" height=\"261\" srcset=\"https:\/\/biblioteca.blanes.cat\/salainfantil\/wp-content\/uploads\/sites\/2\/2023\/02\/Miniclub_-Trobada-gener_-BiblioBlanes-16-224x300.jpg 224w, https:\/\/biblioteca.blanes.cat\/salainfantil\/wp-content\/uploads\/sites\/2\/2023\/02\/Miniclub_-Trobada-gener_-BiblioBlanes-16-766x1024.jpg 766w, https:\/\/biblioteca.blanes.cat\/salainfantil\/wp-content\/uploads\/sites\/2\/2023\/02\/Miniclub_-Trobada-gener_-BiblioBlanes-16-768x1027.jpg 768w, https:\/\/biblioteca.blanes.cat\/salainfantil\/wp-content\/uploads\/sites\/2\/2023\/02\/Miniclub_-Trobada-gener_-BiblioBlanes-16-1149x1536.jpg 1149w, https:\/\/biblioteca.blanes.cat\/salainfantil\/wp-content\/uploads\/sites\/2\/2023\/02\/Miniclub_-Trobada-gener_-BiblioBlanes-16.jpg 1496w\" sizes=\"(max-width: 195px) 100vw, 195px\" \/><\/h5>\n<h5>&nbsp;<\/h5>\n<p>&nbsp;<\/p>\n<p>&nbsp;<\/p>\n<p>&nbsp;<\/p>\n<h5><img loading=\"lazy\" decoding=\"async\" class=\"size-medium wp-image-6944 alignleft\" src=\"https:\/\/biblioteca.blanes.cat\/salainfantil\/wp-content\/uploads\/sites\/2\/2023\/02\/Miniclub_-Trobada-gener_-BiblioBlanes-26-300x224.jpg\" alt=\"\" width=\"300\" height=\"224\" srcset=\"https:\/\/biblioteca.blanes.cat\/salainfantil\/wp-content\/uploads\/sites\/2\/2023\/02\/Miniclub_-Trobada-gener_-BiblioBlanes-26-300x224.jpg 300w, https:\/\/biblioteca.blanes.cat\/salainfantil\/wp-content\/uploads\/sites\/2\/2023\/02\/Miniclub_-Trobada-gener_-BiblioBlanes-26-1024x766.jpg 1024w, https:\/\/biblioteca.blanes.cat\/salainfantil\/wp-content\/uploads\/sites\/2\/2023\/02\/Miniclub_-Trobada-gener_-BiblioBlanes-26-768x574.jpg 768w, https:\/\/biblioteca.blanes.cat\/salainfantil\/wp-content\/uploads\/sites\/2\/2023\/02\/Miniclub_-Trobada-gener_-BiblioBlanes-26-1536x1149.jpg 1536w, https:\/\/biblioteca.blanes.cat\/salainfantil\/wp-content\/uploads\/sites\/2\/2023\/02\/Miniclub_-Trobada-gener_-BiblioBlanes-26.jpg 2000w\" sizes=\"(max-width: 300px) 100vw, 300px\" \/><img loading=\"lazy\" decoding=\"async\" class=\"size-medium wp-image-6943 alignleft\" src=\"https:\/\/biblioteca.blanes.cat\/salainfantil\/wp-content\/uploads\/sites\/2\/2023\/02\/Miniclub_-Trobada-gener_-BiblioBlanes-24-300x224.jpg\" alt=\"\" width=\"300\" height=\"224\" srcset=\"https:\/\/biblioteca.blanes.cat\/salainfantil\/wp-content\/uploads\/sites\/2\/2023\/02\/Miniclub_-Trobada-gener_-BiblioBlanes-24-300x224.jpg 300w, https:\/\/biblioteca.blanes.cat\/salainfantil\/wp-content\/uploads\/sites\/2\/2023\/02\/Miniclub_-Trobada-gener_-BiblioBlanes-24-1024x766.jpg 1024w, https:\/\/biblioteca.blanes.cat\/salainfantil\/wp-content\/uploads\/sites\/2\/2023\/02\/Miniclub_-Trobada-gener_-BiblioBlanes-24-768x574.jpg 768w, https:\/\/biblioteca.blanes.cat\/salainfantil\/wp-content\/uploads\/sites\/2\/2023\/02\/Miniclub_-Trobada-gener_-BiblioBlanes-24-1536x1149.jpg 1536w, https:\/\/biblioteca.blanes.cat\/salainfantil\/wp-content\/uploads\/sites\/2\/2023\/02\/Miniclub_-Trobada-gener_-BiblioBlanes-24.jpg 2000w\" sizes=\"(max-width: 300px) 100vw, 300px\" \/><img loading=\"lazy\" decoding=\"async\" class=\"size-medium wp-image-6924 alignleft\" src=\"https:\/\/biblioteca.blanes.cat\/salainfantil\/wp-content\/uploads\/sites\/2\/2023\/02\/Miniclub_-Trobada-gener_-BiblioBlanes-1-300x224.jpg\" alt=\"\" width=\"300\" height=\"224\" srcset=\"https:\/\/biblioteca.blanes.cat\/salainfantil\/wp-content\/uploads\/sites\/2\/2023\/02\/Miniclub_-Trobada-gener_-BiblioBlanes-1-300x224.jpg 300w, https:\/\/biblioteca.blanes.cat\/salainfantil\/wp-content\/uploads\/sites\/2\/2023\/02\/Miniclub_-Trobada-gener_-BiblioBlanes-1-1024x766.jpg 1024w, https:\/\/biblioteca.blanes.cat\/salainfantil\/wp-content\/uploads\/sites\/2\/2023\/02\/Miniclub_-Trobada-gener_-BiblioBlanes-1-768x574.jpg 768w, https:\/\/biblioteca.blanes.cat\/salainfantil\/wp-content\/uploads\/sites\/2\/2023\/02\/Miniclub_-Trobada-gener_-BiblioBlanes-1-1536x1149.jpg 1536w, https:\/\/biblioteca.blanes.cat\/salainfantil\/wp-content\/uploads\/sites\/2\/2023\/02\/Miniclub_-Trobada-gener_-BiblioBlanes-1.jpg 2000w\" sizes=\"(max-width: 300px) 100vw, 300px\" \/><\/h5>\n<h5>&nbsp;<\/h5>\n<h5>&nbsp;<\/h5>\n<h5>&nbsp;<\/h5>\n<h5><strong>&nbsp;<\/strong><\/h5>\n<h5>&nbsp;<\/h5>\n<h5 style=\"text-align: center;\"><strong>&nbsp;<\/strong><\/h5>\n<p>&nbsp;<\/p>\n\n\n","protected":false},"excerpt":{"rendered":"<p>FREDERICK Leo Lionni Ja hi tornem a ser! Que tal ha anat Nadal? L&#8217;escola comen\u00e7a i el club de lectura dels m\u00e9s menuts no s&#8217;atura. Aquest mes hem somiat amb la tendra hist\u00f2ria de Frederick: &nbsp; Un ratol\u00ed que, mentre<\/p>\n","protected":false},"author":4,"featured_media":722,"comment_status":"open","ping_status":"open","sticky":false,"template":"","format":"standard","meta":{"sfsi_plus_gutenberg_text_before_share":"","sfsi_plus_gutenberg_show_text_before_share":"","sfsi_plus_gutenberg_icon_type":"","sfsi_plus_gutenberg_icon_alignemt":"","sfsi_plus_gutenburg_max_per_row":"","footnotes":""},"categories":[6,1,9],"tags":[],"class_list":["post-6921","post","type-post","status-publish","format-standard","has-post-thumbnail","hentry","category-activitats","category-general","category-trobades-miniclub"],"yoast_head":"<!-- This site is optimized with the Yoast SEO plugin v27.5 - https:\/\/yoast.com\/product\/yoast-seo-wordpress\/ -->\n<title>Miniclub: gener - SALA INFANTIL<\/title>\n<meta name=\"robots\" content=\"index, follow, max-snippet:-1, max-image-preview:large, max-video-preview:-1\" \/>\n<link rel=\"canonical\" href=\"https:\/\/biblioteca.blanes.cat\/salainfantil\/miniclub-gener\/\" \/>\n<meta property=\"og:locale\" content=\"ca_ES\" \/>\n<meta property=\"og:type\" content=\"article\" \/>\n<meta property=\"og:title\" content=\"Miniclub: gener - SALA INFANTIL\" \/>\n<meta property=\"og:description\" content=\"FREDERICK Leo Lionni Ja hi tornem a ser! Que tal ha anat Nadal? L&#8217;escola comen\u00e7a i el club de lectura dels m\u00e9s menuts no s&#8217;atura. Aquest mes hem somiat amb la tendra hist\u00f2ria de Frederick: &nbsp; Un ratol\u00ed que, mentre\" \/>\n<meta property=\"og:url\" content=\"https:\/\/biblioteca.blanes.cat\/salainfantil\/miniclub-gener\/\" \/>\n<meta property=\"og:site_name\" content=\"SALA INFANTIL\" \/>\n<meta property=\"article:published_time\" content=\"2023-02-24T16:34:55+00:00\" \/>\n<meta property=\"article:modified_time\" content=\"2023-02-24T18:42:40+00:00\" \/>\n<meta property=\"og:image\" content=\"https:\/\/biblioteca.blanes.cat\/salainfantil\/wp-content\/uploads\/sites\/2\/2019\/01\/Miniclub.png\" \/>\n\t<meta property=\"og:image:width\" content=\"695\" \/>\n\t<meta property=\"og:image:height\" content=\"675\" \/>\n\t<meta property=\"og:image:type\" content=\"image\/png\" \/>\n<meta name=\"author\" content=\"biblioblanes\" \/>\n<meta name=\"twitter:card\" content=\"summary_large_image\" \/>\n<meta name=\"twitter:creator\" content=\"@biblioblanes\" \/>\n<meta name=\"twitter:label1\" content=\"Escrit per\" \/>\n\t<meta name=\"twitter:data1\" content=\"biblioblanes\" \/>\n\t<meta name=\"twitter:label2\" content=\"Temps estimat de lectura\" \/>\n\t<meta name=\"twitter:data2\" content=\"6 minuts\" \/>\n<script type=\"application\/ld+json\" class=\"yoast-schema-graph\">{\"@context\":\"https:\\\/\\\/schema.org\",\"@graph\":[{\"@type\":\"Article\",\"@id\":\"https:\\\/\\\/biblioteca.blanes.cat\\\/salainfantil\\\/miniclub-gener\\\/#article\",\"isPartOf\":{\"@id\":\"https:\\\/\\\/biblioteca.blanes.cat\\\/salainfantil\\\/miniclub-gener\\\/\"},\"author\":{\"name\":\"biblioblanes\",\"@id\":\"https:\\\/\\\/biblioteca.blanes.cat\\\/salainfantil\\\/#\\\/schema\\\/person\\\/5a7b46760d9dd611d098bbf571a341dc\"},\"headline\":\"Miniclub: gener\",\"datePublished\":\"2023-02-24T16:34:55+00:00\",\"dateModified\":\"2023-02-24T18:42:40+00:00\",\"mainEntityOfPage\":{\"@id\":\"https:\\\/\\\/biblioteca.blanes.cat\\\/salainfantil\\\/miniclub-gener\\\/\"},\"wordCount\":300,\"commentCount\":0,\"image\":{\"@id\":\"https:\\\/\\\/biblioteca.blanes.cat\\\/salainfantil\\\/miniclub-gener\\\/#primaryimage\"},\"thumbnailUrl\":\"https:\\\/\\\/biblioteca.blanes.cat\\\/salainfantil\\\/wp-content\\\/uploads\\\/sites\\\/2\\\/2019\\\/01\\\/Miniclub.png\",\"articleSection\":[\"Activitats\",\"Fes una ullada\",\"Trobades miniclub\"],\"inLanguage\":\"ca\",\"potentialAction\":[{\"@type\":\"CommentAction\",\"name\":\"Comment\",\"target\":[\"https:\\\/\\\/biblioteca.blanes.cat\\\/salainfantil\\\/miniclub-gener\\\/#respond\"]}]},{\"@type\":\"WebPage\",\"@id\":\"https:\\\/\\\/biblioteca.blanes.cat\\\/salainfantil\\\/miniclub-gener\\\/\",\"url\":\"https:\\\/\\\/biblioteca.blanes.cat\\\/salainfantil\\\/miniclub-gener\\\/\",\"name\":\"Miniclub: gener - SALA INFANTIL\",\"isPartOf\":{\"@id\":\"https:\\\/\\\/biblioteca.blanes.cat\\\/salainfantil\\\/#website\"},\"primaryImageOfPage\":{\"@id\":\"https:\\\/\\\/biblioteca.blanes.cat\\\/salainfantil\\\/miniclub-gener\\\/#primaryimage\"},\"image\":{\"@id\":\"https:\\\/\\\/biblioteca.blanes.cat\\\/salainfantil\\\/miniclub-gener\\\/#primaryimage\"},\"thumbnailUrl\":\"https:\\\/\\\/biblioteca.blanes.cat\\\/salainfantil\\\/wp-content\\\/uploads\\\/sites\\\/2\\\/2019\\\/01\\\/Miniclub.png\",\"datePublished\":\"2023-02-24T16:34:55+00:00\",\"dateModified\":\"2023-02-24T18:42:40+00:00\",\"author\":{\"@id\":\"https:\\\/\\\/biblioteca.blanes.cat\\\/salainfantil\\\/#\\\/schema\\\/person\\\/5a7b46760d9dd611d098bbf571a341dc\"},\"breadcrumb\":{\"@id\":\"https:\\\/\\\/biblioteca.blanes.cat\\\/salainfantil\\\/miniclub-gener\\\/#breadcrumb\"},\"inLanguage\":\"ca\",\"potentialAction\":[{\"@type\":\"ReadAction\",\"target\":[\"https:\\\/\\\/biblioteca.blanes.cat\\\/salainfantil\\\/miniclub-gener\\\/\"]}]},{\"@type\":\"ImageObject\",\"inLanguage\":\"ca\",\"@id\":\"https:\\\/\\\/biblioteca.blanes.cat\\\/salainfantil\\\/miniclub-gener\\\/#primaryimage\",\"url\":\"https:\\\/\\\/biblioteca.blanes.cat\\\/salainfantil\\\/wp-content\\\/uploads\\\/sites\\\/2\\\/2019\\\/01\\\/Miniclub.png\",\"contentUrl\":\"https:\\\/\\\/biblioteca.blanes.cat\\\/salainfantil\\\/wp-content\\\/uploads\\\/sites\\\/2\\\/2019\\\/01\\\/Miniclub.png\",\"width\":695,\"height\":675},{\"@type\":\"BreadcrumbList\",\"@id\":\"https:\\\/\\\/biblioteca.blanes.cat\\\/salainfantil\\\/miniclub-gener\\\/#breadcrumb\",\"itemListElement\":[{\"@type\":\"ListItem\",\"position\":1,\"name\":\"Inici\",\"item\":\"https:\\\/\\\/biblioteca.blanes.cat\\\/salainfantil\\\/\"},{\"@type\":\"ListItem\",\"position\":2,\"name\":\"Miniclub: gener\"}]},{\"@type\":\"WebSite\",\"@id\":\"https:\\\/\\\/biblioteca.blanes.cat\\\/salainfantil\\\/#website\",\"url\":\"https:\\\/\\\/biblioteca.blanes.cat\\\/salainfantil\\\/\",\"name\":\"SALA INFANTIL\",\"description\":\"Biblioteca Roberto Bola\u00f1o\",\"potentialAction\":[{\"@type\":\"SearchAction\",\"target\":{\"@type\":\"EntryPoint\",\"urlTemplate\":\"https:\\\/\\\/biblioteca.blanes.cat\\\/salainfantil\\\/?s={search_term_string}\"},\"query-input\":{\"@type\":\"PropertyValueSpecification\",\"valueRequired\":true,\"valueName\":\"search_term_string\"}}],\"inLanguage\":\"ca\"},{\"@type\":\"Person\",\"@id\":\"https:\\\/\\\/biblioteca.blanes.cat\\\/salainfantil\\\/#\\\/schema\\\/person\\\/5a7b46760d9dd611d098bbf571a341dc\",\"name\":\"biblioblanes\",\"image\":{\"@type\":\"ImageObject\",\"inLanguage\":\"ca\",\"@id\":\"https:\\\/\\\/secure.gravatar.com\\\/avatar\\\/6593ca6cc90e5a70939f51c95e8315483b9c281bafba597292bee47992030f99?s=96&d=mm&r=g\",\"url\":\"https:\\\/\\\/secure.gravatar.com\\\/avatar\\\/6593ca6cc90e5a70939f51c95e8315483b9c281bafba597292bee47992030f99?s=96&d=mm&r=g\",\"contentUrl\":\"https:\\\/\\\/secure.gravatar.com\\\/avatar\\\/6593ca6cc90e5a70939f51c95e8315483b9c281bafba597292bee47992030f99?s=96&d=mm&r=g\",\"caption\":\"biblioblanes\"},\"sameAs\":[\"http:\\\/\\\/www.bibgirona.cat\\\/biblioteca\\\/blanes\",\"https:\\\/\\\/x.com\\\/biblioblanes\"],\"url\":\"https:\\\/\\\/biblioteca.blanes.cat\\\/salainfantil\\\/author\\\/biblioblanes\\\/\"}]}<\/script>\n<!-- \/ Yoast SEO plugin. -->","yoast_head_json":{"title":"Miniclub: gener - SALA INFANTIL","robots":{"index":"index","follow":"follow","max-snippet":"max-snippet:-1","max-image-preview":"max-image-preview:large","max-video-preview":"max-video-preview:-1"},"canonical":"https:\/\/biblioteca.blanes.cat\/salainfantil\/miniclub-gener\/","og_locale":"ca_ES","og_type":"article","og_title":"Miniclub: gener - SALA INFANTIL","og_description":"FREDERICK Leo Lionni Ja hi tornem a ser! Que tal ha anat Nadal? L&#8217;escola comen\u00e7a i el club de lectura dels m\u00e9s menuts no s&#8217;atura. Aquest mes hem somiat amb la tendra hist\u00f2ria de Frederick: &nbsp; Un ratol\u00ed que, mentre","og_url":"https:\/\/biblioteca.blanes.cat\/salainfantil\/miniclub-gener\/","og_site_name":"SALA INFANTIL","article_published_time":"2023-02-24T16:34:55+00:00","article_modified_time":"2023-02-24T18:42:40+00:00","og_image":[{"width":695,"height":675,"url":"https:\/\/biblioteca.blanes.cat\/salainfantil\/wp-content\/uploads\/sites\/2\/2019\/01\/Miniclub.png","type":"image\/png"}],"author":"biblioblanes","twitter_card":"summary_large_image","twitter_creator":"@biblioblanes","twitter_misc":{"Escrit per":"biblioblanes","Temps estimat de lectura":"6 minuts"},"schema":{"@context":"https:\/\/schema.org","@graph":[{"@type":"Article","@id":"https:\/\/biblioteca.blanes.cat\/salainfantil\/miniclub-gener\/#article","isPartOf":{"@id":"https:\/\/biblioteca.blanes.cat\/salainfantil\/miniclub-gener\/"},"author":{"name":"biblioblanes","@id":"https:\/\/biblioteca.blanes.cat\/salainfantil\/#\/schema\/person\/5a7b46760d9dd611d098bbf571a341dc"},"headline":"Miniclub: gener","datePublished":"2023-02-24T16:34:55+00:00","dateModified":"2023-02-24T18:42:40+00:00","mainEntityOfPage":{"@id":"https:\/\/biblioteca.blanes.cat\/salainfantil\/miniclub-gener\/"},"wordCount":300,"commentCount":0,"image":{"@id":"https:\/\/biblioteca.blanes.cat\/salainfantil\/miniclub-gener\/#primaryimage"},"thumbnailUrl":"https:\/\/biblioteca.blanes.cat\/salainfantil\/wp-content\/uploads\/sites\/2\/2019\/01\/Miniclub.png","articleSection":["Activitats","Fes una ullada","Trobades miniclub"],"inLanguage":"ca","potentialAction":[{"@type":"CommentAction","name":"Comment","target":["https:\/\/biblioteca.blanes.cat\/salainfantil\/miniclub-gener\/#respond"]}]},{"@type":"WebPage","@id":"https:\/\/biblioteca.blanes.cat\/salainfantil\/miniclub-gener\/","url":"https:\/\/biblioteca.blanes.cat\/salainfantil\/miniclub-gener\/","name":"Miniclub: gener - SALA INFANTIL","isPartOf":{"@id":"https:\/\/biblioteca.blanes.cat\/salainfantil\/#website"},"primaryImageOfPage":{"@id":"https:\/\/biblioteca.blanes.cat\/salainfantil\/miniclub-gener\/#primaryimage"},"image":{"@id":"https:\/\/biblioteca.blanes.cat\/salainfantil\/miniclub-gener\/#primaryimage"},"thumbnailUrl":"https:\/\/biblioteca.blanes.cat\/salainfantil\/wp-content\/uploads\/sites\/2\/2019\/01\/Miniclub.png","datePublished":"2023-02-24T16:34:55+00:00","dateModified":"2023-02-24T18:42:40+00:00","author":{"@id":"https:\/\/biblioteca.blanes.cat\/salainfantil\/#\/schema\/person\/5a7b46760d9dd611d098bbf571a341dc"},"breadcrumb":{"@id":"https:\/\/biblioteca.blanes.cat\/salainfantil\/miniclub-gener\/#breadcrumb"},"inLanguage":"ca","potentialAction":[{"@type":"ReadAction","target":["https:\/\/biblioteca.blanes.cat\/salainfantil\/miniclub-gener\/"]}]},{"@type":"ImageObject","inLanguage":"ca","@id":"https:\/\/biblioteca.blanes.cat\/salainfantil\/miniclub-gener\/#primaryimage","url":"https:\/\/biblioteca.blanes.cat\/salainfantil\/wp-content\/uploads\/sites\/2\/2019\/01\/Miniclub.png","contentUrl":"https:\/\/biblioteca.blanes.cat\/salainfantil\/wp-content\/uploads\/sites\/2\/2019\/01\/Miniclub.png","width":695,"height":675},{"@type":"BreadcrumbList","@id":"https:\/\/biblioteca.blanes.cat\/salainfantil\/miniclub-gener\/#breadcrumb","itemListElement":[{"@type":"ListItem","position":1,"name":"Inici","item":"https:\/\/biblioteca.blanes.cat\/salainfantil\/"},{"@type":"ListItem","position":2,"name":"Miniclub: gener"}]},{"@type":"WebSite","@id":"https:\/\/biblioteca.blanes.cat\/salainfantil\/#website","url":"https:\/\/biblioteca.blanes.cat\/salainfantil\/","name":"SALA INFANTIL","description":"Biblioteca Roberto Bola\u00f1o","potentialAction":[{"@type":"SearchAction","target":{"@type":"EntryPoint","urlTemplate":"https:\/\/biblioteca.blanes.cat\/salainfantil\/?s={search_term_string}"},"query-input":{"@type":"PropertyValueSpecification","valueRequired":true,"valueName":"search_term_string"}}],"inLanguage":"ca"},{"@type":"Person","@id":"https:\/\/biblioteca.blanes.cat\/salainfantil\/#\/schema\/person\/5a7b46760d9dd611d098bbf571a341dc","name":"biblioblanes","image":{"@type":"ImageObject","inLanguage":"ca","@id":"https:\/\/secure.gravatar.com\/avatar\/6593ca6cc90e5a70939f51c95e8315483b9c281bafba597292bee47992030f99?s=96&d=mm&r=g","url":"https:\/\/secure.gravatar.com\/avatar\/6593ca6cc90e5a70939f51c95e8315483b9c281bafba597292bee47992030f99?s=96&d=mm&r=g","contentUrl":"https:\/\/secure.gravatar.com\/avatar\/6593ca6cc90e5a70939f51c95e8315483b9c281bafba597292bee47992030f99?s=96&d=mm&r=g","caption":"biblioblanes"},"sameAs":["http:\/\/www.bibgirona.cat\/biblioteca\/blanes","https:\/\/x.com\/biblioblanes"],"url":"https:\/\/biblioteca.blanes.cat\/salainfantil\/author\/biblioblanes\/"}]}},"_links":{"self":[{"href":"https:\/\/biblioteca.blanes.cat\/salainfantil\/wp-json\/wp\/v2\/posts\/6921","targetHints":{"allow":["GET"]}}],"collection":[{"href":"https:\/\/biblioteca.blanes.cat\/salainfantil\/wp-json\/wp\/v2\/posts"}],"about":[{"href":"https:\/\/biblioteca.blanes.cat\/salainfantil\/wp-json\/wp\/v2\/types\/post"}],"author":[{"embeddable":true,"href":"https:\/\/biblioteca.blanes.cat\/salainfantil\/wp-json\/wp\/v2\/users\/4"}],"replies":[{"embeddable":true,"href":"https:\/\/biblioteca.blanes.cat\/salainfantil\/wp-json\/wp\/v2\/comments?post=6921"}],"version-history":[{"count":13,"href":"https:\/\/biblioteca.blanes.cat\/salainfantil\/wp-json\/wp\/v2\/posts\/6921\/revisions"}],"predecessor-version":[{"id":6992,"href":"https:\/\/biblioteca.blanes.cat\/salainfantil\/wp-json\/wp\/v2\/posts\/6921\/revisions\/6992"}],"wp:featuredmedia":[{"embeddable":true,"href":"https:\/\/biblioteca.blanes.cat\/salainfantil\/wp-json\/wp\/v2\/media\/722"}],"wp:attachment":[{"href":"https:\/\/biblioteca.blanes.cat\/salainfantil\/wp-json\/wp\/v2\/media?parent=6921"}],"wp:term":[{"taxonomy":"category","embeddable":true,"href":"https:\/\/biblioteca.blanes.cat\/salainfantil\/wp-json\/wp\/v2\/categories?post=6921"},{"taxonomy":"post_tag","embeddable":true,"href":"https:\/\/biblioteca.blanes.cat\/salainfantil\/wp-json\/wp\/v2\/tags?post=6921"}],"curies":[{"name":"wp","href":"https:\/\/api.w.org\/{rel}","templated":true}]}}