{"id":6346,"date":"2022-09-08T15:49:46","date_gmt":"2022-09-08T14:49:46","guid":{"rendered":"https:\/\/biblioteca.blanes.cat\/salainfantil\/?p=6346"},"modified":"2022-09-09T07:15:18","modified_gmt":"2022-09-09T06:15:18","slug":"la-volta-al-mon-en-3658-llibres","status":"publish","type":"post","link":"https:\/\/biblioteca.blanes.cat\/salainfantil\/la-volta-al-mon-en-3658-llibres\/","title":{"rendered":"LA VOLTA AL M\u00d3N EN 3658 LLIBRES"},"content":{"rendered":"\n<p>Aquest ha estat el t\u00edtol que ha tingut aquest estiu el Bibliovacances i \u00e9s que hem volgut viatjar amb tots els llibres que tenim al magatzem de la vostra biblioteca. V\u00e0rem pensar que seria bona idea donar sortida a tots els llibres infantils i juvenils que hi ha al magatzem i que, moltes vegades, queden oblidats all\u00e0 dins.<\/p>\n<div id='gallery-1' class='gallery galleryid-6346 gallery-columns-2 gallery-size-medium'><figure class='gallery-item'>\n\t\t\t<div class='gallery-icon portrait'>\n\t\t\t\t<img fetchpriority=\"high\" decoding=\"async\" width=\"225\" height=\"300\" src=\"https:\/\/biblioteca.blanes.cat\/salainfantil\/wp-content\/uploads\/sites\/2\/2022\/09\/BiblioBlanes_Bibliovacances2022_SaraNour-3-225x300.jpeg\" class=\"attachment-medium size-medium\" alt=\"\" srcset=\"https:\/\/biblioteca.blanes.cat\/salainfantil\/wp-content\/uploads\/sites\/2\/2022\/09\/BiblioBlanes_Bibliovacances2022_SaraNour-3-225x300.jpeg 225w, https:\/\/biblioteca.blanes.cat\/salainfantil\/wp-content\/uploads\/sites\/2\/2022\/09\/BiblioBlanes_Bibliovacances2022_SaraNour-3-768x1024.jpeg 768w, https:\/\/biblioteca.blanes.cat\/salainfantil\/wp-content\/uploads\/sites\/2\/2022\/09\/BiblioBlanes_Bibliovacances2022_SaraNour-3-1152x1536.jpeg 1152w, https:\/\/biblioteca.blanes.cat\/salainfantil\/wp-content\/uploads\/sites\/2\/2022\/09\/BiblioBlanes_Bibliovacances2022_SaraNour-3.jpeg 1536w\" sizes=\"(max-width: 225px) 100vw, 225px\" \/>\n\t\t\t<\/div><\/figure><figure class='gallery-item'>\n\t\t\t<div class='gallery-icon portrait'>\n\t\t\t\t<img decoding=\"async\" width=\"225\" height=\"300\" src=\"https:\/\/biblioteca.blanes.cat\/salainfantil\/wp-content\/uploads\/sites\/2\/2022\/09\/BiblioBlanes_Bibliovacances2022_SaraNour-2-225x300.jpeg\" class=\"attachment-medium size-medium\" alt=\"\" srcset=\"https:\/\/biblioteca.blanes.cat\/salainfantil\/wp-content\/uploads\/sites\/2\/2022\/09\/BiblioBlanes_Bibliovacances2022_SaraNour-2-225x300.jpeg 225w, https:\/\/biblioteca.blanes.cat\/salainfantil\/wp-content\/uploads\/sites\/2\/2022\/09\/BiblioBlanes_Bibliovacances2022_SaraNour-2-768x1024.jpeg 768w, https:\/\/biblioteca.blanes.cat\/salainfantil\/wp-content\/uploads\/sites\/2\/2022\/09\/BiblioBlanes_Bibliovacances2022_SaraNour-2-1152x1536.jpeg 1152w, https:\/\/biblioteca.blanes.cat\/salainfantil\/wp-content\/uploads\/sites\/2\/2022\/09\/BiblioBlanes_Bibliovacances2022_SaraNour-2.jpeg 1536w\" sizes=\"(max-width: 225px) 100vw, 225px\" \/>\n\t\t\t<\/div><\/figure><figure class='gallery-item'>\n\t\t\t<div class='gallery-icon portrait'>\n\t\t\t\t<img decoding=\"async\" width=\"225\" height=\"300\" src=\"https:\/\/biblioteca.blanes.cat\/salainfantil\/wp-content\/uploads\/sites\/2\/2022\/09\/BiblioBlanes_Bibliovacances2022_nena-1-225x300.jpeg\" class=\"attachment-medium size-medium\" alt=\"\" srcset=\"https:\/\/biblioteca.blanes.cat\/salainfantil\/wp-content\/uploads\/sites\/2\/2022\/09\/BiblioBlanes_Bibliovacances2022_nena-1-225x300.jpeg 225w, https:\/\/biblioteca.blanes.cat\/salainfantil\/wp-content\/uploads\/sites\/2\/2022\/09\/BiblioBlanes_Bibliovacances2022_nena-1-768x1024.jpeg 768w, https:\/\/biblioteca.blanes.cat\/salainfantil\/wp-content\/uploads\/sites\/2\/2022\/09\/BiblioBlanes_Bibliovacances2022_nena-1-1152x1536.jpeg 1152w, https:\/\/biblioteca.blanes.cat\/salainfantil\/wp-content\/uploads\/sites\/2\/2022\/09\/BiblioBlanes_Bibliovacances2022_nena-1.jpeg 1536w\" sizes=\"(max-width: 225px) 100vw, 225px\" \/>\n\t\t\t<\/div><\/figure><figure class='gallery-item'>\n\t\t\t<div class='gallery-icon portrait'>\n\t\t\t\t<img loading=\"lazy\" decoding=\"async\" width=\"224\" height=\"300\" src=\"https:\/\/biblioteca.blanes.cat\/salainfantil\/wp-content\/uploads\/sites\/2\/2022\/09\/biblioblanes_Bibliovacances2022_germans-224x300.jpeg\" class=\"attachment-medium size-medium\" alt=\"\" srcset=\"https:\/\/biblioteca.blanes.cat\/salainfantil\/wp-content\/uploads\/sites\/2\/2022\/09\/biblioblanes_Bibliovacances2022_germans-224x300.jpeg 224w, https:\/\/biblioteca.blanes.cat\/salainfantil\/wp-content\/uploads\/sites\/2\/2022\/09\/biblioblanes_Bibliovacances2022_germans-766x1024.jpeg 766w, https:\/\/biblioteca.blanes.cat\/salainfantil\/wp-content\/uploads\/sites\/2\/2022\/09\/biblioblanes_Bibliovacances2022_germans-768x1027.jpeg 768w, https:\/\/biblioteca.blanes.cat\/salainfantil\/wp-content\/uploads\/sites\/2\/2022\/09\/biblioblanes_Bibliovacances2022_germans-1149x1536.jpeg 1149w, https:\/\/biblioteca.blanes.cat\/salainfantil\/wp-content\/uploads\/sites\/2\/2022\/09\/biblioblanes_Bibliovacances2022_germans.jpeg 1496w\" sizes=\"(max-width: 224px) 100vw, 224px\" \/>\n\t\t\t<\/div><\/figure>\n\t\t<\/div>\n\n<p>\u00a0<\/p>\n<p>Aix\u00ed que cada participant ha pogut entrar a un lloc poc habitual, el magatzem, i escollir \u00a0ell mateix les 3 lectures que volia. Una fant\u00e0stica iniciativa que ens ha perm\u00e8s donar vida als nostres llibres i augmentar aix\u00ed el nivell de pr\u00e9stec del nostre fons.<\/p>\n<h3 style=\"text-align: center;\">I sabeu una cosa?<\/h3>\n<h3 style=\"text-align: center;\"><strong>Ha estat tot un \u00e8xit!!!<\/strong><\/h3>\n<p>En el Bibliovacances han participat un total de<span style=\"color: #333399;\"><strong> 115 lectors i 72 han finalitzat l&#8217;activitat<\/strong><\/span> i per tant han aconseguit l\u2019obsequi!!<\/p>\n<ul>\n<li style=\"list-style-type: none;\">\n<ul>\n<li><b><span style=\"color: #3366ff;\">Primeres lectures:<\/span> <\/b>42 participants<\/li>\n<li><b> <\/b><span style=\"color: #ff0000;\"><b>M\u2019agrada llegir 1: <\/b><\/span>33 participants<\/li>\n<li><b> <\/b><span style=\"color: #339966;\"><b>M\u2019agrada llegir 2: <\/b><\/span>27 participants<\/li>\n<li><b><span style=\"color: #800080;\">Joves:<\/span> <\/b>13 participants<\/li>\n<\/ul>\n<\/li>\n<\/ul>\n<p>Fins i tot&#8230; 6 participants han repetit l\u2019experi\u00e8ncia i han fet dues vegades, senceres, el Bibliovacances!!!<\/p>\n<h4><strong>\u00c9s fant\u00e0stic o no????<\/strong><\/h4>\n<p>Aprofitem per agrair, un any m\u00e9s, la col\u00b7laboraci\u00f3 de la <em><strong>GELATERIA GIOTTO<\/strong><\/em>&#8230; i \u00e9s que en Joan cada any prepara un gelat delici\u00f3s per tots els que finalitzeu el Bibliovacances!!<\/p>\n<p><a href=\"https:\/\/www.instagram.com\/giottogelateria\/\"><img loading=\"lazy\" decoding=\"async\" class=\"aligncenter wp-image-4977 size-full\" src=\"https:\/\/biblioteca.blanes.cat\/salainfantil\/wp-content\/uploads\/sites\/2\/2021\/09\/Unknown.png\" alt=\"\" width=\"225\" height=\"225\" srcset=\"https:\/\/biblioteca.blanes.cat\/salainfantil\/wp-content\/uploads\/sites\/2\/2021\/09\/Unknown.png 225w, https:\/\/biblioteca.blanes.cat\/salainfantil\/wp-content\/uploads\/sites\/2\/2021\/09\/Unknown-150x150.png 150w\" sizes=\"(max-width: 225px) 100vw, 225px\" \/><\/a><\/p>\n<p>Com veieu estem s\u00faper contents i us donem les gr\u00e0cies per participar en aquesta activitat i formar part de la vostra Biblioteca.<\/p>\n<h5 style=\"text-align: center;\"><strong>Any rere any, vosaltres feu m\u00e9s gran la Biblioteca Comarcal de Blanes.<\/strong><\/h5>\n<p>I ara us deixem un seguit de fotos dels participants a aquest viatge lector tant especial:<\/p>\n<div id='gallery-2' class='gallery galleryid-6346 gallery-columns-3 gallery-size-medium'><figure class='gallery-item'>\n\t\t\t<div class='gallery-icon landscape'>\n\t\t\t\t<img loading=\"lazy\" decoding=\"async\" width=\"300\" height=\"300\" src=\"https:\/\/biblioteca.blanes.cat\/salainfantil\/wp-content\/uploads\/sites\/2\/2022\/09\/BiblioBlanes_-Bibliovacances2022_Arlet-300x300.jpg\" class=\"attachment-medium size-medium\" alt=\"\" srcset=\"https:\/\/biblioteca.blanes.cat\/salainfantil\/wp-content\/uploads\/sites\/2\/2022\/09\/BiblioBlanes_-Bibliovacances2022_Arlet-300x300.jpg 300w, https:\/\/biblioteca.blanes.cat\/salainfantil\/wp-content\/uploads\/sites\/2\/2022\/09\/BiblioBlanes_-Bibliovacances2022_Arlet-1024x1024.jpg 1024w, https:\/\/biblioteca.blanes.cat\/salainfantil\/wp-content\/uploads\/sites\/2\/2022\/09\/BiblioBlanes_-Bibliovacances2022_Arlet-150x150.jpg 150w, https:\/\/biblioteca.blanes.cat\/salainfantil\/wp-content\/uploads\/sites\/2\/2022\/09\/BiblioBlanes_-Bibliovacances2022_Arlet-768x768.jpg 768w, https:\/\/biblioteca.blanes.cat\/salainfantil\/wp-content\/uploads\/sites\/2\/2022\/09\/BiblioBlanes_-Bibliovacances2022_Arlet-270x270.jpg 270w, https:\/\/biblioteca.blanes.cat\/salainfantil\/wp-content\/uploads\/sites\/2\/2022\/09\/BiblioBlanes_-Bibliovacances2022_Arlet-230x230.jpg 230w, https:\/\/biblioteca.blanes.cat\/salainfantil\/wp-content\/uploads\/sites\/2\/2022\/09\/BiblioBlanes_-Bibliovacances2022_Arlet.jpg 1080w\" sizes=\"(max-width: 300px) 100vw, 300px\" \/>\n\t\t\t<\/div><\/figure><figure class='gallery-item'>\n\t\t\t<div class='gallery-icon landscape'>\n\t\t\t\t<img loading=\"lazy\" decoding=\"async\" width=\"300\" height=\"300\" src=\"https:\/\/biblioteca.blanes.cat\/salainfantil\/wp-content\/uploads\/sites\/2\/2022\/09\/BiblioBlanes_-Bibliovacances2022_Elia-300x300.jpg\" class=\"attachment-medium size-medium\" alt=\"\" srcset=\"https:\/\/biblioteca.blanes.cat\/salainfantil\/wp-content\/uploads\/sites\/2\/2022\/09\/BiblioBlanes_-Bibliovacances2022_Elia-300x300.jpg 300w, https:\/\/biblioteca.blanes.cat\/salainfantil\/wp-content\/uploads\/sites\/2\/2022\/09\/BiblioBlanes_-Bibliovacances2022_Elia-1024x1024.jpg 1024w, https:\/\/biblioteca.blanes.cat\/salainfantil\/wp-content\/uploads\/sites\/2\/2022\/09\/BiblioBlanes_-Bibliovacances2022_Elia-150x150.jpg 150w, https:\/\/biblioteca.blanes.cat\/salainfantil\/wp-content\/uploads\/sites\/2\/2022\/09\/BiblioBlanes_-Bibliovacances2022_Elia-768x767.jpg 768w, https:\/\/biblioteca.blanes.cat\/salainfantil\/wp-content\/uploads\/sites\/2\/2022\/09\/BiblioBlanes_-Bibliovacances2022_Elia-270x270.jpg 270w, https:\/\/biblioteca.blanes.cat\/salainfantil\/wp-content\/uploads\/sites\/2\/2022\/09\/BiblioBlanes_-Bibliovacances2022_Elia-230x230.jpg 230w, https:\/\/biblioteca.blanes.cat\/salainfantil\/wp-content\/uploads\/sites\/2\/2022\/09\/BiblioBlanes_-Bibliovacances2022_Elia.jpg 1080w\" sizes=\"(max-width: 300px) 100vw, 300px\" \/>\n\t\t\t<\/div><\/figure><figure class='gallery-item'>\n\t\t\t<div class='gallery-icon portrait'>\n\t\t\t\t<img loading=\"lazy\" decoding=\"async\" width=\"225\" height=\"300\" src=\"https:\/\/biblioteca.blanes.cat\/salainfantil\/wp-content\/uploads\/sites\/2\/2022\/09\/BiblioBlanes_-Bibliovacances2022_Ruth-Capdevila-225x300.jpg\" class=\"attachment-medium size-medium\" alt=\"\" srcset=\"https:\/\/biblioteca.blanes.cat\/salainfantil\/wp-content\/uploads\/sites\/2\/2022\/09\/BiblioBlanes_-Bibliovacances2022_Ruth-Capdevila-225x300.jpg 225w, https:\/\/biblioteca.blanes.cat\/salainfantil\/wp-content\/uploads\/sites\/2\/2022\/09\/BiblioBlanes_-Bibliovacances2022_Ruth-Capdevila-768x1024.jpg 768w, https:\/\/biblioteca.blanes.cat\/salainfantil\/wp-content\/uploads\/sites\/2\/2022\/09\/BiblioBlanes_-Bibliovacances2022_Ruth-Capdevila-1152x1536.jpg 1152w, https:\/\/biblioteca.blanes.cat\/salainfantil\/wp-content\/uploads\/sites\/2\/2022\/09\/BiblioBlanes_-Bibliovacances2022_Ruth-Capdevila.jpg 1536w\" sizes=\"(max-width: 225px) 100vw, 225px\" \/>\n\t\t\t<\/div><\/figure><figure class='gallery-item'>\n\t\t\t<div class='gallery-icon portrait'>\n\t\t\t\t<img loading=\"lazy\" decoding=\"async\" width=\"225\" height=\"300\" src=\"https:\/\/biblioteca.blanes.cat\/salainfantil\/wp-content\/uploads\/sites\/2\/2022\/09\/biblioBlanes_Bibliovacances_-Emma-i-Irene-225x300.jpeg\" class=\"attachment-medium size-medium\" alt=\"\" srcset=\"https:\/\/biblioteca.blanes.cat\/salainfantil\/wp-content\/uploads\/sites\/2\/2022\/09\/biblioBlanes_Bibliovacances_-Emma-i-Irene-225x300.jpeg 225w, https:\/\/biblioteca.blanes.cat\/salainfantil\/wp-content\/uploads\/sites\/2\/2022\/09\/biblioBlanes_Bibliovacances_-Emma-i-Irene-768x1024.jpeg 768w, https:\/\/biblioteca.blanes.cat\/salainfantil\/wp-content\/uploads\/sites\/2\/2022\/09\/biblioBlanes_Bibliovacances_-Emma-i-Irene-1152x1536.jpeg 1152w, https:\/\/biblioteca.blanes.cat\/salainfantil\/wp-content\/uploads\/sites\/2\/2022\/09\/biblioBlanes_Bibliovacances_-Emma-i-Irene.jpeg 1536w\" sizes=\"(max-width: 225px) 100vw, 225px\" \/>\n\t\t\t<\/div><\/figure><figure class='gallery-item'>\n\t\t\t<div class='gallery-icon portrait'>\n\t\t\t\t<img loading=\"lazy\" decoding=\"async\" width=\"225\" height=\"300\" src=\"https:\/\/biblioteca.blanes.cat\/salainfantil\/wp-content\/uploads\/sites\/2\/2022\/09\/BiblioBlanes_Bibliovacances_AinaBota-225x300.jpg\" class=\"attachment-medium size-medium\" alt=\"\" srcset=\"https:\/\/biblioteca.blanes.cat\/salainfantil\/wp-content\/uploads\/sites\/2\/2022\/09\/BiblioBlanes_Bibliovacances_AinaBota-225x300.jpg 225w, https:\/\/biblioteca.blanes.cat\/salainfantil\/wp-content\/uploads\/sites\/2\/2022\/09\/BiblioBlanes_Bibliovacances_AinaBota-rotated.jpg 480w\" sizes=\"(max-width: 225px) 100vw, 225px\" \/>\n\t\t\t<\/div><\/figure><figure class='gallery-item'>\n\t\t\t<div class='gallery-icon portrait'>\n\t\t\t\t<img loading=\"lazy\" decoding=\"async\" width=\"225\" height=\"300\" src=\"https:\/\/biblioteca.blanes.cat\/salainfantil\/wp-content\/uploads\/sites\/2\/2022\/09\/biblioBlanes_Bibliovacances_Aniol_Aleix_Anais-225x300.jpeg\" class=\"attachment-medium size-medium\" alt=\"\" srcset=\"https:\/\/biblioteca.blanes.cat\/salainfantil\/wp-content\/uploads\/sites\/2\/2022\/09\/biblioBlanes_Bibliovacances_Aniol_Aleix_Anais-225x300.jpeg 225w, https:\/\/biblioteca.blanes.cat\/salainfantil\/wp-content\/uploads\/sites\/2\/2022\/09\/biblioBlanes_Bibliovacances_Aniol_Aleix_Anais-768x1024.jpeg 768w, https:\/\/biblioteca.blanes.cat\/salainfantil\/wp-content\/uploads\/sites\/2\/2022\/09\/biblioBlanes_Bibliovacances_Aniol_Aleix_Anais-1152x1536.jpeg 1152w, https:\/\/biblioteca.blanes.cat\/salainfantil\/wp-content\/uploads\/sites\/2\/2022\/09\/biblioBlanes_Bibliovacances_Aniol_Aleix_Anais.jpeg 1536w\" sizes=\"(max-width: 225px) 100vw, 225px\" \/>\n\t\t\t<\/div><\/figure><figure class='gallery-item'>\n\t\t\t<div class='gallery-icon portrait'>\n\t\t\t\t<img loading=\"lazy\" decoding=\"async\" width=\"225\" height=\"300\" src=\"https:\/\/biblioteca.blanes.cat\/salainfantil\/wp-content\/uploads\/sites\/2\/2022\/09\/biblioBlanes_Bibliovacances_Didac-225x300.jpeg\" class=\"attachment-medium size-medium\" alt=\"\" srcset=\"https:\/\/biblioteca.blanes.cat\/salainfantil\/wp-content\/uploads\/sites\/2\/2022\/09\/biblioBlanes_Bibliovacances_Didac-225x300.jpeg 225w, https:\/\/biblioteca.blanes.cat\/salainfantil\/wp-content\/uploads\/sites\/2\/2022\/09\/biblioBlanes_Bibliovacances_Didac-768x1024.jpeg 768w, https:\/\/biblioteca.blanes.cat\/salainfantil\/wp-content\/uploads\/sites\/2\/2022\/09\/biblioBlanes_Bibliovacances_Didac-1152x1536.jpeg 1152w, https:\/\/biblioteca.blanes.cat\/salainfantil\/wp-content\/uploads\/sites\/2\/2022\/09\/biblioBlanes_Bibliovacances_Didac.jpeg 1536w\" sizes=\"(max-width: 225px) 100vw, 225px\" \/>\n\t\t\t<\/div><\/figure><figure class='gallery-item'>\n\t\t\t<div class='gallery-icon landscape'>\n\t\t\t\t<img loading=\"lazy\" decoding=\"async\" width=\"300\" height=\"300\" src=\"https:\/\/biblioteca.blanes.cat\/salainfantil\/wp-content\/uploads\/sites\/2\/2022\/09\/biblioBlanes_Bibliovacances_Laia-300x300.jpg\" class=\"attachment-medium size-medium\" alt=\"\" srcset=\"https:\/\/biblioteca.blanes.cat\/salainfantil\/wp-content\/uploads\/sites\/2\/2022\/09\/biblioBlanes_Bibliovacances_Laia-300x300.jpg 300w, https:\/\/biblioteca.blanes.cat\/salainfantil\/wp-content\/uploads\/sites\/2\/2022\/09\/biblioBlanes_Bibliovacances_Laia-1024x1024.jpg 1024w, https:\/\/biblioteca.blanes.cat\/salainfantil\/wp-content\/uploads\/sites\/2\/2022\/09\/biblioBlanes_Bibliovacances_Laia-150x150.jpg 150w, https:\/\/biblioteca.blanes.cat\/salainfantil\/wp-content\/uploads\/sites\/2\/2022\/09\/biblioBlanes_Bibliovacances_Laia-768x768.jpg 768w, https:\/\/biblioteca.blanes.cat\/salainfantil\/wp-content\/uploads\/sites\/2\/2022\/09\/biblioBlanes_Bibliovacances_Laia-270x270.jpg 270w, https:\/\/biblioteca.blanes.cat\/salainfantil\/wp-content\/uploads\/sites\/2\/2022\/09\/biblioBlanes_Bibliovacances_Laia-230x230.jpg 230w, https:\/\/biblioteca.blanes.cat\/salainfantil\/wp-content\/uploads\/sites\/2\/2022\/09\/biblioBlanes_Bibliovacances_Laia.jpg 1440w\" sizes=\"(max-width: 300px) 100vw, 300px\" \/>\n\t\t\t<\/div><\/figure><figure class='gallery-item'>\n\t\t\t<div class='gallery-icon landscape'>\n\t\t\t\t<img loading=\"lazy\" decoding=\"async\" width=\"300\" height=\"225\" src=\"https:\/\/biblioteca.blanes.cat\/salainfantil\/wp-content\/uploads\/sites\/2\/2022\/09\/BiblioBlanes_Bibliovacances_Rita-1-300x225.jpeg\" class=\"attachment-medium size-medium\" alt=\"\" srcset=\"https:\/\/biblioteca.blanes.cat\/salainfantil\/wp-content\/uploads\/sites\/2\/2022\/09\/BiblioBlanes_Bibliovacances_Rita-1-300x225.jpeg 300w, https:\/\/biblioteca.blanes.cat\/salainfantil\/wp-content\/uploads\/sites\/2\/2022\/09\/BiblioBlanes_Bibliovacances_Rita-1-1024x768.jpeg 1024w, https:\/\/biblioteca.blanes.cat\/salainfantil\/wp-content\/uploads\/sites\/2\/2022\/09\/BiblioBlanes_Bibliovacances_Rita-1-768x576.jpeg 768w, https:\/\/biblioteca.blanes.cat\/salainfantil\/wp-content\/uploads\/sites\/2\/2022\/09\/BiblioBlanes_Bibliovacances_Rita-1-1536x1152.jpeg 1536w, https:\/\/biblioteca.blanes.cat\/salainfantil\/wp-content\/uploads\/sites\/2\/2022\/09\/BiblioBlanes_Bibliovacances_Rita-1.jpeg 2048w\" sizes=\"(max-width: 300px) 100vw, 300px\" \/>\n\t\t\t<\/div><\/figure><figure class='gallery-item'>\n\t\t\t<div class='gallery-icon landscape'>\n\t\t\t\t<img loading=\"lazy\" decoding=\"async\" width=\"300\" height=\"225\" src=\"https:\/\/biblioteca.blanes.cat\/salainfantil\/wp-content\/uploads\/sites\/2\/2022\/09\/biblioBlanes_Bibliovacances_Valeria-300x225.jpeg\" class=\"attachment-medium size-medium\" alt=\"\" srcset=\"https:\/\/biblioteca.blanes.cat\/salainfantil\/wp-content\/uploads\/sites\/2\/2022\/09\/biblioBlanes_Bibliovacances_Valeria-300x225.jpeg 300w, https:\/\/biblioteca.blanes.cat\/salainfantil\/wp-content\/uploads\/sites\/2\/2022\/09\/biblioBlanes_Bibliovacances_Valeria-1024x768.jpeg 1024w, https:\/\/biblioteca.blanes.cat\/salainfantil\/wp-content\/uploads\/sites\/2\/2022\/09\/biblioBlanes_Bibliovacances_Valeria-768x576.jpeg 768w, https:\/\/biblioteca.blanes.cat\/salainfantil\/wp-content\/uploads\/sites\/2\/2022\/09\/biblioBlanes_Bibliovacances_Valeria-1536x1152.jpeg 1536w, https:\/\/biblioteca.blanes.cat\/salainfantil\/wp-content\/uploads\/sites\/2\/2022\/09\/biblioBlanes_Bibliovacances_Valeria.jpeg 2048w\" sizes=\"(max-width: 300px) 100vw, 300px\" \/>\n\t\t\t<\/div><\/figure><figure class='gallery-item'>\n\t\t\t<div class='gallery-icon portrait'>\n\t\t\t\t<img loading=\"lazy\" decoding=\"async\" width=\"225\" height=\"300\" src=\"https:\/\/biblioteca.blanes.cat\/salainfantil\/wp-content\/uploads\/sites\/2\/2022\/09\/BiblioBlanes_Bibliovacances2022_-Ariadna-Gonzalo-225x300.jpg\" class=\"attachment-medium size-medium\" alt=\"\" srcset=\"https:\/\/biblioteca.blanes.cat\/salainfantil\/wp-content\/uploads\/sites\/2\/2022\/09\/BiblioBlanes_Bibliovacances2022_-Ariadna-Gonzalo-225x300.jpg 225w, https:\/\/biblioteca.blanes.cat\/salainfantil\/wp-content\/uploads\/sites\/2\/2022\/09\/BiblioBlanes_Bibliovacances2022_-Ariadna-Gonzalo-768x1024.jpg 768w, https:\/\/biblioteca.blanes.cat\/salainfantil\/wp-content\/uploads\/sites\/2\/2022\/09\/BiblioBlanes_Bibliovacances2022_-Ariadna-Gonzalo-1152x1536.jpg 1152w, https:\/\/biblioteca.blanes.cat\/salainfantil\/wp-content\/uploads\/sites\/2\/2022\/09\/BiblioBlanes_Bibliovacances2022_-Ariadna-Gonzalo.jpg 1536w\" sizes=\"(max-width: 225px) 100vw, 225px\" \/>\n\t\t\t<\/div><\/figure><figure class='gallery-item'>\n\t\t\t<div class='gallery-icon portrait'>\n\t\t\t\t<img loading=\"lazy\" decoding=\"async\" width=\"224\" height=\"300\" src=\"https:\/\/biblioteca.blanes.cat\/salainfantil\/wp-content\/uploads\/sites\/2\/2022\/09\/BiblioBlanes_Bibliovacances2022_-Clara-224x300.jpg\" class=\"attachment-medium size-medium\" alt=\"\" srcset=\"https:\/\/biblioteca.blanes.cat\/salainfantil\/wp-content\/uploads\/sites\/2\/2022\/09\/BiblioBlanes_Bibliovacances2022_-Clara-224x300.jpg 224w, https:\/\/biblioteca.blanes.cat\/salainfantil\/wp-content\/uploads\/sites\/2\/2022\/09\/BiblioBlanes_Bibliovacances2022_-Clara-766x1024.jpg 766w, https:\/\/biblioteca.blanes.cat\/salainfantil\/wp-content\/uploads\/sites\/2\/2022\/09\/BiblioBlanes_Bibliovacances2022_-Clara-768x1027.jpg 768w, https:\/\/biblioteca.blanes.cat\/salainfantil\/wp-content\/uploads\/sites\/2\/2022\/09\/BiblioBlanes_Bibliovacances2022_-Clara-1149x1536.jpg 1149w, https:\/\/biblioteca.blanes.cat\/salainfantil\/wp-content\/uploads\/sites\/2\/2022\/09\/BiblioBlanes_Bibliovacances2022_-Clara.jpg 1496w\" sizes=\"(max-width: 224px) 100vw, 224px\" \/>\n\t\t\t<\/div><\/figure><figure class='gallery-item'>\n\t\t\t<div class='gallery-icon portrait'>\n\t\t\t\t<img loading=\"lazy\" decoding=\"async\" width=\"225\" height=\"300\" src=\"https:\/\/biblioteca.blanes.cat\/salainfantil\/wp-content\/uploads\/sites\/2\/2022\/09\/BiblioBlanes_Bibliovacances2022_MarinaMaresma-225x300.jpg\" class=\"attachment-medium size-medium\" alt=\"\" srcset=\"https:\/\/biblioteca.blanes.cat\/salainfantil\/wp-content\/uploads\/sites\/2\/2022\/09\/BiblioBlanes_Bibliovacances2022_MarinaMaresma-225x300.jpg 225w, https:\/\/biblioteca.blanes.cat\/salainfantil\/wp-content\/uploads\/sites\/2\/2022\/09\/BiblioBlanes_Bibliovacances2022_MarinaMaresma-rotated.jpg 480w\" sizes=\"(max-width: 225px) 100vw, 225px\" \/>\n\t\t\t<\/div><\/figure><figure class='gallery-item'>\n\t\t\t<div class='gallery-icon landscape'>\n\t\t\t\t<img loading=\"lazy\" decoding=\"async\" width=\"300\" height=\"225\" src=\"https:\/\/biblioteca.blanes.cat\/salainfantil\/wp-content\/uploads\/sites\/2\/2022\/09\/BiblioBlanes_Bibliovacances2022_MiaLucas-1-300x225.jpg\" class=\"attachment-medium size-medium\" alt=\"\" srcset=\"https:\/\/biblioteca.blanes.cat\/salainfantil\/wp-content\/uploads\/sites\/2\/2022\/09\/BiblioBlanes_Bibliovacances2022_MiaLucas-1-300x225.jpg 300w, https:\/\/biblioteca.blanes.cat\/salainfantil\/wp-content\/uploads\/sites\/2\/2022\/09\/BiblioBlanes_Bibliovacances2022_MiaLucas-1.jpg 640w\" sizes=\"(max-width: 300px) 100vw, 300px\" \/>\n\t\t\t<\/div><\/figure><figure class='gallery-item'>\n\t\t\t<div class='gallery-icon landscape'>\n\t\t\t\t<img loading=\"lazy\" decoding=\"async\" width=\"300\" height=\"225\" src=\"https:\/\/biblioteca.blanes.cat\/salainfantil\/wp-content\/uploads\/sites\/2\/2022\/09\/BiblioBlanes_Bibliovacances2022_MiaLucas-2avegada-300x225.jpg\" class=\"attachment-medium size-medium\" alt=\"\" srcset=\"https:\/\/biblioteca.blanes.cat\/salainfantil\/wp-content\/uploads\/sites\/2\/2022\/09\/BiblioBlanes_Bibliovacances2022_MiaLucas-2avegada-300x225.jpg 300w, https:\/\/biblioteca.blanes.cat\/salainfantil\/wp-content\/uploads\/sites\/2\/2022\/09\/BiblioBlanes_Bibliovacances2022_MiaLucas-2avegada-1024x768.jpg 1024w, https:\/\/biblioteca.blanes.cat\/salainfantil\/wp-content\/uploads\/sites\/2\/2022\/09\/BiblioBlanes_Bibliovacances2022_MiaLucas-2avegada-768x576.jpg 768w, https:\/\/biblioteca.blanes.cat\/salainfantil\/wp-content\/uploads\/sites\/2\/2022\/09\/BiblioBlanes_Bibliovacances2022_MiaLucas-2avegada-1536x1152.jpg 1536w, https:\/\/biblioteca.blanes.cat\/salainfantil\/wp-content\/uploads\/sites\/2\/2022\/09\/BiblioBlanes_Bibliovacances2022_MiaLucas-2avegada.jpg 2000w\" sizes=\"(max-width: 300px) 100vw, 300px\" \/>\n\t\t\t<\/div><\/figure><figure class='gallery-item'>\n\t\t\t<div class='gallery-icon landscape'>\n\t\t\t\t<img loading=\"lazy\" decoding=\"async\" width=\"300\" height=\"225\" src=\"https:\/\/biblioteca.blanes.cat\/salainfantil\/wp-content\/uploads\/sites\/2\/2022\/09\/BiblioBlanes_Bibliovacances2022_Pol-300x225.jpeg\" class=\"attachment-medium size-medium\" alt=\"\" srcset=\"https:\/\/biblioteca.blanes.cat\/salainfantil\/wp-content\/uploads\/sites\/2\/2022\/09\/BiblioBlanes_Bibliovacances2022_Pol-300x225.jpeg 300w, https:\/\/biblioteca.blanes.cat\/salainfantil\/wp-content\/uploads\/sites\/2\/2022\/09\/BiblioBlanes_Bibliovacances2022_Pol-1024x768.jpeg 1024w, https:\/\/biblioteca.blanes.cat\/salainfantil\/wp-content\/uploads\/sites\/2\/2022\/09\/BiblioBlanes_Bibliovacances2022_Pol-768x576.jpeg 768w, https:\/\/biblioteca.blanes.cat\/salainfantil\/wp-content\/uploads\/sites\/2\/2022\/09\/BiblioBlanes_Bibliovacances2022_Pol-1536x1152.jpeg 1536w, https:\/\/biblioteca.blanes.cat\/salainfantil\/wp-content\/uploads\/sites\/2\/2022\/09\/BiblioBlanes_Bibliovacances2022_Pol.jpeg 2048w\" sizes=\"(max-width: 300px) 100vw, 300px\" \/>\n\t\t\t<\/div><\/figure><figure class='gallery-item'>\n\t\t\t<div class='gallery-icon landscape'>\n\t\t\t\t<img loading=\"lazy\" decoding=\"async\" width=\"300\" height=\"225\" src=\"https:\/\/biblioteca.blanes.cat\/salainfantil\/wp-content\/uploads\/sites\/2\/2022\/09\/BiblioBlanes_Biobliovacances_-Pol-1-300x225.jpeg\" class=\"attachment-medium size-medium\" alt=\"\" srcset=\"https:\/\/biblioteca.blanes.cat\/salainfantil\/wp-content\/uploads\/sites\/2\/2022\/09\/BiblioBlanes_Biobliovacances_-Pol-1-300x225.jpeg 300w, https:\/\/biblioteca.blanes.cat\/salainfantil\/wp-content\/uploads\/sites\/2\/2022\/09\/BiblioBlanes_Biobliovacances_-Pol-1-1024x768.jpeg 1024w, https:\/\/biblioteca.blanes.cat\/salainfantil\/wp-content\/uploads\/sites\/2\/2022\/09\/BiblioBlanes_Biobliovacances_-Pol-1-768x576.jpeg 768w, https:\/\/biblioteca.blanes.cat\/salainfantil\/wp-content\/uploads\/sites\/2\/2022\/09\/BiblioBlanes_Biobliovacances_-Pol-1-1536x1152.jpeg 1536w, https:\/\/biblioteca.blanes.cat\/salainfantil\/wp-content\/uploads\/sites\/2\/2022\/09\/BiblioBlanes_Biobliovacances_-Pol-1.jpeg 2048w\" sizes=\"(max-width: 300px) 100vw, 300px\" \/>\n\t\t\t<\/div><\/figure><figure class='gallery-item'>\n\t\t\t<div class='gallery-icon landscape'>\n\t\t\t\t<img loading=\"lazy\" decoding=\"async\" width=\"300\" height=\"225\" src=\"https:\/\/biblioteca.blanes.cat\/salainfantil\/wp-content\/uploads\/sites\/2\/2022\/09\/BiblioBlanes_Biobliovacances_Marius-300x225.jpeg\" class=\"attachment-medium size-medium\" alt=\"\" srcset=\"https:\/\/biblioteca.blanes.cat\/salainfantil\/wp-content\/uploads\/sites\/2\/2022\/09\/BiblioBlanes_Biobliovacances_Marius-300x225.jpeg 300w, https:\/\/biblioteca.blanes.cat\/salainfantil\/wp-content\/uploads\/sites\/2\/2022\/09\/BiblioBlanes_Biobliovacances_Marius-1024x768.jpeg 1024w, https:\/\/biblioteca.blanes.cat\/salainfantil\/wp-content\/uploads\/sites\/2\/2022\/09\/BiblioBlanes_Biobliovacances_Marius-768x576.jpeg 768w, https:\/\/biblioteca.blanes.cat\/salainfantil\/wp-content\/uploads\/sites\/2\/2022\/09\/BiblioBlanes_Biobliovacances_Marius-1536x1152.jpeg 1536w, https:\/\/biblioteca.blanes.cat\/salainfantil\/wp-content\/uploads\/sites\/2\/2022\/09\/BiblioBlanes_Biobliovacances_Marius.jpeg 2048w\" sizes=\"(max-width: 300px) 100vw, 300px\" \/>\n\t\t\t<\/div><\/figure><figure class='gallery-item'>\n\t\t\t<div class='gallery-icon portrait'>\n\t\t\t\t<img loading=\"lazy\" decoding=\"async\" width=\"225\" height=\"300\" src=\"https:\/\/biblioteca.blanes.cat\/salainfantil\/wp-content\/uploads\/sites\/2\/2022\/09\/BiblioBlanes_Biobliovacances_Marius_2apart-225x300.jpeg\" class=\"attachment-medium size-medium\" alt=\"\" srcset=\"https:\/\/biblioteca.blanes.cat\/salainfantil\/wp-content\/uploads\/sites\/2\/2022\/09\/BiblioBlanes_Biobliovacances_Marius_2apart-225x300.jpeg 225w, https:\/\/biblioteca.blanes.cat\/salainfantil\/wp-content\/uploads\/sites\/2\/2022\/09\/BiblioBlanes_Biobliovacances_Marius_2apart-769x1024.jpeg 769w, https:\/\/biblioteca.blanes.cat\/salainfantil\/wp-content\/uploads\/sites\/2\/2022\/09\/BiblioBlanes_Biobliovacances_Marius_2apart-768x1023.jpeg 768w, https:\/\/biblioteca.blanes.cat\/salainfantil\/wp-content\/uploads\/sites\/2\/2022\/09\/BiblioBlanes_Biobliovacances_Marius_2apart-1153x1536.jpeg 1153w, https:\/\/biblioteca.blanes.cat\/salainfantil\/wp-content\/uploads\/sites\/2\/2022\/09\/BiblioBlanes_Biobliovacances_Marius_2apart.jpeg 1537w\" sizes=\"(max-width: 225px) 100vw, 225px\" \/>\n\t\t\t<\/div><\/figure><figure class='gallery-item'>\n\t\t\t<div class='gallery-icon portrait'>\n\t\t\t\t<img loading=\"lazy\" decoding=\"async\" width=\"225\" height=\"300\" src=\"https:\/\/biblioteca.blanes.cat\/salainfantil\/wp-content\/uploads\/sites\/2\/2022\/09\/Ivet-i-Ona-225x300.jpeg\" class=\"attachment-medium size-medium\" alt=\"\" srcset=\"https:\/\/biblioteca.blanes.cat\/salainfantil\/wp-content\/uploads\/sites\/2\/2022\/09\/Ivet-i-Ona-225x300.jpeg 225w, https:\/\/biblioteca.blanes.cat\/salainfantil\/wp-content\/uploads\/sites\/2\/2022\/09\/Ivet-i-Ona-768x1024.jpeg 768w, https:\/\/biblioteca.blanes.cat\/salainfantil\/wp-content\/uploads\/sites\/2\/2022\/09\/Ivet-i-Ona-1152x1536.jpeg 1152w, https:\/\/biblioteca.blanes.cat\/salainfantil\/wp-content\/uploads\/sites\/2\/2022\/09\/Ivet-i-Ona.jpeg 1500w\" sizes=\"(max-width: 225px) 100vw, 225px\" \/>\n\t\t\t<\/div><\/figure>\n\t\t<\/div>\n\n","protected":false},"excerpt":{"rendered":"<p>Aquest ha estat el t\u00edtol que ha tingut aquest estiu el Bibliovacances i \u00e9s que hem volgut viatjar amb tots els llibres que tenim al magatzem de la vostra biblioteca. V\u00e0rem pensar que seria bona idea donar sortida a tots<\/p>\n","protected":false},"author":4,"featured_media":6157,"comment_status":"open","ping_status":"open","sticky":false,"template":"","format":"standard","meta":{"sfsi_plus_gutenberg_text_before_share":"","sfsi_plus_gutenberg_show_text_before_share":"","sfsi_plus_gutenberg_icon_type":"","sfsi_plus_gutenberg_icon_alignemt":"","sfsi_plus_gutenburg_max_per_row":"","footnotes":""},"categories":[6,1],"tags":[],"class_list":["post-6346","post","type-post","status-publish","format-standard","has-post-thumbnail","hentry","category-activitats","category-general"],"yoast_head":"<!-- This site is optimized with the Yoast SEO plugin v27.5 - https:\/\/yoast.com\/product\/yoast-seo-wordpress\/ -->\n<title>LA VOLTA AL M\u00d3N EN 3658 LLIBRES - SALA INFANTIL<\/title>\n<meta name=\"robots\" content=\"index, follow, max-snippet:-1, max-image-preview:large, max-video-preview:-1\" \/>\n<link rel=\"canonical\" href=\"https:\/\/biblioteca.blanes.cat\/salainfantil\/la-volta-al-mon-en-3658-llibres\/\" \/>\n<meta property=\"og:locale\" content=\"ca_ES\" \/>\n<meta property=\"og:type\" content=\"article\" \/>\n<meta property=\"og:title\" content=\"LA VOLTA AL M\u00d3N EN 3658 LLIBRES - SALA INFANTIL\" \/>\n<meta property=\"og:description\" content=\"Aquest ha estat el t\u00edtol que ha tingut aquest estiu el Bibliovacances i \u00e9s que hem volgut viatjar amb tots els llibres que tenim al magatzem de la vostra biblioteca. V\u00e0rem pensar que seria bona idea donar sortida a tots\" \/>\n<meta property=\"og:url\" content=\"https:\/\/biblioteca.blanes.cat\/salainfantil\/la-volta-al-mon-en-3658-llibres\/\" \/>\n<meta property=\"og:site_name\" content=\"SALA INFANTIL\" \/>\n<meta property=\"article:published_time\" content=\"2022-09-08T14:49:46+00:00\" \/>\n<meta property=\"article:modified_time\" content=\"2022-09-09T06:15:18+00:00\" \/>\n<meta property=\"og:image\" content=\"https:\/\/biblioteca.blanes.cat\/salainfantil\/wp-content\/uploads\/sites\/2\/2022\/07\/Logo-Bibliovacances.png\" \/>\n\t<meta property=\"og:image:width\" content=\"500\" \/>\n\t<meta property=\"og:image:height\" content=\"500\" \/>\n\t<meta property=\"og:image:type\" content=\"image\/png\" \/>\n<meta name=\"author\" content=\"biblioblanes\" \/>\n<meta name=\"twitter:card\" content=\"summary_large_image\" \/>\n<meta name=\"twitter:creator\" content=\"@biblioblanes\" \/>\n<meta name=\"twitter:label1\" content=\"Escrit per\" \/>\n\t<meta name=\"twitter:data1\" content=\"biblioblanes\" \/>\n\t<meta name=\"twitter:label2\" content=\"Temps estimat de lectura\" \/>\n\t<meta name=\"twitter:data2\" content=\"2 minuts\" \/>\n<script type=\"application\/ld+json\" class=\"yoast-schema-graph\">{\"@context\":\"https:\\\/\\\/schema.org\",\"@graph\":[{\"@type\":\"Article\",\"@id\":\"https:\\\/\\\/biblioteca.blanes.cat\\\/salainfantil\\\/la-volta-al-mon-en-3658-llibres\\\/#article\",\"isPartOf\":{\"@id\":\"https:\\\/\\\/biblioteca.blanes.cat\\\/salainfantil\\\/la-volta-al-mon-en-3658-llibres\\\/\"},\"author\":{\"name\":\"biblioblanes\",\"@id\":\"https:\\\/\\\/biblioteca.blanes.cat\\\/salainfantil\\\/#\\\/schema\\\/person\\\/5a7b46760d9dd611d098bbf571a341dc\"},\"headline\":\"LA VOLTA AL M\u00d3N EN 3658 LLIBRES\",\"datePublished\":\"2022-09-08T14:49:46+00:00\",\"dateModified\":\"2022-09-09T06:15:18+00:00\",\"mainEntityOfPage\":{\"@id\":\"https:\\\/\\\/biblioteca.blanes.cat\\\/salainfantil\\\/la-volta-al-mon-en-3658-llibres\\\/\"},\"wordCount\":278,\"commentCount\":0,\"image\":{\"@id\":\"https:\\\/\\\/biblioteca.blanes.cat\\\/salainfantil\\\/la-volta-al-mon-en-3658-llibres\\\/#primaryimage\"},\"thumbnailUrl\":\"https:\\\/\\\/biblioteca.blanes.cat\\\/salainfantil\\\/wp-content\\\/uploads\\\/sites\\\/2\\\/2022\\\/07\\\/Logo-Bibliovacances.png\",\"articleSection\":[\"Activitats\",\"Fes una ullada\"],\"inLanguage\":\"ca\",\"potentialAction\":[{\"@type\":\"CommentAction\",\"name\":\"Comment\",\"target\":[\"https:\\\/\\\/biblioteca.blanes.cat\\\/salainfantil\\\/la-volta-al-mon-en-3658-llibres\\\/#respond\"]}]},{\"@type\":\"WebPage\",\"@id\":\"https:\\\/\\\/biblioteca.blanes.cat\\\/salainfantil\\\/la-volta-al-mon-en-3658-llibres\\\/\",\"url\":\"https:\\\/\\\/biblioteca.blanes.cat\\\/salainfantil\\\/la-volta-al-mon-en-3658-llibres\\\/\",\"name\":\"LA VOLTA AL M\u00d3N EN 3658 LLIBRES - SALA INFANTIL\",\"isPartOf\":{\"@id\":\"https:\\\/\\\/biblioteca.blanes.cat\\\/salainfantil\\\/#website\"},\"primaryImageOfPage\":{\"@id\":\"https:\\\/\\\/biblioteca.blanes.cat\\\/salainfantil\\\/la-volta-al-mon-en-3658-llibres\\\/#primaryimage\"},\"image\":{\"@id\":\"https:\\\/\\\/biblioteca.blanes.cat\\\/salainfantil\\\/la-volta-al-mon-en-3658-llibres\\\/#primaryimage\"},\"thumbnailUrl\":\"https:\\\/\\\/biblioteca.blanes.cat\\\/salainfantil\\\/wp-content\\\/uploads\\\/sites\\\/2\\\/2022\\\/07\\\/Logo-Bibliovacances.png\",\"datePublished\":\"2022-09-08T14:49:46+00:00\",\"dateModified\":\"2022-09-09T06:15:18+00:00\",\"author\":{\"@id\":\"https:\\\/\\\/biblioteca.blanes.cat\\\/salainfantil\\\/#\\\/schema\\\/person\\\/5a7b46760d9dd611d098bbf571a341dc\"},\"breadcrumb\":{\"@id\":\"https:\\\/\\\/biblioteca.blanes.cat\\\/salainfantil\\\/la-volta-al-mon-en-3658-llibres\\\/#breadcrumb\"},\"inLanguage\":\"ca\",\"potentialAction\":[{\"@type\":\"ReadAction\",\"target\":[\"https:\\\/\\\/biblioteca.blanes.cat\\\/salainfantil\\\/la-volta-al-mon-en-3658-llibres\\\/\"]}]},{\"@type\":\"ImageObject\",\"inLanguage\":\"ca\",\"@id\":\"https:\\\/\\\/biblioteca.blanes.cat\\\/salainfantil\\\/la-volta-al-mon-en-3658-llibres\\\/#primaryimage\",\"url\":\"https:\\\/\\\/biblioteca.blanes.cat\\\/salainfantil\\\/wp-content\\\/uploads\\\/sites\\\/2\\\/2022\\\/07\\\/Logo-Bibliovacances.png\",\"contentUrl\":\"https:\\\/\\\/biblioteca.blanes.cat\\\/salainfantil\\\/wp-content\\\/uploads\\\/sites\\\/2\\\/2022\\\/07\\\/Logo-Bibliovacances.png\",\"width\":500,\"height\":500},{\"@type\":\"BreadcrumbList\",\"@id\":\"https:\\\/\\\/biblioteca.blanes.cat\\\/salainfantil\\\/la-volta-al-mon-en-3658-llibres\\\/#breadcrumb\",\"itemListElement\":[{\"@type\":\"ListItem\",\"position\":1,\"name\":\"Inici\",\"item\":\"https:\\\/\\\/biblioteca.blanes.cat\\\/salainfantil\\\/\"},{\"@type\":\"ListItem\",\"position\":2,\"name\":\"LA VOLTA AL M\u00d3N EN 3658 LLIBRES\"}]},{\"@type\":\"WebSite\",\"@id\":\"https:\\\/\\\/biblioteca.blanes.cat\\\/salainfantil\\\/#website\",\"url\":\"https:\\\/\\\/biblioteca.blanes.cat\\\/salainfantil\\\/\",\"name\":\"SALA INFANTIL\",\"description\":\"Biblioteca Roberto Bola\u00f1o\",\"potentialAction\":[{\"@type\":\"SearchAction\",\"target\":{\"@type\":\"EntryPoint\",\"urlTemplate\":\"https:\\\/\\\/biblioteca.blanes.cat\\\/salainfantil\\\/?s={search_term_string}\"},\"query-input\":{\"@type\":\"PropertyValueSpecification\",\"valueRequired\":true,\"valueName\":\"search_term_string\"}}],\"inLanguage\":\"ca\"},{\"@type\":\"Person\",\"@id\":\"https:\\\/\\\/biblioteca.blanes.cat\\\/salainfantil\\\/#\\\/schema\\\/person\\\/5a7b46760d9dd611d098bbf571a341dc\",\"name\":\"biblioblanes\",\"image\":{\"@type\":\"ImageObject\",\"inLanguage\":\"ca\",\"@id\":\"https:\\\/\\\/secure.gravatar.com\\\/avatar\\\/6593ca6cc90e5a70939f51c95e8315483b9c281bafba597292bee47992030f99?s=96&d=mm&r=g\",\"url\":\"https:\\\/\\\/secure.gravatar.com\\\/avatar\\\/6593ca6cc90e5a70939f51c95e8315483b9c281bafba597292bee47992030f99?s=96&d=mm&r=g\",\"contentUrl\":\"https:\\\/\\\/secure.gravatar.com\\\/avatar\\\/6593ca6cc90e5a70939f51c95e8315483b9c281bafba597292bee47992030f99?s=96&d=mm&r=g\",\"caption\":\"biblioblanes\"},\"sameAs\":[\"http:\\\/\\\/www.bibgirona.cat\\\/biblioteca\\\/blanes\",\"https:\\\/\\\/x.com\\\/biblioblanes\"],\"url\":\"https:\\\/\\\/biblioteca.blanes.cat\\\/salainfantil\\\/author\\\/biblioblanes\\\/\"}]}<\/script>\n<!-- \/ Yoast SEO plugin. -->","yoast_head_json":{"title":"LA VOLTA AL M\u00d3N EN 3658 LLIBRES - SALA INFANTIL","robots":{"index":"index","follow":"follow","max-snippet":"max-snippet:-1","max-image-preview":"max-image-preview:large","max-video-preview":"max-video-preview:-1"},"canonical":"https:\/\/biblioteca.blanes.cat\/salainfantil\/la-volta-al-mon-en-3658-llibres\/","og_locale":"ca_ES","og_type":"article","og_title":"LA VOLTA AL M\u00d3N EN 3658 LLIBRES - SALA INFANTIL","og_description":"Aquest ha estat el t\u00edtol que ha tingut aquest estiu el Bibliovacances i \u00e9s que hem volgut viatjar amb tots els llibres que tenim al magatzem de la vostra biblioteca. V\u00e0rem pensar que seria bona idea donar sortida a tots","og_url":"https:\/\/biblioteca.blanes.cat\/salainfantil\/la-volta-al-mon-en-3658-llibres\/","og_site_name":"SALA INFANTIL","article_published_time":"2022-09-08T14:49:46+00:00","article_modified_time":"2022-09-09T06:15:18+00:00","og_image":[{"width":500,"height":500,"url":"https:\/\/biblioteca.blanes.cat\/salainfantil\/wp-content\/uploads\/sites\/2\/2022\/07\/Logo-Bibliovacances.png","type":"image\/png"}],"author":"biblioblanes","twitter_card":"summary_large_image","twitter_creator":"@biblioblanes","twitter_misc":{"Escrit per":"biblioblanes","Temps estimat de lectura":"2 minuts"},"schema":{"@context":"https:\/\/schema.org","@graph":[{"@type":"Article","@id":"https:\/\/biblioteca.blanes.cat\/salainfantil\/la-volta-al-mon-en-3658-llibres\/#article","isPartOf":{"@id":"https:\/\/biblioteca.blanes.cat\/salainfantil\/la-volta-al-mon-en-3658-llibres\/"},"author":{"name":"biblioblanes","@id":"https:\/\/biblioteca.blanes.cat\/salainfantil\/#\/schema\/person\/5a7b46760d9dd611d098bbf571a341dc"},"headline":"LA VOLTA AL M\u00d3N EN 3658 LLIBRES","datePublished":"2022-09-08T14:49:46+00:00","dateModified":"2022-09-09T06:15:18+00:00","mainEntityOfPage":{"@id":"https:\/\/biblioteca.blanes.cat\/salainfantil\/la-volta-al-mon-en-3658-llibres\/"},"wordCount":278,"commentCount":0,"image":{"@id":"https:\/\/biblioteca.blanes.cat\/salainfantil\/la-volta-al-mon-en-3658-llibres\/#primaryimage"},"thumbnailUrl":"https:\/\/biblioteca.blanes.cat\/salainfantil\/wp-content\/uploads\/sites\/2\/2022\/07\/Logo-Bibliovacances.png","articleSection":["Activitats","Fes una ullada"],"inLanguage":"ca","potentialAction":[{"@type":"CommentAction","name":"Comment","target":["https:\/\/biblioteca.blanes.cat\/salainfantil\/la-volta-al-mon-en-3658-llibres\/#respond"]}]},{"@type":"WebPage","@id":"https:\/\/biblioteca.blanes.cat\/salainfantil\/la-volta-al-mon-en-3658-llibres\/","url":"https:\/\/biblioteca.blanes.cat\/salainfantil\/la-volta-al-mon-en-3658-llibres\/","name":"LA VOLTA AL M\u00d3N EN 3658 LLIBRES - SALA INFANTIL","isPartOf":{"@id":"https:\/\/biblioteca.blanes.cat\/salainfantil\/#website"},"primaryImageOfPage":{"@id":"https:\/\/biblioteca.blanes.cat\/salainfantil\/la-volta-al-mon-en-3658-llibres\/#primaryimage"},"image":{"@id":"https:\/\/biblioteca.blanes.cat\/salainfantil\/la-volta-al-mon-en-3658-llibres\/#primaryimage"},"thumbnailUrl":"https:\/\/biblioteca.blanes.cat\/salainfantil\/wp-content\/uploads\/sites\/2\/2022\/07\/Logo-Bibliovacances.png","datePublished":"2022-09-08T14:49:46+00:00","dateModified":"2022-09-09T06:15:18+00:00","author":{"@id":"https:\/\/biblioteca.blanes.cat\/salainfantil\/#\/schema\/person\/5a7b46760d9dd611d098bbf571a341dc"},"breadcrumb":{"@id":"https:\/\/biblioteca.blanes.cat\/salainfantil\/la-volta-al-mon-en-3658-llibres\/#breadcrumb"},"inLanguage":"ca","potentialAction":[{"@type":"ReadAction","target":["https:\/\/biblioteca.blanes.cat\/salainfantil\/la-volta-al-mon-en-3658-llibres\/"]}]},{"@type":"ImageObject","inLanguage":"ca","@id":"https:\/\/biblioteca.blanes.cat\/salainfantil\/la-volta-al-mon-en-3658-llibres\/#primaryimage","url":"https:\/\/biblioteca.blanes.cat\/salainfantil\/wp-content\/uploads\/sites\/2\/2022\/07\/Logo-Bibliovacances.png","contentUrl":"https:\/\/biblioteca.blanes.cat\/salainfantil\/wp-content\/uploads\/sites\/2\/2022\/07\/Logo-Bibliovacances.png","width":500,"height":500},{"@type":"BreadcrumbList","@id":"https:\/\/biblioteca.blanes.cat\/salainfantil\/la-volta-al-mon-en-3658-llibres\/#breadcrumb","itemListElement":[{"@type":"ListItem","position":1,"name":"Inici","item":"https:\/\/biblioteca.blanes.cat\/salainfantil\/"},{"@type":"ListItem","position":2,"name":"LA VOLTA AL M\u00d3N EN 3658 LLIBRES"}]},{"@type":"WebSite","@id":"https:\/\/biblioteca.blanes.cat\/salainfantil\/#website","url":"https:\/\/biblioteca.blanes.cat\/salainfantil\/","name":"SALA INFANTIL","description":"Biblioteca Roberto Bola\u00f1o","potentialAction":[{"@type":"SearchAction","target":{"@type":"EntryPoint","urlTemplate":"https:\/\/biblioteca.blanes.cat\/salainfantil\/?s={search_term_string}"},"query-input":{"@type":"PropertyValueSpecification","valueRequired":true,"valueName":"search_term_string"}}],"inLanguage":"ca"},{"@type":"Person","@id":"https:\/\/biblioteca.blanes.cat\/salainfantil\/#\/schema\/person\/5a7b46760d9dd611d098bbf571a341dc","name":"biblioblanes","image":{"@type":"ImageObject","inLanguage":"ca","@id":"https:\/\/secure.gravatar.com\/avatar\/6593ca6cc90e5a70939f51c95e8315483b9c281bafba597292bee47992030f99?s=96&d=mm&r=g","url":"https:\/\/secure.gravatar.com\/avatar\/6593ca6cc90e5a70939f51c95e8315483b9c281bafba597292bee47992030f99?s=96&d=mm&r=g","contentUrl":"https:\/\/secure.gravatar.com\/avatar\/6593ca6cc90e5a70939f51c95e8315483b9c281bafba597292bee47992030f99?s=96&d=mm&r=g","caption":"biblioblanes"},"sameAs":["http:\/\/www.bibgirona.cat\/biblioteca\/blanes","https:\/\/x.com\/biblioblanes"],"url":"https:\/\/biblioteca.blanes.cat\/salainfantil\/author\/biblioblanes\/"}]}},"_links":{"self":[{"href":"https:\/\/biblioteca.blanes.cat\/salainfantil\/wp-json\/wp\/v2\/posts\/6346","targetHints":{"allow":["GET"]}}],"collection":[{"href":"https:\/\/biblioteca.blanes.cat\/salainfantil\/wp-json\/wp\/v2\/posts"}],"about":[{"href":"https:\/\/biblioteca.blanes.cat\/salainfantil\/wp-json\/wp\/v2\/types\/post"}],"author":[{"embeddable":true,"href":"https:\/\/biblioteca.blanes.cat\/salainfantil\/wp-json\/wp\/v2\/users\/4"}],"replies":[{"embeddable":true,"href":"https:\/\/biblioteca.blanes.cat\/salainfantil\/wp-json\/wp\/v2\/comments?post=6346"}],"version-history":[{"count":4,"href":"https:\/\/biblioteca.blanes.cat\/salainfantil\/wp-json\/wp\/v2\/posts\/6346\/revisions"}],"predecessor-version":[{"id":6377,"href":"https:\/\/biblioteca.blanes.cat\/salainfantil\/wp-json\/wp\/v2\/posts\/6346\/revisions\/6377"}],"wp:featuredmedia":[{"embeddable":true,"href":"https:\/\/biblioteca.blanes.cat\/salainfantil\/wp-json\/wp\/v2\/media\/6157"}],"wp:attachment":[{"href":"https:\/\/biblioteca.blanes.cat\/salainfantil\/wp-json\/wp\/v2\/media?parent=6346"}],"wp:term":[{"taxonomy":"category","embeddable":true,"href":"https:\/\/biblioteca.blanes.cat\/salainfantil\/wp-json\/wp\/v2\/categories?post=6346"},{"taxonomy":"post_tag","embeddable":true,"href":"https:\/\/biblioteca.blanes.cat\/salainfantil\/wp-json\/wp\/v2\/tags?post=6346"}],"curies":[{"name":"wp","href":"https:\/\/api.w.org\/{rel}","templated":true}]}}