{"id":5832,"date":"2022-04-29T09:34:13","date_gmt":"2022-04-29T08:34:13","guid":{"rendered":"https:\/\/biblioteca.blanes.cat\/salainfantil\/?p=5832"},"modified":"2022-04-29T09:34:14","modified_gmt":"2022-04-29T08:34:14","slug":"club-de-lectura-infantil-amanda-black-una-herencia-perillosa","status":"publish","type":"post","link":"https:\/\/biblioteca.blanes.cat\/salainfantil\/club-de-lectura-infantil-amanda-black-una-herencia-perillosa\/","title":{"rendered":"Club de lectura infantil: AMANDA BLACK. Una her\u00e8ncia perillosa"},"content":{"rendered":"\n<p>Ei, ei, ei!!! Aquesta ha sigut una setmana de trobada del Club Infantil plena d&#8217;intriga i misteris.<\/p>\n<p><!--more--><\/p>\n<p><img fetchpriority=\"high\" decoding=\"async\" class=\"aligncenter wp-image-5833 size-medium\" src=\"https:\/\/biblioteca.blanes.cat\/salainfantil\/wp-content\/uploads\/sites\/2\/2022\/04\/Una-herencia-perillosa-207x300.jpg\" alt=\"\" width=\"207\" height=\"300\" srcset=\"https:\/\/biblioteca.blanes.cat\/salainfantil\/wp-content\/uploads\/sites\/2\/2022\/04\/Una-herencia-perillosa-207x300.jpg 207w, https:\/\/biblioteca.blanes.cat\/salainfantil\/wp-content\/uploads\/sites\/2\/2022\/04\/Una-herencia-perillosa.jpg 280w\" sizes=\"(max-width: 207px) 100vw, 207px\" \/><\/p>\n<p>\u00a0<\/p>\n<p>Tocava comentar una lectura de intriga i quina millor? Juan G\u00f3mez-Jurado, conegut per &#8220;Reina roja&#8221; ens oferia la possibilitat de llegir una aventura protagonitzada per una noia amb unes habilitats for\u00e7a curioses. Si a aix\u00f2 li sumem el fet de pert\u00e0nyer a una fam\u00edlia d&#8217;agents especials&#8230; tenim una bomba de lectura!!<\/p>\n<h3 style=\"text-align: center;\">En definitiva, aix\u00f2 de tenir &#8220;poders&#8221; sembla que agrada a tothom.<\/h3>\n<h3 style=\"text-align: center;\"><strong>Quin s\u00faper poder triaries tu?<\/strong><\/h3>\n<p><img decoding=\"async\" class=\"aligncenter wp-image-5834 size-medium\" src=\"https:\/\/biblioteca.blanes.cat\/salainfantil\/wp-content\/uploads\/sites\/2\/2022\/04\/IMG_9076-300x225.jpeg\" alt=\"\" width=\"300\" height=\"225\" srcset=\"https:\/\/biblioteca.blanes.cat\/salainfantil\/wp-content\/uploads\/sites\/2\/2022\/04\/IMG_9076-300x225.jpeg 300w, https:\/\/biblioteca.blanes.cat\/salainfantil\/wp-content\/uploads\/sites\/2\/2022\/04\/IMG_9076-1024x768.jpeg 1024w, https:\/\/biblioteca.blanes.cat\/salainfantil\/wp-content\/uploads\/sites\/2\/2022\/04\/IMG_9076-768x576.jpeg 768w, https:\/\/biblioteca.blanes.cat\/salainfantil\/wp-content\/uploads\/sites\/2\/2022\/04\/IMG_9076-1536x1152.jpeg 1536w, https:\/\/biblioteca.blanes.cat\/salainfantil\/wp-content\/uploads\/sites\/2\/2022\/04\/IMG_9076.jpeg 2048w\" sizes=\"(max-width: 300px) 100vw, 300px\" \/> <img decoding=\"async\" class=\"aligncenter wp-image-5835 size-medium\" src=\"https:\/\/biblioteca.blanes.cat\/salainfantil\/wp-content\/uploads\/sites\/2\/2022\/04\/IMG_9090-300x225.jpeg\" alt=\"\" width=\"300\" height=\"225\" srcset=\"https:\/\/biblioteca.blanes.cat\/salainfantil\/wp-content\/uploads\/sites\/2\/2022\/04\/IMG_9090-300x225.jpeg 300w, https:\/\/biblioteca.blanes.cat\/salainfantil\/wp-content\/uploads\/sites\/2\/2022\/04\/IMG_9090-1024x768.jpeg 1024w, https:\/\/biblioteca.blanes.cat\/salainfantil\/wp-content\/uploads\/sites\/2\/2022\/04\/IMG_9090-768x576.jpeg 768w, https:\/\/biblioteca.blanes.cat\/salainfantil\/wp-content\/uploads\/sites\/2\/2022\/04\/IMG_9090-1536x1152.jpeg 1536w, https:\/\/biblioteca.blanes.cat\/salainfantil\/wp-content\/uploads\/sites\/2\/2022\/04\/IMG_9090.jpeg 2048w\" sizes=\"(max-width: 300px) 100vw, 300px\" \/><\/p>\n<p>I no us penseu que la trobada ha sigut com totes les anteriors&#8230; NO! Aquesta vegada hem comentat la lectura a partir d&#8217;un Time Line (una l\u00ednia del temps) que han hagut d&#8217;ordenar cronol\u00f2gicament per aix\u00ed situar la hist\u00f2ria amb l&#8217;ordre correcte.<\/p>\n<h5 style=\"text-align: center;\"><strong>He de dir que ho han fet MOLT B\u00c9!!<\/strong><\/h5>\n<p style=\"text-align: center;\">I per acabar la trobada els he fet ser els millors detectius de la hist\u00f2ria!!<\/p>\n<p style=\"text-align: center;\">Els he proposat un munt d&#8217;enigmes que havien de resoldre per parelles&#8230; i si, els han resolta quasi tots!!!<\/p>\n<p><img loading=\"lazy\" decoding=\"async\" class=\"size-medium wp-image-5836 alignleft\" src=\"https:\/\/biblioteca.blanes.cat\/salainfantil\/wp-content\/uploads\/sites\/2\/2022\/04\/IMG_9079-225x300.jpeg\" alt=\"\" width=\"225\" height=\"300\" srcset=\"https:\/\/biblioteca.blanes.cat\/salainfantil\/wp-content\/uploads\/sites\/2\/2022\/04\/IMG_9079-225x300.jpeg 225w, https:\/\/biblioteca.blanes.cat\/salainfantil\/wp-content\/uploads\/sites\/2\/2022\/04\/IMG_9079-768x1024.jpeg 768w, https:\/\/biblioteca.blanes.cat\/salainfantil\/wp-content\/uploads\/sites\/2\/2022\/04\/IMG_9079-1152x1536.jpeg 1152w, https:\/\/biblioteca.blanes.cat\/salainfantil\/wp-content\/uploads\/sites\/2\/2022\/04\/IMG_9079.jpeg 1536w\" sizes=\"(max-width: 225px) 100vw, 225px\" \/> <img loading=\"lazy\" decoding=\"async\" class=\"size-medium wp-image-5837 alignleft\" src=\"https:\/\/biblioteca.blanes.cat\/salainfantil\/wp-content\/uploads\/sites\/2\/2022\/04\/IMG_9080-225x300.jpeg\" alt=\"\" width=\"225\" height=\"300\" srcset=\"https:\/\/biblioteca.blanes.cat\/salainfantil\/wp-content\/uploads\/sites\/2\/2022\/04\/IMG_9080-225x300.jpeg 225w, https:\/\/biblioteca.blanes.cat\/salainfantil\/wp-content\/uploads\/sites\/2\/2022\/04\/IMG_9080-768x1024.jpeg 768w, https:\/\/biblioteca.blanes.cat\/salainfantil\/wp-content\/uploads\/sites\/2\/2022\/04\/IMG_9080-1152x1536.jpeg 1152w, https:\/\/biblioteca.blanes.cat\/salainfantil\/wp-content\/uploads\/sites\/2\/2022\/04\/IMG_9080.jpeg 1536w\" sizes=\"(max-width: 225px) 100vw, 225px\" \/><\/p>\n<p>\u00a0<\/p>\n<p>\u00a0<\/p>\n<p>Els enigmes eren extrets de llibres que podeu trobar a la vostra biblioteca.<\/p>\n<p>Nom\u00e9s heu de venir i demanar-nos tots els que tenim.<\/p>\n<p>\u00a0<\/p>\n<p>\u00a0<\/p>\n<p>\u00a0<\/p>\n<p>Nom\u00e9s em queda convidar-vos a venir a veure&#8217;ns a la biblioteca i a retrobar-nos el proper mes amb una nova lectura!<\/p>\n<p>\u00a0<\/p>\n<p>\u00a0<\/p>\n","protected":false},"excerpt":{"rendered":"<p>Ei, ei, ei!!! Aquesta ha sigut una setmana de trobada del Club Infantil plena d&#8217;intriga i misteris.<\/p>\n","protected":false},"author":4,"featured_media":3449,"comment_status":"open","ping_status":"open","sticky":false,"template":"","format":"standard","meta":{"sfsi_plus_gutenberg_text_before_share":"","sfsi_plus_gutenberg_show_text_before_share":"","sfsi_plus_gutenberg_icon_type":"","sfsi_plus_gutenberg_icon_alignemt":"","sfsi_plus_gutenburg_max_per_row":"","footnotes":""},"categories":[6,1,8],"tags":[],"class_list":["post-5832","post","type-post","status-publish","format-standard","has-post-thumbnail","hentry","category-activitats","category-general","category-trobades-cli"],"yoast_head":"<!-- This site is optimized with the Yoast SEO plugin v27.5 - https:\/\/yoast.com\/product\/yoast-seo-wordpress\/ -->\n<title>Club de lectura infantil: AMANDA BLACK. Una her\u00e8ncia perillosa - SALA INFANTIL<\/title>\n<meta name=\"robots\" content=\"index, follow, max-snippet:-1, max-image-preview:large, max-video-preview:-1\" \/>\n<link rel=\"canonical\" href=\"https:\/\/biblioteca.blanes.cat\/salainfantil\/club-de-lectura-infantil-amanda-black-una-herencia-perillosa\/\" \/>\n<meta property=\"og:locale\" content=\"ca_ES\" \/>\n<meta property=\"og:type\" content=\"article\" \/>\n<meta property=\"og:title\" content=\"Club de lectura infantil: AMANDA BLACK. Una her\u00e8ncia perillosa - SALA INFANTIL\" \/>\n<meta property=\"og:description\" content=\"Ei, ei, ei!!! Aquesta ha sigut una setmana de trobada del Club Infantil plena d&#8217;intriga i misteris.\" \/>\n<meta property=\"og:url\" content=\"https:\/\/biblioteca.blanes.cat\/salainfantil\/club-de-lectura-infantil-amanda-black-una-herencia-perillosa\/\" \/>\n<meta property=\"og:site_name\" content=\"SALA INFANTIL\" \/>\n<meta property=\"article:published_time\" content=\"2022-04-29T08:34:13+00:00\" \/>\n<meta property=\"article:modified_time\" content=\"2022-04-29T08:34:14+00:00\" \/>\n<meta property=\"og:image\" content=\"https:\/\/biblioteca.blanes.cat\/salainfantil\/wp-content\/uploads\/sites\/2\/2020\/08\/destacat-CLI2.png\" \/>\n\t<meta property=\"og:image:width\" content=\"720\" \/>\n\t<meta property=\"og:image:height\" content=\"693\" \/>\n\t<meta property=\"og:image:type\" content=\"image\/png\" \/>\n<meta name=\"author\" content=\"biblioblanes\" \/>\n<meta name=\"twitter:card\" content=\"summary_large_image\" \/>\n<meta name=\"twitter:creator\" content=\"@biblioblanes\" \/>\n<meta name=\"twitter:label1\" content=\"Escrit per\" \/>\n\t<meta name=\"twitter:data1\" content=\"biblioblanes\" \/>\n\t<meta name=\"twitter:label2\" content=\"Temps estimat de lectura\" \/>\n\t<meta name=\"twitter:data2\" content=\"2 minuts\" \/>\n<script type=\"application\/ld+json\" class=\"yoast-schema-graph\">{\"@context\":\"https:\\\/\\\/schema.org\",\"@graph\":[{\"@type\":\"Article\",\"@id\":\"https:\\\/\\\/biblioteca.blanes.cat\\\/salainfantil\\\/club-de-lectura-infantil-amanda-black-una-herencia-perillosa\\\/#article\",\"isPartOf\":{\"@id\":\"https:\\\/\\\/biblioteca.blanes.cat\\\/salainfantil\\\/club-de-lectura-infantil-amanda-black-una-herencia-perillosa\\\/\"},\"author\":{\"name\":\"biblioblanes\",\"@id\":\"https:\\\/\\\/biblioteca.blanes.cat\\\/salainfantil\\\/#\\\/schema\\\/person\\\/5a7b46760d9dd611d098bbf571a341dc\"},\"headline\":\"Club de lectura infantil: AMANDA BLACK. Una her\u00e8ncia perillosa\",\"datePublished\":\"2022-04-29T08:34:13+00:00\",\"dateModified\":\"2022-04-29T08:34:14+00:00\",\"mainEntityOfPage\":{\"@id\":\"https:\\\/\\\/biblioteca.blanes.cat\\\/salainfantil\\\/club-de-lectura-infantil-amanda-black-una-herencia-perillosa\\\/\"},\"wordCount\":241,\"commentCount\":0,\"image\":{\"@id\":\"https:\\\/\\\/biblioteca.blanes.cat\\\/salainfantil\\\/club-de-lectura-infantil-amanda-black-una-herencia-perillosa\\\/#primaryimage\"},\"thumbnailUrl\":\"https:\\\/\\\/biblioteca.blanes.cat\\\/salainfantil\\\/wp-content\\\/uploads\\\/sites\\\/2\\\/2020\\\/08\\\/destacat-CLI2.png\",\"articleSection\":[\"Activitats\",\"Fes una ullada\",\"Trobades CLI\"],\"inLanguage\":\"ca\",\"potentialAction\":[{\"@type\":\"CommentAction\",\"name\":\"Comment\",\"target\":[\"https:\\\/\\\/biblioteca.blanes.cat\\\/salainfantil\\\/club-de-lectura-infantil-amanda-black-una-herencia-perillosa\\\/#respond\"]}]},{\"@type\":\"WebPage\",\"@id\":\"https:\\\/\\\/biblioteca.blanes.cat\\\/salainfantil\\\/club-de-lectura-infantil-amanda-black-una-herencia-perillosa\\\/\",\"url\":\"https:\\\/\\\/biblioteca.blanes.cat\\\/salainfantil\\\/club-de-lectura-infantil-amanda-black-una-herencia-perillosa\\\/\",\"name\":\"Club de lectura infantil: AMANDA BLACK. Una her\u00e8ncia perillosa - SALA INFANTIL\",\"isPartOf\":{\"@id\":\"https:\\\/\\\/biblioteca.blanes.cat\\\/salainfantil\\\/#website\"},\"primaryImageOfPage\":{\"@id\":\"https:\\\/\\\/biblioteca.blanes.cat\\\/salainfantil\\\/club-de-lectura-infantil-amanda-black-una-herencia-perillosa\\\/#primaryimage\"},\"image\":{\"@id\":\"https:\\\/\\\/biblioteca.blanes.cat\\\/salainfantil\\\/club-de-lectura-infantil-amanda-black-una-herencia-perillosa\\\/#primaryimage\"},\"thumbnailUrl\":\"https:\\\/\\\/biblioteca.blanes.cat\\\/salainfantil\\\/wp-content\\\/uploads\\\/sites\\\/2\\\/2020\\\/08\\\/destacat-CLI2.png\",\"datePublished\":\"2022-04-29T08:34:13+00:00\",\"dateModified\":\"2022-04-29T08:34:14+00:00\",\"author\":{\"@id\":\"https:\\\/\\\/biblioteca.blanes.cat\\\/salainfantil\\\/#\\\/schema\\\/person\\\/5a7b46760d9dd611d098bbf571a341dc\"},\"breadcrumb\":{\"@id\":\"https:\\\/\\\/biblioteca.blanes.cat\\\/salainfantil\\\/club-de-lectura-infantil-amanda-black-una-herencia-perillosa\\\/#breadcrumb\"},\"inLanguage\":\"ca\",\"potentialAction\":[{\"@type\":\"ReadAction\",\"target\":[\"https:\\\/\\\/biblioteca.blanes.cat\\\/salainfantil\\\/club-de-lectura-infantil-amanda-black-una-herencia-perillosa\\\/\"]}]},{\"@type\":\"ImageObject\",\"inLanguage\":\"ca\",\"@id\":\"https:\\\/\\\/biblioteca.blanes.cat\\\/salainfantil\\\/club-de-lectura-infantil-amanda-black-una-herencia-perillosa\\\/#primaryimage\",\"url\":\"https:\\\/\\\/biblioteca.blanes.cat\\\/salainfantil\\\/wp-content\\\/uploads\\\/sites\\\/2\\\/2020\\\/08\\\/destacat-CLI2.png\",\"contentUrl\":\"https:\\\/\\\/biblioteca.blanes.cat\\\/salainfantil\\\/wp-content\\\/uploads\\\/sites\\\/2\\\/2020\\\/08\\\/destacat-CLI2.png\",\"width\":720,\"height\":693,\"caption\":\"Club\"},{\"@type\":\"BreadcrumbList\",\"@id\":\"https:\\\/\\\/biblioteca.blanes.cat\\\/salainfantil\\\/club-de-lectura-infantil-amanda-black-una-herencia-perillosa\\\/#breadcrumb\",\"itemListElement\":[{\"@type\":\"ListItem\",\"position\":1,\"name\":\"Inici\",\"item\":\"https:\\\/\\\/biblioteca.blanes.cat\\\/salainfantil\\\/\"},{\"@type\":\"ListItem\",\"position\":2,\"name\":\"Club de lectura infantil: AMANDA BLACK. Una her\u00e8ncia perillosa\"}]},{\"@type\":\"WebSite\",\"@id\":\"https:\\\/\\\/biblioteca.blanes.cat\\\/salainfantil\\\/#website\",\"url\":\"https:\\\/\\\/biblioteca.blanes.cat\\\/salainfantil\\\/\",\"name\":\"SALA INFANTIL\",\"description\":\"Biblioteca Roberto Bola\u00f1o\",\"potentialAction\":[{\"@type\":\"SearchAction\",\"target\":{\"@type\":\"EntryPoint\",\"urlTemplate\":\"https:\\\/\\\/biblioteca.blanes.cat\\\/salainfantil\\\/?s={search_term_string}\"},\"query-input\":{\"@type\":\"PropertyValueSpecification\",\"valueRequired\":true,\"valueName\":\"search_term_string\"}}],\"inLanguage\":\"ca\"},{\"@type\":\"Person\",\"@id\":\"https:\\\/\\\/biblioteca.blanes.cat\\\/salainfantil\\\/#\\\/schema\\\/person\\\/5a7b46760d9dd611d098bbf571a341dc\",\"name\":\"biblioblanes\",\"image\":{\"@type\":\"ImageObject\",\"inLanguage\":\"ca\",\"@id\":\"https:\\\/\\\/secure.gravatar.com\\\/avatar\\\/6593ca6cc90e5a70939f51c95e8315483b9c281bafba597292bee47992030f99?s=96&d=mm&r=g\",\"url\":\"https:\\\/\\\/secure.gravatar.com\\\/avatar\\\/6593ca6cc90e5a70939f51c95e8315483b9c281bafba597292bee47992030f99?s=96&d=mm&r=g\",\"contentUrl\":\"https:\\\/\\\/secure.gravatar.com\\\/avatar\\\/6593ca6cc90e5a70939f51c95e8315483b9c281bafba597292bee47992030f99?s=96&d=mm&r=g\",\"caption\":\"biblioblanes\"},\"sameAs\":[\"http:\\\/\\\/www.bibgirona.cat\\\/biblioteca\\\/blanes\",\"https:\\\/\\\/x.com\\\/biblioblanes\"],\"url\":\"https:\\\/\\\/biblioteca.blanes.cat\\\/salainfantil\\\/author\\\/biblioblanes\\\/\"}]}<\/script>\n<!-- \/ Yoast SEO plugin. -->","yoast_head_json":{"title":"Club de lectura infantil: AMANDA BLACK. Una her\u00e8ncia perillosa - SALA INFANTIL","robots":{"index":"index","follow":"follow","max-snippet":"max-snippet:-1","max-image-preview":"max-image-preview:large","max-video-preview":"max-video-preview:-1"},"canonical":"https:\/\/biblioteca.blanes.cat\/salainfantil\/club-de-lectura-infantil-amanda-black-una-herencia-perillosa\/","og_locale":"ca_ES","og_type":"article","og_title":"Club de lectura infantil: AMANDA BLACK. Una her\u00e8ncia perillosa - SALA INFANTIL","og_description":"Ei, ei, ei!!! Aquesta ha sigut una setmana de trobada del Club Infantil plena d&#8217;intriga i misteris.","og_url":"https:\/\/biblioteca.blanes.cat\/salainfantil\/club-de-lectura-infantil-amanda-black-una-herencia-perillosa\/","og_site_name":"SALA INFANTIL","article_published_time":"2022-04-29T08:34:13+00:00","article_modified_time":"2022-04-29T08:34:14+00:00","og_image":[{"width":720,"height":693,"url":"https:\/\/biblioteca.blanes.cat\/salainfantil\/wp-content\/uploads\/sites\/2\/2020\/08\/destacat-CLI2.png","type":"image\/png"}],"author":"biblioblanes","twitter_card":"summary_large_image","twitter_creator":"@biblioblanes","twitter_misc":{"Escrit per":"biblioblanes","Temps estimat de lectura":"2 minuts"},"schema":{"@context":"https:\/\/schema.org","@graph":[{"@type":"Article","@id":"https:\/\/biblioteca.blanes.cat\/salainfantil\/club-de-lectura-infantil-amanda-black-una-herencia-perillosa\/#article","isPartOf":{"@id":"https:\/\/biblioteca.blanes.cat\/salainfantil\/club-de-lectura-infantil-amanda-black-una-herencia-perillosa\/"},"author":{"name":"biblioblanes","@id":"https:\/\/biblioteca.blanes.cat\/salainfantil\/#\/schema\/person\/5a7b46760d9dd611d098bbf571a341dc"},"headline":"Club de lectura infantil: AMANDA BLACK. Una her\u00e8ncia perillosa","datePublished":"2022-04-29T08:34:13+00:00","dateModified":"2022-04-29T08:34:14+00:00","mainEntityOfPage":{"@id":"https:\/\/biblioteca.blanes.cat\/salainfantil\/club-de-lectura-infantil-amanda-black-una-herencia-perillosa\/"},"wordCount":241,"commentCount":0,"image":{"@id":"https:\/\/biblioteca.blanes.cat\/salainfantil\/club-de-lectura-infantil-amanda-black-una-herencia-perillosa\/#primaryimage"},"thumbnailUrl":"https:\/\/biblioteca.blanes.cat\/salainfantil\/wp-content\/uploads\/sites\/2\/2020\/08\/destacat-CLI2.png","articleSection":["Activitats","Fes una ullada","Trobades CLI"],"inLanguage":"ca","potentialAction":[{"@type":"CommentAction","name":"Comment","target":["https:\/\/biblioteca.blanes.cat\/salainfantil\/club-de-lectura-infantil-amanda-black-una-herencia-perillosa\/#respond"]}]},{"@type":"WebPage","@id":"https:\/\/biblioteca.blanes.cat\/salainfantil\/club-de-lectura-infantil-amanda-black-una-herencia-perillosa\/","url":"https:\/\/biblioteca.blanes.cat\/salainfantil\/club-de-lectura-infantil-amanda-black-una-herencia-perillosa\/","name":"Club de lectura infantil: AMANDA BLACK. Una her\u00e8ncia perillosa - SALA INFANTIL","isPartOf":{"@id":"https:\/\/biblioteca.blanes.cat\/salainfantil\/#website"},"primaryImageOfPage":{"@id":"https:\/\/biblioteca.blanes.cat\/salainfantil\/club-de-lectura-infantil-amanda-black-una-herencia-perillosa\/#primaryimage"},"image":{"@id":"https:\/\/biblioteca.blanes.cat\/salainfantil\/club-de-lectura-infantil-amanda-black-una-herencia-perillosa\/#primaryimage"},"thumbnailUrl":"https:\/\/biblioteca.blanes.cat\/salainfantil\/wp-content\/uploads\/sites\/2\/2020\/08\/destacat-CLI2.png","datePublished":"2022-04-29T08:34:13+00:00","dateModified":"2022-04-29T08:34:14+00:00","author":{"@id":"https:\/\/biblioteca.blanes.cat\/salainfantil\/#\/schema\/person\/5a7b46760d9dd611d098bbf571a341dc"},"breadcrumb":{"@id":"https:\/\/biblioteca.blanes.cat\/salainfantil\/club-de-lectura-infantil-amanda-black-una-herencia-perillosa\/#breadcrumb"},"inLanguage":"ca","potentialAction":[{"@type":"ReadAction","target":["https:\/\/biblioteca.blanes.cat\/salainfantil\/club-de-lectura-infantil-amanda-black-una-herencia-perillosa\/"]}]},{"@type":"ImageObject","inLanguage":"ca","@id":"https:\/\/biblioteca.blanes.cat\/salainfantil\/club-de-lectura-infantil-amanda-black-una-herencia-perillosa\/#primaryimage","url":"https:\/\/biblioteca.blanes.cat\/salainfantil\/wp-content\/uploads\/sites\/2\/2020\/08\/destacat-CLI2.png","contentUrl":"https:\/\/biblioteca.blanes.cat\/salainfantil\/wp-content\/uploads\/sites\/2\/2020\/08\/destacat-CLI2.png","width":720,"height":693,"caption":"Club"},{"@type":"BreadcrumbList","@id":"https:\/\/biblioteca.blanes.cat\/salainfantil\/club-de-lectura-infantil-amanda-black-una-herencia-perillosa\/#breadcrumb","itemListElement":[{"@type":"ListItem","position":1,"name":"Inici","item":"https:\/\/biblioteca.blanes.cat\/salainfantil\/"},{"@type":"ListItem","position":2,"name":"Club de lectura infantil: AMANDA BLACK. Una her\u00e8ncia perillosa"}]},{"@type":"WebSite","@id":"https:\/\/biblioteca.blanes.cat\/salainfantil\/#website","url":"https:\/\/biblioteca.blanes.cat\/salainfantil\/","name":"SALA INFANTIL","description":"Biblioteca Roberto Bola\u00f1o","potentialAction":[{"@type":"SearchAction","target":{"@type":"EntryPoint","urlTemplate":"https:\/\/biblioteca.blanes.cat\/salainfantil\/?s={search_term_string}"},"query-input":{"@type":"PropertyValueSpecification","valueRequired":true,"valueName":"search_term_string"}}],"inLanguage":"ca"},{"@type":"Person","@id":"https:\/\/biblioteca.blanes.cat\/salainfantil\/#\/schema\/person\/5a7b46760d9dd611d098bbf571a341dc","name":"biblioblanes","image":{"@type":"ImageObject","inLanguage":"ca","@id":"https:\/\/secure.gravatar.com\/avatar\/6593ca6cc90e5a70939f51c95e8315483b9c281bafba597292bee47992030f99?s=96&d=mm&r=g","url":"https:\/\/secure.gravatar.com\/avatar\/6593ca6cc90e5a70939f51c95e8315483b9c281bafba597292bee47992030f99?s=96&d=mm&r=g","contentUrl":"https:\/\/secure.gravatar.com\/avatar\/6593ca6cc90e5a70939f51c95e8315483b9c281bafba597292bee47992030f99?s=96&d=mm&r=g","caption":"biblioblanes"},"sameAs":["http:\/\/www.bibgirona.cat\/biblioteca\/blanes","https:\/\/x.com\/biblioblanes"],"url":"https:\/\/biblioteca.blanes.cat\/salainfantil\/author\/biblioblanes\/"}]}},"_links":{"self":[{"href":"https:\/\/biblioteca.blanes.cat\/salainfantil\/wp-json\/wp\/v2\/posts\/5832","targetHints":{"allow":["GET"]}}],"collection":[{"href":"https:\/\/biblioteca.blanes.cat\/salainfantil\/wp-json\/wp\/v2\/posts"}],"about":[{"href":"https:\/\/biblioteca.blanes.cat\/salainfantil\/wp-json\/wp\/v2\/types\/post"}],"author":[{"embeddable":true,"href":"https:\/\/biblioteca.blanes.cat\/salainfantil\/wp-json\/wp\/v2\/users\/4"}],"replies":[{"embeddable":true,"href":"https:\/\/biblioteca.blanes.cat\/salainfantil\/wp-json\/wp\/v2\/comments?post=5832"}],"version-history":[{"count":3,"href":"https:\/\/biblioteca.blanes.cat\/salainfantil\/wp-json\/wp\/v2\/posts\/5832\/revisions"}],"predecessor-version":[{"id":5840,"href":"https:\/\/biblioteca.blanes.cat\/salainfantil\/wp-json\/wp\/v2\/posts\/5832\/revisions\/5840"}],"wp:featuredmedia":[{"embeddable":true,"href":"https:\/\/biblioteca.blanes.cat\/salainfantil\/wp-json\/wp\/v2\/media\/3449"}],"wp:attachment":[{"href":"https:\/\/biblioteca.blanes.cat\/salainfantil\/wp-json\/wp\/v2\/media?parent=5832"}],"wp:term":[{"taxonomy":"category","embeddable":true,"href":"https:\/\/biblioteca.blanes.cat\/salainfantil\/wp-json\/wp\/v2\/categories?post=5832"},{"taxonomy":"post_tag","embeddable":true,"href":"https:\/\/biblioteca.blanes.cat\/salainfantil\/wp-json\/wp\/v2\/tags?post=5832"}],"curies":[{"name":"wp","href":"https:\/\/api.w.org\/{rel}","templated":true}]}}