{"id":5242,"date":"2021-11-05T10:57:55","date_gmt":"2021-11-05T09:57:55","guid":{"rendered":"https:\/\/biblioteca.blanes.cat\/salainfantil\/?p=5242"},"modified":"2021-11-05T10:58:35","modified_gmt":"2021-11-05T09:58:35","slug":"miniclub-novembre-2021","status":"publish","type":"post","link":"https:\/\/biblioteca.blanes.cat\/salainfantil\/miniclub-novembre-2021\/","title":{"rendered":"Miniclub: novembre 2021"},"content":{"rendered":"\n<h1><strong><span style=\"color: #ff6600;\">ELS FANTASMES NO TRUQUEN A LA PORTA<\/span><br><\/strong><\/h1>\n<h4><em>Eul\u00e0lia Canal i Rocio Bonilla<br><\/em><\/h4>\n<p><!--more--><\/p>\n<p><img fetchpriority=\"high\" decoding=\"async\" class=\"wp-image-5118 size-medium alignleft\" src=\"https:\/\/biblioteca.blanes.cat\/salainfantil\/wp-content\/uploads\/sites\/2\/2021\/10\/novembre-266x300.jpg\" alt=\"\" width=\"266\" height=\"300\" srcset=\"https:\/\/biblioteca.blanes.cat\/salainfantil\/wp-content\/uploads\/sites\/2\/2021\/10\/novembre-266x300.jpg 266w, https:\/\/biblioteca.blanes.cat\/salainfantil\/wp-content\/uploads\/sites\/2\/2021\/10\/novembre-907x1024.jpg 907w, https:\/\/biblioteca.blanes.cat\/salainfantil\/wp-content\/uploads\/sites\/2\/2021\/10\/novembre-768x867.jpg 768w, https:\/\/biblioteca.blanes.cat\/salainfantil\/wp-content\/uploads\/sites\/2\/2021\/10\/novembre-1360x1536.jpg 1360w, https:\/\/biblioteca.blanes.cat\/salainfantil\/wp-content\/uploads\/sites\/2\/2021\/10\/novembre-1814x2048.jpg 1814w\" sizes=\"(max-width: 266px) 100vw, 266px\" \/>Benvolguts lectors!<\/p>\n<p>Quina alegria tornar-nos a trobar!<\/p>\n<p>V\u00e0rem passar una bona estona!<\/p>\n<p>Us recordo que aquesta nova tongada de trobades tenen com a novetat petites activitats relacionades amb el conte explicat.<\/p>\n<p>Tamb\u00e9, ens fa molta il\u00b7lusi\u00f3 presentar-vos i fer-vos a mans la catifa m\u00e0gica, <strong>Quem\u00e0gica<\/strong>, que ens porta al lloc dels contes.<\/p>\n<p>Amics i familiars, benvolguts tots, heu de saber que la <strong>Quem\u00e0gica<\/strong> nom\u00e9s posar-la sobre el palmell de la m\u00e0 us porta al lloc dels contes!<\/p>\n<p>Aleshores, de ben segur que explicareu un conte que deixar\u00e0 a tothom que us escolti sorpr\u00e8s i meravellat.<\/p>\n<p>&nbsp;<\/p>\n<p style=\"text-align: center;\">I, qu\u00e8 passar\u00e0? Doncs, que tothom voldr\u00e0 tenir la catifa <strong>Quem\u00e0gica<\/strong>!<\/p>\n<p><img decoding=\"async\" class=\"aligncenter wp-image-5245 size-medium\" src=\"https:\/\/biblioteca.blanes.cat\/salainfantil\/wp-content\/uploads\/sites\/2\/2021\/11\/miniclub-2021.22-presentacio-300x224.jpg\" alt=\"\" width=\"300\" height=\"224\" srcset=\"https:\/\/biblioteca.blanes.cat\/salainfantil\/wp-content\/uploads\/sites\/2\/2021\/11\/miniclub-2021.22-presentacio-300x224.jpg 300w, https:\/\/biblioteca.blanes.cat\/salainfantil\/wp-content\/uploads\/sites\/2\/2021\/11\/miniclub-2021.22-presentacio-1024x766.jpg 1024w, https:\/\/biblioteca.blanes.cat\/salainfantil\/wp-content\/uploads\/sites\/2\/2021\/11\/miniclub-2021.22-presentacio-768x574.jpg 768w, https:\/\/biblioteca.blanes.cat\/salainfantil\/wp-content\/uploads\/sites\/2\/2021\/11\/miniclub-2021.22-presentacio-1536x1149.jpg 1536w, https:\/\/biblioteca.blanes.cat\/salainfantil\/wp-content\/uploads\/sites\/2\/2021\/11\/miniclub-2021.22-presentacio.jpg 2000w\" sizes=\"(max-width: 300px) 100vw, 300px\" \/><\/p>\n<p>A continuaci\u00f3 us escric quatre ratlles sobre el conte explicat, comentat i sonoritzat.<\/p>\n<blockquote>\n<p>Tots v\u00e0rem xiuxiuejar, cridar i xisclar; fet del tot impensable en una biblioteca si no s&#8217;\u00e9s del Mini Club, \u00e9s clar!<\/p>\n<p>&#8220;Els fantasmes no truquen a la porta&#8221; d&#8217;Eul\u00e0lia Canal.<\/p>\n<p>Els fantasmes no necessiten trucar a la porta perqu\u00e8 per a ells ni les parets ni les portes s\u00f3n cap impediment per entrar a les cases, escoles, biblioteques&#8230; \u00e9s aix\u00ed o han de trucar?<\/p>\n<p>L&#8217;\u00d3s t\u00e9 clar que no els hi cal.<\/p>\n<p>L&#8217;\u00d3s i la Marmota s\u00f3n dos amics que passen moltes estones junts per\u00f2 un dia l&#8217;\u00d3s convida a l&#8217;\u00c0nec a passar una tarda amb ells.<\/p>\n<p>Per\u00f2, a la Marmota no l&#8217;hi agrada compartir les estones que passa amb l&#8217;\u00d3s.<\/p>\n<p>La Marmota escriu unes paraules en un cartell i aix\u00f2 far\u00e0 que l&#8217;\u00c0nec tingui preguntes i que els animals del bosc vulguin entrar a casa l&#8217;\u00d3s.<\/p>\n<p>Perqu\u00e8 volen entrar, qu\u00e8 deu haver escrit la Marmota?<\/p>\n<p>I, perqu\u00e8 la Marmota t\u00e9 tanta por?<\/p>\n<\/blockquote>\n<p>&nbsp;<\/p>\n<h5 style=\"text-align: center;\">Escrit amb les paraules justes i triades per portar-nos junt amb les il\u00b7lustracions al m\u00f3n dels personatges: dos amics, un bosc, una casa, un cartell, un convidat, la natura, el menjar, la companyia&#8230; i compartir estones de relats al voltant d&#8217;una taula<\/h5>\n<p>&nbsp;<\/p>\n","protected":false},"excerpt":{"rendered":"<p>ELS FANTASMES NO TRUQUEN A LA PORTA Eul\u00e0lia Canal i Rocio Bonilla<\/p>\n","protected":false},"author":4,"featured_media":722,"comment_status":"open","ping_status":"open","sticky":false,"template":"","format":"standard","meta":{"sfsi_plus_gutenberg_text_before_share":"","sfsi_plus_gutenberg_show_text_before_share":"","sfsi_plus_gutenberg_icon_type":"","sfsi_plus_gutenberg_icon_alignemt":"","sfsi_plus_gutenburg_max_per_row":"","footnotes":""},"categories":[6,1,9],"tags":[],"class_list":["post-5242","post","type-post","status-publish","format-standard","has-post-thumbnail","hentry","category-activitats","category-general","category-trobades-miniclub"],"yoast_head":"<!-- This site is optimized with the Yoast SEO plugin v27.5 - https:\/\/yoast.com\/product\/yoast-seo-wordpress\/ -->\n<title>Miniclub: novembre 2021 - SALA INFANTIL<\/title>\n<meta name=\"robots\" content=\"index, follow, max-snippet:-1, max-image-preview:large, max-video-preview:-1\" \/>\n<link rel=\"canonical\" href=\"https:\/\/biblioteca.blanes.cat\/salainfantil\/miniclub-novembre-2021\/\" \/>\n<meta property=\"og:locale\" content=\"ca_ES\" \/>\n<meta property=\"og:type\" content=\"article\" \/>\n<meta property=\"og:title\" content=\"Miniclub: novembre 2021 - SALA INFANTIL\" \/>\n<meta property=\"og:description\" content=\"ELS FANTASMES NO TRUQUEN A LA PORTA Eul\u00e0lia Canal i Rocio Bonilla\" \/>\n<meta property=\"og:url\" content=\"https:\/\/biblioteca.blanes.cat\/salainfantil\/miniclub-novembre-2021\/\" \/>\n<meta property=\"og:site_name\" content=\"SALA INFANTIL\" \/>\n<meta property=\"article:published_time\" content=\"2021-11-05T09:57:55+00:00\" \/>\n<meta property=\"article:modified_time\" content=\"2021-11-05T09:58:35+00:00\" \/>\n<meta property=\"og:image\" content=\"https:\/\/biblioteca.blanes.cat\/salainfantil\/wp-content\/uploads\/sites\/2\/2019\/01\/Miniclub.png\" \/>\n\t<meta property=\"og:image:width\" content=\"695\" \/>\n\t<meta property=\"og:image:height\" content=\"675\" \/>\n\t<meta property=\"og:image:type\" content=\"image\/png\" \/>\n<meta name=\"author\" content=\"biblioblanes\" \/>\n<meta name=\"twitter:card\" content=\"summary_large_image\" \/>\n<meta name=\"twitter:creator\" content=\"@biblioblanes\" \/>\n<meta name=\"twitter:label1\" content=\"Escrit per\" \/>\n\t<meta name=\"twitter:data1\" content=\"biblioblanes\" \/>\n\t<meta name=\"twitter:label2\" content=\"Temps estimat de lectura\" \/>\n\t<meta name=\"twitter:data2\" content=\"2 minuts\" \/>\n<script type=\"application\/ld+json\" class=\"yoast-schema-graph\">{\"@context\":\"https:\\\/\\\/schema.org\",\"@graph\":[{\"@type\":\"Article\",\"@id\":\"https:\\\/\\\/biblioteca.blanes.cat\\\/salainfantil\\\/miniclub-novembre-2021\\\/#article\",\"isPartOf\":{\"@id\":\"https:\\\/\\\/biblioteca.blanes.cat\\\/salainfantil\\\/miniclub-novembre-2021\\\/\"},\"author\":{\"name\":\"biblioblanes\",\"@id\":\"https:\\\/\\\/biblioteca.blanes.cat\\\/salainfantil\\\/#\\\/schema\\\/person\\\/5a7b46760d9dd611d098bbf571a341dc\"},\"headline\":\"Miniclub: novembre 2021\",\"datePublished\":\"2021-11-05T09:57:55+00:00\",\"dateModified\":\"2021-11-05T09:58:35+00:00\",\"mainEntityOfPage\":{\"@id\":\"https:\\\/\\\/biblioteca.blanes.cat\\\/salainfantil\\\/miniclub-novembre-2021\\\/\"},\"wordCount\":357,\"commentCount\":0,\"image\":{\"@id\":\"https:\\\/\\\/biblioteca.blanes.cat\\\/salainfantil\\\/miniclub-novembre-2021\\\/#primaryimage\"},\"thumbnailUrl\":\"https:\\\/\\\/biblioteca.blanes.cat\\\/salainfantil\\\/wp-content\\\/uploads\\\/sites\\\/2\\\/2019\\\/01\\\/Miniclub.png\",\"articleSection\":[\"Activitats\",\"Fes una ullada\",\"Trobades miniclub\"],\"inLanguage\":\"ca\",\"potentialAction\":[{\"@type\":\"CommentAction\",\"name\":\"Comment\",\"target\":[\"https:\\\/\\\/biblioteca.blanes.cat\\\/salainfantil\\\/miniclub-novembre-2021\\\/#respond\"]}]},{\"@type\":\"WebPage\",\"@id\":\"https:\\\/\\\/biblioteca.blanes.cat\\\/salainfantil\\\/miniclub-novembre-2021\\\/\",\"url\":\"https:\\\/\\\/biblioteca.blanes.cat\\\/salainfantil\\\/miniclub-novembre-2021\\\/\",\"name\":\"Miniclub: novembre 2021 - SALA INFANTIL\",\"isPartOf\":{\"@id\":\"https:\\\/\\\/biblioteca.blanes.cat\\\/salainfantil\\\/#website\"},\"primaryImageOfPage\":{\"@id\":\"https:\\\/\\\/biblioteca.blanes.cat\\\/salainfantil\\\/miniclub-novembre-2021\\\/#primaryimage\"},\"image\":{\"@id\":\"https:\\\/\\\/biblioteca.blanes.cat\\\/salainfantil\\\/miniclub-novembre-2021\\\/#primaryimage\"},\"thumbnailUrl\":\"https:\\\/\\\/biblioteca.blanes.cat\\\/salainfantil\\\/wp-content\\\/uploads\\\/sites\\\/2\\\/2019\\\/01\\\/Miniclub.png\",\"datePublished\":\"2021-11-05T09:57:55+00:00\",\"dateModified\":\"2021-11-05T09:58:35+00:00\",\"author\":{\"@id\":\"https:\\\/\\\/biblioteca.blanes.cat\\\/salainfantil\\\/#\\\/schema\\\/person\\\/5a7b46760d9dd611d098bbf571a341dc\"},\"breadcrumb\":{\"@id\":\"https:\\\/\\\/biblioteca.blanes.cat\\\/salainfantil\\\/miniclub-novembre-2021\\\/#breadcrumb\"},\"inLanguage\":\"ca\",\"potentialAction\":[{\"@type\":\"ReadAction\",\"target\":[\"https:\\\/\\\/biblioteca.blanes.cat\\\/salainfantil\\\/miniclub-novembre-2021\\\/\"]}]},{\"@type\":\"ImageObject\",\"inLanguage\":\"ca\",\"@id\":\"https:\\\/\\\/biblioteca.blanes.cat\\\/salainfantil\\\/miniclub-novembre-2021\\\/#primaryimage\",\"url\":\"https:\\\/\\\/biblioteca.blanes.cat\\\/salainfantil\\\/wp-content\\\/uploads\\\/sites\\\/2\\\/2019\\\/01\\\/Miniclub.png\",\"contentUrl\":\"https:\\\/\\\/biblioteca.blanes.cat\\\/salainfantil\\\/wp-content\\\/uploads\\\/sites\\\/2\\\/2019\\\/01\\\/Miniclub.png\",\"width\":695,\"height\":675},{\"@type\":\"BreadcrumbList\",\"@id\":\"https:\\\/\\\/biblioteca.blanes.cat\\\/salainfantil\\\/miniclub-novembre-2021\\\/#breadcrumb\",\"itemListElement\":[{\"@type\":\"ListItem\",\"position\":1,\"name\":\"Inici\",\"item\":\"https:\\\/\\\/biblioteca.blanes.cat\\\/salainfantil\\\/\"},{\"@type\":\"ListItem\",\"position\":2,\"name\":\"Miniclub: novembre 2021\"}]},{\"@type\":\"WebSite\",\"@id\":\"https:\\\/\\\/biblioteca.blanes.cat\\\/salainfantil\\\/#website\",\"url\":\"https:\\\/\\\/biblioteca.blanes.cat\\\/salainfantil\\\/\",\"name\":\"SALA INFANTIL\",\"description\":\"Biblioteca Roberto Bola\u00f1o\",\"potentialAction\":[{\"@type\":\"SearchAction\",\"target\":{\"@type\":\"EntryPoint\",\"urlTemplate\":\"https:\\\/\\\/biblioteca.blanes.cat\\\/salainfantil\\\/?s={search_term_string}\"},\"query-input\":{\"@type\":\"PropertyValueSpecification\",\"valueRequired\":true,\"valueName\":\"search_term_string\"}}],\"inLanguage\":\"ca\"},{\"@type\":\"Person\",\"@id\":\"https:\\\/\\\/biblioteca.blanes.cat\\\/salainfantil\\\/#\\\/schema\\\/person\\\/5a7b46760d9dd611d098bbf571a341dc\",\"name\":\"biblioblanes\",\"image\":{\"@type\":\"ImageObject\",\"inLanguage\":\"ca\",\"@id\":\"https:\\\/\\\/secure.gravatar.com\\\/avatar\\\/6593ca6cc90e5a70939f51c95e8315483b9c281bafba597292bee47992030f99?s=96&d=mm&r=g\",\"url\":\"https:\\\/\\\/secure.gravatar.com\\\/avatar\\\/6593ca6cc90e5a70939f51c95e8315483b9c281bafba597292bee47992030f99?s=96&d=mm&r=g\",\"contentUrl\":\"https:\\\/\\\/secure.gravatar.com\\\/avatar\\\/6593ca6cc90e5a70939f51c95e8315483b9c281bafba597292bee47992030f99?s=96&d=mm&r=g\",\"caption\":\"biblioblanes\"},\"sameAs\":[\"http:\\\/\\\/www.bibgirona.cat\\\/biblioteca\\\/blanes\",\"https:\\\/\\\/x.com\\\/biblioblanes\"],\"url\":\"https:\\\/\\\/biblioteca.blanes.cat\\\/salainfantil\\\/author\\\/biblioblanes\\\/\"}]}<\/script>\n<!-- \/ Yoast SEO plugin. -->","yoast_head_json":{"title":"Miniclub: novembre 2021 - SALA INFANTIL","robots":{"index":"index","follow":"follow","max-snippet":"max-snippet:-1","max-image-preview":"max-image-preview:large","max-video-preview":"max-video-preview:-1"},"canonical":"https:\/\/biblioteca.blanes.cat\/salainfantil\/miniclub-novembre-2021\/","og_locale":"ca_ES","og_type":"article","og_title":"Miniclub: novembre 2021 - SALA INFANTIL","og_description":"ELS FANTASMES NO TRUQUEN A LA PORTA Eul\u00e0lia Canal i Rocio Bonilla","og_url":"https:\/\/biblioteca.blanes.cat\/salainfantil\/miniclub-novembre-2021\/","og_site_name":"SALA INFANTIL","article_published_time":"2021-11-05T09:57:55+00:00","article_modified_time":"2021-11-05T09:58:35+00:00","og_image":[{"width":695,"height":675,"url":"https:\/\/biblioteca.blanes.cat\/salainfantil\/wp-content\/uploads\/sites\/2\/2019\/01\/Miniclub.png","type":"image\/png"}],"author":"biblioblanes","twitter_card":"summary_large_image","twitter_creator":"@biblioblanes","twitter_misc":{"Escrit per":"biblioblanes","Temps estimat de lectura":"2 minuts"},"schema":{"@context":"https:\/\/schema.org","@graph":[{"@type":"Article","@id":"https:\/\/biblioteca.blanes.cat\/salainfantil\/miniclub-novembre-2021\/#article","isPartOf":{"@id":"https:\/\/biblioteca.blanes.cat\/salainfantil\/miniclub-novembre-2021\/"},"author":{"name":"biblioblanes","@id":"https:\/\/biblioteca.blanes.cat\/salainfantil\/#\/schema\/person\/5a7b46760d9dd611d098bbf571a341dc"},"headline":"Miniclub: novembre 2021","datePublished":"2021-11-05T09:57:55+00:00","dateModified":"2021-11-05T09:58:35+00:00","mainEntityOfPage":{"@id":"https:\/\/biblioteca.blanes.cat\/salainfantil\/miniclub-novembre-2021\/"},"wordCount":357,"commentCount":0,"image":{"@id":"https:\/\/biblioteca.blanes.cat\/salainfantil\/miniclub-novembre-2021\/#primaryimage"},"thumbnailUrl":"https:\/\/biblioteca.blanes.cat\/salainfantil\/wp-content\/uploads\/sites\/2\/2019\/01\/Miniclub.png","articleSection":["Activitats","Fes una ullada","Trobades miniclub"],"inLanguage":"ca","potentialAction":[{"@type":"CommentAction","name":"Comment","target":["https:\/\/biblioteca.blanes.cat\/salainfantil\/miniclub-novembre-2021\/#respond"]}]},{"@type":"WebPage","@id":"https:\/\/biblioteca.blanes.cat\/salainfantil\/miniclub-novembre-2021\/","url":"https:\/\/biblioteca.blanes.cat\/salainfantil\/miniclub-novembre-2021\/","name":"Miniclub: novembre 2021 - SALA INFANTIL","isPartOf":{"@id":"https:\/\/biblioteca.blanes.cat\/salainfantil\/#website"},"primaryImageOfPage":{"@id":"https:\/\/biblioteca.blanes.cat\/salainfantil\/miniclub-novembre-2021\/#primaryimage"},"image":{"@id":"https:\/\/biblioteca.blanes.cat\/salainfantil\/miniclub-novembre-2021\/#primaryimage"},"thumbnailUrl":"https:\/\/biblioteca.blanes.cat\/salainfantil\/wp-content\/uploads\/sites\/2\/2019\/01\/Miniclub.png","datePublished":"2021-11-05T09:57:55+00:00","dateModified":"2021-11-05T09:58:35+00:00","author":{"@id":"https:\/\/biblioteca.blanes.cat\/salainfantil\/#\/schema\/person\/5a7b46760d9dd611d098bbf571a341dc"},"breadcrumb":{"@id":"https:\/\/biblioteca.blanes.cat\/salainfantil\/miniclub-novembre-2021\/#breadcrumb"},"inLanguage":"ca","potentialAction":[{"@type":"ReadAction","target":["https:\/\/biblioteca.blanes.cat\/salainfantil\/miniclub-novembre-2021\/"]}]},{"@type":"ImageObject","inLanguage":"ca","@id":"https:\/\/biblioteca.blanes.cat\/salainfantil\/miniclub-novembre-2021\/#primaryimage","url":"https:\/\/biblioteca.blanes.cat\/salainfantil\/wp-content\/uploads\/sites\/2\/2019\/01\/Miniclub.png","contentUrl":"https:\/\/biblioteca.blanes.cat\/salainfantil\/wp-content\/uploads\/sites\/2\/2019\/01\/Miniclub.png","width":695,"height":675},{"@type":"BreadcrumbList","@id":"https:\/\/biblioteca.blanes.cat\/salainfantil\/miniclub-novembre-2021\/#breadcrumb","itemListElement":[{"@type":"ListItem","position":1,"name":"Inici","item":"https:\/\/biblioteca.blanes.cat\/salainfantil\/"},{"@type":"ListItem","position":2,"name":"Miniclub: novembre 2021"}]},{"@type":"WebSite","@id":"https:\/\/biblioteca.blanes.cat\/salainfantil\/#website","url":"https:\/\/biblioteca.blanes.cat\/salainfantil\/","name":"SALA INFANTIL","description":"Biblioteca Roberto Bola\u00f1o","potentialAction":[{"@type":"SearchAction","target":{"@type":"EntryPoint","urlTemplate":"https:\/\/biblioteca.blanes.cat\/salainfantil\/?s={search_term_string}"},"query-input":{"@type":"PropertyValueSpecification","valueRequired":true,"valueName":"search_term_string"}}],"inLanguage":"ca"},{"@type":"Person","@id":"https:\/\/biblioteca.blanes.cat\/salainfantil\/#\/schema\/person\/5a7b46760d9dd611d098bbf571a341dc","name":"biblioblanes","image":{"@type":"ImageObject","inLanguage":"ca","@id":"https:\/\/secure.gravatar.com\/avatar\/6593ca6cc90e5a70939f51c95e8315483b9c281bafba597292bee47992030f99?s=96&d=mm&r=g","url":"https:\/\/secure.gravatar.com\/avatar\/6593ca6cc90e5a70939f51c95e8315483b9c281bafba597292bee47992030f99?s=96&d=mm&r=g","contentUrl":"https:\/\/secure.gravatar.com\/avatar\/6593ca6cc90e5a70939f51c95e8315483b9c281bafba597292bee47992030f99?s=96&d=mm&r=g","caption":"biblioblanes"},"sameAs":["http:\/\/www.bibgirona.cat\/biblioteca\/blanes","https:\/\/x.com\/biblioblanes"],"url":"https:\/\/biblioteca.blanes.cat\/salainfantil\/author\/biblioblanes\/"}]}},"_links":{"self":[{"href":"https:\/\/biblioteca.blanes.cat\/salainfantil\/wp-json\/wp\/v2\/posts\/5242","targetHints":{"allow":["GET"]}}],"collection":[{"href":"https:\/\/biblioteca.blanes.cat\/salainfantil\/wp-json\/wp\/v2\/posts"}],"about":[{"href":"https:\/\/biblioteca.blanes.cat\/salainfantil\/wp-json\/wp\/v2\/types\/post"}],"author":[{"embeddable":true,"href":"https:\/\/biblioteca.blanes.cat\/salainfantil\/wp-json\/wp\/v2\/users\/4"}],"replies":[{"embeddable":true,"href":"https:\/\/biblioteca.blanes.cat\/salainfantil\/wp-json\/wp\/v2\/comments?post=5242"}],"version-history":[{"count":4,"href":"https:\/\/biblioteca.blanes.cat\/salainfantil\/wp-json\/wp\/v2\/posts\/5242\/revisions"}],"predecessor-version":[{"id":5378,"href":"https:\/\/biblioteca.blanes.cat\/salainfantil\/wp-json\/wp\/v2\/posts\/5242\/revisions\/5378"}],"wp:featuredmedia":[{"embeddable":true,"href":"https:\/\/biblioteca.blanes.cat\/salainfantil\/wp-json\/wp\/v2\/media\/722"}],"wp:attachment":[{"href":"https:\/\/biblioteca.blanes.cat\/salainfantil\/wp-json\/wp\/v2\/media?parent=5242"}],"wp:term":[{"taxonomy":"category","embeddable":true,"href":"https:\/\/biblioteca.blanes.cat\/salainfantil\/wp-json\/wp\/v2\/categories?post=5242"},{"taxonomy":"post_tag","embeddable":true,"href":"https:\/\/biblioteca.blanes.cat\/salainfantil\/wp-json\/wp\/v2\/tags?post=5242"}],"curies":[{"name":"wp","href":"https:\/\/api.w.org\/{rel}","templated":true}]}}