{"id":4611,"date":"2021-05-21T10:09:06","date_gmt":"2021-05-21T09:09:06","guid":{"rendered":"https:\/\/biblioteca.blanes.cat\/salainfantil\/?p=4611"},"modified":"2021-05-21T10:09:08","modified_gmt":"2021-05-21T09:09:08","slug":"seguim-el-cami-de-lloses-grogues","status":"publish","type":"post","link":"https:\/\/biblioteca.blanes.cat\/salainfantil\/seguim-el-cami-de-lloses-grogues\/","title":{"rendered":"Seguim el cam\u00ed de lloses grogues"},"content":{"rendered":"\n<p>Aquesta pen\u00faltima trobada la dediquem a un cl\u00e0ssic de la literatura, El M\u00e0gic d\u2019Oz. Tots junts hem seguit el cam\u00ed de lloses grogues fins arribar a Ciutat Maragda.<\/p>\n<p><!--more--><\/p>\n<p><img decoding=\"async\" class=\"alignnone size-medium wp-image-4612\" src=\"https:\/\/biblioteca.blanes.cat\/salainfantil\/wp-content\/uploads\/sites\/2\/2021\/05\/ti115240-300x145.jpg\" alt=\"\" width=\"300\" height=\"145\" srcset=\"https:\/\/biblioteca.blanes.cat\/salainfantil\/wp-content\/uploads\/sites\/2\/2021\/05\/ti115240-300x145.jpg 300w, https:\/\/biblioteca.blanes.cat\/salainfantil\/wp-content\/uploads\/sites\/2\/2021\/05\/ti115240.jpg 415w\" sizes=\"(max-width: 300px) 100vw, 300px\" \/><\/p>\n<p>Acompanyar a Dorothy en la seva aventura ens ha perm\u00e8s opinar sobre temes ben diversos:<\/p>\n<ul>\n<li>Ens agrada repetir llocs de vacances o preferim descobrir llocs nous?<\/li>\n<li>Existeix actualment l\u2019explotaci\u00f3 laboral? La tenim a prop o est\u00e0 molt lluny?<\/li>\n<li>Ens agrada m\u00e9s la part mental o la part sentimental de nosaltres mateixos?<\/li>\n<li>Quin \u00e9s el nostre punt d\u00e8bil?<\/li>\n<li>Com ens agradaria ser si pogu\u00e9ssim escollir?<\/li>\n<\/ul>\n<p>Un munt de preguntes que han donat per grans converses i grans intercanvis d\u2019opinions. I \u00e9s que aquests nens tenen les coses molt clares i saben defensar les seves idees.<\/p>\n<h5 style=\"text-align: center;\"><strong>Per\u00f2 si en una cosa han estat d\u2019acord \u00e9s en el punt d\u00e8bil&#8230; doncs tots tenim un punt d\u00e8bil posat en tots els que estimem: fam\u00edlia i amics. No podia ser d\u2019una altre manera!<\/strong><\/h5>\n<p>I aprofitant que hem comentat un llibre d\u2019imaginaci\u00f3, els he ensenyat \u00e0lbums on el \u201czoom out\u201d ens deixa veure que per poder veure b\u00e9 les coses cal veure-les de lluny i aix\u00ed percebre tot el seu context.<\/p>\n<div id='gallery-1' class='gallery galleryid-4611 gallery-columns-2 gallery-size-medium'><figure class='gallery-item'>\n\t\t\t<div class='gallery-icon landscape'>\n\t\t\t\t<img decoding=\"async\" width=\"220\" height=\"220\" src=\"https:\/\/biblioteca.blanes.cat\/salainfantil\/wp-content\/uploads\/sites\/2\/2021\/05\/9788417617202-L.jpg\" class=\"attachment-medium size-medium\" alt=\"\" srcset=\"https:\/\/biblioteca.blanes.cat\/salainfantil\/wp-content\/uploads\/sites\/2\/2021\/05\/9788417617202-L.jpg 220w, https:\/\/biblioteca.blanes.cat\/salainfantil\/wp-content\/uploads\/sites\/2\/2021\/05\/9788417617202-L-150x150.jpg 150w\" sizes=\"(max-width: 220px) 100vw, 220px\" \/>\n\t\t\t<\/div><\/figure><figure class='gallery-item'>\n\t\t\t<div class='gallery-icon portrait'>\n\t\t\t\t<img fetchpriority=\"high\" decoding=\"async\" width=\"247\" height=\"300\" src=\"https:\/\/biblioteca.blanes.cat\/salainfantil\/wp-content\/uploads\/sites\/2\/2021\/05\/articles-78787_thumbnail-247x300.jpg\" class=\"attachment-medium size-medium\" alt=\"\" srcset=\"https:\/\/biblioteca.blanes.cat\/salainfantil\/wp-content\/uploads\/sites\/2\/2021\/05\/articles-78787_thumbnail-247x300.jpg 247w, https:\/\/biblioteca.blanes.cat\/salainfantil\/wp-content\/uploads\/sites\/2\/2021\/05\/articles-78787_thumbnail-842x1024.jpg 842w, https:\/\/biblioteca.blanes.cat\/salainfantil\/wp-content\/uploads\/sites\/2\/2021\/05\/articles-78787_thumbnail-768x934.jpg 768w, https:\/\/biblioteca.blanes.cat\/salainfantil\/wp-content\/uploads\/sites\/2\/2021\/05\/articles-78787_thumbnail-1262x1536.jpg 1262w, https:\/\/biblioteca.blanes.cat\/salainfantil\/wp-content\/uploads\/sites\/2\/2021\/05\/articles-78787_thumbnail-1683x2048.jpg 1683w\" sizes=\"(max-width: 247px) 100vw, 247px\" \/>\n\t\t\t<\/div><\/figure>\n\t\t<\/div>\n\n<p style=\"text-align: center;\">Uns \u00e0lbums que p\u00e0gina a p\u00e0gina ens endinsen en mons diferents que no tenen res a veure amb el que creiem en la p\u00e0gina anterior.<\/p>\n<p>\u00a0<\/p>\n<p>I per acabar la trobada, cada lector s\u2019ha emportat un llibre de poesia, triat especialment per ell. I \u00e9s que el proper i \u00faltim club el dedicarem a la poesia. Per\u00f2 aquesta vegada ho farem cuinant!!<\/p>\n<p><img loading=\"lazy\" decoding=\"async\" class=\" wp-image-4615 aligncenter\" src=\"https:\/\/biblioteca.blanes.cat\/salainfantil\/wp-content\/uploads\/sites\/2\/2021\/05\/IMG_6690-300x225.jpeg\" alt=\"\" width=\"376\" height=\"282\" srcset=\"https:\/\/biblioteca.blanes.cat\/salainfantil\/wp-content\/uploads\/sites\/2\/2021\/05\/IMG_6690-300x225.jpeg 300w, https:\/\/biblioteca.blanes.cat\/salainfantil\/wp-content\/uploads\/sites\/2\/2021\/05\/IMG_6690-1024x768.jpeg 1024w, https:\/\/biblioteca.blanes.cat\/salainfantil\/wp-content\/uploads\/sites\/2\/2021\/05\/IMG_6690-768x576.jpeg 768w, https:\/\/biblioteca.blanes.cat\/salainfantil\/wp-content\/uploads\/sites\/2\/2021\/05\/IMG_6690-1536x1152.jpeg 1536w, https:\/\/biblioteca.blanes.cat\/salainfantil\/wp-content\/uploads\/sites\/2\/2021\/05\/IMG_6690.jpeg 2048w\" sizes=\"(max-width: 376px) 100vw, 376px\" \/><\/p>\n<h3 style=\"text-align: center;\"><span style=\"color: #800000;\">Ens retrobem en uns dies i prepareu-vos perqu\u00e8 la \u00faltima trobada ser\u00e0 ben diferent a totes les anteriors!!!<\/span><\/h3>\n","protected":false},"excerpt":{"rendered":"<p>Aquesta pen\u00faltima trobada la dediquem a un cl\u00e0ssic de la literatura, El M\u00e0gic d\u2019Oz. Tots junts hem seguit el cam\u00ed de lloses grogues fins arribar a Ciutat Maragda.<\/p>\n","protected":false},"author":4,"featured_media":3449,"comment_status":"open","ping_status":"open","sticky":false,"template":"","format":"standard","meta":{"sfsi_plus_gutenberg_text_before_share":"","sfsi_plus_gutenberg_show_text_before_share":"","sfsi_plus_gutenberg_icon_type":"","sfsi_plus_gutenberg_icon_alignemt":"","sfsi_plus_gutenburg_max_per_row":"","footnotes":""},"categories":[6,1,8],"tags":[],"class_list":["post-4611","post","type-post","status-publish","format-standard","has-post-thumbnail","hentry","category-activitats","category-general","category-trobades-cli"],"yoast_head":"<!-- This site is optimized with the Yoast SEO plugin v27.5 - https:\/\/yoast.com\/product\/yoast-seo-wordpress\/ -->\n<title>Seguim el cam\u00ed de lloses grogues - SALA INFANTIL<\/title>\n<meta name=\"robots\" content=\"index, follow, max-snippet:-1, max-image-preview:large, max-video-preview:-1\" \/>\n<link rel=\"canonical\" href=\"https:\/\/biblioteca.blanes.cat\/salainfantil\/seguim-el-cami-de-lloses-grogues\/\" \/>\n<meta property=\"og:locale\" content=\"ca_ES\" \/>\n<meta property=\"og:type\" content=\"article\" \/>\n<meta property=\"og:title\" content=\"Seguim el cam\u00ed de lloses grogues - SALA INFANTIL\" \/>\n<meta property=\"og:description\" content=\"Aquesta pen\u00faltima trobada la dediquem a un cl\u00e0ssic de la literatura, El M\u00e0gic d\u2019Oz. Tots junts hem seguit el cam\u00ed de lloses grogues fins arribar a Ciutat Maragda.\" \/>\n<meta property=\"og:url\" content=\"https:\/\/biblioteca.blanes.cat\/salainfantil\/seguim-el-cami-de-lloses-grogues\/\" \/>\n<meta property=\"og:site_name\" content=\"SALA INFANTIL\" \/>\n<meta property=\"article:published_time\" content=\"2021-05-21T09:09:06+00:00\" \/>\n<meta property=\"article:modified_time\" content=\"2021-05-21T09:09:08+00:00\" \/>\n<meta property=\"og:image\" content=\"https:\/\/biblioteca.blanes.cat\/salainfantil\/wp-content\/uploads\/sites\/2\/2020\/08\/destacat-CLI2.png\" \/>\n\t<meta property=\"og:image:width\" content=\"720\" \/>\n\t<meta property=\"og:image:height\" content=\"693\" \/>\n\t<meta property=\"og:image:type\" content=\"image\/png\" \/>\n<meta name=\"author\" content=\"biblioblanes\" \/>\n<meta name=\"twitter:card\" content=\"summary_large_image\" \/>\n<meta name=\"twitter:creator\" content=\"@biblioblanes\" \/>\n<meta name=\"twitter:label1\" content=\"Escrit per\" \/>\n\t<meta name=\"twitter:data1\" content=\"biblioblanes\" \/>\n\t<meta name=\"twitter:label2\" content=\"Temps estimat de lectura\" \/>\n\t<meta name=\"twitter:data2\" content=\"2 minuts\" \/>\n<script type=\"application\/ld+json\" class=\"yoast-schema-graph\">{\"@context\":\"https:\\\/\\\/schema.org\",\"@graph\":[{\"@type\":\"Article\",\"@id\":\"https:\\\/\\\/biblioteca.blanes.cat\\\/salainfantil\\\/seguim-el-cami-de-lloses-grogues\\\/#article\",\"isPartOf\":{\"@id\":\"https:\\\/\\\/biblioteca.blanes.cat\\\/salainfantil\\\/seguim-el-cami-de-lloses-grogues\\\/\"},\"author\":{\"name\":\"biblioblanes\",\"@id\":\"https:\\\/\\\/biblioteca.blanes.cat\\\/salainfantil\\\/#\\\/schema\\\/person\\\/5a7b46760d9dd611d098bbf571a341dc\"},\"headline\":\"Seguim el cam\u00ed de lloses grogues\",\"datePublished\":\"2021-05-21T09:09:06+00:00\",\"dateModified\":\"2021-05-21T09:09:08+00:00\",\"mainEntityOfPage\":{\"@id\":\"https:\\\/\\\/biblioteca.blanes.cat\\\/salainfantil\\\/seguim-el-cami-de-lloses-grogues\\\/\"},\"wordCount\":303,\"commentCount\":0,\"image\":{\"@id\":\"https:\\\/\\\/biblioteca.blanes.cat\\\/salainfantil\\\/seguim-el-cami-de-lloses-grogues\\\/#primaryimage\"},\"thumbnailUrl\":\"https:\\\/\\\/biblioteca.blanes.cat\\\/salainfantil\\\/wp-content\\\/uploads\\\/sites\\\/2\\\/2020\\\/08\\\/destacat-CLI2.png\",\"articleSection\":[\"Activitats\",\"Fes una ullada\",\"Trobades CLI\"],\"inLanguage\":\"ca\",\"potentialAction\":[{\"@type\":\"CommentAction\",\"name\":\"Comment\",\"target\":[\"https:\\\/\\\/biblioteca.blanes.cat\\\/salainfantil\\\/seguim-el-cami-de-lloses-grogues\\\/#respond\"]}]},{\"@type\":\"WebPage\",\"@id\":\"https:\\\/\\\/biblioteca.blanes.cat\\\/salainfantil\\\/seguim-el-cami-de-lloses-grogues\\\/\",\"url\":\"https:\\\/\\\/biblioteca.blanes.cat\\\/salainfantil\\\/seguim-el-cami-de-lloses-grogues\\\/\",\"name\":\"Seguim el cam\u00ed de lloses grogues - SALA INFANTIL\",\"isPartOf\":{\"@id\":\"https:\\\/\\\/biblioteca.blanes.cat\\\/salainfantil\\\/#website\"},\"primaryImageOfPage\":{\"@id\":\"https:\\\/\\\/biblioteca.blanes.cat\\\/salainfantil\\\/seguim-el-cami-de-lloses-grogues\\\/#primaryimage\"},\"image\":{\"@id\":\"https:\\\/\\\/biblioteca.blanes.cat\\\/salainfantil\\\/seguim-el-cami-de-lloses-grogues\\\/#primaryimage\"},\"thumbnailUrl\":\"https:\\\/\\\/biblioteca.blanes.cat\\\/salainfantil\\\/wp-content\\\/uploads\\\/sites\\\/2\\\/2020\\\/08\\\/destacat-CLI2.png\",\"datePublished\":\"2021-05-21T09:09:06+00:00\",\"dateModified\":\"2021-05-21T09:09:08+00:00\",\"author\":{\"@id\":\"https:\\\/\\\/biblioteca.blanes.cat\\\/salainfantil\\\/#\\\/schema\\\/person\\\/5a7b46760d9dd611d098bbf571a341dc\"},\"breadcrumb\":{\"@id\":\"https:\\\/\\\/biblioteca.blanes.cat\\\/salainfantil\\\/seguim-el-cami-de-lloses-grogues\\\/#breadcrumb\"},\"inLanguage\":\"ca\",\"potentialAction\":[{\"@type\":\"ReadAction\",\"target\":[\"https:\\\/\\\/biblioteca.blanes.cat\\\/salainfantil\\\/seguim-el-cami-de-lloses-grogues\\\/\"]}]},{\"@type\":\"ImageObject\",\"inLanguage\":\"ca\",\"@id\":\"https:\\\/\\\/biblioteca.blanes.cat\\\/salainfantil\\\/seguim-el-cami-de-lloses-grogues\\\/#primaryimage\",\"url\":\"https:\\\/\\\/biblioteca.blanes.cat\\\/salainfantil\\\/wp-content\\\/uploads\\\/sites\\\/2\\\/2020\\\/08\\\/destacat-CLI2.png\",\"contentUrl\":\"https:\\\/\\\/biblioteca.blanes.cat\\\/salainfantil\\\/wp-content\\\/uploads\\\/sites\\\/2\\\/2020\\\/08\\\/destacat-CLI2.png\",\"width\":720,\"height\":693,\"caption\":\"Club\"},{\"@type\":\"BreadcrumbList\",\"@id\":\"https:\\\/\\\/biblioteca.blanes.cat\\\/salainfantil\\\/seguim-el-cami-de-lloses-grogues\\\/#breadcrumb\",\"itemListElement\":[{\"@type\":\"ListItem\",\"position\":1,\"name\":\"Inici\",\"item\":\"https:\\\/\\\/biblioteca.blanes.cat\\\/salainfantil\\\/\"},{\"@type\":\"ListItem\",\"position\":2,\"name\":\"Seguim el cam\u00ed de lloses grogues\"}]},{\"@type\":\"WebSite\",\"@id\":\"https:\\\/\\\/biblioteca.blanes.cat\\\/salainfantil\\\/#website\",\"url\":\"https:\\\/\\\/biblioteca.blanes.cat\\\/salainfantil\\\/\",\"name\":\"SALA INFANTIL\",\"description\":\"Biblioteca Roberto Bola\u00f1o\",\"potentialAction\":[{\"@type\":\"SearchAction\",\"target\":{\"@type\":\"EntryPoint\",\"urlTemplate\":\"https:\\\/\\\/biblioteca.blanes.cat\\\/salainfantil\\\/?s={search_term_string}\"},\"query-input\":{\"@type\":\"PropertyValueSpecification\",\"valueRequired\":true,\"valueName\":\"search_term_string\"}}],\"inLanguage\":\"ca\"},{\"@type\":\"Person\",\"@id\":\"https:\\\/\\\/biblioteca.blanes.cat\\\/salainfantil\\\/#\\\/schema\\\/person\\\/5a7b46760d9dd611d098bbf571a341dc\",\"name\":\"biblioblanes\",\"image\":{\"@type\":\"ImageObject\",\"inLanguage\":\"ca\",\"@id\":\"https:\\\/\\\/secure.gravatar.com\\\/avatar\\\/6593ca6cc90e5a70939f51c95e8315483b9c281bafba597292bee47992030f99?s=96&d=mm&r=g\",\"url\":\"https:\\\/\\\/secure.gravatar.com\\\/avatar\\\/6593ca6cc90e5a70939f51c95e8315483b9c281bafba597292bee47992030f99?s=96&d=mm&r=g\",\"contentUrl\":\"https:\\\/\\\/secure.gravatar.com\\\/avatar\\\/6593ca6cc90e5a70939f51c95e8315483b9c281bafba597292bee47992030f99?s=96&d=mm&r=g\",\"caption\":\"biblioblanes\"},\"sameAs\":[\"http:\\\/\\\/www.bibgirona.cat\\\/biblioteca\\\/blanes\",\"https:\\\/\\\/x.com\\\/biblioblanes\"],\"url\":\"https:\\\/\\\/biblioteca.blanes.cat\\\/salainfantil\\\/author\\\/biblioblanes\\\/\"}]}<\/script>\n<!-- \/ Yoast SEO plugin. -->","yoast_head_json":{"title":"Seguim el cam\u00ed de lloses grogues - SALA INFANTIL","robots":{"index":"index","follow":"follow","max-snippet":"max-snippet:-1","max-image-preview":"max-image-preview:large","max-video-preview":"max-video-preview:-1"},"canonical":"https:\/\/biblioteca.blanes.cat\/salainfantil\/seguim-el-cami-de-lloses-grogues\/","og_locale":"ca_ES","og_type":"article","og_title":"Seguim el cam\u00ed de lloses grogues - SALA INFANTIL","og_description":"Aquesta pen\u00faltima trobada la dediquem a un cl\u00e0ssic de la literatura, El M\u00e0gic d\u2019Oz. Tots junts hem seguit el cam\u00ed de lloses grogues fins arribar a Ciutat Maragda.","og_url":"https:\/\/biblioteca.blanes.cat\/salainfantil\/seguim-el-cami-de-lloses-grogues\/","og_site_name":"SALA INFANTIL","article_published_time":"2021-05-21T09:09:06+00:00","article_modified_time":"2021-05-21T09:09:08+00:00","og_image":[{"width":720,"height":693,"url":"https:\/\/biblioteca.blanes.cat\/salainfantil\/wp-content\/uploads\/sites\/2\/2020\/08\/destacat-CLI2.png","type":"image\/png"}],"author":"biblioblanes","twitter_card":"summary_large_image","twitter_creator":"@biblioblanes","twitter_misc":{"Escrit per":"biblioblanes","Temps estimat de lectura":"2 minuts"},"schema":{"@context":"https:\/\/schema.org","@graph":[{"@type":"Article","@id":"https:\/\/biblioteca.blanes.cat\/salainfantil\/seguim-el-cami-de-lloses-grogues\/#article","isPartOf":{"@id":"https:\/\/biblioteca.blanes.cat\/salainfantil\/seguim-el-cami-de-lloses-grogues\/"},"author":{"name":"biblioblanes","@id":"https:\/\/biblioteca.blanes.cat\/salainfantil\/#\/schema\/person\/5a7b46760d9dd611d098bbf571a341dc"},"headline":"Seguim el cam\u00ed de lloses grogues","datePublished":"2021-05-21T09:09:06+00:00","dateModified":"2021-05-21T09:09:08+00:00","mainEntityOfPage":{"@id":"https:\/\/biblioteca.blanes.cat\/salainfantil\/seguim-el-cami-de-lloses-grogues\/"},"wordCount":303,"commentCount":0,"image":{"@id":"https:\/\/biblioteca.blanes.cat\/salainfantil\/seguim-el-cami-de-lloses-grogues\/#primaryimage"},"thumbnailUrl":"https:\/\/biblioteca.blanes.cat\/salainfantil\/wp-content\/uploads\/sites\/2\/2020\/08\/destacat-CLI2.png","articleSection":["Activitats","Fes una ullada","Trobades CLI"],"inLanguage":"ca","potentialAction":[{"@type":"CommentAction","name":"Comment","target":["https:\/\/biblioteca.blanes.cat\/salainfantil\/seguim-el-cami-de-lloses-grogues\/#respond"]}]},{"@type":"WebPage","@id":"https:\/\/biblioteca.blanes.cat\/salainfantil\/seguim-el-cami-de-lloses-grogues\/","url":"https:\/\/biblioteca.blanes.cat\/salainfantil\/seguim-el-cami-de-lloses-grogues\/","name":"Seguim el cam\u00ed de lloses grogues - SALA INFANTIL","isPartOf":{"@id":"https:\/\/biblioteca.blanes.cat\/salainfantil\/#website"},"primaryImageOfPage":{"@id":"https:\/\/biblioteca.blanes.cat\/salainfantil\/seguim-el-cami-de-lloses-grogues\/#primaryimage"},"image":{"@id":"https:\/\/biblioteca.blanes.cat\/salainfantil\/seguim-el-cami-de-lloses-grogues\/#primaryimage"},"thumbnailUrl":"https:\/\/biblioteca.blanes.cat\/salainfantil\/wp-content\/uploads\/sites\/2\/2020\/08\/destacat-CLI2.png","datePublished":"2021-05-21T09:09:06+00:00","dateModified":"2021-05-21T09:09:08+00:00","author":{"@id":"https:\/\/biblioteca.blanes.cat\/salainfantil\/#\/schema\/person\/5a7b46760d9dd611d098bbf571a341dc"},"breadcrumb":{"@id":"https:\/\/biblioteca.blanes.cat\/salainfantil\/seguim-el-cami-de-lloses-grogues\/#breadcrumb"},"inLanguage":"ca","potentialAction":[{"@type":"ReadAction","target":["https:\/\/biblioteca.blanes.cat\/salainfantil\/seguim-el-cami-de-lloses-grogues\/"]}]},{"@type":"ImageObject","inLanguage":"ca","@id":"https:\/\/biblioteca.blanes.cat\/salainfantil\/seguim-el-cami-de-lloses-grogues\/#primaryimage","url":"https:\/\/biblioteca.blanes.cat\/salainfantil\/wp-content\/uploads\/sites\/2\/2020\/08\/destacat-CLI2.png","contentUrl":"https:\/\/biblioteca.blanes.cat\/salainfantil\/wp-content\/uploads\/sites\/2\/2020\/08\/destacat-CLI2.png","width":720,"height":693,"caption":"Club"},{"@type":"BreadcrumbList","@id":"https:\/\/biblioteca.blanes.cat\/salainfantil\/seguim-el-cami-de-lloses-grogues\/#breadcrumb","itemListElement":[{"@type":"ListItem","position":1,"name":"Inici","item":"https:\/\/biblioteca.blanes.cat\/salainfantil\/"},{"@type":"ListItem","position":2,"name":"Seguim el cam\u00ed de lloses grogues"}]},{"@type":"WebSite","@id":"https:\/\/biblioteca.blanes.cat\/salainfantil\/#website","url":"https:\/\/biblioteca.blanes.cat\/salainfantil\/","name":"SALA INFANTIL","description":"Biblioteca Roberto Bola\u00f1o","potentialAction":[{"@type":"SearchAction","target":{"@type":"EntryPoint","urlTemplate":"https:\/\/biblioteca.blanes.cat\/salainfantil\/?s={search_term_string}"},"query-input":{"@type":"PropertyValueSpecification","valueRequired":true,"valueName":"search_term_string"}}],"inLanguage":"ca"},{"@type":"Person","@id":"https:\/\/biblioteca.blanes.cat\/salainfantil\/#\/schema\/person\/5a7b46760d9dd611d098bbf571a341dc","name":"biblioblanes","image":{"@type":"ImageObject","inLanguage":"ca","@id":"https:\/\/secure.gravatar.com\/avatar\/6593ca6cc90e5a70939f51c95e8315483b9c281bafba597292bee47992030f99?s=96&d=mm&r=g","url":"https:\/\/secure.gravatar.com\/avatar\/6593ca6cc90e5a70939f51c95e8315483b9c281bafba597292bee47992030f99?s=96&d=mm&r=g","contentUrl":"https:\/\/secure.gravatar.com\/avatar\/6593ca6cc90e5a70939f51c95e8315483b9c281bafba597292bee47992030f99?s=96&d=mm&r=g","caption":"biblioblanes"},"sameAs":["http:\/\/www.bibgirona.cat\/biblioteca\/blanes","https:\/\/x.com\/biblioblanes"],"url":"https:\/\/biblioteca.blanes.cat\/salainfantil\/author\/biblioblanes\/"}]}},"_links":{"self":[{"href":"https:\/\/biblioteca.blanes.cat\/salainfantil\/wp-json\/wp\/v2\/posts\/4611","targetHints":{"allow":["GET"]}}],"collection":[{"href":"https:\/\/biblioteca.blanes.cat\/salainfantil\/wp-json\/wp\/v2\/posts"}],"about":[{"href":"https:\/\/biblioteca.blanes.cat\/salainfantil\/wp-json\/wp\/v2\/types\/post"}],"author":[{"embeddable":true,"href":"https:\/\/biblioteca.blanes.cat\/salainfantil\/wp-json\/wp\/v2\/users\/4"}],"replies":[{"embeddable":true,"href":"https:\/\/biblioteca.blanes.cat\/salainfantil\/wp-json\/wp\/v2\/comments?post=4611"}],"version-history":[{"count":1,"href":"https:\/\/biblioteca.blanes.cat\/salainfantil\/wp-json\/wp\/v2\/posts\/4611\/revisions"}],"predecessor-version":[{"id":4616,"href":"https:\/\/biblioteca.blanes.cat\/salainfantil\/wp-json\/wp\/v2\/posts\/4611\/revisions\/4616"}],"wp:featuredmedia":[{"embeddable":true,"href":"https:\/\/biblioteca.blanes.cat\/salainfantil\/wp-json\/wp\/v2\/media\/3449"}],"wp:attachment":[{"href":"https:\/\/biblioteca.blanes.cat\/salainfantil\/wp-json\/wp\/v2\/media?parent=4611"}],"wp:term":[{"taxonomy":"category","embeddable":true,"href":"https:\/\/biblioteca.blanes.cat\/salainfantil\/wp-json\/wp\/v2\/categories?post=4611"},{"taxonomy":"post_tag","embeddable":true,"href":"https:\/\/biblioteca.blanes.cat\/salainfantil\/wp-json\/wp\/v2\/tags?post=4611"}],"curies":[{"name":"wp","href":"https:\/\/api.w.org\/{rel}","templated":true}]}}