{"id":4475,"date":"2021-04-24T12:51:26","date_gmt":"2021-04-24T11:51:26","guid":{"rendered":"https:\/\/biblioteca.blanes.cat\/salainfantil\/?p=4475"},"modified":"2021-04-24T12:51:27","modified_gmt":"2021-04-24T11:51:27","slug":"hachiko-ens-fa-caure-la-llagrima","status":"publish","type":"post","link":"https:\/\/biblioteca.blanes.cat\/salainfantil\/hachiko-ens-fa-caure-la-llagrima\/","title":{"rendered":"Hachiko ens fa caure la ll\u00e0grima"},"content":{"rendered":"\n<p>Sovint hi ha lectures que ens toquen ben endins, lectures que treuen la part m\u00e9s sensible de nosaltres i que ens mostren que a trav\u00e9s de l\u2019escriptura tamb\u00e9 es pot sentir i fins hi tot patir.<\/p>\n<p><!--more--><\/p>\n<p>Aix\u00f2 \u00e9s el que ens ha passat amb el llibre del Club de Lectura Infantil d\u2019aquest mes d\u2019abril. I \u00e9s que si hi ha un llibre que toqui tots els punts anteriors, \u00e9s \u201cHachiko, el gos que esperava\u201d. Aquesta narraci\u00f3 ens transmet tots els sentiments associats a un animal de companyia i ens porta fins a la pena m\u00e0xima: la seva p\u00e8rdua.<\/p>\n<p><img fetchpriority=\"high\" decoding=\"async\" class=\"size-full wp-image-4476 aligncenter\" src=\"https:\/\/biblioteca.blanes.cat\/salainfantil\/wp-content\/uploads\/sites\/2\/2021\/04\/Hachiko.jpg\" alt=\"\" width=\"180\" height=\"280\" \/><\/p>\n<p>Hachiko \u00e9s un gos fidel al seu amo, fins a tal punt que passa 10 anys esperant-lo davant una estaci\u00f3 de tren. Deu anys en els que no ent\u00e9n que l\u2019esser hum\u00e0 que m\u00e9s estima, ja no hi \u00e9s i ja no tornar\u00e0.<\/p>\n<p><img decoding=\"async\" class=\"size-medium wp-image-4477 alignleft\" src=\"https:\/\/biblioteca.blanes.cat\/salainfantil\/wp-content\/uploads\/sites\/2\/2021\/04\/timthumb.php_-300x199.png\" alt=\"\" width=\"300\" height=\"199\" srcset=\"https:\/\/biblioteca.blanes.cat\/salainfantil\/wp-content\/uploads\/sites\/2\/2021\/04\/timthumb.php_-300x199.png 300w, https:\/\/biblioteca.blanes.cat\/salainfantil\/wp-content\/uploads\/sites\/2\/2021\/04\/timthumb.php_.png 600w\" sizes=\"(max-width: 300px) 100vw, 300px\" \/><\/p>\n<p>\u00a0<\/p>\n<p>\u00a0<\/p>\n<p>Una hist\u00f2ria real, protagonitzada al Jap\u00f3 entre els anys 1923-1935 que va tenir un gran ress\u00f2 i de la qual fins hi tot se\u2019n ha fet una pel\u00b7l\u00edcula.<\/p>\n<p>\u00a0<\/p>\n<p>\u00a0<\/p>\n<p>Amb tots els participants al club hem creat un \u201ctimeline\u201d i d\u2019aquesta manera hem fet un comentari del llibre d\u2019una forma molt m\u00e9s amena.<\/p>\n<p><img decoding=\"async\" class=\"aligncenter wp-image-4478 size-medium\" src=\"https:\/\/biblioteca.blanes.cat\/salainfantil\/wp-content\/uploads\/sites\/2\/2021\/04\/IMG_6443.jpgOpenElement-300x225.jpg\" alt=\"\" width=\"300\" height=\"225\" srcset=\"https:\/\/biblioteca.blanes.cat\/salainfantil\/wp-content\/uploads\/sites\/2\/2021\/04\/IMG_6443.jpgOpenElement-300x225.jpg 300w, https:\/\/biblioteca.blanes.cat\/salainfantil\/wp-content\/uploads\/sites\/2\/2021\/04\/IMG_6443.jpgOpenElement.jpg 640w\" sizes=\"(max-width: 300px) 100vw, 300px\" \/><\/p>\n<p style=\"text-align: center;\">Tamb\u00e9 els he recomanat altres lectures on els gossos en son els protagonistes&#8230; qui no coneix \u201cLa crida del bosc\u201d de Jack London??<\/p>\n<p><img loading=\"lazy\" decoding=\"async\" class=\"size-medium wp-image-4479 aligncenter\" src=\"https:\/\/biblioteca.blanes.cat\/salainfantil\/wp-content\/uploads\/sites\/2\/2021\/04\/9788412138955Cridabosc-600x886-1-203x300.jpg\" alt=\"\" width=\"203\" height=\"300\" srcset=\"https:\/\/biblioteca.blanes.cat\/salainfantil\/wp-content\/uploads\/sites\/2\/2021\/04\/9788412138955Cridabosc-600x886-1-203x300.jpg 203w, https:\/\/biblioteca.blanes.cat\/salainfantil\/wp-content\/uploads\/sites\/2\/2021\/04\/9788412138955Cridabosc-600x886-1.jpg 600w\" sizes=\"(max-width: 203px) 100vw, 203px\" \/><\/p>\n<p>I per acabar d\u2019arrodonir el dia, ens hem reunit, virtualment amb en Salvador Macip (metge, investigador i escriptor blanenc). Abans, per\u00f2, els he mostrat tots els llibres adequats a la seva edat i molts d\u2019ells s\u2019han animat a agafar-ne algun en pr\u00e9stec.<\/p>\n<p>A la trobada amb en Salvador, hem parlat de la COVID, les vacunes i dels seus dos nous llibres que us recomanem des de la Biblioteca.<\/p>\n<p><img loading=\"lazy\" decoding=\"async\" class=\"size-medium wp-image-4480 aligncenter\" src=\"https:\/\/biblioteca.blanes.cat\/salainfantil\/wp-content\/uploads\/sites\/2\/2021\/04\/EzVJ1iJUYAoeqQq-264x300.jpg\" alt=\"\" width=\"264\" height=\"300\" srcset=\"https:\/\/biblioteca.blanes.cat\/salainfantil\/wp-content\/uploads\/sites\/2\/2021\/04\/EzVJ1iJUYAoeqQq-264x300.jpg 264w, https:\/\/biblioteca.blanes.cat\/salainfantil\/wp-content\/uploads\/sites\/2\/2021\/04\/EzVJ1iJUYAoeqQq-901x1024.jpg 901w, https:\/\/biblioteca.blanes.cat\/salainfantil\/wp-content\/uploads\/sites\/2\/2021\/04\/EzVJ1iJUYAoeqQq-768x873.jpg 768w, https:\/\/biblioteca.blanes.cat\/salainfantil\/wp-content\/uploads\/sites\/2\/2021\/04\/EzVJ1iJUYAoeqQq.jpg 1056w\" sizes=\"(max-width: 264px) 100vw, 264px\" \/><\/p>\n<p>\u00a0<\/p>\n<p style=\"text-align: center;\"><strong>Una jornada ben complerta en la que hem celebrat la Revetlla de Sant Jordi. Hi \u00e9s que a la Biblioteca tot el que siguin celebracions ens agraden molt!!<\/strong><\/p>\n<p>\u00a0<\/p>\n<p>\u00a0<\/p>\n","protected":false},"excerpt":{"rendered":"<p>Sovint hi ha lectures que ens toquen ben endins, lectures que treuen la part m\u00e9s sensible de nosaltres i que ens mostren que a trav\u00e9s de l\u2019escriptura tamb\u00e9 es pot sentir i fins hi tot patir.<\/p>\n","protected":false},"author":4,"featured_media":3449,"comment_status":"open","ping_status":"open","sticky":false,"template":"","format":"standard","meta":{"sfsi_plus_gutenberg_text_before_share":"","sfsi_plus_gutenberg_show_text_before_share":"","sfsi_plus_gutenberg_icon_type":"","sfsi_plus_gutenberg_icon_alignemt":"","sfsi_plus_gutenburg_max_per_row":"","footnotes":""},"categories":[6,1,8],"tags":[],"class_list":["post-4475","post","type-post","status-publish","format-standard","has-post-thumbnail","hentry","category-activitats","category-general","category-trobades-cli"],"yoast_head":"<!-- This site is optimized with the Yoast SEO plugin v27.5 - https:\/\/yoast.com\/product\/yoast-seo-wordpress\/ -->\n<title>Hachiko ens fa caure la ll\u00e0grima - SALA INFANTIL<\/title>\n<meta name=\"robots\" content=\"index, follow, max-snippet:-1, max-image-preview:large, max-video-preview:-1\" \/>\n<link rel=\"canonical\" href=\"https:\/\/biblioteca.blanes.cat\/salainfantil\/hachiko-ens-fa-caure-la-llagrima\/\" \/>\n<meta property=\"og:locale\" content=\"ca_ES\" \/>\n<meta property=\"og:type\" content=\"article\" \/>\n<meta property=\"og:title\" content=\"Hachiko ens fa caure la ll\u00e0grima - SALA INFANTIL\" \/>\n<meta property=\"og:description\" content=\"Sovint hi ha lectures que ens toquen ben endins, lectures que treuen la part m\u00e9s sensible de nosaltres i que ens mostren que a trav\u00e9s de l\u2019escriptura tamb\u00e9 es pot sentir i fins hi tot patir.\" \/>\n<meta property=\"og:url\" content=\"https:\/\/biblioteca.blanes.cat\/salainfantil\/hachiko-ens-fa-caure-la-llagrima\/\" \/>\n<meta property=\"og:site_name\" content=\"SALA INFANTIL\" \/>\n<meta property=\"article:published_time\" content=\"2021-04-24T11:51:26+00:00\" \/>\n<meta property=\"article:modified_time\" content=\"2021-04-24T11:51:27+00:00\" \/>\n<meta property=\"og:image\" content=\"https:\/\/biblioteca.blanes.cat\/salainfantil\/wp-content\/uploads\/sites\/2\/2020\/08\/destacat-CLI2.png\" \/>\n\t<meta property=\"og:image:width\" content=\"720\" \/>\n\t<meta property=\"og:image:height\" content=\"693\" \/>\n\t<meta property=\"og:image:type\" content=\"image\/png\" \/>\n<meta name=\"author\" content=\"biblioblanes\" \/>\n<meta name=\"twitter:card\" content=\"summary_large_image\" \/>\n<meta name=\"twitter:creator\" content=\"@biblioblanes\" \/>\n<meta name=\"twitter:label1\" content=\"Escrit per\" \/>\n\t<meta name=\"twitter:data1\" content=\"biblioblanes\" \/>\n\t<meta name=\"twitter:label2\" content=\"Temps estimat de lectura\" \/>\n\t<meta name=\"twitter:data2\" content=\"3 minuts\" \/>\n<script type=\"application\/ld+json\" class=\"yoast-schema-graph\">{\"@context\":\"https:\\\/\\\/schema.org\",\"@graph\":[{\"@type\":\"Article\",\"@id\":\"https:\\\/\\\/biblioteca.blanes.cat\\\/salainfantil\\\/hachiko-ens-fa-caure-la-llagrima\\\/#article\",\"isPartOf\":{\"@id\":\"https:\\\/\\\/biblioteca.blanes.cat\\\/salainfantil\\\/hachiko-ens-fa-caure-la-llagrima\\\/\"},\"author\":{\"name\":\"biblioblanes\",\"@id\":\"https:\\\/\\\/biblioteca.blanes.cat\\\/salainfantil\\\/#\\\/schema\\\/person\\\/5a7b46760d9dd611d098bbf571a341dc\"},\"headline\":\"Hachiko ens fa caure la ll\u00e0grima\",\"datePublished\":\"2021-04-24T11:51:26+00:00\",\"dateModified\":\"2021-04-24T11:51:27+00:00\",\"mainEntityOfPage\":{\"@id\":\"https:\\\/\\\/biblioteca.blanes.cat\\\/salainfantil\\\/hachiko-ens-fa-caure-la-llagrima\\\/\"},\"wordCount\":339,\"commentCount\":0,\"image\":{\"@id\":\"https:\\\/\\\/biblioteca.blanes.cat\\\/salainfantil\\\/hachiko-ens-fa-caure-la-llagrima\\\/#primaryimage\"},\"thumbnailUrl\":\"https:\\\/\\\/biblioteca.blanes.cat\\\/salainfantil\\\/wp-content\\\/uploads\\\/sites\\\/2\\\/2020\\\/08\\\/destacat-CLI2.png\",\"articleSection\":[\"Activitats\",\"Fes una ullada\",\"Trobades CLI\"],\"inLanguage\":\"ca\",\"potentialAction\":[{\"@type\":\"CommentAction\",\"name\":\"Comment\",\"target\":[\"https:\\\/\\\/biblioteca.blanes.cat\\\/salainfantil\\\/hachiko-ens-fa-caure-la-llagrima\\\/#respond\"]}]},{\"@type\":\"WebPage\",\"@id\":\"https:\\\/\\\/biblioteca.blanes.cat\\\/salainfantil\\\/hachiko-ens-fa-caure-la-llagrima\\\/\",\"url\":\"https:\\\/\\\/biblioteca.blanes.cat\\\/salainfantil\\\/hachiko-ens-fa-caure-la-llagrima\\\/\",\"name\":\"Hachiko ens fa caure la ll\u00e0grima - SALA INFANTIL\",\"isPartOf\":{\"@id\":\"https:\\\/\\\/biblioteca.blanes.cat\\\/salainfantil\\\/#website\"},\"primaryImageOfPage\":{\"@id\":\"https:\\\/\\\/biblioteca.blanes.cat\\\/salainfantil\\\/hachiko-ens-fa-caure-la-llagrima\\\/#primaryimage\"},\"image\":{\"@id\":\"https:\\\/\\\/biblioteca.blanes.cat\\\/salainfantil\\\/hachiko-ens-fa-caure-la-llagrima\\\/#primaryimage\"},\"thumbnailUrl\":\"https:\\\/\\\/biblioteca.blanes.cat\\\/salainfantil\\\/wp-content\\\/uploads\\\/sites\\\/2\\\/2020\\\/08\\\/destacat-CLI2.png\",\"datePublished\":\"2021-04-24T11:51:26+00:00\",\"dateModified\":\"2021-04-24T11:51:27+00:00\",\"author\":{\"@id\":\"https:\\\/\\\/biblioteca.blanes.cat\\\/salainfantil\\\/#\\\/schema\\\/person\\\/5a7b46760d9dd611d098bbf571a341dc\"},\"breadcrumb\":{\"@id\":\"https:\\\/\\\/biblioteca.blanes.cat\\\/salainfantil\\\/hachiko-ens-fa-caure-la-llagrima\\\/#breadcrumb\"},\"inLanguage\":\"ca\",\"potentialAction\":[{\"@type\":\"ReadAction\",\"target\":[\"https:\\\/\\\/biblioteca.blanes.cat\\\/salainfantil\\\/hachiko-ens-fa-caure-la-llagrima\\\/\"]}]},{\"@type\":\"ImageObject\",\"inLanguage\":\"ca\",\"@id\":\"https:\\\/\\\/biblioteca.blanes.cat\\\/salainfantil\\\/hachiko-ens-fa-caure-la-llagrima\\\/#primaryimage\",\"url\":\"https:\\\/\\\/biblioteca.blanes.cat\\\/salainfantil\\\/wp-content\\\/uploads\\\/sites\\\/2\\\/2020\\\/08\\\/destacat-CLI2.png\",\"contentUrl\":\"https:\\\/\\\/biblioteca.blanes.cat\\\/salainfantil\\\/wp-content\\\/uploads\\\/sites\\\/2\\\/2020\\\/08\\\/destacat-CLI2.png\",\"width\":720,\"height\":693,\"caption\":\"Club\"},{\"@type\":\"BreadcrumbList\",\"@id\":\"https:\\\/\\\/biblioteca.blanes.cat\\\/salainfantil\\\/hachiko-ens-fa-caure-la-llagrima\\\/#breadcrumb\",\"itemListElement\":[{\"@type\":\"ListItem\",\"position\":1,\"name\":\"Inici\",\"item\":\"https:\\\/\\\/biblioteca.blanes.cat\\\/salainfantil\\\/\"},{\"@type\":\"ListItem\",\"position\":2,\"name\":\"Hachiko ens fa caure la ll\u00e0grima\"}]},{\"@type\":\"WebSite\",\"@id\":\"https:\\\/\\\/biblioteca.blanes.cat\\\/salainfantil\\\/#website\",\"url\":\"https:\\\/\\\/biblioteca.blanes.cat\\\/salainfantil\\\/\",\"name\":\"SALA INFANTIL\",\"description\":\"Biblioteca Roberto Bola\u00f1o\",\"potentialAction\":[{\"@type\":\"SearchAction\",\"target\":{\"@type\":\"EntryPoint\",\"urlTemplate\":\"https:\\\/\\\/biblioteca.blanes.cat\\\/salainfantil\\\/?s={search_term_string}\"},\"query-input\":{\"@type\":\"PropertyValueSpecification\",\"valueRequired\":true,\"valueName\":\"search_term_string\"}}],\"inLanguage\":\"ca\"},{\"@type\":\"Person\",\"@id\":\"https:\\\/\\\/biblioteca.blanes.cat\\\/salainfantil\\\/#\\\/schema\\\/person\\\/5a7b46760d9dd611d098bbf571a341dc\",\"name\":\"biblioblanes\",\"image\":{\"@type\":\"ImageObject\",\"inLanguage\":\"ca\",\"@id\":\"https:\\\/\\\/secure.gravatar.com\\\/avatar\\\/6593ca6cc90e5a70939f51c95e8315483b9c281bafba597292bee47992030f99?s=96&d=mm&r=g\",\"url\":\"https:\\\/\\\/secure.gravatar.com\\\/avatar\\\/6593ca6cc90e5a70939f51c95e8315483b9c281bafba597292bee47992030f99?s=96&d=mm&r=g\",\"contentUrl\":\"https:\\\/\\\/secure.gravatar.com\\\/avatar\\\/6593ca6cc90e5a70939f51c95e8315483b9c281bafba597292bee47992030f99?s=96&d=mm&r=g\",\"caption\":\"biblioblanes\"},\"sameAs\":[\"http:\\\/\\\/www.bibgirona.cat\\\/biblioteca\\\/blanes\",\"https:\\\/\\\/x.com\\\/biblioblanes\"],\"url\":\"https:\\\/\\\/biblioteca.blanes.cat\\\/salainfantil\\\/author\\\/biblioblanes\\\/\"}]}<\/script>\n<!-- \/ Yoast SEO plugin. -->","yoast_head_json":{"title":"Hachiko ens fa caure la ll\u00e0grima - SALA INFANTIL","robots":{"index":"index","follow":"follow","max-snippet":"max-snippet:-1","max-image-preview":"max-image-preview:large","max-video-preview":"max-video-preview:-1"},"canonical":"https:\/\/biblioteca.blanes.cat\/salainfantil\/hachiko-ens-fa-caure-la-llagrima\/","og_locale":"ca_ES","og_type":"article","og_title":"Hachiko ens fa caure la ll\u00e0grima - SALA INFANTIL","og_description":"Sovint hi ha lectures que ens toquen ben endins, lectures que treuen la part m\u00e9s sensible de nosaltres i que ens mostren que a trav\u00e9s de l\u2019escriptura tamb\u00e9 es pot sentir i fins hi tot patir.","og_url":"https:\/\/biblioteca.blanes.cat\/salainfantil\/hachiko-ens-fa-caure-la-llagrima\/","og_site_name":"SALA INFANTIL","article_published_time":"2021-04-24T11:51:26+00:00","article_modified_time":"2021-04-24T11:51:27+00:00","og_image":[{"width":720,"height":693,"url":"https:\/\/biblioteca.blanes.cat\/salainfantil\/wp-content\/uploads\/sites\/2\/2020\/08\/destacat-CLI2.png","type":"image\/png"}],"author":"biblioblanes","twitter_card":"summary_large_image","twitter_creator":"@biblioblanes","twitter_misc":{"Escrit per":"biblioblanes","Temps estimat de lectura":"3 minuts"},"schema":{"@context":"https:\/\/schema.org","@graph":[{"@type":"Article","@id":"https:\/\/biblioteca.blanes.cat\/salainfantil\/hachiko-ens-fa-caure-la-llagrima\/#article","isPartOf":{"@id":"https:\/\/biblioteca.blanes.cat\/salainfantil\/hachiko-ens-fa-caure-la-llagrima\/"},"author":{"name":"biblioblanes","@id":"https:\/\/biblioteca.blanes.cat\/salainfantil\/#\/schema\/person\/5a7b46760d9dd611d098bbf571a341dc"},"headline":"Hachiko ens fa caure la ll\u00e0grima","datePublished":"2021-04-24T11:51:26+00:00","dateModified":"2021-04-24T11:51:27+00:00","mainEntityOfPage":{"@id":"https:\/\/biblioteca.blanes.cat\/salainfantil\/hachiko-ens-fa-caure-la-llagrima\/"},"wordCount":339,"commentCount":0,"image":{"@id":"https:\/\/biblioteca.blanes.cat\/salainfantil\/hachiko-ens-fa-caure-la-llagrima\/#primaryimage"},"thumbnailUrl":"https:\/\/biblioteca.blanes.cat\/salainfantil\/wp-content\/uploads\/sites\/2\/2020\/08\/destacat-CLI2.png","articleSection":["Activitats","Fes una ullada","Trobades CLI"],"inLanguage":"ca","potentialAction":[{"@type":"CommentAction","name":"Comment","target":["https:\/\/biblioteca.blanes.cat\/salainfantil\/hachiko-ens-fa-caure-la-llagrima\/#respond"]}]},{"@type":"WebPage","@id":"https:\/\/biblioteca.blanes.cat\/salainfantil\/hachiko-ens-fa-caure-la-llagrima\/","url":"https:\/\/biblioteca.blanes.cat\/salainfantil\/hachiko-ens-fa-caure-la-llagrima\/","name":"Hachiko ens fa caure la ll\u00e0grima - SALA INFANTIL","isPartOf":{"@id":"https:\/\/biblioteca.blanes.cat\/salainfantil\/#website"},"primaryImageOfPage":{"@id":"https:\/\/biblioteca.blanes.cat\/salainfantil\/hachiko-ens-fa-caure-la-llagrima\/#primaryimage"},"image":{"@id":"https:\/\/biblioteca.blanes.cat\/salainfantil\/hachiko-ens-fa-caure-la-llagrima\/#primaryimage"},"thumbnailUrl":"https:\/\/biblioteca.blanes.cat\/salainfantil\/wp-content\/uploads\/sites\/2\/2020\/08\/destacat-CLI2.png","datePublished":"2021-04-24T11:51:26+00:00","dateModified":"2021-04-24T11:51:27+00:00","author":{"@id":"https:\/\/biblioteca.blanes.cat\/salainfantil\/#\/schema\/person\/5a7b46760d9dd611d098bbf571a341dc"},"breadcrumb":{"@id":"https:\/\/biblioteca.blanes.cat\/salainfantil\/hachiko-ens-fa-caure-la-llagrima\/#breadcrumb"},"inLanguage":"ca","potentialAction":[{"@type":"ReadAction","target":["https:\/\/biblioteca.blanes.cat\/salainfantil\/hachiko-ens-fa-caure-la-llagrima\/"]}]},{"@type":"ImageObject","inLanguage":"ca","@id":"https:\/\/biblioteca.blanes.cat\/salainfantil\/hachiko-ens-fa-caure-la-llagrima\/#primaryimage","url":"https:\/\/biblioteca.blanes.cat\/salainfantil\/wp-content\/uploads\/sites\/2\/2020\/08\/destacat-CLI2.png","contentUrl":"https:\/\/biblioteca.blanes.cat\/salainfantil\/wp-content\/uploads\/sites\/2\/2020\/08\/destacat-CLI2.png","width":720,"height":693,"caption":"Club"},{"@type":"BreadcrumbList","@id":"https:\/\/biblioteca.blanes.cat\/salainfantil\/hachiko-ens-fa-caure-la-llagrima\/#breadcrumb","itemListElement":[{"@type":"ListItem","position":1,"name":"Inici","item":"https:\/\/biblioteca.blanes.cat\/salainfantil\/"},{"@type":"ListItem","position":2,"name":"Hachiko ens fa caure la ll\u00e0grima"}]},{"@type":"WebSite","@id":"https:\/\/biblioteca.blanes.cat\/salainfantil\/#website","url":"https:\/\/biblioteca.blanes.cat\/salainfantil\/","name":"SALA INFANTIL","description":"Biblioteca Roberto Bola\u00f1o","potentialAction":[{"@type":"SearchAction","target":{"@type":"EntryPoint","urlTemplate":"https:\/\/biblioteca.blanes.cat\/salainfantil\/?s={search_term_string}"},"query-input":{"@type":"PropertyValueSpecification","valueRequired":true,"valueName":"search_term_string"}}],"inLanguage":"ca"},{"@type":"Person","@id":"https:\/\/biblioteca.blanes.cat\/salainfantil\/#\/schema\/person\/5a7b46760d9dd611d098bbf571a341dc","name":"biblioblanes","image":{"@type":"ImageObject","inLanguage":"ca","@id":"https:\/\/secure.gravatar.com\/avatar\/6593ca6cc90e5a70939f51c95e8315483b9c281bafba597292bee47992030f99?s=96&d=mm&r=g","url":"https:\/\/secure.gravatar.com\/avatar\/6593ca6cc90e5a70939f51c95e8315483b9c281bafba597292bee47992030f99?s=96&d=mm&r=g","contentUrl":"https:\/\/secure.gravatar.com\/avatar\/6593ca6cc90e5a70939f51c95e8315483b9c281bafba597292bee47992030f99?s=96&d=mm&r=g","caption":"biblioblanes"},"sameAs":["http:\/\/www.bibgirona.cat\/biblioteca\/blanes","https:\/\/x.com\/biblioblanes"],"url":"https:\/\/biblioteca.blanes.cat\/salainfantil\/author\/biblioblanes\/"}]}},"_links":{"self":[{"href":"https:\/\/biblioteca.blanes.cat\/salainfantil\/wp-json\/wp\/v2\/posts\/4475","targetHints":{"allow":["GET"]}}],"collection":[{"href":"https:\/\/biblioteca.blanes.cat\/salainfantil\/wp-json\/wp\/v2\/posts"}],"about":[{"href":"https:\/\/biblioteca.blanes.cat\/salainfantil\/wp-json\/wp\/v2\/types\/post"}],"author":[{"embeddable":true,"href":"https:\/\/biblioteca.blanes.cat\/salainfantil\/wp-json\/wp\/v2\/users\/4"}],"replies":[{"embeddable":true,"href":"https:\/\/biblioteca.blanes.cat\/salainfantil\/wp-json\/wp\/v2\/comments?post=4475"}],"version-history":[{"count":2,"href":"https:\/\/biblioteca.blanes.cat\/salainfantil\/wp-json\/wp\/v2\/posts\/4475\/revisions"}],"predecessor-version":[{"id":4482,"href":"https:\/\/biblioteca.blanes.cat\/salainfantil\/wp-json\/wp\/v2\/posts\/4475\/revisions\/4482"}],"wp:featuredmedia":[{"embeddable":true,"href":"https:\/\/biblioteca.blanes.cat\/salainfantil\/wp-json\/wp\/v2\/media\/3449"}],"wp:attachment":[{"href":"https:\/\/biblioteca.blanes.cat\/salainfantil\/wp-json\/wp\/v2\/media?parent=4475"}],"wp:term":[{"taxonomy":"category","embeddable":true,"href":"https:\/\/biblioteca.blanes.cat\/salainfantil\/wp-json\/wp\/v2\/categories?post=4475"},{"taxonomy":"post_tag","embeddable":true,"href":"https:\/\/biblioteca.blanes.cat\/salainfantil\/wp-json\/wp\/v2\/tags?post=4475"}],"curies":[{"name":"wp","href":"https:\/\/api.w.org\/{rel}","templated":true}]}}