{"id":4186,"date":"2021-02-22T13:17:41","date_gmt":"2021-02-22T12:17:41","guid":{"rendered":"https:\/\/biblioteca.blanes.cat\/salainfantil\/?p=4186"},"modified":"2021-02-22T13:17:50","modified_gmt":"2021-02-22T12:17:50","slug":"el-fil-que-ens-uneix-a-tots","status":"publish","type":"post","link":"https:\/\/biblioteca.blanes.cat\/salainfantil\/el-fil-que-ens-uneix-a-tots\/","title":{"rendered":"EL FIL QUE ENS UNEIX A TOTS"},"content":{"rendered":"\n<p>Ens retrobem, com cada mes, amb els lectors del Club Infantil. Aquesta vegada, i aprofitant que \u00e9s Carnaval, ens posem uns filtres ben originals per fer que la trobada sigui m\u00e9s divertida.<\/p>\n<p><!--more--><\/p>\n<p>Tot i que ens trobem per Zoom, de forma espont\u00e0nia, ens hem buscat unes disfresses per no deixar de passar-ho b\u00e9!<\/p>\n<p><img fetchpriority=\"high\" decoding=\"async\" id=\"CE051B60-CC6B-4FF4-9312-5BC6C4FFB884\" class=\"aligncenter\" src=\"https:\/\/internet.blanes.cat\/mail\/mmateuma.nsf\/0\/fb0dc7efd4620007c12586840042e515\/Body\/M2.2!OpenElement&amp;cid=CE051B60-CC6B-4FF4-9312-5BC6C4FFB884\" width=\"540\" height=\"405\" \/><\/p>\n<p>\u00a0<\/p>\n<p>Per\u00f2 tornant al tema que ens ocupa&#8230; avui tocava comentar i parlar sobre el<span style=\"color: #008000;\"><strong> \u201cFil invisible de la natura\u201d<\/strong><\/span> de <span style=\"color: #008000;\">Gianumberto Accinelli.<\/span><\/p>\n<p><a href=\"https:\/\/biblioteca.blanes.cat\/salainfantil\/wp-content\/uploads\/sites\/2\/2021\/01\/3373_Natura.jpg\"><img decoding=\"async\" class=\" wp-image-4060 alignleft\" src=\"https:\/\/biblioteca.blanes.cat\/salainfantil\/wp-content\/uploads\/sites\/2\/2021\/01\/3373_Natura-222x300.jpg\" alt=\"\" width=\"152\" height=\"205\" srcset=\"https:\/\/biblioteca.blanes.cat\/salainfantil\/wp-content\/uploads\/sites\/2\/2021\/01\/3373_Natura-222x300.jpg 222w, https:\/\/biblioteca.blanes.cat\/salainfantil\/wp-content\/uploads\/sites\/2\/2021\/01\/3373_Natura.jpg 591w\" sizes=\"(max-width: 152px) 100vw, 152px\" \/><\/a><\/p>\n<p>Aquest llibre ens apropa a divuit hist\u00f2ries incre\u00efbles, curioses, i de fets extraordinaris i reals protagonitzades per animals de diferents esp\u00e8cies, totes elles lligades amb els humans per fils invisibles.<\/p>\n<p>Amb aquestes hist\u00f2ries hem pogut parlar de la import\u00e0ncia que tenen totes les accions que fem envers el medi ambient i com \u201cl\u2019aleteig de les ales d\u2019una papallona es pot sentir a l\u2019altre costat del m\u00f3n\u201d. Aquest proverbi xin\u00e9s ha donat tema de conversa i ens ha fet valorar molt\u00edssim tot el que fem.<\/p>\n<p><a href=\"https:\/\/biblioteca.blanes.cat\/salainfantil\/wp-content\/uploads\/sites\/2\/2021\/02\/index.jpg\"><img decoding=\"async\" class=\"wp-image-4187 alignright\" src=\"https:\/\/biblioteca.blanes.cat\/salainfantil\/wp-content\/uploads\/sites\/2\/2021\/02\/index.jpg\" alt=\"\" width=\"109\" height=\"98\" \/><\/a>Un llibre que recomano per tractar fets ver\u00eddics i contrastats a partir d\u2019una lectura f\u00e0cil que apropa la ci\u00e8ncia d\u2019una manera comprensible. S\u00f3n hist\u00f2ries que molts han pensat que eren inventades, per\u00f2 que son del tot reals.<\/p>\n<p>Cada participant ens ha ensenyat un dibuix que havia fet del cap\u00edtol que li havia tocat i la resta havia d\u2019endevinar de que tractava la hist\u00f2ria i quin era el protagonista principal. He de dir que a part de ser grans lectors, tamb\u00e9 son uns grans artistes!!!<\/p>\n<p>I finalment, hem jugat al joc estrella del Club de Lectura Infantil \u201cStory Cubes\u201d. Entre tots han inventat una hist\u00f2ria on hi sortia una tortuga, una biblioteca, una font i moltes coses m\u00e9s que ens han acompanyat en la creaci\u00f3.<\/p>\n<p><a href=\"https:\/\/biblioteca.blanes.cat\/salainfantil\/wp-content\/uploads\/sites\/2\/2021\/02\/index-1.jpg\"><img loading=\"lazy\" decoding=\"async\" class=\"size-full wp-image-4188 aligncenter\" src=\"https:\/\/biblioteca.blanes.cat\/salainfantil\/wp-content\/uploads\/sites\/2\/2021\/02\/index-1.jpg\" alt=\"\" width=\"275\" height=\"183\" \/><\/a><\/p>\n<h4 style=\"text-align: center;\">Quina trobada m\u00e9s genial!<\/h4>\n<h4 style=\"text-align: center;\">I \u00e9s que no hi ha trobada amb aquests lectors, en la que no acabi amb un somriure als llavis.<\/h4>\n<p>\u00a0<\/p>\n<h4 style=\"text-align: center;\"><strong>Gr\u00e0cies i ens trobem el proper 11 de mar\u00e7<\/strong><\/h4>\n<p><a href=\"https:\/\/biblioteca.blanes.cat\/salainfantil\/wp-content\/uploads\/sites\/2\/2021\/02\/CLI_Lilla-de-Paidonesia-marc_page-0001-scaled.jpg\"><img loading=\"lazy\" decoding=\"async\" class=\"aligncenter wp-image-4189 size-large\" src=\"https:\/\/biblioteca.blanes.cat\/salainfantil\/wp-content\/uploads\/sites\/2\/2021\/02\/CLI_Lilla-de-Paidonesia-marc_page-0001-724x1024.jpg\" alt=\"\" width=\"724\" height=\"1024\" srcset=\"https:\/\/biblioteca.blanes.cat\/salainfantil\/wp-content\/uploads\/sites\/2\/2021\/02\/CLI_Lilla-de-Paidonesia-marc_page-0001-724x1024.jpg 724w, https:\/\/biblioteca.blanes.cat\/salainfantil\/wp-content\/uploads\/sites\/2\/2021\/02\/CLI_Lilla-de-Paidonesia-marc_page-0001-212x300.jpg 212w, https:\/\/biblioteca.blanes.cat\/salainfantil\/wp-content\/uploads\/sites\/2\/2021\/02\/CLI_Lilla-de-Paidonesia-marc_page-0001-768x1086.jpg 768w, https:\/\/biblioteca.blanes.cat\/salainfantil\/wp-content\/uploads\/sites\/2\/2021\/02\/CLI_Lilla-de-Paidonesia-marc_page-0001-1086x1536.jpg 1086w, https:\/\/biblioteca.blanes.cat\/salainfantil\/wp-content\/uploads\/sites\/2\/2021\/02\/CLI_Lilla-de-Paidonesia-marc_page-0001-1448x2048.jpg 1448w, https:\/\/biblioteca.blanes.cat\/salainfantil\/wp-content\/uploads\/sites\/2\/2021\/02\/CLI_Lilla-de-Paidonesia-marc_page-0001-scaled.jpg 1810w\" sizes=\"(max-width: 724px) 100vw, 724px\" \/><\/a><\/p>\n","protected":false},"excerpt":{"rendered":"<p>Ens retrobem, com cada mes, amb els lectors del Club Infantil. Aquesta vegada, i aprofitant que \u00e9s Carnaval, ens posem uns filtres ben originals per fer que la trobada sigui m\u00e9s divertida.<\/p>\n","protected":false},"author":4,"featured_media":3449,"comment_status":"open","ping_status":"open","sticky":false,"template":"","format":"standard","meta":{"sfsi_plus_gutenberg_text_before_share":"","sfsi_plus_gutenberg_show_text_before_share":"","sfsi_plus_gutenberg_icon_type":"","sfsi_plus_gutenberg_icon_alignemt":"","sfsi_plus_gutenburg_max_per_row":"","footnotes":""},"categories":[6,1,8],"tags":[],"class_list":["post-4186","post","type-post","status-publish","format-standard","has-post-thumbnail","hentry","category-activitats","category-general","category-trobades-cli"],"yoast_head":"<!-- This site is optimized with the Yoast SEO plugin v27.5 - https:\/\/yoast.com\/product\/yoast-seo-wordpress\/ -->\n<title>EL FIL QUE ENS UNEIX A TOTS - SALA INFANTIL<\/title>\n<meta name=\"robots\" content=\"index, follow, max-snippet:-1, max-image-preview:large, max-video-preview:-1\" \/>\n<link rel=\"canonical\" href=\"https:\/\/biblioteca.blanes.cat\/salainfantil\/el-fil-que-ens-uneix-a-tots\/\" \/>\n<meta property=\"og:locale\" content=\"ca_ES\" \/>\n<meta property=\"og:type\" content=\"article\" \/>\n<meta property=\"og:title\" content=\"EL FIL QUE ENS UNEIX A TOTS - SALA INFANTIL\" \/>\n<meta property=\"og:description\" content=\"Ens retrobem, com cada mes, amb els lectors del Club Infantil. Aquesta vegada, i aprofitant que \u00e9s Carnaval, ens posem uns filtres ben originals per fer que la trobada sigui m\u00e9s divertida.\" \/>\n<meta property=\"og:url\" content=\"https:\/\/biblioteca.blanes.cat\/salainfantil\/el-fil-que-ens-uneix-a-tots\/\" \/>\n<meta property=\"og:site_name\" content=\"SALA INFANTIL\" \/>\n<meta property=\"article:published_time\" content=\"2021-02-22T12:17:41+00:00\" \/>\n<meta property=\"article:modified_time\" content=\"2021-02-22T12:17:50+00:00\" \/>\n<meta property=\"og:image\" content=\"https:\/\/biblioteca.blanes.cat\/salainfantil\/wp-content\/uploads\/sites\/2\/2020\/08\/destacat-CLI2.png\" \/>\n\t<meta property=\"og:image:width\" content=\"720\" \/>\n\t<meta property=\"og:image:height\" content=\"693\" \/>\n\t<meta property=\"og:image:type\" content=\"image\/png\" \/>\n<meta name=\"author\" content=\"biblioblanes\" \/>\n<meta name=\"twitter:card\" content=\"summary_large_image\" \/>\n<meta name=\"twitter:creator\" content=\"@biblioblanes\" \/>\n<meta name=\"twitter:label1\" content=\"Escrit per\" \/>\n\t<meta name=\"twitter:data1\" content=\"biblioblanes\" \/>\n\t<meta name=\"twitter:label2\" content=\"Temps estimat de lectura\" \/>\n\t<meta name=\"twitter:data2\" content=\"3 minuts\" \/>\n<script type=\"application\/ld+json\" class=\"yoast-schema-graph\">{\"@context\":\"https:\\\/\\\/schema.org\",\"@graph\":[{\"@type\":\"Article\",\"@id\":\"https:\\\/\\\/biblioteca.blanes.cat\\\/salainfantil\\\/el-fil-que-ens-uneix-a-tots\\\/#article\",\"isPartOf\":{\"@id\":\"https:\\\/\\\/biblioteca.blanes.cat\\\/salainfantil\\\/el-fil-que-ens-uneix-a-tots\\\/\"},\"author\":{\"name\":\"biblioblanes\",\"@id\":\"https:\\\/\\\/biblioteca.blanes.cat\\\/salainfantil\\\/#\\\/schema\\\/person\\\/5a7b46760d9dd611d098bbf571a341dc\"},\"headline\":\"EL FIL QUE ENS UNEIX A TOTS\",\"datePublished\":\"2021-02-22T12:17:41+00:00\",\"dateModified\":\"2021-02-22T12:17:50+00:00\",\"mainEntityOfPage\":{\"@id\":\"https:\\\/\\\/biblioteca.blanes.cat\\\/salainfantil\\\/el-fil-que-ens-uneix-a-tots\\\/\"},\"wordCount\":349,\"commentCount\":0,\"image\":{\"@id\":\"https:\\\/\\\/biblioteca.blanes.cat\\\/salainfantil\\\/el-fil-que-ens-uneix-a-tots\\\/#primaryimage\"},\"thumbnailUrl\":\"https:\\\/\\\/biblioteca.blanes.cat\\\/salainfantil\\\/wp-content\\\/uploads\\\/sites\\\/2\\\/2020\\\/08\\\/destacat-CLI2.png\",\"articleSection\":[\"Activitats\",\"Fes una ullada\",\"Trobades CLI\"],\"inLanguage\":\"ca\",\"potentialAction\":[{\"@type\":\"CommentAction\",\"name\":\"Comment\",\"target\":[\"https:\\\/\\\/biblioteca.blanes.cat\\\/salainfantil\\\/el-fil-que-ens-uneix-a-tots\\\/#respond\"]}]},{\"@type\":\"WebPage\",\"@id\":\"https:\\\/\\\/biblioteca.blanes.cat\\\/salainfantil\\\/el-fil-que-ens-uneix-a-tots\\\/\",\"url\":\"https:\\\/\\\/biblioteca.blanes.cat\\\/salainfantil\\\/el-fil-que-ens-uneix-a-tots\\\/\",\"name\":\"EL FIL QUE ENS UNEIX A TOTS - SALA INFANTIL\",\"isPartOf\":{\"@id\":\"https:\\\/\\\/biblioteca.blanes.cat\\\/salainfantil\\\/#website\"},\"primaryImageOfPage\":{\"@id\":\"https:\\\/\\\/biblioteca.blanes.cat\\\/salainfantil\\\/el-fil-que-ens-uneix-a-tots\\\/#primaryimage\"},\"image\":{\"@id\":\"https:\\\/\\\/biblioteca.blanes.cat\\\/salainfantil\\\/el-fil-que-ens-uneix-a-tots\\\/#primaryimage\"},\"thumbnailUrl\":\"https:\\\/\\\/biblioteca.blanes.cat\\\/salainfantil\\\/wp-content\\\/uploads\\\/sites\\\/2\\\/2020\\\/08\\\/destacat-CLI2.png\",\"datePublished\":\"2021-02-22T12:17:41+00:00\",\"dateModified\":\"2021-02-22T12:17:50+00:00\",\"author\":{\"@id\":\"https:\\\/\\\/biblioteca.blanes.cat\\\/salainfantil\\\/#\\\/schema\\\/person\\\/5a7b46760d9dd611d098bbf571a341dc\"},\"breadcrumb\":{\"@id\":\"https:\\\/\\\/biblioteca.blanes.cat\\\/salainfantil\\\/el-fil-que-ens-uneix-a-tots\\\/#breadcrumb\"},\"inLanguage\":\"ca\",\"potentialAction\":[{\"@type\":\"ReadAction\",\"target\":[\"https:\\\/\\\/biblioteca.blanes.cat\\\/salainfantil\\\/el-fil-que-ens-uneix-a-tots\\\/\"]}]},{\"@type\":\"ImageObject\",\"inLanguage\":\"ca\",\"@id\":\"https:\\\/\\\/biblioteca.blanes.cat\\\/salainfantil\\\/el-fil-que-ens-uneix-a-tots\\\/#primaryimage\",\"url\":\"https:\\\/\\\/biblioteca.blanes.cat\\\/salainfantil\\\/wp-content\\\/uploads\\\/sites\\\/2\\\/2020\\\/08\\\/destacat-CLI2.png\",\"contentUrl\":\"https:\\\/\\\/biblioteca.blanes.cat\\\/salainfantil\\\/wp-content\\\/uploads\\\/sites\\\/2\\\/2020\\\/08\\\/destacat-CLI2.png\",\"width\":720,\"height\":693,\"caption\":\"Club\"},{\"@type\":\"BreadcrumbList\",\"@id\":\"https:\\\/\\\/biblioteca.blanes.cat\\\/salainfantil\\\/el-fil-que-ens-uneix-a-tots\\\/#breadcrumb\",\"itemListElement\":[{\"@type\":\"ListItem\",\"position\":1,\"name\":\"Inici\",\"item\":\"https:\\\/\\\/biblioteca.blanes.cat\\\/salainfantil\\\/\"},{\"@type\":\"ListItem\",\"position\":2,\"name\":\"EL FIL QUE ENS UNEIX A TOTS\"}]},{\"@type\":\"WebSite\",\"@id\":\"https:\\\/\\\/biblioteca.blanes.cat\\\/salainfantil\\\/#website\",\"url\":\"https:\\\/\\\/biblioteca.blanes.cat\\\/salainfantil\\\/\",\"name\":\"SALA INFANTIL\",\"description\":\"Biblioteca Roberto Bola\u00f1o\",\"potentialAction\":[{\"@type\":\"SearchAction\",\"target\":{\"@type\":\"EntryPoint\",\"urlTemplate\":\"https:\\\/\\\/biblioteca.blanes.cat\\\/salainfantil\\\/?s={search_term_string}\"},\"query-input\":{\"@type\":\"PropertyValueSpecification\",\"valueRequired\":true,\"valueName\":\"search_term_string\"}}],\"inLanguage\":\"ca\"},{\"@type\":\"Person\",\"@id\":\"https:\\\/\\\/biblioteca.blanes.cat\\\/salainfantil\\\/#\\\/schema\\\/person\\\/5a7b46760d9dd611d098bbf571a341dc\",\"name\":\"biblioblanes\",\"image\":{\"@type\":\"ImageObject\",\"inLanguage\":\"ca\",\"@id\":\"https:\\\/\\\/secure.gravatar.com\\\/avatar\\\/6593ca6cc90e5a70939f51c95e8315483b9c281bafba597292bee47992030f99?s=96&d=mm&r=g\",\"url\":\"https:\\\/\\\/secure.gravatar.com\\\/avatar\\\/6593ca6cc90e5a70939f51c95e8315483b9c281bafba597292bee47992030f99?s=96&d=mm&r=g\",\"contentUrl\":\"https:\\\/\\\/secure.gravatar.com\\\/avatar\\\/6593ca6cc90e5a70939f51c95e8315483b9c281bafba597292bee47992030f99?s=96&d=mm&r=g\",\"caption\":\"biblioblanes\"},\"sameAs\":[\"http:\\\/\\\/www.bibgirona.cat\\\/biblioteca\\\/blanes\",\"https:\\\/\\\/x.com\\\/biblioblanes\"],\"url\":\"https:\\\/\\\/biblioteca.blanes.cat\\\/salainfantil\\\/author\\\/biblioblanes\\\/\"}]}<\/script>\n<!-- \/ Yoast SEO plugin. -->","yoast_head_json":{"title":"EL FIL QUE ENS UNEIX A TOTS - SALA INFANTIL","robots":{"index":"index","follow":"follow","max-snippet":"max-snippet:-1","max-image-preview":"max-image-preview:large","max-video-preview":"max-video-preview:-1"},"canonical":"https:\/\/biblioteca.blanes.cat\/salainfantil\/el-fil-que-ens-uneix-a-tots\/","og_locale":"ca_ES","og_type":"article","og_title":"EL FIL QUE ENS UNEIX A TOTS - SALA INFANTIL","og_description":"Ens retrobem, com cada mes, amb els lectors del Club Infantil. Aquesta vegada, i aprofitant que \u00e9s Carnaval, ens posem uns filtres ben originals per fer que la trobada sigui m\u00e9s divertida.","og_url":"https:\/\/biblioteca.blanes.cat\/salainfantil\/el-fil-que-ens-uneix-a-tots\/","og_site_name":"SALA INFANTIL","article_published_time":"2021-02-22T12:17:41+00:00","article_modified_time":"2021-02-22T12:17:50+00:00","og_image":[{"width":720,"height":693,"url":"https:\/\/biblioteca.blanes.cat\/salainfantil\/wp-content\/uploads\/sites\/2\/2020\/08\/destacat-CLI2.png","type":"image\/png"}],"author":"biblioblanes","twitter_card":"summary_large_image","twitter_creator":"@biblioblanes","twitter_misc":{"Escrit per":"biblioblanes","Temps estimat de lectura":"3 minuts"},"schema":{"@context":"https:\/\/schema.org","@graph":[{"@type":"Article","@id":"https:\/\/biblioteca.blanes.cat\/salainfantil\/el-fil-que-ens-uneix-a-tots\/#article","isPartOf":{"@id":"https:\/\/biblioteca.blanes.cat\/salainfantil\/el-fil-que-ens-uneix-a-tots\/"},"author":{"name":"biblioblanes","@id":"https:\/\/biblioteca.blanes.cat\/salainfantil\/#\/schema\/person\/5a7b46760d9dd611d098bbf571a341dc"},"headline":"EL FIL QUE ENS UNEIX A TOTS","datePublished":"2021-02-22T12:17:41+00:00","dateModified":"2021-02-22T12:17:50+00:00","mainEntityOfPage":{"@id":"https:\/\/biblioteca.blanes.cat\/salainfantil\/el-fil-que-ens-uneix-a-tots\/"},"wordCount":349,"commentCount":0,"image":{"@id":"https:\/\/biblioteca.blanes.cat\/salainfantil\/el-fil-que-ens-uneix-a-tots\/#primaryimage"},"thumbnailUrl":"https:\/\/biblioteca.blanes.cat\/salainfantil\/wp-content\/uploads\/sites\/2\/2020\/08\/destacat-CLI2.png","articleSection":["Activitats","Fes una ullada","Trobades CLI"],"inLanguage":"ca","potentialAction":[{"@type":"CommentAction","name":"Comment","target":["https:\/\/biblioteca.blanes.cat\/salainfantil\/el-fil-que-ens-uneix-a-tots\/#respond"]}]},{"@type":"WebPage","@id":"https:\/\/biblioteca.blanes.cat\/salainfantil\/el-fil-que-ens-uneix-a-tots\/","url":"https:\/\/biblioteca.blanes.cat\/salainfantil\/el-fil-que-ens-uneix-a-tots\/","name":"EL FIL QUE ENS UNEIX A TOTS - SALA INFANTIL","isPartOf":{"@id":"https:\/\/biblioteca.blanes.cat\/salainfantil\/#website"},"primaryImageOfPage":{"@id":"https:\/\/biblioteca.blanes.cat\/salainfantil\/el-fil-que-ens-uneix-a-tots\/#primaryimage"},"image":{"@id":"https:\/\/biblioteca.blanes.cat\/salainfantil\/el-fil-que-ens-uneix-a-tots\/#primaryimage"},"thumbnailUrl":"https:\/\/biblioteca.blanes.cat\/salainfantil\/wp-content\/uploads\/sites\/2\/2020\/08\/destacat-CLI2.png","datePublished":"2021-02-22T12:17:41+00:00","dateModified":"2021-02-22T12:17:50+00:00","author":{"@id":"https:\/\/biblioteca.blanes.cat\/salainfantil\/#\/schema\/person\/5a7b46760d9dd611d098bbf571a341dc"},"breadcrumb":{"@id":"https:\/\/biblioteca.blanes.cat\/salainfantil\/el-fil-que-ens-uneix-a-tots\/#breadcrumb"},"inLanguage":"ca","potentialAction":[{"@type":"ReadAction","target":["https:\/\/biblioteca.blanes.cat\/salainfantil\/el-fil-que-ens-uneix-a-tots\/"]}]},{"@type":"ImageObject","inLanguage":"ca","@id":"https:\/\/biblioteca.blanes.cat\/salainfantil\/el-fil-que-ens-uneix-a-tots\/#primaryimage","url":"https:\/\/biblioteca.blanes.cat\/salainfantil\/wp-content\/uploads\/sites\/2\/2020\/08\/destacat-CLI2.png","contentUrl":"https:\/\/biblioteca.blanes.cat\/salainfantil\/wp-content\/uploads\/sites\/2\/2020\/08\/destacat-CLI2.png","width":720,"height":693,"caption":"Club"},{"@type":"BreadcrumbList","@id":"https:\/\/biblioteca.blanes.cat\/salainfantil\/el-fil-que-ens-uneix-a-tots\/#breadcrumb","itemListElement":[{"@type":"ListItem","position":1,"name":"Inici","item":"https:\/\/biblioteca.blanes.cat\/salainfantil\/"},{"@type":"ListItem","position":2,"name":"EL FIL QUE ENS UNEIX A TOTS"}]},{"@type":"WebSite","@id":"https:\/\/biblioteca.blanes.cat\/salainfantil\/#website","url":"https:\/\/biblioteca.blanes.cat\/salainfantil\/","name":"SALA INFANTIL","description":"Biblioteca Roberto Bola\u00f1o","potentialAction":[{"@type":"SearchAction","target":{"@type":"EntryPoint","urlTemplate":"https:\/\/biblioteca.blanes.cat\/salainfantil\/?s={search_term_string}"},"query-input":{"@type":"PropertyValueSpecification","valueRequired":true,"valueName":"search_term_string"}}],"inLanguage":"ca"},{"@type":"Person","@id":"https:\/\/biblioteca.blanes.cat\/salainfantil\/#\/schema\/person\/5a7b46760d9dd611d098bbf571a341dc","name":"biblioblanes","image":{"@type":"ImageObject","inLanguage":"ca","@id":"https:\/\/secure.gravatar.com\/avatar\/6593ca6cc90e5a70939f51c95e8315483b9c281bafba597292bee47992030f99?s=96&d=mm&r=g","url":"https:\/\/secure.gravatar.com\/avatar\/6593ca6cc90e5a70939f51c95e8315483b9c281bafba597292bee47992030f99?s=96&d=mm&r=g","contentUrl":"https:\/\/secure.gravatar.com\/avatar\/6593ca6cc90e5a70939f51c95e8315483b9c281bafba597292bee47992030f99?s=96&d=mm&r=g","caption":"biblioblanes"},"sameAs":["http:\/\/www.bibgirona.cat\/biblioteca\/blanes","https:\/\/x.com\/biblioblanes"],"url":"https:\/\/biblioteca.blanes.cat\/salainfantil\/author\/biblioblanes\/"}]}},"_links":{"self":[{"href":"https:\/\/biblioteca.blanes.cat\/salainfantil\/wp-json\/wp\/v2\/posts\/4186","targetHints":{"allow":["GET"]}}],"collection":[{"href":"https:\/\/biblioteca.blanes.cat\/salainfantil\/wp-json\/wp\/v2\/posts"}],"about":[{"href":"https:\/\/biblioteca.blanes.cat\/salainfantil\/wp-json\/wp\/v2\/types\/post"}],"author":[{"embeddable":true,"href":"https:\/\/biblioteca.blanes.cat\/salainfantil\/wp-json\/wp\/v2\/users\/4"}],"replies":[{"embeddable":true,"href":"https:\/\/biblioteca.blanes.cat\/salainfantil\/wp-json\/wp\/v2\/comments?post=4186"}],"version-history":[{"count":1,"href":"https:\/\/biblioteca.blanes.cat\/salainfantil\/wp-json\/wp\/v2\/posts\/4186\/revisions"}],"predecessor-version":[{"id":4191,"href":"https:\/\/biblioteca.blanes.cat\/salainfantil\/wp-json\/wp\/v2\/posts\/4186\/revisions\/4191"}],"wp:featuredmedia":[{"embeddable":true,"href":"https:\/\/biblioteca.blanes.cat\/salainfantil\/wp-json\/wp\/v2\/media\/3449"}],"wp:attachment":[{"href":"https:\/\/biblioteca.blanes.cat\/salainfantil\/wp-json\/wp\/v2\/media?parent=4186"}],"wp:term":[{"taxonomy":"category","embeddable":true,"href":"https:\/\/biblioteca.blanes.cat\/salainfantil\/wp-json\/wp\/v2\/categories?post=4186"},{"taxonomy":"post_tag","embeddable":true,"href":"https:\/\/biblioteca.blanes.cat\/salainfantil\/wp-json\/wp\/v2\/tags?post=4186"}],"curies":[{"name":"wp","href":"https:\/\/api.w.org\/{rel}","templated":true}]}}