{"id":3954,"date":"2020-12-18T10:03:02","date_gmt":"2020-12-18T09:03:02","guid":{"rendered":"https:\/\/biblioteca.blanes.cat\/salainfantil\/?p=3954"},"modified":"2020-12-18T10:03:04","modified_gmt":"2020-12-18T09:03:04","slug":"taller-el-tio-de-nadal","status":"publish","type":"post","link":"https:\/\/biblioteca.blanes.cat\/salainfantil\/taller-el-tio-de-nadal\/","title":{"rendered":"TALLER: EL TI\u00d3 DE NADAL"},"content":{"rendered":"\n<p>Segur que a molts de vosaltres ja us ha visitat el TI\u00d3&#8230; i \u00e9s que tots sabem que els dies abans de les festes aquest &#8220;tronc&#8221; tant m\u00e0gic baixa de les muntanyes tot buscant una casa calentona on passar aquests dies de fred.<\/p>\n<p><!--more--><\/p>\n<p>\u00a0<\/p>\n<p>Ell nom\u00e9s demana que el mantinguem calent\u00f3 i ben alimentat&#8230; a canvi la Nit de Nadal, de ben segur, ens cagar\u00e0 uns regals fant\u00e0stics!!!<\/p>\n<p>I una tradici\u00f3 tant nostra no es podia quedar sense tenir el seu propi taller a la vostra Biblioteca. Aix\u00ed que ens hem posat a la feina i us hem buscat una opci\u00f3 adaptada a la situaci\u00f3 actual.<\/p>\n<p>\u00a0<\/p>\n<h1 style=\"text-align: center;\"><span style=\"color: #ff6600;\"><strong>UN TALLER ONLINE!!!<\/strong><\/span><\/h1>\n<p>Per poder fer-lo nom\u00e9s necessitareu el &#8220;pack de material&#8221; que us hem donat als que estaveu inscrits o el seg\u00fcent material:<\/p>\n<ul>\n<li>Un tros de fang.<\/li>\n<li>2 ulls.<\/li>\n<li>2 fustes petites.<\/li>\n<li>1 tros de roba.<\/li>\n<li>Un tros de paper vermell.<\/li>\n<\/ul>\n<p>\u00a0<\/p>\n<p>Per\u00f2 quina millor manera de fer aquest Ti\u00f3 que amb Activijoc? I \u00e9s que ja veureu que ho expliquen s\u00faper b\u00e9 i fan que sigui mooooolt f\u00e0cil poder aconseguir un Ti\u00f3 ben bonic.<\/p>\n<p style=\"text-align: center;\">Us deixem l&#8217;enlla\u00e7 al v\u00eddeo que nom\u00e9s heu d&#8217;anar seguint atentament.<\/p>\n<p><img fetchpriority=\"high\" decoding=\"async\" class=\"aligncenter wp-image-3955 size-medium\" src=\"https:\/\/biblioteca.blanes.cat\/salainfantil\/wp-content\/uploads\/sites\/2\/2020\/12\/Taller-de-tio-300x239.jpg\" alt=\"\" width=\"300\" height=\"239\" srcset=\"https:\/\/biblioteca.blanes.cat\/salainfantil\/wp-content\/uploads\/sites\/2\/2020\/12\/Taller-de-tio-300x239.jpg 300w, https:\/\/biblioteca.blanes.cat\/salainfantil\/wp-content\/uploads\/sites\/2\/2020\/12\/Taller-de-tio-768x611.jpg 768w, https:\/\/biblioteca.blanes.cat\/salainfantil\/wp-content\/uploads\/sites\/2\/2020\/12\/Taller-de-tio.jpg 1000w\" sizes=\"(max-width: 300px) 100vw, 300px\" \/><\/p>\n<p style=\"text-align: center;\"><a href=\"https:\/\/www.youtube.com\/watch?v=ddlfJN-_W9s\" target=\"_blank\" rel=\"noopener\">https:\/\/www.youtube.com\/watch?v=ddlfJN-_W9s<\/a><\/p>\n<p>\u00a0<\/p>\n<h4 style=\"text-align: center;\"><strong><span style=\"color: #ff6600;\">Esperem rebre fotos vostres i dels vostres nous amics!!<\/span><\/strong><\/h4>\n<p>\u00a0<\/p>\n","protected":false},"excerpt":{"rendered":"<p>Segur que a molts de vosaltres ja us ha visitat el TI\u00d3&#8230; i \u00e9s que tots sabem que els dies abans de les festes aquest &#8220;tronc&#8221; tant m\u00e0gic baixa de les muntanyes tot buscant una casa calentona on passar aquests<\/p>\n","protected":false},"author":4,"featured_media":1112,"comment_status":"open","ping_status":"open","sticky":false,"template":"","format":"standard","meta":{"sfsi_plus_gutenberg_text_before_share":"","sfsi_plus_gutenberg_show_text_before_share":"","sfsi_plus_gutenberg_icon_type":"","sfsi_plus_gutenberg_icon_alignemt":"","sfsi_plus_gutenburg_max_per_row":"","footnotes":""},"categories":[6,1],"tags":[],"class_list":["post-3954","post","type-post","status-publish","format-standard","has-post-thumbnail","hentry","category-activitats","category-general"],"yoast_head":"<!-- This site is optimized with the Yoast SEO plugin v27.5 - https:\/\/yoast.com\/product\/yoast-seo-wordpress\/ -->\n<title>TALLER: EL TI\u00d3 DE NADAL - SALA INFANTIL<\/title>\n<meta name=\"robots\" content=\"index, follow, max-snippet:-1, max-image-preview:large, max-video-preview:-1\" \/>\n<link rel=\"canonical\" href=\"https:\/\/biblioteca.blanes.cat\/salainfantil\/taller-el-tio-de-nadal\/\" \/>\n<meta property=\"og:locale\" content=\"ca_ES\" \/>\n<meta property=\"og:type\" content=\"article\" \/>\n<meta property=\"og:title\" content=\"TALLER: EL TI\u00d3 DE NADAL - SALA INFANTIL\" \/>\n<meta property=\"og:description\" content=\"Segur que a molts de vosaltres ja us ha visitat el TI\u00d3&#8230; i \u00e9s que tots sabem que els dies abans de les festes aquest &#8220;tronc&#8221; tant m\u00e0gic baixa de les muntanyes tot buscant una casa calentona on passar aquests\" \/>\n<meta property=\"og:url\" content=\"https:\/\/biblioteca.blanes.cat\/salainfantil\/taller-el-tio-de-nadal\/\" \/>\n<meta property=\"og:site_name\" content=\"SALA INFANTIL\" \/>\n<meta property=\"article:published_time\" content=\"2020-12-18T09:03:02+00:00\" \/>\n<meta property=\"article:modified_time\" content=\"2020-12-18T09:03:04+00:00\" \/>\n<meta property=\"og:image\" content=\"https:\/\/biblioteca.blanes.cat\/salainfantil\/wp-content\/uploads\/sites\/2\/2019\/03\/activitats.jpg\" \/>\n\t<meta property=\"og:image:width\" content=\"432\" \/>\n\t<meta property=\"og:image:height\" content=\"338\" \/>\n\t<meta property=\"og:image:type\" content=\"image\/jpeg\" \/>\n<meta name=\"author\" content=\"biblioblanes\" \/>\n<meta name=\"twitter:card\" content=\"summary_large_image\" \/>\n<meta name=\"twitter:creator\" content=\"@biblioblanes\" \/>\n<meta name=\"twitter:label1\" content=\"Escrit per\" \/>\n\t<meta name=\"twitter:data1\" content=\"biblioblanes\" \/>\n\t<meta name=\"twitter:label2\" content=\"Temps estimat de lectura\" \/>\n\t<meta name=\"twitter:data2\" content=\"1 minut\" \/>\n<script type=\"application\/ld+json\" class=\"yoast-schema-graph\">{\"@context\":\"https:\\\/\\\/schema.org\",\"@graph\":[{\"@type\":\"Article\",\"@id\":\"https:\\\/\\\/biblioteca.blanes.cat\\\/salainfantil\\\/taller-el-tio-de-nadal\\\/#article\",\"isPartOf\":{\"@id\":\"https:\\\/\\\/biblioteca.blanes.cat\\\/salainfantil\\\/taller-el-tio-de-nadal\\\/\"},\"author\":{\"name\":\"biblioblanes\",\"@id\":\"https:\\\/\\\/biblioteca.blanes.cat\\\/salainfantil\\\/#\\\/schema\\\/person\\\/5a7b46760d9dd611d098bbf571a341dc\"},\"headline\":\"TALLER: EL TI\u00d3 DE NADAL\",\"datePublished\":\"2020-12-18T09:03:02+00:00\",\"dateModified\":\"2020-12-18T09:03:04+00:00\",\"mainEntityOfPage\":{\"@id\":\"https:\\\/\\\/biblioteca.blanes.cat\\\/salainfantil\\\/taller-el-tio-de-nadal\\\/\"},\"wordCount\":222,\"commentCount\":0,\"image\":{\"@id\":\"https:\\\/\\\/biblioteca.blanes.cat\\\/salainfantil\\\/taller-el-tio-de-nadal\\\/#primaryimage\"},\"thumbnailUrl\":\"https:\\\/\\\/biblioteca.blanes.cat\\\/salainfantil\\\/wp-content\\\/uploads\\\/sites\\\/2\\\/2019\\\/03\\\/activitats.jpg\",\"articleSection\":[\"Activitats\",\"Fes una ullada\"],\"inLanguage\":\"ca\",\"potentialAction\":[{\"@type\":\"CommentAction\",\"name\":\"Comment\",\"target\":[\"https:\\\/\\\/biblioteca.blanes.cat\\\/salainfantil\\\/taller-el-tio-de-nadal\\\/#respond\"]}]},{\"@type\":\"WebPage\",\"@id\":\"https:\\\/\\\/biblioteca.blanes.cat\\\/salainfantil\\\/taller-el-tio-de-nadal\\\/\",\"url\":\"https:\\\/\\\/biblioteca.blanes.cat\\\/salainfantil\\\/taller-el-tio-de-nadal\\\/\",\"name\":\"TALLER: EL TI\u00d3 DE NADAL - SALA INFANTIL\",\"isPartOf\":{\"@id\":\"https:\\\/\\\/biblioteca.blanes.cat\\\/salainfantil\\\/#website\"},\"primaryImageOfPage\":{\"@id\":\"https:\\\/\\\/biblioteca.blanes.cat\\\/salainfantil\\\/taller-el-tio-de-nadal\\\/#primaryimage\"},\"image\":{\"@id\":\"https:\\\/\\\/biblioteca.blanes.cat\\\/salainfantil\\\/taller-el-tio-de-nadal\\\/#primaryimage\"},\"thumbnailUrl\":\"https:\\\/\\\/biblioteca.blanes.cat\\\/salainfantil\\\/wp-content\\\/uploads\\\/sites\\\/2\\\/2019\\\/03\\\/activitats.jpg\",\"datePublished\":\"2020-12-18T09:03:02+00:00\",\"dateModified\":\"2020-12-18T09:03:04+00:00\",\"author\":{\"@id\":\"https:\\\/\\\/biblioteca.blanes.cat\\\/salainfantil\\\/#\\\/schema\\\/person\\\/5a7b46760d9dd611d098bbf571a341dc\"},\"breadcrumb\":{\"@id\":\"https:\\\/\\\/biblioteca.blanes.cat\\\/salainfantil\\\/taller-el-tio-de-nadal\\\/#breadcrumb\"},\"inLanguage\":\"ca\",\"potentialAction\":[{\"@type\":\"ReadAction\",\"target\":[\"https:\\\/\\\/biblioteca.blanes.cat\\\/salainfantil\\\/taller-el-tio-de-nadal\\\/\"]}]},{\"@type\":\"ImageObject\",\"inLanguage\":\"ca\",\"@id\":\"https:\\\/\\\/biblioteca.blanes.cat\\\/salainfantil\\\/taller-el-tio-de-nadal\\\/#primaryimage\",\"url\":\"https:\\\/\\\/biblioteca.blanes.cat\\\/salainfantil\\\/wp-content\\\/uploads\\\/sites\\\/2\\\/2019\\\/03\\\/activitats.jpg\",\"contentUrl\":\"https:\\\/\\\/biblioteca.blanes.cat\\\/salainfantil\\\/wp-content\\\/uploads\\\/sites\\\/2\\\/2019\\\/03\\\/activitats.jpg\",\"width\":432,\"height\":338},{\"@type\":\"BreadcrumbList\",\"@id\":\"https:\\\/\\\/biblioteca.blanes.cat\\\/salainfantil\\\/taller-el-tio-de-nadal\\\/#breadcrumb\",\"itemListElement\":[{\"@type\":\"ListItem\",\"position\":1,\"name\":\"Inici\",\"item\":\"https:\\\/\\\/biblioteca.blanes.cat\\\/salainfantil\\\/\"},{\"@type\":\"ListItem\",\"position\":2,\"name\":\"TALLER: EL TI\u00d3 DE NADAL\"}]},{\"@type\":\"WebSite\",\"@id\":\"https:\\\/\\\/biblioteca.blanes.cat\\\/salainfantil\\\/#website\",\"url\":\"https:\\\/\\\/biblioteca.blanes.cat\\\/salainfantil\\\/\",\"name\":\"SALA INFANTIL\",\"description\":\"Biblioteca Roberto Bola\u00f1o\",\"potentialAction\":[{\"@type\":\"SearchAction\",\"target\":{\"@type\":\"EntryPoint\",\"urlTemplate\":\"https:\\\/\\\/biblioteca.blanes.cat\\\/salainfantil\\\/?s={search_term_string}\"},\"query-input\":{\"@type\":\"PropertyValueSpecification\",\"valueRequired\":true,\"valueName\":\"search_term_string\"}}],\"inLanguage\":\"ca\"},{\"@type\":\"Person\",\"@id\":\"https:\\\/\\\/biblioteca.blanes.cat\\\/salainfantil\\\/#\\\/schema\\\/person\\\/5a7b46760d9dd611d098bbf571a341dc\",\"name\":\"biblioblanes\",\"image\":{\"@type\":\"ImageObject\",\"inLanguage\":\"ca\",\"@id\":\"https:\\\/\\\/secure.gravatar.com\\\/avatar\\\/6593ca6cc90e5a70939f51c95e8315483b9c281bafba597292bee47992030f99?s=96&d=mm&r=g\",\"url\":\"https:\\\/\\\/secure.gravatar.com\\\/avatar\\\/6593ca6cc90e5a70939f51c95e8315483b9c281bafba597292bee47992030f99?s=96&d=mm&r=g\",\"contentUrl\":\"https:\\\/\\\/secure.gravatar.com\\\/avatar\\\/6593ca6cc90e5a70939f51c95e8315483b9c281bafba597292bee47992030f99?s=96&d=mm&r=g\",\"caption\":\"biblioblanes\"},\"sameAs\":[\"http:\\\/\\\/www.bibgirona.cat\\\/biblioteca\\\/blanes\",\"https:\\\/\\\/x.com\\\/biblioblanes\"],\"url\":\"https:\\\/\\\/biblioteca.blanes.cat\\\/salainfantil\\\/author\\\/biblioblanes\\\/\"}]}<\/script>\n<!-- \/ Yoast SEO plugin. -->","yoast_head_json":{"title":"TALLER: EL TI\u00d3 DE NADAL - SALA INFANTIL","robots":{"index":"index","follow":"follow","max-snippet":"max-snippet:-1","max-image-preview":"max-image-preview:large","max-video-preview":"max-video-preview:-1"},"canonical":"https:\/\/biblioteca.blanes.cat\/salainfantil\/taller-el-tio-de-nadal\/","og_locale":"ca_ES","og_type":"article","og_title":"TALLER: EL TI\u00d3 DE NADAL - SALA INFANTIL","og_description":"Segur que a molts de vosaltres ja us ha visitat el TI\u00d3&#8230; i \u00e9s que tots sabem que els dies abans de les festes aquest &#8220;tronc&#8221; tant m\u00e0gic baixa de les muntanyes tot buscant una casa calentona on passar aquests","og_url":"https:\/\/biblioteca.blanes.cat\/salainfantil\/taller-el-tio-de-nadal\/","og_site_name":"SALA INFANTIL","article_published_time":"2020-12-18T09:03:02+00:00","article_modified_time":"2020-12-18T09:03:04+00:00","og_image":[{"width":432,"height":338,"url":"https:\/\/biblioteca.blanes.cat\/salainfantil\/wp-content\/uploads\/sites\/2\/2019\/03\/activitats.jpg","type":"image\/jpeg"}],"author":"biblioblanes","twitter_card":"summary_large_image","twitter_creator":"@biblioblanes","twitter_misc":{"Escrit per":"biblioblanes","Temps estimat de lectura":"1 minut"},"schema":{"@context":"https:\/\/schema.org","@graph":[{"@type":"Article","@id":"https:\/\/biblioteca.blanes.cat\/salainfantil\/taller-el-tio-de-nadal\/#article","isPartOf":{"@id":"https:\/\/biblioteca.blanes.cat\/salainfantil\/taller-el-tio-de-nadal\/"},"author":{"name":"biblioblanes","@id":"https:\/\/biblioteca.blanes.cat\/salainfantil\/#\/schema\/person\/5a7b46760d9dd611d098bbf571a341dc"},"headline":"TALLER: EL TI\u00d3 DE NADAL","datePublished":"2020-12-18T09:03:02+00:00","dateModified":"2020-12-18T09:03:04+00:00","mainEntityOfPage":{"@id":"https:\/\/biblioteca.blanes.cat\/salainfantil\/taller-el-tio-de-nadal\/"},"wordCount":222,"commentCount":0,"image":{"@id":"https:\/\/biblioteca.blanes.cat\/salainfantil\/taller-el-tio-de-nadal\/#primaryimage"},"thumbnailUrl":"https:\/\/biblioteca.blanes.cat\/salainfantil\/wp-content\/uploads\/sites\/2\/2019\/03\/activitats.jpg","articleSection":["Activitats","Fes una ullada"],"inLanguage":"ca","potentialAction":[{"@type":"CommentAction","name":"Comment","target":["https:\/\/biblioteca.blanes.cat\/salainfantil\/taller-el-tio-de-nadal\/#respond"]}]},{"@type":"WebPage","@id":"https:\/\/biblioteca.blanes.cat\/salainfantil\/taller-el-tio-de-nadal\/","url":"https:\/\/biblioteca.blanes.cat\/salainfantil\/taller-el-tio-de-nadal\/","name":"TALLER: EL TI\u00d3 DE NADAL - SALA INFANTIL","isPartOf":{"@id":"https:\/\/biblioteca.blanes.cat\/salainfantil\/#website"},"primaryImageOfPage":{"@id":"https:\/\/biblioteca.blanes.cat\/salainfantil\/taller-el-tio-de-nadal\/#primaryimage"},"image":{"@id":"https:\/\/biblioteca.blanes.cat\/salainfantil\/taller-el-tio-de-nadal\/#primaryimage"},"thumbnailUrl":"https:\/\/biblioteca.blanes.cat\/salainfantil\/wp-content\/uploads\/sites\/2\/2019\/03\/activitats.jpg","datePublished":"2020-12-18T09:03:02+00:00","dateModified":"2020-12-18T09:03:04+00:00","author":{"@id":"https:\/\/biblioteca.blanes.cat\/salainfantil\/#\/schema\/person\/5a7b46760d9dd611d098bbf571a341dc"},"breadcrumb":{"@id":"https:\/\/biblioteca.blanes.cat\/salainfantil\/taller-el-tio-de-nadal\/#breadcrumb"},"inLanguage":"ca","potentialAction":[{"@type":"ReadAction","target":["https:\/\/biblioteca.blanes.cat\/salainfantil\/taller-el-tio-de-nadal\/"]}]},{"@type":"ImageObject","inLanguage":"ca","@id":"https:\/\/biblioteca.blanes.cat\/salainfantil\/taller-el-tio-de-nadal\/#primaryimage","url":"https:\/\/biblioteca.blanes.cat\/salainfantil\/wp-content\/uploads\/sites\/2\/2019\/03\/activitats.jpg","contentUrl":"https:\/\/biblioteca.blanes.cat\/salainfantil\/wp-content\/uploads\/sites\/2\/2019\/03\/activitats.jpg","width":432,"height":338},{"@type":"BreadcrumbList","@id":"https:\/\/biblioteca.blanes.cat\/salainfantil\/taller-el-tio-de-nadal\/#breadcrumb","itemListElement":[{"@type":"ListItem","position":1,"name":"Inici","item":"https:\/\/biblioteca.blanes.cat\/salainfantil\/"},{"@type":"ListItem","position":2,"name":"TALLER: EL TI\u00d3 DE NADAL"}]},{"@type":"WebSite","@id":"https:\/\/biblioteca.blanes.cat\/salainfantil\/#website","url":"https:\/\/biblioteca.blanes.cat\/salainfantil\/","name":"SALA INFANTIL","description":"Biblioteca Roberto Bola\u00f1o","potentialAction":[{"@type":"SearchAction","target":{"@type":"EntryPoint","urlTemplate":"https:\/\/biblioteca.blanes.cat\/salainfantil\/?s={search_term_string}"},"query-input":{"@type":"PropertyValueSpecification","valueRequired":true,"valueName":"search_term_string"}}],"inLanguage":"ca"},{"@type":"Person","@id":"https:\/\/biblioteca.blanes.cat\/salainfantil\/#\/schema\/person\/5a7b46760d9dd611d098bbf571a341dc","name":"biblioblanes","image":{"@type":"ImageObject","inLanguage":"ca","@id":"https:\/\/secure.gravatar.com\/avatar\/6593ca6cc90e5a70939f51c95e8315483b9c281bafba597292bee47992030f99?s=96&d=mm&r=g","url":"https:\/\/secure.gravatar.com\/avatar\/6593ca6cc90e5a70939f51c95e8315483b9c281bafba597292bee47992030f99?s=96&d=mm&r=g","contentUrl":"https:\/\/secure.gravatar.com\/avatar\/6593ca6cc90e5a70939f51c95e8315483b9c281bafba597292bee47992030f99?s=96&d=mm&r=g","caption":"biblioblanes"},"sameAs":["http:\/\/www.bibgirona.cat\/biblioteca\/blanes","https:\/\/x.com\/biblioblanes"],"url":"https:\/\/biblioteca.blanes.cat\/salainfantil\/author\/biblioblanes\/"}]}},"_links":{"self":[{"href":"https:\/\/biblioteca.blanes.cat\/salainfantil\/wp-json\/wp\/v2\/posts\/3954","targetHints":{"allow":["GET"]}}],"collection":[{"href":"https:\/\/biblioteca.blanes.cat\/salainfantil\/wp-json\/wp\/v2\/posts"}],"about":[{"href":"https:\/\/biblioteca.blanes.cat\/salainfantil\/wp-json\/wp\/v2\/types\/post"}],"author":[{"embeddable":true,"href":"https:\/\/biblioteca.blanes.cat\/salainfantil\/wp-json\/wp\/v2\/users\/4"}],"replies":[{"embeddable":true,"href":"https:\/\/biblioteca.blanes.cat\/salainfantil\/wp-json\/wp\/v2\/comments?post=3954"}],"version-history":[{"count":2,"href":"https:\/\/biblioteca.blanes.cat\/salainfantil\/wp-json\/wp\/v2\/posts\/3954\/revisions"}],"predecessor-version":[{"id":3957,"href":"https:\/\/biblioteca.blanes.cat\/salainfantil\/wp-json\/wp\/v2\/posts\/3954\/revisions\/3957"}],"wp:featuredmedia":[{"embeddable":true,"href":"https:\/\/biblioteca.blanes.cat\/salainfantil\/wp-json\/wp\/v2\/media\/1112"}],"wp:attachment":[{"href":"https:\/\/biblioteca.blanes.cat\/salainfantil\/wp-json\/wp\/v2\/media?parent=3954"}],"wp:term":[{"taxonomy":"category","embeddable":true,"href":"https:\/\/biblioteca.blanes.cat\/salainfantil\/wp-json\/wp\/v2\/categories?post=3954"},{"taxonomy":"post_tag","embeddable":true,"href":"https:\/\/biblioteca.blanes.cat\/salainfantil\/wp-json\/wp\/v2\/tags?post=3954"}],"curies":[{"name":"wp","href":"https:\/\/api.w.org\/{rel}","templated":true}]}}