{"id":1637,"date":"2019-07-01T09:45:53","date_gmt":"2019-07-01T08:45:53","guid":{"rendered":"https:\/\/biblioteca.blanes.cat\/salainfantil\/?p=1637"},"modified":"2019-07-17T18:24:01","modified_gmt":"2019-07-17T17:24:01","slug":"novetats-juliol-2019","status":"publish","type":"post","link":"https:\/\/biblioteca.blanes.cat\/salainfantil\/novetats-juliol-2019\/","title":{"rendered":"NOVETATS: juliol 2019"},"content":{"rendered":"<p><span style=\"font-family: Lato; font-size: 20px;\">Aqu\u00ed pots trobar totes les novetats infantils d&#8217;aquest \u00faltim mes. Fes una ullada i vine a buscar els que m\u00e9s t&#8217;agradin a la biblioteca.<\/span><\/p>\n<p><!--more--><\/p>\n<h3><\/h3>\n<p>&nbsp;<\/p>\n<h3 style=\"text-align: left;\"><span style=\"font-size: 60px; color: #ff6600;\"><span style=\"font-family: Barrio;\">Imaginaci\u00f3<\/span><\/span><\/h3>\n<p><span style=\"font-family: Lato; font-size: 24px; color: #8945cc;\">De 0 a 3 anys:<\/span><\/p>\n<div id='gallery-1' class='gallery galleryid-1637 gallery-columns-6 gallery-size-medium'><figure class='gallery-item'>\n\t\t\t<div class='gallery-icon portrait'>\n\t\t\t\t<a href='https:\/\/biblioteca.blanes.cat\/salainfantil\/wp-content\/uploads\/sites\/2\/2019\/06\/abra\u00e7ada-osset.jpg'><img fetchpriority=\"high\" decoding=\"async\" width=\"184\" height=\"274\" src=\"https:\/\/biblioteca.blanes.cat\/salainfantil\/wp-content\/uploads\/sites\/2\/2019\/06\/abra\u00e7ada-osset.jpg\" class=\"attachment-medium size-medium\" alt=\"\" aria-describedby=\"gallery-1-1639\" \/><\/a>\n\t\t\t<\/div>\n\t\t\t\t<figcaption class='wp-caption-text gallery-caption' id='gallery-1-1639'>\n\t\t\t\tI0 EXPERI\u00c8NCIES\n\t\t\t\t<\/figcaption><\/figure><figure class='gallery-item'>\n\t\t\t<div class='gallery-icon portrait'>\n\t\t\t\t<a href='https:\/\/biblioteca.blanes.cat\/salainfantil\/wp-content\/uploads\/sites\/2\/2019\/06\/deu-cucs-que-no-dormen.jpg'><img decoding=\"async\" width=\"198\" height=\"255\" src=\"https:\/\/biblioteca.blanes.cat\/salainfantil\/wp-content\/uploads\/sites\/2\/2019\/06\/deu-cucs-que-no-dormen.jpg\" class=\"attachment-medium size-medium\" alt=\"\" aria-describedby=\"gallery-1-1641\" \/><\/a>\n\t\t\t<\/div>\n\t\t\t\t<figcaption class='wp-caption-text gallery-caption' id='gallery-1-1641'>\n\t\t\t\tI0 PENSAR\n\t\t\t\t<\/figcaption><\/figure><figure class='gallery-item'>\n\t\t\t<div class='gallery-icon portrait'>\n\t\t\t\t<a href='https:\/\/biblioteca.blanes.cat\/salainfantil\/wp-content\/uploads\/sites\/2\/2019\/06\/dinosaures.jpg'><img decoding=\"async\" width=\"282\" height=\"300\" src=\"https:\/\/biblioteca.blanes.cat\/salainfantil\/wp-content\/uploads\/sites\/2\/2019\/06\/dinosaures-282x300.jpg\" class=\"attachment-medium size-medium\" alt=\"\" aria-describedby=\"gallery-1-1642\" srcset=\"https:\/\/biblioteca.blanes.cat\/salainfantil\/wp-content\/uploads\/sites\/2\/2019\/06\/dinosaures-282x300.jpg 282w, https:\/\/biblioteca.blanes.cat\/salainfantil\/wp-content\/uploads\/sites\/2\/2019\/06\/dinosaures.jpg 600w\" sizes=\"(max-width: 282px) 100vw, 282px\" \/><\/a>\n\t\t\t<\/div>\n\t\t\t\t<figcaption class='wp-caption-text gallery-caption' id='gallery-1-1642'>\n\t\t\t\tI0 ANIMALS\n\t\t\t\t<\/figcaption><\/figure><figure class='gallery-item'>\n\t\t\t<div class='gallery-icon landscape'>\n\t\t\t\t<a href='https:\/\/biblioteca.blanes.cat\/salainfantil\/wp-content\/uploads\/sites\/2\/2019\/06\/duerme-duerme-negrito.jpg'><img loading=\"lazy\" decoding=\"async\" width=\"229\" height=\"229\" src=\"https:\/\/biblioteca.blanes.cat\/salainfantil\/wp-content\/uploads\/sites\/2\/2019\/06\/duerme-duerme-negrito.jpg\" class=\"attachment-medium size-medium\" alt=\"\" aria-describedby=\"gallery-1-1643\" srcset=\"https:\/\/biblioteca.blanes.cat\/salainfantil\/wp-content\/uploads\/sites\/2\/2019\/06\/duerme-duerme-negrito.jpg 229w, https:\/\/biblioteca.blanes.cat\/salainfantil\/wp-content\/uploads\/sites\/2\/2019\/06\/duerme-duerme-negrito-150x150.jpg 150w\" sizes=\"(max-width: 229px) 100vw, 229px\" \/><\/a>\n\t\t\t<\/div>\n\t\t\t\t<figcaption class='wp-caption-text gallery-caption' id='gallery-1-1643'>\n\t\t\t\tI0 CONTES\n\t\t\t\t<\/figcaption><\/figure><figure class='gallery-item'>\n\t\t\t<div class='gallery-icon portrait'>\n\t\t\t\t<a href='https:\/\/biblioteca.blanes.cat\/salainfantil\/wp-content\/uploads\/sites\/2\/2019\/06\/la-ballena-se-bana.png'><img loading=\"lazy\" decoding=\"async\" width=\"285\" height=\"300\" src=\"https:\/\/biblioteca.blanes.cat\/salainfantil\/wp-content\/uploads\/sites\/2\/2019\/06\/la-ballena-se-bana-285x300.png\" class=\"attachment-medium size-medium\" alt=\"\" aria-describedby=\"gallery-1-1644\" srcset=\"https:\/\/biblioteca.blanes.cat\/salainfantil\/wp-content\/uploads\/sites\/2\/2019\/06\/la-ballena-se-bana-285x300.png 285w, https:\/\/biblioteca.blanes.cat\/salainfantil\/wp-content\/uploads\/sites\/2\/2019\/06\/la-ballena-se-bana-768x807.png 768w, https:\/\/biblioteca.blanes.cat\/salainfantil\/wp-content\/uploads\/sites\/2\/2019\/06\/la-ballena-se-bana.png 856w\" sizes=\"(max-width: 285px) 100vw, 285px\" \/><\/a>\n\t\t\t<\/div>\n\t\t\t\t<figcaption class='wp-caption-text gallery-caption' id='gallery-1-1644'>\n\t\t\t\tI0 EXPERI\u00c8NCIES\n\t\t\t\t<\/figcaption><\/figure><figure class='gallery-item'>\n\t\t\t<div class='gallery-icon portrait'>\n\t\t\t\t<a href='https:\/\/biblioteca.blanes.cat\/salainfantil\/wp-content\/uploads\/sites\/2\/2019\/06\/pingui.jpg'><img loading=\"lazy\" decoding=\"async\" width=\"232\" height=\"300\" src=\"https:\/\/biblioteca.blanes.cat\/salainfantil\/wp-content\/uploads\/sites\/2\/2019\/06\/pingui-232x300.jpg\" class=\"attachment-medium size-medium\" alt=\"\" aria-describedby=\"gallery-1-1645\" srcset=\"https:\/\/biblioteca.blanes.cat\/salainfantil\/wp-content\/uploads\/sites\/2\/2019\/06\/pingui-232x300.jpg 232w, https:\/\/biblioteca.blanes.cat\/salainfantil\/wp-content\/uploads\/sites\/2\/2019\/06\/pingui.jpg 386w\" sizes=\"(max-width: 232px) 100vw, 232px\" \/><\/a>\n\t\t\t<\/div>\n\t\t\t\t<figcaption class='wp-caption-text gallery-caption' id='gallery-1-1645'>\n\t\t\t\tI0 EXPERI\u00c8NCIES\n\t\t\t\t<\/figcaption><\/figure>\n\t\t<\/div>\n\n<p><span style=\"font-size: 24px; font-family: Lato; color: #2251e0;\">De 4 a 6 anys:<\/span><\/p>\n<div id='gallery-2' class='gallery galleryid-1637 gallery-columns-6 gallery-size-medium'><figure class='gallery-item'>\n\t\t\t<div class='gallery-icon portrait'>\n\t\t\t\t<a href='https:\/\/biblioteca.blanes.cat\/salainfantil\/wp-content\/uploads\/sites\/2\/2019\/06\/ABC-Babar.jpg'><img loading=\"lazy\" decoding=\"async\" width=\"213\" height=\"300\" src=\"https:\/\/biblioteca.blanes.cat\/salainfantil\/wp-content\/uploads\/sites\/2\/2019\/06\/ABC-Babar-213x300.jpg\" class=\"attachment-medium size-medium\" alt=\"\" aria-describedby=\"gallery-2-1646\" srcset=\"https:\/\/biblioteca.blanes.cat\/salainfantil\/wp-content\/uploads\/sites\/2\/2019\/06\/ABC-Babar-213x300.jpg 213w, https:\/\/biblioteca.blanes.cat\/salainfantil\/wp-content\/uploads\/sites\/2\/2019\/06\/ABC-Babar.jpg 229w\" sizes=\"(max-width: 213px) 100vw, 213px\" \/><\/a>\n\t\t\t<\/div>\n\t\t\t\t<figcaption class='wp-caption-text gallery-caption' id='gallery-2-1646'>\n\t\t\t\tI1 0 BRU\n\t\t\t\t<\/figcaption><\/figure><figure class='gallery-item'>\n\t\t\t<div class='gallery-icon portrait'>\n\t\t\t\t<a href='https:\/\/biblioteca.blanes.cat\/salainfantil\/wp-content\/uploads\/sites\/2\/2019\/06\/al-regne-del-banquet.jpg'><img loading=\"lazy\" decoding=\"async\" width=\"212\" height=\"300\" src=\"https:\/\/biblioteca.blanes.cat\/salainfantil\/wp-content\/uploads\/sites\/2\/2019\/06\/al-regne-del-banquet-212x300.jpg\" class=\"attachment-medium size-medium\" alt=\"\" aria-describedby=\"gallery-2-1647\" srcset=\"https:\/\/biblioteca.blanes.cat\/salainfantil\/wp-content\/uploads\/sites\/2\/2019\/06\/al-regne-del-banquet-212x300.jpg 212w, https:\/\/biblioteca.blanes.cat\/salainfantil\/wp-content\/uploads\/sites\/2\/2019\/06\/al-regne-del-banquet.jpg 229w\" sizes=\"(max-width: 212px) 100vw, 212px\" \/><\/a>\n\t\t\t<\/div>\n\t\t\t\t<figcaption class='wp-caption-text gallery-caption' id='gallery-2-1647'>\n\t\t\t\tI1 MUL IM\n\t\t\t\t<\/figcaption><\/figure><figure class='gallery-item'>\n\t\t\t<div class='gallery-icon portrait'>\n\t\t\t\t<a href='https:\/\/biblioteca.blanes.cat\/salainfantil\/wp-content\/uploads\/sites\/2\/2019\/06\/el-bany-den-Benet.jpg'><img loading=\"lazy\" decoding=\"async\" width=\"213\" height=\"300\" src=\"https:\/\/biblioteca.blanes.cat\/salainfantil\/wp-content\/uploads\/sites\/2\/2019\/06\/el-bany-den-Benet-213x300.jpg\" class=\"attachment-medium size-medium\" alt=\"\" aria-describedby=\"gallery-2-1648\" srcset=\"https:\/\/biblioteca.blanes.cat\/salainfantil\/wp-content\/uploads\/sites\/2\/2019\/06\/el-bany-den-Benet-213x300.jpg 213w, https:\/\/biblioteca.blanes.cat\/salainfantil\/wp-content\/uploads\/sites\/2\/2019\/06\/el-bany-den-Benet.jpg 460w\" sizes=\"(max-width: 213px) 100vw, 213px\" \/><\/a>\n\t\t\t<\/div>\n\t\t\t\t<figcaption class='wp-caption-text gallery-caption' id='gallery-2-1648'>\n\t\t\t\tI1 0 BEZ\n\t\t\t\t<\/figcaption><\/figure><figure class='gallery-item'>\n\t\t\t<div class='gallery-icon portrait'>\n\t\t\t\t<a href='https:\/\/biblioteca.blanes.cat\/salainfantil\/wp-content\/uploads\/sites\/2\/2019\/06\/els-calcotets-del-llop.jpg'><img loading=\"lazy\" decoding=\"async\" width=\"227\" height=\"300\" src=\"https:\/\/biblioteca.blanes.cat\/salainfantil\/wp-content\/uploads\/sites\/2\/2019\/06\/els-calcotets-del-llop-227x300.jpg\" class=\"attachment-medium size-medium\" alt=\"\" aria-describedby=\"gallery-2-1649\" srcset=\"https:\/\/biblioteca.blanes.cat\/salainfantil\/wp-content\/uploads\/sites\/2\/2019\/06\/els-calcotets-del-llop-227x300.jpg 227w, https:\/\/biblioteca.blanes.cat\/salainfantil\/wp-content\/uploads\/sites\/2\/2019\/06\/els-calcotets-del-llop.jpg 229w\" sizes=\"(max-width: 227px) 100vw, 227px\" \/><\/a>\n\t\t\t<\/div>\n\t\t\t\t<figcaption class='wp-caption-text gallery-caption' id='gallery-2-1649'>\n\t\t\t\tI1 0 LUP\n\t\t\t\t<\/figcaption><\/figure><figure class='gallery-item'>\n\t\t\t<div class='gallery-icon portrait'>\n\t\t\t\t<a href='https:\/\/biblioteca.blanes.cat\/salainfantil\/wp-content\/uploads\/sites\/2\/2019\/06\/els-cinc-mixets.jpg'><img loading=\"lazy\" decoding=\"async\" width=\"263\" height=\"300\" src=\"https:\/\/biblioteca.blanes.cat\/salainfantil\/wp-content\/uploads\/sites\/2\/2019\/06\/els-cinc-mixets-263x300.jpg\" class=\"attachment-medium size-medium\" alt=\"\" aria-describedby=\"gallery-2-1650\" srcset=\"https:\/\/biblioteca.blanes.cat\/salainfantil\/wp-content\/uploads\/sites\/2\/2019\/06\/els-cinc-mixets-263x300.jpg 263w, https:\/\/biblioteca.blanes.cat\/salainfantil\/wp-content\/uploads\/sites\/2\/2019\/06\/els-cinc-mixets.jpg 438w\" sizes=\"(max-width: 263px) 100vw, 263px\" \/><\/a>\n\t\t\t<\/div>\n\t\t\t\t<figcaption class='wp-caption-text gallery-caption' id='gallery-2-1650'>\n\t\t\t\tI1 DEM L\n\t\t\t\t<\/figcaption><\/figure><figure class='gallery-item'>\n\t\t\t<div class='gallery-icon landscape'>\n\t\t\t\t<a href='https:\/\/biblioteca.blanes.cat\/salainfantil\/wp-content\/uploads\/sites\/2\/2019\/06\/els-dos-llops.gif'><img loading=\"lazy\" decoding=\"async\" width=\"300\" height=\"264\" src=\"https:\/\/biblioteca.blanes.cat\/salainfantil\/wp-content\/uploads\/sites\/2\/2019\/06\/els-dos-llops-300x264.gif\" class=\"attachment-medium size-medium\" alt=\"\" aria-describedby=\"gallery-2-1651\" \/><\/a>\n\t\t\t<\/div>\n\t\t\t\t<figcaption class='wp-caption-text gallery-caption' id='gallery-2-1651'>\n\t\t\t\tI1 AKI IM\n\t\t\t\t<\/figcaption><\/figure><figure class='gallery-item'>\n\t\t\t<div class='gallery-icon portrait'>\n\t\t\t\t<a href='https:\/\/biblioteca.blanes.cat\/salainfantil\/wp-content\/uploads\/sites\/2\/2019\/06\/els-veins.jpg'><img loading=\"lazy\" decoding=\"async\" width=\"197\" height=\"256\" src=\"https:\/\/biblioteca.blanes.cat\/salainfantil\/wp-content\/uploads\/sites\/2\/2019\/06\/els-veins.jpg\" class=\"attachment-medium size-medium\" alt=\"\" aria-describedby=\"gallery-2-1652\" \/><\/a>\n\t\t\t<\/div>\n\t\t\t\t<figcaption class='wp-caption-text gallery-caption' id='gallery-2-1652'>\n\t\t\t\tI1 0 TSA\n\t\t\t\t<\/figcaption><\/figure><figure class='gallery-item'>\n\t\t\t<div class='gallery-icon landscape'>\n\t\t\t\t<a href='https:\/\/biblioteca.blanes.cat\/salainfantil\/wp-content\/uploads\/sites\/2\/2019\/06\/es-una-bona-idea.jpg'><img loading=\"lazy\" decoding=\"async\" width=\"229\" height=\"229\" src=\"https:\/\/biblioteca.blanes.cat\/salainfantil\/wp-content\/uploads\/sites\/2\/2019\/06\/es-una-bona-idea.jpg\" class=\"attachment-medium size-medium\" alt=\"\" aria-describedby=\"gallery-2-1653\" srcset=\"https:\/\/biblioteca.blanes.cat\/salainfantil\/wp-content\/uploads\/sites\/2\/2019\/06\/es-una-bona-idea.jpg 229w, https:\/\/biblioteca.blanes.cat\/salainfantil\/wp-content\/uploads\/sites\/2\/2019\/06\/es-una-bona-idea-150x150.jpg 150w\" sizes=\"(max-width: 229px) 100vw, 229px\" \/><\/a>\n\t\t\t<\/div>\n\t\t\t\t<figcaption class='wp-caption-text gallery-caption' id='gallery-2-1653'>\n\t\t\t\tI1 0 SAU\n\t\t\t\t<\/figcaption><\/figure><figure class='gallery-item'>\n\t\t\t<div class='gallery-icon portrait'>\n\t\t\t\t<a href='https:\/\/biblioteca.blanes.cat\/salainfantil\/wp-content\/uploads\/sites\/2\/2019\/06\/la-fruita-es-meva.jpg'><img loading=\"lazy\" decoding=\"async\" width=\"220\" height=\"300\" src=\"https:\/\/biblioteca.blanes.cat\/salainfantil\/wp-content\/uploads\/sites\/2\/2019\/06\/la-fruita-es-meva-220x300.jpg\" class=\"attachment-medium size-medium\" alt=\"\" aria-describedby=\"gallery-2-1654\" srcset=\"https:\/\/biblioteca.blanes.cat\/salainfantil\/wp-content\/uploads\/sites\/2\/2019\/06\/la-fruita-es-meva-220x300.jpg 220w, https:\/\/biblioteca.blanes.cat\/salainfantil\/wp-content\/uploads\/sites\/2\/2019\/06\/la-fruita-es-meva.jpg 229w\" sizes=\"(max-width: 220px) 100vw, 220px\" \/><\/a>\n\t\t\t<\/div>\n\t\t\t\t<figcaption class='wp-caption-text gallery-caption' id='gallery-2-1654'>\n\t\t\t\tI1 0 ALL\n\t\t\t\t<\/figcaption><\/figure><figure class='gallery-item'>\n\t\t\t<div class='gallery-icon portrait'>\n\t\t\t\t<a href='https:\/\/biblioteca.blanes.cat\/salainfantil\/wp-content\/uploads\/sites\/2\/2019\/06\/la-incre\u00edble-conquista-del-mont-blanc.jpg'><img loading=\"lazy\" decoding=\"async\" width=\"215\" height=\"300\" src=\"https:\/\/biblioteca.blanes.cat\/salainfantil\/wp-content\/uploads\/sites\/2\/2019\/06\/la-incre\u00edble-conquista-del-mont-blanc-215x300.jpg\" class=\"attachment-medium size-medium\" alt=\"\" aria-describedby=\"gallery-2-1655\" srcset=\"https:\/\/biblioteca.blanes.cat\/salainfantil\/wp-content\/uploads\/sites\/2\/2019\/06\/la-incre\u00edble-conquista-del-mont-blanc-215x300.jpg 215w, https:\/\/biblioteca.blanes.cat\/salainfantil\/wp-content\/uploads\/sites\/2\/2019\/06\/la-incre\u00edble-conquista-del-mont-blanc.jpg 229w\" sizes=\"(max-width: 215px) 100vw, 215px\" \/><\/a>\n\t\t\t<\/div>\n\t\t\t\t<figcaption class='wp-caption-text gallery-caption' id='gallery-2-1655'>\n\t\t\t\tI1 SIR IM\n\t\t\t\t<\/figcaption><\/figure><figure class='gallery-item'>\n\t\t\t<div class='gallery-icon landscape'>\n\t\t\t\t<a href='https:\/\/biblioteca.blanes.cat\/salainfantil\/wp-content\/uploads\/sites\/2\/2019\/06\/nomes-faltava-aixo.jpg'><img loading=\"lazy\" decoding=\"async\" width=\"300\" height=\"300\" src=\"https:\/\/biblioteca.blanes.cat\/salainfantil\/wp-content\/uploads\/sites\/2\/2019\/06\/nomes-faltava-aixo-300x300.jpg\" class=\"attachment-medium size-medium\" alt=\"\" aria-describedby=\"gallery-2-1656\" srcset=\"https:\/\/biblioteca.blanes.cat\/salainfantil\/wp-content\/uploads\/sites\/2\/2019\/06\/nomes-faltava-aixo-300x300.jpg 300w, https:\/\/biblioteca.blanes.cat\/salainfantil\/wp-content\/uploads\/sites\/2\/2019\/06\/nomes-faltava-aixo-150x150.jpg 150w, https:\/\/biblioteca.blanes.cat\/salainfantil\/wp-content\/uploads\/sites\/2\/2019\/06\/nomes-faltava-aixo-768x768.jpg 768w, https:\/\/biblioteca.blanes.cat\/salainfantil\/wp-content\/uploads\/sites\/2\/2019\/06\/nomes-faltava-aixo-1024x1024.jpg 1024w, https:\/\/biblioteca.blanes.cat\/salainfantil\/wp-content\/uploads\/sites\/2\/2019\/06\/nomes-faltava-aixo-270x270.jpg 270w, https:\/\/biblioteca.blanes.cat\/salainfantil\/wp-content\/uploads\/sites\/2\/2019\/06\/nomes-faltava-aixo-230x230.jpg 230w, https:\/\/biblioteca.blanes.cat\/salainfantil\/wp-content\/uploads\/sites\/2\/2019\/06\/nomes-faltava-aixo.jpg 1241w\" sizes=\"(max-width: 300px) 100vw, 300px\" \/><\/a>\n\t\t\t<\/div>\n\t\t\t\t<figcaption class='wp-caption-text gallery-caption' id='gallery-2-1656'>\n\t\t\t\tI1 0 PAV\n\t\t\t\t<\/figcaption><\/figure><figure class='gallery-item'>\n\t\t\t<div class='gallery-icon landscape'>\n\t\t\t\t<a href='https:\/\/biblioteca.blanes.cat\/salainfantil\/wp-content\/uploads\/sites\/2\/2019\/06\/quina-pinta.jpg'><img loading=\"lazy\" decoding=\"async\" width=\"225\" height=\"224\" src=\"https:\/\/biblioteca.blanes.cat\/salainfantil\/wp-content\/uploads\/sites\/2\/2019\/06\/quina-pinta.jpg\" class=\"attachment-medium size-medium\" alt=\"\" aria-describedby=\"gallery-2-1657\" srcset=\"https:\/\/biblioteca.blanes.cat\/salainfantil\/wp-content\/uploads\/sites\/2\/2019\/06\/quina-pinta.jpg 225w, https:\/\/biblioteca.blanes.cat\/salainfantil\/wp-content\/uploads\/sites\/2\/2019\/06\/quina-pinta-150x150.jpg 150w\" sizes=\"(max-width: 225px) 100vw, 225px\" \/><\/a>\n\t\t\t<\/div>\n\t\t\t\t<figcaption class='wp-caption-text gallery-caption' id='gallery-2-1657'>\n\t\t\t\tI1 MOU IM\n\t\t\t\t<\/figcaption><\/figure><figure class='gallery-item'>\n\t\t\t<div class='gallery-icon portrait'>\n\t\t\t\t<a href='https:\/\/biblioteca.blanes.cat\/salainfantil\/wp-content\/uploads\/sites\/2\/2019\/06\/sol.jpg'><img loading=\"lazy\" decoding=\"async\" width=\"203\" height=\"300\" src=\"https:\/\/biblioteca.blanes.cat\/salainfantil\/wp-content\/uploads\/sites\/2\/2019\/06\/sol-203x300.jpg\" class=\"attachment-medium size-medium\" alt=\"\" aria-describedby=\"gallery-2-1658\" srcset=\"https:\/\/biblioteca.blanes.cat\/salainfantil\/wp-content\/uploads\/sites\/2\/2019\/06\/sol-203x300.jpg 203w, https:\/\/biblioteca.blanes.cat\/salainfantil\/wp-content\/uploads\/sites\/2\/2019\/06\/sol.jpg 229w\" sizes=\"(max-width: 203px) 100vw, 203px\" \/><\/a>\n\t\t\t<\/div>\n\t\t\t\t<figcaption class='wp-caption-text gallery-caption' id='gallery-2-1658'>\n\t\t\t\tI1 0 USH\n\t\t\t\t<\/figcaption><\/figure><figure class='gallery-item'>\n\t\t\t<div class='gallery-icon portrait'>\n\t\t\t\t<a href='https:\/\/biblioteca.blanes.cat\/salainfantil\/wp-content\/uploads\/sites\/2\/2019\/06\/sortir-a-caminar.jpg'><img loading=\"lazy\" decoding=\"async\" width=\"229\" height=\"289\" src=\"https:\/\/biblioteca.blanes.cat\/salainfantil\/wp-content\/uploads\/sites\/2\/2019\/06\/sortir-a-caminar.jpg\" class=\"attachment-medium size-medium\" alt=\"\" aria-describedby=\"gallery-2-1659\" \/><\/a>\n\t\t\t<\/div>\n\t\t\t\t<figcaption class='wp-caption-text gallery-caption' id='gallery-2-1659'>\n\t\t\t\tI1 0 MAC\n\t\t\t\t<\/figcaption><\/figure><figure class='gallery-item'>\n\t\t\t<div class='gallery-icon portrait'>\n\t\t\t\t<a href='https:\/\/biblioteca.blanes.cat\/salainfantil\/wp-content\/uploads\/sites\/2\/2019\/06\/una-casa-per-a-en-Tom.jpg'><img loading=\"lazy\" decoding=\"async\" width=\"212\" height=\"300\" src=\"https:\/\/biblioteca.blanes.cat\/salainfantil\/wp-content\/uploads\/sites\/2\/2019\/06\/una-casa-per-a-en-Tom-212x300.jpg\" class=\"attachment-medium size-medium\" alt=\"\" aria-describedby=\"gallery-2-1660\" srcset=\"https:\/\/biblioteca.blanes.cat\/salainfantil\/wp-content\/uploads\/sites\/2\/2019\/06\/una-casa-per-a-en-Tom-212x300.jpg 212w, https:\/\/biblioteca.blanes.cat\/salainfantil\/wp-content\/uploads\/sites\/2\/2019\/06\/una-casa-per-a-en-Tom-768x1086.jpg 768w, https:\/\/biblioteca.blanes.cat\/salainfantil\/wp-content\/uploads\/sites\/2\/2019\/06\/una-casa-per-a-en-Tom-724x1024.jpg 724w, https:\/\/biblioteca.blanes.cat\/salainfantil\/wp-content\/uploads\/sites\/2\/2019\/06\/una-casa-per-a-en-Tom.jpg 835w\" sizes=\"(max-width: 212px) 100vw, 212px\" \/><\/a>\n\t\t\t<\/div>\n\t\t\t\t<figcaption class='wp-caption-text gallery-caption' id='gallery-2-1660'>\n\t\t\t\tI1 0 TIM\n\t\t\t\t<\/figcaption><\/figure>\n\t\t<\/div>\n\n<p><span style=\"font-family: Lato; font-size: 24px; color: #ff0000;\">De 7 a 8 anys:<\/span><\/p>\n<div id='gallery-3' class='gallery galleryid-1637 gallery-columns-6 gallery-size-medium'><figure class='gallery-item'>\n\t\t\t<div class='gallery-icon portrait'>\n\t\t\t\t<a href='https:\/\/biblioteca.blanes.cat\/salainfantil\/wp-content\/uploads\/sites\/2\/2019\/06\/aventura-de-heroic-cavaller.jpg'><img loading=\"lazy\" decoding=\"async\" width=\"229\" height=\"262\" src=\"https:\/\/biblioteca.blanes.cat\/salainfantil\/wp-content\/uploads\/sites\/2\/2019\/06\/aventura-de-heroic-cavaller.jpg\" class=\"attachment-medium size-medium\" alt=\"\" aria-describedby=\"gallery-3-1661\" \/><\/a>\n\t\t\t<\/div>\n\t\t\t\t<figcaption class='wp-caption-text gallery-caption' id='gallery-3-1661'>\n\t\t\t\tI2 0 BAL\n\t\t\t\t<\/figcaption><\/figure><figure class='gallery-item'>\n\t\t\t<div class='gallery-icon portrait'>\n\t\t\t\t<a href='https:\/\/biblioteca.blanes.cat\/salainfantil\/wp-content\/uploads\/sites\/2\/2019\/06\/cosa-de-nens.jpg'><img loading=\"lazy\" decoding=\"async\" width=\"211\" height=\"300\" src=\"https:\/\/biblioteca.blanes.cat\/salainfantil\/wp-content\/uploads\/sites\/2\/2019\/06\/cosa-de-nens-211x300.jpg\" class=\"attachment-medium size-medium\" alt=\"\" aria-describedby=\"gallery-3-1662\" srcset=\"https:\/\/biblioteca.blanes.cat\/salainfantil\/wp-content\/uploads\/sites\/2\/2019\/06\/cosa-de-nens-211x300.jpg 211w, https:\/\/biblioteca.blanes.cat\/salainfantil\/wp-content\/uploads\/sites\/2\/2019\/06\/cosa-de-nens.jpg 300w\" sizes=\"(max-width: 211px) 100vw, 211px\" \/><\/a>\n\t\t\t<\/div>\n\t\t\t\t<figcaption class='wp-caption-text gallery-caption' id='gallery-3-1662'>\n\t\t\t\tI2 0 BIC\n\t\t\t\t<\/figcaption><\/figure><figure class='gallery-item'>\n\t\t\t<div class='gallery-icon portrait'>\n\t\t\t\t<a href='https:\/\/biblioteca.blanes.cat\/salainfantil\/wp-content\/uploads\/sites\/2\/2019\/06\/el-detectiu-culet-recerca-diamant-de-colors.jpg'><img loading=\"lazy\" decoding=\"async\" width=\"229\" height=\"298\" src=\"https:\/\/biblioteca.blanes.cat\/salainfantil\/wp-content\/uploads\/sites\/2\/2019\/06\/el-detectiu-culet-recerca-diamant-de-colors.jpg\" class=\"attachment-medium size-medium\" alt=\"\" aria-describedby=\"gallery-3-1663\" \/><\/a>\n\t\t\t<\/div>\n\t\t\t\t<figcaption class='wp-caption-text gallery-caption' id='gallery-3-1663'>\n\t\t\t\tI2 DET\n\t\t\t\t<\/figcaption><\/figure><figure class='gallery-item'>\n\t\t\t<div class='gallery-icon portrait'>\n\t\t\t\t<a href='https:\/\/biblioteca.blanes.cat\/salainfantil\/wp-content\/uploads\/sites\/2\/2019\/06\/extraordinaria-historia-de-la-gallina-manuela.jpg'><img loading=\"lazy\" decoding=\"async\" width=\"221\" height=\"300\" src=\"https:\/\/biblioteca.blanes.cat\/salainfantil\/wp-content\/uploads\/sites\/2\/2019\/06\/extraordinaria-historia-de-la-gallina-manuela-221x300.jpg\" class=\"attachment-medium size-medium\" alt=\"\" aria-describedby=\"gallery-3-1664\" srcset=\"https:\/\/biblioteca.blanes.cat\/salainfantil\/wp-content\/uploads\/sites\/2\/2019\/06\/extraordinaria-historia-de-la-gallina-manuela-221x300.jpg 221w, https:\/\/biblioteca.blanes.cat\/salainfantil\/wp-content\/uploads\/sites\/2\/2019\/06\/extraordinaria-historia-de-la-gallina-manuela-768x1042.jpg 768w, https:\/\/biblioteca.blanes.cat\/salainfantil\/wp-content\/uploads\/sites\/2\/2019\/06\/extraordinaria-historia-de-la-gallina-manuela-755x1024.jpg 755w, https:\/\/biblioteca.blanes.cat\/salainfantil\/wp-content\/uploads\/sites\/2\/2019\/06\/extraordinaria-historia-de-la-gallina-manuela.jpg 1032w\" sizes=\"(max-width: 221px) 100vw, 221px\" \/><\/a>\n\t\t\t<\/div>\n\t\t\t\t<figcaption class='wp-caption-text gallery-caption' id='gallery-3-1664'>\n\t\t\t\tI2 0 BOU\n\t\t\t\t<\/figcaption><\/figure><figure class='gallery-item'>\n\t\t\t<div class='gallery-icon portrait'>\n\t\t\t\t<a href='https:\/\/biblioteca.blanes.cat\/salainfantil\/wp-content\/uploads\/sites\/2\/2019\/06\/no-hi-vull-anar.jpg'><img loading=\"lazy\" decoding=\"async\" width=\"197\" height=\"256\" src=\"https:\/\/biblioteca.blanes.cat\/salainfantil\/wp-content\/uploads\/sites\/2\/2019\/06\/no-hi-vull-anar.jpg\" class=\"attachment-medium size-medium\" alt=\"\" aria-describedby=\"gallery-3-1666\" \/><\/a>\n\t\t\t<\/div>\n\t\t\t\t<figcaption class='wp-caption-text gallery-caption' id='gallery-3-1666'>\n\t\t\t\tI2 END\n\t\t\t\t<\/figcaption><\/figure><figure class='gallery-item'>\n\t\t\t<div class='gallery-icon portrait'>\n\t\t\t\t<a href='https:\/\/biblioteca.blanes.cat\/salainfantil\/wp-content\/uploads\/sites\/2\/2019\/06\/valentina-y-la-dragona.jpg'><img loading=\"lazy\" decoding=\"async\" width=\"203\" height=\"248\" src=\"https:\/\/biblioteca.blanes.cat\/salainfantil\/wp-content\/uploads\/sites\/2\/2019\/06\/valentina-y-la-dragona.jpg\" class=\"attachment-medium size-medium\" alt=\"\" aria-describedby=\"gallery-3-1668\" \/><\/a>\n\t\t\t<\/div>\n\t\t\t\t<figcaption class='wp-caption-text gallery-caption' id='gallery-3-1668'>\n\t\t\t\tI2 0 SER\n\t\t\t\t<\/figcaption><\/figure>\n\t\t<\/div>\n\n<p><span style=\"color: #339966; font-size: 24px;\">De 9 a 11 anys:<\/span><\/p>\n<div id='gallery-4' class='gallery galleryid-1637 gallery-columns-6 gallery-size-medium'><figure class='gallery-item'>\n\t\t\t<div class='gallery-icon portrait'>\n\t\t\t\t<a href='https:\/\/biblioteca.blanes.cat\/salainfantil\/wp-content\/uploads\/sites\/2\/2019\/06\/Bruja-por-una-semana.jpg'><img loading=\"lazy\" decoding=\"async\" width=\"196\" height=\"300\" src=\"https:\/\/biblioteca.blanes.cat\/salainfantil\/wp-content\/uploads\/sites\/2\/2019\/06\/Bruja-por-una-semana-196x300.jpg\" class=\"attachment-medium size-medium\" alt=\"\" aria-describedby=\"gallery-4-1669\" srcset=\"https:\/\/biblioteca.blanes.cat\/salainfantil\/wp-content\/uploads\/sites\/2\/2019\/06\/Bruja-por-una-semana-196x300.jpg 196w, https:\/\/biblioteca.blanes.cat\/salainfantil\/wp-content\/uploads\/sites\/2\/2019\/06\/Bruja-por-una-semana-768x1173.jpg 768w, https:\/\/biblioteca.blanes.cat\/salainfantil\/wp-content\/uploads\/sites\/2\/2019\/06\/Bruja-por-una-semana-671x1024.jpg 671w, https:\/\/biblioteca.blanes.cat\/salainfantil\/wp-content\/uploads\/sites\/2\/2019\/06\/Bruja-por-una-semana.jpg 1000w\" sizes=\"(max-width: 196px) 100vw, 196px\" \/><\/a>\n\t\t\t<\/div>\n\t\t\t\t<figcaption class='wp-caption-text gallery-caption' id='gallery-4-1669'>\n\t\t\t\tI3 MAG\n\t\t\t\t<\/figcaption><\/figure><figure class='gallery-item'>\n\t\t\t<div class='gallery-icon portrait'>\n\t\t\t\t<a href='https:\/\/biblioteca.blanes.cat\/salainfantil\/wp-content\/uploads\/sites\/2\/2019\/06\/el-monstre-de-la-muntanya-negra.jpg'><img loading=\"lazy\" decoding=\"async\" width=\"199\" height=\"254\" src=\"https:\/\/biblioteca.blanes.cat\/salainfantil\/wp-content\/uploads\/sites\/2\/2019\/06\/el-monstre-de-la-muntanya-negra.jpg\" class=\"attachment-medium size-medium\" alt=\"\" aria-describedby=\"gallery-4-1670\" \/><\/a>\n\t\t\t<\/div>\n\t\t\t\t<figcaption class='wp-caption-text gallery-caption' id='gallery-4-1670'>\n\t\t\t\tI3 AVE\n\t\t\t\t<\/figcaption><\/figure><figure class='gallery-item'>\n\t\t\t<div class='gallery-icon portrait'>\n\t\t\t\t<a href='https:\/\/biblioteca.blanes.cat\/salainfantil\/wp-content\/uploads\/sites\/2\/2019\/06\/galetes-rock-i-molts-dibus-genials.jpg'><img loading=\"lazy\" decoding=\"async\" width=\"199\" height=\"254\" src=\"https:\/\/biblioteca.blanes.cat\/salainfantil\/wp-content\/uploads\/sites\/2\/2019\/06\/galetes-rock-i-molts-dibus-genials.jpg\" class=\"attachment-medium size-medium\" alt=\"\" aria-describedby=\"gallery-4-1671\" \/><\/a>\n\t\t\t<\/div>\n\t\t\t\t<figcaption class='wp-caption-text gallery-caption' id='gallery-4-1671'>\n\t\t\t\tI3 TOM\n\t\t\t\t<\/figcaption><\/figure><figure class='gallery-item'>\n\t\t\t<div class='gallery-icon portrait'>\n\t\t\t\t<a href='https:\/\/biblioteca.blanes.cat\/salainfantil\/wp-content\/uploads\/sites\/2\/2019\/06\/los-reales-conejos-de-londres.jpg'><img loading=\"lazy\" decoding=\"async\" width=\"191\" height=\"263\" src=\"https:\/\/biblioteca.blanes.cat\/salainfantil\/wp-content\/uploads\/sites\/2\/2019\/06\/los-reales-conejos-de-londres.jpg\" class=\"attachment-medium size-medium\" alt=\"\" aria-describedby=\"gallery-4-1672\" \/><\/a>\n\t\t\t<\/div>\n\t\t\t\t<figcaption class='wp-caption-text gallery-caption' id='gallery-4-1672'>\n\t\t\t\tI3 REA\n\t\t\t\t<\/figcaption><\/figure><figure class='gallery-item'>\n\t\t\t<div class='gallery-icon portrait'>\n\t\t\t\t<a href='https:\/\/biblioteca.blanes.cat\/salainfantil\/wp-content\/uploads\/sites\/2\/2019\/06\/un-deseo-para-una-bruja.jpg'><img loading=\"lazy\" decoding=\"async\" width=\"196\" height=\"300\" src=\"https:\/\/biblioteca.blanes.cat\/salainfantil\/wp-content\/uploads\/sites\/2\/2019\/06\/un-deseo-para-una-bruja-196x300.jpg\" class=\"attachment-medium size-medium\" alt=\"\" aria-describedby=\"gallery-4-1673\" srcset=\"https:\/\/biblioteca.blanes.cat\/salainfantil\/wp-content\/uploads\/sites\/2\/2019\/06\/un-deseo-para-una-bruja-196x300.jpg 196w, https:\/\/biblioteca.blanes.cat\/salainfantil\/wp-content\/uploads\/sites\/2\/2019\/06\/un-deseo-para-una-bruja-768x1177.jpg 768w, https:\/\/biblioteca.blanes.cat\/salainfantil\/wp-content\/uploads\/sites\/2\/2019\/06\/un-deseo-para-una-bruja-668x1024.jpg 668w, https:\/\/biblioteca.blanes.cat\/salainfantil\/wp-content\/uploads\/sites\/2\/2019\/06\/un-deseo-para-una-bruja.jpg 1000w\" sizes=\"(max-width: 196px) 100vw, 196px\" \/><\/a>\n\t\t\t<\/div>\n\t\t\t\t<figcaption class='wp-caption-text gallery-caption' id='gallery-4-1673'>\n\t\t\t\tI3 MAG\n\t\t\t\t<\/figcaption><\/figure><figure class='gallery-item'>\n\t\t\t<div class='gallery-icon portrait'>\n\t\t\t\t<a href='https:\/\/biblioteca.blanes.cat\/salainfantil\/wp-content\/uploads\/sites\/2\/2019\/06\/una-alianza-en-peligro.jpg'><img loading=\"lazy\" decoding=\"async\" width=\"192\" height=\"263\" src=\"https:\/\/biblioteca.blanes.cat\/salainfantil\/wp-content\/uploads\/sites\/2\/2019\/06\/una-alianza-en-peligro.jpg\" class=\"attachment-medium size-medium\" alt=\"\" aria-describedby=\"gallery-4-1674\" \/><\/a>\n\t\t\t<\/div>\n\t\t\t\t<figcaption class='wp-caption-text gallery-caption' id='gallery-4-1674'>\n\t\t\t\tI3 REA\n\t\t\t\t<\/figcaption><\/figure><figure class='gallery-item'>\n\t\t\t<div class='gallery-icon portrait'>\n\t\t\t\t<a href='https:\/\/biblioteca.blanes.cat\/salainfantil\/wp-content\/uploads\/sites\/2\/2019\/06\/wigetta-y-la-momia-de-ra-mon.jpg'><img loading=\"lazy\" decoding=\"async\" width=\"196\" height=\"300\" src=\"https:\/\/biblioteca.blanes.cat\/salainfantil\/wp-content\/uploads\/sites\/2\/2019\/06\/wigetta-y-la-momia-de-ra-mon-196x300.jpg\" class=\"attachment-medium size-medium\" alt=\"\" aria-describedby=\"gallery-4-1675\" srcset=\"https:\/\/biblioteca.blanes.cat\/salainfantil\/wp-content\/uploads\/sites\/2\/2019\/06\/wigetta-y-la-momia-de-ra-mon-196x300.jpg 196w, https:\/\/biblioteca.blanes.cat\/salainfantil\/wp-content\/uploads\/sites\/2\/2019\/06\/wigetta-y-la-momia-de-ra-mon.jpg 229w\" sizes=\"(max-width: 196px) 100vw, 196px\" \/><\/a>\n\t\t\t<\/div>\n\t\t\t\t<figcaption class='wp-caption-text gallery-caption' id='gallery-4-1675'>\n\t\t\t\tI3 FOU\n\t\t\t\t<\/figcaption><\/figure>\n\t\t<\/div>\n\n<p>&nbsp;<\/p>\n<h3 style=\"text-align: left;\"><span style=\"font-size: 60px; color: #ff6600;\"><span style=\"font-family: Barrio;\">Mar<\/span><\/span><\/h3>\n<div id='gallery-5' class='gallery galleryid-1637 gallery-columns-6 gallery-size-medium'><figure class='gallery-item'>\n\t\t\t<div class='gallery-icon portrait'>\n\t\t\t\t<a href='https:\/\/biblioteca.blanes.cat\/salainfantil\/wp-content\/uploads\/sites\/2\/2019\/06\/encanto-la-magia-de-los-recuerdos.jpg'><img loading=\"lazy\" decoding=\"async\" width=\"196\" height=\"258\" src=\"https:\/\/biblioteca.blanes.cat\/salainfantil\/wp-content\/uploads\/sites\/2\/2019\/06\/encanto-la-magia-de-los-recuerdos.jpg\" class=\"attachment-medium size-medium\" alt=\"\" aria-describedby=\"gallery-5-1676\" \/><\/a>\n\t\t\t<\/div>\n\t\t\t\t<figcaption class='wp-caption-text gallery-caption' id='gallery-5-1676'>\n\t\t\t\tMAR NARRACIONS\n\t\t\t\t<\/figcaption><\/figure><figure class='gallery-item'>\n\t\t\t<div class='gallery-icon portrait'>\n\t\t\t\t<a href='https:\/\/biblioteca.blanes.cat\/salainfantil\/wp-content\/uploads\/sites\/2\/2019\/06\/moby-dick.jpg'><img loading=\"lazy\" decoding=\"async\" width=\"198\" height=\"254\" src=\"https:\/\/biblioteca.blanes.cat\/salainfantil\/wp-content\/uploads\/sites\/2\/2019\/06\/moby-dick.jpg\" class=\"attachment-medium size-medium\" alt=\"\" aria-describedby=\"gallery-5-1677\" \/><\/a>\n\t\t\t<\/div>\n\t\t\t\t<figcaption class='wp-caption-text gallery-caption' id='gallery-5-1677'>\n\t\t\t\tI MAR NARRACIONS\n\t\t\t\t<\/figcaption><\/figure><figure class='gallery-item'>\n\t\t\t<div class='gallery-icon landscape'>\n\t\t\t\t<a href='https:\/\/biblioteca.blanes.cat\/salainfantil\/wp-content\/uploads\/sites\/2\/2019\/06\/tsunami.jpg'><img loading=\"lazy\" decoding=\"async\" width=\"300\" height=\"236\" src=\"https:\/\/biblioteca.blanes.cat\/salainfantil\/wp-content\/uploads\/sites\/2\/2019\/06\/tsunami-300x236.jpg\" class=\"attachment-medium size-medium\" alt=\"\" aria-describedby=\"gallery-5-1678\" srcset=\"https:\/\/biblioteca.blanes.cat\/salainfantil\/wp-content\/uploads\/sites\/2\/2019\/06\/tsunami-300x236.jpg 300w, https:\/\/biblioteca.blanes.cat\/salainfantil\/wp-content\/uploads\/sites\/2\/2019\/06\/tsunami.jpg 500w\" sizes=\"(max-width: 300px) 100vw, 300px\" \/><\/a>\n\t\t\t<\/div>\n\t\t\t\t<figcaption class='wp-caption-text gallery-caption' id='gallery-5-1678'>\n\t\t\t\tI MAR NARRACIONS\n\t\t\t\t<\/figcaption><\/figure>\n\t\t<\/div>\n\n<p>&nbsp;<\/p>\n<h3 style=\"text-align: left;\"><span style=\"font-size: 60px; color: #ff6600;\"><span style=\"font-family: Barrio;\">Centres d&#8217;inter\u00e8s<\/span><\/span><\/h3>\n<div id='gallery-6' class='gallery galleryid-1637 gallery-columns-6 gallery-size-medium'><figure class='gallery-item'>\n\t\t\t<div class='gallery-icon portrait'>\n\t\t\t\t<a href='https:\/\/biblioteca.blanes.cat\/salainfantil\/wp-content\/uploads\/sites\/2\/2019\/06\/Animals-extraordinaris.jpg'><img loading=\"lazy\" decoding=\"async\" width=\"229\" height=\"247\" src=\"https:\/\/biblioteca.blanes.cat\/salainfantil\/wp-content\/uploads\/sites\/2\/2019\/06\/Animals-extraordinaris.jpg\" class=\"attachment-medium size-medium\" alt=\"\" aria-describedby=\"gallery-6-1679\" \/><\/a>\n\t\t\t<\/div>\n\t\t\t\t<figcaption class='wp-caption-text gallery-caption' id='gallery-6-1679'>\n\t\t\t\tI ANIMALS\n\t\t\t\t<\/figcaption><\/figure><figure class='gallery-item'>\n\t\t\t<div class='gallery-icon portrait'>\n\t\t\t\t<a href='https:\/\/biblioteca.blanes.cat\/salainfantil\/wp-content\/uploads\/sites\/2\/2019\/06\/Anna-i-el-pep.jpg'><img loading=\"lazy\" decoding=\"async\" width=\"208\" height=\"300\" src=\"https:\/\/biblioteca.blanes.cat\/salainfantil\/wp-content\/uploads\/sites\/2\/2019\/06\/Anna-i-el-pep-208x300.jpg\" class=\"attachment-medium size-medium\" alt=\"\" aria-describedby=\"gallery-6-1680\" srcset=\"https:\/\/biblioteca.blanes.cat\/salainfantil\/wp-content\/uploads\/sites\/2\/2019\/06\/Anna-i-el-pep-208x300.jpg 208w, https:\/\/biblioteca.blanes.cat\/salainfantil\/wp-content\/uploads\/sites\/2\/2019\/06\/Anna-i-el-pep-768x1109.jpg 768w, https:\/\/biblioteca.blanes.cat\/salainfantil\/wp-content\/uploads\/sites\/2\/2019\/06\/Anna-i-el-pep-709x1024.jpg 709w, https:\/\/biblioteca.blanes.cat\/salainfantil\/wp-content\/uploads\/sites\/2\/2019\/06\/Anna-i-el-pep.jpg 2000w\" sizes=\"(max-width: 208px) 100vw, 208px\" \/><\/a>\n\t\t\t<\/div>\n\t\t\t\t<figcaption class='wp-caption-text gallery-caption' id='gallery-6-1680'>\n\t\t\t\tI C\u00d2MIC\n\t\t\t\t<\/figcaption><\/figure><figure class='gallery-item'>\n\t\t\t<div class='gallery-icon portrait'>\n\t\t\t\t<a href='https:\/\/biblioteca.blanes.cat\/salainfantil\/wp-content\/uploads\/sites\/2\/2019\/06\/Arqu\u00edmedes.jpg'><img loading=\"lazy\" decoding=\"async\" width=\"229\" height=\"231\" src=\"https:\/\/biblioteca.blanes.cat\/salainfantil\/wp-content\/uploads\/sites\/2\/2019\/06\/Arqu\u00edmedes.jpg\" class=\"attachment-medium size-medium\" alt=\"\" aria-describedby=\"gallery-6-1681\" srcset=\"https:\/\/biblioteca.blanes.cat\/salainfantil\/wp-content\/uploads\/sites\/2\/2019\/06\/Arqu\u00edmedes.jpg 229w, https:\/\/biblioteca.blanes.cat\/salainfantil\/wp-content\/uploads\/sites\/2\/2019\/06\/Arqu\u00edmedes-150x150.jpg 150w\" sizes=\"(max-width: 229px) 100vw, 229px\" \/><\/a>\n\t\t\t<\/div>\n\t\t\t\t<figcaption class='wp-caption-text gallery-caption' id='gallery-6-1681'>\n\t\t\t\tI B ARQ\n\t\t\t\t<\/figcaption><\/figure><figure class='gallery-item'>\n\t\t\t<div class='gallery-icon portrait'>\n\t\t\t\t<a href='https:\/\/biblioteca.blanes.cat\/salainfantil\/wp-content\/uploads\/sites\/2\/2019\/06\/compta-nombres-sense-parar.jpg'><img loading=\"lazy\" decoding=\"async\" width=\"230\" height=\"300\" src=\"https:\/\/biblioteca.blanes.cat\/salainfantil\/wp-content\/uploads\/sites\/2\/2019\/06\/compta-nombres-sense-parar-230x300.jpg\" class=\"attachment-medium size-medium\" alt=\"\" aria-describedby=\"gallery-6-1682\" srcset=\"https:\/\/biblioteca.blanes.cat\/salainfantil\/wp-content\/uploads\/sites\/2\/2019\/06\/compta-nombres-sense-parar-230x300.jpg 230w, https:\/\/biblioteca.blanes.cat\/salainfantil\/wp-content\/uploads\/sites\/2\/2019\/06\/compta-nombres-sense-parar.jpg 400w\" sizes=\"(max-width: 230px) 100vw, 230px\" \/><\/a>\n\t\t\t<\/div>\n\t\t\t\t<figcaption class='wp-caption-text gallery-caption' id='gallery-6-1682'>\n\t\t\t\tI APR\u00c8N\n\t\t\t\t<\/figcaption><\/figure><figure class='gallery-item'>\n\t\t\t<div class='gallery-icon portrait'>\n\t\t\t\t<a href='https:\/\/biblioteca.blanes.cat\/salainfantil\/wp-content\/uploads\/sites\/2\/2019\/06\/Cuentos-de-Lucia.jpg'><img loading=\"lazy\" decoding=\"async\" width=\"229\" height=\"296\" src=\"https:\/\/biblioteca.blanes.cat\/salainfantil\/wp-content\/uploads\/sites\/2\/2019\/06\/Cuentos-de-Lucia.jpg\" class=\"attachment-medium size-medium\" alt=\"\" aria-describedby=\"gallery-6-1683\" \/><\/a>\n\t\t\t<\/div>\n\t\t\t\t<figcaption class='wp-caption-text gallery-caption' id='gallery-6-1683'>\n\t\t\t\tI CONTES\n\t\t\t\t<\/figcaption><\/figure><figure class='gallery-item'>\n\t\t\t<div class='gallery-icon landscape'>\n\t\t\t\t<a href='https:\/\/biblioteca.blanes.cat\/salainfantil\/wp-content\/uploads\/sites\/2\/2019\/06\/donde-esta-wally.jpg'><img loading=\"lazy\" decoding=\"async\" width=\"300\" height=\"300\" src=\"https:\/\/biblioteca.blanes.cat\/salainfantil\/wp-content\/uploads\/sites\/2\/2019\/06\/donde-esta-wally-300x300.jpg\" class=\"attachment-medium size-medium\" alt=\"\" aria-describedby=\"gallery-6-1684\" srcset=\"https:\/\/biblioteca.blanes.cat\/salainfantil\/wp-content\/uploads\/sites\/2\/2019\/06\/donde-esta-wally-300x300.jpg 300w, https:\/\/biblioteca.blanes.cat\/salainfantil\/wp-content\/uploads\/sites\/2\/2019\/06\/donde-esta-wally-150x150.jpg 150w, https:\/\/biblioteca.blanes.cat\/salainfantil\/wp-content\/uploads\/sites\/2\/2019\/06\/donde-esta-wally-768x768.jpg 768w, https:\/\/biblioteca.blanes.cat\/salainfantil\/wp-content\/uploads\/sites\/2\/2019\/06\/donde-esta-wally-1024x1024.jpg 1024w, https:\/\/biblioteca.blanes.cat\/salainfantil\/wp-content\/uploads\/sites\/2\/2019\/06\/donde-esta-wally-270x270.jpg 270w, https:\/\/biblioteca.blanes.cat\/salainfantil\/wp-content\/uploads\/sites\/2\/2019\/06\/donde-esta-wally-230x230.jpg 230w, https:\/\/biblioteca.blanes.cat\/salainfantil\/wp-content\/uploads\/sites\/2\/2019\/06\/donde-esta-wally.jpg 1200w\" sizes=\"(max-width: 300px) 100vw, 300px\" \/><\/a>\n\t\t\t<\/div>\n\t\t\t\t<figcaption class='wp-caption-text gallery-caption' id='gallery-6-1684'>\n\t\t\t\tI JOCS HAN\n\t\t\t\t<\/figcaption><\/figure><figure class='gallery-item'>\n\t\t\t<div class='gallery-icon portrait'>\n\t\t\t\t<a href='https:\/\/biblioteca.blanes.cat\/salainfantil\/wp-content\/uploads\/sites\/2\/2019\/06\/el-llapis-magic-de-joan-brossa.jpg'><img loading=\"lazy\" decoding=\"async\" width=\"222\" height=\"227\" src=\"https:\/\/biblioteca.blanes.cat\/salainfantil\/wp-content\/uploads\/sites\/2\/2019\/06\/el-llapis-magic-de-joan-brossa.jpg\" class=\"attachment-medium size-medium\" alt=\"\" aria-describedby=\"gallery-6-1685\" \/><\/a>\n\t\t\t<\/div>\n\t\t\t\t<figcaption class='wp-caption-text gallery-caption' id='gallery-6-1685'>\n\t\t\t\tI B BRO\n\t\t\t\t<\/figcaption><\/figure><figure class='gallery-item'>\n\t\t\t<div class='gallery-icon portrait'>\n\t\t\t\t<a href='https:\/\/biblioteca.blanes.cat\/salainfantil\/wp-content\/uploads\/sites\/2\/2019\/06\/els-cinc-tresors.jpg'><img loading=\"lazy\" decoding=\"async\" width=\"189\" height=\"266\" src=\"https:\/\/biblioteca.blanes.cat\/salainfantil\/wp-content\/uploads\/sites\/2\/2019\/06\/els-cinc-tresors.jpg\" class=\"attachment-medium size-medium\" alt=\"\" aria-describedby=\"gallery-6-1686\" \/><\/a>\n\t\t\t<\/div>\n\t\t\t\t<figcaption class='wp-caption-text gallery-caption' id='gallery-6-1686'>\n\t\t\t\tI C\u00d2MIC\n\t\t\t\t<\/figcaption><\/figure><figure class='gallery-item'>\n\t\t\t<div class='gallery-icon portrait'>\n\t\t\t\t<a href='https:\/\/biblioteca.blanes.cat\/salainfantil\/wp-content\/uploads\/sites\/2\/2019\/06\/es-tu-turno-adrian.jpg'><img loading=\"lazy\" decoding=\"async\" width=\"222\" height=\"300\" src=\"https:\/\/biblioteca.blanes.cat\/salainfantil\/wp-content\/uploads\/sites\/2\/2019\/06\/es-tu-turno-adrian-222x300.jpg\" class=\"attachment-medium size-medium\" alt=\"\" aria-describedby=\"gallery-6-1687\" srcset=\"https:\/\/biblioteca.blanes.cat\/salainfantil\/wp-content\/uploads\/sites\/2\/2019\/06\/es-tu-turno-adrian-222x300.jpg 222w, https:\/\/biblioteca.blanes.cat\/salainfantil\/wp-content\/uploads\/sites\/2\/2019\/06\/es-tu-turno-adrian.jpg 229w\" sizes=\"(max-width: 222px) 100vw, 222px\" \/><\/a>\n\t\t\t<\/div>\n\t\t\t\t<figcaption class='wp-caption-text gallery-caption' id='gallery-6-1687'>\n\t\t\t\tI C\u00d2MIC\n\t\t\t\t<\/figcaption><\/figure><figure class='gallery-item'>\n\t\t\t<div class='gallery-icon portrait'>\n\t\t\t\t<a href='https:\/\/biblioteca.blanes.cat\/salainfantil\/wp-content\/uploads\/sites\/2\/2019\/06\/los-xunguis.jpg'><img loading=\"lazy\" decoding=\"async\" width=\"229\" height=\"294\" src=\"https:\/\/biblioteca.blanes.cat\/salainfantil\/wp-content\/uploads\/sites\/2\/2019\/06\/los-xunguis.jpg\" class=\"attachment-medium size-medium\" alt=\"\" aria-describedby=\"gallery-6-1688\" \/><\/a>\n\t\t\t<\/div>\n\t\t\t\t<figcaption class='wp-caption-text gallery-caption' id='gallery-6-1688'>\n\t\t\t\tI JOCS RAM\n\t\t\t\t<\/figcaption><\/figure><figure class='gallery-item'>\n\t\t\t<div class='gallery-icon landscape'>\n\t\t\t\t<a href='https:\/\/biblioteca.blanes.cat\/salainfantil\/wp-content\/uploads\/sites\/2\/2019\/06\/parco.jpg'><img loading=\"lazy\" decoding=\"async\" width=\"300\" height=\"260\" src=\"https:\/\/biblioteca.blanes.cat\/salainfantil\/wp-content\/uploads\/sites\/2\/2019\/06\/parco-300x260.jpg\" class=\"attachment-medium size-medium\" alt=\"\" aria-describedby=\"gallery-6-1689\" srcset=\"https:\/\/biblioteca.blanes.cat\/salainfantil\/wp-content\/uploads\/sites\/2\/2019\/06\/parco-300x260.jpg 300w, https:\/\/biblioteca.blanes.cat\/salainfantil\/wp-content\/uploads\/sites\/2\/2019\/06\/parco.jpg 408w\" sizes=\"(max-width: 300px) 100vw, 300px\" \/><\/a>\n\t\t\t<\/div>\n\t\t\t\t<figcaption class='wp-caption-text gallery-caption' id='gallery-6-1689'>\n\t\t\t\tI EXPERI\u00c8NCIES MORT\n\t\t\t\t<\/figcaption><\/figure><figure class='gallery-item'>\n\t\t\t<div class='gallery-icon portrait'>\n\t\t\t\t<a href='https:\/\/biblioteca.blanes.cat\/salainfantil\/wp-content\/uploads\/sites\/2\/2019\/06\/si-tingues-la-magia-dun-mag.jpg'><img loading=\"lazy\" decoding=\"async\" width=\"216\" height=\"233\" src=\"https:\/\/biblioteca.blanes.cat\/salainfantil\/wp-content\/uploads\/sites\/2\/2019\/06\/si-tingues-la-magia-dun-mag.jpg\" class=\"attachment-medium size-medium\" alt=\"\" aria-describedby=\"gallery-6-1690\" \/><\/a>\n\t\t\t<\/div>\n\t\t\t\t<figcaption class='wp-caption-text gallery-caption' id='gallery-6-1690'>\n\t\t\t\tI UNESCO PAU\n\t\t\t\t<\/figcaption><\/figure><figure class='gallery-item'>\n\t\t\t<div class='gallery-icon portrait'>\n\t\t\t\t<a href='https:\/\/biblioteca.blanes.cat\/salainfantil\/wp-content\/uploads\/sites\/2\/2019\/06\/versos-como-una-casa.jpg'><img loading=\"lazy\" decoding=\"async\" width=\"204\" height=\"247\" src=\"https:\/\/biblioteca.blanes.cat\/salainfantil\/wp-content\/uploads\/sites\/2\/2019\/06\/versos-como-una-casa.jpg\" class=\"attachment-medium size-medium\" alt=\"\" aria-describedby=\"gallery-6-1691\" \/><\/a>\n\t\t\t<\/div>\n\t\t\t\t<figcaption class='wp-caption-text gallery-caption' id='gallery-6-1691'>\n\t\t\t\tI POESIA\n\t\t\t\t<\/figcaption><\/figure>\n\t\t<\/div>\n\n<p>&nbsp;<\/p>\n<h3 style=\"text-align: left;\"><span style=\"font-size: 60px; color: #ff6600;\"><span style=\"font-family: Barrio;\">Mat\u00e8ri<\/span><\/span><span style=\"font-size: 60px; color: #ff6600;\"><span style=\"font-family: Barrio;\">es<\/span><\/span><\/h3>\n<div id='gallery-7' class='gallery galleryid-1637 gallery-columns-6 gallery-size-medium'><figure class='gallery-item'>\n\t\t\t<div class='gallery-icon portrait'>\n\t\t\t\t<a href='https:\/\/biblioteca.blanes.cat\/salainfantil\/wp-content\/uploads\/sites\/2\/2019\/06\/la-granja.jpg'><img loading=\"lazy\" decoding=\"async\" width=\"202\" height=\"250\" src=\"https:\/\/biblioteca.blanes.cat\/salainfantil\/wp-content\/uploads\/sites\/2\/2019\/06\/la-granja.jpg\" class=\"attachment-medium size-medium\" alt=\"\" aria-describedby=\"gallery-7-1693\" \/><\/a>\n\t\t\t<\/div>\n\t\t\t\t<figcaption class='wp-caption-text gallery-caption' id='gallery-7-1693'>\n\t\t\t\tI 63 BAB\n\t\t\t\t<\/figcaption><\/figure><figure class='gallery-item'>\n\t\t\t<div class='gallery-icon portrait'>\n\t\t\t\t<a href='https:\/\/biblioteca.blanes.cat\/salainfantil\/wp-content\/uploads\/sites\/2\/2019\/06\/un-mundo.jpg'><img loading=\"lazy\" decoding=\"async\" width=\"187\" height=\"270\" src=\"https:\/\/biblioteca.blanes.cat\/salainfantil\/wp-content\/uploads\/sites\/2\/2019\/06\/un-mundo.jpg\" class=\"attachment-medium size-medium\" alt=\"\" aria-describedby=\"gallery-7-1694\" \/><\/a>\n\t\t\t<\/div>\n\t\t\t\t<figcaption class='wp-caption-text gallery-caption' id='gallery-7-1694'>\n\t\t\t\tI 55 MUN\n\t\t\t\t<\/figcaption><\/figure>\n\t\t<\/div>\n\n<p>&nbsp;<\/p>\n<h3 style=\"text-align: left;\"><span style=\"font-size: 60px; color: #ff6600;\"><span style=\"font-family: Barrio;\">Pares<\/span><\/span><\/h3>\n<div id='gallery-8' class='gallery galleryid-1637 gallery-columns-6 gallery-size-medium'><figure class='gallery-item'>\n\t\t\t<div class='gallery-icon portrait'>\n\t\t\t\t<a href='https:\/\/biblioteca.blanes.cat\/salainfantil\/wp-content\/uploads\/sites\/2\/2019\/06\/culleres-que-cuiden.jpg'><img loading=\"lazy\" decoding=\"async\" width=\"169\" height=\"300\" src=\"https:\/\/biblioteca.blanes.cat\/salainfantil\/wp-content\/uploads\/sites\/2\/2019\/06\/culleres-que-cuiden-169x300.jpg\" class=\"attachment-medium size-medium\" alt=\"\" aria-describedby=\"gallery-8-1695\" srcset=\"https:\/\/biblioteca.blanes.cat\/salainfantil\/wp-content\/uploads\/sites\/2\/2019\/06\/culleres-que-cuiden-169x300.jpg 169w, https:\/\/biblioteca.blanes.cat\/salainfantil\/wp-content\/uploads\/sites\/2\/2019\/06\/culleres-que-cuiden-577x1024.jpg 577w, https:\/\/biblioteca.blanes.cat\/salainfantil\/wp-content\/uploads\/sites\/2\/2019\/06\/culleres-que-cuiden.jpg 640w\" sizes=\"(max-width: 169px) 100vw, 169px\" \/><\/a>\n\t\t\t<\/div>\n\t\t\t\t<figcaption class='wp-caption-text gallery-caption' id='gallery-8-1695'>\n\t\t\t\tPARES 613 CUL\n\t\t\t\t<\/figcaption><\/figure>\n\t\t<\/div>\n\n<p>&nbsp;<\/p>\n<h3 style=\"text-align: left;\"><span style=\"font-size: 60px; color: #ff6600;\"><span style=\"font-family: Barrio;\">Audiovisuals<\/span><\/span><\/h3>\n<div id='gallery-9' class='gallery galleryid-1637 gallery-columns-6 gallery-size-medium'><figure class='gallery-item'>\n\t\t\t<div class='gallery-icon portrait'>\n\t\t\t\t<a href='https:\/\/biblioteca.blanes.cat\/salainfantil\/wp-content\/uploads\/sites\/2\/2019\/06\/cenicienta.jpg'><img loading=\"lazy\" decoding=\"async\" width=\"212\" height=\"300\" src=\"https:\/\/biblioteca.blanes.cat\/salainfantil\/wp-content\/uploads\/sites\/2\/2019\/06\/cenicienta-212x300.jpg\" class=\"attachment-medium size-medium\" alt=\"\" aria-describedby=\"gallery-9-1696\" srcset=\"https:\/\/biblioteca.blanes.cat\/salainfantil\/wp-content\/uploads\/sites\/2\/2019\/06\/cenicienta-212x300.jpg 212w, https:\/\/biblioteca.blanes.cat\/salainfantil\/wp-content\/uploads\/sites\/2\/2019\/06\/cenicienta.jpg 300w\" sizes=\"(max-width: 212px) 100vw, 212px\" \/><\/a>\n\t\t\t<\/div>\n\t\t\t\t<figcaption class='wp-caption-text gallery-caption' id='gallery-9-1696'>\n\t\t\t\tDVD I DISNEY DEN\n\t\t\t\t<\/figcaption><\/figure><figure class='gallery-item'>\n\t\t\t<div class='gallery-icon portrait'>\n\t\t\t\t<a href='https:\/\/biblioteca.blanes.cat\/salainfantil\/wp-content\/uploads\/sites\/2\/2019\/06\/frozen.jpg'><img loading=\"lazy\" decoding=\"async\" width=\"212\" height=\"300\" src=\"https:\/\/biblioteca.blanes.cat\/salainfantil\/wp-content\/uploads\/sites\/2\/2019\/06\/frozen-212x300.jpg\" class=\"attachment-medium size-medium\" alt=\"\" aria-describedby=\"gallery-9-1697\" srcset=\"https:\/\/biblioteca.blanes.cat\/salainfantil\/wp-content\/uploads\/sites\/2\/2019\/06\/frozen-212x300.jpg 212w, https:\/\/biblioteca.blanes.cat\/salainfantil\/wp-content\/uploads\/sites\/2\/2019\/06\/frozen.jpg 300w\" sizes=\"(max-width: 212px) 100vw, 212px\" \/><\/a>\n\t\t\t<\/div>\n\t\t\t\t<figcaption class='wp-caption-text gallery-caption' id='gallery-9-1697'>\n\t\t\t\tDVD I DISNEY FRO\n\t\t\t\t<\/figcaption><\/figure><figure class='gallery-item'>\n\t\t\t<div class='gallery-icon portrait'>\n\t\t\t\t<a href='https:\/\/biblioteca.blanes.cat\/salainfantil\/wp-content\/uploads\/sites\/2\/2019\/06\/los-futbolisimos.jpg'><img loading=\"lazy\" decoding=\"async\" width=\"189\" height=\"267\" src=\"https:\/\/biblioteca.blanes.cat\/salainfantil\/wp-content\/uploads\/sites\/2\/2019\/06\/los-futbolisimos.jpg\" class=\"attachment-medium size-medium\" alt=\"\" aria-describedby=\"gallery-9-1698\" \/><\/a>\n\t\t\t<\/div>\n\t\t\t\t<figcaption class='wp-caption-text gallery-caption' id='gallery-9-1698'>\n\t\t\t\tDVD I PEL\u00b7L\u00cdCULES FUT\n\t\t\t\t<\/figcaption><\/figure><figure class='gallery-item'>\n\t\t\t<div class='gallery-icon portrait'>\n\t\t\t\t<a href='https:\/\/biblioteca.blanes.cat\/salainfantil\/wp-content\/uploads\/sites\/2\/2019\/06\/rompe-ralph.jpg'><img loading=\"lazy\" decoding=\"async\" width=\"212\" height=\"300\" src=\"https:\/\/biblioteca.blanes.cat\/salainfantil\/wp-content\/uploads\/sites\/2\/2019\/06\/rompe-ralph-212x300.jpg\" class=\"attachment-medium size-medium\" alt=\"\" aria-describedby=\"gallery-9-1699\" srcset=\"https:\/\/biblioteca.blanes.cat\/salainfantil\/wp-content\/uploads\/sites\/2\/2019\/06\/rompe-ralph-212x300.jpg 212w, https:\/\/biblioteca.blanes.cat\/salainfantil\/wp-content\/uploads\/sites\/2\/2019\/06\/rompe-ralph.jpg 300w\" sizes=\"(max-width: 212px) 100vw, 212px\" \/><\/a>\n\t\t\t<\/div>\n\t\t\t\t<figcaption class='wp-caption-text gallery-caption' id='gallery-9-1699'>\n\t\t\t\tDVD I DISNEY ROM\n\t\t\t\t<\/figcaption><\/figure><figure class='gallery-item'>\n\t\t\t<div class='gallery-icon portrait'>\n\t\t\t\t<a href='https:\/\/biblioteca.blanes.cat\/salainfantil\/wp-content\/uploads\/sites\/2\/2019\/06\/winnie-the-pooh.jpg'><img loading=\"lazy\" decoding=\"async\" width=\"212\" height=\"300\" src=\"https:\/\/biblioteca.blanes.cat\/salainfantil\/wp-content\/uploads\/sites\/2\/2019\/06\/winnie-the-pooh-212x300.jpg\" class=\"attachment-medium size-medium\" alt=\"\" aria-describedby=\"gallery-9-1700\" srcset=\"https:\/\/biblioteca.blanes.cat\/salainfantil\/wp-content\/uploads\/sites\/2\/2019\/06\/winnie-the-pooh-212x300.jpg 212w, https:\/\/biblioteca.blanes.cat\/salainfantil\/wp-content\/uploads\/sites\/2\/2019\/06\/winnie-the-pooh.jpg 300w\" sizes=\"(max-width: 212px) 100vw, 212px\" \/><\/a>\n\t\t\t<\/div>\n\t\t\t\t<figcaption class='wp-caption-text gallery-caption' id='gallery-9-1700'>\n\t\t\t\tDVD I DISNEY WIN\n\t\t\t\t<\/figcaption><\/figure><figure class='gallery-item'>\n\t\t\t<div class='gallery-icon portrait'>\n\t\t\t\t<a href='https:\/\/biblioteca.blanes.cat\/salainfantil\/wp-content\/uploads\/sites\/2\/2019\/06\/zootropolis.jpg'><img loading=\"lazy\" decoding=\"async\" width=\"212\" height=\"300\" src=\"https:\/\/biblioteca.blanes.cat\/salainfantil\/wp-content\/uploads\/sites\/2\/2019\/06\/zootropolis-212x300.jpg\" class=\"attachment-medium size-medium\" alt=\"\" aria-describedby=\"gallery-9-1701\" srcset=\"https:\/\/biblioteca.blanes.cat\/salainfantil\/wp-content\/uploads\/sites\/2\/2019\/06\/zootropolis-212x300.jpg 212w, https:\/\/biblioteca.blanes.cat\/salainfantil\/wp-content\/uploads\/sites\/2\/2019\/06\/zootropolis.jpg 300w\" sizes=\"(max-width: 212px) 100vw, 212px\" \/><\/a>\n\t\t\t<\/div>\n\t\t\t\t<figcaption class='wp-caption-text gallery-caption' id='gallery-9-1701'>\n\t\t\t\tDVD I DISNEY ZOO\n\t\t\t\t<\/figcaption><\/figure>\n\t\t<\/div>\n\n","protected":false},"excerpt":{"rendered":"<p>Aqu\u00ed pots trobar totes les novetats infantils d&#8217;aquest \u00faltim mes. Fes una ullada i vine a buscar els que m\u00e9s t&#8217;agradin a la biblioteca.<\/p>\n","protected":false},"author":4,"featured_media":1702,"comment_status":"open","ping_status":"open","sticky":false,"template":"","format":"standard","meta":{"sfsi_plus_gutenberg_text_before_share":"","sfsi_plus_gutenberg_show_text_before_share":"","sfsi_plus_gutenberg_icon_type":"","sfsi_plus_gutenberg_icon_alignemt":"","sfsi_plus_gutenburg_max_per_row":"","footnotes":""},"categories":[7],"tags":[],"class_list":["post-1637","post","type-post","status-publish","format-standard","has-post-thumbnail","hentry","category-novetats"],"yoast_head":"<!-- This site is optimized with the Yoast SEO plugin v27.5 - https:\/\/yoast.com\/product\/yoast-seo-wordpress\/ -->\n<title>NOVETATS: juliol 2019 - SALA INFANTIL<\/title>\n<meta name=\"robots\" content=\"index, follow, max-snippet:-1, max-image-preview:large, max-video-preview:-1\" \/>\n<link rel=\"canonical\" href=\"https:\/\/biblioteca.blanes.cat\/salainfantil\/novetats-juliol-2019\/\" \/>\n<meta property=\"og:locale\" content=\"ca_ES\" \/>\n<meta property=\"og:type\" content=\"article\" \/>\n<meta property=\"og:title\" content=\"NOVETATS: juliol 2019 - SALA INFANTIL\" \/>\n<meta property=\"og:description\" content=\"Aqu\u00ed pots trobar totes les novetats infantils d&#8217;aquest \u00faltim mes. Fes una ullada i vine a buscar els que m\u00e9s t&#8217;agradin a la biblioteca.\" \/>\n<meta property=\"og:url\" content=\"https:\/\/biblioteca.blanes.cat\/salainfantil\/novetats-juliol-2019\/\" \/>\n<meta property=\"og:site_name\" content=\"SALA INFANTIL\" \/>\n<meta property=\"article:published_time\" content=\"2019-07-01T08:45:53+00:00\" \/>\n<meta property=\"article:modified_time\" content=\"2019-07-17T17:24:01+00:00\" \/>\n<meta property=\"og:image\" content=\"https:\/\/biblioteca.blanes.cat\/salainfantil\/wp-content\/uploads\/sites\/2\/2019\/06\/Novetats-juliol.png\" \/>\n\t<meta property=\"og:image:width\" content=\"720\" \/>\n\t<meta property=\"og:image:height\" content=\"693\" \/>\n\t<meta property=\"og:image:type\" content=\"image\/png\" \/>\n<meta name=\"author\" content=\"biblioblanes\" \/>\n<meta name=\"twitter:card\" content=\"summary_large_image\" \/>\n<meta name=\"twitter:creator\" content=\"@biblioblanes\" \/>\n<meta name=\"twitter:label1\" content=\"Escrit per\" \/>\n\t<meta name=\"twitter:data1\" content=\"biblioblanes\" \/>\n<script type=\"application\/ld+json\" class=\"yoast-schema-graph\">{\"@context\":\"https:\\\/\\\/schema.org\",\"@graph\":[{\"@type\":\"Article\",\"@id\":\"https:\\\/\\\/biblioteca.blanes.cat\\\/salainfantil\\\/novetats-juliol-2019\\\/#article\",\"isPartOf\":{\"@id\":\"https:\\\/\\\/biblioteca.blanes.cat\\\/salainfantil\\\/novetats-juliol-2019\\\/\"},\"author\":{\"name\":\"biblioblanes\",\"@id\":\"https:\\\/\\\/biblioteca.blanes.cat\\\/salainfantil\\\/#\\\/schema\\\/person\\\/5a7b46760d9dd611d098bbf571a341dc\"},\"headline\":\"NOVETATS: juliol 2019\",\"datePublished\":\"2019-07-01T08:45:53+00:00\",\"dateModified\":\"2019-07-17T17:24:01+00:00\",\"mainEntityOfPage\":{\"@id\":\"https:\\\/\\\/biblioteca.blanes.cat\\\/salainfantil\\\/novetats-juliol-2019\\\/\"},\"wordCount\":103,\"commentCount\":0,\"image\":{\"@id\":\"https:\\\/\\\/biblioteca.blanes.cat\\\/salainfantil\\\/novetats-juliol-2019\\\/#primaryimage\"},\"thumbnailUrl\":\"https:\\\/\\\/biblioteca.blanes.cat\\\/salainfantil\\\/wp-content\\\/uploads\\\/sites\\\/2\\\/2019\\\/06\\\/Novetats-juliol.png\",\"articleSection\":[\"Novetats\"],\"inLanguage\":\"ca\",\"potentialAction\":[{\"@type\":\"CommentAction\",\"name\":\"Comment\",\"target\":[\"https:\\\/\\\/biblioteca.blanes.cat\\\/salainfantil\\\/novetats-juliol-2019\\\/#respond\"]}]},{\"@type\":\"WebPage\",\"@id\":\"https:\\\/\\\/biblioteca.blanes.cat\\\/salainfantil\\\/novetats-juliol-2019\\\/\",\"url\":\"https:\\\/\\\/biblioteca.blanes.cat\\\/salainfantil\\\/novetats-juliol-2019\\\/\",\"name\":\"NOVETATS: juliol 2019 - SALA INFANTIL\",\"isPartOf\":{\"@id\":\"https:\\\/\\\/biblioteca.blanes.cat\\\/salainfantil\\\/#website\"},\"primaryImageOfPage\":{\"@id\":\"https:\\\/\\\/biblioteca.blanes.cat\\\/salainfantil\\\/novetats-juliol-2019\\\/#primaryimage\"},\"image\":{\"@id\":\"https:\\\/\\\/biblioteca.blanes.cat\\\/salainfantil\\\/novetats-juliol-2019\\\/#primaryimage\"},\"thumbnailUrl\":\"https:\\\/\\\/biblioteca.blanes.cat\\\/salainfantil\\\/wp-content\\\/uploads\\\/sites\\\/2\\\/2019\\\/06\\\/Novetats-juliol.png\",\"datePublished\":\"2019-07-01T08:45:53+00:00\",\"dateModified\":\"2019-07-17T17:24:01+00:00\",\"author\":{\"@id\":\"https:\\\/\\\/biblioteca.blanes.cat\\\/salainfantil\\\/#\\\/schema\\\/person\\\/5a7b46760d9dd611d098bbf571a341dc\"},\"breadcrumb\":{\"@id\":\"https:\\\/\\\/biblioteca.blanes.cat\\\/salainfantil\\\/novetats-juliol-2019\\\/#breadcrumb\"},\"inLanguage\":\"ca\",\"potentialAction\":[{\"@type\":\"ReadAction\",\"target\":[\"https:\\\/\\\/biblioteca.blanes.cat\\\/salainfantil\\\/novetats-juliol-2019\\\/\"]}]},{\"@type\":\"ImageObject\",\"inLanguage\":\"ca\",\"@id\":\"https:\\\/\\\/biblioteca.blanes.cat\\\/salainfantil\\\/novetats-juliol-2019\\\/#primaryimage\",\"url\":\"https:\\\/\\\/biblioteca.blanes.cat\\\/salainfantil\\\/wp-content\\\/uploads\\\/sites\\\/2\\\/2019\\\/06\\\/Novetats-juliol.png\",\"contentUrl\":\"https:\\\/\\\/biblioteca.blanes.cat\\\/salainfantil\\\/wp-content\\\/uploads\\\/sites\\\/2\\\/2019\\\/06\\\/Novetats-juliol.png\",\"width\":720,\"height\":693},{\"@type\":\"BreadcrumbList\",\"@id\":\"https:\\\/\\\/biblioteca.blanes.cat\\\/salainfantil\\\/novetats-juliol-2019\\\/#breadcrumb\",\"itemListElement\":[{\"@type\":\"ListItem\",\"position\":1,\"name\":\"Inici\",\"item\":\"https:\\\/\\\/biblioteca.blanes.cat\\\/salainfantil\\\/\"},{\"@type\":\"ListItem\",\"position\":2,\"name\":\"NOVETATS: juliol 2019\"}]},{\"@type\":\"WebSite\",\"@id\":\"https:\\\/\\\/biblioteca.blanes.cat\\\/salainfantil\\\/#website\",\"url\":\"https:\\\/\\\/biblioteca.blanes.cat\\\/salainfantil\\\/\",\"name\":\"SALA INFANTIL\",\"description\":\"Biblioteca Roberto Bola\u00f1o\",\"potentialAction\":[{\"@type\":\"SearchAction\",\"target\":{\"@type\":\"EntryPoint\",\"urlTemplate\":\"https:\\\/\\\/biblioteca.blanes.cat\\\/salainfantil\\\/?s={search_term_string}\"},\"query-input\":{\"@type\":\"PropertyValueSpecification\",\"valueRequired\":true,\"valueName\":\"search_term_string\"}}],\"inLanguage\":\"ca\"},{\"@type\":\"Person\",\"@id\":\"https:\\\/\\\/biblioteca.blanes.cat\\\/salainfantil\\\/#\\\/schema\\\/person\\\/5a7b46760d9dd611d098bbf571a341dc\",\"name\":\"biblioblanes\",\"image\":{\"@type\":\"ImageObject\",\"inLanguage\":\"ca\",\"@id\":\"https:\\\/\\\/secure.gravatar.com\\\/avatar\\\/6593ca6cc90e5a70939f51c95e8315483b9c281bafba597292bee47992030f99?s=96&d=mm&r=g\",\"url\":\"https:\\\/\\\/secure.gravatar.com\\\/avatar\\\/6593ca6cc90e5a70939f51c95e8315483b9c281bafba597292bee47992030f99?s=96&d=mm&r=g\",\"contentUrl\":\"https:\\\/\\\/secure.gravatar.com\\\/avatar\\\/6593ca6cc90e5a70939f51c95e8315483b9c281bafba597292bee47992030f99?s=96&d=mm&r=g\",\"caption\":\"biblioblanes\"},\"sameAs\":[\"http:\\\/\\\/www.bibgirona.cat\\\/biblioteca\\\/blanes\",\"https:\\\/\\\/x.com\\\/biblioblanes\"],\"url\":\"https:\\\/\\\/biblioteca.blanes.cat\\\/salainfantil\\\/author\\\/biblioblanes\\\/\"}]}<\/script>\n<!-- \/ Yoast SEO plugin. -->","yoast_head_json":{"title":"NOVETATS: juliol 2019 - SALA INFANTIL","robots":{"index":"index","follow":"follow","max-snippet":"max-snippet:-1","max-image-preview":"max-image-preview:large","max-video-preview":"max-video-preview:-1"},"canonical":"https:\/\/biblioteca.blanes.cat\/salainfantil\/novetats-juliol-2019\/","og_locale":"ca_ES","og_type":"article","og_title":"NOVETATS: juliol 2019 - SALA INFANTIL","og_description":"Aqu\u00ed pots trobar totes les novetats infantils d&#8217;aquest \u00faltim mes. Fes una ullada i vine a buscar els que m\u00e9s t&#8217;agradin a la biblioteca.","og_url":"https:\/\/biblioteca.blanes.cat\/salainfantil\/novetats-juliol-2019\/","og_site_name":"SALA INFANTIL","article_published_time":"2019-07-01T08:45:53+00:00","article_modified_time":"2019-07-17T17:24:01+00:00","og_image":[{"width":720,"height":693,"url":"https:\/\/biblioteca.blanes.cat\/salainfantil\/wp-content\/uploads\/sites\/2\/2019\/06\/Novetats-juliol.png","type":"image\/png"}],"author":"biblioblanes","twitter_card":"summary_large_image","twitter_creator":"@biblioblanes","twitter_misc":{"Escrit per":"biblioblanes"},"schema":{"@context":"https:\/\/schema.org","@graph":[{"@type":"Article","@id":"https:\/\/biblioteca.blanes.cat\/salainfantil\/novetats-juliol-2019\/#article","isPartOf":{"@id":"https:\/\/biblioteca.blanes.cat\/salainfantil\/novetats-juliol-2019\/"},"author":{"name":"biblioblanes","@id":"https:\/\/biblioteca.blanes.cat\/salainfantil\/#\/schema\/person\/5a7b46760d9dd611d098bbf571a341dc"},"headline":"NOVETATS: juliol 2019","datePublished":"2019-07-01T08:45:53+00:00","dateModified":"2019-07-17T17:24:01+00:00","mainEntityOfPage":{"@id":"https:\/\/biblioteca.blanes.cat\/salainfantil\/novetats-juliol-2019\/"},"wordCount":103,"commentCount":0,"image":{"@id":"https:\/\/biblioteca.blanes.cat\/salainfantil\/novetats-juliol-2019\/#primaryimage"},"thumbnailUrl":"https:\/\/biblioteca.blanes.cat\/salainfantil\/wp-content\/uploads\/sites\/2\/2019\/06\/Novetats-juliol.png","articleSection":["Novetats"],"inLanguage":"ca","potentialAction":[{"@type":"CommentAction","name":"Comment","target":["https:\/\/biblioteca.blanes.cat\/salainfantil\/novetats-juliol-2019\/#respond"]}]},{"@type":"WebPage","@id":"https:\/\/biblioteca.blanes.cat\/salainfantil\/novetats-juliol-2019\/","url":"https:\/\/biblioteca.blanes.cat\/salainfantil\/novetats-juliol-2019\/","name":"NOVETATS: juliol 2019 - SALA INFANTIL","isPartOf":{"@id":"https:\/\/biblioteca.blanes.cat\/salainfantil\/#website"},"primaryImageOfPage":{"@id":"https:\/\/biblioteca.blanes.cat\/salainfantil\/novetats-juliol-2019\/#primaryimage"},"image":{"@id":"https:\/\/biblioteca.blanes.cat\/salainfantil\/novetats-juliol-2019\/#primaryimage"},"thumbnailUrl":"https:\/\/biblioteca.blanes.cat\/salainfantil\/wp-content\/uploads\/sites\/2\/2019\/06\/Novetats-juliol.png","datePublished":"2019-07-01T08:45:53+00:00","dateModified":"2019-07-17T17:24:01+00:00","author":{"@id":"https:\/\/biblioteca.blanes.cat\/salainfantil\/#\/schema\/person\/5a7b46760d9dd611d098bbf571a341dc"},"breadcrumb":{"@id":"https:\/\/biblioteca.blanes.cat\/salainfantil\/novetats-juliol-2019\/#breadcrumb"},"inLanguage":"ca","potentialAction":[{"@type":"ReadAction","target":["https:\/\/biblioteca.blanes.cat\/salainfantil\/novetats-juliol-2019\/"]}]},{"@type":"ImageObject","inLanguage":"ca","@id":"https:\/\/biblioteca.blanes.cat\/salainfantil\/novetats-juliol-2019\/#primaryimage","url":"https:\/\/biblioteca.blanes.cat\/salainfantil\/wp-content\/uploads\/sites\/2\/2019\/06\/Novetats-juliol.png","contentUrl":"https:\/\/biblioteca.blanes.cat\/salainfantil\/wp-content\/uploads\/sites\/2\/2019\/06\/Novetats-juliol.png","width":720,"height":693},{"@type":"BreadcrumbList","@id":"https:\/\/biblioteca.blanes.cat\/salainfantil\/novetats-juliol-2019\/#breadcrumb","itemListElement":[{"@type":"ListItem","position":1,"name":"Inici","item":"https:\/\/biblioteca.blanes.cat\/salainfantil\/"},{"@type":"ListItem","position":2,"name":"NOVETATS: juliol 2019"}]},{"@type":"WebSite","@id":"https:\/\/biblioteca.blanes.cat\/salainfantil\/#website","url":"https:\/\/biblioteca.blanes.cat\/salainfantil\/","name":"SALA INFANTIL","description":"Biblioteca Roberto Bola\u00f1o","potentialAction":[{"@type":"SearchAction","target":{"@type":"EntryPoint","urlTemplate":"https:\/\/biblioteca.blanes.cat\/salainfantil\/?s={search_term_string}"},"query-input":{"@type":"PropertyValueSpecification","valueRequired":true,"valueName":"search_term_string"}}],"inLanguage":"ca"},{"@type":"Person","@id":"https:\/\/biblioteca.blanes.cat\/salainfantil\/#\/schema\/person\/5a7b46760d9dd611d098bbf571a341dc","name":"biblioblanes","image":{"@type":"ImageObject","inLanguage":"ca","@id":"https:\/\/secure.gravatar.com\/avatar\/6593ca6cc90e5a70939f51c95e8315483b9c281bafba597292bee47992030f99?s=96&d=mm&r=g","url":"https:\/\/secure.gravatar.com\/avatar\/6593ca6cc90e5a70939f51c95e8315483b9c281bafba597292bee47992030f99?s=96&d=mm&r=g","contentUrl":"https:\/\/secure.gravatar.com\/avatar\/6593ca6cc90e5a70939f51c95e8315483b9c281bafba597292bee47992030f99?s=96&d=mm&r=g","caption":"biblioblanes"},"sameAs":["http:\/\/www.bibgirona.cat\/biblioteca\/blanes","https:\/\/x.com\/biblioblanes"],"url":"https:\/\/biblioteca.blanes.cat\/salainfantil\/author\/biblioblanes\/"}]}},"_links":{"self":[{"href":"https:\/\/biblioteca.blanes.cat\/salainfantil\/wp-json\/wp\/v2\/posts\/1637","targetHints":{"allow":["GET"]}}],"collection":[{"href":"https:\/\/biblioteca.blanes.cat\/salainfantil\/wp-json\/wp\/v2\/posts"}],"about":[{"href":"https:\/\/biblioteca.blanes.cat\/salainfantil\/wp-json\/wp\/v2\/types\/post"}],"author":[{"embeddable":true,"href":"https:\/\/biblioteca.blanes.cat\/salainfantil\/wp-json\/wp\/v2\/users\/4"}],"replies":[{"embeddable":true,"href":"https:\/\/biblioteca.blanes.cat\/salainfantil\/wp-json\/wp\/v2\/comments?post=1637"}],"version-history":[{"count":3,"href":"https:\/\/biblioteca.blanes.cat\/salainfantil\/wp-json\/wp\/v2\/posts\/1637\/revisions"}],"predecessor-version":[{"id":1705,"href":"https:\/\/biblioteca.blanes.cat\/salainfantil\/wp-json\/wp\/v2\/posts\/1637\/revisions\/1705"}],"wp:featuredmedia":[{"embeddable":true,"href":"https:\/\/biblioteca.blanes.cat\/salainfantil\/wp-json\/wp\/v2\/media\/1702"}],"wp:attachment":[{"href":"https:\/\/biblioteca.blanes.cat\/salainfantil\/wp-json\/wp\/v2\/media?parent=1637"}],"wp:term":[{"taxonomy":"category","embeddable":true,"href":"https:\/\/biblioteca.blanes.cat\/salainfantil\/wp-json\/wp\/v2\/categories?post=1637"},{"taxonomy":"post_tag","embeddable":true,"href":"https:\/\/biblioteca.blanes.cat\/salainfantil\/wp-json\/wp\/v2\/tags?post=1637"}],"curies":[{"name":"wp","href":"https:\/\/api.w.org\/{rel}","templated":true}]}}