{"id":1435,"date":"2019-06-01T12:19:29","date_gmt":"2019-06-01T11:19:29","guid":{"rendered":"https:\/\/biblioteca.blanes.cat\/salainfantil\/?p=1435"},"modified":"2019-05-30T10:23:17","modified_gmt":"2019-05-30T09:23:17","slug":"novetats-juny-2019","status":"publish","type":"post","link":"https:\/\/biblioteca.blanes.cat\/salainfantil\/novetats-juny-2019\/","title":{"rendered":"NOVETATS: juny 2019"},"content":{"rendered":"<p><span style=\"font-family: Lato; font-size: 20px;\">Aqu\u00ed pots trobar totes les novetats infantils d&#8217;aquest \u00faltim mes. Fes una ullada i vine a buscar els que m\u00e9s t&#8217;agradin a la biblioteca.<\/span><\/p>\n<p><!--more--><\/p>\n<h3><\/h3>\n<p>&nbsp;<\/p>\n<h3 style=\"text-align: center;\"><span style=\"font-size: 60px; color: #ff6600;\"><span style=\"font-family: Barrio;\">Imaginaci\u00f3<\/span><\/span><\/h3>\n<p><span style=\"font-family: Lato; font-size: 24px; color: #8945cc;\">De 0 a 3 anys:<\/span><\/p>\n<div id='gallery-1' class='gallery galleryid-1435 gallery-columns-6 gallery-size-medium'><figure class='gallery-item'>\n\t\t\t<div class='gallery-icon portrait'>\n\t\t\t\t<a href='https:\/\/biblioteca.blanes.cat\/salainfantil\/wp-content\/uploads\/sites\/2\/2019\/06\/Digues-paraules-sense-parar.jpg'><img decoding=\"async\" width=\"175\" height=\"228\" src=\"https:\/\/biblioteca.blanes.cat\/salainfantil\/wp-content\/uploads\/sites\/2\/2019\/06\/Digues-paraules-sense-parar.jpg\" class=\"attachment-medium size-medium\" alt=\"\" aria-describedby=\"gallery-1-1437\" \/><\/a>\n\t\t\t<\/div>\n\t\t\t\t<figcaption class='wp-caption-text gallery-caption' id='gallery-1-1437'>\n\t\t\t\tI0 PENSAR\n\t\t\t\t<\/figcaption><\/figure><figure class='gallery-item'>\n\t\t\t<div class='gallery-icon landscape'>\n\t\t\t\t<a href='https:\/\/biblioteca.blanes.cat\/salainfantil\/wp-content\/uploads\/sites\/2\/2019\/06\/Fem-les-paus.jpg'><img fetchpriority=\"high\" decoding=\"async\" width=\"225\" height=\"225\" src=\"https:\/\/biblioteca.blanes.cat\/salainfantil\/wp-content\/uploads\/sites\/2\/2019\/06\/Fem-les-paus.jpg\" class=\"attachment-medium size-medium\" alt=\"\" aria-describedby=\"gallery-1-1438\" srcset=\"https:\/\/biblioteca.blanes.cat\/salainfantil\/wp-content\/uploads\/sites\/2\/2019\/06\/Fem-les-paus.jpg 225w, https:\/\/biblioteca.blanes.cat\/salainfantil\/wp-content\/uploads\/sites\/2\/2019\/06\/Fem-les-paus-150x150.jpg 150w\" sizes=\"(max-width: 225px) 100vw, 225px\" \/><\/a>\n\t\t\t<\/div>\n\t\t\t\t<figcaption class='wp-caption-text gallery-caption' id='gallery-1-1438'>\n\t\t\t\tI0 EXPERI\u00c8NCIES\n\t\t\t\t<\/figcaption><\/figure><figure class='gallery-item'>\n\t\t\t<div class='gallery-icon portrait'>\n\t\t\t\t<a href='https:\/\/biblioteca.blanes.cat\/salainfantil\/wp-content\/uploads\/sites\/2\/2019\/06\/La-Aventura-de-Jonas.jpg'><img decoding=\"async\" width=\"223\" height=\"226\" src=\"https:\/\/biblioteca.blanes.cat\/salainfantil\/wp-content\/uploads\/sites\/2\/2019\/06\/La-Aventura-de-Jonas.jpg\" class=\"attachment-medium size-medium\" alt=\"\" aria-describedby=\"gallery-1-1439\" \/><\/a>\n\t\t\t<\/div>\n\t\t\t\t<figcaption class='wp-caption-text gallery-caption' id='gallery-1-1439'>\n\t\t\t\tI0 CONTES I CAN\u00c7ONS\n\t\t\t\t<\/figcaption><\/figure><figure class='gallery-item'>\n\t\t\t<div class='gallery-icon landscape'>\n\t\t\t\t<a href='https:\/\/biblioteca.blanes.cat\/salainfantil\/wp-content\/uploads\/sites\/2\/2019\/06\/La-Meva-familia.jpg'><img loading=\"lazy\" decoding=\"async\" width=\"225\" height=\"224\" src=\"https:\/\/biblioteca.blanes.cat\/salainfantil\/wp-content\/uploads\/sites\/2\/2019\/06\/La-Meva-familia.jpg\" class=\"attachment-medium size-medium\" alt=\"\" aria-describedby=\"gallery-1-1440\" srcset=\"https:\/\/biblioteca.blanes.cat\/salainfantil\/wp-content\/uploads\/sites\/2\/2019\/06\/La-Meva-familia.jpg 225w, https:\/\/biblioteca.blanes.cat\/salainfantil\/wp-content\/uploads\/sites\/2\/2019\/06\/La-Meva-familia-150x150.jpg 150w\" sizes=\"(max-width: 225px) 100vw, 225px\" \/><\/a>\n\t\t\t<\/div>\n\t\t\t\t<figcaption class='wp-caption-text gallery-caption' id='gallery-1-1440'>\n\t\t\t\tI0 PERSONES\n\t\t\t\t<\/figcaption><\/figure><figure class='gallery-item'>\n\t\t\t<div class='gallery-icon landscape'>\n\t\t\t\t<a href='https:\/\/biblioteca.blanes.cat\/salainfantil\/wp-content\/uploads\/sites\/2\/2019\/06\/LOfici-que-mes-magrada.jpg'><img loading=\"lazy\" decoding=\"async\" width=\"226\" height=\"223\" src=\"https:\/\/biblioteca.blanes.cat\/salainfantil\/wp-content\/uploads\/sites\/2\/2019\/06\/LOfici-que-mes-magrada.jpg\" class=\"attachment-medium size-medium\" alt=\"\" aria-describedby=\"gallery-1-1441\" \/><\/a>\n\t\t\t<\/div>\n\t\t\t\t<figcaption class='wp-caption-text gallery-caption' id='gallery-1-1441'>\n\t\t\t\tI0 PERSONES\n\t\t\t\t<\/figcaption><\/figure><figure class='gallery-item'>\n\t\t\t<div class='gallery-icon landscape'>\n\t\t\t\t<a href='https:\/\/biblioteca.blanes.cat\/salainfantil\/wp-content\/uploads\/sites\/2\/2019\/06\/Moises-y-el-Mar-Rojo.jpg'><img loading=\"lazy\" decoding=\"async\" width=\"241\" height=\"209\" src=\"https:\/\/biblioteca.blanes.cat\/salainfantil\/wp-content\/uploads\/sites\/2\/2019\/06\/Moises-y-el-Mar-Rojo.jpg\" class=\"attachment-medium size-medium\" alt=\"\" aria-describedby=\"gallery-1-1442\" \/><\/a>\n\t\t\t<\/div>\n\t\t\t\t<figcaption class='wp-caption-text gallery-caption' id='gallery-1-1442'>\n\t\t\t\tI0 CONTES I CAN\u00c7ONS\n\t\t\t\t<\/figcaption><\/figure><figure class='gallery-item'>\n\t\t\t<div class='gallery-icon portrait'>\n\t\t\t\t<a href='https:\/\/biblioteca.blanes.cat\/salainfantil\/wp-content\/uploads\/sites\/2\/2019\/06\/Noe-y-el-arca.jpg'><img loading=\"lazy\" decoding=\"async\" width=\"216\" height=\"233\" src=\"https:\/\/biblioteca.blanes.cat\/salainfantil\/wp-content\/uploads\/sites\/2\/2019\/06\/Noe-y-el-arca.jpg\" class=\"attachment-medium size-medium\" alt=\"\" aria-describedby=\"gallery-1-1443\" \/><\/a>\n\t\t\t<\/div>\n\t\t\t\t<figcaption class='wp-caption-text gallery-caption' id='gallery-1-1443'>\n\t\t\t\tI0 CONTES I CAN\u00c7ONS\n\t\t\t\t<\/figcaption><\/figure><figure class='gallery-item'>\n\t\t\t<div class='gallery-icon landscape'>\n\t\t\t\t<a href='https:\/\/biblioteca.blanes.cat\/salainfantil\/wp-content\/uploads\/sites\/2\/2019\/06\/Repassa-lletres.jpg'><img loading=\"lazy\" decoding=\"async\" width=\"300\" height=\"166\" src=\"https:\/\/biblioteca.blanes.cat\/salainfantil\/wp-content\/uploads\/sites\/2\/2019\/06\/Repassa-lletres-300x166.jpg\" class=\"attachment-medium size-medium\" alt=\"\" aria-describedby=\"gallery-1-1444\" srcset=\"https:\/\/biblioteca.blanes.cat\/salainfantil\/wp-content\/uploads\/sites\/2\/2019\/06\/Repassa-lletres-300x166.jpg 300w, https:\/\/biblioteca.blanes.cat\/salainfantil\/wp-content\/uploads\/sites\/2\/2019\/06\/Repassa-lletres.jpg 301w\" sizes=\"(max-width: 300px) 100vw, 300px\" \/><\/a>\n\t\t\t<\/div>\n\t\t\t\t<figcaption class='wp-caption-text gallery-caption' id='gallery-1-1444'>\n\t\t\t\tI0 PENSAR\n\t\t\t\t<\/figcaption><\/figure><figure class='gallery-item'>\n\t\t\t<div class='gallery-icon portrait'>\n\t\t\t\t<a href='https:\/\/biblioteca.blanes.cat\/salainfantil\/wp-content\/uploads\/sites\/2\/2019\/06\/Un-petonet-i-a-dormir.jpg'><img loading=\"lazy\" decoding=\"async\" width=\"192\" height=\"262\" src=\"https:\/\/biblioteca.blanes.cat\/salainfantil\/wp-content\/uploads\/sites\/2\/2019\/06\/Un-petonet-i-a-dormir.jpg\" class=\"attachment-medium size-medium\" alt=\"\" aria-describedby=\"gallery-1-1445\" \/><\/a>\n\t\t\t<\/div>\n\t\t\t\t<figcaption class='wp-caption-text gallery-caption' id='gallery-1-1445'>\n\t\t\t\tI0 H\u00c0BITS\n\t\t\t\t<\/figcaption><\/figure><figure class='gallery-item'>\n\t\t\t<div class='gallery-icon portrait'>\n\t\t\t\t<a href='https:\/\/biblioteca.blanes.cat\/salainfantil\/wp-content\/uploads\/sites\/2\/2019\/06\/Xip-xap-cap-a-laigua.jpg'><img loading=\"lazy\" decoding=\"async\" width=\"187\" height=\"270\" src=\"https:\/\/biblioteca.blanes.cat\/salainfantil\/wp-content\/uploads\/sites\/2\/2019\/06\/Xip-xap-cap-a-laigua.jpg\" class=\"attachment-medium size-medium\" alt=\"\" aria-describedby=\"gallery-1-1446\" \/><\/a>\n\t\t\t<\/div>\n\t\t\t\t<figcaption class='wp-caption-text gallery-caption' id='gallery-1-1446'>\n\t\t\t\tI0 H\u00c0BITS\n\t\t\t\t<\/figcaption><\/figure>\n\t\t<\/div>\n\n<p><span style=\"font-size: 24px; font-family: Lato; color: #2251e0;\">De 4 a 6 anys:<\/span><\/p>\n<div id='gallery-2' class='gallery galleryid-1435 gallery-columns-6 gallery-size-medium'><figure class='gallery-item'>\n\t\t\t<div class='gallery-icon portrait'>\n\t\t\t\t<a href='https:\/\/biblioteca.blanes.cat\/salainfantil\/wp-content\/uploads\/sites\/2\/2019\/06\/Nosaltres-cinc.jpg'><img loading=\"lazy\" decoding=\"async\" width=\"198\" height=\"254\" src=\"https:\/\/biblioteca.blanes.cat\/salainfantil\/wp-content\/uploads\/sites\/2\/2019\/06\/Nosaltres-cinc.jpg\" class=\"attachment-medium size-medium\" alt=\"\" aria-describedby=\"gallery-2-1448\" \/><\/a>\n\t\t\t<\/div>\n\t\t\t\t<figcaption class='wp-caption-text gallery-caption' id='gallery-2-1448'>\n\t\t\t\tI1 0 BLA\n\t\t\t\t<\/figcaption><\/figure><figure class='gallery-item'>\n\t\t\t<div class='gallery-icon landscape'>\n\t\t\t\t<a href='https:\/\/biblioteca.blanes.cat\/salainfantil\/wp-content\/uploads\/sites\/2\/2019\/06\/Quan-el-gla\u00e7-es-fon.jpg'><img loading=\"lazy\" decoding=\"async\" width=\"248\" height=\"204\" src=\"https:\/\/biblioteca.blanes.cat\/salainfantil\/wp-content\/uploads\/sites\/2\/2019\/06\/Quan-el-gla\u00e7-es-fon.jpg\" class=\"attachment-medium size-medium\" alt=\"\" aria-describedby=\"gallery-2-1449\" \/><\/a>\n\t\t\t<\/div>\n\t\t\t\t<figcaption class='wp-caption-text gallery-caption' id='gallery-2-1449'>\n\t\t\t\tI1 0 EVE\n\t\t\t\t<\/figcaption><\/figure><figure class='gallery-item'>\n\t\t\t<div class='gallery-icon portrait'>\n\t\t\t\t<a href='https:\/\/biblioteca.blanes.cat\/salainfantil\/wp-content\/uploads\/sites\/2\/2019\/06\/Quatre-contes-damor.jpg'><img loading=\"lazy\" decoding=\"async\" width=\"212\" height=\"300\" src=\"https:\/\/biblioteca.blanes.cat\/salainfantil\/wp-content\/uploads\/sites\/2\/2019\/06\/Quatre-contes-damor-212x300.jpg\" class=\"attachment-medium size-medium\" alt=\"\" aria-describedby=\"gallery-2-1450\" srcset=\"https:\/\/biblioteca.blanes.cat\/salainfantil\/wp-content\/uploads\/sites\/2\/2019\/06\/Quatre-contes-damor-212x300.jpg 212w, https:\/\/biblioteca.blanes.cat\/salainfantil\/wp-content\/uploads\/sites\/2\/2019\/06\/Quatre-contes-damor.jpg 564w\" sizes=\"(max-width: 212px) 100vw, 212px\" \/><\/a>\n\t\t\t<\/div>\n\t\t\t\t<figcaption class='wp-caption-text gallery-caption' id='gallery-2-1450'>\n\t\t\t\tI1 0 PLA\n\t\t\t\t<\/figcaption><\/figure><figure class='gallery-item'>\n\t\t\t<div class='gallery-icon portrait'>\n\t\t\t\t<a href='https:\/\/biblioteca.blanes.cat\/salainfantil\/wp-content\/uploads\/sites\/2\/2019\/06\/que-fas-d-un-problema.jpg'><img loading=\"lazy\" decoding=\"async\" width=\"215\" height=\"250\" src=\"https:\/\/biblioteca.blanes.cat\/salainfantil\/wp-content\/uploads\/sites\/2\/2019\/06\/que-fas-d-un-problema.jpg\" class=\"attachment-medium size-medium\" alt=\"\" aria-describedby=\"gallery-2-1451\" \/><\/a>\n\t\t\t<\/div>\n\t\t\t\t<figcaption class='wp-caption-text gallery-caption' id='gallery-2-1451'>\n\t\t\t\tI1 0 YAM\n\t\t\t\t<\/figcaption><\/figure><figure class='gallery-item'>\n\t\t\t<div class='gallery-icon portrait'>\n\t\t\t\t<a href='https:\/\/biblioteca.blanes.cat\/salainfantil\/wp-content\/uploads\/sites\/2\/2019\/06\/soc-petiteta.jpg'><img loading=\"lazy\" decoding=\"async\" width=\"267\" height=\"300\" src=\"https:\/\/biblioteca.blanes.cat\/salainfantil\/wp-content\/uploads\/sites\/2\/2019\/06\/soc-petiteta-267x300.jpg\" class=\"attachment-medium size-medium\" alt=\"\" aria-describedby=\"gallery-2-1452\" srcset=\"https:\/\/biblioteca.blanes.cat\/salainfantil\/wp-content\/uploads\/sites\/2\/2019\/06\/soc-petiteta-267x300.jpg 267w, https:\/\/biblioteca.blanes.cat\/salainfantil\/wp-content\/uploads\/sites\/2\/2019\/06\/soc-petiteta-768x862.jpg 768w, https:\/\/biblioteca.blanes.cat\/salainfantil\/wp-content\/uploads\/sites\/2\/2019\/06\/soc-petiteta.jpg 800w\" sizes=\"(max-width: 267px) 100vw, 267px\" \/><\/a>\n\t\t\t<\/div>\n\t\t\t\t<figcaption class='wp-caption-text gallery-caption' id='gallery-2-1452'>\n\t\t\t\tI1 0 LEN\n\t\t\t\t<\/figcaption><\/figure><figure class='gallery-item'>\n\t\t\t<div class='gallery-icon portrait'>\n\t\t\t\t<a href='https:\/\/biblioteca.blanes.cat\/salainfantil\/wp-content\/uploads\/sites\/2\/2019\/06\/Tinc-6-anys.jpg'><img loading=\"lazy\" decoding=\"async\" width=\"213\" height=\"237\" src=\"https:\/\/biblioteca.blanes.cat\/salainfantil\/wp-content\/uploads\/sites\/2\/2019\/06\/Tinc-6-anys.jpg\" class=\"attachment-medium size-medium\" alt=\"\" aria-describedby=\"gallery-2-1453\" \/><\/a>\n\t\t\t<\/div>\n\t\t\t\t<figcaption class='wp-caption-text gallery-caption' id='gallery-2-1453'>\n\t\t\t\tI1 0 OBI\n\t\t\t\t<\/figcaption><\/figure><figure class='gallery-item'>\n\t\t\t<div class='gallery-icon landscape'>\n\t\t\t\t<a href='https:\/\/biblioteca.blanes.cat\/salainfantil\/wp-content\/uploads\/sites\/2\/2019\/06\/tot-el-que-se-de-la-gent.jpg'><img loading=\"lazy\" decoding=\"async\" width=\"300\" height=\"300\" src=\"https:\/\/biblioteca.blanes.cat\/salainfantil\/wp-content\/uploads\/sites\/2\/2019\/06\/tot-el-que-se-de-la-gent-300x300.jpg\" class=\"attachment-medium size-medium\" alt=\"\" aria-describedby=\"gallery-2-1454\" srcset=\"https:\/\/biblioteca.blanes.cat\/salainfantil\/wp-content\/uploads\/sites\/2\/2019\/06\/tot-el-que-se-de-la-gent-300x300.jpg 300w, https:\/\/biblioteca.blanes.cat\/salainfantil\/wp-content\/uploads\/sites\/2\/2019\/06\/tot-el-que-se-de-la-gent-150x150.jpg 150w, https:\/\/biblioteca.blanes.cat\/salainfantil\/wp-content\/uploads\/sites\/2\/2019\/06\/tot-el-que-se-de-la-gent-768x768.jpg 768w, https:\/\/biblioteca.blanes.cat\/salainfantil\/wp-content\/uploads\/sites\/2\/2019\/06\/tot-el-que-se-de-la-gent-1024x1024.jpg 1024w, https:\/\/biblioteca.blanes.cat\/salainfantil\/wp-content\/uploads\/sites\/2\/2019\/06\/tot-el-que-se-de-la-gent-270x270.jpg 270w, https:\/\/biblioteca.blanes.cat\/salainfantil\/wp-content\/uploads\/sites\/2\/2019\/06\/tot-el-que-se-de-la-gent-230x230.jpg 230w, https:\/\/biblioteca.blanes.cat\/salainfantil\/wp-content\/uploads\/sites\/2\/2019\/06\/tot-el-que-se-de-la-gent.jpg 1080w\" sizes=\"(max-width: 300px) 100vw, 300px\" \/><\/a>\n\t\t\t<\/div>\n\t\t\t\t<figcaption class='wp-caption-text gallery-caption' id='gallery-2-1454'>\n\t\t\t\tI1 COP\n\t\t\t\t<\/figcaption><\/figure><figure class='gallery-item'>\n\t\t\t<div class='gallery-icon portrait'>\n\t\t\t\t<a href='https:\/\/biblioteca.blanes.cat\/salainfantil\/wp-content\/uploads\/sites\/2\/2019\/06\/Turlututu.jpg'><img loading=\"lazy\" decoding=\"async\" width=\"290\" height=\"300\" src=\"https:\/\/biblioteca.blanes.cat\/salainfantil\/wp-content\/uploads\/sites\/2\/2019\/06\/Turlututu-290x300.jpg\" class=\"attachment-medium size-medium\" alt=\"\" aria-describedby=\"gallery-2-1455\" srcset=\"https:\/\/biblioteca.blanes.cat\/salainfantil\/wp-content\/uploads\/sites\/2\/2019\/06\/Turlututu-290x300.jpg 290w, https:\/\/biblioteca.blanes.cat\/salainfantil\/wp-content\/uploads\/sites\/2\/2019\/06\/Turlututu.jpg 350w\" sizes=\"(max-width: 290px) 100vw, 290px\" \/><\/a>\n\t\t\t<\/div>\n\t\t\t\t<figcaption class='wp-caption-text gallery-caption' id='gallery-2-1455'>\n\t\t\t\tI1 0 TUR\n\t\t\t\t<\/figcaption><\/figure><figure class='gallery-item'>\n\t\t\t<div class='gallery-icon landscape'>\n\t\t\t\t<a href='https:\/\/biblioteca.blanes.cat\/salainfantil\/wp-content\/uploads\/sites\/2\/2019\/06\/9788491910046.png'><img loading=\"lazy\" decoding=\"async\" width=\"225\" height=\"202\" src=\"https:\/\/biblioteca.blanes.cat\/salainfantil\/wp-content\/uploads\/sites\/2\/2019\/06\/9788491910046.png\" class=\"attachment-medium size-medium\" alt=\"\" aria-describedby=\"gallery-2-1456\" \/><\/a>\n\t\t\t<\/div>\n\t\t\t\t<figcaption class='wp-caption-text gallery-caption' id='gallery-2-1456'>\n\t\t\t\tI1 UNI P\n\t\t\t\t<\/figcaption><\/figure><figure class='gallery-item'>\n\t\t\t<div class='gallery-icon portrait'>\n\t\t\t\t<a href='https:\/\/biblioteca.blanes.cat\/salainfantil\/wp-content\/uploads\/sites\/2\/2019\/06\/El-conill-enamorat.jpg'><img loading=\"lazy\" decoding=\"async\" width=\"260\" height=\"300\" src=\"https:\/\/biblioteca.blanes.cat\/salainfantil\/wp-content\/uploads\/sites\/2\/2019\/06\/El-conill-enamorat-260x300.jpg\" class=\"attachment-medium size-medium\" alt=\"\" aria-describedby=\"gallery-2-1457\" srcset=\"https:\/\/biblioteca.blanes.cat\/salainfantil\/wp-content\/uploads\/sites\/2\/2019\/06\/El-conill-enamorat-260x300.jpg 260w, https:\/\/biblioteca.blanes.cat\/salainfantil\/wp-content\/uploads\/sites\/2\/2019\/06\/El-conill-enamorat.jpg 400w\" sizes=\"(max-width: 260px) 100vw, 260px\" \/><\/a>\n\t\t\t<\/div>\n\t\t\t\t<figcaption class='wp-caption-text gallery-caption' id='gallery-2-1457'>\n\t\t\t\tI1 0 COM\n\t\t\t\t<\/figcaption><\/figure><figure class='gallery-item'>\n\t\t\t<div class='gallery-icon portrait'>\n\t\t\t\t<a href='https:\/\/biblioteca.blanes.cat\/salainfantil\/wp-content\/uploads\/sites\/2\/2019\/06\/El-Conte-de-la-nit.jpg'><img loading=\"lazy\" decoding=\"async\" width=\"194\" height=\"260\" src=\"https:\/\/biblioteca.blanes.cat\/salainfantil\/wp-content\/uploads\/sites\/2\/2019\/06\/El-Conte-de-la-nit.jpg\" class=\"attachment-medium size-medium\" alt=\"\" aria-describedby=\"gallery-2-1458\" \/><\/a>\n\t\t\t<\/div>\n\t\t\t\t<figcaption class='wp-caption-text gallery-caption' id='gallery-2-1458'>\n\t\t\t\tI1 0 GIL\n\t\t\t\t<\/figcaption><\/figure><figure class='gallery-item'>\n\t\t\t<div class='gallery-icon portrait'>\n\t\t\t\t<a href='https:\/\/biblioteca.blanes.cat\/salainfantil\/wp-content\/uploads\/sites\/2\/2019\/06\/El-Monstre-de-colors-va-a-lescola.jpg'><img loading=\"lazy\" decoding=\"async\" width=\"229\" height=\"230\" src=\"https:\/\/biblioteca.blanes.cat\/salainfantil\/wp-content\/uploads\/sites\/2\/2019\/06\/El-Monstre-de-colors-va-a-lescola.jpg\" class=\"attachment-medium size-medium\" alt=\"\" aria-describedby=\"gallery-2-1459\" srcset=\"https:\/\/biblioteca.blanes.cat\/salainfantil\/wp-content\/uploads\/sites\/2\/2019\/06\/El-Monstre-de-colors-va-a-lescola.jpg 229w, https:\/\/biblioteca.blanes.cat\/salainfantil\/wp-content\/uploads\/sites\/2\/2019\/06\/El-Monstre-de-colors-va-a-lescola-150x150.jpg 150w\" sizes=\"(max-width: 229px) 100vw, 229px\" \/><\/a>\n\t\t\t<\/div>\n\t\t\t\t<figcaption class='wp-caption-text gallery-caption' id='gallery-2-1459'>\n\t\t\t\tI1 0 LLE\n\t\t\t\t<\/figcaption><\/figure><figure class='gallery-item'>\n\t\t\t<div class='gallery-icon landscape'>\n\t\t\t\t<a href='https:\/\/biblioteca.blanes.cat\/salainfantil\/wp-content\/uploads\/sites\/2\/2019\/06\/El-Nino-que-no-queria-ser-azul-la-nina-que-no-queria-ser-rosa.jpg'><img loading=\"lazy\" decoding=\"async\" width=\"300\" height=\"300\" src=\"https:\/\/biblioteca.blanes.cat\/salainfantil\/wp-content\/uploads\/sites\/2\/2019\/06\/El-Nino-que-no-queria-ser-azul-la-nina-que-no-queria-ser-rosa-300x300.jpg\" class=\"attachment-medium size-medium\" alt=\"\" aria-describedby=\"gallery-2-1460\" srcset=\"https:\/\/biblioteca.blanes.cat\/salainfantil\/wp-content\/uploads\/sites\/2\/2019\/06\/El-Nino-que-no-queria-ser-azul-la-nina-que-no-queria-ser-rosa-300x300.jpg 300w, https:\/\/biblioteca.blanes.cat\/salainfantil\/wp-content\/uploads\/sites\/2\/2019\/06\/El-Nino-que-no-queria-ser-azul-la-nina-que-no-queria-ser-rosa-150x150.jpg 150w, https:\/\/biblioteca.blanes.cat\/salainfantil\/wp-content\/uploads\/sites\/2\/2019\/06\/El-Nino-que-no-queria-ser-azul-la-nina-que-no-queria-ser-rosa-270x270.jpg 270w, https:\/\/biblioteca.blanes.cat\/salainfantil\/wp-content\/uploads\/sites\/2\/2019\/06\/El-Nino-que-no-queria-ser-azul-la-nina-que-no-queria-ser-rosa-230x230.jpg 230w, https:\/\/biblioteca.blanes.cat\/salainfantil\/wp-content\/uploads\/sites\/2\/2019\/06\/El-Nino-que-no-queria-ser-azul-la-nina-que-no-queria-ser-rosa.jpg 640w\" sizes=\"(max-width: 300px) 100vw, 300px\" \/><\/a>\n\t\t\t<\/div>\n\t\t\t\t<figcaption class='wp-caption-text gallery-caption' id='gallery-2-1460'>\n\t\t\t\tI1 DES IM\n\t\t\t\t<\/figcaption><\/figure><figure class='gallery-item'>\n\t\t\t<div class='gallery-icon portrait'>\n\t\t\t\t<a href='https:\/\/biblioteca.blanes.cat\/salainfantil\/wp-content\/uploads\/sites\/2\/2019\/06\/El-Sentit-del-vent.jpg'><img loading=\"lazy\" decoding=\"async\" width=\"187\" height=\"269\" src=\"https:\/\/biblioteca.blanes.cat\/salainfantil\/wp-content\/uploads\/sites\/2\/2019\/06\/El-Sentit-del-vent.jpg\" class=\"attachment-medium size-medium\" alt=\"\" aria-describedby=\"gallery-2-1461\" \/><\/a>\n\t\t\t<\/div>\n\t\t\t\t<figcaption class='wp-caption-text gallery-caption' id='gallery-2-1461'>\n\t\t\t\tI1 0 TOR\n\t\t\t\t<\/figcaption><\/figure><figure class='gallery-item'>\n\t\t\t<div class='gallery-icon portrait'>\n\t\t\t\t<a href='https:\/\/biblioteca.blanes.cat\/salainfantil\/wp-content\/uploads\/sites\/2\/2019\/06\/En-Candid-i-la-resta.jpg'><img loading=\"lazy\" decoding=\"async\" width=\"172\" height=\"293\" src=\"https:\/\/biblioteca.blanes.cat\/salainfantil\/wp-content\/uploads\/sites\/2\/2019\/06\/En-Candid-i-la-resta.jpg\" class=\"attachment-medium size-medium\" alt=\"\" aria-describedby=\"gallery-2-1462\" \/><\/a>\n\t\t\t<\/div>\n\t\t\t\t<figcaption class='wp-caption-text gallery-caption' id='gallery-2-1462'>\n\t\t\t\tI1 0 PIN\n\t\t\t\t<\/figcaption><\/figure><figure class='gallery-item'>\n\t\t\t<div class='gallery-icon portrait'>\n\t\t\t\t<a href='https:\/\/biblioteca.blanes.cat\/salainfantil\/wp-content\/uploads\/sites\/2\/2019\/06\/Grans-de-sorra.jpg'><img loading=\"lazy\" decoding=\"async\" width=\"212\" height=\"238\" src=\"https:\/\/biblioteca.blanes.cat\/salainfantil\/wp-content\/uploads\/sites\/2\/2019\/06\/Grans-de-sorra.jpg\" class=\"attachment-medium size-medium\" alt=\"\" aria-describedby=\"gallery-2-1463\" \/><\/a>\n\t\t\t<\/div>\n\t\t\t\t<figcaption class='wp-caption-text gallery-caption' id='gallery-2-1463'>\n\t\t\t\tI1 0 DEL\n\t\t\t\t<\/figcaption><\/figure><figure class='gallery-item'>\n\t\t\t<div class='gallery-icon landscape'>\n\t\t\t\t<a href='https:\/\/biblioteca.blanes.cat\/salainfantil\/wp-content\/uploads\/sites\/2\/2019\/06\/La-gata-i-el-ratoli.png'><img loading=\"lazy\" decoding=\"async\" width=\"225\" height=\"202\" src=\"https:\/\/biblioteca.blanes.cat\/salainfantil\/wp-content\/uploads\/sites\/2\/2019\/06\/La-gata-i-el-ratoli.png\" class=\"attachment-medium size-medium\" alt=\"\" aria-describedby=\"gallery-2-1464\" \/><\/a>\n\t\t\t<\/div>\n\t\t\t\t<figcaption class='wp-caption-text gallery-caption' id='gallery-2-1464'>\n\t\t\t\tI1 UNI P\n\t\t\t\t<\/figcaption><\/figure><figure class='gallery-item'>\n\t\t\t<div class='gallery-icon landscape'>\n\t\t\t\t<a href='https:\/\/biblioteca.blanes.cat\/salainfantil\/wp-content\/uploads\/sites\/2\/2019\/06\/La-rebellio-dels-avorrits.jpg'><img loading=\"lazy\" decoding=\"async\" width=\"300\" height=\"276\" src=\"https:\/\/biblioteca.blanes.cat\/salainfantil\/wp-content\/uploads\/sites\/2\/2019\/06\/La-rebellio-dels-avorrits-300x276.jpg\" class=\"attachment-medium size-medium\" alt=\"\" aria-describedby=\"gallery-2-1465\" srcset=\"https:\/\/biblioteca.blanes.cat\/salainfantil\/wp-content\/uploads\/sites\/2\/2019\/06\/La-rebellio-dels-avorrits-300x276.jpg 300w, https:\/\/biblioteca.blanes.cat\/salainfantil\/wp-content\/uploads\/sites\/2\/2019\/06\/La-rebellio-dels-avorrits-768x706.jpg 768w, https:\/\/biblioteca.blanes.cat\/salainfantil\/wp-content\/uploads\/sites\/2\/2019\/06\/La-rebellio-dels-avorrits.jpg 800w\" sizes=\"(max-width: 300px) 100vw, 300px\" \/><\/a>\n\t\t\t<\/div>\n\t\t\t\t<figcaption class='wp-caption-text gallery-caption' id='gallery-2-1465'>\n\t\t\t\tI1 MUL IM\n\t\t\t\t<\/figcaption><\/figure><figure class='gallery-item'>\n\t\t\t<div class='gallery-icon portrait'>\n\t\t\t\t<a href='https:\/\/biblioteca.blanes.cat\/salainfantil\/wp-content\/uploads\/sites\/2\/2019\/06\/Mai-no-estan-contents.jpg'><img loading=\"lazy\" decoding=\"async\" width=\"200\" height=\"252\" src=\"https:\/\/biblioteca.blanes.cat\/salainfantil\/wp-content\/uploads\/sites\/2\/2019\/06\/Mai-no-estan-contents.jpg\" class=\"attachment-medium size-medium\" alt=\"\" aria-describedby=\"gallery-2-1466\" \/><\/a>\n\t\t\t<\/div>\n\t\t\t\t<figcaption class='wp-caption-text gallery-caption' id='gallery-2-1466'>\n\t\t\t\tI1 CON IM\n\t\t\t\t<\/figcaption><\/figure><figure class='gallery-item'>\n\t\t\t<div class='gallery-icon landscape'>\n\t\t\t\t<a href='https:\/\/biblioteca.blanes.cat\/salainfantil\/wp-content\/uploads\/sites\/2\/2019\/06\/No-\u00e9s-culpa-meva.jpg'><img loading=\"lazy\" decoding=\"async\" width=\"225\" height=\"225\" src=\"https:\/\/biblioteca.blanes.cat\/salainfantil\/wp-content\/uploads\/sites\/2\/2019\/06\/No-\u00e9s-culpa-meva.jpg\" class=\"attachment-medium size-medium\" alt=\"\" aria-describedby=\"gallery-2-1467\" srcset=\"https:\/\/biblioteca.blanes.cat\/salainfantil\/wp-content\/uploads\/sites\/2\/2019\/06\/No-\u00e9s-culpa-meva.jpg 225w, https:\/\/biblioteca.blanes.cat\/salainfantil\/wp-content\/uploads\/sites\/2\/2019\/06\/No-\u00e9s-culpa-meva-150x150.jpg 150w\" sizes=\"(max-width: 225px) 100vw, 225px\" \/><\/a>\n\t\t\t<\/div>\n\t\t\t\t<figcaption class='wp-caption-text gallery-caption' id='gallery-2-1467'>\n\t\t\t\tI1 LLI IM\n\t\t\t\t<\/figcaption><\/figure>\n\t\t<\/div>\n\n<p><span style=\"font-family: Lato; font-size: 24px; color: #ff0000;\">De 7 a 8 anys:<\/span><\/p>\n<div id='gallery-3' class='gallery galleryid-1435 gallery-columns-6 gallery-size-medium'><figure class='gallery-item'>\n\t\t\t<div class='gallery-icon portrait'>\n\t\t\t\t<a href='https:\/\/biblioteca.blanes.cat\/salainfantil\/wp-content\/uploads\/sites\/2\/2019\/06\/A-ver-quien-duerme-ahora.jpg'><img loading=\"lazy\" decoding=\"async\" width=\"204\" height=\"247\" src=\"https:\/\/biblioteca.blanes.cat\/salainfantil\/wp-content\/uploads\/sites\/2\/2019\/06\/A-ver-quien-duerme-ahora.jpg\" class=\"attachment-medium size-medium\" alt=\"\" aria-describedby=\"gallery-3-1468\" \/><\/a>\n\t\t\t<\/div>\n\t\t\t\t<figcaption class='wp-caption-text gallery-caption' id='gallery-3-1468'>\n\t\t\t\tI2 NIA\n\t\t\t\t<\/figcaption><\/figure><figure class='gallery-item'>\n\t\t\t<div class='gallery-icon portrait'>\n\t\t\t\t<a href='https:\/\/biblioteca.blanes.cat\/salainfantil\/wp-content\/uploads\/sites\/2\/2019\/06\/Artista.jpg'><img loading=\"lazy\" decoding=\"async\" width=\"189\" height=\"267\" src=\"https:\/\/biblioteca.blanes.cat\/salainfantil\/wp-content\/uploads\/sites\/2\/2019\/06\/Artista.jpg\" class=\"attachment-medium size-medium\" alt=\"\" aria-describedby=\"gallery-3-1469\" \/><\/a>\n\t\t\t<\/div>\n\t\t\t\t<figcaption class='wp-caption-text gallery-caption' id='gallery-3-1469'>\n\t\t\t\tI2 0 HER\n\t\t\t\t<\/figcaption><\/figure><figure class='gallery-item'>\n\t\t\t<div class='gallery-icon portrait'>\n\t\t\t\t<a href='https:\/\/biblioteca.blanes.cat\/salainfantil\/wp-content\/uploads\/sites\/2\/2019\/06\/Colmillo-Blanco.jpg'><img loading=\"lazy\" decoding=\"async\" width=\"197\" height=\"255\" src=\"https:\/\/biblioteca.blanes.cat\/salainfantil\/wp-content\/uploads\/sites\/2\/2019\/06\/Colmillo-Blanco.jpg\" class=\"attachment-medium size-medium\" alt=\"\" aria-describedby=\"gallery-3-1470\" \/><\/a>\n\t\t\t<\/div>\n\t\t\t\t<figcaption class='wp-caption-text gallery-caption' id='gallery-3-1470'>\n\t\t\t\tI2 CLA\n\t\t\t\t<\/figcaption><\/figure><figure class='gallery-item'>\n\t\t\t<div class='gallery-icon portrait'>\n\t\t\t\t<a href='https:\/\/biblioteca.blanes.cat\/salainfantil\/wp-content\/uploads\/sites\/2\/2019\/06\/El-Dia-que-Baldomero-robo-el-sol.jpg'><img loading=\"lazy\" decoding=\"async\" width=\"176\" height=\"287\" src=\"https:\/\/biblioteca.blanes.cat\/salainfantil\/wp-content\/uploads\/sites\/2\/2019\/06\/El-Dia-que-Baldomero-robo-el-sol.jpg\" class=\"attachment-medium size-medium\" alt=\"\" aria-describedby=\"gallery-3-1471\" \/><\/a>\n\t\t\t<\/div>\n\t\t\t\t<figcaption class='wp-caption-text gallery-caption' id='gallery-3-1471'>\n\t\t\t\tI2 0 GRA\n\t\t\t\t<\/figcaption><\/figure><figure class='gallery-item'>\n\t\t\t<div class='gallery-icon portrait'>\n\t\t\t\t<a href='https:\/\/biblioteca.blanes.cat\/salainfantil\/wp-content\/uploads\/sites\/2\/2019\/06\/El-Invierno-de-Escandia.jpg'><img loading=\"lazy\" decoding=\"async\" width=\"209\" height=\"242\" src=\"https:\/\/biblioteca.blanes.cat\/salainfantil\/wp-content\/uploads\/sites\/2\/2019\/06\/El-Invierno-de-Escandia.jpg\" class=\"attachment-medium size-medium\" alt=\"\" aria-describedby=\"gallery-3-1472\" \/><\/a>\n\t\t\t<\/div>\n\t\t\t\t<figcaption class='wp-caption-text gallery-caption' id='gallery-3-1472'>\n\t\t\t\tI2 NIA\n\t\t\t\t<\/figcaption><\/figure><figure class='gallery-item'>\n\t\t\t<div class='gallery-icon portrait'>\n\t\t\t\t<a href='https:\/\/biblioteca.blanes.cat\/salainfantil\/wp-content\/uploads\/sites\/2\/2019\/06\/El-Raul-surt-del-laberint.jpg'><img loading=\"lazy\" decoding=\"async\" width=\"191\" height=\"264\" src=\"https:\/\/biblioteca.blanes.cat\/salainfantil\/wp-content\/uploads\/sites\/2\/2019\/06\/El-Raul-surt-del-laberint.jpg\" class=\"attachment-medium size-medium\" alt=\"\" aria-describedby=\"gallery-3-1473\" \/><\/a>\n\t\t\t<\/div>\n\t\t\t\t<figcaption class='wp-caption-text gallery-caption' id='gallery-3-1473'>\n\t\t\t\tI2 APA\n\t\t\t\t<\/figcaption><\/figure><figure class='gallery-item'>\n\t\t\t<div class='gallery-icon landscape'>\n\t\t\t\t<a href='https:\/\/biblioteca.blanes.cat\/salainfantil\/wp-content\/uploads\/sites\/2\/2019\/06\/El-Sueno-del-caracol.jpg'><img loading=\"lazy\" decoding=\"async\" width=\"253\" height=\"199\" src=\"https:\/\/biblioteca.blanes.cat\/salainfantil\/wp-content\/uploads\/sites\/2\/2019\/06\/El-Sueno-del-caracol.jpg\" class=\"attachment-medium size-medium\" alt=\"\" aria-describedby=\"gallery-3-1474\" \/><\/a>\n\t\t\t<\/div>\n\t\t\t\t<figcaption class='wp-caption-text gallery-caption' id='gallery-3-1474'>\n\t\t\t\tI2 0 ORT\n\t\t\t\t<\/figcaption><\/figure><figure class='gallery-item'>\n\t\t\t<div class='gallery-icon portrait'>\n\t\t\t\t<a href='https:\/\/biblioteca.blanes.cat\/salainfantil\/wp-content\/uploads\/sites\/2\/2019\/06\/Els-Secrets-de-lescola.jpg'><img loading=\"lazy\" decoding=\"async\" width=\"189\" height=\"266\" src=\"https:\/\/biblioteca.blanes.cat\/salainfantil\/wp-content\/uploads\/sites\/2\/2019\/06\/Els-Secrets-de-lescola.jpg\" class=\"attachment-medium size-medium\" alt=\"\" aria-describedby=\"gallery-3-1475\" \/><\/a>\n\t\t\t<\/div>\n\t\t\t\t<figcaption class='wp-caption-text gallery-caption' id='gallery-3-1475'>\n\t\t\t\tI2 BLA\n\t\t\t\t<\/figcaption><\/figure><figure class='gallery-item'>\n\t\t\t<div class='gallery-icon portrait'>\n\t\t\t\t<a href='https:\/\/biblioteca.blanes.cat\/salainfantil\/wp-content\/uploads\/sites\/2\/2019\/06\/La-Gran-enciclopedia-de-las-abuelas.jpg'><img loading=\"lazy\" decoding=\"async\" width=\"188\" height=\"268\" src=\"https:\/\/biblioteca.blanes.cat\/salainfantil\/wp-content\/uploads\/sites\/2\/2019\/06\/La-Gran-enciclopedia-de-las-abuelas.jpg\" class=\"attachment-medium size-medium\" alt=\"\" aria-describedby=\"gallery-3-1476\" \/><\/a>\n\t\t\t<\/div>\n\t\t\t\t<figcaption class='wp-caption-text gallery-caption' id='gallery-3-1476'>\n\t\t\t\tI2 BLA\n\t\t\t\t<\/figcaption><\/figure><figure class='gallery-item'>\n\t\t\t<div class='gallery-icon portrait'>\n\t\t\t\t<a href='https:\/\/biblioteca.blanes.cat\/salainfantil\/wp-content\/uploads\/sites\/2\/2019\/06\/Los-Cochinos-traviesos.jpg'><img loading=\"lazy\" decoding=\"async\" width=\"192\" height=\"263\" src=\"https:\/\/biblioteca.blanes.cat\/salainfantil\/wp-content\/uploads\/sites\/2\/2019\/06\/Los-Cochinos-traviesos.jpg\" class=\"attachment-medium size-medium\" alt=\"\" aria-describedby=\"gallery-3-1477\" \/><\/a>\n\t\t\t<\/div>\n\t\t\t\t<figcaption class='wp-caption-text gallery-caption' id='gallery-3-1477'>\n\t\t\t\tI2 0 MUS\n\t\t\t\t<\/figcaption><\/figure><figure class='gallery-item'>\n\t\t\t<div class='gallery-icon portrait'>\n\t\t\t\t<a href='https:\/\/biblioteca.blanes.cat\/salainfantil\/wp-content\/uploads\/sites\/2\/2019\/06\/Mujercitas.jpg'><img loading=\"lazy\" decoding=\"async\" width=\"197\" height=\"256\" src=\"https:\/\/biblioteca.blanes.cat\/salainfantil\/wp-content\/uploads\/sites\/2\/2019\/06\/Mujercitas.jpg\" class=\"attachment-medium size-medium\" alt=\"\" aria-describedby=\"gallery-3-1478\" \/><\/a>\n\t\t\t<\/div>\n\t\t\t\t<figcaption class='wp-caption-text gallery-caption' id='gallery-3-1478'>\n\t\t\t\tI2 CLA\n\t\t\t\t<\/figcaption><\/figure><figure class='gallery-item'>\n\t\t\t<div class='gallery-icon portrait'>\n\t\t\t\t<a href='https:\/\/biblioteca.blanes.cat\/salainfantil\/wp-content\/uploads\/sites\/2\/2019\/06\/Mussol-a-casa.jpg'><img loading=\"lazy\" decoding=\"async\" width=\"195\" height=\"258\" src=\"https:\/\/biblioteca.blanes.cat\/salainfantil\/wp-content\/uploads\/sites\/2\/2019\/06\/Mussol-a-casa.jpg\" class=\"attachment-medium size-medium\" alt=\"\" aria-describedby=\"gallery-3-1479\" \/><\/a>\n\t\t\t<\/div>\n\t\t\t\t<figcaption class='wp-caption-text gallery-caption' id='gallery-3-1479'>\n\t\t\t\tI2 0 LOB\n\t\t\t\t<\/figcaption><\/figure><figure class='gallery-item'>\n\t\t\t<div class='gallery-icon portrait'>\n\t\t\t\t<a href='https:\/\/biblioteca.blanes.cat\/salainfantil\/wp-content\/uploads\/sites\/2\/2019\/06\/Palomitas.jpg'><img loading=\"lazy\" decoding=\"async\" width=\"204\" height=\"247\" src=\"https:\/\/biblioteca.blanes.cat\/salainfantil\/wp-content\/uploads\/sites\/2\/2019\/06\/Palomitas.jpg\" class=\"attachment-medium size-medium\" alt=\"\" aria-describedby=\"gallery-3-1480\" \/><\/a>\n\t\t\t<\/div>\n\t\t\t\t<figcaption class='wp-caption-text gallery-caption' id='gallery-3-1480'>\n\t\t\t\tI2 NIA\n\t\t\t\t<\/figcaption><\/figure><figure class='gallery-item'>\n\t\t\t<div class='gallery-icon portrait'>\n\t\t\t\t<a href='https:\/\/biblioteca.blanes.cat\/salainfantil\/wp-content\/uploads\/sites\/2\/2019\/06\/Stracciantela.jpg'><img loading=\"lazy\" decoding=\"async\" width=\"204\" height=\"247\" src=\"https:\/\/biblioteca.blanes.cat\/salainfantil\/wp-content\/uploads\/sites\/2\/2019\/06\/Stracciantela.jpg\" class=\"attachment-medium size-medium\" alt=\"\" aria-describedby=\"gallery-3-1481\" \/><\/a>\n\t\t\t<\/div>\n\t\t\t\t<figcaption class='wp-caption-text gallery-caption' id='gallery-3-1481'>\n\t\t\t\tI2 NIA\n\t\t\t\t<\/figcaption><\/figure><figure class='gallery-item'>\n\t\t\t<div class='gallery-icon portrait'>\n\t\t\t\t<a href='https:\/\/biblioteca.blanes.cat\/salainfantil\/wp-content\/uploads\/sites\/2\/2019\/06\/Un-Animal-m\u00e1gico.jpg'><img loading=\"lazy\" decoding=\"async\" width=\"204\" height=\"247\" src=\"https:\/\/biblioteca.blanes.cat\/salainfantil\/wp-content\/uploads\/sites\/2\/2019\/06\/Un-Animal-m\u00e1gico.jpg\" class=\"attachment-medium size-medium\" alt=\"\" aria-describedby=\"gallery-3-1482\" \/><\/a>\n\t\t\t<\/div>\n\t\t\t\t<figcaption class='wp-caption-text gallery-caption' id='gallery-3-1482'>\n\t\t\t\tI2 NIA\n\t\t\t\t<\/figcaption><\/figure>\n\t\t<\/div>\n\n<p><span style=\"color: #339966; font-size: 24px;\">De 9 a 11 anys:<\/span><\/p>\n<div id='gallery-4' class='gallery galleryid-1435 gallery-columns-6 gallery-size-medium'><figure class='gallery-item'>\n\t\t\t<div class='gallery-icon portrait'>\n\t\t\t\t<a href='https:\/\/biblioteca.blanes.cat\/salainfantil\/wp-content\/uploads\/sites\/2\/2019\/06\/Un-gorri\u00f3n-en-mis-manos.jpg'><img loading=\"lazy\" decoding=\"async\" width=\"179\" height=\"281\" src=\"https:\/\/biblioteca.blanes.cat\/salainfantil\/wp-content\/uploads\/sites\/2\/2019\/06\/Un-gorri\u00f3n-en-mis-manos.jpg\" class=\"attachment-medium size-medium\" alt=\"\" aria-describedby=\"gallery-4-1483\" \/><\/a>\n\t\t\t<\/div>\n\t\t\t\t<figcaption class='wp-caption-text gallery-caption' id='gallery-4-1483'>\n\t\t\t\tI3 0 ROD\n\t\t\t\t<\/figcaption><\/figure><figure class='gallery-item'>\n\t\t\t<div class='gallery-icon portrait'>\n\t\t\t\t<a href='https:\/\/biblioteca.blanes.cat\/salainfantil\/wp-content\/uploads\/sites\/2\/2019\/06\/El-Camino-del-gol.jpg'><img loading=\"lazy\" decoding=\"async\" width=\"189\" height=\"267\" src=\"https:\/\/biblioteca.blanes.cat\/salainfantil\/wp-content\/uploads\/sites\/2\/2019\/06\/El-Camino-del-gol.jpg\" class=\"attachment-medium size-medium\" alt=\"\" aria-describedby=\"gallery-4-1484\" \/><\/a>\n\t\t\t<\/div>\n\t\t\t\t<figcaption class='wp-caption-text gallery-caption' id='gallery-4-1484'>\n\t\t\t\tI3 0 DJM\n\t\t\t\t<\/figcaption><\/figure><figure class='gallery-item'>\n\t\t\t<div class='gallery-icon landscape'>\n\t\t\t\t<a href='https:\/\/biblioteca.blanes.cat\/salainfantil\/wp-content\/uploads\/sites\/2\/2019\/06\/El-Fantasma-de-lhipermercat.jpg'><img loading=\"lazy\" decoding=\"async\" width=\"225\" height=\"225\" src=\"https:\/\/biblioteca.blanes.cat\/salainfantil\/wp-content\/uploads\/sites\/2\/2019\/06\/El-Fantasma-de-lhipermercat.jpg\" class=\"attachment-medium size-medium\" alt=\"\" aria-describedby=\"gallery-4-1485\" srcset=\"https:\/\/biblioteca.blanes.cat\/salainfantil\/wp-content\/uploads\/sites\/2\/2019\/06\/El-Fantasma-de-lhipermercat.jpg 225w, https:\/\/biblioteca.blanes.cat\/salainfantil\/wp-content\/uploads\/sites\/2\/2019\/06\/El-Fantasma-de-lhipermercat-150x150.jpg 150w\" sizes=\"(max-width: 225px) 100vw, 225px\" \/><\/a>\n\t\t\t<\/div>\n\t\t\t\t<figcaption class='wp-caption-text gallery-caption' id='gallery-4-1485'>\n\t\t\t\tI3 CRE\n\t\t\t\t<\/figcaption><\/figure><figure class='gallery-item'>\n\t\t\t<div class='gallery-icon portrait'>\n\t\t\t\t<a href='https:\/\/biblioteca.blanes.cat\/salainfantil\/wp-content\/uploads\/sites\/2\/2019\/06\/El-Hacker-que-volia-ser-lamo-del-mon.jpg'><img loading=\"lazy\" decoding=\"async\" width=\"213\" height=\"300\" src=\"https:\/\/biblioteca.blanes.cat\/salainfantil\/wp-content\/uploads\/sites\/2\/2019\/06\/El-Hacker-que-volia-ser-lamo-del-mon-213x300.jpg\" class=\"attachment-medium size-medium\" alt=\"\" aria-describedby=\"gallery-4-1486\" srcset=\"https:\/\/biblioteca.blanes.cat\/salainfantil\/wp-content\/uploads\/sites\/2\/2019\/06\/El-Hacker-que-volia-ser-lamo-del-mon-213x300.jpg 213w, https:\/\/biblioteca.blanes.cat\/salainfantil\/wp-content\/uploads\/sites\/2\/2019\/06\/El-Hacker-que-volia-ser-lamo-del-mon.jpg 413w\" sizes=\"(max-width: 213px) 100vw, 213px\" \/><\/a>\n\t\t\t<\/div>\n\t\t\t\t<figcaption class='wp-caption-text gallery-caption' id='gallery-4-1486'>\n\t\t\t\tI3 CRE\n\t\t\t\t<\/figcaption><\/figure><figure class='gallery-item'>\n\t\t\t<div class='gallery-icon portrait'>\n\t\t\t\t<a href='https:\/\/biblioteca.blanes.cat\/salainfantil\/wp-content\/uploads\/sites\/2\/2019\/06\/En-Benjami-i-la-bustia-que-escopia-les-cartes.jpg'><img loading=\"lazy\" decoding=\"async\" width=\"188\" height=\"268\" src=\"https:\/\/biblioteca.blanes.cat\/salainfantil\/wp-content\/uploads\/sites\/2\/2019\/06\/En-Benjami-i-la-bustia-que-escopia-les-cartes.jpg\" class=\"attachment-medium size-medium\" alt=\"\" aria-describedby=\"gallery-4-1487\" \/><\/a>\n\t\t\t<\/div>\n\t\t\t\t<figcaption class='wp-caption-text gallery-caption' id='gallery-4-1487'>\n\t\t\t\tI3 SAN\n\t\t\t\t<\/figcaption><\/figure><figure class='gallery-item'>\n\t\t\t<div class='gallery-icon portrait'>\n\t\t\t\t<a href='https:\/\/biblioteca.blanes.cat\/salainfantil\/wp-content\/uploads\/sites\/2\/2019\/06\/Jenny-tiburon.jpg'><img loading=\"lazy\" decoding=\"async\" width=\"181\" height=\"278\" src=\"https:\/\/biblioteca.blanes.cat\/salainfantil\/wp-content\/uploads\/sites\/2\/2019\/06\/Jenny-tiburon.jpg\" class=\"attachment-medium size-medium\" alt=\"\" aria-describedby=\"gallery-4-1488\" \/><\/a>\n\t\t\t<\/div>\n\t\t\t\t<figcaption class='wp-caption-text gallery-caption' id='gallery-4-1488'>\n\t\t\t\tI3 NAR\n\t\t\t\t<\/figcaption><\/figure><figure class='gallery-item'>\n\t\t\t<div class='gallery-icon portrait'>\n\t\t\t\t<a href='https:\/\/biblioteca.blanes.cat\/salainfantil\/wp-content\/uploads\/sites\/2\/2019\/06\/La-Doble-de-Lady-Gigi.jpg'><img loading=\"lazy\" decoding=\"async\" width=\"184\" height=\"274\" src=\"https:\/\/biblioteca.blanes.cat\/salainfantil\/wp-content\/uploads\/sites\/2\/2019\/06\/La-Doble-de-Lady-Gigi.jpg\" class=\"attachment-medium size-medium\" alt=\"\" aria-describedby=\"gallery-4-1489\" \/><\/a>\n\t\t\t<\/div>\n\t\t\t\t<figcaption class='wp-caption-text gallery-caption' id='gallery-4-1489'>\n\t\t\t\tI3 CRE\n\t\t\t\t<\/figcaption><\/figure><figure class='gallery-item'>\n\t\t\t<div class='gallery-icon portrait'>\n\t\t\t\t<a href='https:\/\/biblioteca.blanes.cat\/salainfantil\/wp-content\/uploads\/sites\/2\/2019\/06\/La-Meva-mare-es-la-bomba.jpg'><img loading=\"lazy\" decoding=\"async\" width=\"181\" height=\"278\" src=\"https:\/\/biblioteca.blanes.cat\/salainfantil\/wp-content\/uploads\/sites\/2\/2019\/06\/La-Meva-mare-es-la-bomba.jpg\" class=\"attachment-medium size-medium\" alt=\"\" aria-describedby=\"gallery-4-1490\" \/><\/a>\n\t\t\t<\/div>\n\t\t\t\t<figcaption class='wp-caption-text gallery-caption' id='gallery-4-1490'>\n\t\t\t\tI3 0 WIL\n\t\t\t\t<\/figcaption><\/figure><figure class='gallery-item'>\n\t\t\t<div class='gallery-icon portrait'>\n\t\t\t\t<a href='https:\/\/biblioteca.blanes.cat\/salainfantil\/wp-content\/uploads\/sites\/2\/2019\/06\/La-Victoria-somia.jpg'><img loading=\"lazy\" decoding=\"async\" width=\"188\" height=\"268\" src=\"https:\/\/biblioteca.blanes.cat\/salainfantil\/wp-content\/uploads\/sites\/2\/2019\/06\/La-Victoria-somia.jpg\" class=\"attachment-medium size-medium\" alt=\"\" aria-describedby=\"gallery-4-1491\" \/><\/a>\n\t\t\t<\/div>\n\t\t\t\t<figcaption class='wp-caption-text gallery-caption' id='gallery-4-1491'>\n\t\t\t\tI3 0 FOM\n\t\t\t\t<\/figcaption><\/figure><figure class='gallery-item'>\n\t\t\t<div class='gallery-icon portrait'>\n\t\t\t\t<a href='https:\/\/biblioteca.blanes.cat\/salainfantil\/wp-content\/uploads\/sites\/2\/2019\/06\/LArbre-dels-desigs.jpg'><img loading=\"lazy\" decoding=\"async\" width=\"188\" height=\"268\" src=\"https:\/\/biblioteca.blanes.cat\/salainfantil\/wp-content\/uploads\/sites\/2\/2019\/06\/LArbre-dels-desigs.jpg\" class=\"attachment-medium size-medium\" alt=\"\" aria-describedby=\"gallery-4-1492\" \/><\/a>\n\t\t\t<\/div>\n\t\t\t\t<figcaption class='wp-caption-text gallery-caption' id='gallery-4-1492'>\n\t\t\t\tI3 NAN\n\t\t\t\t<\/figcaption><\/figure><figure class='gallery-item'>\n\t\t\t<div class='gallery-icon portrait'>\n\t\t\t\t<a href='https:\/\/biblioteca.blanes.cat\/salainfantil\/wp-content\/uploads\/sites\/2\/2019\/06\/Las-Tres-puertas-carrera-contra-el-huracan.jpg'><img loading=\"lazy\" decoding=\"async\" width=\"183\" height=\"275\" src=\"https:\/\/biblioteca.blanes.cat\/salainfantil\/wp-content\/uploads\/sites\/2\/2019\/06\/Las-Tres-puertas-carrera-contra-el-huracan.jpg\" class=\"attachment-medium size-medium\" alt=\"\" aria-describedby=\"gallery-4-1493\" \/><\/a>\n\t\t\t<\/div>\n\t\t\t\t<figcaption class='wp-caption-text gallery-caption' id='gallery-4-1493'>\n\t\t\t\tI3 TRE\n\t\t\t\t<\/figcaption><\/figure><figure class='gallery-item'>\n\t\t\t<div class='gallery-icon portrait'>\n\t\t\t\t<a href='https:\/\/biblioteca.blanes.cat\/salainfantil\/wp-content\/uploads\/sites\/2\/2019\/06\/LEmbolic-del-MaxiRobot.png'><img loading=\"lazy\" decoding=\"async\" width=\"184\" height=\"273\" src=\"https:\/\/biblioteca.blanes.cat\/salainfantil\/wp-content\/uploads\/sites\/2\/2019\/06\/LEmbolic-del-MaxiRobot.png\" class=\"attachment-medium size-medium\" alt=\"\" aria-describedby=\"gallery-4-1494\" \/><\/a>\n\t\t\t<\/div>\n\t\t\t\t<figcaption class='wp-caption-text gallery-caption' id='gallery-4-1494'>\n\t\t\t\tI3 ORI\n\t\t\t\t<\/figcaption><\/figure><figure class='gallery-item'>\n\t\t\t<div class='gallery-icon portrait'>\n\t\t\t\t<a href='https:\/\/biblioteca.blanes.cat\/salainfantil\/wp-content\/uploads\/sites\/2\/2019\/06\/Les-Inaudites-aparicions-de-lIlla-de-Nolan.jpg'><img loading=\"lazy\" decoding=\"async\" width=\"185\" height=\"272\" src=\"https:\/\/biblioteca.blanes.cat\/salainfantil\/wp-content\/uploads\/sites\/2\/2019\/06\/Les-Inaudites-aparicions-de-lIlla-de-Nolan.jpg\" class=\"attachment-medium size-medium\" alt=\"\" aria-describedby=\"gallery-4-1495\" \/><\/a>\n\t\t\t<\/div>\n\t\t\t\t<figcaption class='wp-caption-text gallery-caption' id='gallery-4-1495'>\n\t\t\t\tI3 ESC\n\t\t\t\t<\/figcaption><\/figure><figure class='gallery-item'>\n\t\t\t<div class='gallery-icon portrait'>\n\t\t\t\t<a href='https:\/\/biblioteca.blanes.cat\/salainfantil\/wp-content\/uploads\/sites\/2\/2019\/06\/Los-Bold-una-familia-de-hienas.jpg'><img loading=\"lazy\" decoding=\"async\" width=\"181\" height=\"278\" src=\"https:\/\/biblioteca.blanes.cat\/salainfantil\/wp-content\/uploads\/sites\/2\/2019\/06\/Los-Bold-una-familia-de-hienas.jpg\" class=\"attachment-medium size-medium\" alt=\"\" aria-describedby=\"gallery-4-1496\" \/><\/a>\n\t\t\t<\/div>\n\t\t\t\t<figcaption class='wp-caption-text gallery-caption' id='gallery-4-1496'>\n\t\t\t\tI3 0 CLA\n\t\t\t\t<\/figcaption><\/figure><figure class='gallery-item'>\n\t\t\t<div class='gallery-icon portrait'>\n\t\t\t\t<a href='https:\/\/biblioteca.blanes.cat\/salainfantil\/wp-content\/uploads\/sites\/2\/2019\/06\/Segrest-a-la-cerimonia-dels-Oscar.jpg'><img loading=\"lazy\" decoding=\"async\" width=\"185\" height=\"273\" src=\"https:\/\/biblioteca.blanes.cat\/salainfantil\/wp-content\/uploads\/sites\/2\/2019\/06\/Segrest-a-la-cerimonia-dels-Oscar.jpg\" class=\"attachment-medium size-medium\" alt=\"\" aria-describedby=\"gallery-4-1497\" \/><\/a>\n\t\t\t<\/div>\n\t\t\t\t<figcaption class='wp-caption-text gallery-caption' id='gallery-4-1497'>\n\t\t\t\tI3 CRE\n\t\t\t\t<\/figcaption><\/figure><figure class='gallery-item'>\n\t\t\t<div class='gallery-icon landscape'>\n\t\t\t\t<a href='https:\/\/biblioteca.blanes.cat\/salainfantil\/wp-content\/uploads\/sites\/2\/2019\/06\/Star-contra-las-fuerzas-del-mal-Star-y-Marco-una-guia-para-dominar-cualquier-dimensi\u00f3n.jpg'><img loading=\"lazy\" decoding=\"async\" width=\"225\" height=\"225\" src=\"https:\/\/biblioteca.blanes.cat\/salainfantil\/wp-content\/uploads\/sites\/2\/2019\/06\/Star-contra-las-fuerzas-del-mal-Star-y-Marco-una-guia-para-dominar-cualquier-dimensi\u00f3n.jpg\" class=\"attachment-medium size-medium\" alt=\"\" aria-describedby=\"gallery-4-1498\" srcset=\"https:\/\/biblioteca.blanes.cat\/salainfantil\/wp-content\/uploads\/sites\/2\/2019\/06\/Star-contra-las-fuerzas-del-mal-Star-y-Marco-una-guia-para-dominar-cualquier-dimensi\u00f3n.jpg 225w, https:\/\/biblioteca.blanes.cat\/salainfantil\/wp-content\/uploads\/sites\/2\/2019\/06\/Star-contra-las-fuerzas-del-mal-Star-y-Marco-una-guia-para-dominar-cualquier-dimensi\u00f3n-150x150.jpg 150w\" sizes=\"(max-width: 225px) 100vw, 225px\" \/><\/a>\n\t\t\t<\/div>\n\t\t\t\t<figcaption class='wp-caption-text gallery-caption' id='gallery-4-1498'>\n\t\t\t\tI3 LIB\n\t\t\t\t<\/figcaption><\/figure><figure class='gallery-item'>\n\t\t\t<div class='gallery-icon portrait'>\n\t\t\t\t<a href='https:\/\/biblioteca.blanes.cat\/salainfantil\/wp-content\/uploads\/sites\/2\/2019\/06\/The-Crazy-Haacks-y-el-enigma-del-cuadro.jpg'><img loading=\"lazy\" decoding=\"async\" width=\"181\" height=\"278\" src=\"https:\/\/biblioteca.blanes.cat\/salainfantil\/wp-content\/uploads\/sites\/2\/2019\/06\/The-Crazy-Haacks-y-el-enigma-del-cuadro.jpg\" class=\"attachment-medium size-medium\" alt=\"\" aria-describedby=\"gallery-4-1499\" \/><\/a>\n\t\t\t<\/div>\n\t\t\t\t<figcaption class='wp-caption-text gallery-caption' id='gallery-4-1499'>\n\t\t\t\tI3 CRA\n\t\t\t\t<\/figcaption><\/figure><figure class='gallery-item'>\n\t\t\t<div class='gallery-icon portrait'>\n\t\t\t\t<a href='https:\/\/biblioteca.blanes.cat\/salainfantil\/wp-content\/uploads\/sites\/2\/2019\/06\/The-Crazy-Haacks-y-el-reloj-sin-tiempo.jpg'><img loading=\"lazy\" decoding=\"async\" width=\"181\" height=\"279\" src=\"https:\/\/biblioteca.blanes.cat\/salainfantil\/wp-content\/uploads\/sites\/2\/2019\/06\/The-Crazy-Haacks-y-el-reloj-sin-tiempo.jpg\" class=\"attachment-medium size-medium\" alt=\"\" aria-describedby=\"gallery-4-1500\" \/><\/a>\n\t\t\t<\/div>\n\t\t\t\t<figcaption class='wp-caption-text gallery-caption' id='gallery-4-1500'>\n\t\t\t\tI3 CRA\n\t\t\t\t<\/figcaption><\/figure><figure class='gallery-item'>\n\t\t\t<div class='gallery-icon portrait'>\n\t\t\t\t<a href='https:\/\/biblioteca.blanes.cat\/salainfantil\/wp-content\/uploads\/sites\/2\/2019\/06\/Todo-sobre-mi.jpg'><img loading=\"lazy\" decoding=\"async\" width=\"187\" height=\"270\" src=\"https:\/\/biblioteca.blanes.cat\/salainfantil\/wp-content\/uploads\/sites\/2\/2019\/06\/Todo-sobre-mi.jpg\" class=\"attachment-medium size-medium\" alt=\"\" aria-describedby=\"gallery-4-1501\" \/><\/a>\n\t\t\t<\/div>\n\t\t\t\t<figcaption class='wp-caption-text gallery-caption' id='gallery-4-1501'>\n\t\t\t\tI3 INF\n\t\t\t\t<\/figcaption><\/figure><figure class='gallery-item'>\n\t\t\t<div class='gallery-icon portrait'>\n\t\t\t\t<a href='https:\/\/biblioteca.blanes.cat\/salainfantil\/wp-content\/uploads\/sites\/2\/2019\/06\/Un-Canario-feliz.jpg'><img loading=\"lazy\" decoding=\"async\" width=\"182\" height=\"277\" src=\"https:\/\/biblioteca.blanes.cat\/salainfantil\/wp-content\/uploads\/sites\/2\/2019\/06\/Un-Canario-feliz.jpg\" class=\"attachment-medium size-medium\" alt=\"\" aria-describedby=\"gallery-4-1502\" \/><\/a>\n\t\t\t<\/div>\n\t\t\t\t<figcaption class='wp-caption-text gallery-caption' id='gallery-4-1502'>\n\t\t\t\tI3 DUE\n\t\t\t\t<\/figcaption><\/figure>\n\t\t<\/div>\n\n<p>&nbsp;<\/p>\n<h3 style=\"text-align: center;\"><span style=\"font-size: 60px; color: #ff6600;\"><span style=\"font-family: Barrio;\">Mar<\/span><\/span><\/h3>\n<div id='gallery-5' class='gallery galleryid-1435 gallery-columns-6 gallery-size-medium'><figure class='gallery-item'>\n\t\t\t<div class='gallery-icon portrait'>\n\t\t\t\t<a href='https:\/\/biblioteca.blanes.cat\/salainfantil\/wp-content\/uploads\/sites\/2\/2019\/06\/El-abrazo-de-la-sirena.jpg'><img loading=\"lazy\" decoding=\"async\" width=\"182\" height=\"276\" src=\"https:\/\/biblioteca.blanes.cat\/salainfantil\/wp-content\/uploads\/sites\/2\/2019\/06\/El-abrazo-de-la-sirena.jpg\" class=\"attachment-medium size-medium\" alt=\"\" aria-describedby=\"gallery-5-1503\" \/><\/a>\n\t\t\t<\/div>\n\t\t\t\t<figcaption class='wp-caption-text gallery-caption' id='gallery-5-1503'>\n\t\t\t\tI MAR NARRACIONS\n\t\t\t\t<\/figcaption><\/figure><figure class='gallery-item'>\n\t\t\t<div class='gallery-icon portrait'>\n\t\t\t\t<a href='https:\/\/biblioteca.blanes.cat\/salainfantil\/wp-content\/uploads\/sites\/2\/2019\/06\/Lobos-de-mar.jpg'><img loading=\"lazy\" decoding=\"async\" width=\"184\" height=\"274\" src=\"https:\/\/biblioteca.blanes.cat\/salainfantil\/wp-content\/uploads\/sites\/2\/2019\/06\/Lobos-de-mar.jpg\" class=\"attachment-medium size-medium\" alt=\"\" aria-describedby=\"gallery-5-1504\" \/><\/a>\n\t\t\t<\/div>\n\t\t\t\t<figcaption class='wp-caption-text gallery-caption' id='gallery-5-1504'>\n\t\t\t\tI MAR PIRATES\n\t\t\t\t<\/figcaption><\/figure><figure class='gallery-item'>\n\t\t\t<div class='gallery-icon portrait'>\n\t\t\t\t<a href='https:\/\/biblioteca.blanes.cat\/salainfantil\/wp-content\/uploads\/sites\/2\/2019\/06\/mAR.jpg'><img loading=\"lazy\" decoding=\"async\" width=\"221\" height=\"300\" src=\"https:\/\/biblioteca.blanes.cat\/salainfantil\/wp-content\/uploads\/sites\/2\/2019\/06\/mAR-221x300.jpg\" class=\"attachment-medium size-medium\" alt=\"\" aria-describedby=\"gallery-5-1505\" srcset=\"https:\/\/biblioteca.blanes.cat\/salainfantil\/wp-content\/uploads\/sites\/2\/2019\/06\/mAR-221x300.jpg 221w, https:\/\/biblioteca.blanes.cat\/salainfantil\/wp-content\/uploads\/sites\/2\/2019\/06\/mAR-768x1044.jpg 768w, https:\/\/biblioteca.blanes.cat\/salainfantil\/wp-content\/uploads\/sites\/2\/2019\/06\/mAR-753x1024.jpg 753w, https:\/\/biblioteca.blanes.cat\/salainfantil\/wp-content\/uploads\/sites\/2\/2019\/06\/mAR.jpg 1310w\" sizes=\"(max-width: 221px) 100vw, 221px\" \/><\/a>\n\t\t\t<\/div>\n\t\t\t\t<figcaption class='wp-caption-text gallery-caption' id='gallery-5-1505'>\n\t\t\t\tI MAR\n\t\t\t\t<\/figcaption><\/figure><figure class='gallery-item'>\n\t\t\t<div class='gallery-icon portrait'>\n\t\t\t\t<a href='https:\/\/biblioteca.blanes.cat\/salainfantil\/wp-content\/uploads\/sites\/2\/2019\/06\/peces-por-todas-partes.jpg'><img loading=\"lazy\" decoding=\"async\" width=\"235\" height=\"300\" src=\"https:\/\/biblioteca.blanes.cat\/salainfantil\/wp-content\/uploads\/sites\/2\/2019\/06\/peces-por-todas-partes-235x300.jpg\" class=\"attachment-medium size-medium\" alt=\"\" aria-describedby=\"gallery-5-1506\" srcset=\"https:\/\/biblioteca.blanes.cat\/salainfantil\/wp-content\/uploads\/sites\/2\/2019\/06\/peces-por-todas-partes-235x300.jpg 235w, https:\/\/biblioteca.blanes.cat\/salainfantil\/wp-content\/uploads\/sites\/2\/2019\/06\/peces-por-todas-partes.jpg 236w\" sizes=\"(max-width: 235px) 100vw, 235px\" \/><\/a>\n\t\t\t<\/div>\n\t\t\t\t<figcaption class='wp-caption-text gallery-caption' id='gallery-5-1506'>\n\t\t\t\tI MAR ANIMALS\n\t\t\t\t<\/figcaption><\/figure><figure class='gallery-item'>\n\t\t\t<div class='gallery-icon landscape'>\n\t\t\t\t<a href='https:\/\/biblioteca.blanes.cat\/salainfantil\/wp-content\/uploads\/sites\/2\/2019\/06\/un-dia-en-el-oc\u00e9ano.jpg'><img loading=\"lazy\" decoding=\"async\" width=\"300\" height=\"262\" src=\"https:\/\/biblioteca.blanes.cat\/salainfantil\/wp-content\/uploads\/sites\/2\/2019\/06\/un-dia-en-el-oc\u00e9ano-300x262.jpg\" class=\"attachment-medium size-medium\" alt=\"\" aria-describedby=\"gallery-5-1507\" srcset=\"https:\/\/biblioteca.blanes.cat\/salainfantil\/wp-content\/uploads\/sites\/2\/2019\/06\/un-dia-en-el-oc\u00e9ano-300x262.jpg 300w, https:\/\/biblioteca.blanes.cat\/salainfantil\/wp-content\/uploads\/sites\/2\/2019\/06\/un-dia-en-el-oc\u00e9ano.jpg 600w\" sizes=\"(max-width: 300px) 100vw, 300px\" \/><\/a>\n\t\t\t<\/div>\n\t\t\t\t<figcaption class='wp-caption-text gallery-caption' id='gallery-5-1507'>\n\t\t\t\tI MAR NARRACIONS\n\t\t\t\t<\/figcaption><\/figure>\n\t\t<\/div>\n\n<p>&nbsp;<\/p>\n<h3 style=\"text-align: center;\"><span style=\"font-size: 60px; color: #ff6600;\"><span style=\"font-family: Barrio;\">Dansa<\/span><\/span><\/h3>\n<div id='gallery-6' class='gallery galleryid-1435 gallery-columns-6 gallery-size-medium'><figure class='gallery-item'>\n\t\t\t<div class='gallery-icon portrait'>\n\t\t\t\t<a href='https:\/\/biblioteca.blanes.cat\/salainfantil\/wp-content\/uploads\/sites\/2\/2019\/06\/Acompanyanm-a-ballet.jpg'><img loading=\"lazy\" decoding=\"async\" width=\"254\" height=\"300\" src=\"https:\/\/biblioteca.blanes.cat\/salainfantil\/wp-content\/uploads\/sites\/2\/2019\/06\/Acompanyanm-a-ballet-254x300.jpg\" class=\"attachment-medium size-medium\" alt=\"\" aria-describedby=\"gallery-6-1508\" srcset=\"https:\/\/biblioteca.blanes.cat\/salainfantil\/wp-content\/uploads\/sites\/2\/2019\/06\/Acompanyanm-a-ballet-254x300.jpg 254w, https:\/\/biblioteca.blanes.cat\/salainfantil\/wp-content\/uploads\/sites\/2\/2019\/06\/Acompanyanm-a-ballet-768x909.jpg 768w, https:\/\/biblioteca.blanes.cat\/salainfantil\/wp-content\/uploads\/sites\/2\/2019\/06\/Acompanyanm-a-ballet-866x1024.jpg 866w\" sizes=\"(max-width: 254px) 100vw, 254px\" \/><\/a>\n\t\t\t<\/div>\n\t\t\t\t<figcaption class='wp-caption-text gallery-caption' id='gallery-6-1508'>\n\t\t\t\tI DANSA CL\u00c0SSICA\n\t\t\t\t<\/figcaption><\/figure><figure class='gallery-item'>\n\t\t\t<div class='gallery-icon portrait'>\n\t\t\t\t<a href='https:\/\/biblioteca.blanes.cat\/salainfantil\/wp-content\/uploads\/sites\/2\/2019\/06\/Alana.jpg'><img loading=\"lazy\" decoding=\"async\" width=\"296\" height=\"300\" src=\"https:\/\/biblioteca.blanes.cat\/salainfantil\/wp-content\/uploads\/sites\/2\/2019\/06\/Alana-296x300.jpg\" class=\"attachment-medium size-medium\" alt=\"\" aria-describedby=\"gallery-6-1509\" srcset=\"https:\/\/biblioteca.blanes.cat\/salainfantil\/wp-content\/uploads\/sites\/2\/2019\/06\/Alana-296x300.jpg 296w, https:\/\/biblioteca.blanes.cat\/salainfantil\/wp-content\/uploads\/sites\/2\/2019\/06\/Alana-768x780.jpg 768w, https:\/\/biblioteca.blanes.cat\/salainfantil\/wp-content\/uploads\/sites\/2\/2019\/06\/Alana-1009x1024.jpg 1009w, https:\/\/biblioteca.blanes.cat\/salainfantil\/wp-content\/uploads\/sites\/2\/2019\/06\/Alana.jpg 1052w\" sizes=\"(max-width: 296px) 100vw, 296px\" \/><\/a>\n\t\t\t<\/div>\n\t\t\t\t<figcaption class='wp-caption-text gallery-caption' id='gallery-6-1509'>\n\t\t\t\tI DANSA NARRACIONS\n\t\t\t\t<\/figcaption><\/figure><figure class='gallery-item'>\n\t\t\t<div class='gallery-icon portrait'>\n\t\t\t\t<a href='https:\/\/biblioteca.blanes.cat\/salainfantil\/wp-content\/uploads\/sites\/2\/2019\/06\/que-es-el-hip-hop.jpg'><img loading=\"lazy\" decoding=\"async\" width=\"283\" height=\"300\" src=\"https:\/\/biblioteca.blanes.cat\/salainfantil\/wp-content\/uploads\/sites\/2\/2019\/06\/que-es-el-hip-hop-283x300.jpg\" class=\"attachment-medium size-medium\" alt=\"\" aria-describedby=\"gallery-6-1510\" srcset=\"https:\/\/biblioteca.blanes.cat\/salainfantil\/wp-content\/uploads\/sites\/2\/2019\/06\/que-es-el-hip-hop-283x300.jpg 283w, https:\/\/biblioteca.blanes.cat\/salainfantil\/wp-content\/uploads\/sites\/2\/2019\/06\/que-es-el-hip-hop-768x814.jpg 768w, https:\/\/biblioteca.blanes.cat\/salainfantil\/wp-content\/uploads\/sites\/2\/2019\/06\/que-es-el-hip-hop.jpg 944w\" sizes=\"(max-width: 283px) 100vw, 283px\" \/><\/a>\n\t\t\t<\/div>\n\t\t\t\t<figcaption class='wp-caption-text gallery-caption' id='gallery-6-1510'>\n\t\t\t\tI DANSA URBANA\n\t\t\t\t<\/figcaption><\/figure><figure class='gallery-item'>\n\t\t\t<div class='gallery-icon portrait'>\n\t\t\t\t<a href='https:\/\/biblioteca.blanes.cat\/salainfantil\/wp-content\/uploads\/sites\/2\/2019\/06\/Vampirina-quiere-ser-bailarina.jpg'><img loading=\"lazy\" decoding=\"async\" width=\"247\" height=\"300\" src=\"https:\/\/biblioteca.blanes.cat\/salainfantil\/wp-content\/uploads\/sites\/2\/2019\/06\/Vampirina-quiere-ser-bailarina-247x300.jpg\" class=\"attachment-medium size-medium\" alt=\"\" aria-describedby=\"gallery-6-1511\" srcset=\"https:\/\/biblioteca.blanes.cat\/salainfantil\/wp-content\/uploads\/sites\/2\/2019\/06\/Vampirina-quiere-ser-bailarina-247x300.jpg 247w, https:\/\/biblioteca.blanes.cat\/salainfantil\/wp-content\/uploads\/sites\/2\/2019\/06\/Vampirina-quiere-ser-bailarina.jpg 641w\" sizes=\"(max-width: 247px) 100vw, 247px\" \/><\/a>\n\t\t\t<\/div>\n\t\t\t\t<figcaption class='wp-caption-text gallery-caption' id='gallery-6-1511'>\n\t\t\t\tI DANSA NARRACIONS\n\t\t\t\t<\/figcaption><\/figure>\n\t\t<\/div>\n\n<p>&nbsp;<\/p>\n<h3 style=\"text-align: center;\"><span style=\"font-size: 60px; color: #ff6600;\"><span style=\"font-family: Barrio;\">Centres d&#8217;inter\u00e8s<\/span><\/span><\/h3>\n<div id='gallery-7' class='gallery galleryid-1435 gallery-columns-6 gallery-size-medium'><figure class='gallery-item'>\n\t\t\t<div class='gallery-icon portrait'>\n\t\t\t\t<a href='https:\/\/biblioteca.blanes.cat\/salainfantil\/wp-content\/uploads\/sites\/2\/2019\/06\/10-ninas-grandes.jpg'><img loading=\"lazy\" decoding=\"async\" width=\"297\" height=\"300\" src=\"https:\/\/biblioteca.blanes.cat\/salainfantil\/wp-content\/uploads\/sites\/2\/2019\/06\/10-ninas-grandes-297x300.jpg\" class=\"attachment-medium size-medium\" alt=\"\" aria-describedby=\"gallery-7-1512\" srcset=\"https:\/\/biblioteca.blanes.cat\/salainfantil\/wp-content\/uploads\/sites\/2\/2019\/06\/10-ninas-grandes-297x300.jpg 297w, https:\/\/biblioteca.blanes.cat\/salainfantil\/wp-content\/uploads\/sites\/2\/2019\/06\/10-ninas-grandes-768x776.jpg 768w, https:\/\/biblioteca.blanes.cat\/salainfantil\/wp-content\/uploads\/sites\/2\/2019\/06\/10-ninas-grandes.jpg 1000w\" sizes=\"(max-width: 297px) 100vw, 297px\" \/><\/a>\n\t\t\t<\/div>\n\t\t\t\t<figcaption class='wp-caption-text gallery-caption' id='gallery-7-1512'>\n\t\t\t\tI B\n\t\t\t\t<\/figcaption><\/figure><figure class='gallery-item'>\n\t\t\t<div class='gallery-icon portrait'>\n\t\t\t\t<a href='https:\/\/biblioteca.blanes.cat\/salainfantil\/wp-content\/uploads\/sites\/2\/2019\/06\/ciruela.jpg'><img loading=\"lazy\" decoding=\"async\" width=\"229\" height=\"298\" src=\"https:\/\/biblioteca.blanes.cat\/salainfantil\/wp-content\/uploads\/sites\/2\/2019\/06\/ciruela.jpg\" class=\"attachment-medium size-medium\" alt=\"\" aria-describedby=\"gallery-7-1514\" \/><\/a>\n\t\t\t<\/div>\n\t\t\t\t<figcaption class='wp-caption-text gallery-caption' id='gallery-7-1514'>\n\t\t\t\tI C\u00d2MIC\n\t\t\t\t<\/figcaption><\/figure><figure class='gallery-item'>\n\t\t\t<div class='gallery-icon portrait'>\n\t\t\t\t<a href='https:\/\/biblioteca.blanes.cat\/salainfantil\/wp-content\/uploads\/sites\/2\/2019\/06\/Cuentos-populares-britanicos.jpg'><img loading=\"lazy\" decoding=\"async\" width=\"198\" height=\"300\" src=\"https:\/\/biblioteca.blanes.cat\/salainfantil\/wp-content\/uploads\/sites\/2\/2019\/06\/Cuentos-populares-britanicos-198x300.jpg\" class=\"attachment-medium size-medium\" alt=\"\" aria-describedby=\"gallery-7-1515\" srcset=\"https:\/\/biblioteca.blanes.cat\/salainfantil\/wp-content\/uploads\/sites\/2\/2019\/06\/Cuentos-populares-britanicos-198x300.jpg 198w, https:\/\/biblioteca.blanes.cat\/salainfantil\/wp-content\/uploads\/sites\/2\/2019\/06\/Cuentos-populares-britanicos-768x1163.jpg 768w, https:\/\/biblioteca.blanes.cat\/salainfantil\/wp-content\/uploads\/sites\/2\/2019\/06\/Cuentos-populares-britanicos-676x1024.jpg 676w\" sizes=\"(max-width: 198px) 100vw, 198px\" \/><\/a>\n\t\t\t<\/div>\n\t\t\t\t<figcaption class='wp-caption-text gallery-caption' id='gallery-7-1515'>\n\t\t\t\tI CONTES DEL M\u00d3N\n\t\t\t\t<\/figcaption><\/figure><figure class='gallery-item'>\n\t\t\t<div class='gallery-icon portrait'>\n\t\t\t\t<a href='https:\/\/biblioteca.blanes.cat\/salainfantil\/wp-content\/uploads\/sites\/2\/2019\/06\/dones-extraordinaries.jpg'><img loading=\"lazy\" decoding=\"async\" width=\"294\" height=\"300\" src=\"https:\/\/biblioteca.blanes.cat\/salainfantil\/wp-content\/uploads\/sites\/2\/2019\/06\/dones-extraordinaries-294x300.jpg\" class=\"attachment-medium size-medium\" alt=\"\" aria-describedby=\"gallery-7-1516\" srcset=\"https:\/\/biblioteca.blanes.cat\/salainfantil\/wp-content\/uploads\/sites\/2\/2019\/06\/dones-extraordinaries-294x300.jpg 294w, https:\/\/biblioteca.blanes.cat\/salainfantil\/wp-content\/uploads\/sites\/2\/2019\/06\/dones-extraordinaries-768x784.jpg 768w, https:\/\/biblioteca.blanes.cat\/salainfantil\/wp-content\/uploads\/sites\/2\/2019\/06\/dones-extraordinaries.jpg 1000w\" sizes=\"(max-width: 294px) 100vw, 294px\" \/><\/a>\n\t\t\t<\/div>\n\t\t\t\t<figcaption class='wp-caption-text gallery-caption' id='gallery-7-1516'>\n\t\t\t\tI B\n\t\t\t\t<\/figcaption><\/figure><figure class='gallery-item'>\n\t\t\t<div class='gallery-icon portrait'>\n\t\t\t\t<a href='https:\/\/biblioteca.blanes.cat\/salainfantil\/wp-content\/uploads\/sites\/2\/2019\/06\/El-explicador-de-cosas.jpg'><img loading=\"lazy\" decoding=\"async\" width=\"207\" height=\"300\" src=\"https:\/\/biblioteca.blanes.cat\/salainfantil\/wp-content\/uploads\/sites\/2\/2019\/06\/El-explicador-de-cosas-207x300.jpg\" class=\"attachment-medium size-medium\" alt=\"\" aria-describedby=\"gallery-7-1517\" srcset=\"https:\/\/biblioteca.blanes.cat\/salainfantil\/wp-content\/uploads\/sites\/2\/2019\/06\/El-explicador-de-cosas-207x300.jpg 207w, https:\/\/biblioteca.blanes.cat\/salainfantil\/wp-content\/uploads\/sites\/2\/2019\/06\/El-explicador-de-cosas-768x1113.jpg 768w, https:\/\/biblioteca.blanes.cat\/salainfantil\/wp-content\/uploads\/sites\/2\/2019\/06\/El-explicador-de-cosas-706x1024.jpg 706w\" sizes=\"(max-width: 207px) 100vw, 207px\" \/><\/a>\n\t\t\t<\/div>\n\t\t\t\t<figcaption class='wp-caption-text gallery-caption' id='gallery-7-1517'>\n\t\t\t\tI CURIOSITATS\n\t\t\t\t<\/figcaption><\/figure><figure class='gallery-item'>\n\t\t\t<div class='gallery-icon portrait'>\n\t\t\t\t<a href='https:\/\/biblioteca.blanes.cat\/salainfantil\/wp-content\/uploads\/sites\/2\/2019\/06\/El-nadal-del-senyor-branquillo.jpg'><img loading=\"lazy\" decoding=\"async\" width=\"211\" height=\"300\" src=\"https:\/\/biblioteca.blanes.cat\/salainfantil\/wp-content\/uploads\/sites\/2\/2019\/06\/El-nadal-del-senyor-branquillo-211x300.jpg\" class=\"attachment-medium size-medium\" alt=\"\" aria-describedby=\"gallery-7-1518\" srcset=\"https:\/\/biblioteca.blanes.cat\/salainfantil\/wp-content\/uploads\/sites\/2\/2019\/06\/El-nadal-del-senyor-branquillo-211x300.jpg 211w, https:\/\/biblioteca.blanes.cat\/salainfantil\/wp-content\/uploads\/sites\/2\/2019\/06\/El-nadal-del-senyor-branquillo-768x1093.jpg 768w, https:\/\/biblioteca.blanes.cat\/salainfantil\/wp-content\/uploads\/sites\/2\/2019\/06\/El-nadal-del-senyor-branquillo-719x1024.jpg 719w, https:\/\/biblioteca.blanes.cat\/salainfantil\/wp-content\/uploads\/sites\/2\/2019\/06\/El-nadal-del-senyor-branquillo.jpg 864w\" sizes=\"(max-width: 211px) 100vw, 211px\" \/><\/a>\n\t\t\t<\/div>\n\t\t\t\t<figcaption class='wp-caption-text gallery-caption' id='gallery-7-1518'>\n\t\t\t\tI NADAL\n\t\t\t\t<\/figcaption><\/figure><figure class='gallery-item'>\n\t\t\t<div class='gallery-icon portrait'>\n\t\t\t\t<a href='https:\/\/biblioteca.blanes.cat\/salainfantil\/wp-content\/uploads\/sites\/2\/2019\/06\/Els-elefants-calents.jpg'><img loading=\"lazy\" decoding=\"async\" width=\"242\" height=\"300\" src=\"https:\/\/biblioteca.blanes.cat\/salainfantil\/wp-content\/uploads\/sites\/2\/2019\/06\/Els-elefants-calents-242x300.jpg\" class=\"attachment-medium size-medium\" alt=\"\" aria-describedby=\"gallery-7-1519\" srcset=\"https:\/\/biblioteca.blanes.cat\/salainfantil\/wp-content\/uploads\/sites\/2\/2019\/06\/Els-elefants-calents-242x300.jpg 242w, https:\/\/biblioteca.blanes.cat\/salainfantil\/wp-content\/uploads\/sites\/2\/2019\/06\/Els-elefants-calents.jpg 400w\" sizes=\"(max-width: 242px) 100vw, 242px\" \/><\/a>\n\t\t\t<\/div>\n\t\t\t\t<figcaption class='wp-caption-text gallery-caption' id='gallery-7-1519'>\n\t\t\t\tI JOCS cor\n\t\t\t\t<\/figcaption><\/figure><figure class='gallery-item'>\n\t\t\t<div class='gallery-icon portrait'>\n\t\t\t\t<a href='https:\/\/biblioteca.blanes.cat\/salainfantil\/wp-content\/uploads\/sites\/2\/2019\/06\/els-increibles-enigmes.jpg'><img loading=\"lazy\" decoding=\"async\" width=\"210\" height=\"300\" src=\"https:\/\/biblioteca.blanes.cat\/salainfantil\/wp-content\/uploads\/sites\/2\/2019\/06\/els-increibles-enigmes-210x300.jpg\" class=\"attachment-medium size-medium\" alt=\"\" aria-describedby=\"gallery-7-1520\" srcset=\"https:\/\/biblioteca.blanes.cat\/salainfantil\/wp-content\/uploads\/sites\/2\/2019\/06\/els-increibles-enigmes-210x300.jpg 210w, https:\/\/biblioteca.blanes.cat\/salainfantil\/wp-content\/uploads\/sites\/2\/2019\/06\/els-increibles-enigmes-768x1099.jpg 768w, https:\/\/biblioteca.blanes.cat\/salainfantil\/wp-content\/uploads\/sites\/2\/2019\/06\/els-increibles-enigmes-716x1024.jpg 716w, https:\/\/biblioteca.blanes.cat\/salainfantil\/wp-content\/uploads\/sites\/2\/2019\/06\/els-increibles-enigmes.jpg 1000w\" sizes=\"(max-width: 210px) 100vw, 210px\" \/><\/a>\n\t\t\t<\/div>\n\t\t\t\t<figcaption class='wp-caption-text gallery-caption' id='gallery-7-1520'>\n\t\t\t\tI JOCS LEB\n\t\t\t\t<\/figcaption><\/figure><figure class='gallery-item'>\n\t\t\t<div class='gallery-icon portrait'>\n\t\t\t\t<a href='https:\/\/biblioteca.blanes.cat\/salainfantil\/wp-content\/uploads\/sites\/2\/2019\/06\/enigmas-desafia-tu-mente.jpg'><img loading=\"lazy\" decoding=\"async\" width=\"229\" height=\"279\" src=\"https:\/\/biblioteca.blanes.cat\/salainfantil\/wp-content\/uploads\/sites\/2\/2019\/06\/enigmas-desafia-tu-mente.jpg\" class=\"attachment-medium size-medium\" alt=\"\" aria-describedby=\"gallery-7-1521\" \/><\/a>\n\t\t\t<\/div>\n\t\t\t\t<figcaption class='wp-caption-text gallery-caption' id='gallery-7-1521'>\n\t\t\t\tI JOCS ESC\n\t\t\t\t<\/figcaption><\/figure><figure class='gallery-item'>\n\t\t\t<div class='gallery-icon landscape'>\n\t\t\t\t<a href='https:\/\/biblioteca.blanes.cat\/salainfantil\/wp-content\/uploads\/sites\/2\/2019\/06\/hay-sitio-para-todos.jpg'><img loading=\"lazy\" decoding=\"async\" width=\"300\" height=\"300\" src=\"https:\/\/biblioteca.blanes.cat\/salainfantil\/wp-content\/uploads\/sites\/2\/2019\/06\/hay-sitio-para-todos-300x300.jpg\" class=\"attachment-medium size-medium\" alt=\"\" aria-describedby=\"gallery-7-1522\" srcset=\"https:\/\/biblioteca.blanes.cat\/salainfantil\/wp-content\/uploads\/sites\/2\/2019\/06\/hay-sitio-para-todos-300x300.jpg 300w, https:\/\/biblioteca.blanes.cat\/salainfantil\/wp-content\/uploads\/sites\/2\/2019\/06\/hay-sitio-para-todos-150x150.jpg 150w, https:\/\/biblioteca.blanes.cat\/salainfantil\/wp-content\/uploads\/sites\/2\/2019\/06\/hay-sitio-para-todos-768x768.jpg 768w, https:\/\/biblioteca.blanes.cat\/salainfantil\/wp-content\/uploads\/sites\/2\/2019\/06\/hay-sitio-para-todos-1024x1024.jpg 1024w, https:\/\/biblioteca.blanes.cat\/salainfantil\/wp-content\/uploads\/sites\/2\/2019\/06\/hay-sitio-para-todos-270x270.jpg 270w, https:\/\/biblioteca.blanes.cat\/salainfantil\/wp-content\/uploads\/sites\/2\/2019\/06\/hay-sitio-para-todos-230x230.jpg 230w, https:\/\/biblioteca.blanes.cat\/salainfantil\/wp-content\/uploads\/sites\/2\/2019\/06\/hay-sitio-para-todos.jpg 1080w\" sizes=\"(max-width: 300px) 100vw, 300px\" \/><\/a>\n\t\t\t<\/div>\n\t\t\t\t<figcaption class='wp-caption-text gallery-caption' id='gallery-7-1522'>\n\t\t\t\tI UNESCO PAU\n\t\t\t\t<\/figcaption><\/figure><figure class='gallery-item'>\n\t\t\t<div class='gallery-icon landscape'>\n\t\t\t\t<a href='https:\/\/biblioteca.blanes.cat\/salainfantil\/wp-content\/uploads\/sites\/2\/2019\/06\/la-cua-de-sirena.jpg'><img loading=\"lazy\" decoding=\"async\" width=\"300\" height=\"231\" src=\"https:\/\/biblioteca.blanes.cat\/salainfantil\/wp-content\/uploads\/sites\/2\/2019\/06\/la-cua-de-sirena-300x231.jpg\" class=\"attachment-medium size-medium\" alt=\"\" aria-describedby=\"gallery-7-1523\" srcset=\"https:\/\/biblioteca.blanes.cat\/salainfantil\/wp-content\/uploads\/sites\/2\/2019\/06\/la-cua-de-sirena-300x231.jpg 300w, https:\/\/biblioteca.blanes.cat\/salainfantil\/wp-content\/uploads\/sites\/2\/2019\/06\/la-cua-de-sirena-768x592.jpg 768w, https:\/\/biblioteca.blanes.cat\/salainfantil\/wp-content\/uploads\/sites\/2\/2019\/06\/la-cua-de-sirena-1024x789.jpg 1024w, https:\/\/biblioteca.blanes.cat\/salainfantil\/wp-content\/uploads\/sites\/2\/2019\/06\/la-cua-de-sirena.jpg 1707w\" sizes=\"(max-width: 300px) 100vw, 300px\" \/><\/a>\n\t\t\t<\/div>\n\t\t\t\t<figcaption class='wp-caption-text gallery-caption' id='gallery-7-1523'>\n\t\t\t\tI SIGNES GIN\n\t\t\t\t<\/figcaption><\/figure><figure class='gallery-item'>\n\t\t\t<div class='gallery-icon portrait'>\n\t\t\t\t<a href='https:\/\/biblioteca.blanes.cat\/salainfantil\/wp-content\/uploads\/sites\/2\/2019\/06\/La-vuelta-al-mundo.jpg'><img loading=\"lazy\" decoding=\"async\" width=\"230\" height=\"300\" src=\"https:\/\/biblioteca.blanes.cat\/salainfantil\/wp-content\/uploads\/sites\/2\/2019\/06\/La-vuelta-al-mundo-230x300.jpg\" class=\"attachment-medium size-medium\" alt=\"\" aria-describedby=\"gallery-7-1526\" srcset=\"https:\/\/biblioteca.blanes.cat\/salainfantil\/wp-content\/uploads\/sites\/2\/2019\/06\/La-vuelta-al-mundo-230x300.jpg 230w, https:\/\/biblioteca.blanes.cat\/salainfantil\/wp-content\/uploads\/sites\/2\/2019\/06\/La-vuelta-al-mundo.jpg 480w\" sizes=\"(max-width: 230px) 100vw, 230px\" \/><\/a>\n\t\t\t<\/div>\n\t\t\t\t<figcaption class='wp-caption-text gallery-caption' id='gallery-7-1526'>\n\t\t\t\tI JOCS\n\t\t\t\t<\/figcaption><\/figure><figure class='gallery-item'>\n\t\t\t<div class='gallery-icon landscape'>\n\t\t\t\t<a href='https:\/\/biblioteca.blanes.cat\/salainfantil\/wp-content\/uploads\/sites\/2\/2019\/06\/Lise-meitner.jpg'><img loading=\"lazy\" decoding=\"async\" width=\"225\" height=\"225\" src=\"https:\/\/biblioteca.blanes.cat\/salainfantil\/wp-content\/uploads\/sites\/2\/2019\/06\/Lise-meitner.jpg\" class=\"attachment-medium size-medium\" alt=\"\" aria-describedby=\"gallery-7-1528\" srcset=\"https:\/\/biblioteca.blanes.cat\/salainfantil\/wp-content\/uploads\/sites\/2\/2019\/06\/Lise-meitner.jpg 225w, https:\/\/biblioteca.blanes.cat\/salainfantil\/wp-content\/uploads\/sites\/2\/2019\/06\/Lise-meitner-150x150.jpg 150w\" sizes=\"(max-width: 225px) 100vw, 225px\" \/><\/a>\n\t\t\t<\/div>\n\t\t\t\t<figcaption class='wp-caption-text gallery-caption' id='gallery-7-1528'>\n\t\t\t\tI B MEI\n\t\t\t\t<\/figcaption><\/figure><figure class='gallery-item'>\n\t\t\t<div class='gallery-icon landscape'>\n\t\t\t\t<a href='https:\/\/biblioteca.blanes.cat\/salainfantil\/wp-content\/uploads\/sites\/2\/2019\/06\/real-imaginario.jpg'><img loading=\"lazy\" decoding=\"async\" width=\"300\" height=\"298\" src=\"https:\/\/biblioteca.blanes.cat\/salainfantil\/wp-content\/uploads\/sites\/2\/2019\/06\/real-imaginario-300x298.jpg\" class=\"attachment-medium size-medium\" alt=\"\" aria-describedby=\"gallery-7-1529\" srcset=\"https:\/\/biblioteca.blanes.cat\/salainfantil\/wp-content\/uploads\/sites\/2\/2019\/06\/real-imaginario-300x298.jpg 300w, https:\/\/biblioteca.blanes.cat\/salainfantil\/wp-content\/uploads\/sites\/2\/2019\/06\/real-imaginario-150x150.jpg 150w, https:\/\/biblioteca.blanes.cat\/salainfantil\/wp-content\/uploads\/sites\/2\/2019\/06\/real-imaginario-768x763.jpg 768w, https:\/\/biblioteca.blanes.cat\/salainfantil\/wp-content\/uploads\/sites\/2\/2019\/06\/real-imaginario-1024x1018.jpg 1024w, https:\/\/biblioteca.blanes.cat\/salainfantil\/wp-content\/uploads\/sites\/2\/2019\/06\/real-imaginario.jpg 1584w\" sizes=\"(max-width: 300px) 100vw, 300px\" \/><\/a>\n\t\t\t<\/div>\n\t\t\t\t<figcaption class='wp-caption-text gallery-caption' id='gallery-7-1529'>\n\t\t\t\tI ANIMALS\n\t\t\t\t<\/figcaption><\/figure><figure class='gallery-item'>\n\t\t\t<div class='gallery-icon portrait'>\n\t\t\t\t<a href='https:\/\/biblioteca.blanes.cat\/salainfantil\/wp-content\/uploads\/sites\/2\/2019\/06\/Semillas.jpg'><img loading=\"lazy\" decoding=\"async\" width=\"229\" height=\"289\" src=\"https:\/\/biblioteca.blanes.cat\/salainfantil\/wp-content\/uploads\/sites\/2\/2019\/06\/Semillas.jpg\" class=\"attachment-medium size-medium\" alt=\"\" aria-describedby=\"gallery-7-1530\" \/><\/a>\n\t\t\t<\/div>\n\t\t\t\t<figcaption class='wp-caption-text gallery-caption' id='gallery-7-1530'>\n\t\t\t\tI PLANTES\n\t\t\t\t<\/figcaption><\/figure><figure class='gallery-item'>\n\t\t\t<div class='gallery-icon portrait'>\n\t\t\t\t<a href='https:\/\/biblioteca.blanes.cat\/salainfantil\/wp-content\/uploads\/sites\/2\/2019\/06\/terricoles-manual-instruccions.jpg'><img loading=\"lazy\" decoding=\"async\" width=\"243\" height=\"300\" src=\"https:\/\/biblioteca.blanes.cat\/salainfantil\/wp-content\/uploads\/sites\/2\/2019\/06\/terricoles-manual-instruccions-243x300.jpg\" class=\"attachment-medium size-medium\" alt=\"\" aria-describedby=\"gallery-7-1531\" srcset=\"https:\/\/biblioteca.blanes.cat\/salainfantil\/wp-content\/uploads\/sites\/2\/2019\/06\/terricoles-manual-instruccions-243x300.jpg 243w, https:\/\/biblioteca.blanes.cat\/salainfantil\/wp-content\/uploads\/sites\/2\/2019\/06\/terricoles-manual-instruccions-768x948.jpg 768w, https:\/\/biblioteca.blanes.cat\/salainfantil\/wp-content\/uploads\/sites\/2\/2019\/06\/terricoles-manual-instruccions-829x1024.jpg 829w, https:\/\/biblioteca.blanes.cat\/salainfantil\/wp-content\/uploads\/sites\/2\/2019\/06\/terricoles-manual-instruccions.jpg 1000w\" sizes=\"(max-width: 243px) 100vw, 243px\" \/><\/a>\n\t\t\t<\/div>\n\t\t\t\t<figcaption class='wp-caption-text gallery-caption' id='gallery-7-1531'>\n\t\t\t\tI CURIOSITATS\n\t\t\t\t<\/figcaption><\/figure><figure class='gallery-item'>\n\t\t\t<div class='gallery-icon portrait'>\n\t\t\t\t<a href='https:\/\/biblioteca.blanes.cat\/salainfantil\/wp-content\/uploads\/sites\/2\/2019\/06\/un-mon-ple-dhistories.jpg'><img loading=\"lazy\" decoding=\"async\" width=\"269\" height=\"300\" src=\"https:\/\/biblioteca.blanes.cat\/salainfantil\/wp-content\/uploads\/sites\/2\/2019\/06\/un-mon-ple-dhistories-269x300.jpg\" class=\"attachment-medium size-medium\" alt=\"\" aria-describedby=\"gallery-7-1532\" srcset=\"https:\/\/biblioteca.blanes.cat\/salainfantil\/wp-content\/uploads\/sites\/2\/2019\/06\/un-mon-ple-dhistories-269x300.jpg 269w, https:\/\/biblioteca.blanes.cat\/salainfantil\/wp-content\/uploads\/sites\/2\/2019\/06\/un-mon-ple-dhistories.jpg 600w\" sizes=\"(max-width: 269px) 100vw, 269px\" \/><\/a>\n\t\t\t<\/div>\n\t\t\t\t<figcaption class='wp-caption-text gallery-caption' id='gallery-7-1532'>\n\t\t\t\tI CONTES FAULES\n\t\t\t\t<\/figcaption><\/figure><figure class='gallery-item'>\n\t\t\t<div class='gallery-icon portrait'>\n\t\t\t\t<a href='https:\/\/biblioteca.blanes.cat\/salainfantil\/wp-content\/uploads\/sites\/2\/2019\/06\/Valenta-com-tu.jpg'><img loading=\"lazy\" decoding=\"async\" width=\"298\" height=\"300\" src=\"https:\/\/biblioteca.blanes.cat\/salainfantil\/wp-content\/uploads\/sites\/2\/2019\/06\/Valenta-com-tu-298x300.jpg\" class=\"attachment-medium size-medium\" alt=\"\" aria-describedby=\"gallery-7-1533\" srcset=\"https:\/\/biblioteca.blanes.cat\/salainfantil\/wp-content\/uploads\/sites\/2\/2019\/06\/Valenta-com-tu-298x300.jpg 298w, https:\/\/biblioteca.blanes.cat\/salainfantil\/wp-content\/uploads\/sites\/2\/2019\/06\/Valenta-com-tu-150x150.jpg 150w, https:\/\/biblioteca.blanes.cat\/salainfantil\/wp-content\/uploads\/sites\/2\/2019\/06\/Valenta-com-tu.jpg 610w\" sizes=\"(max-width: 298px) 100vw, 298px\" \/><\/a>\n\t\t\t<\/div>\n\t\t\t\t<figcaption class='wp-caption-text gallery-caption' id='gallery-7-1533'>\n\t\t\t\tI B ROD\n\t\t\t\t<\/figcaption><\/figure><figure class='gallery-item'>\n\t\t\t<div class='gallery-icon portrait'>\n\t\t\t\t<a href='https:\/\/biblioteca.blanes.cat\/salainfantil\/wp-content\/uploads\/sites\/2\/2019\/06\/la-luz-ilumina-la-dislexia.jpg'><img loading=\"lazy\" decoding=\"async\" width=\"296\" height=\"300\" src=\"https:\/\/biblioteca.blanes.cat\/salainfantil\/wp-content\/uploads\/sites\/2\/2019\/06\/la-luz-ilumina-la-dislexia-296x300.jpg\" class=\"attachment-medium size-medium\" alt=\"\" aria-describedby=\"gallery-7-1536\" srcset=\"https:\/\/biblioteca.blanes.cat\/salainfantil\/wp-content\/uploads\/sites\/2\/2019\/06\/la-luz-ilumina-la-dislexia-296x300.jpg 296w, https:\/\/biblioteca.blanes.cat\/salainfantil\/wp-content\/uploads\/sites\/2\/2019\/06\/la-luz-ilumina-la-dislexia.jpg 500w\" sizes=\"(max-width: 296px) 100vw, 296px\" \/><\/a>\n\t\t\t<\/div>\n\t\t\t\t<figcaption class='wp-caption-text gallery-caption' id='gallery-7-1536'>\n\t\t\t\tI EXPERI\u00c8NCIES SALUT\n\t\t\t\t<\/figcaption><\/figure>\n\t\t<\/div>\n\n<p>&nbsp;<\/p>\n<h3 style=\"text-align: center;\"><span style=\"font-size: 60px; color: #ff6600;\"><span style=\"font-family: Barrio;\">Mat\u00e8ri<\/span><\/span><span style=\"font-size: 60px; color: #ff6600;\"><span style=\"font-family: Barrio;\">es<\/span><\/span><\/h3>\n<div id='gallery-8' class='gallery galleryid-1435 gallery-columns-6 gallery-size-medium'><figure class='gallery-item'>\n\t\t\t<div class='gallery-icon landscape'>\n\t\t\t\t<a href='https:\/\/biblioteca.blanes.cat\/salainfantil\/wp-content\/uploads\/sites\/2\/2019\/06\/el-universo.jpg'><img loading=\"lazy\" decoding=\"async\" width=\"300\" height=\"300\" src=\"https:\/\/biblioteca.blanes.cat\/salainfantil\/wp-content\/uploads\/sites\/2\/2019\/06\/el-universo-300x300.jpg\" class=\"attachment-medium size-medium\" alt=\"\" aria-describedby=\"gallery-8-1534\" srcset=\"https:\/\/biblioteca.blanes.cat\/salainfantil\/wp-content\/uploads\/sites\/2\/2019\/06\/el-universo-300x300.jpg 300w, https:\/\/biblioteca.blanes.cat\/salainfantil\/wp-content\/uploads\/sites\/2\/2019\/06\/el-universo-150x150.jpg 150w, https:\/\/biblioteca.blanes.cat\/salainfantil\/wp-content\/uploads\/sites\/2\/2019\/06\/el-universo-270x270.jpg 270w, https:\/\/biblioteca.blanes.cat\/salainfantil\/wp-content\/uploads\/sites\/2\/2019\/06\/el-universo-230x230.jpg 230w, https:\/\/biblioteca.blanes.cat\/salainfantil\/wp-content\/uploads\/sites\/2\/2019\/06\/el-universo.jpg 500w\" sizes=\"(max-width: 300px) 100vw, 300px\" \/><\/a>\n\t\t\t<\/div>\n\t\t\t\t<figcaption class='wp-caption-text gallery-caption' id='gallery-8-1534'>\n\t\t\t\tI 39 CAB\n\t\t\t\t<\/figcaption><\/figure><figure class='gallery-item'>\n\t\t\t<div class='gallery-icon landscape'>\n\t\t\t\t<a href='https:\/\/biblioteca.blanes.cat\/salainfantil\/wp-content\/uploads\/sites\/2\/2019\/06\/endevina-endevina.jpg'><img loading=\"lazy\" decoding=\"async\" width=\"300\" height=\"300\" src=\"https:\/\/biblioteca.blanes.cat\/salainfantil\/wp-content\/uploads\/sites\/2\/2019\/06\/endevina-endevina-300x300.jpg\" class=\"attachment-medium size-medium\" alt=\"\" aria-describedby=\"gallery-8-1535\" srcset=\"https:\/\/biblioteca.blanes.cat\/salainfantil\/wp-content\/uploads\/sites\/2\/2019\/06\/endevina-endevina-300x300.jpg 300w, https:\/\/biblioteca.blanes.cat\/salainfantil\/wp-content\/uploads\/sites\/2\/2019\/06\/endevina-endevina-150x150.jpg 150w, https:\/\/biblioteca.blanes.cat\/salainfantil\/wp-content\/uploads\/sites\/2\/2019\/06\/endevina-endevina-270x270.jpg 270w, https:\/\/biblioteca.blanes.cat\/salainfantil\/wp-content\/uploads\/sites\/2\/2019\/06\/endevina-endevina-230x230.jpg 230w, https:\/\/biblioteca.blanes.cat\/salainfantil\/wp-content\/uploads\/sites\/2\/2019\/06\/endevina-endevina.jpg 458w\" sizes=\"(max-width: 300px) 100vw, 300px\" \/><\/a>\n\t\t\t<\/div>\n\t\t\t\t<figcaption class='wp-caption-text gallery-caption' id='gallery-8-1535'>\n\t\t\t\tI 39 ARC\n\t\t\t\t<\/figcaption><\/figure><figure class='gallery-item'>\n\t\t\t<div class='gallery-icon portrait'>\n\t\t\t\t<a href='https:\/\/biblioteca.blanes.cat\/salainfantil\/wp-content\/uploads\/sites\/2\/2019\/06\/la-vida-amorosa-dels-animals-1.jpg'><img loading=\"lazy\" decoding=\"async\" width=\"185\" height=\"273\" src=\"https:\/\/biblioteca.blanes.cat\/salainfantil\/wp-content\/uploads\/sites\/2\/2019\/06\/la-vida-amorosa-dels-animals-1.jpg\" class=\"attachment-medium size-medium\" alt=\"\" aria-describedby=\"gallery-8-1537\" \/><\/a>\n\t\t\t<\/div>\n\t\t\t\t<figcaption class='wp-caption-text gallery-caption' id='gallery-8-1537'>\n\t\t\t\tI 59 VON\n\t\t\t\t<\/figcaption><\/figure><figure class='gallery-item'>\n\t\t\t<div class='gallery-icon portrait'>\n\t\t\t\t<a href='https:\/\/biblioteca.blanes.cat\/salainfantil\/wp-content\/uploads\/sites\/2\/2019\/06\/pequena-historia-de-un-desacuerdo.jpg'><img loading=\"lazy\" decoding=\"async\" width=\"220\" height=\"300\" src=\"https:\/\/biblioteca.blanes.cat\/salainfantil\/wp-content\/uploads\/sites\/2\/2019\/06\/pequena-historia-de-un-desacuerdo-220x300.jpg\" class=\"attachment-medium size-medium\" alt=\"\" aria-describedby=\"gallery-8-1538\" \/><\/a>\n\t\t\t<\/div>\n\t\t\t\t<figcaption class='wp-caption-text gallery-caption' id='gallery-8-1538'>\n\t\t\t\tI 30 FUE\n\t\t\t\t<\/figcaption><\/figure><figure class='gallery-item'>\n\t\t\t<div class='gallery-icon landscape'>\n\t\t\t\t<a href='https:\/\/biblioteca.blanes.cat\/salainfantil\/wp-content\/uploads\/sites\/2\/2019\/06\/personajes-fantasticos.jpg'><img loading=\"lazy\" decoding=\"async\" width=\"300\" height=\"300\" src=\"https:\/\/biblioteca.blanes.cat\/salainfantil\/wp-content\/uploads\/sites\/2\/2019\/06\/personajes-fantasticos-300x300.jpg\" class=\"attachment-medium size-medium\" alt=\"\" aria-describedby=\"gallery-8-1539\" srcset=\"https:\/\/biblioteca.blanes.cat\/salainfantil\/wp-content\/uploads\/sites\/2\/2019\/06\/personajes-fantasticos-300x300.jpg 300w, https:\/\/biblioteca.blanes.cat\/salainfantil\/wp-content\/uploads\/sites\/2\/2019\/06\/personajes-fantasticos-150x150.jpg 150w, https:\/\/biblioteca.blanes.cat\/salainfantil\/wp-content\/uploads\/sites\/2\/2019\/06\/personajes-fantasticos-768x765.jpg 768w, https:\/\/biblioteca.blanes.cat\/salainfantil\/wp-content\/uploads\/sites\/2\/2019\/06\/personajes-fantasticos-270x270.jpg 270w, https:\/\/biblioteca.blanes.cat\/salainfantil\/wp-content\/uploads\/sites\/2\/2019\/06\/personajes-fantasticos-230x230.jpg 230w, https:\/\/biblioteca.blanes.cat\/salainfantil\/wp-content\/uploads\/sites\/2\/2019\/06\/personajes-fantasticos.jpg 1000w\" sizes=\"(max-width: 300px) 100vw, 300px\" \/><\/a>\n\t\t\t<\/div>\n\t\t\t\t<figcaption class='wp-caption-text gallery-caption' id='gallery-8-1539'>\n\t\t\t\tI 39 CAB\n\t\t\t\t<\/figcaption><\/figure><figure class='gallery-item'>\n\t\t\t<div class='gallery-icon portrait'>\n\t\t\t\t<a href='https:\/\/biblioteca.blanes.cat\/salainfantil\/wp-content\/uploads\/sites\/2\/2019\/06\/simplissims.gif'><img loading=\"lazy\" decoding=\"async\" width=\"228\" height=\"300\" src=\"https:\/\/biblioteca.blanes.cat\/salainfantil\/wp-content\/uploads\/sites\/2\/2019\/06\/simplissims-228x300.gif\" class=\"attachment-medium size-medium\" alt=\"\" aria-describedby=\"gallery-8-1540\" \/><\/a>\n\t\t\t<\/div>\n\t\t\t\t<figcaption class='wp-caption-text gallery-caption' id='gallery-8-1540'>\n\t\t\t\tI 61 KOC\n\t\t\t\t<\/figcaption><\/figure><figure class='gallery-item'>\n\t\t\t<div class='gallery-icon portrait'>\n\t\t\t\t<a href='https:\/\/biblioteca.blanes.cat\/salainfantil\/wp-content\/uploads\/sites\/2\/2019\/06\/simplissims.png'><img loading=\"lazy\" decoding=\"async\" width=\"196\" height=\"257\" src=\"https:\/\/biblioteca.blanes.cat\/salainfantil\/wp-content\/uploads\/sites\/2\/2019\/06\/simplissims.png\" class=\"attachment-medium size-medium\" alt=\"\" aria-describedby=\"gallery-8-1541\" \/><\/a>\n\t\t\t<\/div>\n\t\t\t\t<figcaption class='wp-caption-text gallery-caption' id='gallery-8-1541'>\n\t\t\t\tI 74 HER\n\t\t\t\t<\/figcaption><\/figure><figure class='gallery-item'>\n\t\t\t<div class='gallery-icon portrait'>\n\t\t\t\t<a href='https:\/\/biblioteca.blanes.cat\/salainfantil\/wp-content\/uploads\/sites\/2\/2019\/06\/SIMPLISSIMS-CATALA.jpg'><img loading=\"lazy\" decoding=\"async\" width=\"230\" height=\"300\" src=\"https:\/\/biblioteca.blanes.cat\/salainfantil\/wp-content\/uploads\/sites\/2\/2019\/06\/SIMPLISSIMS-CATALA-230x300.jpg\" class=\"attachment-medium size-medium\" alt=\"\" aria-describedby=\"gallery-8-1542\" srcset=\"https:\/\/biblioteca.blanes.cat\/salainfantil\/wp-content\/uploads\/sites\/2\/2019\/06\/SIMPLISSIMS-CATALA-230x300.jpg 230w, https:\/\/biblioteca.blanes.cat\/salainfantil\/wp-content\/uploads\/sites\/2\/2019\/06\/SIMPLISSIMS-CATALA-768x1004.jpg 768w, https:\/\/biblioteca.blanes.cat\/salainfantil\/wp-content\/uploads\/sites\/2\/2019\/06\/SIMPLISSIMS-CATALA-783x1024.jpg 783w, https:\/\/biblioteca.blanes.cat\/salainfantil\/wp-content\/uploads\/sites\/2\/2019\/06\/SIMPLISSIMS-CATALA.jpg 1000w\" sizes=\"(max-width: 230px) 100vw, 230px\" \/><\/a>\n\t\t\t<\/div>\n\t\t\t\t<figcaption class='wp-caption-text gallery-caption' id='gallery-8-1542'>\n\t\t\t\tI 56 MAT\n\t\t\t\t<\/figcaption><\/figure><figure class='gallery-item'>\n\t\t\t<div class='gallery-icon portrait'>\n\t\t\t\t<a href='https:\/\/biblioteca.blanes.cat\/salainfantil\/wp-content\/uploads\/sites\/2\/2019\/06\/super-chistes.jpg'><img loading=\"lazy\" decoding=\"async\" width=\"186\" height=\"271\" src=\"https:\/\/biblioteca.blanes.cat\/salainfantil\/wp-content\/uploads\/sites\/2\/2019\/06\/super-chistes.jpg\" class=\"attachment-medium size-medium\" alt=\"\" aria-describedby=\"gallery-8-1543\" \/><\/a>\n\t\t\t<\/div>\n\t\t\t\t<figcaption class='wp-caption-text gallery-caption' id='gallery-8-1543'>\n\t\t\t\tI 39 PLA\n\t\t\t\t<\/figcaption><\/figure><figure class='gallery-item'>\n\t\t\t<div class='gallery-icon portrait'>\n\t\t\t\t<a href='https:\/\/biblioteca.blanes.cat\/salainfantil\/wp-content\/uploads\/sites\/2\/2019\/06\/un-paseo-por-el-prado.jpg'><img loading=\"lazy\" decoding=\"async\" width=\"231\" height=\"300\" src=\"https:\/\/biblioteca.blanes.cat\/salainfantil\/wp-content\/uploads\/sites\/2\/2019\/06\/un-paseo-por-el-prado-231x300.jpg\" class=\"attachment-medium size-medium\" alt=\"\" aria-describedby=\"gallery-8-1544\" srcset=\"https:\/\/biblioteca.blanes.cat\/salainfantil\/wp-content\/uploads\/sites\/2\/2019\/06\/un-paseo-por-el-prado-231x300.jpg 231w, https:\/\/biblioteca.blanes.cat\/salainfantil\/wp-content\/uploads\/sites\/2\/2019\/06\/un-paseo-por-el-prado-768x998.jpg 768w, https:\/\/biblioteca.blanes.cat\/salainfantil\/wp-content\/uploads\/sites\/2\/2019\/06\/un-paseo-por-el-prado-788x1024.jpg 788w, https:\/\/biblioteca.blanes.cat\/salainfantil\/wp-content\/uploads\/sites\/2\/2019\/06\/un-paseo-por-el-prado.jpg 1000w\" sizes=\"(max-width: 231px) 100vw, 231px\" \/><\/a>\n\t\t\t<\/div>\n\t\t\t\t<figcaption class='wp-caption-text gallery-caption' id='gallery-8-1544'>\n\t\t\t\tI 7 ALO\n\t\t\t\t<\/figcaption><\/figure>\n\t\t<\/div>\n\n<p>&nbsp;<\/p>\n<h3 style=\"text-align: center;\"><span style=\"font-size: 60px; color: #ff6600;\"><span style=\"font-family: Barrio;\">Pares<\/span><\/span><\/h3>\n<div id='gallery-9' class='gallery galleryid-1435 gallery-columns-6 gallery-size-medium'><figure class='gallery-item'>\n\t\t\t<div class='gallery-icon portrait'>\n\t\t\t\t<a href='https:\/\/biblioteca.blanes.cat\/salainfantil\/wp-content\/uploads\/sites\/2\/2019\/06\/La-cura-contra.jpg'><img loading=\"lazy\" decoding=\"async\" width=\"200\" height=\"300\" src=\"https:\/\/biblioteca.blanes.cat\/salainfantil\/wp-content\/uploads\/sites\/2\/2019\/06\/La-cura-contra-200x300.jpg\" class=\"attachment-medium size-medium\" alt=\"\" aria-describedby=\"gallery-9-1545\" srcset=\"https:\/\/biblioteca.blanes.cat\/salainfantil\/wp-content\/uploads\/sites\/2\/2019\/06\/La-cura-contra-200x300.jpg 200w, https:\/\/biblioteca.blanes.cat\/salainfantil\/wp-content\/uploads\/sites\/2\/2019\/06\/La-cura-contra.jpg 400w\" sizes=\"(max-width: 200px) 100vw, 200px\" \/><\/a>\n\t\t\t<\/div>\n\t\t\t\t<figcaption class='wp-caption-text gallery-caption' id='gallery-9-1545'>\n\t\t\t\tPARES 618 SER\n\t\t\t\t<\/figcaption><\/figure>\n\t\t<\/div>\n\n<h3 style=\"text-align: center;\"><span style=\"font-size: 60px; color: #ff6600;\"><span style=\"font-family: Barrio;\">Audiovisuals<\/span><\/span><\/h3>\n<div id='gallery-10' class='gallery galleryid-1435 gallery-columns-6 gallery-size-medium'><figure class='gallery-item'>\n\t\t\t<div class='gallery-icon portrait'>\n\t\t\t\t<a href='https:\/\/biblioteca.blanes.cat\/salainfantil\/wp-content\/uploads\/sites\/2\/2019\/06\/El-Grinch.jpg'><img loading=\"lazy\" decoding=\"async\" width=\"212\" height=\"300\" src=\"https:\/\/biblioteca.blanes.cat\/salainfantil\/wp-content\/uploads\/sites\/2\/2019\/06\/El-Grinch-212x300.jpg\" class=\"attachment-medium size-medium\" alt=\"\" aria-describedby=\"gallery-10-1546\" srcset=\"https:\/\/biblioteca.blanes.cat\/salainfantil\/wp-content\/uploads\/sites\/2\/2019\/06\/El-Grinch-212x300.jpg 212w, https:\/\/biblioteca.blanes.cat\/salainfantil\/wp-content\/uploads\/sites\/2\/2019\/06\/El-Grinch.jpg 388w\" sizes=\"(max-width: 212px) 100vw, 212px\" \/><\/a>\n\t\t\t<\/div>\n\t\t\t\t<figcaption class='wp-caption-text gallery-caption' id='gallery-10-1546'>\n\t\t\t\tDVD I PEL\u00b7L\u00cdCULES GRI\n\t\t\t\t<\/figcaption><\/figure><figure class='gallery-item'>\n\t\t\t<div class='gallery-icon portrait'>\n\t\t\t\t<a href='https:\/\/biblioteca.blanes.cat\/salainfantil\/wp-content\/uploads\/sites\/2\/2019\/06\/Ernest-Celestine.jpg'><img loading=\"lazy\" decoding=\"async\" width=\"189\" height=\"267\" src=\"https:\/\/biblioteca.blanes.cat\/salainfantil\/wp-content\/uploads\/sites\/2\/2019\/06\/Ernest-Celestine.jpg\" class=\"attachment-medium size-medium\" alt=\"\" aria-describedby=\"gallery-10-1547\" \/><\/a>\n\t\t\t<\/div>\n\t\t\t\t<figcaption class='wp-caption-text gallery-caption' id='gallery-10-1547'>\n\t\t\t\tDVD I PEL\u00b7L\u00cdCULES ERN\n\t\t\t\t<\/figcaption><\/figure><figure class='gallery-item'>\n\t\t\t<div class='gallery-icon portrait'>\n\t\t\t\t<a href='https:\/\/biblioteca.blanes.cat\/salainfantil\/wp-content\/uploads\/sites\/2\/2019\/06\/Fantasia.jpg'><img loading=\"lazy\" decoding=\"async\" width=\"208\" height=\"300\" src=\"https:\/\/biblioteca.blanes.cat\/salainfantil\/wp-content\/uploads\/sites\/2\/2019\/06\/Fantasia-208x300.jpg\" class=\"attachment-medium size-medium\" alt=\"\" aria-describedby=\"gallery-10-1548\" srcset=\"https:\/\/biblioteca.blanes.cat\/salainfantil\/wp-content\/uploads\/sites\/2\/2019\/06\/Fantasia-208x300.jpg 208w, https:\/\/biblioteca.blanes.cat\/salainfantil\/wp-content\/uploads\/sites\/2\/2019\/06\/Fantasia.jpg 309w\" sizes=\"(max-width: 208px) 100vw, 208px\" \/><\/a>\n\t\t\t<\/div>\n\t\t\t\t<figcaption class='wp-caption-text gallery-caption' id='gallery-10-1548'>\n\t\t\t\tDVD I DISNEY FAN\n\t\t\t\t<\/figcaption><\/figure><figure class='gallery-item'>\n\t\t\t<div class='gallery-icon portrait'>\n\t\t\t\t<a href='https:\/\/biblioteca.blanes.cat\/salainfantil\/wp-content\/uploads\/sites\/2\/2019\/06\/Los-Futbolisimos.jpg'><img loading=\"lazy\" decoding=\"async\" width=\"189\" height=\"267\" src=\"https:\/\/biblioteca.blanes.cat\/salainfantil\/wp-content\/uploads\/sites\/2\/2019\/06\/Los-Futbolisimos.jpg\" class=\"attachment-medium size-medium\" alt=\"\" aria-describedby=\"gallery-10-1549\" \/><\/a>\n\t\t\t<\/div>\n\t\t\t\t<figcaption class='wp-caption-text gallery-caption' id='gallery-10-1549'>\n\t\t\t\tDVD I PEL\u00b7L\u00cdCULES FUT\n\t\t\t\t<\/figcaption><\/figure><figure class='gallery-item'>\n\t\t\t<div class='gallery-icon portrait'>\n\t\t\t\t<a href='https:\/\/biblioteca.blanes.cat\/salainfantil\/wp-content\/uploads\/sites\/2\/2019\/06\/Smallfoot.png'><img loading=\"lazy\" decoding=\"async\" width=\"200\" height=\"300\" src=\"https:\/\/biblioteca.blanes.cat\/salainfantil\/wp-content\/uploads\/sites\/2\/2019\/06\/Smallfoot-200x300.png\" class=\"attachment-medium size-medium\" alt=\"\" aria-describedby=\"gallery-10-1550\" srcset=\"https:\/\/biblioteca.blanes.cat\/salainfantil\/wp-content\/uploads\/sites\/2\/2019\/06\/Smallfoot-200x300.png 200w, https:\/\/biblioteca.blanes.cat\/salainfantil\/wp-content\/uploads\/sites\/2\/2019\/06\/Smallfoot.png 268w\" sizes=\"(max-width: 200px) 100vw, 200px\" \/><\/a>\n\t\t\t<\/div>\n\t\t\t\t<figcaption class='wp-caption-text gallery-caption' id='gallery-10-1550'>\n\t\t\t\tDVD I PEL\u00b7L\u00cdCULES SMA\n\t\t\t\t<\/figcaption><\/figure>\n\t\t<\/div>\n\n","protected":false},"excerpt":{"rendered":"<p>Aqu\u00ed pots trobar totes les novetats infantils d&#8217;aquest \u00faltim mes. Fes una ullada i vine a buscar els que m\u00e9s t&#8217;agradin a la biblioteca.<\/p>\n","protected":false},"author":4,"featured_media":1555,"comment_status":"open","ping_status":"open","sticky":false,"template":"","format":"standard","meta":{"sfsi_plus_gutenberg_text_before_share":"","sfsi_plus_gutenberg_show_text_before_share":"","sfsi_plus_gutenberg_icon_type":"","sfsi_plus_gutenberg_icon_alignemt":"","sfsi_plus_gutenburg_max_per_row":"","footnotes":""},"categories":[7],"tags":[],"class_list":["post-1435","post","type-post","status-publish","format-standard","has-post-thumbnail","hentry","category-novetats"],"yoast_head":"<!-- This site is optimized with the Yoast SEO plugin v27.5 - https:\/\/yoast.com\/product\/yoast-seo-wordpress\/ -->\n<title>NOVETATS: juny 2019 - SALA INFANTIL<\/title>\n<meta name=\"robots\" content=\"index, follow, max-snippet:-1, max-image-preview:large, max-video-preview:-1\" \/>\n<link rel=\"canonical\" href=\"https:\/\/biblioteca.blanes.cat\/salainfantil\/novetats-juny-2019\/\" \/>\n<meta property=\"og:locale\" content=\"ca_ES\" \/>\n<meta property=\"og:type\" content=\"article\" \/>\n<meta property=\"og:title\" content=\"NOVETATS: juny 2019 - SALA INFANTIL\" \/>\n<meta property=\"og:description\" content=\"Aqu\u00ed pots trobar totes les novetats infantils d&#8217;aquest \u00faltim mes. Fes una ullada i vine a buscar els que m\u00e9s t&#8217;agradin a la biblioteca.\" \/>\n<meta property=\"og:url\" content=\"https:\/\/biblioteca.blanes.cat\/salainfantil\/novetats-juny-2019\/\" \/>\n<meta property=\"og:site_name\" content=\"SALA INFANTIL\" \/>\n<meta property=\"article:published_time\" content=\"2019-06-01T11:19:29+00:00\" \/>\n<meta property=\"og:image\" content=\"https:\/\/biblioteca.blanes.cat\/salainfantil\/wp-content\/uploads\/sites\/2\/2019\/06\/Novetats-juny-2.png\" \/>\n\t<meta property=\"og:image:width\" content=\"716\" \/>\n\t<meta property=\"og:image:height\" content=\"689\" \/>\n\t<meta property=\"og:image:type\" content=\"image\/png\" \/>\n<meta name=\"author\" content=\"biblioblanes\" \/>\n<meta name=\"twitter:card\" content=\"summary_large_image\" \/>\n<meta name=\"twitter:creator\" content=\"@biblioblanes\" \/>\n<meta name=\"twitter:label1\" content=\"Escrit per\" \/>\n\t<meta name=\"twitter:data1\" content=\"biblioblanes\" \/>\n\t<meta name=\"twitter:label2\" content=\"Temps estimat de lectura\" \/>\n\t<meta name=\"twitter:data2\" content=\"1 minut\" \/>\n<script type=\"application\/ld+json\" class=\"yoast-schema-graph\">{\"@context\":\"https:\\\/\\\/schema.org\",\"@graph\":[{\"@type\":\"Article\",\"@id\":\"https:\\\/\\\/biblioteca.blanes.cat\\\/salainfantil\\\/novetats-juny-2019\\\/#article\",\"isPartOf\":{\"@id\":\"https:\\\/\\\/biblioteca.blanes.cat\\\/salainfantil\\\/novetats-juny-2019\\\/\"},\"author\":{\"name\":\"biblioblanes\",\"@id\":\"https:\\\/\\\/biblioteca.blanes.cat\\\/salainfantil\\\/#\\\/schema\\\/person\\\/5a7b46760d9dd611d098bbf571a341dc\"},\"headline\":\"NOVETATS: juny 2019\",\"datePublished\":\"2019-06-01T11:19:29+00:00\",\"mainEntityOfPage\":{\"@id\":\"https:\\\/\\\/biblioteca.blanes.cat\\\/salainfantil\\\/novetats-juny-2019\\\/\"},\"wordCount\":109,\"commentCount\":0,\"image\":{\"@id\":\"https:\\\/\\\/biblioteca.blanes.cat\\\/salainfantil\\\/novetats-juny-2019\\\/#primaryimage\"},\"thumbnailUrl\":\"https:\\\/\\\/biblioteca.blanes.cat\\\/salainfantil\\\/wp-content\\\/uploads\\\/sites\\\/2\\\/2019\\\/06\\\/Novetats-juny-2.png\",\"articleSection\":[\"Novetats\"],\"inLanguage\":\"ca\",\"potentialAction\":[{\"@type\":\"CommentAction\",\"name\":\"Comment\",\"target\":[\"https:\\\/\\\/biblioteca.blanes.cat\\\/salainfantil\\\/novetats-juny-2019\\\/#respond\"]}]},{\"@type\":\"WebPage\",\"@id\":\"https:\\\/\\\/biblioteca.blanes.cat\\\/salainfantil\\\/novetats-juny-2019\\\/\",\"url\":\"https:\\\/\\\/biblioteca.blanes.cat\\\/salainfantil\\\/novetats-juny-2019\\\/\",\"name\":\"NOVETATS: juny 2019 - SALA INFANTIL\",\"isPartOf\":{\"@id\":\"https:\\\/\\\/biblioteca.blanes.cat\\\/salainfantil\\\/#website\"},\"primaryImageOfPage\":{\"@id\":\"https:\\\/\\\/biblioteca.blanes.cat\\\/salainfantil\\\/novetats-juny-2019\\\/#primaryimage\"},\"image\":{\"@id\":\"https:\\\/\\\/biblioteca.blanes.cat\\\/salainfantil\\\/novetats-juny-2019\\\/#primaryimage\"},\"thumbnailUrl\":\"https:\\\/\\\/biblioteca.blanes.cat\\\/salainfantil\\\/wp-content\\\/uploads\\\/sites\\\/2\\\/2019\\\/06\\\/Novetats-juny-2.png\",\"datePublished\":\"2019-06-01T11:19:29+00:00\",\"author\":{\"@id\":\"https:\\\/\\\/biblioteca.blanes.cat\\\/salainfantil\\\/#\\\/schema\\\/person\\\/5a7b46760d9dd611d098bbf571a341dc\"},\"breadcrumb\":{\"@id\":\"https:\\\/\\\/biblioteca.blanes.cat\\\/salainfantil\\\/novetats-juny-2019\\\/#breadcrumb\"},\"inLanguage\":\"ca\",\"potentialAction\":[{\"@type\":\"ReadAction\",\"target\":[\"https:\\\/\\\/biblioteca.blanes.cat\\\/salainfantil\\\/novetats-juny-2019\\\/\"]}]},{\"@type\":\"ImageObject\",\"inLanguage\":\"ca\",\"@id\":\"https:\\\/\\\/biblioteca.blanes.cat\\\/salainfantil\\\/novetats-juny-2019\\\/#primaryimage\",\"url\":\"https:\\\/\\\/biblioteca.blanes.cat\\\/salainfantil\\\/wp-content\\\/uploads\\\/sites\\\/2\\\/2019\\\/06\\\/Novetats-juny-2.png\",\"contentUrl\":\"https:\\\/\\\/biblioteca.blanes.cat\\\/salainfantil\\\/wp-content\\\/uploads\\\/sites\\\/2\\\/2019\\\/06\\\/Novetats-juny-2.png\",\"width\":716,\"height\":689},{\"@type\":\"BreadcrumbList\",\"@id\":\"https:\\\/\\\/biblioteca.blanes.cat\\\/salainfantil\\\/novetats-juny-2019\\\/#breadcrumb\",\"itemListElement\":[{\"@type\":\"ListItem\",\"position\":1,\"name\":\"Inici\",\"item\":\"https:\\\/\\\/biblioteca.blanes.cat\\\/salainfantil\\\/\"},{\"@type\":\"ListItem\",\"position\":2,\"name\":\"NOVETATS: juny 2019\"}]},{\"@type\":\"WebSite\",\"@id\":\"https:\\\/\\\/biblioteca.blanes.cat\\\/salainfantil\\\/#website\",\"url\":\"https:\\\/\\\/biblioteca.blanes.cat\\\/salainfantil\\\/\",\"name\":\"SALA INFANTIL\",\"description\":\"Biblioteca Roberto Bola\u00f1o\",\"potentialAction\":[{\"@type\":\"SearchAction\",\"target\":{\"@type\":\"EntryPoint\",\"urlTemplate\":\"https:\\\/\\\/biblioteca.blanes.cat\\\/salainfantil\\\/?s={search_term_string}\"},\"query-input\":{\"@type\":\"PropertyValueSpecification\",\"valueRequired\":true,\"valueName\":\"search_term_string\"}}],\"inLanguage\":\"ca\"},{\"@type\":\"Person\",\"@id\":\"https:\\\/\\\/biblioteca.blanes.cat\\\/salainfantil\\\/#\\\/schema\\\/person\\\/5a7b46760d9dd611d098bbf571a341dc\",\"name\":\"biblioblanes\",\"image\":{\"@type\":\"ImageObject\",\"inLanguage\":\"ca\",\"@id\":\"https:\\\/\\\/secure.gravatar.com\\\/avatar\\\/6593ca6cc90e5a70939f51c95e8315483b9c281bafba597292bee47992030f99?s=96&d=mm&r=g\",\"url\":\"https:\\\/\\\/secure.gravatar.com\\\/avatar\\\/6593ca6cc90e5a70939f51c95e8315483b9c281bafba597292bee47992030f99?s=96&d=mm&r=g\",\"contentUrl\":\"https:\\\/\\\/secure.gravatar.com\\\/avatar\\\/6593ca6cc90e5a70939f51c95e8315483b9c281bafba597292bee47992030f99?s=96&d=mm&r=g\",\"caption\":\"biblioblanes\"},\"sameAs\":[\"http:\\\/\\\/www.bibgirona.cat\\\/biblioteca\\\/blanes\",\"https:\\\/\\\/x.com\\\/biblioblanes\"],\"url\":\"https:\\\/\\\/biblioteca.blanes.cat\\\/salainfantil\\\/author\\\/biblioblanes\\\/\"}]}<\/script>\n<!-- \/ Yoast SEO plugin. -->","yoast_head_json":{"title":"NOVETATS: juny 2019 - SALA INFANTIL","robots":{"index":"index","follow":"follow","max-snippet":"max-snippet:-1","max-image-preview":"max-image-preview:large","max-video-preview":"max-video-preview:-1"},"canonical":"https:\/\/biblioteca.blanes.cat\/salainfantil\/novetats-juny-2019\/","og_locale":"ca_ES","og_type":"article","og_title":"NOVETATS: juny 2019 - SALA INFANTIL","og_description":"Aqu\u00ed pots trobar totes les novetats infantils d&#8217;aquest \u00faltim mes. Fes una ullada i vine a buscar els que m\u00e9s t&#8217;agradin a la biblioteca.","og_url":"https:\/\/biblioteca.blanes.cat\/salainfantil\/novetats-juny-2019\/","og_site_name":"SALA INFANTIL","article_published_time":"2019-06-01T11:19:29+00:00","og_image":[{"width":716,"height":689,"url":"https:\/\/biblioteca.blanes.cat\/salainfantil\/wp-content\/uploads\/sites\/2\/2019\/06\/Novetats-juny-2.png","type":"image\/png"}],"author":"biblioblanes","twitter_card":"summary_large_image","twitter_creator":"@biblioblanes","twitter_misc":{"Escrit per":"biblioblanes","Temps estimat de lectura":"1 minut"},"schema":{"@context":"https:\/\/schema.org","@graph":[{"@type":"Article","@id":"https:\/\/biblioteca.blanes.cat\/salainfantil\/novetats-juny-2019\/#article","isPartOf":{"@id":"https:\/\/biblioteca.blanes.cat\/salainfantil\/novetats-juny-2019\/"},"author":{"name":"biblioblanes","@id":"https:\/\/biblioteca.blanes.cat\/salainfantil\/#\/schema\/person\/5a7b46760d9dd611d098bbf571a341dc"},"headline":"NOVETATS: juny 2019","datePublished":"2019-06-01T11:19:29+00:00","mainEntityOfPage":{"@id":"https:\/\/biblioteca.blanes.cat\/salainfantil\/novetats-juny-2019\/"},"wordCount":109,"commentCount":0,"image":{"@id":"https:\/\/biblioteca.blanes.cat\/salainfantil\/novetats-juny-2019\/#primaryimage"},"thumbnailUrl":"https:\/\/biblioteca.blanes.cat\/salainfantil\/wp-content\/uploads\/sites\/2\/2019\/06\/Novetats-juny-2.png","articleSection":["Novetats"],"inLanguage":"ca","potentialAction":[{"@type":"CommentAction","name":"Comment","target":["https:\/\/biblioteca.blanes.cat\/salainfantil\/novetats-juny-2019\/#respond"]}]},{"@type":"WebPage","@id":"https:\/\/biblioteca.blanes.cat\/salainfantil\/novetats-juny-2019\/","url":"https:\/\/biblioteca.blanes.cat\/salainfantil\/novetats-juny-2019\/","name":"NOVETATS: juny 2019 - SALA INFANTIL","isPartOf":{"@id":"https:\/\/biblioteca.blanes.cat\/salainfantil\/#website"},"primaryImageOfPage":{"@id":"https:\/\/biblioteca.blanes.cat\/salainfantil\/novetats-juny-2019\/#primaryimage"},"image":{"@id":"https:\/\/biblioteca.blanes.cat\/salainfantil\/novetats-juny-2019\/#primaryimage"},"thumbnailUrl":"https:\/\/biblioteca.blanes.cat\/salainfantil\/wp-content\/uploads\/sites\/2\/2019\/06\/Novetats-juny-2.png","datePublished":"2019-06-01T11:19:29+00:00","author":{"@id":"https:\/\/biblioteca.blanes.cat\/salainfantil\/#\/schema\/person\/5a7b46760d9dd611d098bbf571a341dc"},"breadcrumb":{"@id":"https:\/\/biblioteca.blanes.cat\/salainfantil\/novetats-juny-2019\/#breadcrumb"},"inLanguage":"ca","potentialAction":[{"@type":"ReadAction","target":["https:\/\/biblioteca.blanes.cat\/salainfantil\/novetats-juny-2019\/"]}]},{"@type":"ImageObject","inLanguage":"ca","@id":"https:\/\/biblioteca.blanes.cat\/salainfantil\/novetats-juny-2019\/#primaryimage","url":"https:\/\/biblioteca.blanes.cat\/salainfantil\/wp-content\/uploads\/sites\/2\/2019\/06\/Novetats-juny-2.png","contentUrl":"https:\/\/biblioteca.blanes.cat\/salainfantil\/wp-content\/uploads\/sites\/2\/2019\/06\/Novetats-juny-2.png","width":716,"height":689},{"@type":"BreadcrumbList","@id":"https:\/\/biblioteca.blanes.cat\/salainfantil\/novetats-juny-2019\/#breadcrumb","itemListElement":[{"@type":"ListItem","position":1,"name":"Inici","item":"https:\/\/biblioteca.blanes.cat\/salainfantil\/"},{"@type":"ListItem","position":2,"name":"NOVETATS: juny 2019"}]},{"@type":"WebSite","@id":"https:\/\/biblioteca.blanes.cat\/salainfantil\/#website","url":"https:\/\/biblioteca.blanes.cat\/salainfantil\/","name":"SALA INFANTIL","description":"Biblioteca Roberto Bola\u00f1o","potentialAction":[{"@type":"SearchAction","target":{"@type":"EntryPoint","urlTemplate":"https:\/\/biblioteca.blanes.cat\/salainfantil\/?s={search_term_string}"},"query-input":{"@type":"PropertyValueSpecification","valueRequired":true,"valueName":"search_term_string"}}],"inLanguage":"ca"},{"@type":"Person","@id":"https:\/\/biblioteca.blanes.cat\/salainfantil\/#\/schema\/person\/5a7b46760d9dd611d098bbf571a341dc","name":"biblioblanes","image":{"@type":"ImageObject","inLanguage":"ca","@id":"https:\/\/secure.gravatar.com\/avatar\/6593ca6cc90e5a70939f51c95e8315483b9c281bafba597292bee47992030f99?s=96&d=mm&r=g","url":"https:\/\/secure.gravatar.com\/avatar\/6593ca6cc90e5a70939f51c95e8315483b9c281bafba597292bee47992030f99?s=96&d=mm&r=g","contentUrl":"https:\/\/secure.gravatar.com\/avatar\/6593ca6cc90e5a70939f51c95e8315483b9c281bafba597292bee47992030f99?s=96&d=mm&r=g","caption":"biblioblanes"},"sameAs":["http:\/\/www.bibgirona.cat\/biblioteca\/blanes","https:\/\/x.com\/biblioblanes"],"url":"https:\/\/biblioteca.blanes.cat\/salainfantil\/author\/biblioblanes\/"}]}},"_links":{"self":[{"href":"https:\/\/biblioteca.blanes.cat\/salainfantil\/wp-json\/wp\/v2\/posts\/1435","targetHints":{"allow":["GET"]}}],"collection":[{"href":"https:\/\/biblioteca.blanes.cat\/salainfantil\/wp-json\/wp\/v2\/posts"}],"about":[{"href":"https:\/\/biblioteca.blanes.cat\/salainfantil\/wp-json\/wp\/v2\/types\/post"}],"author":[{"embeddable":true,"href":"https:\/\/biblioteca.blanes.cat\/salainfantil\/wp-json\/wp\/v2\/users\/4"}],"replies":[{"embeddable":true,"href":"https:\/\/biblioteca.blanes.cat\/salainfantil\/wp-json\/wp\/v2\/comments?post=1435"}],"version-history":[{"count":4,"href":"https:\/\/biblioteca.blanes.cat\/salainfantil\/wp-json\/wp\/v2\/posts\/1435\/revisions"}],"predecessor-version":[{"id":1552,"href":"https:\/\/biblioteca.blanes.cat\/salainfantil\/wp-json\/wp\/v2\/posts\/1435\/revisions\/1552"}],"wp:featuredmedia":[{"embeddable":true,"href":"https:\/\/biblioteca.blanes.cat\/salainfantil\/wp-json\/wp\/v2\/media\/1555"}],"wp:attachment":[{"href":"https:\/\/biblioteca.blanes.cat\/salainfantil\/wp-json\/wp\/v2\/media?parent=1435"}],"wp:term":[{"taxonomy":"category","embeddable":true,"href":"https:\/\/biblioteca.blanes.cat\/salainfantil\/wp-json\/wp\/v2\/categories?post=1435"},{"taxonomy":"post_tag","embeddable":true,"href":"https:\/\/biblioteca.blanes.cat\/salainfantil\/wp-json\/wp\/v2\/tags?post=1435"}],"curies":[{"name":"wp","href":"https:\/\/api.w.org\/{rel}","templated":true}]}}