{"id":12083,"date":"2026-03-30T12:31:59","date_gmt":"2026-03-30T11:31:59","guid":{"rendered":"https:\/\/biblioteca.blanes.cat\/salainfantil\/?p=12083"},"modified":"2026-03-30T12:32:00","modified_gmt":"2026-03-30T11:32:00","slug":"club-de-lectura-benjami-marc-2","status":"publish","type":"post","link":"https:\/\/biblioteca.blanes.cat\/salainfantil\/club-de-lectura-benjami-marc-2\/","title":{"rendered":"Club de lectura benjam\u00ed. Mar\u00e7"},"content":{"rendered":"\n<p>Al club de lectura benjam\u00ed hem viatjat fins al desert amb <span style=\"color: #33cccc;\"><strong><em>Ratolins del desert<\/em>, d\u2019Erwin Moser<\/strong><\/span>! \u00c9s una hist\u00f2ria que ens mostra la duresa de viure en un clima \u00e0rid i les dificultats que han d\u2019afrontar els seus habitants. Tot i aix\u00f2, tamb\u00e9 hi trobem alguna sorpresa m\u00e0gica que capgira el curs dels esdeveniments.<\/p>\n<p><img fetchpriority=\"high\" decoding=\"async\" class=\"aligncenter  wp-image-12092\" src=\"https:\/\/biblioteca.blanes.cat\/salainfantil\/wp-content\/uploads\/sites\/2\/2026\/03\/9788410025783-203x300.jpg\" alt=\"\" width=\"326\" height=\"482\" srcset=\"https:\/\/biblioteca.blanes.cat\/salainfantil\/wp-content\/uploads\/sites\/2\/2026\/03\/9788410025783-203x300.jpg 203w, https:\/\/biblioteca.blanes.cat\/salainfantil\/wp-content\/uploads\/sites\/2\/2026\/03\/9788410025783.jpg 552w\" sizes=\"(max-width: 326px) 100vw, 326px\" \/><\/p>\n<p>Despr\u00e9s de comentar la hist\u00f2ria, hem explorat altres llibres per descobrir <span style=\"color: #33cccc;\"><strong>curiositats<\/strong><\/span> sobre la <span style=\"color: #33cccc;\"><strong>flora, la fauna i el clima del desert<\/strong><\/span>, i inspirar-nos per a la seg\u00fcent activitat.<\/p>\n<p><img decoding=\"async\" class=\"aligncenter  wp-image-12087\" src=\"https:\/\/biblioteca.blanes.cat\/salainfantil\/wp-content\/uploads\/sites\/2\/2026\/03\/Benjami-3-225x300.jpg\" alt=\"\" width=\"409\" height=\"545\" srcset=\"https:\/\/biblioteca.blanes.cat\/salainfantil\/wp-content\/uploads\/sites\/2\/2026\/03\/Benjami-3-225x300.jpg 225w, https:\/\/biblioteca.blanes.cat\/salainfantil\/wp-content\/uploads\/sites\/2\/2026\/03\/Benjami-3-768x1024.jpg 768w, https:\/\/biblioteca.blanes.cat\/salainfantil\/wp-content\/uploads\/sites\/2\/2026\/03\/Benjami-3-1152x1536.jpg 1152w, https:\/\/biblioteca.blanes.cat\/salainfantil\/wp-content\/uploads\/sites\/2\/2026\/03\/Benjami-3-1536x2048.jpg 1536w, https:\/\/biblioteca.blanes.cat\/salainfantil\/wp-content\/uploads\/sites\/2\/2026\/03\/Benjami-3-scaled.jpg 1920w\" sizes=\"(max-width: 409px) 100vw, 409px\" \/><\/p>\n<p><img decoding=\"async\" class=\"aligncenter  wp-image-12088\" src=\"https:\/\/biblioteca.blanes.cat\/salainfantil\/wp-content\/uploads\/sites\/2\/2026\/03\/Benjami-4-225x300.jpg\" alt=\"\" width=\"415\" height=\"553\" srcset=\"https:\/\/biblioteca.blanes.cat\/salainfantil\/wp-content\/uploads\/sites\/2\/2026\/03\/Benjami-4-225x300.jpg 225w, https:\/\/biblioteca.blanes.cat\/salainfantil\/wp-content\/uploads\/sites\/2\/2026\/03\/Benjami-4-768x1024.jpg 768w, https:\/\/biblioteca.blanes.cat\/salainfantil\/wp-content\/uploads\/sites\/2\/2026\/03\/Benjami-4-1152x1536.jpg 1152w, https:\/\/biblioteca.blanes.cat\/salainfantil\/wp-content\/uploads\/sites\/2\/2026\/03\/Benjami-4-1536x2048.jpg 1536w, https:\/\/biblioteca.blanes.cat\/salainfantil\/wp-content\/uploads\/sites\/2\/2026\/03\/Benjami-4-scaled.jpg 1920w\" sizes=\"(max-width: 415px) 100vw, 415px\" \/><\/p>\n<p><img loading=\"lazy\" decoding=\"async\" class=\"aligncenter  wp-image-12089\" src=\"https:\/\/biblioteca.blanes.cat\/salainfantil\/wp-content\/uploads\/sites\/2\/2026\/03\/Benjami-5-225x300.jpg\" alt=\"\" width=\"435\" height=\"580\" srcset=\"https:\/\/biblioteca.blanes.cat\/salainfantil\/wp-content\/uploads\/sites\/2\/2026\/03\/Benjami-5-225x300.jpg 225w, https:\/\/biblioteca.blanes.cat\/salainfantil\/wp-content\/uploads\/sites\/2\/2026\/03\/Benjami-5-768x1024.jpg 768w, https:\/\/biblioteca.blanes.cat\/salainfantil\/wp-content\/uploads\/sites\/2\/2026\/03\/Benjami-5-1152x1536.jpg 1152w, https:\/\/biblioteca.blanes.cat\/salainfantil\/wp-content\/uploads\/sites\/2\/2026\/03\/Benjami-5-1536x2048.jpg 1536w, https:\/\/biblioteca.blanes.cat\/salainfantil\/wp-content\/uploads\/sites\/2\/2026\/03\/Benjami-5-scaled.jpg 1920w\" sizes=\"(max-width: 435px) 100vw, 435px\" \/><\/p>\n<p>Hem posat a prova la nostra creativitat recreant una escena del llibre o b\u00e9 del desert dins d\u2019un petit <span style=\"color: #33cccc;\"><strong>triorama<\/strong><\/span>. Mireu quines fant\u00e0stiques creacions han fet els nostres petits grans lectors!<\/p>\n<p><img loading=\"lazy\" decoding=\"async\" class=\"aligncenter  wp-image-12090\" src=\"https:\/\/biblioteca.blanes.cat\/salainfantil\/wp-content\/uploads\/sites\/2\/2026\/03\/Benjami-6-225x300.jpg\" alt=\"\" width=\"424\" height=\"565\" srcset=\"https:\/\/biblioteca.blanes.cat\/salainfantil\/wp-content\/uploads\/sites\/2\/2026\/03\/Benjami-6-225x300.jpg 225w, https:\/\/biblioteca.blanes.cat\/salainfantil\/wp-content\/uploads\/sites\/2\/2026\/03\/Benjami-6-768x1024.jpg 768w, https:\/\/biblioteca.blanes.cat\/salainfantil\/wp-content\/uploads\/sites\/2\/2026\/03\/Benjami-6-1152x1536.jpg 1152w, https:\/\/biblioteca.blanes.cat\/salainfantil\/wp-content\/uploads\/sites\/2\/2026\/03\/Benjami-6-1536x2048.jpg 1536w, https:\/\/biblioteca.blanes.cat\/salainfantil\/wp-content\/uploads\/sites\/2\/2026\/03\/Benjami-6-scaled.jpg 1920w\" sizes=\"(max-width: 424px) 100vw, 424px\" \/><\/p>\n<p><img loading=\"lazy\" decoding=\"async\" class=\"aligncenter  wp-image-12091\" src=\"https:\/\/biblioteca.blanes.cat\/salainfantil\/wp-content\/uploads\/sites\/2\/2026\/03\/Benjami-7-225x300.jpg\" alt=\"\" width=\"438\" height=\"584\" srcset=\"https:\/\/biblioteca.blanes.cat\/salainfantil\/wp-content\/uploads\/sites\/2\/2026\/03\/Benjami-7-225x300.jpg 225w, https:\/\/biblioteca.blanes.cat\/salainfantil\/wp-content\/uploads\/sites\/2\/2026\/03\/Benjami-7-768x1024.jpg 768w, https:\/\/biblioteca.blanes.cat\/salainfantil\/wp-content\/uploads\/sites\/2\/2026\/03\/Benjami-7-1152x1536.jpg 1152w, https:\/\/biblioteca.blanes.cat\/salainfantil\/wp-content\/uploads\/sites\/2\/2026\/03\/Benjami-7-1536x2048.jpg 1536w, https:\/\/biblioteca.blanes.cat\/salainfantil\/wp-content\/uploads\/sites\/2\/2026\/03\/Benjami-7-scaled.jpg 1920w\" sizes=\"(max-width: 438px) 100vw, 438px\" \/><\/p>\n<p><img loading=\"lazy\" decoding=\"async\" class=\"aligncenter  wp-image-12086\" src=\"https:\/\/biblioteca.blanes.cat\/salainfantil\/wp-content\/uploads\/sites\/2\/2026\/03\/Benjami-2-225x300.jpg\" alt=\"\" width=\"440\" height=\"587\" srcset=\"https:\/\/biblioteca.blanes.cat\/salainfantil\/wp-content\/uploads\/sites\/2\/2026\/03\/Benjami-2-225x300.jpg 225w, https:\/\/biblioteca.blanes.cat\/salainfantil\/wp-content\/uploads\/sites\/2\/2026\/03\/Benjami-2-768x1024.jpg 768w, https:\/\/biblioteca.blanes.cat\/salainfantil\/wp-content\/uploads\/sites\/2\/2026\/03\/Benjami-2-1152x1536.jpg 1152w, https:\/\/biblioteca.blanes.cat\/salainfantil\/wp-content\/uploads\/sites\/2\/2026\/03\/Benjami-2-1536x2048.jpg 1536w, https:\/\/biblioteca.blanes.cat\/salainfantil\/wp-content\/uploads\/sites\/2\/2026\/03\/Benjami-2-scaled.jpg 1920w\" sizes=\"(max-width: 440px) 100vw, 440px\" \/><\/p>\n<p><img loading=\"lazy\" decoding=\"async\" class=\"aligncenter  wp-image-12084\" src=\"https:\/\/biblioteca.blanes.cat\/salainfantil\/wp-content\/uploads\/sites\/2\/2026\/03\/1000105762-262x300.jpg\" alt=\"\" width=\"486\" height=\"556\" srcset=\"https:\/\/biblioteca.blanes.cat\/salainfantil\/wp-content\/uploads\/sites\/2\/2026\/03\/1000105762-262x300.jpg 262w, https:\/\/biblioteca.blanes.cat\/salainfantil\/wp-content\/uploads\/sites\/2\/2026\/03\/1000105762-893x1024.jpg 893w, https:\/\/biblioteca.blanes.cat\/salainfantil\/wp-content\/uploads\/sites\/2\/2026\/03\/1000105762-1340x1536.jpg 1340w, https:\/\/biblioteca.blanes.cat\/salainfantil\/wp-content\/uploads\/sites\/2\/2026\/03\/1000105762-1786x2048.jpg 1786w, https:\/\/biblioteca.blanes.cat\/salainfantil\/wp-content\/uploads\/sites\/2\/2026\/03\/1000105762.jpg 1843w\" sizes=\"(max-width: 486px) 100vw, 486px\" \/><\/p>\n<p>\u00a0<\/p>\n<p>Finalment, hem deixat volar la <span style=\"color: #33cccc;\"><strong>imaginaci\u00f3<\/strong><\/span> escrivint en qu\u00e8 ens voldr\u00edem convertir si meng\u00e9ssim les algues m\u00e0giques que tasten l\u2019Isi i en Selim.<\/p>\n<p>Aquest llibre ha estat una experi\u00e8ncia plena de descoberta, creativitat i fantasia!<\/p>\n<p><img loading=\"lazy\" decoding=\"async\" class=\"aligncenter  wp-image-12085\" src=\"https:\/\/biblioteca.blanes.cat\/salainfantil\/wp-content\/uploads\/sites\/2\/2026\/03\/Benjami-1-300x225.jpg\" alt=\"\" width=\"543\" height=\"407\" srcset=\"https:\/\/biblioteca.blanes.cat\/salainfantil\/wp-content\/uploads\/sites\/2\/2026\/03\/Benjami-1-300x225.jpg 300w, https:\/\/biblioteca.blanes.cat\/salainfantil\/wp-content\/uploads\/sites\/2\/2026\/03\/Benjami-1-1024x768.jpg 1024w, https:\/\/biblioteca.blanes.cat\/salainfantil\/wp-content\/uploads\/sites\/2\/2026\/03\/Benjami-1-768x576.jpg 768w, https:\/\/biblioteca.blanes.cat\/salainfantil\/wp-content\/uploads\/sites\/2\/2026\/03\/Benjami-1-1536x1152.jpg 1536w, https:\/\/biblioteca.blanes.cat\/salainfantil\/wp-content\/uploads\/sites\/2\/2026\/03\/Benjami-1-2048x1536.jpg 2048w\" sizes=\"(max-width: 543px) 100vw, 543px\" \/><\/p>\n\n\n","protected":false},"excerpt":{"rendered":"<p>Al club de lectura benjam\u00ed hem viatjat fins al desert amb Ratolins del desert, d\u2019Erwin Moser! \u00c9s una hist\u00f2ria que ens mostra la duresa de viure en un clima \u00e0rid i les dificultats que han d\u2019afrontar els seus habitants. Tot<\/p>\n","protected":false},"author":4,"featured_media":3449,"comment_status":"open","ping_status":"open","sticky":false,"template":"","format":"standard","meta":{"sfsi_plus_gutenberg_text_before_share":"","sfsi_plus_gutenberg_show_text_before_share":"","sfsi_plus_gutenberg_icon_type":"","sfsi_plus_gutenberg_icon_alignemt":"","sfsi_plus_gutenburg_max_per_row":"","footnotes":""},"categories":[6,1,8],"tags":[],"class_list":["post-12083","post","type-post","status-publish","format-standard","has-post-thumbnail","hentry","category-activitats","category-general","category-trobades-cli"],"yoast_head":"<!-- This site is optimized with the Yoast SEO plugin v27.5 - https:\/\/yoast.com\/product\/yoast-seo-wordpress\/ -->\n<title>Club de lectura benjam\u00ed. Mar\u00e7 - SALA INFANTIL<\/title>\n<meta name=\"robots\" content=\"index, follow, max-snippet:-1, max-image-preview:large, max-video-preview:-1\" \/>\n<link rel=\"canonical\" href=\"https:\/\/biblioteca.blanes.cat\/salainfantil\/club-de-lectura-benjami-marc-2\/\" \/>\n<meta property=\"og:locale\" content=\"ca_ES\" \/>\n<meta property=\"og:type\" content=\"article\" \/>\n<meta property=\"og:title\" content=\"Club de lectura benjam\u00ed. Mar\u00e7 - SALA INFANTIL\" \/>\n<meta property=\"og:description\" content=\"Al club de lectura benjam\u00ed hem viatjat fins al desert amb Ratolins del desert, d\u2019Erwin Moser! \u00c9s una hist\u00f2ria que ens mostra la duresa de viure en un clima \u00e0rid i les dificultats que han d\u2019afrontar els seus habitants. Tot\" \/>\n<meta property=\"og:url\" content=\"https:\/\/biblioteca.blanes.cat\/salainfantil\/club-de-lectura-benjami-marc-2\/\" \/>\n<meta property=\"og:site_name\" content=\"SALA INFANTIL\" \/>\n<meta property=\"article:published_time\" content=\"2026-03-30T11:31:59+00:00\" \/>\n<meta property=\"article:modified_time\" content=\"2026-03-30T11:32:00+00:00\" \/>\n<meta property=\"og:image\" content=\"https:\/\/biblioteca.blanes.cat\/salainfantil\/wp-content\/uploads\/sites\/2\/2020\/08\/destacat-CLI2.png\" \/>\n\t<meta property=\"og:image:width\" content=\"720\" \/>\n\t<meta property=\"og:image:height\" content=\"693\" \/>\n\t<meta property=\"og:image:type\" content=\"image\/png\" \/>\n<meta name=\"author\" content=\"biblioblanes\" \/>\n<meta name=\"twitter:card\" content=\"summary_large_image\" \/>\n<meta name=\"twitter:creator\" content=\"@biblioblanes\" \/>\n<meta name=\"twitter:label1\" content=\"Escrit per\" \/>\n\t<meta name=\"twitter:data1\" content=\"biblioblanes\" \/>\n\t<meta name=\"twitter:label2\" content=\"Temps estimat de lectura\" \/>\n\t<meta name=\"twitter:data2\" content=\"3 minuts\" \/>\n<script type=\"application\/ld+json\" class=\"yoast-schema-graph\">{\"@context\":\"https:\\\/\\\/schema.org\",\"@graph\":[{\"@type\":\"Article\",\"@id\":\"https:\\\/\\\/biblioteca.blanes.cat\\\/salainfantil\\\/club-de-lectura-benjami-marc-2\\\/#article\",\"isPartOf\":{\"@id\":\"https:\\\/\\\/biblioteca.blanes.cat\\\/salainfantil\\\/club-de-lectura-benjami-marc-2\\\/\"},\"author\":{\"name\":\"biblioblanes\",\"@id\":\"https:\\\/\\\/biblioteca.blanes.cat\\\/salainfantil\\\/#\\\/schema\\\/person\\\/5a7b46760d9dd611d098bbf571a341dc\"},\"headline\":\"Club de lectura benjam\u00ed. Mar\u00e7\",\"datePublished\":\"2026-03-30T11:31:59+00:00\",\"dateModified\":\"2026-03-30T11:32:00+00:00\",\"mainEntityOfPage\":{\"@id\":\"https:\\\/\\\/biblioteca.blanes.cat\\\/salainfantil\\\/club-de-lectura-benjami-marc-2\\\/\"},\"wordCount\":168,\"commentCount\":0,\"image\":{\"@id\":\"https:\\\/\\\/biblioteca.blanes.cat\\\/salainfantil\\\/club-de-lectura-benjami-marc-2\\\/#primaryimage\"},\"thumbnailUrl\":\"https:\\\/\\\/biblioteca.blanes.cat\\\/salainfantil\\\/wp-content\\\/uploads\\\/sites\\\/2\\\/2020\\\/08\\\/destacat-CLI2.png\",\"articleSection\":[\"Activitats\",\"Fes una ullada\",\"Trobades CLI\"],\"inLanguage\":\"ca\",\"potentialAction\":[{\"@type\":\"CommentAction\",\"name\":\"Comment\",\"target\":[\"https:\\\/\\\/biblioteca.blanes.cat\\\/salainfantil\\\/club-de-lectura-benjami-marc-2\\\/#respond\"]}]},{\"@type\":\"WebPage\",\"@id\":\"https:\\\/\\\/biblioteca.blanes.cat\\\/salainfantil\\\/club-de-lectura-benjami-marc-2\\\/\",\"url\":\"https:\\\/\\\/biblioteca.blanes.cat\\\/salainfantil\\\/club-de-lectura-benjami-marc-2\\\/\",\"name\":\"Club de lectura benjam\u00ed. Mar\u00e7 - SALA INFANTIL\",\"isPartOf\":{\"@id\":\"https:\\\/\\\/biblioteca.blanes.cat\\\/salainfantil\\\/#website\"},\"primaryImageOfPage\":{\"@id\":\"https:\\\/\\\/biblioteca.blanes.cat\\\/salainfantil\\\/club-de-lectura-benjami-marc-2\\\/#primaryimage\"},\"image\":{\"@id\":\"https:\\\/\\\/biblioteca.blanes.cat\\\/salainfantil\\\/club-de-lectura-benjami-marc-2\\\/#primaryimage\"},\"thumbnailUrl\":\"https:\\\/\\\/biblioteca.blanes.cat\\\/salainfantil\\\/wp-content\\\/uploads\\\/sites\\\/2\\\/2020\\\/08\\\/destacat-CLI2.png\",\"datePublished\":\"2026-03-30T11:31:59+00:00\",\"dateModified\":\"2026-03-30T11:32:00+00:00\",\"author\":{\"@id\":\"https:\\\/\\\/biblioteca.blanes.cat\\\/salainfantil\\\/#\\\/schema\\\/person\\\/5a7b46760d9dd611d098bbf571a341dc\"},\"breadcrumb\":{\"@id\":\"https:\\\/\\\/biblioteca.blanes.cat\\\/salainfantil\\\/club-de-lectura-benjami-marc-2\\\/#breadcrumb\"},\"inLanguage\":\"ca\",\"potentialAction\":[{\"@type\":\"ReadAction\",\"target\":[\"https:\\\/\\\/biblioteca.blanes.cat\\\/salainfantil\\\/club-de-lectura-benjami-marc-2\\\/\"]}]},{\"@type\":\"ImageObject\",\"inLanguage\":\"ca\",\"@id\":\"https:\\\/\\\/biblioteca.blanes.cat\\\/salainfantil\\\/club-de-lectura-benjami-marc-2\\\/#primaryimage\",\"url\":\"https:\\\/\\\/biblioteca.blanes.cat\\\/salainfantil\\\/wp-content\\\/uploads\\\/sites\\\/2\\\/2020\\\/08\\\/destacat-CLI2.png\",\"contentUrl\":\"https:\\\/\\\/biblioteca.blanes.cat\\\/salainfantil\\\/wp-content\\\/uploads\\\/sites\\\/2\\\/2020\\\/08\\\/destacat-CLI2.png\",\"width\":720,\"height\":693,\"caption\":\"Club\"},{\"@type\":\"BreadcrumbList\",\"@id\":\"https:\\\/\\\/biblioteca.blanes.cat\\\/salainfantil\\\/club-de-lectura-benjami-marc-2\\\/#breadcrumb\",\"itemListElement\":[{\"@type\":\"ListItem\",\"position\":1,\"name\":\"Inici\",\"item\":\"https:\\\/\\\/biblioteca.blanes.cat\\\/salainfantil\\\/\"},{\"@type\":\"ListItem\",\"position\":2,\"name\":\"Club de lectura benjam\u00ed. Mar\u00e7\"}]},{\"@type\":\"WebSite\",\"@id\":\"https:\\\/\\\/biblioteca.blanes.cat\\\/salainfantil\\\/#website\",\"url\":\"https:\\\/\\\/biblioteca.blanes.cat\\\/salainfantil\\\/\",\"name\":\"SALA INFANTIL\",\"description\":\"Biblioteca Roberto Bola\u00f1o\",\"potentialAction\":[{\"@type\":\"SearchAction\",\"target\":{\"@type\":\"EntryPoint\",\"urlTemplate\":\"https:\\\/\\\/biblioteca.blanes.cat\\\/salainfantil\\\/?s={search_term_string}\"},\"query-input\":{\"@type\":\"PropertyValueSpecification\",\"valueRequired\":true,\"valueName\":\"search_term_string\"}}],\"inLanguage\":\"ca\"},{\"@type\":\"Person\",\"@id\":\"https:\\\/\\\/biblioteca.blanes.cat\\\/salainfantil\\\/#\\\/schema\\\/person\\\/5a7b46760d9dd611d098bbf571a341dc\",\"name\":\"biblioblanes\",\"image\":{\"@type\":\"ImageObject\",\"inLanguage\":\"ca\",\"@id\":\"https:\\\/\\\/secure.gravatar.com\\\/avatar\\\/6593ca6cc90e5a70939f51c95e8315483b9c281bafba597292bee47992030f99?s=96&d=mm&r=g\",\"url\":\"https:\\\/\\\/secure.gravatar.com\\\/avatar\\\/6593ca6cc90e5a70939f51c95e8315483b9c281bafba597292bee47992030f99?s=96&d=mm&r=g\",\"contentUrl\":\"https:\\\/\\\/secure.gravatar.com\\\/avatar\\\/6593ca6cc90e5a70939f51c95e8315483b9c281bafba597292bee47992030f99?s=96&d=mm&r=g\",\"caption\":\"biblioblanes\"},\"sameAs\":[\"http:\\\/\\\/www.bibgirona.cat\\\/biblioteca\\\/blanes\",\"https:\\\/\\\/x.com\\\/biblioblanes\"],\"url\":\"https:\\\/\\\/biblioteca.blanes.cat\\\/salainfantil\\\/author\\\/biblioblanes\\\/\"}]}<\/script>\n<!-- \/ Yoast SEO plugin. -->","yoast_head_json":{"title":"Club de lectura benjam\u00ed. Mar\u00e7 - SALA INFANTIL","robots":{"index":"index","follow":"follow","max-snippet":"max-snippet:-1","max-image-preview":"max-image-preview:large","max-video-preview":"max-video-preview:-1"},"canonical":"https:\/\/biblioteca.blanes.cat\/salainfantil\/club-de-lectura-benjami-marc-2\/","og_locale":"ca_ES","og_type":"article","og_title":"Club de lectura benjam\u00ed. Mar\u00e7 - SALA INFANTIL","og_description":"Al club de lectura benjam\u00ed hem viatjat fins al desert amb Ratolins del desert, d\u2019Erwin Moser! \u00c9s una hist\u00f2ria que ens mostra la duresa de viure en un clima \u00e0rid i les dificultats que han d\u2019afrontar els seus habitants. Tot","og_url":"https:\/\/biblioteca.blanes.cat\/salainfantil\/club-de-lectura-benjami-marc-2\/","og_site_name":"SALA INFANTIL","article_published_time":"2026-03-30T11:31:59+00:00","article_modified_time":"2026-03-30T11:32:00+00:00","og_image":[{"width":720,"height":693,"url":"https:\/\/biblioteca.blanes.cat\/salainfantil\/wp-content\/uploads\/sites\/2\/2020\/08\/destacat-CLI2.png","type":"image\/png"}],"author":"biblioblanes","twitter_card":"summary_large_image","twitter_creator":"@biblioblanes","twitter_misc":{"Escrit per":"biblioblanes","Temps estimat de lectura":"3 minuts"},"schema":{"@context":"https:\/\/schema.org","@graph":[{"@type":"Article","@id":"https:\/\/biblioteca.blanes.cat\/salainfantil\/club-de-lectura-benjami-marc-2\/#article","isPartOf":{"@id":"https:\/\/biblioteca.blanes.cat\/salainfantil\/club-de-lectura-benjami-marc-2\/"},"author":{"name":"biblioblanes","@id":"https:\/\/biblioteca.blanes.cat\/salainfantil\/#\/schema\/person\/5a7b46760d9dd611d098bbf571a341dc"},"headline":"Club de lectura benjam\u00ed. Mar\u00e7","datePublished":"2026-03-30T11:31:59+00:00","dateModified":"2026-03-30T11:32:00+00:00","mainEntityOfPage":{"@id":"https:\/\/biblioteca.blanes.cat\/salainfantil\/club-de-lectura-benjami-marc-2\/"},"wordCount":168,"commentCount":0,"image":{"@id":"https:\/\/biblioteca.blanes.cat\/salainfantil\/club-de-lectura-benjami-marc-2\/#primaryimage"},"thumbnailUrl":"https:\/\/biblioteca.blanes.cat\/salainfantil\/wp-content\/uploads\/sites\/2\/2020\/08\/destacat-CLI2.png","articleSection":["Activitats","Fes una ullada","Trobades CLI"],"inLanguage":"ca","potentialAction":[{"@type":"CommentAction","name":"Comment","target":["https:\/\/biblioteca.blanes.cat\/salainfantil\/club-de-lectura-benjami-marc-2\/#respond"]}]},{"@type":"WebPage","@id":"https:\/\/biblioteca.blanes.cat\/salainfantil\/club-de-lectura-benjami-marc-2\/","url":"https:\/\/biblioteca.blanes.cat\/salainfantil\/club-de-lectura-benjami-marc-2\/","name":"Club de lectura benjam\u00ed. Mar\u00e7 - SALA INFANTIL","isPartOf":{"@id":"https:\/\/biblioteca.blanes.cat\/salainfantil\/#website"},"primaryImageOfPage":{"@id":"https:\/\/biblioteca.blanes.cat\/salainfantil\/club-de-lectura-benjami-marc-2\/#primaryimage"},"image":{"@id":"https:\/\/biblioteca.blanes.cat\/salainfantil\/club-de-lectura-benjami-marc-2\/#primaryimage"},"thumbnailUrl":"https:\/\/biblioteca.blanes.cat\/salainfantil\/wp-content\/uploads\/sites\/2\/2020\/08\/destacat-CLI2.png","datePublished":"2026-03-30T11:31:59+00:00","dateModified":"2026-03-30T11:32:00+00:00","author":{"@id":"https:\/\/biblioteca.blanes.cat\/salainfantil\/#\/schema\/person\/5a7b46760d9dd611d098bbf571a341dc"},"breadcrumb":{"@id":"https:\/\/biblioteca.blanes.cat\/salainfantil\/club-de-lectura-benjami-marc-2\/#breadcrumb"},"inLanguage":"ca","potentialAction":[{"@type":"ReadAction","target":["https:\/\/biblioteca.blanes.cat\/salainfantil\/club-de-lectura-benjami-marc-2\/"]}]},{"@type":"ImageObject","inLanguage":"ca","@id":"https:\/\/biblioteca.blanes.cat\/salainfantil\/club-de-lectura-benjami-marc-2\/#primaryimage","url":"https:\/\/biblioteca.blanes.cat\/salainfantil\/wp-content\/uploads\/sites\/2\/2020\/08\/destacat-CLI2.png","contentUrl":"https:\/\/biblioteca.blanes.cat\/salainfantil\/wp-content\/uploads\/sites\/2\/2020\/08\/destacat-CLI2.png","width":720,"height":693,"caption":"Club"},{"@type":"BreadcrumbList","@id":"https:\/\/biblioteca.blanes.cat\/salainfantil\/club-de-lectura-benjami-marc-2\/#breadcrumb","itemListElement":[{"@type":"ListItem","position":1,"name":"Inici","item":"https:\/\/biblioteca.blanes.cat\/salainfantil\/"},{"@type":"ListItem","position":2,"name":"Club de lectura benjam\u00ed. Mar\u00e7"}]},{"@type":"WebSite","@id":"https:\/\/biblioteca.blanes.cat\/salainfantil\/#website","url":"https:\/\/biblioteca.blanes.cat\/salainfantil\/","name":"SALA INFANTIL","description":"Biblioteca Roberto Bola\u00f1o","potentialAction":[{"@type":"SearchAction","target":{"@type":"EntryPoint","urlTemplate":"https:\/\/biblioteca.blanes.cat\/salainfantil\/?s={search_term_string}"},"query-input":{"@type":"PropertyValueSpecification","valueRequired":true,"valueName":"search_term_string"}}],"inLanguage":"ca"},{"@type":"Person","@id":"https:\/\/biblioteca.blanes.cat\/salainfantil\/#\/schema\/person\/5a7b46760d9dd611d098bbf571a341dc","name":"biblioblanes","image":{"@type":"ImageObject","inLanguage":"ca","@id":"https:\/\/secure.gravatar.com\/avatar\/6593ca6cc90e5a70939f51c95e8315483b9c281bafba597292bee47992030f99?s=96&d=mm&r=g","url":"https:\/\/secure.gravatar.com\/avatar\/6593ca6cc90e5a70939f51c95e8315483b9c281bafba597292bee47992030f99?s=96&d=mm&r=g","contentUrl":"https:\/\/secure.gravatar.com\/avatar\/6593ca6cc90e5a70939f51c95e8315483b9c281bafba597292bee47992030f99?s=96&d=mm&r=g","caption":"biblioblanes"},"sameAs":["http:\/\/www.bibgirona.cat\/biblioteca\/blanes","https:\/\/x.com\/biblioblanes"],"url":"https:\/\/biblioteca.blanes.cat\/salainfantil\/author\/biblioblanes\/"}]}},"_links":{"self":[{"href":"https:\/\/biblioteca.blanes.cat\/salainfantil\/wp-json\/wp\/v2\/posts\/12083","targetHints":{"allow":["GET"]}}],"collection":[{"href":"https:\/\/biblioteca.blanes.cat\/salainfantil\/wp-json\/wp\/v2\/posts"}],"about":[{"href":"https:\/\/biblioteca.blanes.cat\/salainfantil\/wp-json\/wp\/v2\/types\/post"}],"author":[{"embeddable":true,"href":"https:\/\/biblioteca.blanes.cat\/salainfantil\/wp-json\/wp\/v2\/users\/4"}],"replies":[{"embeddable":true,"href":"https:\/\/biblioteca.blanes.cat\/salainfantil\/wp-json\/wp\/v2\/comments?post=12083"}],"version-history":[{"count":1,"href":"https:\/\/biblioteca.blanes.cat\/salainfantil\/wp-json\/wp\/v2\/posts\/12083\/revisions"}],"predecessor-version":[{"id":12093,"href":"https:\/\/biblioteca.blanes.cat\/salainfantil\/wp-json\/wp\/v2\/posts\/12083\/revisions\/12093"}],"wp:featuredmedia":[{"embeddable":true,"href":"https:\/\/biblioteca.blanes.cat\/salainfantil\/wp-json\/wp\/v2\/media\/3449"}],"wp:attachment":[{"href":"https:\/\/biblioteca.blanes.cat\/salainfantil\/wp-json\/wp\/v2\/media?parent=12083"}],"wp:term":[{"taxonomy":"category","embeddable":true,"href":"https:\/\/biblioteca.blanes.cat\/salainfantil\/wp-json\/wp\/v2\/categories?post=12083"},{"taxonomy":"post_tag","embeddable":true,"href":"https:\/\/biblioteca.blanes.cat\/salainfantil\/wp-json\/wp\/v2\/tags?post=12083"}],"curies":[{"name":"wp","href":"https:\/\/api.w.org\/{rel}","templated":true}]}}