{"id":12058,"date":"2026-03-25T19:51:45","date_gmt":"2026-03-25T18:51:45","guid":{"rendered":"https:\/\/biblioteca.blanes.cat\/salainfantil\/?p=12058"},"modified":"2026-03-25T20:01:37","modified_gmt":"2026-03-25T19:01:37","slug":"miniclub-em-quedo-amb-tu-de-smriti-pasadam-halls-i-steve-small","status":"publish","type":"post","link":"https:\/\/biblioteca.blanes.cat\/salainfantil\/miniclub-em-quedo-amb-tu-de-smriti-pasadam-halls-i-steve-small\/","title":{"rendered":"Miniclub: Em quedo amb tu"},"content":{"rendered":"\n\n\n<h6 style=\"text-align: center;\" data-pm-slice=\"1 1 []\">Aquest mes hem comentat el c\u00f2mic\u00a0 <strong>\u201d Em quedo amb tu\u201d<\/strong> de Smriti Pasadam Halls i Steve Small<\/h6>\n<p style=\"text-align: center;\" data-pm-slice=\"1 1 []\"><strong>All\u00e0 on vagis, jo et seguir\u00e9.\u00a0 Facis el que facis, amb tu em quedar\u00e9.\u00a0<\/strong><\/p>\n<p style=\"text-align: center;\"><strong>Tant \u00e9s que estiguis malhumorat, neguit\u00f3s o enrabiat. En els bons moments&#8230; i en els que no ho s\u00f3n tant, tant si est\u00e0s content com enfadat.<\/strong><\/p>\n<p>\u00a0<\/p>\n<p><img fetchpriority=\"high\" decoding=\"async\" class=\"aligncenter size-medium wp-image-12060\" src=\"https:\/\/biblioteca.blanes.cat\/salainfantil\/wp-content\/uploads\/sites\/2\/2026\/03\/IMG_20260325_142431-225x300.jpg\" alt=\"\" width=\"225\" height=\"300\" srcset=\"https:\/\/biblioteca.blanes.cat\/salainfantil\/wp-content\/uploads\/sites\/2\/2026\/03\/IMG_20260325_142431-225x300.jpg 225w, https:\/\/biblioteca.blanes.cat\/salainfantil\/wp-content\/uploads\/sites\/2\/2026\/03\/IMG_20260325_142431-768x1024.jpg 768w, https:\/\/biblioteca.blanes.cat\/salainfantil\/wp-content\/uploads\/sites\/2\/2026\/03\/IMG_20260325_142431-1152x1536.jpg 1152w, https:\/\/biblioteca.blanes.cat\/salainfantil\/wp-content\/uploads\/sites\/2\/2026\/03\/IMG_20260325_142431.jpg 1536w\" sizes=\"(max-width: 225px) 100vw, 225px\" \/><\/p>\n<p>\u00a0<\/p>\n<p style=\"text-align: center;\">Aix\u00ed comen\u00e7a i aix\u00ed acaba l&#8217;\u00e0lbum amb el qual hem gaudit aquestes dues trobades.\u00a0<\/p>\n<p style=\"text-align: center;\">Una hist\u00f2ria d&#8217;amistat i tamb\u00e9 d&#8217;espai personal, perqu\u00e8 de vegades ser amics no significa estar sempre junts.\u00a0<\/p>\n<p>\u00a0<\/p>\n<p><strong>Smriti Halls<\/strong> <em>\u00e9s una de les autores de llibres infantils m\u00e9s reconegudes a nivell internacional. Abans d&#8217;esdevenir escriptora a temps complet, va participar en publicacions infantils i televisi\u00f3.\u00a0<\/em><\/p>\n<p><strong>Steve Small<\/strong>\u00a0<em>ha treballat en l&#8217;\u00e0mbit de l&#8217;animaci\u00f3 durant m\u00e9s de trenta anys, com a director, dissenyador i animador, a pel\u00b7l\u00edcules, curtmetratges, s\u00e8ries de televisi\u00f3 i publicitat. Aix\u00ed mateix, ha il\u00b7lustrat diversos llibres infantils. Viu a Londres.<\/em><\/p>\n<p>\u00a0<\/p>\n<p><img decoding=\"async\" class=\"aligncenter size-medium wp-image-12063\" src=\"https:\/\/biblioteca.blanes.cat\/salainfantil\/wp-content\/uploads\/sites\/2\/2026\/03\/Miniclub_Trobadamarc_BiblioBlanes-6-300x225.jpg\" alt=\"\" width=\"300\" height=\"225\" srcset=\"https:\/\/biblioteca.blanes.cat\/salainfantil\/wp-content\/uploads\/sites\/2\/2026\/03\/Miniclub_Trobadamarc_BiblioBlanes-6-300x225.jpg 300w, https:\/\/biblioteca.blanes.cat\/salainfantil\/wp-content\/uploads\/sites\/2\/2026\/03\/Miniclub_Trobadamarc_BiblioBlanes-6-1024x768.jpg 1024w, https:\/\/biblioteca.blanes.cat\/salainfantil\/wp-content\/uploads\/sites\/2\/2026\/03\/Miniclub_Trobadamarc_BiblioBlanes-6-768x576.jpg 768w, https:\/\/biblioteca.blanes.cat\/salainfantil\/wp-content\/uploads\/sites\/2\/2026\/03\/Miniclub_Trobadamarc_BiblioBlanes-6-1536x1152.jpg 1536w, https:\/\/biblioteca.blanes.cat\/salainfantil\/wp-content\/uploads\/sites\/2\/2026\/03\/Miniclub_Trobadamarc_BiblioBlanes-6.jpg 2048w\" sizes=\"(max-width: 300px) 100vw, 300px\" \/><\/p>\n<p>\u00a0<\/p>\n<p data-pm-slice=\"1 1 []\">Per la din\u00e0mica hem aprofitat aquest di\u00e0leg tan intens entre els dos protagonistes i la relaci\u00f3 entre l&#8217;os i l&#8217;esquirol, que ens convida a pensar que \u00e9s fant\u00e0stic tenir amics de deb\u00f2 que et facin costat tant en els bons com en els mals moments. Ara b\u00e9, de vegades , els amics poden ser una mica carregosos i tots necessitem el nostre moment de solitud.<\/p>\n<p>I en relaci\u00f3 amb aix\u00f2 i aprofitant que ja \u00e9s primavera, cada infant ha personalitzat la seva flor amb adjectius bonics i que defineixen com ha de ser un amic per ser un amic dels de veritat.<\/p>\n<p style=\"text-align: center;\">Podeu venir a la biblioteca i veure aquestes floretes del <strong>JARDINET DE L&#8217;AMISTAT<\/strong> a l&#8217;aparador de la sala infantil.<\/p>\n<p>\u00a0<\/p>\n<p><img decoding=\"async\" class=\"aligncenter size-medium wp-image-12064\" src=\"https:\/\/biblioteca.blanes.cat\/salainfantil\/wp-content\/uploads\/sites\/2\/2026\/03\/Miniclub_Trobadamarc_BiblioBlanes-1-300x225.jpg\" alt=\"\" width=\"300\" height=\"225\" srcset=\"https:\/\/biblioteca.blanes.cat\/salainfantil\/wp-content\/uploads\/sites\/2\/2026\/03\/Miniclub_Trobadamarc_BiblioBlanes-1-300x225.jpg 300w, https:\/\/biblioteca.blanes.cat\/salainfantil\/wp-content\/uploads\/sites\/2\/2026\/03\/Miniclub_Trobadamarc_BiblioBlanes-1-1024x768.jpg 1024w, https:\/\/biblioteca.blanes.cat\/salainfantil\/wp-content\/uploads\/sites\/2\/2026\/03\/Miniclub_Trobadamarc_BiblioBlanes-1-768x576.jpg 768w, https:\/\/biblioteca.blanes.cat\/salainfantil\/wp-content\/uploads\/sites\/2\/2026\/03\/Miniclub_Trobadamarc_BiblioBlanes-1-1536x1152.jpg 1536w, https:\/\/biblioteca.blanes.cat\/salainfantil\/wp-content\/uploads\/sites\/2\/2026\/03\/Miniclub_Trobadamarc_BiblioBlanes-1.jpg 2048w\" sizes=\"(max-width: 300px) 100vw, 300px\" \/> <img loading=\"lazy\" decoding=\"async\" class=\"aligncenter size-medium wp-image-12065\" src=\"https:\/\/biblioteca.blanes.cat\/salainfantil\/wp-content\/uploads\/sites\/2\/2026\/03\/Miniclub_Trobadamarc_BiblioBlanes-3-300x225.jpg\" alt=\"\" width=\"300\" height=\"225\" srcset=\"https:\/\/biblioteca.blanes.cat\/salainfantil\/wp-content\/uploads\/sites\/2\/2026\/03\/Miniclub_Trobadamarc_BiblioBlanes-3-300x225.jpg 300w, https:\/\/biblioteca.blanes.cat\/salainfantil\/wp-content\/uploads\/sites\/2\/2026\/03\/Miniclub_Trobadamarc_BiblioBlanes-3-1024x768.jpg 1024w, https:\/\/biblioteca.blanes.cat\/salainfantil\/wp-content\/uploads\/sites\/2\/2026\/03\/Miniclub_Trobadamarc_BiblioBlanes-3-768x576.jpg 768w, https:\/\/biblioteca.blanes.cat\/salainfantil\/wp-content\/uploads\/sites\/2\/2026\/03\/Miniclub_Trobadamarc_BiblioBlanes-3-1536x1152.jpg 1536w, https:\/\/biblioteca.blanes.cat\/salainfantil\/wp-content\/uploads\/sites\/2\/2026\/03\/Miniclub_Trobadamarc_BiblioBlanes-3.jpg 2048w\" sizes=\"(max-width: 300px) 100vw, 300px\" \/><\/p>\n<p>\u00a0<\/p>\n<p style=\"text-align: center;\" data-pm-slice=\"1 1 []\">Nom\u00e9s dos personatges, un di\u00e0leg i \u00e9s que les il\u00b7lustracions d&#8217;aquest \u00e0lbum parlen per si soles. Els nostres Miniclubers tenen una missi\u00f3:<strong> LLEGIR LA HIST\u00d2RIA NOM\u00c9S AMB LES IMATGES.<\/strong> Us avan\u00e7o que a hores d&#8217;ara, ja s\u00f3n tots uns experts.<\/p>\n<p data-pm-slice=\"1 1 []\">\u00a0<\/p>\n\n\n\n<p><img loading=\"lazy\" decoding=\"async\" class=\"size-medium wp-image-12066 alignleft\" src=\"https:\/\/biblioteca.blanes.cat\/salainfantil\/wp-content\/uploads\/sites\/2\/2026\/03\/Miniclub_Trobadamarc_BiblioBlanes-2-300x225.jpg\" alt=\"\" width=\"300\" height=\"225\" srcset=\"https:\/\/biblioteca.blanes.cat\/salainfantil\/wp-content\/uploads\/sites\/2\/2026\/03\/Miniclub_Trobadamarc_BiblioBlanes-2-300x225.jpg 300w, https:\/\/biblioteca.blanes.cat\/salainfantil\/wp-content\/uploads\/sites\/2\/2026\/03\/Miniclub_Trobadamarc_BiblioBlanes-2-1024x768.jpg 1024w, https:\/\/biblioteca.blanes.cat\/salainfantil\/wp-content\/uploads\/sites\/2\/2026\/03\/Miniclub_Trobadamarc_BiblioBlanes-2-768x576.jpg 768w, https:\/\/biblioteca.blanes.cat\/salainfantil\/wp-content\/uploads\/sites\/2\/2026\/03\/Miniclub_Trobadamarc_BiblioBlanes-2-1536x1152.jpg 1536w, https:\/\/biblioteca.blanes.cat\/salainfantil\/wp-content\/uploads\/sites\/2\/2026\/03\/Miniclub_Trobadamarc_BiblioBlanes-2.jpg 2048w\" sizes=\"(max-width: 300px) 100vw, 300px\" \/> <img loading=\"lazy\" decoding=\"async\" class=\"size-medium wp-image-12067 alignright\" src=\"https:\/\/biblioteca.blanes.cat\/salainfantil\/wp-content\/uploads\/sites\/2\/2026\/03\/Miniclub_Trobadamarc_BiblioBlanes-4-300x225.jpg\" alt=\"\" width=\"300\" height=\"225\" srcset=\"https:\/\/biblioteca.blanes.cat\/salainfantil\/wp-content\/uploads\/sites\/2\/2026\/03\/Miniclub_Trobadamarc_BiblioBlanes-4-300x225.jpg 300w, https:\/\/biblioteca.blanes.cat\/salainfantil\/wp-content\/uploads\/sites\/2\/2026\/03\/Miniclub_Trobadamarc_BiblioBlanes-4-1024x768.jpg 1024w, https:\/\/biblioteca.blanes.cat\/salainfantil\/wp-content\/uploads\/sites\/2\/2026\/03\/Miniclub_Trobadamarc_BiblioBlanes-4-768x576.jpg 768w, https:\/\/biblioteca.blanes.cat\/salainfantil\/wp-content\/uploads\/sites\/2\/2026\/03\/Miniclub_Trobadamarc_BiblioBlanes-4-1536x1152.jpg 1536w, https:\/\/biblioteca.blanes.cat\/salainfantil\/wp-content\/uploads\/sites\/2\/2026\/03\/Miniclub_Trobadamarc_BiblioBlanes-4.jpg 2048w\" sizes=\"(max-width: 300px) 100vw, 300px\" \/><\/p>\n<p>&nbsp;<\/p>\n<p>&nbsp;<\/p>\n<p>&nbsp;<\/p>\n\n\n\n\n","protected":false},"excerpt":{"rendered":"<p>Aquest mes hem comentat el c\u00f2mic\u00a0 \u201d Em quedo amb tu\u201d de Smriti Pasadam Halls i Steve Small All\u00e0 on vagis, jo et seguir\u00e9.\u00a0 Facis el que facis, amb tu em quedar\u00e9.\u00a0 Tant \u00e9s que estiguis malhumorat, neguit\u00f3s o enrabiat.<\/p>\n","protected":false},"author":4,"featured_media":11570,"comment_status":"open","ping_status":"open","sticky":false,"template":"","format":"standard","meta":{"sfsi_plus_gutenberg_text_before_share":"","sfsi_plus_gutenberg_show_text_before_share":"","sfsi_plus_gutenberg_icon_type":"","sfsi_plus_gutenberg_icon_alignemt":"","sfsi_plus_gutenburg_max_per_row":"","footnotes":""},"categories":[1,9],"tags":[17,22],"class_list":["post-12058","post","type-post","status-publish","format-standard","has-post-thumbnail","hentry","category-general","category-trobades-miniclub","tag-activitats","tag-miniclub"],"yoast_head":"<!-- This site is optimized with the Yoast SEO plugin v27.5 - https:\/\/yoast.com\/product\/yoast-seo-wordpress\/ -->\n<title>Miniclub: Em quedo amb tu - SALA INFANTIL<\/title>\n<meta name=\"robots\" content=\"index, follow, max-snippet:-1, max-image-preview:large, max-video-preview:-1\" \/>\n<link rel=\"canonical\" href=\"https:\/\/biblioteca.blanes.cat\/salainfantil\/miniclub-em-quedo-amb-tu-de-smriti-pasadam-halls-i-steve-small\/\" \/>\n<meta property=\"og:locale\" content=\"ca_ES\" \/>\n<meta property=\"og:type\" content=\"article\" \/>\n<meta property=\"og:title\" content=\"Miniclub: Em quedo amb tu - SALA INFANTIL\" \/>\n<meta property=\"og:description\" content=\"Aquest mes hem comentat el c\u00f2mic\u00a0 \u201d Em quedo amb tu\u201d de Smriti Pasadam Halls i Steve Small All\u00e0 on vagis, jo et seguir\u00e9.\u00a0 Facis el que facis, amb tu em quedar\u00e9.\u00a0 Tant \u00e9s que estiguis malhumorat, neguit\u00f3s o enrabiat.\" \/>\n<meta property=\"og:url\" content=\"https:\/\/biblioteca.blanes.cat\/salainfantil\/miniclub-em-quedo-amb-tu-de-smriti-pasadam-halls-i-steve-small\/\" \/>\n<meta property=\"og:site_name\" content=\"SALA INFANTIL\" \/>\n<meta property=\"article:published_time\" content=\"2026-03-25T18:51:45+00:00\" \/>\n<meta property=\"article:modified_time\" content=\"2026-03-25T19:01:37+00:00\" \/>\n<meta property=\"og:image\" content=\"https:\/\/biblioteca.blanes.cat\/salainfantil\/wp-content\/uploads\/sites\/2\/2025\/09\/Logo-Miniclub.png\" \/>\n\t<meta property=\"og:image:width\" content=\"500\" \/>\n\t<meta property=\"og:image:height\" content=\"415\" \/>\n\t<meta property=\"og:image:type\" content=\"image\/png\" \/>\n<meta name=\"author\" content=\"biblioblanes\" \/>\n<meta name=\"twitter:card\" content=\"summary_large_image\" \/>\n<meta name=\"twitter:creator\" content=\"@biblioblanes\" \/>\n<meta name=\"twitter:label1\" content=\"Escrit per\" \/>\n\t<meta name=\"twitter:data1\" content=\"biblioblanes\" \/>\n\t<meta name=\"twitter:label2\" content=\"Temps estimat de lectura\" \/>\n\t<meta name=\"twitter:data2\" content=\"4 minuts\" \/>\n<script type=\"application\/ld+json\" class=\"yoast-schema-graph\">{\"@context\":\"https:\\\/\\\/schema.org\",\"@graph\":[{\"@type\":\"Article\",\"@id\":\"https:\\\/\\\/biblioteca.blanes.cat\\\/salainfantil\\\/miniclub-em-quedo-amb-tu-de-smriti-pasadam-halls-i-steve-small\\\/#article\",\"isPartOf\":{\"@id\":\"https:\\\/\\\/biblioteca.blanes.cat\\\/salainfantil\\\/miniclub-em-quedo-amb-tu-de-smriti-pasadam-halls-i-steve-small\\\/\"},\"author\":{\"name\":\"biblioblanes\",\"@id\":\"https:\\\/\\\/biblioteca.blanes.cat\\\/salainfantil\\\/#\\\/schema\\\/person\\\/5a7b46760d9dd611d098bbf571a341dc\"},\"headline\":\"Miniclub: Em quedo amb tu\",\"datePublished\":\"2026-03-25T18:51:45+00:00\",\"dateModified\":\"2026-03-25T19:01:37+00:00\",\"mainEntityOfPage\":{\"@id\":\"https:\\\/\\\/biblioteca.blanes.cat\\\/salainfantil\\\/miniclub-em-quedo-amb-tu-de-smriti-pasadam-halls-i-steve-small\\\/\"},\"wordCount\":355,\"commentCount\":0,\"image\":{\"@id\":\"https:\\\/\\\/biblioteca.blanes.cat\\\/salainfantil\\\/miniclub-em-quedo-amb-tu-de-smriti-pasadam-halls-i-steve-small\\\/#primaryimage\"},\"thumbnailUrl\":\"https:\\\/\\\/biblioteca.blanes.cat\\\/salainfantil\\\/wp-content\\\/uploads\\\/sites\\\/2\\\/2025\\\/09\\\/Logo-Miniclub.png\",\"keywords\":[\"Activitats\",\"MINICLUB\"],\"articleSection\":[\"Fes una ullada\",\"Trobades miniclub\"],\"inLanguage\":\"ca\",\"potentialAction\":[{\"@type\":\"CommentAction\",\"name\":\"Comment\",\"target\":[\"https:\\\/\\\/biblioteca.blanes.cat\\\/salainfantil\\\/miniclub-em-quedo-amb-tu-de-smriti-pasadam-halls-i-steve-small\\\/#respond\"]}]},{\"@type\":\"WebPage\",\"@id\":\"https:\\\/\\\/biblioteca.blanes.cat\\\/salainfantil\\\/miniclub-em-quedo-amb-tu-de-smriti-pasadam-halls-i-steve-small\\\/\",\"url\":\"https:\\\/\\\/biblioteca.blanes.cat\\\/salainfantil\\\/miniclub-em-quedo-amb-tu-de-smriti-pasadam-halls-i-steve-small\\\/\",\"name\":\"Miniclub: Em quedo amb tu - SALA INFANTIL\",\"isPartOf\":{\"@id\":\"https:\\\/\\\/biblioteca.blanes.cat\\\/salainfantil\\\/#website\"},\"primaryImageOfPage\":{\"@id\":\"https:\\\/\\\/biblioteca.blanes.cat\\\/salainfantil\\\/miniclub-em-quedo-amb-tu-de-smriti-pasadam-halls-i-steve-small\\\/#primaryimage\"},\"image\":{\"@id\":\"https:\\\/\\\/biblioteca.blanes.cat\\\/salainfantil\\\/miniclub-em-quedo-amb-tu-de-smriti-pasadam-halls-i-steve-small\\\/#primaryimage\"},\"thumbnailUrl\":\"https:\\\/\\\/biblioteca.blanes.cat\\\/salainfantil\\\/wp-content\\\/uploads\\\/sites\\\/2\\\/2025\\\/09\\\/Logo-Miniclub.png\",\"datePublished\":\"2026-03-25T18:51:45+00:00\",\"dateModified\":\"2026-03-25T19:01:37+00:00\",\"author\":{\"@id\":\"https:\\\/\\\/biblioteca.blanes.cat\\\/salainfantil\\\/#\\\/schema\\\/person\\\/5a7b46760d9dd611d098bbf571a341dc\"},\"breadcrumb\":{\"@id\":\"https:\\\/\\\/biblioteca.blanes.cat\\\/salainfantil\\\/miniclub-em-quedo-amb-tu-de-smriti-pasadam-halls-i-steve-small\\\/#breadcrumb\"},\"inLanguage\":\"ca\",\"potentialAction\":[{\"@type\":\"ReadAction\",\"target\":[\"https:\\\/\\\/biblioteca.blanes.cat\\\/salainfantil\\\/miniclub-em-quedo-amb-tu-de-smriti-pasadam-halls-i-steve-small\\\/\"]}]},{\"@type\":\"ImageObject\",\"inLanguage\":\"ca\",\"@id\":\"https:\\\/\\\/biblioteca.blanes.cat\\\/salainfantil\\\/miniclub-em-quedo-amb-tu-de-smriti-pasadam-halls-i-steve-small\\\/#primaryimage\",\"url\":\"https:\\\/\\\/biblioteca.blanes.cat\\\/salainfantil\\\/wp-content\\\/uploads\\\/sites\\\/2\\\/2025\\\/09\\\/Logo-Miniclub.png\",\"contentUrl\":\"https:\\\/\\\/biblioteca.blanes.cat\\\/salainfantil\\\/wp-content\\\/uploads\\\/sites\\\/2\\\/2025\\\/09\\\/Logo-Miniclub.png\",\"width\":500,\"height\":415},{\"@type\":\"BreadcrumbList\",\"@id\":\"https:\\\/\\\/biblioteca.blanes.cat\\\/salainfantil\\\/miniclub-em-quedo-amb-tu-de-smriti-pasadam-halls-i-steve-small\\\/#breadcrumb\",\"itemListElement\":[{\"@type\":\"ListItem\",\"position\":1,\"name\":\"Inici\",\"item\":\"https:\\\/\\\/biblioteca.blanes.cat\\\/salainfantil\\\/\"},{\"@type\":\"ListItem\",\"position\":2,\"name\":\"Miniclub: Em quedo amb tu\"}]},{\"@type\":\"WebSite\",\"@id\":\"https:\\\/\\\/biblioteca.blanes.cat\\\/salainfantil\\\/#website\",\"url\":\"https:\\\/\\\/biblioteca.blanes.cat\\\/salainfantil\\\/\",\"name\":\"SALA INFANTIL\",\"description\":\"Biblioteca Roberto Bola\u00f1o\",\"potentialAction\":[{\"@type\":\"SearchAction\",\"target\":{\"@type\":\"EntryPoint\",\"urlTemplate\":\"https:\\\/\\\/biblioteca.blanes.cat\\\/salainfantil\\\/?s={search_term_string}\"},\"query-input\":{\"@type\":\"PropertyValueSpecification\",\"valueRequired\":true,\"valueName\":\"search_term_string\"}}],\"inLanguage\":\"ca\"},{\"@type\":\"Person\",\"@id\":\"https:\\\/\\\/biblioteca.blanes.cat\\\/salainfantil\\\/#\\\/schema\\\/person\\\/5a7b46760d9dd611d098bbf571a341dc\",\"name\":\"biblioblanes\",\"image\":{\"@type\":\"ImageObject\",\"inLanguage\":\"ca\",\"@id\":\"https:\\\/\\\/secure.gravatar.com\\\/avatar\\\/6593ca6cc90e5a70939f51c95e8315483b9c281bafba597292bee47992030f99?s=96&d=mm&r=g\",\"url\":\"https:\\\/\\\/secure.gravatar.com\\\/avatar\\\/6593ca6cc90e5a70939f51c95e8315483b9c281bafba597292bee47992030f99?s=96&d=mm&r=g\",\"contentUrl\":\"https:\\\/\\\/secure.gravatar.com\\\/avatar\\\/6593ca6cc90e5a70939f51c95e8315483b9c281bafba597292bee47992030f99?s=96&d=mm&r=g\",\"caption\":\"biblioblanes\"},\"sameAs\":[\"http:\\\/\\\/www.bibgirona.cat\\\/biblioteca\\\/blanes\",\"https:\\\/\\\/x.com\\\/biblioblanes\"],\"url\":\"https:\\\/\\\/biblioteca.blanes.cat\\\/salainfantil\\\/author\\\/biblioblanes\\\/\"}]}<\/script>\n<!-- \/ Yoast SEO plugin. -->","yoast_head_json":{"title":"Miniclub: Em quedo amb tu - SALA INFANTIL","robots":{"index":"index","follow":"follow","max-snippet":"max-snippet:-1","max-image-preview":"max-image-preview:large","max-video-preview":"max-video-preview:-1"},"canonical":"https:\/\/biblioteca.blanes.cat\/salainfantil\/miniclub-em-quedo-amb-tu-de-smriti-pasadam-halls-i-steve-small\/","og_locale":"ca_ES","og_type":"article","og_title":"Miniclub: Em quedo amb tu - SALA INFANTIL","og_description":"Aquest mes hem comentat el c\u00f2mic\u00a0 \u201d Em quedo amb tu\u201d de Smriti Pasadam Halls i Steve Small All\u00e0 on vagis, jo et seguir\u00e9.\u00a0 Facis el que facis, amb tu em quedar\u00e9.\u00a0 Tant \u00e9s que estiguis malhumorat, neguit\u00f3s o enrabiat.","og_url":"https:\/\/biblioteca.blanes.cat\/salainfantil\/miniclub-em-quedo-amb-tu-de-smriti-pasadam-halls-i-steve-small\/","og_site_name":"SALA INFANTIL","article_published_time":"2026-03-25T18:51:45+00:00","article_modified_time":"2026-03-25T19:01:37+00:00","og_image":[{"width":500,"height":415,"url":"https:\/\/biblioteca.blanes.cat\/salainfantil\/wp-content\/uploads\/sites\/2\/2025\/09\/Logo-Miniclub.png","type":"image\/png"}],"author":"biblioblanes","twitter_card":"summary_large_image","twitter_creator":"@biblioblanes","twitter_misc":{"Escrit per":"biblioblanes","Temps estimat de lectura":"4 minuts"},"schema":{"@context":"https:\/\/schema.org","@graph":[{"@type":"Article","@id":"https:\/\/biblioteca.blanes.cat\/salainfantil\/miniclub-em-quedo-amb-tu-de-smriti-pasadam-halls-i-steve-small\/#article","isPartOf":{"@id":"https:\/\/biblioteca.blanes.cat\/salainfantil\/miniclub-em-quedo-amb-tu-de-smriti-pasadam-halls-i-steve-small\/"},"author":{"name":"biblioblanes","@id":"https:\/\/biblioteca.blanes.cat\/salainfantil\/#\/schema\/person\/5a7b46760d9dd611d098bbf571a341dc"},"headline":"Miniclub: Em quedo amb tu","datePublished":"2026-03-25T18:51:45+00:00","dateModified":"2026-03-25T19:01:37+00:00","mainEntityOfPage":{"@id":"https:\/\/biblioteca.blanes.cat\/salainfantil\/miniclub-em-quedo-amb-tu-de-smriti-pasadam-halls-i-steve-small\/"},"wordCount":355,"commentCount":0,"image":{"@id":"https:\/\/biblioteca.blanes.cat\/salainfantil\/miniclub-em-quedo-amb-tu-de-smriti-pasadam-halls-i-steve-small\/#primaryimage"},"thumbnailUrl":"https:\/\/biblioteca.blanes.cat\/salainfantil\/wp-content\/uploads\/sites\/2\/2025\/09\/Logo-Miniclub.png","keywords":["Activitats","MINICLUB"],"articleSection":["Fes una ullada","Trobades miniclub"],"inLanguage":"ca","potentialAction":[{"@type":"CommentAction","name":"Comment","target":["https:\/\/biblioteca.blanes.cat\/salainfantil\/miniclub-em-quedo-amb-tu-de-smriti-pasadam-halls-i-steve-small\/#respond"]}]},{"@type":"WebPage","@id":"https:\/\/biblioteca.blanes.cat\/salainfantil\/miniclub-em-quedo-amb-tu-de-smriti-pasadam-halls-i-steve-small\/","url":"https:\/\/biblioteca.blanes.cat\/salainfantil\/miniclub-em-quedo-amb-tu-de-smriti-pasadam-halls-i-steve-small\/","name":"Miniclub: Em quedo amb tu - SALA INFANTIL","isPartOf":{"@id":"https:\/\/biblioteca.blanes.cat\/salainfantil\/#website"},"primaryImageOfPage":{"@id":"https:\/\/biblioteca.blanes.cat\/salainfantil\/miniclub-em-quedo-amb-tu-de-smriti-pasadam-halls-i-steve-small\/#primaryimage"},"image":{"@id":"https:\/\/biblioteca.blanes.cat\/salainfantil\/miniclub-em-quedo-amb-tu-de-smriti-pasadam-halls-i-steve-small\/#primaryimage"},"thumbnailUrl":"https:\/\/biblioteca.blanes.cat\/salainfantil\/wp-content\/uploads\/sites\/2\/2025\/09\/Logo-Miniclub.png","datePublished":"2026-03-25T18:51:45+00:00","dateModified":"2026-03-25T19:01:37+00:00","author":{"@id":"https:\/\/biblioteca.blanes.cat\/salainfantil\/#\/schema\/person\/5a7b46760d9dd611d098bbf571a341dc"},"breadcrumb":{"@id":"https:\/\/biblioteca.blanes.cat\/salainfantil\/miniclub-em-quedo-amb-tu-de-smriti-pasadam-halls-i-steve-small\/#breadcrumb"},"inLanguage":"ca","potentialAction":[{"@type":"ReadAction","target":["https:\/\/biblioteca.blanes.cat\/salainfantil\/miniclub-em-quedo-amb-tu-de-smriti-pasadam-halls-i-steve-small\/"]}]},{"@type":"ImageObject","inLanguage":"ca","@id":"https:\/\/biblioteca.blanes.cat\/salainfantil\/miniclub-em-quedo-amb-tu-de-smriti-pasadam-halls-i-steve-small\/#primaryimage","url":"https:\/\/biblioteca.blanes.cat\/salainfantil\/wp-content\/uploads\/sites\/2\/2025\/09\/Logo-Miniclub.png","contentUrl":"https:\/\/biblioteca.blanes.cat\/salainfantil\/wp-content\/uploads\/sites\/2\/2025\/09\/Logo-Miniclub.png","width":500,"height":415},{"@type":"BreadcrumbList","@id":"https:\/\/biblioteca.blanes.cat\/salainfantil\/miniclub-em-quedo-amb-tu-de-smriti-pasadam-halls-i-steve-small\/#breadcrumb","itemListElement":[{"@type":"ListItem","position":1,"name":"Inici","item":"https:\/\/biblioteca.blanes.cat\/salainfantil\/"},{"@type":"ListItem","position":2,"name":"Miniclub: Em quedo amb tu"}]},{"@type":"WebSite","@id":"https:\/\/biblioteca.blanes.cat\/salainfantil\/#website","url":"https:\/\/biblioteca.blanes.cat\/salainfantil\/","name":"SALA INFANTIL","description":"Biblioteca Roberto Bola\u00f1o","potentialAction":[{"@type":"SearchAction","target":{"@type":"EntryPoint","urlTemplate":"https:\/\/biblioteca.blanes.cat\/salainfantil\/?s={search_term_string}"},"query-input":{"@type":"PropertyValueSpecification","valueRequired":true,"valueName":"search_term_string"}}],"inLanguage":"ca"},{"@type":"Person","@id":"https:\/\/biblioteca.blanes.cat\/salainfantil\/#\/schema\/person\/5a7b46760d9dd611d098bbf571a341dc","name":"biblioblanes","image":{"@type":"ImageObject","inLanguage":"ca","@id":"https:\/\/secure.gravatar.com\/avatar\/6593ca6cc90e5a70939f51c95e8315483b9c281bafba597292bee47992030f99?s=96&d=mm&r=g","url":"https:\/\/secure.gravatar.com\/avatar\/6593ca6cc90e5a70939f51c95e8315483b9c281bafba597292bee47992030f99?s=96&d=mm&r=g","contentUrl":"https:\/\/secure.gravatar.com\/avatar\/6593ca6cc90e5a70939f51c95e8315483b9c281bafba597292bee47992030f99?s=96&d=mm&r=g","caption":"biblioblanes"},"sameAs":["http:\/\/www.bibgirona.cat\/biblioteca\/blanes","https:\/\/x.com\/biblioblanes"],"url":"https:\/\/biblioteca.blanes.cat\/salainfantil\/author\/biblioblanes\/"}]}},"_links":{"self":[{"href":"https:\/\/biblioteca.blanes.cat\/salainfantil\/wp-json\/wp\/v2\/posts\/12058","targetHints":{"allow":["GET"]}}],"collection":[{"href":"https:\/\/biblioteca.blanes.cat\/salainfantil\/wp-json\/wp\/v2\/posts"}],"about":[{"href":"https:\/\/biblioteca.blanes.cat\/salainfantil\/wp-json\/wp\/v2\/types\/post"}],"author":[{"embeddable":true,"href":"https:\/\/biblioteca.blanes.cat\/salainfantil\/wp-json\/wp\/v2\/users\/4"}],"replies":[{"embeddable":true,"href":"https:\/\/biblioteca.blanes.cat\/salainfantil\/wp-json\/wp\/v2\/comments?post=12058"}],"version-history":[{"count":5,"href":"https:\/\/biblioteca.blanes.cat\/salainfantil\/wp-json\/wp\/v2\/posts\/12058\/revisions"}],"predecessor-version":[{"id":12072,"href":"https:\/\/biblioteca.blanes.cat\/salainfantil\/wp-json\/wp\/v2\/posts\/12058\/revisions\/12072"}],"wp:featuredmedia":[{"embeddable":true,"href":"https:\/\/biblioteca.blanes.cat\/salainfantil\/wp-json\/wp\/v2\/media\/11570"}],"wp:attachment":[{"href":"https:\/\/biblioteca.blanes.cat\/salainfantil\/wp-json\/wp\/v2\/media?parent=12058"}],"wp:term":[{"taxonomy":"category","embeddable":true,"href":"https:\/\/biblioteca.blanes.cat\/salainfantil\/wp-json\/wp\/v2\/categories?post=12058"},{"taxonomy":"post_tag","embeddable":true,"href":"https:\/\/biblioteca.blanes.cat\/salainfantil\/wp-json\/wp\/v2\/tags?post=12058"}],"curies":[{"name":"wp","href":"https:\/\/api.w.org\/{rel}","templated":true}]}}