{"id":12027,"date":"2026-02-26T15:45:46","date_gmt":"2026-02-26T14:45:46","guid":{"rendered":"https:\/\/biblioteca.blanes.cat\/salainfantil\/?p=12027"},"modified":"2026-02-26T15:45:46","modified_gmt":"2026-02-26T14:45:46","slug":"club-de-lectura-alevi-febrer-2","status":"publish","type":"post","link":"https:\/\/biblioteca.blanes.cat\/salainfantil\/club-de-lectura-alevi-febrer-2\/","title":{"rendered":"Club de lectura alev\u00ed. Febrer"},"content":{"rendered":"\n<p>En la trobada del mes de febrer, el club de lectura alev\u00ed ha gaudit molt amb el llibre <span style=\"color: #ff6600;\"><strong><em>L\u2019assassinat del professor de matem\u00e0tiques<\/em><\/strong><\/span>, de l\u2019autor Jordi Sierra i Fabra.<\/p>\n\n\n\n<p><img fetchpriority=\"high\" decoding=\"async\" class=\"aligncenter  wp-image-12036\" src=\"https:\/\/biblioteca.blanes.cat\/salainfantil\/wp-content\/uploads\/sites\/2\/2026\/02\/9788448919429_1_l-199x300.jpg\" alt=\"\" width=\"249\" height=\"375\" srcset=\"https:\/\/biblioteca.blanes.cat\/salainfantil\/wp-content\/uploads\/sites\/2\/2026\/02\/9788448919429_1_l-199x300.jpg 199w, https:\/\/biblioteca.blanes.cat\/salainfantil\/wp-content\/uploads\/sites\/2\/2026\/02\/9788448919429_1_l.jpg 392w\" sizes=\"(max-width: 249px) 100vw, 249px\" \/><\/p>\n\n\n\n<p>A vosaltres se us donen b\u00e9 les mates? Doncs als protagonistes d\u2019aquesta hist\u00f2ria, gens ni mica! O aix\u00f2 \u00e9s el que pensen ells&#8230; Despr\u00e9s de suspendre l\u2019assignatura de matem\u00e0tiques, en Flip, el seu professor, els dona una segona oportunitat en qu\u00e8 hauran de descobrir qui ha estat l\u2019assass\u00ed del professor. Per\u00f2 no tot ser\u00e0 bufar i fer ampolles; els tres amics hauran d\u2019unir els seus millors talents per resoldre <span style=\"color: #ff9900;\"><strong>enigmes i problemes matem\u00e0tics<\/strong> <\/span>per aconseguir-ho.<\/p>\n<p>El que ens vol transmetre l\u2019autor amb aquest divertit i original llibre \u00e9s que les matem\u00e0tiques poden ser tot un repte divertit i que cada persona pot afrontar els problemes i resoldre\u2019ls des de diferents punts de vista, posant en joc les seves pr\u00f2pies habilitats i talents.<\/p>\n<p>Aprofitant aquesta lli\u00e7\u00f3, vam parlar sobre la teoria de les <span style=\"color: #ff6600;\"><strong>intel\u00b7lig\u00e8ncies m\u00faltiples<\/strong><\/span> la qual diu que la intel\u00b7lig\u00e8ncia no \u00e9s una capacitat \u00fanica, sin\u00f3 un conjunt de vuit habilitats independents:<\/p>\n<p><span style=\"color: #808080;\"><strong>Ling\u00fc\u00edstica<\/strong><\/span><\/p>\n<p><span style=\"color: #808080;\"><strong>L\u00f2gica-matem\u00e0tica<\/strong><\/span><\/p>\n<p><span style=\"color: #808080;\"><strong>Espacial<\/strong><\/span><\/p>\n<p><span style=\"color: #808080;\"><strong>Musical<\/strong><\/span><\/p>\n<p><span style=\"color: #808080;\"><strong>Corporal-cinest\u00e8sica<\/strong><\/span><\/p>\n<p><span style=\"color: #808080;\"><strong>Interpersonal<\/strong><\/span><\/p>\n<p><span style=\"color: #808080;\"><strong>Intrapersonal<\/strong><\/span><\/p>\n<p><span style=\"color: #808080;\"><strong>Naturalista<\/strong><\/span><\/p>\n<p>Cada persona combina aquestes capacitats de forma \u00fanica, reconeixent talents m\u00e9s enll\u00e0 de l&#8217;acad\u00e8mic.\u00a0<\/p>\n\n\n\n<p><img decoding=\"async\" class=\"aligncenter  wp-image-12033\" src=\"https:\/\/biblioteca.blanes.cat\/salainfantil\/wp-content\/uploads\/sites\/2\/2026\/02\/CLA-febrer-6-225x300.jpg\" alt=\"\" width=\"360\" height=\"480\" srcset=\"https:\/\/biblioteca.blanes.cat\/salainfantil\/wp-content\/uploads\/sites\/2\/2026\/02\/CLA-febrer-6-225x300.jpg 225w, https:\/\/biblioteca.blanes.cat\/salainfantil\/wp-content\/uploads\/sites\/2\/2026\/02\/CLA-febrer-6-768x1024.jpg 768w, https:\/\/biblioteca.blanes.cat\/salainfantil\/wp-content\/uploads\/sites\/2\/2026\/02\/CLA-febrer-6-1152x1536.jpg 1152w, https:\/\/biblioteca.blanes.cat\/salainfantil\/wp-content\/uploads\/sites\/2\/2026\/02\/CLA-febrer-6-1536x2048.jpg 1536w, https:\/\/biblioteca.blanes.cat\/salainfantil\/wp-content\/uploads\/sites\/2\/2026\/02\/CLA-febrer-6-scaled.jpg 1920w\" sizes=\"(max-width: 360px) 100vw, 360px\" \/><\/p>\n<p><img decoding=\"async\" class=\"aligncenter  wp-image-12034\" src=\"https:\/\/biblioteca.blanes.cat\/salainfantil\/wp-content\/uploads\/sites\/2\/2026\/02\/CLA-febrer-7-300x225.jpg\" alt=\"\" width=\"432\" height=\"324\" srcset=\"https:\/\/biblioteca.blanes.cat\/salainfantil\/wp-content\/uploads\/sites\/2\/2026\/02\/CLA-febrer-7-300x225.jpg 300w, https:\/\/biblioteca.blanes.cat\/salainfantil\/wp-content\/uploads\/sites\/2\/2026\/02\/CLA-febrer-7-1024x768.jpg 1024w, https:\/\/biblioteca.blanes.cat\/salainfantil\/wp-content\/uploads\/sites\/2\/2026\/02\/CLA-febrer-7-768x576.jpg 768w, https:\/\/biblioteca.blanes.cat\/salainfantil\/wp-content\/uploads\/sites\/2\/2026\/02\/CLA-febrer-7-1536x1152.jpg 1536w, https:\/\/biblioteca.blanes.cat\/salainfantil\/wp-content\/uploads\/sites\/2\/2026\/02\/CLA-febrer-7-2048x1536.jpg 2048w\" sizes=\"(max-width: 432px) 100vw, 432px\" \/><\/p>\n<p><img loading=\"lazy\" decoding=\"async\" class=\"aligncenter  wp-image-12030\" src=\"https:\/\/biblioteca.blanes.cat\/salainfantil\/wp-content\/uploads\/sites\/2\/2026\/02\/CLA-febrer-3-300x225.jpg\" alt=\"\" width=\"432\" height=\"324\" srcset=\"https:\/\/biblioteca.blanes.cat\/salainfantil\/wp-content\/uploads\/sites\/2\/2026\/02\/CLA-febrer-3-300x225.jpg 300w, https:\/\/biblioteca.blanes.cat\/salainfantil\/wp-content\/uploads\/sites\/2\/2026\/02\/CLA-febrer-3-1024x768.jpg 1024w, https:\/\/biblioteca.blanes.cat\/salainfantil\/wp-content\/uploads\/sites\/2\/2026\/02\/CLA-febrer-3-768x576.jpg 768w, https:\/\/biblioteca.blanes.cat\/salainfantil\/wp-content\/uploads\/sites\/2\/2026\/02\/CLA-febrer-3-1536x1152.jpg 1536w, https:\/\/biblioteca.blanes.cat\/salainfantil\/wp-content\/uploads\/sites\/2\/2026\/02\/CLA-febrer-3-2048x1536.jpg 2048w\" sizes=\"(max-width: 432px) 100vw, 432px\" \/><\/p>\n\n\n\n<p>Per tal d\u2019entendre-ho i posar-ho en pr\u00e0ctica, vam fer una din\u00e0mica en la que vam representat parts de la lectura des de diversos punts de vista: a trav\u00e9s de la m\u00fasica, del llenguatge, del cos i el moviment, de la intel\u00b7lig\u00e8ncia interpersonal, entre d\u2019altres. Una manera creativa i divertida d\u2019interpretar, d\u2019entendre i de viure la hist\u00f2ria m\u00e9s enll\u00e0 de les p\u00e0gines!<\/p>\n<p data-wp-editing=\"1\"><img loading=\"lazy\" decoding=\"async\" class=\"aligncenter  wp-image-12031\" src=\"https:\/\/biblioteca.blanes.cat\/salainfantil\/wp-content\/uploads\/sites\/2\/2026\/02\/CLA-febrer-4-300x225.jpg\" alt=\"\" width=\"451\" height=\"338\" srcset=\"https:\/\/biblioteca.blanes.cat\/salainfantil\/wp-content\/uploads\/sites\/2\/2026\/02\/CLA-febrer-4-300x225.jpg 300w, https:\/\/biblioteca.blanes.cat\/salainfantil\/wp-content\/uploads\/sites\/2\/2026\/02\/CLA-febrer-4-1024x768.jpg 1024w, https:\/\/biblioteca.blanes.cat\/salainfantil\/wp-content\/uploads\/sites\/2\/2026\/02\/CLA-febrer-4-768x576.jpg 768w, https:\/\/biblioteca.blanes.cat\/salainfantil\/wp-content\/uploads\/sites\/2\/2026\/02\/CLA-febrer-4-1536x1152.jpg 1536w, https:\/\/biblioteca.blanes.cat\/salainfantil\/wp-content\/uploads\/sites\/2\/2026\/02\/CLA-febrer-4-2048x1536.jpg 2048w\" sizes=\"(max-width: 451px) 100vw, 451px\" \/><\/p>\n<p data-wp-editing=\"1\"><img loading=\"lazy\" decoding=\"async\" class=\"aligncenter size-medium wp-image-12035\" src=\"https:\/\/biblioteca.blanes.cat\/salainfantil\/wp-content\/uploads\/sites\/2\/2026\/02\/CLA-febrer-8-225x300.jpg\" alt=\"\" width=\"225\" height=\"300\" srcset=\"https:\/\/biblioteca.blanes.cat\/salainfantil\/wp-content\/uploads\/sites\/2\/2026\/02\/CLA-febrer-8-225x300.jpg 225w, https:\/\/biblioteca.blanes.cat\/salainfantil\/wp-content\/uploads\/sites\/2\/2026\/02\/CLA-febrer-8-768x1024.jpg 768w, https:\/\/biblioteca.blanes.cat\/salainfantil\/wp-content\/uploads\/sites\/2\/2026\/02\/CLA-febrer-8-1152x1536.jpg 1152w, https:\/\/biblioteca.blanes.cat\/salainfantil\/wp-content\/uploads\/sites\/2\/2026\/02\/CLA-febrer-8-1536x2048.jpg 1536w, https:\/\/biblioteca.blanes.cat\/salainfantil\/wp-content\/uploads\/sites\/2\/2026\/02\/CLA-febrer-8-scaled.jpg 1920w\" sizes=\"(max-width: 225px) 100vw, 225px\" \/><\/p>\n\n\n\n<p>Finalment, tamb\u00e9 hem descobert llibres plens d\u2019enigmes i jocs matem\u00e0tics per qui vulgui entrenar el seu cervell a casa!<\/p>\n\n\n\n\n\n\n","protected":false},"excerpt":{"rendered":"<p>En la trobada del mes de febrer, el club de lectura alev\u00ed ha gaudit molt amb el llibre L\u2019assassinat del professor de matem\u00e0tiques, de l\u2019autor Jordi Sierra i Fabra. A vosaltres se us donen b\u00e9 les mates? Doncs als protagonistes<\/p>\n","protected":false},"author":4,"featured_media":3449,"comment_status":"open","ping_status":"open","sticky":false,"template":"","format":"standard","meta":{"sfsi_plus_gutenberg_text_before_share":"","sfsi_plus_gutenberg_show_text_before_share":"","sfsi_plus_gutenberg_icon_type":"","sfsi_plus_gutenberg_icon_alignemt":"","sfsi_plus_gutenburg_max_per_row":"","footnotes":""},"categories":[6,8],"tags":[],"class_list":["post-12027","post","type-post","status-publish","format-standard","has-post-thumbnail","hentry","category-activitats","category-trobades-cli"],"yoast_head":"<!-- This site is optimized with the Yoast SEO plugin v27.5 - https:\/\/yoast.com\/product\/yoast-seo-wordpress\/ -->\n<title>Club de lectura alev\u00ed. Febrer - SALA INFANTIL<\/title>\n<meta name=\"robots\" content=\"index, follow, max-snippet:-1, max-image-preview:large, max-video-preview:-1\" \/>\n<link rel=\"canonical\" href=\"https:\/\/biblioteca.blanes.cat\/salainfantil\/club-de-lectura-alevi-febrer-2\/\" \/>\n<meta property=\"og:locale\" content=\"ca_ES\" \/>\n<meta property=\"og:type\" content=\"article\" \/>\n<meta property=\"og:title\" content=\"Club de lectura alev\u00ed. Febrer - SALA INFANTIL\" \/>\n<meta property=\"og:description\" content=\"En la trobada del mes de febrer, el club de lectura alev\u00ed ha gaudit molt amb el llibre L\u2019assassinat del professor de matem\u00e0tiques, de l\u2019autor Jordi Sierra i Fabra. A vosaltres se us donen b\u00e9 les mates? Doncs als protagonistes\" \/>\n<meta property=\"og:url\" content=\"https:\/\/biblioteca.blanes.cat\/salainfantil\/club-de-lectura-alevi-febrer-2\/\" \/>\n<meta property=\"og:site_name\" content=\"SALA INFANTIL\" \/>\n<meta property=\"article:published_time\" content=\"2026-02-26T14:45:46+00:00\" \/>\n<meta property=\"og:image\" content=\"https:\/\/biblioteca.blanes.cat\/salainfantil\/wp-content\/uploads\/sites\/2\/2020\/08\/destacat-CLI2.png\" \/>\n\t<meta property=\"og:image:width\" content=\"720\" \/>\n\t<meta property=\"og:image:height\" content=\"693\" \/>\n\t<meta property=\"og:image:type\" content=\"image\/png\" \/>\n<meta name=\"author\" content=\"biblioblanes\" \/>\n<meta name=\"twitter:card\" content=\"summary_large_image\" \/>\n<meta name=\"twitter:creator\" content=\"@biblioblanes\" \/>\n<meta name=\"twitter:label1\" content=\"Escrit per\" \/>\n\t<meta name=\"twitter:data1\" content=\"biblioblanes\" \/>\n\t<meta name=\"twitter:label2\" content=\"Temps estimat de lectura\" \/>\n\t<meta name=\"twitter:data2\" content=\"3 minuts\" \/>\n<script type=\"application\/ld+json\" class=\"yoast-schema-graph\">{\"@context\":\"https:\\\/\\\/schema.org\",\"@graph\":[{\"@type\":\"Article\",\"@id\":\"https:\\\/\\\/biblioteca.blanes.cat\\\/salainfantil\\\/club-de-lectura-alevi-febrer-2\\\/#article\",\"isPartOf\":{\"@id\":\"https:\\\/\\\/biblioteca.blanes.cat\\\/salainfantil\\\/club-de-lectura-alevi-febrer-2\\\/\"},\"author\":{\"name\":\"biblioblanes\",\"@id\":\"https:\\\/\\\/biblioteca.blanes.cat\\\/salainfantil\\\/#\\\/schema\\\/person\\\/5a7b46760d9dd611d098bbf571a341dc\"},\"headline\":\"Club de lectura alev\u00ed. Febrer\",\"datePublished\":\"2026-02-26T14:45:46+00:00\",\"mainEntityOfPage\":{\"@id\":\"https:\\\/\\\/biblioteca.blanes.cat\\\/salainfantil\\\/club-de-lectura-alevi-febrer-2\\\/\"},\"wordCount\":330,\"commentCount\":0,\"image\":{\"@id\":\"https:\\\/\\\/biblioteca.blanes.cat\\\/salainfantil\\\/club-de-lectura-alevi-febrer-2\\\/#primaryimage\"},\"thumbnailUrl\":\"https:\\\/\\\/biblioteca.blanes.cat\\\/salainfantil\\\/wp-content\\\/uploads\\\/sites\\\/2\\\/2020\\\/08\\\/destacat-CLI2.png\",\"articleSection\":[\"Activitats\",\"Trobades CLI\"],\"inLanguage\":\"ca\",\"potentialAction\":[{\"@type\":\"CommentAction\",\"name\":\"Comment\",\"target\":[\"https:\\\/\\\/biblioteca.blanes.cat\\\/salainfantil\\\/club-de-lectura-alevi-febrer-2\\\/#respond\"]}]},{\"@type\":\"WebPage\",\"@id\":\"https:\\\/\\\/biblioteca.blanes.cat\\\/salainfantil\\\/club-de-lectura-alevi-febrer-2\\\/\",\"url\":\"https:\\\/\\\/biblioteca.blanes.cat\\\/salainfantil\\\/club-de-lectura-alevi-febrer-2\\\/\",\"name\":\"Club de lectura alev\u00ed. Febrer - SALA INFANTIL\",\"isPartOf\":{\"@id\":\"https:\\\/\\\/biblioteca.blanes.cat\\\/salainfantil\\\/#website\"},\"primaryImageOfPage\":{\"@id\":\"https:\\\/\\\/biblioteca.blanes.cat\\\/salainfantil\\\/club-de-lectura-alevi-febrer-2\\\/#primaryimage\"},\"image\":{\"@id\":\"https:\\\/\\\/biblioteca.blanes.cat\\\/salainfantil\\\/club-de-lectura-alevi-febrer-2\\\/#primaryimage\"},\"thumbnailUrl\":\"https:\\\/\\\/biblioteca.blanes.cat\\\/salainfantil\\\/wp-content\\\/uploads\\\/sites\\\/2\\\/2020\\\/08\\\/destacat-CLI2.png\",\"datePublished\":\"2026-02-26T14:45:46+00:00\",\"author\":{\"@id\":\"https:\\\/\\\/biblioteca.blanes.cat\\\/salainfantil\\\/#\\\/schema\\\/person\\\/5a7b46760d9dd611d098bbf571a341dc\"},\"breadcrumb\":{\"@id\":\"https:\\\/\\\/biblioteca.blanes.cat\\\/salainfantil\\\/club-de-lectura-alevi-febrer-2\\\/#breadcrumb\"},\"inLanguage\":\"ca\",\"potentialAction\":[{\"@type\":\"ReadAction\",\"target\":[\"https:\\\/\\\/biblioteca.blanes.cat\\\/salainfantil\\\/club-de-lectura-alevi-febrer-2\\\/\"]}]},{\"@type\":\"ImageObject\",\"inLanguage\":\"ca\",\"@id\":\"https:\\\/\\\/biblioteca.blanes.cat\\\/salainfantil\\\/club-de-lectura-alevi-febrer-2\\\/#primaryimage\",\"url\":\"https:\\\/\\\/biblioteca.blanes.cat\\\/salainfantil\\\/wp-content\\\/uploads\\\/sites\\\/2\\\/2020\\\/08\\\/destacat-CLI2.png\",\"contentUrl\":\"https:\\\/\\\/biblioteca.blanes.cat\\\/salainfantil\\\/wp-content\\\/uploads\\\/sites\\\/2\\\/2020\\\/08\\\/destacat-CLI2.png\",\"width\":720,\"height\":693,\"caption\":\"Club\"},{\"@type\":\"BreadcrumbList\",\"@id\":\"https:\\\/\\\/biblioteca.blanes.cat\\\/salainfantil\\\/club-de-lectura-alevi-febrer-2\\\/#breadcrumb\",\"itemListElement\":[{\"@type\":\"ListItem\",\"position\":1,\"name\":\"Inici\",\"item\":\"https:\\\/\\\/biblioteca.blanes.cat\\\/salainfantil\\\/\"},{\"@type\":\"ListItem\",\"position\":2,\"name\":\"Club de lectura alev\u00ed. Febrer\"}]},{\"@type\":\"WebSite\",\"@id\":\"https:\\\/\\\/biblioteca.blanes.cat\\\/salainfantil\\\/#website\",\"url\":\"https:\\\/\\\/biblioteca.blanes.cat\\\/salainfantil\\\/\",\"name\":\"SALA INFANTIL\",\"description\":\"Biblioteca Roberto Bola\u00f1o\",\"potentialAction\":[{\"@type\":\"SearchAction\",\"target\":{\"@type\":\"EntryPoint\",\"urlTemplate\":\"https:\\\/\\\/biblioteca.blanes.cat\\\/salainfantil\\\/?s={search_term_string}\"},\"query-input\":{\"@type\":\"PropertyValueSpecification\",\"valueRequired\":true,\"valueName\":\"search_term_string\"}}],\"inLanguage\":\"ca\"},{\"@type\":\"Person\",\"@id\":\"https:\\\/\\\/biblioteca.blanes.cat\\\/salainfantil\\\/#\\\/schema\\\/person\\\/5a7b46760d9dd611d098bbf571a341dc\",\"name\":\"biblioblanes\",\"image\":{\"@type\":\"ImageObject\",\"inLanguage\":\"ca\",\"@id\":\"https:\\\/\\\/secure.gravatar.com\\\/avatar\\\/6593ca6cc90e5a70939f51c95e8315483b9c281bafba597292bee47992030f99?s=96&d=mm&r=g\",\"url\":\"https:\\\/\\\/secure.gravatar.com\\\/avatar\\\/6593ca6cc90e5a70939f51c95e8315483b9c281bafba597292bee47992030f99?s=96&d=mm&r=g\",\"contentUrl\":\"https:\\\/\\\/secure.gravatar.com\\\/avatar\\\/6593ca6cc90e5a70939f51c95e8315483b9c281bafba597292bee47992030f99?s=96&d=mm&r=g\",\"caption\":\"biblioblanes\"},\"sameAs\":[\"http:\\\/\\\/www.bibgirona.cat\\\/biblioteca\\\/blanes\",\"https:\\\/\\\/x.com\\\/biblioblanes\"],\"url\":\"https:\\\/\\\/biblioteca.blanes.cat\\\/salainfantil\\\/author\\\/biblioblanes\\\/\"}]}<\/script>\n<!-- \/ Yoast SEO plugin. -->","yoast_head_json":{"title":"Club de lectura alev\u00ed. Febrer - SALA INFANTIL","robots":{"index":"index","follow":"follow","max-snippet":"max-snippet:-1","max-image-preview":"max-image-preview:large","max-video-preview":"max-video-preview:-1"},"canonical":"https:\/\/biblioteca.blanes.cat\/salainfantil\/club-de-lectura-alevi-febrer-2\/","og_locale":"ca_ES","og_type":"article","og_title":"Club de lectura alev\u00ed. Febrer - SALA INFANTIL","og_description":"En la trobada del mes de febrer, el club de lectura alev\u00ed ha gaudit molt amb el llibre L\u2019assassinat del professor de matem\u00e0tiques, de l\u2019autor Jordi Sierra i Fabra. A vosaltres se us donen b\u00e9 les mates? Doncs als protagonistes","og_url":"https:\/\/biblioteca.blanes.cat\/salainfantil\/club-de-lectura-alevi-febrer-2\/","og_site_name":"SALA INFANTIL","article_published_time":"2026-02-26T14:45:46+00:00","og_image":[{"width":720,"height":693,"url":"https:\/\/biblioteca.blanes.cat\/salainfantil\/wp-content\/uploads\/sites\/2\/2020\/08\/destacat-CLI2.png","type":"image\/png"}],"author":"biblioblanes","twitter_card":"summary_large_image","twitter_creator":"@biblioblanes","twitter_misc":{"Escrit per":"biblioblanes","Temps estimat de lectura":"3 minuts"},"schema":{"@context":"https:\/\/schema.org","@graph":[{"@type":"Article","@id":"https:\/\/biblioteca.blanes.cat\/salainfantil\/club-de-lectura-alevi-febrer-2\/#article","isPartOf":{"@id":"https:\/\/biblioteca.blanes.cat\/salainfantil\/club-de-lectura-alevi-febrer-2\/"},"author":{"name":"biblioblanes","@id":"https:\/\/biblioteca.blanes.cat\/salainfantil\/#\/schema\/person\/5a7b46760d9dd611d098bbf571a341dc"},"headline":"Club de lectura alev\u00ed. Febrer","datePublished":"2026-02-26T14:45:46+00:00","mainEntityOfPage":{"@id":"https:\/\/biblioteca.blanes.cat\/salainfantil\/club-de-lectura-alevi-febrer-2\/"},"wordCount":330,"commentCount":0,"image":{"@id":"https:\/\/biblioteca.blanes.cat\/salainfantil\/club-de-lectura-alevi-febrer-2\/#primaryimage"},"thumbnailUrl":"https:\/\/biblioteca.blanes.cat\/salainfantil\/wp-content\/uploads\/sites\/2\/2020\/08\/destacat-CLI2.png","articleSection":["Activitats","Trobades CLI"],"inLanguage":"ca","potentialAction":[{"@type":"CommentAction","name":"Comment","target":["https:\/\/biblioteca.blanes.cat\/salainfantil\/club-de-lectura-alevi-febrer-2\/#respond"]}]},{"@type":"WebPage","@id":"https:\/\/biblioteca.blanes.cat\/salainfantil\/club-de-lectura-alevi-febrer-2\/","url":"https:\/\/biblioteca.blanes.cat\/salainfantil\/club-de-lectura-alevi-febrer-2\/","name":"Club de lectura alev\u00ed. Febrer - SALA INFANTIL","isPartOf":{"@id":"https:\/\/biblioteca.blanes.cat\/salainfantil\/#website"},"primaryImageOfPage":{"@id":"https:\/\/biblioteca.blanes.cat\/salainfantil\/club-de-lectura-alevi-febrer-2\/#primaryimage"},"image":{"@id":"https:\/\/biblioteca.blanes.cat\/salainfantil\/club-de-lectura-alevi-febrer-2\/#primaryimage"},"thumbnailUrl":"https:\/\/biblioteca.blanes.cat\/salainfantil\/wp-content\/uploads\/sites\/2\/2020\/08\/destacat-CLI2.png","datePublished":"2026-02-26T14:45:46+00:00","author":{"@id":"https:\/\/biblioteca.blanes.cat\/salainfantil\/#\/schema\/person\/5a7b46760d9dd611d098bbf571a341dc"},"breadcrumb":{"@id":"https:\/\/biblioteca.blanes.cat\/salainfantil\/club-de-lectura-alevi-febrer-2\/#breadcrumb"},"inLanguage":"ca","potentialAction":[{"@type":"ReadAction","target":["https:\/\/biblioteca.blanes.cat\/salainfantil\/club-de-lectura-alevi-febrer-2\/"]}]},{"@type":"ImageObject","inLanguage":"ca","@id":"https:\/\/biblioteca.blanes.cat\/salainfantil\/club-de-lectura-alevi-febrer-2\/#primaryimage","url":"https:\/\/biblioteca.blanes.cat\/salainfantil\/wp-content\/uploads\/sites\/2\/2020\/08\/destacat-CLI2.png","contentUrl":"https:\/\/biblioteca.blanes.cat\/salainfantil\/wp-content\/uploads\/sites\/2\/2020\/08\/destacat-CLI2.png","width":720,"height":693,"caption":"Club"},{"@type":"BreadcrumbList","@id":"https:\/\/biblioteca.blanes.cat\/salainfantil\/club-de-lectura-alevi-febrer-2\/#breadcrumb","itemListElement":[{"@type":"ListItem","position":1,"name":"Inici","item":"https:\/\/biblioteca.blanes.cat\/salainfantil\/"},{"@type":"ListItem","position":2,"name":"Club de lectura alev\u00ed. Febrer"}]},{"@type":"WebSite","@id":"https:\/\/biblioteca.blanes.cat\/salainfantil\/#website","url":"https:\/\/biblioteca.blanes.cat\/salainfantil\/","name":"SALA INFANTIL","description":"Biblioteca Roberto Bola\u00f1o","potentialAction":[{"@type":"SearchAction","target":{"@type":"EntryPoint","urlTemplate":"https:\/\/biblioteca.blanes.cat\/salainfantil\/?s={search_term_string}"},"query-input":{"@type":"PropertyValueSpecification","valueRequired":true,"valueName":"search_term_string"}}],"inLanguage":"ca"},{"@type":"Person","@id":"https:\/\/biblioteca.blanes.cat\/salainfantil\/#\/schema\/person\/5a7b46760d9dd611d098bbf571a341dc","name":"biblioblanes","image":{"@type":"ImageObject","inLanguage":"ca","@id":"https:\/\/secure.gravatar.com\/avatar\/6593ca6cc90e5a70939f51c95e8315483b9c281bafba597292bee47992030f99?s=96&d=mm&r=g","url":"https:\/\/secure.gravatar.com\/avatar\/6593ca6cc90e5a70939f51c95e8315483b9c281bafba597292bee47992030f99?s=96&d=mm&r=g","contentUrl":"https:\/\/secure.gravatar.com\/avatar\/6593ca6cc90e5a70939f51c95e8315483b9c281bafba597292bee47992030f99?s=96&d=mm&r=g","caption":"biblioblanes"},"sameAs":["http:\/\/www.bibgirona.cat\/biblioteca\/blanes","https:\/\/x.com\/biblioblanes"],"url":"https:\/\/biblioteca.blanes.cat\/salainfantil\/author\/biblioblanes\/"}]}},"_links":{"self":[{"href":"https:\/\/biblioteca.blanes.cat\/salainfantil\/wp-json\/wp\/v2\/posts\/12027","targetHints":{"allow":["GET"]}}],"collection":[{"href":"https:\/\/biblioteca.blanes.cat\/salainfantil\/wp-json\/wp\/v2\/posts"}],"about":[{"href":"https:\/\/biblioteca.blanes.cat\/salainfantil\/wp-json\/wp\/v2\/types\/post"}],"author":[{"embeddable":true,"href":"https:\/\/biblioteca.blanes.cat\/salainfantil\/wp-json\/wp\/v2\/users\/4"}],"replies":[{"embeddable":true,"href":"https:\/\/biblioteca.blanes.cat\/salainfantil\/wp-json\/wp\/v2\/comments?post=12027"}],"version-history":[{"count":4,"href":"https:\/\/biblioteca.blanes.cat\/salainfantil\/wp-json\/wp\/v2\/posts\/12027\/revisions"}],"predecessor-version":[{"id":12040,"href":"https:\/\/biblioteca.blanes.cat\/salainfantil\/wp-json\/wp\/v2\/posts\/12027\/revisions\/12040"}],"wp:featuredmedia":[{"embeddable":true,"href":"https:\/\/biblioteca.blanes.cat\/salainfantil\/wp-json\/wp\/v2\/media\/3449"}],"wp:attachment":[{"href":"https:\/\/biblioteca.blanes.cat\/salainfantil\/wp-json\/wp\/v2\/media?parent=12027"}],"wp:term":[{"taxonomy":"category","embeddable":true,"href":"https:\/\/biblioteca.blanes.cat\/salainfantil\/wp-json\/wp\/v2\/categories?post=12027"},{"taxonomy":"post_tag","embeddable":true,"href":"https:\/\/biblioteca.blanes.cat\/salainfantil\/wp-json\/wp\/v2\/tags?post=12027"}],"curies":[{"name":"wp","href":"https:\/\/api.w.org\/{rel}","templated":true}]}}