{"id":12013,"date":"2026-02-26T13:58:24","date_gmt":"2026-02-26T12:58:24","guid":{"rendered":"https:\/\/biblioteca.blanes.cat\/salainfantil\/?p=12013"},"modified":"2026-02-26T14:00:11","modified_gmt":"2026-02-26T13:00:11","slug":"miniclub-mimosa-i-sam-el-misteri-de-les-ulleres-roses","status":"publish","type":"post","link":"https:\/\/biblioteca.blanes.cat\/salainfantil\/miniclub-mimosa-i-sam-el-misteri-de-les-ulleres-roses\/","title":{"rendered":"Miniclub: Mimosa i Sam &#8220;El misteri de les ulleres roses&#8221;"},"content":{"rendered":"<p>\n\n\n\n<\/p>\n<p>\n\n\n<p>\u00a0<\/p>\n<h6 style=\"text-align: center;\" data-pm-slice=\"1 1 []\">Aquest mes hem comentat el c\u00f2mic\u00a0 <strong>\u201d Mimosa i Sam, el misteri de les ulleres roses\u201d<\/strong> de Cathon<\/h6>\n<p style=\"text-align: center;\">Bon dia petits lectors!<\/p>\n<p>\u00a0<\/p>\n<p style=\"text-align: center;\">Aquest mes al Miniclub ens hem estrenat amb el c\u00f2mic!<\/p>\n<p><strong>&#8220;El misteri de les ulleres roses&#8221;<\/strong> \u00e9s un dels volums de la col.lecci\u00f3 Mimosa i Sam que trobareu a les prestatgeries de la Biblioteca. Justament es tracta d&#8217;un c\u00f2mic per a petits lectors (5-7 anys)<\/p>\n<p>\u00a0<\/p>\n<p><img fetchpriority=\"high\" decoding=\"async\" class=\"alignleft\" src=\"https:\/\/biblioteca.blanes.cat\/salainfantil\/wp-content\/uploads\/sites\/2\/2026\/02\/Mimosa-i-sam-el-misteri-de-les-ulleres-roses-236x300.jpg\" alt=\"\" width=\"236\" height=\"300\" \/><\/p>\n<p>La Mimosa i en Sam s\u00f3n dos bons amics que viuen al mig del jard\u00ed. Junts ajudaran al seu company talpet a trobar les seves ulleres roses perdudes. Pel cam\u00ed aniran trobant objectes perduts d&#8217;altres animalons amics seus i que els servir\u00e0 per muntar una paradeta ben bonica al mig del camp.<\/p>\n<p>S\u00e8rie de c\u00f2mic publicada per la prestigiosa editorial Canadenca &#8221; BindiBooks&#8221;, tradu\u00efda a 7 idiomes i editada amb el suport del departament de cultura de la Generalitat de Catalunya.<\/p>\n<p>\u00a0<\/p>\n<p>\u00a0<\/p>\n<p>Al Club de lectura dels m\u00e9s petits ens hem endinsat en un nou m\u00f3n, el m\u00f3n del c\u00f2mic. Per primera vegada hem apr\u00e8s que \u00e9s un c\u00f2mic, com es llegeix, tipus de di\u00e0legs, que s\u00f3n les vinyetes i la import\u00e0ncia de la il.lustraci\u00f3.<\/p>\n<p>Si observem amb deteniment podem descobrir milers de missatges secrets que, amagats al mig de les imatges, ens donaran tanta informaci\u00f3 o m\u00e9s que les paraules.<\/p>\n<p>\u00a0<\/p>\n<p><img decoding=\"async\" class=\"aligncenter\" src=\"https:\/\/biblioteca.blanes.cat\/salainfantil\/wp-content\/uploads\/sites\/2\/2026\/02\/Miniclub_febrer_BiblioBlanes-4-1024x768.jpg\" alt=\"\" width=\"500\" height=\"375\" \/><\/p>\n<p>\u00a0<\/p>\n<p>Qu\u00e8 far\u00edeu si f\u00f3ssiu el talpet i de sobte us adoneu que heu perdut les vostres ulleres roses?<\/p>\n<p>Doncs d&#8217;aix\u00f2 anava la din\u00e0mica d&#8217;aquest mes.<\/p>\n<p>Amb bafarades de tres tipus diferents els m\u00e9s petits han reflexionat sobre com reaccionarien i que farien si es trobessin en aquesta situaci\u00f3.<\/p>\n<p>De bafarades en tenim de diferents tipus i cadascuna es fa servir amb una finalitat diferent de dins del c\u00f2mic. I aix\u00ed, amb l&#8217;ajuda de les fam\u00edlies hem creat la nostra pr\u00f2pia bafarada.<\/p>\n<p>\u00a0<\/p>\n<p><img decoding=\"async\" class=\"aligncenter wp-image-12016 size-medium\" src=\"https:\/\/biblioteca.blanes.cat\/salainfantil\/wp-content\/uploads\/sites\/2\/2026\/02\/Miniclub_-febrer_BiblioBlanes-300x225.jpg\" alt=\"\" width=\"300\" height=\"225\" srcset=\"https:\/\/biblioteca.blanes.cat\/salainfantil\/wp-content\/uploads\/sites\/2\/2026\/02\/Miniclub_-febrer_BiblioBlanes-300x225.jpg 300w, https:\/\/biblioteca.blanes.cat\/salainfantil\/wp-content\/uploads\/sites\/2\/2026\/02\/Miniclub_-febrer_BiblioBlanes-1024x768.jpg 1024w, https:\/\/biblioteca.blanes.cat\/salainfantil\/wp-content\/uploads\/sites\/2\/2026\/02\/Miniclub_-febrer_BiblioBlanes-768x576.jpg 768w, https:\/\/biblioteca.blanes.cat\/salainfantil\/wp-content\/uploads\/sites\/2\/2026\/02\/Miniclub_-febrer_BiblioBlanes-1536x1152.jpg 1536w, https:\/\/biblioteca.blanes.cat\/salainfantil\/wp-content\/uploads\/sites\/2\/2026\/02\/Miniclub_-febrer_BiblioBlanes.jpg 2048w\" sizes=\"(max-width: 300px) 100vw, 300px\" \/> <img loading=\"lazy\" decoding=\"async\" class=\"aligncenter size-medium wp-image-12017\" src=\"https:\/\/biblioteca.blanes.cat\/salainfantil\/wp-content\/uploads\/sites\/2\/2026\/02\/Miniclub_febrer_BiblioBlanes-3-300x225.jpg\" alt=\"\" width=\"300\" height=\"225\" srcset=\"https:\/\/biblioteca.blanes.cat\/salainfantil\/wp-content\/uploads\/sites\/2\/2026\/02\/Miniclub_febrer_BiblioBlanes-3-300x225.jpg 300w, https:\/\/biblioteca.blanes.cat\/salainfantil\/wp-content\/uploads\/sites\/2\/2026\/02\/Miniclub_febrer_BiblioBlanes-3-1024x768.jpg 1024w, https:\/\/biblioteca.blanes.cat\/salainfantil\/wp-content\/uploads\/sites\/2\/2026\/02\/Miniclub_febrer_BiblioBlanes-3-768x576.jpg 768w, https:\/\/biblioteca.blanes.cat\/salainfantil\/wp-content\/uploads\/sites\/2\/2026\/02\/Miniclub_febrer_BiblioBlanes-3-1536x1152.jpg 1536w, https:\/\/biblioteca.blanes.cat\/salainfantil\/wp-content\/uploads\/sites\/2\/2026\/02\/Miniclub_febrer_BiblioBlanes-3.jpg 2048w\" sizes=\"(max-width: 300px) 100vw, 300px\" \/><\/p>\n<p>\u00a0<\/p>\n<p>A la trobada del mes de gener cada infant es va endur a casa un petit fragment de l&#8217;\u00e0lbum &#8221; Com atrapar una estrella&#8221;. L&#8217;objectiu, prepara-la i fer una estoneta de lectura en veu alta. Tot un \u00e8xit petits!\u00a0<\/p>\n<p>\u00a0<\/p>\n<p><img loading=\"lazy\" decoding=\"async\" class=\"size-medium wp-image-12018 alignleft\" src=\"https:\/\/biblioteca.blanes.cat\/salainfantil\/wp-content\/uploads\/sites\/2\/2026\/02\/Miniclub_febrer_BiblioBlanes-4-1-300x225.jpg\" alt=\"\" width=\"300\" height=\"225\" srcset=\"https:\/\/biblioteca.blanes.cat\/salainfantil\/wp-content\/uploads\/sites\/2\/2026\/02\/Miniclub_febrer_BiblioBlanes-4-1-300x225.jpg 300w, https:\/\/biblioteca.blanes.cat\/salainfantil\/wp-content\/uploads\/sites\/2\/2026\/02\/Miniclub_febrer_BiblioBlanes-4-1-1024x768.jpg 1024w, https:\/\/biblioteca.blanes.cat\/salainfantil\/wp-content\/uploads\/sites\/2\/2026\/02\/Miniclub_febrer_BiblioBlanes-4-1-768x576.jpg 768w, https:\/\/biblioteca.blanes.cat\/salainfantil\/wp-content\/uploads\/sites\/2\/2026\/02\/Miniclub_febrer_BiblioBlanes-4-1-1536x1152.jpg 1536w, https:\/\/biblioteca.blanes.cat\/salainfantil\/wp-content\/uploads\/sites\/2\/2026\/02\/Miniclub_febrer_BiblioBlanes-4-1.jpg 2048w\" sizes=\"(max-width: 300px) 100vw, 300px\" \/> <img loading=\"lazy\" decoding=\"async\" class=\"size-medium wp-image-12019 alignright\" src=\"https:\/\/biblioteca.blanes.cat\/salainfantil\/wp-content\/uploads\/sites\/2\/2026\/02\/Miniclub_febrer_BiblioBlanes-5-300x225.jpg\" alt=\"\" width=\"300\" height=\"225\" srcset=\"https:\/\/biblioteca.blanes.cat\/salainfantil\/wp-content\/uploads\/sites\/2\/2026\/02\/Miniclub_febrer_BiblioBlanes-5-300x225.jpg 300w, https:\/\/biblioteca.blanes.cat\/salainfantil\/wp-content\/uploads\/sites\/2\/2026\/02\/Miniclub_febrer_BiblioBlanes-5-1024x768.jpg 1024w, https:\/\/biblioteca.blanes.cat\/salainfantil\/wp-content\/uploads\/sites\/2\/2026\/02\/Miniclub_febrer_BiblioBlanes-5-768x576.jpg 768w, https:\/\/biblioteca.blanes.cat\/salainfantil\/wp-content\/uploads\/sites\/2\/2026\/02\/Miniclub_febrer_BiblioBlanes-5-1536x1152.jpg 1536w, https:\/\/biblioteca.blanes.cat\/salainfantil\/wp-content\/uploads\/sites\/2\/2026\/02\/Miniclub_febrer_BiblioBlanes-5.jpg 2048w\" sizes=\"(max-width: 300px) 100vw, 300px\" \/><\/p>\n","protected":false},"excerpt":{"rendered":"<p>\u00a0 Aquest mes hem comentat el c\u00f2mic\u00a0 \u201d Mimosa i Sam, el misteri de les ulleres roses\u201d de Cathon Bon dia petits lectors! \u00a0 Aquest mes al Miniclub ens hem estrenat amb el c\u00f2mic! &#8220;El misteri de les ulleres roses&#8221;<\/p>\n","protected":false},"author":4,"featured_media":11570,"comment_status":"open","ping_status":"open","sticky":false,"template":"","format":"standard","meta":{"sfsi_plus_gutenberg_text_before_share":"","sfsi_plus_gutenberg_show_text_before_share":"","sfsi_plus_gutenberg_icon_type":"","sfsi_plus_gutenberg_icon_alignemt":"","sfsi_plus_gutenburg_max_per_row":"","footnotes":""},"categories":[1,9],"tags":[17,22],"class_list":["post-12013","post","type-post","status-publish","format-standard","has-post-thumbnail","hentry","category-general","category-trobades-miniclub","tag-activitats","tag-miniclub"],"yoast_head":"<!-- This site is optimized with the Yoast SEO plugin v27.5 - https:\/\/yoast.com\/product\/yoast-seo-wordpress\/ -->\n<title>Miniclub: Mimosa i Sam &quot;El misteri de les ulleres roses&quot; - SALA INFANTIL<\/title>\n<meta name=\"robots\" content=\"index, follow, max-snippet:-1, max-image-preview:large, max-video-preview:-1\" \/>\n<link rel=\"canonical\" href=\"https:\/\/biblioteca.blanes.cat\/salainfantil\/miniclub-mimosa-i-sam-el-misteri-de-les-ulleres-roses\/\" \/>\n<meta property=\"og:locale\" content=\"ca_ES\" \/>\n<meta property=\"og:type\" content=\"article\" \/>\n<meta property=\"og:title\" content=\"Miniclub: Mimosa i Sam &quot;El misteri de les ulleres roses&quot; - SALA INFANTIL\" \/>\n<meta property=\"og:description\" content=\"\u00a0 Aquest mes hem comentat el c\u00f2mic\u00a0 \u201d Mimosa i Sam, el misteri de les ulleres roses\u201d de Cathon Bon dia petits lectors! \u00a0 Aquest mes al Miniclub ens hem estrenat amb el c\u00f2mic! &#8220;El misteri de les ulleres roses&#8221;\" \/>\n<meta property=\"og:url\" content=\"https:\/\/biblioteca.blanes.cat\/salainfantil\/miniclub-mimosa-i-sam-el-misteri-de-les-ulleres-roses\/\" \/>\n<meta property=\"og:site_name\" content=\"SALA INFANTIL\" \/>\n<meta property=\"article:published_time\" content=\"2026-02-26T12:58:24+00:00\" \/>\n<meta property=\"article:modified_time\" content=\"2026-02-26T13:00:11+00:00\" \/>\n<meta property=\"og:image\" content=\"https:\/\/biblioteca.blanes.cat\/salainfantil\/wp-content\/uploads\/sites\/2\/2025\/09\/Logo-Miniclub.png\" \/>\n\t<meta property=\"og:image:width\" content=\"500\" \/>\n\t<meta property=\"og:image:height\" content=\"415\" \/>\n\t<meta property=\"og:image:type\" content=\"image\/png\" \/>\n<meta name=\"author\" content=\"biblioblanes\" \/>\n<meta name=\"twitter:card\" content=\"summary_large_image\" \/>\n<meta name=\"twitter:creator\" content=\"@biblioblanes\" \/>\n<meta name=\"twitter:label1\" content=\"Escrit per\" \/>\n\t<meta name=\"twitter:data1\" content=\"biblioblanes\" \/>\n\t<meta name=\"twitter:label2\" content=\"Temps estimat de lectura\" \/>\n\t<meta name=\"twitter:data2\" content=\"4 minuts\" \/>\n<script type=\"application\/ld+json\" class=\"yoast-schema-graph\">{\"@context\":\"https:\\\/\\\/schema.org\",\"@graph\":[{\"@type\":\"Article\",\"@id\":\"https:\\\/\\\/biblioteca.blanes.cat\\\/salainfantil\\\/miniclub-mimosa-i-sam-el-misteri-de-les-ulleres-roses\\\/#article\",\"isPartOf\":{\"@id\":\"https:\\\/\\\/biblioteca.blanes.cat\\\/salainfantil\\\/miniclub-mimosa-i-sam-el-misteri-de-les-ulleres-roses\\\/\"},\"author\":{\"name\":\"biblioblanes\",\"@id\":\"https:\\\/\\\/biblioteca.blanes.cat\\\/salainfantil\\\/#\\\/schema\\\/person\\\/5a7b46760d9dd611d098bbf571a341dc\"},\"headline\":\"Miniclub: Mimosa i Sam &#8220;El misteri de les ulleres roses&#8221;\",\"datePublished\":\"2026-02-26T12:58:24+00:00\",\"dateModified\":\"2026-02-26T13:00:11+00:00\",\"mainEntityOfPage\":{\"@id\":\"https:\\\/\\\/biblioteca.blanes.cat\\\/salainfantil\\\/miniclub-mimosa-i-sam-el-misteri-de-les-ulleres-roses\\\/\"},\"wordCount\":376,\"commentCount\":0,\"image\":{\"@id\":\"https:\\\/\\\/biblioteca.blanes.cat\\\/salainfantil\\\/miniclub-mimosa-i-sam-el-misteri-de-les-ulleres-roses\\\/#primaryimage\"},\"thumbnailUrl\":\"https:\\\/\\\/biblioteca.blanes.cat\\\/salainfantil\\\/wp-content\\\/uploads\\\/sites\\\/2\\\/2025\\\/09\\\/Logo-Miniclub.png\",\"keywords\":[\"Activitats\",\"MINICLUB\"],\"articleSection\":[\"Fes una ullada\",\"Trobades miniclub\"],\"inLanguage\":\"ca\",\"potentialAction\":[{\"@type\":\"CommentAction\",\"name\":\"Comment\",\"target\":[\"https:\\\/\\\/biblioteca.blanes.cat\\\/salainfantil\\\/miniclub-mimosa-i-sam-el-misteri-de-les-ulleres-roses\\\/#respond\"]}]},{\"@type\":\"WebPage\",\"@id\":\"https:\\\/\\\/biblioteca.blanes.cat\\\/salainfantil\\\/miniclub-mimosa-i-sam-el-misteri-de-les-ulleres-roses\\\/\",\"url\":\"https:\\\/\\\/biblioteca.blanes.cat\\\/salainfantil\\\/miniclub-mimosa-i-sam-el-misteri-de-les-ulleres-roses\\\/\",\"name\":\"Miniclub: Mimosa i Sam \\\"El misteri de les ulleres roses\\\" - SALA INFANTIL\",\"isPartOf\":{\"@id\":\"https:\\\/\\\/biblioteca.blanes.cat\\\/salainfantil\\\/#website\"},\"primaryImageOfPage\":{\"@id\":\"https:\\\/\\\/biblioteca.blanes.cat\\\/salainfantil\\\/miniclub-mimosa-i-sam-el-misteri-de-les-ulleres-roses\\\/#primaryimage\"},\"image\":{\"@id\":\"https:\\\/\\\/biblioteca.blanes.cat\\\/salainfantil\\\/miniclub-mimosa-i-sam-el-misteri-de-les-ulleres-roses\\\/#primaryimage\"},\"thumbnailUrl\":\"https:\\\/\\\/biblioteca.blanes.cat\\\/salainfantil\\\/wp-content\\\/uploads\\\/sites\\\/2\\\/2025\\\/09\\\/Logo-Miniclub.png\",\"datePublished\":\"2026-02-26T12:58:24+00:00\",\"dateModified\":\"2026-02-26T13:00:11+00:00\",\"author\":{\"@id\":\"https:\\\/\\\/biblioteca.blanes.cat\\\/salainfantil\\\/#\\\/schema\\\/person\\\/5a7b46760d9dd611d098bbf571a341dc\"},\"breadcrumb\":{\"@id\":\"https:\\\/\\\/biblioteca.blanes.cat\\\/salainfantil\\\/miniclub-mimosa-i-sam-el-misteri-de-les-ulleres-roses\\\/#breadcrumb\"},\"inLanguage\":\"ca\",\"potentialAction\":[{\"@type\":\"ReadAction\",\"target\":[\"https:\\\/\\\/biblioteca.blanes.cat\\\/salainfantil\\\/miniclub-mimosa-i-sam-el-misteri-de-les-ulleres-roses\\\/\"]}]},{\"@type\":\"ImageObject\",\"inLanguage\":\"ca\",\"@id\":\"https:\\\/\\\/biblioteca.blanes.cat\\\/salainfantil\\\/miniclub-mimosa-i-sam-el-misteri-de-les-ulleres-roses\\\/#primaryimage\",\"url\":\"https:\\\/\\\/biblioteca.blanes.cat\\\/salainfantil\\\/wp-content\\\/uploads\\\/sites\\\/2\\\/2025\\\/09\\\/Logo-Miniclub.png\",\"contentUrl\":\"https:\\\/\\\/biblioteca.blanes.cat\\\/salainfantil\\\/wp-content\\\/uploads\\\/sites\\\/2\\\/2025\\\/09\\\/Logo-Miniclub.png\",\"width\":500,\"height\":415},{\"@type\":\"BreadcrumbList\",\"@id\":\"https:\\\/\\\/biblioteca.blanes.cat\\\/salainfantil\\\/miniclub-mimosa-i-sam-el-misteri-de-les-ulleres-roses\\\/#breadcrumb\",\"itemListElement\":[{\"@type\":\"ListItem\",\"position\":1,\"name\":\"Inici\",\"item\":\"https:\\\/\\\/biblioteca.blanes.cat\\\/salainfantil\\\/\"},{\"@type\":\"ListItem\",\"position\":2,\"name\":\"Miniclub: Mimosa i Sam &#8220;El misteri de les ulleres roses&#8221;\"}]},{\"@type\":\"WebSite\",\"@id\":\"https:\\\/\\\/biblioteca.blanes.cat\\\/salainfantil\\\/#website\",\"url\":\"https:\\\/\\\/biblioteca.blanes.cat\\\/salainfantil\\\/\",\"name\":\"SALA INFANTIL\",\"description\":\"Biblioteca Roberto Bola\u00f1o\",\"potentialAction\":[{\"@type\":\"SearchAction\",\"target\":{\"@type\":\"EntryPoint\",\"urlTemplate\":\"https:\\\/\\\/biblioteca.blanes.cat\\\/salainfantil\\\/?s={search_term_string}\"},\"query-input\":{\"@type\":\"PropertyValueSpecification\",\"valueRequired\":true,\"valueName\":\"search_term_string\"}}],\"inLanguage\":\"ca\"},{\"@type\":\"Person\",\"@id\":\"https:\\\/\\\/biblioteca.blanes.cat\\\/salainfantil\\\/#\\\/schema\\\/person\\\/5a7b46760d9dd611d098bbf571a341dc\",\"name\":\"biblioblanes\",\"image\":{\"@type\":\"ImageObject\",\"inLanguage\":\"ca\",\"@id\":\"https:\\\/\\\/secure.gravatar.com\\\/avatar\\\/6593ca6cc90e5a70939f51c95e8315483b9c281bafba597292bee47992030f99?s=96&d=mm&r=g\",\"url\":\"https:\\\/\\\/secure.gravatar.com\\\/avatar\\\/6593ca6cc90e5a70939f51c95e8315483b9c281bafba597292bee47992030f99?s=96&d=mm&r=g\",\"contentUrl\":\"https:\\\/\\\/secure.gravatar.com\\\/avatar\\\/6593ca6cc90e5a70939f51c95e8315483b9c281bafba597292bee47992030f99?s=96&d=mm&r=g\",\"caption\":\"biblioblanes\"},\"sameAs\":[\"http:\\\/\\\/www.bibgirona.cat\\\/biblioteca\\\/blanes\",\"https:\\\/\\\/x.com\\\/biblioblanes\"],\"url\":\"https:\\\/\\\/biblioteca.blanes.cat\\\/salainfantil\\\/author\\\/biblioblanes\\\/\"}]}<\/script>\n<!-- \/ Yoast SEO plugin. -->","yoast_head_json":{"title":"Miniclub: Mimosa i Sam \"El misteri de les ulleres roses\" - SALA INFANTIL","robots":{"index":"index","follow":"follow","max-snippet":"max-snippet:-1","max-image-preview":"max-image-preview:large","max-video-preview":"max-video-preview:-1"},"canonical":"https:\/\/biblioteca.blanes.cat\/salainfantil\/miniclub-mimosa-i-sam-el-misteri-de-les-ulleres-roses\/","og_locale":"ca_ES","og_type":"article","og_title":"Miniclub: Mimosa i Sam \"El misteri de les ulleres roses\" - SALA INFANTIL","og_description":"\u00a0 Aquest mes hem comentat el c\u00f2mic\u00a0 \u201d Mimosa i Sam, el misteri de les ulleres roses\u201d de Cathon Bon dia petits lectors! \u00a0 Aquest mes al Miniclub ens hem estrenat amb el c\u00f2mic! &#8220;El misteri de les ulleres roses&#8221;","og_url":"https:\/\/biblioteca.blanes.cat\/salainfantil\/miniclub-mimosa-i-sam-el-misteri-de-les-ulleres-roses\/","og_site_name":"SALA INFANTIL","article_published_time":"2026-02-26T12:58:24+00:00","article_modified_time":"2026-02-26T13:00:11+00:00","og_image":[{"width":500,"height":415,"url":"https:\/\/biblioteca.blanes.cat\/salainfantil\/wp-content\/uploads\/sites\/2\/2025\/09\/Logo-Miniclub.png","type":"image\/png"}],"author":"biblioblanes","twitter_card":"summary_large_image","twitter_creator":"@biblioblanes","twitter_misc":{"Escrit per":"biblioblanes","Temps estimat de lectura":"4 minuts"},"schema":{"@context":"https:\/\/schema.org","@graph":[{"@type":"Article","@id":"https:\/\/biblioteca.blanes.cat\/salainfantil\/miniclub-mimosa-i-sam-el-misteri-de-les-ulleres-roses\/#article","isPartOf":{"@id":"https:\/\/biblioteca.blanes.cat\/salainfantil\/miniclub-mimosa-i-sam-el-misteri-de-les-ulleres-roses\/"},"author":{"name":"biblioblanes","@id":"https:\/\/biblioteca.blanes.cat\/salainfantil\/#\/schema\/person\/5a7b46760d9dd611d098bbf571a341dc"},"headline":"Miniclub: Mimosa i Sam &#8220;El misteri de les ulleres roses&#8221;","datePublished":"2026-02-26T12:58:24+00:00","dateModified":"2026-02-26T13:00:11+00:00","mainEntityOfPage":{"@id":"https:\/\/biblioteca.blanes.cat\/salainfantil\/miniclub-mimosa-i-sam-el-misteri-de-les-ulleres-roses\/"},"wordCount":376,"commentCount":0,"image":{"@id":"https:\/\/biblioteca.blanes.cat\/salainfantil\/miniclub-mimosa-i-sam-el-misteri-de-les-ulleres-roses\/#primaryimage"},"thumbnailUrl":"https:\/\/biblioteca.blanes.cat\/salainfantil\/wp-content\/uploads\/sites\/2\/2025\/09\/Logo-Miniclub.png","keywords":["Activitats","MINICLUB"],"articleSection":["Fes una ullada","Trobades miniclub"],"inLanguage":"ca","potentialAction":[{"@type":"CommentAction","name":"Comment","target":["https:\/\/biblioteca.blanes.cat\/salainfantil\/miniclub-mimosa-i-sam-el-misteri-de-les-ulleres-roses\/#respond"]}]},{"@type":"WebPage","@id":"https:\/\/biblioteca.blanes.cat\/salainfantil\/miniclub-mimosa-i-sam-el-misteri-de-les-ulleres-roses\/","url":"https:\/\/biblioteca.blanes.cat\/salainfantil\/miniclub-mimosa-i-sam-el-misteri-de-les-ulleres-roses\/","name":"Miniclub: Mimosa i Sam \"El misteri de les ulleres roses\" - SALA INFANTIL","isPartOf":{"@id":"https:\/\/biblioteca.blanes.cat\/salainfantil\/#website"},"primaryImageOfPage":{"@id":"https:\/\/biblioteca.blanes.cat\/salainfantil\/miniclub-mimosa-i-sam-el-misteri-de-les-ulleres-roses\/#primaryimage"},"image":{"@id":"https:\/\/biblioteca.blanes.cat\/salainfantil\/miniclub-mimosa-i-sam-el-misteri-de-les-ulleres-roses\/#primaryimage"},"thumbnailUrl":"https:\/\/biblioteca.blanes.cat\/salainfantil\/wp-content\/uploads\/sites\/2\/2025\/09\/Logo-Miniclub.png","datePublished":"2026-02-26T12:58:24+00:00","dateModified":"2026-02-26T13:00:11+00:00","author":{"@id":"https:\/\/biblioteca.blanes.cat\/salainfantil\/#\/schema\/person\/5a7b46760d9dd611d098bbf571a341dc"},"breadcrumb":{"@id":"https:\/\/biblioteca.blanes.cat\/salainfantil\/miniclub-mimosa-i-sam-el-misteri-de-les-ulleres-roses\/#breadcrumb"},"inLanguage":"ca","potentialAction":[{"@type":"ReadAction","target":["https:\/\/biblioteca.blanes.cat\/salainfantil\/miniclub-mimosa-i-sam-el-misteri-de-les-ulleres-roses\/"]}]},{"@type":"ImageObject","inLanguage":"ca","@id":"https:\/\/biblioteca.blanes.cat\/salainfantil\/miniclub-mimosa-i-sam-el-misteri-de-les-ulleres-roses\/#primaryimage","url":"https:\/\/biblioteca.blanes.cat\/salainfantil\/wp-content\/uploads\/sites\/2\/2025\/09\/Logo-Miniclub.png","contentUrl":"https:\/\/biblioteca.blanes.cat\/salainfantil\/wp-content\/uploads\/sites\/2\/2025\/09\/Logo-Miniclub.png","width":500,"height":415},{"@type":"BreadcrumbList","@id":"https:\/\/biblioteca.blanes.cat\/salainfantil\/miniclub-mimosa-i-sam-el-misteri-de-les-ulleres-roses\/#breadcrumb","itemListElement":[{"@type":"ListItem","position":1,"name":"Inici","item":"https:\/\/biblioteca.blanes.cat\/salainfantil\/"},{"@type":"ListItem","position":2,"name":"Miniclub: Mimosa i Sam &#8220;El misteri de les ulleres roses&#8221;"}]},{"@type":"WebSite","@id":"https:\/\/biblioteca.blanes.cat\/salainfantil\/#website","url":"https:\/\/biblioteca.blanes.cat\/salainfantil\/","name":"SALA INFANTIL","description":"Biblioteca Roberto Bola\u00f1o","potentialAction":[{"@type":"SearchAction","target":{"@type":"EntryPoint","urlTemplate":"https:\/\/biblioteca.blanes.cat\/salainfantil\/?s={search_term_string}"},"query-input":{"@type":"PropertyValueSpecification","valueRequired":true,"valueName":"search_term_string"}}],"inLanguage":"ca"},{"@type":"Person","@id":"https:\/\/biblioteca.blanes.cat\/salainfantil\/#\/schema\/person\/5a7b46760d9dd611d098bbf571a341dc","name":"biblioblanes","image":{"@type":"ImageObject","inLanguage":"ca","@id":"https:\/\/secure.gravatar.com\/avatar\/6593ca6cc90e5a70939f51c95e8315483b9c281bafba597292bee47992030f99?s=96&d=mm&r=g","url":"https:\/\/secure.gravatar.com\/avatar\/6593ca6cc90e5a70939f51c95e8315483b9c281bafba597292bee47992030f99?s=96&d=mm&r=g","contentUrl":"https:\/\/secure.gravatar.com\/avatar\/6593ca6cc90e5a70939f51c95e8315483b9c281bafba597292bee47992030f99?s=96&d=mm&r=g","caption":"biblioblanes"},"sameAs":["http:\/\/www.bibgirona.cat\/biblioteca\/blanes","https:\/\/x.com\/biblioblanes"],"url":"https:\/\/biblioteca.blanes.cat\/salainfantil\/author\/biblioblanes\/"}]}},"_links":{"self":[{"href":"https:\/\/biblioteca.blanes.cat\/salainfantil\/wp-json\/wp\/v2\/posts\/12013","targetHints":{"allow":["GET"]}}],"collection":[{"href":"https:\/\/biblioteca.blanes.cat\/salainfantil\/wp-json\/wp\/v2\/posts"}],"about":[{"href":"https:\/\/biblioteca.blanes.cat\/salainfantil\/wp-json\/wp\/v2\/types\/post"}],"author":[{"embeddable":true,"href":"https:\/\/biblioteca.blanes.cat\/salainfantil\/wp-json\/wp\/v2\/users\/4"}],"replies":[{"embeddable":true,"href":"https:\/\/biblioteca.blanes.cat\/salainfantil\/wp-json\/wp\/v2\/comments?post=12013"}],"version-history":[{"count":7,"href":"https:\/\/biblioteca.blanes.cat\/salainfantil\/wp-json\/wp\/v2\/posts\/12013\/revisions"}],"predecessor-version":[{"id":12059,"href":"https:\/\/biblioteca.blanes.cat\/salainfantil\/wp-json\/wp\/v2\/posts\/12013\/revisions\/12059"}],"wp:featuredmedia":[{"embeddable":true,"href":"https:\/\/biblioteca.blanes.cat\/salainfantil\/wp-json\/wp\/v2\/media\/11570"}],"wp:attachment":[{"href":"https:\/\/biblioteca.blanes.cat\/salainfantil\/wp-json\/wp\/v2\/media?parent=12013"}],"wp:term":[{"taxonomy":"category","embeddable":true,"href":"https:\/\/biblioteca.blanes.cat\/salainfantil\/wp-json\/wp\/v2\/categories?post=12013"},{"taxonomy":"post_tag","embeddable":true,"href":"https:\/\/biblioteca.blanes.cat\/salainfantil\/wp-json\/wp\/v2\/tags?post=12013"}],"curies":[{"name":"wp","href":"https:\/\/api.w.org\/{rel}","templated":true}]}}