{"id":11941,"date":"2025-12-18T14:06:39","date_gmt":"2025-12-18T13:06:39","guid":{"rendered":"https:\/\/biblioteca.blanes.cat\/salainfantil\/?p=11941"},"modified":"2026-01-07T16:54:46","modified_gmt":"2026-01-07T15:54:46","slug":"miniclub-la-nevada-de-lany","status":"publish","type":"post","link":"https:\/\/biblioteca.blanes.cat\/salainfantil\/miniclub-la-nevada-de-lany\/","title":{"rendered":"Miniclub: La nevada de l&#8217;any"},"content":{"rendered":"\n<p style=\"text-align: center;\" data-pm-slice=\"1 1 []\">Qu\u00e8 far\u00edeu si de sobte us sorpr\u00e8n una gran nevada i ben contents obriu l&#8217;armari i us trobeu que les arnes s&#8217;han cruspit els vostres jerseis?<\/p>\n<p data-pm-slice=\"1 1 []\">\u00a0<\/p>\n<h6 style=\"text-align: center;\" data-pm-slice=\"1 1 []\">Aquest mes hem comentat l&#8217;\u00e0lbum <strong>&#8221; La nevada de l&#8217;any&#8221;<\/strong> de Pippa Curnick<\/h6>\n<p data-pm-slice=\"1 1 []\"><img decoding=\"async\" class=\"zoomImg alignleft\" src=\"https:\/\/www.picarona.net\/wp-content\/uploads\/2023\/10\/La-nevada-de-l-any.jpg\" alt=\"\" width=\"213\" height=\"223\" aria-hidden=\"true\" \/><\/p>\n<p data-pm-slice=\"1 1 []\">Una hist\u00f2ria sobre un grup d&#8217;animals que es lliuren en una carrera desenfrenada per aconseguir els jerseis de llana m\u00e9s perfectes de la botiga de l&#8217;\u00e0via Bruguera.<\/p>\n<p data-pm-slice=\"1 1 []\">Un relat molt divertit sobre l&#8217;aprenentatge del treball en equip, l&#8217;empatia i la import\u00e0ncia d&#8217;ajudar als altres.<\/p>\n<p data-pm-slice=\"1 1 []\">\u00a0<\/p>\n<p data-pm-slice=\"1 1 []\">\u00a0<\/p>\n<p>Despr\u00e8s de quatre trobades, hem fet un passet m\u00e9s i \u00e9s que ja som uns experts! Despr\u00e8s de con\u00e8ixer la hist\u00f2ria completa, hem intentat llegir tot el que les il.lustracions ens expliquen sense utilitzar les paraules.<\/p>\n<p>No sabeu com \u00e9s de divertit i enriquidor descobrir tots els misteris que hi ha amagats a cada p\u00e0gina d&#8217;aquest \u00e0lbum. Per\u00f2 vigileu que de vegades us pot capgirar la hist\u00f2ria!<\/p>\n<p>\u00a0<\/p>\n<p><a href=\"https:\/\/biblioteca.blanes.cat\/salainfantil\/miniclub-la-nevada-de-lany\/miniclub_-desembre_-biblioblanes-5\/\" rel=\"attachment wp-att-11942\"><img fetchpriority=\"high\" decoding=\"async\" class=\"aligncenter size-medium wp-image-11942\" src=\"https:\/\/biblioteca.blanes.cat\/salainfantil\/wp-content\/uploads\/sites\/2\/2025\/12\/Miniclub_-desembre_-BiblioBlanes-5-300x190.jpg\" alt=\"\" width=\"300\" height=\"190\" srcset=\"https:\/\/biblioteca.blanes.cat\/salainfantil\/wp-content\/uploads\/sites\/2\/2025\/12\/Miniclub_-desembre_-BiblioBlanes-5-300x190.jpg 300w, https:\/\/biblioteca.blanes.cat\/salainfantil\/wp-content\/uploads\/sites\/2\/2025\/12\/Miniclub_-desembre_-BiblioBlanes-5-1024x648.jpg 1024w, https:\/\/biblioteca.blanes.cat\/salainfantil\/wp-content\/uploads\/sites\/2\/2025\/12\/Miniclub_-desembre_-BiblioBlanes-5-768x486.jpg 768w, https:\/\/biblioteca.blanes.cat\/salainfantil\/wp-content\/uploads\/sites\/2\/2025\/12\/Miniclub_-desembre_-BiblioBlanes-5-1536x972.jpg 1536w, https:\/\/biblioteca.blanes.cat\/salainfantil\/wp-content\/uploads\/sites\/2\/2025\/12\/Miniclub_-desembre_-BiblioBlanes-5-2048x1296.jpg 2048w\" sizes=\"(max-width: 300px) 100vw, 300px\" \/><\/a><\/p>\n<p>I no pod\u00edem deixar escapar una oportunitat com la trobada del desembre per celebrar Nadal com cal!<\/p>\n<p style=\"text-align: center;\">Escrivint cartes boniques a les persones que m\u00e9s estimem i que m\u00e9s ens estimen.<\/p>\n<div id='gallery-1' class='gallery galleryid-11941 gallery-columns-3 gallery-size-medium'><figure class='gallery-item'>\n\t\t\t<div class='gallery-icon landscape'>\n\t\t\t\t<a href='https:\/\/biblioteca.blanes.cat\/salainfantil\/miniclub-la-nevada-de-lany\/miniclub_-desembre_-biblioblanes-9\/'><img decoding=\"async\" width=\"300\" height=\"135\" src=\"https:\/\/biblioteca.blanes.cat\/salainfantil\/wp-content\/uploads\/sites\/2\/2025\/12\/Miniclub_-desembre_-BiblioBlanes-9-300x135.jpg\" class=\"attachment-medium size-medium\" alt=\"\" srcset=\"https:\/\/biblioteca.blanes.cat\/salainfantil\/wp-content\/uploads\/sites\/2\/2025\/12\/Miniclub_-desembre_-BiblioBlanes-9-300x135.jpg 300w, https:\/\/biblioteca.blanes.cat\/salainfantil\/wp-content\/uploads\/sites\/2\/2025\/12\/Miniclub_-desembre_-BiblioBlanes-9-1024x461.jpg 1024w, https:\/\/biblioteca.blanes.cat\/salainfantil\/wp-content\/uploads\/sites\/2\/2025\/12\/Miniclub_-desembre_-BiblioBlanes-9-768x346.jpg 768w, https:\/\/biblioteca.blanes.cat\/salainfantil\/wp-content\/uploads\/sites\/2\/2025\/12\/Miniclub_-desembre_-BiblioBlanes-9-1536x691.jpg 1536w, https:\/\/biblioteca.blanes.cat\/salainfantil\/wp-content\/uploads\/sites\/2\/2025\/12\/Miniclub_-desembre_-BiblioBlanes-9.jpg 2040w\" sizes=\"(max-width: 300px) 100vw, 300px\" \/><\/a>\n\t\t\t<\/div><\/figure><figure class='gallery-item'>\n\t\t\t<div class='gallery-icon landscape'>\n\t\t\t\t<a href='https:\/\/biblioteca.blanes.cat\/salainfantil\/miniclub-la-nevada-de-lany\/miniclub_-desembre_-biblioblanes-10\/'><img loading=\"lazy\" decoding=\"async\" width=\"300\" height=\"135\" src=\"https:\/\/biblioteca.blanes.cat\/salainfantil\/wp-content\/uploads\/sites\/2\/2025\/12\/Miniclub_-desembre_-BiblioBlanes-10-300x135.jpg\" class=\"attachment-medium size-medium\" alt=\"\" srcset=\"https:\/\/biblioteca.blanes.cat\/salainfantil\/wp-content\/uploads\/sites\/2\/2025\/12\/Miniclub_-desembre_-BiblioBlanes-10-300x135.jpg 300w, https:\/\/biblioteca.blanes.cat\/salainfantil\/wp-content\/uploads\/sites\/2\/2025\/12\/Miniclub_-desembre_-BiblioBlanes-10-1024x461.jpg 1024w, https:\/\/biblioteca.blanes.cat\/salainfantil\/wp-content\/uploads\/sites\/2\/2025\/12\/Miniclub_-desembre_-BiblioBlanes-10-768x346.jpg 768w, https:\/\/biblioteca.blanes.cat\/salainfantil\/wp-content\/uploads\/sites\/2\/2025\/12\/Miniclub_-desembre_-BiblioBlanes-10-1536x691.jpg 1536w, https:\/\/biblioteca.blanes.cat\/salainfantil\/wp-content\/uploads\/sites\/2\/2025\/12\/Miniclub_-desembre_-BiblioBlanes-10.jpg 2040w\" sizes=\"(max-width: 300px) 100vw, 300px\" \/><\/a>\n\t\t\t<\/div><\/figure><figure class='gallery-item'>\n\t\t\t<div class='gallery-icon landscape'>\n\t\t\t\t<a href='https:\/\/biblioteca.blanes.cat\/salainfantil\/miniclub-la-nevada-de-lany\/miniclub_desembre_-biblioblanes-dimecres-1\/'><img loading=\"lazy\" decoding=\"async\" width=\"300\" height=\"135\" src=\"https:\/\/biblioteca.blanes.cat\/salainfantil\/wp-content\/uploads\/sites\/2\/2025\/12\/Miniclub_desembre_-BiblioBlanes-dimecres-1-300x135.jpg\" class=\"attachment-medium size-medium\" alt=\"\" srcset=\"https:\/\/biblioteca.blanes.cat\/salainfantil\/wp-content\/uploads\/sites\/2\/2025\/12\/Miniclub_desembre_-BiblioBlanes-dimecres-1-300x135.jpg 300w, https:\/\/biblioteca.blanes.cat\/salainfantil\/wp-content\/uploads\/sites\/2\/2025\/12\/Miniclub_desembre_-BiblioBlanes-dimecres-1-1024x461.jpg 1024w, https:\/\/biblioteca.blanes.cat\/salainfantil\/wp-content\/uploads\/sites\/2\/2025\/12\/Miniclub_desembre_-BiblioBlanes-dimecres-1-768x346.jpg 768w, https:\/\/biblioteca.blanes.cat\/salainfantil\/wp-content\/uploads\/sites\/2\/2025\/12\/Miniclub_desembre_-BiblioBlanes-dimecres-1-1536x691.jpg 1536w, https:\/\/biblioteca.blanes.cat\/salainfantil\/wp-content\/uploads\/sites\/2\/2025\/12\/Miniclub_desembre_-BiblioBlanes-dimecres-1.jpg 2040w\" sizes=\"(max-width: 300px) 100vw, 300px\" \/><\/a>\n\t\t\t<\/div><\/figure><figure class='gallery-item'>\n\t\t\t<div class='gallery-icon landscape'>\n\t\t\t\t<a href='https:\/\/biblioteca.blanes.cat\/salainfantil\/miniclub-la-nevada-de-lany\/miniclub_desembre_-biblioblanes-dimecres-4\/'><img loading=\"lazy\" decoding=\"async\" width=\"300\" height=\"135\" src=\"https:\/\/biblioteca.blanes.cat\/salainfantil\/wp-content\/uploads\/sites\/2\/2025\/12\/Miniclub_desembre_-BiblioBlanes-dimecres-4-300x135.jpg\" class=\"attachment-medium size-medium\" alt=\"\" srcset=\"https:\/\/biblioteca.blanes.cat\/salainfantil\/wp-content\/uploads\/sites\/2\/2025\/12\/Miniclub_desembre_-BiblioBlanes-dimecres-4-300x135.jpg 300w, https:\/\/biblioteca.blanes.cat\/salainfantil\/wp-content\/uploads\/sites\/2\/2025\/12\/Miniclub_desembre_-BiblioBlanes-dimecres-4-1024x461.jpg 1024w, https:\/\/biblioteca.blanes.cat\/salainfantil\/wp-content\/uploads\/sites\/2\/2025\/12\/Miniclub_desembre_-BiblioBlanes-dimecres-4-768x346.jpg 768w, https:\/\/biblioteca.blanes.cat\/salainfantil\/wp-content\/uploads\/sites\/2\/2025\/12\/Miniclub_desembre_-BiblioBlanes-dimecres-4-1536x691.jpg 1536w, https:\/\/biblioteca.blanes.cat\/salainfantil\/wp-content\/uploads\/sites\/2\/2025\/12\/Miniclub_desembre_-BiblioBlanes-dimecres-4.jpg 2040w\" sizes=\"(max-width: 300px) 100vw, 300px\" \/><\/a>\n\t\t\t<\/div><\/figure><figure class='gallery-item'>\n\t\t\t<div class='gallery-icon landscape'>\n\t\t\t\t<a href='https:\/\/biblioteca.blanes.cat\/salainfantil\/miniclub-la-nevada-de-lany\/miniclub_desembre_-biblioblanes-dimecres-6\/'><img loading=\"lazy\" decoding=\"async\" width=\"300\" height=\"135\" src=\"https:\/\/biblioteca.blanes.cat\/salainfantil\/wp-content\/uploads\/sites\/2\/2025\/12\/Miniclub_desembre_-BiblioBlanes-dimecres-6-300x135.jpg\" class=\"attachment-medium size-medium\" alt=\"\" srcset=\"https:\/\/biblioteca.blanes.cat\/salainfantil\/wp-content\/uploads\/sites\/2\/2025\/12\/Miniclub_desembre_-BiblioBlanes-dimecres-6-300x135.jpg 300w, https:\/\/biblioteca.blanes.cat\/salainfantil\/wp-content\/uploads\/sites\/2\/2025\/12\/Miniclub_desembre_-BiblioBlanes-dimecres-6-1024x461.jpg 1024w, https:\/\/biblioteca.blanes.cat\/salainfantil\/wp-content\/uploads\/sites\/2\/2025\/12\/Miniclub_desembre_-BiblioBlanes-dimecres-6-768x346.jpg 768w, https:\/\/biblioteca.blanes.cat\/salainfantil\/wp-content\/uploads\/sites\/2\/2025\/12\/Miniclub_desembre_-BiblioBlanes-dimecres-6-1536x691.jpg 1536w, https:\/\/biblioteca.blanes.cat\/salainfantil\/wp-content\/uploads\/sites\/2\/2025\/12\/Miniclub_desembre_-BiblioBlanes-dimecres-6.jpg 2040w\" sizes=\"(max-width: 300px) 100vw, 300px\" \/><\/a>\n\t\t\t<\/div><\/figure><figure class='gallery-item'>\n\t\t\t<div class='gallery-icon landscape'>\n\t\t\t\t<a href='https:\/\/biblioteca.blanes.cat\/salainfantil\/miniclub-la-nevada-de-lany\/miniclub_desembre_-biblioblanes-dimecres-2\/'><img loading=\"lazy\" decoding=\"async\" width=\"300\" height=\"135\" src=\"https:\/\/biblioteca.blanes.cat\/salainfantil\/wp-content\/uploads\/sites\/2\/2025\/12\/Miniclub_desembre_-BiblioBlanes-dimecres-2-300x135.jpg\" class=\"attachment-medium size-medium\" alt=\"\" srcset=\"https:\/\/biblioteca.blanes.cat\/salainfantil\/wp-content\/uploads\/sites\/2\/2025\/12\/Miniclub_desembre_-BiblioBlanes-dimecres-2-300x135.jpg 300w, https:\/\/biblioteca.blanes.cat\/salainfantil\/wp-content\/uploads\/sites\/2\/2025\/12\/Miniclub_desembre_-BiblioBlanes-dimecres-2-1024x461.jpg 1024w, https:\/\/biblioteca.blanes.cat\/salainfantil\/wp-content\/uploads\/sites\/2\/2025\/12\/Miniclub_desembre_-BiblioBlanes-dimecres-2-768x346.jpg 768w, https:\/\/biblioteca.blanes.cat\/salainfantil\/wp-content\/uploads\/sites\/2\/2025\/12\/Miniclub_desembre_-BiblioBlanes-dimecres-2-1536x691.jpg 1536w, https:\/\/biblioteca.blanes.cat\/salainfantil\/wp-content\/uploads\/sites\/2\/2025\/12\/Miniclub_desembre_-BiblioBlanes-dimecres-2.jpg 2040w\" sizes=\"(max-width: 300px) 100vw, 300px\" \/><\/a>\n\t\t\t<\/div><\/figure>\n\t\t<\/div>\n\n<p>\u00a0<\/p>\n<p style=\"text-align: center;\" data-pm-slice=\"1 1 []\">Que tots els vostres desitjos es facin realitat Miniclubers! A la Biblioteca regarem cada dia el vostre arbre perqu\u00e8 aix\u00ed sigui.<\/p>\n<p data-pm-slice=\"1 1 []\">\u00a0<\/p>\n<div id='gallery-2' class='gallery galleryid-11941 gallery-columns-2 gallery-size-medium'><figure class='gallery-item'>\n\t\t\t<div class='gallery-icon landscape'>\n\t\t\t\t<a href='https:\/\/biblioteca.blanes.cat\/salainfantil\/miniclub-la-nevada-de-lany\/miniclub_-desembre_-biblioblanes-11\/'><img loading=\"lazy\" decoding=\"async\" width=\"300\" height=\"169\" src=\"https:\/\/biblioteca.blanes.cat\/salainfantil\/wp-content\/uploads\/sites\/2\/2025\/12\/Miniclub_-desembre_-BiblioBlanes-11-300x169.jpg\" class=\"attachment-medium size-medium\" alt=\"\" srcset=\"https:\/\/biblioteca.blanes.cat\/salainfantil\/wp-content\/uploads\/sites\/2\/2025\/12\/Miniclub_-desembre_-BiblioBlanes-11-300x169.jpg 300w, https:\/\/biblioteca.blanes.cat\/salainfantil\/wp-content\/uploads\/sites\/2\/2025\/12\/Miniclub_-desembre_-BiblioBlanes-11-1024x576.jpg 1024w, https:\/\/biblioteca.blanes.cat\/salainfantil\/wp-content\/uploads\/sites\/2\/2025\/12\/Miniclub_-desembre_-BiblioBlanes-11-768x432.jpg 768w, https:\/\/biblioteca.blanes.cat\/salainfantil\/wp-content\/uploads\/sites\/2\/2025\/12\/Miniclub_-desembre_-BiblioBlanes-11-1536x864.jpg 1536w, https:\/\/biblioteca.blanes.cat\/salainfantil\/wp-content\/uploads\/sites\/2\/2025\/12\/Miniclub_-desembre_-BiblioBlanes-11.jpg 1599w\" sizes=\"(max-width: 300px) 100vw, 300px\" \/><\/a>\n\t\t\t<\/div><\/figure><figure class='gallery-item'>\n\t\t\t<div class='gallery-icon landscape'>\n\t\t\t\t<a href='https:\/\/biblioteca.blanes.cat\/salainfantil\/miniclub-la-nevada-de-lany\/miniclub_-desembre_-biblioblanes-14\/'><img loading=\"lazy\" decoding=\"async\" width=\"300\" height=\"169\" src=\"https:\/\/biblioteca.blanes.cat\/salainfantil\/wp-content\/uploads\/sites\/2\/2025\/12\/Miniclub_-desembre_-BiblioBlanes-14-300x169.jpg\" class=\"attachment-medium size-medium\" alt=\"\" srcset=\"https:\/\/biblioteca.blanes.cat\/salainfantil\/wp-content\/uploads\/sites\/2\/2025\/12\/Miniclub_-desembre_-BiblioBlanes-14-300x169.jpg 300w, https:\/\/biblioteca.blanes.cat\/salainfantil\/wp-content\/uploads\/sites\/2\/2025\/12\/Miniclub_-desembre_-BiblioBlanes-14-1024x576.jpg 1024w, https:\/\/biblioteca.blanes.cat\/salainfantil\/wp-content\/uploads\/sites\/2\/2025\/12\/Miniclub_-desembre_-BiblioBlanes-14-768x432.jpg 768w, https:\/\/biblioteca.blanes.cat\/salainfantil\/wp-content\/uploads\/sites\/2\/2025\/12\/Miniclub_-desembre_-BiblioBlanes-14-1536x864.jpg 1536w, https:\/\/biblioteca.blanes.cat\/salainfantil\/wp-content\/uploads\/sites\/2\/2025\/12\/Miniclub_-desembre_-BiblioBlanes-14.jpg 1599w\" sizes=\"(max-width: 300px) 100vw, 300px\" \/><\/a>\n\t\t\t<\/div><\/figure><figure class='gallery-item'>\n\t\t\t<div class='gallery-icon landscape'>\n\t\t\t\t<a href='https:\/\/biblioteca.blanes.cat\/salainfantil\/miniclub-la-nevada-de-lany\/miniclub_-desembre_-biblioblanes-16\/'><img loading=\"lazy\" decoding=\"async\" width=\"300\" height=\"169\" src=\"https:\/\/biblioteca.blanes.cat\/salainfantil\/wp-content\/uploads\/sites\/2\/2025\/12\/Miniclub_-desembre_-BiblioBlanes-16-300x169.jpg\" class=\"attachment-medium size-medium\" alt=\"\" srcset=\"https:\/\/biblioteca.blanes.cat\/salainfantil\/wp-content\/uploads\/sites\/2\/2025\/12\/Miniclub_-desembre_-BiblioBlanes-16-300x169.jpg 300w, https:\/\/biblioteca.blanes.cat\/salainfantil\/wp-content\/uploads\/sites\/2\/2025\/12\/Miniclub_-desembre_-BiblioBlanes-16-1024x576.jpg 1024w, https:\/\/biblioteca.blanes.cat\/salainfantil\/wp-content\/uploads\/sites\/2\/2025\/12\/Miniclub_-desembre_-BiblioBlanes-16-768x432.jpg 768w, https:\/\/biblioteca.blanes.cat\/salainfantil\/wp-content\/uploads\/sites\/2\/2025\/12\/Miniclub_-desembre_-BiblioBlanes-16-1536x864.jpg 1536w, https:\/\/biblioteca.blanes.cat\/salainfantil\/wp-content\/uploads\/sites\/2\/2025\/12\/Miniclub_-desembre_-BiblioBlanes-16.jpg 1599w\" sizes=\"(max-width: 300px) 100vw, 300px\" \/><\/a>\n\t\t\t<\/div><\/figure><figure class='gallery-item'>\n\t\t\t<div class='gallery-icon landscape'>\n\t\t\t\t<a href='https:\/\/biblioteca.blanes.cat\/salainfantil\/miniclub-la-nevada-de-lany\/miniclub_-desembre_-biblioblanes-13\/'><img loading=\"lazy\" decoding=\"async\" width=\"300\" height=\"169\" src=\"https:\/\/biblioteca.blanes.cat\/salainfantil\/wp-content\/uploads\/sites\/2\/2025\/12\/Miniclub_-desembre_-BiblioBlanes-13-300x169.jpg\" class=\"attachment-medium size-medium\" alt=\"\" srcset=\"https:\/\/biblioteca.blanes.cat\/salainfantil\/wp-content\/uploads\/sites\/2\/2025\/12\/Miniclub_-desembre_-BiblioBlanes-13-300x169.jpg 300w, https:\/\/biblioteca.blanes.cat\/salainfantil\/wp-content\/uploads\/sites\/2\/2025\/12\/Miniclub_-desembre_-BiblioBlanes-13-1024x576.jpg 1024w, https:\/\/biblioteca.blanes.cat\/salainfantil\/wp-content\/uploads\/sites\/2\/2025\/12\/Miniclub_-desembre_-BiblioBlanes-13-768x432.jpg 768w, https:\/\/biblioteca.blanes.cat\/salainfantil\/wp-content\/uploads\/sites\/2\/2025\/12\/Miniclub_-desembre_-BiblioBlanes-13-1536x864.jpg 1536w, https:\/\/biblioteca.blanes.cat\/salainfantil\/wp-content\/uploads\/sites\/2\/2025\/12\/Miniclub_-desembre_-BiblioBlanes-13.jpg 1599w\" sizes=\"(max-width: 300px) 100vw, 300px\" \/><\/a>\n\t\t\t<\/div><\/figure>\n\t\t<\/div>\n\n<p>\u00a0<\/p>\n<p><a href=\"https:\/\/biblioteca.blanes.cat\/salainfantil\/miniclub-la-nevada-de-lany\/miniclub_desembre_-biblioblanes-dimecres-3\/\" rel=\"attachment wp-att-11952\"><img loading=\"lazy\" decoding=\"async\" class=\"aligncenter wp-image-11952 size-large\" src=\"https:\/\/biblioteca.blanes.cat\/salainfantil\/wp-content\/uploads\/sites\/2\/2025\/12\/Miniclub_desembre_-BiblioBlanes-dimecres-3-1024x461.jpg\" alt=\"\" width=\"750\" height=\"338\" srcset=\"https:\/\/biblioteca.blanes.cat\/salainfantil\/wp-content\/uploads\/sites\/2\/2025\/12\/Miniclub_desembre_-BiblioBlanes-dimecres-3-1024x461.jpg 1024w, https:\/\/biblioteca.blanes.cat\/salainfantil\/wp-content\/uploads\/sites\/2\/2025\/12\/Miniclub_desembre_-BiblioBlanes-dimecres-3-300x135.jpg 300w, https:\/\/biblioteca.blanes.cat\/salainfantil\/wp-content\/uploads\/sites\/2\/2025\/12\/Miniclub_desembre_-BiblioBlanes-dimecres-3-768x346.jpg 768w, https:\/\/biblioteca.blanes.cat\/salainfantil\/wp-content\/uploads\/sites\/2\/2025\/12\/Miniclub_desembre_-BiblioBlanes-dimecres-3-1536x691.jpg 1536w, https:\/\/biblioteca.blanes.cat\/salainfantil\/wp-content\/uploads\/sites\/2\/2025\/12\/Miniclub_desembre_-BiblioBlanes-dimecres-3.jpg 2040w\" sizes=\"(max-width: 750px) 100vw, 750px\" \/><\/a><\/p>\n<p>\u00a0<\/p>\n<p>\u00a0<\/p>\n","protected":false},"excerpt":{"rendered":"<p>Qu\u00e8 far\u00edeu si de sobte us sorpr\u00e8n una gran nevada i ben contents obriu l&#8217;armari i us trobeu que les arnes s&#8217;han cruspit els vostres jerseis? \u00a0 Aquest mes hem comentat l&#8217;\u00e0lbum &#8221; La nevada de l&#8217;any&#8221; de Pippa Curnick<\/p>\n","protected":false},"author":4,"featured_media":11570,"comment_status":"open","ping_status":"open","sticky":false,"template":"","format":"standard","meta":{"sfsi_plus_gutenberg_text_before_share":"","sfsi_plus_gutenberg_show_text_before_share":"","sfsi_plus_gutenberg_icon_type":"","sfsi_plus_gutenberg_icon_alignemt":"","sfsi_plus_gutenburg_max_per_row":"","footnotes":""},"categories":[9],"tags":[17,22],"class_list":["post-11941","post","type-post","status-publish","format-standard","has-post-thumbnail","hentry","category-trobades-miniclub","tag-activitats","tag-miniclub"],"yoast_head":"<!-- This site is optimized with the Yoast SEO plugin v27.5 - https:\/\/yoast.com\/product\/yoast-seo-wordpress\/ -->\n<title>Miniclub: La nevada de l&#039;any - SALA INFANTIL<\/title>\n<meta name=\"robots\" content=\"index, follow, max-snippet:-1, max-image-preview:large, max-video-preview:-1\" \/>\n<link rel=\"canonical\" href=\"https:\/\/biblioteca.blanes.cat\/salainfantil\/miniclub-la-nevada-de-lany\/\" \/>\n<meta property=\"og:locale\" content=\"ca_ES\" \/>\n<meta property=\"og:type\" content=\"article\" \/>\n<meta property=\"og:title\" content=\"Miniclub: La nevada de l&#039;any - SALA INFANTIL\" \/>\n<meta property=\"og:description\" content=\"Qu\u00e8 far\u00edeu si de sobte us sorpr\u00e8n una gran nevada i ben contents obriu l&#8217;armari i us trobeu que les arnes s&#8217;han cruspit els vostres jerseis? \u00a0 Aquest mes hem comentat l&#8217;\u00e0lbum &#8221; La nevada de l&#8217;any&#8221; de Pippa Curnick\" \/>\n<meta property=\"og:url\" content=\"https:\/\/biblioteca.blanes.cat\/salainfantil\/miniclub-la-nevada-de-lany\/\" \/>\n<meta property=\"og:site_name\" content=\"SALA INFANTIL\" \/>\n<meta property=\"article:published_time\" content=\"2025-12-18T13:06:39+00:00\" \/>\n<meta property=\"article:modified_time\" content=\"2026-01-07T15:54:46+00:00\" \/>\n<meta property=\"og:image\" content=\"https:\/\/biblioteca.blanes.cat\/salainfantil\/wp-content\/uploads\/sites\/2\/2025\/09\/Logo-Miniclub.png\" \/>\n\t<meta property=\"og:image:width\" content=\"500\" \/>\n\t<meta property=\"og:image:height\" content=\"415\" \/>\n\t<meta property=\"og:image:type\" content=\"image\/png\" \/>\n<meta name=\"author\" content=\"biblioblanes\" \/>\n<meta name=\"twitter:card\" content=\"summary_large_image\" \/>\n<meta name=\"twitter:creator\" content=\"@biblioblanes\" \/>\n<meta name=\"twitter:label1\" content=\"Escrit per\" \/>\n\t<meta name=\"twitter:data1\" content=\"biblioblanes\" \/>\n\t<meta name=\"twitter:label2\" content=\"Temps estimat de lectura\" \/>\n\t<meta name=\"twitter:data2\" content=\"2 minuts\" \/>\n<script type=\"application\/ld+json\" class=\"yoast-schema-graph\">{\"@context\":\"https:\\\/\\\/schema.org\",\"@graph\":[{\"@type\":\"Article\",\"@id\":\"https:\\\/\\\/biblioteca.blanes.cat\\\/salainfantil\\\/miniclub-la-nevada-de-lany\\\/#article\",\"isPartOf\":{\"@id\":\"https:\\\/\\\/biblioteca.blanes.cat\\\/salainfantil\\\/miniclub-la-nevada-de-lany\\\/\"},\"author\":{\"name\":\"biblioblanes\",\"@id\":\"https:\\\/\\\/biblioteca.blanes.cat\\\/salainfantil\\\/#\\\/schema\\\/person\\\/5a7b46760d9dd611d098bbf571a341dc\"},\"headline\":\"Miniclub: La nevada de l&#8217;any\",\"datePublished\":\"2025-12-18T13:06:39+00:00\",\"dateModified\":\"2026-01-07T15:54:46+00:00\",\"mainEntityOfPage\":{\"@id\":\"https:\\\/\\\/biblioteca.blanes.cat\\\/salainfantil\\\/miniclub-la-nevada-de-lany\\\/\"},\"wordCount\":238,\"commentCount\":0,\"image\":{\"@id\":\"https:\\\/\\\/biblioteca.blanes.cat\\\/salainfantil\\\/miniclub-la-nevada-de-lany\\\/#primaryimage\"},\"thumbnailUrl\":\"https:\\\/\\\/biblioteca.blanes.cat\\\/salainfantil\\\/wp-content\\\/uploads\\\/sites\\\/2\\\/2025\\\/09\\\/Logo-Miniclub.png\",\"keywords\":[\"Activitats\",\"MINICLUB\"],\"articleSection\":[\"Trobades miniclub\"],\"inLanguage\":\"ca\",\"potentialAction\":[{\"@type\":\"CommentAction\",\"name\":\"Comment\",\"target\":[\"https:\\\/\\\/biblioteca.blanes.cat\\\/salainfantil\\\/miniclub-la-nevada-de-lany\\\/#respond\"]}]},{\"@type\":\"WebPage\",\"@id\":\"https:\\\/\\\/biblioteca.blanes.cat\\\/salainfantil\\\/miniclub-la-nevada-de-lany\\\/\",\"url\":\"https:\\\/\\\/biblioteca.blanes.cat\\\/salainfantil\\\/miniclub-la-nevada-de-lany\\\/\",\"name\":\"Miniclub: La nevada de l'any - SALA INFANTIL\",\"isPartOf\":{\"@id\":\"https:\\\/\\\/biblioteca.blanes.cat\\\/salainfantil\\\/#website\"},\"primaryImageOfPage\":{\"@id\":\"https:\\\/\\\/biblioteca.blanes.cat\\\/salainfantil\\\/miniclub-la-nevada-de-lany\\\/#primaryimage\"},\"image\":{\"@id\":\"https:\\\/\\\/biblioteca.blanes.cat\\\/salainfantil\\\/miniclub-la-nevada-de-lany\\\/#primaryimage\"},\"thumbnailUrl\":\"https:\\\/\\\/biblioteca.blanes.cat\\\/salainfantil\\\/wp-content\\\/uploads\\\/sites\\\/2\\\/2025\\\/09\\\/Logo-Miniclub.png\",\"datePublished\":\"2025-12-18T13:06:39+00:00\",\"dateModified\":\"2026-01-07T15:54:46+00:00\",\"author\":{\"@id\":\"https:\\\/\\\/biblioteca.blanes.cat\\\/salainfantil\\\/#\\\/schema\\\/person\\\/5a7b46760d9dd611d098bbf571a341dc\"},\"breadcrumb\":{\"@id\":\"https:\\\/\\\/biblioteca.blanes.cat\\\/salainfantil\\\/miniclub-la-nevada-de-lany\\\/#breadcrumb\"},\"inLanguage\":\"ca\",\"potentialAction\":[{\"@type\":\"ReadAction\",\"target\":[\"https:\\\/\\\/biblioteca.blanes.cat\\\/salainfantil\\\/miniclub-la-nevada-de-lany\\\/\"]}]},{\"@type\":\"ImageObject\",\"inLanguage\":\"ca\",\"@id\":\"https:\\\/\\\/biblioteca.blanes.cat\\\/salainfantil\\\/miniclub-la-nevada-de-lany\\\/#primaryimage\",\"url\":\"https:\\\/\\\/biblioteca.blanes.cat\\\/salainfantil\\\/wp-content\\\/uploads\\\/sites\\\/2\\\/2025\\\/09\\\/Logo-Miniclub.png\",\"contentUrl\":\"https:\\\/\\\/biblioteca.blanes.cat\\\/salainfantil\\\/wp-content\\\/uploads\\\/sites\\\/2\\\/2025\\\/09\\\/Logo-Miniclub.png\",\"width\":500,\"height\":415},{\"@type\":\"BreadcrumbList\",\"@id\":\"https:\\\/\\\/biblioteca.blanes.cat\\\/salainfantil\\\/miniclub-la-nevada-de-lany\\\/#breadcrumb\",\"itemListElement\":[{\"@type\":\"ListItem\",\"position\":1,\"name\":\"Inici\",\"item\":\"https:\\\/\\\/biblioteca.blanes.cat\\\/salainfantil\\\/\"},{\"@type\":\"ListItem\",\"position\":2,\"name\":\"Miniclub: La nevada de l&#8217;any\"}]},{\"@type\":\"WebSite\",\"@id\":\"https:\\\/\\\/biblioteca.blanes.cat\\\/salainfantil\\\/#website\",\"url\":\"https:\\\/\\\/biblioteca.blanes.cat\\\/salainfantil\\\/\",\"name\":\"SALA INFANTIL\",\"description\":\"Biblioteca Roberto Bola\u00f1o\",\"potentialAction\":[{\"@type\":\"SearchAction\",\"target\":{\"@type\":\"EntryPoint\",\"urlTemplate\":\"https:\\\/\\\/biblioteca.blanes.cat\\\/salainfantil\\\/?s={search_term_string}\"},\"query-input\":{\"@type\":\"PropertyValueSpecification\",\"valueRequired\":true,\"valueName\":\"search_term_string\"}}],\"inLanguage\":\"ca\"},{\"@type\":\"Person\",\"@id\":\"https:\\\/\\\/biblioteca.blanes.cat\\\/salainfantil\\\/#\\\/schema\\\/person\\\/5a7b46760d9dd611d098bbf571a341dc\",\"name\":\"biblioblanes\",\"image\":{\"@type\":\"ImageObject\",\"inLanguage\":\"ca\",\"@id\":\"https:\\\/\\\/secure.gravatar.com\\\/avatar\\\/6593ca6cc90e5a70939f51c95e8315483b9c281bafba597292bee47992030f99?s=96&d=mm&r=g\",\"url\":\"https:\\\/\\\/secure.gravatar.com\\\/avatar\\\/6593ca6cc90e5a70939f51c95e8315483b9c281bafba597292bee47992030f99?s=96&d=mm&r=g\",\"contentUrl\":\"https:\\\/\\\/secure.gravatar.com\\\/avatar\\\/6593ca6cc90e5a70939f51c95e8315483b9c281bafba597292bee47992030f99?s=96&d=mm&r=g\",\"caption\":\"biblioblanes\"},\"sameAs\":[\"http:\\\/\\\/www.bibgirona.cat\\\/biblioteca\\\/blanes\",\"https:\\\/\\\/x.com\\\/biblioblanes\"],\"url\":\"https:\\\/\\\/biblioteca.blanes.cat\\\/salainfantil\\\/author\\\/biblioblanes\\\/\"}]}<\/script>\n<!-- \/ Yoast SEO plugin. -->","yoast_head_json":{"title":"Miniclub: La nevada de l'any - SALA INFANTIL","robots":{"index":"index","follow":"follow","max-snippet":"max-snippet:-1","max-image-preview":"max-image-preview:large","max-video-preview":"max-video-preview:-1"},"canonical":"https:\/\/biblioteca.blanes.cat\/salainfantil\/miniclub-la-nevada-de-lany\/","og_locale":"ca_ES","og_type":"article","og_title":"Miniclub: La nevada de l'any - SALA INFANTIL","og_description":"Qu\u00e8 far\u00edeu si de sobte us sorpr\u00e8n una gran nevada i ben contents obriu l&#8217;armari i us trobeu que les arnes s&#8217;han cruspit els vostres jerseis? \u00a0 Aquest mes hem comentat l&#8217;\u00e0lbum &#8221; La nevada de l&#8217;any&#8221; de Pippa Curnick","og_url":"https:\/\/biblioteca.blanes.cat\/salainfantil\/miniclub-la-nevada-de-lany\/","og_site_name":"SALA INFANTIL","article_published_time":"2025-12-18T13:06:39+00:00","article_modified_time":"2026-01-07T15:54:46+00:00","og_image":[{"width":500,"height":415,"url":"https:\/\/biblioteca.blanes.cat\/salainfantil\/wp-content\/uploads\/sites\/2\/2025\/09\/Logo-Miniclub.png","type":"image\/png"}],"author":"biblioblanes","twitter_card":"summary_large_image","twitter_creator":"@biblioblanes","twitter_misc":{"Escrit per":"biblioblanes","Temps estimat de lectura":"2 minuts"},"schema":{"@context":"https:\/\/schema.org","@graph":[{"@type":"Article","@id":"https:\/\/biblioteca.blanes.cat\/salainfantil\/miniclub-la-nevada-de-lany\/#article","isPartOf":{"@id":"https:\/\/biblioteca.blanes.cat\/salainfantil\/miniclub-la-nevada-de-lany\/"},"author":{"name":"biblioblanes","@id":"https:\/\/biblioteca.blanes.cat\/salainfantil\/#\/schema\/person\/5a7b46760d9dd611d098bbf571a341dc"},"headline":"Miniclub: La nevada de l&#8217;any","datePublished":"2025-12-18T13:06:39+00:00","dateModified":"2026-01-07T15:54:46+00:00","mainEntityOfPage":{"@id":"https:\/\/biblioteca.blanes.cat\/salainfantil\/miniclub-la-nevada-de-lany\/"},"wordCount":238,"commentCount":0,"image":{"@id":"https:\/\/biblioteca.blanes.cat\/salainfantil\/miniclub-la-nevada-de-lany\/#primaryimage"},"thumbnailUrl":"https:\/\/biblioteca.blanes.cat\/salainfantil\/wp-content\/uploads\/sites\/2\/2025\/09\/Logo-Miniclub.png","keywords":["Activitats","MINICLUB"],"articleSection":["Trobades miniclub"],"inLanguage":"ca","potentialAction":[{"@type":"CommentAction","name":"Comment","target":["https:\/\/biblioteca.blanes.cat\/salainfantil\/miniclub-la-nevada-de-lany\/#respond"]}]},{"@type":"WebPage","@id":"https:\/\/biblioteca.blanes.cat\/salainfantil\/miniclub-la-nevada-de-lany\/","url":"https:\/\/biblioteca.blanes.cat\/salainfantil\/miniclub-la-nevada-de-lany\/","name":"Miniclub: La nevada de l'any - SALA INFANTIL","isPartOf":{"@id":"https:\/\/biblioteca.blanes.cat\/salainfantil\/#website"},"primaryImageOfPage":{"@id":"https:\/\/biblioteca.blanes.cat\/salainfantil\/miniclub-la-nevada-de-lany\/#primaryimage"},"image":{"@id":"https:\/\/biblioteca.blanes.cat\/salainfantil\/miniclub-la-nevada-de-lany\/#primaryimage"},"thumbnailUrl":"https:\/\/biblioteca.blanes.cat\/salainfantil\/wp-content\/uploads\/sites\/2\/2025\/09\/Logo-Miniclub.png","datePublished":"2025-12-18T13:06:39+00:00","dateModified":"2026-01-07T15:54:46+00:00","author":{"@id":"https:\/\/biblioteca.blanes.cat\/salainfantil\/#\/schema\/person\/5a7b46760d9dd611d098bbf571a341dc"},"breadcrumb":{"@id":"https:\/\/biblioteca.blanes.cat\/salainfantil\/miniclub-la-nevada-de-lany\/#breadcrumb"},"inLanguage":"ca","potentialAction":[{"@type":"ReadAction","target":["https:\/\/biblioteca.blanes.cat\/salainfantil\/miniclub-la-nevada-de-lany\/"]}]},{"@type":"ImageObject","inLanguage":"ca","@id":"https:\/\/biblioteca.blanes.cat\/salainfantil\/miniclub-la-nevada-de-lany\/#primaryimage","url":"https:\/\/biblioteca.blanes.cat\/salainfantil\/wp-content\/uploads\/sites\/2\/2025\/09\/Logo-Miniclub.png","contentUrl":"https:\/\/biblioteca.blanes.cat\/salainfantil\/wp-content\/uploads\/sites\/2\/2025\/09\/Logo-Miniclub.png","width":500,"height":415},{"@type":"BreadcrumbList","@id":"https:\/\/biblioteca.blanes.cat\/salainfantil\/miniclub-la-nevada-de-lany\/#breadcrumb","itemListElement":[{"@type":"ListItem","position":1,"name":"Inici","item":"https:\/\/biblioteca.blanes.cat\/salainfantil\/"},{"@type":"ListItem","position":2,"name":"Miniclub: La nevada de l&#8217;any"}]},{"@type":"WebSite","@id":"https:\/\/biblioteca.blanes.cat\/salainfantil\/#website","url":"https:\/\/biblioteca.blanes.cat\/salainfantil\/","name":"SALA INFANTIL","description":"Biblioteca Roberto Bola\u00f1o","potentialAction":[{"@type":"SearchAction","target":{"@type":"EntryPoint","urlTemplate":"https:\/\/biblioteca.blanes.cat\/salainfantil\/?s={search_term_string}"},"query-input":{"@type":"PropertyValueSpecification","valueRequired":true,"valueName":"search_term_string"}}],"inLanguage":"ca"},{"@type":"Person","@id":"https:\/\/biblioteca.blanes.cat\/salainfantil\/#\/schema\/person\/5a7b46760d9dd611d098bbf571a341dc","name":"biblioblanes","image":{"@type":"ImageObject","inLanguage":"ca","@id":"https:\/\/secure.gravatar.com\/avatar\/6593ca6cc90e5a70939f51c95e8315483b9c281bafba597292bee47992030f99?s=96&d=mm&r=g","url":"https:\/\/secure.gravatar.com\/avatar\/6593ca6cc90e5a70939f51c95e8315483b9c281bafba597292bee47992030f99?s=96&d=mm&r=g","contentUrl":"https:\/\/secure.gravatar.com\/avatar\/6593ca6cc90e5a70939f51c95e8315483b9c281bafba597292bee47992030f99?s=96&d=mm&r=g","caption":"biblioblanes"},"sameAs":["http:\/\/www.bibgirona.cat\/biblioteca\/blanes","https:\/\/x.com\/biblioblanes"],"url":"https:\/\/biblioteca.blanes.cat\/salainfantil\/author\/biblioblanes\/"}]}},"_links":{"self":[{"href":"https:\/\/biblioteca.blanes.cat\/salainfantil\/wp-json\/wp\/v2\/posts\/11941","targetHints":{"allow":["GET"]}}],"collection":[{"href":"https:\/\/biblioteca.blanes.cat\/salainfantil\/wp-json\/wp\/v2\/posts"}],"about":[{"href":"https:\/\/biblioteca.blanes.cat\/salainfantil\/wp-json\/wp\/v2\/types\/post"}],"author":[{"embeddable":true,"href":"https:\/\/biblioteca.blanes.cat\/salainfantil\/wp-json\/wp\/v2\/users\/4"}],"replies":[{"embeddable":true,"href":"https:\/\/biblioteca.blanes.cat\/salainfantil\/wp-json\/wp\/v2\/comments?post=11941"}],"version-history":[{"count":2,"href":"https:\/\/biblioteca.blanes.cat\/salainfantil\/wp-json\/wp\/v2\/posts\/11941\/revisions"}],"predecessor-version":[{"id":11955,"href":"https:\/\/biblioteca.blanes.cat\/salainfantil\/wp-json\/wp\/v2\/posts\/11941\/revisions\/11955"}],"wp:featuredmedia":[{"embeddable":true,"href":"https:\/\/biblioteca.blanes.cat\/salainfantil\/wp-json\/wp\/v2\/media\/11570"}],"wp:attachment":[{"href":"https:\/\/biblioteca.blanes.cat\/salainfantil\/wp-json\/wp\/v2\/media?parent=11941"}],"wp:term":[{"taxonomy":"category","embeddable":true,"href":"https:\/\/biblioteca.blanes.cat\/salainfantil\/wp-json\/wp\/v2\/categories?post=11941"},{"taxonomy":"post_tag","embeddable":true,"href":"https:\/\/biblioteca.blanes.cat\/salainfantil\/wp-json\/wp\/v2\/tags?post=11941"}],"curies":[{"name":"wp","href":"https:\/\/api.w.org\/{rel}","templated":true}]}}