{"id":11933,"date":"2025-11-27T18:19:50","date_gmt":"2025-11-27T17:19:50","guid":{"rendered":"https:\/\/biblioteca.blanes.cat\/salainfantil\/?p=11933"},"modified":"2025-11-27T18:21:16","modified_gmt":"2025-11-27T17:21:16","slug":"miniclub-els-colors-de-lafrica","status":"publish","type":"post","link":"https:\/\/biblioteca.blanes.cat\/salainfantil\/miniclub-els-colors-de-lafrica\/","title":{"rendered":"Miniclub: Els colors de l&#8217;\u00c0frica"},"content":{"rendered":"\n<p style=\"text-align: center;\">Aquest mes de novembre els Miniclubers han acompanyat a l&#8217;\u00c0frica en el seu viatge pel m\u00f3n.<\/p>\n<p style=\"text-align: center;\">&nbsp;<\/p>\n<p><a href=\"https:\/\/biblioteca.blanes.cat\/salainfantil\/miniclub-els-colors-de-lafrica\/trobada-novembre_-miniclub_-biblioblanes-2\/\" rel=\"attachment wp-att-11937\"><img fetchpriority=\"high\" decoding=\"async\" class=\"aligncenter wp-image-11937 size-large\" src=\"https:\/\/biblioteca.blanes.cat\/salainfantil\/wp-content\/uploads\/sites\/2\/2025\/11\/Trobada-novembre_-Miniclub_-BiblioBlanes-2-1024x461.jpg\" alt=\"\" width=\"750\" height=\"338\" srcset=\"https:\/\/biblioteca.blanes.cat\/salainfantil\/wp-content\/uploads\/sites\/2\/2025\/11\/Trobada-novembre_-Miniclub_-BiblioBlanes-2-1024x461.jpg 1024w, https:\/\/biblioteca.blanes.cat\/salainfantil\/wp-content\/uploads\/sites\/2\/2025\/11\/Trobada-novembre_-Miniclub_-BiblioBlanes-2-300x135.jpg 300w, https:\/\/biblioteca.blanes.cat\/salainfantil\/wp-content\/uploads\/sites\/2\/2025\/11\/Trobada-novembre_-Miniclub_-BiblioBlanes-2-768x346.jpg 768w, https:\/\/biblioteca.blanes.cat\/salainfantil\/wp-content\/uploads\/sites\/2\/2025\/11\/Trobada-novembre_-Miniclub_-BiblioBlanes-2-1536x691.jpg 1536w, https:\/\/biblioteca.blanes.cat\/salainfantil\/wp-content\/uploads\/sites\/2\/2025\/11\/Trobada-novembre_-Miniclub_-BiblioBlanes-2.jpg 2040w\" sizes=\"(max-width: 750px) 100vw, 750px\" \/><\/a><\/p>\n<p>&nbsp;<\/p>\n<p style=\"text-align: center;\">Aprofitant la celebraci\u00f3 de la setmana UNESCO, hem triat un \u00e0lbum molt especial &#8220;Els colors de l&#8217;\u00c0frica&#8221; de l&#8217;Anna Obiols.<\/p>\n<p>&nbsp;<\/p>\n<p><em><a href=\"https:\/\/biblioteca.blanes.cat\/salainfantil\/miniclub-els-colors-de-lafrica\/1338840-25\/\" rel=\"attachment wp-att-11934\"><img decoding=\"async\" class=\"size-medium wp-image-11934 alignleft\" src=\"https:\/\/biblioteca.blanes.cat\/salainfantil\/wp-content\/uploads\/sites\/2\/2025\/11\/1338840.25-296x300.jpg\" alt=\"\" width=\"296\" height=\"300\" srcset=\"https:\/\/biblioteca.blanes.cat\/salainfantil\/wp-content\/uploads\/sites\/2\/2025\/11\/1338840.25-296x300.jpg 296w, https:\/\/biblioteca.blanes.cat\/salainfantil\/wp-content\/uploads\/sites\/2\/2025\/11\/1338840.25.jpg 740w\" sizes=\"(max-width: 296px) 100vw, 296px\" \/><\/a><\/em><\/p>\n<p>&nbsp;<\/p>\n<p><em>L\u2019\u00c0frica, la m\u00e9s petita d\u2019una fam\u00edlia d\u2019elefants feia dies que estava trista. El seu amic, l\u2019ocell que tot ho veu i tot ho sap, proposa construir un globus per poder volar i descobrir nous horitzons. L&#8217;ocell li regala cinc pots de vidre perqu\u00e8 els ompli amb all\u00f2 que m\u00e9s l&#8217;emocioni durant el viatge. Aix\u00ed va ser com l&#8217;\u00c0frica va portar a la selva els colors del m\u00f3n.<\/em><\/p>\n\n\n\n\n\n\n\n<p data-pm-slice=\"1 1 []\">\u00a0<\/p>\n<p data-pm-slice=\"1 1 []\">\u00a0<\/p>\n<p data-pm-slice=\"1 1 []\">A quin lloc us agradaria viatjar? Quins colors et recorden a aquest lloc? Qu\u00e8 et fa sentir? O Perqu\u00e8 t&#8217;agrada tant aquest lloc?\u00a0<\/p>\n<p>Des de la platja fins al pol nord, passant pel Marroc i travessant el desert, els m\u00e9s petits de la Biblioteca han sentit i olorat les sensacions que els han portat fins als llocs on ells se senten m\u00e9s segurs, m\u00e9s feli\u00e7os.<\/p>\n<p>\u00a0<\/p>\n<p style=\"text-align: center;\"><strong>En aquest cas, han estat els petits infants els que han omplert la Biblioteca de color!<\/strong><\/p>\n<p style=\"text-align: center;\">Gr\u00e0cies per tant!<\/p>\n<p>\u00a0<\/p>\n\n\n\n<p><a href=\"https:\/\/biblioteca.blanes.cat\/salainfantil\/miniclub-els-colors-de-lafrica\/trobada-novembre_-miniclub_-biblioblanes-1\/\" rel=\"attachment wp-att-11935\"><img decoding=\"async\" class=\"aligncenter wp-image-11935 size-large\" src=\"https:\/\/biblioteca.blanes.cat\/salainfantil\/wp-content\/uploads\/sites\/2\/2025\/11\/Trobada-novembre_-Miniclub_-BiblioBlanes-1-1024x461.jpg\" alt=\"\" width=\"750\" height=\"338\" srcset=\"https:\/\/biblioteca.blanes.cat\/salainfantil\/wp-content\/uploads\/sites\/2\/2025\/11\/Trobada-novembre_-Miniclub_-BiblioBlanes-1-1024x461.jpg 1024w, https:\/\/biblioteca.blanes.cat\/salainfantil\/wp-content\/uploads\/sites\/2\/2025\/11\/Trobada-novembre_-Miniclub_-BiblioBlanes-1-300x135.jpg 300w, https:\/\/biblioteca.blanes.cat\/salainfantil\/wp-content\/uploads\/sites\/2\/2025\/11\/Trobada-novembre_-Miniclub_-BiblioBlanes-1-768x346.jpg 768w, https:\/\/biblioteca.blanes.cat\/salainfantil\/wp-content\/uploads\/sites\/2\/2025\/11\/Trobada-novembre_-Miniclub_-BiblioBlanes-1-1536x691.jpg 1536w, https:\/\/biblioteca.blanes.cat\/salainfantil\/wp-content\/uploads\/sites\/2\/2025\/11\/Trobada-novembre_-Miniclub_-BiblioBlanes-1.jpg 2040w\" sizes=\"(max-width: 750px) 100vw, 750px\" \/><\/a> <a href=\"https:\/\/biblioteca.blanes.cat\/salainfantil\/miniclub-els-colors-de-lafrica\/trobada-novembre_-miniclub_-biblioblanes-3\/\" rel=\"attachment wp-att-11936\"><img loading=\"lazy\" decoding=\"async\" class=\"aligncenter wp-image-11936 size-large\" src=\"https:\/\/biblioteca.blanes.cat\/salainfantil\/wp-content\/uploads\/sites\/2\/2025\/11\/Trobada-novembre_-Miniclub_-BiblioBlanes-3-1024x461.jpg\" alt=\"\" width=\"750\" height=\"338\" srcset=\"https:\/\/biblioteca.blanes.cat\/salainfantil\/wp-content\/uploads\/sites\/2\/2025\/11\/Trobada-novembre_-Miniclub_-BiblioBlanes-3-1024x461.jpg 1024w, https:\/\/biblioteca.blanes.cat\/salainfantil\/wp-content\/uploads\/sites\/2\/2025\/11\/Trobada-novembre_-Miniclub_-BiblioBlanes-3-300x135.jpg 300w, https:\/\/biblioteca.blanes.cat\/salainfantil\/wp-content\/uploads\/sites\/2\/2025\/11\/Trobada-novembre_-Miniclub_-BiblioBlanes-3-768x346.jpg 768w, https:\/\/biblioteca.blanes.cat\/salainfantil\/wp-content\/uploads\/sites\/2\/2025\/11\/Trobada-novembre_-Miniclub_-BiblioBlanes-3-1536x691.jpg 1536w, https:\/\/biblioteca.blanes.cat\/salainfantil\/wp-content\/uploads\/sites\/2\/2025\/11\/Trobada-novembre_-Miniclub_-BiblioBlanes-3.jpg 2040w\" sizes=\"(max-width: 750px) 100vw, 750px\" \/><\/a><\/p>\n\n\n","protected":false},"excerpt":{"rendered":"<p>Aquest mes de novembre els Miniclubers han acompanyat a l&#8217;\u00c0frica en el seu viatge pel m\u00f3n. &nbsp; &nbsp; Aprofitant la celebraci\u00f3 de la setmana UNESCO, hem triat un \u00e0lbum molt especial &#8220;Els colors de l&#8217;\u00c0frica&#8221; de l&#8217;Anna Obiols. &nbsp; &nbsp;<\/p>\n","protected":false},"author":4,"featured_media":11570,"comment_status":"open","ping_status":"open","sticky":false,"template":"","format":"standard","meta":{"sfsi_plus_gutenberg_text_before_share":"","sfsi_plus_gutenberg_show_text_before_share":"","sfsi_plus_gutenberg_icon_type":"","sfsi_plus_gutenberg_icon_alignemt":"","sfsi_plus_gutenburg_max_per_row":"","footnotes":""},"categories":[6,9],"tags":[17,18,22],"class_list":["post-11933","post","type-post","status-publish","format-standard","has-post-thumbnail","hentry","category-activitats","category-trobades-miniclub","tag-activitats","tag-fes-una-ullada","tag-miniclub"],"yoast_head":"<!-- This site is optimized with the Yoast SEO plugin v27.5 - https:\/\/yoast.com\/product\/yoast-seo-wordpress\/ -->\n<title>Miniclub: Els colors de l&#039;\u00c0frica - SALA INFANTIL<\/title>\n<meta name=\"robots\" content=\"index, follow, max-snippet:-1, max-image-preview:large, max-video-preview:-1\" \/>\n<link rel=\"canonical\" href=\"https:\/\/biblioteca.blanes.cat\/salainfantil\/miniclub-els-colors-de-lafrica\/\" \/>\n<meta property=\"og:locale\" content=\"ca_ES\" \/>\n<meta property=\"og:type\" content=\"article\" \/>\n<meta property=\"og:title\" content=\"Miniclub: Els colors de l&#039;\u00c0frica - SALA INFANTIL\" \/>\n<meta property=\"og:description\" content=\"Aquest mes de novembre els Miniclubers han acompanyat a l&#8217;\u00c0frica en el seu viatge pel m\u00f3n. &nbsp; &nbsp; Aprofitant la celebraci\u00f3 de la setmana UNESCO, hem triat un \u00e0lbum molt especial &#8220;Els colors de l&#8217;\u00c0frica&#8221; de l&#8217;Anna Obiols. &nbsp; &nbsp;\" \/>\n<meta property=\"og:url\" content=\"https:\/\/biblioteca.blanes.cat\/salainfantil\/miniclub-els-colors-de-lafrica\/\" \/>\n<meta property=\"og:site_name\" content=\"SALA INFANTIL\" \/>\n<meta property=\"article:published_time\" content=\"2025-11-27T17:19:50+00:00\" \/>\n<meta property=\"article:modified_time\" content=\"2025-11-27T17:21:16+00:00\" \/>\n<meta property=\"og:image\" content=\"https:\/\/biblioteca.blanes.cat\/salainfantil\/wp-content\/uploads\/sites\/2\/2025\/09\/Logo-Miniclub.png\" \/>\n\t<meta property=\"og:image:width\" content=\"500\" \/>\n\t<meta property=\"og:image:height\" content=\"415\" \/>\n\t<meta property=\"og:image:type\" content=\"image\/png\" \/>\n<meta name=\"author\" content=\"biblioblanes\" \/>\n<meta name=\"twitter:card\" content=\"summary_large_image\" \/>\n<meta name=\"twitter:creator\" content=\"@biblioblanes\" \/>\n<meta name=\"twitter:label1\" content=\"Escrit per\" \/>\n\t<meta name=\"twitter:data1\" content=\"biblioblanes\" \/>\n\t<meta name=\"twitter:label2\" content=\"Temps estimat de lectura\" \/>\n\t<meta name=\"twitter:data2\" content=\"3 minuts\" \/>\n<script type=\"application\/ld+json\" class=\"yoast-schema-graph\">{\"@context\":\"https:\\\/\\\/schema.org\",\"@graph\":[{\"@type\":\"Article\",\"@id\":\"https:\\\/\\\/biblioteca.blanes.cat\\\/salainfantil\\\/miniclub-els-colors-de-lafrica\\\/#article\",\"isPartOf\":{\"@id\":\"https:\\\/\\\/biblioteca.blanes.cat\\\/salainfantil\\\/miniclub-els-colors-de-lafrica\\\/\"},\"author\":{\"name\":\"biblioblanes\",\"@id\":\"https:\\\/\\\/biblioteca.blanes.cat\\\/salainfantil\\\/#\\\/schema\\\/person\\\/5a7b46760d9dd611d098bbf571a341dc\"},\"headline\":\"Miniclub: Els colors de l&#8217;\u00c0frica\",\"datePublished\":\"2025-11-27T17:19:50+00:00\",\"dateModified\":\"2025-11-27T17:21:16+00:00\",\"mainEntityOfPage\":{\"@id\":\"https:\\\/\\\/biblioteca.blanes.cat\\\/salainfantil\\\/miniclub-els-colors-de-lafrica\\\/\"},\"wordCount\":218,\"commentCount\":0,\"image\":{\"@id\":\"https:\\\/\\\/biblioteca.blanes.cat\\\/salainfantil\\\/miniclub-els-colors-de-lafrica\\\/#primaryimage\"},\"thumbnailUrl\":\"https:\\\/\\\/biblioteca.blanes.cat\\\/salainfantil\\\/wp-content\\\/uploads\\\/sites\\\/2\\\/2025\\\/09\\\/Logo-Miniclub.png\",\"keywords\":[\"Activitats\",\"Fes una ullada\",\"MINICLUB\"],\"articleSection\":[\"Activitats\",\"Trobades miniclub\"],\"inLanguage\":\"ca\",\"potentialAction\":[{\"@type\":\"CommentAction\",\"name\":\"Comment\",\"target\":[\"https:\\\/\\\/biblioteca.blanes.cat\\\/salainfantil\\\/miniclub-els-colors-de-lafrica\\\/#respond\"]}]},{\"@type\":\"WebPage\",\"@id\":\"https:\\\/\\\/biblioteca.blanes.cat\\\/salainfantil\\\/miniclub-els-colors-de-lafrica\\\/\",\"url\":\"https:\\\/\\\/biblioteca.blanes.cat\\\/salainfantil\\\/miniclub-els-colors-de-lafrica\\\/\",\"name\":\"Miniclub: Els colors de l'\u00c0frica - SALA INFANTIL\",\"isPartOf\":{\"@id\":\"https:\\\/\\\/biblioteca.blanes.cat\\\/salainfantil\\\/#website\"},\"primaryImageOfPage\":{\"@id\":\"https:\\\/\\\/biblioteca.blanes.cat\\\/salainfantil\\\/miniclub-els-colors-de-lafrica\\\/#primaryimage\"},\"image\":{\"@id\":\"https:\\\/\\\/biblioteca.blanes.cat\\\/salainfantil\\\/miniclub-els-colors-de-lafrica\\\/#primaryimage\"},\"thumbnailUrl\":\"https:\\\/\\\/biblioteca.blanes.cat\\\/salainfantil\\\/wp-content\\\/uploads\\\/sites\\\/2\\\/2025\\\/09\\\/Logo-Miniclub.png\",\"datePublished\":\"2025-11-27T17:19:50+00:00\",\"dateModified\":\"2025-11-27T17:21:16+00:00\",\"author\":{\"@id\":\"https:\\\/\\\/biblioteca.blanes.cat\\\/salainfantil\\\/#\\\/schema\\\/person\\\/5a7b46760d9dd611d098bbf571a341dc\"},\"breadcrumb\":{\"@id\":\"https:\\\/\\\/biblioteca.blanes.cat\\\/salainfantil\\\/miniclub-els-colors-de-lafrica\\\/#breadcrumb\"},\"inLanguage\":\"ca\",\"potentialAction\":[{\"@type\":\"ReadAction\",\"target\":[\"https:\\\/\\\/biblioteca.blanes.cat\\\/salainfantil\\\/miniclub-els-colors-de-lafrica\\\/\"]}]},{\"@type\":\"ImageObject\",\"inLanguage\":\"ca\",\"@id\":\"https:\\\/\\\/biblioteca.blanes.cat\\\/salainfantil\\\/miniclub-els-colors-de-lafrica\\\/#primaryimage\",\"url\":\"https:\\\/\\\/biblioteca.blanes.cat\\\/salainfantil\\\/wp-content\\\/uploads\\\/sites\\\/2\\\/2025\\\/09\\\/Logo-Miniclub.png\",\"contentUrl\":\"https:\\\/\\\/biblioteca.blanes.cat\\\/salainfantil\\\/wp-content\\\/uploads\\\/sites\\\/2\\\/2025\\\/09\\\/Logo-Miniclub.png\",\"width\":500,\"height\":415},{\"@type\":\"BreadcrumbList\",\"@id\":\"https:\\\/\\\/biblioteca.blanes.cat\\\/salainfantil\\\/miniclub-els-colors-de-lafrica\\\/#breadcrumb\",\"itemListElement\":[{\"@type\":\"ListItem\",\"position\":1,\"name\":\"Inici\",\"item\":\"https:\\\/\\\/biblioteca.blanes.cat\\\/salainfantil\\\/\"},{\"@type\":\"ListItem\",\"position\":2,\"name\":\"Miniclub: Els colors de l&#8217;\u00c0frica\"}]},{\"@type\":\"WebSite\",\"@id\":\"https:\\\/\\\/biblioteca.blanes.cat\\\/salainfantil\\\/#website\",\"url\":\"https:\\\/\\\/biblioteca.blanes.cat\\\/salainfantil\\\/\",\"name\":\"SALA INFANTIL\",\"description\":\"Biblioteca Roberto Bola\u00f1o\",\"potentialAction\":[{\"@type\":\"SearchAction\",\"target\":{\"@type\":\"EntryPoint\",\"urlTemplate\":\"https:\\\/\\\/biblioteca.blanes.cat\\\/salainfantil\\\/?s={search_term_string}\"},\"query-input\":{\"@type\":\"PropertyValueSpecification\",\"valueRequired\":true,\"valueName\":\"search_term_string\"}}],\"inLanguage\":\"ca\"},{\"@type\":\"Person\",\"@id\":\"https:\\\/\\\/biblioteca.blanes.cat\\\/salainfantil\\\/#\\\/schema\\\/person\\\/5a7b46760d9dd611d098bbf571a341dc\",\"name\":\"biblioblanes\",\"image\":{\"@type\":\"ImageObject\",\"inLanguage\":\"ca\",\"@id\":\"https:\\\/\\\/secure.gravatar.com\\\/avatar\\\/6593ca6cc90e5a70939f51c95e8315483b9c281bafba597292bee47992030f99?s=96&d=mm&r=g\",\"url\":\"https:\\\/\\\/secure.gravatar.com\\\/avatar\\\/6593ca6cc90e5a70939f51c95e8315483b9c281bafba597292bee47992030f99?s=96&d=mm&r=g\",\"contentUrl\":\"https:\\\/\\\/secure.gravatar.com\\\/avatar\\\/6593ca6cc90e5a70939f51c95e8315483b9c281bafba597292bee47992030f99?s=96&d=mm&r=g\",\"caption\":\"biblioblanes\"},\"sameAs\":[\"http:\\\/\\\/www.bibgirona.cat\\\/biblioteca\\\/blanes\",\"https:\\\/\\\/x.com\\\/biblioblanes\"],\"url\":\"https:\\\/\\\/biblioteca.blanes.cat\\\/salainfantil\\\/author\\\/biblioblanes\\\/\"}]}<\/script>\n<!-- \/ Yoast SEO plugin. -->","yoast_head_json":{"title":"Miniclub: Els colors de l'\u00c0frica - SALA INFANTIL","robots":{"index":"index","follow":"follow","max-snippet":"max-snippet:-1","max-image-preview":"max-image-preview:large","max-video-preview":"max-video-preview:-1"},"canonical":"https:\/\/biblioteca.blanes.cat\/salainfantil\/miniclub-els-colors-de-lafrica\/","og_locale":"ca_ES","og_type":"article","og_title":"Miniclub: Els colors de l'\u00c0frica - SALA INFANTIL","og_description":"Aquest mes de novembre els Miniclubers han acompanyat a l&#8217;\u00c0frica en el seu viatge pel m\u00f3n. &nbsp; &nbsp; Aprofitant la celebraci\u00f3 de la setmana UNESCO, hem triat un \u00e0lbum molt especial &#8220;Els colors de l&#8217;\u00c0frica&#8221; de l&#8217;Anna Obiols. &nbsp; &nbsp;","og_url":"https:\/\/biblioteca.blanes.cat\/salainfantil\/miniclub-els-colors-de-lafrica\/","og_site_name":"SALA INFANTIL","article_published_time":"2025-11-27T17:19:50+00:00","article_modified_time":"2025-11-27T17:21:16+00:00","og_image":[{"width":500,"height":415,"url":"https:\/\/biblioteca.blanes.cat\/salainfantil\/wp-content\/uploads\/sites\/2\/2025\/09\/Logo-Miniclub.png","type":"image\/png"}],"author":"biblioblanes","twitter_card":"summary_large_image","twitter_creator":"@biblioblanes","twitter_misc":{"Escrit per":"biblioblanes","Temps estimat de lectura":"3 minuts"},"schema":{"@context":"https:\/\/schema.org","@graph":[{"@type":"Article","@id":"https:\/\/biblioteca.blanes.cat\/salainfantil\/miniclub-els-colors-de-lafrica\/#article","isPartOf":{"@id":"https:\/\/biblioteca.blanes.cat\/salainfantil\/miniclub-els-colors-de-lafrica\/"},"author":{"name":"biblioblanes","@id":"https:\/\/biblioteca.blanes.cat\/salainfantil\/#\/schema\/person\/5a7b46760d9dd611d098bbf571a341dc"},"headline":"Miniclub: Els colors de l&#8217;\u00c0frica","datePublished":"2025-11-27T17:19:50+00:00","dateModified":"2025-11-27T17:21:16+00:00","mainEntityOfPage":{"@id":"https:\/\/biblioteca.blanes.cat\/salainfantil\/miniclub-els-colors-de-lafrica\/"},"wordCount":218,"commentCount":0,"image":{"@id":"https:\/\/biblioteca.blanes.cat\/salainfantil\/miniclub-els-colors-de-lafrica\/#primaryimage"},"thumbnailUrl":"https:\/\/biblioteca.blanes.cat\/salainfantil\/wp-content\/uploads\/sites\/2\/2025\/09\/Logo-Miniclub.png","keywords":["Activitats","Fes una ullada","MINICLUB"],"articleSection":["Activitats","Trobades miniclub"],"inLanguage":"ca","potentialAction":[{"@type":"CommentAction","name":"Comment","target":["https:\/\/biblioteca.blanes.cat\/salainfantil\/miniclub-els-colors-de-lafrica\/#respond"]}]},{"@type":"WebPage","@id":"https:\/\/biblioteca.blanes.cat\/salainfantil\/miniclub-els-colors-de-lafrica\/","url":"https:\/\/biblioteca.blanes.cat\/salainfantil\/miniclub-els-colors-de-lafrica\/","name":"Miniclub: Els colors de l'\u00c0frica - SALA INFANTIL","isPartOf":{"@id":"https:\/\/biblioteca.blanes.cat\/salainfantil\/#website"},"primaryImageOfPage":{"@id":"https:\/\/biblioteca.blanes.cat\/salainfantil\/miniclub-els-colors-de-lafrica\/#primaryimage"},"image":{"@id":"https:\/\/biblioteca.blanes.cat\/salainfantil\/miniclub-els-colors-de-lafrica\/#primaryimage"},"thumbnailUrl":"https:\/\/biblioteca.blanes.cat\/salainfantil\/wp-content\/uploads\/sites\/2\/2025\/09\/Logo-Miniclub.png","datePublished":"2025-11-27T17:19:50+00:00","dateModified":"2025-11-27T17:21:16+00:00","author":{"@id":"https:\/\/biblioteca.blanes.cat\/salainfantil\/#\/schema\/person\/5a7b46760d9dd611d098bbf571a341dc"},"breadcrumb":{"@id":"https:\/\/biblioteca.blanes.cat\/salainfantil\/miniclub-els-colors-de-lafrica\/#breadcrumb"},"inLanguage":"ca","potentialAction":[{"@type":"ReadAction","target":["https:\/\/biblioteca.blanes.cat\/salainfantil\/miniclub-els-colors-de-lafrica\/"]}]},{"@type":"ImageObject","inLanguage":"ca","@id":"https:\/\/biblioteca.blanes.cat\/salainfantil\/miniclub-els-colors-de-lafrica\/#primaryimage","url":"https:\/\/biblioteca.blanes.cat\/salainfantil\/wp-content\/uploads\/sites\/2\/2025\/09\/Logo-Miniclub.png","contentUrl":"https:\/\/biblioteca.blanes.cat\/salainfantil\/wp-content\/uploads\/sites\/2\/2025\/09\/Logo-Miniclub.png","width":500,"height":415},{"@type":"BreadcrumbList","@id":"https:\/\/biblioteca.blanes.cat\/salainfantil\/miniclub-els-colors-de-lafrica\/#breadcrumb","itemListElement":[{"@type":"ListItem","position":1,"name":"Inici","item":"https:\/\/biblioteca.blanes.cat\/salainfantil\/"},{"@type":"ListItem","position":2,"name":"Miniclub: Els colors de l&#8217;\u00c0frica"}]},{"@type":"WebSite","@id":"https:\/\/biblioteca.blanes.cat\/salainfantil\/#website","url":"https:\/\/biblioteca.blanes.cat\/salainfantil\/","name":"SALA INFANTIL","description":"Biblioteca Roberto Bola\u00f1o","potentialAction":[{"@type":"SearchAction","target":{"@type":"EntryPoint","urlTemplate":"https:\/\/biblioteca.blanes.cat\/salainfantil\/?s={search_term_string}"},"query-input":{"@type":"PropertyValueSpecification","valueRequired":true,"valueName":"search_term_string"}}],"inLanguage":"ca"},{"@type":"Person","@id":"https:\/\/biblioteca.blanes.cat\/salainfantil\/#\/schema\/person\/5a7b46760d9dd611d098bbf571a341dc","name":"biblioblanes","image":{"@type":"ImageObject","inLanguage":"ca","@id":"https:\/\/secure.gravatar.com\/avatar\/6593ca6cc90e5a70939f51c95e8315483b9c281bafba597292bee47992030f99?s=96&d=mm&r=g","url":"https:\/\/secure.gravatar.com\/avatar\/6593ca6cc90e5a70939f51c95e8315483b9c281bafba597292bee47992030f99?s=96&d=mm&r=g","contentUrl":"https:\/\/secure.gravatar.com\/avatar\/6593ca6cc90e5a70939f51c95e8315483b9c281bafba597292bee47992030f99?s=96&d=mm&r=g","caption":"biblioblanes"},"sameAs":["http:\/\/www.bibgirona.cat\/biblioteca\/blanes","https:\/\/x.com\/biblioblanes"],"url":"https:\/\/biblioteca.blanes.cat\/salainfantil\/author\/biblioblanes\/"}]}},"_links":{"self":[{"href":"https:\/\/biblioteca.blanes.cat\/salainfantil\/wp-json\/wp\/v2\/posts\/11933","targetHints":{"allow":["GET"]}}],"collection":[{"href":"https:\/\/biblioteca.blanes.cat\/salainfantil\/wp-json\/wp\/v2\/posts"}],"about":[{"href":"https:\/\/biblioteca.blanes.cat\/salainfantil\/wp-json\/wp\/v2\/types\/post"}],"author":[{"embeddable":true,"href":"https:\/\/biblioteca.blanes.cat\/salainfantil\/wp-json\/wp\/v2\/users\/4"}],"replies":[{"embeddable":true,"href":"https:\/\/biblioteca.blanes.cat\/salainfantil\/wp-json\/wp\/v2\/comments?post=11933"}],"version-history":[{"count":3,"href":"https:\/\/biblioteca.blanes.cat\/salainfantil\/wp-json\/wp\/v2\/posts\/11933\/revisions"}],"predecessor-version":[{"id":11940,"href":"https:\/\/biblioteca.blanes.cat\/salainfantil\/wp-json\/wp\/v2\/posts\/11933\/revisions\/11940"}],"wp:featuredmedia":[{"embeddable":true,"href":"https:\/\/biblioteca.blanes.cat\/salainfantil\/wp-json\/wp\/v2\/media\/11570"}],"wp:attachment":[{"href":"https:\/\/biblioteca.blanes.cat\/salainfantil\/wp-json\/wp\/v2\/media?parent=11933"}],"wp:term":[{"taxonomy":"category","embeddable":true,"href":"https:\/\/biblioteca.blanes.cat\/salainfantil\/wp-json\/wp\/v2\/categories?post=11933"},{"taxonomy":"post_tag","embeddable":true,"href":"https:\/\/biblioteca.blanes.cat\/salainfantil\/wp-json\/wp\/v2\/tags?post=11933"}],"curies":[{"name":"wp","href":"https:\/\/api.w.org\/{rel}","templated":true}]}}