{"id":11566,"date":"2025-09-25T12:51:50","date_gmt":"2025-09-25T11:51:50","guid":{"rendered":"https:\/\/biblioteca.blanes.cat\/salainfantil\/?p=11566"},"modified":"2025-10-27T20:39:59","modified_gmt":"2025-10-27T19:39:59","slug":"presentacio-miniclub-2025-2026","status":"publish","type":"post","link":"https:\/\/biblioteca.blanes.cat\/salainfantil\/presentacio-miniclub-2025-2026\/","title":{"rendered":"Presentaci\u00f3 Miniclub 2025-2026"},"content":{"rendered":"\n\n\n\n\n<h1 style=\"text-align: center;\">Benvinguts de nou Miniclubers!<a href=\"https:\/\/biblioteca.blanes.cat\/salainfantil\/miniclub-curs-2021-2022\/un-minicuc-de-lectures1\/\" rel=\"attachment wp-att-11564\"><img decoding=\"async\" class=\"aligncenter  wp-image-11564\" src=\"https:\/\/biblioteca.blanes.cat\/salainfantil\/wp-content\/uploads\/sites\/2\/2021\/10\/Un-Minicuc-de-lectures1-300x212.jpg\" alt=\"\" width=\"149\" height=\"105\" srcset=\"https:\/\/biblioteca.blanes.cat\/salainfantil\/wp-content\/uploads\/sites\/2\/2021\/10\/Un-Minicuc-de-lectures1-300x212.jpg 300w, https:\/\/biblioteca.blanes.cat\/salainfantil\/wp-content\/uploads\/sites\/2\/2021\/10\/Un-Minicuc-de-lectures1-1024x724.jpg 1024w, https:\/\/biblioteca.blanes.cat\/salainfantil\/wp-content\/uploads\/sites\/2\/2021\/10\/Un-Minicuc-de-lectures1-768x543.jpg 768w, https:\/\/biblioteca.blanes.cat\/salainfantil\/wp-content\/uploads\/sites\/2\/2021\/10\/Un-Minicuc-de-lectures1-1536x1086.jpg 1536w, https:\/\/biblioteca.blanes.cat\/salainfantil\/wp-content\/uploads\/sites\/2\/2021\/10\/Un-Minicuc-de-lectures1.jpg 2000w\" sizes=\"(max-width: 149px) 100vw, 149px\" \/><\/a><\/h1>\n<p style=\"text-align: center;\">Heu vist quines novetats hem preparat per a aquest curs!? Cliqueu<strong> <a href=\"https:\/\/biblioteca.blanes.cat\/salainfantil\/miniclub-curs-2021-2022\/\" target=\"_blank\" rel=\"noopener\"><span style=\"color: #ff0000;\">aqu\u00ed<\/span> <\/a><\/strong>per veure quins \u00e0lbums m\u00e9s xulos tenim preparats per a tots vosaltres<\/p>\n<p style=\"text-align: center;\">Aquest curs ens acompanyaran uns Minicucs molt divertits, que passaran llista i portaran lectures molt interessants a cada trobada.<\/p>\n<p style=\"text-align: center;\">Cada infant tindr\u00e0 el seu propi minicuc personalitzat.<\/p>\n<p>\u00a0<\/p>\n<h4 style=\"text-align: center;\">A la trobada d&#8217;avui hem comentat: EL LLOP NOM\u00c9S VOL CANTAR de Pilar Serrano\u00a0<\/h4>\n<div><a href=\"https:\/\/biblioteca.blanes.cat\/salainfantil\/presentacio-miniclub-2025-2026\/el-llop-nomes-vol-cantar\/\" rel=\"attachment wp-att-11568\"><img fetchpriority=\"high\" decoding=\"async\" class=\"size-medium wp-image-11568 alignleft\" src=\"https:\/\/biblioteca.blanes.cat\/salainfantil\/wp-content\/uploads\/sites\/2\/2025\/09\/El-llop-nomes-vol-cantar-247x300.jpg\" alt=\"\" width=\"247\" height=\"300\" srcset=\"https:\/\/biblioteca.blanes.cat\/salainfantil\/wp-content\/uploads\/sites\/2\/2025\/09\/El-llop-nomes-vol-cantar-247x300.jpg 247w, https:\/\/biblioteca.blanes.cat\/salainfantil\/wp-content\/uploads\/sites\/2\/2025\/09\/El-llop-nomes-vol-cantar.jpg 509w\" sizes=\"(max-width: 247px) 100vw, 247px\" \/><\/a><\/div>\n<div>\u00a0<\/div>\n\n\n\n<p>Ens estrenem amb un \u00e0lbum molt musical &#8220;El llop nom\u00e9s vol cantar&#8221; de Pilar Serrano.<\/p>\n<p><em>Des que la seva mare el va ensenyar a udolar a la Lluna, Llop volia cantar. Pujava dalt de les roques i cantava sense parar, tant si hi havia Lluna Plena com si no. Als seus vei\u0308ns no els entusiasmava gaire. Els feia mal el cap i tenien malsons, perque\u0300 resultava forc\u0327a inquietant sentir Llop udolar.<\/em><\/p>\n<p>\u00a0<\/p>\n<p>\u00a0<\/p>\n<p>Agafem els micr\u00f2fons i comen\u00e7a l&#8217;espectacle!<\/p>\n<p>Al Miniclub compartim lectures en fam\u00edlia i fomentem el gust per la lectura des de ben petits.\u00a0 En aquesta sessi\u00f3 hem treballat el concepte de conviv\u00e8ncia i tot el que implica viure en societat.\u00a0<\/p>\n<p>Han sortit reflexions molt boniques i cal dir que els petits lectors tenen eines molt interessants i que els adults encara no coneix\u00edem.\u00a0<\/p>\n<p style=\"text-align: center;\"><strong>Miniclubers no deixeu mai de llegir i de somiar!<\/strong><\/p>\n<p>\u00a0<\/p>\n<p><a href=\"https:\/\/biblioteca.blanes.cat\/salainfantil\/presentacio-miniclub-2025-2026\/presentacio-miniclub-dilluns_biblioblanes\/\" rel=\"attachment wp-att-11569\"><img decoding=\"async\" class=\"aligncenter wp-image-11569 size-large\" src=\"https:\/\/biblioteca.blanes.cat\/salainfantil\/wp-content\/uploads\/sites\/2\/2025\/09\/Presentacio-miniclub-dilluns_BiblioBlanes-1024x461.jpg\" alt=\"\" width=\"750\" height=\"338\" srcset=\"https:\/\/biblioteca.blanes.cat\/salainfantil\/wp-content\/uploads\/sites\/2\/2025\/09\/Presentacio-miniclub-dilluns_BiblioBlanes-1024x461.jpg 1024w, https:\/\/biblioteca.blanes.cat\/salainfantil\/wp-content\/uploads\/sites\/2\/2025\/09\/Presentacio-miniclub-dilluns_BiblioBlanes-300x135.jpg 300w, https:\/\/biblioteca.blanes.cat\/salainfantil\/wp-content\/uploads\/sites\/2\/2025\/09\/Presentacio-miniclub-dilluns_BiblioBlanes-768x346.jpg 768w, https:\/\/biblioteca.blanes.cat\/salainfantil\/wp-content\/uploads\/sites\/2\/2025\/09\/Presentacio-miniclub-dilluns_BiblioBlanes-1536x691.jpg 1536w, https:\/\/biblioteca.blanes.cat\/salainfantil\/wp-content\/uploads\/sites\/2\/2025\/09\/Presentacio-miniclub-dilluns_BiblioBlanes.jpg 2040w\" sizes=\"(max-width: 750px) 100vw, 750px\" \/><\/a><\/p>\n<p>\u00a0<\/p>\n<p style=\"text-align: center;\">Fins la propera!<\/p>\n\n\n","protected":false},"excerpt":{"rendered":"<p>Benvinguts de nou Miniclubers! Heu vist quines novetats hem preparat per a aquest curs!? Cliqueu aqu\u00ed per veure quins \u00e0lbums m\u00e9s xulos tenim preparats per a tots vosaltres Aquest curs ens acompanyaran uns Minicucs molt divertits, que passaran llista i<\/p>\n","protected":false},"author":4,"featured_media":11570,"comment_status":"open","ping_status":"open","sticky":false,"template":"","format":"standard","meta":{"sfsi_plus_gutenberg_text_before_share":"","sfsi_plus_gutenberg_show_text_before_share":"","sfsi_plus_gutenberg_icon_type":"","sfsi_plus_gutenberg_icon_alignemt":"","sfsi_plus_gutenburg_max_per_row":"","footnotes":""},"categories":[9],"tags":[22],"class_list":["post-11566","post","type-post","status-publish","format-standard","has-post-thumbnail","hentry","category-trobades-miniclub","tag-miniclub"],"yoast_head":"<!-- This site is optimized with the Yoast SEO plugin v27.5 - https:\/\/yoast.com\/product\/yoast-seo-wordpress\/ -->\n<title>Presentaci\u00f3 Miniclub 2025-2026 - SALA INFANTIL<\/title>\n<meta name=\"robots\" content=\"index, follow, max-snippet:-1, max-image-preview:large, max-video-preview:-1\" \/>\n<link rel=\"canonical\" href=\"https:\/\/biblioteca.blanes.cat\/salainfantil\/presentacio-miniclub-2025-2026\/\" \/>\n<meta property=\"og:locale\" content=\"ca_ES\" \/>\n<meta property=\"og:type\" content=\"article\" \/>\n<meta property=\"og:title\" content=\"Presentaci\u00f3 Miniclub 2025-2026 - SALA INFANTIL\" \/>\n<meta property=\"og:description\" content=\"Benvinguts de nou Miniclubers! Heu vist quines novetats hem preparat per a aquest curs!? Cliqueu aqu\u00ed per veure quins \u00e0lbums m\u00e9s xulos tenim preparats per a tots vosaltres Aquest curs ens acompanyaran uns Minicucs molt divertits, que passaran llista i\" \/>\n<meta property=\"og:url\" content=\"https:\/\/biblioteca.blanes.cat\/salainfantil\/presentacio-miniclub-2025-2026\/\" \/>\n<meta property=\"og:site_name\" content=\"SALA INFANTIL\" \/>\n<meta property=\"article:published_time\" content=\"2025-09-25T11:51:50+00:00\" \/>\n<meta property=\"article:modified_time\" content=\"2025-10-27T19:39:59+00:00\" \/>\n<meta property=\"og:image\" content=\"https:\/\/biblioteca.blanes.cat\/salainfantil\/wp-content\/uploads\/sites\/2\/2025\/09\/Logo-Miniclub.png\" \/>\n\t<meta property=\"og:image:width\" content=\"500\" \/>\n\t<meta property=\"og:image:height\" content=\"415\" \/>\n\t<meta property=\"og:image:type\" content=\"image\/png\" \/>\n<meta name=\"author\" content=\"biblioblanes\" \/>\n<meta name=\"twitter:card\" content=\"summary_large_image\" \/>\n<meta name=\"twitter:creator\" content=\"@biblioblanes\" \/>\n<meta name=\"twitter:label1\" content=\"Escrit per\" \/>\n\t<meta name=\"twitter:data1\" content=\"biblioblanes\" \/>\n\t<meta name=\"twitter:label2\" content=\"Temps estimat de lectura\" \/>\n\t<meta name=\"twitter:data2\" content=\"2 minuts\" \/>\n<script type=\"application\/ld+json\" class=\"yoast-schema-graph\">{\"@context\":\"https:\\\/\\\/schema.org\",\"@graph\":[{\"@type\":\"Article\",\"@id\":\"https:\\\/\\\/biblioteca.blanes.cat\\\/salainfantil\\\/presentacio-miniclub-2025-2026\\\/#article\",\"isPartOf\":{\"@id\":\"https:\\\/\\\/biblioteca.blanes.cat\\\/salainfantil\\\/presentacio-miniclub-2025-2026\\\/\"},\"author\":{\"name\":\"biblioblanes\",\"@id\":\"https:\\\/\\\/biblioteca.blanes.cat\\\/salainfantil\\\/#\\\/schema\\\/person\\\/5a7b46760d9dd611d098bbf571a341dc\"},\"headline\":\"Presentaci\u00f3 Miniclub 2025-2026\",\"datePublished\":\"2025-09-25T11:51:50+00:00\",\"dateModified\":\"2025-10-27T19:39:59+00:00\",\"mainEntityOfPage\":{\"@id\":\"https:\\\/\\\/biblioteca.blanes.cat\\\/salainfantil\\\/presentacio-miniclub-2025-2026\\\/\"},\"wordCount\":230,\"commentCount\":0,\"image\":{\"@id\":\"https:\\\/\\\/biblioteca.blanes.cat\\\/salainfantil\\\/presentacio-miniclub-2025-2026\\\/#primaryimage\"},\"thumbnailUrl\":\"https:\\\/\\\/biblioteca.blanes.cat\\\/salainfantil\\\/wp-content\\\/uploads\\\/sites\\\/2\\\/2025\\\/09\\\/Logo-Miniclub.png\",\"keywords\":[\"MINICLUB\"],\"articleSection\":[\"Trobades miniclub\"],\"inLanguage\":\"ca\",\"potentialAction\":[{\"@type\":\"CommentAction\",\"name\":\"Comment\",\"target\":[\"https:\\\/\\\/biblioteca.blanes.cat\\\/salainfantil\\\/presentacio-miniclub-2025-2026\\\/#respond\"]}]},{\"@type\":\"WebPage\",\"@id\":\"https:\\\/\\\/biblioteca.blanes.cat\\\/salainfantil\\\/presentacio-miniclub-2025-2026\\\/\",\"url\":\"https:\\\/\\\/biblioteca.blanes.cat\\\/salainfantil\\\/presentacio-miniclub-2025-2026\\\/\",\"name\":\"Presentaci\u00f3 Miniclub 2025-2026 - SALA INFANTIL\",\"isPartOf\":{\"@id\":\"https:\\\/\\\/biblioteca.blanes.cat\\\/salainfantil\\\/#website\"},\"primaryImageOfPage\":{\"@id\":\"https:\\\/\\\/biblioteca.blanes.cat\\\/salainfantil\\\/presentacio-miniclub-2025-2026\\\/#primaryimage\"},\"image\":{\"@id\":\"https:\\\/\\\/biblioteca.blanes.cat\\\/salainfantil\\\/presentacio-miniclub-2025-2026\\\/#primaryimage\"},\"thumbnailUrl\":\"https:\\\/\\\/biblioteca.blanes.cat\\\/salainfantil\\\/wp-content\\\/uploads\\\/sites\\\/2\\\/2025\\\/09\\\/Logo-Miniclub.png\",\"datePublished\":\"2025-09-25T11:51:50+00:00\",\"dateModified\":\"2025-10-27T19:39:59+00:00\",\"author\":{\"@id\":\"https:\\\/\\\/biblioteca.blanes.cat\\\/salainfantil\\\/#\\\/schema\\\/person\\\/5a7b46760d9dd611d098bbf571a341dc\"},\"breadcrumb\":{\"@id\":\"https:\\\/\\\/biblioteca.blanes.cat\\\/salainfantil\\\/presentacio-miniclub-2025-2026\\\/#breadcrumb\"},\"inLanguage\":\"ca\",\"potentialAction\":[{\"@type\":\"ReadAction\",\"target\":[\"https:\\\/\\\/biblioteca.blanes.cat\\\/salainfantil\\\/presentacio-miniclub-2025-2026\\\/\"]}]},{\"@type\":\"ImageObject\",\"inLanguage\":\"ca\",\"@id\":\"https:\\\/\\\/biblioteca.blanes.cat\\\/salainfantil\\\/presentacio-miniclub-2025-2026\\\/#primaryimage\",\"url\":\"https:\\\/\\\/biblioteca.blanes.cat\\\/salainfantil\\\/wp-content\\\/uploads\\\/sites\\\/2\\\/2025\\\/09\\\/Logo-Miniclub.png\",\"contentUrl\":\"https:\\\/\\\/biblioteca.blanes.cat\\\/salainfantil\\\/wp-content\\\/uploads\\\/sites\\\/2\\\/2025\\\/09\\\/Logo-Miniclub.png\",\"width\":500,\"height\":415},{\"@type\":\"BreadcrumbList\",\"@id\":\"https:\\\/\\\/biblioteca.blanes.cat\\\/salainfantil\\\/presentacio-miniclub-2025-2026\\\/#breadcrumb\",\"itemListElement\":[{\"@type\":\"ListItem\",\"position\":1,\"name\":\"Inici\",\"item\":\"https:\\\/\\\/biblioteca.blanes.cat\\\/salainfantil\\\/\"},{\"@type\":\"ListItem\",\"position\":2,\"name\":\"Presentaci\u00f3 Miniclub 2025-2026\"}]},{\"@type\":\"WebSite\",\"@id\":\"https:\\\/\\\/biblioteca.blanes.cat\\\/salainfantil\\\/#website\",\"url\":\"https:\\\/\\\/biblioteca.blanes.cat\\\/salainfantil\\\/\",\"name\":\"SALA INFANTIL\",\"description\":\"Biblioteca Roberto Bola\u00f1o\",\"potentialAction\":[{\"@type\":\"SearchAction\",\"target\":{\"@type\":\"EntryPoint\",\"urlTemplate\":\"https:\\\/\\\/biblioteca.blanes.cat\\\/salainfantil\\\/?s={search_term_string}\"},\"query-input\":{\"@type\":\"PropertyValueSpecification\",\"valueRequired\":true,\"valueName\":\"search_term_string\"}}],\"inLanguage\":\"ca\"},{\"@type\":\"Person\",\"@id\":\"https:\\\/\\\/biblioteca.blanes.cat\\\/salainfantil\\\/#\\\/schema\\\/person\\\/5a7b46760d9dd611d098bbf571a341dc\",\"name\":\"biblioblanes\",\"image\":{\"@type\":\"ImageObject\",\"inLanguage\":\"ca\",\"@id\":\"https:\\\/\\\/secure.gravatar.com\\\/avatar\\\/6593ca6cc90e5a70939f51c95e8315483b9c281bafba597292bee47992030f99?s=96&d=mm&r=g\",\"url\":\"https:\\\/\\\/secure.gravatar.com\\\/avatar\\\/6593ca6cc90e5a70939f51c95e8315483b9c281bafba597292bee47992030f99?s=96&d=mm&r=g\",\"contentUrl\":\"https:\\\/\\\/secure.gravatar.com\\\/avatar\\\/6593ca6cc90e5a70939f51c95e8315483b9c281bafba597292bee47992030f99?s=96&d=mm&r=g\",\"caption\":\"biblioblanes\"},\"sameAs\":[\"http:\\\/\\\/www.bibgirona.cat\\\/biblioteca\\\/blanes\",\"https:\\\/\\\/x.com\\\/biblioblanes\"],\"url\":\"https:\\\/\\\/biblioteca.blanes.cat\\\/salainfantil\\\/author\\\/biblioblanes\\\/\"}]}<\/script>\n<!-- \/ Yoast SEO plugin. -->","yoast_head_json":{"title":"Presentaci\u00f3 Miniclub 2025-2026 - SALA INFANTIL","robots":{"index":"index","follow":"follow","max-snippet":"max-snippet:-1","max-image-preview":"max-image-preview:large","max-video-preview":"max-video-preview:-1"},"canonical":"https:\/\/biblioteca.blanes.cat\/salainfantil\/presentacio-miniclub-2025-2026\/","og_locale":"ca_ES","og_type":"article","og_title":"Presentaci\u00f3 Miniclub 2025-2026 - SALA INFANTIL","og_description":"Benvinguts de nou Miniclubers! Heu vist quines novetats hem preparat per a aquest curs!? Cliqueu aqu\u00ed per veure quins \u00e0lbums m\u00e9s xulos tenim preparats per a tots vosaltres Aquest curs ens acompanyaran uns Minicucs molt divertits, que passaran llista i","og_url":"https:\/\/biblioteca.blanes.cat\/salainfantil\/presentacio-miniclub-2025-2026\/","og_site_name":"SALA INFANTIL","article_published_time":"2025-09-25T11:51:50+00:00","article_modified_time":"2025-10-27T19:39:59+00:00","og_image":[{"width":500,"height":415,"url":"https:\/\/biblioteca.blanes.cat\/salainfantil\/wp-content\/uploads\/sites\/2\/2025\/09\/Logo-Miniclub.png","type":"image\/png"}],"author":"biblioblanes","twitter_card":"summary_large_image","twitter_creator":"@biblioblanes","twitter_misc":{"Escrit per":"biblioblanes","Temps estimat de lectura":"2 minuts"},"schema":{"@context":"https:\/\/schema.org","@graph":[{"@type":"Article","@id":"https:\/\/biblioteca.blanes.cat\/salainfantil\/presentacio-miniclub-2025-2026\/#article","isPartOf":{"@id":"https:\/\/biblioteca.blanes.cat\/salainfantil\/presentacio-miniclub-2025-2026\/"},"author":{"name":"biblioblanes","@id":"https:\/\/biblioteca.blanes.cat\/salainfantil\/#\/schema\/person\/5a7b46760d9dd611d098bbf571a341dc"},"headline":"Presentaci\u00f3 Miniclub 2025-2026","datePublished":"2025-09-25T11:51:50+00:00","dateModified":"2025-10-27T19:39:59+00:00","mainEntityOfPage":{"@id":"https:\/\/biblioteca.blanes.cat\/salainfantil\/presentacio-miniclub-2025-2026\/"},"wordCount":230,"commentCount":0,"image":{"@id":"https:\/\/biblioteca.blanes.cat\/salainfantil\/presentacio-miniclub-2025-2026\/#primaryimage"},"thumbnailUrl":"https:\/\/biblioteca.blanes.cat\/salainfantil\/wp-content\/uploads\/sites\/2\/2025\/09\/Logo-Miniclub.png","keywords":["MINICLUB"],"articleSection":["Trobades miniclub"],"inLanguage":"ca","potentialAction":[{"@type":"CommentAction","name":"Comment","target":["https:\/\/biblioteca.blanes.cat\/salainfantil\/presentacio-miniclub-2025-2026\/#respond"]}]},{"@type":"WebPage","@id":"https:\/\/biblioteca.blanes.cat\/salainfantil\/presentacio-miniclub-2025-2026\/","url":"https:\/\/biblioteca.blanes.cat\/salainfantil\/presentacio-miniclub-2025-2026\/","name":"Presentaci\u00f3 Miniclub 2025-2026 - SALA INFANTIL","isPartOf":{"@id":"https:\/\/biblioteca.blanes.cat\/salainfantil\/#website"},"primaryImageOfPage":{"@id":"https:\/\/biblioteca.blanes.cat\/salainfantil\/presentacio-miniclub-2025-2026\/#primaryimage"},"image":{"@id":"https:\/\/biblioteca.blanes.cat\/salainfantil\/presentacio-miniclub-2025-2026\/#primaryimage"},"thumbnailUrl":"https:\/\/biblioteca.blanes.cat\/salainfantil\/wp-content\/uploads\/sites\/2\/2025\/09\/Logo-Miniclub.png","datePublished":"2025-09-25T11:51:50+00:00","dateModified":"2025-10-27T19:39:59+00:00","author":{"@id":"https:\/\/biblioteca.blanes.cat\/salainfantil\/#\/schema\/person\/5a7b46760d9dd611d098bbf571a341dc"},"breadcrumb":{"@id":"https:\/\/biblioteca.blanes.cat\/salainfantil\/presentacio-miniclub-2025-2026\/#breadcrumb"},"inLanguage":"ca","potentialAction":[{"@type":"ReadAction","target":["https:\/\/biblioteca.blanes.cat\/salainfantil\/presentacio-miniclub-2025-2026\/"]}]},{"@type":"ImageObject","inLanguage":"ca","@id":"https:\/\/biblioteca.blanes.cat\/salainfantil\/presentacio-miniclub-2025-2026\/#primaryimage","url":"https:\/\/biblioteca.blanes.cat\/salainfantil\/wp-content\/uploads\/sites\/2\/2025\/09\/Logo-Miniclub.png","contentUrl":"https:\/\/biblioteca.blanes.cat\/salainfantil\/wp-content\/uploads\/sites\/2\/2025\/09\/Logo-Miniclub.png","width":500,"height":415},{"@type":"BreadcrumbList","@id":"https:\/\/biblioteca.blanes.cat\/salainfantil\/presentacio-miniclub-2025-2026\/#breadcrumb","itemListElement":[{"@type":"ListItem","position":1,"name":"Inici","item":"https:\/\/biblioteca.blanes.cat\/salainfantil\/"},{"@type":"ListItem","position":2,"name":"Presentaci\u00f3 Miniclub 2025-2026"}]},{"@type":"WebSite","@id":"https:\/\/biblioteca.blanes.cat\/salainfantil\/#website","url":"https:\/\/biblioteca.blanes.cat\/salainfantil\/","name":"SALA INFANTIL","description":"Biblioteca Roberto Bola\u00f1o","potentialAction":[{"@type":"SearchAction","target":{"@type":"EntryPoint","urlTemplate":"https:\/\/biblioteca.blanes.cat\/salainfantil\/?s={search_term_string}"},"query-input":{"@type":"PropertyValueSpecification","valueRequired":true,"valueName":"search_term_string"}}],"inLanguage":"ca"},{"@type":"Person","@id":"https:\/\/biblioteca.blanes.cat\/salainfantil\/#\/schema\/person\/5a7b46760d9dd611d098bbf571a341dc","name":"biblioblanes","image":{"@type":"ImageObject","inLanguage":"ca","@id":"https:\/\/secure.gravatar.com\/avatar\/6593ca6cc90e5a70939f51c95e8315483b9c281bafba597292bee47992030f99?s=96&d=mm&r=g","url":"https:\/\/secure.gravatar.com\/avatar\/6593ca6cc90e5a70939f51c95e8315483b9c281bafba597292bee47992030f99?s=96&d=mm&r=g","contentUrl":"https:\/\/secure.gravatar.com\/avatar\/6593ca6cc90e5a70939f51c95e8315483b9c281bafba597292bee47992030f99?s=96&d=mm&r=g","caption":"biblioblanes"},"sameAs":["http:\/\/www.bibgirona.cat\/biblioteca\/blanes","https:\/\/x.com\/biblioblanes"],"url":"https:\/\/biblioteca.blanes.cat\/salainfantil\/author\/biblioblanes\/"}]}},"_links":{"self":[{"href":"https:\/\/biblioteca.blanes.cat\/salainfantil\/wp-json\/wp\/v2\/posts\/11566","targetHints":{"allow":["GET"]}}],"collection":[{"href":"https:\/\/biblioteca.blanes.cat\/salainfantil\/wp-json\/wp\/v2\/posts"}],"about":[{"href":"https:\/\/biblioteca.blanes.cat\/salainfantil\/wp-json\/wp\/v2\/types\/post"}],"author":[{"embeddable":true,"href":"https:\/\/biblioteca.blanes.cat\/salainfantil\/wp-json\/wp\/v2\/users\/4"}],"replies":[{"embeddable":true,"href":"https:\/\/biblioteca.blanes.cat\/salainfantil\/wp-json\/wp\/v2\/comments?post=11566"}],"version-history":[{"count":2,"href":"https:\/\/biblioteca.blanes.cat\/salainfantil\/wp-json\/wp\/v2\/posts\/11566\/revisions"}],"predecessor-version":[{"id":11572,"href":"https:\/\/biblioteca.blanes.cat\/salainfantil\/wp-json\/wp\/v2\/posts\/11566\/revisions\/11572"}],"wp:featuredmedia":[{"embeddable":true,"href":"https:\/\/biblioteca.blanes.cat\/salainfantil\/wp-json\/wp\/v2\/media\/11570"}],"wp:attachment":[{"href":"https:\/\/biblioteca.blanes.cat\/salainfantil\/wp-json\/wp\/v2\/media?parent=11566"}],"wp:term":[{"taxonomy":"category","embeddable":true,"href":"https:\/\/biblioteca.blanes.cat\/salainfantil\/wp-json\/wp\/v2\/categories?post=11566"},{"taxonomy":"post_tag","embeddable":true,"href":"https:\/\/biblioteca.blanes.cat\/salainfantil\/wp-json\/wp\/v2\/tags?post=11566"}],"curies":[{"name":"wp","href":"https:\/\/api.w.org\/{rel}","templated":true}]}}