{"id":11194,"date":"2025-07-03T13:44:57","date_gmt":"2025-07-03T12:44:57","guid":{"rendered":"https:\/\/biblioteca.blanes.cat\/salainfantil\/?p=11194"},"modified":"2025-07-03T16:58:18","modified_gmt":"2025-07-03T15:58:18","slug":"biblioglacons-lectures-refrescants","status":"publish","type":"post","link":"https:\/\/biblioteca.blanes.cat\/salainfantil\/biblioglacons-lectures-refrescants\/","title":{"rendered":"Bibliovacances 2025"},"content":{"rendered":"\n<p>Petits lectors i lectores, ja ha arribat l\u2019estiu! I, com ja sabeu, amb la calor tamb\u00e9 arriba l\u2019activitat que m\u00e9s us agrada de la Biblioteca: el <span style=\"color: #3366ff;\"><strong>BIBLIOVACANCES<\/strong><\/span>!<\/p>\n<p>Per tal de combatre aquesta onada de calor, us portem una proposta d\u2019all\u00f2 m\u00e9s refrescant: aprofitant que \u00e9s l\u2019<span style=\"color: #0000ff;\"><strong>Any Internacional de la Conservaci\u00f3 de les Glaceres<\/strong> <\/span>de la<span style=\"color: #0000ff;\"> <strong>UNESCO<\/strong><\/span>, la tem\u00e0tica de l\u2019activitat estrella d\u2019aquest estiu no podia ser una altra que <span style=\"color: #3366ff;\"><strong>Bibliogla\u00e7ons: lectures refrescants<\/strong><\/span>.<\/p>\n\n\n\n\n\n<p><a href=\"https:\/\/biblioteca.blanes.cat\/salainfantil\/biblioglacons-lectures-refrescants\/20250630_133645\/\" rel=\"attachment wp-att-11195\"><img fetchpriority=\"high\" decoding=\"async\" class=\"aligncenter size-medium wp-image-11195\" src=\"https:\/\/biblioteca.blanes.cat\/salainfantil\/wp-content\/uploads\/sites\/2\/2025\/07\/20250630_133645-225x300.jpg\" alt=\"\" width=\"225\" height=\"300\" srcset=\"https:\/\/biblioteca.blanes.cat\/salainfantil\/wp-content\/uploads\/sites\/2\/2025\/07\/20250630_133645-225x300.jpg 225w, https:\/\/biblioteca.blanes.cat\/salainfantil\/wp-content\/uploads\/sites\/2\/2025\/07\/20250630_133645-768x1024.jpg 768w, https:\/\/biblioteca.blanes.cat\/salainfantil\/wp-content\/uploads\/sites\/2\/2025\/07\/20250630_133645-1152x1536.jpg 1152w, https:\/\/biblioteca.blanes.cat\/salainfantil\/wp-content\/uploads\/sites\/2\/2025\/07\/20250630_133645-1536x2048.jpg 1536w, https:\/\/biblioteca.blanes.cat\/salainfantil\/wp-content\/uploads\/sites\/2\/2025\/07\/20250630_133645-rotated.jpg 1734w\" sizes=\"(max-width: 225px) 100vw, 225px\" \/><\/a><\/p>\n\n\n\n<p>Voleu con\u00e8ixer en qu\u00e8 consisteix el <span style=\"color: #3366ff;\"><strong>Bibliogla\u00e7ons<\/strong><\/span>? Doncs agafeu barret i manta perqu\u00e8 comen\u00e7a a fer una mica de fred a la sala infantil!<\/p>\n\n\n\n<p><a href=\"https:\/\/biblioteca.blanes.cat\/salainfantil\/biblioglacons-lectures-refrescants\/bibliovacances-2025_decoracio-16\/\" rel=\"attachment wp-att-11210\"><img decoding=\"async\" class=\"aligncenter size-medium wp-image-11210\" src=\"https:\/\/biblioteca.blanes.cat\/salainfantil\/wp-content\/uploads\/sites\/2\/2025\/07\/Bibliovacances-2025_decoracio-16-300x225.jpg\" alt=\"\" width=\"300\" height=\"225\" srcset=\"https:\/\/biblioteca.blanes.cat\/salainfantil\/wp-content\/uploads\/sites\/2\/2025\/07\/Bibliovacances-2025_decoracio-16-300x225.jpg 300w, https:\/\/biblioteca.blanes.cat\/salainfantil\/wp-content\/uploads\/sites\/2\/2025\/07\/Bibliovacances-2025_decoracio-16-1024x768.jpg 1024w, https:\/\/biblioteca.blanes.cat\/salainfantil\/wp-content\/uploads\/sites\/2\/2025\/07\/Bibliovacances-2025_decoracio-16-768x576.jpg 768w, https:\/\/biblioteca.blanes.cat\/salainfantil\/wp-content\/uploads\/sites\/2\/2025\/07\/Bibliovacances-2025_decoracio-16-1536x1152.jpg 1536w, https:\/\/biblioteca.blanes.cat\/salainfantil\/wp-content\/uploads\/sites\/2\/2025\/07\/Bibliovacances-2025_decoracio-16-2048x1536.jpg 2048w\" sizes=\"(max-width: 300px) 100vw, 300px\" \/><\/a><\/p>\n<p><span style=\"color: #0000ff;\"><strong><u>En qu\u00e8 consisteix el Bibliogla\u00e7ons?<\/u><\/strong><\/span><\/p>\n<p>Segons ens informa la <span style=\"color: #0000ff;\"><strong>UNESCO<\/strong><\/span>, \u201c<em>al voltant del <span style=\"color: #0000ff;\"><strong>70% de l&#8217;aigua dol\u00e7a<\/strong><\/span> mundial s&#8217;emmagatzema en <span style=\"color: #0000ff;\"><strong>glaceres<\/strong><\/span> i capes de gel; no obstant aix\u00f2, aquestes formacions de gel estan disminuint r\u00e0pidament a causa del <span style=\"color: #0000ff;\"><strong>canvi clim\u00e0tic<\/strong><\/span>. Preservar aquests recursos crucials \u00e9s essencial per a la <span style=\"color: #0000ff;\"><strong>sostenibilitat ambiental<\/strong><\/span>, l&#8217;estabilitat econ\u00f2mica i la salvaguarda de cultures i mitjans de vida<\/em>\u201d.<\/p>\n<p>L\u2019objectiu del Bibliovacances d\u2019aquest any \u00e9s que entre tots i totes aconseguim <span style=\"color: #ff0000;\"><strong>baixar la temperatura<\/strong><\/span> del nostre gla\u00e7\u00f2metre, per tal d\u2019ajudar en la conservaci\u00f3 de les glaceres del m\u00f3n.<\/p>\n\n\n\n<p><a href=\"https:\/\/biblioteca.blanes.cat\/salainfantil\/biblioglacons-lectures-refrescants\/bibliovacances-2025_decoracio-1\/\" rel=\"attachment wp-att-11199\"><img decoding=\"async\" class=\"aligncenter size-medium wp-image-11199\" src=\"https:\/\/biblioteca.blanes.cat\/salainfantil\/wp-content\/uploads\/sites\/2\/2025\/07\/Bibliovacances-2025_decoracio-1-225x300.jpg\" alt=\"\" width=\"225\" height=\"300\" srcset=\"https:\/\/biblioteca.blanes.cat\/salainfantil\/wp-content\/uploads\/sites\/2\/2025\/07\/Bibliovacances-2025_decoracio-1-225x300.jpg 225w, https:\/\/biblioteca.blanes.cat\/salainfantil\/wp-content\/uploads\/sites\/2\/2025\/07\/Bibliovacances-2025_decoracio-1-768x1024.jpg 768w, https:\/\/biblioteca.blanes.cat\/salainfantil\/wp-content\/uploads\/sites\/2\/2025\/07\/Bibliovacances-2025_decoracio-1-1152x1536.jpg 1152w, https:\/\/biblioteca.blanes.cat\/salainfantil\/wp-content\/uploads\/sites\/2\/2025\/07\/Bibliovacances-2025_decoracio-1-1536x2048.jpg 1536w, https:\/\/biblioteca.blanes.cat\/salainfantil\/wp-content\/uploads\/sites\/2\/2025\/07\/Bibliovacances-2025_decoracio-1-scaled.jpg 1920w\" sizes=\"(max-width: 225px) 100vw, 225px\" \/><\/a><a href=\"https:\/\/biblioteca.blanes.cat\/salainfantil\/biblioglacons-lectures-refrescants\/20250702_184704\/\" rel=\"attachment wp-att-11212\"><img loading=\"lazy\" decoding=\"async\" class=\"aligncenter size-medium wp-image-11212\" src=\"https:\/\/biblioteca.blanes.cat\/salainfantil\/wp-content\/uploads\/sites\/2\/2025\/07\/20250702_184704-300x225.jpg\" alt=\"\" width=\"300\" height=\"225\" srcset=\"https:\/\/biblioteca.blanes.cat\/salainfantil\/wp-content\/uploads\/sites\/2\/2025\/07\/20250702_184704-300x225.jpg 300w, https:\/\/biblioteca.blanes.cat\/salainfantil\/wp-content\/uploads\/sites\/2\/2025\/07\/20250702_184704-1024x768.jpg 1024w, https:\/\/biblioteca.blanes.cat\/salainfantil\/wp-content\/uploads\/sites\/2\/2025\/07\/20250702_184704-768x576.jpg 768w, https:\/\/biblioteca.blanes.cat\/salainfantil\/wp-content\/uploads\/sites\/2\/2025\/07\/20250702_184704-1536x1152.jpg 1536w, https:\/\/biblioteca.blanes.cat\/salainfantil\/wp-content\/uploads\/sites\/2\/2025\/07\/20250702_184704-2048x1536.jpg 2048w\" sizes=\"(max-width: 300px) 100vw, 300px\" \/><\/a><\/p>\n\n\n\n<p>Per tant, aquest cop necessitareu un punt de llibre amb un petit <span style=\"color: #3366ff;\"><strong>gla\u00e7\u00f2metre<\/strong> <\/span>on anirem marcant les repeticions que feu per aconseguir baixar la temperatura. Per cada repetici\u00f3, us donarem un petit <span style=\"color: #3366ff;\"><strong>gla\u00e7\u00f3<\/strong> <\/span>per enganxar-lo al vostre punt de llibre i un gla\u00e7\u00f3 gran per posar-lo al gla\u00e7\u00f2metre gegant de la sala infantil. Per\u00f2, atenci\u00f3! Agrairem la vostra col\u00b7laboraci\u00f3 amb uns premis molt especials per cada ronda que completeu!<\/p>\n<p><span style=\"color: #0000ff;\"><strong>I com podeu ajudar a les glaceres?<\/strong><\/span><\/p>\n<p>Haureu d\u2019omplir un <span style=\"color: #3366ff;\"><strong>dossier<\/strong><\/span> amb unes lectures que tenim preparades per a vosaltres. A l\u2019igl\u00fa d\u2019en Pingu i d\u2019en Gla\u00e7onet de la sala infantil, trobareu un munt de blocs de gel amb una etiqueta amb el color segons el vostre nivell lector (<span style=\"color: #00ccff;\">I1 \u2013 BLAU<\/span>,<span style=\"color: #ff0000;\"> I2 \u2013 VERMELL<\/span>, <span style=\"color: #00ff00;\">I3 -VERD<\/span> i <span style=\"color: #ff00ff;\">joves &#8211;\u00a0 FUCSIA<\/span>). Cada bloc cont\u00e9 <span style=\"color: #3366ff;\"><strong>3 llibres<\/strong><\/span> que haureu de llegir per a poder omplir el dossier que us proporcionem.<\/p>\n<p>Un cop h\u00e0giu fet el primer dossier, us en donarem una <span style=\"color: #3366ff;\"><strong>activitat final<\/strong><\/span> que haureu de realitzar.<\/p>\n<p>Per\u00f2 si voleu aconseguir m\u00e9s premis i ajudar-nos a baixar la temperatura del gla\u00e7\u00f2metre, podreu repetir i omplir fins a 3 dossiers m\u00e9s! Us hi animeu?<\/p>\n<p><a href=\"https:\/\/biblioteca.blanes.cat\/salainfantil\/biblioglacons-lectures-refrescants\/pingu-i-glaconet\/\" rel=\"attachment wp-att-11230\"><img loading=\"lazy\" decoding=\"async\" class=\"aligncenter size-medium wp-image-11230\" src=\"https:\/\/biblioteca.blanes.cat\/salainfantil\/wp-content\/uploads\/sites\/2\/2025\/07\/Pingu-i-Glaconet-225x300.jpg\" alt=\"\" width=\"225\" height=\"300\" srcset=\"https:\/\/biblioteca.blanes.cat\/salainfantil\/wp-content\/uploads\/sites\/2\/2025\/07\/Pingu-i-Glaconet-225x300.jpg 225w, https:\/\/biblioteca.blanes.cat\/salainfantil\/wp-content\/uploads\/sites\/2\/2025\/07\/Pingu-i-Glaconet-768x1024.jpg 768w, https:\/\/biblioteca.blanes.cat\/salainfantil\/wp-content\/uploads\/sites\/2\/2025\/07\/Pingu-i-Glaconet-1152x1536.jpg 1152w, https:\/\/biblioteca.blanes.cat\/salainfantil\/wp-content\/uploads\/sites\/2\/2025\/07\/Pingu-i-Glaconet-1536x2048.jpg 1536w, https:\/\/biblioteca.blanes.cat\/salainfantil\/wp-content\/uploads\/sites\/2\/2025\/07\/Pingu-i-Glaconet.jpg 1800w\" sizes=\"(max-width: 225px) 100vw, 225px\" \/><\/a> <a href=\"https:\/\/biblioteca.blanes.cat\/salainfantil\/biblioglacons-lectures-refrescants\/bibliovacances-2025_decoracio-5\/\" rel=\"attachment wp-att-11201\"><img loading=\"lazy\" decoding=\"async\" class=\"aligncenter size-medium wp-image-11201\" src=\"https:\/\/biblioteca.blanes.cat\/salainfantil\/wp-content\/uploads\/sites\/2\/2025\/07\/Bibliovacances-2025_decoracio-5-300x225.jpg\" alt=\"\" width=\"300\" height=\"225\" srcset=\"https:\/\/biblioteca.blanes.cat\/salainfantil\/wp-content\/uploads\/sites\/2\/2025\/07\/Bibliovacances-2025_decoracio-5-300x225.jpg 300w, https:\/\/biblioteca.blanes.cat\/salainfantil\/wp-content\/uploads\/sites\/2\/2025\/07\/Bibliovacances-2025_decoracio-5-1024x768.jpg 1024w, https:\/\/biblioteca.blanes.cat\/salainfantil\/wp-content\/uploads\/sites\/2\/2025\/07\/Bibliovacances-2025_decoracio-5-768x576.jpg 768w, https:\/\/biblioteca.blanes.cat\/salainfantil\/wp-content\/uploads\/sites\/2\/2025\/07\/Bibliovacances-2025_decoracio-5-1536x1152.jpg 1536w, https:\/\/biblioteca.blanes.cat\/salainfantil\/wp-content\/uploads\/sites\/2\/2025\/07\/Bibliovacances-2025_decoracio-5-2048x1536.jpg 2048w\" sizes=\"(max-width: 300px) 100vw, 300px\" \/><\/a> <a href=\"https:\/\/biblioteca.blanes.cat\/salainfantil\/biblioglacons-lectures-refrescants\/bibliovacances-2025_decoracio-15\/\" rel=\"attachment wp-att-11209\"><img loading=\"lazy\" decoding=\"async\" class=\"aligncenter  wp-image-11209\" src=\"https:\/\/biblioteca.blanes.cat\/salainfantil\/wp-content\/uploads\/sites\/2\/2025\/07\/Bibliovacances-2025_decoracio-15-225x300.jpg\" alt=\"\" width=\"262\" height=\"349\" srcset=\"https:\/\/biblioteca.blanes.cat\/salainfantil\/wp-content\/uploads\/sites\/2\/2025\/07\/Bibliovacances-2025_decoracio-15-225x300.jpg 225w, https:\/\/biblioteca.blanes.cat\/salainfantil\/wp-content\/uploads\/sites\/2\/2025\/07\/Bibliovacances-2025_decoracio-15-768x1024.jpg 768w, https:\/\/biblioteca.blanes.cat\/salainfantil\/wp-content\/uploads\/sites\/2\/2025\/07\/Bibliovacances-2025_decoracio-15-1152x1536.jpg 1152w, https:\/\/biblioteca.blanes.cat\/salainfantil\/wp-content\/uploads\/sites\/2\/2025\/07\/Bibliovacances-2025_decoracio-15-1536x2048.jpg 1536w, https:\/\/biblioteca.blanes.cat\/salainfantil\/wp-content\/uploads\/sites\/2\/2025\/07\/Bibliovacances-2025_decoracio-15-scaled.jpg 1920w\" sizes=\"(max-width: 262px) 100vw, 262px\" \/><\/a> <a href=\"https:\/\/biblioteca.blanes.cat\/salainfantil\/biblioglacons-lectures-refrescants\/bibliovacances-2025_decoracio-14-copia\/\" rel=\"attachment wp-att-11208\"><img loading=\"lazy\" decoding=\"async\" class=\"aligncenter  wp-image-11208\" src=\"https:\/\/biblioteca.blanes.cat\/salainfantil\/wp-content\/uploads\/sites\/2\/2025\/07\/Bibliovacances-2025_decoracio-14-copia-300x146.jpg\" alt=\"\" width=\"475\" height=\"231\" srcset=\"https:\/\/biblioteca.blanes.cat\/salainfantil\/wp-content\/uploads\/sites\/2\/2025\/07\/Bibliovacances-2025_decoracio-14-copia-300x146.jpg 300w, https:\/\/biblioteca.blanes.cat\/salainfantil\/wp-content\/uploads\/sites\/2\/2025\/07\/Bibliovacances-2025_decoracio-14-copia-1024x498.jpg 1024w, https:\/\/biblioteca.blanes.cat\/salainfantil\/wp-content\/uploads\/sites\/2\/2025\/07\/Bibliovacances-2025_decoracio-14-copia-768x374.jpg 768w, https:\/\/biblioteca.blanes.cat\/salainfantil\/wp-content\/uploads\/sites\/2\/2025\/07\/Bibliovacances-2025_decoracio-14-copia-1536x748.jpg 1536w, https:\/\/biblioteca.blanes.cat\/salainfantil\/wp-content\/uploads\/sites\/2\/2025\/07\/Bibliovacances-2025_decoracio-14-copia-2048x997.jpg 2048w\" sizes=\"(max-width: 475px) 100vw, 475px\" \/><\/a><\/p>\n\n\n\n<p><span style=\"color: #0000ff;\"><strong>Una onada de calor\u2026 i una escapada als Pols (sense sortir de la biblioteca!)<\/strong><\/span><\/p>\n<p>Aquest estiu, les temperatures pugen\u2026 per\u00f2 a la sala infantil de la biblioteca us esperem amb un ambient ben fresc! La nostra <span style=\"color: #3366ff;\"><strong>decoraci\u00f3 de tem\u00e0tica glacial<\/strong><\/span> \u2014amb igl\u00fas, ping\u00fcins i gel a tot arreu\u2014 no nom\u00e9s convida a somiar amb terres gelades i aventures polars, sin\u00f3 que tamb\u00e9 ofereix un espai acollidor i climatitzat on tothom hi \u00e9s benvingut.<\/p>\n<p><a href=\"https:\/\/biblioteca.blanes.cat\/salainfantil\/biblioglacons-lectures-refrescants\/20250702_173206\/\" rel=\"attachment wp-att-11197\"><img loading=\"lazy\" decoding=\"async\" class=\"aligncenter size-medium wp-image-11197\" src=\"https:\/\/biblioteca.blanes.cat\/salainfantil\/wp-content\/uploads\/sites\/2\/2025\/07\/20250702_173206-300x225.jpg\" alt=\"\" width=\"300\" height=\"225\" srcset=\"https:\/\/biblioteca.blanes.cat\/salainfantil\/wp-content\/uploads\/sites\/2\/2025\/07\/20250702_173206-300x225.jpg 300w, https:\/\/biblioteca.blanes.cat\/salainfantil\/wp-content\/uploads\/sites\/2\/2025\/07\/20250702_173206-1024x768.jpg 1024w, https:\/\/biblioteca.blanes.cat\/salainfantil\/wp-content\/uploads\/sites\/2\/2025\/07\/20250702_173206-768x576.jpg 768w, https:\/\/biblioteca.blanes.cat\/salainfantil\/wp-content\/uploads\/sites\/2\/2025\/07\/20250702_173206-1536x1152.jpg 1536w, https:\/\/biblioteca.blanes.cat\/salainfantil\/wp-content\/uploads\/sites\/2\/2025\/07\/20250702_173206-2048x1536.jpg 2048w\" sizes=\"(max-width: 300px) 100vw, 300px\" \/><\/a> <a href=\"https:\/\/biblioteca.blanes.cat\/salainfantil\/biblioglacons-lectures-refrescants\/bibliovacances-2025_decoracio-6\/\" rel=\"attachment wp-att-11202\"><img loading=\"lazy\" decoding=\"async\" class=\"aligncenter  wp-image-11202\" src=\"https:\/\/biblioteca.blanes.cat\/salainfantil\/wp-content\/uploads\/sites\/2\/2025\/07\/Bibliovacances-2025_decoracio-6-225x300.jpg\" alt=\"\" width=\"265\" height=\"353\" srcset=\"https:\/\/biblioteca.blanes.cat\/salainfantil\/wp-content\/uploads\/sites\/2\/2025\/07\/Bibliovacances-2025_decoracio-6-225x300.jpg 225w, https:\/\/biblioteca.blanes.cat\/salainfantil\/wp-content\/uploads\/sites\/2\/2025\/07\/Bibliovacances-2025_decoracio-6-768x1024.jpg 768w, https:\/\/biblioteca.blanes.cat\/salainfantil\/wp-content\/uploads\/sites\/2\/2025\/07\/Bibliovacances-2025_decoracio-6-1152x1536.jpg 1152w, https:\/\/biblioteca.blanes.cat\/salainfantil\/wp-content\/uploads\/sites\/2\/2025\/07\/Bibliovacances-2025_decoracio-6-1536x2048.jpg 1536w, https:\/\/biblioteca.blanes.cat\/salainfantil\/wp-content\/uploads\/sites\/2\/2025\/07\/Bibliovacances-2025_decoracio-6-scaled.jpg 1920w\" sizes=\"(max-width: 265px) 100vw, 265px\" \/><\/a> <a href=\"https:\/\/biblioteca.blanes.cat\/salainfantil\/biblioglacons-lectures-refrescants\/bibliovacances-2025_decoracio-8\/\" rel=\"attachment wp-att-11203\"><img loading=\"lazy\" decoding=\"async\" class=\"aligncenter  wp-image-11203\" src=\"https:\/\/biblioteca.blanes.cat\/salainfantil\/wp-content\/uploads\/sites\/2\/2025\/07\/Bibliovacances-2025_decoracio-8-225x300.jpg\" alt=\"\" width=\"263\" height=\"351\" srcset=\"https:\/\/biblioteca.blanes.cat\/salainfantil\/wp-content\/uploads\/sites\/2\/2025\/07\/Bibliovacances-2025_decoracio-8-225x300.jpg 225w, https:\/\/biblioteca.blanes.cat\/salainfantil\/wp-content\/uploads\/sites\/2\/2025\/07\/Bibliovacances-2025_decoracio-8-768x1024.jpg 768w, https:\/\/biblioteca.blanes.cat\/salainfantil\/wp-content\/uploads\/sites\/2\/2025\/07\/Bibliovacances-2025_decoracio-8-1152x1536.jpg 1152w, https:\/\/biblioteca.blanes.cat\/salainfantil\/wp-content\/uploads\/sites\/2\/2025\/07\/Bibliovacances-2025_decoracio-8-1536x2048.jpg 1536w, https:\/\/biblioteca.blanes.cat\/salainfantil\/wp-content\/uploads\/sites\/2\/2025\/07\/Bibliovacances-2025_decoracio-8-scaled.jpg 1920w\" sizes=\"(max-width: 263px) 100vw, 263px\" \/><\/a> <a href=\"https:\/\/biblioteca.blanes.cat\/salainfantil\/biblioglacons-lectures-refrescants\/20250702_173142\/\" rel=\"attachment wp-att-11196\"><img loading=\"lazy\" decoding=\"async\" class=\"aligncenter  wp-image-11196\" src=\"https:\/\/biblioteca.blanes.cat\/salainfantil\/wp-content\/uploads\/sites\/2\/2025\/07\/20250702_173142-300x225.jpg\" alt=\"\" width=\"337\" height=\"253\" srcset=\"https:\/\/biblioteca.blanes.cat\/salainfantil\/wp-content\/uploads\/sites\/2\/2025\/07\/20250702_173142-300x225.jpg 300w, https:\/\/biblioteca.blanes.cat\/salainfantil\/wp-content\/uploads\/sites\/2\/2025\/07\/20250702_173142-1024x768.jpg 1024w, https:\/\/biblioteca.blanes.cat\/salainfantil\/wp-content\/uploads\/sites\/2\/2025\/07\/20250702_173142-768x576.jpg 768w, https:\/\/biblioteca.blanes.cat\/salainfantil\/wp-content\/uploads\/sites\/2\/2025\/07\/20250702_173142-1536x1152.jpg 1536w, https:\/\/biblioteca.blanes.cat\/salainfantil\/wp-content\/uploads\/sites\/2\/2025\/07\/20250702_173142-2048x1536.jpg 2048w\" sizes=\"(max-width: 337px) 100vw, 337px\" \/><\/a> <a href=\"https:\/\/biblioteca.blanes.cat\/salainfantil\/biblioglacons-lectures-refrescants\/bibliovacances-2025_decoracio-9\/\" rel=\"attachment wp-att-11204\"><img loading=\"lazy\" decoding=\"async\" class=\"aligncenter  wp-image-11204\" src=\"https:\/\/biblioteca.blanes.cat\/salainfantil\/wp-content\/uploads\/sites\/2\/2025\/07\/Bibliovacances-2025_decoracio-9-300x225.jpg\" alt=\"\" width=\"339\" height=\"254\" srcset=\"https:\/\/biblioteca.blanes.cat\/salainfantil\/wp-content\/uploads\/sites\/2\/2025\/07\/Bibliovacances-2025_decoracio-9-300x225.jpg 300w, https:\/\/biblioteca.blanes.cat\/salainfantil\/wp-content\/uploads\/sites\/2\/2025\/07\/Bibliovacances-2025_decoracio-9-1024x768.jpg 1024w, https:\/\/biblioteca.blanes.cat\/salainfantil\/wp-content\/uploads\/sites\/2\/2025\/07\/Bibliovacances-2025_decoracio-9-768x576.jpg 768w, https:\/\/biblioteca.blanes.cat\/salainfantil\/wp-content\/uploads\/sites\/2\/2025\/07\/Bibliovacances-2025_decoracio-9-1536x1152.jpg 1536w, https:\/\/biblioteca.blanes.cat\/salainfantil\/wp-content\/uploads\/sites\/2\/2025\/07\/Bibliovacances-2025_decoracio-9-2048x1536.jpg 2048w\" sizes=\"(max-width: 339px) 100vw, 339px\" \/><\/a> <a href=\"https:\/\/biblioteca.blanes.cat\/salainfantil\/biblioglacons-lectures-refrescants\/bibliovacances-2025_decoracio-17\/\" rel=\"attachment wp-att-11211\"><img loading=\"lazy\" decoding=\"async\" class=\"aligncenter  wp-image-11211\" src=\"https:\/\/biblioteca.blanes.cat\/salainfantil\/wp-content\/uploads\/sites\/2\/2025\/07\/Bibliovacances-2025_decoracio-17-300x225.jpg\" alt=\"\" width=\"363\" height=\"272\" srcset=\"https:\/\/biblioteca.blanes.cat\/salainfantil\/wp-content\/uploads\/sites\/2\/2025\/07\/Bibliovacances-2025_decoracio-17-300x225.jpg 300w, https:\/\/biblioteca.blanes.cat\/salainfantil\/wp-content\/uploads\/sites\/2\/2025\/07\/Bibliovacances-2025_decoracio-17-1024x768.jpg 1024w, https:\/\/biblioteca.blanes.cat\/salainfantil\/wp-content\/uploads\/sites\/2\/2025\/07\/Bibliovacances-2025_decoracio-17-768x576.jpg 768w, https:\/\/biblioteca.blanes.cat\/salainfantil\/wp-content\/uploads\/sites\/2\/2025\/07\/Bibliovacances-2025_decoracio-17-1536x1152.jpg 1536w, https:\/\/biblioteca.blanes.cat\/salainfantil\/wp-content\/uploads\/sites\/2\/2025\/07\/Bibliovacances-2025_decoracio-17-2048x1536.jpg 2048w\" sizes=\"(max-width: 363px) 100vw, 363px\" \/><\/a><\/p>\n\n\n\n<p>La biblioteca \u00e9s un <span style=\"color: #3366ff;\"><strong>refugi clim\u00e0tic<\/strong><\/span>: un lloc segur i agradable per passar les hores m\u00e9s caloroses del dia, llegint, jugant o simplement descansant. Tant petits com grans hi trobareu un respir de la calor exterior i una bona dosi d\u2019imaginaci\u00f3 per viatjar, encara que sigui de manera liter\u00e0ria, cap a paisatges ben gla\u00e7ats.<\/p>\n<p>Per als m\u00e9s grans, a la <span style=\"color: #ff00ff;\"><strong>sala jove<\/strong><\/span> tamb\u00e9 tenim un rac\u00f3 fresc i curi\u00f3s: hi trobar\u00e0s informaci\u00f3 sobre els <span style=\"color: #3366ff;\"><strong>tipus de glaceres<\/strong><\/span>, els<span style=\"color: #3366ff;\"> <strong>icebergs<\/strong><\/span> i com afecten el planeta. Ideal per als joves exploradors, cient\u00edfics en pot\u00e8ncia i ments curioses!<\/p>\n\n\n\n\n\n<p><a href=\"https:\/\/biblioteca.blanes.cat\/salainfantil\/biblioglacons-lectures-refrescants\/bibliovacances-2025_decoracio-10\/\" rel=\"attachment wp-att-11205\"><img loading=\"lazy\" decoding=\"async\" class=\"aligncenter size-medium wp-image-11205\" src=\"https:\/\/biblioteca.blanes.cat\/salainfantil\/wp-content\/uploads\/sites\/2\/2025\/07\/Bibliovacances-2025_decoracio-10-300x225.jpg\" alt=\"\" width=\"300\" height=\"225\" srcset=\"https:\/\/biblioteca.blanes.cat\/salainfantil\/wp-content\/uploads\/sites\/2\/2025\/07\/Bibliovacances-2025_decoracio-10-300x225.jpg 300w, https:\/\/biblioteca.blanes.cat\/salainfantil\/wp-content\/uploads\/sites\/2\/2025\/07\/Bibliovacances-2025_decoracio-10-1024x768.jpg 1024w, https:\/\/biblioteca.blanes.cat\/salainfantil\/wp-content\/uploads\/sites\/2\/2025\/07\/Bibliovacances-2025_decoracio-10-768x576.jpg 768w, https:\/\/biblioteca.blanes.cat\/salainfantil\/wp-content\/uploads\/sites\/2\/2025\/07\/Bibliovacances-2025_decoracio-10-1536x1152.jpg 1536w, https:\/\/biblioteca.blanes.cat\/salainfantil\/wp-content\/uploads\/sites\/2\/2025\/07\/Bibliovacances-2025_decoracio-10-2048x1536.jpg 2048w\" sizes=\"(max-width: 300px) 100vw, 300px\" \/><\/a> <a href=\"https:\/\/biblioteca.blanes.cat\/salainfantil\/biblioglacons-lectures-refrescants\/bibliovacances-2025_decoracio-13\/\" rel=\"attachment wp-att-11207\"><img loading=\"lazy\" decoding=\"async\" class=\"aligncenter  wp-image-11207\" src=\"https:\/\/biblioteca.blanes.cat\/salainfantil\/wp-content\/uploads\/sites\/2\/2025\/07\/Bibliovacances-2025_decoracio-13-225x300.jpg\" alt=\"\" width=\"275\" height=\"367\" srcset=\"https:\/\/biblioteca.blanes.cat\/salainfantil\/wp-content\/uploads\/sites\/2\/2025\/07\/Bibliovacances-2025_decoracio-13-225x300.jpg 225w, https:\/\/biblioteca.blanes.cat\/salainfantil\/wp-content\/uploads\/sites\/2\/2025\/07\/Bibliovacances-2025_decoracio-13-768x1024.jpg 768w, https:\/\/biblioteca.blanes.cat\/salainfantil\/wp-content\/uploads\/sites\/2\/2025\/07\/Bibliovacances-2025_decoracio-13-1152x1536.jpg 1152w, https:\/\/biblioteca.blanes.cat\/salainfantil\/wp-content\/uploads\/sites\/2\/2025\/07\/Bibliovacances-2025_decoracio-13-1536x2048.jpg 1536w, https:\/\/biblioteca.blanes.cat\/salainfantil\/wp-content\/uploads\/sites\/2\/2025\/07\/Bibliovacances-2025_decoracio-13-scaled.jpg 1920w\" sizes=\"(max-width: 275px) 100vw, 275px\" \/><\/a> <a href=\"https:\/\/biblioteca.blanes.cat\/salainfantil\/biblioglacons-lectures-refrescants\/bibliovacances-2025_decoracio-11\/\" rel=\"attachment wp-att-11206\"><img loading=\"lazy\" decoding=\"async\" class=\"aligncenter  wp-image-11206\" src=\"https:\/\/biblioteca.blanes.cat\/salainfantil\/wp-content\/uploads\/sites\/2\/2025\/07\/Bibliovacances-2025_decoracio-11-225x300.jpg\" alt=\"\" width=\"267\" height=\"356\" srcset=\"https:\/\/biblioteca.blanes.cat\/salainfantil\/wp-content\/uploads\/sites\/2\/2025\/07\/Bibliovacances-2025_decoracio-11-225x300.jpg 225w, https:\/\/biblioteca.blanes.cat\/salainfantil\/wp-content\/uploads\/sites\/2\/2025\/07\/Bibliovacances-2025_decoracio-11-768x1024.jpg 768w, https:\/\/biblioteca.blanes.cat\/salainfantil\/wp-content\/uploads\/sites\/2\/2025\/07\/Bibliovacances-2025_decoracio-11-1152x1536.jpg 1152w, https:\/\/biblioteca.blanes.cat\/salainfantil\/wp-content\/uploads\/sites\/2\/2025\/07\/Bibliovacances-2025_decoracio-11-1536x2048.jpg 1536w, https:\/\/biblioteca.blanes.cat\/salainfantil\/wp-content\/uploads\/sites\/2\/2025\/07\/Bibliovacances-2025_decoracio-11-scaled.jpg 1920w\" sizes=\"(max-width: 267px) 100vw, 267px\" \/><\/a><\/p>\n\n\n\n<p><span style=\"color: #0000ff;\"><strong><u>Gr\u00e0cies!<\/u><\/strong><\/span><\/p>\n<p>Volem aprofitar per agrair-vos l\u2019\u00e8xit rotund del <strong>Bibliovacances dels Jocs Ol\u00edmpics 2024<\/strong>. Va ser un any molt especial on vam batre els r\u00e8cords de participaci\u00f3. <span style=\"color: #3366ff;\"><strong>Moltes gr\u00e0cies!<\/strong><\/span><\/p>\n<p>Ens ajudeu a superar-nos aquest estiu?<\/p>\n\n\n\n<p><a href=\"https:\/\/biblioteca.blanes.cat\/salainfantil\/biblioglacons-lectures-refrescants\/20250702_173259\/\" rel=\"attachment wp-att-11198\"><img loading=\"lazy\" decoding=\"async\" class=\"aligncenter  wp-image-11198\" src=\"https:\/\/biblioteca.blanes.cat\/salainfantil\/wp-content\/uploads\/sites\/2\/2025\/07\/20250702_173259-300x225.jpg\" alt=\"\" width=\"349\" height=\"262\" srcset=\"https:\/\/biblioteca.blanes.cat\/salainfantil\/wp-content\/uploads\/sites\/2\/2025\/07\/20250702_173259-300x225.jpg 300w, https:\/\/biblioteca.blanes.cat\/salainfantil\/wp-content\/uploads\/sites\/2\/2025\/07\/20250702_173259-1024x768.jpg 1024w, https:\/\/biblioteca.blanes.cat\/salainfantil\/wp-content\/uploads\/sites\/2\/2025\/07\/20250702_173259-768x576.jpg 768w, https:\/\/biblioteca.blanes.cat\/salainfantil\/wp-content\/uploads\/sites\/2\/2025\/07\/20250702_173259-1536x1152.jpg 1536w, https:\/\/biblioteca.blanes.cat\/salainfantil\/wp-content\/uploads\/sites\/2\/2025\/07\/20250702_173259-2048x1536.jpg 2048w\" sizes=\"(max-width: 349px) 100vw, 349px\" \/><\/a><\/p>\n","protected":false},"excerpt":{"rendered":"<p>Petits lectors i lectores, ja ha arribat l\u2019estiu! I, com ja sabeu, amb la calor tamb\u00e9 arriba l\u2019activitat que m\u00e9s us agrada de la Biblioteca: el BIBLIOVACANCES! Per tal de combatre aquesta onada de calor, us portem una proposta d\u2019all\u00f2<\/p>\n","protected":false},"author":4,"featured_media":11191,"comment_status":"open","ping_status":"open","sticky":false,"template":"","format":"standard","meta":{"sfsi_plus_gutenberg_text_before_share":"","sfsi_plus_gutenberg_show_text_before_share":"","sfsi_plus_gutenberg_icon_type":"","sfsi_plus_gutenberg_icon_alignemt":"","sfsi_plus_gutenburg_max_per_row":"","footnotes":""},"categories":[6,1],"tags":[],"class_list":["post-11194","post","type-post","status-publish","format-standard","has-post-thumbnail","hentry","category-activitats","category-general"],"yoast_head":"<!-- This site is optimized with the Yoast SEO plugin v27.5 - https:\/\/yoast.com\/product\/yoast-seo-wordpress\/ -->\n<title>Bibliovacances 2025 - SALA INFANTIL<\/title>\n<meta name=\"robots\" content=\"index, follow, max-snippet:-1, max-image-preview:large, max-video-preview:-1\" \/>\n<link rel=\"canonical\" href=\"https:\/\/biblioteca.blanes.cat\/salainfantil\/biblioglacons-lectures-refrescants\/\" \/>\n<meta property=\"og:locale\" content=\"ca_ES\" \/>\n<meta property=\"og:type\" content=\"article\" \/>\n<meta property=\"og:title\" content=\"Bibliovacances 2025 - SALA INFANTIL\" \/>\n<meta property=\"og:description\" content=\"Petits lectors i lectores, ja ha arribat l\u2019estiu! I, com ja sabeu, amb la calor tamb\u00e9 arriba l\u2019activitat que m\u00e9s us agrada de la Biblioteca: el BIBLIOVACANCES! Per tal de combatre aquesta onada de calor, us portem una proposta d\u2019all\u00f2\" \/>\n<meta property=\"og:url\" content=\"https:\/\/biblioteca.blanes.cat\/salainfantil\/biblioglacons-lectures-refrescants\/\" \/>\n<meta property=\"og:site_name\" content=\"SALA INFANTIL\" \/>\n<meta property=\"article:published_time\" content=\"2025-07-03T12:44:57+00:00\" \/>\n<meta property=\"article:modified_time\" content=\"2025-07-03T15:58:18+00:00\" \/>\n<meta property=\"og:image\" content=\"https:\/\/biblioteca.blanes.cat\/salainfantil\/wp-content\/uploads\/sites\/2\/2025\/07\/Imatge-logo.png\" \/>\n\t<meta property=\"og:image:width\" content=\"1414\" \/>\n\t<meta property=\"og:image:height\" content=\"2000\" \/>\n\t<meta property=\"og:image:type\" content=\"image\/png\" \/>\n<meta name=\"author\" content=\"biblioblanes\" \/>\n<meta name=\"twitter:card\" content=\"summary_large_image\" \/>\n<meta name=\"twitter:creator\" content=\"@biblioblanes\" \/>\n<meta name=\"twitter:label1\" content=\"Escrit per\" \/>\n\t<meta name=\"twitter:data1\" content=\"biblioblanes\" \/>\n\t<meta name=\"twitter:label2\" content=\"Temps estimat de lectura\" \/>\n\t<meta name=\"twitter:data2\" content=\"7 minuts\" \/>\n<script type=\"application\/ld+json\" class=\"yoast-schema-graph\">{\"@context\":\"https:\\\/\\\/schema.org\",\"@graph\":[{\"@type\":\"Article\",\"@id\":\"https:\\\/\\\/biblioteca.blanes.cat\\\/salainfantil\\\/biblioglacons-lectures-refrescants\\\/#article\",\"isPartOf\":{\"@id\":\"https:\\\/\\\/biblioteca.blanes.cat\\\/salainfantil\\\/biblioglacons-lectures-refrescants\\\/\"},\"author\":{\"name\":\"biblioblanes\",\"@id\":\"https:\\\/\\\/biblioteca.blanes.cat\\\/salainfantil\\\/#\\\/schema\\\/person\\\/5a7b46760d9dd611d098bbf571a341dc\"},\"headline\":\"Bibliovacances 2025\",\"datePublished\":\"2025-07-03T12:44:57+00:00\",\"dateModified\":\"2025-07-03T15:58:18+00:00\",\"mainEntityOfPage\":{\"@id\":\"https:\\\/\\\/biblioteca.blanes.cat\\\/salainfantil\\\/biblioglacons-lectures-refrescants\\\/\"},\"wordCount\":632,\"commentCount\":0,\"image\":{\"@id\":\"https:\\\/\\\/biblioteca.blanes.cat\\\/salainfantil\\\/biblioglacons-lectures-refrescants\\\/#primaryimage\"},\"thumbnailUrl\":\"https:\\\/\\\/biblioteca.blanes.cat\\\/salainfantil\\\/wp-content\\\/uploads\\\/sites\\\/2\\\/2025\\\/07\\\/Imatge-logo.png\",\"articleSection\":[\"Activitats\",\"Fes una ullada\"],\"inLanguage\":\"ca\",\"potentialAction\":[{\"@type\":\"CommentAction\",\"name\":\"Comment\",\"target\":[\"https:\\\/\\\/biblioteca.blanes.cat\\\/salainfantil\\\/biblioglacons-lectures-refrescants\\\/#respond\"]}]},{\"@type\":\"WebPage\",\"@id\":\"https:\\\/\\\/biblioteca.blanes.cat\\\/salainfantil\\\/biblioglacons-lectures-refrescants\\\/\",\"url\":\"https:\\\/\\\/biblioteca.blanes.cat\\\/salainfantil\\\/biblioglacons-lectures-refrescants\\\/\",\"name\":\"Bibliovacances 2025 - SALA INFANTIL\",\"isPartOf\":{\"@id\":\"https:\\\/\\\/biblioteca.blanes.cat\\\/salainfantil\\\/#website\"},\"primaryImageOfPage\":{\"@id\":\"https:\\\/\\\/biblioteca.blanes.cat\\\/salainfantil\\\/biblioglacons-lectures-refrescants\\\/#primaryimage\"},\"image\":{\"@id\":\"https:\\\/\\\/biblioteca.blanes.cat\\\/salainfantil\\\/biblioglacons-lectures-refrescants\\\/#primaryimage\"},\"thumbnailUrl\":\"https:\\\/\\\/biblioteca.blanes.cat\\\/salainfantil\\\/wp-content\\\/uploads\\\/sites\\\/2\\\/2025\\\/07\\\/Imatge-logo.png\",\"datePublished\":\"2025-07-03T12:44:57+00:00\",\"dateModified\":\"2025-07-03T15:58:18+00:00\",\"author\":{\"@id\":\"https:\\\/\\\/biblioteca.blanes.cat\\\/salainfantil\\\/#\\\/schema\\\/person\\\/5a7b46760d9dd611d098bbf571a341dc\"},\"breadcrumb\":{\"@id\":\"https:\\\/\\\/biblioteca.blanes.cat\\\/salainfantil\\\/biblioglacons-lectures-refrescants\\\/#breadcrumb\"},\"inLanguage\":\"ca\",\"potentialAction\":[{\"@type\":\"ReadAction\",\"target\":[\"https:\\\/\\\/biblioteca.blanes.cat\\\/salainfantil\\\/biblioglacons-lectures-refrescants\\\/\"]}]},{\"@type\":\"ImageObject\",\"inLanguage\":\"ca\",\"@id\":\"https:\\\/\\\/biblioteca.blanes.cat\\\/salainfantil\\\/biblioglacons-lectures-refrescants\\\/#primaryimage\",\"url\":\"https:\\\/\\\/biblioteca.blanes.cat\\\/salainfantil\\\/wp-content\\\/uploads\\\/sites\\\/2\\\/2025\\\/07\\\/Imatge-logo.png\",\"contentUrl\":\"https:\\\/\\\/biblioteca.blanes.cat\\\/salainfantil\\\/wp-content\\\/uploads\\\/sites\\\/2\\\/2025\\\/07\\\/Imatge-logo.png\",\"width\":1414,\"height\":2000},{\"@type\":\"BreadcrumbList\",\"@id\":\"https:\\\/\\\/biblioteca.blanes.cat\\\/salainfantil\\\/biblioglacons-lectures-refrescants\\\/#breadcrumb\",\"itemListElement\":[{\"@type\":\"ListItem\",\"position\":1,\"name\":\"Inici\",\"item\":\"https:\\\/\\\/biblioteca.blanes.cat\\\/salainfantil\\\/\"},{\"@type\":\"ListItem\",\"position\":2,\"name\":\"Bibliovacances 2025\"}]},{\"@type\":\"WebSite\",\"@id\":\"https:\\\/\\\/biblioteca.blanes.cat\\\/salainfantil\\\/#website\",\"url\":\"https:\\\/\\\/biblioteca.blanes.cat\\\/salainfantil\\\/\",\"name\":\"SALA INFANTIL\",\"description\":\"Biblioteca Roberto Bola\u00f1o\",\"potentialAction\":[{\"@type\":\"SearchAction\",\"target\":{\"@type\":\"EntryPoint\",\"urlTemplate\":\"https:\\\/\\\/biblioteca.blanes.cat\\\/salainfantil\\\/?s={search_term_string}\"},\"query-input\":{\"@type\":\"PropertyValueSpecification\",\"valueRequired\":true,\"valueName\":\"search_term_string\"}}],\"inLanguage\":\"ca\"},{\"@type\":\"Person\",\"@id\":\"https:\\\/\\\/biblioteca.blanes.cat\\\/salainfantil\\\/#\\\/schema\\\/person\\\/5a7b46760d9dd611d098bbf571a341dc\",\"name\":\"biblioblanes\",\"image\":{\"@type\":\"ImageObject\",\"inLanguage\":\"ca\",\"@id\":\"https:\\\/\\\/secure.gravatar.com\\\/avatar\\\/6593ca6cc90e5a70939f51c95e8315483b9c281bafba597292bee47992030f99?s=96&d=mm&r=g\",\"url\":\"https:\\\/\\\/secure.gravatar.com\\\/avatar\\\/6593ca6cc90e5a70939f51c95e8315483b9c281bafba597292bee47992030f99?s=96&d=mm&r=g\",\"contentUrl\":\"https:\\\/\\\/secure.gravatar.com\\\/avatar\\\/6593ca6cc90e5a70939f51c95e8315483b9c281bafba597292bee47992030f99?s=96&d=mm&r=g\",\"caption\":\"biblioblanes\"},\"sameAs\":[\"http:\\\/\\\/www.bibgirona.cat\\\/biblioteca\\\/blanes\",\"https:\\\/\\\/x.com\\\/biblioblanes\"],\"url\":\"https:\\\/\\\/biblioteca.blanes.cat\\\/salainfantil\\\/author\\\/biblioblanes\\\/\"}]}<\/script>\n<!-- \/ Yoast SEO plugin. -->","yoast_head_json":{"title":"Bibliovacances 2025 - SALA INFANTIL","robots":{"index":"index","follow":"follow","max-snippet":"max-snippet:-1","max-image-preview":"max-image-preview:large","max-video-preview":"max-video-preview:-1"},"canonical":"https:\/\/biblioteca.blanes.cat\/salainfantil\/biblioglacons-lectures-refrescants\/","og_locale":"ca_ES","og_type":"article","og_title":"Bibliovacances 2025 - SALA INFANTIL","og_description":"Petits lectors i lectores, ja ha arribat l\u2019estiu! I, com ja sabeu, amb la calor tamb\u00e9 arriba l\u2019activitat que m\u00e9s us agrada de la Biblioteca: el BIBLIOVACANCES! Per tal de combatre aquesta onada de calor, us portem una proposta d\u2019all\u00f2","og_url":"https:\/\/biblioteca.blanes.cat\/salainfantil\/biblioglacons-lectures-refrescants\/","og_site_name":"SALA INFANTIL","article_published_time":"2025-07-03T12:44:57+00:00","article_modified_time":"2025-07-03T15:58:18+00:00","og_image":[{"width":1414,"height":2000,"url":"https:\/\/biblioteca.blanes.cat\/salainfantil\/wp-content\/uploads\/sites\/2\/2025\/07\/Imatge-logo.png","type":"image\/png"}],"author":"biblioblanes","twitter_card":"summary_large_image","twitter_creator":"@biblioblanes","twitter_misc":{"Escrit per":"biblioblanes","Temps estimat de lectura":"7 minuts"},"schema":{"@context":"https:\/\/schema.org","@graph":[{"@type":"Article","@id":"https:\/\/biblioteca.blanes.cat\/salainfantil\/biblioglacons-lectures-refrescants\/#article","isPartOf":{"@id":"https:\/\/biblioteca.blanes.cat\/salainfantil\/biblioglacons-lectures-refrescants\/"},"author":{"name":"biblioblanes","@id":"https:\/\/biblioteca.blanes.cat\/salainfantil\/#\/schema\/person\/5a7b46760d9dd611d098bbf571a341dc"},"headline":"Bibliovacances 2025","datePublished":"2025-07-03T12:44:57+00:00","dateModified":"2025-07-03T15:58:18+00:00","mainEntityOfPage":{"@id":"https:\/\/biblioteca.blanes.cat\/salainfantil\/biblioglacons-lectures-refrescants\/"},"wordCount":632,"commentCount":0,"image":{"@id":"https:\/\/biblioteca.blanes.cat\/salainfantil\/biblioglacons-lectures-refrescants\/#primaryimage"},"thumbnailUrl":"https:\/\/biblioteca.blanes.cat\/salainfantil\/wp-content\/uploads\/sites\/2\/2025\/07\/Imatge-logo.png","articleSection":["Activitats","Fes una ullada"],"inLanguage":"ca","potentialAction":[{"@type":"CommentAction","name":"Comment","target":["https:\/\/biblioteca.blanes.cat\/salainfantil\/biblioglacons-lectures-refrescants\/#respond"]}]},{"@type":"WebPage","@id":"https:\/\/biblioteca.blanes.cat\/salainfantil\/biblioglacons-lectures-refrescants\/","url":"https:\/\/biblioteca.blanes.cat\/salainfantil\/biblioglacons-lectures-refrescants\/","name":"Bibliovacances 2025 - SALA INFANTIL","isPartOf":{"@id":"https:\/\/biblioteca.blanes.cat\/salainfantil\/#website"},"primaryImageOfPage":{"@id":"https:\/\/biblioteca.blanes.cat\/salainfantil\/biblioglacons-lectures-refrescants\/#primaryimage"},"image":{"@id":"https:\/\/biblioteca.blanes.cat\/salainfantil\/biblioglacons-lectures-refrescants\/#primaryimage"},"thumbnailUrl":"https:\/\/biblioteca.blanes.cat\/salainfantil\/wp-content\/uploads\/sites\/2\/2025\/07\/Imatge-logo.png","datePublished":"2025-07-03T12:44:57+00:00","dateModified":"2025-07-03T15:58:18+00:00","author":{"@id":"https:\/\/biblioteca.blanes.cat\/salainfantil\/#\/schema\/person\/5a7b46760d9dd611d098bbf571a341dc"},"breadcrumb":{"@id":"https:\/\/biblioteca.blanes.cat\/salainfantil\/biblioglacons-lectures-refrescants\/#breadcrumb"},"inLanguage":"ca","potentialAction":[{"@type":"ReadAction","target":["https:\/\/biblioteca.blanes.cat\/salainfantil\/biblioglacons-lectures-refrescants\/"]}]},{"@type":"ImageObject","inLanguage":"ca","@id":"https:\/\/biblioteca.blanes.cat\/salainfantil\/biblioglacons-lectures-refrescants\/#primaryimage","url":"https:\/\/biblioteca.blanes.cat\/salainfantil\/wp-content\/uploads\/sites\/2\/2025\/07\/Imatge-logo.png","contentUrl":"https:\/\/biblioteca.blanes.cat\/salainfantil\/wp-content\/uploads\/sites\/2\/2025\/07\/Imatge-logo.png","width":1414,"height":2000},{"@type":"BreadcrumbList","@id":"https:\/\/biblioteca.blanes.cat\/salainfantil\/biblioglacons-lectures-refrescants\/#breadcrumb","itemListElement":[{"@type":"ListItem","position":1,"name":"Inici","item":"https:\/\/biblioteca.blanes.cat\/salainfantil\/"},{"@type":"ListItem","position":2,"name":"Bibliovacances 2025"}]},{"@type":"WebSite","@id":"https:\/\/biblioteca.blanes.cat\/salainfantil\/#website","url":"https:\/\/biblioteca.blanes.cat\/salainfantil\/","name":"SALA INFANTIL","description":"Biblioteca Roberto Bola\u00f1o","potentialAction":[{"@type":"SearchAction","target":{"@type":"EntryPoint","urlTemplate":"https:\/\/biblioteca.blanes.cat\/salainfantil\/?s={search_term_string}"},"query-input":{"@type":"PropertyValueSpecification","valueRequired":true,"valueName":"search_term_string"}}],"inLanguage":"ca"},{"@type":"Person","@id":"https:\/\/biblioteca.blanes.cat\/salainfantil\/#\/schema\/person\/5a7b46760d9dd611d098bbf571a341dc","name":"biblioblanes","image":{"@type":"ImageObject","inLanguage":"ca","@id":"https:\/\/secure.gravatar.com\/avatar\/6593ca6cc90e5a70939f51c95e8315483b9c281bafba597292bee47992030f99?s=96&d=mm&r=g","url":"https:\/\/secure.gravatar.com\/avatar\/6593ca6cc90e5a70939f51c95e8315483b9c281bafba597292bee47992030f99?s=96&d=mm&r=g","contentUrl":"https:\/\/secure.gravatar.com\/avatar\/6593ca6cc90e5a70939f51c95e8315483b9c281bafba597292bee47992030f99?s=96&d=mm&r=g","caption":"biblioblanes"},"sameAs":["http:\/\/www.bibgirona.cat\/biblioteca\/blanes","https:\/\/x.com\/biblioblanes"],"url":"https:\/\/biblioteca.blanes.cat\/salainfantil\/author\/biblioblanes\/"}]}},"_links":{"self":[{"href":"https:\/\/biblioteca.blanes.cat\/salainfantil\/wp-json\/wp\/v2\/posts\/11194","targetHints":{"allow":["GET"]}}],"collection":[{"href":"https:\/\/biblioteca.blanes.cat\/salainfantil\/wp-json\/wp\/v2\/posts"}],"about":[{"href":"https:\/\/biblioteca.blanes.cat\/salainfantil\/wp-json\/wp\/v2\/types\/post"}],"author":[{"embeddable":true,"href":"https:\/\/biblioteca.blanes.cat\/salainfantil\/wp-json\/wp\/v2\/users\/4"}],"replies":[{"embeddable":true,"href":"https:\/\/biblioteca.blanes.cat\/salainfantil\/wp-json\/wp\/v2\/comments?post=11194"}],"version-history":[{"count":7,"href":"https:\/\/biblioteca.blanes.cat\/salainfantil\/wp-json\/wp\/v2\/posts\/11194\/revisions"}],"predecessor-version":[{"id":11232,"href":"https:\/\/biblioteca.blanes.cat\/salainfantil\/wp-json\/wp\/v2\/posts\/11194\/revisions\/11232"}],"wp:featuredmedia":[{"embeddable":true,"href":"https:\/\/biblioteca.blanes.cat\/salainfantil\/wp-json\/wp\/v2\/media\/11191"}],"wp:attachment":[{"href":"https:\/\/biblioteca.blanes.cat\/salainfantil\/wp-json\/wp\/v2\/media?parent=11194"}],"wp:term":[{"taxonomy":"category","embeddable":true,"href":"https:\/\/biblioteca.blanes.cat\/salainfantil\/wp-json\/wp\/v2\/categories?post=11194"},{"taxonomy":"post_tag","embeddable":true,"href":"https:\/\/biblioteca.blanes.cat\/salainfantil\/wp-json\/wp\/v2\/tags?post=11194"}],"curies":[{"name":"wp","href":"https:\/\/api.w.org\/{rel}","templated":true}]}}