{"id":1094,"date":"2019-03-13T14:15:45","date_gmt":"2019-03-13T13:15:45","guid":{"rendered":"https:\/\/biblioteca.blanes.cat\/salainfantil\/?p=1094"},"modified":"2019-03-14T15:22:22","modified_gmt":"2019-03-14T14:22:22","slug":"miniclub-marc-2019","status":"publish","type":"post","link":"https:\/\/biblioteca.blanes.cat\/salainfantil\/miniclub-marc-2019\/","title":{"rendered":"MINICLUB: mar\u00e7 2019"},"content":{"rendered":"<p><span style=\"color: #000000; font-size: 36px;\"><strong><span style=\"font-family: Barrio;\">DONDE VIVEN<a href=\"https:\/\/biblioteca.blanes.cat\/salainfantil\/wp-content\/uploads\/sites\/2\/2019\/01\/donde-viven-los-monstruos1.jpg\"><img decoding=\"async\" class=\" wp-image-728 alignright\" src=\"https:\/\/biblioteca.blanes.cat\/salainfantil\/wp-content\/uploads\/sites\/2\/2019\/01\/donde-viven-los-monstruos1.jpg\" alt=\"\" width=\"185\" height=\"170\" \/><\/a><\/span><\/strong><\/span><\/p>\n<p><span style=\"color: #a65824;\"><strong><span style=\"font-family: Barrio; font-size: 36px; color: #000000;\">LOS MONSTRUOS<\/span><br \/>\n<\/strong><\/span><\/p>\n<p><span style=\"color: #333333; font-size: 28px;\"><em><span style=\"font-family: Barrio;\">Maurice Sendak<\/span> <\/em><\/span><\/p>\n<p>&nbsp;<\/p>\n<p><span style=\"font-family: Lato; font-size: 20px;\">Hem encetat el Miniclub d\u2019aquest mes de mar\u00e7 parlant una mica de l\u2019autor i il\u00b7lustrador d\u2019aquest \u00e0lbum il\u00b7lustrat, Maurice Sendak, considerat un dels il\u00b7lustradors de contes infantils m\u00e9s important del s.XX. Va decidir ser il\u00b7lustrador despr\u00e9s de veure la pel\u00b7l\u00edcula <strong>\u201cFantasia\u201d<\/strong> de Disney.<\/span><\/p>\n<p><span style=\"font-family: Lato; font-size: 20px;\">Va guanyar premis i reconeixements literaris per aquest t\u00edtol, entre ells, la Medalla d\u2019Honor de les Arts en mans del President d\u2019Estats Units, Bill Clinton.<\/span><\/p>\n<p><a href=\"https:\/\/biblioteca.blanes.cat\/salainfantil\/wp-content\/uploads\/sites\/2\/2019\/03\/Biblioteca_miniclub_mar\u00e72019.jpg\"><img fetchpriority=\"high\" decoding=\"async\" class=\"aligncenter size-medium wp-image-1101\" src=\"https:\/\/biblioteca.blanes.cat\/salainfantil\/wp-content\/uploads\/sites\/2\/2019\/03\/Biblioteca_miniclub_mar\u00e72019-300x203.jpg\" alt=\"\" width=\"300\" height=\"203\" srcset=\"https:\/\/biblioteca.blanes.cat\/salainfantil\/wp-content\/uploads\/sites\/2\/2019\/03\/Biblioteca_miniclub_mar\u00e72019-300x203.jpg 300w, https:\/\/biblioteca.blanes.cat\/salainfantil\/wp-content\/uploads\/sites\/2\/2019\/03\/Biblioteca_miniclub_mar\u00e72019-768x519.jpg 768w, https:\/\/biblioteca.blanes.cat\/salainfantil\/wp-content\/uploads\/sites\/2\/2019\/03\/Biblioteca_miniclub_mar\u00e72019.jpg 1024w\" sizes=\"(max-width: 300px) 100vw, 300px\" \/><\/a><\/p>\n<p><span style=\"font-family: Lato; font-size: 20px;\">\u00c9s un verdader exemple d\u2019\u00e0lbum il\u00b7lustrat perfecte, per la seva harmonia entre paraula i imatge. Una hist\u00f2ria po\u00e8tica i senzilla contada amb humor.<\/span><\/p>\n<p><span style=\"font-family: Lato; font-size: 20px;\">Cada imatge despr\u00e8n una atmosfera m\u00e0gica i un joc amb la diagramaci\u00f3.<\/span><\/p>\n<p><span style=\"font-family: Lato; font-size: 20px;\">El tamany de les il\u00b7lustracions va increscendo a mesura que el protagonista es va endinsant en el m\u00f3n on\u00edric i alhora aniran disminuint a mesura que el Max torni a la realitat.<\/span><\/p>\n<p><span style=\"font-family: Lato; font-size: 20px;\">Hem fet la lectura i&#8230;..<\/span><\/p>\n<p><span style=\"font-family: Lato; font-size: 20px;\">&#8221; Max \u00e9s castigat per la seva mare sense sopar per les seves malifetes. \u00c9s un nen entremaliat\u00a0, incompr\u00e9s i reb\u00e8l i sovint, dolent, capa\u00e7 d\u2019enfrontar-se a la seva mare i, fins i tot, de desitjar-li all\u00f2 que cap nen no voldria per a ell mateix: que la meng\u00e9s un monstre. El nen comen\u00e7a a imaginar que la seva habitaci\u00f3 es tranforma en un bosc, un bosc ple de lianes. En aquest bosc hi troba una costa amb un barquet amb el seu nom . Hi puja i comen\u00e7a a navegar. Despr\u00e9s d\u2019un temps indefinit, arriba a un lloc on viuen els monstres, als que captiva. El faran rei de tots els monstres perqu\u00e8 \u00e9s el m\u00e9s temible de tots ells. Despr\u00e9s d\u2019un temps, decidir\u00e0 tornar a casa perqu\u00e8&#8230;.. <strong>com a casa no hi ha r\u00e9s!<\/strong> &#8220;<\/span><\/p>\n<p style=\"text-align: center;\"><span style=\"font-size: 20px;\"><strong><span style=\"font-family: Lato;\">Hem estat jugant entre la realitat i el somni.<\/span><\/strong><\/span><\/p>\n<p><span style=\"font-family: Lato; font-size: 20px;\">Ens \u00a0hem adonat que els monstres son llunyans en el temps i l\u2019espai i en Max ens ha ensenyat a dominar-los i fins i tot arriben a tenir sentiments i s\u00f3n divertits.<\/span><\/p>\n<p>&nbsp;<\/p>\n<p><a href=\"https:\/\/biblioteca.blanes.cat\/salainfantil\/wp-content\/uploads\/sites\/2\/2019\/03\/BiblioBlanes_miniclub_mar\u00e7201911.jpg\"><img decoding=\"async\" class=\"aligncenter size-medium wp-image-1103\" src=\"https:\/\/biblioteca.blanes.cat\/salainfantil\/wp-content\/uploads\/sites\/2\/2019\/03\/BiblioBlanes_miniclub_mar\u00e7201911-300x225.jpg\" alt=\"\" width=\"300\" height=\"225\" srcset=\"https:\/\/biblioteca.blanes.cat\/salainfantil\/wp-content\/uploads\/sites\/2\/2019\/03\/BiblioBlanes_miniclub_mar\u00e7201911-300x225.jpg 300w, https:\/\/biblioteca.blanes.cat\/salainfantil\/wp-content\/uploads\/sites\/2\/2019\/03\/BiblioBlanes_miniclub_mar\u00e7201911-768x576.jpg 768w, https:\/\/biblioteca.blanes.cat\/salainfantil\/wp-content\/uploads\/sites\/2\/2019\/03\/BiblioBlanes_miniclub_mar\u00e7201911.jpg 1024w\" sizes=\"(max-width: 300px) 100vw, 300px\" \/><\/a><\/p>\n<p><span style=\"font-size: 20px;\"><strong><em><span style=\"font-family: Lato;\">Per acabar, hem fet el joc de la caixa vermella amb el lla\u00e7 verd.<\/span><\/em><\/strong><\/span><\/p>\n<p><span style=\"font-size: 20px;\"><em><span style=\"font-family: Lato;\">Hem tret\u00a0 el lla\u00e7 de la caixa, l\u2019hem obert i un a un, hem anat dient, en veu alta, all\u00f2 que ens fa por, la foscor, els fantasmes, l\u2019aigua, les al\u00e7ades, els cucs, els petards, les aranyes, les atraccions, els llops&#8230;. i una vegada tots ho hem\u00a0 fet, hem tancat la caixa r\u00e0pidament, amb el lla\u00e7, perqu\u00e8 totes les pors quedin all\u00e0 dins i no puguin tornar a sortir.<\/span><\/em><\/span><\/p>\n<p><span style=\"font-family: Lato; font-size: 20px;\"><em>Nom\u00e9s apuntar\u00e9 que&#8230; s\u2019ha fet el silenci quan un pare, ha manifestat que ell tenia por a la soledat i el seu fill s\u2019ha fos en una abra\u00e7ada amb ell. <\/em><\/span><\/p>\n<p style=\"text-align: center;\"><span style=\"font-family: Lato; font-size: 20px;\"><em>De vegades&#8230;.sobren totes les paraules!<\/em> <\/span><\/p>\n<p>&nbsp;<\/p>\n<p style=\"text-align: center;\"><span style=\"font-family: Lato; font-size: 20px;\"><strong>Una cosa hem averiguat per\u00f2, <\/strong><\/span><\/p>\n<p style=\"text-align: center;\"><span style=\"font-family: Lato; font-size: 20px;\"><strong>ELS MONSTRES, <\/strong><\/span><\/p>\n<p style=\"text-align: center;\"><span style=\"font-family: Lato; font-size: 20px;\"><strong>almenys els d\u2019aquest conte, <\/strong><\/span><\/p>\n<p style=\"text-align: center;\"><span style=\"font-family: Lato; font-size: 20px;\"><strong>NO FAN POR!<\/strong><\/span><\/p>\n<p>&nbsp;<\/p>\n<p style=\"text-align: right;\"><em>By Isabel Brunet<\/em><\/p>\n","protected":false},"excerpt":{"rendered":"<p>DONDE VIVEN LOS MONSTRUOS Maurice Sendak &nbsp; Hem encetat el Miniclub d\u2019aquest mes de mar\u00e7 parlant una mica de l\u2019autor i il\u00b7lustrador d\u2019aquest \u00e0lbum il\u00b7lustrat, Maurice Sendak, considerat un dels il\u00b7lustradors de contes infantils m\u00e9s important del s.XX. Va decidir<\/p>\n","protected":false},"author":4,"featured_media":722,"comment_status":"open","ping_status":"open","sticky":false,"template":"","format":"standard","meta":{"sfsi_plus_gutenberg_text_before_share":"","sfsi_plus_gutenberg_show_text_before_share":"","sfsi_plus_gutenberg_icon_type":"","sfsi_plus_gutenberg_icon_alignemt":"","sfsi_plus_gutenburg_max_per_row":"","footnotes":""},"categories":[9],"tags":[],"class_list":["post-1094","post","type-post","status-publish","format-standard","has-post-thumbnail","hentry","category-trobades-miniclub"],"yoast_head":"<!-- This site is optimized with the Yoast SEO plugin v27.5 - https:\/\/yoast.com\/product\/yoast-seo-wordpress\/ -->\n<title>MINICLUB: mar\u00e7 2019 - SALA INFANTIL<\/title>\n<meta name=\"robots\" content=\"index, follow, max-snippet:-1, max-image-preview:large, max-video-preview:-1\" \/>\n<link rel=\"canonical\" href=\"https:\/\/biblioteca.blanes.cat\/salainfantil\/miniclub-marc-2019\/\" \/>\n<meta property=\"og:locale\" content=\"ca_ES\" \/>\n<meta property=\"og:type\" content=\"article\" \/>\n<meta property=\"og:title\" content=\"MINICLUB: mar\u00e7 2019 - SALA INFANTIL\" \/>\n<meta property=\"og:description\" content=\"DONDE VIVEN LOS MONSTRUOS Maurice Sendak &nbsp; Hem encetat el Miniclub d\u2019aquest mes de mar\u00e7 parlant una mica de l\u2019autor i il\u00b7lustrador d\u2019aquest \u00e0lbum il\u00b7lustrat, Maurice Sendak, considerat un dels il\u00b7lustradors de contes infantils m\u00e9s important del s.XX. Va decidir\" \/>\n<meta property=\"og:url\" content=\"https:\/\/biblioteca.blanes.cat\/salainfantil\/miniclub-marc-2019\/\" \/>\n<meta property=\"og:site_name\" content=\"SALA INFANTIL\" \/>\n<meta property=\"article:published_time\" content=\"2019-03-13T13:15:45+00:00\" \/>\n<meta property=\"article:modified_time\" content=\"2019-03-14T14:22:22+00:00\" \/>\n<meta property=\"og:image\" content=\"https:\/\/biblioteca.blanes.cat\/salainfantil\/wp-content\/uploads\/sites\/2\/2019\/01\/Miniclub.png\" \/>\n\t<meta property=\"og:image:width\" content=\"695\" \/>\n\t<meta property=\"og:image:height\" content=\"675\" \/>\n\t<meta property=\"og:image:type\" content=\"image\/png\" \/>\n<meta name=\"author\" content=\"biblioblanes\" \/>\n<meta name=\"twitter:card\" content=\"summary_large_image\" \/>\n<meta name=\"twitter:creator\" content=\"@biblioblanes\" \/>\n<meta name=\"twitter:label1\" content=\"Escrit per\" \/>\n\t<meta name=\"twitter:data1\" content=\"biblioblanes\" \/>\n\t<meta name=\"twitter:label2\" content=\"Temps estimat de lectura\" \/>\n\t<meta name=\"twitter:data2\" content=\"3 minuts\" \/>\n<script type=\"application\/ld+json\" class=\"yoast-schema-graph\">{\"@context\":\"https:\\\/\\\/schema.org\",\"@graph\":[{\"@type\":\"Article\",\"@id\":\"https:\\\/\\\/biblioteca.blanes.cat\\\/salainfantil\\\/miniclub-marc-2019\\\/#article\",\"isPartOf\":{\"@id\":\"https:\\\/\\\/biblioteca.blanes.cat\\\/salainfantil\\\/miniclub-marc-2019\\\/\"},\"author\":{\"name\":\"biblioblanes\",\"@id\":\"https:\\\/\\\/biblioteca.blanes.cat\\\/salainfantil\\\/#\\\/schema\\\/person\\\/5a7b46760d9dd611d098bbf571a341dc\"},\"headline\":\"MINICLUB: mar\u00e7 2019\",\"datePublished\":\"2019-03-13T13:15:45+00:00\",\"dateModified\":\"2019-03-14T14:22:22+00:00\",\"mainEntityOfPage\":{\"@id\":\"https:\\\/\\\/biblioteca.blanes.cat\\\/salainfantil\\\/miniclub-marc-2019\\\/\"},\"wordCount\":510,\"commentCount\":0,\"image\":{\"@id\":\"https:\\\/\\\/biblioteca.blanes.cat\\\/salainfantil\\\/miniclub-marc-2019\\\/#primaryimage\"},\"thumbnailUrl\":\"https:\\\/\\\/biblioteca.blanes.cat\\\/salainfantil\\\/wp-content\\\/uploads\\\/sites\\\/2\\\/2019\\\/01\\\/Miniclub.png\",\"articleSection\":[\"Trobades miniclub\"],\"inLanguage\":\"ca\",\"potentialAction\":[{\"@type\":\"CommentAction\",\"name\":\"Comment\",\"target\":[\"https:\\\/\\\/biblioteca.blanes.cat\\\/salainfantil\\\/miniclub-marc-2019\\\/#respond\"]}]},{\"@type\":\"WebPage\",\"@id\":\"https:\\\/\\\/biblioteca.blanes.cat\\\/salainfantil\\\/miniclub-marc-2019\\\/\",\"url\":\"https:\\\/\\\/biblioteca.blanes.cat\\\/salainfantil\\\/miniclub-marc-2019\\\/\",\"name\":\"MINICLUB: mar\u00e7 2019 - SALA INFANTIL\",\"isPartOf\":{\"@id\":\"https:\\\/\\\/biblioteca.blanes.cat\\\/salainfantil\\\/#website\"},\"primaryImageOfPage\":{\"@id\":\"https:\\\/\\\/biblioteca.blanes.cat\\\/salainfantil\\\/miniclub-marc-2019\\\/#primaryimage\"},\"image\":{\"@id\":\"https:\\\/\\\/biblioteca.blanes.cat\\\/salainfantil\\\/miniclub-marc-2019\\\/#primaryimage\"},\"thumbnailUrl\":\"https:\\\/\\\/biblioteca.blanes.cat\\\/salainfantil\\\/wp-content\\\/uploads\\\/sites\\\/2\\\/2019\\\/01\\\/Miniclub.png\",\"datePublished\":\"2019-03-13T13:15:45+00:00\",\"dateModified\":\"2019-03-14T14:22:22+00:00\",\"author\":{\"@id\":\"https:\\\/\\\/biblioteca.blanes.cat\\\/salainfantil\\\/#\\\/schema\\\/person\\\/5a7b46760d9dd611d098bbf571a341dc\"},\"breadcrumb\":{\"@id\":\"https:\\\/\\\/biblioteca.blanes.cat\\\/salainfantil\\\/miniclub-marc-2019\\\/#breadcrumb\"},\"inLanguage\":\"ca\",\"potentialAction\":[{\"@type\":\"ReadAction\",\"target\":[\"https:\\\/\\\/biblioteca.blanes.cat\\\/salainfantil\\\/miniclub-marc-2019\\\/\"]}]},{\"@type\":\"ImageObject\",\"inLanguage\":\"ca\",\"@id\":\"https:\\\/\\\/biblioteca.blanes.cat\\\/salainfantil\\\/miniclub-marc-2019\\\/#primaryimage\",\"url\":\"https:\\\/\\\/biblioteca.blanes.cat\\\/salainfantil\\\/wp-content\\\/uploads\\\/sites\\\/2\\\/2019\\\/01\\\/Miniclub.png\",\"contentUrl\":\"https:\\\/\\\/biblioteca.blanes.cat\\\/salainfantil\\\/wp-content\\\/uploads\\\/sites\\\/2\\\/2019\\\/01\\\/Miniclub.png\",\"width\":695,\"height\":675},{\"@type\":\"BreadcrumbList\",\"@id\":\"https:\\\/\\\/biblioteca.blanes.cat\\\/salainfantil\\\/miniclub-marc-2019\\\/#breadcrumb\",\"itemListElement\":[{\"@type\":\"ListItem\",\"position\":1,\"name\":\"Inici\",\"item\":\"https:\\\/\\\/biblioteca.blanes.cat\\\/salainfantil\\\/\"},{\"@type\":\"ListItem\",\"position\":2,\"name\":\"MINICLUB: mar\u00e7 2019\"}]},{\"@type\":\"WebSite\",\"@id\":\"https:\\\/\\\/biblioteca.blanes.cat\\\/salainfantil\\\/#website\",\"url\":\"https:\\\/\\\/biblioteca.blanes.cat\\\/salainfantil\\\/\",\"name\":\"SALA INFANTIL\",\"description\":\"Biblioteca Roberto Bola\u00f1o\",\"potentialAction\":[{\"@type\":\"SearchAction\",\"target\":{\"@type\":\"EntryPoint\",\"urlTemplate\":\"https:\\\/\\\/biblioteca.blanes.cat\\\/salainfantil\\\/?s={search_term_string}\"},\"query-input\":{\"@type\":\"PropertyValueSpecification\",\"valueRequired\":true,\"valueName\":\"search_term_string\"}}],\"inLanguage\":\"ca\"},{\"@type\":\"Person\",\"@id\":\"https:\\\/\\\/biblioteca.blanes.cat\\\/salainfantil\\\/#\\\/schema\\\/person\\\/5a7b46760d9dd611d098bbf571a341dc\",\"name\":\"biblioblanes\",\"image\":{\"@type\":\"ImageObject\",\"inLanguage\":\"ca\",\"@id\":\"https:\\\/\\\/secure.gravatar.com\\\/avatar\\\/6593ca6cc90e5a70939f51c95e8315483b9c281bafba597292bee47992030f99?s=96&d=mm&r=g\",\"url\":\"https:\\\/\\\/secure.gravatar.com\\\/avatar\\\/6593ca6cc90e5a70939f51c95e8315483b9c281bafba597292bee47992030f99?s=96&d=mm&r=g\",\"contentUrl\":\"https:\\\/\\\/secure.gravatar.com\\\/avatar\\\/6593ca6cc90e5a70939f51c95e8315483b9c281bafba597292bee47992030f99?s=96&d=mm&r=g\",\"caption\":\"biblioblanes\"},\"sameAs\":[\"http:\\\/\\\/www.bibgirona.cat\\\/biblioteca\\\/blanes\",\"https:\\\/\\\/x.com\\\/biblioblanes\"],\"url\":\"https:\\\/\\\/biblioteca.blanes.cat\\\/salainfantil\\\/author\\\/biblioblanes\\\/\"}]}<\/script>\n<!-- \/ Yoast SEO plugin. -->","yoast_head_json":{"title":"MINICLUB: mar\u00e7 2019 - SALA INFANTIL","robots":{"index":"index","follow":"follow","max-snippet":"max-snippet:-1","max-image-preview":"max-image-preview:large","max-video-preview":"max-video-preview:-1"},"canonical":"https:\/\/biblioteca.blanes.cat\/salainfantil\/miniclub-marc-2019\/","og_locale":"ca_ES","og_type":"article","og_title":"MINICLUB: mar\u00e7 2019 - SALA INFANTIL","og_description":"DONDE VIVEN LOS MONSTRUOS Maurice Sendak &nbsp; Hem encetat el Miniclub d\u2019aquest mes de mar\u00e7 parlant una mica de l\u2019autor i il\u00b7lustrador d\u2019aquest \u00e0lbum il\u00b7lustrat, Maurice Sendak, considerat un dels il\u00b7lustradors de contes infantils m\u00e9s important del s.XX. Va decidir","og_url":"https:\/\/biblioteca.blanes.cat\/salainfantil\/miniclub-marc-2019\/","og_site_name":"SALA INFANTIL","article_published_time":"2019-03-13T13:15:45+00:00","article_modified_time":"2019-03-14T14:22:22+00:00","og_image":[{"width":695,"height":675,"url":"https:\/\/biblioteca.blanes.cat\/salainfantil\/wp-content\/uploads\/sites\/2\/2019\/01\/Miniclub.png","type":"image\/png"}],"author":"biblioblanes","twitter_card":"summary_large_image","twitter_creator":"@biblioblanes","twitter_misc":{"Escrit per":"biblioblanes","Temps estimat de lectura":"3 minuts"},"schema":{"@context":"https:\/\/schema.org","@graph":[{"@type":"Article","@id":"https:\/\/biblioteca.blanes.cat\/salainfantil\/miniclub-marc-2019\/#article","isPartOf":{"@id":"https:\/\/biblioteca.blanes.cat\/salainfantil\/miniclub-marc-2019\/"},"author":{"name":"biblioblanes","@id":"https:\/\/biblioteca.blanes.cat\/salainfantil\/#\/schema\/person\/5a7b46760d9dd611d098bbf571a341dc"},"headline":"MINICLUB: mar\u00e7 2019","datePublished":"2019-03-13T13:15:45+00:00","dateModified":"2019-03-14T14:22:22+00:00","mainEntityOfPage":{"@id":"https:\/\/biblioteca.blanes.cat\/salainfantil\/miniclub-marc-2019\/"},"wordCount":510,"commentCount":0,"image":{"@id":"https:\/\/biblioteca.blanes.cat\/salainfantil\/miniclub-marc-2019\/#primaryimage"},"thumbnailUrl":"https:\/\/biblioteca.blanes.cat\/salainfantil\/wp-content\/uploads\/sites\/2\/2019\/01\/Miniclub.png","articleSection":["Trobades miniclub"],"inLanguage":"ca","potentialAction":[{"@type":"CommentAction","name":"Comment","target":["https:\/\/biblioteca.blanes.cat\/salainfantil\/miniclub-marc-2019\/#respond"]}]},{"@type":"WebPage","@id":"https:\/\/biblioteca.blanes.cat\/salainfantil\/miniclub-marc-2019\/","url":"https:\/\/biblioteca.blanes.cat\/salainfantil\/miniclub-marc-2019\/","name":"MINICLUB: mar\u00e7 2019 - SALA INFANTIL","isPartOf":{"@id":"https:\/\/biblioteca.blanes.cat\/salainfantil\/#website"},"primaryImageOfPage":{"@id":"https:\/\/biblioteca.blanes.cat\/salainfantil\/miniclub-marc-2019\/#primaryimage"},"image":{"@id":"https:\/\/biblioteca.blanes.cat\/salainfantil\/miniclub-marc-2019\/#primaryimage"},"thumbnailUrl":"https:\/\/biblioteca.blanes.cat\/salainfantil\/wp-content\/uploads\/sites\/2\/2019\/01\/Miniclub.png","datePublished":"2019-03-13T13:15:45+00:00","dateModified":"2019-03-14T14:22:22+00:00","author":{"@id":"https:\/\/biblioteca.blanes.cat\/salainfantil\/#\/schema\/person\/5a7b46760d9dd611d098bbf571a341dc"},"breadcrumb":{"@id":"https:\/\/biblioteca.blanes.cat\/salainfantil\/miniclub-marc-2019\/#breadcrumb"},"inLanguage":"ca","potentialAction":[{"@type":"ReadAction","target":["https:\/\/biblioteca.blanes.cat\/salainfantil\/miniclub-marc-2019\/"]}]},{"@type":"ImageObject","inLanguage":"ca","@id":"https:\/\/biblioteca.blanes.cat\/salainfantil\/miniclub-marc-2019\/#primaryimage","url":"https:\/\/biblioteca.blanes.cat\/salainfantil\/wp-content\/uploads\/sites\/2\/2019\/01\/Miniclub.png","contentUrl":"https:\/\/biblioteca.blanes.cat\/salainfantil\/wp-content\/uploads\/sites\/2\/2019\/01\/Miniclub.png","width":695,"height":675},{"@type":"BreadcrumbList","@id":"https:\/\/biblioteca.blanes.cat\/salainfantil\/miniclub-marc-2019\/#breadcrumb","itemListElement":[{"@type":"ListItem","position":1,"name":"Inici","item":"https:\/\/biblioteca.blanes.cat\/salainfantil\/"},{"@type":"ListItem","position":2,"name":"MINICLUB: mar\u00e7 2019"}]},{"@type":"WebSite","@id":"https:\/\/biblioteca.blanes.cat\/salainfantil\/#website","url":"https:\/\/biblioteca.blanes.cat\/salainfantil\/","name":"SALA INFANTIL","description":"Biblioteca Roberto Bola\u00f1o","potentialAction":[{"@type":"SearchAction","target":{"@type":"EntryPoint","urlTemplate":"https:\/\/biblioteca.blanes.cat\/salainfantil\/?s={search_term_string}"},"query-input":{"@type":"PropertyValueSpecification","valueRequired":true,"valueName":"search_term_string"}}],"inLanguage":"ca"},{"@type":"Person","@id":"https:\/\/biblioteca.blanes.cat\/salainfantil\/#\/schema\/person\/5a7b46760d9dd611d098bbf571a341dc","name":"biblioblanes","image":{"@type":"ImageObject","inLanguage":"ca","@id":"https:\/\/secure.gravatar.com\/avatar\/6593ca6cc90e5a70939f51c95e8315483b9c281bafba597292bee47992030f99?s=96&d=mm&r=g","url":"https:\/\/secure.gravatar.com\/avatar\/6593ca6cc90e5a70939f51c95e8315483b9c281bafba597292bee47992030f99?s=96&d=mm&r=g","contentUrl":"https:\/\/secure.gravatar.com\/avatar\/6593ca6cc90e5a70939f51c95e8315483b9c281bafba597292bee47992030f99?s=96&d=mm&r=g","caption":"biblioblanes"},"sameAs":["http:\/\/www.bibgirona.cat\/biblioteca\/blanes","https:\/\/x.com\/biblioblanes"],"url":"https:\/\/biblioteca.blanes.cat\/salainfantil\/author\/biblioblanes\/"}]}},"_links":{"self":[{"href":"https:\/\/biblioteca.blanes.cat\/salainfantil\/wp-json\/wp\/v2\/posts\/1094","targetHints":{"allow":["GET"]}}],"collection":[{"href":"https:\/\/biblioteca.blanes.cat\/salainfantil\/wp-json\/wp\/v2\/posts"}],"about":[{"href":"https:\/\/biblioteca.blanes.cat\/salainfantil\/wp-json\/wp\/v2\/types\/post"}],"author":[{"embeddable":true,"href":"https:\/\/biblioteca.blanes.cat\/salainfantil\/wp-json\/wp\/v2\/users\/4"}],"replies":[{"embeddable":true,"href":"https:\/\/biblioteca.blanes.cat\/salainfantil\/wp-json\/wp\/v2\/comments?post=1094"}],"version-history":[{"count":3,"href":"https:\/\/biblioteca.blanes.cat\/salainfantil\/wp-json\/wp\/v2\/posts\/1094\/revisions"}],"predecessor-version":[{"id":1104,"href":"https:\/\/biblioteca.blanes.cat\/salainfantil\/wp-json\/wp\/v2\/posts\/1094\/revisions\/1104"}],"wp:featuredmedia":[{"embeddable":true,"href":"https:\/\/biblioteca.blanes.cat\/salainfantil\/wp-json\/wp\/v2\/media\/722"}],"wp:attachment":[{"href":"https:\/\/biblioteca.blanes.cat\/salainfantil\/wp-json\/wp\/v2\/media?parent=1094"}],"wp:term":[{"taxonomy":"category","embeddable":true,"href":"https:\/\/biblioteca.blanes.cat\/salainfantil\/wp-json\/wp\/v2\/categories?post=1094"},{"taxonomy":"post_tag","embeddable":true,"href":"https:\/\/biblioteca.blanes.cat\/salainfantil\/wp-json\/wp\/v2\/tags?post=1094"}],"curies":[{"name":"wp","href":"https:\/\/api.w.org\/{rel}","templated":true}]}}