{"id":10289,"date":"2025-02-20T16:49:34","date_gmt":"2025-02-20T15:49:34","guid":{"rendered":"https:\/\/biblioteca.blanes.cat\/salainfantil\/?p=10289"},"modified":"2025-02-20T16:55:58","modified_gmt":"2025-02-20T15:55:58","slug":"club-de-lectura-alevi-febrer","status":"publish","type":"post","link":"https:\/\/biblioteca.blanes.cat\/salainfantil\/club-de-lectura-alevi-febrer\/","title":{"rendered":"Club de Lectura Alev\u00ed. Febrer"},"content":{"rendered":"\n<p>Aquest mes us presentem la novel\u00b7la gr\u00e0fica<span style=\"color: #99cc00;\"> <strong>Somriu<\/strong><\/span> de l\u2019autora <strong>Raina Telgemeier<\/strong>. Es tracta d\u2019una autobiografia on l\u2019escriptora ens explica la seva vida durant la seva preadolesc\u00e8ncia: els seus conflictes, la recerca de la seva identitat, els primers amors, l&#8217;assetjament escolar&#8230;<\/p>\n<p>Tot un llistat de complicades viv\u00e8ncies afectades, sobretot, pels seus problemes odontol\u00f2gics causats per una caiguda estrepitosa quan tenia 11 anys.<\/p>\n<p><img fetchpriority=\"high\" decoding=\"async\" class=\"aligncenter  wp-image-10290\" src=\"https:\/\/biblioteca.blanes.cat\/salainfantil\/wp-content\/uploads\/sites\/2\/2025\/02\/Somriu-221x300.jpg\" alt=\"\" width=\"286\" height=\"388\" srcset=\"https:\/\/biblioteca.blanes.cat\/salainfantil\/wp-content\/uploads\/sites\/2\/2025\/02\/Somriu-221x300.jpg 221w, https:\/\/biblioteca.blanes.cat\/salainfantil\/wp-content\/uploads\/sites\/2\/2025\/02\/Somriu.jpg 736w\" sizes=\"(max-width: 286px) 100vw, 286px\" \/><\/p>\n\n\n\n\n\n<p>La Raina passa per moltes inseguretats durant aquest per\u00edode de la seva vida, sobretot, pels comentaris que rep dels seus companys i de les seves amigues. Per tal d\u2019aprofundir en aquest tema, hem fet un <em>role playing<\/em> de diferents situacions en qu\u00e8 la protagonista \u00e9s assetjada. Hem repartit aleat\u00f2riament targetes amb diferents rols: v\u00edctima, assetjador\/a o testimoni, i cadasc\u00fa ha representat el seu paper.<\/p>\n\n\n\n<p><img decoding=\"async\" class=\"aligncenter  wp-image-10295\" src=\"https:\/\/biblioteca.blanes.cat\/salainfantil\/wp-content\/uploads\/sites\/2\/2025\/02\/20250220_160004-300x225.jpg\" alt=\"\" width=\"449\" height=\"337\" srcset=\"https:\/\/biblioteca.blanes.cat\/salainfantil\/wp-content\/uploads\/sites\/2\/2025\/02\/20250220_160004-300x225.jpg 300w, https:\/\/biblioteca.blanes.cat\/salainfantil\/wp-content\/uploads\/sites\/2\/2025\/02\/20250220_160004-1024x768.jpg 1024w, https:\/\/biblioteca.blanes.cat\/salainfantil\/wp-content\/uploads\/sites\/2\/2025\/02\/20250220_160004-768x576.jpg 768w, https:\/\/biblioteca.blanes.cat\/salainfantil\/wp-content\/uploads\/sites\/2\/2025\/02\/20250220_160004-1536x1152.jpg 1536w, https:\/\/biblioteca.blanes.cat\/salainfantil\/wp-content\/uploads\/sites\/2\/2025\/02\/20250220_160004-2048x1536.jpg 2048w\" sizes=\"(max-width: 449px) 100vw, 449px\" \/><\/p>\n\n\n\n<p><img decoding=\"async\" class=\"aligncenter  wp-image-10292\" src=\"https:\/\/biblioteca.blanes.cat\/salainfantil\/wp-content\/uploads\/sites\/2\/2025\/02\/20250218_180016-300x225.jpg\" alt=\"\" width=\"456\" height=\"342\" srcset=\"https:\/\/biblioteca.blanes.cat\/salainfantil\/wp-content\/uploads\/sites\/2\/2025\/02\/20250218_180016-300x225.jpg 300w, https:\/\/biblioteca.blanes.cat\/salainfantil\/wp-content\/uploads\/sites\/2\/2025\/02\/20250218_180016-1024x768.jpg 1024w, https:\/\/biblioteca.blanes.cat\/salainfantil\/wp-content\/uploads\/sites\/2\/2025\/02\/20250218_180016-768x576.jpg 768w, https:\/\/biblioteca.blanes.cat\/salainfantil\/wp-content\/uploads\/sites\/2\/2025\/02\/20250218_180016-1536x1152.jpg 1536w, https:\/\/biblioteca.blanes.cat\/salainfantil\/wp-content\/uploads\/sites\/2\/2025\/02\/20250218_180016-2048x1536.jpg 2048w\" sizes=\"(max-width: 456px) 100vw, 456px\" \/><\/p>\n\n\n\n<p>Amb aquesta din\u00e0mica hem pogut parlar de la import\u00e0ncia de no prendre partit de situacions com aquesta i que sempre s\u2019hauria de defensar i ajudar a les possibles v\u00edctimes d\u2019assetjament, ja que, en cas contrari, pot patir-ne conseq\u00fc\u00e8ncies greus tant a escala psicol\u00f2gica, f\u00edsica o social.<\/p>\n<p>Per acabar, hem destacat la import\u00e0ncia de no fer comentaris despectius sobre el f\u00edsic de ning\u00fa i hem aprofitat per fer-nos comentaris positius entre nosaltres. Cadasc\u00fa ha creat i decorat un sobre perqu\u00e8 la resta de companys i companyes poguessin ficar notes positives d\u2019aquella persona.<\/p>\n\n\n\n<p><img loading=\"lazy\" decoding=\"async\" class=\"aligncenter  wp-image-10294\" src=\"https:\/\/biblioteca.blanes.cat\/salainfantil\/wp-content\/uploads\/sites\/2\/2025\/02\/20250218_185430-300x225.jpg\" alt=\"\" width=\"445\" height=\"334\" srcset=\"https:\/\/biblioteca.blanes.cat\/salainfantil\/wp-content\/uploads\/sites\/2\/2025\/02\/20250218_185430-300x225.jpg 300w, https:\/\/biblioteca.blanes.cat\/salainfantil\/wp-content\/uploads\/sites\/2\/2025\/02\/20250218_185430-1024x768.jpg 1024w, https:\/\/biblioteca.blanes.cat\/salainfantil\/wp-content\/uploads\/sites\/2\/2025\/02\/20250218_185430-768x576.jpg 768w, https:\/\/biblioteca.blanes.cat\/salainfantil\/wp-content\/uploads\/sites\/2\/2025\/02\/20250218_185430-1536x1152.jpg 1536w, https:\/\/biblioteca.blanes.cat\/salainfantil\/wp-content\/uploads\/sites\/2\/2025\/02\/20250218_185430-2048x1536.jpg 2048w\" sizes=\"(max-width: 445px) 100vw, 445px\" \/><\/p>\n\n\n\n<p>El Club de Lectura Alev\u00ed ha fet una valoraci\u00f3 molt positiva d\u2019aquest llibre, i la majoria han volgut con\u00e8ixer com continua la hist\u00f2ria amb els dos seg\u00fcents n\u00fameros de la col\u00b7lecci\u00f3: <span style=\"color: #ff9900;\"><strong>Germanes<\/strong><\/span> i <span style=\"color: #33cccc;\"><strong>Coratge<\/strong><\/span>.<\/p>\n\n\n\n<p><img loading=\"lazy\" decoding=\"async\" class=\"aligncenter  wp-image-10293\" src=\"https:\/\/biblioteca.blanes.cat\/salainfantil\/wp-content\/uploads\/sites\/2\/2025\/02\/20250218_183219-300x225.jpg\" alt=\"\" width=\"453\" height=\"340\" srcset=\"https:\/\/biblioteca.blanes.cat\/salainfantil\/wp-content\/uploads\/sites\/2\/2025\/02\/20250218_183219-300x225.jpg 300w, https:\/\/biblioteca.blanes.cat\/salainfantil\/wp-content\/uploads\/sites\/2\/2025\/02\/20250218_183219-1024x768.jpg 1024w, https:\/\/biblioteca.blanes.cat\/salainfantil\/wp-content\/uploads\/sites\/2\/2025\/02\/20250218_183219-768x576.jpg 768w, https:\/\/biblioteca.blanes.cat\/salainfantil\/wp-content\/uploads\/sites\/2\/2025\/02\/20250218_183219-1536x1152.jpg 1536w, https:\/\/biblioteca.blanes.cat\/salainfantil\/wp-content\/uploads\/sites\/2\/2025\/02\/20250218_183219-2048x1536.jpg 2048w\" sizes=\"(max-width: 453px) 100vw, 453px\" \/><\/p>\n\n\n","protected":false},"excerpt":{"rendered":"<p>Aquest mes us presentem la novel\u00b7la gr\u00e0fica Somriu de l\u2019autora Raina Telgemeier. Es tracta d\u2019una autobiografia on l\u2019escriptora ens explica la seva vida durant la seva preadolesc\u00e8ncia: els seus conflictes, la recerca de la seva identitat, els primers amors, l&#8217;assetjament<\/p>\n","protected":false},"author":4,"featured_media":7826,"comment_status":"open","ping_status":"open","sticky":false,"template":"","format":"standard","meta":{"sfsi_plus_gutenberg_text_before_share":"","sfsi_plus_gutenberg_show_text_before_share":"","sfsi_plus_gutenberg_icon_type":"","sfsi_plus_gutenberg_icon_alignemt":"","sfsi_plus_gutenburg_max_per_row":"","footnotes":""},"categories":[1,8],"tags":[21,18],"class_list":["post-10289","post","type-post","status-publish","format-standard","has-post-thumbnail","hentry","category-general","category-trobades-cli","tag-club-de-lectura-infantil","tag-fes-una-ullada"],"yoast_head":"<!-- This site is optimized with the Yoast SEO plugin v27.5 - https:\/\/yoast.com\/product\/yoast-seo-wordpress\/ -->\n<title>Club de Lectura Alev\u00ed. Febrer - SALA INFANTIL<\/title>\n<meta name=\"robots\" content=\"index, follow, max-snippet:-1, max-image-preview:large, max-video-preview:-1\" \/>\n<link rel=\"canonical\" href=\"https:\/\/biblioteca.blanes.cat\/salainfantil\/club-de-lectura-alevi-febrer\/\" \/>\n<meta property=\"og:locale\" content=\"ca_ES\" \/>\n<meta property=\"og:type\" content=\"article\" \/>\n<meta property=\"og:title\" content=\"Club de Lectura Alev\u00ed. Febrer - SALA INFANTIL\" \/>\n<meta property=\"og:description\" content=\"Aquest mes us presentem la novel\u00b7la gr\u00e0fica Somriu de l\u2019autora Raina Telgemeier. Es tracta d\u2019una autobiografia on l\u2019escriptora ens explica la seva vida durant la seva preadolesc\u00e8ncia: els seus conflictes, la recerca de la seva identitat, els primers amors, l&#8217;assetjament\" \/>\n<meta property=\"og:url\" content=\"https:\/\/biblioteca.blanes.cat\/salainfantil\/club-de-lectura-alevi-febrer\/\" \/>\n<meta property=\"og:site_name\" content=\"SALA INFANTIL\" \/>\n<meta property=\"article:published_time\" content=\"2025-02-20T15:49:34+00:00\" \/>\n<meta property=\"article:modified_time\" content=\"2025-02-20T15:55:58+00:00\" \/>\n<meta property=\"og:image\" content=\"https:\/\/biblioteca.blanes.cat\/salainfantil\/wp-content\/uploads\/sites\/2\/2023\/09\/Destacat-Alevi.png\" \/>\n\t<meta property=\"og:image:width\" content=\"270\" \/>\n\t<meta property=\"og:image:height\" content=\"270\" \/>\n\t<meta property=\"og:image:type\" content=\"image\/png\" \/>\n<meta name=\"author\" content=\"biblioblanes\" \/>\n<meta name=\"twitter:card\" content=\"summary_large_image\" \/>\n<meta name=\"twitter:creator\" content=\"@biblioblanes\" \/>\n<meta name=\"twitter:label1\" content=\"Escrit per\" \/>\n\t<meta name=\"twitter:data1\" content=\"biblioblanes\" \/>\n\t<meta name=\"twitter:label2\" content=\"Temps estimat de lectura\" \/>\n\t<meta name=\"twitter:data2\" content=\"3 minuts\" \/>\n<script type=\"application\/ld+json\" class=\"yoast-schema-graph\">{\"@context\":\"https:\\\/\\\/schema.org\",\"@graph\":[{\"@type\":\"Article\",\"@id\":\"https:\\\/\\\/biblioteca.blanes.cat\\\/salainfantil\\\/club-de-lectura-alevi-febrer\\\/#article\",\"isPartOf\":{\"@id\":\"https:\\\/\\\/biblioteca.blanes.cat\\\/salainfantil\\\/club-de-lectura-alevi-febrer\\\/\"},\"author\":{\"name\":\"biblioblanes\",\"@id\":\"https:\\\/\\\/biblioteca.blanes.cat\\\/salainfantil\\\/#\\\/schema\\\/person\\\/5a7b46760d9dd611d098bbf571a341dc\"},\"headline\":\"Club de Lectura Alev\u00ed. Febrer\",\"datePublished\":\"2025-02-20T15:49:34+00:00\",\"dateModified\":\"2025-02-20T15:55:58+00:00\",\"mainEntityOfPage\":{\"@id\":\"https:\\\/\\\/biblioteca.blanes.cat\\\/salainfantil\\\/club-de-lectura-alevi-febrer\\\/\"},\"wordCount\":286,\"commentCount\":0,\"image\":{\"@id\":\"https:\\\/\\\/biblioteca.blanes.cat\\\/salainfantil\\\/club-de-lectura-alevi-febrer\\\/#primaryimage\"},\"thumbnailUrl\":\"https:\\\/\\\/biblioteca.blanes.cat\\\/salainfantil\\\/wp-content\\\/uploads\\\/sites\\\/2\\\/2023\\\/09\\\/Destacat-Alevi.png\",\"keywords\":[\"club de lectura infantil\",\"Fes una ullada\"],\"articleSection\":[\"Fes una ullada\",\"Trobades CLI\"],\"inLanguage\":\"ca\",\"potentialAction\":[{\"@type\":\"CommentAction\",\"name\":\"Comment\",\"target\":[\"https:\\\/\\\/biblioteca.blanes.cat\\\/salainfantil\\\/club-de-lectura-alevi-febrer\\\/#respond\"]}]},{\"@type\":\"WebPage\",\"@id\":\"https:\\\/\\\/biblioteca.blanes.cat\\\/salainfantil\\\/club-de-lectura-alevi-febrer\\\/\",\"url\":\"https:\\\/\\\/biblioteca.blanes.cat\\\/salainfantil\\\/club-de-lectura-alevi-febrer\\\/\",\"name\":\"Club de Lectura Alev\u00ed. Febrer - SALA INFANTIL\",\"isPartOf\":{\"@id\":\"https:\\\/\\\/biblioteca.blanes.cat\\\/salainfantil\\\/#website\"},\"primaryImageOfPage\":{\"@id\":\"https:\\\/\\\/biblioteca.blanes.cat\\\/salainfantil\\\/club-de-lectura-alevi-febrer\\\/#primaryimage\"},\"image\":{\"@id\":\"https:\\\/\\\/biblioteca.blanes.cat\\\/salainfantil\\\/club-de-lectura-alevi-febrer\\\/#primaryimage\"},\"thumbnailUrl\":\"https:\\\/\\\/biblioteca.blanes.cat\\\/salainfantil\\\/wp-content\\\/uploads\\\/sites\\\/2\\\/2023\\\/09\\\/Destacat-Alevi.png\",\"datePublished\":\"2025-02-20T15:49:34+00:00\",\"dateModified\":\"2025-02-20T15:55:58+00:00\",\"author\":{\"@id\":\"https:\\\/\\\/biblioteca.blanes.cat\\\/salainfantil\\\/#\\\/schema\\\/person\\\/5a7b46760d9dd611d098bbf571a341dc\"},\"breadcrumb\":{\"@id\":\"https:\\\/\\\/biblioteca.blanes.cat\\\/salainfantil\\\/club-de-lectura-alevi-febrer\\\/#breadcrumb\"},\"inLanguage\":\"ca\",\"potentialAction\":[{\"@type\":\"ReadAction\",\"target\":[\"https:\\\/\\\/biblioteca.blanes.cat\\\/salainfantil\\\/club-de-lectura-alevi-febrer\\\/\"]}]},{\"@type\":\"ImageObject\",\"inLanguage\":\"ca\",\"@id\":\"https:\\\/\\\/biblioteca.blanes.cat\\\/salainfantil\\\/club-de-lectura-alevi-febrer\\\/#primaryimage\",\"url\":\"https:\\\/\\\/biblioteca.blanes.cat\\\/salainfantil\\\/wp-content\\\/uploads\\\/sites\\\/2\\\/2023\\\/09\\\/Destacat-Alevi.png\",\"contentUrl\":\"https:\\\/\\\/biblioteca.blanes.cat\\\/salainfantil\\\/wp-content\\\/uploads\\\/sites\\\/2\\\/2023\\\/09\\\/Destacat-Alevi.png\",\"width\":270,\"height\":270},{\"@type\":\"BreadcrumbList\",\"@id\":\"https:\\\/\\\/biblioteca.blanes.cat\\\/salainfantil\\\/club-de-lectura-alevi-febrer\\\/#breadcrumb\",\"itemListElement\":[{\"@type\":\"ListItem\",\"position\":1,\"name\":\"Inici\",\"item\":\"https:\\\/\\\/biblioteca.blanes.cat\\\/salainfantil\\\/\"},{\"@type\":\"ListItem\",\"position\":2,\"name\":\"Club de Lectura Alev\u00ed. Febrer\"}]},{\"@type\":\"WebSite\",\"@id\":\"https:\\\/\\\/biblioteca.blanes.cat\\\/salainfantil\\\/#website\",\"url\":\"https:\\\/\\\/biblioteca.blanes.cat\\\/salainfantil\\\/\",\"name\":\"SALA INFANTIL\",\"description\":\"Biblioteca Roberto Bola\u00f1o\",\"potentialAction\":[{\"@type\":\"SearchAction\",\"target\":{\"@type\":\"EntryPoint\",\"urlTemplate\":\"https:\\\/\\\/biblioteca.blanes.cat\\\/salainfantil\\\/?s={search_term_string}\"},\"query-input\":{\"@type\":\"PropertyValueSpecification\",\"valueRequired\":true,\"valueName\":\"search_term_string\"}}],\"inLanguage\":\"ca\"},{\"@type\":\"Person\",\"@id\":\"https:\\\/\\\/biblioteca.blanes.cat\\\/salainfantil\\\/#\\\/schema\\\/person\\\/5a7b46760d9dd611d098bbf571a341dc\",\"name\":\"biblioblanes\",\"image\":{\"@type\":\"ImageObject\",\"inLanguage\":\"ca\",\"@id\":\"https:\\\/\\\/secure.gravatar.com\\\/avatar\\\/6593ca6cc90e5a70939f51c95e8315483b9c281bafba597292bee47992030f99?s=96&d=mm&r=g\",\"url\":\"https:\\\/\\\/secure.gravatar.com\\\/avatar\\\/6593ca6cc90e5a70939f51c95e8315483b9c281bafba597292bee47992030f99?s=96&d=mm&r=g\",\"contentUrl\":\"https:\\\/\\\/secure.gravatar.com\\\/avatar\\\/6593ca6cc90e5a70939f51c95e8315483b9c281bafba597292bee47992030f99?s=96&d=mm&r=g\",\"caption\":\"biblioblanes\"},\"sameAs\":[\"http:\\\/\\\/www.bibgirona.cat\\\/biblioteca\\\/blanes\",\"https:\\\/\\\/x.com\\\/biblioblanes\"],\"url\":\"https:\\\/\\\/biblioteca.blanes.cat\\\/salainfantil\\\/author\\\/biblioblanes\\\/\"}]}<\/script>\n<!-- \/ Yoast SEO plugin. -->","yoast_head_json":{"title":"Club de Lectura Alev\u00ed. Febrer - SALA INFANTIL","robots":{"index":"index","follow":"follow","max-snippet":"max-snippet:-1","max-image-preview":"max-image-preview:large","max-video-preview":"max-video-preview:-1"},"canonical":"https:\/\/biblioteca.blanes.cat\/salainfantil\/club-de-lectura-alevi-febrer\/","og_locale":"ca_ES","og_type":"article","og_title":"Club de Lectura Alev\u00ed. Febrer - SALA INFANTIL","og_description":"Aquest mes us presentem la novel\u00b7la gr\u00e0fica Somriu de l\u2019autora Raina Telgemeier. Es tracta d\u2019una autobiografia on l\u2019escriptora ens explica la seva vida durant la seva preadolesc\u00e8ncia: els seus conflictes, la recerca de la seva identitat, els primers amors, l&#8217;assetjament","og_url":"https:\/\/biblioteca.blanes.cat\/salainfantil\/club-de-lectura-alevi-febrer\/","og_site_name":"SALA INFANTIL","article_published_time":"2025-02-20T15:49:34+00:00","article_modified_time":"2025-02-20T15:55:58+00:00","og_image":[{"width":270,"height":270,"url":"https:\/\/biblioteca.blanes.cat\/salainfantil\/wp-content\/uploads\/sites\/2\/2023\/09\/Destacat-Alevi.png","type":"image\/png"}],"author":"biblioblanes","twitter_card":"summary_large_image","twitter_creator":"@biblioblanes","twitter_misc":{"Escrit per":"biblioblanes","Temps estimat de lectura":"3 minuts"},"schema":{"@context":"https:\/\/schema.org","@graph":[{"@type":"Article","@id":"https:\/\/biblioteca.blanes.cat\/salainfantil\/club-de-lectura-alevi-febrer\/#article","isPartOf":{"@id":"https:\/\/biblioteca.blanes.cat\/salainfantil\/club-de-lectura-alevi-febrer\/"},"author":{"name":"biblioblanes","@id":"https:\/\/biblioteca.blanes.cat\/salainfantil\/#\/schema\/person\/5a7b46760d9dd611d098bbf571a341dc"},"headline":"Club de Lectura Alev\u00ed. Febrer","datePublished":"2025-02-20T15:49:34+00:00","dateModified":"2025-02-20T15:55:58+00:00","mainEntityOfPage":{"@id":"https:\/\/biblioteca.blanes.cat\/salainfantil\/club-de-lectura-alevi-febrer\/"},"wordCount":286,"commentCount":0,"image":{"@id":"https:\/\/biblioteca.blanes.cat\/salainfantil\/club-de-lectura-alevi-febrer\/#primaryimage"},"thumbnailUrl":"https:\/\/biblioteca.blanes.cat\/salainfantil\/wp-content\/uploads\/sites\/2\/2023\/09\/Destacat-Alevi.png","keywords":["club de lectura infantil","Fes una ullada"],"articleSection":["Fes una ullada","Trobades CLI"],"inLanguage":"ca","potentialAction":[{"@type":"CommentAction","name":"Comment","target":["https:\/\/biblioteca.blanes.cat\/salainfantil\/club-de-lectura-alevi-febrer\/#respond"]}]},{"@type":"WebPage","@id":"https:\/\/biblioteca.blanes.cat\/salainfantil\/club-de-lectura-alevi-febrer\/","url":"https:\/\/biblioteca.blanes.cat\/salainfantil\/club-de-lectura-alevi-febrer\/","name":"Club de Lectura Alev\u00ed. Febrer - SALA INFANTIL","isPartOf":{"@id":"https:\/\/biblioteca.blanes.cat\/salainfantil\/#website"},"primaryImageOfPage":{"@id":"https:\/\/biblioteca.blanes.cat\/salainfantil\/club-de-lectura-alevi-febrer\/#primaryimage"},"image":{"@id":"https:\/\/biblioteca.blanes.cat\/salainfantil\/club-de-lectura-alevi-febrer\/#primaryimage"},"thumbnailUrl":"https:\/\/biblioteca.blanes.cat\/salainfantil\/wp-content\/uploads\/sites\/2\/2023\/09\/Destacat-Alevi.png","datePublished":"2025-02-20T15:49:34+00:00","dateModified":"2025-02-20T15:55:58+00:00","author":{"@id":"https:\/\/biblioteca.blanes.cat\/salainfantil\/#\/schema\/person\/5a7b46760d9dd611d098bbf571a341dc"},"breadcrumb":{"@id":"https:\/\/biblioteca.blanes.cat\/salainfantil\/club-de-lectura-alevi-febrer\/#breadcrumb"},"inLanguage":"ca","potentialAction":[{"@type":"ReadAction","target":["https:\/\/biblioteca.blanes.cat\/salainfantil\/club-de-lectura-alevi-febrer\/"]}]},{"@type":"ImageObject","inLanguage":"ca","@id":"https:\/\/biblioteca.blanes.cat\/salainfantil\/club-de-lectura-alevi-febrer\/#primaryimage","url":"https:\/\/biblioteca.blanes.cat\/salainfantil\/wp-content\/uploads\/sites\/2\/2023\/09\/Destacat-Alevi.png","contentUrl":"https:\/\/biblioteca.blanes.cat\/salainfantil\/wp-content\/uploads\/sites\/2\/2023\/09\/Destacat-Alevi.png","width":270,"height":270},{"@type":"BreadcrumbList","@id":"https:\/\/biblioteca.blanes.cat\/salainfantil\/club-de-lectura-alevi-febrer\/#breadcrumb","itemListElement":[{"@type":"ListItem","position":1,"name":"Inici","item":"https:\/\/biblioteca.blanes.cat\/salainfantil\/"},{"@type":"ListItem","position":2,"name":"Club de Lectura Alev\u00ed. Febrer"}]},{"@type":"WebSite","@id":"https:\/\/biblioteca.blanes.cat\/salainfantil\/#website","url":"https:\/\/biblioteca.blanes.cat\/salainfantil\/","name":"SALA INFANTIL","description":"Biblioteca Roberto Bola\u00f1o","potentialAction":[{"@type":"SearchAction","target":{"@type":"EntryPoint","urlTemplate":"https:\/\/biblioteca.blanes.cat\/salainfantil\/?s={search_term_string}"},"query-input":{"@type":"PropertyValueSpecification","valueRequired":true,"valueName":"search_term_string"}}],"inLanguage":"ca"},{"@type":"Person","@id":"https:\/\/biblioteca.blanes.cat\/salainfantil\/#\/schema\/person\/5a7b46760d9dd611d098bbf571a341dc","name":"biblioblanes","image":{"@type":"ImageObject","inLanguage":"ca","@id":"https:\/\/secure.gravatar.com\/avatar\/6593ca6cc90e5a70939f51c95e8315483b9c281bafba597292bee47992030f99?s=96&d=mm&r=g","url":"https:\/\/secure.gravatar.com\/avatar\/6593ca6cc90e5a70939f51c95e8315483b9c281bafba597292bee47992030f99?s=96&d=mm&r=g","contentUrl":"https:\/\/secure.gravatar.com\/avatar\/6593ca6cc90e5a70939f51c95e8315483b9c281bafba597292bee47992030f99?s=96&d=mm&r=g","caption":"biblioblanes"},"sameAs":["http:\/\/www.bibgirona.cat\/biblioteca\/blanes","https:\/\/x.com\/biblioblanes"],"url":"https:\/\/biblioteca.blanes.cat\/salainfantil\/author\/biblioblanes\/"}]}},"_links":{"self":[{"href":"https:\/\/biblioteca.blanes.cat\/salainfantil\/wp-json\/wp\/v2\/posts\/10289","targetHints":{"allow":["GET"]}}],"collection":[{"href":"https:\/\/biblioteca.blanes.cat\/salainfantil\/wp-json\/wp\/v2\/posts"}],"about":[{"href":"https:\/\/biblioteca.blanes.cat\/salainfantil\/wp-json\/wp\/v2\/types\/post"}],"author":[{"embeddable":true,"href":"https:\/\/biblioteca.blanes.cat\/salainfantil\/wp-json\/wp\/v2\/users\/4"}],"replies":[{"embeddable":true,"href":"https:\/\/biblioteca.blanes.cat\/salainfantil\/wp-json\/wp\/v2\/comments?post=10289"}],"version-history":[{"count":3,"href":"https:\/\/biblioteca.blanes.cat\/salainfantil\/wp-json\/wp\/v2\/posts\/10289\/revisions"}],"predecessor-version":[{"id":10300,"href":"https:\/\/biblioteca.blanes.cat\/salainfantil\/wp-json\/wp\/v2\/posts\/10289\/revisions\/10300"}],"wp:featuredmedia":[{"embeddable":true,"href":"https:\/\/biblioteca.blanes.cat\/salainfantil\/wp-json\/wp\/v2\/media\/7826"}],"wp:attachment":[{"href":"https:\/\/biblioteca.blanes.cat\/salainfantil\/wp-json\/wp\/v2\/media?parent=10289"}],"wp:term":[{"taxonomy":"category","embeddable":true,"href":"https:\/\/biblioteca.blanes.cat\/salainfantil\/wp-json\/wp\/v2\/categories?post=10289"},{"taxonomy":"post_tag","embeddable":true,"href":"https:\/\/biblioteca.blanes.cat\/salainfantil\/wp-json\/wp\/v2\/tags?post=10289"}],"curies":[{"name":"wp","href":"https:\/\/api.w.org\/{rel}","templated":true}]}}