{"id":985,"date":"2026-03-13T10:40:04","date_gmt":"2026-03-13T09:40:04","guid":{"rendered":"https:\/\/biblioteca.blanes.cat\/dijousdelletresimots\/?p=985"},"modified":"2026-03-13T10:40:05","modified_gmt":"2026-03-13T09:40:05","slug":"per-que-no-novella-grafica","status":"publish","type":"post","link":"https:\/\/biblioteca.blanes.cat\/dijousdelletresimots\/per-que-no-novella-grafica\/","title":{"rendered":"Per qu\u00e8 no novel\u00b7la gr\u00e0fica?"},"content":{"rendered":"\n<p>Ens estrenem en el m\u00f3n del  c\u00f2mic i  la novel\u00b7la gr\u00e0fica amb dues propostes ben diferents i molt interessants. Llegirem Arrugas i La Casa de Paco Roca i Aiguagym de Marina S\u00e1ez. Us mantindrem informats de com ha anat. Quines ganes!!!!<\/p>\n\n\n\n<p><\/p>\n\n\n\n<figure class=\"wp-block-gallery has-nested-images columns-default is-cropped wp-block-gallery-1 is-layout-flex wp-block-gallery-is-layout-flex\">\n<figure class=\"wp-block-image size-large is-style-rounded\"><img fetchpriority=\"high\" decoding=\"async\" width=\"792\" height=\"1024\" data-id=\"986\" src=\"https:\/\/biblioteca.blanes.cat\/dijousdelletresimots\/wp-content\/uploads\/sites\/4\/2026\/03\/arrugas--792x1024.jpg\" alt=\"\" class=\"wp-image-986\" srcset=\"https:\/\/biblioteca.blanes.cat\/dijousdelletresimots\/wp-content\/uploads\/sites\/4\/2026\/03\/arrugas--792x1024.jpg 792w, https:\/\/biblioteca.blanes.cat\/dijousdelletresimots\/wp-content\/uploads\/sites\/4\/2026\/03\/arrugas--232x300.jpg 232w, https:\/\/biblioteca.blanes.cat\/dijousdelletresimots\/wp-content\/uploads\/sites\/4\/2026\/03\/arrugas--768x993.jpg 768w, https:\/\/biblioteca.blanes.cat\/dijousdelletresimots\/wp-content\/uploads\/sites\/4\/2026\/03\/arrugas-.jpg 1100w\" sizes=\"(max-width: 792px) 100vw, 792px\" \/><\/figure>\n<\/figure>\n\n\n\n<p><\/p>\n","protected":false},"excerpt":{"rendered":"<p>Ens estrenem en el m\u00f3n del c\u00f2mic i la novel\u00b7la gr\u00e0fica amb dues propostes ben diferents i molt interessants. Llegirem Arrugas i La Casa de Paco Roca i Aiguagym de Marina S\u00e1ez. Us mantindrem informats de com ha anat. Quines<\/p>\n","protected":false},"author":4,"featured_media":0,"comment_status":"open","ping_status":"open","sticky":false,"template":"","format":"standard","meta":{"sfsi_plus_gutenberg_text_before_share":"","sfsi_plus_gutenberg_show_text_before_share":"","sfsi_plus_gutenberg_icon_type":"","sfsi_plus_gutenberg_icon_alignemt":"","sfsi_plus_gutenburg_max_per_row":"","footnotes":""},"categories":[1],"tags":[],"class_list":["post-985","post","type-post","status-publish","format-standard","hentry","category-general"],"yoast_head":"<!-- This site is optimized with the Yoast SEO plugin v27.5 - https:\/\/yoast.com\/product\/yoast-seo-wordpress\/ -->\n<title>Per qu\u00e8 no novel\u00b7la gr\u00e0fica? - Dijous de Lletres i Mots<\/title>\n<meta name=\"robots\" content=\"index, follow, max-snippet:-1, max-image-preview:large, max-video-preview:-1\" \/>\n<link rel=\"canonical\" href=\"https:\/\/biblioteca.blanes.cat\/dijousdelletresimots\/per-que-no-novella-grafica\/\" \/>\n<meta property=\"og:locale\" content=\"ca_ES\" \/>\n<meta property=\"og:type\" content=\"article\" \/>\n<meta property=\"og:title\" content=\"Per qu\u00e8 no novel\u00b7la gr\u00e0fica? - Dijous de Lletres i Mots\" \/>\n<meta property=\"og:description\" content=\"Ens estrenem en el m\u00f3n del c\u00f2mic i la novel\u00b7la gr\u00e0fica amb dues propostes ben diferents i molt interessants. Llegirem Arrugas i La Casa de Paco Roca i Aiguagym de Marina S\u00e1ez. Us mantindrem informats de com ha anat. Quines\" \/>\n<meta property=\"og:url\" content=\"https:\/\/biblioteca.blanes.cat\/dijousdelletresimots\/per-que-no-novella-grafica\/\" \/>\n<meta property=\"og:site_name\" content=\"Dijous de Lletres i Mots\" \/>\n<meta property=\"article:published_time\" content=\"2026-03-13T09:40:04+00:00\" \/>\n<meta property=\"article:modified_time\" content=\"2026-03-13T09:40:05+00:00\" \/>\n<meta property=\"og:image\" content=\"https:\/\/biblioteca.blanes.cat\/dijousdelletresimots\/wp-content\/uploads\/sites\/4\/2026\/03\/arrugas--792x1024.jpg\" \/>\n<meta name=\"author\" content=\"biblioblanes\" \/>\n<meta name=\"twitter:card\" content=\"summary_large_image\" \/>\n<meta name=\"twitter:creator\" content=\"@biblioblanes\" \/>\n<meta name=\"twitter:label1\" content=\"Escrit per\" \/>\n\t<meta name=\"twitter:data1\" content=\"biblioblanes\" \/>\n\t<meta name=\"twitter:label2\" content=\"Temps estimat de lectura\" \/>\n\t<meta name=\"twitter:data2\" content=\"1 minut\" \/>\n<script type=\"application\/ld+json\" class=\"yoast-schema-graph\">{\"@context\":\"https:\\\/\\\/schema.org\",\"@graph\":[{\"@type\":\"Article\",\"@id\":\"https:\\\/\\\/biblioteca.blanes.cat\\\/dijousdelletresimots\\\/per-que-no-novella-grafica\\\/#article\",\"isPartOf\":{\"@id\":\"https:\\\/\\\/biblioteca.blanes.cat\\\/dijousdelletresimots\\\/per-que-no-novella-grafica\\\/\"},\"author\":{\"name\":\"biblioblanes\",\"@id\":\"https:\\\/\\\/biblioteca.blanes.cat\\\/dijousdelletresimots\\\/#\\\/schema\\\/person\\\/5a7b46760d9dd611d098bbf571a341dc\"},\"headline\":\"Per qu\u00e8 no novel\u00b7la gr\u00e0fica?\",\"datePublished\":\"2026-03-13T09:40:04+00:00\",\"dateModified\":\"2026-03-13T09:40:05+00:00\",\"mainEntityOfPage\":{\"@id\":\"https:\\\/\\\/biblioteca.blanes.cat\\\/dijousdelletresimots\\\/per-que-no-novella-grafica\\\/\"},\"wordCount\":53,\"commentCount\":0,\"image\":{\"@id\":\"https:\\\/\\\/biblioteca.blanes.cat\\\/dijousdelletresimots\\\/per-que-no-novella-grafica\\\/#primaryimage\"},\"thumbnailUrl\":\"https:\\\/\\\/biblioteca.blanes.cat\\\/dijousdelletresimots\\\/wp-content\\\/uploads\\\/sites\\\/4\\\/2026\\\/03\\\/arrugas--792x1024.jpg\",\"articleSection\":[\"Trobades\"],\"inLanguage\":\"ca\",\"potentialAction\":[{\"@type\":\"CommentAction\",\"name\":\"Comment\",\"target\":[\"https:\\\/\\\/biblioteca.blanes.cat\\\/dijousdelletresimots\\\/per-que-no-novella-grafica\\\/#respond\"]}]},{\"@type\":\"WebPage\",\"@id\":\"https:\\\/\\\/biblioteca.blanes.cat\\\/dijousdelletresimots\\\/per-que-no-novella-grafica\\\/\",\"url\":\"https:\\\/\\\/biblioteca.blanes.cat\\\/dijousdelletresimots\\\/per-que-no-novella-grafica\\\/\",\"name\":\"Per qu\u00e8 no novel\u00b7la gr\u00e0fica? - Dijous de Lletres i Mots\",\"isPartOf\":{\"@id\":\"https:\\\/\\\/biblioteca.blanes.cat\\\/dijousdelletresimots\\\/#website\"},\"primaryImageOfPage\":{\"@id\":\"https:\\\/\\\/biblioteca.blanes.cat\\\/dijousdelletresimots\\\/per-que-no-novella-grafica\\\/#primaryimage\"},\"image\":{\"@id\":\"https:\\\/\\\/biblioteca.blanes.cat\\\/dijousdelletresimots\\\/per-que-no-novella-grafica\\\/#primaryimage\"},\"thumbnailUrl\":\"https:\\\/\\\/biblioteca.blanes.cat\\\/dijousdelletresimots\\\/wp-content\\\/uploads\\\/sites\\\/4\\\/2026\\\/03\\\/arrugas--792x1024.jpg\",\"datePublished\":\"2026-03-13T09:40:04+00:00\",\"dateModified\":\"2026-03-13T09:40:05+00:00\",\"author\":{\"@id\":\"https:\\\/\\\/biblioteca.blanes.cat\\\/dijousdelletresimots\\\/#\\\/schema\\\/person\\\/5a7b46760d9dd611d098bbf571a341dc\"},\"breadcrumb\":{\"@id\":\"https:\\\/\\\/biblioteca.blanes.cat\\\/dijousdelletresimots\\\/per-que-no-novella-grafica\\\/#breadcrumb\"},\"inLanguage\":\"ca\",\"potentialAction\":[{\"@type\":\"ReadAction\",\"target\":[\"https:\\\/\\\/biblioteca.blanes.cat\\\/dijousdelletresimots\\\/per-que-no-novella-grafica\\\/\"]}]},{\"@type\":\"ImageObject\",\"inLanguage\":\"ca\",\"@id\":\"https:\\\/\\\/biblioteca.blanes.cat\\\/dijousdelletresimots\\\/per-que-no-novella-grafica\\\/#primaryimage\",\"url\":\"https:\\\/\\\/biblioteca.blanes.cat\\\/dijousdelletresimots\\\/wp-content\\\/uploads\\\/sites\\\/4\\\/2026\\\/03\\\/arrugas-.jpg\",\"contentUrl\":\"https:\\\/\\\/biblioteca.blanes.cat\\\/dijousdelletresimots\\\/wp-content\\\/uploads\\\/sites\\\/4\\\/2026\\\/03\\\/arrugas-.jpg\",\"width\":1100,\"height\":1422},{\"@type\":\"BreadcrumbList\",\"@id\":\"https:\\\/\\\/biblioteca.blanes.cat\\\/dijousdelletresimots\\\/per-que-no-novella-grafica\\\/#breadcrumb\",\"itemListElement\":[{\"@type\":\"ListItem\",\"position\":1,\"name\":\"Inici\",\"item\":\"https:\\\/\\\/biblioteca.blanes.cat\\\/dijousdelletresimots\\\/\"},{\"@type\":\"ListItem\",\"position\":2,\"name\":\"Per qu\u00e8 no novel\u00b7la gr\u00e0fica?\"}]},{\"@type\":\"WebSite\",\"@id\":\"https:\\\/\\\/biblioteca.blanes.cat\\\/dijousdelletresimots\\\/#website\",\"url\":\"https:\\\/\\\/biblioteca.blanes.cat\\\/dijousdelletresimots\\\/\",\"name\":\"Dijous de Lletres i Mots\",\"description\":\"\",\"potentialAction\":[{\"@type\":\"SearchAction\",\"target\":{\"@type\":\"EntryPoint\",\"urlTemplate\":\"https:\\\/\\\/biblioteca.blanes.cat\\\/dijousdelletresimots\\\/?s={search_term_string}\"},\"query-input\":{\"@type\":\"PropertyValueSpecification\",\"valueRequired\":true,\"valueName\":\"search_term_string\"}}],\"inLanguage\":\"ca\"},{\"@type\":\"Person\",\"@id\":\"https:\\\/\\\/biblioteca.blanes.cat\\\/dijousdelletresimots\\\/#\\\/schema\\\/person\\\/5a7b46760d9dd611d098bbf571a341dc\",\"name\":\"biblioblanes\",\"image\":{\"@type\":\"ImageObject\",\"inLanguage\":\"ca\",\"@id\":\"https:\\\/\\\/secure.gravatar.com\\\/avatar\\\/6593ca6cc90e5a70939f51c95e8315483b9c281bafba597292bee47992030f99?s=96&d=mm&r=g\",\"url\":\"https:\\\/\\\/secure.gravatar.com\\\/avatar\\\/6593ca6cc90e5a70939f51c95e8315483b9c281bafba597292bee47992030f99?s=96&d=mm&r=g\",\"contentUrl\":\"https:\\\/\\\/secure.gravatar.com\\\/avatar\\\/6593ca6cc90e5a70939f51c95e8315483b9c281bafba597292bee47992030f99?s=96&d=mm&r=g\",\"caption\":\"biblioblanes\"},\"sameAs\":[\"http:\\\/\\\/www.bibgirona.cat\\\/biblioteca\\\/blanes\",\"https:\\\/\\\/x.com\\\/biblioblanes\"],\"url\":\"https:\\\/\\\/biblioteca.blanes.cat\\\/dijousdelletresimots\\\/author\\\/biblioblanes\\\/\"}]}<\/script>\n<!-- \/ Yoast SEO plugin. -->","yoast_head_json":{"title":"Per qu\u00e8 no novel\u00b7la gr\u00e0fica? - Dijous de Lletres i Mots","robots":{"index":"index","follow":"follow","max-snippet":"max-snippet:-1","max-image-preview":"max-image-preview:large","max-video-preview":"max-video-preview:-1"},"canonical":"https:\/\/biblioteca.blanes.cat\/dijousdelletresimots\/per-que-no-novella-grafica\/","og_locale":"ca_ES","og_type":"article","og_title":"Per qu\u00e8 no novel\u00b7la gr\u00e0fica? - Dijous de Lletres i Mots","og_description":"Ens estrenem en el m\u00f3n del c\u00f2mic i la novel\u00b7la gr\u00e0fica amb dues propostes ben diferents i molt interessants. Llegirem Arrugas i La Casa de Paco Roca i Aiguagym de Marina S\u00e1ez. Us mantindrem informats de com ha anat. Quines","og_url":"https:\/\/biblioteca.blanes.cat\/dijousdelletresimots\/per-que-no-novella-grafica\/","og_site_name":"Dijous de Lletres i Mots","article_published_time":"2026-03-13T09:40:04+00:00","article_modified_time":"2026-03-13T09:40:05+00:00","og_image":[{"url":"https:\/\/biblioteca.blanes.cat\/dijousdelletresimots\/wp-content\/uploads\/sites\/4\/2026\/03\/arrugas--792x1024.jpg","type":"","width":"","height":""}],"author":"biblioblanes","twitter_card":"summary_large_image","twitter_creator":"@biblioblanes","twitter_misc":{"Escrit per":"biblioblanes","Temps estimat de lectura":"1 minut"},"schema":{"@context":"https:\/\/schema.org","@graph":[{"@type":"Article","@id":"https:\/\/biblioteca.blanes.cat\/dijousdelletresimots\/per-que-no-novella-grafica\/#article","isPartOf":{"@id":"https:\/\/biblioteca.blanes.cat\/dijousdelletresimots\/per-que-no-novella-grafica\/"},"author":{"name":"biblioblanes","@id":"https:\/\/biblioteca.blanes.cat\/dijousdelletresimots\/#\/schema\/person\/5a7b46760d9dd611d098bbf571a341dc"},"headline":"Per qu\u00e8 no novel\u00b7la gr\u00e0fica?","datePublished":"2026-03-13T09:40:04+00:00","dateModified":"2026-03-13T09:40:05+00:00","mainEntityOfPage":{"@id":"https:\/\/biblioteca.blanes.cat\/dijousdelletresimots\/per-que-no-novella-grafica\/"},"wordCount":53,"commentCount":0,"image":{"@id":"https:\/\/biblioteca.blanes.cat\/dijousdelletresimots\/per-que-no-novella-grafica\/#primaryimage"},"thumbnailUrl":"https:\/\/biblioteca.blanes.cat\/dijousdelletresimots\/wp-content\/uploads\/sites\/4\/2026\/03\/arrugas--792x1024.jpg","articleSection":["Trobades"],"inLanguage":"ca","potentialAction":[{"@type":"CommentAction","name":"Comment","target":["https:\/\/biblioteca.blanes.cat\/dijousdelletresimots\/per-que-no-novella-grafica\/#respond"]}]},{"@type":"WebPage","@id":"https:\/\/biblioteca.blanes.cat\/dijousdelletresimots\/per-que-no-novella-grafica\/","url":"https:\/\/biblioteca.blanes.cat\/dijousdelletresimots\/per-que-no-novella-grafica\/","name":"Per qu\u00e8 no novel\u00b7la gr\u00e0fica? - Dijous de Lletres i Mots","isPartOf":{"@id":"https:\/\/biblioteca.blanes.cat\/dijousdelletresimots\/#website"},"primaryImageOfPage":{"@id":"https:\/\/biblioteca.blanes.cat\/dijousdelletresimots\/per-que-no-novella-grafica\/#primaryimage"},"image":{"@id":"https:\/\/biblioteca.blanes.cat\/dijousdelletresimots\/per-que-no-novella-grafica\/#primaryimage"},"thumbnailUrl":"https:\/\/biblioteca.blanes.cat\/dijousdelletresimots\/wp-content\/uploads\/sites\/4\/2026\/03\/arrugas--792x1024.jpg","datePublished":"2026-03-13T09:40:04+00:00","dateModified":"2026-03-13T09:40:05+00:00","author":{"@id":"https:\/\/biblioteca.blanes.cat\/dijousdelletresimots\/#\/schema\/person\/5a7b46760d9dd611d098bbf571a341dc"},"breadcrumb":{"@id":"https:\/\/biblioteca.blanes.cat\/dijousdelletresimots\/per-que-no-novella-grafica\/#breadcrumb"},"inLanguage":"ca","potentialAction":[{"@type":"ReadAction","target":["https:\/\/biblioteca.blanes.cat\/dijousdelletresimots\/per-que-no-novella-grafica\/"]}]},{"@type":"ImageObject","inLanguage":"ca","@id":"https:\/\/biblioteca.blanes.cat\/dijousdelletresimots\/per-que-no-novella-grafica\/#primaryimage","url":"https:\/\/biblioteca.blanes.cat\/dijousdelletresimots\/wp-content\/uploads\/sites\/4\/2026\/03\/arrugas-.jpg","contentUrl":"https:\/\/biblioteca.blanes.cat\/dijousdelletresimots\/wp-content\/uploads\/sites\/4\/2026\/03\/arrugas-.jpg","width":1100,"height":1422},{"@type":"BreadcrumbList","@id":"https:\/\/biblioteca.blanes.cat\/dijousdelletresimots\/per-que-no-novella-grafica\/#breadcrumb","itemListElement":[{"@type":"ListItem","position":1,"name":"Inici","item":"https:\/\/biblioteca.blanes.cat\/dijousdelletresimots\/"},{"@type":"ListItem","position":2,"name":"Per qu\u00e8 no novel\u00b7la gr\u00e0fica?"}]},{"@type":"WebSite","@id":"https:\/\/biblioteca.blanes.cat\/dijousdelletresimots\/#website","url":"https:\/\/biblioteca.blanes.cat\/dijousdelletresimots\/","name":"Dijous de Lletres i Mots","description":"","potentialAction":[{"@type":"SearchAction","target":{"@type":"EntryPoint","urlTemplate":"https:\/\/biblioteca.blanes.cat\/dijousdelletresimots\/?s={search_term_string}"},"query-input":{"@type":"PropertyValueSpecification","valueRequired":true,"valueName":"search_term_string"}}],"inLanguage":"ca"},{"@type":"Person","@id":"https:\/\/biblioteca.blanes.cat\/dijousdelletresimots\/#\/schema\/person\/5a7b46760d9dd611d098bbf571a341dc","name":"biblioblanes","image":{"@type":"ImageObject","inLanguage":"ca","@id":"https:\/\/secure.gravatar.com\/avatar\/6593ca6cc90e5a70939f51c95e8315483b9c281bafba597292bee47992030f99?s=96&d=mm&r=g","url":"https:\/\/secure.gravatar.com\/avatar\/6593ca6cc90e5a70939f51c95e8315483b9c281bafba597292bee47992030f99?s=96&d=mm&r=g","contentUrl":"https:\/\/secure.gravatar.com\/avatar\/6593ca6cc90e5a70939f51c95e8315483b9c281bafba597292bee47992030f99?s=96&d=mm&r=g","caption":"biblioblanes"},"sameAs":["http:\/\/www.bibgirona.cat\/biblioteca\/blanes","https:\/\/x.com\/biblioblanes"],"url":"https:\/\/biblioteca.blanes.cat\/dijousdelletresimots\/author\/biblioblanes\/"}]}},"_links":{"self":[{"href":"https:\/\/biblioteca.blanes.cat\/dijousdelletresimots\/wp-json\/wp\/v2\/posts\/985","targetHints":{"allow":["GET"]}}],"collection":[{"href":"https:\/\/biblioteca.blanes.cat\/dijousdelletresimots\/wp-json\/wp\/v2\/posts"}],"about":[{"href":"https:\/\/biblioteca.blanes.cat\/dijousdelletresimots\/wp-json\/wp\/v2\/types\/post"}],"author":[{"embeddable":true,"href":"https:\/\/biblioteca.blanes.cat\/dijousdelletresimots\/wp-json\/wp\/v2\/users\/4"}],"replies":[{"embeddable":true,"href":"https:\/\/biblioteca.blanes.cat\/dijousdelletresimots\/wp-json\/wp\/v2\/comments?post=985"}],"version-history":[{"count":1,"href":"https:\/\/biblioteca.blanes.cat\/dijousdelletresimots\/wp-json\/wp\/v2\/posts\/985\/revisions"}],"predecessor-version":[{"id":987,"href":"https:\/\/biblioteca.blanes.cat\/dijousdelletresimots\/wp-json\/wp\/v2\/posts\/985\/revisions\/987"}],"wp:attachment":[{"href":"https:\/\/biblioteca.blanes.cat\/dijousdelletresimots\/wp-json\/wp\/v2\/media?parent=985"}],"wp:term":[{"taxonomy":"category","embeddable":true,"href":"https:\/\/biblioteca.blanes.cat\/dijousdelletresimots\/wp-json\/wp\/v2\/categories?post=985"},{"taxonomy":"post_tag","embeddable":true,"href":"https:\/\/biblioteca.blanes.cat\/dijousdelletresimots\/wp-json\/wp\/v2\/tags?post=985"}],"curies":[{"name":"wp","href":"https:\/\/api.w.org\/{rel}","templated":true}]}}