{"id":815,"date":"2025-07-14T12:47:39","date_gmt":"2025-07-14T11:47:39","guid":{"rendered":"https:\/\/biblioteca.blanes.cat\/dijousdelletresimots\/?p=815"},"modified":"2025-07-14T12:47:40","modified_gmt":"2025-07-14T11:47:40","slug":"maria-antonieta-una-gran-biografia","status":"publish","type":"post","link":"https:\/\/biblioteca.blanes.cat\/dijousdelletresimots\/maria-antonieta-una-gran-biografia\/","title":{"rendered":"Maria Antonieta, una gran biografia!"},"content":{"rendered":"\n<p>La propera lectura que comentarem ser\u00e0 <em>Maria Antonieta, retrat d&#8217;un car\u00e0cter mitj\u00e0<\/em>,<em> <\/em>escrita pel magn\u00edfic autor vien\u00e8s Stefan Zweig.  Es tracta d&#8217;un  relat magn\u00edfic de la vida d&#8217;aquesta dona especial, arrossegada a ser reina de Fran\u00e7a i v\u00edctima de la Revoluci\u00f3 Francesa. La seva lectura \u00e9s m\u00e9s que recomanable, ja que tenim entre mans una gran hist\u00f2ria escrita per un  excel\u00b7lent mestre de les lletres. La comentarem el<strong> dijous 14 d&#8217;agost<\/strong> . No hi falteu!!!<\/p>\n\n\n\n<figure class=\"wp-block-image size-full is-resized\"><img fetchpriority=\"high\" decoding=\"async\" width=\"552\" height=\"829\" src=\"https:\/\/biblioteca.blanes.cat\/dijousdelletresimots\/wp-content\/uploads\/sites\/4\/2025\/07\/9788419059116.jpg\" alt=\"\" class=\"wp-image-816\" style=\"width:302px;height:auto\" srcset=\"https:\/\/biblioteca.blanes.cat\/dijousdelletresimots\/wp-content\/uploads\/sites\/4\/2025\/07\/9788419059116.jpg 552w, https:\/\/biblioteca.blanes.cat\/dijousdelletresimots\/wp-content\/uploads\/sites\/4\/2025\/07\/9788419059116-200x300.jpg 200w\" sizes=\"(max-width: 552px) 100vw, 552px\" \/><\/figure>\n\n\n\n<p><\/p>\n","protected":false},"excerpt":{"rendered":"<p>La propera lectura que comentarem ser\u00e0 Maria Antonieta, retrat d&#8217;un car\u00e0cter mitj\u00e0, escrita pel magn\u00edfic autor vien\u00e8s Stefan Zweig. Es tracta d&#8217;un relat magn\u00edfic de la vida d&#8217;aquesta dona especial, arrossegada a ser reina de Fran\u00e7a i v\u00edctima de la<\/p>\n","protected":false},"author":4,"featured_media":0,"comment_status":"open","ping_status":"open","sticky":false,"template":"","format":"standard","meta":{"sfsi_plus_gutenberg_text_before_share":"","sfsi_plus_gutenberg_show_text_before_share":"","sfsi_plus_gutenberg_icon_type":"","sfsi_plus_gutenberg_icon_alignemt":"","sfsi_plus_gutenburg_max_per_row":"","footnotes":""},"categories":[1],"tags":[],"class_list":["post-815","post","type-post","status-publish","format-standard","hentry","category-general"],"yoast_head":"<!-- This site is optimized with the Yoast SEO plugin v27.5 - https:\/\/yoast.com\/product\/yoast-seo-wordpress\/ -->\n<title>Maria Antonieta, una gran biografia! - Dijous de Lletres i Mots<\/title>\n<meta name=\"robots\" content=\"index, follow, max-snippet:-1, max-image-preview:large, max-video-preview:-1\" \/>\n<link rel=\"canonical\" href=\"https:\/\/biblioteca.blanes.cat\/dijousdelletresimots\/maria-antonieta-una-gran-biografia\/\" \/>\n<meta property=\"og:locale\" content=\"ca_ES\" \/>\n<meta property=\"og:type\" content=\"article\" \/>\n<meta property=\"og:title\" content=\"Maria Antonieta, una gran biografia! - Dijous de Lletres i Mots\" \/>\n<meta property=\"og:description\" content=\"La propera lectura que comentarem ser\u00e0 Maria Antonieta, retrat d&#8217;un car\u00e0cter mitj\u00e0, escrita pel magn\u00edfic autor vien\u00e8s Stefan Zweig. Es tracta d&#8217;un relat magn\u00edfic de la vida d&#8217;aquesta dona especial, arrossegada a ser reina de Fran\u00e7a i v\u00edctima de la\" \/>\n<meta property=\"og:url\" content=\"https:\/\/biblioteca.blanes.cat\/dijousdelletresimots\/maria-antonieta-una-gran-biografia\/\" \/>\n<meta property=\"og:site_name\" content=\"Dijous de Lletres i Mots\" \/>\n<meta property=\"article:published_time\" content=\"2025-07-14T11:47:39+00:00\" \/>\n<meta property=\"article:modified_time\" content=\"2025-07-14T11:47:40+00:00\" \/>\n<meta property=\"og:image\" content=\"https:\/\/biblioteca.blanes.cat\/dijousdelletresimots\/wp-content\/uploads\/sites\/4\/2025\/07\/9788419059116.jpg\" \/>\n<meta name=\"author\" content=\"biblioblanes\" \/>\n<meta name=\"twitter:card\" content=\"summary_large_image\" \/>\n<meta name=\"twitter:creator\" content=\"@biblioblanes\" \/>\n<meta name=\"twitter:label1\" content=\"Escrit per\" \/>\n\t<meta name=\"twitter:data1\" content=\"biblioblanes\" \/>\n\t<meta name=\"twitter:label2\" content=\"Temps estimat de lectura\" \/>\n\t<meta name=\"twitter:data2\" content=\"1 minut\" \/>\n<script type=\"application\/ld+json\" class=\"yoast-schema-graph\">{\"@context\":\"https:\\\/\\\/schema.org\",\"@graph\":[{\"@type\":\"Article\",\"@id\":\"https:\\\/\\\/biblioteca.blanes.cat\\\/dijousdelletresimots\\\/maria-antonieta-una-gran-biografia\\\/#article\",\"isPartOf\":{\"@id\":\"https:\\\/\\\/biblioteca.blanes.cat\\\/dijousdelletresimots\\\/maria-antonieta-una-gran-biografia\\\/\"},\"author\":{\"name\":\"biblioblanes\",\"@id\":\"https:\\\/\\\/biblioteca.blanes.cat\\\/dijousdelletresimots\\\/#\\\/schema\\\/person\\\/5a7b46760d9dd611d098bbf571a341dc\"},\"headline\":\"Maria Antonieta, una gran biografia!\",\"datePublished\":\"2025-07-14T11:47:39+00:00\",\"dateModified\":\"2025-07-14T11:47:40+00:00\",\"mainEntityOfPage\":{\"@id\":\"https:\\\/\\\/biblioteca.blanes.cat\\\/dijousdelletresimots\\\/maria-antonieta-una-gran-biografia\\\/\"},\"wordCount\":91,\"commentCount\":0,\"image\":{\"@id\":\"https:\\\/\\\/biblioteca.blanes.cat\\\/dijousdelletresimots\\\/maria-antonieta-una-gran-biografia\\\/#primaryimage\"},\"thumbnailUrl\":\"https:\\\/\\\/biblioteca.blanes.cat\\\/dijousdelletresimots\\\/wp-content\\\/uploads\\\/sites\\\/4\\\/2025\\\/07\\\/9788419059116.jpg\",\"articleSection\":[\"Trobades\"],\"inLanguage\":\"ca\",\"potentialAction\":[{\"@type\":\"CommentAction\",\"name\":\"Comment\",\"target\":[\"https:\\\/\\\/biblioteca.blanes.cat\\\/dijousdelletresimots\\\/maria-antonieta-una-gran-biografia\\\/#respond\"]}]},{\"@type\":\"WebPage\",\"@id\":\"https:\\\/\\\/biblioteca.blanes.cat\\\/dijousdelletresimots\\\/maria-antonieta-una-gran-biografia\\\/\",\"url\":\"https:\\\/\\\/biblioteca.blanes.cat\\\/dijousdelletresimots\\\/maria-antonieta-una-gran-biografia\\\/\",\"name\":\"Maria Antonieta, una gran biografia! - Dijous de Lletres i Mots\",\"isPartOf\":{\"@id\":\"https:\\\/\\\/biblioteca.blanes.cat\\\/dijousdelletresimots\\\/#website\"},\"primaryImageOfPage\":{\"@id\":\"https:\\\/\\\/biblioteca.blanes.cat\\\/dijousdelletresimots\\\/maria-antonieta-una-gran-biografia\\\/#primaryimage\"},\"image\":{\"@id\":\"https:\\\/\\\/biblioteca.blanes.cat\\\/dijousdelletresimots\\\/maria-antonieta-una-gran-biografia\\\/#primaryimage\"},\"thumbnailUrl\":\"https:\\\/\\\/biblioteca.blanes.cat\\\/dijousdelletresimots\\\/wp-content\\\/uploads\\\/sites\\\/4\\\/2025\\\/07\\\/9788419059116.jpg\",\"datePublished\":\"2025-07-14T11:47:39+00:00\",\"dateModified\":\"2025-07-14T11:47:40+00:00\",\"author\":{\"@id\":\"https:\\\/\\\/biblioteca.blanes.cat\\\/dijousdelletresimots\\\/#\\\/schema\\\/person\\\/5a7b46760d9dd611d098bbf571a341dc\"},\"breadcrumb\":{\"@id\":\"https:\\\/\\\/biblioteca.blanes.cat\\\/dijousdelletresimots\\\/maria-antonieta-una-gran-biografia\\\/#breadcrumb\"},\"inLanguage\":\"ca\",\"potentialAction\":[{\"@type\":\"ReadAction\",\"target\":[\"https:\\\/\\\/biblioteca.blanes.cat\\\/dijousdelletresimots\\\/maria-antonieta-una-gran-biografia\\\/\"]}]},{\"@type\":\"ImageObject\",\"inLanguage\":\"ca\",\"@id\":\"https:\\\/\\\/biblioteca.blanes.cat\\\/dijousdelletresimots\\\/maria-antonieta-una-gran-biografia\\\/#primaryimage\",\"url\":\"https:\\\/\\\/biblioteca.blanes.cat\\\/dijousdelletresimots\\\/wp-content\\\/uploads\\\/sites\\\/4\\\/2025\\\/07\\\/9788419059116.jpg\",\"contentUrl\":\"https:\\\/\\\/biblioteca.blanes.cat\\\/dijousdelletresimots\\\/wp-content\\\/uploads\\\/sites\\\/4\\\/2025\\\/07\\\/9788419059116.jpg\",\"width\":552,\"height\":829},{\"@type\":\"BreadcrumbList\",\"@id\":\"https:\\\/\\\/biblioteca.blanes.cat\\\/dijousdelletresimots\\\/maria-antonieta-una-gran-biografia\\\/#breadcrumb\",\"itemListElement\":[{\"@type\":\"ListItem\",\"position\":1,\"name\":\"Inici\",\"item\":\"https:\\\/\\\/biblioteca.blanes.cat\\\/dijousdelletresimots\\\/\"},{\"@type\":\"ListItem\",\"position\":2,\"name\":\"Maria Antonieta, una gran biografia!\"}]},{\"@type\":\"WebSite\",\"@id\":\"https:\\\/\\\/biblioteca.blanes.cat\\\/dijousdelletresimots\\\/#website\",\"url\":\"https:\\\/\\\/biblioteca.blanes.cat\\\/dijousdelletresimots\\\/\",\"name\":\"Dijous de Lletres i Mots\",\"description\":\"\",\"potentialAction\":[{\"@type\":\"SearchAction\",\"target\":{\"@type\":\"EntryPoint\",\"urlTemplate\":\"https:\\\/\\\/biblioteca.blanes.cat\\\/dijousdelletresimots\\\/?s={search_term_string}\"},\"query-input\":{\"@type\":\"PropertyValueSpecification\",\"valueRequired\":true,\"valueName\":\"search_term_string\"}}],\"inLanguage\":\"ca\"},{\"@type\":\"Person\",\"@id\":\"https:\\\/\\\/biblioteca.blanes.cat\\\/dijousdelletresimots\\\/#\\\/schema\\\/person\\\/5a7b46760d9dd611d098bbf571a341dc\",\"name\":\"biblioblanes\",\"image\":{\"@type\":\"ImageObject\",\"inLanguage\":\"ca\",\"@id\":\"https:\\\/\\\/secure.gravatar.com\\\/avatar\\\/6593ca6cc90e5a70939f51c95e8315483b9c281bafba597292bee47992030f99?s=96&d=mm&r=g\",\"url\":\"https:\\\/\\\/secure.gravatar.com\\\/avatar\\\/6593ca6cc90e5a70939f51c95e8315483b9c281bafba597292bee47992030f99?s=96&d=mm&r=g\",\"contentUrl\":\"https:\\\/\\\/secure.gravatar.com\\\/avatar\\\/6593ca6cc90e5a70939f51c95e8315483b9c281bafba597292bee47992030f99?s=96&d=mm&r=g\",\"caption\":\"biblioblanes\"},\"sameAs\":[\"http:\\\/\\\/www.bibgirona.cat\\\/biblioteca\\\/blanes\",\"https:\\\/\\\/x.com\\\/biblioblanes\"],\"url\":\"https:\\\/\\\/biblioteca.blanes.cat\\\/dijousdelletresimots\\\/author\\\/biblioblanes\\\/\"}]}<\/script>\n<!-- \/ Yoast SEO plugin. -->","yoast_head_json":{"title":"Maria Antonieta, una gran biografia! - Dijous de Lletres i Mots","robots":{"index":"index","follow":"follow","max-snippet":"max-snippet:-1","max-image-preview":"max-image-preview:large","max-video-preview":"max-video-preview:-1"},"canonical":"https:\/\/biblioteca.blanes.cat\/dijousdelletresimots\/maria-antonieta-una-gran-biografia\/","og_locale":"ca_ES","og_type":"article","og_title":"Maria Antonieta, una gran biografia! - Dijous de Lletres i Mots","og_description":"La propera lectura que comentarem ser\u00e0 Maria Antonieta, retrat d&#8217;un car\u00e0cter mitj\u00e0, escrita pel magn\u00edfic autor vien\u00e8s Stefan Zweig. Es tracta d&#8217;un relat magn\u00edfic de la vida d&#8217;aquesta dona especial, arrossegada a ser reina de Fran\u00e7a i v\u00edctima de la","og_url":"https:\/\/biblioteca.blanes.cat\/dijousdelletresimots\/maria-antonieta-una-gran-biografia\/","og_site_name":"Dijous de Lletres i Mots","article_published_time":"2025-07-14T11:47:39+00:00","article_modified_time":"2025-07-14T11:47:40+00:00","og_image":[{"url":"https:\/\/biblioteca.blanes.cat\/dijousdelletresimots\/wp-content\/uploads\/sites\/4\/2025\/07\/9788419059116.jpg","type":"","width":"","height":""}],"author":"biblioblanes","twitter_card":"summary_large_image","twitter_creator":"@biblioblanes","twitter_misc":{"Escrit per":"biblioblanes","Temps estimat de lectura":"1 minut"},"schema":{"@context":"https:\/\/schema.org","@graph":[{"@type":"Article","@id":"https:\/\/biblioteca.blanes.cat\/dijousdelletresimots\/maria-antonieta-una-gran-biografia\/#article","isPartOf":{"@id":"https:\/\/biblioteca.blanes.cat\/dijousdelletresimots\/maria-antonieta-una-gran-biografia\/"},"author":{"name":"biblioblanes","@id":"https:\/\/biblioteca.blanes.cat\/dijousdelletresimots\/#\/schema\/person\/5a7b46760d9dd611d098bbf571a341dc"},"headline":"Maria Antonieta, una gran biografia!","datePublished":"2025-07-14T11:47:39+00:00","dateModified":"2025-07-14T11:47:40+00:00","mainEntityOfPage":{"@id":"https:\/\/biblioteca.blanes.cat\/dijousdelletresimots\/maria-antonieta-una-gran-biografia\/"},"wordCount":91,"commentCount":0,"image":{"@id":"https:\/\/biblioteca.blanes.cat\/dijousdelletresimots\/maria-antonieta-una-gran-biografia\/#primaryimage"},"thumbnailUrl":"https:\/\/biblioteca.blanes.cat\/dijousdelletresimots\/wp-content\/uploads\/sites\/4\/2025\/07\/9788419059116.jpg","articleSection":["Trobades"],"inLanguage":"ca","potentialAction":[{"@type":"CommentAction","name":"Comment","target":["https:\/\/biblioteca.blanes.cat\/dijousdelletresimots\/maria-antonieta-una-gran-biografia\/#respond"]}]},{"@type":"WebPage","@id":"https:\/\/biblioteca.blanes.cat\/dijousdelletresimots\/maria-antonieta-una-gran-biografia\/","url":"https:\/\/biblioteca.blanes.cat\/dijousdelletresimots\/maria-antonieta-una-gran-biografia\/","name":"Maria Antonieta, una gran biografia! - Dijous de Lletres i Mots","isPartOf":{"@id":"https:\/\/biblioteca.blanes.cat\/dijousdelletresimots\/#website"},"primaryImageOfPage":{"@id":"https:\/\/biblioteca.blanes.cat\/dijousdelletresimots\/maria-antonieta-una-gran-biografia\/#primaryimage"},"image":{"@id":"https:\/\/biblioteca.blanes.cat\/dijousdelletresimots\/maria-antonieta-una-gran-biografia\/#primaryimage"},"thumbnailUrl":"https:\/\/biblioteca.blanes.cat\/dijousdelletresimots\/wp-content\/uploads\/sites\/4\/2025\/07\/9788419059116.jpg","datePublished":"2025-07-14T11:47:39+00:00","dateModified":"2025-07-14T11:47:40+00:00","author":{"@id":"https:\/\/biblioteca.blanes.cat\/dijousdelletresimots\/#\/schema\/person\/5a7b46760d9dd611d098bbf571a341dc"},"breadcrumb":{"@id":"https:\/\/biblioteca.blanes.cat\/dijousdelletresimots\/maria-antonieta-una-gran-biografia\/#breadcrumb"},"inLanguage":"ca","potentialAction":[{"@type":"ReadAction","target":["https:\/\/biblioteca.blanes.cat\/dijousdelletresimots\/maria-antonieta-una-gran-biografia\/"]}]},{"@type":"ImageObject","inLanguage":"ca","@id":"https:\/\/biblioteca.blanes.cat\/dijousdelletresimots\/maria-antonieta-una-gran-biografia\/#primaryimage","url":"https:\/\/biblioteca.blanes.cat\/dijousdelletresimots\/wp-content\/uploads\/sites\/4\/2025\/07\/9788419059116.jpg","contentUrl":"https:\/\/biblioteca.blanes.cat\/dijousdelletresimots\/wp-content\/uploads\/sites\/4\/2025\/07\/9788419059116.jpg","width":552,"height":829},{"@type":"BreadcrumbList","@id":"https:\/\/biblioteca.blanes.cat\/dijousdelletresimots\/maria-antonieta-una-gran-biografia\/#breadcrumb","itemListElement":[{"@type":"ListItem","position":1,"name":"Inici","item":"https:\/\/biblioteca.blanes.cat\/dijousdelletresimots\/"},{"@type":"ListItem","position":2,"name":"Maria Antonieta, una gran biografia!"}]},{"@type":"WebSite","@id":"https:\/\/biblioteca.blanes.cat\/dijousdelletresimots\/#website","url":"https:\/\/biblioteca.blanes.cat\/dijousdelletresimots\/","name":"Dijous de Lletres i Mots","description":"","potentialAction":[{"@type":"SearchAction","target":{"@type":"EntryPoint","urlTemplate":"https:\/\/biblioteca.blanes.cat\/dijousdelletresimots\/?s={search_term_string}"},"query-input":{"@type":"PropertyValueSpecification","valueRequired":true,"valueName":"search_term_string"}}],"inLanguage":"ca"},{"@type":"Person","@id":"https:\/\/biblioteca.blanes.cat\/dijousdelletresimots\/#\/schema\/person\/5a7b46760d9dd611d098bbf571a341dc","name":"biblioblanes","image":{"@type":"ImageObject","inLanguage":"ca","@id":"https:\/\/secure.gravatar.com\/avatar\/6593ca6cc90e5a70939f51c95e8315483b9c281bafba597292bee47992030f99?s=96&d=mm&r=g","url":"https:\/\/secure.gravatar.com\/avatar\/6593ca6cc90e5a70939f51c95e8315483b9c281bafba597292bee47992030f99?s=96&d=mm&r=g","contentUrl":"https:\/\/secure.gravatar.com\/avatar\/6593ca6cc90e5a70939f51c95e8315483b9c281bafba597292bee47992030f99?s=96&d=mm&r=g","caption":"biblioblanes"},"sameAs":["http:\/\/www.bibgirona.cat\/biblioteca\/blanes","https:\/\/x.com\/biblioblanes"],"url":"https:\/\/biblioteca.blanes.cat\/dijousdelletresimots\/author\/biblioblanes\/"}]}},"_links":{"self":[{"href":"https:\/\/biblioteca.blanes.cat\/dijousdelletresimots\/wp-json\/wp\/v2\/posts\/815","targetHints":{"allow":["GET"]}}],"collection":[{"href":"https:\/\/biblioteca.blanes.cat\/dijousdelletresimots\/wp-json\/wp\/v2\/posts"}],"about":[{"href":"https:\/\/biblioteca.blanes.cat\/dijousdelletresimots\/wp-json\/wp\/v2\/types\/post"}],"author":[{"embeddable":true,"href":"https:\/\/biblioteca.blanes.cat\/dijousdelletresimots\/wp-json\/wp\/v2\/users\/4"}],"replies":[{"embeddable":true,"href":"https:\/\/biblioteca.blanes.cat\/dijousdelletresimots\/wp-json\/wp\/v2\/comments?post=815"}],"version-history":[{"count":1,"href":"https:\/\/biblioteca.blanes.cat\/dijousdelletresimots\/wp-json\/wp\/v2\/posts\/815\/revisions"}],"predecessor-version":[{"id":817,"href":"https:\/\/biblioteca.blanes.cat\/dijousdelletresimots\/wp-json\/wp\/v2\/posts\/815\/revisions\/817"}],"wp:attachment":[{"href":"https:\/\/biblioteca.blanes.cat\/dijousdelletresimots\/wp-json\/wp\/v2\/media?parent=815"}],"wp:term":[{"taxonomy":"category","embeddable":true,"href":"https:\/\/biblioteca.blanes.cat\/dijousdelletresimots\/wp-json\/wp\/v2\/categories?post=815"},{"taxonomy":"post_tag","embeddable":true,"href":"https:\/\/biblioteca.blanes.cat\/dijousdelletresimots\/wp-json\/wp\/v2\/tags?post=815"}],"curies":[{"name":"wp","href":"https:\/\/api.w.org\/{rel}","templated":true}]}}