{"id":810,"date":"2025-07-14T12:04:37","date_gmt":"2025-07-14T11:04:37","guid":{"rendered":"https:\/\/biblioteca.blanes.cat\/dijousdelletresimots\/?p=810"},"modified":"2025-07-14T12:04:38","modified_gmt":"2025-07-14T11:04:38","slug":"per-molts-anys-lletres-i-mots","status":"publish","type":"post","link":"https:\/\/biblioteca.blanes.cat\/dijousdelletresimots\/per-molts-anys-lletres-i-mots\/","title":{"rendered":"Per molts anys, Lletres i Mots!"},"content":{"rendered":"\n<p>El passat dijous 3 de juliol v\u00e0rem celebrar el 23\u00e8 aniversari de la Tert\u00falia Dijous de Lletres i Mots. En aquesta ocasi\u00f3 v\u00e0rem comptar amb la magn\u00edfica representaci\u00f3 &#8220;\u00c0ngesl i dimonis a Montserrat&#8221;. <\/p>\n\n\n\n<figure class=\"wp-block-image size-large is-resized\"><img fetchpriority=\"high\" decoding=\"async\" width=\"768\" height=\"1024\" src=\"https:\/\/biblioteca.blanes.cat\/dijousdelletresimots\/wp-content\/uploads\/sites\/4\/2025\/07\/BiblioBlanes_23Aniv_Tertulia_0372025-18-768x1024.jpeg\" alt=\"\" class=\"wp-image-812\" style=\"width:178px;height:auto\" srcset=\"https:\/\/biblioteca.blanes.cat\/dijousdelletresimots\/wp-content\/uploads\/sites\/4\/2025\/07\/BiblioBlanes_23Aniv_Tertulia_0372025-18-768x1024.jpeg 768w, https:\/\/biblioteca.blanes.cat\/dijousdelletresimots\/wp-content\/uploads\/sites\/4\/2025\/07\/BiblioBlanes_23Aniv_Tertulia_0372025-18-225x300.jpeg 225w, https:\/\/biblioteca.blanes.cat\/dijousdelletresimots\/wp-content\/uploads\/sites\/4\/2025\/07\/BiblioBlanes_23Aniv_Tertulia_0372025-18-1152x1536.jpeg 1152w, https:\/\/biblioteca.blanes.cat\/dijousdelletresimots\/wp-content\/uploads\/sites\/4\/2025\/07\/BiblioBlanes_23Aniv_Tertulia_0372025-18.jpeg 1536w\" sizes=\"(max-width: 768px) 100vw, 768px\" \/><\/figure>\n\n\n\n<div class=\"wp-block-media-text is-stacked-on-mobile\"><figure class=\"wp-block-media-text__media\"><img decoding=\"async\" width=\"1024\" height=\"768\" src=\"https:\/\/biblioteca.blanes.cat\/dijousdelletresimots\/wp-content\/uploads\/sites\/4\/2025\/07\/BiblioBlanes_23Aniv_Tertulia_0372025-9-1024x768.jpeg\" alt=\"\" class=\"wp-image-811 size-full\" srcset=\"https:\/\/biblioteca.blanes.cat\/dijousdelletresimots\/wp-content\/uploads\/sites\/4\/2025\/07\/BiblioBlanes_23Aniv_Tertulia_0372025-9-1024x768.jpeg 1024w, https:\/\/biblioteca.blanes.cat\/dijousdelletresimots\/wp-content\/uploads\/sites\/4\/2025\/07\/BiblioBlanes_23Aniv_Tertulia_0372025-9-300x225.jpeg 300w, https:\/\/biblioteca.blanes.cat\/dijousdelletresimots\/wp-content\/uploads\/sites\/4\/2025\/07\/BiblioBlanes_23Aniv_Tertulia_0372025-9-768x576.jpeg 768w, https:\/\/biblioteca.blanes.cat\/dijousdelletresimots\/wp-content\/uploads\/sites\/4\/2025\/07\/BiblioBlanes_23Aniv_Tertulia_0372025-9-1536x1152.jpeg 1536w, https:\/\/biblioteca.blanes.cat\/dijousdelletresimots\/wp-content\/uploads\/sites\/4\/2025\/07\/BiblioBlanes_23Aniv_Tertulia_0372025-9.jpeg 2048w\" sizes=\"(max-width: 1024px) 100vw, 1024px\" \/><\/figure><div class=\"wp-block-media-text__content\">\n<p>L&#8217;espectacle va ser protagonitzat per de l&#8217; Assumpta Mercader(interpretaci\u00f3) i la Maria Carretero (piano), aprofitant la celebraci\u00f3 del Mil\u00b7lenari del Santuari de Montserrat. Va ser un interessant enfilall de llegendes que ning\u00fa no van deixar indiferent.<\/p>\n<\/div><\/div>\n\n\n\n<div class=\"wp-block-group is-layout-constrained wp-block-group-is-layout-constrained\">\n<figure class=\"wp-block-image size-large is-resized\"><img decoding=\"async\" width=\"768\" height=\"1024\" src=\"https:\/\/biblioteca.blanes.cat\/dijousdelletresimots\/wp-content\/uploads\/sites\/4\/2025\/07\/BiblioBlanes_23Aniv_Tertulia_0372025-25-768x1024.jpeg\" alt=\"\" class=\"wp-image-813\" style=\"width:193px;height:auto\" srcset=\"https:\/\/biblioteca.blanes.cat\/dijousdelletresimots\/wp-content\/uploads\/sites\/4\/2025\/07\/BiblioBlanes_23Aniv_Tertulia_0372025-25-768x1024.jpeg 768w, https:\/\/biblioteca.blanes.cat\/dijousdelletresimots\/wp-content\/uploads\/sites\/4\/2025\/07\/BiblioBlanes_23Aniv_Tertulia_0372025-25-225x300.jpeg 225w, https:\/\/biblioteca.blanes.cat\/dijousdelletresimots\/wp-content\/uploads\/sites\/4\/2025\/07\/BiblioBlanes_23Aniv_Tertulia_0372025-25-1152x1536.jpeg 1152w, https:\/\/biblioteca.blanes.cat\/dijousdelletresimots\/wp-content\/uploads\/sites\/4\/2025\/07\/BiblioBlanes_23Aniv_Tertulia_0372025-25.jpeg 1536w\" sizes=\"(max-width: 768px) 100vw, 768px\" \/><\/figure>\n<\/div>\n","protected":false},"excerpt":{"rendered":"<p>El passat dijous 3 de juliol v\u00e0rem celebrar el 23\u00e8 aniversari de la Tert\u00falia Dijous de Lletres i Mots. En aquesta ocasi\u00f3 v\u00e0rem comptar amb la magn\u00edfica representaci\u00f3 &#8220;\u00c0ngesl i dimonis a Montserrat&#8221;. L&#8217;espectacle va ser protagonitzat per de l&#8217;<\/p>\n","protected":false},"author":4,"featured_media":0,"comment_status":"open","ping_status":"open","sticky":false,"template":"","format":"standard","meta":{"sfsi_plus_gutenberg_text_before_share":"","sfsi_plus_gutenberg_show_text_before_share":"","sfsi_plus_gutenberg_icon_type":"","sfsi_plus_gutenberg_icon_alignemt":"","sfsi_plus_gutenburg_max_per_row":"","footnotes":""},"categories":[1],"tags":[],"class_list":["post-810","post","type-post","status-publish","format-standard","hentry","category-general"],"yoast_head":"<!-- This site is optimized with the Yoast SEO plugin v27.5 - https:\/\/yoast.com\/product\/yoast-seo-wordpress\/ -->\n<title>Per molts anys, Lletres i Mots! - Dijous de Lletres i Mots<\/title>\n<meta name=\"robots\" content=\"index, follow, max-snippet:-1, max-image-preview:large, max-video-preview:-1\" \/>\n<link rel=\"canonical\" href=\"https:\/\/biblioteca.blanes.cat\/dijousdelletresimots\/per-molts-anys-lletres-i-mots\/\" \/>\n<meta property=\"og:locale\" content=\"ca_ES\" \/>\n<meta property=\"og:type\" content=\"article\" \/>\n<meta property=\"og:title\" content=\"Per molts anys, Lletres i Mots! - Dijous de Lletres i Mots\" \/>\n<meta property=\"og:description\" content=\"El passat dijous 3 de juliol v\u00e0rem celebrar el 23\u00e8 aniversari de la Tert\u00falia Dijous de Lletres i Mots. En aquesta ocasi\u00f3 v\u00e0rem comptar amb la magn\u00edfica representaci\u00f3 &#8220;\u00c0ngesl i dimonis a Montserrat&#8221;. L&#8217;espectacle va ser protagonitzat per de l&#8217;\" \/>\n<meta property=\"og:url\" content=\"https:\/\/biblioteca.blanes.cat\/dijousdelletresimots\/per-molts-anys-lletres-i-mots\/\" \/>\n<meta property=\"og:site_name\" content=\"Dijous de Lletres i Mots\" \/>\n<meta property=\"article:published_time\" content=\"2025-07-14T11:04:37+00:00\" \/>\n<meta property=\"article:modified_time\" content=\"2025-07-14T11:04:38+00:00\" \/>\n<meta property=\"og:image\" content=\"https:\/\/biblioteca.blanes.cat\/dijousdelletresimots\/wp-content\/uploads\/sites\/4\/2025\/07\/BiblioBlanes_23Aniv_Tertulia_0372025-18-768x1024.jpeg\" \/>\n<meta name=\"author\" content=\"biblioblanes\" \/>\n<meta name=\"twitter:card\" content=\"summary_large_image\" \/>\n<meta name=\"twitter:creator\" content=\"@biblioblanes\" \/>\n<meta name=\"twitter:label1\" content=\"Escrit per\" \/>\n\t<meta name=\"twitter:data1\" content=\"biblioblanes\" \/>\n\t<meta name=\"twitter:label2\" content=\"Temps estimat de lectura\" \/>\n\t<meta name=\"twitter:data2\" content=\"1 minut\" \/>\n<script type=\"application\/ld+json\" class=\"yoast-schema-graph\">{\"@context\":\"https:\\\/\\\/schema.org\",\"@graph\":[{\"@type\":\"Article\",\"@id\":\"https:\\\/\\\/biblioteca.blanes.cat\\\/dijousdelletresimots\\\/per-molts-anys-lletres-i-mots\\\/#article\",\"isPartOf\":{\"@id\":\"https:\\\/\\\/biblioteca.blanes.cat\\\/dijousdelletresimots\\\/per-molts-anys-lletres-i-mots\\\/\"},\"author\":{\"name\":\"biblioblanes\",\"@id\":\"https:\\\/\\\/biblioteca.blanes.cat\\\/dijousdelletresimots\\\/#\\\/schema\\\/person\\\/5a7b46760d9dd611d098bbf571a341dc\"},\"headline\":\"Per molts anys, Lletres i Mots!\",\"datePublished\":\"2025-07-14T11:04:37+00:00\",\"dateModified\":\"2025-07-14T11:04:38+00:00\",\"mainEntityOfPage\":{\"@id\":\"https:\\\/\\\/biblioteca.blanes.cat\\\/dijousdelletresimots\\\/per-molts-anys-lletres-i-mots\\\/\"},\"wordCount\":80,\"commentCount\":0,\"image\":{\"@id\":\"https:\\\/\\\/biblioteca.blanes.cat\\\/dijousdelletresimots\\\/per-molts-anys-lletres-i-mots\\\/#primaryimage\"},\"thumbnailUrl\":\"https:\\\/\\\/biblioteca.blanes.cat\\\/dijousdelletresimots\\\/wp-content\\\/uploads\\\/sites\\\/4\\\/2025\\\/07\\\/BiblioBlanes_23Aniv_Tertulia_0372025-18-768x1024.jpeg\",\"articleSection\":[\"Trobades\"],\"inLanguage\":\"ca\",\"potentialAction\":[{\"@type\":\"CommentAction\",\"name\":\"Comment\",\"target\":[\"https:\\\/\\\/biblioteca.blanes.cat\\\/dijousdelletresimots\\\/per-molts-anys-lletres-i-mots\\\/#respond\"]}]},{\"@type\":\"WebPage\",\"@id\":\"https:\\\/\\\/biblioteca.blanes.cat\\\/dijousdelletresimots\\\/per-molts-anys-lletres-i-mots\\\/\",\"url\":\"https:\\\/\\\/biblioteca.blanes.cat\\\/dijousdelletresimots\\\/per-molts-anys-lletres-i-mots\\\/\",\"name\":\"Per molts anys, Lletres i Mots! - Dijous de Lletres i Mots\",\"isPartOf\":{\"@id\":\"https:\\\/\\\/biblioteca.blanes.cat\\\/dijousdelletresimots\\\/#website\"},\"primaryImageOfPage\":{\"@id\":\"https:\\\/\\\/biblioteca.blanes.cat\\\/dijousdelletresimots\\\/per-molts-anys-lletres-i-mots\\\/#primaryimage\"},\"image\":{\"@id\":\"https:\\\/\\\/biblioteca.blanes.cat\\\/dijousdelletresimots\\\/per-molts-anys-lletres-i-mots\\\/#primaryimage\"},\"thumbnailUrl\":\"https:\\\/\\\/biblioteca.blanes.cat\\\/dijousdelletresimots\\\/wp-content\\\/uploads\\\/sites\\\/4\\\/2025\\\/07\\\/BiblioBlanes_23Aniv_Tertulia_0372025-18-768x1024.jpeg\",\"datePublished\":\"2025-07-14T11:04:37+00:00\",\"dateModified\":\"2025-07-14T11:04:38+00:00\",\"author\":{\"@id\":\"https:\\\/\\\/biblioteca.blanes.cat\\\/dijousdelletresimots\\\/#\\\/schema\\\/person\\\/5a7b46760d9dd611d098bbf571a341dc\"},\"breadcrumb\":{\"@id\":\"https:\\\/\\\/biblioteca.blanes.cat\\\/dijousdelletresimots\\\/per-molts-anys-lletres-i-mots\\\/#breadcrumb\"},\"inLanguage\":\"ca\",\"potentialAction\":[{\"@type\":\"ReadAction\",\"target\":[\"https:\\\/\\\/biblioteca.blanes.cat\\\/dijousdelletresimots\\\/per-molts-anys-lletres-i-mots\\\/\"]}]},{\"@type\":\"ImageObject\",\"inLanguage\":\"ca\",\"@id\":\"https:\\\/\\\/biblioteca.blanes.cat\\\/dijousdelletresimots\\\/per-molts-anys-lletres-i-mots\\\/#primaryimage\",\"url\":\"https:\\\/\\\/biblioteca.blanes.cat\\\/dijousdelletresimots\\\/wp-content\\\/uploads\\\/sites\\\/4\\\/2025\\\/07\\\/BiblioBlanes_23Aniv_Tertulia_0372025-18.jpeg\",\"contentUrl\":\"https:\\\/\\\/biblioteca.blanes.cat\\\/dijousdelletresimots\\\/wp-content\\\/uploads\\\/sites\\\/4\\\/2025\\\/07\\\/BiblioBlanes_23Aniv_Tertulia_0372025-18.jpeg\",\"width\":1536,\"height\":2048},{\"@type\":\"BreadcrumbList\",\"@id\":\"https:\\\/\\\/biblioteca.blanes.cat\\\/dijousdelletresimots\\\/per-molts-anys-lletres-i-mots\\\/#breadcrumb\",\"itemListElement\":[{\"@type\":\"ListItem\",\"position\":1,\"name\":\"Inici\",\"item\":\"https:\\\/\\\/biblioteca.blanes.cat\\\/dijousdelletresimots\\\/\"},{\"@type\":\"ListItem\",\"position\":2,\"name\":\"Per molts anys, Lletres i Mots!\"}]},{\"@type\":\"WebSite\",\"@id\":\"https:\\\/\\\/biblioteca.blanes.cat\\\/dijousdelletresimots\\\/#website\",\"url\":\"https:\\\/\\\/biblioteca.blanes.cat\\\/dijousdelletresimots\\\/\",\"name\":\"Dijous de Lletres i Mots\",\"description\":\"\",\"potentialAction\":[{\"@type\":\"SearchAction\",\"target\":{\"@type\":\"EntryPoint\",\"urlTemplate\":\"https:\\\/\\\/biblioteca.blanes.cat\\\/dijousdelletresimots\\\/?s={search_term_string}\"},\"query-input\":{\"@type\":\"PropertyValueSpecification\",\"valueRequired\":true,\"valueName\":\"search_term_string\"}}],\"inLanguage\":\"ca\"},{\"@type\":\"Person\",\"@id\":\"https:\\\/\\\/biblioteca.blanes.cat\\\/dijousdelletresimots\\\/#\\\/schema\\\/person\\\/5a7b46760d9dd611d098bbf571a341dc\",\"name\":\"biblioblanes\",\"image\":{\"@type\":\"ImageObject\",\"inLanguage\":\"ca\",\"@id\":\"https:\\\/\\\/secure.gravatar.com\\\/avatar\\\/6593ca6cc90e5a70939f51c95e8315483b9c281bafba597292bee47992030f99?s=96&d=mm&r=g\",\"url\":\"https:\\\/\\\/secure.gravatar.com\\\/avatar\\\/6593ca6cc90e5a70939f51c95e8315483b9c281bafba597292bee47992030f99?s=96&d=mm&r=g\",\"contentUrl\":\"https:\\\/\\\/secure.gravatar.com\\\/avatar\\\/6593ca6cc90e5a70939f51c95e8315483b9c281bafba597292bee47992030f99?s=96&d=mm&r=g\",\"caption\":\"biblioblanes\"},\"sameAs\":[\"http:\\\/\\\/www.bibgirona.cat\\\/biblioteca\\\/blanes\",\"https:\\\/\\\/x.com\\\/biblioblanes\"],\"url\":\"https:\\\/\\\/biblioteca.blanes.cat\\\/dijousdelletresimots\\\/author\\\/biblioblanes\\\/\"}]}<\/script>\n<!-- \/ Yoast SEO plugin. -->","yoast_head_json":{"title":"Per molts anys, Lletres i Mots! - Dijous de Lletres i Mots","robots":{"index":"index","follow":"follow","max-snippet":"max-snippet:-1","max-image-preview":"max-image-preview:large","max-video-preview":"max-video-preview:-1"},"canonical":"https:\/\/biblioteca.blanes.cat\/dijousdelletresimots\/per-molts-anys-lletres-i-mots\/","og_locale":"ca_ES","og_type":"article","og_title":"Per molts anys, Lletres i Mots! - Dijous de Lletres i Mots","og_description":"El passat dijous 3 de juliol v\u00e0rem celebrar el 23\u00e8 aniversari de la Tert\u00falia Dijous de Lletres i Mots. En aquesta ocasi\u00f3 v\u00e0rem comptar amb la magn\u00edfica representaci\u00f3 &#8220;\u00c0ngesl i dimonis a Montserrat&#8221;. L&#8217;espectacle va ser protagonitzat per de l&#8217;","og_url":"https:\/\/biblioteca.blanes.cat\/dijousdelletresimots\/per-molts-anys-lletres-i-mots\/","og_site_name":"Dijous de Lletres i Mots","article_published_time":"2025-07-14T11:04:37+00:00","article_modified_time":"2025-07-14T11:04:38+00:00","og_image":[{"url":"https:\/\/biblioteca.blanes.cat\/dijousdelletresimots\/wp-content\/uploads\/sites\/4\/2025\/07\/BiblioBlanes_23Aniv_Tertulia_0372025-18-768x1024.jpeg","type":"","width":"","height":""}],"author":"biblioblanes","twitter_card":"summary_large_image","twitter_creator":"@biblioblanes","twitter_misc":{"Escrit per":"biblioblanes","Temps estimat de lectura":"1 minut"},"schema":{"@context":"https:\/\/schema.org","@graph":[{"@type":"Article","@id":"https:\/\/biblioteca.blanes.cat\/dijousdelletresimots\/per-molts-anys-lletres-i-mots\/#article","isPartOf":{"@id":"https:\/\/biblioteca.blanes.cat\/dijousdelletresimots\/per-molts-anys-lletres-i-mots\/"},"author":{"name":"biblioblanes","@id":"https:\/\/biblioteca.blanes.cat\/dijousdelletresimots\/#\/schema\/person\/5a7b46760d9dd611d098bbf571a341dc"},"headline":"Per molts anys, Lletres i Mots!","datePublished":"2025-07-14T11:04:37+00:00","dateModified":"2025-07-14T11:04:38+00:00","mainEntityOfPage":{"@id":"https:\/\/biblioteca.blanes.cat\/dijousdelletresimots\/per-molts-anys-lletres-i-mots\/"},"wordCount":80,"commentCount":0,"image":{"@id":"https:\/\/biblioteca.blanes.cat\/dijousdelletresimots\/per-molts-anys-lletres-i-mots\/#primaryimage"},"thumbnailUrl":"https:\/\/biblioteca.blanes.cat\/dijousdelletresimots\/wp-content\/uploads\/sites\/4\/2025\/07\/BiblioBlanes_23Aniv_Tertulia_0372025-18-768x1024.jpeg","articleSection":["Trobades"],"inLanguage":"ca","potentialAction":[{"@type":"CommentAction","name":"Comment","target":["https:\/\/biblioteca.blanes.cat\/dijousdelletresimots\/per-molts-anys-lletres-i-mots\/#respond"]}]},{"@type":"WebPage","@id":"https:\/\/biblioteca.blanes.cat\/dijousdelletresimots\/per-molts-anys-lletres-i-mots\/","url":"https:\/\/biblioteca.blanes.cat\/dijousdelletresimots\/per-molts-anys-lletres-i-mots\/","name":"Per molts anys, Lletres i Mots! - Dijous de Lletres i Mots","isPartOf":{"@id":"https:\/\/biblioteca.blanes.cat\/dijousdelletresimots\/#website"},"primaryImageOfPage":{"@id":"https:\/\/biblioteca.blanes.cat\/dijousdelletresimots\/per-molts-anys-lletres-i-mots\/#primaryimage"},"image":{"@id":"https:\/\/biblioteca.blanes.cat\/dijousdelletresimots\/per-molts-anys-lletres-i-mots\/#primaryimage"},"thumbnailUrl":"https:\/\/biblioteca.blanes.cat\/dijousdelletresimots\/wp-content\/uploads\/sites\/4\/2025\/07\/BiblioBlanes_23Aniv_Tertulia_0372025-18-768x1024.jpeg","datePublished":"2025-07-14T11:04:37+00:00","dateModified":"2025-07-14T11:04:38+00:00","author":{"@id":"https:\/\/biblioteca.blanes.cat\/dijousdelletresimots\/#\/schema\/person\/5a7b46760d9dd611d098bbf571a341dc"},"breadcrumb":{"@id":"https:\/\/biblioteca.blanes.cat\/dijousdelletresimots\/per-molts-anys-lletres-i-mots\/#breadcrumb"},"inLanguage":"ca","potentialAction":[{"@type":"ReadAction","target":["https:\/\/biblioteca.blanes.cat\/dijousdelletresimots\/per-molts-anys-lletres-i-mots\/"]}]},{"@type":"ImageObject","inLanguage":"ca","@id":"https:\/\/biblioteca.blanes.cat\/dijousdelletresimots\/per-molts-anys-lletres-i-mots\/#primaryimage","url":"https:\/\/biblioteca.blanes.cat\/dijousdelletresimots\/wp-content\/uploads\/sites\/4\/2025\/07\/BiblioBlanes_23Aniv_Tertulia_0372025-18.jpeg","contentUrl":"https:\/\/biblioteca.blanes.cat\/dijousdelletresimots\/wp-content\/uploads\/sites\/4\/2025\/07\/BiblioBlanes_23Aniv_Tertulia_0372025-18.jpeg","width":1536,"height":2048},{"@type":"BreadcrumbList","@id":"https:\/\/biblioteca.blanes.cat\/dijousdelletresimots\/per-molts-anys-lletres-i-mots\/#breadcrumb","itemListElement":[{"@type":"ListItem","position":1,"name":"Inici","item":"https:\/\/biblioteca.blanes.cat\/dijousdelletresimots\/"},{"@type":"ListItem","position":2,"name":"Per molts anys, Lletres i Mots!"}]},{"@type":"WebSite","@id":"https:\/\/biblioteca.blanes.cat\/dijousdelletresimots\/#website","url":"https:\/\/biblioteca.blanes.cat\/dijousdelletresimots\/","name":"Dijous de Lletres i Mots","description":"","potentialAction":[{"@type":"SearchAction","target":{"@type":"EntryPoint","urlTemplate":"https:\/\/biblioteca.blanes.cat\/dijousdelletresimots\/?s={search_term_string}"},"query-input":{"@type":"PropertyValueSpecification","valueRequired":true,"valueName":"search_term_string"}}],"inLanguage":"ca"},{"@type":"Person","@id":"https:\/\/biblioteca.blanes.cat\/dijousdelletresimots\/#\/schema\/person\/5a7b46760d9dd611d098bbf571a341dc","name":"biblioblanes","image":{"@type":"ImageObject","inLanguage":"ca","@id":"https:\/\/secure.gravatar.com\/avatar\/6593ca6cc90e5a70939f51c95e8315483b9c281bafba597292bee47992030f99?s=96&d=mm&r=g","url":"https:\/\/secure.gravatar.com\/avatar\/6593ca6cc90e5a70939f51c95e8315483b9c281bafba597292bee47992030f99?s=96&d=mm&r=g","contentUrl":"https:\/\/secure.gravatar.com\/avatar\/6593ca6cc90e5a70939f51c95e8315483b9c281bafba597292bee47992030f99?s=96&d=mm&r=g","caption":"biblioblanes"},"sameAs":["http:\/\/www.bibgirona.cat\/biblioteca\/blanes","https:\/\/x.com\/biblioblanes"],"url":"https:\/\/biblioteca.blanes.cat\/dijousdelletresimots\/author\/biblioblanes\/"}]}},"_links":{"self":[{"href":"https:\/\/biblioteca.blanes.cat\/dijousdelletresimots\/wp-json\/wp\/v2\/posts\/810","targetHints":{"allow":["GET"]}}],"collection":[{"href":"https:\/\/biblioteca.blanes.cat\/dijousdelletresimots\/wp-json\/wp\/v2\/posts"}],"about":[{"href":"https:\/\/biblioteca.blanes.cat\/dijousdelletresimots\/wp-json\/wp\/v2\/types\/post"}],"author":[{"embeddable":true,"href":"https:\/\/biblioteca.blanes.cat\/dijousdelletresimots\/wp-json\/wp\/v2\/users\/4"}],"replies":[{"embeddable":true,"href":"https:\/\/biblioteca.blanes.cat\/dijousdelletresimots\/wp-json\/wp\/v2\/comments?post=810"}],"version-history":[{"count":1,"href":"https:\/\/biblioteca.blanes.cat\/dijousdelletresimots\/wp-json\/wp\/v2\/posts\/810\/revisions"}],"predecessor-version":[{"id":814,"href":"https:\/\/biblioteca.blanes.cat\/dijousdelletresimots\/wp-json\/wp\/v2\/posts\/810\/revisions\/814"}],"wp:attachment":[{"href":"https:\/\/biblioteca.blanes.cat\/dijousdelletresimots\/wp-json\/wp\/v2\/media?parent=810"}],"wp:term":[{"taxonomy":"category","embeddable":true,"href":"https:\/\/biblioteca.blanes.cat\/dijousdelletresimots\/wp-json\/wp\/v2\/categories?post=810"},{"taxonomy":"post_tag","embeddable":true,"href":"https:\/\/biblioteca.blanes.cat\/dijousdelletresimots\/wp-json\/wp\/v2\/tags?post=810"}],"curies":[{"name":"wp","href":"https:\/\/api.w.org\/{rel}","templated":true}]}}