{"id":704,"date":"2025-02-11T11:06:32","date_gmt":"2025-02-11T10:06:32","guid":{"rendered":"https:\/\/biblioteca.blanes.cat\/dijousdelletresimots\/?p=704"},"modified":"2025-02-11T11:06:33","modified_gmt":"2025-02-11T10:06:33","slug":"fem-un-homenatge-a-vicent-andres-estelles","status":"publish","type":"post","link":"https:\/\/biblioteca.blanes.cat\/dijousdelletresimots\/fem-un-homenatge-a-vicent-andres-estelles\/","title":{"rendered":"Fem un homenatge a Vicent Andr\u00e9s Estell\u00e9s"},"content":{"rendered":"\n<p>Ens trobem el dia 6 de mar\u00e7 per comentar <em><strong>Oli calent del gresol de la vida<\/strong><\/em>. No hi falteu<\/p>\n\n\n\n<figure class=\"wp-block-image size-large is-resized\"><img fetchpriority=\"high\" decoding=\"async\" width=\"683\" height=\"1024\" src=\"https:\/\/biblioteca.blanes.cat\/dijousdelletresimots\/wp-content\/uploads\/sites\/4\/2025\/02\/oli-calent-del-gresol-de-la-vida-vicent-andres-estelles-saldonar-683x1024.jpg\" alt=\"\" class=\"wp-image-705\" style=\"width:219px;height:auto\" srcset=\"https:\/\/biblioteca.blanes.cat\/dijousdelletresimots\/wp-content\/uploads\/sites\/4\/2025\/02\/oli-calent-del-gresol-de-la-vida-vicent-andres-estelles-saldonar-683x1024.jpg 683w, https:\/\/biblioteca.blanes.cat\/dijousdelletresimots\/wp-content\/uploads\/sites\/4\/2025\/02\/oli-calent-del-gresol-de-la-vida-vicent-andres-estelles-saldonar-200x300.jpg 200w, https:\/\/biblioteca.blanes.cat\/dijousdelletresimots\/wp-content\/uploads\/sites\/4\/2025\/02\/oli-calent-del-gresol-de-la-vida-vicent-andres-estelles-saldonar.jpg 750w\" sizes=\"(max-width: 683px) 100vw, 683px\" \/><\/figure>\n\n\n\n<p><\/p>\n","protected":false},"excerpt":{"rendered":"<p>Ens trobem el dia 6 de mar\u00e7 per comentar Oli calent del gresol de la vida. No hi falteu<\/p>\n","protected":false},"author":4,"featured_media":0,"comment_status":"open","ping_status":"open","sticky":false,"template":"","format":"standard","meta":{"sfsi_plus_gutenberg_text_before_share":"","sfsi_plus_gutenberg_show_text_before_share":"","sfsi_plus_gutenberg_icon_type":"","sfsi_plus_gutenberg_icon_alignemt":"","sfsi_plus_gutenburg_max_per_row":"","footnotes":""},"categories":[1],"tags":[],"class_list":["post-704","post","type-post","status-publish","format-standard","hentry","category-general"],"yoast_head":"<!-- This site is optimized with the Yoast SEO plugin v27.5 - https:\/\/yoast.com\/product\/yoast-seo-wordpress\/ -->\n<title>Fem un homenatge a Vicent Andr\u00e9s Estell\u00e9s - Dijous de Lletres i Mots<\/title>\n<meta name=\"robots\" content=\"index, follow, max-snippet:-1, max-image-preview:large, max-video-preview:-1\" \/>\n<link rel=\"canonical\" href=\"https:\/\/biblioteca.blanes.cat\/dijousdelletresimots\/fem-un-homenatge-a-vicent-andres-estelles\/\" \/>\n<meta property=\"og:locale\" content=\"ca_ES\" \/>\n<meta property=\"og:type\" content=\"article\" \/>\n<meta property=\"og:title\" content=\"Fem un homenatge a Vicent Andr\u00e9s Estell\u00e9s - Dijous de Lletres i Mots\" \/>\n<meta property=\"og:description\" content=\"Ens trobem el dia 6 de mar\u00e7 per comentar Oli calent del gresol de la vida. No hi falteu\" \/>\n<meta property=\"og:url\" content=\"https:\/\/biblioteca.blanes.cat\/dijousdelletresimots\/fem-un-homenatge-a-vicent-andres-estelles\/\" \/>\n<meta property=\"og:site_name\" content=\"Dijous de Lletres i Mots\" \/>\n<meta property=\"article:published_time\" content=\"2025-02-11T10:06:32+00:00\" \/>\n<meta property=\"article:modified_time\" content=\"2025-02-11T10:06:33+00:00\" \/>\n<meta property=\"og:image\" content=\"https:\/\/biblioteca.blanes.cat\/dijousdelletresimots\/wp-content\/uploads\/sites\/4\/2025\/02\/oli-calent-del-gresol-de-la-vida-vicent-andres-estelles-saldonar-683x1024.jpg\" \/>\n<meta name=\"author\" content=\"biblioblanes\" \/>\n<meta name=\"twitter:card\" content=\"summary_large_image\" \/>\n<meta name=\"twitter:creator\" content=\"@biblioblanes\" \/>\n<meta name=\"twitter:label1\" content=\"Escrit per\" \/>\n\t<meta name=\"twitter:data1\" content=\"biblioblanes\" \/>\n\t<meta name=\"twitter:label2\" content=\"Temps estimat de lectura\" \/>\n\t<meta name=\"twitter:data2\" content=\"1 minut\" \/>\n<script type=\"application\/ld+json\" class=\"yoast-schema-graph\">{\"@context\":\"https:\\\/\\\/schema.org\",\"@graph\":[{\"@type\":\"Article\",\"@id\":\"https:\\\/\\\/biblioteca.blanes.cat\\\/dijousdelletresimots\\\/fem-un-homenatge-a-vicent-andres-estelles\\\/#article\",\"isPartOf\":{\"@id\":\"https:\\\/\\\/biblioteca.blanes.cat\\\/dijousdelletresimots\\\/fem-un-homenatge-a-vicent-andres-estelles\\\/\"},\"author\":{\"name\":\"biblioblanes\",\"@id\":\"https:\\\/\\\/biblioteca.blanes.cat\\\/dijousdelletresimots\\\/#\\\/schema\\\/person\\\/5a7b46760d9dd611d098bbf571a341dc\"},\"headline\":\"Fem un homenatge a Vicent Andr\u00e9s Estell\u00e9s\",\"datePublished\":\"2025-02-11T10:06:32+00:00\",\"dateModified\":\"2025-02-11T10:06:33+00:00\",\"mainEntityOfPage\":{\"@id\":\"https:\\\/\\\/biblioteca.blanes.cat\\\/dijousdelletresimots\\\/fem-un-homenatge-a-vicent-andres-estelles\\\/\"},\"wordCount\":27,\"commentCount\":0,\"image\":{\"@id\":\"https:\\\/\\\/biblioteca.blanes.cat\\\/dijousdelletresimots\\\/fem-un-homenatge-a-vicent-andres-estelles\\\/#primaryimage\"},\"thumbnailUrl\":\"https:\\\/\\\/biblioteca.blanes.cat\\\/dijousdelletresimots\\\/wp-content\\\/uploads\\\/sites\\\/4\\\/2025\\\/02\\\/oli-calent-del-gresol-de-la-vida-vicent-andres-estelles-saldonar-683x1024.jpg\",\"articleSection\":[\"Trobades\"],\"inLanguage\":\"ca\",\"potentialAction\":[{\"@type\":\"CommentAction\",\"name\":\"Comment\",\"target\":[\"https:\\\/\\\/biblioteca.blanes.cat\\\/dijousdelletresimots\\\/fem-un-homenatge-a-vicent-andres-estelles\\\/#respond\"]}]},{\"@type\":\"WebPage\",\"@id\":\"https:\\\/\\\/biblioteca.blanes.cat\\\/dijousdelletresimots\\\/fem-un-homenatge-a-vicent-andres-estelles\\\/\",\"url\":\"https:\\\/\\\/biblioteca.blanes.cat\\\/dijousdelletresimots\\\/fem-un-homenatge-a-vicent-andres-estelles\\\/\",\"name\":\"Fem un homenatge a Vicent Andr\u00e9s Estell\u00e9s - Dijous de Lletres i Mots\",\"isPartOf\":{\"@id\":\"https:\\\/\\\/biblioteca.blanes.cat\\\/dijousdelletresimots\\\/#website\"},\"primaryImageOfPage\":{\"@id\":\"https:\\\/\\\/biblioteca.blanes.cat\\\/dijousdelletresimots\\\/fem-un-homenatge-a-vicent-andres-estelles\\\/#primaryimage\"},\"image\":{\"@id\":\"https:\\\/\\\/biblioteca.blanes.cat\\\/dijousdelletresimots\\\/fem-un-homenatge-a-vicent-andres-estelles\\\/#primaryimage\"},\"thumbnailUrl\":\"https:\\\/\\\/biblioteca.blanes.cat\\\/dijousdelletresimots\\\/wp-content\\\/uploads\\\/sites\\\/4\\\/2025\\\/02\\\/oli-calent-del-gresol-de-la-vida-vicent-andres-estelles-saldonar-683x1024.jpg\",\"datePublished\":\"2025-02-11T10:06:32+00:00\",\"dateModified\":\"2025-02-11T10:06:33+00:00\",\"author\":{\"@id\":\"https:\\\/\\\/biblioteca.blanes.cat\\\/dijousdelletresimots\\\/#\\\/schema\\\/person\\\/5a7b46760d9dd611d098bbf571a341dc\"},\"breadcrumb\":{\"@id\":\"https:\\\/\\\/biblioteca.blanes.cat\\\/dijousdelletresimots\\\/fem-un-homenatge-a-vicent-andres-estelles\\\/#breadcrumb\"},\"inLanguage\":\"ca\",\"potentialAction\":[{\"@type\":\"ReadAction\",\"target\":[\"https:\\\/\\\/biblioteca.blanes.cat\\\/dijousdelletresimots\\\/fem-un-homenatge-a-vicent-andres-estelles\\\/\"]}]},{\"@type\":\"ImageObject\",\"inLanguage\":\"ca\",\"@id\":\"https:\\\/\\\/biblioteca.blanes.cat\\\/dijousdelletresimots\\\/fem-un-homenatge-a-vicent-andres-estelles\\\/#primaryimage\",\"url\":\"https:\\\/\\\/biblioteca.blanes.cat\\\/dijousdelletresimots\\\/wp-content\\\/uploads\\\/sites\\\/4\\\/2025\\\/02\\\/oli-calent-del-gresol-de-la-vida-vicent-andres-estelles-saldonar.jpg\",\"contentUrl\":\"https:\\\/\\\/biblioteca.blanes.cat\\\/dijousdelletresimots\\\/wp-content\\\/uploads\\\/sites\\\/4\\\/2025\\\/02\\\/oli-calent-del-gresol-de-la-vida-vicent-andres-estelles-saldonar.jpg\",\"width\":750,\"height\":1125},{\"@type\":\"BreadcrumbList\",\"@id\":\"https:\\\/\\\/biblioteca.blanes.cat\\\/dijousdelletresimots\\\/fem-un-homenatge-a-vicent-andres-estelles\\\/#breadcrumb\",\"itemListElement\":[{\"@type\":\"ListItem\",\"position\":1,\"name\":\"Inici\",\"item\":\"https:\\\/\\\/biblioteca.blanes.cat\\\/dijousdelletresimots\\\/\"},{\"@type\":\"ListItem\",\"position\":2,\"name\":\"Fem un homenatge a Vicent Andr\u00e9s Estell\u00e9s\"}]},{\"@type\":\"WebSite\",\"@id\":\"https:\\\/\\\/biblioteca.blanes.cat\\\/dijousdelletresimots\\\/#website\",\"url\":\"https:\\\/\\\/biblioteca.blanes.cat\\\/dijousdelletresimots\\\/\",\"name\":\"Dijous de Lletres i Mots\",\"description\":\"\",\"potentialAction\":[{\"@type\":\"SearchAction\",\"target\":{\"@type\":\"EntryPoint\",\"urlTemplate\":\"https:\\\/\\\/biblioteca.blanes.cat\\\/dijousdelletresimots\\\/?s={search_term_string}\"},\"query-input\":{\"@type\":\"PropertyValueSpecification\",\"valueRequired\":true,\"valueName\":\"search_term_string\"}}],\"inLanguage\":\"ca\"},{\"@type\":\"Person\",\"@id\":\"https:\\\/\\\/biblioteca.blanes.cat\\\/dijousdelletresimots\\\/#\\\/schema\\\/person\\\/5a7b46760d9dd611d098bbf571a341dc\",\"name\":\"biblioblanes\",\"image\":{\"@type\":\"ImageObject\",\"inLanguage\":\"ca\",\"@id\":\"https:\\\/\\\/secure.gravatar.com\\\/avatar\\\/6593ca6cc90e5a70939f51c95e8315483b9c281bafba597292bee47992030f99?s=96&d=mm&r=g\",\"url\":\"https:\\\/\\\/secure.gravatar.com\\\/avatar\\\/6593ca6cc90e5a70939f51c95e8315483b9c281bafba597292bee47992030f99?s=96&d=mm&r=g\",\"contentUrl\":\"https:\\\/\\\/secure.gravatar.com\\\/avatar\\\/6593ca6cc90e5a70939f51c95e8315483b9c281bafba597292bee47992030f99?s=96&d=mm&r=g\",\"caption\":\"biblioblanes\"},\"sameAs\":[\"http:\\\/\\\/www.bibgirona.cat\\\/biblioteca\\\/blanes\",\"https:\\\/\\\/x.com\\\/biblioblanes\"],\"url\":\"https:\\\/\\\/biblioteca.blanes.cat\\\/dijousdelletresimots\\\/author\\\/biblioblanes\\\/\"}]}<\/script>\n<!-- \/ Yoast SEO plugin. -->","yoast_head_json":{"title":"Fem un homenatge a Vicent Andr\u00e9s Estell\u00e9s - Dijous de Lletres i Mots","robots":{"index":"index","follow":"follow","max-snippet":"max-snippet:-1","max-image-preview":"max-image-preview:large","max-video-preview":"max-video-preview:-1"},"canonical":"https:\/\/biblioteca.blanes.cat\/dijousdelletresimots\/fem-un-homenatge-a-vicent-andres-estelles\/","og_locale":"ca_ES","og_type":"article","og_title":"Fem un homenatge a Vicent Andr\u00e9s Estell\u00e9s - Dijous de Lletres i Mots","og_description":"Ens trobem el dia 6 de mar\u00e7 per comentar Oli calent del gresol de la vida. No hi falteu","og_url":"https:\/\/biblioteca.blanes.cat\/dijousdelletresimots\/fem-un-homenatge-a-vicent-andres-estelles\/","og_site_name":"Dijous de Lletres i Mots","article_published_time":"2025-02-11T10:06:32+00:00","article_modified_time":"2025-02-11T10:06:33+00:00","og_image":[{"url":"https:\/\/biblioteca.blanes.cat\/dijousdelletresimots\/wp-content\/uploads\/sites\/4\/2025\/02\/oli-calent-del-gresol-de-la-vida-vicent-andres-estelles-saldonar-683x1024.jpg","type":"","width":"","height":""}],"author":"biblioblanes","twitter_card":"summary_large_image","twitter_creator":"@biblioblanes","twitter_misc":{"Escrit per":"biblioblanes","Temps estimat de lectura":"1 minut"},"schema":{"@context":"https:\/\/schema.org","@graph":[{"@type":"Article","@id":"https:\/\/biblioteca.blanes.cat\/dijousdelletresimots\/fem-un-homenatge-a-vicent-andres-estelles\/#article","isPartOf":{"@id":"https:\/\/biblioteca.blanes.cat\/dijousdelletresimots\/fem-un-homenatge-a-vicent-andres-estelles\/"},"author":{"name":"biblioblanes","@id":"https:\/\/biblioteca.blanes.cat\/dijousdelletresimots\/#\/schema\/person\/5a7b46760d9dd611d098bbf571a341dc"},"headline":"Fem un homenatge a Vicent Andr\u00e9s Estell\u00e9s","datePublished":"2025-02-11T10:06:32+00:00","dateModified":"2025-02-11T10:06:33+00:00","mainEntityOfPage":{"@id":"https:\/\/biblioteca.blanes.cat\/dijousdelletresimots\/fem-un-homenatge-a-vicent-andres-estelles\/"},"wordCount":27,"commentCount":0,"image":{"@id":"https:\/\/biblioteca.blanes.cat\/dijousdelletresimots\/fem-un-homenatge-a-vicent-andres-estelles\/#primaryimage"},"thumbnailUrl":"https:\/\/biblioteca.blanes.cat\/dijousdelletresimots\/wp-content\/uploads\/sites\/4\/2025\/02\/oli-calent-del-gresol-de-la-vida-vicent-andres-estelles-saldonar-683x1024.jpg","articleSection":["Trobades"],"inLanguage":"ca","potentialAction":[{"@type":"CommentAction","name":"Comment","target":["https:\/\/biblioteca.blanes.cat\/dijousdelletresimots\/fem-un-homenatge-a-vicent-andres-estelles\/#respond"]}]},{"@type":"WebPage","@id":"https:\/\/biblioteca.blanes.cat\/dijousdelletresimots\/fem-un-homenatge-a-vicent-andres-estelles\/","url":"https:\/\/biblioteca.blanes.cat\/dijousdelletresimots\/fem-un-homenatge-a-vicent-andres-estelles\/","name":"Fem un homenatge a Vicent Andr\u00e9s Estell\u00e9s - Dijous de Lletres i Mots","isPartOf":{"@id":"https:\/\/biblioteca.blanes.cat\/dijousdelletresimots\/#website"},"primaryImageOfPage":{"@id":"https:\/\/biblioteca.blanes.cat\/dijousdelletresimots\/fem-un-homenatge-a-vicent-andres-estelles\/#primaryimage"},"image":{"@id":"https:\/\/biblioteca.blanes.cat\/dijousdelletresimots\/fem-un-homenatge-a-vicent-andres-estelles\/#primaryimage"},"thumbnailUrl":"https:\/\/biblioteca.blanes.cat\/dijousdelletresimots\/wp-content\/uploads\/sites\/4\/2025\/02\/oli-calent-del-gresol-de-la-vida-vicent-andres-estelles-saldonar-683x1024.jpg","datePublished":"2025-02-11T10:06:32+00:00","dateModified":"2025-02-11T10:06:33+00:00","author":{"@id":"https:\/\/biblioteca.blanes.cat\/dijousdelletresimots\/#\/schema\/person\/5a7b46760d9dd611d098bbf571a341dc"},"breadcrumb":{"@id":"https:\/\/biblioteca.blanes.cat\/dijousdelletresimots\/fem-un-homenatge-a-vicent-andres-estelles\/#breadcrumb"},"inLanguage":"ca","potentialAction":[{"@type":"ReadAction","target":["https:\/\/biblioteca.blanes.cat\/dijousdelletresimots\/fem-un-homenatge-a-vicent-andres-estelles\/"]}]},{"@type":"ImageObject","inLanguage":"ca","@id":"https:\/\/biblioteca.blanes.cat\/dijousdelletresimots\/fem-un-homenatge-a-vicent-andres-estelles\/#primaryimage","url":"https:\/\/biblioteca.blanes.cat\/dijousdelletresimots\/wp-content\/uploads\/sites\/4\/2025\/02\/oli-calent-del-gresol-de-la-vida-vicent-andres-estelles-saldonar.jpg","contentUrl":"https:\/\/biblioteca.blanes.cat\/dijousdelletresimots\/wp-content\/uploads\/sites\/4\/2025\/02\/oli-calent-del-gresol-de-la-vida-vicent-andres-estelles-saldonar.jpg","width":750,"height":1125},{"@type":"BreadcrumbList","@id":"https:\/\/biblioteca.blanes.cat\/dijousdelletresimots\/fem-un-homenatge-a-vicent-andres-estelles\/#breadcrumb","itemListElement":[{"@type":"ListItem","position":1,"name":"Inici","item":"https:\/\/biblioteca.blanes.cat\/dijousdelletresimots\/"},{"@type":"ListItem","position":2,"name":"Fem un homenatge a Vicent Andr\u00e9s Estell\u00e9s"}]},{"@type":"WebSite","@id":"https:\/\/biblioteca.blanes.cat\/dijousdelletresimots\/#website","url":"https:\/\/biblioteca.blanes.cat\/dijousdelletresimots\/","name":"Dijous de Lletres i Mots","description":"","potentialAction":[{"@type":"SearchAction","target":{"@type":"EntryPoint","urlTemplate":"https:\/\/biblioteca.blanes.cat\/dijousdelletresimots\/?s={search_term_string}"},"query-input":{"@type":"PropertyValueSpecification","valueRequired":true,"valueName":"search_term_string"}}],"inLanguage":"ca"},{"@type":"Person","@id":"https:\/\/biblioteca.blanes.cat\/dijousdelletresimots\/#\/schema\/person\/5a7b46760d9dd611d098bbf571a341dc","name":"biblioblanes","image":{"@type":"ImageObject","inLanguage":"ca","@id":"https:\/\/secure.gravatar.com\/avatar\/6593ca6cc90e5a70939f51c95e8315483b9c281bafba597292bee47992030f99?s=96&d=mm&r=g","url":"https:\/\/secure.gravatar.com\/avatar\/6593ca6cc90e5a70939f51c95e8315483b9c281bafba597292bee47992030f99?s=96&d=mm&r=g","contentUrl":"https:\/\/secure.gravatar.com\/avatar\/6593ca6cc90e5a70939f51c95e8315483b9c281bafba597292bee47992030f99?s=96&d=mm&r=g","caption":"biblioblanes"},"sameAs":["http:\/\/www.bibgirona.cat\/biblioteca\/blanes","https:\/\/x.com\/biblioblanes"],"url":"https:\/\/biblioteca.blanes.cat\/dijousdelletresimots\/author\/biblioblanes\/"}]}},"_links":{"self":[{"href":"https:\/\/biblioteca.blanes.cat\/dijousdelletresimots\/wp-json\/wp\/v2\/posts\/704","targetHints":{"allow":["GET"]}}],"collection":[{"href":"https:\/\/biblioteca.blanes.cat\/dijousdelletresimots\/wp-json\/wp\/v2\/posts"}],"about":[{"href":"https:\/\/biblioteca.blanes.cat\/dijousdelletresimots\/wp-json\/wp\/v2\/types\/post"}],"author":[{"embeddable":true,"href":"https:\/\/biblioteca.blanes.cat\/dijousdelletresimots\/wp-json\/wp\/v2\/users\/4"}],"replies":[{"embeddable":true,"href":"https:\/\/biblioteca.blanes.cat\/dijousdelletresimots\/wp-json\/wp\/v2\/comments?post=704"}],"version-history":[{"count":1,"href":"https:\/\/biblioteca.blanes.cat\/dijousdelletresimots\/wp-json\/wp\/v2\/posts\/704\/revisions"}],"predecessor-version":[{"id":706,"href":"https:\/\/biblioteca.blanes.cat\/dijousdelletresimots\/wp-json\/wp\/v2\/posts\/704\/revisions\/706"}],"wp:attachment":[{"href":"https:\/\/biblioteca.blanes.cat\/dijousdelletresimots\/wp-json\/wp\/v2\/media?parent=704"}],"wp:term":[{"taxonomy":"category","embeddable":true,"href":"https:\/\/biblioteca.blanes.cat\/dijousdelletresimots\/wp-json\/wp\/v2\/categories?post=704"},{"taxonomy":"post_tag","embeddable":true,"href":"https:\/\/biblioteca.blanes.cat\/dijousdelletresimots\/wp-json\/wp\/v2\/tags?post=704"}],"curies":[{"name":"wp","href":"https:\/\/api.w.org\/{rel}","templated":true}]}}