{"id":359,"date":"2023-04-25T15:16:12","date_gmt":"2023-04-25T14:16:12","guid":{"rendered":"https:\/\/biblioteca.blanes.cat\/dijousdelletresimots\/?p=359"},"modified":"2023-04-26T14:26:47","modified_gmt":"2023-04-26T13:26:47","slug":"la-llibretera-de-paris-de-kerri-maher","status":"publish","type":"post","link":"https:\/\/biblioteca.blanes.cat\/dijousdelletresimots\/la-llibretera-de-paris-de-kerri-maher\/","title":{"rendered":"La llibretera de Par\u00eds, de Kerri Maher"},"content":{"rendered":"\n<p>Aquest llibre m\u2019ha encantat. \u00c9s una novel\u00b7la hist\u00f2rica,basada en fets reals, on l\u2019autora tracta els personatges, fent-ne ficci\u00f3, per\u00f2 la sensaci\u00f3 en llegir-lo no \u00e9s de ficci\u00f3 sin\u00f3 de realitat.<\/p>\n\n\n\n<p>Se situa a Par\u00eds, entre 1917 i 1936, i va passant pels esdeveniments hist\u00f2rics mundials, com la guerra, el sufragi femen\u00ed, etc.<\/p>\n\n\n\n<p><em>Subjectivament<\/em>, em vaig enamorar d\u2019aquesta novel\u00b7la i la vaig llegir amb molt de plaer.<\/p>\n\n\n\n<p><em>Objectivament<\/em>, hi vaig trobar massa ingredients \u00abper enamorar a les persones com jo\u00bb. Com si l\u2019autora hagu\u00e9s volgut atrapar-me a mi, com a mit\u00f2mana dels llibres, i a les persones com jo.<\/p>\n\n\n\n<p>Com si hagu\u00e9s estat cuinant una recepta de pastisseria, on, si els ingredients estan ben calculats i mil\u00b7limetrats, no hi ha opci\u00f3 que res surti malament. En soc ben conscient.<\/p>\n\n\n\n<p>Malgrat aquesta ambival\u00e8ncia, m\u2019ho vaig passar tan b\u00e9 llegint-lo, com quan vaig veure aquella pel\u00b7l\u00edcula de Woody Allen: \u00abMidnight in Paris\u00bb, on vaig sentir el mateix (que m\u2019estaven \u00abcomprant\u00bb amb el caramel dels meus mites, per\u00f2 que jo em deixava comprar de bon grat). Per aix\u00f2 el vaig recomanar.<\/p>\n\n\n\n<p>Tornant al llibre:<\/p>\n\n\n\n<p>La protagonista \u00e9s la Sylvia Beach, americana, per\u00f2 se\u2019n va a viure a Par\u00eds. All\u00e0 es quedar\u00e0 tota la seva vida i comen\u00e7ar\u00e0 l\u2019 aventura d\u2019obrir la Shakespeare and Company, una llibreria, que, tot i que no \u00e9s a la mateixa ubicaci\u00f3, es pot visitar i exerceix una fascinaci\u00f3 mit\u00f2mana en els amants dels llibres,com jo mateixa, que quan vaig a Par\u00eds, visito la llibreria, convertida, ja des de fa temps, en un dels objectius tur\u00edstics per excel\u00b7l\u00e8ncia.<\/p>\n\n\n\n<p>S\u00ed,s\u00ed: soc conscient de tot aix\u00f2, per\u00f2 jo hi vaig. Cada vegada. Tot i sabent que la llibreria actual no \u00e9s l\u2019original.<\/p>\n\n\n\n<p>Sylvia Beach s\u2019enamora d\u2019Adrienne Monnier, la propiet\u00e0ria de la llibreria \u00abLa maison des amis des livres\u00bb i comen\u00e7a una vida d\u2019intel\u00b7lectualitat, molt atractiva, on un dels seus objectius ser\u00e0 la publicaci\u00f3 de l\u2019Ulisses, de James Joyce. Aquest fet va fer que sempre estigu\u00e9s envoltada d\u2019intel\u00b7lectuals, uns m\u00e9s amables que altres, que l\u2019autora ens presenta com ella creu que eren, <em>o com vol que els lectors creguem que eren<\/em>, amb gran domini de la ploma.<\/p>\n\n\n\n<p>Potser una mica massa ensucrat, tot plegat, per\u00f2, com he dit, ho accepto de bon grat, perqu\u00e8 en soc conscient i em deixo arrossegar pel sucre i me\u2019l cruspeixo.<\/p>\n\n\n\n<p><\/p>\n\n\n\n<p>Montse Medalla<\/p>\n\n\n\n<p><\/p>\n\n\n\n<p>LA LLIBRETERA DE PAR\u00cdS de KERRI MAHER.<\/p>\n\n\n\n<p>Quan estava a punt d\u2019acabar la lectura d\u2019aquest llibre vaig pensar que podien passar dues coses: que al final m\u2019agrad\u00e9s molt o que em provoqu\u00e9s una gran decepci\u00f3. I per aix\u00f2 em vaig voler esperar a pair la ingesta liter\u00e0ria abans de formar-me\u2019n una opini\u00f3.<\/p>\n\n\n\n<p>I el que puc dir, ara que ja l\u2019he llegit i he tingut prou temps per a pensar-hi, \u00e9s que <em>La llibretera de Par\u00eds<\/em> no m\u2019ha decebut gens. Diria, fins i tot, que m\u2019ha agradat una mica m\u00e9s del que m\u2019esperava. No \u00e9s f\u00e0cil explicar hist\u00f2ries sobre llibres i llibreters, llibreries i biblioteques i escriptors i bibliotecaris, i agradar als lectors, que en moltes ocasions s\u00f3n tamb\u00e9 llibreters, escriptors i\/o bibliotecaris o, si m\u00e9s no, gent que passa molt de temps en llibreries i biblioteques i, per tant, les coneixen b\u00e9. Per\u00f2 aquest llibre ens transporta a un m\u00f3n que \u00e9s una mena \u201cd\u2019origen de tot plegat\u201d que molts ignor\u00e0vem i, en conseq\u00fc\u00e8ncia, fa una tasca d\u2019homenatge i de recuperaci\u00f3 de la mem\u00f2ria que, a banda de ser molt \u00fatil i necess\u00e0ria, ens entusiasma.<\/p>\n\n\n\n<p>Perqu\u00e8 \u00e9s bonic constatar com una dona que ho tenia tot en contra, va trobar en l\u2019amor pels llibres i la literatura el coratge per tirar endavant una empresa dif\u00edcil (una llibreria anglesa a Par\u00eds!) en temps de recessi\u00f3 i de censura, i tamb\u00e9 per editar una obra dif\u00edcil i prohibida (l\u2019Ulisses de Joyce!) des de la m\u00e9s absoluta inexperi\u00e8ncia. Al final, el final que dic que m\u2019agrada perqu\u00e8 arrodoneix la novel\u00b7la, se\u2019ns explica que ella tenia l\u2019ambici\u00f3 de ser pionera i \u00fanica en dos projectes que ja intu\u00efa que serien molt importants en la hist\u00f2ria de l\u2019art.<\/p>\n\n\n\n<p>Per\u00f2 jo penso que la intel\u00b7lig\u00e8ncia, l\u2019ast\u00facia i l\u2019ambici\u00f3 de la Sylvia Beach no acaba aqu\u00ed, i el m\u00e8rit de la novel\u00b7la \u00e9s mostrar-nos-ho de forma velada, gaireb\u00e9 com un tema de rerefons. Aquests projectes, la Shakespeare &amp; Co i l\u2019Ulisses, no eren altra cosa que el reflex d\u2019una reivindicaci\u00f3 m\u00e9s important, un clam, un crit que no hauria d\u2019\u00e9sser mai m\u00e9s ofegat:&nbsp; la de ser pionera i \u00fanica en una forma d\u2019entendre la vida; la d\u2019una dona que no reprimeix sota cap concepte el seu dret a la llibertat.<\/p>\n\n\n\n<p>Mentre llegia alguns par\u00e0grafs del llibre pensava: quina sort, la de la Sylvia Beach, d\u2019haver conegut en Joyce i l\u2019Ezra Pound, en Hemingway i l\u2019Eliot. Per\u00f2 ara que l\u2019he acabat, penso: quina sort, la de tots aquests escriptors que van arribar a con\u00e8ixer la Sylvia Beach.<\/p>\n\n\n\n<p>A Blanes, el 8 d\u2019abril de 2023.<\/p>\n\n\n\n<p>Elisabet Moreno<\/p>\n","protected":false},"excerpt":{"rendered":"<p>Aquest llibre m\u2019ha encantat. \u00c9s una novel\u00b7la hist\u00f2rica,basada en fets reals, on l\u2019autora tracta els personatges, fent-ne ficci\u00f3, per\u00f2 la sensaci\u00f3 en llegir-lo no \u00e9s de ficci\u00f3 sin\u00f3 de realitat. Se situa a Par\u00eds, entre 1917 i 1936, i va<\/p>\n","protected":false},"author":4,"featured_media":0,"comment_status":"open","ping_status":"open","sticky":false,"template":"","format":"standard","meta":{"sfsi_plus_gutenberg_text_before_share":"","sfsi_plus_gutenberg_show_text_before_share":"","sfsi_plus_gutenberg_icon_type":"","sfsi_plus_gutenberg_icon_alignemt":"","sfsi_plus_gutenburg_max_per_row":"","footnotes":""},"categories":[8],"tags":[],"class_list":["post-359","post","type-post","status-publish","format-standard","hentry","category-comentaris-dels-lectors"],"yoast_head":"<!-- This site is optimized with the Yoast SEO plugin v27.5 - https:\/\/yoast.com\/product\/yoast-seo-wordpress\/ -->\n<title>La llibretera de Par\u00eds, de Kerri Maher - Dijous de Lletres i Mots<\/title>\n<meta name=\"robots\" content=\"index, follow, max-snippet:-1, max-image-preview:large, max-video-preview:-1\" \/>\n<link rel=\"canonical\" href=\"https:\/\/biblioteca.blanes.cat\/dijousdelletresimots\/la-llibretera-de-paris-de-kerri-maher\/\" \/>\n<meta property=\"og:locale\" content=\"ca_ES\" \/>\n<meta property=\"og:type\" content=\"article\" \/>\n<meta property=\"og:title\" content=\"La llibretera de Par\u00eds, de Kerri Maher - Dijous de Lletres i Mots\" \/>\n<meta property=\"og:description\" content=\"Aquest llibre m\u2019ha encantat. \u00c9s una novel\u00b7la hist\u00f2rica,basada en fets reals, on l\u2019autora tracta els personatges, fent-ne ficci\u00f3, per\u00f2 la sensaci\u00f3 en llegir-lo no \u00e9s de ficci\u00f3 sin\u00f3 de realitat. Se situa a Par\u00eds, entre 1917 i 1936, i va\" \/>\n<meta property=\"og:url\" content=\"https:\/\/biblioteca.blanes.cat\/dijousdelletresimots\/la-llibretera-de-paris-de-kerri-maher\/\" \/>\n<meta property=\"og:site_name\" content=\"Dijous de Lletres i Mots\" \/>\n<meta property=\"article:published_time\" content=\"2023-04-25T14:16:12+00:00\" \/>\n<meta property=\"article:modified_time\" content=\"2023-04-26T13:26:47+00:00\" \/>\n<meta name=\"author\" content=\"biblioblanes\" \/>\n<meta name=\"twitter:card\" content=\"summary_large_image\" \/>\n<meta name=\"twitter:creator\" content=\"@biblioblanes\" \/>\n<meta name=\"twitter:label1\" content=\"Escrit per\" \/>\n\t<meta name=\"twitter:data1\" content=\"biblioblanes\" \/>\n\t<meta name=\"twitter:label2\" content=\"Temps estimat de lectura\" \/>\n\t<meta name=\"twitter:data2\" content=\"4 minuts\" \/>\n<script type=\"application\/ld+json\" class=\"yoast-schema-graph\">{\"@context\":\"https:\\\/\\\/schema.org\",\"@graph\":[{\"@type\":\"Article\",\"@id\":\"https:\\\/\\\/biblioteca.blanes.cat\\\/dijousdelletresimots\\\/la-llibretera-de-paris-de-kerri-maher\\\/#article\",\"isPartOf\":{\"@id\":\"https:\\\/\\\/biblioteca.blanes.cat\\\/dijousdelletresimots\\\/la-llibretera-de-paris-de-kerri-maher\\\/\"},\"author\":{\"name\":\"biblioblanes\",\"@id\":\"https:\\\/\\\/biblioteca.blanes.cat\\\/dijousdelletresimots\\\/#\\\/schema\\\/person\\\/5a7b46760d9dd611d098bbf571a341dc\"},\"headline\":\"La llibretera de Par\u00eds, de Kerri Maher\",\"datePublished\":\"2023-04-25T14:16:12+00:00\",\"dateModified\":\"2023-04-26T13:26:47+00:00\",\"mainEntityOfPage\":{\"@id\":\"https:\\\/\\\/biblioteca.blanes.cat\\\/dijousdelletresimots\\\/la-llibretera-de-paris-de-kerri-maher\\\/\"},\"wordCount\":924,\"commentCount\":0,\"articleSection\":[\"Comentaris dels lectors\"],\"inLanguage\":\"ca\",\"potentialAction\":[{\"@type\":\"CommentAction\",\"name\":\"Comment\",\"target\":[\"https:\\\/\\\/biblioteca.blanes.cat\\\/dijousdelletresimots\\\/la-llibretera-de-paris-de-kerri-maher\\\/#respond\"]}]},{\"@type\":\"WebPage\",\"@id\":\"https:\\\/\\\/biblioteca.blanes.cat\\\/dijousdelletresimots\\\/la-llibretera-de-paris-de-kerri-maher\\\/\",\"url\":\"https:\\\/\\\/biblioteca.blanes.cat\\\/dijousdelletresimots\\\/la-llibretera-de-paris-de-kerri-maher\\\/\",\"name\":\"La llibretera de Par\u00eds, de Kerri Maher - Dijous de Lletres i Mots\",\"isPartOf\":{\"@id\":\"https:\\\/\\\/biblioteca.blanes.cat\\\/dijousdelletresimots\\\/#website\"},\"datePublished\":\"2023-04-25T14:16:12+00:00\",\"dateModified\":\"2023-04-26T13:26:47+00:00\",\"author\":{\"@id\":\"https:\\\/\\\/biblioteca.blanes.cat\\\/dijousdelletresimots\\\/#\\\/schema\\\/person\\\/5a7b46760d9dd611d098bbf571a341dc\"},\"breadcrumb\":{\"@id\":\"https:\\\/\\\/biblioteca.blanes.cat\\\/dijousdelletresimots\\\/la-llibretera-de-paris-de-kerri-maher\\\/#breadcrumb\"},\"inLanguage\":\"ca\",\"potentialAction\":[{\"@type\":\"ReadAction\",\"target\":[\"https:\\\/\\\/biblioteca.blanes.cat\\\/dijousdelletresimots\\\/la-llibretera-de-paris-de-kerri-maher\\\/\"]}]},{\"@type\":\"BreadcrumbList\",\"@id\":\"https:\\\/\\\/biblioteca.blanes.cat\\\/dijousdelletresimots\\\/la-llibretera-de-paris-de-kerri-maher\\\/#breadcrumb\",\"itemListElement\":[{\"@type\":\"ListItem\",\"position\":1,\"name\":\"Inici\",\"item\":\"https:\\\/\\\/biblioteca.blanes.cat\\\/dijousdelletresimots\\\/\"},{\"@type\":\"ListItem\",\"position\":2,\"name\":\"La llibretera de Par\u00eds, de Kerri Maher\"}]},{\"@type\":\"WebSite\",\"@id\":\"https:\\\/\\\/biblioteca.blanes.cat\\\/dijousdelletresimots\\\/#website\",\"url\":\"https:\\\/\\\/biblioteca.blanes.cat\\\/dijousdelletresimots\\\/\",\"name\":\"Dijous de Lletres i Mots\",\"description\":\"\",\"potentialAction\":[{\"@type\":\"SearchAction\",\"target\":{\"@type\":\"EntryPoint\",\"urlTemplate\":\"https:\\\/\\\/biblioteca.blanes.cat\\\/dijousdelletresimots\\\/?s={search_term_string}\"},\"query-input\":{\"@type\":\"PropertyValueSpecification\",\"valueRequired\":true,\"valueName\":\"search_term_string\"}}],\"inLanguage\":\"ca\"},{\"@type\":\"Person\",\"@id\":\"https:\\\/\\\/biblioteca.blanes.cat\\\/dijousdelletresimots\\\/#\\\/schema\\\/person\\\/5a7b46760d9dd611d098bbf571a341dc\",\"name\":\"biblioblanes\",\"image\":{\"@type\":\"ImageObject\",\"inLanguage\":\"ca\",\"@id\":\"https:\\\/\\\/secure.gravatar.com\\\/avatar\\\/6593ca6cc90e5a70939f51c95e8315483b9c281bafba597292bee47992030f99?s=96&d=mm&r=g\",\"url\":\"https:\\\/\\\/secure.gravatar.com\\\/avatar\\\/6593ca6cc90e5a70939f51c95e8315483b9c281bafba597292bee47992030f99?s=96&d=mm&r=g\",\"contentUrl\":\"https:\\\/\\\/secure.gravatar.com\\\/avatar\\\/6593ca6cc90e5a70939f51c95e8315483b9c281bafba597292bee47992030f99?s=96&d=mm&r=g\",\"caption\":\"biblioblanes\"},\"sameAs\":[\"http:\\\/\\\/www.bibgirona.cat\\\/biblioteca\\\/blanes\",\"https:\\\/\\\/x.com\\\/biblioblanes\"],\"url\":\"https:\\\/\\\/biblioteca.blanes.cat\\\/dijousdelletresimots\\\/author\\\/biblioblanes\\\/\"}]}<\/script>\n<!-- \/ Yoast SEO plugin. -->","yoast_head_json":{"title":"La llibretera de Par\u00eds, de Kerri Maher - Dijous de Lletres i Mots","robots":{"index":"index","follow":"follow","max-snippet":"max-snippet:-1","max-image-preview":"max-image-preview:large","max-video-preview":"max-video-preview:-1"},"canonical":"https:\/\/biblioteca.blanes.cat\/dijousdelletresimots\/la-llibretera-de-paris-de-kerri-maher\/","og_locale":"ca_ES","og_type":"article","og_title":"La llibretera de Par\u00eds, de Kerri Maher - Dijous de Lletres i Mots","og_description":"Aquest llibre m\u2019ha encantat. \u00c9s una novel\u00b7la hist\u00f2rica,basada en fets reals, on l\u2019autora tracta els personatges, fent-ne ficci\u00f3, per\u00f2 la sensaci\u00f3 en llegir-lo no \u00e9s de ficci\u00f3 sin\u00f3 de realitat. Se situa a Par\u00eds, entre 1917 i 1936, i va","og_url":"https:\/\/biblioteca.blanes.cat\/dijousdelletresimots\/la-llibretera-de-paris-de-kerri-maher\/","og_site_name":"Dijous de Lletres i Mots","article_published_time":"2023-04-25T14:16:12+00:00","article_modified_time":"2023-04-26T13:26:47+00:00","author":"biblioblanes","twitter_card":"summary_large_image","twitter_creator":"@biblioblanes","twitter_misc":{"Escrit per":"biblioblanes","Temps estimat de lectura":"4 minuts"},"schema":{"@context":"https:\/\/schema.org","@graph":[{"@type":"Article","@id":"https:\/\/biblioteca.blanes.cat\/dijousdelletresimots\/la-llibretera-de-paris-de-kerri-maher\/#article","isPartOf":{"@id":"https:\/\/biblioteca.blanes.cat\/dijousdelletresimots\/la-llibretera-de-paris-de-kerri-maher\/"},"author":{"name":"biblioblanes","@id":"https:\/\/biblioteca.blanes.cat\/dijousdelletresimots\/#\/schema\/person\/5a7b46760d9dd611d098bbf571a341dc"},"headline":"La llibretera de Par\u00eds, de Kerri Maher","datePublished":"2023-04-25T14:16:12+00:00","dateModified":"2023-04-26T13:26:47+00:00","mainEntityOfPage":{"@id":"https:\/\/biblioteca.blanes.cat\/dijousdelletresimots\/la-llibretera-de-paris-de-kerri-maher\/"},"wordCount":924,"commentCount":0,"articleSection":["Comentaris dels lectors"],"inLanguage":"ca","potentialAction":[{"@type":"CommentAction","name":"Comment","target":["https:\/\/biblioteca.blanes.cat\/dijousdelletresimots\/la-llibretera-de-paris-de-kerri-maher\/#respond"]}]},{"@type":"WebPage","@id":"https:\/\/biblioteca.blanes.cat\/dijousdelletresimots\/la-llibretera-de-paris-de-kerri-maher\/","url":"https:\/\/biblioteca.blanes.cat\/dijousdelletresimots\/la-llibretera-de-paris-de-kerri-maher\/","name":"La llibretera de Par\u00eds, de Kerri Maher - Dijous de Lletres i Mots","isPartOf":{"@id":"https:\/\/biblioteca.blanes.cat\/dijousdelletresimots\/#website"},"datePublished":"2023-04-25T14:16:12+00:00","dateModified":"2023-04-26T13:26:47+00:00","author":{"@id":"https:\/\/biblioteca.blanes.cat\/dijousdelletresimots\/#\/schema\/person\/5a7b46760d9dd611d098bbf571a341dc"},"breadcrumb":{"@id":"https:\/\/biblioteca.blanes.cat\/dijousdelletresimots\/la-llibretera-de-paris-de-kerri-maher\/#breadcrumb"},"inLanguage":"ca","potentialAction":[{"@type":"ReadAction","target":["https:\/\/biblioteca.blanes.cat\/dijousdelletresimots\/la-llibretera-de-paris-de-kerri-maher\/"]}]},{"@type":"BreadcrumbList","@id":"https:\/\/biblioteca.blanes.cat\/dijousdelletresimots\/la-llibretera-de-paris-de-kerri-maher\/#breadcrumb","itemListElement":[{"@type":"ListItem","position":1,"name":"Inici","item":"https:\/\/biblioteca.blanes.cat\/dijousdelletresimots\/"},{"@type":"ListItem","position":2,"name":"La llibretera de Par\u00eds, de Kerri Maher"}]},{"@type":"WebSite","@id":"https:\/\/biblioteca.blanes.cat\/dijousdelletresimots\/#website","url":"https:\/\/biblioteca.blanes.cat\/dijousdelletresimots\/","name":"Dijous de Lletres i Mots","description":"","potentialAction":[{"@type":"SearchAction","target":{"@type":"EntryPoint","urlTemplate":"https:\/\/biblioteca.blanes.cat\/dijousdelletresimots\/?s={search_term_string}"},"query-input":{"@type":"PropertyValueSpecification","valueRequired":true,"valueName":"search_term_string"}}],"inLanguage":"ca"},{"@type":"Person","@id":"https:\/\/biblioteca.blanes.cat\/dijousdelletresimots\/#\/schema\/person\/5a7b46760d9dd611d098bbf571a341dc","name":"biblioblanes","image":{"@type":"ImageObject","inLanguage":"ca","@id":"https:\/\/secure.gravatar.com\/avatar\/6593ca6cc90e5a70939f51c95e8315483b9c281bafba597292bee47992030f99?s=96&d=mm&r=g","url":"https:\/\/secure.gravatar.com\/avatar\/6593ca6cc90e5a70939f51c95e8315483b9c281bafba597292bee47992030f99?s=96&d=mm&r=g","contentUrl":"https:\/\/secure.gravatar.com\/avatar\/6593ca6cc90e5a70939f51c95e8315483b9c281bafba597292bee47992030f99?s=96&d=mm&r=g","caption":"biblioblanes"},"sameAs":["http:\/\/www.bibgirona.cat\/biblioteca\/blanes","https:\/\/x.com\/biblioblanes"],"url":"https:\/\/biblioteca.blanes.cat\/dijousdelletresimots\/author\/biblioblanes\/"}]}},"_links":{"self":[{"href":"https:\/\/biblioteca.blanes.cat\/dijousdelletresimots\/wp-json\/wp\/v2\/posts\/359","targetHints":{"allow":["GET"]}}],"collection":[{"href":"https:\/\/biblioteca.blanes.cat\/dijousdelletresimots\/wp-json\/wp\/v2\/posts"}],"about":[{"href":"https:\/\/biblioteca.blanes.cat\/dijousdelletresimots\/wp-json\/wp\/v2\/types\/post"}],"author":[{"embeddable":true,"href":"https:\/\/biblioteca.blanes.cat\/dijousdelletresimots\/wp-json\/wp\/v2\/users\/4"}],"replies":[{"embeddable":true,"href":"https:\/\/biblioteca.blanes.cat\/dijousdelletresimots\/wp-json\/wp\/v2\/comments?post=359"}],"version-history":[{"count":2,"href":"https:\/\/biblioteca.blanes.cat\/dijousdelletresimots\/wp-json\/wp\/v2\/posts\/359\/revisions"}],"predecessor-version":[{"id":362,"href":"https:\/\/biblioteca.blanes.cat\/dijousdelletresimots\/wp-json\/wp\/v2\/posts\/359\/revisions\/362"}],"wp:attachment":[{"href":"https:\/\/biblioteca.blanes.cat\/dijousdelletresimots\/wp-json\/wp\/v2\/media?parent=359"}],"wp:term":[{"taxonomy":"category","embeddable":true,"href":"https:\/\/biblioteca.blanes.cat\/dijousdelletresimots\/wp-json\/wp\/v2\/categories?post=359"},{"taxonomy":"post_tag","embeddable":true,"href":"https:\/\/biblioteca.blanes.cat\/dijousdelletresimots\/wp-json\/wp\/v2\/tags?post=359"}],"curies":[{"name":"wp","href":"https:\/\/api.w.org\/{rel}","templated":true}]}}